{"id":37139,"date":"2023-05-31T15:44:00","date_gmt":"2023-05-31T13:44:00","guid":{"rendered":"http:\/\/just-now.news\/de\/deutschland\/urteil-im-fall-lina-e-5-jahre-und-3-monate-haft-die-linksautonome-szene-kuendigt-reaktionen-an\/"},"modified":"2023-05-31T15:44:00","modified_gmt":"2023-05-31T13:44:00","slug":"urteil-im-fall-lina-e-5-jahre-und-3-monate-haft-die-linksautonome-szene-kuendigt-reaktionen-an","status":"publish","type":"post","link":"https:\/\/now-news.de\/de\/deutschland\/urteil-im-fall-lina-e-5-jahre-und-3-monate-haft-die-linksautonome-szene-kuendigt-reaktionen-an\/","title":{"rendered":"Urteil im Fall Lina E.: 5 Jahre und 3 Monate Haft \u2013 Die linksautonome Szene k\u00fcndigt Reaktionen an"},"content":{"rendered":"<p><img decoding=\"async\" src=\"http:\/\/just-now.news\/de\/wp-content\/uploads\/sites\/3\/2023\/05\/64770e6b48fbef6e914930dd.jpg\" \/><\/p>\n<div class=\"Text-root Text-type_1 \">\n                Der Leipziger Angeklagten und drei weiteren Mitangeklagten der autonomen Szene wurden lebensgef\u00e4hrliche Angriffe auf rechte Gegner vorgeworfen. Die Urteile bleiben unter den Forderungen der Staatsanwaltschaft. Die f\u00fcr Samstag in Leipzig angek\u00fcndigte Gro\u00dfdemo zum &#8220;Tag X&#8221; soll wohl verboten werden. Ein Konzert mit Herbert Gr\u00f6nemeyer wird stattfinden.\n            <\/div>\n<p><\/p>\n<div class=\"Text-root Text-type_5 ArticleView-text ViewText-root \">\n<p>Das Oberlandesgericht Dresden verurteilte die 28-j\u00e4hrige Lina E. nach ann\u00e4hernd einhundert Verhandlungstagen unter anderem wegen ihrer Mitgliedschaft in einer kriminellen Vereinigung zu einer Freiheitsstrafe von f\u00fcnf Jahren und drei Monaten. Ihre Mitangeklagten,\u00a0drei junge Autonome aus Berlin und Leipzig, erhielten unterschiedlich hohe Haftstrafen von zwei Jahren und f\u00fcnf Monaten bis zu drei Jahren und drei Monaten, ebenfalls wegen deren Mitgliedschaft beziehungsweise Unterst\u00fctzung einer kriminellen Vereinigung.<\/p>\n<p>Das abschlie\u00dfende Urteil gegen Lina E. bleibt damit unter der Forderung der Bundesanwaltschaft, die f\u00fcr die Linksextremistin acht Jahre Freiheitsstrafe gefordert hatte. Die Bundesanwaltschaft warf allen Angeklagten die Bildung einer kriminellen Vereinigung und sechs schwere Angriffe auf Rechtsextreme vor, ver\u00fcbt zwischen 2018 und 2020 in Leipzig, Wurzen und Eisenach. Die gesamte Liste der Tatvorw\u00fcrfe gegen\u00fcber Lina E. <a rel=\"nofollow noopener\" target=\"_blank\" href=\"https:\/\/www.l-iz.de\/politik\/brennpunkt\/2023\/05\/liveticker-urteil-lina-e-536895\">lautet<\/a>: Beihilfe zur gef\u00e4hrlichen K\u00f6rperverletzung, besonders schwerer Landfriedensbruch, r\u00e4uberischer Diebstahl, Sachbesch\u00e4digung, Urkundenf\u00e4lschung und Mitgliedschaft in einer kriminellen Vereinigung. Die <em>Tagesschau<\/em> bezeichnet die Verurteilte in einem <a rel=\"nofollow noopener\" target=\"_blank\" href=\"https:\/\/www.tagesschau.de\/investigativ\/mdr\/linksextremismus-lina-e-102.html\">Online-Beitrag<\/a> als &#8220;eine linke Symbolfigur&#8221;. Die <em>Frankfurter Rundschau<\/em><a rel=\"nofollow noopener\" target=\"_blank\" href=\"https:\/\/www.fr.de\/politik\/lina-e-prozess-urteil-verkuendung-prozess-demo-leipzig-dresden-kassel-linksextremismus-antifa-faeser-zr-92312816.html\"> titelte<\/a> zum Urteil: &#8220;Urteil gegen Neonazij\u00e4gerin: Lina E. muss f\u00fcnf Jahre in Haft&#8221;.<\/p>\n<p>Die Hauptangeklagte sa\u00df seit November 2020 in Untersuchungshaft. Die drei anderen Beschuldigten waren auf freiem Fu\u00df. Laut der <em>Bild<\/em>-Zeitung <a rel=\"nofollow noopener\" target=\"_blank\" href=\"https:\/\/www.bild.de\/regional\/dresden\/dresden-aktuell\/lina-e-urteil-hohe-haftstrafen-fuer-linksextreme-aus-leipzig-84078566.bild.html\">riefen<\/a> bei der Urteilsverk\u00fcndung anwesende Prozessbeobachter und Unterst\u00fctzer von Lina E. danach im Gerichtssaal: &#8220;Fascho-Freunde&#8221;, &#8220;Schweine-System&#8221; sowie &#8220;Feuer und Flamme der Repressionen&#8221;.\u00a0Der <em>ZDF<\/em>-Reporter Thomas B\u00e4rsch <a rel=\"nofollow noopener\" target=\"_blank\" href=\"https:\/\/www.zdf.de\/nachrichten\/panorama\/linksextremist-lina-e-urteil-oberlandesgericht-dresden-100.html\">nimmt<\/a> in einem Beitrag \u00fcber den Prozess auf eine Einsch\u00e4tzung der Verteidiger der Angeklagten Bezug:<\/p>\n<blockquote>\n<p><em>&#8220;Dazu f\u00fchren sie an, dass die Aussagen der Zeugen ja auch unglaubw\u00fcrdig sein k\u00f6nnten, denn es sind ja gr\u00f6\u00dftenteils\u00a0rechtsextreme Neonazis\u00a0gewesen, die durch ihr Aussageverhalten der Angeklagten auch m\u00f6glichst hohen Schaden zuf\u00fcgen wollten.&#8221;<\/em><\/p>\n<\/blockquote>\n<div class=\"EmbedBlock-root EmbedBlock-twitter\">\n<div class=\"TwitterEmbed\">\n<blockquote class=\"twitter-tweet lazyload\" data-twitter=\"twitter-tweet\">\n<p lang=\"zxx\" dir=\"ltr\"><a rel=\"nofollow noopener\" target=\"_blank\" href=\"https:\/\/t.co\/vwIvfl62h3\">pic.twitter.com\/vwIvfl62h3<\/a><\/p>\n<p>\u2014 Argo Nerd (@argonerd) <a rel=\"nofollow noopener\" target=\"_blank\" href=\"https:\/\/twitter.com\/argonerd\/status\/1663894819641643011?ref_src=twsrc%5Etfw\">May 31, 2023<\/a><\/p><\/blockquote>\n<\/div>\n<\/div>\n<p>Ein Vertreter der Partei Die Linke, selbst Pr\u00e4sidiumsmitglied des Abgeordnetenhauses von Berlin und zugleich stellvertretendes Mitglied seiner Partei im Ausschuss f\u00fcr Verfassungsschutz, kommentierte den Urteilsspruch auf Twitter so:<\/p>\n<blockquote>\n<p><em>&#8220;Solidarit\u00e4t mit Lina E. Wer sich gegen Nazis organisiert ist nicht kriminell sondern wird kriminalisiert! Das zeigt erneut, wie wenig Deutschland aus der eigenen Geschichte gelernt hat. Gegen die Kriminalisierung von Antifaschismus.&#8221;<\/em><\/p>\n<\/blockquote>\n<div class=\"EmbedBlock-root EmbedBlock-twitter\">\n<div class=\"TwitterEmbed\">\n<blockquote class=\"twitter-tweet lazyload\" data-twitter=\"twitter-tweet\">\n<p lang=\"de\" dir=\"ltr\">Solidarit\u00e4t mit <a rel=\"nofollow noopener\" target=\"_blank\" href=\"https:\/\/twitter.com\/hashtag\/LinaE?src=hash&amp;ref_src=twsrc%5Etfw\">#LinaE<\/a> Wer sich gegen Nazis organisiert ist nicht kriminell sondern wird kriminalisiert! Das zeigt erneut, wie wenig Deutschland aus der eigenen Geschichte gelernt hat. Gegen die Kriminalisierung von Antifaschismus. <a rel=\"nofollow noopener\" target=\"_blank\" href=\"https:\/\/t.co\/InxNlDLt7v\">https:\/\/t.co\/InxNlDLt7v<\/a><\/p>\n<p>\u2014 Ferat Ko\u00e7ak (@der_neukoellner) <a rel=\"nofollow noopener\" target=\"_blank\" href=\"https:\/\/twitter.com\/der_neukoellner\/status\/1663806248435830784?ref_src=twsrc%5Etfw\">May 31, 2023<\/a><\/p><\/blockquote>\n<\/div>\n<\/div>\n<p>Im linken Spektrum Deutschlands wurden als Reaktion auf das f\u00fcr heute erwartete Urteil bereits im Vorfeld Demonstrationen im gesamten Bundesgebiet <a rel=\"nofollow noopener\" target=\"_blank\" href=\"https:\/\/twitter.com\/DokumentationL\/status\/1663822787297910784\">angek\u00fcndigt<\/a>, so unter anderem in Dresden, Leipzig, Berlin, Hamburg, Bremen, Bielefeld, Stuttgart und K\u00f6ln. Die <em>Leipziger Zeitung<\/em> wusste zu <a rel=\"nofollow noopener\" target=\"_blank\" href=\"https:\/\/www.l-iz.de\/politik\/brennpunkt\/2023\/05\/liveticker-urteil-lina-e-536895\">berichten<\/a>, dass die f\u00fcr Sonnabend von der Unterst\u00fctzer-Szene angemeldete &#8220;Tag X&#8221;-Gro\u00dfdemonstration in Leipzig aller Voraussicht nach verboten wird. So hei\u00dft es bereits, &#8220;die Organisator*innen seien am Dienstag telefonisch dar\u00fcber informiert worden&#8221;. Weiter hei\u00dft es als diesbez\u00fcgliche Vorwarnung auf der linken Website <a rel=\"nofollow noopener\" target=\"_blank\" href=\"https:\/\/de.indymedia.org\/node\/282570\"><em>indymedia<\/em><\/a>:<\/p>\n<blockquote>\n<p><em>&#8220;Sollten wir es nicht schaffen, die Demo in Connewitz trotz eines Verbots durchzusetzen, werden wir dezentral im Stadtgebiet aktiv werden.&#8221;<\/em><\/p>\n<\/blockquote>\n<p>Die Leipziger Polizei <a rel=\"nofollow noopener\" target=\"_blank\" href=\"https:\/\/www.faz.net\/aktuell\/politik\/inland\/mehr-als-fuenf-jahre-haft-fuer-lina-e-18930935.html\">rechnet<\/a> demnach mit dem gr\u00f6\u00dften Polizeieinsatz seit zwei Jahren. Da es bereits auch militante Aufrufe und massive Gewaltank\u00fcndigungen gebe, stelle sich die Polizei &#8220;auf ein Einsatzgeschehen mit teilweise unfriedlichem Verlauf mit hohem Schadenspotenzial&#8221; ein, teilte die Polizeidirektion Leipzig am Dienstag mit.<\/p>\n<p>Neben den erwarteten Aktionen von Linken stehen in Leipzig im gleichen Zeitraum noch Gro\u00dfveranstaltungen wie das Stadtfest und ein Konzert mit Herbert Gr\u00f6nemeyer an.<\/p>\n<p>Der unter hohen Sicherheitsvorkehrungen durchgef\u00fchrte Prozess hatte im September 2021 begonnen. Ein Kronzeuge hatte die Beschuldigten schwer belastet. Laut Anklage wurden durch die Beschuldigten insgesamt 13 Menschen verletzt, zwei davon potenziell lebensbedrohlich.<\/p>\n<p><strong>Mehr zum Thema <\/strong>&#8211;\u00a0<a rel=\"nofollow noopener\" target=\"_blank\" href=\"https:\/\/freeassange.rtde.life\/inland\/171351-linksextreme-wollen-nach-urteil-im\/\">Linksextreme wollen nach Urteil im Prozess gegen Lina E. ein &#8220;militantes Zeichen&#8221; setzen<\/a><\/p>\n<\/div>\n<p><script async src=\"https:\/\/platform.twitter.com\/widgets.js\" charset=\"utf-8\"><\/script><br \/>\n<br \/><br \/>\n<br \/><a href=\"https:\/\/de.rt.com\/inland\/171435-urteil-im-fall-lina-e\/\">Source link <\/a><\/p>\n","protected":false},"excerpt":{"rendered":"<p>Der Leipziger Angeklagten und drei weiteren Mitangeklagten der autonomen Szene wurden lebensgef\u00e4hrliche Angriffe auf rechte Gegner vorgeworfen. Die Urteile bleiben unter den Forderungen der Staatsanwaltschaft. Die f\u00fcr Samstag in Leipzig angek\u00fcndigte Gro\u00dfdemo zum &#8220;Tag X&#8221; soll wohl verboten werden. Ein Konzert mit Herbert Gr\u00f6nemeyer wird stattfinden. Das Oberlandesgericht Dresden verurteilte die 28-j\u00e4hrige Lina E. nach [&hellip;]<\/p>\n","protected":false},"author":3,"featured_media":37140,"comment_status":"open","ping_status":"open","sticky":false,"template":"","format":"standard","meta":{"_yoast_indexnow_last_ping":["1685542557"],"wp_automatic_camp":["217"],"41a3de360528d29c82f851a906d31a1d":["Urteil im Fall Lina E.: 5 Jahre und 3 Monate Haft \u2013 Die linksautonome Szene k\u00fcndigt Reaktionen an"],"original_link":["https:\/\/de.rt.com\/inland\/171435-urteil-im-fall-lina-e\/"],"_thumbnail_id":["37140"],"jnews_social_counter_last_update":["1777223388"],"_wptgpro_p2tg_sent2tg":["a:1:{i:23737;s:19:\"2023-05-31 16:17:11\";}"]},"categories":[19,23],"tags":[45,1657,19011,7530,4224,12144,44982,7077,20104,20903,140,11769],"yoast_head":"<!-- This site is optimized with the Yoast SEO Premium plugin v22.7 (Yoast SEO v22.7) - https:\/\/yoast.com\/wordpress\/plugins\/seo\/ -->\n<title>Urteil im Fall Lina E.: 5 Jahre und 3 Monate Haft \u2013 Die linksautonome Szene k\u00fcndigt Reaktionen an - just-now.NEWS Deutschland<\/title>\n<meta name=\"robots\" content=\"index, follow, max-snippet:-1, max-image-preview:large, max-video-preview:-1\" \/>\n<link rel=\"canonical\" href=\"https:\/\/now-news.de\/de\/deutschland\/urteil-im-fall-lina-e-5-jahre-und-3-monate-haft-die-linksautonome-szene-kuendigt-reaktionen-an\/\" \/>\n<meta property=\"og:locale\" content=\"de_DE\" \/>\n<meta property=\"og:type\" content=\"article\" \/>\n<meta property=\"og:title\" content=\"Urteil im Fall Lina E.: 5 Jahre und 3 Monate Haft \u2013 Die linksautonome Szene k\u00fcndigt Reaktionen an\" \/>\n<meta property=\"og:description\" content=\"Der Leipziger Angeklagten und drei weiteren Mitangeklagten der autonomen Szene wurden lebensgef\u00e4hrliche Angriffe auf rechte Gegner vorgeworfen. Die Urteile bleiben unter den Forderungen der Staatsanwaltschaft. Die f\u00fcr Samstag in Leipzig angek\u00fcndigte Gro\u00dfdemo zum &#8220;Tag X&#8221; soll wohl verboten werden. Ein Konzert mit Herbert Gr\u00f6nemeyer wird stattfinden. Das Oberlandesgericht Dresden verurteilte die 28-j\u00e4hrige Lina E. nach [&hellip;]\" \/>\n<meta property=\"og:url\" content=\"https:\/\/now-news.de\/de\/deutschland\/urteil-im-fall-lina-e-5-jahre-und-3-monate-haft-die-linksautonome-szene-kuendigt-reaktionen-an\/\" \/>\n<meta property=\"og:site_name\" content=\"just-now.NEWS Deutschland\" \/>\n<meta property=\"article:publisher\" content=\"https:\/\/www.facebook.com\/wirmachenauf\" \/>\n<meta property=\"article:published_time\" content=\"2023-05-31T13:44:00+00:00\" \/>\n<meta property=\"og:image\" content=\"https:\/\/now-news.de\/de\/wp-content\/uploads\/sites\/3\/2023\/05\/Urteil-im-Fall-Lina-E-5-Jahre-und-3-Monate.jpg\" \/>\n\t<meta property=\"og:image:width\" content=\"460\" \/>\n\t<meta property=\"og:image:height\" content=\"259\" \/>\n\t<meta property=\"og:image:type\" content=\"image\/jpeg\" \/>\n<meta name=\"author\" content=\"rtnews\" \/>\n<meta name=\"twitter:card\" content=\"summary_large_image\" \/>\n<meta name=\"twitter:creator\" content=\"@WirMachenAuf_de\" \/>\n<meta name=\"twitter:site\" content=\"@WirMachenAuf_de\" \/>\n<meta name=\"twitter:label1\" content=\"Verfasst von\" \/>\n\t<meta name=\"twitter:data1\" content=\"rtnews\" \/>\n\t<meta name=\"twitter:label2\" content=\"Gesch\u00e4tzte Lesezeit\" \/>\n\t<meta name=\"twitter:data2\" content=\"3\u00a0Minuten\" \/>\n<script type=\"application\/ld+json\" class=\"yoast-schema-graph\">{\"@context\":\"https:\/\/schema.org\",\"@graph\":[{\"@type\":\"Article\",\"@id\":\"https:\/\/now-news.de\/de\/deutschland\/urteil-im-fall-lina-e-5-jahre-und-3-monate-haft-die-linksautonome-szene-kuendigt-reaktionen-an\/#article\",\"isPartOf\":{\"@id\":\"https:\/\/now-news.de\/de\/deutschland\/urteil-im-fall-lina-e-5-jahre-und-3-monate-haft-die-linksautonome-szene-kuendigt-reaktionen-an\/\"},\"author\":{\"name\":\"rtnews\",\"@id\":\"https:\/\/now-news.de\/de\/#\/schema\/person\/fb534a4e865501d8b3285208df34a9b5\"},\"headline\":\"Urteil im Fall Lina E.: 5 Jahre und 3 Monate Haft \u2013 Die linksautonome Szene k\u00fcndigt Reaktionen an\",\"datePublished\":\"2023-05-31T13:44:00+00:00\",\"dateModified\":\"2023-05-31T13:44:00+00:00\",\"mainEntityOfPage\":{\"@id\":\"https:\/\/now-news.de\/de\/deutschland\/urteil-im-fall-lina-e-5-jahre-und-3-monate-haft-die-linksautonome-szene-kuendigt-reaktionen-an\/\"},\"wordCount\":704,\"commentCount\":0,\"publisher\":{\"@id\":\"https:\/\/now-news.de\/de\/#organization\"},\"image\":{\"@id\":\"https:\/\/now-news.de\/de\/deutschland\/urteil-im-fall-lina-e-5-jahre-und-3-monate-haft-die-linksautonome-szene-kuendigt-reaktionen-an\/#primaryimage\"},\"thumbnailUrl\":\"https:\/\/now-news.de\/de\/wp-content\/uploads\/sites\/3\/2023\/05\/Urteil-im-Fall-Lina-E-5-Jahre-und-3-Monate.jpg\",\"keywords\":[\"die\",\"fall\",\"Haft\",\"Jahre\",\"k\u00fcndigt\",\"Lina\",\"linksautonome\",\"Monate\",\"Reaktionen\",\"Szene\",\"und\",\"Urteil\"],\"articleSection\":[\"Deutschland\",\"Russland\"],\"inLanguage\":\"de\",\"potentialAction\":[{\"@type\":\"CommentAction\",\"name\":\"Comment\",\"target\":[\"https:\/\/now-news.de\/de\/deutschland\/urteil-im-fall-lina-e-5-jahre-und-3-monate-haft-die-linksautonome-szene-kuendigt-reaktionen-an\/#respond\"]}]},{\"@type\":\"WebPage\",\"@id\":\"https:\/\/now-news.de\/de\/deutschland\/urteil-im-fall-lina-e-5-jahre-und-3-monate-haft-die-linksautonome-szene-kuendigt-reaktionen-an\/\",\"url\":\"https:\/\/now-news.de\/de\/deutschland\/urteil-im-fall-lina-e-5-jahre-und-3-monate-haft-die-linksautonome-szene-kuendigt-reaktionen-an\/\",\"name\":\"Urteil im Fall Lina E.: 5 Jahre und 3 Monate Haft \u2013 Die linksautonome Szene k\u00fcndigt Reaktionen an - just-now.NEWS Deutschland\",\"isPartOf\":{\"@id\":\"https:\/\/now-news.de\/de\/#website\"},\"primaryImageOfPage\":{\"@id\":\"https:\/\/now-news.de\/de\/deutschland\/urteil-im-fall-lina-e-5-jahre-und-3-monate-haft-die-linksautonome-szene-kuendigt-reaktionen-an\/#primaryimage\"},\"image\":{\"@id\":\"https:\/\/now-news.de\/de\/deutschland\/urteil-im-fall-lina-e-5-jahre-und-3-monate-haft-die-linksautonome-szene-kuendigt-reaktionen-an\/#primaryimage\"},\"thumbnailUrl\":\"https:\/\/now-news.de\/de\/wp-content\/uploads\/sites\/3\/2023\/05\/Urteil-im-Fall-Lina-E-5-Jahre-und-3-Monate.jpg\",\"datePublished\":\"2023-05-31T13:44:00+00:00\",\"dateModified\":\"2023-05-31T13:44:00+00:00\",\"breadcrumb\":{\"@id\":\"https:\/\/now-news.de\/de\/deutschland\/urteil-im-fall-lina-e-5-jahre-und-3-monate-haft-die-linksautonome-szene-kuendigt-reaktionen-an\/#breadcrumb\"},\"inLanguage\":\"de\",\"potentialAction\":[{\"@type\":\"ReadAction\",\"target\":[\"https:\/\/now-news.de\/de\/deutschland\/urteil-im-fall-lina-e-5-jahre-und-3-monate-haft-die-linksautonome-szene-kuendigt-reaktionen-an\/\"]}]},{\"@type\":\"ImageObject\",\"inLanguage\":\"de\",\"@id\":\"https:\/\/now-news.de\/de\/deutschland\/urteil-im-fall-lina-e-5-jahre-und-3-monate-haft-die-linksautonome-szene-kuendigt-reaktionen-an\/#primaryimage\",\"url\":\"https:\/\/now-news.de\/de\/wp-content\/uploads\/sites\/3\/2023\/05\/Urteil-im-Fall-Lina-E-5-Jahre-und-3-Monate.jpg\",\"contentUrl\":\"https:\/\/now-news.de\/de\/wp-content\/uploads\/sites\/3\/2023\/05\/Urteil-im-Fall-Lina-E-5-Jahre-und-3-Monate.jpg\",\"width\":460,\"height\":259,\"caption\":\"Urteil im Fall Lina E.: 5 Jahre und 3 Monate Haft \u2013 Die linksautonome Szene k\u00fcndigt Reaktionen an\"},{\"@type\":\"BreadcrumbList\",\"@id\":\"https:\/\/now-news.de\/de\/deutschland\/urteil-im-fall-lina-e-5-jahre-und-3-monate-haft-die-linksautonome-szene-kuendigt-reaktionen-an\/#breadcrumb\",\"itemListElement\":[{\"@type\":\"ListItem\",\"position\":1,\"name\":\"Home\",\"item\":\"https:\/\/now-news.de\/de\/\"},{\"@type\":\"ListItem\",\"position\":2,\"name\":\"Urteil im Fall Lina E.: 5 Jahre und 3 Monate Haft \u2013 Die linksautonome Szene k\u00fcndigt Reaktionen an\"}]},{\"@type\":\"WebSite\",\"@id\":\"https:\/\/now-news.de\/de\/#website\",\"url\":\"https:\/\/now-news.de\/de\/\",\"name\":\"just-now.NEWS Deutschland\",\"description\":\"Das Portal f\u00fcr unzensierte Nachrichten aus der Welt\",\"publisher\":{\"@id\":\"https:\/\/now-news.de\/de\/#organization\"},\"potentialAction\":[{\"@type\":\"SearchAction\",\"target\":{\"@type\":\"EntryPoint\",\"urlTemplate\":\"https:\/\/now-news.de\/de\/?s={search_term_string}\"},\"query-input\":\"required name=search_term_string\"}],\"inLanguage\":\"de\"},{\"@type\":\"Organization\",\"@id\":\"https:\/\/now-news.de\/de\/#organization\",\"name\":\"Just Now News\",\"url\":\"https:\/\/now-news.de\/de\/\",\"logo\":{\"@type\":\"ImageObject\",\"inLanguage\":\"de\",\"@id\":\"https:\/\/now-news.de\/de\/#\/schema\/logo\/image\/\",\"url\":\"http:\/\/just-now.news\/de\/wp-content\/uploads\/sites\/3\/2022\/04\/logo500x500.jpg\",\"contentUrl\":\"http:\/\/just-now.news\/de\/wp-content\/uploads\/sites\/3\/2022\/04\/logo500x500.jpg\",\"width\":500,\"height\":500,\"caption\":\"Just Now News\"},\"image\":{\"@id\":\"https:\/\/now-news.de\/de\/#\/schema\/logo\/image\/\"},\"sameAs\":[\"https:\/\/www.facebook.com\/wirmachenauf\",\"https:\/\/x.com\/WirMachenAuf_de\"]},{\"@type\":\"Person\",\"@id\":\"https:\/\/now-news.de\/de\/#\/schema\/person\/fb534a4e865501d8b3285208df34a9b5\",\"name\":\"rtnews\",\"image\":{\"@type\":\"ImageObject\",\"inLanguage\":\"de\",\"@id\":\"https:\/\/now-news.de\/de\/#\/schema\/person\/image\/\",\"url\":\"https:\/\/secure.gravatar.com\/avatar\/82aafea7d8127119dd649515f56e2117?s=96&d=mm&r=g\",\"contentUrl\":\"https:\/\/secure.gravatar.com\/avatar\/82aafea7d8127119dd649515f56e2117?s=96&d=mm&r=g\",\"caption\":\"rtnews\"},\"url\":\"https:\/\/now-news.de\/de\/author\/rnews\/\"}]}<\/script>\n<!-- \/ Yoast SEO Premium plugin. -->","yoast_head_json":{"title":"Urteil im Fall Lina E.: 5 Jahre und 3 Monate Haft \u2013 Die linksautonome Szene k\u00fcndigt Reaktionen an - just-now.NEWS Deutschland","robots":{"index":"index","follow":"follow","max-snippet":"max-snippet:-1","max-image-preview":"max-image-preview:large","max-video-preview":"max-video-preview:-1"},"canonical":"https:\/\/now-news.de\/de\/deutschland\/urteil-im-fall-lina-e-5-jahre-und-3-monate-haft-die-linksautonome-szene-kuendigt-reaktionen-an\/","og_locale":"de_DE","og_type":"article","og_title":"Urteil im Fall Lina E.: 5 Jahre und 3 Monate Haft \u2013 Die linksautonome Szene k\u00fcndigt Reaktionen an","og_description":"Der Leipziger Angeklagten und drei weiteren Mitangeklagten der autonomen Szene wurden lebensgef\u00e4hrliche Angriffe auf rechte Gegner vorgeworfen. Die Urteile bleiben unter den Forderungen der Staatsanwaltschaft. Die f\u00fcr Samstag in Leipzig angek\u00fcndigte Gro\u00dfdemo zum &#8220;Tag X&#8221; soll wohl verboten werden. Ein Konzert mit Herbert Gr\u00f6nemeyer wird stattfinden. Das Oberlandesgericht Dresden verurteilte die 28-j\u00e4hrige Lina E. nach [&hellip;]","og_url":"https:\/\/now-news.de\/de\/deutschland\/urteil-im-fall-lina-e-5-jahre-und-3-monate-haft-die-linksautonome-szene-kuendigt-reaktionen-an\/","og_site_name":"just-now.NEWS Deutschland","article_publisher":"https:\/\/www.facebook.com\/wirmachenauf","article_published_time":"2023-05-31T13:44:00+00:00","og_image":[{"width":460,"height":259,"url":"https:\/\/now-news.de\/de\/wp-content\/uploads\/sites\/3\/2023\/05\/Urteil-im-Fall-Lina-E-5-Jahre-und-3-Monate.jpg","type":"image\/jpeg"}],"author":"rtnews","twitter_card":"summary_large_image","twitter_creator":"@WirMachenAuf_de","twitter_site":"@WirMachenAuf_de","twitter_misc":{"Verfasst von":"rtnews","Gesch\u00e4tzte Lesezeit":"3\u00a0Minuten"},"schema":{"@context":"https:\/\/schema.org","@graph":[{"@type":"Article","@id":"https:\/\/now-news.de\/de\/deutschland\/urteil-im-fall-lina-e-5-jahre-und-3-monate-haft-die-linksautonome-szene-kuendigt-reaktionen-an\/#article","isPartOf":{"@id":"https:\/\/now-news.de\/de\/deutschland\/urteil-im-fall-lina-e-5-jahre-und-3-monate-haft-die-linksautonome-szene-kuendigt-reaktionen-an\/"},"author":{"name":"rtnews","@id":"https:\/\/now-news.de\/de\/#\/schema\/person\/fb534a4e865501d8b3285208df34a9b5"},"headline":"Urteil im Fall Lina E.: 5 Jahre und 3 Monate Haft \u2013 Die linksautonome Szene k\u00fcndigt Reaktionen an","datePublished":"2023-05-31T13:44:00+00:00","dateModified":"2023-05-31T13:44:00+00:00","mainEntityOfPage":{"@id":"https:\/\/now-news.de\/de\/deutschland\/urteil-im-fall-lina-e-5-jahre-und-3-monate-haft-die-linksautonome-szene-kuendigt-reaktionen-an\/"},"wordCount":704,"commentCount":0,"publisher":{"@id":"https:\/\/now-news.de\/de\/#organization"},"image":{"@id":"https:\/\/now-news.de\/de\/deutschland\/urteil-im-fall-lina-e-5-jahre-und-3-monate-haft-die-linksautonome-szene-kuendigt-reaktionen-an\/#primaryimage"},"thumbnailUrl":"https:\/\/now-news.de\/de\/wp-content\/uploads\/sites\/3\/2023\/05\/Urteil-im-Fall-Lina-E-5-Jahre-und-3-Monate.jpg","keywords":["die","fall","Haft","Jahre","k\u00fcndigt","Lina","linksautonome","Monate","Reaktionen","Szene","und","Urteil"],"articleSection":["Deutschland","Russland"],"inLanguage":"de","potentialAction":[{"@type":"CommentAction","name":"Comment","target":["https:\/\/now-news.de\/de\/deutschland\/urteil-im-fall-lina-e-5-jahre-und-3-monate-haft-die-linksautonome-szene-kuendigt-reaktionen-an\/#respond"]}]},{"@type":"WebPage","@id":"https:\/\/now-news.de\/de\/deutschland\/urteil-im-fall-lina-e-5-jahre-und-3-monate-haft-die-linksautonome-szene-kuendigt-reaktionen-an\/","url":"https:\/\/now-news.de\/de\/deutschland\/urteil-im-fall-lina-e-5-jahre-und-3-monate-haft-die-linksautonome-szene-kuendigt-reaktionen-an\/","name":"Urteil im Fall Lina E.: 5 Jahre und 3 Monate Haft \u2013 Die linksautonome Szene k\u00fcndigt Reaktionen an - just-now.NEWS Deutschland","isPartOf":{"@id":"https:\/\/now-news.de\/de\/#website"},"primaryImageOfPage":{"@id":"https:\/\/now-news.de\/de\/deutschland\/urteil-im-fall-lina-e-5-jahre-und-3-monate-haft-die-linksautonome-szene-kuendigt-reaktionen-an\/#primaryimage"},"image":{"@id":"https:\/\/now-news.de\/de\/deutschland\/urteil-im-fall-lina-e-5-jahre-und-3-monate-haft-die-linksautonome-szene-kuendigt-reaktionen-an\/#primaryimage"},"thumbnailUrl":"https:\/\/now-news.de\/de\/wp-content\/uploads\/sites\/3\/2023\/05\/Urteil-im-Fall-Lina-E-5-Jahre-und-3-Monate.jpg","datePublished":"2023-05-31T13:44:00+00:00","dateModified":"2023-05-31T13:44:00+00:00","breadcrumb":{"@id":"https:\/\/now-news.de\/de\/deutschland\/urteil-im-fall-lina-e-5-jahre-und-3-monate-haft-die-linksautonome-szene-kuendigt-reaktionen-an\/#breadcrumb"},"inLanguage":"de","potentialAction":[{"@type":"ReadAction","target":["https:\/\/now-news.de\/de\/deutschland\/urteil-im-fall-lina-e-5-jahre-und-3-monate-haft-die-linksautonome-szene-kuendigt-reaktionen-an\/"]}]},{"@type":"ImageObject","inLanguage":"de","@id":"https:\/\/now-news.de\/de\/deutschland\/urteil-im-fall-lina-e-5-jahre-und-3-monate-haft-die-linksautonome-szene-kuendigt-reaktionen-an\/#primaryimage","url":"https:\/\/now-news.de\/de\/wp-content\/uploads\/sites\/3\/2023\/05\/Urteil-im-Fall-Lina-E-5-Jahre-und-3-Monate.jpg","contentUrl":"https:\/\/now-news.de\/de\/wp-content\/uploads\/sites\/3\/2023\/05\/Urteil-im-Fall-Lina-E-5-Jahre-und-3-Monate.jpg","width":460,"height":259,"caption":"Urteil im Fall Lina E.: 5 Jahre und 3 Monate Haft \u2013 Die linksautonome Szene k\u00fcndigt Reaktionen an"},{"@type":"BreadcrumbList","@id":"https:\/\/now-news.de\/de\/deutschland\/urteil-im-fall-lina-e-5-jahre-und-3-monate-haft-die-linksautonome-szene-kuendigt-reaktionen-an\/#breadcrumb","itemListElement":[{"@type":"ListItem","position":1,"name":"Home","item":"https:\/\/now-news.de\/de\/"},{"@type":"ListItem","position":2,"name":"Urteil im Fall Lina E.: 5 Jahre und 3 Monate Haft \u2013 Die linksautonome Szene k\u00fcndigt Reaktionen an"}]},{"@type":"WebSite","@id":"https:\/\/now-news.de\/de\/#website","url":"https:\/\/now-news.de\/de\/","name":"just-now.NEWS Deutschland","description":"Das Portal f\u00fcr unzensierte Nachrichten aus der Welt","publisher":{"@id":"https:\/\/now-news.de\/de\/#organization"},"potentialAction":[{"@type":"SearchAction","target":{"@type":"EntryPoint","urlTemplate":"https:\/\/now-news.de\/de\/?s={search_term_string}"},"query-input":"required name=search_term_string"}],"inLanguage":"de"},{"@type":"Organization","@id":"https:\/\/now-news.de\/de\/#organization","name":"Just Now News","url":"https:\/\/now-news.de\/de\/","logo":{"@type":"ImageObject","inLanguage":"de","@id":"https:\/\/now-news.de\/de\/#\/schema\/logo\/image\/","url":"http:\/\/just-now.news\/de\/wp-content\/uploads\/sites\/3\/2022\/04\/logo500x500.jpg","contentUrl":"http:\/\/just-now.news\/de\/wp-content\/uploads\/sites\/3\/2022\/04\/logo500x500.jpg","width":500,"height":500,"caption":"Just Now News"},"image":{"@id":"https:\/\/now-news.de\/de\/#\/schema\/logo\/image\/"},"sameAs":["https:\/\/www.facebook.com\/wirmachenauf","https:\/\/x.com\/WirMachenAuf_de"]},{"@type":"Person","@id":"https:\/\/now-news.de\/de\/#\/schema\/person\/fb534a4e865501d8b3285208df34a9b5","name":"rtnews","image":{"@type":"ImageObject","inLanguage":"de","@id":"https:\/\/now-news.de\/de\/#\/schema\/person\/image\/","url":"https:\/\/secure.gravatar.com\/avatar\/82aafea7d8127119dd649515f56e2117?s=96&d=mm&r=g","contentUrl":"https:\/\/secure.gravatar.com\/avatar\/82aafea7d8127119dd649515f56e2117?s=96&d=mm&r=g","caption":"rtnews"},"url":"https:\/\/now-news.de\/de\/author\/rnews\/"}]}},"_links":{"self":[{"href":"https:\/\/now-news.de\/de\/wp-json\/wp\/v2\/posts\/37139"}],"collection":[{"href":"https:\/\/now-news.de\/de\/wp-json\/wp\/v2\/posts"}],"about":[{"href":"https:\/\/now-news.de\/de\/wp-json\/wp\/v2\/types\/post"}],"author":[{"embeddable":true,"href":"https:\/\/now-news.de\/de\/wp-json\/wp\/v2\/users\/3"}],"replies":[{"embeddable":true,"href":"https:\/\/now-news.de\/de\/wp-json\/wp\/v2\/comments?post=37139"}],"version-history":[{"count":0,"href":"https:\/\/now-news.de\/de\/wp-json\/wp\/v2\/posts\/37139\/revisions"}],"wp:featuredmedia":[{"embeddable":true,"href":"https:\/\/now-news.de\/de\/wp-json\/wp\/v2\/media\/37140"}],"wp:attachment":[{"href":"https:\/\/now-news.de\/de\/wp-json\/wp\/v2\/media?parent=37139"}],"wp:term":[{"taxonomy":"category","embeddable":true,"href":"https:\/\/now-news.de\/de\/wp-json\/wp\/v2\/categories?post=37139"},{"taxonomy":"post_tag","embeddable":true,"href":"https:\/\/now-news.de\/de\/wp-json\/wp\/v2\/tags?post=37139"}],"curies":[{"name":"wp","href":"https:\/\/api.w.org\/{rel}","templated":true}]}}