{"id":37120,"date":"2023-05-31T13:08:31","date_gmt":"2023-05-31T11:08:31","guid":{"rendered":"http:\/\/just-now.news\/de\/deutschland\/die-macht-der-videos-und-medien-splitter-im-auge-der-tuerkei-balken-in-deutschland\/"},"modified":"2023-05-31T13:08:31","modified_gmt":"2023-05-31T11:08:31","slug":"die-macht-der-videos-und-medien-splitter-im-auge-der-tuerkei-balken-in-deutschland","status":"publish","type":"post","link":"https:\/\/now-news.de\/de\/deutschland\/die-macht-der-videos-und-medien-splitter-im-auge-der-tuerkei-balken-in-deutschland\/","title":{"rendered":"Die Macht der Videos und Medien: Splitter im Auge der T\u00fcrkei \u2013 Balken in Deutschland"},"content":{"rendered":"<p><img decoding=\"async\" src=\"http:\/\/just-now.news\/de\/wp-content\/uploads\/sites\/3\/2023\/05\/6476f9d7b480cc51b43810d1.jpg\" \/><\/p>\n<div class=\"Text-root Text-type_1 \">\n                Die ARD-Tagesschau hinterfragt die manipulative Macht der Staatsmedien in der T\u00fcrkei. Autor Uli Gellermann stellt sich daher die Frage: Wie schaut es generell aus, wirft man einen vergleichenden Blick auf die angeblich so ausgewogene Medienwahrnehmung der oppositionellen Meinungen im Land?\n            <\/div>\n<p><\/p>\n<div class=\"Text-root Text-type_5 ArticleView-text ViewText-root \">\n<p><em>Von Uli Gellermann<\/em><\/p>\n<p>Eine fette <a rel=\"nofollow noopener\" target=\"_blank\" href=\"https:\/\/www.tagesschau.de\/faktenfinder\/tuerkei-wahl-desinformation-100.html\">\u00dcberschrift<\/a> der <em>Tagesschau<\/em> erz\u00e4hlt von der T\u00fcrkei. Dort g\u00e4be es im Wahlkampf laut irgendwelchen Experten &#8220;falsche Videos und die Macht der Medien&#8221;. Vor allem aber erz\u00e4hlt ein Pascal Siggelkow, dass &#8220;nahezu alle reichweitenstarken Medien im Land auf eine Linie gebracht waren.&#8221; Das ist jener Siggelkow, der schon mal gemeinsam mit einem regierungsnahen Thinktank versucht hat, die Journalistin Alina Lipp als von Putin finanziert zu diffamieren. Warum? Weil sie zum Ukrainekrieg eine oppositionelle Meinung vertrat.<\/p>\n<p><strong>L\u00f6schung alternativer Meinungen bei YouTube<\/strong><\/p>\n<p>Falsche Videos von &#8220;reichweitenstarken Medien&#8221; gibt es in Deutschland eher selten. Stattdessen k\u00fcmmert man sich um das L\u00f6schen alternativer Video-Meinungen bei YouTube: Wenn der Google-Konzern, zu dem YouTube geh\u00f6rt, gel\u00f6scht hat, ist es schwer, den politischen Urheber auszumachen. Aber mit der Anpassung von YouTube an die Mehrheitsmedien ist ein letztes Schlupfloch f\u00fcr abweichende Meinungen geschlossen worden.<\/p>\n<p><strong>Offene wissenschaftliche Debatte?<\/strong><\/p>\n<p>Ein Klassiker f\u00fcr die Ausgrenzung und Diffamierung anderer Meinungen ist der Professor f\u00fcr Medizinische Mikrobiologie, Sucharit Bhakdi. Der Wissenschaftler hatte und hat in Virusfragen eine begr\u00fcndete alternative Position. Glaubte man der Regierung und ihren angeschlossenen Massenmedien, war in der Coronafrage Gefahr im Verzug: Man h\u00e4tte also dringend eine offene wissenschaftliche Debatte gebraucht.<\/p>\n<p><strong>Sucharit Bhakdi gel\u00f6scht<\/strong><\/p>\n<p>Statt mit Menschen wie Sucharit Bhakdi einen offenen, demokratischen Dialog zu f\u00fchren, wurden und werden Bhakdis Videos gel\u00f6scht. Statt zu diskutieren, wurde und wird diffamiert; man hat ihn \u00f6ffentlich in die Ecke der Antisemiten geschoben. Das ist in Deutschland nicht weit von einer Existenzvernichtung entfernt. J\u00fcngst hat ein ordentliches Gericht den klugen Professor vom ekligen Vorwurf des Antisemitismus freigesprochen.<\/p>\n<p><strong>Antisemitismus-Vorwurf vom Einfluss-Agenten<\/strong><\/p>\n<p>Der Freispruch hinderte das Regierungsorgan <em>Tagesschau<\/em>\u00a0aber nicht daran, den baden-w\u00fcrttembergischen Antisemitismusbeauftragten Michael Blume als Einfluss-Agenten zu zitieren: Der sehe das Urteil und seine Begr\u00fcndung als einen R\u00fcckschlag im Kampf gegen Antisemitismus und &#8220;Verschw\u00f6rungsunternehmer&#8221;. So wird die Hetze medial fortgesetzt. Was schert die <em>ARD<\/em> schon ein juristisches Urteil?<\/p>\n<p><strong>Sascha Lobo von der Leine<\/strong><\/p>\n<p>Die hasserf\u00fcllte SPD-Frau Esken hat in der Viruskampagne das Wort vom &#8220;Covidioten&#8221; erfunden, um andere Meinungen ver\u00e4chtlich zu machen und die Wahrheitsfindung zu verhindern. Als die tapferen, friedensbewegten Frauen Schwarzer und Wagenknecht eine von der Mehrheit abweichende Meinung zum Ukrainekrieg \u00e4u\u00dferten, lie\u00df das Magazin <em>Spiegel<\/em> seinen Berufsjugendlichen Sascha Lobo von der Leine, der den Begriff vom &#8220;Lumpenpazifismus&#8221; in die Welt setzte.<\/p>\n<p><strong>Vom Lumpenpazifismus zum Lumpenpack<\/strong><\/p>\n<p>Da der &#8220;Lumpenpazifismus&#8221; so sch\u00f6n in der sprachlichen N\u00e4he des &#8220;Lumpenpacks&#8221; liegt, wurde der Ausdruck gern und h\u00e4ufig gegen abweichende Meinungen eingesetzt, um die Opposition mundtot zu machen. Damit ja kein offener Diskurs \u00fcber die Rolle der NATO in und um die Ukraine entstehen konnte.<\/p>\n<p><strong>Weitgehende \u00dcbereinstimmung als Zufall?<\/strong><\/p>\n<p>Wer die Postionen der &#8220;reichweitenstarken Medien im Land&#8221; zur Viruskampagne und zum Ukraine-Krieg vergleicht, wird eine weitgehende \u00dcbereinstimmung feststellen: Von A wie <em>ARD<\/em> bis Z wie (<em>Die<\/em>) <em>Zeit \u2013\u00a0<\/em>man ist sich in hohem Ma\u00dfe einig. Das soll Zufall sein? Ausgerechnet bei Themen, die erst im Meinungsstreit an inhaltlicher Klarheit gewinnen?<\/p>\n<p><strong>Im t\u00fcrkischen Parlament echte Opposition<\/strong><\/p>\n<p>Es w\u00e4re ungerecht, wenn man den deutschen politischen Diskurs als &#8220;t\u00fcrkisch&#8221; diffamieren w\u00fcrde. Immerhin gibt es im t\u00fcrkischen Parlament eine kurdische Partei: Die linke Demokratische Partei der V\u00f6lker, auf\u00a0kurdisch:\u00a0Partiya Demokrat\u00eek a Gelan. Das ist mehr an fundamentaler Opposition, als der Bundestag aufweisen kann. Es ist eine demokratische Opposition, die auch \u00fcber eigene Medien verf\u00fcgt.<\/p>\n<p><strong>Splitter im Auge der T\u00fcrkei<\/strong><\/p>\n<p>Zwar kann die <em>Tagesschau<\/em> den Splitter im Auge der T\u00fcrkei gut erkennen, den Balken im eigenen will aber sie nicht sehen: Es w\u00fcrde ja ihre subalterne Rolle entlarven, wo k\u00e4men wir denn da hin? Wom\u00f6glich in die N\u00e4he demokratischer Verh\u00e4ltnisse.<\/p>\n<p><em>Zuerst\u00a0<a rel=\"nofollow noopener\" target=\"_blank\" href=\"https:\/\/www.rationalgalerie.de\/home\/macht-der-videos-und-medien\">ver\u00f6ffentlicht<\/a>\u00a0auf der Medienplattform RATIONALGALERIE am 29. Mai 2023.<\/em><\/p>\n<p><em>Uli Gellermann<strong>\u00a0<\/strong>ist Filmemacher und Journalist. Seine Erfahrungen mit den \u00f6ffentlich-rechtlichen Sendern begr\u00fcnden seine Medienkritik. Er ist Herausgeber der Internetseite\u00a0<a rel=\"nofollow noopener\" target=\"_blank\" href=\"https:\/\/www.rationalgalerie.de\/\">rationalgalerie.de<\/a>.<\/em><\/p>\n<p><strong>Mehr zum Thema <\/strong>&#8211;\u00a0<a rel=\"nofollow noopener\" target=\"_blank\" href=\"https:\/\/freeassange.rtde.life\/inland\/171330-aerger-ueber-erdogan-sympathie-in\/\">\u00c4rger \u00fcber Erdo\u011fan-Sympathie in Deutschland: Abertausende feiern auf den Stra\u00dfen<\/a><\/p>\n<\/div>\n<p><br \/>\n<br \/><a href=\"https:\/\/de.rt.com\/meinung\/171422-macht-videos-und-medien-splitter\/\">Source link <\/a><\/p>\n","protected":false},"excerpt":{"rendered":"<p>Die ARD-Tagesschau hinterfragt die manipulative Macht der Staatsmedien in der T\u00fcrkei. Autor Uli Gellermann stellt sich daher die Frage: Wie schaut es generell aus, wirft man einen vergleichenden Blick auf die angeblich so ausgewogene Medienwahrnehmung der oppositionellen Meinungen im Land? Von Uli Gellermann Eine fette \u00dcberschrift der Tagesschau erz\u00e4hlt von der T\u00fcrkei. Dort g\u00e4be es [&hellip;]<\/p>\n","protected":false},"author":3,"featured_media":37121,"comment_status":"open","ping_status":"open","sticky":false,"template":"","format":"standard","meta":{"_yoast_indexnow_last_ping":["1685531944"],"wp_automatic_camp":["217"],"f9a5b10d13a3d6ecbad966319864339e":["Die Macht der Videos und Medien: Splitter im Auge der T\u00fcrkei \u2013 Balken in Deutschland"],"original_link":["https:\/\/de.rt.com\/meinung\/171422-macht-videos-und-medien-splitter\/"],"_thumbnail_id":["37121"],"jnews_social_counter_last_update":["1777608171"],"_wptgpro_p2tg_sent2tg":["a:1:{i:23737;s:19:\"2023-05-31 13:20:27\";}"]},"categories":[19,23],"tags":[21248,44970,82,179,45,4847,580,44969,1897,140,3360],"yoast_head":"<!-- This site is optimized with the Yoast SEO Premium plugin v22.7 (Yoast SEO v22.7) - https:\/\/yoast.com\/wordpress\/plugins\/seo\/ -->\n<title>Die Macht der Videos und Medien: Splitter im Auge der T\u00fcrkei \u2013 Balken in Deutschland - just-now.NEWS Deutschland<\/title>\n<meta name=\"robots\" content=\"index, follow, max-snippet:-1, max-image-preview:large, max-video-preview:-1\" \/>\n<link rel=\"canonical\" href=\"https:\/\/now-news.de\/de\/deutschland\/die-macht-der-videos-und-medien-splitter-im-auge-der-tuerkei-balken-in-deutschland\/\" \/>\n<meta property=\"og:locale\" content=\"de_DE\" \/>\n<meta property=\"og:type\" content=\"article\" \/>\n<meta property=\"og:title\" content=\"Die Macht der Videos und Medien: Splitter im Auge der T\u00fcrkei \u2013 Balken in Deutschland\" \/>\n<meta property=\"og:description\" content=\"Die ARD-Tagesschau hinterfragt die manipulative Macht der Staatsmedien in der T\u00fcrkei. Autor Uli Gellermann stellt sich daher die Frage: Wie schaut es generell aus, wirft man einen vergleichenden Blick auf die angeblich so ausgewogene Medienwahrnehmung der oppositionellen Meinungen im Land? Von Uli Gellermann Eine fette \u00dcberschrift der Tagesschau erz\u00e4hlt von der T\u00fcrkei. Dort g\u00e4be es [&hellip;]\" \/>\n<meta property=\"og:url\" content=\"https:\/\/now-news.de\/de\/deutschland\/die-macht-der-videos-und-medien-splitter-im-auge-der-tuerkei-balken-in-deutschland\/\" \/>\n<meta property=\"og:site_name\" content=\"just-now.NEWS Deutschland\" \/>\n<meta property=\"article:publisher\" content=\"https:\/\/www.facebook.com\/wirmachenauf\" \/>\n<meta property=\"article:published_time\" content=\"2023-05-31T11:08:31+00:00\" \/>\n<meta property=\"og:image\" content=\"https:\/\/now-news.de\/de\/wp-content\/uploads\/sites\/3\/2023\/05\/Die-Macht-der-Videos-und-Medien-Splitter-im-Auge-der.jpg\" \/>\n\t<meta property=\"og:image:width\" content=\"460\" \/>\n\t<meta property=\"og:image:height\" content=\"259\" \/>\n\t<meta property=\"og:image:type\" content=\"image\/jpeg\" \/>\n<meta name=\"author\" content=\"rtnews\" \/>\n<meta name=\"twitter:card\" content=\"summary_large_image\" \/>\n<meta name=\"twitter:creator\" content=\"@WirMachenAuf_de\" \/>\n<meta name=\"twitter:site\" content=\"@WirMachenAuf_de\" \/>\n<meta name=\"twitter:label1\" content=\"Verfasst von\" \/>\n\t<meta name=\"twitter:data1\" content=\"rtnews\" \/>\n\t<meta name=\"twitter:label2\" content=\"Gesch\u00e4tzte Lesezeit\" \/>\n\t<meta name=\"twitter:data2\" content=\"4\u00a0Minuten\" \/>\n<script type=\"application\/ld+json\" class=\"yoast-schema-graph\">{\"@context\":\"https:\/\/schema.org\",\"@graph\":[{\"@type\":\"Article\",\"@id\":\"https:\/\/now-news.de\/de\/deutschland\/die-macht-der-videos-und-medien-splitter-im-auge-der-tuerkei-balken-in-deutschland\/#article\",\"isPartOf\":{\"@id\":\"https:\/\/now-news.de\/de\/deutschland\/die-macht-der-videos-und-medien-splitter-im-auge-der-tuerkei-balken-in-deutschland\/\"},\"author\":{\"name\":\"rtnews\",\"@id\":\"https:\/\/now-news.de\/de\/#\/schema\/person\/fb534a4e865501d8b3285208df34a9b5\"},\"headline\":\"Die Macht der Videos und Medien: Splitter im Auge der T\u00fcrkei \u2013 Balken in Deutschland\",\"datePublished\":\"2023-05-31T11:08:31+00:00\",\"dateModified\":\"2023-05-31T11:08:31+00:00\",\"mainEntityOfPage\":{\"@id\":\"https:\/\/now-news.de\/de\/deutschland\/die-macht-der-videos-und-medien-splitter-im-auge-der-tuerkei-balken-in-deutschland\/\"},\"wordCount\":734,\"commentCount\":0,\"publisher\":{\"@id\":\"https:\/\/now-news.de\/de\/#organization\"},\"image\":{\"@id\":\"https:\/\/now-news.de\/de\/deutschland\/die-macht-der-videos-und-medien-splitter-im-auge-der-tuerkei-balken-in-deutschland\/#primaryimage\"},\"thumbnailUrl\":\"https:\/\/now-news.de\/de\/wp-content\/uploads\/sites\/3\/2023\/05\/Die-Macht-der-Videos-und-Medien-Splitter-im-Auge-der.jpg\",\"keywords\":[\"Auge\",\"Balken\",\"der\",\"Deutschland\",\"die\",\"Macht\",\"Medien\",\"Splitter\",\"T\u00fcrkei\",\"und\",\"Videos\"],\"articleSection\":[\"Deutschland\",\"Russland\"],\"inLanguage\":\"de\",\"potentialAction\":[{\"@type\":\"CommentAction\",\"name\":\"Comment\",\"target\":[\"https:\/\/now-news.de\/de\/deutschland\/die-macht-der-videos-und-medien-splitter-im-auge-der-tuerkei-balken-in-deutschland\/#respond\"]}]},{\"@type\":\"WebPage\",\"@id\":\"https:\/\/now-news.de\/de\/deutschland\/die-macht-der-videos-und-medien-splitter-im-auge-der-tuerkei-balken-in-deutschland\/\",\"url\":\"https:\/\/now-news.de\/de\/deutschland\/die-macht-der-videos-und-medien-splitter-im-auge-der-tuerkei-balken-in-deutschland\/\",\"name\":\"Die Macht der Videos und Medien: Splitter im Auge der T\u00fcrkei \u2013 Balken in Deutschland - just-now.NEWS Deutschland\",\"isPartOf\":{\"@id\":\"https:\/\/now-news.de\/de\/#website\"},\"primaryImageOfPage\":{\"@id\":\"https:\/\/now-news.de\/de\/deutschland\/die-macht-der-videos-und-medien-splitter-im-auge-der-tuerkei-balken-in-deutschland\/#primaryimage\"},\"image\":{\"@id\":\"https:\/\/now-news.de\/de\/deutschland\/die-macht-der-videos-und-medien-splitter-im-auge-der-tuerkei-balken-in-deutschland\/#primaryimage\"},\"thumbnailUrl\":\"https:\/\/now-news.de\/de\/wp-content\/uploads\/sites\/3\/2023\/05\/Die-Macht-der-Videos-und-Medien-Splitter-im-Auge-der.jpg\",\"datePublished\":\"2023-05-31T11:08:31+00:00\",\"dateModified\":\"2023-05-31T11:08:31+00:00\",\"breadcrumb\":{\"@id\":\"https:\/\/now-news.de\/de\/deutschland\/die-macht-der-videos-und-medien-splitter-im-auge-der-tuerkei-balken-in-deutschland\/#breadcrumb\"},\"inLanguage\":\"de\",\"potentialAction\":[{\"@type\":\"ReadAction\",\"target\":[\"https:\/\/now-news.de\/de\/deutschland\/die-macht-der-videos-und-medien-splitter-im-auge-der-tuerkei-balken-in-deutschland\/\"]}]},{\"@type\":\"ImageObject\",\"inLanguage\":\"de\",\"@id\":\"https:\/\/now-news.de\/de\/deutschland\/die-macht-der-videos-und-medien-splitter-im-auge-der-tuerkei-balken-in-deutschland\/#primaryimage\",\"url\":\"https:\/\/now-news.de\/de\/wp-content\/uploads\/sites\/3\/2023\/05\/Die-Macht-der-Videos-und-Medien-Splitter-im-Auge-der.jpg\",\"contentUrl\":\"https:\/\/now-news.de\/de\/wp-content\/uploads\/sites\/3\/2023\/05\/Die-Macht-der-Videos-und-Medien-Splitter-im-Auge-der.jpg\",\"width\":460,\"height\":259,\"caption\":\"Die Macht der Videos und Medien: Splitter im Auge der T\u00fcrkei \u2013 Balken in Deutschland\"},{\"@type\":\"BreadcrumbList\",\"@id\":\"https:\/\/now-news.de\/de\/deutschland\/die-macht-der-videos-und-medien-splitter-im-auge-der-tuerkei-balken-in-deutschland\/#breadcrumb\",\"itemListElement\":[{\"@type\":\"ListItem\",\"position\":1,\"name\":\"Home\",\"item\":\"https:\/\/now-news.de\/de\/\"},{\"@type\":\"ListItem\",\"position\":2,\"name\":\"Die Macht der Videos und Medien: Splitter im Auge der T\u00fcrkei \u2013 Balken in Deutschland\"}]},{\"@type\":\"WebSite\",\"@id\":\"https:\/\/now-news.de\/de\/#website\",\"url\":\"https:\/\/now-news.de\/de\/\",\"name\":\"just-now.NEWS Deutschland\",\"description\":\"Das Portal f\u00fcr unzensierte Nachrichten aus der Welt\",\"publisher\":{\"@id\":\"https:\/\/now-news.de\/de\/#organization\"},\"potentialAction\":[{\"@type\":\"SearchAction\",\"target\":{\"@type\":\"EntryPoint\",\"urlTemplate\":\"https:\/\/now-news.de\/de\/?s={search_term_string}\"},\"query-input\":\"required name=search_term_string\"}],\"inLanguage\":\"de\"},{\"@type\":\"Organization\",\"@id\":\"https:\/\/now-news.de\/de\/#organization\",\"name\":\"Just Now News\",\"url\":\"https:\/\/now-news.de\/de\/\",\"logo\":{\"@type\":\"ImageObject\",\"inLanguage\":\"de\",\"@id\":\"https:\/\/now-news.de\/de\/#\/schema\/logo\/image\/\",\"url\":\"http:\/\/just-now.news\/de\/wp-content\/uploads\/sites\/3\/2022\/04\/logo500x500.jpg\",\"contentUrl\":\"http:\/\/just-now.news\/de\/wp-content\/uploads\/sites\/3\/2022\/04\/logo500x500.jpg\",\"width\":500,\"height\":500,\"caption\":\"Just Now News\"},\"image\":{\"@id\":\"https:\/\/now-news.de\/de\/#\/schema\/logo\/image\/\"},\"sameAs\":[\"https:\/\/www.facebook.com\/wirmachenauf\",\"https:\/\/x.com\/WirMachenAuf_de\"]},{\"@type\":\"Person\",\"@id\":\"https:\/\/now-news.de\/de\/#\/schema\/person\/fb534a4e865501d8b3285208df34a9b5\",\"name\":\"rtnews\",\"image\":{\"@type\":\"ImageObject\",\"inLanguage\":\"de\",\"@id\":\"https:\/\/now-news.de\/de\/#\/schema\/person\/image\/\",\"url\":\"https:\/\/secure.gravatar.com\/avatar\/82aafea7d8127119dd649515f56e2117?s=96&d=mm&r=g\",\"contentUrl\":\"https:\/\/secure.gravatar.com\/avatar\/82aafea7d8127119dd649515f56e2117?s=96&d=mm&r=g\",\"caption\":\"rtnews\"},\"url\":\"https:\/\/now-news.de\/de\/author\/rnews\/\"}]}<\/script>\n<!-- \/ Yoast SEO Premium plugin. -->","yoast_head_json":{"title":"Die Macht der Videos und Medien: Splitter im Auge der T\u00fcrkei \u2013 Balken in Deutschland - just-now.NEWS Deutschland","robots":{"index":"index","follow":"follow","max-snippet":"max-snippet:-1","max-image-preview":"max-image-preview:large","max-video-preview":"max-video-preview:-1"},"canonical":"https:\/\/now-news.de\/de\/deutschland\/die-macht-der-videos-und-medien-splitter-im-auge-der-tuerkei-balken-in-deutschland\/","og_locale":"de_DE","og_type":"article","og_title":"Die Macht der Videos und Medien: Splitter im Auge der T\u00fcrkei \u2013 Balken in Deutschland","og_description":"Die ARD-Tagesschau hinterfragt die manipulative Macht der Staatsmedien in der T\u00fcrkei. Autor Uli Gellermann stellt sich daher die Frage: Wie schaut es generell aus, wirft man einen vergleichenden Blick auf die angeblich so ausgewogene Medienwahrnehmung der oppositionellen Meinungen im Land? Von Uli Gellermann Eine fette \u00dcberschrift der Tagesschau erz\u00e4hlt von der T\u00fcrkei. Dort g\u00e4be es [&hellip;]","og_url":"https:\/\/now-news.de\/de\/deutschland\/die-macht-der-videos-und-medien-splitter-im-auge-der-tuerkei-balken-in-deutschland\/","og_site_name":"just-now.NEWS Deutschland","article_publisher":"https:\/\/www.facebook.com\/wirmachenauf","article_published_time":"2023-05-31T11:08:31+00:00","og_image":[{"width":460,"height":259,"url":"https:\/\/now-news.de\/de\/wp-content\/uploads\/sites\/3\/2023\/05\/Die-Macht-der-Videos-und-Medien-Splitter-im-Auge-der.jpg","type":"image\/jpeg"}],"author":"rtnews","twitter_card":"summary_large_image","twitter_creator":"@WirMachenAuf_de","twitter_site":"@WirMachenAuf_de","twitter_misc":{"Verfasst von":"rtnews","Gesch\u00e4tzte Lesezeit":"4\u00a0Minuten"},"schema":{"@context":"https:\/\/schema.org","@graph":[{"@type":"Article","@id":"https:\/\/now-news.de\/de\/deutschland\/die-macht-der-videos-und-medien-splitter-im-auge-der-tuerkei-balken-in-deutschland\/#article","isPartOf":{"@id":"https:\/\/now-news.de\/de\/deutschland\/die-macht-der-videos-und-medien-splitter-im-auge-der-tuerkei-balken-in-deutschland\/"},"author":{"name":"rtnews","@id":"https:\/\/now-news.de\/de\/#\/schema\/person\/fb534a4e865501d8b3285208df34a9b5"},"headline":"Die Macht der Videos und Medien: Splitter im Auge der T\u00fcrkei \u2013 Balken in Deutschland","datePublished":"2023-05-31T11:08:31+00:00","dateModified":"2023-05-31T11:08:31+00:00","mainEntityOfPage":{"@id":"https:\/\/now-news.de\/de\/deutschland\/die-macht-der-videos-und-medien-splitter-im-auge-der-tuerkei-balken-in-deutschland\/"},"wordCount":734,"commentCount":0,"publisher":{"@id":"https:\/\/now-news.de\/de\/#organization"},"image":{"@id":"https:\/\/now-news.de\/de\/deutschland\/die-macht-der-videos-und-medien-splitter-im-auge-der-tuerkei-balken-in-deutschland\/#primaryimage"},"thumbnailUrl":"https:\/\/now-news.de\/de\/wp-content\/uploads\/sites\/3\/2023\/05\/Die-Macht-der-Videos-und-Medien-Splitter-im-Auge-der.jpg","keywords":["Auge","Balken","der","Deutschland","die","Macht","Medien","Splitter","T\u00fcrkei","und","Videos"],"articleSection":["Deutschland","Russland"],"inLanguage":"de","potentialAction":[{"@type":"CommentAction","name":"Comment","target":["https:\/\/now-news.de\/de\/deutschland\/die-macht-der-videos-und-medien-splitter-im-auge-der-tuerkei-balken-in-deutschland\/#respond"]}]},{"@type":"WebPage","@id":"https:\/\/now-news.de\/de\/deutschland\/die-macht-der-videos-und-medien-splitter-im-auge-der-tuerkei-balken-in-deutschland\/","url":"https:\/\/now-news.de\/de\/deutschland\/die-macht-der-videos-und-medien-splitter-im-auge-der-tuerkei-balken-in-deutschland\/","name":"Die Macht der Videos und Medien: Splitter im Auge der T\u00fcrkei \u2013 Balken in Deutschland - just-now.NEWS Deutschland","isPartOf":{"@id":"https:\/\/now-news.de\/de\/#website"},"primaryImageOfPage":{"@id":"https:\/\/now-news.de\/de\/deutschland\/die-macht-der-videos-und-medien-splitter-im-auge-der-tuerkei-balken-in-deutschland\/#primaryimage"},"image":{"@id":"https:\/\/now-news.de\/de\/deutschland\/die-macht-der-videos-und-medien-splitter-im-auge-der-tuerkei-balken-in-deutschland\/#primaryimage"},"thumbnailUrl":"https:\/\/now-news.de\/de\/wp-content\/uploads\/sites\/3\/2023\/05\/Die-Macht-der-Videos-und-Medien-Splitter-im-Auge-der.jpg","datePublished":"2023-05-31T11:08:31+00:00","dateModified":"2023-05-31T11:08:31+00:00","breadcrumb":{"@id":"https:\/\/now-news.de\/de\/deutschland\/die-macht-der-videos-und-medien-splitter-im-auge-der-tuerkei-balken-in-deutschland\/#breadcrumb"},"inLanguage":"de","potentialAction":[{"@type":"ReadAction","target":["https:\/\/now-news.de\/de\/deutschland\/die-macht-der-videos-und-medien-splitter-im-auge-der-tuerkei-balken-in-deutschland\/"]}]},{"@type":"ImageObject","inLanguage":"de","@id":"https:\/\/now-news.de\/de\/deutschland\/die-macht-der-videos-und-medien-splitter-im-auge-der-tuerkei-balken-in-deutschland\/#primaryimage","url":"https:\/\/now-news.de\/de\/wp-content\/uploads\/sites\/3\/2023\/05\/Die-Macht-der-Videos-und-Medien-Splitter-im-Auge-der.jpg","contentUrl":"https:\/\/now-news.de\/de\/wp-content\/uploads\/sites\/3\/2023\/05\/Die-Macht-der-Videos-und-Medien-Splitter-im-Auge-der.jpg","width":460,"height":259,"caption":"Die Macht der Videos und Medien: Splitter im Auge der T\u00fcrkei \u2013 Balken in Deutschland"},{"@type":"BreadcrumbList","@id":"https:\/\/now-news.de\/de\/deutschland\/die-macht-der-videos-und-medien-splitter-im-auge-der-tuerkei-balken-in-deutschland\/#breadcrumb","itemListElement":[{"@type":"ListItem","position":1,"name":"Home","item":"https:\/\/now-news.de\/de\/"},{"@type":"ListItem","position":2,"name":"Die Macht der Videos und Medien: Splitter im Auge der T\u00fcrkei \u2013 Balken in Deutschland"}]},{"@type":"WebSite","@id":"https:\/\/now-news.de\/de\/#website","url":"https:\/\/now-news.de\/de\/","name":"just-now.NEWS Deutschland","description":"Das Portal f\u00fcr unzensierte Nachrichten aus der Welt","publisher":{"@id":"https:\/\/now-news.de\/de\/#organization"},"potentialAction":[{"@type":"SearchAction","target":{"@type":"EntryPoint","urlTemplate":"https:\/\/now-news.de\/de\/?s={search_term_string}"},"query-input":"required name=search_term_string"}],"inLanguage":"de"},{"@type":"Organization","@id":"https:\/\/now-news.de\/de\/#organization","name":"Just Now News","url":"https:\/\/now-news.de\/de\/","logo":{"@type":"ImageObject","inLanguage":"de","@id":"https:\/\/now-news.de\/de\/#\/schema\/logo\/image\/","url":"http:\/\/just-now.news\/de\/wp-content\/uploads\/sites\/3\/2022\/04\/logo500x500.jpg","contentUrl":"http:\/\/just-now.news\/de\/wp-content\/uploads\/sites\/3\/2022\/04\/logo500x500.jpg","width":500,"height":500,"caption":"Just Now News"},"image":{"@id":"https:\/\/now-news.de\/de\/#\/schema\/logo\/image\/"},"sameAs":["https:\/\/www.facebook.com\/wirmachenauf","https:\/\/x.com\/WirMachenAuf_de"]},{"@type":"Person","@id":"https:\/\/now-news.de\/de\/#\/schema\/person\/fb534a4e865501d8b3285208df34a9b5","name":"rtnews","image":{"@type":"ImageObject","inLanguage":"de","@id":"https:\/\/now-news.de\/de\/#\/schema\/person\/image\/","url":"https:\/\/secure.gravatar.com\/avatar\/82aafea7d8127119dd649515f56e2117?s=96&d=mm&r=g","contentUrl":"https:\/\/secure.gravatar.com\/avatar\/82aafea7d8127119dd649515f56e2117?s=96&d=mm&r=g","caption":"rtnews"},"url":"https:\/\/now-news.de\/de\/author\/rnews\/"}]}},"_links":{"self":[{"href":"https:\/\/now-news.de\/de\/wp-json\/wp\/v2\/posts\/37120"}],"collection":[{"href":"https:\/\/now-news.de\/de\/wp-json\/wp\/v2\/posts"}],"about":[{"href":"https:\/\/now-news.de\/de\/wp-json\/wp\/v2\/types\/post"}],"author":[{"embeddable":true,"href":"https:\/\/now-news.de\/de\/wp-json\/wp\/v2\/users\/3"}],"replies":[{"embeddable":true,"href":"https:\/\/now-news.de\/de\/wp-json\/wp\/v2\/comments?post=37120"}],"version-history":[{"count":0,"href":"https:\/\/now-news.de\/de\/wp-json\/wp\/v2\/posts\/37120\/revisions"}],"wp:featuredmedia":[{"embeddable":true,"href":"https:\/\/now-news.de\/de\/wp-json\/wp\/v2\/media\/37121"}],"wp:attachment":[{"href":"https:\/\/now-news.de\/de\/wp-json\/wp\/v2\/media?parent=37120"}],"wp:term":[{"taxonomy":"category","embeddable":true,"href":"https:\/\/now-news.de\/de\/wp-json\/wp\/v2\/categories?post=37120"},{"taxonomy":"post_tag","embeddable":true,"href":"https:\/\/now-news.de\/de\/wp-json\/wp\/v2\/tags?post=37120"}],"curies":[{"name":"wp","href":"https:\/\/api.w.org\/{rel}","templated":true}]}}