{"id":37114,"date":"2023-05-31T12:02:20","date_gmt":"2023-05-31T10:02:20","guid":{"rendered":"http:\/\/just-now.news\/de\/deutschland\/grenzgebiet-belgorod-gouverneur-kuendigt-evakuierung-von-kindern-an\/"},"modified":"2023-05-31T12:02:20","modified_gmt":"2023-05-31T10:02:20","slug":"grenzgebiet-belgorod-gouverneur-kuendigt-evakuierung-von-kindern-an","status":"publish","type":"post","link":"https:\/\/now-news.de\/de\/deutschland\/grenzgebiet-belgorod-gouverneur-kuendigt-evakuierung-von-kindern-an\/","title":{"rendered":"Grenzgebiet Belgorod: Gouverneur k\u00fcndigt Evakuierung von Kindern an"},"content":{"rendered":"<p><img decoding=\"async\" src=\"http:\/\/just-now.news\/de\/wp-content\/uploads\/sites\/3\/2023\/05\/647707abb480cc10a861e3c3.jpg\" \/><\/p>\n<div class=\"Text-root Text-type_1 \">\n                Am Mittwoch beginnen die Beh\u00f6rden des russischen Grenzgebietes Belgorod mit der Evakuierung von Kindern aus zwei Bezirken, aufgrund des Beschusses durch die ukrainischen Streitkr\u00e4fte. Dies teilte der Chef der Region mit.\n            <\/div>\n<p><\/p>\n<div class=\"Text-root Text-type_5 ArticleView-text ViewText-root \">\n<p>Wie Wjatscheslaw Gladkow,\u00a0Gouverneur des Gebiets Belgorod, am fr\u00fchen Mittwochmorgen auf Telegram mitteilte, verschlimmere sich die Lage in der Stadt Schebekino. Der Ort sei in der Nacht von den ukrainischen Streitkr\u00e4ften massiv beschossen worden, vier Menschen trugen Verletzungen davon.\u00a0Gladkows Angaben zufolge\u00a0wurden zwei der Opfer ins Krankenhaus eingeliefert. Die Fenster, Fassaden und D\u00e4cher mehrerer Wohnh\u00e4user, einer Schule und zweier Verwaltungsgeb\u00e4ude seien zerst\u00f6rt, ein Gesch\u00e4ft sei v\u00f6llig ausgebrannt. Es gebe zudem Sch\u00e4den an mehreren Fahrzeugen.<\/p>\n<p>Der Gouverneur k\u00fcndigte an, dass am Mittwoch die Evakuierung von Kindern aus den Bezirken Schebekino und Graiworon beginne. Die ersten 300 Kinder w\u00fcrden nach Woronesch ins s\u00fcdliche Zentralrussland gebracht.<\/p>\n<p>Schebekino und Graiworon grenzen an die Ukraine. Die Beh\u00f6rden hatten in den vergangenen Tagen berichtet,\u00a0dass\u00a0die Region\u00a0t\u00e4glich unter Beschuss liege.\u00a0Am Dienstag wurden bei dem Beschuss eines\u00a0provisorischen Unterkunftszentrums ein Mann get\u00f6tet und zwei weitere verletzt.<\/p>\n<p><strong>Mehr zum Thema<\/strong> &#8211; <a rel=\"nofollow noopener\" target=\"_blank\" href=\"https:\/\/freeassange.rtde.life\/international\/171257-russischer-gouverneur-charkow-sollte-gebiet\/\">Russischer Gouverneur: Charkow sollte dem Gebiet Belgorod angegliedert werden<\/a><\/p>\n<\/div>\n<p><br \/>\n<br \/><a href=\"https:\/\/de.rt.com\/international\/171427-grenzgebiet-belgorod-gouverneur-kuendigt-evakuierung\/\">Source link <\/a><\/p>\n","protected":false},"excerpt":{"rendered":"<p>Am Mittwoch beginnen die Beh\u00f6rden des russischen Grenzgebietes Belgorod mit der Evakuierung von Kindern aus zwei Bezirken, aufgrund des Beschusses durch die ukrainischen Streitkr\u00e4fte. Dies teilte der Chef der Region mit. Wie Wjatscheslaw Gladkow,\u00a0Gouverneur des Gebiets Belgorod, am fr\u00fchen Mittwochmorgen auf Telegram mitteilte, verschlimmere sich die Lage in der Stadt Schebekino. Der Ort sei in [&hellip;]<\/p>\n","protected":false},"author":3,"featured_media":37115,"comment_status":"open","ping_status":"open","sticky":false,"template":"","format":"standard","meta":{"_yoast_indexnow_last_ping":["1685528118"],"wp_automatic_camp":["217"],"a83db4f296ef4808040e0c6832fe9c2f":["Grenzgebiet Belgorod: Gouverneur k\u00fcndigt Evakuierung von Kindern an"],"original_link":["https:\/\/de.rt.com\/international\/171427-grenzgebiet-belgorod-gouverneur-kuendigt-evakuierung\/"],"_thumbnail_id":["37115"],"jnews_social_counter_last_update":["1777021435"],"_wptgpro_p2tg_sent2tg":["a:1:{i:23737;s:19:\"2023-05-31 12:16:27\";}"]},"categories":[19,23],"tags":[11473,4694,4345,24848,5083,4224,50],"yoast_head":"<!-- This site is optimized with the Yoast SEO Premium plugin v22.7 (Yoast SEO v22.7) - https:\/\/yoast.com\/wordpress\/plugins\/seo\/ -->\n<title>Grenzgebiet Belgorod: Gouverneur k\u00fcndigt Evakuierung von Kindern an - just-now.NEWS Deutschland<\/title>\n<meta name=\"robots\" content=\"index, follow, max-snippet:-1, max-image-preview:large, max-video-preview:-1\" \/>\n<link rel=\"canonical\" href=\"https:\/\/now-news.de\/de\/deutschland\/grenzgebiet-belgorod-gouverneur-kuendigt-evakuierung-von-kindern-an\/\" \/>\n<meta property=\"og:locale\" content=\"de_DE\" \/>\n<meta property=\"og:type\" content=\"article\" \/>\n<meta property=\"og:title\" content=\"Grenzgebiet Belgorod: Gouverneur k\u00fcndigt Evakuierung von Kindern an\" \/>\n<meta property=\"og:description\" content=\"Am Mittwoch beginnen die Beh\u00f6rden des russischen Grenzgebietes Belgorod mit der Evakuierung von Kindern aus zwei Bezirken, aufgrund des Beschusses durch die ukrainischen Streitkr\u00e4fte. Dies teilte der Chef der Region mit. Wie Wjatscheslaw Gladkow,\u00a0Gouverneur des Gebiets Belgorod, am fr\u00fchen Mittwochmorgen auf Telegram mitteilte, verschlimmere sich die Lage in der Stadt Schebekino. Der Ort sei in [&hellip;]\" \/>\n<meta property=\"og:url\" content=\"https:\/\/now-news.de\/de\/deutschland\/grenzgebiet-belgorod-gouverneur-kuendigt-evakuierung-von-kindern-an\/\" \/>\n<meta property=\"og:site_name\" content=\"just-now.NEWS Deutschland\" \/>\n<meta property=\"article:publisher\" content=\"https:\/\/www.facebook.com\/wirmachenauf\" \/>\n<meta property=\"article:published_time\" content=\"2023-05-31T10:02:20+00:00\" \/>\n<meta property=\"og:image\" content=\"https:\/\/now-news.de\/de\/wp-content\/uploads\/sites\/3\/2023\/05\/Grenzgebiet-Belgorod-Gouverneur-kuendigt-Evakuierung-von-Kindern-an.jpg\" \/>\n\t<meta property=\"og:image:width\" content=\"460\" \/>\n\t<meta property=\"og:image:height\" content=\"259\" \/>\n\t<meta property=\"og:image:type\" content=\"image\/jpeg\" \/>\n<meta name=\"author\" content=\"rtnews\" \/>\n<meta name=\"twitter:card\" content=\"summary_large_image\" \/>\n<meta name=\"twitter:creator\" content=\"@WirMachenAuf_de\" \/>\n<meta name=\"twitter:site\" content=\"@WirMachenAuf_de\" \/>\n<meta name=\"twitter:label1\" content=\"Verfasst von\" \/>\n\t<meta name=\"twitter:data1\" content=\"rtnews\" \/>\n\t<meta name=\"twitter:label2\" content=\"Gesch\u00e4tzte Lesezeit\" \/>\n\t<meta name=\"twitter:data2\" content=\"1\u00a0Minute\" \/>\n<script type=\"application\/ld+json\" class=\"yoast-schema-graph\">{\"@context\":\"https:\/\/schema.org\",\"@graph\":[{\"@type\":\"Article\",\"@id\":\"https:\/\/now-news.de\/de\/deutschland\/grenzgebiet-belgorod-gouverneur-kuendigt-evakuierung-von-kindern-an\/#article\",\"isPartOf\":{\"@id\":\"https:\/\/now-news.de\/de\/deutschland\/grenzgebiet-belgorod-gouverneur-kuendigt-evakuierung-von-kindern-an\/\"},\"author\":{\"name\":\"rtnews\",\"@id\":\"https:\/\/now-news.de\/de\/#\/schema\/person\/fb534a4e865501d8b3285208df34a9b5\"},\"headline\":\"Grenzgebiet Belgorod: Gouverneur k\u00fcndigt Evakuierung von Kindern an\",\"datePublished\":\"2023-05-31T10:02:20+00:00\",\"dateModified\":\"2023-05-31T10:02:20+00:00\",\"mainEntityOfPage\":{\"@id\":\"https:\/\/now-news.de\/de\/deutschland\/grenzgebiet-belgorod-gouverneur-kuendigt-evakuierung-von-kindern-an\/\"},\"wordCount\":214,\"commentCount\":0,\"publisher\":{\"@id\":\"https:\/\/now-news.de\/de\/#organization\"},\"image\":{\"@id\":\"https:\/\/now-news.de\/de\/deutschland\/grenzgebiet-belgorod-gouverneur-kuendigt-evakuierung-von-kindern-an\/#primaryimage\"},\"thumbnailUrl\":\"https:\/\/now-news.de\/de\/wp-content\/uploads\/sites\/3\/2023\/05\/Grenzgebiet-Belgorod-Gouverneur-kuendigt-Evakuierung-von-Kindern-an.jpg\",\"keywords\":[\"Belgorod\",\"Evakuierung\",\"Gouverneur\",\"Grenzgebiet\",\"Kindern\",\"k\u00fcndigt\",\"von\"],\"articleSection\":[\"Deutschland\",\"Russland\"],\"inLanguage\":\"de\",\"potentialAction\":[{\"@type\":\"CommentAction\",\"name\":\"Comment\",\"target\":[\"https:\/\/now-news.de\/de\/deutschland\/grenzgebiet-belgorod-gouverneur-kuendigt-evakuierung-von-kindern-an\/#respond\"]}]},{\"@type\":\"WebPage\",\"@id\":\"https:\/\/now-news.de\/de\/deutschland\/grenzgebiet-belgorod-gouverneur-kuendigt-evakuierung-von-kindern-an\/\",\"url\":\"https:\/\/now-news.de\/de\/deutschland\/grenzgebiet-belgorod-gouverneur-kuendigt-evakuierung-von-kindern-an\/\",\"name\":\"Grenzgebiet Belgorod: Gouverneur k\u00fcndigt Evakuierung von Kindern an - just-now.NEWS Deutschland\",\"isPartOf\":{\"@id\":\"https:\/\/now-news.de\/de\/#website\"},\"primaryImageOfPage\":{\"@id\":\"https:\/\/now-news.de\/de\/deutschland\/grenzgebiet-belgorod-gouverneur-kuendigt-evakuierung-von-kindern-an\/#primaryimage\"},\"image\":{\"@id\":\"https:\/\/now-news.de\/de\/deutschland\/grenzgebiet-belgorod-gouverneur-kuendigt-evakuierung-von-kindern-an\/#primaryimage\"},\"thumbnailUrl\":\"https:\/\/now-news.de\/de\/wp-content\/uploads\/sites\/3\/2023\/05\/Grenzgebiet-Belgorod-Gouverneur-kuendigt-Evakuierung-von-Kindern-an.jpg\",\"datePublished\":\"2023-05-31T10:02:20+00:00\",\"dateModified\":\"2023-05-31T10:02:20+00:00\",\"breadcrumb\":{\"@id\":\"https:\/\/now-news.de\/de\/deutschland\/grenzgebiet-belgorod-gouverneur-kuendigt-evakuierung-von-kindern-an\/#breadcrumb\"},\"inLanguage\":\"de\",\"potentialAction\":[{\"@type\":\"ReadAction\",\"target\":[\"https:\/\/now-news.de\/de\/deutschland\/grenzgebiet-belgorod-gouverneur-kuendigt-evakuierung-von-kindern-an\/\"]}]},{\"@type\":\"ImageObject\",\"inLanguage\":\"de\",\"@id\":\"https:\/\/now-news.de\/de\/deutschland\/grenzgebiet-belgorod-gouverneur-kuendigt-evakuierung-von-kindern-an\/#primaryimage\",\"url\":\"https:\/\/now-news.de\/de\/wp-content\/uploads\/sites\/3\/2023\/05\/Grenzgebiet-Belgorod-Gouverneur-kuendigt-Evakuierung-von-Kindern-an.jpg\",\"contentUrl\":\"https:\/\/now-news.de\/de\/wp-content\/uploads\/sites\/3\/2023\/05\/Grenzgebiet-Belgorod-Gouverneur-kuendigt-Evakuierung-von-Kindern-an.jpg\",\"width\":460,\"height\":259,\"caption\":\"Grenzgebiet Belgorod: Gouverneur k\u00fcndigt Evakuierung von Kindern an\"},{\"@type\":\"BreadcrumbList\",\"@id\":\"https:\/\/now-news.de\/de\/deutschland\/grenzgebiet-belgorod-gouverneur-kuendigt-evakuierung-von-kindern-an\/#breadcrumb\",\"itemListElement\":[{\"@type\":\"ListItem\",\"position\":1,\"name\":\"Home\",\"item\":\"https:\/\/now-news.de\/de\/\"},{\"@type\":\"ListItem\",\"position\":2,\"name\":\"Grenzgebiet Belgorod: Gouverneur k\u00fcndigt Evakuierung von Kindern an\"}]},{\"@type\":\"WebSite\",\"@id\":\"https:\/\/now-news.de\/de\/#website\",\"url\":\"https:\/\/now-news.de\/de\/\",\"name\":\"just-now.NEWS Deutschland\",\"description\":\"Das Portal f\u00fcr unzensierte Nachrichten aus der Welt\",\"publisher\":{\"@id\":\"https:\/\/now-news.de\/de\/#organization\"},\"potentialAction\":[{\"@type\":\"SearchAction\",\"target\":{\"@type\":\"EntryPoint\",\"urlTemplate\":\"https:\/\/now-news.de\/de\/?s={search_term_string}\"},\"query-input\":\"required name=search_term_string\"}],\"inLanguage\":\"de\"},{\"@type\":\"Organization\",\"@id\":\"https:\/\/now-news.de\/de\/#organization\",\"name\":\"Just Now News\",\"url\":\"https:\/\/now-news.de\/de\/\",\"logo\":{\"@type\":\"ImageObject\",\"inLanguage\":\"de\",\"@id\":\"https:\/\/now-news.de\/de\/#\/schema\/logo\/image\/\",\"url\":\"http:\/\/just-now.news\/de\/wp-content\/uploads\/sites\/3\/2022\/04\/logo500x500.jpg\",\"contentUrl\":\"http:\/\/just-now.news\/de\/wp-content\/uploads\/sites\/3\/2022\/04\/logo500x500.jpg\",\"width\":500,\"height\":500,\"caption\":\"Just Now News\"},\"image\":{\"@id\":\"https:\/\/now-news.de\/de\/#\/schema\/logo\/image\/\"},\"sameAs\":[\"https:\/\/www.facebook.com\/wirmachenauf\",\"https:\/\/x.com\/WirMachenAuf_de\"]},{\"@type\":\"Person\",\"@id\":\"https:\/\/now-news.de\/de\/#\/schema\/person\/fb534a4e865501d8b3285208df34a9b5\",\"name\":\"rtnews\",\"image\":{\"@type\":\"ImageObject\",\"inLanguage\":\"de\",\"@id\":\"https:\/\/now-news.de\/de\/#\/schema\/person\/image\/\",\"url\":\"https:\/\/secure.gravatar.com\/avatar\/82aafea7d8127119dd649515f56e2117?s=96&d=mm&r=g\",\"contentUrl\":\"https:\/\/secure.gravatar.com\/avatar\/82aafea7d8127119dd649515f56e2117?s=96&d=mm&r=g\",\"caption\":\"rtnews\"},\"url\":\"https:\/\/now-news.de\/de\/author\/rnews\/\"}]}<\/script>\n<!-- \/ Yoast SEO Premium plugin. -->","yoast_head_json":{"title":"Grenzgebiet Belgorod: Gouverneur k\u00fcndigt Evakuierung von Kindern an - just-now.NEWS Deutschland","robots":{"index":"index","follow":"follow","max-snippet":"max-snippet:-1","max-image-preview":"max-image-preview:large","max-video-preview":"max-video-preview:-1"},"canonical":"https:\/\/now-news.de\/de\/deutschland\/grenzgebiet-belgorod-gouverneur-kuendigt-evakuierung-von-kindern-an\/","og_locale":"de_DE","og_type":"article","og_title":"Grenzgebiet Belgorod: Gouverneur k\u00fcndigt Evakuierung von Kindern an","og_description":"Am Mittwoch beginnen die Beh\u00f6rden des russischen Grenzgebietes Belgorod mit der Evakuierung von Kindern aus zwei Bezirken, aufgrund des Beschusses durch die ukrainischen Streitkr\u00e4fte. Dies teilte der Chef der Region mit. Wie Wjatscheslaw Gladkow,\u00a0Gouverneur des Gebiets Belgorod, am fr\u00fchen Mittwochmorgen auf Telegram mitteilte, verschlimmere sich die Lage in der Stadt Schebekino. Der Ort sei in [&hellip;]","og_url":"https:\/\/now-news.de\/de\/deutschland\/grenzgebiet-belgorod-gouverneur-kuendigt-evakuierung-von-kindern-an\/","og_site_name":"just-now.NEWS Deutschland","article_publisher":"https:\/\/www.facebook.com\/wirmachenauf","article_published_time":"2023-05-31T10:02:20+00:00","og_image":[{"width":460,"height":259,"url":"https:\/\/now-news.de\/de\/wp-content\/uploads\/sites\/3\/2023\/05\/Grenzgebiet-Belgorod-Gouverneur-kuendigt-Evakuierung-von-Kindern-an.jpg","type":"image\/jpeg"}],"author":"rtnews","twitter_card":"summary_large_image","twitter_creator":"@WirMachenAuf_de","twitter_site":"@WirMachenAuf_de","twitter_misc":{"Verfasst von":"rtnews","Gesch\u00e4tzte Lesezeit":"1\u00a0Minute"},"schema":{"@context":"https:\/\/schema.org","@graph":[{"@type":"Article","@id":"https:\/\/now-news.de\/de\/deutschland\/grenzgebiet-belgorod-gouverneur-kuendigt-evakuierung-von-kindern-an\/#article","isPartOf":{"@id":"https:\/\/now-news.de\/de\/deutschland\/grenzgebiet-belgorod-gouverneur-kuendigt-evakuierung-von-kindern-an\/"},"author":{"name":"rtnews","@id":"https:\/\/now-news.de\/de\/#\/schema\/person\/fb534a4e865501d8b3285208df34a9b5"},"headline":"Grenzgebiet Belgorod: Gouverneur k\u00fcndigt Evakuierung von Kindern an","datePublished":"2023-05-31T10:02:20+00:00","dateModified":"2023-05-31T10:02:20+00:00","mainEntityOfPage":{"@id":"https:\/\/now-news.de\/de\/deutschland\/grenzgebiet-belgorod-gouverneur-kuendigt-evakuierung-von-kindern-an\/"},"wordCount":214,"commentCount":0,"publisher":{"@id":"https:\/\/now-news.de\/de\/#organization"},"image":{"@id":"https:\/\/now-news.de\/de\/deutschland\/grenzgebiet-belgorod-gouverneur-kuendigt-evakuierung-von-kindern-an\/#primaryimage"},"thumbnailUrl":"https:\/\/now-news.de\/de\/wp-content\/uploads\/sites\/3\/2023\/05\/Grenzgebiet-Belgorod-Gouverneur-kuendigt-Evakuierung-von-Kindern-an.jpg","keywords":["Belgorod","Evakuierung","Gouverneur","Grenzgebiet","Kindern","k\u00fcndigt","von"],"articleSection":["Deutschland","Russland"],"inLanguage":"de","potentialAction":[{"@type":"CommentAction","name":"Comment","target":["https:\/\/now-news.de\/de\/deutschland\/grenzgebiet-belgorod-gouverneur-kuendigt-evakuierung-von-kindern-an\/#respond"]}]},{"@type":"WebPage","@id":"https:\/\/now-news.de\/de\/deutschland\/grenzgebiet-belgorod-gouverneur-kuendigt-evakuierung-von-kindern-an\/","url":"https:\/\/now-news.de\/de\/deutschland\/grenzgebiet-belgorod-gouverneur-kuendigt-evakuierung-von-kindern-an\/","name":"Grenzgebiet Belgorod: Gouverneur k\u00fcndigt Evakuierung von Kindern an - just-now.NEWS Deutschland","isPartOf":{"@id":"https:\/\/now-news.de\/de\/#website"},"primaryImageOfPage":{"@id":"https:\/\/now-news.de\/de\/deutschland\/grenzgebiet-belgorod-gouverneur-kuendigt-evakuierung-von-kindern-an\/#primaryimage"},"image":{"@id":"https:\/\/now-news.de\/de\/deutschland\/grenzgebiet-belgorod-gouverneur-kuendigt-evakuierung-von-kindern-an\/#primaryimage"},"thumbnailUrl":"https:\/\/now-news.de\/de\/wp-content\/uploads\/sites\/3\/2023\/05\/Grenzgebiet-Belgorod-Gouverneur-kuendigt-Evakuierung-von-Kindern-an.jpg","datePublished":"2023-05-31T10:02:20+00:00","dateModified":"2023-05-31T10:02:20+00:00","breadcrumb":{"@id":"https:\/\/now-news.de\/de\/deutschland\/grenzgebiet-belgorod-gouverneur-kuendigt-evakuierung-von-kindern-an\/#breadcrumb"},"inLanguage":"de","potentialAction":[{"@type":"ReadAction","target":["https:\/\/now-news.de\/de\/deutschland\/grenzgebiet-belgorod-gouverneur-kuendigt-evakuierung-von-kindern-an\/"]}]},{"@type":"ImageObject","inLanguage":"de","@id":"https:\/\/now-news.de\/de\/deutschland\/grenzgebiet-belgorod-gouverneur-kuendigt-evakuierung-von-kindern-an\/#primaryimage","url":"https:\/\/now-news.de\/de\/wp-content\/uploads\/sites\/3\/2023\/05\/Grenzgebiet-Belgorod-Gouverneur-kuendigt-Evakuierung-von-Kindern-an.jpg","contentUrl":"https:\/\/now-news.de\/de\/wp-content\/uploads\/sites\/3\/2023\/05\/Grenzgebiet-Belgorod-Gouverneur-kuendigt-Evakuierung-von-Kindern-an.jpg","width":460,"height":259,"caption":"Grenzgebiet Belgorod: Gouverneur k\u00fcndigt Evakuierung von Kindern an"},{"@type":"BreadcrumbList","@id":"https:\/\/now-news.de\/de\/deutschland\/grenzgebiet-belgorod-gouverneur-kuendigt-evakuierung-von-kindern-an\/#breadcrumb","itemListElement":[{"@type":"ListItem","position":1,"name":"Home","item":"https:\/\/now-news.de\/de\/"},{"@type":"ListItem","position":2,"name":"Grenzgebiet Belgorod: Gouverneur k\u00fcndigt Evakuierung von Kindern an"}]},{"@type":"WebSite","@id":"https:\/\/now-news.de\/de\/#website","url":"https:\/\/now-news.de\/de\/","name":"just-now.NEWS Deutschland","description":"Das Portal f\u00fcr unzensierte Nachrichten aus der Welt","publisher":{"@id":"https:\/\/now-news.de\/de\/#organization"},"potentialAction":[{"@type":"SearchAction","target":{"@type":"EntryPoint","urlTemplate":"https:\/\/now-news.de\/de\/?s={search_term_string}"},"query-input":"required name=search_term_string"}],"inLanguage":"de"},{"@type":"Organization","@id":"https:\/\/now-news.de\/de\/#organization","name":"Just Now News","url":"https:\/\/now-news.de\/de\/","logo":{"@type":"ImageObject","inLanguage":"de","@id":"https:\/\/now-news.de\/de\/#\/schema\/logo\/image\/","url":"http:\/\/just-now.news\/de\/wp-content\/uploads\/sites\/3\/2022\/04\/logo500x500.jpg","contentUrl":"http:\/\/just-now.news\/de\/wp-content\/uploads\/sites\/3\/2022\/04\/logo500x500.jpg","width":500,"height":500,"caption":"Just Now News"},"image":{"@id":"https:\/\/now-news.de\/de\/#\/schema\/logo\/image\/"},"sameAs":["https:\/\/www.facebook.com\/wirmachenauf","https:\/\/x.com\/WirMachenAuf_de"]},{"@type":"Person","@id":"https:\/\/now-news.de\/de\/#\/schema\/person\/fb534a4e865501d8b3285208df34a9b5","name":"rtnews","image":{"@type":"ImageObject","inLanguage":"de","@id":"https:\/\/now-news.de\/de\/#\/schema\/person\/image\/","url":"https:\/\/secure.gravatar.com\/avatar\/82aafea7d8127119dd649515f56e2117?s=96&d=mm&r=g","contentUrl":"https:\/\/secure.gravatar.com\/avatar\/82aafea7d8127119dd649515f56e2117?s=96&d=mm&r=g","caption":"rtnews"},"url":"https:\/\/now-news.de\/de\/author\/rnews\/"}]}},"_links":{"self":[{"href":"https:\/\/now-news.de\/de\/wp-json\/wp\/v2\/posts\/37114"}],"collection":[{"href":"https:\/\/now-news.de\/de\/wp-json\/wp\/v2\/posts"}],"about":[{"href":"https:\/\/now-news.de\/de\/wp-json\/wp\/v2\/types\/post"}],"author":[{"embeddable":true,"href":"https:\/\/now-news.de\/de\/wp-json\/wp\/v2\/users\/3"}],"replies":[{"embeddable":true,"href":"https:\/\/now-news.de\/de\/wp-json\/wp\/v2\/comments?post=37114"}],"version-history":[{"count":0,"href":"https:\/\/now-news.de\/de\/wp-json\/wp\/v2\/posts\/37114\/revisions"}],"wp:featuredmedia":[{"embeddable":true,"href":"https:\/\/now-news.de\/de\/wp-json\/wp\/v2\/media\/37115"}],"wp:attachment":[{"href":"https:\/\/now-news.de\/de\/wp-json\/wp\/v2\/media?parent=37114"}],"wp:term":[{"taxonomy":"category","embeddable":true,"href":"https:\/\/now-news.de\/de\/wp-json\/wp\/v2\/categories?post=37114"},{"taxonomy":"post_tag","embeddable":true,"href":"https:\/\/now-news.de\/de\/wp-json\/wp\/v2\/tags?post=37114"}],"curies":[{"name":"wp","href":"https:\/\/api.w.org\/{rel}","templated":true}]}}