{"id":37112,"date":"2023-05-31T11:42:03","date_gmt":"2023-05-31T09:42:03","guid":{"rendered":"https:\/\/just-now.news\/de\/deutschland\/linksextreme-wollen-nach-urteil-im-prozess-gegen-lina-e-ein-militantes-zeichen-setzen\/"},"modified":"2023-05-31T11:42:03","modified_gmt":"2023-05-31T09:42:03","slug":"linksextreme-wollen-nach-urteil-im-prozess-gegen-lina-e-ein-militantes-zeichen-setzen","status":"publish","type":"post","link":"https:\/\/now-news.de\/de\/deutschland\/linksextreme-wollen-nach-urteil-im-prozess-gegen-lina-e-ein-militantes-zeichen-setzen\/","title":{"rendered":"Linksextreme wollen nach Urteil im Prozess gegen Lina E. ein &quot;militantes Zeichen&quot; setzen"},"content":{"rendered":"<p><img decoding=\"async\" src=\"http:\/\/just-now.news\/de\/wp-content\/uploads\/sites\/3\/2023\/05\/6475e0b7b480cc0d3c0eddbc.jpg\" \/><\/p>\n<div class=\"Text-root Text-type_1 \">\n                In Erwartung der Verurteilung der sogenannten &#8220;Hammerbande&#8221; um die mutma\u00dfliche R\u00e4delsf\u00fchrerin Lina E. am Mittwoch mobilisiert die linksradikale Szene f\u00fcr eine Gro\u00dfdemonstration in Leipzig am 3. Juni. Die Polizei Sachsen rechnet mit Gewaltbereitschaft und Straftaten.\n            <\/div>\n<p><\/p>\n<div class=\"Text-root Text-type_5 ArticleView-text ViewText-root \">\n<p>Am Mittwoch wird im Prozess gegen drei mutma\u00dfliche Linksextremisten vor dem Dresdener Oberlandesgericht die Urteilsverk\u00fcndung erwartet. Der Hauptangeklagten Lina E. sowie weiteren drei M\u00e4nnern wird vorgeworfen, zwischen 2018 und 2020 als sogenannte &#8220;Hammerbande&#8221; Angriffe auf Personen aus der rechten Szene geplant und durchgef\u00fchrt zu haben. Lina E. wird zudem die Bildung einer kriminellen Vereinigung vorgeworfen.<\/p>\n<p>Der Prozess hatte im September 2021 begonnen. Am vergangenen Mittwoch hielten die Verteidiger ihre letzten Pl\u00e4doyers. Die Generalbundesanwaltschaft verlangte f\u00fcr Lina E. acht Jahre Haft und f\u00fcr die anderen Angeklagten zwei Jahre und neun Monate bzw. drei Jahre und neun Monate Haft.<\/p>\n<p><strong>Indymedia: &#8220;Ein militantes Zeichen setzen&#8221;<\/strong><\/p>\n<p>In Erwartung der Verurteilung von Lina E. ist in der linksextremen Szene seit Monaten von einem &#8220;Tag X&#8221; die Rede. Gemeint sind bundesweite Demonstrationen\u00a0w\u00e4hrend der Tage nach dem Urteilsspruch am Mittwoch.<\/p>\n<p>Die Hauptdemonstration soll am Sonnabend, also am 3. Juni in Leipzig stattfinden. Ein Aufruf auf der linksradikalen Online-Plattform <em>Indymedia<\/em> vom 27. Mai deutet darauf hin, dass mit\u00a0massiven Ausschreitungen zu rechnen ist.<\/p>\n<p>Laut\u00a0dem Aufruf, der den Titel tr\u00e4gt &#8220;Warum es wichtig ist, nach dem Urteil ein militantes Zeichen zu setzen&#8221;, soll die Demonstration am &#8220;Tag X&#8221; der gr\u00f6\u00dfte schwarze Block seit der &#8220;deutschen Wiedervereinigung&#8221; werden. An gleich mehreren Stellen wird zur Gewalt gegen Polizisten aufgerufen, etwa durch das Werfen von Steinen und den Einsatz von Zwillen mit Stahlkugeln.<\/p>\n<p>Die Autoren des Aufrufs hoffen auf die Teilnahme von Personen aus ganz Deutschland sowie dem europ\u00e4ischen Ausland. Von einem m\u00f6glichen Demonstrationsverbot sollten sich die Teilnehmer nicht abschrecken lassen, hei\u00dft es zudem. Die Demonstration solle bewirken, dass k\u00fcnftig kein Gericht in Deutschland\u00a0mehr leichtfertig &#8220;Genoss*innen&#8221; zu &#8220;drakonischen Haftstrafen&#8221; verurteilen wird.<\/p>\n<p>Andere Antifa-Gruppen, die ebenfalls zur Demonstration am 3. Juni aufriefen, distanzierten sich hingegen von Gewaltaufrufen. Die S\u00e4chsische Landtagsabgeordnete Juliane Nagel (Die Linke) wandte sich in einem offenen Brief gegen den Einsatz von Gewalt und bat darum, Leipzig und den Stadtteil Connewitz nicht zu &#8220;zerkloppen&#8221;.<\/p>\n<p><strong>Polizei Leipzig erwartet &#8220;gewaltbereite\u00a0und gewaltsuchende Personen&#8221;<\/strong><\/p>\n<p>Ob die Demonstration am Sonnabend in Leipzig verboten wird, bleibt noch abzuwarten. Sachsens Innenminister Armin Schuster (CDU) sagte, dass man die Anreise &#8220;sehr gewaltbereiter Aktivisten und Extremisten&#8221; erwarte. Man werde &#8220;sehr viele Kr\u00e4fte brauchen, um die Lage zu beherrschen&#8221;.<\/p>\n<p>Der sicherheitspolitische Sprecher der s\u00e4chsischen AfD-Fraktion,\u00a0Carsten H\u00fctter, forderte, gewaltbereite Demonstranten\u00a0zum Schutz der Leipziger B\u00fcrger und Infrastruktur in Pr\u00e4ventivgewahrsam nehmen zu lassen.<\/p>\n<p>Die Polizei Sachsen teilte in einer Pressemitteilung am Dienstag mit, dass die Polizeidirektion Leipzig vor dem gr\u00f6\u00dften Polizeieinsatz der letzten beiden Jahre stehe.<\/p>\n<p>Am 3. Juni\u00a0sollen in Leipzig\u00a0neben\u00a0der Demonstration noch ein Stadtfest, das Fu\u00dfballspiel im Sachsenpokalfinale zwischen dem 1. FC Lok Leipzig und dem Chemnitzer FC sowie ein Konzert mit Herbert Gr\u00f6nemeyer stattfinden. Das Fu\u00dfballspiel k\u00f6nnte hingegen verschoben werden. Zur angek\u00fcndigten Demonstration hie\u00df es in der polizeilichen Mitteilung:<\/p>\n<blockquote>\n<p><em>&#8220;Alle der Polizeidirektion Leipzig vorliegenden Erkenntnisse lassen prognostisch den Schluss zu, dass auch gewaltbereite und gewaltsuchende Personen nach Leipzig reisen und Straftaten begehen werden.&#8221;<\/em><\/p>\n<\/blockquote>\n<p>Aufgrund der Demonstration und der zu erwartenden Ausschreitungen r\u00e4t die Polizei Sachsen den Besuchern des Stadtfestes von einer Anreise mit dem Auto ab.<\/p>\n<p><strong>Mehr zum Thema\u00a0<\/strong>\u2013\u00a0<a rel=\"nofollow noopener\" target=\"_blank\" href=\"https:\/\/freeassange.rtde.me\/inland\/165381-linksextremismus-sek-razzia-gegen-mutmassliche\/\">SEK-Razzia in Leipzig und Jena: Mutma\u00dfliche Angreifer von Budapest festgenommen<\/a><\/p>\n<\/div>\n<p><br \/>\n<br \/><a href=\"https:\/\/de.rt.com\/inland\/171351-linksextreme-wollen-nach-urteil-im\/\">Source link <\/a><\/p>\n","protected":false},"excerpt":{"rendered":"<p>In Erwartung der Verurteilung der sogenannten &#8220;Hammerbande&#8221; um die mutma\u00dfliche R\u00e4delsf\u00fchrerin Lina E. am Mittwoch mobilisiert die linksradikale Szene f\u00fcr eine Gro\u00dfdemonstration in Leipzig am 3. Juni. Die Polizei Sachsen rechnet mit Gewaltbereitschaft und Straftaten. Am Mittwoch wird im Prozess gegen drei mutma\u00dfliche Linksextremisten vor dem Dresdener Oberlandesgericht die Urteilsverk\u00fcndung erwartet. Der Hauptangeklagten Lina E. [&hellip;]<\/p>\n","protected":false},"author":3,"featured_media":37113,"comment_status":"open","ping_status":"open","sticky":false,"template":"","format":"standard","meta":{"_yoast_indexnow_last_ping":["1685527075"],"wp_automatic_camp":["217"],"1e8e3d70eec5276511849f66329e0fff":["Linksextreme wollen nach Urteil im Prozess gegen Lina E. ein &quot;militantes Zeichen&quot; setzen"],"original_link":["https:\/\/de.rt.com\/inland\/171351-linksextreme-wollen-nach-urteil-im\/"],"_thumbnail_id":["37113"],"jnews_social_counter_last_update":["1777246011"],"_wptgpro_p2tg_sent2tg":["a:1:{i:23737;s:19:\"2023-05-31 11:59:12\";}"]},"categories":[19,23],"tags":[357,278,12144,18920,979,19590,44965,19207,11769,1050,44966],"yoast_head":"<!-- This site is optimized with the Yoast SEO Premium plugin v22.7 (Yoast SEO v22.7) - https:\/\/yoast.com\/wordpress\/plugins\/seo\/ -->\n<title>Linksextreme wollen nach Urteil im Prozess gegen Lina E. ein &quot;militantes Zeichen&quot; setzen - just-now.NEWS Deutschland<\/title>\n<meta name=\"robots\" content=\"index, follow, max-snippet:-1, max-image-preview:large, max-video-preview:-1\" \/>\n<link rel=\"canonical\" href=\"https:\/\/now-news.de\/de\/deutschland\/linksextreme-wollen-nach-urteil-im-prozess-gegen-lina-e-ein-militantes-zeichen-setzen\/\" \/>\n<meta property=\"og:locale\" content=\"de_DE\" \/>\n<meta property=\"og:type\" content=\"article\" \/>\n<meta property=\"og:title\" content=\"Linksextreme wollen nach Urteil im Prozess gegen Lina E. ein &quot;militantes Zeichen&quot; setzen\" \/>\n<meta property=\"og:description\" content=\"In Erwartung der Verurteilung der sogenannten &#8220;Hammerbande&#8221; um die mutma\u00dfliche R\u00e4delsf\u00fchrerin Lina E. am Mittwoch mobilisiert die linksradikale Szene f\u00fcr eine Gro\u00dfdemonstration in Leipzig am 3. Juni. Die Polizei Sachsen rechnet mit Gewaltbereitschaft und Straftaten. Am Mittwoch wird im Prozess gegen drei mutma\u00dfliche Linksextremisten vor dem Dresdener Oberlandesgericht die Urteilsverk\u00fcndung erwartet. Der Hauptangeklagten Lina E. [&hellip;]\" \/>\n<meta property=\"og:url\" content=\"https:\/\/now-news.de\/de\/deutschland\/linksextreme-wollen-nach-urteil-im-prozess-gegen-lina-e-ein-militantes-zeichen-setzen\/\" \/>\n<meta property=\"og:site_name\" content=\"just-now.NEWS Deutschland\" \/>\n<meta property=\"article:publisher\" content=\"https:\/\/www.facebook.com\/wirmachenauf\" \/>\n<meta property=\"article:published_time\" content=\"2023-05-31T09:42:03+00:00\" \/>\n<meta property=\"og:image\" content=\"https:\/\/now-news.de\/de\/wp-content\/uploads\/sites\/3\/2023\/05\/Linksextreme-wollen-nach-Urteil-im-Prozess-gegen-Lina-E-ein.jpg\" \/>\n\t<meta property=\"og:image:width\" content=\"460\" \/>\n\t<meta property=\"og:image:height\" content=\"259\" \/>\n\t<meta property=\"og:image:type\" content=\"image\/jpeg\" \/>\n<meta name=\"author\" content=\"rtnews\" \/>\n<meta name=\"twitter:card\" content=\"summary_large_image\" \/>\n<meta name=\"twitter:creator\" content=\"@WirMachenAuf_de\" \/>\n<meta name=\"twitter:site\" content=\"@WirMachenAuf_de\" \/>\n<meta name=\"twitter:label1\" content=\"Verfasst von\" \/>\n\t<meta name=\"twitter:data1\" content=\"rtnews\" \/>\n\t<meta name=\"twitter:label2\" content=\"Gesch\u00e4tzte Lesezeit\" \/>\n\t<meta name=\"twitter:data2\" content=\"3\u00a0Minuten\" \/>\n<script type=\"application\/ld+json\" class=\"yoast-schema-graph\">{\"@context\":\"https:\/\/schema.org\",\"@graph\":[{\"@type\":\"Article\",\"@id\":\"https:\/\/now-news.de\/de\/deutschland\/linksextreme-wollen-nach-urteil-im-prozess-gegen-lina-e-ein-militantes-zeichen-setzen\/#article\",\"isPartOf\":{\"@id\":\"https:\/\/now-news.de\/de\/deutschland\/linksextreme-wollen-nach-urteil-im-prozess-gegen-lina-e-ein-militantes-zeichen-setzen\/\"},\"author\":{\"name\":\"rtnews\",\"@id\":\"https:\/\/now-news.de\/de\/#\/schema\/person\/fb534a4e865501d8b3285208df34a9b5\"},\"headline\":\"Linksextreme wollen nach Urteil im Prozess gegen Lina E. ein &quot;militantes Zeichen&quot; setzen\",\"datePublished\":\"2023-05-31T09:42:03+00:00\",\"dateModified\":\"2023-05-31T09:42:03+00:00\",\"mainEntityOfPage\":{\"@id\":\"https:\/\/now-news.de\/de\/deutschland\/linksextreme-wollen-nach-urteil-im-prozess-gegen-lina-e-ein-militantes-zeichen-setzen\/\"},\"wordCount\":594,\"commentCount\":0,\"publisher\":{\"@id\":\"https:\/\/now-news.de\/de\/#organization\"},\"image\":{\"@id\":\"https:\/\/now-news.de\/de\/deutschland\/linksextreme-wollen-nach-urteil-im-prozess-gegen-lina-e-ein-militantes-zeichen-setzen\/#primaryimage\"},\"thumbnailUrl\":\"https:\/\/now-news.de\/de\/wp-content\/uploads\/sites\/3\/2023\/05\/Linksextreme-wollen-nach-Urteil-im-Prozess-gegen-Lina-E-ein.jpg\",\"keywords\":[\"ein\",\"gegen\",\"Lina\",\"linksextreme\",\"nach\",\"Prozess\",\"quotmilitantes\",\"setzen\",\"Urteil\",\"wollen\",\"Zeichenquot\"],\"articleSection\":[\"Deutschland\",\"Russland\"],\"inLanguage\":\"de\",\"potentialAction\":[{\"@type\":\"CommentAction\",\"name\":\"Comment\",\"target\":[\"https:\/\/now-news.de\/de\/deutschland\/linksextreme-wollen-nach-urteil-im-prozess-gegen-lina-e-ein-militantes-zeichen-setzen\/#respond\"]}]},{\"@type\":\"WebPage\",\"@id\":\"https:\/\/now-news.de\/de\/deutschland\/linksextreme-wollen-nach-urteil-im-prozess-gegen-lina-e-ein-militantes-zeichen-setzen\/\",\"url\":\"https:\/\/now-news.de\/de\/deutschland\/linksextreme-wollen-nach-urteil-im-prozess-gegen-lina-e-ein-militantes-zeichen-setzen\/\",\"name\":\"Linksextreme wollen nach Urteil im Prozess gegen Lina E. ein &quot;militantes Zeichen&quot; setzen - just-now.NEWS Deutschland\",\"isPartOf\":{\"@id\":\"https:\/\/now-news.de\/de\/#website\"},\"primaryImageOfPage\":{\"@id\":\"https:\/\/now-news.de\/de\/deutschland\/linksextreme-wollen-nach-urteil-im-prozess-gegen-lina-e-ein-militantes-zeichen-setzen\/#primaryimage\"},\"image\":{\"@id\":\"https:\/\/now-news.de\/de\/deutschland\/linksextreme-wollen-nach-urteil-im-prozess-gegen-lina-e-ein-militantes-zeichen-setzen\/#primaryimage\"},\"thumbnailUrl\":\"https:\/\/now-news.de\/de\/wp-content\/uploads\/sites\/3\/2023\/05\/Linksextreme-wollen-nach-Urteil-im-Prozess-gegen-Lina-E-ein.jpg\",\"datePublished\":\"2023-05-31T09:42:03+00:00\",\"dateModified\":\"2023-05-31T09:42:03+00:00\",\"breadcrumb\":{\"@id\":\"https:\/\/now-news.de\/de\/deutschland\/linksextreme-wollen-nach-urteil-im-prozess-gegen-lina-e-ein-militantes-zeichen-setzen\/#breadcrumb\"},\"inLanguage\":\"de\",\"potentialAction\":[{\"@type\":\"ReadAction\",\"target\":[\"https:\/\/now-news.de\/de\/deutschland\/linksextreme-wollen-nach-urteil-im-prozess-gegen-lina-e-ein-militantes-zeichen-setzen\/\"]}]},{\"@type\":\"ImageObject\",\"inLanguage\":\"de\",\"@id\":\"https:\/\/now-news.de\/de\/deutschland\/linksextreme-wollen-nach-urteil-im-prozess-gegen-lina-e-ein-militantes-zeichen-setzen\/#primaryimage\",\"url\":\"https:\/\/now-news.de\/de\/wp-content\/uploads\/sites\/3\/2023\/05\/Linksextreme-wollen-nach-Urteil-im-Prozess-gegen-Lina-E-ein.jpg\",\"contentUrl\":\"https:\/\/now-news.de\/de\/wp-content\/uploads\/sites\/3\/2023\/05\/Linksextreme-wollen-nach-Urteil-im-Prozess-gegen-Lina-E-ein.jpg\",\"width\":460,\"height\":259,\"caption\":\"Linksextreme wollen nach Urteil im Prozess gegen Lina E. ein &quot;militantes Zeichen&quot; setzen\"},{\"@type\":\"BreadcrumbList\",\"@id\":\"https:\/\/now-news.de\/de\/deutschland\/linksextreme-wollen-nach-urteil-im-prozess-gegen-lina-e-ein-militantes-zeichen-setzen\/#breadcrumb\",\"itemListElement\":[{\"@type\":\"ListItem\",\"position\":1,\"name\":\"Home\",\"item\":\"https:\/\/now-news.de\/de\/\"},{\"@type\":\"ListItem\",\"position\":2,\"name\":\"Linksextreme wollen nach Urteil im Prozess gegen Lina E. ein &quot;militantes Zeichen&quot; setzen\"}]},{\"@type\":\"WebSite\",\"@id\":\"https:\/\/now-news.de\/de\/#website\",\"url\":\"https:\/\/now-news.de\/de\/\",\"name\":\"just-now.NEWS Deutschland\",\"description\":\"Das Portal f\u00fcr unzensierte Nachrichten aus der Welt\",\"publisher\":{\"@id\":\"https:\/\/now-news.de\/de\/#organization\"},\"potentialAction\":[{\"@type\":\"SearchAction\",\"target\":{\"@type\":\"EntryPoint\",\"urlTemplate\":\"https:\/\/now-news.de\/de\/?s={search_term_string}\"},\"query-input\":\"required name=search_term_string\"}],\"inLanguage\":\"de\"},{\"@type\":\"Organization\",\"@id\":\"https:\/\/now-news.de\/de\/#organization\",\"name\":\"Just Now News\",\"url\":\"https:\/\/now-news.de\/de\/\",\"logo\":{\"@type\":\"ImageObject\",\"inLanguage\":\"de\",\"@id\":\"https:\/\/now-news.de\/de\/#\/schema\/logo\/image\/\",\"url\":\"http:\/\/just-now.news\/de\/wp-content\/uploads\/sites\/3\/2022\/04\/logo500x500.jpg\",\"contentUrl\":\"http:\/\/just-now.news\/de\/wp-content\/uploads\/sites\/3\/2022\/04\/logo500x500.jpg\",\"width\":500,\"height\":500,\"caption\":\"Just Now News\"},\"image\":{\"@id\":\"https:\/\/now-news.de\/de\/#\/schema\/logo\/image\/\"},\"sameAs\":[\"https:\/\/www.facebook.com\/wirmachenauf\",\"https:\/\/x.com\/WirMachenAuf_de\"]},{\"@type\":\"Person\",\"@id\":\"https:\/\/now-news.de\/de\/#\/schema\/person\/fb534a4e865501d8b3285208df34a9b5\",\"name\":\"rtnews\",\"image\":{\"@type\":\"ImageObject\",\"inLanguage\":\"de\",\"@id\":\"https:\/\/now-news.de\/de\/#\/schema\/person\/image\/\",\"url\":\"https:\/\/secure.gravatar.com\/avatar\/82aafea7d8127119dd649515f56e2117?s=96&d=mm&r=g\",\"contentUrl\":\"https:\/\/secure.gravatar.com\/avatar\/82aafea7d8127119dd649515f56e2117?s=96&d=mm&r=g\",\"caption\":\"rtnews\"},\"url\":\"https:\/\/now-news.de\/de\/author\/rnews\/\"}]}<\/script>\n<!-- \/ Yoast SEO Premium plugin. -->","yoast_head_json":{"title":"Linksextreme wollen nach Urteil im Prozess gegen Lina E. ein &quot;militantes Zeichen&quot; setzen - just-now.NEWS Deutschland","robots":{"index":"index","follow":"follow","max-snippet":"max-snippet:-1","max-image-preview":"max-image-preview:large","max-video-preview":"max-video-preview:-1"},"canonical":"https:\/\/now-news.de\/de\/deutschland\/linksextreme-wollen-nach-urteil-im-prozess-gegen-lina-e-ein-militantes-zeichen-setzen\/","og_locale":"de_DE","og_type":"article","og_title":"Linksextreme wollen nach Urteil im Prozess gegen Lina E. ein &quot;militantes Zeichen&quot; setzen","og_description":"In Erwartung der Verurteilung der sogenannten &#8220;Hammerbande&#8221; um die mutma\u00dfliche R\u00e4delsf\u00fchrerin Lina E. am Mittwoch mobilisiert die linksradikale Szene f\u00fcr eine Gro\u00dfdemonstration in Leipzig am 3. Juni. Die Polizei Sachsen rechnet mit Gewaltbereitschaft und Straftaten. Am Mittwoch wird im Prozess gegen drei mutma\u00dfliche Linksextremisten vor dem Dresdener Oberlandesgericht die Urteilsverk\u00fcndung erwartet. Der Hauptangeklagten Lina E. [&hellip;]","og_url":"https:\/\/now-news.de\/de\/deutschland\/linksextreme-wollen-nach-urteil-im-prozess-gegen-lina-e-ein-militantes-zeichen-setzen\/","og_site_name":"just-now.NEWS Deutschland","article_publisher":"https:\/\/www.facebook.com\/wirmachenauf","article_published_time":"2023-05-31T09:42:03+00:00","og_image":[{"width":460,"height":259,"url":"https:\/\/now-news.de\/de\/wp-content\/uploads\/sites\/3\/2023\/05\/Linksextreme-wollen-nach-Urteil-im-Prozess-gegen-Lina-E-ein.jpg","type":"image\/jpeg"}],"author":"rtnews","twitter_card":"summary_large_image","twitter_creator":"@WirMachenAuf_de","twitter_site":"@WirMachenAuf_de","twitter_misc":{"Verfasst von":"rtnews","Gesch\u00e4tzte Lesezeit":"3\u00a0Minuten"},"schema":{"@context":"https:\/\/schema.org","@graph":[{"@type":"Article","@id":"https:\/\/now-news.de\/de\/deutschland\/linksextreme-wollen-nach-urteil-im-prozess-gegen-lina-e-ein-militantes-zeichen-setzen\/#article","isPartOf":{"@id":"https:\/\/now-news.de\/de\/deutschland\/linksextreme-wollen-nach-urteil-im-prozess-gegen-lina-e-ein-militantes-zeichen-setzen\/"},"author":{"name":"rtnews","@id":"https:\/\/now-news.de\/de\/#\/schema\/person\/fb534a4e865501d8b3285208df34a9b5"},"headline":"Linksextreme wollen nach Urteil im Prozess gegen Lina E. ein &quot;militantes Zeichen&quot; setzen","datePublished":"2023-05-31T09:42:03+00:00","dateModified":"2023-05-31T09:42:03+00:00","mainEntityOfPage":{"@id":"https:\/\/now-news.de\/de\/deutschland\/linksextreme-wollen-nach-urteil-im-prozess-gegen-lina-e-ein-militantes-zeichen-setzen\/"},"wordCount":594,"commentCount":0,"publisher":{"@id":"https:\/\/now-news.de\/de\/#organization"},"image":{"@id":"https:\/\/now-news.de\/de\/deutschland\/linksextreme-wollen-nach-urteil-im-prozess-gegen-lina-e-ein-militantes-zeichen-setzen\/#primaryimage"},"thumbnailUrl":"https:\/\/now-news.de\/de\/wp-content\/uploads\/sites\/3\/2023\/05\/Linksextreme-wollen-nach-Urteil-im-Prozess-gegen-Lina-E-ein.jpg","keywords":["ein","gegen","Lina","linksextreme","nach","Prozess","quotmilitantes","setzen","Urteil","wollen","Zeichenquot"],"articleSection":["Deutschland","Russland"],"inLanguage":"de","potentialAction":[{"@type":"CommentAction","name":"Comment","target":["https:\/\/now-news.de\/de\/deutschland\/linksextreme-wollen-nach-urteil-im-prozess-gegen-lina-e-ein-militantes-zeichen-setzen\/#respond"]}]},{"@type":"WebPage","@id":"https:\/\/now-news.de\/de\/deutschland\/linksextreme-wollen-nach-urteil-im-prozess-gegen-lina-e-ein-militantes-zeichen-setzen\/","url":"https:\/\/now-news.de\/de\/deutschland\/linksextreme-wollen-nach-urteil-im-prozess-gegen-lina-e-ein-militantes-zeichen-setzen\/","name":"Linksextreme wollen nach Urteil im Prozess gegen Lina E. ein &quot;militantes Zeichen&quot; setzen - just-now.NEWS Deutschland","isPartOf":{"@id":"https:\/\/now-news.de\/de\/#website"},"primaryImageOfPage":{"@id":"https:\/\/now-news.de\/de\/deutschland\/linksextreme-wollen-nach-urteil-im-prozess-gegen-lina-e-ein-militantes-zeichen-setzen\/#primaryimage"},"image":{"@id":"https:\/\/now-news.de\/de\/deutschland\/linksextreme-wollen-nach-urteil-im-prozess-gegen-lina-e-ein-militantes-zeichen-setzen\/#primaryimage"},"thumbnailUrl":"https:\/\/now-news.de\/de\/wp-content\/uploads\/sites\/3\/2023\/05\/Linksextreme-wollen-nach-Urteil-im-Prozess-gegen-Lina-E-ein.jpg","datePublished":"2023-05-31T09:42:03+00:00","dateModified":"2023-05-31T09:42:03+00:00","breadcrumb":{"@id":"https:\/\/now-news.de\/de\/deutschland\/linksextreme-wollen-nach-urteil-im-prozess-gegen-lina-e-ein-militantes-zeichen-setzen\/#breadcrumb"},"inLanguage":"de","potentialAction":[{"@type":"ReadAction","target":["https:\/\/now-news.de\/de\/deutschland\/linksextreme-wollen-nach-urteil-im-prozess-gegen-lina-e-ein-militantes-zeichen-setzen\/"]}]},{"@type":"ImageObject","inLanguage":"de","@id":"https:\/\/now-news.de\/de\/deutschland\/linksextreme-wollen-nach-urteil-im-prozess-gegen-lina-e-ein-militantes-zeichen-setzen\/#primaryimage","url":"https:\/\/now-news.de\/de\/wp-content\/uploads\/sites\/3\/2023\/05\/Linksextreme-wollen-nach-Urteil-im-Prozess-gegen-Lina-E-ein.jpg","contentUrl":"https:\/\/now-news.de\/de\/wp-content\/uploads\/sites\/3\/2023\/05\/Linksextreme-wollen-nach-Urteil-im-Prozess-gegen-Lina-E-ein.jpg","width":460,"height":259,"caption":"Linksextreme wollen nach Urteil im Prozess gegen Lina E. ein &quot;militantes Zeichen&quot; setzen"},{"@type":"BreadcrumbList","@id":"https:\/\/now-news.de\/de\/deutschland\/linksextreme-wollen-nach-urteil-im-prozess-gegen-lina-e-ein-militantes-zeichen-setzen\/#breadcrumb","itemListElement":[{"@type":"ListItem","position":1,"name":"Home","item":"https:\/\/now-news.de\/de\/"},{"@type":"ListItem","position":2,"name":"Linksextreme wollen nach Urteil im Prozess gegen Lina E. ein &quot;militantes Zeichen&quot; setzen"}]},{"@type":"WebSite","@id":"https:\/\/now-news.de\/de\/#website","url":"https:\/\/now-news.de\/de\/","name":"just-now.NEWS Deutschland","description":"Das Portal f\u00fcr unzensierte Nachrichten aus der Welt","publisher":{"@id":"https:\/\/now-news.de\/de\/#organization"},"potentialAction":[{"@type":"SearchAction","target":{"@type":"EntryPoint","urlTemplate":"https:\/\/now-news.de\/de\/?s={search_term_string}"},"query-input":"required name=search_term_string"}],"inLanguage":"de"},{"@type":"Organization","@id":"https:\/\/now-news.de\/de\/#organization","name":"Just Now News","url":"https:\/\/now-news.de\/de\/","logo":{"@type":"ImageObject","inLanguage":"de","@id":"https:\/\/now-news.de\/de\/#\/schema\/logo\/image\/","url":"http:\/\/just-now.news\/de\/wp-content\/uploads\/sites\/3\/2022\/04\/logo500x500.jpg","contentUrl":"http:\/\/just-now.news\/de\/wp-content\/uploads\/sites\/3\/2022\/04\/logo500x500.jpg","width":500,"height":500,"caption":"Just Now News"},"image":{"@id":"https:\/\/now-news.de\/de\/#\/schema\/logo\/image\/"},"sameAs":["https:\/\/www.facebook.com\/wirmachenauf","https:\/\/x.com\/WirMachenAuf_de"]},{"@type":"Person","@id":"https:\/\/now-news.de\/de\/#\/schema\/person\/fb534a4e865501d8b3285208df34a9b5","name":"rtnews","image":{"@type":"ImageObject","inLanguage":"de","@id":"https:\/\/now-news.de\/de\/#\/schema\/person\/image\/","url":"https:\/\/secure.gravatar.com\/avatar\/82aafea7d8127119dd649515f56e2117?s=96&d=mm&r=g","contentUrl":"https:\/\/secure.gravatar.com\/avatar\/82aafea7d8127119dd649515f56e2117?s=96&d=mm&r=g","caption":"rtnews"},"url":"https:\/\/now-news.de\/de\/author\/rnews\/"}]}},"_links":{"self":[{"href":"https:\/\/now-news.de\/de\/wp-json\/wp\/v2\/posts\/37112"}],"collection":[{"href":"https:\/\/now-news.de\/de\/wp-json\/wp\/v2\/posts"}],"about":[{"href":"https:\/\/now-news.de\/de\/wp-json\/wp\/v2\/types\/post"}],"author":[{"embeddable":true,"href":"https:\/\/now-news.de\/de\/wp-json\/wp\/v2\/users\/3"}],"replies":[{"embeddable":true,"href":"https:\/\/now-news.de\/de\/wp-json\/wp\/v2\/comments?post=37112"}],"version-history":[{"count":0,"href":"https:\/\/now-news.de\/de\/wp-json\/wp\/v2\/posts\/37112\/revisions"}],"wp:featuredmedia":[{"embeddable":true,"href":"https:\/\/now-news.de\/de\/wp-json\/wp\/v2\/media\/37113"}],"wp:attachment":[{"href":"https:\/\/now-news.de\/de\/wp-json\/wp\/v2\/media?parent=37112"}],"wp:term":[{"taxonomy":"category","embeddable":true,"href":"https:\/\/now-news.de\/de\/wp-json\/wp\/v2\/categories?post=37112"},{"taxonomy":"post_tag","embeddable":true,"href":"https:\/\/now-news.de\/de\/wp-json\/wp\/v2\/tags?post=37112"}],"curies":[{"name":"wp","href":"https:\/\/api.w.org\/{rel}","templated":true}]}}