{"id":37096,"date":"2023-05-31T08:38:36","date_gmt":"2023-05-31T06:38:36","guid":{"rendered":"http:\/\/just-now.news\/de\/deutschland\/immer-aermer-trotz-arbeit-realloehne-sinken-weiter\/"},"modified":"2023-05-31T08:38:36","modified_gmt":"2023-05-31T06:38:36","slug":"immer-aermer-trotz-arbeit-realloehne-sinken-weiter","status":"publish","type":"post","link":"https:\/\/now-news.de\/de\/deutschland\/immer-aermer-trotz-arbeit-realloehne-sinken-weiter\/","title":{"rendered":"Immer \u00e4rmer trotz Arbeit \u2013 Reall\u00f6hne sinken weiter"},"content":{"rendered":"<p><img decoding=\"async\" src=\"http:\/\/just-now.news\/de\/wp-content\/uploads\/sites\/3\/2023\/05\/64760d0d48fbef227a25202e.jpg\" \/><\/p>\n<div class=\"Text-root Text-type_1 \">\n                Die L\u00f6hne in Deutschland verlieren zunehmend an Kaufkraft. Der seit drei Jahren anhaltende Abw\u00e4rtstrend setzte sich zu Jahresbeginn fort, wie das Statistische Bundesamt meldet. Besonders hart trifft es Alleinerziehende und ihre Kinder: Bei ihnen ist die Armutsquote am h\u00f6chsten.\n            <\/div>\n<p><\/p>\n<div class=\"Text-root Text-type_5 ArticleView-text ViewText-root \">\n<p><em>Von Susan Bonath<\/em><\/p>\n<p>Deutschlands Arbeiterklasse verarmt. Wie das Statistische Bundesamt am Dienstag meldete, sind die Reall\u00f6hne im ersten Quartal dieses Jahres erneut signifikant gesunken. Das bedeutet: Die Einkommen der Lohnabh\u00e4ngigen verlieren im Zuge der anhaltenden Preisexplosion, vor allem bei Grundbedarfen wie Lebensmitteln und Energie, zusehends an Kaufkraft. Die Betroffenen k\u00f6nnen sich immer weniger leisten. Die Abw\u00e4rtsspirale h\u00e4lt schon seit drei Jahren an.<\/p>\n<p><strong>Sinkende Kaufkraft<\/strong><\/p>\n<p>So <a rel=\"nofollow noopener\" target=\"_blank\" href=\"https:\/\/www.destatis.de\/DE\/Presse\/Pressemitteilungen\/2023\/05\/PD23_206_62321.html\">meldete die deutsche Statistikbeh\u00f6rde<\/a> f\u00fcr die ersten drei Monate dieses Jahres einen Reallohnverlust im Vergleich zum gleichen Vorjahreszeitraum um 2,3 Prozent. In den beiden Quartalen davor war die Kaufkraft der Einkommen sogar um jeweils 5,4 Prozent gesunken, im ersten Halbjahr 2022 um 0,9 und 4,2 Prozent. Das Amt stellt dazu fest:<\/p>\n<blockquote>\n<p><em>&#8220;Ein Trend aus dem Jahr 2022 setzt sich somit fort: Die hohe Inflation zehrt das Lohnwachstum f\u00fcr die Besch\u00e4ftigten auch zum Jahresbeginn 2023 mehr als auf.&#8221;<\/em><\/p>\n<\/blockquote>\n<p>Tats\u00e4chlich sind die Nominall\u00f6hne laut dieser Darstellung gestiegen, und zwar im Vorjahresvergleich zuletzt sogar um mehr als f\u00fcnf Prozent. Die Verbraucherpreise schlugen danach allerdings mit einem Plus von mehr als acht Prozent zu Buche. Dies verkehrt den Einkommenszuwachs in sein Gegenteil.<\/p>\n<p>Allerdings verdienten nicht alle Besch\u00e4ftigten nominal mehr Geld. Das Statistikamt f\u00fchrt hier vorneweg die sogenannten Minijobber an, f\u00fcr die Unternehmen keine Beitr\u00e4ge zur Kranken-, Pflege- und Rentenversicherung zahlen m\u00fcssen. Denn die Verdienstgrenze f\u00fcr die geringf\u00fcgigen Stellen wurde im Oktober letzten Jahres von 450 auf 520 Euro angehoben. F\u00fcr die Unternehmen ist das gut, sie sparen sich durch die Besch\u00e4ftigung von Minijobbern viel Geld. Ein weiterer Grund d\u00fcrfte die Erh\u00f6hung des Mindestlohns von 10,45 auf 12 Euro im vergangenen Oktober sein.<\/p>\n<p><strong>Abw\u00e4rtstrend seit 2020<\/strong><\/p>\n<p>Au\u00dferdem f\u00fchrte das Statistische Bundesamt die sogenannte Inflationsausgleichspr\u00e4mie von bis zu 3.000 Euro an. Diese habe den Kaufkraftverlust einiger Besch\u00e4ftigter etwas abgefedert, was sich im Gesamtbild widerspiegele. Dies ist jedoch eine freiwillige Leistung, die bislang nur wenige Unternehmen ihren Arbeitskr\u00e4ften gew\u00e4hrt haben. Die Statistiker unterteilen aber nicht konkret in Gruppen, die besonders hohe oder niedrige Verluste erlitten haben. Ebenso unterscheiden sie nicht zwischen Reich und Arm.<\/p>\n<p>Der Abw\u00e4rtstrend hatte sich erstmals im zweiten Vierteljahr 2020 deutlich bemerkbar gemacht. Damals, zur Zeit des ersten Lockdowns, war die Zahl der Besch\u00e4ftigten <a rel=\"nofollow noopener\" target=\"_blank\" href=\"https:\/\/de.statista.com\/statistik\/daten\/studie\/2603\/umfrage\/entwicklung-des-bestands-an-kurzarbeitern\/\">in Kurzarbeit<\/a> auf ein Rekordhoch von bis zu \u00fcber sechs Millionen geklettert. Der Reallohnindex war zugleich um f\u00fcnf Prozent eingebrochen. Danach ging es mehr runter als rauf. Im ersten Corona-Jahr <a rel=\"nofollow noopener\" target=\"_blank\" href=\"https:\/\/www.destatis.de\/DE\/Presse\/Pressemitteilungen\/2021\/03\/PD21_143_623.html\">sank demnach<\/a> die Kaufkraft der Besch\u00e4ftigten insgesamt um 1,1 Prozent gegen\u00fcber 2019. <a rel=\"nofollow noopener\" target=\"_blank\" href=\"https:\/\/www.destatis.de\/DE\/Presse\/Pressemitteilungen\/2022\/03\/PD22_127_62321.html\">Im Jahr darauf<\/a> lag das Minus laut Beh\u00f6rde bei 0,1 Prozent und <a rel=\"nofollow noopener\" target=\"_blank\" href=\"https:\/\/www.destatis.de\/DE\/Presse\/Pressemitteilungen\/2023\/04\/PD23_166_62321.html\">2022<\/a> bei vier Prozent.<\/p>\n<p><strong>Steigende Kinderarmut<\/strong><\/p>\n<p>Nach wie vor sind Kinder ein Armutsrisiko in Deutschland. Denn wer Nachwuchs erziehen muss, hat schlechtere Chancen im Konkurrenzkampf auf dem Arbeitsmarkt. Das spiegelt sich in einer Analyse des Parit\u00e4tischen Wohlfahrtsverbandes wider. Dieser schlug vergangene Woche <a rel=\"nofollow noopener\" target=\"_blank\" href=\"https:\/\/www.der-paritaetische.de\/alle-meldungen\/kinderarmut-auf-rekordhoch-paritaetischer-kommentiert-zwischenergebnisse-des-mikrozensus-zu-armut-2022\/\">erneut Alarm<\/a>: Die Kinderarmut sei 2022 auf ein Rekordhoch von mehr als 21 Prozent gestiegen.<\/p>\n<p>Die Erh\u00f6hung des Mindestlohns habe lediglich die schlimmsten &#8220;pandemiebedingten Verwerfungen&#8221; ausgleichen k\u00f6nnen. &#8220;Gleichzeitig hat sich aber f\u00fcr eine gro\u00dfe Mehrheit Armutsbetroffener die Lage durch die Inflation weiter versch\u00e4rft&#8221;, warnte Hauptgesch\u00e4ftsf\u00fchrer Ulrich Schneider. Er forderte die Bundesregierung zum wiederholten Mal auf, eine armutsfeste Kindergrundsicherung einzuf\u00fchren.<\/p>\n<p>Wie k\u00fcrzlich eine<a rel=\"nofollow noopener\" target=\"_blank\" href=\"https:\/\/www.ludwigsburg24.com\/kinderarmut-erreicht-in-deutschland-neuen-hoechststand\/\"> Datenabfrage der Linksfraktion im Bundestag<\/a> beim Statistischen Bundesamt ergab, waren Alleinerziehende wieder einmal am schlimmsten betroffen. Fast 43 Prozent dieser Familien mit nur einem Elternteil lebten demnach 2022 unterhalb der Armutsgrenze. In keiner anderen Bev\u00f6lkerungsgruppe ist der Anteil Armer so hoch. &#8220;Kinder und Jugendliche sind die Verlierer der Inflation&#8221;, kritisierte Linksfraktionschef Dietmar Bartsch. Das Ampel-Projekt Kindergrundsicherung d\u00fcrfe nicht zur n\u00e4chsten Chaosnummer werden, betonte er.<\/p>\n<p><strong>Konzerne zocken ab<\/strong><\/p>\n<p>Anhaltend teuer bleiben vor allem die Produkte, auf die niemand verzichten kann: Nahrung und Energie. Vor allem die Lebensmittel seien auch im April ma\u00dfgebliche Preistreiber der Inflation gewesen, <a rel=\"nofollow noopener\" target=\"_blank\" href=\"https:\/\/www.destatis.de\/DE\/Presse\/Pressemitteilungen\/2023\/05\/PD23_179_611.html\">konstatierten die Statistiker<\/a> Anfang Mai. Insgesamt sei die zunehmende Teuerung zwar etwas abgeflaut, aber nicht beendet.<\/p>\n<p>Viele Medien, darunter <a rel=\"nofollow noopener\" target=\"_blank\" href=\"https:\/\/www.tagesschau.de\/wirtschaft\/unternehmen\/lebensmittel-preise-gierflation-100.html\">die <em>Tagesschau<\/em><\/a>, klagten j\u00fcngst \u00fcber ungerechtfertigte Preissteigerungen bei Lebensmitteln. Grund sei wohl die Profitgier der Hersteller. Allerdings: Profitgier ist im Kapitalismus nat\u00fcrliches Beiwerk, das man genauso bei den Energie-, Pharma- und R\u00fcstungskonzernen erleben kann. Der monopolisierte Markt kann das nicht richten. \u00c4ndern k\u00f6nnte dies nur die Politik. Doch die Kartellgesetze laufen zunehmend ins Leere, Preisabsprachen sind die Regel, nicht die Ausnahme. An das Gro\u00dfkapital traut sich die Regierung allerdings wie immer nicht heran.<\/p>\n<p><strong>Mehr zum Thema<\/strong> &#8211; <a rel=\"nofollow noopener\" target=\"_blank\" href=\"https:\/\/gegenzensur.rtde.live\/gesellschaft\/171245-55-festival-jugend-linke-jugendliche\/\">55. Festival der Jugend: Linke Jugendliche diskutieren \u00fcber Sozialabbau, Krieg und soziale K\u00e4mpfe<\/a><\/p>\n<\/div>\n<p><br \/>\n<br \/><a href=\"https:\/\/de.rt.com\/meinung\/171378-immer-aermer-trotz-arbeit-realloehne-sinken-weiter\/\">Source link <\/a><\/p>\n","protected":false},"excerpt":{"rendered":"<p>Die L\u00f6hne in Deutschland verlieren zunehmend an Kaufkraft. Der seit drei Jahren anhaltende Abw\u00e4rtstrend setzte sich zu Jahresbeginn fort, wie das Statistische Bundesamt meldet. Besonders hart trifft es Alleinerziehende und ihre Kinder: Bei ihnen ist die Armutsquote am h\u00f6chsten. Von Susan Bonath Deutschlands Arbeiterklasse verarmt. Wie das Statistische Bundesamt am Dienstag meldete, sind die Reall\u00f6hne [&hellip;]<\/p>\n","protected":false},"author":3,"featured_media":37097,"comment_status":"open","ping_status":"open","sticky":false,"template":"","format":"standard","meta":{"_yoast_indexnow_last_ping":["1685515560"],"wp_automatic_camp":["217"],"7ece0b63551d0c58931d74aa79d7746b":["Immer \u00e4rmer trotz Arbeit \u2013 Reall\u00f6hne sinken weiter"],"original_link":["https:\/\/de.rt.com\/meinung\/171378-immer-aermer-trotz-arbeit-realloehne-sinken-weiter\/"],"_thumbnail_id":["37097"],"jnews_social_counter_last_update":["1777337562"],"_wptgpro_p2tg_sent2tg":["a:1:{i:23737;s:19:\"2023-05-31 08:47:08\";}"]},"categories":[19,23],"tags":[11618,32820,2062,31910,25268,1381,601],"yoast_head":"<!-- This site is optimized with the Yoast SEO Premium plugin v22.7 (Yoast SEO v22.7) - https:\/\/yoast.com\/wordpress\/plugins\/seo\/ -->\n<title>Immer \u00e4rmer trotz Arbeit \u2013 Reall\u00f6hne sinken weiter - just-now.NEWS Deutschland<\/title>\n<meta name=\"robots\" content=\"index, follow, max-snippet:-1, max-image-preview:large, max-video-preview:-1\" \/>\n<link rel=\"canonical\" href=\"https:\/\/now-news.de\/de\/deutschland\/immer-aermer-trotz-arbeit-realloehne-sinken-weiter\/\" \/>\n<meta property=\"og:locale\" content=\"de_DE\" \/>\n<meta property=\"og:type\" content=\"article\" \/>\n<meta property=\"og:title\" content=\"Immer \u00e4rmer trotz Arbeit \u2013 Reall\u00f6hne sinken weiter\" \/>\n<meta property=\"og:description\" content=\"Die L\u00f6hne in Deutschland verlieren zunehmend an Kaufkraft. Der seit drei Jahren anhaltende Abw\u00e4rtstrend setzte sich zu Jahresbeginn fort, wie das Statistische Bundesamt meldet. Besonders hart trifft es Alleinerziehende und ihre Kinder: Bei ihnen ist die Armutsquote am h\u00f6chsten. Von Susan Bonath Deutschlands Arbeiterklasse verarmt. Wie das Statistische Bundesamt am Dienstag meldete, sind die Reall\u00f6hne [&hellip;]\" \/>\n<meta property=\"og:url\" content=\"https:\/\/now-news.de\/de\/deutschland\/immer-aermer-trotz-arbeit-realloehne-sinken-weiter\/\" \/>\n<meta property=\"og:site_name\" content=\"just-now.NEWS Deutschland\" \/>\n<meta property=\"article:publisher\" content=\"https:\/\/www.facebook.com\/wirmachenauf\" \/>\n<meta property=\"article:published_time\" content=\"2023-05-31T06:38:36+00:00\" \/>\n<meta property=\"og:image\" content=\"https:\/\/now-news.de\/de\/wp-content\/uploads\/sites\/3\/2023\/05\/Immer-aermer-trotz-Arbeit-\u2013-Realloehne-sinken-weiter.jpg\" \/>\n\t<meta property=\"og:image:width\" content=\"460\" \/>\n\t<meta property=\"og:image:height\" content=\"259\" \/>\n\t<meta property=\"og:image:type\" content=\"image\/jpeg\" \/>\n<meta name=\"author\" content=\"rtnews\" \/>\n<meta name=\"twitter:card\" content=\"summary_large_image\" \/>\n<meta name=\"twitter:creator\" content=\"@WirMachenAuf_de\" \/>\n<meta name=\"twitter:site\" content=\"@WirMachenAuf_de\" \/>\n<meta name=\"twitter:label1\" content=\"Verfasst von\" \/>\n\t<meta name=\"twitter:data1\" content=\"rtnews\" \/>\n\t<meta name=\"twitter:label2\" content=\"Gesch\u00e4tzte Lesezeit\" \/>\n\t<meta name=\"twitter:data2\" content=\"4\u00a0Minuten\" \/>\n<script type=\"application\/ld+json\" class=\"yoast-schema-graph\">{\"@context\":\"https:\/\/schema.org\",\"@graph\":[{\"@type\":\"Article\",\"@id\":\"https:\/\/now-news.de\/de\/deutschland\/immer-aermer-trotz-arbeit-realloehne-sinken-weiter\/#article\",\"isPartOf\":{\"@id\":\"https:\/\/now-news.de\/de\/deutschland\/immer-aermer-trotz-arbeit-realloehne-sinken-weiter\/\"},\"author\":{\"name\":\"rtnews\",\"@id\":\"https:\/\/now-news.de\/de\/#\/schema\/person\/fb534a4e865501d8b3285208df34a9b5\"},\"headline\":\"Immer \u00e4rmer trotz Arbeit \u2013 Reall\u00f6hne sinken weiter\",\"datePublished\":\"2023-05-31T06:38:36+00:00\",\"dateModified\":\"2023-05-31T06:38:36+00:00\",\"mainEntityOfPage\":{\"@id\":\"https:\/\/now-news.de\/de\/deutschland\/immer-aermer-trotz-arbeit-realloehne-sinken-weiter\/\"},\"wordCount\":803,\"commentCount\":0,\"publisher\":{\"@id\":\"https:\/\/now-news.de\/de\/#organization\"},\"image\":{\"@id\":\"https:\/\/now-news.de\/de\/deutschland\/immer-aermer-trotz-arbeit-realloehne-sinken-weiter\/#primaryimage\"},\"thumbnailUrl\":\"https:\/\/now-news.de\/de\/wp-content\/uploads\/sites\/3\/2023\/05\/Immer-aermer-trotz-Arbeit-\u2013-Realloehne-sinken-weiter.jpg\",\"keywords\":[\"Arbeit\",\"\u00e4rmer\",\"Immer\",\"Reall\u00f6hne\",\"sinken\",\"Trotz\",\"weiter\"],\"articleSection\":[\"Deutschland\",\"Russland\"],\"inLanguage\":\"de\",\"potentialAction\":[{\"@type\":\"CommentAction\",\"name\":\"Comment\",\"target\":[\"https:\/\/now-news.de\/de\/deutschland\/immer-aermer-trotz-arbeit-realloehne-sinken-weiter\/#respond\"]}]},{\"@type\":\"WebPage\",\"@id\":\"https:\/\/now-news.de\/de\/deutschland\/immer-aermer-trotz-arbeit-realloehne-sinken-weiter\/\",\"url\":\"https:\/\/now-news.de\/de\/deutschland\/immer-aermer-trotz-arbeit-realloehne-sinken-weiter\/\",\"name\":\"Immer \u00e4rmer trotz Arbeit \u2013 Reall\u00f6hne sinken weiter - just-now.NEWS Deutschland\",\"isPartOf\":{\"@id\":\"https:\/\/now-news.de\/de\/#website\"},\"primaryImageOfPage\":{\"@id\":\"https:\/\/now-news.de\/de\/deutschland\/immer-aermer-trotz-arbeit-realloehne-sinken-weiter\/#primaryimage\"},\"image\":{\"@id\":\"https:\/\/now-news.de\/de\/deutschland\/immer-aermer-trotz-arbeit-realloehne-sinken-weiter\/#primaryimage\"},\"thumbnailUrl\":\"https:\/\/now-news.de\/de\/wp-content\/uploads\/sites\/3\/2023\/05\/Immer-aermer-trotz-Arbeit-\u2013-Realloehne-sinken-weiter.jpg\",\"datePublished\":\"2023-05-31T06:38:36+00:00\",\"dateModified\":\"2023-05-31T06:38:36+00:00\",\"breadcrumb\":{\"@id\":\"https:\/\/now-news.de\/de\/deutschland\/immer-aermer-trotz-arbeit-realloehne-sinken-weiter\/#breadcrumb\"},\"inLanguage\":\"de\",\"potentialAction\":[{\"@type\":\"ReadAction\",\"target\":[\"https:\/\/now-news.de\/de\/deutschland\/immer-aermer-trotz-arbeit-realloehne-sinken-weiter\/\"]}]},{\"@type\":\"ImageObject\",\"inLanguage\":\"de\",\"@id\":\"https:\/\/now-news.de\/de\/deutschland\/immer-aermer-trotz-arbeit-realloehne-sinken-weiter\/#primaryimage\",\"url\":\"https:\/\/now-news.de\/de\/wp-content\/uploads\/sites\/3\/2023\/05\/Immer-aermer-trotz-Arbeit-\u2013-Realloehne-sinken-weiter.jpg\",\"contentUrl\":\"https:\/\/now-news.de\/de\/wp-content\/uploads\/sites\/3\/2023\/05\/Immer-aermer-trotz-Arbeit-\u2013-Realloehne-sinken-weiter.jpg\",\"width\":460,\"height\":259,\"caption\":\"Immer \u00e4rmer trotz Arbeit \u2013 Reall\u00f6hne sinken weiter\"},{\"@type\":\"BreadcrumbList\",\"@id\":\"https:\/\/now-news.de\/de\/deutschland\/immer-aermer-trotz-arbeit-realloehne-sinken-weiter\/#breadcrumb\",\"itemListElement\":[{\"@type\":\"ListItem\",\"position\":1,\"name\":\"Home\",\"item\":\"https:\/\/now-news.de\/de\/\"},{\"@type\":\"ListItem\",\"position\":2,\"name\":\"Immer \u00e4rmer trotz Arbeit \u2013 Reall\u00f6hne sinken weiter\"}]},{\"@type\":\"WebSite\",\"@id\":\"https:\/\/now-news.de\/de\/#website\",\"url\":\"https:\/\/now-news.de\/de\/\",\"name\":\"just-now.NEWS Deutschland\",\"description\":\"Das Portal f\u00fcr unzensierte Nachrichten aus der Welt\",\"publisher\":{\"@id\":\"https:\/\/now-news.de\/de\/#organization\"},\"potentialAction\":[{\"@type\":\"SearchAction\",\"target\":{\"@type\":\"EntryPoint\",\"urlTemplate\":\"https:\/\/now-news.de\/de\/?s={search_term_string}\"},\"query-input\":\"required name=search_term_string\"}],\"inLanguage\":\"de\"},{\"@type\":\"Organization\",\"@id\":\"https:\/\/now-news.de\/de\/#organization\",\"name\":\"Just Now News\",\"url\":\"https:\/\/now-news.de\/de\/\",\"logo\":{\"@type\":\"ImageObject\",\"inLanguage\":\"de\",\"@id\":\"https:\/\/now-news.de\/de\/#\/schema\/logo\/image\/\",\"url\":\"http:\/\/just-now.news\/de\/wp-content\/uploads\/sites\/3\/2022\/04\/logo500x500.jpg\",\"contentUrl\":\"http:\/\/just-now.news\/de\/wp-content\/uploads\/sites\/3\/2022\/04\/logo500x500.jpg\",\"width\":500,\"height\":500,\"caption\":\"Just Now News\"},\"image\":{\"@id\":\"https:\/\/now-news.de\/de\/#\/schema\/logo\/image\/\"},\"sameAs\":[\"https:\/\/www.facebook.com\/wirmachenauf\",\"https:\/\/x.com\/WirMachenAuf_de\"]},{\"@type\":\"Person\",\"@id\":\"https:\/\/now-news.de\/de\/#\/schema\/person\/fb534a4e865501d8b3285208df34a9b5\",\"name\":\"rtnews\",\"image\":{\"@type\":\"ImageObject\",\"inLanguage\":\"de\",\"@id\":\"https:\/\/now-news.de\/de\/#\/schema\/person\/image\/\",\"url\":\"https:\/\/secure.gravatar.com\/avatar\/82aafea7d8127119dd649515f56e2117?s=96&d=mm&r=g\",\"contentUrl\":\"https:\/\/secure.gravatar.com\/avatar\/82aafea7d8127119dd649515f56e2117?s=96&d=mm&r=g\",\"caption\":\"rtnews\"},\"url\":\"https:\/\/now-news.de\/de\/author\/rnews\/\"}]}<\/script>\n<!-- \/ Yoast SEO Premium plugin. -->","yoast_head_json":{"title":"Immer \u00e4rmer trotz Arbeit \u2013 Reall\u00f6hne sinken weiter - just-now.NEWS Deutschland","robots":{"index":"index","follow":"follow","max-snippet":"max-snippet:-1","max-image-preview":"max-image-preview:large","max-video-preview":"max-video-preview:-1"},"canonical":"https:\/\/now-news.de\/de\/deutschland\/immer-aermer-trotz-arbeit-realloehne-sinken-weiter\/","og_locale":"de_DE","og_type":"article","og_title":"Immer \u00e4rmer trotz Arbeit \u2013 Reall\u00f6hne sinken weiter","og_description":"Die L\u00f6hne in Deutschland verlieren zunehmend an Kaufkraft. Der seit drei Jahren anhaltende Abw\u00e4rtstrend setzte sich zu Jahresbeginn fort, wie das Statistische Bundesamt meldet. Besonders hart trifft es Alleinerziehende und ihre Kinder: Bei ihnen ist die Armutsquote am h\u00f6chsten. Von Susan Bonath Deutschlands Arbeiterklasse verarmt. Wie das Statistische Bundesamt am Dienstag meldete, sind die Reall\u00f6hne [&hellip;]","og_url":"https:\/\/now-news.de\/de\/deutschland\/immer-aermer-trotz-arbeit-realloehne-sinken-weiter\/","og_site_name":"just-now.NEWS Deutschland","article_publisher":"https:\/\/www.facebook.com\/wirmachenauf","article_published_time":"2023-05-31T06:38:36+00:00","og_image":[{"width":460,"height":259,"url":"https:\/\/now-news.de\/de\/wp-content\/uploads\/sites\/3\/2023\/05\/Immer-aermer-trotz-Arbeit-\u2013-Realloehne-sinken-weiter.jpg","type":"image\/jpeg"}],"author":"rtnews","twitter_card":"summary_large_image","twitter_creator":"@WirMachenAuf_de","twitter_site":"@WirMachenAuf_de","twitter_misc":{"Verfasst von":"rtnews","Gesch\u00e4tzte Lesezeit":"4\u00a0Minuten"},"schema":{"@context":"https:\/\/schema.org","@graph":[{"@type":"Article","@id":"https:\/\/now-news.de\/de\/deutschland\/immer-aermer-trotz-arbeit-realloehne-sinken-weiter\/#article","isPartOf":{"@id":"https:\/\/now-news.de\/de\/deutschland\/immer-aermer-trotz-arbeit-realloehne-sinken-weiter\/"},"author":{"name":"rtnews","@id":"https:\/\/now-news.de\/de\/#\/schema\/person\/fb534a4e865501d8b3285208df34a9b5"},"headline":"Immer \u00e4rmer trotz Arbeit \u2013 Reall\u00f6hne sinken weiter","datePublished":"2023-05-31T06:38:36+00:00","dateModified":"2023-05-31T06:38:36+00:00","mainEntityOfPage":{"@id":"https:\/\/now-news.de\/de\/deutschland\/immer-aermer-trotz-arbeit-realloehne-sinken-weiter\/"},"wordCount":803,"commentCount":0,"publisher":{"@id":"https:\/\/now-news.de\/de\/#organization"},"image":{"@id":"https:\/\/now-news.de\/de\/deutschland\/immer-aermer-trotz-arbeit-realloehne-sinken-weiter\/#primaryimage"},"thumbnailUrl":"https:\/\/now-news.de\/de\/wp-content\/uploads\/sites\/3\/2023\/05\/Immer-aermer-trotz-Arbeit-\u2013-Realloehne-sinken-weiter.jpg","keywords":["Arbeit","\u00e4rmer","Immer","Reall\u00f6hne","sinken","Trotz","weiter"],"articleSection":["Deutschland","Russland"],"inLanguage":"de","potentialAction":[{"@type":"CommentAction","name":"Comment","target":["https:\/\/now-news.de\/de\/deutschland\/immer-aermer-trotz-arbeit-realloehne-sinken-weiter\/#respond"]}]},{"@type":"WebPage","@id":"https:\/\/now-news.de\/de\/deutschland\/immer-aermer-trotz-arbeit-realloehne-sinken-weiter\/","url":"https:\/\/now-news.de\/de\/deutschland\/immer-aermer-trotz-arbeit-realloehne-sinken-weiter\/","name":"Immer \u00e4rmer trotz Arbeit \u2013 Reall\u00f6hne sinken weiter - just-now.NEWS Deutschland","isPartOf":{"@id":"https:\/\/now-news.de\/de\/#website"},"primaryImageOfPage":{"@id":"https:\/\/now-news.de\/de\/deutschland\/immer-aermer-trotz-arbeit-realloehne-sinken-weiter\/#primaryimage"},"image":{"@id":"https:\/\/now-news.de\/de\/deutschland\/immer-aermer-trotz-arbeit-realloehne-sinken-weiter\/#primaryimage"},"thumbnailUrl":"https:\/\/now-news.de\/de\/wp-content\/uploads\/sites\/3\/2023\/05\/Immer-aermer-trotz-Arbeit-\u2013-Realloehne-sinken-weiter.jpg","datePublished":"2023-05-31T06:38:36+00:00","dateModified":"2023-05-31T06:38:36+00:00","breadcrumb":{"@id":"https:\/\/now-news.de\/de\/deutschland\/immer-aermer-trotz-arbeit-realloehne-sinken-weiter\/#breadcrumb"},"inLanguage":"de","potentialAction":[{"@type":"ReadAction","target":["https:\/\/now-news.de\/de\/deutschland\/immer-aermer-trotz-arbeit-realloehne-sinken-weiter\/"]}]},{"@type":"ImageObject","inLanguage":"de","@id":"https:\/\/now-news.de\/de\/deutschland\/immer-aermer-trotz-arbeit-realloehne-sinken-weiter\/#primaryimage","url":"https:\/\/now-news.de\/de\/wp-content\/uploads\/sites\/3\/2023\/05\/Immer-aermer-trotz-Arbeit-\u2013-Realloehne-sinken-weiter.jpg","contentUrl":"https:\/\/now-news.de\/de\/wp-content\/uploads\/sites\/3\/2023\/05\/Immer-aermer-trotz-Arbeit-\u2013-Realloehne-sinken-weiter.jpg","width":460,"height":259,"caption":"Immer \u00e4rmer trotz Arbeit \u2013 Reall\u00f6hne sinken weiter"},{"@type":"BreadcrumbList","@id":"https:\/\/now-news.de\/de\/deutschland\/immer-aermer-trotz-arbeit-realloehne-sinken-weiter\/#breadcrumb","itemListElement":[{"@type":"ListItem","position":1,"name":"Home","item":"https:\/\/now-news.de\/de\/"},{"@type":"ListItem","position":2,"name":"Immer \u00e4rmer trotz Arbeit \u2013 Reall\u00f6hne sinken weiter"}]},{"@type":"WebSite","@id":"https:\/\/now-news.de\/de\/#website","url":"https:\/\/now-news.de\/de\/","name":"just-now.NEWS Deutschland","description":"Das Portal f\u00fcr unzensierte Nachrichten aus der Welt","publisher":{"@id":"https:\/\/now-news.de\/de\/#organization"},"potentialAction":[{"@type":"SearchAction","target":{"@type":"EntryPoint","urlTemplate":"https:\/\/now-news.de\/de\/?s={search_term_string}"},"query-input":"required name=search_term_string"}],"inLanguage":"de"},{"@type":"Organization","@id":"https:\/\/now-news.de\/de\/#organization","name":"Just Now News","url":"https:\/\/now-news.de\/de\/","logo":{"@type":"ImageObject","inLanguage":"de","@id":"https:\/\/now-news.de\/de\/#\/schema\/logo\/image\/","url":"http:\/\/just-now.news\/de\/wp-content\/uploads\/sites\/3\/2022\/04\/logo500x500.jpg","contentUrl":"http:\/\/just-now.news\/de\/wp-content\/uploads\/sites\/3\/2022\/04\/logo500x500.jpg","width":500,"height":500,"caption":"Just Now News"},"image":{"@id":"https:\/\/now-news.de\/de\/#\/schema\/logo\/image\/"},"sameAs":["https:\/\/www.facebook.com\/wirmachenauf","https:\/\/x.com\/WirMachenAuf_de"]},{"@type":"Person","@id":"https:\/\/now-news.de\/de\/#\/schema\/person\/fb534a4e865501d8b3285208df34a9b5","name":"rtnews","image":{"@type":"ImageObject","inLanguage":"de","@id":"https:\/\/now-news.de\/de\/#\/schema\/person\/image\/","url":"https:\/\/secure.gravatar.com\/avatar\/82aafea7d8127119dd649515f56e2117?s=96&d=mm&r=g","contentUrl":"https:\/\/secure.gravatar.com\/avatar\/82aafea7d8127119dd649515f56e2117?s=96&d=mm&r=g","caption":"rtnews"},"url":"https:\/\/now-news.de\/de\/author\/rnews\/"}]}},"_links":{"self":[{"href":"https:\/\/now-news.de\/de\/wp-json\/wp\/v2\/posts\/37096"}],"collection":[{"href":"https:\/\/now-news.de\/de\/wp-json\/wp\/v2\/posts"}],"about":[{"href":"https:\/\/now-news.de\/de\/wp-json\/wp\/v2\/types\/post"}],"author":[{"embeddable":true,"href":"https:\/\/now-news.de\/de\/wp-json\/wp\/v2\/users\/3"}],"replies":[{"embeddable":true,"href":"https:\/\/now-news.de\/de\/wp-json\/wp\/v2\/comments?post=37096"}],"version-history":[{"count":0,"href":"https:\/\/now-news.de\/de\/wp-json\/wp\/v2\/posts\/37096\/revisions"}],"wp:featuredmedia":[{"embeddable":true,"href":"https:\/\/now-news.de\/de\/wp-json\/wp\/v2\/media\/37097"}],"wp:attachment":[{"href":"https:\/\/now-news.de\/de\/wp-json\/wp\/v2\/media?parent=37096"}],"wp:term":[{"taxonomy":"category","embeddable":true,"href":"https:\/\/now-news.de\/de\/wp-json\/wp\/v2\/categories?post=37096"},{"taxonomy":"post_tag","embeddable":true,"href":"https:\/\/now-news.de\/de\/wp-json\/wp\/v2\/tags?post=37096"}],"curies":[{"name":"wp","href":"https:\/\/api.w.org\/{rel}","templated":true}]}}