{"id":37063,"date":"2023-05-30T17:17:14","date_gmt":"2023-05-30T15:17:14","guid":{"rendered":"http:\/\/just-now.news\/de\/deutschland\/roger-waters-schwein-gehabt-sieht-anders-aus\/"},"modified":"2023-05-30T17:17:14","modified_gmt":"2023-05-30T15:17:14","slug":"roger-waters-schwein-gehabt-sieht-anders-aus","status":"publish","type":"post","link":"https:\/\/now-news.de\/de\/deutschland\/roger-waters-schwein-gehabt-sieht-anders-aus\/","title":{"rendered":"Roger Waters: &quot;Schwein gehabt&quot; sieht anders aus"},"content":{"rendered":"<p><img decoding=\"async\" src=\"http:\/\/just-now.news\/de\/wp-content\/uploads\/sites\/3\/2023\/05\/6475e11448fbef77bd406567.jpg\" \/><\/p>\n<div class=\"Text-root Text-type_1 \">\n                Der Mitbegr\u00fcnder der legend\u00e4ren Rockband Pink Floyd Roger Waters steht weiter in der Kritik. Der Vorwurf lautet: Antisemitismus. Und nun gibt es auch noch \u00c4rger wegen eines Auftritts in einer an Nazis erinnernden Uniform. Was wirklich hinter diesen Vorw\u00fcrfen steckt.\n            <\/div>\n<p><\/p>\n<div class=\"Text-root Text-type_5 ArticleView-text ViewText-root \">\n<p><em>Von\u00a0Tom J. Wellbrock<\/em><\/p>\n<p>Die Diskussionen um Roger Waters nehmen kein Ende. Der Bassist der Band Pink Floyd sei antisemitisch, hei\u00dft es immer wieder. Und dann auch noch der Auftritt in einer an Nazis erinnernden Uniform. Das geht ja nun gar nicht!<\/p>\n<p>Doch, das geht! Und zwar gleich aus mehreren Gr\u00fcnden. Fangen wir mit der Uniform an.<\/p>\n<p><strong>Uniformen und Mauern<\/strong>\u00a0<\/p>\n<p>Die Uniform, die die woken Kulturbanausen wohl noch nie in ihrem Leben gesehen haben, stammt aus dem Film bzw. vom Album &#8220;The Wall&#8221; von Pink Floyd. Es w\u00e4re eine gute Idee, sich diesen Film anzusehen, die Texte zu lesen und zu verstehen, um zu erkennen, dass es Pink Floyd damals (und Waters heute) um eine Anklage gegen autorit\u00e4re Systeme ging und geht.<\/p>\n<p>Die Tatsache, dass Waters in einem seiner Konzerte in Tr\u00e4nen ausbrach, d\u00fcrften die ahnungslosen Sittenw\u00e4chter wovon auch immer als Erfolg verbuchen. Tats\u00e4chlich aber haben sie vermutlich einen kritischen Geist, der mit dem Tragen der Uniform die Perversit\u00e4t des Faschismus zeigen wollte, in die Verzweiflung getrieben. Ohne Wissen, ohne Empathie, ohne historische Kenntnis wurde hier ein Musiker in eine Ecke gestellt, in die er nicht geh\u00f6rt \u2013 ganz im Gegensatz zu den faschistoiden Geiferern, die nicht eher Ruhe gaben, bis der Musiker von historischer Bedeutung und Relevanz sich dem Mob beugte.<\/p>\n<p>Die Anklage wegen Volksverhetzung schl\u00e4gt dem Fass den Boden aus. Damals \u2013 als &#8220;The Wall&#8221; als Film und LP herausgebracht wurde \u2013 wie heute steht das Werk f\u00fcr eine tiefe Abscheu vor dem Faschismus und vor faschistoiden Autorit\u00e4ten, also \u2013 das ist die Interpretation des Autors dieses Textes \u2013 vor ebenjenen faschistoiden Zeitgenossen, die jetzt der Meinung sind, ihr geistloses und unwissendes Empfinden politischer Korrektheit an einem verdienten Musiker und kritischen Geist abarbeiten zu m\u00fcssen.<\/p>\n<p>Die Mauern sind in den hohlen K\u00f6pfen derer aufgebaut worden, die sich anma\u00dfen, etwas beurteilen zu k\u00f6nnen, wovon sie nicht den Ansatz einer Ahnung haben.<\/p>\n<p><strong>Schwein gehabt!<\/strong><\/p>\n<p>Schwein hatte Pink Floyd schon 1977. In diesem Jahr erschien das Album &#8220;Animals&#8221;, auf dem Tiere eine wichtige Rolle spielten. Zum Beispiel Hunde. Sie standen in dem musikalischem Werk stellvertretend f\u00fcr Menschen, die nur am Profit orientiert sind. Sie gehen \u00fcber Leichen und interessieren sich f\u00fcr ihre Mitmenschen nicht im Geringsten.<\/p>\n<p>Die Rolle der Schweine auf dem Album wurde ausgerechnet von Wikipedia treffend zusammengefasst:<\/p>\n<blockquote>\n<p><em>&#8220;Die Schweine (Pigs) sind f\u00fcr Waters die &#8216;Moralapostel&#8217;, die den Menschen jeden Tag predigen, wie sie sich richtig zu verhalten h\u00e4tten. Dabei w\u00fcrden gerade diese Menschen die meisten Fehler machen und sich besonders unmoralisch verhalten.&#8221;<\/em><\/p>\n<\/blockquote>\n<p>Prophetisch!<\/p>\n<p><strong>Wenn das nicht passt! <\/strong><\/p>\n<p>Das &#8220;neue&#8221; Schwein, das Waters auf seiner aktuellen Tour verwendet, ist eine Variation von damals. Und es ist mit einigen Symbolen best\u00fcckt worden, die alle eine Botschaft transportieren sollen. Die <em>Stuttgarter Nachrichten<\/em> schreiben dazu (Rechtschreibung und Orthografie wie im Original):<\/p>\n<blockquote>\n<p><em>&#8220;Dagegen wehrt sich Waters in einem offenen Brief auf seiner Facebook-Seite: Er f\u00fchle sich durch den Vorwurf des Antisemitismus pers\u00f6nlich beleidigt, und weist darauf hin, dass er in seiner Show au\u00dfer dem Davidstern auch das Kreuz und den Halbmond verwendet. Der Musiker argumentiert, die Symbolik des Davidsterns in &#8216;The Wall&#8217; richte sich gegen die Politik des Staates Israel, eines Staates, so Waters, &#8216;der Apartheid praktiziert, sowohl innerhalb seiner eigenen Grenzen also auch in den Gebieten, die er seit 1967 besetzt und kolonisiert hat&#8217;. Friedlich gegen Israels Innen- und Au\u00dfenpolitik zu protestieren sei nicht antisemitisch. <\/em><br \/><em><\/em><\/p>\n<p><em>Das Schwein repr\u00e4sentiere das B\u00f6se eines fehlgeleiteten Staates, schreibt Waters in seinem Statement weiter. Dass er in &#8216;The Wall&#8217;, einer Geschichte \u00fcber Krieg, Tod, Zerst\u00f6rung und Angst, prinzipiell mit Symbolen spielt, ist hinreichend bekannt. Animierte H\u00e4mmer marschieren im Gleichschritt wie in einer Milit\u00e4rparade, und Waters wirft sich gleich zu Beginn der Show einen langen schwarzen Mantel mit roter Armbinde \u00fcber \u2013 und zeigt sich als Diktator.&#8221;<\/em><\/p>\n<\/blockquote>\n<p>Wichtig ist ein weiterer Absatz im Text der Zeitung:<\/p>\n<blockquote>\n<p><em>&#8220;Den 70-J\u00e4hrigen, der im vergangenen Jahr vor der UN-Generalversammlung eine Rede gegen die israelische Pal\u00e4stina-Politik gehalten hat, in die Ecke von Nazis und Rassisten zu stellen ist die falsche Reaktion. Zu eindringlich ist sein Pl\u00e4doyer f\u00fcr Frieden und Freiheit. Doch \u00fcberschreitet er mit seinem provokanten Spiel mit religi\u00f6sen und politischen Symbolen eine Grenze, oder ist das Kunst und somit erlaubt?&#8221;<\/em><\/p>\n<\/blockquote>\n<p>Die abschlie\u00dfende Frage ist falsch, wenn auch die Betonung auf Waters&#8217; Pl\u00e4doyer f\u00fcr Frieden und Freiheit stimmt. Doch die Symbolik, die er verwendet, ist keine, die nur in der Kunst erlaubt sein d\u00fcrfte. Politische und religi\u00f6se Symbole darf man verwenden, um Zusammenh\u00e4nge darzustellen, auch in anderen Bereichen als der Kunst. Aber das ist gar nicht der entscheidende Punkt.<\/p>\n<p><strong>Seht her, und seht hin!<\/strong><\/p>\n<p>Wer jemanden wie Waters als Antisemit bezeichnet oder gar wegen Volksverhetzung anklagt, sollte etwas tun, das heute nicht mehr sehr beliebt ist: Er sollte sich ein Bild von diesem Menschen machen. Das ist eine umfangreiche Arbeit, die aber notwendig ist, um einen Menschen nicht zu Unrecht eines bestimmten Vergehens zu beschuldigen. Waters war, solange ich ihn verfolge, und das ist eine ganze Weile, immer ein kritischer Mensch, der sich mit allem, was sich ihm bot, f\u00fcr den Frieden und ein gemeinsames Miteinander einsetzte.<\/p>\n<p>Die israelische Politik kritisiert er schon sehr lange, und daf\u00fcr darf man wiederum ihn kritisieren. Aber Substanz sollte es schon haben. Waters den Stempel des Antisemiten anzuheften, weil er die Politik Israels kritisiert, ist absurd und f\u00fchrt zu einer kategorischen Ablehnung jeglicher Kritik an der Politik Israels. Das allerdings trifft nicht nur auf Waters zu, sondern ganz grunds\u00e4tzlich. Wer wagt es denn heute noch, die israelische Au\u00dfenpolitik kritisch zu betrachten? Kaum jemand, der nicht bereit ist, mit bitterb\u00f6sen Kampagnen gegen ihn zu rechnen.<\/p>\n<p>Wom\u00f6glich \u2013 darf man das denken und sogar sagen? &#8211; hat sich der israelische Staat auch zu einem Apartheidssystem entwickelt, weil Kritik an ihm per se als antisemitisch galt und gilt? Ich erlaube mir, diese Frage zu stellen und unbeantwortet im Raum stehen zu lassen.<\/p>\n<p>Waters hat w\u00e4hrend eines Konzerts geweint, ich habe die Aufnahme gesehen. Und ich bin sicher, dass er nicht geweint hat, weil er sich als Antisemit \u00fcberf\u00fchrt gef\u00fchlt hat. Abgesehen davon, jetzt mal ehrlich: W\u00fcrde ein waschechter Antisemit einfach ganz offen vor einem Millionenpublikum kundtun, dass er ein Antisemit ist? Eher nicht, das w\u00e4re, als w\u00fcrde ein weltweit bekannter Musiker auf der B\u00fchne bekannt geben, dass er Sex mit Kindern mag. In beiden F\u00e4llen w\u00e4re klar, was folgt.<\/p>\n<p>Vermutlich, so meine Annahme, hat Waters geweint, weil er sein Leben lang ein friedlicher Kerl war. Einer mit Ecken und Kanten, der Drogen nahm (wof\u00fcr man wohl dankbar sein muss, wenn man sein musikalisches Werk betrachtet), der f\u00fcnfmal verheiratet war. Das war Gerhard Schr\u00f6der (SPD) auch, aber der Vergleich verbietet sich wohl, da nicht auszuschlie\u00dfen ist, dass k\u00fcnftig jeder Mann, der f\u00fcnfmal verheiratet war, Antisemit oder &#8220;Putinversteher&#8221; sein k\u00f6nnte.<\/p>\n<p>Das Problem ist ein ganz grundlegendes. An Waters wird es einmal mehr deutlich. Wir befinden uns im \u00fcberdimensionierten Raum einer Sekte. In dieser Sekte gibt es klare Anweisungen, und wer sich nicht an diese h\u00e4lt, f\u00e4llt aus der Gruppe heraus, wird zu einer Unperson, die am gesellschaftlichen, kulturellen und politischen Leben nicht mehr teilnehmen darf.<\/p>\n<p>Waters ist nicht der Erste, der dieser Sekte zum Opfer f\u00e4llt. Und er wird ganz sicher nicht der Letzte sein. Die Sektenf\u00fchrer f\u00fchren sich auf wie verantwortungsvolle Eltern, die nur das Beste ihrer Z\u00f6glinge wollen und alles daf\u00fcr tun, das auch zu bekommen. Die Sektenmitglieder sind brave und h\u00f6rige Kriecher, die schreien und schimpfen, sobald die Sektenf\u00fchrer es tun. Ein Staat ist mit dieser Konstellation nicht zu machen, Kunst auch nicht, und selbstst\u00e4ndiges Denken verbietet sich schon aus Prinzip.<\/p>\n<p>Ich schlie\u00dfe mit dem oben stehenden und leicht abgewandelten Zitat aus der Wikipedia, und allein das w\u00fcrde ich als historisches Ereignis bewerten wollen:<\/p>\n<blockquote>\n<p><em>&#8220;Die Schweine (Pigs) sind die &#8216;Moralapostel&#8217;, die den Menschen jeden Tag predigen, wie sie sich richtig zu verhalten h\u00e4tten. Dabei machen gerade diese Menschen die meisten Fehler und verhalten sich besonders unmoralisch.&#8221;<\/em><\/p>\n<\/blockquote>\n<p><em>Tom J. Wellbrock ist Journalist, Sprecher, Texter, Podcaster, Moderator und Mitherausgeber des Blogs <a rel=\"nofollow noopener\" target=\"_blank\" href=\"https:\/\/www.neulandrebellen.de\/\">neulandrebellen<\/a>. <\/em><\/p>\n<p><strong>Mehr zum Thema<\/strong> \u2013 <a rel=\"nofollow noopener\" target=\"_blank\" href=\"https:\/\/freeassange.rtde.life\/gesellschaft\/171072-berlin-polizei-ermittelt-gegen-pink\/\">Berlin: Polizei ermittelt gegen &#8220;Pink Floyd&#8221;-Mitbegr\u00fcnder Roger Waters<\/a><\/p>\n<div class=\"EmbedBlock-root EmbedBlock-externalVideo EmbedBlock-vk\">\n<div class=\"VkEmbed\"><iframe class=\"lazyload\" data-src=\"https:\/\/vk.com\/video_ext.php?oid=-134310637&amp;id=456267029&amp;hash=a1be17ddbf825201\" frameborder=\"0\" width=\"853\" height=\"480\" allowfullscreen><\/iframe><\/div>\n<\/div>\n<\/div>\n<p><br \/>\n<br \/><a href=\"https:\/\/de.rt.com\/meinung\/171353-roger-waters-schwein-gehabt-sieht\/\">Source link <\/a><\/p>\n","protected":false},"excerpt":{"rendered":"<p>Der Mitbegr\u00fcnder der legend\u00e4ren Rockband Pink Floyd Roger Waters steht weiter in der Kritik. Der Vorwurf lautet: Antisemitismus. Und nun gibt es auch noch \u00c4rger wegen eines Auftritts in einer an Nazis erinnernden Uniform. Was wirklich hinter diesen Vorw\u00fcrfen steckt. Von\u00a0Tom J. Wellbrock Die Diskussionen um Roger Waters nehmen kein Ende. Der Bassist der Band [&hellip;]<\/p>\n","protected":false},"author":3,"featured_media":37064,"comment_status":"open","ping_status":"open","sticky":false,"template":"","format":"standard","meta":{"_yoast_indexnow_last_ping":["1685460583"],"wp_automatic_camp":["217"],"2655f73df3b107b2c8bf79a785b4a8c3":["Roger Waters: &quot;Schwein gehabt&quot; sieht anders aus"],"original_link":["https:\/\/de.rt.com\/meinung\/171353-roger-waters-schwein-gehabt-sieht\/"],"_thumbnail_id":["37064"],"_wptgpro_p2tg_sent2tg":["a:1:{i:23737;s:19:\"2023-05-30 17:30:44\";}"],"jnews_social_counter_last_update":["1777327917"]},"categories":[19,23],"tags":[2206,679,44939,44938,22769,6809,30994],"yoast_head":"<!-- This site is optimized with the Yoast SEO Premium plugin v22.7 (Yoast SEO v22.7) - https:\/\/yoast.com\/wordpress\/plugins\/seo\/ -->\n<title>Roger Waters: &quot;Schwein gehabt&quot; sieht anders aus - just-now.NEWS Deutschland<\/title>\n<meta name=\"robots\" content=\"index, follow, max-snippet:-1, max-image-preview:large, max-video-preview:-1\" \/>\n<link rel=\"canonical\" href=\"https:\/\/now-news.de\/de\/deutschland\/roger-waters-schwein-gehabt-sieht-anders-aus\/\" \/>\n<meta property=\"og:locale\" content=\"de_DE\" \/>\n<meta property=\"og:type\" content=\"article\" \/>\n<meta property=\"og:title\" content=\"Roger Waters: &quot;Schwein gehabt&quot; sieht anders aus\" \/>\n<meta property=\"og:description\" content=\"Der Mitbegr\u00fcnder der legend\u00e4ren Rockband Pink Floyd Roger Waters steht weiter in der Kritik. Der Vorwurf lautet: Antisemitismus. Und nun gibt es auch noch \u00c4rger wegen eines Auftritts in einer an Nazis erinnernden Uniform. Was wirklich hinter diesen Vorw\u00fcrfen steckt. Von\u00a0Tom J. Wellbrock Die Diskussionen um Roger Waters nehmen kein Ende. Der Bassist der Band [&hellip;]\" \/>\n<meta property=\"og:url\" content=\"https:\/\/now-news.de\/de\/deutschland\/roger-waters-schwein-gehabt-sieht-anders-aus\/\" \/>\n<meta property=\"og:site_name\" content=\"just-now.NEWS Deutschland\" \/>\n<meta property=\"article:publisher\" content=\"https:\/\/www.facebook.com\/wirmachenauf\" \/>\n<meta property=\"article:published_time\" content=\"2023-05-30T15:17:14+00:00\" \/>\n<meta property=\"og:image\" content=\"https:\/\/now-news.de\/de\/wp-content\/uploads\/sites\/3\/2023\/05\/Roger-Waters-quotSchwein-gehabtquot-sieht-anders-aus.jpg\" \/>\n\t<meta property=\"og:image:width\" content=\"460\" \/>\n\t<meta property=\"og:image:height\" content=\"259\" \/>\n\t<meta property=\"og:image:type\" content=\"image\/jpeg\" \/>\n<meta name=\"author\" content=\"rtnews\" \/>\n<meta name=\"twitter:card\" content=\"summary_large_image\" \/>\n<meta name=\"twitter:creator\" content=\"@WirMachenAuf_de\" \/>\n<meta name=\"twitter:site\" content=\"@WirMachenAuf_de\" \/>\n<meta name=\"twitter:label1\" content=\"Verfasst von\" \/>\n\t<meta name=\"twitter:data1\" content=\"rtnews\" \/>\n\t<meta name=\"twitter:label2\" content=\"Gesch\u00e4tzte Lesezeit\" \/>\n\t<meta name=\"twitter:data2\" content=\"7\u00a0Minuten\" \/>\n<script type=\"application\/ld+json\" class=\"yoast-schema-graph\">{\"@context\":\"https:\/\/schema.org\",\"@graph\":[{\"@type\":\"Article\",\"@id\":\"https:\/\/now-news.de\/de\/deutschland\/roger-waters-schwein-gehabt-sieht-anders-aus\/#article\",\"isPartOf\":{\"@id\":\"https:\/\/now-news.de\/de\/deutschland\/roger-waters-schwein-gehabt-sieht-anders-aus\/\"},\"author\":{\"name\":\"rtnews\",\"@id\":\"https:\/\/now-news.de\/de\/#\/schema\/person\/fb534a4e865501d8b3285208df34a9b5\"},\"headline\":\"Roger Waters: &quot;Schwein gehabt&quot; sieht anders aus\",\"datePublished\":\"2023-05-30T15:17:14+00:00\",\"dateModified\":\"2023-05-30T15:17:14+00:00\",\"mainEntityOfPage\":{\"@id\":\"https:\/\/now-news.de\/de\/deutschland\/roger-waters-schwein-gehabt-sieht-anders-aus\/\"},\"wordCount\":1448,\"commentCount\":0,\"publisher\":{\"@id\":\"https:\/\/now-news.de\/de\/#organization\"},\"image\":{\"@id\":\"https:\/\/now-news.de\/de\/deutschland\/roger-waters-schwein-gehabt-sieht-anders-aus\/#primaryimage\"},\"thumbnailUrl\":\"https:\/\/now-news.de\/de\/wp-content\/uploads\/sites\/3\/2023\/05\/Roger-Waters-quotSchwein-gehabtquot-sieht-anders-aus.jpg\",\"keywords\":[\"anders\",\"aus\",\"gehabtquot\",\"quotSchwein\",\"ROGER\",\"sieht\",\"Waters\"],\"articleSection\":[\"Deutschland\",\"Russland\"],\"inLanguage\":\"de\",\"potentialAction\":[{\"@type\":\"CommentAction\",\"name\":\"Comment\",\"target\":[\"https:\/\/now-news.de\/de\/deutschland\/roger-waters-schwein-gehabt-sieht-anders-aus\/#respond\"]}]},{\"@type\":\"WebPage\",\"@id\":\"https:\/\/now-news.de\/de\/deutschland\/roger-waters-schwein-gehabt-sieht-anders-aus\/\",\"url\":\"https:\/\/now-news.de\/de\/deutschland\/roger-waters-schwein-gehabt-sieht-anders-aus\/\",\"name\":\"Roger Waters: &quot;Schwein gehabt&quot; sieht anders aus - just-now.NEWS Deutschland\",\"isPartOf\":{\"@id\":\"https:\/\/now-news.de\/de\/#website\"},\"primaryImageOfPage\":{\"@id\":\"https:\/\/now-news.de\/de\/deutschland\/roger-waters-schwein-gehabt-sieht-anders-aus\/#primaryimage\"},\"image\":{\"@id\":\"https:\/\/now-news.de\/de\/deutschland\/roger-waters-schwein-gehabt-sieht-anders-aus\/#primaryimage\"},\"thumbnailUrl\":\"https:\/\/now-news.de\/de\/wp-content\/uploads\/sites\/3\/2023\/05\/Roger-Waters-quotSchwein-gehabtquot-sieht-anders-aus.jpg\",\"datePublished\":\"2023-05-30T15:17:14+00:00\",\"dateModified\":\"2023-05-30T15:17:14+00:00\",\"breadcrumb\":{\"@id\":\"https:\/\/now-news.de\/de\/deutschland\/roger-waters-schwein-gehabt-sieht-anders-aus\/#breadcrumb\"},\"inLanguage\":\"de\",\"potentialAction\":[{\"@type\":\"ReadAction\",\"target\":[\"https:\/\/now-news.de\/de\/deutschland\/roger-waters-schwein-gehabt-sieht-anders-aus\/\"]}]},{\"@type\":\"ImageObject\",\"inLanguage\":\"de\",\"@id\":\"https:\/\/now-news.de\/de\/deutschland\/roger-waters-schwein-gehabt-sieht-anders-aus\/#primaryimage\",\"url\":\"https:\/\/now-news.de\/de\/wp-content\/uploads\/sites\/3\/2023\/05\/Roger-Waters-quotSchwein-gehabtquot-sieht-anders-aus.jpg\",\"contentUrl\":\"https:\/\/now-news.de\/de\/wp-content\/uploads\/sites\/3\/2023\/05\/Roger-Waters-quotSchwein-gehabtquot-sieht-anders-aus.jpg\",\"width\":460,\"height\":259,\"caption\":\"Roger Waters: &quot;Schwein gehabt&quot; sieht anders aus\"},{\"@type\":\"BreadcrumbList\",\"@id\":\"https:\/\/now-news.de\/de\/deutschland\/roger-waters-schwein-gehabt-sieht-anders-aus\/#breadcrumb\",\"itemListElement\":[{\"@type\":\"ListItem\",\"position\":1,\"name\":\"Home\",\"item\":\"https:\/\/now-news.de\/de\/\"},{\"@type\":\"ListItem\",\"position\":2,\"name\":\"Roger Waters: &quot;Schwein gehabt&quot; sieht anders aus\"}]},{\"@type\":\"WebSite\",\"@id\":\"https:\/\/now-news.de\/de\/#website\",\"url\":\"https:\/\/now-news.de\/de\/\",\"name\":\"just-now.NEWS Deutschland\",\"description\":\"Das Portal f\u00fcr unzensierte Nachrichten aus der Welt\",\"publisher\":{\"@id\":\"https:\/\/now-news.de\/de\/#organization\"},\"potentialAction\":[{\"@type\":\"SearchAction\",\"target\":{\"@type\":\"EntryPoint\",\"urlTemplate\":\"https:\/\/now-news.de\/de\/?s={search_term_string}\"},\"query-input\":\"required name=search_term_string\"}],\"inLanguage\":\"de\"},{\"@type\":\"Organization\",\"@id\":\"https:\/\/now-news.de\/de\/#organization\",\"name\":\"Just Now News\",\"url\":\"https:\/\/now-news.de\/de\/\",\"logo\":{\"@type\":\"ImageObject\",\"inLanguage\":\"de\",\"@id\":\"https:\/\/now-news.de\/de\/#\/schema\/logo\/image\/\",\"url\":\"http:\/\/just-now.news\/de\/wp-content\/uploads\/sites\/3\/2022\/04\/logo500x500.jpg\",\"contentUrl\":\"http:\/\/just-now.news\/de\/wp-content\/uploads\/sites\/3\/2022\/04\/logo500x500.jpg\",\"width\":500,\"height\":500,\"caption\":\"Just Now News\"},\"image\":{\"@id\":\"https:\/\/now-news.de\/de\/#\/schema\/logo\/image\/\"},\"sameAs\":[\"https:\/\/www.facebook.com\/wirmachenauf\",\"https:\/\/x.com\/WirMachenAuf_de\"]},{\"@type\":\"Person\",\"@id\":\"https:\/\/now-news.de\/de\/#\/schema\/person\/fb534a4e865501d8b3285208df34a9b5\",\"name\":\"rtnews\",\"image\":{\"@type\":\"ImageObject\",\"inLanguage\":\"de\",\"@id\":\"https:\/\/now-news.de\/de\/#\/schema\/person\/image\/\",\"url\":\"https:\/\/secure.gravatar.com\/avatar\/82aafea7d8127119dd649515f56e2117?s=96&d=mm&r=g\",\"contentUrl\":\"https:\/\/secure.gravatar.com\/avatar\/82aafea7d8127119dd649515f56e2117?s=96&d=mm&r=g\",\"caption\":\"rtnews\"},\"url\":\"https:\/\/now-news.de\/de\/author\/rnews\/\"}]}<\/script>\n<!-- \/ Yoast SEO Premium plugin. -->","yoast_head_json":{"title":"Roger Waters: &quot;Schwein gehabt&quot; sieht anders aus - just-now.NEWS Deutschland","robots":{"index":"index","follow":"follow","max-snippet":"max-snippet:-1","max-image-preview":"max-image-preview:large","max-video-preview":"max-video-preview:-1"},"canonical":"https:\/\/now-news.de\/de\/deutschland\/roger-waters-schwein-gehabt-sieht-anders-aus\/","og_locale":"de_DE","og_type":"article","og_title":"Roger Waters: &quot;Schwein gehabt&quot; sieht anders aus","og_description":"Der Mitbegr\u00fcnder der legend\u00e4ren Rockband Pink Floyd Roger Waters steht weiter in der Kritik. Der Vorwurf lautet: Antisemitismus. Und nun gibt es auch noch \u00c4rger wegen eines Auftritts in einer an Nazis erinnernden Uniform. Was wirklich hinter diesen Vorw\u00fcrfen steckt. Von\u00a0Tom J. Wellbrock Die Diskussionen um Roger Waters nehmen kein Ende. Der Bassist der Band [&hellip;]","og_url":"https:\/\/now-news.de\/de\/deutschland\/roger-waters-schwein-gehabt-sieht-anders-aus\/","og_site_name":"just-now.NEWS Deutschland","article_publisher":"https:\/\/www.facebook.com\/wirmachenauf","article_published_time":"2023-05-30T15:17:14+00:00","og_image":[{"width":460,"height":259,"url":"https:\/\/now-news.de\/de\/wp-content\/uploads\/sites\/3\/2023\/05\/Roger-Waters-quotSchwein-gehabtquot-sieht-anders-aus.jpg","type":"image\/jpeg"}],"author":"rtnews","twitter_card":"summary_large_image","twitter_creator":"@WirMachenAuf_de","twitter_site":"@WirMachenAuf_de","twitter_misc":{"Verfasst von":"rtnews","Gesch\u00e4tzte Lesezeit":"7\u00a0Minuten"},"schema":{"@context":"https:\/\/schema.org","@graph":[{"@type":"Article","@id":"https:\/\/now-news.de\/de\/deutschland\/roger-waters-schwein-gehabt-sieht-anders-aus\/#article","isPartOf":{"@id":"https:\/\/now-news.de\/de\/deutschland\/roger-waters-schwein-gehabt-sieht-anders-aus\/"},"author":{"name":"rtnews","@id":"https:\/\/now-news.de\/de\/#\/schema\/person\/fb534a4e865501d8b3285208df34a9b5"},"headline":"Roger Waters: &quot;Schwein gehabt&quot; sieht anders aus","datePublished":"2023-05-30T15:17:14+00:00","dateModified":"2023-05-30T15:17:14+00:00","mainEntityOfPage":{"@id":"https:\/\/now-news.de\/de\/deutschland\/roger-waters-schwein-gehabt-sieht-anders-aus\/"},"wordCount":1448,"commentCount":0,"publisher":{"@id":"https:\/\/now-news.de\/de\/#organization"},"image":{"@id":"https:\/\/now-news.de\/de\/deutschland\/roger-waters-schwein-gehabt-sieht-anders-aus\/#primaryimage"},"thumbnailUrl":"https:\/\/now-news.de\/de\/wp-content\/uploads\/sites\/3\/2023\/05\/Roger-Waters-quotSchwein-gehabtquot-sieht-anders-aus.jpg","keywords":["anders","aus","gehabtquot","quotSchwein","ROGER","sieht","Waters"],"articleSection":["Deutschland","Russland"],"inLanguage":"de","potentialAction":[{"@type":"CommentAction","name":"Comment","target":["https:\/\/now-news.de\/de\/deutschland\/roger-waters-schwein-gehabt-sieht-anders-aus\/#respond"]}]},{"@type":"WebPage","@id":"https:\/\/now-news.de\/de\/deutschland\/roger-waters-schwein-gehabt-sieht-anders-aus\/","url":"https:\/\/now-news.de\/de\/deutschland\/roger-waters-schwein-gehabt-sieht-anders-aus\/","name":"Roger Waters: &quot;Schwein gehabt&quot; sieht anders aus - just-now.NEWS Deutschland","isPartOf":{"@id":"https:\/\/now-news.de\/de\/#website"},"primaryImageOfPage":{"@id":"https:\/\/now-news.de\/de\/deutschland\/roger-waters-schwein-gehabt-sieht-anders-aus\/#primaryimage"},"image":{"@id":"https:\/\/now-news.de\/de\/deutschland\/roger-waters-schwein-gehabt-sieht-anders-aus\/#primaryimage"},"thumbnailUrl":"https:\/\/now-news.de\/de\/wp-content\/uploads\/sites\/3\/2023\/05\/Roger-Waters-quotSchwein-gehabtquot-sieht-anders-aus.jpg","datePublished":"2023-05-30T15:17:14+00:00","dateModified":"2023-05-30T15:17:14+00:00","breadcrumb":{"@id":"https:\/\/now-news.de\/de\/deutschland\/roger-waters-schwein-gehabt-sieht-anders-aus\/#breadcrumb"},"inLanguage":"de","potentialAction":[{"@type":"ReadAction","target":["https:\/\/now-news.de\/de\/deutschland\/roger-waters-schwein-gehabt-sieht-anders-aus\/"]}]},{"@type":"ImageObject","inLanguage":"de","@id":"https:\/\/now-news.de\/de\/deutschland\/roger-waters-schwein-gehabt-sieht-anders-aus\/#primaryimage","url":"https:\/\/now-news.de\/de\/wp-content\/uploads\/sites\/3\/2023\/05\/Roger-Waters-quotSchwein-gehabtquot-sieht-anders-aus.jpg","contentUrl":"https:\/\/now-news.de\/de\/wp-content\/uploads\/sites\/3\/2023\/05\/Roger-Waters-quotSchwein-gehabtquot-sieht-anders-aus.jpg","width":460,"height":259,"caption":"Roger Waters: &quot;Schwein gehabt&quot; sieht anders aus"},{"@type":"BreadcrumbList","@id":"https:\/\/now-news.de\/de\/deutschland\/roger-waters-schwein-gehabt-sieht-anders-aus\/#breadcrumb","itemListElement":[{"@type":"ListItem","position":1,"name":"Home","item":"https:\/\/now-news.de\/de\/"},{"@type":"ListItem","position":2,"name":"Roger Waters: &quot;Schwein gehabt&quot; sieht anders aus"}]},{"@type":"WebSite","@id":"https:\/\/now-news.de\/de\/#website","url":"https:\/\/now-news.de\/de\/","name":"just-now.NEWS Deutschland","description":"Das Portal f\u00fcr unzensierte Nachrichten aus der Welt","publisher":{"@id":"https:\/\/now-news.de\/de\/#organization"},"potentialAction":[{"@type":"SearchAction","target":{"@type":"EntryPoint","urlTemplate":"https:\/\/now-news.de\/de\/?s={search_term_string}"},"query-input":"required name=search_term_string"}],"inLanguage":"de"},{"@type":"Organization","@id":"https:\/\/now-news.de\/de\/#organization","name":"Just Now News","url":"https:\/\/now-news.de\/de\/","logo":{"@type":"ImageObject","inLanguage":"de","@id":"https:\/\/now-news.de\/de\/#\/schema\/logo\/image\/","url":"http:\/\/just-now.news\/de\/wp-content\/uploads\/sites\/3\/2022\/04\/logo500x500.jpg","contentUrl":"http:\/\/just-now.news\/de\/wp-content\/uploads\/sites\/3\/2022\/04\/logo500x500.jpg","width":500,"height":500,"caption":"Just Now News"},"image":{"@id":"https:\/\/now-news.de\/de\/#\/schema\/logo\/image\/"},"sameAs":["https:\/\/www.facebook.com\/wirmachenauf","https:\/\/x.com\/WirMachenAuf_de"]},{"@type":"Person","@id":"https:\/\/now-news.de\/de\/#\/schema\/person\/fb534a4e865501d8b3285208df34a9b5","name":"rtnews","image":{"@type":"ImageObject","inLanguage":"de","@id":"https:\/\/now-news.de\/de\/#\/schema\/person\/image\/","url":"https:\/\/secure.gravatar.com\/avatar\/82aafea7d8127119dd649515f56e2117?s=96&d=mm&r=g","contentUrl":"https:\/\/secure.gravatar.com\/avatar\/82aafea7d8127119dd649515f56e2117?s=96&d=mm&r=g","caption":"rtnews"},"url":"https:\/\/now-news.de\/de\/author\/rnews\/"}]}},"_links":{"self":[{"href":"https:\/\/now-news.de\/de\/wp-json\/wp\/v2\/posts\/37063"}],"collection":[{"href":"https:\/\/now-news.de\/de\/wp-json\/wp\/v2\/posts"}],"about":[{"href":"https:\/\/now-news.de\/de\/wp-json\/wp\/v2\/types\/post"}],"author":[{"embeddable":true,"href":"https:\/\/now-news.de\/de\/wp-json\/wp\/v2\/users\/3"}],"replies":[{"embeddable":true,"href":"https:\/\/now-news.de\/de\/wp-json\/wp\/v2\/comments?post=37063"}],"version-history":[{"count":0,"href":"https:\/\/now-news.de\/de\/wp-json\/wp\/v2\/posts\/37063\/revisions"}],"wp:featuredmedia":[{"embeddable":true,"href":"https:\/\/now-news.de\/de\/wp-json\/wp\/v2\/media\/37064"}],"wp:attachment":[{"href":"https:\/\/now-news.de\/de\/wp-json\/wp\/v2\/media?parent=37063"}],"wp:term":[{"taxonomy":"category","embeddable":true,"href":"https:\/\/now-news.de\/de\/wp-json\/wp\/v2\/categories?post=37063"},{"taxonomy":"post_tag","embeddable":true,"href":"https:\/\/now-news.de\/de\/wp-json\/wp\/v2\/tags?post=37063"}],"curies":[{"name":"wp","href":"https:\/\/api.w.org\/{rel}","templated":true}]}}