{"id":37049,"date":"2023-05-30T14:24:13","date_gmt":"2023-05-30T12:24:13","guid":{"rendered":"http:\/\/just-now.news\/de\/deutschland\/sieg-von-erdogan-tuerkei-entscheidet-sich-fuer-orientierung-nach-eurasien\/"},"modified":"2023-05-30T14:24:13","modified_gmt":"2023-05-30T12:24:13","slug":"sieg-von-erdogan-tuerkei-entscheidet-sich-fuer-orientierung-nach-eurasien","status":"publish","type":"post","link":"https:\/\/now-news.de\/de\/deutschland\/sieg-von-erdogan-tuerkei-entscheidet-sich-fuer-orientierung-nach-eurasien\/","title":{"rendered":"Sieg von Erdo\u011fan: T\u00fcrkei entscheidet sich f\u00fcr Orientierung nach Eurasien"},"content":{"rendered":"<p><img decoding=\"async\" src=\"http:\/\/just-now.news\/de\/wp-content\/uploads\/sites\/3\/2023\/05\/6475afc348fbef5f7e1c6c37.jpg\" \/><\/p>\n<div class=\"Text-root Text-type_1 \">\n                Westliche Medien haben sich mit ihrer Unterst\u00fctzung und Wette auf einen Sieg K\u0131l\u0131\u00e7daro\u011flus bei der t\u00fcrkischen Pr\u00e4sidentenwahl verkalkuliert, nachdem der CHP-Chef kurz vor der Stichwahl pl\u00f6tzlich auf Populismus setzte. Die B\u00fcrger der T\u00fcrkei hatten sich am Sonntag mehrheitlich gegen die EU entschieden. Das Land schaut vielmehr nach Eurasien, anstatt auf das vom Ukraine-Krieg angeschlagene Europa.\n            <\/div>\n<p><\/p>\n<div class=\"Text-root Text-type_5 ArticleView-text ViewText-root \">\n<p><em>Eine Analyse von Seyed Alireza Mousavi<\/em><\/p>\n<p>Der t\u00fcrkische Pr\u00e4sident Recep Tayyip Erdo\u011fan\u00a0wurde am Wochenende f\u00fcr weitere f\u00fcnf Jahre in seinem Amt best\u00e4tigt. Wie der Oberste Wahlrat am Sonntagabend mitteilte, stimmten 52,1 Prozent f\u00fcr den amtierenden Pr\u00e4sidenten. Sein Herausforderer Kemal K\u0131l\u0131\u00e7daro\u011flu errang 47,9 Prozent der Stimmen.\u00a0Erdo\u011fans Wahlsieg war in erster Linie eine Ohrfeige f\u00fcr die westlichen Medien, die in vergangenen Wochen eine gro\u00df angelegte Medienkampagne gegen Erdo\u011fan gestartet hatten. Meinungsmacher im Westen versuchten,\u00a0K\u0131l\u0131\u00e7daro\u011flu als den &#8220;Retter der T\u00fcrkei&#8221; darzustellen, als einen liberalen Politiker, der sich etwa auch f\u00fcr LGBTQ-Personen, Minderheiten und generell f\u00fcr westliche Werte einsetze.\u00a0Erdo\u011fan wurde dem\u00a0als\u00a0Symbol f\u00fcr &#8220;Autokratie&#8221; und &#8220;R\u00fcckst\u00e4ndigkeit&#8221; gegen\u00fcbergestellt und auch so propagiert.<\/p>\n<p>Nachdem Erdo\u011fan in der ersten Wahlrunde die meisten Stimmen gewonnen hatte und\u00a0die Euphorie von Kundgebungen der prowestlichen Opposition\u00a0in der T\u00fcrkei verflogen war, setzte\u00a0K\u0131l\u0131\u00e7daro\u011flu pl\u00f6tzlich auf Populismus, um\u00a0Erdo\u011fans Vorsprung aus der ersten Runde der Pr\u00e4sidentenwahl noch aufzuholen.\u00a0In einem Verzweiflungsakt\u00a0wendete der prowestliche Kandidat K\u0131l\u0131\u00e7daro\u011flu seine bisherige Kampagne um 180 Grad und\u00a0hetzte dabei auch gegen\u00a0Fl\u00fcchtlinge im Land. Au\u00dferdem entt\u00e4uschte er so auch die Kurden in der T\u00fcrkei,\u00a0indem er als CHP-Chef mit einem Handschlag f\u00fcr \u00dcmit \u00d6zda\u011f als seinem neuen politischen Freund vom ultrarechten Rand\u00a0 posierte. K\u0131l\u0131\u00e7daro\u011flus neue Wahlstrategie f\u00fcr zweite Wahlrunde irritierte selbst westliche Meinungsmacher. Westliche Medien versuchten deswegen, sich noch mehr auf einen medialen Angriff gegen Erdo\u011fan zu fokussieren, w\u00e4hrend sie K\u0131l\u0131\u00e7daro\u011flu weniger mediale Aufmerksamkeit als noch zuvor schenkten.<\/p>\n<p>Seinen Wahlsieg umschrieb Erdo\u011fan als einen &#8220;Triumph \u00fcber dunkle M\u00e4chte&#8221;. Zu seinen zehntausenden Anh\u00e4ngern vor dem Pr\u00e4sidentenpalast sagte Erdo\u011fan, deutsche und franz\u00f6sische Medien h\u00e4tten mit ihren Berichten versucht, seinem Sturz den Weg zu bereiten.<\/p>\n<p>In seiner Siegesrede in der Nacht zum Montag skizzierte der Pr\u00e4sident seine Ambitionen f\u00fcr die n\u00e4chsten f\u00fcnf Jahre, wobei er eine Vertiefung der Orientierung der T\u00fcrkei nach Osten angedeutet hat.\u00a0Er hob die Beziehungen zu den Golfstaaten, insbesondere zu Katar, und zu Russland hervor. Erdo\u011fan erinnerte an seinen Plan, die T\u00fcrkei zu einem Drehkreuz f\u00fcr russisches Erdgas in der Region zu machen.\u00a0Der Westen kam in seiner Rede, abgesehen von d\u00fcsteren Anspielungen, nicht vor. Erdo\u011fan\u00a0bezeichnete\u00a0seine Wiederwahl als einen &#8220;Wendepunkt in der Geschichte&#8221; des Landes und als Beginn einer &#8220;neuen historischen Epoche&#8221;.<\/p>\n<p>Die Wiederwahl Erdo\u011fans ist im Grunde die Best\u00e4tigung seiner Politik, die nicht zur Verbessrung der Beziehungen der T\u00fcrkei zur EU und NATO f\u00fchren wird. Die T\u00fcrken hatten am Sonntag eine Wahl zwischen einem souver\u00e4nen Amtsinhaber und einem prowestlichen Herausf\u00f6rderer. Dass sie sich am Ende doch wieder f\u00fcr Erdo\u011fan entschieden haben, sagt etwas \u00fcber die Stimmung im Lande aus: Die T\u00fcrken erwarten, dass ihr Land auf der internationalen B\u00fchne als eine selbstbewusste Regionalmacht agiert und sich von Bevormundungen des Westens emanzipiert. Die Stichwahl am Wochenende war im Grunde ein Referendum \u00fcber die Zukunft des Landes. Die T\u00fcrkei hat sich am Sonntag gegen die Europ\u00e4ische Union entschieden. Das Land schaut nach Eurasien und nicht auf das vom Ukraine-Krieg angeschlagene Europa.<\/p>\n<p><strong>Mehr zum Thema<\/strong> &#8211; <a rel=\"nofollow noopener\" target=\"_blank\" href=\"https:\/\/test.rtde.me\/der-nahe-osten\/169895-schicksalswahl-kommen-auf-tuerkei-chaotische\/\">Schicksalswahl: Kommen auf die T\u00fcrkei chaotische Zeiten zu?<\/a><\/p>\n<div class=\"EmbedBlock-root EmbedBlock-externalVideo EmbedBlock-vk\">\n<div class=\"VkEmbed\"><iframe class=\"lazyload\" data-src=\"https:\/\/vk.com\/video_ext.php?oid=-134310637&amp;id=456267273&amp;hash=7cef1e1e43c8099a\" frameborder=\"0\" width=\"853\" height=\"480\" allowfullscreen><\/iframe><\/div>\n<\/div>\n<\/div>\n<p><br \/>\n<br \/><a href=\"https:\/\/de.rt.com\/international\/171316-sieg-von-erdogan-tuerkei-entscheidet\/\">Source link <\/a><\/p>\n","protected":false},"excerpt":{"rendered":"<p>Westliche Medien haben sich mit ihrer Unterst\u00fctzung und Wette auf einen Sieg K\u0131l\u0131\u00e7daro\u011flus bei der t\u00fcrkischen Pr\u00e4sidentenwahl verkalkuliert, nachdem der CHP-Chef kurz vor der Stichwahl pl\u00f6tzlich auf Populismus setzte. Die B\u00fcrger der T\u00fcrkei hatten sich am Sonntag mehrheitlich gegen die EU entschieden. Das Land schaut vielmehr nach Eurasien, anstatt auf das vom Ukraine-Krieg angeschlagene Europa. [&hellip;]<\/p>\n","protected":false},"author":3,"featured_media":37050,"comment_status":"open","ping_status":"open","sticky":false,"template":"","format":"standard","meta":{"_yoast_indexnow_last_ping":["1685449915"],"wp_automatic_camp":["217"],"02fd7173483871a2f3c67bc019938609":["Sieg von Erdo\u011fan: T\u00fcrkei entscheidet sich f\u00fcr Orientierung nach Eurasien"],"original_link":["https:\/\/de.rt.com\/international\/171316-sieg-von-erdogan-tuerkei-entscheidet\/"],"_thumbnail_id":["37050"],"jnews_social_counter_last_update":["1777661900"],"_wptgpro_p2tg_sent2tg":["a:1:{i:23737;s:19:\"2023-05-30 14:33:06\";}"]},"categories":[19,23],"tags":[14951,13697,23968,221,979,20470,434,9001,1897,50],"yoast_head":"<!-- This site is optimized with the Yoast SEO Premium plugin v22.7 (Yoast SEO v22.7) - https:\/\/yoast.com\/wordpress\/plugins\/seo\/ -->\n<title>Sieg von Erdo\u011fan: T\u00fcrkei entscheidet sich f\u00fcr Orientierung nach Eurasien - just-now.NEWS Deutschland<\/title>\n<meta name=\"robots\" content=\"index, follow, max-snippet:-1, max-image-preview:large, max-video-preview:-1\" \/>\n<link rel=\"canonical\" href=\"https:\/\/now-news.de\/de\/deutschland\/sieg-von-erdogan-tuerkei-entscheidet-sich-fuer-orientierung-nach-eurasien\/\" \/>\n<meta property=\"og:locale\" content=\"de_DE\" \/>\n<meta property=\"og:type\" content=\"article\" \/>\n<meta property=\"og:title\" content=\"Sieg von Erdo\u011fan: T\u00fcrkei entscheidet sich f\u00fcr Orientierung nach Eurasien\" \/>\n<meta property=\"og:description\" content=\"Westliche Medien haben sich mit ihrer Unterst\u00fctzung und Wette auf einen Sieg K\u0131l\u0131\u00e7daro\u011flus bei der t\u00fcrkischen Pr\u00e4sidentenwahl verkalkuliert, nachdem der CHP-Chef kurz vor der Stichwahl pl\u00f6tzlich auf Populismus setzte. Die B\u00fcrger der T\u00fcrkei hatten sich am Sonntag mehrheitlich gegen die EU entschieden. Das Land schaut vielmehr nach Eurasien, anstatt auf das vom Ukraine-Krieg angeschlagene Europa. [&hellip;]\" \/>\n<meta property=\"og:url\" content=\"https:\/\/now-news.de\/de\/deutschland\/sieg-von-erdogan-tuerkei-entscheidet-sich-fuer-orientierung-nach-eurasien\/\" \/>\n<meta property=\"og:site_name\" content=\"just-now.NEWS Deutschland\" \/>\n<meta property=\"article:publisher\" content=\"https:\/\/www.facebook.com\/wirmachenauf\" \/>\n<meta property=\"article:published_time\" content=\"2023-05-30T12:24:13+00:00\" \/>\n<meta property=\"og:image\" content=\"https:\/\/now-news.de\/de\/wp-content\/uploads\/sites\/3\/2023\/05\/Sieg-von-Erdogan-Tuerkei-entscheidet-sich-fuer-Orientierung-nach-Eurasien.jpg\" \/>\n\t<meta property=\"og:image:width\" content=\"460\" \/>\n\t<meta property=\"og:image:height\" content=\"259\" \/>\n\t<meta property=\"og:image:type\" content=\"image\/jpeg\" \/>\n<meta name=\"author\" content=\"rtnews\" \/>\n<meta name=\"twitter:card\" content=\"summary_large_image\" \/>\n<meta name=\"twitter:creator\" content=\"@WirMachenAuf_de\" \/>\n<meta name=\"twitter:site\" content=\"@WirMachenAuf_de\" \/>\n<meta name=\"twitter:label1\" content=\"Verfasst von\" \/>\n\t<meta name=\"twitter:data1\" content=\"rtnews\" \/>\n\t<meta name=\"twitter:label2\" content=\"Gesch\u00e4tzte Lesezeit\" \/>\n\t<meta name=\"twitter:data2\" content=\"3\u00a0Minuten\" \/>\n<script type=\"application\/ld+json\" class=\"yoast-schema-graph\">{\"@context\":\"https:\/\/schema.org\",\"@graph\":[{\"@type\":\"Article\",\"@id\":\"https:\/\/now-news.de\/de\/deutschland\/sieg-von-erdogan-tuerkei-entscheidet-sich-fuer-orientierung-nach-eurasien\/#article\",\"isPartOf\":{\"@id\":\"https:\/\/now-news.de\/de\/deutschland\/sieg-von-erdogan-tuerkei-entscheidet-sich-fuer-orientierung-nach-eurasien\/\"},\"author\":{\"name\":\"rtnews\",\"@id\":\"https:\/\/now-news.de\/de\/#\/schema\/person\/fb534a4e865501d8b3285208df34a9b5\"},\"headline\":\"Sieg von Erdo\u011fan: T\u00fcrkei entscheidet sich f\u00fcr Orientierung nach Eurasien\",\"datePublished\":\"2023-05-30T12:24:13+00:00\",\"dateModified\":\"2023-05-30T12:24:13+00:00\",\"mainEntityOfPage\":{\"@id\":\"https:\/\/now-news.de\/de\/deutschland\/sieg-von-erdogan-tuerkei-entscheidet-sich-fuer-orientierung-nach-eurasien\/\"},\"wordCount\":653,\"commentCount\":0,\"publisher\":{\"@id\":\"https:\/\/now-news.de\/de\/#organization\"},\"image\":{\"@id\":\"https:\/\/now-news.de\/de\/deutschland\/sieg-von-erdogan-tuerkei-entscheidet-sich-fuer-orientierung-nach-eurasien\/#primaryimage\"},\"thumbnailUrl\":\"https:\/\/now-news.de\/de\/wp-content\/uploads\/sites\/3\/2023\/05\/Sieg-von-Erdogan-Tuerkei-entscheidet-sich-fuer-Orientierung-nach-Eurasien.jpg\",\"keywords\":[\"entscheidet\",\"Erdo\u011fan\",\"Eurasien\",\"f\u00fcr\",\"nach\",\"Orientierung\",\"sich\",\"Sieg\",\"T\u00fcrkei\",\"von\"],\"articleSection\":[\"Deutschland\",\"Russland\"],\"inLanguage\":\"de\",\"potentialAction\":[{\"@type\":\"CommentAction\",\"name\":\"Comment\",\"target\":[\"https:\/\/now-news.de\/de\/deutschland\/sieg-von-erdogan-tuerkei-entscheidet-sich-fuer-orientierung-nach-eurasien\/#respond\"]}]},{\"@type\":\"WebPage\",\"@id\":\"https:\/\/now-news.de\/de\/deutschland\/sieg-von-erdogan-tuerkei-entscheidet-sich-fuer-orientierung-nach-eurasien\/\",\"url\":\"https:\/\/now-news.de\/de\/deutschland\/sieg-von-erdogan-tuerkei-entscheidet-sich-fuer-orientierung-nach-eurasien\/\",\"name\":\"Sieg von Erdo\u011fan: T\u00fcrkei entscheidet sich f\u00fcr Orientierung nach Eurasien - just-now.NEWS Deutschland\",\"isPartOf\":{\"@id\":\"https:\/\/now-news.de\/de\/#website\"},\"primaryImageOfPage\":{\"@id\":\"https:\/\/now-news.de\/de\/deutschland\/sieg-von-erdogan-tuerkei-entscheidet-sich-fuer-orientierung-nach-eurasien\/#primaryimage\"},\"image\":{\"@id\":\"https:\/\/now-news.de\/de\/deutschland\/sieg-von-erdogan-tuerkei-entscheidet-sich-fuer-orientierung-nach-eurasien\/#primaryimage\"},\"thumbnailUrl\":\"https:\/\/now-news.de\/de\/wp-content\/uploads\/sites\/3\/2023\/05\/Sieg-von-Erdogan-Tuerkei-entscheidet-sich-fuer-Orientierung-nach-Eurasien.jpg\",\"datePublished\":\"2023-05-30T12:24:13+00:00\",\"dateModified\":\"2023-05-30T12:24:13+00:00\",\"breadcrumb\":{\"@id\":\"https:\/\/now-news.de\/de\/deutschland\/sieg-von-erdogan-tuerkei-entscheidet-sich-fuer-orientierung-nach-eurasien\/#breadcrumb\"},\"inLanguage\":\"de\",\"potentialAction\":[{\"@type\":\"ReadAction\",\"target\":[\"https:\/\/now-news.de\/de\/deutschland\/sieg-von-erdogan-tuerkei-entscheidet-sich-fuer-orientierung-nach-eurasien\/\"]}]},{\"@type\":\"ImageObject\",\"inLanguage\":\"de\",\"@id\":\"https:\/\/now-news.de\/de\/deutschland\/sieg-von-erdogan-tuerkei-entscheidet-sich-fuer-orientierung-nach-eurasien\/#primaryimage\",\"url\":\"https:\/\/now-news.de\/de\/wp-content\/uploads\/sites\/3\/2023\/05\/Sieg-von-Erdogan-Tuerkei-entscheidet-sich-fuer-Orientierung-nach-Eurasien.jpg\",\"contentUrl\":\"https:\/\/now-news.de\/de\/wp-content\/uploads\/sites\/3\/2023\/05\/Sieg-von-Erdogan-Tuerkei-entscheidet-sich-fuer-Orientierung-nach-Eurasien.jpg\",\"width\":460,\"height\":259,\"caption\":\"Sieg von Erdo\u011fan: T\u00fcrkei entscheidet sich f\u00fcr Orientierung nach Eurasien\"},{\"@type\":\"BreadcrumbList\",\"@id\":\"https:\/\/now-news.de\/de\/deutschland\/sieg-von-erdogan-tuerkei-entscheidet-sich-fuer-orientierung-nach-eurasien\/#breadcrumb\",\"itemListElement\":[{\"@type\":\"ListItem\",\"position\":1,\"name\":\"Home\",\"item\":\"https:\/\/now-news.de\/de\/\"},{\"@type\":\"ListItem\",\"position\":2,\"name\":\"Sieg von Erdo\u011fan: T\u00fcrkei entscheidet sich f\u00fcr Orientierung nach Eurasien\"}]},{\"@type\":\"WebSite\",\"@id\":\"https:\/\/now-news.de\/de\/#website\",\"url\":\"https:\/\/now-news.de\/de\/\",\"name\":\"just-now.NEWS Deutschland\",\"description\":\"Das Portal f\u00fcr unzensierte Nachrichten aus der Welt\",\"publisher\":{\"@id\":\"https:\/\/now-news.de\/de\/#organization\"},\"potentialAction\":[{\"@type\":\"SearchAction\",\"target\":{\"@type\":\"EntryPoint\",\"urlTemplate\":\"https:\/\/now-news.de\/de\/?s={search_term_string}\"},\"query-input\":\"required name=search_term_string\"}],\"inLanguage\":\"de\"},{\"@type\":\"Organization\",\"@id\":\"https:\/\/now-news.de\/de\/#organization\",\"name\":\"Just Now News\",\"url\":\"https:\/\/now-news.de\/de\/\",\"logo\":{\"@type\":\"ImageObject\",\"inLanguage\":\"de\",\"@id\":\"https:\/\/now-news.de\/de\/#\/schema\/logo\/image\/\",\"url\":\"http:\/\/just-now.news\/de\/wp-content\/uploads\/sites\/3\/2022\/04\/logo500x500.jpg\",\"contentUrl\":\"http:\/\/just-now.news\/de\/wp-content\/uploads\/sites\/3\/2022\/04\/logo500x500.jpg\",\"width\":500,\"height\":500,\"caption\":\"Just Now News\"},\"image\":{\"@id\":\"https:\/\/now-news.de\/de\/#\/schema\/logo\/image\/\"},\"sameAs\":[\"https:\/\/www.facebook.com\/wirmachenauf\",\"https:\/\/x.com\/WirMachenAuf_de\"]},{\"@type\":\"Person\",\"@id\":\"https:\/\/now-news.de\/de\/#\/schema\/person\/fb534a4e865501d8b3285208df34a9b5\",\"name\":\"rtnews\",\"image\":{\"@type\":\"ImageObject\",\"inLanguage\":\"de\",\"@id\":\"https:\/\/now-news.de\/de\/#\/schema\/person\/image\/\",\"url\":\"https:\/\/secure.gravatar.com\/avatar\/82aafea7d8127119dd649515f56e2117?s=96&d=mm&r=g\",\"contentUrl\":\"https:\/\/secure.gravatar.com\/avatar\/82aafea7d8127119dd649515f56e2117?s=96&d=mm&r=g\",\"caption\":\"rtnews\"},\"url\":\"https:\/\/now-news.de\/de\/author\/rnews\/\"}]}<\/script>\n<!-- \/ Yoast SEO Premium plugin. -->","yoast_head_json":{"title":"Sieg von Erdo\u011fan: T\u00fcrkei entscheidet sich f\u00fcr Orientierung nach Eurasien - just-now.NEWS Deutschland","robots":{"index":"index","follow":"follow","max-snippet":"max-snippet:-1","max-image-preview":"max-image-preview:large","max-video-preview":"max-video-preview:-1"},"canonical":"https:\/\/now-news.de\/de\/deutschland\/sieg-von-erdogan-tuerkei-entscheidet-sich-fuer-orientierung-nach-eurasien\/","og_locale":"de_DE","og_type":"article","og_title":"Sieg von Erdo\u011fan: T\u00fcrkei entscheidet sich f\u00fcr Orientierung nach Eurasien","og_description":"Westliche Medien haben sich mit ihrer Unterst\u00fctzung und Wette auf einen Sieg K\u0131l\u0131\u00e7daro\u011flus bei der t\u00fcrkischen Pr\u00e4sidentenwahl verkalkuliert, nachdem der CHP-Chef kurz vor der Stichwahl pl\u00f6tzlich auf Populismus setzte. Die B\u00fcrger der T\u00fcrkei hatten sich am Sonntag mehrheitlich gegen die EU entschieden. Das Land schaut vielmehr nach Eurasien, anstatt auf das vom Ukraine-Krieg angeschlagene Europa. [&hellip;]","og_url":"https:\/\/now-news.de\/de\/deutschland\/sieg-von-erdogan-tuerkei-entscheidet-sich-fuer-orientierung-nach-eurasien\/","og_site_name":"just-now.NEWS Deutschland","article_publisher":"https:\/\/www.facebook.com\/wirmachenauf","article_published_time":"2023-05-30T12:24:13+00:00","og_image":[{"width":460,"height":259,"url":"https:\/\/now-news.de\/de\/wp-content\/uploads\/sites\/3\/2023\/05\/Sieg-von-Erdogan-Tuerkei-entscheidet-sich-fuer-Orientierung-nach-Eurasien.jpg","type":"image\/jpeg"}],"author":"rtnews","twitter_card":"summary_large_image","twitter_creator":"@WirMachenAuf_de","twitter_site":"@WirMachenAuf_de","twitter_misc":{"Verfasst von":"rtnews","Gesch\u00e4tzte Lesezeit":"3\u00a0Minuten"},"schema":{"@context":"https:\/\/schema.org","@graph":[{"@type":"Article","@id":"https:\/\/now-news.de\/de\/deutschland\/sieg-von-erdogan-tuerkei-entscheidet-sich-fuer-orientierung-nach-eurasien\/#article","isPartOf":{"@id":"https:\/\/now-news.de\/de\/deutschland\/sieg-von-erdogan-tuerkei-entscheidet-sich-fuer-orientierung-nach-eurasien\/"},"author":{"name":"rtnews","@id":"https:\/\/now-news.de\/de\/#\/schema\/person\/fb534a4e865501d8b3285208df34a9b5"},"headline":"Sieg von Erdo\u011fan: T\u00fcrkei entscheidet sich f\u00fcr Orientierung nach Eurasien","datePublished":"2023-05-30T12:24:13+00:00","dateModified":"2023-05-30T12:24:13+00:00","mainEntityOfPage":{"@id":"https:\/\/now-news.de\/de\/deutschland\/sieg-von-erdogan-tuerkei-entscheidet-sich-fuer-orientierung-nach-eurasien\/"},"wordCount":653,"commentCount":0,"publisher":{"@id":"https:\/\/now-news.de\/de\/#organization"},"image":{"@id":"https:\/\/now-news.de\/de\/deutschland\/sieg-von-erdogan-tuerkei-entscheidet-sich-fuer-orientierung-nach-eurasien\/#primaryimage"},"thumbnailUrl":"https:\/\/now-news.de\/de\/wp-content\/uploads\/sites\/3\/2023\/05\/Sieg-von-Erdogan-Tuerkei-entscheidet-sich-fuer-Orientierung-nach-Eurasien.jpg","keywords":["entscheidet","Erdo\u011fan","Eurasien","f\u00fcr","nach","Orientierung","sich","Sieg","T\u00fcrkei","von"],"articleSection":["Deutschland","Russland"],"inLanguage":"de","potentialAction":[{"@type":"CommentAction","name":"Comment","target":["https:\/\/now-news.de\/de\/deutschland\/sieg-von-erdogan-tuerkei-entscheidet-sich-fuer-orientierung-nach-eurasien\/#respond"]}]},{"@type":"WebPage","@id":"https:\/\/now-news.de\/de\/deutschland\/sieg-von-erdogan-tuerkei-entscheidet-sich-fuer-orientierung-nach-eurasien\/","url":"https:\/\/now-news.de\/de\/deutschland\/sieg-von-erdogan-tuerkei-entscheidet-sich-fuer-orientierung-nach-eurasien\/","name":"Sieg von Erdo\u011fan: T\u00fcrkei entscheidet sich f\u00fcr Orientierung nach Eurasien - just-now.NEWS Deutschland","isPartOf":{"@id":"https:\/\/now-news.de\/de\/#website"},"primaryImageOfPage":{"@id":"https:\/\/now-news.de\/de\/deutschland\/sieg-von-erdogan-tuerkei-entscheidet-sich-fuer-orientierung-nach-eurasien\/#primaryimage"},"image":{"@id":"https:\/\/now-news.de\/de\/deutschland\/sieg-von-erdogan-tuerkei-entscheidet-sich-fuer-orientierung-nach-eurasien\/#primaryimage"},"thumbnailUrl":"https:\/\/now-news.de\/de\/wp-content\/uploads\/sites\/3\/2023\/05\/Sieg-von-Erdogan-Tuerkei-entscheidet-sich-fuer-Orientierung-nach-Eurasien.jpg","datePublished":"2023-05-30T12:24:13+00:00","dateModified":"2023-05-30T12:24:13+00:00","breadcrumb":{"@id":"https:\/\/now-news.de\/de\/deutschland\/sieg-von-erdogan-tuerkei-entscheidet-sich-fuer-orientierung-nach-eurasien\/#breadcrumb"},"inLanguage":"de","potentialAction":[{"@type":"ReadAction","target":["https:\/\/now-news.de\/de\/deutschland\/sieg-von-erdogan-tuerkei-entscheidet-sich-fuer-orientierung-nach-eurasien\/"]}]},{"@type":"ImageObject","inLanguage":"de","@id":"https:\/\/now-news.de\/de\/deutschland\/sieg-von-erdogan-tuerkei-entscheidet-sich-fuer-orientierung-nach-eurasien\/#primaryimage","url":"https:\/\/now-news.de\/de\/wp-content\/uploads\/sites\/3\/2023\/05\/Sieg-von-Erdogan-Tuerkei-entscheidet-sich-fuer-Orientierung-nach-Eurasien.jpg","contentUrl":"https:\/\/now-news.de\/de\/wp-content\/uploads\/sites\/3\/2023\/05\/Sieg-von-Erdogan-Tuerkei-entscheidet-sich-fuer-Orientierung-nach-Eurasien.jpg","width":460,"height":259,"caption":"Sieg von Erdo\u011fan: T\u00fcrkei entscheidet sich f\u00fcr Orientierung nach Eurasien"},{"@type":"BreadcrumbList","@id":"https:\/\/now-news.de\/de\/deutschland\/sieg-von-erdogan-tuerkei-entscheidet-sich-fuer-orientierung-nach-eurasien\/#breadcrumb","itemListElement":[{"@type":"ListItem","position":1,"name":"Home","item":"https:\/\/now-news.de\/de\/"},{"@type":"ListItem","position":2,"name":"Sieg von Erdo\u011fan: T\u00fcrkei entscheidet sich f\u00fcr Orientierung nach Eurasien"}]},{"@type":"WebSite","@id":"https:\/\/now-news.de\/de\/#website","url":"https:\/\/now-news.de\/de\/","name":"just-now.NEWS Deutschland","description":"Das Portal f\u00fcr unzensierte Nachrichten aus der Welt","publisher":{"@id":"https:\/\/now-news.de\/de\/#organization"},"potentialAction":[{"@type":"SearchAction","target":{"@type":"EntryPoint","urlTemplate":"https:\/\/now-news.de\/de\/?s={search_term_string}"},"query-input":"required name=search_term_string"}],"inLanguage":"de"},{"@type":"Organization","@id":"https:\/\/now-news.de\/de\/#organization","name":"Just Now News","url":"https:\/\/now-news.de\/de\/","logo":{"@type":"ImageObject","inLanguage":"de","@id":"https:\/\/now-news.de\/de\/#\/schema\/logo\/image\/","url":"http:\/\/just-now.news\/de\/wp-content\/uploads\/sites\/3\/2022\/04\/logo500x500.jpg","contentUrl":"http:\/\/just-now.news\/de\/wp-content\/uploads\/sites\/3\/2022\/04\/logo500x500.jpg","width":500,"height":500,"caption":"Just Now News"},"image":{"@id":"https:\/\/now-news.de\/de\/#\/schema\/logo\/image\/"},"sameAs":["https:\/\/www.facebook.com\/wirmachenauf","https:\/\/x.com\/WirMachenAuf_de"]},{"@type":"Person","@id":"https:\/\/now-news.de\/de\/#\/schema\/person\/fb534a4e865501d8b3285208df34a9b5","name":"rtnews","image":{"@type":"ImageObject","inLanguage":"de","@id":"https:\/\/now-news.de\/de\/#\/schema\/person\/image\/","url":"https:\/\/secure.gravatar.com\/avatar\/82aafea7d8127119dd649515f56e2117?s=96&d=mm&r=g","contentUrl":"https:\/\/secure.gravatar.com\/avatar\/82aafea7d8127119dd649515f56e2117?s=96&d=mm&r=g","caption":"rtnews"},"url":"https:\/\/now-news.de\/de\/author\/rnews\/"}]}},"_links":{"self":[{"href":"https:\/\/now-news.de\/de\/wp-json\/wp\/v2\/posts\/37049"}],"collection":[{"href":"https:\/\/now-news.de\/de\/wp-json\/wp\/v2\/posts"}],"about":[{"href":"https:\/\/now-news.de\/de\/wp-json\/wp\/v2\/types\/post"}],"author":[{"embeddable":true,"href":"https:\/\/now-news.de\/de\/wp-json\/wp\/v2\/users\/3"}],"replies":[{"embeddable":true,"href":"https:\/\/now-news.de\/de\/wp-json\/wp\/v2\/comments?post=37049"}],"version-history":[{"count":0,"href":"https:\/\/now-news.de\/de\/wp-json\/wp\/v2\/posts\/37049\/revisions"}],"wp:featuredmedia":[{"embeddable":true,"href":"https:\/\/now-news.de\/de\/wp-json\/wp\/v2\/media\/37050"}],"wp:attachment":[{"href":"https:\/\/now-news.de\/de\/wp-json\/wp\/v2\/media?parent=37049"}],"wp:term":[{"taxonomy":"category","embeddable":true,"href":"https:\/\/now-news.de\/de\/wp-json\/wp\/v2\/categories?post=37049"},{"taxonomy":"post_tag","embeddable":true,"href":"https:\/\/now-news.de\/de\/wp-json\/wp\/v2\/tags?post=37049"}],"curies":[{"name":"wp","href":"https:\/\/api.w.org\/{rel}","templated":true}]}}