{"id":37032,"date":"2023-05-30T09:27:43","date_gmt":"2023-05-30T07:27:43","guid":{"rendered":"http:\/\/just-now.news\/de\/deutschland\/konfrontation-mit-russland-am-polarkreis-luftwaffenmanoever-arctic-challenge-exercise-2023\/"},"modified":"2023-05-30T09:27:43","modified_gmt":"2023-05-30T07:27:43","slug":"konfrontation-mit-russland-am-polarkreis-luftwaffenmanoever-arctic-challenge-exercise-2023","status":"publish","type":"post","link":"https:\/\/now-news.de\/de\/deutschland\/konfrontation-mit-russland-am-polarkreis-luftwaffenmanoever-arctic-challenge-exercise-2023\/","title":{"rendered":"Konfrontation mit Russland am Polarkreis \u2013 Luftwaffenman\u00f6ver Arctic Challenge Exercise 2023"},"content":{"rendered":"<p><img decoding=\"async\" src=\"http:\/\/just-now.news\/de\/wp-content\/uploads\/sites\/3\/2023\/05\/6474c07748fbef203f6bacdf.jpg\" \/><\/p>\n<div class=\"Text-root Text-type_1 \">\n                Im Norden Europas finden in den n\u00e4chsten Tagen mehrere gro\u00dfe Man\u00f6ver statt. Allein bei der Luftwaffen\u00fcbung Arctic Challenge Exercise 2023 sollen etwa 2.700 Soldaten aus 14 L\u00e4ndern und 150 Flugzeuge eingesetzt werden. Das Ziel bestehe in der \u00dcbung von K\u00e4mpfen gegen Russland, vermuten Experten.\n            <\/div>\n<p><\/p>\n<div class=\"Text-root Text-type_5 ArticleView-text ViewText-root \">\n<p><strong><\/strong><em>Von Alexandr Karpow und Wladimir Duon<\/em><\/p>\n<p>In Nordeuropa beginnen am 29. Mai gro\u00dfangelegte regionale Luftwaffen\u00fcbungen Arctic Challenge Exercise 2023 (ACE 2023). Das Man\u00f6ver wird bis zum 9. Juni dauern und ist von D\u00e4nemark, Norwegen, Schweden sowie Finnland organisiert, dem dieses Jahr die Leitung der \u00dcbungen obliegt.<\/p>\n<p>&#8220;Das Ziel von ACE 23 ist es, Verb\u00e4nde auszubilden und zu trainieren, Luftoperationen zu organisieren und durchzuf\u00fchren mit dem Bestreben, das Niveau des [US-amerikanischen] Flag-Man\u00f6vers zu erreichen, die Ausf\u00fchrung taktischer Man\u00f6ver und Verfahren von Kommando und Kontrolle einzubeziehen. ACE 23 ist auch eine Gelegenheit, die Zusammenarbeit und Kompatibilit\u00e4t zwischen J\u00e4gern der vierten und f\u00fcnften Generation zu erm\u00f6glichen. &#8220;In diesem Jahr wird die \u00dcbung ebenfalls die internationale Zusammenarbeit mit unseren Partnern im Luftraum des hohen Nordens ausbauen&#8221;,\u00a0<a rel=\"nofollow noopener\" target=\"_blank\" href=\"https:\/\/www.forsvarsmakten.se\/en\/activities\/exercises\/arctic-challenge-exercise-2023\/\">meldete<\/a>\u00a0Schwedens Verteidigungsministerium.<\/p>\n<p>Nach Angaben des Ministeriums werden an der \u00dcbung etwa 150 Flugzeuge teilnehmen. Insgesamt werden etwa 2.700 Milit\u00e4rangeh\u00f6rige aus 14 L\u00e4ndern eingesetzt. So wird neben den genannten Gastgeberl\u00e4ndern auch die Teilnahme der Schweiz, Tschechiens, Gro\u00dfbritanniens, der Niederlande, Deutschlands, Frankreichs, Belgiens, Italiens, der USA und Kanada erwartet.<\/p>\n<p>Dabei sei das Man\u00f6ver keine Milit\u00e4r\u00fcbung der NATO, betonte Schwedens Verteidigungsministerium.<\/p>\n<p>&#8220;Die Zusammenarbeit der nordischen L\u00e4nder ist der Kern der Durchf\u00fchrung der \u00dcbung Arctic Challenge Exercise. In diesem Rahmen ist es das Ziel, die nationale Verteidigung der Teilnehmer zu st\u00e4rken, gemeinsame Synergien zu erkunden und gemeinsame L\u00f6sungen zu f\u00f6rdern. Die Zusammenarbeit soll die Einsatzeffektivit\u00e4t steigern, die Qualit\u00e4t erh\u00f6hen und Ressourcenverteilung und Kosteneffizienz der Streitkr\u00e4fte der jeweiligen Nationen verbessern&#8221;, gab die Beh\u00f6rde bekannt.<\/p>\n<p>Norwegen wird an den \u00dcbungen mit den Flugzeugen F-35 Lightning II und Luftabwehrsystemen NASAMS III teilnehmen. Das Man\u00f6ver wird vorl\u00e4ufig an vier St\u00fctzpunkten durchgef\u00fchrt, n\u00e4mlich \u00d8rland in Norwegen, Kallax in Schweden sowie Rovaniemi und Pirkkala in Finnland.<\/p>\n<p>Bemerkenswert ist au\u00dferdem, dass in Finnland am 26. Mai gemeinsam mit den USA das Landman\u00f6ver Karelian Lock 23 begann. Nach der\u00a0Ank\u00fcndigung\u00a0des finnischen Verteidigungsministeriums bestehe das Ziel in der Entwicklung von F\u00fchrereigenschaften, gemeinsamen Eins\u00e4tzen und internationalen Einsatzkompatibilit\u00e4t.<\/p>\n<p>Dieses Man\u00f6ver wird bis zum 2. Juni dauern und in den Gemeinden Kouvola, Luum\u00e4ki und Hamina stattfinden. Daran werden Verb\u00e4nde der Brigade Karelien, der Milit\u00e4rakademie, Brigade Pori, der Panzerbrigade, des 1. Logistikregiments, der Agentur C5 der Verteidigungskr\u00e4fte Finnlands, des Luftkommandos Karelien und des Grenzschutzes Nordkarelien teilnehmen.<\/p>\n<p>Insgesamt werden an dieser \u00dcbung etwa 7.000 Milit\u00e4rangeh\u00f6rige und 720 Fahrzeuge der finnischen Streitkr\u00e4fte sowie 450 US-amerikanische Milit\u00e4rs teilnehmen.<\/p>\n<p><strong><\/strong><\/p>\n<p><strong>Verst\u00e4rkung im Norden<\/strong><\/p>\n<p>Schweden und Finnland, die bisher einen neutralen Status bewahrt hatten, hatten nach dem Beginn der russischen Milit\u00e4roperation in der Ukraine ihre Absicht verk\u00fcndet, der NATO als vollwertige Mitglieder beizutreten. Offizielle Anfragen diesbez\u00fcglich wurden von Helsinki und Stockholm am 18. Mai 2022 eingereicht.<\/p>\n<p>Finnland trat der NATO offiziell am 4. April 2023 bei. Schwedens Antrag befindet sich indes aufgrund der prinzipiellen Position der T\u00fcrkei bisher in der Schwebe.<\/p>\n<p>Moskau betonte mehrmals, dass Russland die beiden L\u00e4nder nicht bedrohe, doch ihr Beitritt zu einem betont antirussischen Block milit\u00e4rische Gegenma\u00dfnahmen nach sich ziehen werde.<\/p>\n<p>Vor dem Hintergrund des Beginns mehrere Man\u00f6ver unter Teilnahme der NATO-Staaten in den nordischen L\u00e4ndern bemerkte Russlands Au\u00dfenministerium, dass das Konfliktrisiko in der Arktis zunehme. Dies erkl\u00e4rte der Sondergesandte Nikolai Kortschunow.<\/p>\n<p>&#8220;Wir sehen, dass in letzter Zeit die Beachtung der arktischen Region seitens der ganzen Weltgemeinschaft zugenommen hat. Geopolitisch wird\u00a0die Region zu einem immer wichtigeren Platz. Leider nimmt die Konfliktf\u00e4higkeit in der Region zu&#8221;, zitierte ihn die Nachrichtenagentur\u00a0TASS.<\/p>\n<p>Der russische Diplomat bemerkte au\u00dferdem, dass die Arktis durch Klima\u00e4nderung und neue Technologien immer zug\u00e4nglicher werde. Die Wichtigkeit der Region nehme wegen der Ressourcen, die f\u00fcr die Weltwirtschaft dringend notwendig und unter Bedingungen der Energiewende noch st\u00e4rker nachgefragt werden, ebenfalls zu.<\/p>\n<p>Kortschunow f\u00fcgte hinzu, dass f\u00fcr Russland eine \u00e4u\u00dferst wichtige Aufgabe in der Arktis die &#8220;weitere Steigerung der russischen Souver\u00e4nit\u00e4t&#8221; sei.<\/p>\n<p>Gleichzeitig f\u00fchren die russischen Streitkr\u00e4fte eigene Man\u00f6ver im Nordwesten des Landes durch, wo eine Steigerung der westlichen Milit\u00e4raktivit\u00e4t am wahrscheinlichsten ist.<\/p>\n<p>So \u00fcbten am 26. Mai taktische Bomber Su-24 der Marinefliegergruppe der Baltischen Flotte die Vernichtung von See- und K\u00fcstenzielen an Milit\u00e4r\u00fcbungspl\u00e4tzen der Flotte zu See und am Land.<\/p>\n<p>Praktiziert wurden Angriffe gegen Ziele, die einen Schiffsverband des angenommenen Gegners imitierten, sowie gegen Ziele, die Panzer- und Kraftfahrzeugkolonnen des angenommenen Gegners darstellten.<\/p>\n<p>&#8220;Den praktischen gezielten Bombenabwurf f\u00fchrten die Piloten in den H\u00f6hen zwischen 200 und 2.000 Meter und auf Geschwindigkeiten von bis zu 1.000 Kilometer pro Stunde durch. Ebenfalls \u00fcbten die Besatzungen Gefechtsman\u00f6ver bei Grenzwerten und Abwehrman\u00f6ver gegen Jagdflugzeuge und Luftabwehrmittel des angenommenen Gegners&#8221;, meldete Russlands Verteidigungsministerium.<\/p>\n<p>Die Beh\u00f6rde f\u00fcgte hinzu, dass w\u00e4hrend der \u00dcbungen \u00fcber 20 Lufteins\u00e4tze am Tag und in der Nacht geflogen wurden. An den Fl\u00fcgen nahmen \u00fcber zehn Besatzungen und \u00fcber 50 Angeh\u00f6rige des technischen Personals teil.<\/p>\n<p>Ferner \u00fcbte der Einsatzverband der Baltischen Flotte aus den Raketenschiffen &#8220;Odinzowo&#8221; und &#8220;Sowetsk&#8221; Angriffe mit seebasierten Marschflugk\u00f6rpern des Typs Kalibr gegen Schiffsverb\u00e4nde und K\u00fcstenziele des angenommenen Gegners.<\/p>\n<p>&#8220;Beim elektronischen Abfeuern der Raketen wurden alle anvisierten Ziele erfolgreich getroffen. Die \u00dcbung fand unter Bedingungen erh\u00f6hter Funkst\u00f6rungen statt, die k\u00fcnstlich zur Erschwerung der Aufgabe f\u00fcr die Schiffsbesatzungen eingerichtet. Im Rahmen der Lehrgefechtsaufgaben \u00fcbten die Besatzungen au\u00dferdem Schiffssicherung und Bek\u00e4mpfung von Saboteuren w\u00e4hrend des Hafenaufenthalts&#8221;, betonte das Ministerium.<\/p>\n<p><strong>&#8220;Bedrohungselement f\u00fcr die Sicherheit Russlands&#8221;<\/strong><\/p>\n<p>Der Chefredakteur der Zeitschrift\u00a0<em>Nazionalnaja oborona [Nationale Verteidigung]\u00a0<\/em>Igor Korottschenko bemerkte im Gespr\u00e4ch mit\u00a0<em>RT<\/em>, dass in der gegenw\u00e4rtigen milit\u00e4rpolitischen Situation jegliche Milit\u00e4r\u00fcbungen des Westens auf die eine oder andere Weise mit der Ausarbeitung von m\u00f6glichen Kampfhandlungen gegen Russland zusammenh\u00e4ngen werden.<\/p>\n<blockquote>\n<p>&#8220;Nat\u00fcrlich erh\u00e4lt die Arktis unter Ber\u00fccksichtigung der neuen Realien eine herausragende Bedeutung als m\u00f6glicher k\u00fcnftiger Kriegsschauplatz und als &#8216;Ressourcenlager&#8217; f\u00fcr die Entwicklung im 21. Jahrhunderts. Die NATO wird einen ganzen Komplex von Entscheidungen zur operativen Planung und praktischen Milit\u00e4raktionen herausarbeiten, die vor allem mit Angriffen auf Russland und Erlangung der \u00dcberlegenheit in der Arktis zusammenh\u00e4ngen. Dies ist das Hauptziel, vor allem unter Ber\u00fccksichtigung von Finnlands erhaltener und Schwedens k\u00fcnftiger Mitgliedschaft in der Allianz. K\u00fcnftige Man\u00f6ver werden einen beispiellos breit angelegten Charakter haben&#8221;,<\/p>\n<\/blockquote>\n<p>betonte der Experte.<\/p>\n<p>Nach Finnlands Beitritt zur NATO k\u00f6nne die Lage in der Region als angespannt bezeichnet werden, so Korotschenko.<\/p>\n<p>&#8220;Bedenkt man das heutige Verh\u00e4ltnis zwischen Russland und der Allianz, sind Moskau und Helsinki m\u00f6gliche direkte milit\u00e4rische Gegner mit allen entsprechenden Folgen. Niemand macht inzwischen einen Hehl daraus&#8221;, erkl\u00e4rte der Experte.<\/p>\n<p>Eine \u00e4hnliche Ansicht vertrat der Professor der Diplomatischen Akademie des russischen Au\u00dfenministeriums, Wladimir Winokurow.<\/p>\n<blockquote>\n<p>&#8220;Alle Szenarien \u00fcbt der Westen im Kontext der Konfrontation mit Russland, auch wenn sie den konkreten Gegner nicht benennen. Die Arktis wird zunehmend zu einem Brennpunkt. Diese Tendenz war seit Langem zu beobachten. Es ist klar, dass eine Region, die so reich an Kohlenwasserstoffen und anderen Ressourcen ist, niemand einfach so verlassen wird. Ferner ist die Arktis aus milit\u00e4rstrategischer Sicht wichtig. Dar\u00fcber verl\u00e4uft die k\u00fcrzeste Route f\u00fcr gegenseitige Angriffe mit interkontinentalen ballistischen Raketen zwischen den USA und Russland&#8221;,<\/p>\n<\/blockquote>\n<p>erkl\u00e4rte Winokurow.<\/p>\n<p>Der Ma\u00dfstab der Man\u00f6ver stellt eine klare Bedrohung f\u00fcr die Sicherheit der Russischen F\u00f6deration dar, meinte der Analytiker.<\/p>\n<p>&#8220;Eine solche Menge an Flugzeugen, zumal in der Arktis, ist sehr viel. Zweifellos sind solche Man\u00f6ver ein Bedrohungselement f\u00fcr die Sicherheit Russlands. Dabei sollte ber\u00fccksichtigt werden, dass Russland \u00fcber die am besten entwickelte Infrastruktur und das gr\u00f6\u00dfte Truppenkontingent in der Arktis verf\u00fcgt&#8221;, schlussfolgerte Winokurow.<\/p>\n<p><em>\u00dcbersetzt aus dem <a rel=\"nofollow noopener\" target=\"_blank\" href=\"https:\/\/russian.rt.com\/world\/article\/1154573-skandinaviya-armiya-ucheniya\">Russischen<\/a><\/em>.<\/p>\n<p><strong>Mehr zum Thema <\/strong>\u2013 <a rel=\"nofollow noopener\" target=\"_blank\" href=\"https:\/\/freeassange.rtde.live\/inland\/168172-bundeswehr-beschafft-spezialfahrzeuge-zur-aufruestung\/\">Bundeswehr beschafft Spezialfahrzeuge zur Aufr\u00fcstung in der Arktis<\/a><\/p>\n<\/div>\n<p><br \/>\n<br \/><a href=\"https:\/\/de.rt.com\/international\/171287-konfrontation-mit-russland-am-polarkreis\/\">Source link <\/a><\/p>\n","protected":false},"excerpt":{"rendered":"<p>Im Norden Europas finden in den n\u00e4chsten Tagen mehrere gro\u00dfe Man\u00f6ver statt. Allein bei der Luftwaffen\u00fcbung Arctic Challenge Exercise 2023 sollen etwa 2.700 Soldaten aus 14 L\u00e4ndern und 150 Flugzeuge eingesetzt werden. Das Ziel bestehe in der \u00dcbung von K\u00e4mpfen gegen Russland, vermuten Experten. Von Alexandr Karpow und Wladimir Duon In Nordeuropa beginnen am 29. [&hellip;]<\/p>\n","protected":false},"author":3,"featured_media":37033,"comment_status":"open","ping_status":"open","sticky":false,"template":"","format":"standard","meta":{"_yoast_indexnow_last_ping":["1685432634"],"wp_automatic_camp":["217"],"1087c476297e65c40d4aea6c31114032":["Konfrontation mit Russland am Polarkreis \u2013 Luftwaffenman\u00f6ver Arctic Challenge Exercise 2023"],"original_link":["https:\/\/de.rt.com\/international\/171287-konfrontation-mit-russland-am-polarkreis\/"],"_thumbnail_id":["37033"],"jnews_social_counter_last_update":["1777622105"],"_wptgpro_p2tg_sent2tg":["a:1:{i:23737;s:19:\"2023-05-30 09:45:00\";}"]},"categories":[19,23],"tags":[44925,32670,9221,4487,44924,419,44923,126],"yoast_head":"<!-- This site is optimized with the Yoast SEO Premium plugin v22.7 (Yoast SEO v22.7) - https:\/\/yoast.com\/wordpress\/plugins\/seo\/ -->\n<title>Konfrontation mit Russland am Polarkreis \u2013 Luftwaffenman\u00f6ver Arctic Challenge Exercise 2023 - just-now.NEWS Deutschland<\/title>\n<meta name=\"robots\" content=\"index, follow, max-snippet:-1, max-image-preview:large, max-video-preview:-1\" \/>\n<link rel=\"canonical\" href=\"https:\/\/now-news.de\/de\/deutschland\/konfrontation-mit-russland-am-polarkreis-luftwaffenmanoever-arctic-challenge-exercise-2023\/\" \/>\n<meta property=\"og:locale\" content=\"de_DE\" \/>\n<meta property=\"og:type\" content=\"article\" \/>\n<meta property=\"og:title\" content=\"Konfrontation mit Russland am Polarkreis \u2013 Luftwaffenman\u00f6ver Arctic Challenge Exercise 2023\" \/>\n<meta property=\"og:description\" content=\"Im Norden Europas finden in den n\u00e4chsten Tagen mehrere gro\u00dfe Man\u00f6ver statt. Allein bei der Luftwaffen\u00fcbung Arctic Challenge Exercise 2023 sollen etwa 2.700 Soldaten aus 14 L\u00e4ndern und 150 Flugzeuge eingesetzt werden. Das Ziel bestehe in der \u00dcbung von K\u00e4mpfen gegen Russland, vermuten Experten. Von Alexandr Karpow und Wladimir Duon In Nordeuropa beginnen am 29. [&hellip;]\" \/>\n<meta property=\"og:url\" content=\"https:\/\/now-news.de\/de\/deutschland\/konfrontation-mit-russland-am-polarkreis-luftwaffenmanoever-arctic-challenge-exercise-2023\/\" \/>\n<meta property=\"og:site_name\" content=\"just-now.NEWS Deutschland\" \/>\n<meta property=\"article:publisher\" content=\"https:\/\/www.facebook.com\/wirmachenauf\" \/>\n<meta property=\"article:published_time\" content=\"2023-05-30T07:27:43+00:00\" \/>\n<meta property=\"og:image\" content=\"https:\/\/now-news.de\/de\/wp-content\/uploads\/sites\/3\/2023\/05\/Konfrontation-mit-Russland-am-Polarkreis-\u2013-Luftwaffenmanoever-Arctic-Challenge-Exercise.jpg\" \/>\n\t<meta property=\"og:image:width\" content=\"460\" \/>\n\t<meta property=\"og:image:height\" content=\"259\" \/>\n\t<meta property=\"og:image:type\" content=\"image\/jpeg\" \/>\n<meta name=\"author\" content=\"rtnews\" \/>\n<meta name=\"twitter:card\" content=\"summary_large_image\" \/>\n<meta name=\"twitter:creator\" content=\"@WirMachenAuf_de\" \/>\n<meta name=\"twitter:site\" content=\"@WirMachenAuf_de\" \/>\n<meta name=\"twitter:label1\" content=\"Verfasst von\" \/>\n\t<meta name=\"twitter:data1\" content=\"rtnews\" \/>\n\t<meta name=\"twitter:label2\" content=\"Gesch\u00e4tzte Lesezeit\" \/>\n\t<meta name=\"twitter:data2\" content=\"7\u00a0Minuten\" \/>\n<script type=\"application\/ld+json\" class=\"yoast-schema-graph\">{\"@context\":\"https:\/\/schema.org\",\"@graph\":[{\"@type\":\"Article\",\"@id\":\"https:\/\/now-news.de\/de\/deutschland\/konfrontation-mit-russland-am-polarkreis-luftwaffenmanoever-arctic-challenge-exercise-2023\/#article\",\"isPartOf\":{\"@id\":\"https:\/\/now-news.de\/de\/deutschland\/konfrontation-mit-russland-am-polarkreis-luftwaffenmanoever-arctic-challenge-exercise-2023\/\"},\"author\":{\"name\":\"rtnews\",\"@id\":\"https:\/\/now-news.de\/de\/#\/schema\/person\/fb534a4e865501d8b3285208df34a9b5\"},\"headline\":\"Konfrontation mit Russland am Polarkreis \u2013 Luftwaffenman\u00f6ver Arctic Challenge Exercise 2023\",\"datePublished\":\"2023-05-30T07:27:43+00:00\",\"dateModified\":\"2023-05-30T07:27:43+00:00\",\"mainEntityOfPage\":{\"@id\":\"https:\/\/now-news.de\/de\/deutschland\/konfrontation-mit-russland-am-polarkreis-luftwaffenmanoever-arctic-challenge-exercise-2023\/\"},\"wordCount\":1360,\"commentCount\":0,\"publisher\":{\"@id\":\"https:\/\/now-news.de\/de\/#organization\"},\"image\":{\"@id\":\"https:\/\/now-news.de\/de\/deutschland\/konfrontation-mit-russland-am-polarkreis-luftwaffenmanoever-arctic-challenge-exercise-2023\/#primaryimage\"},\"thumbnailUrl\":\"https:\/\/now-news.de\/de\/wp-content\/uploads\/sites\/3\/2023\/05\/Konfrontation-mit-Russland-am-Polarkreis-\u2013-Luftwaffenmanoever-Arctic-Challenge-Exercise.jpg\",\"keywords\":[\"Arctic\",\"Challenge\",\"Exercise\",\"Konfrontation\",\"Luftwaffenman\u00f6ver\",\"mit\",\"Polarkreis\",\"russland\"],\"articleSection\":[\"Deutschland\",\"Russland\"],\"inLanguage\":\"de\",\"potentialAction\":[{\"@type\":\"CommentAction\",\"name\":\"Comment\",\"target\":[\"https:\/\/now-news.de\/de\/deutschland\/konfrontation-mit-russland-am-polarkreis-luftwaffenmanoever-arctic-challenge-exercise-2023\/#respond\"]}]},{\"@type\":\"WebPage\",\"@id\":\"https:\/\/now-news.de\/de\/deutschland\/konfrontation-mit-russland-am-polarkreis-luftwaffenmanoever-arctic-challenge-exercise-2023\/\",\"url\":\"https:\/\/now-news.de\/de\/deutschland\/konfrontation-mit-russland-am-polarkreis-luftwaffenmanoever-arctic-challenge-exercise-2023\/\",\"name\":\"Konfrontation mit Russland am Polarkreis \u2013 Luftwaffenman\u00f6ver Arctic Challenge Exercise 2023 - just-now.NEWS Deutschland\",\"isPartOf\":{\"@id\":\"https:\/\/now-news.de\/de\/#website\"},\"primaryImageOfPage\":{\"@id\":\"https:\/\/now-news.de\/de\/deutschland\/konfrontation-mit-russland-am-polarkreis-luftwaffenmanoever-arctic-challenge-exercise-2023\/#primaryimage\"},\"image\":{\"@id\":\"https:\/\/now-news.de\/de\/deutschland\/konfrontation-mit-russland-am-polarkreis-luftwaffenmanoever-arctic-challenge-exercise-2023\/#primaryimage\"},\"thumbnailUrl\":\"https:\/\/now-news.de\/de\/wp-content\/uploads\/sites\/3\/2023\/05\/Konfrontation-mit-Russland-am-Polarkreis-\u2013-Luftwaffenmanoever-Arctic-Challenge-Exercise.jpg\",\"datePublished\":\"2023-05-30T07:27:43+00:00\",\"dateModified\":\"2023-05-30T07:27:43+00:00\",\"breadcrumb\":{\"@id\":\"https:\/\/now-news.de\/de\/deutschland\/konfrontation-mit-russland-am-polarkreis-luftwaffenmanoever-arctic-challenge-exercise-2023\/#breadcrumb\"},\"inLanguage\":\"de\",\"potentialAction\":[{\"@type\":\"ReadAction\",\"target\":[\"https:\/\/now-news.de\/de\/deutschland\/konfrontation-mit-russland-am-polarkreis-luftwaffenmanoever-arctic-challenge-exercise-2023\/\"]}]},{\"@type\":\"ImageObject\",\"inLanguage\":\"de\",\"@id\":\"https:\/\/now-news.de\/de\/deutschland\/konfrontation-mit-russland-am-polarkreis-luftwaffenmanoever-arctic-challenge-exercise-2023\/#primaryimage\",\"url\":\"https:\/\/now-news.de\/de\/wp-content\/uploads\/sites\/3\/2023\/05\/Konfrontation-mit-Russland-am-Polarkreis-\u2013-Luftwaffenmanoever-Arctic-Challenge-Exercise.jpg\",\"contentUrl\":\"https:\/\/now-news.de\/de\/wp-content\/uploads\/sites\/3\/2023\/05\/Konfrontation-mit-Russland-am-Polarkreis-\u2013-Luftwaffenmanoever-Arctic-Challenge-Exercise.jpg\",\"width\":460,\"height\":259,\"caption\":\"Konfrontation mit Russland am Polarkreis \u2013 Luftwaffenman\u00f6ver Arctic Challenge Exercise 2023\"},{\"@type\":\"BreadcrumbList\",\"@id\":\"https:\/\/now-news.de\/de\/deutschland\/konfrontation-mit-russland-am-polarkreis-luftwaffenmanoever-arctic-challenge-exercise-2023\/#breadcrumb\",\"itemListElement\":[{\"@type\":\"ListItem\",\"position\":1,\"name\":\"Home\",\"item\":\"https:\/\/now-news.de\/de\/\"},{\"@type\":\"ListItem\",\"position\":2,\"name\":\"Konfrontation mit Russland am Polarkreis \u2013 Luftwaffenman\u00f6ver Arctic Challenge Exercise 2023\"}]},{\"@type\":\"WebSite\",\"@id\":\"https:\/\/now-news.de\/de\/#website\",\"url\":\"https:\/\/now-news.de\/de\/\",\"name\":\"just-now.NEWS Deutschland\",\"description\":\"Das Portal f\u00fcr unzensierte Nachrichten aus der Welt\",\"publisher\":{\"@id\":\"https:\/\/now-news.de\/de\/#organization\"},\"potentialAction\":[{\"@type\":\"SearchAction\",\"target\":{\"@type\":\"EntryPoint\",\"urlTemplate\":\"https:\/\/now-news.de\/de\/?s={search_term_string}\"},\"query-input\":\"required name=search_term_string\"}],\"inLanguage\":\"de\"},{\"@type\":\"Organization\",\"@id\":\"https:\/\/now-news.de\/de\/#organization\",\"name\":\"Just Now News\",\"url\":\"https:\/\/now-news.de\/de\/\",\"logo\":{\"@type\":\"ImageObject\",\"inLanguage\":\"de\",\"@id\":\"https:\/\/now-news.de\/de\/#\/schema\/logo\/image\/\",\"url\":\"http:\/\/just-now.news\/de\/wp-content\/uploads\/sites\/3\/2022\/04\/logo500x500.jpg\",\"contentUrl\":\"http:\/\/just-now.news\/de\/wp-content\/uploads\/sites\/3\/2022\/04\/logo500x500.jpg\",\"width\":500,\"height\":500,\"caption\":\"Just Now News\"},\"image\":{\"@id\":\"https:\/\/now-news.de\/de\/#\/schema\/logo\/image\/\"},\"sameAs\":[\"https:\/\/www.facebook.com\/wirmachenauf\",\"https:\/\/x.com\/WirMachenAuf_de\"]},{\"@type\":\"Person\",\"@id\":\"https:\/\/now-news.de\/de\/#\/schema\/person\/fb534a4e865501d8b3285208df34a9b5\",\"name\":\"rtnews\",\"image\":{\"@type\":\"ImageObject\",\"inLanguage\":\"de\",\"@id\":\"https:\/\/now-news.de\/de\/#\/schema\/person\/image\/\",\"url\":\"https:\/\/secure.gravatar.com\/avatar\/82aafea7d8127119dd649515f56e2117?s=96&d=mm&r=g\",\"contentUrl\":\"https:\/\/secure.gravatar.com\/avatar\/82aafea7d8127119dd649515f56e2117?s=96&d=mm&r=g\",\"caption\":\"rtnews\"},\"url\":\"https:\/\/now-news.de\/de\/author\/rnews\/\"}]}<\/script>\n<!-- \/ Yoast SEO Premium plugin. -->","yoast_head_json":{"title":"Konfrontation mit Russland am Polarkreis \u2013 Luftwaffenman\u00f6ver Arctic Challenge Exercise 2023 - just-now.NEWS Deutschland","robots":{"index":"index","follow":"follow","max-snippet":"max-snippet:-1","max-image-preview":"max-image-preview:large","max-video-preview":"max-video-preview:-1"},"canonical":"https:\/\/now-news.de\/de\/deutschland\/konfrontation-mit-russland-am-polarkreis-luftwaffenmanoever-arctic-challenge-exercise-2023\/","og_locale":"de_DE","og_type":"article","og_title":"Konfrontation mit Russland am Polarkreis \u2013 Luftwaffenman\u00f6ver Arctic Challenge Exercise 2023","og_description":"Im Norden Europas finden in den n\u00e4chsten Tagen mehrere gro\u00dfe Man\u00f6ver statt. Allein bei der Luftwaffen\u00fcbung Arctic Challenge Exercise 2023 sollen etwa 2.700 Soldaten aus 14 L\u00e4ndern und 150 Flugzeuge eingesetzt werden. Das Ziel bestehe in der \u00dcbung von K\u00e4mpfen gegen Russland, vermuten Experten. Von Alexandr Karpow und Wladimir Duon In Nordeuropa beginnen am 29. [&hellip;]","og_url":"https:\/\/now-news.de\/de\/deutschland\/konfrontation-mit-russland-am-polarkreis-luftwaffenmanoever-arctic-challenge-exercise-2023\/","og_site_name":"just-now.NEWS Deutschland","article_publisher":"https:\/\/www.facebook.com\/wirmachenauf","article_published_time":"2023-05-30T07:27:43+00:00","og_image":[{"width":460,"height":259,"url":"https:\/\/now-news.de\/de\/wp-content\/uploads\/sites\/3\/2023\/05\/Konfrontation-mit-Russland-am-Polarkreis-\u2013-Luftwaffenmanoever-Arctic-Challenge-Exercise.jpg","type":"image\/jpeg"}],"author":"rtnews","twitter_card":"summary_large_image","twitter_creator":"@WirMachenAuf_de","twitter_site":"@WirMachenAuf_de","twitter_misc":{"Verfasst von":"rtnews","Gesch\u00e4tzte Lesezeit":"7\u00a0Minuten"},"schema":{"@context":"https:\/\/schema.org","@graph":[{"@type":"Article","@id":"https:\/\/now-news.de\/de\/deutschland\/konfrontation-mit-russland-am-polarkreis-luftwaffenmanoever-arctic-challenge-exercise-2023\/#article","isPartOf":{"@id":"https:\/\/now-news.de\/de\/deutschland\/konfrontation-mit-russland-am-polarkreis-luftwaffenmanoever-arctic-challenge-exercise-2023\/"},"author":{"name":"rtnews","@id":"https:\/\/now-news.de\/de\/#\/schema\/person\/fb534a4e865501d8b3285208df34a9b5"},"headline":"Konfrontation mit Russland am Polarkreis \u2013 Luftwaffenman\u00f6ver Arctic Challenge Exercise 2023","datePublished":"2023-05-30T07:27:43+00:00","dateModified":"2023-05-30T07:27:43+00:00","mainEntityOfPage":{"@id":"https:\/\/now-news.de\/de\/deutschland\/konfrontation-mit-russland-am-polarkreis-luftwaffenmanoever-arctic-challenge-exercise-2023\/"},"wordCount":1360,"commentCount":0,"publisher":{"@id":"https:\/\/now-news.de\/de\/#organization"},"image":{"@id":"https:\/\/now-news.de\/de\/deutschland\/konfrontation-mit-russland-am-polarkreis-luftwaffenmanoever-arctic-challenge-exercise-2023\/#primaryimage"},"thumbnailUrl":"https:\/\/now-news.de\/de\/wp-content\/uploads\/sites\/3\/2023\/05\/Konfrontation-mit-Russland-am-Polarkreis-\u2013-Luftwaffenmanoever-Arctic-Challenge-Exercise.jpg","keywords":["Arctic","Challenge","Exercise","Konfrontation","Luftwaffenman\u00f6ver","mit","Polarkreis","russland"],"articleSection":["Deutschland","Russland"],"inLanguage":"de","potentialAction":[{"@type":"CommentAction","name":"Comment","target":["https:\/\/now-news.de\/de\/deutschland\/konfrontation-mit-russland-am-polarkreis-luftwaffenmanoever-arctic-challenge-exercise-2023\/#respond"]}]},{"@type":"WebPage","@id":"https:\/\/now-news.de\/de\/deutschland\/konfrontation-mit-russland-am-polarkreis-luftwaffenmanoever-arctic-challenge-exercise-2023\/","url":"https:\/\/now-news.de\/de\/deutschland\/konfrontation-mit-russland-am-polarkreis-luftwaffenmanoever-arctic-challenge-exercise-2023\/","name":"Konfrontation mit Russland am Polarkreis \u2013 Luftwaffenman\u00f6ver Arctic Challenge Exercise 2023 - just-now.NEWS Deutschland","isPartOf":{"@id":"https:\/\/now-news.de\/de\/#website"},"primaryImageOfPage":{"@id":"https:\/\/now-news.de\/de\/deutschland\/konfrontation-mit-russland-am-polarkreis-luftwaffenmanoever-arctic-challenge-exercise-2023\/#primaryimage"},"image":{"@id":"https:\/\/now-news.de\/de\/deutschland\/konfrontation-mit-russland-am-polarkreis-luftwaffenmanoever-arctic-challenge-exercise-2023\/#primaryimage"},"thumbnailUrl":"https:\/\/now-news.de\/de\/wp-content\/uploads\/sites\/3\/2023\/05\/Konfrontation-mit-Russland-am-Polarkreis-\u2013-Luftwaffenmanoever-Arctic-Challenge-Exercise.jpg","datePublished":"2023-05-30T07:27:43+00:00","dateModified":"2023-05-30T07:27:43+00:00","breadcrumb":{"@id":"https:\/\/now-news.de\/de\/deutschland\/konfrontation-mit-russland-am-polarkreis-luftwaffenmanoever-arctic-challenge-exercise-2023\/#breadcrumb"},"inLanguage":"de","potentialAction":[{"@type":"ReadAction","target":["https:\/\/now-news.de\/de\/deutschland\/konfrontation-mit-russland-am-polarkreis-luftwaffenmanoever-arctic-challenge-exercise-2023\/"]}]},{"@type":"ImageObject","inLanguage":"de","@id":"https:\/\/now-news.de\/de\/deutschland\/konfrontation-mit-russland-am-polarkreis-luftwaffenmanoever-arctic-challenge-exercise-2023\/#primaryimage","url":"https:\/\/now-news.de\/de\/wp-content\/uploads\/sites\/3\/2023\/05\/Konfrontation-mit-Russland-am-Polarkreis-\u2013-Luftwaffenmanoever-Arctic-Challenge-Exercise.jpg","contentUrl":"https:\/\/now-news.de\/de\/wp-content\/uploads\/sites\/3\/2023\/05\/Konfrontation-mit-Russland-am-Polarkreis-\u2013-Luftwaffenmanoever-Arctic-Challenge-Exercise.jpg","width":460,"height":259,"caption":"Konfrontation mit Russland am Polarkreis \u2013 Luftwaffenman\u00f6ver Arctic Challenge Exercise 2023"},{"@type":"BreadcrumbList","@id":"https:\/\/now-news.de\/de\/deutschland\/konfrontation-mit-russland-am-polarkreis-luftwaffenmanoever-arctic-challenge-exercise-2023\/#breadcrumb","itemListElement":[{"@type":"ListItem","position":1,"name":"Home","item":"https:\/\/now-news.de\/de\/"},{"@type":"ListItem","position":2,"name":"Konfrontation mit Russland am Polarkreis \u2013 Luftwaffenman\u00f6ver Arctic Challenge Exercise 2023"}]},{"@type":"WebSite","@id":"https:\/\/now-news.de\/de\/#website","url":"https:\/\/now-news.de\/de\/","name":"just-now.NEWS Deutschland","description":"Das Portal f\u00fcr unzensierte Nachrichten aus der Welt","publisher":{"@id":"https:\/\/now-news.de\/de\/#organization"},"potentialAction":[{"@type":"SearchAction","target":{"@type":"EntryPoint","urlTemplate":"https:\/\/now-news.de\/de\/?s={search_term_string}"},"query-input":"required name=search_term_string"}],"inLanguage":"de"},{"@type":"Organization","@id":"https:\/\/now-news.de\/de\/#organization","name":"Just Now News","url":"https:\/\/now-news.de\/de\/","logo":{"@type":"ImageObject","inLanguage":"de","@id":"https:\/\/now-news.de\/de\/#\/schema\/logo\/image\/","url":"http:\/\/just-now.news\/de\/wp-content\/uploads\/sites\/3\/2022\/04\/logo500x500.jpg","contentUrl":"http:\/\/just-now.news\/de\/wp-content\/uploads\/sites\/3\/2022\/04\/logo500x500.jpg","width":500,"height":500,"caption":"Just Now News"},"image":{"@id":"https:\/\/now-news.de\/de\/#\/schema\/logo\/image\/"},"sameAs":["https:\/\/www.facebook.com\/wirmachenauf","https:\/\/x.com\/WirMachenAuf_de"]},{"@type":"Person","@id":"https:\/\/now-news.de\/de\/#\/schema\/person\/fb534a4e865501d8b3285208df34a9b5","name":"rtnews","image":{"@type":"ImageObject","inLanguage":"de","@id":"https:\/\/now-news.de\/de\/#\/schema\/person\/image\/","url":"https:\/\/secure.gravatar.com\/avatar\/82aafea7d8127119dd649515f56e2117?s=96&d=mm&r=g","contentUrl":"https:\/\/secure.gravatar.com\/avatar\/82aafea7d8127119dd649515f56e2117?s=96&d=mm&r=g","caption":"rtnews"},"url":"https:\/\/now-news.de\/de\/author\/rnews\/"}]}},"_links":{"self":[{"href":"https:\/\/now-news.de\/de\/wp-json\/wp\/v2\/posts\/37032"}],"collection":[{"href":"https:\/\/now-news.de\/de\/wp-json\/wp\/v2\/posts"}],"about":[{"href":"https:\/\/now-news.de\/de\/wp-json\/wp\/v2\/types\/post"}],"author":[{"embeddable":true,"href":"https:\/\/now-news.de\/de\/wp-json\/wp\/v2\/users\/3"}],"replies":[{"embeddable":true,"href":"https:\/\/now-news.de\/de\/wp-json\/wp\/v2\/comments?post=37032"}],"version-history":[{"count":0,"href":"https:\/\/now-news.de\/de\/wp-json\/wp\/v2\/posts\/37032\/revisions"}],"wp:featuredmedia":[{"embeddable":true,"href":"https:\/\/now-news.de\/de\/wp-json\/wp\/v2\/media\/37033"}],"wp:attachment":[{"href":"https:\/\/now-news.de\/de\/wp-json\/wp\/v2\/media?parent=37032"}],"wp:term":[{"taxonomy":"category","embeddable":true,"href":"https:\/\/now-news.de\/de\/wp-json\/wp\/v2\/categories?post=37032"},{"taxonomy":"post_tag","embeddable":true,"href":"https:\/\/now-news.de\/de\/wp-json\/wp\/v2\/tags?post=37032"}],"curies":[{"name":"wp","href":"https:\/\/api.w.org\/{rel}","templated":true}]}}