{"id":36962,"date":"2023-05-29T10:20:34","date_gmt":"2023-05-29T08:20:34","guid":{"rendered":"https:\/\/just-now.news\/de\/deutschland\/freidenkerkongress-bildung-der-neuen-multipolaren-weltordnung-ist-ein-revolutionaerer-prozess\/"},"modified":"2023-05-29T10:20:34","modified_gmt":"2023-05-29T08:20:34","slug":"freidenkerkongress-bildung-der-neuen-multipolaren-weltordnung-ist-ein-revolutionaerer-prozess","status":"publish","type":"post","link":"https:\/\/now-news.de\/de\/deutschland\/freidenkerkongress-bildung-der-neuen-multipolaren-weltordnung-ist-ein-revolutionaerer-prozess\/","title":{"rendered":"Freidenkerkongress: &quot;Bildung der neuen multipolaren Weltordnung ist ein revolution\u00e4rer Prozess&quot;"},"content":{"rendered":"<p><img decoding=\"async\" src=\"http:\/\/just-now.news\/de\/wp-content\/uploads\/sites\/3\/2023\/05\/646f216348fbef0f7c56e41d.png\" \/><\/p>\n<div class=\"Text-root Text-type_1 \">\n                Auf dem Kongress der Weltunion der Freidenker wurde in verschiedenen Vortr\u00e4gen zum Thema &#8220;Freies Denken und die multipolare Weltordnung&#8221; versucht, zur Aufkl\u00e4rung beizutragen, solange Widerstand noch m\u00f6glich ist.\n            <\/div>\n<p><\/p>\n<div class=\"Text-root Text-type_5 ArticleView-text ViewText-root \">\n<p><em>Eine Analyse von Felicitas Rabe<\/em><\/p>\n<p>Am 18. Mai 2023 hatte die <a rel=\"nofollow noopener\" target=\"_blank\" href=\"http:\/\/www.profan.ch\/\">Weltunion der Freidenker<\/a> zu ihrem Kongress nach Frankfurt am Main eingeladen. Klaus Hartmann, der\u00a0<a rel=\"nofollow noopener\" target=\"_blank\" href=\"http:\/\/www.profan.ch\/\">Pr\u00e4sident der Weltunion<\/a>, begr\u00fc\u00dfte die \u00fcber 80 Teilnehmer im B\u00fcrgerhaus Bornheim. Er wies darauf hin, dass die Freidenker heute in der Tradition der 1880 gegr\u00fcndeten Freidenker-Internationale stehen w\u00fcrden. Damals sei die zentrale Auseinandersetzung der Freidenker, die mit der Religion und Kirche gewesen, welche\u00a0vom Kampf gegen die Manipulation und Gleichschaltung durch die &#8220;westlichen&#8221; Medien abgel\u00f6st worden w\u00e4re.<\/p>\n<p>Manche fr\u00fcheren Weggef\u00e4hrten huldigten immer noch dem &#8220;Kirchenkampf&#8221;, andere wandelten sich zu &#8220;Humanisten&#8221;, um in der Gesellschaft wohlgelitten zu sein. Manche strebten als &#8220;Freie Tr\u00e4ger&#8221; im Sozialbereich nach der Finanzierung aus Steuergeldern. Schlie\u00dflich g\u00e4be es gar solche, die das Nachbeten von NATO-Propaganda als &#8220;zeitgem\u00e4\u00dfes Freidenkertum&#8221; verst\u00fcnden, so Hartmann.<\/p>\n<p>Zum Konferenzthema &#8220;Freies Denken und die neue multipolare Weltordnung&#8221; sprachen Rednerinnen und Redner aus Deutschland, \u00d6sterreich, Serbien, Luxemburg und der Schweiz, besondere Akzente setzten auch die kulturellen Beitr\u00e4ge: Als demonstratives Zeichen gegen die Verbannung russischer Kultur spielte die Pianistin Ekaterina Frank Klavierst\u00fccke von Sergei Rachmaninow und sang unter anderem das &#8220;Lied von den Kranichen&#8221;. Der S\u00e4nger Ernesto Schwarz, bekannt f\u00fcr neue Texte zu bekannten Liedern, trug neben anderen &#8220;Die Russen sind an allem schuld&#8221; vor, und der britische S\u00e4nger Guy Dawson begeisterte mit dem Song &#8220;Ami go home!&#8221;<\/p>\n<p><strong>Zeitenwende und Geschichtsrevisionismus <\/strong><\/p>\n<p>In seinem Vortrag &#8220;Zeitenwende zwischen Krieg und Frieden&#8221; bezog sich Hartmann auf den 8. und 9. Mai: Im Jahr 2023 seien besonders die Stimmen jener Menschen vernehmbar geworden, die zwar nicht die Befreiung vom Faschismus als solche \u00f6ffentlich bedauerten, die aber daf\u00fcr der Sowjetunion ihre Befreiung ver\u00fcbelten. In vielen St\u00e4dten, allen voran in der deutschen Hauptstadt Berlin, seien antifaschistische Symbole wie das St. Georgsband verboten worden.<\/p>\n<p>Von Verboten betroffen gewesen seien sogar die sowjetische Fahne und die Fahne des Sieges sowie die Fahne der Russischen F\u00f6deration \u2013 aber augenscheinlich nicht die ukrainische Fahne. Fahnen des Kriegsverb\u00fcndeten k\u00f6nnten wie selbstverst\u00e4ndlich hochgehalten werden, w\u00e4hrend Jugendliche mit russischen Fahnen am Sowjetischen Ehrenmal in Berlin-Treptow von Polizisten gejagt und zur Strecke gebracht werden.<\/p>\n<p>Dies bezeichnete\u00a0der Pr\u00e4sident der Weltunion als eine &#8220;einer Diktatur w\u00fcrdige Praxis&#8221;, die ebenso in der ber\u00fcchtigten &#8220;Zeitenwende-Rede&#8221; von Bundeskanzler Olaf Scholz wurzeln w\u00fcrde. In der Kanzlerrede sei der Kriegsbeginn in der Ukraine von 2014 auf 2022 verlegt worden, um Russland eines &#8220;Angriffskriegs&#8221; beschuldigen zu k\u00f6nnen. Zur &#8220;w\u00fcrdigen Praxis&#8221;\u00a0geh\u00f6re auch die Etablierung eines &#8220;Landes der Ahnungslosen vom Bodensee bis R\u00fcgen&#8221;:<\/p>\n<blockquote>\n<p><em>&#8220;Die deutschen Faschisten stellten das H\u00f6ren von Feindsendern unter Strafe, die EU verbietet russische Medien wegen &#8216;Desinformation&#8217;. Der &#8216;Volksempf\u00e4nger&#8217; der Nazis war vergleichsweise primitiv gegen\u00fcber der transatlantischen Gleichschaltung im fadenscheinigen Gewand des Pluralismus.&#8221;<\/em><\/p>\n<\/blockquote>\n<p>Und Hartmann weiter:<\/p>\n<blockquote>\n<p><em>&#8220;Das s\u00e4chsische Elbtal um Dresden wurde fr\u00fcher sp\u00f6ttisch &#8216;Tal der Ahnungslosen&#8217; genannt, weil dort kein &#8216;Westfernsehen&#8217; zu empfangen war. Heute gibt es vom Bodensee bis R\u00fcgen nur noch &#8216;Westfernsehen&#8217; \u2013 damit haben wir den Titel &#8216;Land der Ahnungslosen&#8217; verdient.&#8221;<\/em><\/p>\n<\/blockquote>\n<p>Wenn Ursula von der Leyen verk\u00fcndet, die Ukraine k\u00e4mpfe f\u00fcr &#8220;unsere Werte&#8221;, st\u00e4nde m\u00f6glicherweise auch in der EU bald das Verbot aller oppositionellen Parteien und Medien bevor, so wie es in der Ukraine etabliert sei. Vielleicht w\u00fcrden aber auch in der EU Nazis zu Nationalhelden erkl\u00e4rt und Denkm\u00e4ler f\u00fcr die Befreier vom Faschismus abgerissen. W\u00e4hrend Kriegsgegner als &#8220;rechts&#8221; oder &#8220;Nazis&#8221; beschimpft werden w\u00fcrden, werde im EU-Parlament zum Beispiel von Kanzler Scholz der Faschisten-Gru\u00df &#8220;Slawa Ukraini&#8221; ausgebracht, sagte Hartmann.<\/p>\n<p>Diese Linie der Geschichtsverf\u00e4lschung sei in der Resolution des EU-Parlaments sichtbar geworden, in welcher der Sowjetunion mindestens die gleiche Schuld wie Hitlerdeutschland am\u00a0Zweiten Weltkrieg zugewiesen worden sei. In derselben Resolution verf\u00e4lsche der Deutsche Bundestag auch die Hungersnot in der Sowjetunion zum &#8220;V\u00f6lkermord an der Ukraine&#8221;. Die Autorin Marie Rotkopf habe diesen Geschichtsrevisionismus in ihrem Essay &#8220;Die deutsche Mentalit\u00e4t und der Krieg&#8221; auf den Punkt gebracht:<\/p>\n<blockquote>\n<p><em>&#8220;Bald wird es nicht mehr die Rote Armee sein, die Auschwitz befreit hat, sondern das Asow-Bataillon&#8221;, schrieb Rotkopf.<\/em><\/p>\n<\/blockquote>\n<p>In seiner Rede appellierte der Pr\u00e4sident der Weltunion an die Konferenzteilnehmer, den Neofaschismus zu bek\u00e4mpfen:<\/p>\n<blockquote>\n<p><em>&#8220;Unterst\u00fctzen wir den Kampf gegen den Neofaschismus und erteilen wir den Pseudoantifaschisten von der Transatlantifa eine klare Absage. Ringen wir um den Zusammenschluss mit den Bewegungen f\u00fcr Demokratie und f\u00fcr Meinungsfreiheit. St\u00e4rken wir die Friedenskr\u00e4fte, die internationale Solidarit\u00e4t, die Zusammenarbeit zwischen den V\u00f6lkern f\u00fcr die multipolare Weltordnung auf Grundlage der Gleichheit und Souver\u00e4nit\u00e4t. Verteidigen wir die Solidarit\u00e4t und Freundschaft mit der Russischen F\u00f6deration und der Volksrepublik China!&#8221;<\/em><\/p>\n<\/blockquote>\n<p><strong>Zwei Optionen<\/strong><strong>: <\/strong><strong>Der Sieg Russlands (und der Neuen Welt) oder die Vernichtung des Lebens auf der Erde.<em><\/em><\/strong><\/p>\n<p>Der Astrophysiker und Experte f\u00fcr internationale Beziehungen,\u00a0<a rel=\"nofollow noopener\" target=\"_blank\" href=\"https:\/\/twitter.com\/vladakrsljanin?lang=de\">Wladimir Kr\u0161ljanin<\/a>\u00a0aus Belgrad, spannte in seinem Vortrag den Bogen &#8220;Von der NATO-Aggression 1999 gegen Jugoslawien zum Krieg gegen Russland&#8221;. Angesichts zweier europ\u00e4ischer Kriege fragte er, was an Russen und Serben und neuerdings auch an den Chinesen so besonders sei, dass sie zur Hauptzielscheibe der Anti-Zivilisation werden. Dabei verwies er auf die gemeinsame Erfahrung im antifaschistischen Kampf und beim Aufbau des Sozialismus, aber auch auf die spirituellen Quellen des orthodoxen Christentums und des Konfuzianismus sowie auf die Geschichte des Byzantinischen Reiches, das der Westen zu zerst\u00f6ren trachtete.<em><\/em><\/p>\n<p>Nach\u00a0Kr\u0161ljanin w\u00fcrde\u00a0es &#8220;f\u00fcr die westlichen Megakriminellen: Entweder wir regieren die Welt \u2013 oder gar nichts!&#8221; hei\u00dfen. Man solle sich nur an die vielen Millionen Menschen erinnern, die in den Kreuzz\u00fcgen, Kolonialkriegen, Weltkriegen, US\/NATO-Aggressionen im Nahen Osten bis hin zu den j\u00fcngsten europ\u00e4ischen Kriegen gegen die Serben und Russen get\u00f6tet worden seien. Mit der F\u00fchrung der USA in der westlichen Welt habe sich der Westen vom wichtigsten zerst\u00f6rerischen und aggressiven Faktor zu einer b\u00f6sartigen Macht entwickelt.<\/p>\n<p>Mit Blick auf Serbien hob er hervor, &#8220;wir [die Serben] blieben unbesiegt, da wir von Slobodan Milo\u0161evi\u0107 gef\u00fchrt wurden \u2013 einem Mann, der ein Symbol des Antiglobalismus war, wie er von Alexander Sinowjew charakterisiert wurde. Die Politik Serbiens unter Milo\u0161evi\u0107 entsprach in jeder Hinsicht der Politik, die Russland und China heute betreiben \u2013 der Politik der Neuen Welt&#8221;.<\/p>\n<p>Der Stellvertreterkrieg in der ehemaligen Ukraine sei der letzte und verzweifelte Versuch der Megakriminellen, mit den gleichen Methoden, aber ohne Aussicht auf Erfolg, die Geschichte umzudrehen. Es g\u00e4be nur zwei m\u00f6gliche Ergebnisse: der Sieg Russlands (und der Neuen Welt) oder die Vernichtung des Lebens auf der Erde. Doch Russland, China und die Mehrheit der Menschheit w\u00fcrden die westliche aggressive Hegemonie beseitigen und ihre Verbrechen bestrafen. Wladimir Kr\u0161ljanin lud die westlichen V\u00f6lker in die Neue Welt ein:<\/p>\n<blockquote>\n<p><em>&#8220;Der gegenw\u00e4rtige Krieg zeigt deutlich, dass der Geschichtsrevisionismus ein Werkzeug der Faschisten, ihrer Komplizen und F\u00f6rderer ist, f\u00fcr das es keine Rechtfertigung geben kann. Deshalb m\u00fcssen wir uns organisieren, k\u00e4mpfen und die Neue Welt begr\u00fc\u00dfen \u2013 eine gerechte, multipolare und multilaterale Welt, die auf dem V\u00f6lkerrecht, Gleichheit, Zusammenarbeit, sozialer Gerechtigkeit und wahrer Demokratie beruht. Und das ist die Schicksalsgemeinschaft der Menschheit.<\/em><\/p>\n<p><em>Wir laden die westlichen V\u00f6lker, die immer mehr zu Opfern ihrer Oligarchie werden, in die Neue Welt ein und w\u00fcnschen ihnen eine baldige Befreiung! Stehen wir also zusammen f\u00fcr den schnellen, totalen und endg\u00fcltigen Sieg der Neuen Welt \u00fcber Faschismus und Antihumanismus!&#8221;<\/em><\/p>\n<\/blockquote>\n<p><strong>Der fallende Riese kann beim Aufprall Schaden anrichten<\/strong><\/p>\n<p>Der Generalsekret\u00e4r der Weltunion, Jean-Marie Jacoby aus Luxemburg, f\u00fchrte in seinem Vortrag &#8220;Der Welten Lage \u00e4ndert sich&#8221; das Ende der US-Herrschaft aus: &#8220;Die Weltherrschaft der USA geht zu Ende. Der Hegemon f\u00e4llt und ein Riese, der f\u00e4llt, kann Schaden anrichten beim Aufprall. Fix aber ist, dass nur mehr 35 L\u00e4nder dem Hegemon gehorchen \u2013 das ist die Zahl der L\u00e4nder, die bereit waren, sich selbst mit den antirussischen Sanktionen wirtschaftlich zu sch\u00e4digen. Wirtschaftlich wie politisch aber ist das Trio USA-NATO-EU l\u00e4ngst \u00fcberholt worden von BRICS, die sich nicht in die Innenpolitik der jeweiligen L\u00e4nder einmischt, was inzwischen zu 19 Beitrittskandidaten gef\u00fchrt hat.&#8221;<\/p>\n<p>Den USA werde jetzt der Finanzierungsstecker gezogen, indem der Dollar nicht mehr die Welthandelsw\u00e4hrung sei. Im Jahr 2000 habe man noch 66 Prozent des Welthandels in US-Dollar abgewickelt, 2022 seien es nur noch 47\u00a0Prozent gewesen. Im ersten Trimester 2023 sei der Anteil auf 40\u00a0Prozent gesunken. Gleichzeitig seien die Devisenreserven in Dollar in 20 Jahren von 71\u00a0Prozent auf 60\u00a0Prozent zur\u00fcckgegangen.<\/p>\n<p>Jacoby verwies auf die immense US-Staatsschuld von 31,4 Dollar, die 120\u00a0Prozent des k\u00fcnstlich (durch die Finanzindustrie) aufgeblasenen BIP ausmache. Gleichzeitig sei das Kriegsbudget 1.000 Milliarden Dollar schwer \u2013 davon gehe der Gro\u00dfteil auf die Logistik und den Unterhalt der 800 Milit\u00e4rst\u00fctzpunkte weltweit. Der milit\u00e4risch-industrielle Komplex der USA bestehe aus Privatfirmen, deren erstes Ziel der Profit und nicht die Produktion optimaler Waffensysteme sei. In China wie in Russland erziele man mit Staatsfirmen mit viel weniger Geld erheblich bessere Ergebnisse \u2013 aktuell ganz besonders beim Hyperschall. So habe die russische Armee schlie\u00dflich auch kein Nachschubproblem bei Munition. Dagegen habe ein US-Viersterne-General davor gewarnt, man h\u00e4tte bei einem Krieg mit China nur Munition f\u00fcr sieben Tage und deutsche Gener\u00e4le h\u00e4tten gewarnt, der Vorrat reiche nur noch f\u00fcr zwei Tage Krieg.<\/p>\n<p>In der Konsequenz bleibe den USA nicht die M\u00f6glichkeit eines konventionellen Weltkriegs, sondern nur noch der kollektive Selbstmord. Das internationale Finanzkapital, welches mittlerweile sowohl die US- wie die EU-Administration an der kurzen Leine f\u00fchrt, w\u00fcrde aber davon nicht profitieren. Die EU-Mitgliedsl\u00e4nder f\u00fchren mit antirussischen Sanktionen die Wirtschaft an die Mauer. Nachdem sie sich auf Befehl der USA von g\u00fcnstigen russischen Energietr\u00e4gern und Rohstoffen abgeschnitten h\u00e4tten, drohe ihnen Verlust der Wettbewerbsf\u00e4higkeit und Deindustrialisierung.<\/p>\n<blockquote>\n<p><em>&#8220;Das l\u00e4sst sich nur \u00e4ndern mit &#8216;Ami go home and take your NATO with you&#8217; als Basis f\u00fcr Frieden und V\u00f6lkerfreundschaft mit allen V\u00f6lkern Eurasiens, auch mit Russen und Chinesen&#8221;, schloss Jacoby.<\/em><\/p>\n<\/blockquote>\n<p><strong><\/strong><strong>Ehrliches Gedenken an die Geschichte der demokratischen Revolutionen in Europa<\/strong><\/p>\n<p>Die Historikerin <a rel=\"nofollow noopener\" target=\"_blank\" href=\"https:\/\/zeitgeschichte.univie.ac.at\/ueber-uns\/projektmitarbeiterinnen\/corinna-oesch\/\">Dr. Corinna Oesch<\/a> aus Wien erinnerte an die historische Situation, in der es zu den demokratischen Revolutionen in Europa und der Revolution 1848\/49 in Deutschland gekommen ist. Ausgehend von der Franz\u00f6sischen Revolution und einer Abfolge von Reaktion und neuerlichem Aufbegehren kulminierte die Demokratiebewegung letztlich in der Deutschen Nationalversammlung, diese\u00a0wurde am 18. Mai 1848, also genau vor 175 Jahren, in der Frankfurter Paulskirche er\u00f6ffnet. Statt eines &#8220;ehrf\u00fcrchtigen, sterilen&#8221; Gedenkens an den Jahrestag k\u00e4me es darauf an, sich zu vergegenw\u00e4rtigen, f\u00fcr welche Rechte Frauen und M\u00e4nner in der Revolution von 1848 gek\u00e4mpft h\u00e4tten, erkl\u00e4rte Oesch. Man solle sich daran erinnern, welche Rechte sie kurze Zeit innehatten, bevor die Reaktion die Errungenschaften der Revolution wieder zerschlug.<\/p>\n<p>Unterbelichtet bliebe bis heute die Rolle der Frau in der Revolution. Alle Abgeordneten in der Paulskirche waren M\u00e4nner, f\u00fcr die interessierten Frauen musste die &#8220;Damengalerie&#8221; erweitert werden. Aber auf den Stra\u00dfen engagierten sich Frauen in gro\u00dfer Zahl k\u00e4mpferisch f\u00fcr die Demokratie. Die allgemein als &#8220;erste demokratische Verfassung&#8221; gefeierte Paulskirchenverfassung habe allerdings nichts daran ge\u00e4ndert, dass F\u00fcrsten, Herz\u00f6ge und K\u00f6nige in den Einzelstaaten weiter amtierten.<\/p>\n<p>Staatsform sollte eine &#8220;konstitutionelle Monarchie&#8221; sein, mit einem Kaiser als deutsches Staatsoberhaupt, der diesen Titel vererben konnte. Kennzeichnend f\u00fcr das heutige Gedenken sei der Gedanke, es st\u00fcnde au\u00dfer Zweifel, dass unser heutiges &#8220;das beste Deutschland (oder \u00d6sterreich) aller Zeiten&#8221; sei. Man komme aber nicht umhin, das heutige politische System mit seinen globalen Verstrickungen kritisch zu betrachten.<\/p>\n<p>Laut Oesch\u00a0gehe es darum, das heuchlerische Gedenken an 1848 von offizieller Seite mit einer ehrlichen Auseinandersetzung zu konfrontieren. Dies bedeutet insbesondere Bez\u00fcge zwischen dem Kampf um Freiheitsrechte von 1848 und der heutigen Demokratiebewegung (Aufkl\u00e4rungs- und Verfassungsbewegung) herzustellen. Das d\u00fcrfe die Frage nicht aussparen, welche Grundrechte &#8220;w\u00e4hrend der Pandemie&#8221; au\u00dfer Kraft gesetzt wurden beziehungsweise bis heute weiterhin ausgeh\u00f6hlt sind. Ebenso bed\u00fcrfe es eines wachen Blickes auf Bedrohungen in der Zukunft, die sich zum Beispiel unter dem Stichwort &#8220;WHO-Komplex&#8221; anbahnten.<\/p>\n<p><strong>Schweizer Neutralit\u00e4tspolitik nicht mehr glaubw\u00fcrdig<\/strong><\/p>\n<p>Der Schweizer Publizist Peter Berger wies beim Thema &#8220;Neutralit\u00e4t und multipolare Weltordnung&#8221; auf die notwendige Unterscheidung zwischen Neutralit\u00e4t und Neutralit\u00e4tspolitik hin. Neutralit\u00e4t hei\u00dfe nur, dass keine fremden Truppen im eigenen Land stehen und man sich an keinen Kriegen beteiligt. In der Neutralit\u00e4tspolitik ginge es um eine mehr aktive oder passive Rolle \u2013 die Debatte dar\u00fcber habe sich seit der Ukraine-Krise versch\u00e4rft. Der \u00f6sterreichische Bundeskanzler Karl Nehammer (\u00d6VP) habe angedeutet, die \u00f6sterreichische Neutralit\u00e4t sei &#8220;unter einem Druckszenario zustande gekommen&#8221; \u2013 den Abzug der sowjetischen Truppen und den Staatsvertrag 1955 h\u00e4tte es nur unter der Neutralit\u00e4tsbedingung gegeben.<\/p>\n<p>Berger bezeichnete den aktuellen Au\u00dfenminister der Schweiz als durchgeknallt: &#8220;In der Schweiz ist ein durchgeknallter Au\u00dfenminister am Werk, ein 150-Prozent-Atlantiker&#8221;, so Berger. Der Minister sei unter anderem dadurch aufgefallen, dass er Schweizer Zahlungen an das pal\u00e4stinensische Hilfswerk der UN, an die UNRWA, eingestellt habe. Seinen Traum von einer Vermittlerrolle der Schweiz im Ukraine-Konflikt musste er nach einer kalten Dusche aus Moskau begraben \u2013 schlie\u00dflich habe das Land die Sanktionspakete gegen Russland \u00fcbernommen.<\/p>\n<p>Dies habe der Glaubw\u00fcrdigkeit der schweizerischen Neutralit\u00e4tspolitik einen unermesslichen Schaden zugef\u00fcgt. Als der sozialdemokratische Regierungschef Alain Berset bei einer Verschrottungsaktion von Waffen (statt sie an die Ukraine zu liefern) auf die Neutralit\u00e4tsverpflichtung hinwies und &#8220;in gewissen Kreisen&#8221; einen &#8220;Kriegsrausch&#8221; feststellte, sei er vom eigenen Parteivorsitzenden abgecancelt worden.\u00a0Laut ihm\u00a0stehe man in diesem Krieg &#8220;in einem Konflikt zwischen der freien Welt und einem autorit\u00e4ren Regime&#8221;. Der Parteivorsitzende erkl\u00e4rte zudem: &#8220;Wir haben mit Russland eine imperialistische, ich w\u00fcrde sogar meinen, protofaschistische Macht.&#8221;<\/p>\n<p>Nun wolle die national-konservative Schweizerische Volkspartei mit einer Volksinitiative die Neutralit\u00e4t sowie das Verbot &#8220;nichtmilit\u00e4rischer Zwangsma\u00dfnahmen gegen kriegf\u00fchrende Staaten&#8221; in der Bundesverfassung verankern lassen, sagte Berger, derzeit laufe die Unterschriftensammlung. Die &#8220;NATO-Linke&#8221; w\u00fcrde diese Volksinitiative ablehnen, w\u00e4hrend die \u00fcbrigen Parteien hinsichtlich einer Unterst\u00fctzung vor einer neuen Gewissensfrage st\u00fcnden, obwohl die Initiative von der &#8220;rechten SVP&#8221; k\u00e4me. Die in der italienischsprachigen Schweiz verankerte Partito Comunista sowie die Partei der Arbeit Basel beteiligten sich unterdessen an der Unterschriftensammlung.<\/p>\n<p>Abschlie\u00dfend stellte Berger fest, dass viele Menschen einem &#8220;Neutralit\u00e4tsmythos&#8221; anh\u00e4ngen w\u00fcrden. Dabei sei dieser Status der Schweiz auf dem Wiener Kongress 1815 von den Gro\u00dfm\u00e4chten verordnet worden. Heute k\u00f6nne man \u00fcber Neutralit\u00e4t nicht ohne Bezug zur Souver\u00e4nit\u00e4t des Staates sprechen:<\/p>\n<blockquote>\n<p><em>&#8220;Solange die Schweiz wie auch \u00d6sterreich kapitalistische Staaten sind, wird der Staat als \u00dcberbau ihrer Volkswirtschaften seine Politik, auch die Neutralit\u00e4tspolitik in den Dienst des Kapitals stellen. Aber vielleicht er\u00f6ffnet die neue multipolare Weltordnung auch hier neue Perspektiven f\u00fcr eine Ver\u00e4nderung.&#8221;<\/em><\/p>\n<\/blockquote>\n<p><strong><\/strong><strong>Die Bildung der neuen multipolaren Weltordnung ist ein revolution\u00e4rer Prozess<\/strong><\/p>\n<p>&#8220;Die gegenw\u00e4rtigen Aufgaben der Freidenkerbewegung&#8221; stellte zum Abschluss der Konferenz der Vorsitzende des Deutschen Freidenker-Verbandes, Sebastian Bahlo, in seinem Vortrag zur Diskussion. Es bleibe beim historischen Ziel der \u00dcberwindung einer durch die Klassengesellschaft bedingten Selbstentfremdung des Menschen. Dem untergeordnet seien Teilziele wie die Propagierung der Aufkl\u00e4rung, die Religionskritik und der Kampf gegen die gesellschaftliche Macht der Kirchen ebenso wie der Kampf gegen die \u00f6konomische Ausbeutung und f\u00fcr politische Freiheit.<\/p>\n<p>Im Gegensatz zu b\u00fcrgerlichen Atheisten und Religionskritikern w\u00fcrden Religionen f\u00fcr Freidenker eine fortschrittliche oder reaktion\u00e4re Rolle spielen. Dies h\u00e4nge davon ab, ob sie als wesentlich kollektivistische Ideologie nur zur Bem\u00e4ntelung des degenerativen Individualismus dienen oder eine echte Quelle f\u00fcr Kollektivismus darstellen w\u00fcrden. &#8220;Bei der Zusammenarbeit mit religi\u00f6sen Kr\u00e4ften f\u00fcr fortschrittliche Zwecke sollten wir uns keinerlei Beschr\u00e4nkungen auferlegen&#8221;, so Bahlo.<\/p>\n<p>Heute finde der Klassenkampf zwischen den Monopolkapitalisten der imperialistischen Nationen und den werkt\u00e4tigen Massen der antiimperialistischen Nationen statt:<\/p>\n<blockquote>\n<p><em>&#8220;Und deshalb ist es auch ganz richtig, in der gegenw\u00e4rtigen Herausbildung der multipolaren Weltordnung einen revolution\u00e4ren Prozess zu sehen. An dieser Stelle ist es geboten, Wladimir Putin zu zitieren: &#8216;Der Westen ist nicht in der Lage, die Menschheit im Alleingang zu f\u00fchren, versucht es aber verzweifelt, und die meisten V\u00f6lker der Welt wollen sich das nicht l\u00e4nger gefallen lassen. Das ist der Hauptwiderspruch der neuen Epoche. Um es mit den Worten eines Klassikers zu sagen, die Situation ist gewisserma\u00dfen revolution\u00e4r: Die oben k\u00f6nnen nicht mehr, und die unten wollen nicht mehr'&#8221;, zitierte er den russischen Pr\u00e4sidenten.<\/em>\u00a0<\/p>\n<\/blockquote>\n<p>Dieser unfreiwillige Abgang des Imperialismus von der Weltb\u00fchne w\u00fcrde sich sehr unangenehm gestalten: immer weitere Eskalation in der Ukraine, beispielloser Wirtschaftskrieg, Dauerpropaganda, Gleichschaltung von Staat und Medien, Kriminalisierung von Protest, sagte Bahlo. Man m\u00fcsse den Skandal anprangern, &#8220;dass eine Meinungs\u00e4u\u00dferung \u00fcber einen Krieg zwischen zwei fremden L\u00e4ndern strafbar sein soll, das ist eine eklatante Verletzung des Grundrechts auf freie Meinungs\u00e4u\u00dferung, das wir verteidigen m\u00fcssen&#8221;.<\/p>\n<p>Freidenker sollten &#8220;unser Selbstverst\u00e4ndnis als antifaschistische Organisation erneuern und den antifaschistischen Kampf auf die zeitgem\u00e4\u00dfen Erscheinungsformen des Faschismus und seiner Vorstufen fokussieren. Freidenker sollten es sich auch nicht nehmen lassen, die gr\u00fcne Partei als Speerspitze der Kriegspolitik und Faschisierung herauszustellen und zu bek\u00e4mpfen. Als Freidenker wirkt man mit bei der Propagierung der Losung: &#8216;Wer Gr\u00fcn w\u00e4hlt, w\u00e4hlt den Krieg'&#8221;, so der Vorsitzende des Verbandes.<\/p>\n<blockquote>\n<p><em>&#8220;Seien wir lieber jetzt mutig, solange uns nur Geld- oder Gef\u00e4ngnisstrafen drohen, bevor Widerstand wieder lebensgef\u00e4hrlich ist,&#8221; appellierte Bahlo.<\/em><\/p>\n<\/blockquote>\n<p><strong>Mehr zum Thema<\/strong> &#8211;\u00a0<a rel=\"nofollow noopener\" target=\"_blank\" href=\"https:\/\/pressefreiheit.rtde.live\/international\/164989-russland-als-mediator-und-gestalter\/\">Russland als Mediator und Gestalter der multipolaren Weltordnung<\/a><\/p>\n<\/p>\n<\/div>\n<p><script async src=\"https:\/\/platform.twitter.com\/widgets.js\" charset=\"utf-8\"><\/script><br \/>\n<br \/><br \/>\n<br \/><a href=\"https:\/\/de.rt.com\/inland\/170805-freidenker-bildung-neuen-multipolaren-weltordnung\/\">Source link <\/a><\/p>\n","protected":false},"excerpt":{"rendered":"<p>Auf dem Kongress der Weltunion der Freidenker wurde in verschiedenen Vortr\u00e4gen zum Thema &#8220;Freies Denken und die multipolare Weltordnung&#8221; versucht, zur Aufkl\u00e4rung beizutragen, solange Widerstand noch m\u00f6glich ist. Eine Analyse von Felicitas Rabe Am 18. Mai 2023 hatte die Weltunion der Freidenker zu ihrem Kongress nach Frankfurt am Main eingeladen. Klaus Hartmann, der\u00a0Pr\u00e4sident der Weltunion, [&hellip;]<\/p>\n","protected":false},"author":3,"featured_media":36963,"comment_status":"open","ping_status":"open","sticky":false,"template":"","format":"standard","meta":{"_yoast_indexnow_last_ping":["1685348826"],"wp_automatic_camp":["217"],"f587850e994110ccec7478c746701553":["Freidenkerkongress: &quot;Bildung der neuen multipolaren Weltordnung ist ein revolution\u00e4rer Prozess&quot;"],"original_link":["https:\/\/de.rt.com\/inland\/170805-freidenker-bildung-neuen-multipolaren-weltordnung\/"],"_thumbnail_id":["36963"],"jnews_social_counter_last_update":["1777197184"],"_wptgpro_p2tg_sent2tg":["a:1:{i:23737;s:19:\"2023-05-29 10:28:13\";}"]},"categories":[19,23],"tags":[82,357,44873,414,39534,213,44876,44874,44875,214],"yoast_head":"<!-- This site is optimized with the Yoast SEO Premium plugin v22.7 (Yoast SEO v22.7) - https:\/\/yoast.com\/wordpress\/plugins\/seo\/ -->\n<title>Freidenkerkongress: &quot;Bildung der neuen multipolaren Weltordnung ist ein revolution\u00e4rer Prozess&quot; - just-now.NEWS Deutschland<\/title>\n<meta name=\"robots\" content=\"index, follow, max-snippet:-1, max-image-preview:large, max-video-preview:-1\" \/>\n<link rel=\"canonical\" href=\"https:\/\/now-news.de\/de\/deutschland\/freidenkerkongress-bildung-der-neuen-multipolaren-weltordnung-ist-ein-revolutionaerer-prozess\/\" \/>\n<meta property=\"og:locale\" content=\"de_DE\" \/>\n<meta property=\"og:type\" content=\"article\" \/>\n<meta property=\"og:title\" content=\"Freidenkerkongress: &quot;Bildung der neuen multipolaren Weltordnung ist ein revolution\u00e4rer Prozess&quot;\" \/>\n<meta property=\"og:description\" content=\"Auf dem Kongress der Weltunion der Freidenker wurde in verschiedenen Vortr\u00e4gen zum Thema &#8220;Freies Denken und die multipolare Weltordnung&#8221; versucht, zur Aufkl\u00e4rung beizutragen, solange Widerstand noch m\u00f6glich ist. Eine Analyse von Felicitas Rabe Am 18. Mai 2023 hatte die Weltunion der Freidenker zu ihrem Kongress nach Frankfurt am Main eingeladen. Klaus Hartmann, der\u00a0Pr\u00e4sident der Weltunion, [&hellip;]\" \/>\n<meta property=\"og:url\" content=\"https:\/\/now-news.de\/de\/deutschland\/freidenkerkongress-bildung-der-neuen-multipolaren-weltordnung-ist-ein-revolutionaerer-prozess\/\" \/>\n<meta property=\"og:site_name\" content=\"just-now.NEWS Deutschland\" \/>\n<meta property=\"article:publisher\" content=\"https:\/\/www.facebook.com\/wirmachenauf\" \/>\n<meta property=\"article:published_time\" content=\"2023-05-29T08:20:34+00:00\" \/>\n<meta property=\"og:image\" content=\"https:\/\/now-news.de\/de\/wp-content\/uploads\/sites\/3\/2023\/05\/Freidenkerkongress-quotBildung-der-neuen-multipolaren-Weltordnung-ist-ein-revolutionaerer-Prozessquot.png\" \/>\n\t<meta property=\"og:image:width\" content=\"460\" \/>\n\t<meta property=\"og:image:height\" content=\"259\" \/>\n\t<meta property=\"og:image:type\" content=\"image\/png\" \/>\n<meta name=\"author\" content=\"rtnews\" \/>\n<meta name=\"twitter:card\" content=\"summary_large_image\" \/>\n<meta name=\"twitter:creator\" content=\"@WirMachenAuf_de\" \/>\n<meta name=\"twitter:site\" content=\"@WirMachenAuf_de\" \/>\n<meta name=\"twitter:label1\" content=\"Verfasst von\" \/>\n\t<meta name=\"twitter:data1\" content=\"rtnews\" \/>\n\t<meta name=\"twitter:label2\" content=\"Gesch\u00e4tzte Lesezeit\" \/>\n\t<meta name=\"twitter:data2\" content=\"15\u00a0Minuten\" \/>\n<script type=\"application\/ld+json\" class=\"yoast-schema-graph\">{\"@context\":\"https:\/\/schema.org\",\"@graph\":[{\"@type\":\"Article\",\"@id\":\"https:\/\/now-news.de\/de\/deutschland\/freidenkerkongress-bildung-der-neuen-multipolaren-weltordnung-ist-ein-revolutionaerer-prozess\/#article\",\"isPartOf\":{\"@id\":\"https:\/\/now-news.de\/de\/deutschland\/freidenkerkongress-bildung-der-neuen-multipolaren-weltordnung-ist-ein-revolutionaerer-prozess\/\"},\"author\":{\"name\":\"rtnews\",\"@id\":\"https:\/\/now-news.de\/de\/#\/schema\/person\/fb534a4e865501d8b3285208df34a9b5\"},\"headline\":\"Freidenkerkongress: &quot;Bildung der neuen multipolaren Weltordnung ist ein revolution\u00e4rer Prozess&quot;\",\"datePublished\":\"2023-05-29T08:20:34+00:00\",\"dateModified\":\"2023-05-29T08:20:34+00:00\",\"mainEntityOfPage\":{\"@id\":\"https:\/\/now-news.de\/de\/deutschland\/freidenkerkongress-bildung-der-neuen-multipolaren-weltordnung-ist-ein-revolutionaerer-prozess\/\"},\"wordCount\":2960,\"commentCount\":0,\"publisher\":{\"@id\":\"https:\/\/now-news.de\/de\/#organization\"},\"image\":{\"@id\":\"https:\/\/now-news.de\/de\/deutschland\/freidenkerkongress-bildung-der-neuen-multipolaren-weltordnung-ist-ein-revolutionaerer-prozess\/#primaryimage\"},\"thumbnailUrl\":\"https:\/\/now-news.de\/de\/wp-content\/uploads\/sites\/3\/2023\/05\/Freidenkerkongress-quotBildung-der-neuen-multipolaren-Weltordnung-ist-ein-revolutionaerer-Prozessquot.png\",\"keywords\":[\"der\",\"ein\",\"Freidenkerkongress\",\"ist\",\"multipolaren\",\"neuen\",\"Prozessquot\",\"quotBildung\",\"revolution\u00e4rer\",\"Weltordnung\"],\"articleSection\":[\"Deutschland\",\"Russland\"],\"inLanguage\":\"de\",\"potentialAction\":[{\"@type\":\"CommentAction\",\"name\":\"Comment\",\"target\":[\"https:\/\/now-news.de\/de\/deutschland\/freidenkerkongress-bildung-der-neuen-multipolaren-weltordnung-ist-ein-revolutionaerer-prozess\/#respond\"]}]},{\"@type\":\"WebPage\",\"@id\":\"https:\/\/now-news.de\/de\/deutschland\/freidenkerkongress-bildung-der-neuen-multipolaren-weltordnung-ist-ein-revolutionaerer-prozess\/\",\"url\":\"https:\/\/now-news.de\/de\/deutschland\/freidenkerkongress-bildung-der-neuen-multipolaren-weltordnung-ist-ein-revolutionaerer-prozess\/\",\"name\":\"Freidenkerkongress: &quot;Bildung der neuen multipolaren Weltordnung ist ein revolution\u00e4rer Prozess&quot; - just-now.NEWS Deutschland\",\"isPartOf\":{\"@id\":\"https:\/\/now-news.de\/de\/#website\"},\"primaryImageOfPage\":{\"@id\":\"https:\/\/now-news.de\/de\/deutschland\/freidenkerkongress-bildung-der-neuen-multipolaren-weltordnung-ist-ein-revolutionaerer-prozess\/#primaryimage\"},\"image\":{\"@id\":\"https:\/\/now-news.de\/de\/deutschland\/freidenkerkongress-bildung-der-neuen-multipolaren-weltordnung-ist-ein-revolutionaerer-prozess\/#primaryimage\"},\"thumbnailUrl\":\"https:\/\/now-news.de\/de\/wp-content\/uploads\/sites\/3\/2023\/05\/Freidenkerkongress-quotBildung-der-neuen-multipolaren-Weltordnung-ist-ein-revolutionaerer-Prozessquot.png\",\"datePublished\":\"2023-05-29T08:20:34+00:00\",\"dateModified\":\"2023-05-29T08:20:34+00:00\",\"breadcrumb\":{\"@id\":\"https:\/\/now-news.de\/de\/deutschland\/freidenkerkongress-bildung-der-neuen-multipolaren-weltordnung-ist-ein-revolutionaerer-prozess\/#breadcrumb\"},\"inLanguage\":\"de\",\"potentialAction\":[{\"@type\":\"ReadAction\",\"target\":[\"https:\/\/now-news.de\/de\/deutschland\/freidenkerkongress-bildung-der-neuen-multipolaren-weltordnung-ist-ein-revolutionaerer-prozess\/\"]}]},{\"@type\":\"ImageObject\",\"inLanguage\":\"de\",\"@id\":\"https:\/\/now-news.de\/de\/deutschland\/freidenkerkongress-bildung-der-neuen-multipolaren-weltordnung-ist-ein-revolutionaerer-prozess\/#primaryimage\",\"url\":\"https:\/\/now-news.de\/de\/wp-content\/uploads\/sites\/3\/2023\/05\/Freidenkerkongress-quotBildung-der-neuen-multipolaren-Weltordnung-ist-ein-revolutionaerer-Prozessquot.png\",\"contentUrl\":\"https:\/\/now-news.de\/de\/wp-content\/uploads\/sites\/3\/2023\/05\/Freidenkerkongress-quotBildung-der-neuen-multipolaren-Weltordnung-ist-ein-revolutionaerer-Prozessquot.png\",\"width\":460,\"height\":259,\"caption\":\"Freidenkerkongress: &quot;Bildung der neuen multipolaren Weltordnung ist ein revolution\u00e4rer Prozess&quot;\"},{\"@type\":\"BreadcrumbList\",\"@id\":\"https:\/\/now-news.de\/de\/deutschland\/freidenkerkongress-bildung-der-neuen-multipolaren-weltordnung-ist-ein-revolutionaerer-prozess\/#breadcrumb\",\"itemListElement\":[{\"@type\":\"ListItem\",\"position\":1,\"name\":\"Home\",\"item\":\"https:\/\/now-news.de\/de\/\"},{\"@type\":\"ListItem\",\"position\":2,\"name\":\"Freidenkerkongress: &quot;Bildung der neuen multipolaren Weltordnung ist ein revolution\u00e4rer Prozess&quot;\"}]},{\"@type\":\"WebSite\",\"@id\":\"https:\/\/now-news.de\/de\/#website\",\"url\":\"https:\/\/now-news.de\/de\/\",\"name\":\"just-now.NEWS Deutschland\",\"description\":\"Das Portal f\u00fcr unzensierte Nachrichten aus der Welt\",\"publisher\":{\"@id\":\"https:\/\/now-news.de\/de\/#organization\"},\"potentialAction\":[{\"@type\":\"SearchAction\",\"target\":{\"@type\":\"EntryPoint\",\"urlTemplate\":\"https:\/\/now-news.de\/de\/?s={search_term_string}\"},\"query-input\":\"required name=search_term_string\"}],\"inLanguage\":\"de\"},{\"@type\":\"Organization\",\"@id\":\"https:\/\/now-news.de\/de\/#organization\",\"name\":\"Just Now News\",\"url\":\"https:\/\/now-news.de\/de\/\",\"logo\":{\"@type\":\"ImageObject\",\"inLanguage\":\"de\",\"@id\":\"https:\/\/now-news.de\/de\/#\/schema\/logo\/image\/\",\"url\":\"http:\/\/just-now.news\/de\/wp-content\/uploads\/sites\/3\/2022\/04\/logo500x500.jpg\",\"contentUrl\":\"http:\/\/just-now.news\/de\/wp-content\/uploads\/sites\/3\/2022\/04\/logo500x500.jpg\",\"width\":500,\"height\":500,\"caption\":\"Just Now News\"},\"image\":{\"@id\":\"https:\/\/now-news.de\/de\/#\/schema\/logo\/image\/\"},\"sameAs\":[\"https:\/\/www.facebook.com\/wirmachenauf\",\"https:\/\/x.com\/WirMachenAuf_de\"]},{\"@type\":\"Person\",\"@id\":\"https:\/\/now-news.de\/de\/#\/schema\/person\/fb534a4e865501d8b3285208df34a9b5\",\"name\":\"rtnews\",\"image\":{\"@type\":\"ImageObject\",\"inLanguage\":\"de\",\"@id\":\"https:\/\/now-news.de\/de\/#\/schema\/person\/image\/\",\"url\":\"https:\/\/secure.gravatar.com\/avatar\/82aafea7d8127119dd649515f56e2117?s=96&d=mm&r=g\",\"contentUrl\":\"https:\/\/secure.gravatar.com\/avatar\/82aafea7d8127119dd649515f56e2117?s=96&d=mm&r=g\",\"caption\":\"rtnews\"},\"url\":\"https:\/\/now-news.de\/de\/author\/rnews\/\"}]}<\/script>\n<!-- \/ Yoast SEO Premium plugin. -->","yoast_head_json":{"title":"Freidenkerkongress: &quot;Bildung der neuen multipolaren Weltordnung ist ein revolution\u00e4rer Prozess&quot; - just-now.NEWS Deutschland","robots":{"index":"index","follow":"follow","max-snippet":"max-snippet:-1","max-image-preview":"max-image-preview:large","max-video-preview":"max-video-preview:-1"},"canonical":"https:\/\/now-news.de\/de\/deutschland\/freidenkerkongress-bildung-der-neuen-multipolaren-weltordnung-ist-ein-revolutionaerer-prozess\/","og_locale":"de_DE","og_type":"article","og_title":"Freidenkerkongress: &quot;Bildung der neuen multipolaren Weltordnung ist ein revolution\u00e4rer Prozess&quot;","og_description":"Auf dem Kongress der Weltunion der Freidenker wurde in verschiedenen Vortr\u00e4gen zum Thema &#8220;Freies Denken und die multipolare Weltordnung&#8221; versucht, zur Aufkl\u00e4rung beizutragen, solange Widerstand noch m\u00f6glich ist. Eine Analyse von Felicitas Rabe Am 18. Mai 2023 hatte die Weltunion der Freidenker zu ihrem Kongress nach Frankfurt am Main eingeladen. Klaus Hartmann, der\u00a0Pr\u00e4sident der Weltunion, [&hellip;]","og_url":"https:\/\/now-news.de\/de\/deutschland\/freidenkerkongress-bildung-der-neuen-multipolaren-weltordnung-ist-ein-revolutionaerer-prozess\/","og_site_name":"just-now.NEWS Deutschland","article_publisher":"https:\/\/www.facebook.com\/wirmachenauf","article_published_time":"2023-05-29T08:20:34+00:00","og_image":[{"width":460,"height":259,"url":"https:\/\/now-news.de\/de\/wp-content\/uploads\/sites\/3\/2023\/05\/Freidenkerkongress-quotBildung-der-neuen-multipolaren-Weltordnung-ist-ein-revolutionaerer-Prozessquot.png","type":"image\/png"}],"author":"rtnews","twitter_card":"summary_large_image","twitter_creator":"@WirMachenAuf_de","twitter_site":"@WirMachenAuf_de","twitter_misc":{"Verfasst von":"rtnews","Gesch\u00e4tzte Lesezeit":"15\u00a0Minuten"},"schema":{"@context":"https:\/\/schema.org","@graph":[{"@type":"Article","@id":"https:\/\/now-news.de\/de\/deutschland\/freidenkerkongress-bildung-der-neuen-multipolaren-weltordnung-ist-ein-revolutionaerer-prozess\/#article","isPartOf":{"@id":"https:\/\/now-news.de\/de\/deutschland\/freidenkerkongress-bildung-der-neuen-multipolaren-weltordnung-ist-ein-revolutionaerer-prozess\/"},"author":{"name":"rtnews","@id":"https:\/\/now-news.de\/de\/#\/schema\/person\/fb534a4e865501d8b3285208df34a9b5"},"headline":"Freidenkerkongress: &quot;Bildung der neuen multipolaren Weltordnung ist ein revolution\u00e4rer Prozess&quot;","datePublished":"2023-05-29T08:20:34+00:00","dateModified":"2023-05-29T08:20:34+00:00","mainEntityOfPage":{"@id":"https:\/\/now-news.de\/de\/deutschland\/freidenkerkongress-bildung-der-neuen-multipolaren-weltordnung-ist-ein-revolutionaerer-prozess\/"},"wordCount":2960,"commentCount":0,"publisher":{"@id":"https:\/\/now-news.de\/de\/#organization"},"image":{"@id":"https:\/\/now-news.de\/de\/deutschland\/freidenkerkongress-bildung-der-neuen-multipolaren-weltordnung-ist-ein-revolutionaerer-prozess\/#primaryimage"},"thumbnailUrl":"https:\/\/now-news.de\/de\/wp-content\/uploads\/sites\/3\/2023\/05\/Freidenkerkongress-quotBildung-der-neuen-multipolaren-Weltordnung-ist-ein-revolutionaerer-Prozessquot.png","keywords":["der","ein","Freidenkerkongress","ist","multipolaren","neuen","Prozessquot","quotBildung","revolution\u00e4rer","Weltordnung"],"articleSection":["Deutschland","Russland"],"inLanguage":"de","potentialAction":[{"@type":"CommentAction","name":"Comment","target":["https:\/\/now-news.de\/de\/deutschland\/freidenkerkongress-bildung-der-neuen-multipolaren-weltordnung-ist-ein-revolutionaerer-prozess\/#respond"]}]},{"@type":"WebPage","@id":"https:\/\/now-news.de\/de\/deutschland\/freidenkerkongress-bildung-der-neuen-multipolaren-weltordnung-ist-ein-revolutionaerer-prozess\/","url":"https:\/\/now-news.de\/de\/deutschland\/freidenkerkongress-bildung-der-neuen-multipolaren-weltordnung-ist-ein-revolutionaerer-prozess\/","name":"Freidenkerkongress: &quot;Bildung der neuen multipolaren Weltordnung ist ein revolution\u00e4rer Prozess&quot; - just-now.NEWS Deutschland","isPartOf":{"@id":"https:\/\/now-news.de\/de\/#website"},"primaryImageOfPage":{"@id":"https:\/\/now-news.de\/de\/deutschland\/freidenkerkongress-bildung-der-neuen-multipolaren-weltordnung-ist-ein-revolutionaerer-prozess\/#primaryimage"},"image":{"@id":"https:\/\/now-news.de\/de\/deutschland\/freidenkerkongress-bildung-der-neuen-multipolaren-weltordnung-ist-ein-revolutionaerer-prozess\/#primaryimage"},"thumbnailUrl":"https:\/\/now-news.de\/de\/wp-content\/uploads\/sites\/3\/2023\/05\/Freidenkerkongress-quotBildung-der-neuen-multipolaren-Weltordnung-ist-ein-revolutionaerer-Prozessquot.png","datePublished":"2023-05-29T08:20:34+00:00","dateModified":"2023-05-29T08:20:34+00:00","breadcrumb":{"@id":"https:\/\/now-news.de\/de\/deutschland\/freidenkerkongress-bildung-der-neuen-multipolaren-weltordnung-ist-ein-revolutionaerer-prozess\/#breadcrumb"},"inLanguage":"de","potentialAction":[{"@type":"ReadAction","target":["https:\/\/now-news.de\/de\/deutschland\/freidenkerkongress-bildung-der-neuen-multipolaren-weltordnung-ist-ein-revolutionaerer-prozess\/"]}]},{"@type":"ImageObject","inLanguage":"de","@id":"https:\/\/now-news.de\/de\/deutschland\/freidenkerkongress-bildung-der-neuen-multipolaren-weltordnung-ist-ein-revolutionaerer-prozess\/#primaryimage","url":"https:\/\/now-news.de\/de\/wp-content\/uploads\/sites\/3\/2023\/05\/Freidenkerkongress-quotBildung-der-neuen-multipolaren-Weltordnung-ist-ein-revolutionaerer-Prozessquot.png","contentUrl":"https:\/\/now-news.de\/de\/wp-content\/uploads\/sites\/3\/2023\/05\/Freidenkerkongress-quotBildung-der-neuen-multipolaren-Weltordnung-ist-ein-revolutionaerer-Prozessquot.png","width":460,"height":259,"caption":"Freidenkerkongress: &quot;Bildung der neuen multipolaren Weltordnung ist ein revolution\u00e4rer Prozess&quot;"},{"@type":"BreadcrumbList","@id":"https:\/\/now-news.de\/de\/deutschland\/freidenkerkongress-bildung-der-neuen-multipolaren-weltordnung-ist-ein-revolutionaerer-prozess\/#breadcrumb","itemListElement":[{"@type":"ListItem","position":1,"name":"Home","item":"https:\/\/now-news.de\/de\/"},{"@type":"ListItem","position":2,"name":"Freidenkerkongress: &quot;Bildung der neuen multipolaren Weltordnung ist ein revolution\u00e4rer Prozess&quot;"}]},{"@type":"WebSite","@id":"https:\/\/now-news.de\/de\/#website","url":"https:\/\/now-news.de\/de\/","name":"just-now.NEWS Deutschland","description":"Das Portal f\u00fcr unzensierte Nachrichten aus der Welt","publisher":{"@id":"https:\/\/now-news.de\/de\/#organization"},"potentialAction":[{"@type":"SearchAction","target":{"@type":"EntryPoint","urlTemplate":"https:\/\/now-news.de\/de\/?s={search_term_string}"},"query-input":"required name=search_term_string"}],"inLanguage":"de"},{"@type":"Organization","@id":"https:\/\/now-news.de\/de\/#organization","name":"Just Now News","url":"https:\/\/now-news.de\/de\/","logo":{"@type":"ImageObject","inLanguage":"de","@id":"https:\/\/now-news.de\/de\/#\/schema\/logo\/image\/","url":"http:\/\/just-now.news\/de\/wp-content\/uploads\/sites\/3\/2022\/04\/logo500x500.jpg","contentUrl":"http:\/\/just-now.news\/de\/wp-content\/uploads\/sites\/3\/2022\/04\/logo500x500.jpg","width":500,"height":500,"caption":"Just Now News"},"image":{"@id":"https:\/\/now-news.de\/de\/#\/schema\/logo\/image\/"},"sameAs":["https:\/\/www.facebook.com\/wirmachenauf","https:\/\/x.com\/WirMachenAuf_de"]},{"@type":"Person","@id":"https:\/\/now-news.de\/de\/#\/schema\/person\/fb534a4e865501d8b3285208df34a9b5","name":"rtnews","image":{"@type":"ImageObject","inLanguage":"de","@id":"https:\/\/now-news.de\/de\/#\/schema\/person\/image\/","url":"https:\/\/secure.gravatar.com\/avatar\/82aafea7d8127119dd649515f56e2117?s=96&d=mm&r=g","contentUrl":"https:\/\/secure.gravatar.com\/avatar\/82aafea7d8127119dd649515f56e2117?s=96&d=mm&r=g","caption":"rtnews"},"url":"https:\/\/now-news.de\/de\/author\/rnews\/"}]}},"_links":{"self":[{"href":"https:\/\/now-news.de\/de\/wp-json\/wp\/v2\/posts\/36962"}],"collection":[{"href":"https:\/\/now-news.de\/de\/wp-json\/wp\/v2\/posts"}],"about":[{"href":"https:\/\/now-news.de\/de\/wp-json\/wp\/v2\/types\/post"}],"author":[{"embeddable":true,"href":"https:\/\/now-news.de\/de\/wp-json\/wp\/v2\/users\/3"}],"replies":[{"embeddable":true,"href":"https:\/\/now-news.de\/de\/wp-json\/wp\/v2\/comments?post=36962"}],"version-history":[{"count":0,"href":"https:\/\/now-news.de\/de\/wp-json\/wp\/v2\/posts\/36962\/revisions"}],"wp:featuredmedia":[{"embeddable":true,"href":"https:\/\/now-news.de\/de\/wp-json\/wp\/v2\/media\/36963"}],"wp:attachment":[{"href":"https:\/\/now-news.de\/de\/wp-json\/wp\/v2\/media?parent=36962"}],"wp:term":[{"taxonomy":"category","embeddable":true,"href":"https:\/\/now-news.de\/de\/wp-json\/wp\/v2\/categories?post=36962"},{"taxonomy":"post_tag","embeddable":true,"href":"https:\/\/now-news.de\/de\/wp-json\/wp\/v2\/tags?post=36962"}],"curies":[{"name":"wp","href":"https:\/\/api.w.org\/{rel}","templated":true}]}}