{"id":36930,"date":"2023-05-28T18:52:06","date_gmt":"2023-05-28T16:52:06","guid":{"rendered":"http:\/\/just-now.news\/de\/deutschland\/nimm-es-weg-und-teile-es-bernard-henri-levys-wilde-idee-gibt-anlass-zu-ernster-sorge\/"},"modified":"2023-05-28T18:52:06","modified_gmt":"2023-05-28T16:52:06","slug":"nimm-es-weg-und-teile-es-bernard-henri-levys-wilde-idee-gibt-anlass-zu-ernster-sorge","status":"publish","type":"post","link":"https:\/\/now-news.de\/de\/deutschland\/nimm-es-weg-und-teile-es-bernard-henri-levys-wilde-idee-gibt-anlass-zu-ernster-sorge\/","title":{"rendered":"&quot;Nimm es weg und teile es&quot;: Bernard-Henri L\u00e9vys wilde Idee gibt Anlass zu ernster Sorge"},"content":{"rendered":"<p><img decoding=\"async\" src=\"http:\/\/just-now.news\/de\/wp-content\/uploads\/sites\/3\/2023\/05\/647201c048fbef5f7e1c6b79.jpg\" \/><\/p>\n<div class=\"Text-root Text-type_1 \">\n                Der omin\u00f6se franz\u00f6sische &#8220;Philosoph&#8221; Bernard-Henri L\u00e9vy taucht immer dort auf, wo der westliche Imperialismus Attacken gegen Russland f\u00e4hrt. Nun nimmt er den Umstand, dass eine der Einheiten der Roten Armee ab 1944 die Bezeichnung &#8220;1. Ukrainische Front&#8221; trug, zum Anlass, Russland den Sitz im UN-Sicherheitsrat streitig zu machen.\n            <\/div>\n<p><\/p>\n<div class=\"Text-root Text-type_5 ArticleView-text ViewText-root \">\n<p><em>Von Wladimir Kornilow<\/em><\/p>\n<p>Die Idee, Russland seinen Sitz im UN-Sicherheitsrat oder zumindest das Vetorecht zu entziehen, ist nicht neu. Seit dem Beginn der Milit\u00e4roperation in der Ukraine wurde sie auf verschiedenen Ebenen ge\u00e4u\u00dfert, unter anderem von US-Kongressabgeordneten. Ganz zu schweigen von zahlreichen Kolumnen in verschiedenen westlichen Zeitungen. Doch nun hat die Idee eine neue F\u00e4rbung angenommen, denn vorgeschlagen wurde, Russland nicht nur aus dem Sicherheitsrat auszuschlie\u00dfen, sondern seinen Platz der Ukraine zu \u00fcbergeben.<\/p>\n<p>Diese &#8220;revolution\u00e4re&#8221; Idee stammt von Bernard-Henri L\u00e9vy, einem franz\u00f6sischen &#8220;S\u00e4nger des Maidan&#8221; und Lobbyisten der ukrainischen Nazis und wurde in der amerikanischen Zeitung <em>The Wall Street Journal<\/em> vorgestellt. L\u00e9vy pr\u00e4sentiert dort &#8220;Argumente&#8221;, mit denen das offizielle Kiew seit Langem hantiert: Sie gehen dahin, dass Russland seinen Sitz im Sicherheitsrat unrechtm\u00e4\u00dfig innehat, weil es nach dem Zusammenbruch der UdSSR keinen Anspruch auf eine automatische \u00dcbertragung dieses Sitzes hatte. Dementsprechend kommt L\u00e9vy zu dem Schluss, Russlands st\u00e4ndige Mitgliedschaft und sein Vetorecht h\u00e4tten &#8220;keine rechtliche Grundlage&#8221;.<\/p>\n<p>Doch der Franzose geht noch weiter. Er begr\u00fcndet seinen Vorschlag, der Ukraine den freien Sitz im Sicherheitsrat zu \u00fcbergeben, mit der &#8220;genialen&#8221; Behauptung, dass die 1. Ukrainische Front, die die Gefangenen von Auschwitz befreit hat, einen wesentlichen Beitrag zur Niederlage der Nazis im Jahr 1945 leistete! Die Weitsicht dieses Philosophen verbl\u00fcfft einfach!<\/p>\n<p>Es wird interessant sein, wie er reagiert, wenn er davon erf\u00e4hrt, dass die 1. Ukrainische Front schlicht die umbenannte Woronescher Front ist, die ihrerseits auf der Grundlage der Brjansker Front aufgestellt wurde. Bedeutet dies, dass ein Sitz im UN-Sicherheitsrat an Brjansk oder an Woronesch gehen sollte? Oder an beide? Und wenn L\u00e9vy auch noch von der Existenz der Wolchow- oder Steppenfront erf\u00e4hrt, w\u00e4re wohl zu erwarten, dass der Denker \u00e4hnlich bahnbrechende Ideen auch f\u00fcr die Vertretung der Wolchow- und Steppenfront in der UNO entwickelt.\u00a0<\/p>\n<p>Wie w\u00e4re es mit einem st\u00e4ndigen Sitz f\u00fcr Wei\u00dfrussland? Schlie\u00dflich hie\u00df die taktische Formation, die im April und Mai 1945 unter dem Kommando von Schukow Berlin eroberte, &#8220;1. Belorussische Front&#8221;. Und dann gibt es noch die baltischen Staaten. Gleich vier &#8220;Baltische Fronten&#8221; hat es 1945 gegeben. Was es andererseits nie gegeben hat, ist eine &#8220;Franz\u00f6sische Front&#8221;.*\u00a0<\/p>\n<p>Trotz der offensichtlichen L\u00e4cherlichkeit wurde L\u00e9vys Vorschlag in einer angesehenen Wirtschaftszeitschrift ver\u00f6ffentlicht und war Gegenstand ernsthafter Diskussionen. Es ist kein Zufall, dass er mit einem Vorschlag des UN-Generalsekret\u00e4rs Ant\u00f3nio Guterres zusammenfiel, die ihm unterstellte Organisation zu reformieren, deren Struktur veraltet ist und nicht mehr den aktuellen Verh\u00e4ltnissen in der Welt entspricht.<\/p>\n<p>Vielleicht ist das der Grund, warum die Idee des Franzosen auf eine gewisse Resonanz stie\u00df. Der amerikanische Blogger Daniel Larison, ein promovierter Historiker, lachte herzlich dar\u00fcber und nannte es &#8220;eine weitere dumme Intervention von L\u00e9vy&#8221;. <em>The American Conservative<\/em> hingegen nahm die Debatte sehr ernst und bezeichnete den Vorschlag als gef\u00e4hrlich, da seine Umsetzung die Stabilit\u00e4t in der Welt untergraben w\u00fcrde. Die <em>New York Sun<\/em> hingegen unterst\u00fctzte L\u00e9vys Idee mit beiden H\u00e4nden: &#8220;Die Zeit ist reif&#8221;, hei\u00dft es in ihrem Leitartikel.<\/p>\n<p>In der Tat ist unstreitig, dass die Struktur der Sitze und Stimmen im UN-Sicherheitsrat die Kr\u00e4fteverh\u00e4ltnisse des Jahres 1945 widerspiegelt und schon lange nicht mehr mit der modernen Struktur einer multipolaren Welt vereinbar ist. Darauf hat insbesondere der russische Au\u00dfenminister Sergei Lawrow in seiner j\u00fcngsten Funktion als Vorsitzender des Sicherheitsrates hingewiesen. Er sprach sich in diesem Zusammenhang f\u00fcr eine st\u00e4rkere Vertretung des Globalen S\u00fcdens aus, um &#8220;die derzeitige unzul\u00e4ssige \u00dcberrepr\u00e4sentation des Westens in diesem wichtigsten UN-Gremium&#8221; zu beseitigen.<\/p>\n<p>Nat\u00fcrlich w\u00fcrde der Westen eine solche \u00c4nderung nicht akzeptieren, da sie \u00fcberhaupt nicht zur amerikanischen Vorstellung von einer &#8220;regelbasierten Welt&#8221; passt. Genauso wie Russland und China niemals ernsthaft \u00fcber verr\u00fcckte Ideen wie die von L\u00e9vy oder der Ukraine diskutieren werden.<\/p>\n<p>Wir sollten uns jedoch dar\u00fcber im Klaren sein, dass Versuchsballons wie der Artikel des franz\u00f6sischen Provokateurs immer wieder auftauchen werden. Der Westen wird auf Biegen und Brechen immer wieder nach Wegen suchen, Russland aus dem Sicherheitsrat zu dr\u00e4ngen oder ihm sein Vetorecht zu entziehen oder einzuschr\u00e4nken \u2013 solche Formeln wurden bereits mehrfach von verschiedenen Seiten vorgeschlagen.<\/p>\n<p>Daher sollten auch solche v\u00f6llig abwegigen Ideen mit gr\u00f6\u00dfter Ernsthaftigkeit betrachtet werden. Immerhin erleben wir gerade, wie die abenteuerlichen Pl\u00e4ne des Westens f\u00fcr Russland, die einst v\u00f6llig unm\u00f6glich schienen, in die Tat umgesetzt werden. Daher kann man \u00fcber L\u00e9vys Idee vom Einfluss der 1. Ukrainischen Front auf den modernen UN-Sicherheitsrat zwar lachen; woraufhin man sich jedoch ernsthaft vorbereiten sollte, sind neue Angriffe gegen Russland an allen Fronten \u2013 nicht nur an den milit\u00e4rischen.<\/p>\n<p><em>\u00dcbersetzung aus dem <a rel=\"nofollow noopener\" target=\"_blank\" href=\"https:\/\/ria.ru\/20230527\/politika-1874444654.html\">Russischen<\/a>. Der Artikel ist am 27. Mai 2023 auf ria.ru erschienen. Der mit * markierte Absatz wurde von RT erg\u00e4nzt.<\/em><\/p>\n<p><strong>Mehr zum Thema<\/strong> &#8211; <a rel=\"nofollow noopener\" target=\"_blank\" href=\"https:\/\/test.rtde.life\/meinung\/165066-ende-aera-vereinte-nationen\/\">Ende einer \u00c4ra: Vereinte Nationen sind zu einem parteiischen Instrument des Westens verkommen<\/a><\/p>\n<\/div>\n<p><br \/>\n<br \/><a href=\"https:\/\/de.rt.com\/meinung\/171144-nimm-es-weg-und-teile\/\">Source link <\/a><\/p>\n","protected":false},"excerpt":{"rendered":"<p>Der omin\u00f6se franz\u00f6sische &#8220;Philosoph&#8221; Bernard-Henri L\u00e9vy taucht immer dort auf, wo der westliche Imperialismus Attacken gegen Russland f\u00e4hrt. Nun nimmt er den Umstand, dass eine der Einheiten der Roten Armee ab 1944 die Bezeichnung &#8220;1. Ukrainische Front&#8221; trug, zum Anlass, Russland den Sitz im UN-Sicherheitsrat streitig zu machen. Von Wladimir Kornilow Die Idee, Russland seinen [&hellip;]<\/p>\n","protected":false},"author":3,"featured_media":36931,"comment_status":"open","ping_status":"open","sticky":false,"template":"","format":"standard","meta":{"_yoast_indexnow_last_ping":["1685293696"],"wp_automatic_camp":["217"],"61d593542029ff0eeaa42ca30bb8cb66":["&quot;Nimm es weg und teile es&quot;: Bernard-Henri L\u00e9vys wilde Idee gibt Anlass zu ernster Sorge"],"original_link":["https:\/\/de.rt.com\/meinung\/171144-nimm-es-weg-und-teile\/"],"_thumbnail_id":["36931"],"jnews_social_counter_last_update":["1777457019"],"_wptgpro_p2tg_sent2tg":["a:1:{i:23737;s:19:\"2023-05-28 19:09:32\";}"]},"categories":[19,23],"tags":[40660,44854,27746,44019,1002,24748,44855,44853,13676,8880,140,2404,20856],"yoast_head":"<!-- This site is optimized with the Yoast SEO Premium plugin v22.7 (Yoast SEO v22.7) - https:\/\/yoast.com\/wordpress\/plugins\/seo\/ -->\n<title>&quot;Nimm es weg und teile es&quot;: Bernard-Henri L\u00e9vys wilde Idee gibt Anlass zu ernster Sorge - just-now.NEWS Deutschland<\/title>\n<meta name=\"robots\" content=\"index, follow, max-snippet:-1, max-image-preview:large, max-video-preview:-1\" \/>\n<link rel=\"canonical\" href=\"https:\/\/now-news.de\/de\/deutschland\/nimm-es-weg-und-teile-es-bernard-henri-levys-wilde-idee-gibt-anlass-zu-ernster-sorge\/\" \/>\n<meta property=\"og:locale\" content=\"de_DE\" \/>\n<meta property=\"og:type\" content=\"article\" \/>\n<meta property=\"og:title\" content=\"&quot;Nimm es weg und teile es&quot;: Bernard-Henri L\u00e9vys wilde Idee gibt Anlass zu ernster Sorge\" \/>\n<meta property=\"og:description\" content=\"Der omin\u00f6se franz\u00f6sische &#8220;Philosoph&#8221; Bernard-Henri L\u00e9vy taucht immer dort auf, wo der westliche Imperialismus Attacken gegen Russland f\u00e4hrt. Nun nimmt er den Umstand, dass eine der Einheiten der Roten Armee ab 1944 die Bezeichnung &#8220;1. Ukrainische Front&#8221; trug, zum Anlass, Russland den Sitz im UN-Sicherheitsrat streitig zu machen. Von Wladimir Kornilow Die Idee, Russland seinen [&hellip;]\" \/>\n<meta property=\"og:url\" content=\"https:\/\/now-news.de\/de\/deutschland\/nimm-es-weg-und-teile-es-bernard-henri-levys-wilde-idee-gibt-anlass-zu-ernster-sorge\/\" \/>\n<meta property=\"og:site_name\" content=\"just-now.NEWS Deutschland\" \/>\n<meta property=\"article:publisher\" content=\"https:\/\/www.facebook.com\/wirmachenauf\" \/>\n<meta property=\"article:published_time\" content=\"2023-05-28T16:52:06+00:00\" \/>\n<meta property=\"og:image\" content=\"https:\/\/now-news.de\/de\/wp-content\/uploads\/sites\/3\/2023\/05\/quotNimm-es-weg-und-teile-esquot-Bernard-Henri-Levys-wilde-Idee.jpg\" \/>\n\t<meta property=\"og:image:width\" content=\"460\" \/>\n\t<meta property=\"og:image:height\" content=\"259\" \/>\n\t<meta property=\"og:image:type\" content=\"image\/jpeg\" \/>\n<meta name=\"author\" content=\"rtnews\" \/>\n<meta name=\"twitter:card\" content=\"summary_large_image\" \/>\n<meta name=\"twitter:creator\" content=\"@WirMachenAuf_de\" \/>\n<meta name=\"twitter:site\" content=\"@WirMachenAuf_de\" \/>\n<meta name=\"twitter:label1\" content=\"Verfasst von\" \/>\n\t<meta name=\"twitter:data1\" content=\"rtnews\" \/>\n\t<meta name=\"twitter:label2\" content=\"Gesch\u00e4tzte Lesezeit\" \/>\n\t<meta name=\"twitter:data2\" content=\"4\u00a0Minuten\" \/>\n<script type=\"application\/ld+json\" class=\"yoast-schema-graph\">{\"@context\":\"https:\/\/schema.org\",\"@graph\":[{\"@type\":\"Article\",\"@id\":\"https:\/\/now-news.de\/de\/deutschland\/nimm-es-weg-und-teile-es-bernard-henri-levys-wilde-idee-gibt-anlass-zu-ernster-sorge\/#article\",\"isPartOf\":{\"@id\":\"https:\/\/now-news.de\/de\/deutschland\/nimm-es-weg-und-teile-es-bernard-henri-levys-wilde-idee-gibt-anlass-zu-ernster-sorge\/\"},\"author\":{\"name\":\"rtnews\",\"@id\":\"https:\/\/now-news.de\/de\/#\/schema\/person\/fb534a4e865501d8b3285208df34a9b5\"},\"headline\":\"&quot;Nimm es weg und teile es&quot;: Bernard-Henri L\u00e9vys wilde Idee gibt Anlass zu ernster Sorge\",\"datePublished\":\"2023-05-28T16:52:06+00:00\",\"dateModified\":\"2023-05-28T16:52:06+00:00\",\"mainEntityOfPage\":{\"@id\":\"https:\/\/now-news.de\/de\/deutschland\/nimm-es-weg-und-teile-es-bernard-henri-levys-wilde-idee-gibt-anlass-zu-ernster-sorge\/\"},\"wordCount\":894,\"commentCount\":0,\"publisher\":{\"@id\":\"https:\/\/now-news.de\/de\/#organization\"},\"image\":{\"@id\":\"https:\/\/now-news.de\/de\/deutschland\/nimm-es-weg-und-teile-es-bernard-henri-levys-wilde-idee-gibt-anlass-zu-ernster-sorge\/#primaryimage\"},\"thumbnailUrl\":\"https:\/\/now-news.de\/de\/wp-content\/uploads\/sites\/3\/2023\/05\/quotNimm-es-weg-und-teile-esquot-Bernard-Henri-Levys-wilde-Idee.jpg\",\"keywords\":[\"Anlass\",\"BernardHenri\",\"ernster\",\"esquot\",\"gibt\",\"Idee\",\"L\u00e9vys\",\"quotNimm\",\"Sorge\",\"Teile\",\"und\",\"Weg\",\"wilde\"],\"articleSection\":[\"Deutschland\",\"Russland\"],\"inLanguage\":\"de\",\"potentialAction\":[{\"@type\":\"CommentAction\",\"name\":\"Comment\",\"target\":[\"https:\/\/now-news.de\/de\/deutschland\/nimm-es-weg-und-teile-es-bernard-henri-levys-wilde-idee-gibt-anlass-zu-ernster-sorge\/#respond\"]}]},{\"@type\":\"WebPage\",\"@id\":\"https:\/\/now-news.de\/de\/deutschland\/nimm-es-weg-und-teile-es-bernard-henri-levys-wilde-idee-gibt-anlass-zu-ernster-sorge\/\",\"url\":\"https:\/\/now-news.de\/de\/deutschland\/nimm-es-weg-und-teile-es-bernard-henri-levys-wilde-idee-gibt-anlass-zu-ernster-sorge\/\",\"name\":\"&quot;Nimm es weg und teile es&quot;: Bernard-Henri L\u00e9vys wilde Idee gibt Anlass zu ernster Sorge - just-now.NEWS Deutschland\",\"isPartOf\":{\"@id\":\"https:\/\/now-news.de\/de\/#website\"},\"primaryImageOfPage\":{\"@id\":\"https:\/\/now-news.de\/de\/deutschland\/nimm-es-weg-und-teile-es-bernard-henri-levys-wilde-idee-gibt-anlass-zu-ernster-sorge\/#primaryimage\"},\"image\":{\"@id\":\"https:\/\/now-news.de\/de\/deutschland\/nimm-es-weg-und-teile-es-bernard-henri-levys-wilde-idee-gibt-anlass-zu-ernster-sorge\/#primaryimage\"},\"thumbnailUrl\":\"https:\/\/now-news.de\/de\/wp-content\/uploads\/sites\/3\/2023\/05\/quotNimm-es-weg-und-teile-esquot-Bernard-Henri-Levys-wilde-Idee.jpg\",\"datePublished\":\"2023-05-28T16:52:06+00:00\",\"dateModified\":\"2023-05-28T16:52:06+00:00\",\"breadcrumb\":{\"@id\":\"https:\/\/now-news.de\/de\/deutschland\/nimm-es-weg-und-teile-es-bernard-henri-levys-wilde-idee-gibt-anlass-zu-ernster-sorge\/#breadcrumb\"},\"inLanguage\":\"de\",\"potentialAction\":[{\"@type\":\"ReadAction\",\"target\":[\"https:\/\/now-news.de\/de\/deutschland\/nimm-es-weg-und-teile-es-bernard-henri-levys-wilde-idee-gibt-anlass-zu-ernster-sorge\/\"]}]},{\"@type\":\"ImageObject\",\"inLanguage\":\"de\",\"@id\":\"https:\/\/now-news.de\/de\/deutschland\/nimm-es-weg-und-teile-es-bernard-henri-levys-wilde-idee-gibt-anlass-zu-ernster-sorge\/#primaryimage\",\"url\":\"https:\/\/now-news.de\/de\/wp-content\/uploads\/sites\/3\/2023\/05\/quotNimm-es-weg-und-teile-esquot-Bernard-Henri-Levys-wilde-Idee.jpg\",\"contentUrl\":\"https:\/\/now-news.de\/de\/wp-content\/uploads\/sites\/3\/2023\/05\/quotNimm-es-weg-und-teile-esquot-Bernard-Henri-Levys-wilde-Idee.jpg\",\"width\":460,\"height\":259,\"caption\":\"&quot;Nimm es weg und teile es&quot;: Bernard-Henri L\u00e9vys wilde Idee gibt Anlass zu ernster Sorge\"},{\"@type\":\"BreadcrumbList\",\"@id\":\"https:\/\/now-news.de\/de\/deutschland\/nimm-es-weg-und-teile-es-bernard-henri-levys-wilde-idee-gibt-anlass-zu-ernster-sorge\/#breadcrumb\",\"itemListElement\":[{\"@type\":\"ListItem\",\"position\":1,\"name\":\"Home\",\"item\":\"https:\/\/now-news.de\/de\/\"},{\"@type\":\"ListItem\",\"position\":2,\"name\":\"&quot;Nimm es weg und teile es&quot;: Bernard-Henri L\u00e9vys wilde Idee gibt Anlass zu ernster Sorge\"}]},{\"@type\":\"WebSite\",\"@id\":\"https:\/\/now-news.de\/de\/#website\",\"url\":\"https:\/\/now-news.de\/de\/\",\"name\":\"just-now.NEWS Deutschland\",\"description\":\"Das Portal f\u00fcr unzensierte Nachrichten aus der Welt\",\"publisher\":{\"@id\":\"https:\/\/now-news.de\/de\/#organization\"},\"potentialAction\":[{\"@type\":\"SearchAction\",\"target\":{\"@type\":\"EntryPoint\",\"urlTemplate\":\"https:\/\/now-news.de\/de\/?s={search_term_string}\"},\"query-input\":\"required name=search_term_string\"}],\"inLanguage\":\"de\"},{\"@type\":\"Organization\",\"@id\":\"https:\/\/now-news.de\/de\/#organization\",\"name\":\"Just Now News\",\"url\":\"https:\/\/now-news.de\/de\/\",\"logo\":{\"@type\":\"ImageObject\",\"inLanguage\":\"de\",\"@id\":\"https:\/\/now-news.de\/de\/#\/schema\/logo\/image\/\",\"url\":\"http:\/\/just-now.news\/de\/wp-content\/uploads\/sites\/3\/2022\/04\/logo500x500.jpg\",\"contentUrl\":\"http:\/\/just-now.news\/de\/wp-content\/uploads\/sites\/3\/2022\/04\/logo500x500.jpg\",\"width\":500,\"height\":500,\"caption\":\"Just Now News\"},\"image\":{\"@id\":\"https:\/\/now-news.de\/de\/#\/schema\/logo\/image\/\"},\"sameAs\":[\"https:\/\/www.facebook.com\/wirmachenauf\",\"https:\/\/x.com\/WirMachenAuf_de\"]},{\"@type\":\"Person\",\"@id\":\"https:\/\/now-news.de\/de\/#\/schema\/person\/fb534a4e865501d8b3285208df34a9b5\",\"name\":\"rtnews\",\"image\":{\"@type\":\"ImageObject\",\"inLanguage\":\"de\",\"@id\":\"https:\/\/now-news.de\/de\/#\/schema\/person\/image\/\",\"url\":\"https:\/\/secure.gravatar.com\/avatar\/82aafea7d8127119dd649515f56e2117?s=96&d=mm&r=g\",\"contentUrl\":\"https:\/\/secure.gravatar.com\/avatar\/82aafea7d8127119dd649515f56e2117?s=96&d=mm&r=g\",\"caption\":\"rtnews\"},\"url\":\"https:\/\/now-news.de\/de\/author\/rnews\/\"}]}<\/script>\n<!-- \/ Yoast SEO Premium plugin. -->","yoast_head_json":{"title":"&quot;Nimm es weg und teile es&quot;: Bernard-Henri L\u00e9vys wilde Idee gibt Anlass zu ernster Sorge - just-now.NEWS Deutschland","robots":{"index":"index","follow":"follow","max-snippet":"max-snippet:-1","max-image-preview":"max-image-preview:large","max-video-preview":"max-video-preview:-1"},"canonical":"https:\/\/now-news.de\/de\/deutschland\/nimm-es-weg-und-teile-es-bernard-henri-levys-wilde-idee-gibt-anlass-zu-ernster-sorge\/","og_locale":"de_DE","og_type":"article","og_title":"&quot;Nimm es weg und teile es&quot;: Bernard-Henri L\u00e9vys wilde Idee gibt Anlass zu ernster Sorge","og_description":"Der omin\u00f6se franz\u00f6sische &#8220;Philosoph&#8221; Bernard-Henri L\u00e9vy taucht immer dort auf, wo der westliche Imperialismus Attacken gegen Russland f\u00e4hrt. Nun nimmt er den Umstand, dass eine der Einheiten der Roten Armee ab 1944 die Bezeichnung &#8220;1. Ukrainische Front&#8221; trug, zum Anlass, Russland den Sitz im UN-Sicherheitsrat streitig zu machen. Von Wladimir Kornilow Die Idee, Russland seinen [&hellip;]","og_url":"https:\/\/now-news.de\/de\/deutschland\/nimm-es-weg-und-teile-es-bernard-henri-levys-wilde-idee-gibt-anlass-zu-ernster-sorge\/","og_site_name":"just-now.NEWS Deutschland","article_publisher":"https:\/\/www.facebook.com\/wirmachenauf","article_published_time":"2023-05-28T16:52:06+00:00","og_image":[{"width":460,"height":259,"url":"https:\/\/now-news.de\/de\/wp-content\/uploads\/sites\/3\/2023\/05\/quotNimm-es-weg-und-teile-esquot-Bernard-Henri-Levys-wilde-Idee.jpg","type":"image\/jpeg"}],"author":"rtnews","twitter_card":"summary_large_image","twitter_creator":"@WirMachenAuf_de","twitter_site":"@WirMachenAuf_de","twitter_misc":{"Verfasst von":"rtnews","Gesch\u00e4tzte Lesezeit":"4\u00a0Minuten"},"schema":{"@context":"https:\/\/schema.org","@graph":[{"@type":"Article","@id":"https:\/\/now-news.de\/de\/deutschland\/nimm-es-weg-und-teile-es-bernard-henri-levys-wilde-idee-gibt-anlass-zu-ernster-sorge\/#article","isPartOf":{"@id":"https:\/\/now-news.de\/de\/deutschland\/nimm-es-weg-und-teile-es-bernard-henri-levys-wilde-idee-gibt-anlass-zu-ernster-sorge\/"},"author":{"name":"rtnews","@id":"https:\/\/now-news.de\/de\/#\/schema\/person\/fb534a4e865501d8b3285208df34a9b5"},"headline":"&quot;Nimm es weg und teile es&quot;: Bernard-Henri L\u00e9vys wilde Idee gibt Anlass zu ernster Sorge","datePublished":"2023-05-28T16:52:06+00:00","dateModified":"2023-05-28T16:52:06+00:00","mainEntityOfPage":{"@id":"https:\/\/now-news.de\/de\/deutschland\/nimm-es-weg-und-teile-es-bernard-henri-levys-wilde-idee-gibt-anlass-zu-ernster-sorge\/"},"wordCount":894,"commentCount":0,"publisher":{"@id":"https:\/\/now-news.de\/de\/#organization"},"image":{"@id":"https:\/\/now-news.de\/de\/deutschland\/nimm-es-weg-und-teile-es-bernard-henri-levys-wilde-idee-gibt-anlass-zu-ernster-sorge\/#primaryimage"},"thumbnailUrl":"https:\/\/now-news.de\/de\/wp-content\/uploads\/sites\/3\/2023\/05\/quotNimm-es-weg-und-teile-esquot-Bernard-Henri-Levys-wilde-Idee.jpg","keywords":["Anlass","BernardHenri","ernster","esquot","gibt","Idee","L\u00e9vys","quotNimm","Sorge","Teile","und","Weg","wilde"],"articleSection":["Deutschland","Russland"],"inLanguage":"de","potentialAction":[{"@type":"CommentAction","name":"Comment","target":["https:\/\/now-news.de\/de\/deutschland\/nimm-es-weg-und-teile-es-bernard-henri-levys-wilde-idee-gibt-anlass-zu-ernster-sorge\/#respond"]}]},{"@type":"WebPage","@id":"https:\/\/now-news.de\/de\/deutschland\/nimm-es-weg-und-teile-es-bernard-henri-levys-wilde-idee-gibt-anlass-zu-ernster-sorge\/","url":"https:\/\/now-news.de\/de\/deutschland\/nimm-es-weg-und-teile-es-bernard-henri-levys-wilde-idee-gibt-anlass-zu-ernster-sorge\/","name":"&quot;Nimm es weg und teile es&quot;: Bernard-Henri L\u00e9vys wilde Idee gibt Anlass zu ernster Sorge - just-now.NEWS Deutschland","isPartOf":{"@id":"https:\/\/now-news.de\/de\/#website"},"primaryImageOfPage":{"@id":"https:\/\/now-news.de\/de\/deutschland\/nimm-es-weg-und-teile-es-bernard-henri-levys-wilde-idee-gibt-anlass-zu-ernster-sorge\/#primaryimage"},"image":{"@id":"https:\/\/now-news.de\/de\/deutschland\/nimm-es-weg-und-teile-es-bernard-henri-levys-wilde-idee-gibt-anlass-zu-ernster-sorge\/#primaryimage"},"thumbnailUrl":"https:\/\/now-news.de\/de\/wp-content\/uploads\/sites\/3\/2023\/05\/quotNimm-es-weg-und-teile-esquot-Bernard-Henri-Levys-wilde-Idee.jpg","datePublished":"2023-05-28T16:52:06+00:00","dateModified":"2023-05-28T16:52:06+00:00","breadcrumb":{"@id":"https:\/\/now-news.de\/de\/deutschland\/nimm-es-weg-und-teile-es-bernard-henri-levys-wilde-idee-gibt-anlass-zu-ernster-sorge\/#breadcrumb"},"inLanguage":"de","potentialAction":[{"@type":"ReadAction","target":["https:\/\/now-news.de\/de\/deutschland\/nimm-es-weg-und-teile-es-bernard-henri-levys-wilde-idee-gibt-anlass-zu-ernster-sorge\/"]}]},{"@type":"ImageObject","inLanguage":"de","@id":"https:\/\/now-news.de\/de\/deutschland\/nimm-es-weg-und-teile-es-bernard-henri-levys-wilde-idee-gibt-anlass-zu-ernster-sorge\/#primaryimage","url":"https:\/\/now-news.de\/de\/wp-content\/uploads\/sites\/3\/2023\/05\/quotNimm-es-weg-und-teile-esquot-Bernard-Henri-Levys-wilde-Idee.jpg","contentUrl":"https:\/\/now-news.de\/de\/wp-content\/uploads\/sites\/3\/2023\/05\/quotNimm-es-weg-und-teile-esquot-Bernard-Henri-Levys-wilde-Idee.jpg","width":460,"height":259,"caption":"&quot;Nimm es weg und teile es&quot;: Bernard-Henri L\u00e9vys wilde Idee gibt Anlass zu ernster Sorge"},{"@type":"BreadcrumbList","@id":"https:\/\/now-news.de\/de\/deutschland\/nimm-es-weg-und-teile-es-bernard-henri-levys-wilde-idee-gibt-anlass-zu-ernster-sorge\/#breadcrumb","itemListElement":[{"@type":"ListItem","position":1,"name":"Home","item":"https:\/\/now-news.de\/de\/"},{"@type":"ListItem","position":2,"name":"&quot;Nimm es weg und teile es&quot;: Bernard-Henri L\u00e9vys wilde Idee gibt Anlass zu ernster Sorge"}]},{"@type":"WebSite","@id":"https:\/\/now-news.de\/de\/#website","url":"https:\/\/now-news.de\/de\/","name":"just-now.NEWS Deutschland","description":"Das Portal f\u00fcr unzensierte Nachrichten aus der Welt","publisher":{"@id":"https:\/\/now-news.de\/de\/#organization"},"potentialAction":[{"@type":"SearchAction","target":{"@type":"EntryPoint","urlTemplate":"https:\/\/now-news.de\/de\/?s={search_term_string}"},"query-input":"required name=search_term_string"}],"inLanguage":"de"},{"@type":"Organization","@id":"https:\/\/now-news.de\/de\/#organization","name":"Just Now News","url":"https:\/\/now-news.de\/de\/","logo":{"@type":"ImageObject","inLanguage":"de","@id":"https:\/\/now-news.de\/de\/#\/schema\/logo\/image\/","url":"http:\/\/just-now.news\/de\/wp-content\/uploads\/sites\/3\/2022\/04\/logo500x500.jpg","contentUrl":"http:\/\/just-now.news\/de\/wp-content\/uploads\/sites\/3\/2022\/04\/logo500x500.jpg","width":500,"height":500,"caption":"Just Now News"},"image":{"@id":"https:\/\/now-news.de\/de\/#\/schema\/logo\/image\/"},"sameAs":["https:\/\/www.facebook.com\/wirmachenauf","https:\/\/x.com\/WirMachenAuf_de"]},{"@type":"Person","@id":"https:\/\/now-news.de\/de\/#\/schema\/person\/fb534a4e865501d8b3285208df34a9b5","name":"rtnews","image":{"@type":"ImageObject","inLanguage":"de","@id":"https:\/\/now-news.de\/de\/#\/schema\/person\/image\/","url":"https:\/\/secure.gravatar.com\/avatar\/82aafea7d8127119dd649515f56e2117?s=96&d=mm&r=g","contentUrl":"https:\/\/secure.gravatar.com\/avatar\/82aafea7d8127119dd649515f56e2117?s=96&d=mm&r=g","caption":"rtnews"},"url":"https:\/\/now-news.de\/de\/author\/rnews\/"}]}},"_links":{"self":[{"href":"https:\/\/now-news.de\/de\/wp-json\/wp\/v2\/posts\/36930"}],"collection":[{"href":"https:\/\/now-news.de\/de\/wp-json\/wp\/v2\/posts"}],"about":[{"href":"https:\/\/now-news.de\/de\/wp-json\/wp\/v2\/types\/post"}],"author":[{"embeddable":true,"href":"https:\/\/now-news.de\/de\/wp-json\/wp\/v2\/users\/3"}],"replies":[{"embeddable":true,"href":"https:\/\/now-news.de\/de\/wp-json\/wp\/v2\/comments?post=36930"}],"version-history":[{"count":0,"href":"https:\/\/now-news.de\/de\/wp-json\/wp\/v2\/posts\/36930\/revisions"}],"wp:featuredmedia":[{"embeddable":true,"href":"https:\/\/now-news.de\/de\/wp-json\/wp\/v2\/media\/36931"}],"wp:attachment":[{"href":"https:\/\/now-news.de\/de\/wp-json\/wp\/v2\/media?parent=36930"}],"wp:term":[{"taxonomy":"category","embeddable":true,"href":"https:\/\/now-news.de\/de\/wp-json\/wp\/v2\/categories?post=36930"},{"taxonomy":"post_tag","embeddable":true,"href":"https:\/\/now-news.de\/de\/wp-json\/wp\/v2\/tags?post=36930"}],"curies":[{"name":"wp","href":"https:\/\/api.w.org\/{rel}","templated":true}]}}