{"id":36916,"date":"2023-05-28T13:57:28","date_gmt":"2023-05-28T11:57:28","guid":{"rendered":"https:\/\/just-now.news\/de\/deutschland\/wie-demokratisch-sind-die-gruenen-mit-ihrem-geheimdienst\/"},"modified":"2023-05-28T13:57:28","modified_gmt":"2023-05-28T11:57:28","slug":"wie-demokratisch-sind-die-gruenen-mit-ihrem-geheimdienst","status":"publish","type":"post","link":"https:\/\/now-news.de\/de\/deutschland\/wie-demokratisch-sind-die-gruenen-mit-ihrem-geheimdienst\/","title":{"rendered":"Wie demokratisch sind die Gr\u00fcnen mit ihrem Geheimdienst?"},"content":{"rendered":"<p><img decoding=\"async\" src=\"http:\/\/just-now.news\/de\/wp-content\/uploads\/sites\/3\/2023\/05\/647204ed48fbef5f24341131.jpg\" \/><\/p>\n<div class=\"Text-root Text-type_1 \">\n                Das Netzwerk zwischen &#8220;Faktencheckern&#8221; und Organisationen wie der Amadeu Antonio Stiftung wird von Monat zu Monat aktiver, mit politischer R\u00fcckendeckung. Inzwischen betreiben sie l\u00e4ngst geheimdienstliche Arbeit. Mit einer demokratischen Gesellschaft ist das inkompatibel.\n            <\/div>\n<p><\/p>\n<div class=\"Text-root Text-type_5 ArticleView-text ViewText-root \">\n<p><em>Von Dagmar Henn<\/em><\/p>\n<p>Wenn jemand im Westen Gruselgeschichten erz\u00e4hlen will, greift er gern zum KGB, weil dieser Dienst der Definition wie dem Wappen nach &#8220;Schild und Schwert der Partei&#8221; war, weshalb angenommen wird, dass die Interessen der Partei Vorrang vor jenen des Staates hatten, und gesagt wird, dass die Verwendung eines Geheimdienstes zur Machtsicherung besonders verwerflich sei.<\/p>\n<p>Darum wird auch immer wieder betont, dass die Nachrichtendienste in Deutschland unter parlamentarischer Kontrolle stehen und ihre T\u00e4tigkeit durch entsprechende Gesetze beschr\u00e4nkt ist. Nicht, dass die Darstellung des KGB vor Wahrheitsgehalt \u00fcbersch\u00e4umt \u2013 de facto gingen seine Befugnisse in manchen Punkten nicht einmal so weit wie die der heutigen deutschen Polizei. Die Frage, was es bedeutet, wenn eine Partei einen nicht auf die eigenen Strukturen, sondern einen auf die Gesellschaft ausgerichteten Geheimdienst besitzt, stellt sich ganz aktuell \u2013 und zwar in Deutschland. Und die Partei, die sich solches leistet, ist B\u00fcndnis90\/Die Gr\u00fcnen.<\/p>\n<p>Zu diesem Schluss kommt man, wenn man genauer betrachtet, was das ganze Netzwerk aus &#8220;Faktencheckern&#8221; und &#8220;zivilgesellschaftlichen Initiativen&#8221; so treibt. Die Ereignisse im Ahrtal, die wir hier vor Kurzem behandelt haben, liefern ein Exempel daf\u00fcr. Dort finanzierte eine K\u00f6lner Clubbesitzerin eine &#8220;Journalistin&#8221;, die sich bem\u00fchte, die im Ahrtal bereits t\u00e4tigen Helfer alle als Rechtsradikale anzuschw\u00e4rzen, damit besagte Clubbesitzerin den Landesauftrag f\u00fcr die Hilfe einheimsen konnte.<\/p>\n<p>Das ist nicht nur ein Fall besonders b\u00f6sartiger Korruption, Informationen \u00fcber andere zu sammeln, um sie anzuschw\u00e4rzen, es ist eine nachrichtendienstliche T\u00e4tigkeit. Solange es dabei um wirkliche Nazis ging, wie das beispielsweise bei der bayrischen Initiative a.i.d.a. oder Jahrzehnte davor beim sozialdemokratisch betriebenen Pressedienst Demokratische Initiative (PDI) der Fall war, und diese Arbeit durch Unt\u00e4tigkeit der bayrischen Beh\u00f6rden in diesem Bereich ausgel\u00f6st wurde, bleibt das zwar als private Initiative rechtlich kritisch, ist aber legitim. Die Wehrsportgruppe Hoffmann beispielsweise wurde vor dem Sprengstoffanschlag auf das Oktoberfest 1980 von staatlicher Seite in Bayern immer als harmlos dargestellt, es war vor allem der PDI, der sie beobachtete.<\/p>\n<p>Anders sieht das aus, wenn solche Strukturen nicht nur Informationen sammeln, sondern sie anschlie\u00dfend manipulieren und im politischen Interesse der eigenen Seite einsetzen. Damit man nicht glaubt, das sei auf das Ahrtal beschr\u00e4nkt, betrachten wir doch einmal einen <a rel=\"nofollow noopener\" target=\"_blank\" href=\"https:\/\/jungle.world\/artikel\/2023\/16\/mit-nazis-russland\">Artikel<\/a>, der vor einiger Zeit in der <em>Jungle World<\/em> erschien, aber erst jetzt kostenlos gelesen werden kann.<\/p>\n<p>Der Text bezieht sich auf die unseren Lesern gut bekannte humanit\u00e4re Organisation Friedensbr\u00fccke \u2013 Kriegsopferhilfe e.\u00a0V., die sich durch ihre T\u00e4tigkeit im Donbass unbeliebt gemacht hat, obwohl es sich um rein humanit\u00e4re Lieferungen handelte (das Finanzamt hatte die ganzen Jahre \u00fcber j\u00e4hrlich die gesamte Buchhaltung gepr\u00fcft, Beleg f\u00fcr Beleg, ohne jemals etwas zu finden, das nicht den Kriterien einer humanit\u00e4ren Lieferung entsprochen h\u00e4tte).<\/p>\n<p>Der Autor des Textes, Andrej Steinberg, ist selbst Mitarbeiter der Amadeu Antonio Stiftung und befasst sich mit &#8220;russischer Desinformation&#8221;. Er beruft sich auf Recherchen eines Portals namens <em>The Insider<\/em>, dessen IP-Adresse auf einen Bahnhof in San Francisco <a rel=\"nofollow noopener\" target=\"_blank\" href=\"https:\/\/www.geolocation.com\/de?ip=104.22.47.104#ipresult\">f\u00fchrt<\/a>, und zu einer Person namens &#8220;Polly&#8221;, die sich auf ihrem Twitter-Account als besonders aktives Mitglied der wei\u00dfrussischen Opposition darstellt, die ihre Tage damit verbringt, Material \u00fcber Menschen zu sammeln, die nicht antirussisch genug sind.<\/p>\n<p>Wie weit &#8220;Polly&#8221; beziehungsweise die Personen, die sich als &#8220;Polly&#8221; ausgeben, von Diensten finanziert werden, kann nicht ermittelt werden. Aber sowohl die Lokalisierung von <em>The Insider<\/em> als auch der Eifer, mit dem &#8220;Polly&#8221; russische Telegram-Kan\u00e4le durchk\u00e4mmt, deutet an, dass hier, wenn keine \u00f6ffentliche, so doch eine private Finanzierung vorliegt. Und da mit Steinberg die Br\u00fccke zur Amadeu Antonio Stiftung geschlagen ist, ist deren Beteiligung nicht auszuschlie\u00dfen.<\/p>\n<p>Die Vorhaltungen, die in dem Artikel gemacht werden, sind auf die inzwischen bekannte Art konstruiert \u2013 sie arbeiten mit Verk\u00fcrzungen, Auslassungen und unbelegten Zuschreibungen. Wenn dort beispielsweise steht: &#8220;Das Foto eines Lastwagens, der mit dem hierzulande verbotenen Z-Symbol versehen war, bescherte <a rel=\"nofollow noopener\" target=\"_blank\" href=\"https:\/\/jungle.world\/artikel\/2023\/03\/eine-friedensbruecke-nach-moskau\">der Friedensbr\u00fccke im vergangenen Jahr ein Ermittlungsverfahren<\/a> wegen Billigung von Straftaten und die Aberkennung der Gemeinn\u00fctzigkeit&#8221;, dann wird dabei die Tatsache \u00fcbergangen, dass der Lastwagen mit dem Z ein russischer Lastwagen in Russland war, wo ebendieses Symbol gar nicht verboten sein kann, und damit ein entsprechendes Strafverfahren in Deutschland auf \u00e4u\u00dferst wackligen F\u00fc\u00dfen steht. Wie die letzten Monate gezeigt haben, ist das kein Schutz vor Strafverfolgung, aber es belegt, dass auch die Strafverfolgungsbeh\u00f6rden die Gesetze nur noch begrenzt respektieren.<\/p>\n<p>Massiver ist dann dieser Vorwurf: &#8220;Im November hatten laut Insider an diesen Transporten beteiligte Lastwagen beispielsweise Maschinen\u00f6l f\u00fcr Kampffahrzeuge an Bord. Im Februar 2023 habe Kilincs Verein demnach die Lieferung einer Anti-Drohnen-Waffe und eines Drohnensystems an ein Regiment der Lugansker Volksrepublik bezahlt.&#8221; Lastwagen, die an Transporten beteiligt sind, die der Verein Friedensbr\u00fccke zusammen mit Kooperationspartnern in Russland durchf\u00fchrt \u2013 das ist die bekannte Geschichte von der Kontaktschuld. Eine Strafbarkeit w\u00fcrde voraussetzen, dass der Verein selbst von seinen Spendengeldern milit\u00e4rische G\u00fcter erworben h\u00e4tte.<\/p>\n<p>Dem ist nicht so, das h\u00e4tte bereits vor Jahren zu einem Verfahren gef\u00fchrt, und wie oben schon erw\u00e4hnt, lagen alle Belege f\u00fcr die Verwendung der Mittel dem Finanzamt vor. Wenn ein russischer Verein, mit dem zusammen ein Transport organisiert wird, organisiert werden muss, weil man Fahrer, die in ein Kriegsgebiet fahren, nicht einfach bei einer Spedition buchen kann, dann andere Materialien liefern, ist das keine Verfehlung des deutschen Vereins. In Russland ist es russischen B\u00fcrgern sehr wohl gestattet, Material an die russische Armee zu liefern. Dass die gleiche, im Internet zusammengerufene Gruppe Menschen die Waren aller beteiligten Organisationen in die Lkws verl\u00e4dt, macht aus deutschen Inkontinenzwindeln noch keine Drohnen.<\/p>\n<p>Aber sp\u00e4testens seit dem &#8220;Querfront&#8221;-Vorwurf schlucken viele, die sich in Deutschland als Linke begreifen, allerlei Unterstellungen, wenn sich nur ein Foto finden l\u00e4sst, auf dem zwei Personen nebeneinander stehen, auch wenn eine der Folgen des Internets ist, dass sich solche Fotos von Personen finden lassen, die nicht einmal ein Wort miteinander gewechselt haben.<\/p>\n<p>Es gibt beispielsweise ein Foto von der Abfertigung eines Transports (f\u00fcr den, wie zuvor erw\u00e4hnt, im Internet aufgerufen wurde, weil es schlicht Menschen ben\u00f6tigt, die Dinge tragen; Aufrufe, die mal sechs, mal sechzig Personen in Bewegung setzen, die mit dem ganzen Transport nicht mehr zu tun haben, als eben besagte Dinge zu tragen), auf dem das Logo von der Friedensbr\u00fccke zu sehen ist, und daneben steht ein Aktivist einer serbischen Bewegung. Besagter Aktivist soll im Jahr 2017 dem westlichen Helden Nawalny Farbe ins Gesicht gegossen haben und sei darum ein Rechtsextremist.<\/p>\n<p>Also schon die Zuschreibung zu dieser Person beruht auf falschen Tatsachen. Zudem ist das Logo bei jedem Transport zu sehen, bei dem die Friedensbr\u00fccke etwas mitschickt, egal, ob Vertreter des Vereins dabei anwesend sind oder nicht (im gesamten Verlauf der vergangenen acht Jahre war dies mehrheitlich nicht der Fall). Jeder, der auch nur zwei Minuten dar\u00fcber nachdenkt, w\u00fcrde begreifen, dass eine \u00dcberpr\u00fcfung der gesamten politischen Vorgeschichte von Menschen, die nur Dinge in einen Lastwagen tragen, v\u00f6llig absurd ist. Wer jemals Aussagen von Nawalny gelesen hat, begreift auch schnell, dass nicht derjenige der Nazi ist, der ihm Farbe ins Gesicht kippt. Aber f\u00fcnf Jahre nach diesem Vorfall k\u00f6nnte eine Vertreterin des Vereins ihre politische Reinheit nur bewahren, wenn sie den serbischen Aktivisten daran gehindert h\u00e4tte, Dinge in einen Lastwagen zu tragen.<\/p>\n<p>Viele der Details sind schlecht recherchiert. So war der im Artikel erw\u00e4hnte Alexander Miroschnitschenko zwar jahrelang wirklich K\u00e4mpfer der Donbassmilizen und hatte unter anderem viele humanit\u00e4re Transporte begleitet (was in Kriegsgebieten erforderlich ist, wenn Verteilstellen f\u00fcr Hilfsg\u00fcter im Sichtfeld von Scharfsch\u00fctzen und Artillerie liegen), aber er ist nicht im Kampf gefallen. Er war im Zivilberuf Bergsteiger und Fassadenkletterer, und st\u00fcrzte tats\u00e4chlich bei Bauarbeiten zum Wiederaufbau Mariupols vor Ort von einem Bauger\u00fcst und verletzte sich so schwer, dass er das Bewusstsein nicht wiedererlangte. Seine Beerdigung war ein Gro\u00dfereignis mit mehreren Hundert Anwesenden \u2013 insofern ist auch die Aussage, dass zwei Personen beide auf dieser Beerdigung gewesen seien, eine Nullinformation.<\/p>\n<p>So geht es weiter: Friedensbr\u00fccke-Mitbegr\u00fcnder Klaus Koch soll sich sehr \u00fcber seine Bef\u00f6rderung zum General gefreut haben, hatte er es in der NVA doch so weit nicht mehr gebracht. Und die Bem\u00fchungen, ausgerechnet den OKV, das Ostdeutsche Kuratorium der Verb\u00e4nde, in dem sich alle Organisationen der ehemaligen DDR-Eliten finden, in die rechte Ecke schieben zu wollen, ist ein Akt, der v\u00f6llig absurd ist. Damit diese Verrenkung auch nur gedanklich gelingt, muss man sich in obskuren anarchistischen Kreisen bewegen, die ihren Hass schon immer prim\u00e4r auf Kommunisten richteten.<\/p>\n<p>Die Vorgehensweise ist also die \u00fcbliche. Und es geht darum, politische Widersacher, die die Erz\u00e4hlung von der demokratischen Ukraine st\u00f6ren, so sehr mit Dreck zu bewerfen, dass sie ihre politische Wirkungsf\u00e4higkeit verlieren. Aber wirklich interessant ist hier, wer das tut.<\/p>\n<p>Die Amadeu Antonio Stiftung ist gewisserma\u00dfen die Spinne im Netz all der Faktenchecker, &#8220;Corrective&#8221; und &#8220;Pollys&#8221;. Was in den vergangenen Jahren aber vor lauter Get\u00f6se \u00fcber Desinformation und Destabilisierung und so weiter unterging, ist, dass ihre T\u00e4tigkeit in weiten Teilen exakt das ist, was die Verfassungsschutz\u00e4mter auch tun\u00a0\u2013 allerdings ohne gesetzlichen Auftrag, ohne parlamentarische Kontrolle und in einem eindeutig orientierten Interesse, das, wie das Beispiel Ahrtal oder etwa die Reaktion des gr\u00fcnen Ministers Habeck belegt, nicht darauf beschr\u00e4nkt ist, humanit\u00e4re Hilfe im Donbass zu verunglimpfen.<\/p>\n<p>Erstaunlicherweise haben die \u00fcbrigen Parteien in Deutschland noch nicht bemerkt, was sie da herangezogen haben. Der gro\u00dfe Zugriff in die \u00f6ffentlichen Kassen er\u00f6ffnete sich f\u00fcr diese Netzwerke w\u00e4hrend Corona. Da fand es vermutlich auch die politische Konkurrenz einfach bequem, Hilfstruppen zu haben, die immer lautstark erkl\u00e4rten, dass das, was die Regierung verk\u00fcndete, die Wahrheit sei, und sich ansonsten darum bem\u00fchten, alle, die das nicht f\u00fcr Wahrheit hielten, zu Staatsfeinden zu erkl\u00e4ren. Dass die gesamten Netzwerke parteipolitisch eine, vorsichtig formuliert, sehr starke Neigung zu den Gr\u00fcnen haben, wurde dabei wohl in Kauf genommen, ebenso wie die zunehmende Orientierung hin auf Angriffe gegen Personen.<\/p>\n<p>Wie man am obigen Beispiel sieht, ist die T\u00e4tigkeit dieser Strukturen mittlerweile bis zu einer Dopplung der Verfassungsschutz\u00e4mter angewachsen, wobei nicht nur der eventuell legale Teil der Beobachtung betrieben wird, sondern zudem durch gezielte Manipulation der Informationen aktiv politische Debatten im parteilichen Interesse verzerrt werden.<\/p>\n<p>B\u00fcndnis 90\/Die Gr\u00fcnen sind gerade in Bezug auf die Ukraine am tiefsten involviert: Marie-Luise Beck, die entscheidend mit daf\u00fcr verantwortlich ist, dass diese Partei so innige Beziehungen zu ukrainischen Nazis hegt, traf sich erst j\u00fcngst mit einer der M\u00f6rderinnen von Odessa. Das Foto dieser Begegnung erhielt leider nie die Aufmerksamkeit, die ihm angemessen ist, weil die \u00dcberg\u00e4nge von den gr\u00fcnen Nachrichtendiensten in die Redaktionsstuben des Mainstreams flie\u00dfend sind und daher die Verwendung solcher Informationen unterbleibt, selbst wenn diese \u2013 wie in diesem Fall frei von Manipulation \u2013 auf eine echte N\u00e4he verweisen, weil sie in die falsche Richtung f\u00fchren w\u00fcrde.<\/p>\n<p>Diese gr\u00fcne Positionierung jedenfalls erkl\u00e4rt, warum Kritiker der NATO-Position mit besonderem Eifer verfolgt werden. Erstaunlich ist allerdings, dass die Spitzen von SPD, FDP und CDU offenkundig nicht erkennen, dass sie damit einen Apparat entstehen lie\u00dfen, der sich genauso gut gegen sie wenden kann, mit denselben Methoden, und dass sie diesen Apparat mit Steuergeldern finanzieren. Man muss nur bedenken, wie eifrig Bundeswirtschaftsminister Habeck das Schema nutzt, dass alles, was seinen Vorstellungen widerspricht, russische Desinformation sei. Der gr\u00fcne Parteigeheimdienst steht auch bereit, aus der FDP eine Zentrale russischer Desinformation zu machen, wenn ihre Einw\u00e4nde gegen die Habeck-Heizgesetze zu erfolgreich werden sollten, oder aus der SPD, wenn diese eventuell aus Not ihre Haltung zur Kernkraft ver\u00e4ndert.<\/p>\n<p>Bei allem Geschrei, das zum Rollator-Putsch erhoben wurde, und allen Erkl\u00e4rungen, wie gef\u00e4hrlich die Desinformation sei, die aus Russland oder aus den Reihen heimischer Opposition stammt, wenn man eine wirkliche, reale Bedrohung f\u00fcr die deutsche Demokratie sucht, findet man sie beim mit Steuergeldern aufgep\u00e4ppelten gr\u00fcnen Parteigeheimdienst.<\/p>\n<p>Es h\u00e4tte niemals erlaubt werden d\u00fcrfen, dass privat kontrollierte Organisationen eine derartige Rolle \u00fcbernehmen. Schon die Funktion des Sammelns ist problematisch, die Funktion des Angriffs auf Personen und Organisationen jedoch ist aktive Geheimdienstt\u00e4tigkeit. Das f\u00fchrt zur schlimmsten Verzerrung demokratischer Prozesse, die es je in der Bundesrepublik gegeben hat. Selbst die bizarre Ungleichheit zwischen den geh\u00e4tschelten Klimaklebern und den verteufelten Friedensdemonstranten beruht im Kern auf dieser gr\u00fcnen Denunziationsmaschinerie, die jederzeit bereitsteht, einen l\u00e4stigen Gegner einer &#8220;character assasination&#8221;, einer Zerst\u00f6rung des Rufs zu unterziehen. Eigentlich d\u00fcrften die Konsequenzen aus diesen Strukturen nicht bei deren Aufl\u00f6sung enden. Die Tatsache, solche Strukturen geschaffen zu haben, m\u00fcsste zu einem Verbot der Gr\u00fcnen f\u00fchren.<\/p>\n<p><strong>Mehr zum Thema<\/strong> \u2013 <a rel=\"nofollow noopener\" target=\"_blank\" href=\"https:\/\/freeassange.rtde.live\/kurzclips\/video\/158554-initiativen-solidaritaet-fuer-donbass-gespraech\/\">Initiativen der Solidarit\u00e4t f\u00fcr Donbass: Ein Gespr\u00e4ch mit Liane Kilinc <\/a><\/p>\n<\/p>\n<\/div>\n<p><br \/>\n<br \/><a href=\"https:\/\/de.rt.com\/meinung\/171146-wie-demokratisch-sind-gruenen-mit\/\">Source link <\/a><\/p>\n","protected":false},"excerpt":{"rendered":"<p>Das Netzwerk zwischen &#8220;Faktencheckern&#8221; und Organisationen wie der Amadeu Antonio Stiftung wird von Monat zu Monat aktiver, mit politischer R\u00fcckendeckung. Inzwischen betreiben sie l\u00e4ngst geheimdienstliche Arbeit. Mit einer demokratischen Gesellschaft ist das inkompatibel. Von Dagmar Henn Wenn jemand im Westen Gruselgeschichten erz\u00e4hlen will, greift er gern zum KGB, weil dieser Dienst der Definition wie dem [&hellip;]<\/p>\n","protected":false},"author":3,"featured_media":36917,"comment_status":"open","ping_status":"open","sticky":false,"template":"","format":"standard","meta":{"_yoast_indexnow_last_ping":["1685275383"],"wp_automatic_camp":["217"],"c6eb0f1c7eb116f6495bc0846817d2cf":["Wie demokratisch sind die Gr\u00fcnen mit ihrem Geheimdienst?"],"original_link":["https:\/\/de.rt.com\/meinung\/171146-wie-demokratisch-sind-gruenen-mit\/"],"_thumbnail_id":["36917"],"_wptgpro_p2tg_sent2tg":["a:1:{i:23737;s:19:\"2023-05-28 14:04:29\";}"],"jnews_social_counter_last_update":["1777611498"]},"categories":[19,23],"tags":[27553,45,5188,594,1161,419,1046,579],"yoast_head":"<!-- This site is optimized with the Yoast SEO Premium plugin v22.7 (Yoast SEO v22.7) - https:\/\/yoast.com\/wordpress\/plugins\/seo\/ -->\n<title>Wie demokratisch sind die Gr\u00fcnen mit ihrem Geheimdienst? - just-now.NEWS Deutschland<\/title>\n<meta name=\"robots\" content=\"index, follow, max-snippet:-1, max-image-preview:large, max-video-preview:-1\" \/>\n<link rel=\"canonical\" href=\"https:\/\/now-news.de\/de\/deutschland\/wie-demokratisch-sind-die-gruenen-mit-ihrem-geheimdienst\/\" \/>\n<meta property=\"og:locale\" content=\"de_DE\" \/>\n<meta property=\"og:type\" content=\"article\" \/>\n<meta property=\"og:title\" content=\"Wie demokratisch sind die Gr\u00fcnen mit ihrem Geheimdienst?\" \/>\n<meta property=\"og:description\" content=\"Das Netzwerk zwischen &#8220;Faktencheckern&#8221; und Organisationen wie der Amadeu Antonio Stiftung wird von Monat zu Monat aktiver, mit politischer R\u00fcckendeckung. Inzwischen betreiben sie l\u00e4ngst geheimdienstliche Arbeit. Mit einer demokratischen Gesellschaft ist das inkompatibel. Von Dagmar Henn Wenn jemand im Westen Gruselgeschichten erz\u00e4hlen will, greift er gern zum KGB, weil dieser Dienst der Definition wie dem [&hellip;]\" \/>\n<meta property=\"og:url\" content=\"https:\/\/now-news.de\/de\/deutschland\/wie-demokratisch-sind-die-gruenen-mit-ihrem-geheimdienst\/\" \/>\n<meta property=\"og:site_name\" content=\"just-now.NEWS Deutschland\" \/>\n<meta property=\"article:publisher\" content=\"https:\/\/www.facebook.com\/wirmachenauf\" \/>\n<meta property=\"article:published_time\" content=\"2023-05-28T11:57:28+00:00\" \/>\n<meta property=\"og:image\" content=\"https:\/\/now-news.de\/de\/wp-content\/uploads\/sites\/3\/2023\/05\/Wie-demokratisch-sind-die-Gruenen-mit-ihrem-Geheimdienst.jpg\" \/>\n\t<meta property=\"og:image:width\" content=\"460\" \/>\n\t<meta property=\"og:image:height\" content=\"259\" \/>\n\t<meta property=\"og:image:type\" content=\"image\/jpeg\" \/>\n<meta name=\"author\" content=\"rtnews\" \/>\n<meta name=\"twitter:card\" content=\"summary_large_image\" \/>\n<meta name=\"twitter:creator\" content=\"@WirMachenAuf_de\" \/>\n<meta name=\"twitter:site\" content=\"@WirMachenAuf_de\" \/>\n<meta name=\"twitter:label1\" content=\"Verfasst von\" \/>\n\t<meta name=\"twitter:data1\" content=\"rtnews\" \/>\n\t<meta name=\"twitter:label2\" content=\"Gesch\u00e4tzte Lesezeit\" \/>\n\t<meta name=\"twitter:data2\" content=\"11\u00a0Minuten\" \/>\n<script type=\"application\/ld+json\" class=\"yoast-schema-graph\">{\"@context\":\"https:\/\/schema.org\",\"@graph\":[{\"@type\":\"Article\",\"@id\":\"https:\/\/now-news.de\/de\/deutschland\/wie-demokratisch-sind-die-gruenen-mit-ihrem-geheimdienst\/#article\",\"isPartOf\":{\"@id\":\"https:\/\/now-news.de\/de\/deutschland\/wie-demokratisch-sind-die-gruenen-mit-ihrem-geheimdienst\/\"},\"author\":{\"name\":\"rtnews\",\"@id\":\"https:\/\/now-news.de\/de\/#\/schema\/person\/fb534a4e865501d8b3285208df34a9b5\"},\"headline\":\"Wie demokratisch sind die Gr\u00fcnen mit ihrem Geheimdienst?\",\"datePublished\":\"2023-05-28T11:57:28+00:00\",\"dateModified\":\"2023-05-28T11:57:28+00:00\",\"mainEntityOfPage\":{\"@id\":\"https:\/\/now-news.de\/de\/deutschland\/wie-demokratisch-sind-die-gruenen-mit-ihrem-geheimdienst\/\"},\"wordCount\":2194,\"commentCount\":0,\"publisher\":{\"@id\":\"https:\/\/now-news.de\/de\/#organization\"},\"image\":{\"@id\":\"https:\/\/now-news.de\/de\/deutschland\/wie-demokratisch-sind-die-gruenen-mit-ihrem-geheimdienst\/#primaryimage\"},\"thumbnailUrl\":\"https:\/\/now-news.de\/de\/wp-content\/uploads\/sites\/3\/2023\/05\/Wie-demokratisch-sind-die-Gruenen-mit-ihrem-Geheimdienst.jpg\",\"keywords\":[\"Demokratisch\",\"die\",\"Geheimdienst\",\"GR\u00dcNEN\",\"ihrem\",\"mit\",\"sind\",\"Wie\"],\"articleSection\":[\"Deutschland\",\"Russland\"],\"inLanguage\":\"de\",\"potentialAction\":[{\"@type\":\"CommentAction\",\"name\":\"Comment\",\"target\":[\"https:\/\/now-news.de\/de\/deutschland\/wie-demokratisch-sind-die-gruenen-mit-ihrem-geheimdienst\/#respond\"]}]},{\"@type\":\"WebPage\",\"@id\":\"https:\/\/now-news.de\/de\/deutschland\/wie-demokratisch-sind-die-gruenen-mit-ihrem-geheimdienst\/\",\"url\":\"https:\/\/now-news.de\/de\/deutschland\/wie-demokratisch-sind-die-gruenen-mit-ihrem-geheimdienst\/\",\"name\":\"Wie demokratisch sind die Gr\u00fcnen mit ihrem Geheimdienst? - just-now.NEWS Deutschland\",\"isPartOf\":{\"@id\":\"https:\/\/now-news.de\/de\/#website\"},\"primaryImageOfPage\":{\"@id\":\"https:\/\/now-news.de\/de\/deutschland\/wie-demokratisch-sind-die-gruenen-mit-ihrem-geheimdienst\/#primaryimage\"},\"image\":{\"@id\":\"https:\/\/now-news.de\/de\/deutschland\/wie-demokratisch-sind-die-gruenen-mit-ihrem-geheimdienst\/#primaryimage\"},\"thumbnailUrl\":\"https:\/\/now-news.de\/de\/wp-content\/uploads\/sites\/3\/2023\/05\/Wie-demokratisch-sind-die-Gruenen-mit-ihrem-Geheimdienst.jpg\",\"datePublished\":\"2023-05-28T11:57:28+00:00\",\"dateModified\":\"2023-05-28T11:57:28+00:00\",\"breadcrumb\":{\"@id\":\"https:\/\/now-news.de\/de\/deutschland\/wie-demokratisch-sind-die-gruenen-mit-ihrem-geheimdienst\/#breadcrumb\"},\"inLanguage\":\"de\",\"potentialAction\":[{\"@type\":\"ReadAction\",\"target\":[\"https:\/\/now-news.de\/de\/deutschland\/wie-demokratisch-sind-die-gruenen-mit-ihrem-geheimdienst\/\"]}]},{\"@type\":\"ImageObject\",\"inLanguage\":\"de\",\"@id\":\"https:\/\/now-news.de\/de\/deutschland\/wie-demokratisch-sind-die-gruenen-mit-ihrem-geheimdienst\/#primaryimage\",\"url\":\"https:\/\/now-news.de\/de\/wp-content\/uploads\/sites\/3\/2023\/05\/Wie-demokratisch-sind-die-Gruenen-mit-ihrem-Geheimdienst.jpg\",\"contentUrl\":\"https:\/\/now-news.de\/de\/wp-content\/uploads\/sites\/3\/2023\/05\/Wie-demokratisch-sind-die-Gruenen-mit-ihrem-Geheimdienst.jpg\",\"width\":460,\"height\":259,\"caption\":\"Wie demokratisch sind die Gr\u00fcnen mit ihrem Geheimdienst?\"},{\"@type\":\"BreadcrumbList\",\"@id\":\"https:\/\/now-news.de\/de\/deutschland\/wie-demokratisch-sind-die-gruenen-mit-ihrem-geheimdienst\/#breadcrumb\",\"itemListElement\":[{\"@type\":\"ListItem\",\"position\":1,\"name\":\"Home\",\"item\":\"https:\/\/now-news.de\/de\/\"},{\"@type\":\"ListItem\",\"position\":2,\"name\":\"Wie demokratisch sind die Gr\u00fcnen mit ihrem Geheimdienst?\"}]},{\"@type\":\"WebSite\",\"@id\":\"https:\/\/now-news.de\/de\/#website\",\"url\":\"https:\/\/now-news.de\/de\/\",\"name\":\"just-now.NEWS Deutschland\",\"description\":\"Das Portal f\u00fcr unzensierte Nachrichten aus der Welt\",\"publisher\":{\"@id\":\"https:\/\/now-news.de\/de\/#organization\"},\"potentialAction\":[{\"@type\":\"SearchAction\",\"target\":{\"@type\":\"EntryPoint\",\"urlTemplate\":\"https:\/\/now-news.de\/de\/?s={search_term_string}\"},\"query-input\":\"required name=search_term_string\"}],\"inLanguage\":\"de\"},{\"@type\":\"Organization\",\"@id\":\"https:\/\/now-news.de\/de\/#organization\",\"name\":\"Just Now News\",\"url\":\"https:\/\/now-news.de\/de\/\",\"logo\":{\"@type\":\"ImageObject\",\"inLanguage\":\"de\",\"@id\":\"https:\/\/now-news.de\/de\/#\/schema\/logo\/image\/\",\"url\":\"http:\/\/just-now.news\/de\/wp-content\/uploads\/sites\/3\/2022\/04\/logo500x500.jpg\",\"contentUrl\":\"http:\/\/just-now.news\/de\/wp-content\/uploads\/sites\/3\/2022\/04\/logo500x500.jpg\",\"width\":500,\"height\":500,\"caption\":\"Just Now News\"},\"image\":{\"@id\":\"https:\/\/now-news.de\/de\/#\/schema\/logo\/image\/\"},\"sameAs\":[\"https:\/\/www.facebook.com\/wirmachenauf\",\"https:\/\/x.com\/WirMachenAuf_de\"]},{\"@type\":\"Person\",\"@id\":\"https:\/\/now-news.de\/de\/#\/schema\/person\/fb534a4e865501d8b3285208df34a9b5\",\"name\":\"rtnews\",\"image\":{\"@type\":\"ImageObject\",\"inLanguage\":\"de\",\"@id\":\"https:\/\/now-news.de\/de\/#\/schema\/person\/image\/\",\"url\":\"https:\/\/secure.gravatar.com\/avatar\/82aafea7d8127119dd649515f56e2117?s=96&d=mm&r=g\",\"contentUrl\":\"https:\/\/secure.gravatar.com\/avatar\/82aafea7d8127119dd649515f56e2117?s=96&d=mm&r=g\",\"caption\":\"rtnews\"},\"url\":\"https:\/\/now-news.de\/de\/author\/rnews\/\"}]}<\/script>\n<!-- \/ Yoast SEO Premium plugin. -->","yoast_head_json":{"title":"Wie demokratisch sind die Gr\u00fcnen mit ihrem Geheimdienst? - just-now.NEWS Deutschland","robots":{"index":"index","follow":"follow","max-snippet":"max-snippet:-1","max-image-preview":"max-image-preview:large","max-video-preview":"max-video-preview:-1"},"canonical":"https:\/\/now-news.de\/de\/deutschland\/wie-demokratisch-sind-die-gruenen-mit-ihrem-geheimdienst\/","og_locale":"de_DE","og_type":"article","og_title":"Wie demokratisch sind die Gr\u00fcnen mit ihrem Geheimdienst?","og_description":"Das Netzwerk zwischen &#8220;Faktencheckern&#8221; und Organisationen wie der Amadeu Antonio Stiftung wird von Monat zu Monat aktiver, mit politischer R\u00fcckendeckung. Inzwischen betreiben sie l\u00e4ngst geheimdienstliche Arbeit. Mit einer demokratischen Gesellschaft ist das inkompatibel. Von Dagmar Henn Wenn jemand im Westen Gruselgeschichten erz\u00e4hlen will, greift er gern zum KGB, weil dieser Dienst der Definition wie dem [&hellip;]","og_url":"https:\/\/now-news.de\/de\/deutschland\/wie-demokratisch-sind-die-gruenen-mit-ihrem-geheimdienst\/","og_site_name":"just-now.NEWS Deutschland","article_publisher":"https:\/\/www.facebook.com\/wirmachenauf","article_published_time":"2023-05-28T11:57:28+00:00","og_image":[{"width":460,"height":259,"url":"https:\/\/now-news.de\/de\/wp-content\/uploads\/sites\/3\/2023\/05\/Wie-demokratisch-sind-die-Gruenen-mit-ihrem-Geheimdienst.jpg","type":"image\/jpeg"}],"author":"rtnews","twitter_card":"summary_large_image","twitter_creator":"@WirMachenAuf_de","twitter_site":"@WirMachenAuf_de","twitter_misc":{"Verfasst von":"rtnews","Gesch\u00e4tzte Lesezeit":"11\u00a0Minuten"},"schema":{"@context":"https:\/\/schema.org","@graph":[{"@type":"Article","@id":"https:\/\/now-news.de\/de\/deutschland\/wie-demokratisch-sind-die-gruenen-mit-ihrem-geheimdienst\/#article","isPartOf":{"@id":"https:\/\/now-news.de\/de\/deutschland\/wie-demokratisch-sind-die-gruenen-mit-ihrem-geheimdienst\/"},"author":{"name":"rtnews","@id":"https:\/\/now-news.de\/de\/#\/schema\/person\/fb534a4e865501d8b3285208df34a9b5"},"headline":"Wie demokratisch sind die Gr\u00fcnen mit ihrem Geheimdienst?","datePublished":"2023-05-28T11:57:28+00:00","dateModified":"2023-05-28T11:57:28+00:00","mainEntityOfPage":{"@id":"https:\/\/now-news.de\/de\/deutschland\/wie-demokratisch-sind-die-gruenen-mit-ihrem-geheimdienst\/"},"wordCount":2194,"commentCount":0,"publisher":{"@id":"https:\/\/now-news.de\/de\/#organization"},"image":{"@id":"https:\/\/now-news.de\/de\/deutschland\/wie-demokratisch-sind-die-gruenen-mit-ihrem-geheimdienst\/#primaryimage"},"thumbnailUrl":"https:\/\/now-news.de\/de\/wp-content\/uploads\/sites\/3\/2023\/05\/Wie-demokratisch-sind-die-Gruenen-mit-ihrem-Geheimdienst.jpg","keywords":["Demokratisch","die","Geheimdienst","GR\u00dcNEN","ihrem","mit","sind","Wie"],"articleSection":["Deutschland","Russland"],"inLanguage":"de","potentialAction":[{"@type":"CommentAction","name":"Comment","target":["https:\/\/now-news.de\/de\/deutschland\/wie-demokratisch-sind-die-gruenen-mit-ihrem-geheimdienst\/#respond"]}]},{"@type":"WebPage","@id":"https:\/\/now-news.de\/de\/deutschland\/wie-demokratisch-sind-die-gruenen-mit-ihrem-geheimdienst\/","url":"https:\/\/now-news.de\/de\/deutschland\/wie-demokratisch-sind-die-gruenen-mit-ihrem-geheimdienst\/","name":"Wie demokratisch sind die Gr\u00fcnen mit ihrem Geheimdienst? - just-now.NEWS Deutschland","isPartOf":{"@id":"https:\/\/now-news.de\/de\/#website"},"primaryImageOfPage":{"@id":"https:\/\/now-news.de\/de\/deutschland\/wie-demokratisch-sind-die-gruenen-mit-ihrem-geheimdienst\/#primaryimage"},"image":{"@id":"https:\/\/now-news.de\/de\/deutschland\/wie-demokratisch-sind-die-gruenen-mit-ihrem-geheimdienst\/#primaryimage"},"thumbnailUrl":"https:\/\/now-news.de\/de\/wp-content\/uploads\/sites\/3\/2023\/05\/Wie-demokratisch-sind-die-Gruenen-mit-ihrem-Geheimdienst.jpg","datePublished":"2023-05-28T11:57:28+00:00","dateModified":"2023-05-28T11:57:28+00:00","breadcrumb":{"@id":"https:\/\/now-news.de\/de\/deutschland\/wie-demokratisch-sind-die-gruenen-mit-ihrem-geheimdienst\/#breadcrumb"},"inLanguage":"de","potentialAction":[{"@type":"ReadAction","target":["https:\/\/now-news.de\/de\/deutschland\/wie-demokratisch-sind-die-gruenen-mit-ihrem-geheimdienst\/"]}]},{"@type":"ImageObject","inLanguage":"de","@id":"https:\/\/now-news.de\/de\/deutschland\/wie-demokratisch-sind-die-gruenen-mit-ihrem-geheimdienst\/#primaryimage","url":"https:\/\/now-news.de\/de\/wp-content\/uploads\/sites\/3\/2023\/05\/Wie-demokratisch-sind-die-Gruenen-mit-ihrem-Geheimdienst.jpg","contentUrl":"https:\/\/now-news.de\/de\/wp-content\/uploads\/sites\/3\/2023\/05\/Wie-demokratisch-sind-die-Gruenen-mit-ihrem-Geheimdienst.jpg","width":460,"height":259,"caption":"Wie demokratisch sind die Gr\u00fcnen mit ihrem Geheimdienst?"},{"@type":"BreadcrumbList","@id":"https:\/\/now-news.de\/de\/deutschland\/wie-demokratisch-sind-die-gruenen-mit-ihrem-geheimdienst\/#breadcrumb","itemListElement":[{"@type":"ListItem","position":1,"name":"Home","item":"https:\/\/now-news.de\/de\/"},{"@type":"ListItem","position":2,"name":"Wie demokratisch sind die Gr\u00fcnen mit ihrem Geheimdienst?"}]},{"@type":"WebSite","@id":"https:\/\/now-news.de\/de\/#website","url":"https:\/\/now-news.de\/de\/","name":"just-now.NEWS Deutschland","description":"Das Portal f\u00fcr unzensierte Nachrichten aus der Welt","publisher":{"@id":"https:\/\/now-news.de\/de\/#organization"},"potentialAction":[{"@type":"SearchAction","target":{"@type":"EntryPoint","urlTemplate":"https:\/\/now-news.de\/de\/?s={search_term_string}"},"query-input":"required name=search_term_string"}],"inLanguage":"de"},{"@type":"Organization","@id":"https:\/\/now-news.de\/de\/#organization","name":"Just Now News","url":"https:\/\/now-news.de\/de\/","logo":{"@type":"ImageObject","inLanguage":"de","@id":"https:\/\/now-news.de\/de\/#\/schema\/logo\/image\/","url":"http:\/\/just-now.news\/de\/wp-content\/uploads\/sites\/3\/2022\/04\/logo500x500.jpg","contentUrl":"http:\/\/just-now.news\/de\/wp-content\/uploads\/sites\/3\/2022\/04\/logo500x500.jpg","width":500,"height":500,"caption":"Just Now News"},"image":{"@id":"https:\/\/now-news.de\/de\/#\/schema\/logo\/image\/"},"sameAs":["https:\/\/www.facebook.com\/wirmachenauf","https:\/\/x.com\/WirMachenAuf_de"]},{"@type":"Person","@id":"https:\/\/now-news.de\/de\/#\/schema\/person\/fb534a4e865501d8b3285208df34a9b5","name":"rtnews","image":{"@type":"ImageObject","inLanguage":"de","@id":"https:\/\/now-news.de\/de\/#\/schema\/person\/image\/","url":"https:\/\/secure.gravatar.com\/avatar\/82aafea7d8127119dd649515f56e2117?s=96&d=mm&r=g","contentUrl":"https:\/\/secure.gravatar.com\/avatar\/82aafea7d8127119dd649515f56e2117?s=96&d=mm&r=g","caption":"rtnews"},"url":"https:\/\/now-news.de\/de\/author\/rnews\/"}]}},"_links":{"self":[{"href":"https:\/\/now-news.de\/de\/wp-json\/wp\/v2\/posts\/36916"}],"collection":[{"href":"https:\/\/now-news.de\/de\/wp-json\/wp\/v2\/posts"}],"about":[{"href":"https:\/\/now-news.de\/de\/wp-json\/wp\/v2\/types\/post"}],"author":[{"embeddable":true,"href":"https:\/\/now-news.de\/de\/wp-json\/wp\/v2\/users\/3"}],"replies":[{"embeddable":true,"href":"https:\/\/now-news.de\/de\/wp-json\/wp\/v2\/comments?post=36916"}],"version-history":[{"count":0,"href":"https:\/\/now-news.de\/de\/wp-json\/wp\/v2\/posts\/36916\/revisions"}],"wp:featuredmedia":[{"embeddable":true,"href":"https:\/\/now-news.de\/de\/wp-json\/wp\/v2\/media\/36917"}],"wp:attachment":[{"href":"https:\/\/now-news.de\/de\/wp-json\/wp\/v2\/media?parent=36916"}],"wp:term":[{"taxonomy":"category","embeddable":true,"href":"https:\/\/now-news.de\/de\/wp-json\/wp\/v2\/categories?post=36916"},{"taxonomy":"post_tag","embeddable":true,"href":"https:\/\/now-news.de\/de\/wp-json\/wp\/v2\/tags?post=36916"}],"curies":[{"name":"wp","href":"https:\/\/api.w.org\/{rel}","templated":true}]}}