{"id":36896,"date":"2023-05-27T20:45:36","date_gmt":"2023-05-27T18:45:36","guid":{"rendered":"https:\/\/just-now.news\/de\/deutschland\/twitter-verlaesst-kodex-gegen-desinformation-um-sich-von-pflicht-zur-desinformation-zu-befreien\/"},"modified":"2023-05-27T20:45:36","modified_gmt":"2023-05-27T18:45:36","slug":"twitter-verlaesst-kodex-gegen-desinformation-um-sich-von-pflicht-zur-desinformation-zu-befreien","status":"publish","type":"post","link":"https:\/\/now-news.de\/de\/deutschland\/twitter-verlaesst-kodex-gegen-desinformation-um-sich-von-pflicht-zur-desinformation-zu-befreien\/","title":{"rendered":"Twitter verl\u00e4sst Kodex gegen Desinformation, um sich von Pflicht zur Desinformation zu befreien"},"content":{"rendered":"<p><img decoding=\"async\" src=\"http:\/\/just-now.news\/de\/wp-content\/uploads\/sites\/3\/2023\/05\/647216dc48fbef6ffb34cd17.jpg\" \/><\/p>\n<div class=\"Text-root Text-type_1 \">\n                Der Kurznachrichtendienst Twitter tritt aus einem EU-Abkommen gegen die Verbreitung von Desinformation aus. W\u00e4hrend sich Offizielle dar\u00fcber emp\u00f6ren, begr\u00fcndet Twitter-Chef Elon Musk den Schritt mit dem Grundsatz der Meinungsfreiheit, die durch die Regelung zu sehr eingeschr\u00e4nkt worden sei. Ab August will die EU eine neue Verpflichtung gesetzlich verankern.\n            <\/div>\n<p><\/p>\n<div class=\"Text-root Text-type_5 ArticleView-text ViewText-root \">\n<p>Der Kurznachrichtendienst Twitter tritt aus einem EU-Abkommen gegen die Verbreitung von Desinformation im Internet aus. Das Abkommen, das als freiwillige Selbstverpflichtung der Tech-Unternehmen angelegt war, sollte faktisch sicherstellen, dass die Unternehmen keine missliebigen, soll hei\u00dfen regierungs- und gesellschaftskritischen, Informationen verbreiten.<\/p>\n<p>In der Realit\u00e4t bedeutete dies, dass etwa wissenschaftliche Informationen \u00fcber die Gef\u00e4hrlichkeit der Coronaimpfungen, Analysen \u00fcber die Wahlf\u00e4lschung bei den US-Pr\u00e4sidentschaftswahlen 2020 oder Spekulationen \u00fcber die tats\u00e4chlichen Ursachen des Krieges in der Ukraine unterdr\u00fcckt werden sollten.<\/p>\n<p>Entsprechend erwartbar gro\u00df ist die Emp\u00f6rung \u00fcber die Twitter-Ank\u00fcndung nun bei jenen, die sich von derlei Informationen bedroht sehen. Bundesinnenministerin Nancy Faeser etwa nannte das Vorgehen verantwortungslos. Sie schrieb auf Twitter:<\/p>\n<blockquote>\n<p><em>&#8220;Desinformation, L\u00fcgen und Propaganda befeuern Hass und sind Gift f\u00fcr die Demokratie. (\u2026) Aber unser Recht gilt f\u00fcr alle Plattformen, wir werden es durchsetzen.&#8221;<\/em><\/p>\n<\/blockquote>\n<div class=\"EmbedBlock-root EmbedBlock-twitter\">\n<div class=\"TwitterEmbed\">\n<blockquote class=\"twitter-tweet lazyload\" data-twitter=\"twitter-tweet\">\n<p lang=\"de\" dir=\"ltr\">Desinformation, L\u00fcgen und Propaganda befeuern Hass und sind Gift f\u00fcr die Demokratie. Twitter tr\u00e4gt Verantwortung. Dieser Schritt ist verantwortungslos. Aber unser Recht gilt f\u00fcr alle Plattformen, wir werden es durchsetzen. Gut, dass es in K\u00fcrze striktere EU-Regeln gibt. <a rel=\"nofollow noopener\" target=\"_blank\" href=\"https:\/\/t.co\/ya0RLZbTqq\">https:\/\/t.co\/ya0RLZbTqq<\/a><\/p>\n<p>\u2014 Nancy Faeser (@NancyFaeser) <a rel=\"nofollow noopener\" target=\"_blank\" href=\"https:\/\/twitter.com\/NancyFaeser\/status\/1662345888700792833?ref_src=twsrc%5Etfw\">May 27, 2023<\/a><\/p><\/blockquote>\n<\/div>\n<\/div>\n<p>Es sei gut, dass es in K\u00fcrze striktere EU-Regeln gebe, so Faeser weiter. Dabei bezog sich die SPD-Politikerin auf eine Ank\u00fcndigung von EU-Binnenmarktkommissar Thierry Breton. Demnach werde es \u00fcber die freiwillige Verpflichtung hinaus ab dem 25. August eine <a rel=\"nofollow noopener\" target=\"_blank\" href=\"https:\/\/www.berliner-zeitung.de\/politik-gesellschaft\/eu-will-starker-gegen-desinformation-vorgehen-li.315218\">gesetzliche Verpflichtung im Rahmen des sogenannten EU-Gesetzes \u00fcber digitale Dienste<\/a> geben. Breton hatte zuvor auf Twitter geschrieben:<\/p>\n<blockquote>\n<p><em>&#8220;Twitter verl\u00e4sst freiwilligen EU-Verhaltenskodex gegen Desinformation. Aber die Verpflichtungen bleiben. Ihr k\u00f6nnt davonlaufen, aber ihr k\u00f6nnt euch nicht verstecken. (\u2026) Unsere Teams werden auf die Durchsetzung vorbereitet sein.&#8221;<\/em><\/p>\n<\/blockquote>\n<div class=\"EmbedBlock-root EmbedBlock-twitter\">\n<div class=\"TwitterEmbed\">\n<blockquote class=\"twitter-tweet lazyload\" data-twitter=\"twitter-tweet\">\n<p lang=\"en\" dir=\"ltr\">Twitter leaves EU voluntary Code of Practice against disinformation.But obligations remain. You can run but you can\u2019t hide. Beyond voluntary commitments, fighting disinformation will be legal obligation under <a rel=\"nofollow noopener\" target=\"_blank\" href=\"https:\/\/twitter.com\/hashtag\/DSA?src=hash&amp;ref_src=twsrc%5Etfw\">#DSA<\/a> as of August 25.Our teams will be ready for enforcement.<\/p>\n<p>\u2014 Thierry Breton (@ThierryBreton) <a rel=\"nofollow noopener\" target=\"_blank\" href=\"https:\/\/twitter.com\/ThierryBreton\/status\/1662194595755704321?ref_src=twsrc%5Etfw\">May 26, 2023<\/a><\/p><\/blockquote>\n<\/div>\n<\/div>\n<p>Das neue Gesetz soll unter anderem sicherstellen, dass Online-Plattformen illegale Inhalte auf ihren Seiten schneller entfernen. Die Vorgaben gelten ab Mitte Februar 2024 in der gesamten EU \u2013 f\u00fcr besonders gro\u00dfe Plattformen schon fr\u00fcher.<\/p>\n<p>Bereits im Februar dieses Jahres hatte die EU-Kommission Berichte dar\u00fcber ver\u00f6ffentlicht wie Online-Plattformen, unter anderem auch Google, Meta, Microsoft und TikTok, die Regeln des freiwilligen EU-Verhaltenskodexes umsetzen. Der Bericht von Twitter sei hinter den anderen zur\u00fcckgeblieben, so die Br\u00fcsseler Beh\u00f6rde damals.<\/p>\n<div class=\"EmbedBlock-root EmbedBlock-twitter\">\n<div class=\"TwitterEmbed\">\n<blockquote class=\"twitter-tweet lazyload\" data-twitter=\"twitter-tweet\">\n<p lang=\"de\" dir=\"ltr\">Gute Nachrichten f\u00fcr die Anh\u00e4nger der selbstgew\u00e4hlten Unm\u00fcndigkeit: Big Player gro\u00dfer <a rel=\"nofollow noopener\" target=\"_blank\" href=\"https:\/\/twitter.com\/hashtag\/SocialEngineering?src=hash&amp;ref_src=twsrc%5Etfw\">#SocialEngineering<\/a>-Plattformen wie <a rel=\"nofollow noopener\" target=\"_blank\" href=\"https:\/\/twitter.com\/hashtag\/Google?src=hash&amp;ref_src=twsrc%5Etfw\">#Google<\/a>, <a rel=\"nofollow noopener\" target=\"_blank\" href=\"https:\/\/twitter.com\/hashtag\/Facebook?src=hash&amp;ref_src=twsrc%5Etfw\">#Facebook<\/a> und <a rel=\"nofollow noopener\" target=\"_blank\" href=\"https:\/\/twitter.com\/hashtag\/TikTok?src=hash&amp;ref_src=twsrc%5Etfw\">#TikTok<\/a> (au\u00dfer <a rel=\"nofollow noopener\" target=\"_blank\" href=\"https:\/\/twitter.com\/hashtag\/Twitter?src=hash&amp;ref_src=twsrc%5Etfw\">#Twitter<\/a>) bekennen sich zu dem ab dem 25.08.2023 umgesetzten \u00ab EU-Pakt f\u00fcr Information \u00bb, der es in Zukunft m\u00f6glich\u2026 <a rel=\"nofollow noopener\" target=\"_blank\" href=\"https:\/\/t.co\/IMKGY7Korp\">pic.twitter.com\/IMKGY7Korp<\/a><\/p>\n<p>\u2014 Evi Denz (@ElefantImRaum2) <a rel=\"nofollow noopener\" target=\"_blank\" href=\"https:\/\/twitter.com\/ElefantImRaum2\/status\/1662360390527746051?ref_src=twsrc%5Etfw\">May 27, 2023<\/a><\/p><\/blockquote>\n<\/div>\n<\/div>\n<p>Twitter-Chef Elon Musk beruft sich indes auf ein Konzept, von dem sich westliche Gesellschaften derzeit in genau dem Ma\u00dfe verabschieden, in dem sich ihre B\u00fcrger von den Auffassungen und Agenden der Eliten entfernen: die Meinungsfreiheit. Musk hatte in diesem Zusammenhang stets betont, die aus seiner Sicht zu starken Einschr\u00e4nkungen der Meinungsfreiheit auf der Plattform beseitigen zu wollen.<\/p>\n<div class=\"EmbedBlock-root EmbedBlock-twitter\">\n<div class=\"TwitterEmbed\">\n<blockquote class=\"twitter-tweet lazyload\" data-twitter=\"twitter-tweet\">\n<p lang=\"de\" dir=\"ltr\">Das nennt sich per Definition:Z.E.N.S.U.R. <a rel=\"nofollow noopener\" target=\"_blank\" href=\"https:\/\/t.co\/7YOIeGTtnq\">https:\/\/t.co\/7YOIeGTtnq<\/a><\/p>\n<p>\u2014 henning rosenbusch (@rosenbusch_) <a rel=\"nofollow noopener\" target=\"_blank\" href=\"https:\/\/twitter.com\/rosenbusch_\/status\/1662356665402896387?ref_src=twsrc%5Etfw\">May 27, 2023<\/a><\/p><\/blockquote>\n<\/div>\n<\/div>\n<p><strong>Mehr zum Thema<\/strong> &#8211; <a rel=\"nofollow noopener\" target=\"_blank\" href=\"https:\/\/freeassange.rtde.live\/meinung\/171056-drei-gruende-warum-paul-brandenburgs\/\">Drei Gr\u00fcnde, warum Paul Brandenburgs Verurteilung vermutlich schon im Vorfeld feststand<\/a><\/p>\n<\/div>\n<p><script async src=\"https:\/\/platform.twitter.com\/widgets.js\" charset=\"utf-8\"><\/script><br \/>\n<br \/><br \/>\n<br \/><a href=\"https:\/\/de.rt.com\/international\/171150-twitter-verlaesst-kodex-gegen-desinformation\/\">Source link <\/a><\/p>\n","protected":false},"excerpt":{"rendered":"<p>Der Kurznachrichtendienst Twitter tritt aus einem EU-Abkommen gegen die Verbreitung von Desinformation aus. W\u00e4hrend sich Offizielle dar\u00fcber emp\u00f6ren, begr\u00fcndet Twitter-Chef Elon Musk den Schritt mit dem Grundsatz der Meinungsfreiheit, die durch die Regelung zu sehr eingeschr\u00e4nkt worden sei. Ab August will die EU eine neue Verpflichtung gesetzlich verankern. Der Kurznachrichtendienst Twitter tritt aus einem EU-Abkommen [&hellip;]<\/p>\n","protected":false},"author":3,"featured_media":36897,"comment_status":"open","ping_status":"open","sticky":false,"template":"","format":"standard","meta":{"_yoast_indexnow_last_ping":["1685213518"],"wp_automatic_camp":["217"],"dc6f397bd6a4920d7a28215c4f33c63a":["Twitter verl\u00e4sst Kodex gegen Desinformation, um sich von Pflicht zur Desinformation zu befreien"],"original_link":["https:\/\/de.rt.com\/international\/171150-twitter-verlaesst-kodex-gegen-desinformation\/"],"_thumbnail_id":["36897"],"jnews_social_counter_last_update":["1777340027"],"_wptgpro_p2tg_sent2tg":["a:1:{i:23737;s:19:\"2023-05-27 20:53:15\";}"]},"categories":[19,23],"tags":[36802,2571,278,44837,24629,434,1583,1444,50,581],"yoast_head":"<!-- This site is optimized with the Yoast SEO Premium plugin v22.7 (Yoast SEO v22.7) - https:\/\/yoast.com\/wordpress\/plugins\/seo\/ -->\n<title>Twitter verl\u00e4sst Kodex gegen Desinformation, um sich von Pflicht zur Desinformation zu befreien - just-now.NEWS Deutschland<\/title>\n<meta name=\"robots\" content=\"index, follow, max-snippet:-1, max-image-preview:large, max-video-preview:-1\" \/>\n<link rel=\"canonical\" href=\"https:\/\/now-news.de\/de\/deutschland\/twitter-verlaesst-kodex-gegen-desinformation-um-sich-von-pflicht-zur-desinformation-zu-befreien\/\" \/>\n<meta property=\"og:locale\" content=\"de_DE\" \/>\n<meta property=\"og:type\" content=\"article\" \/>\n<meta property=\"og:title\" content=\"Twitter verl\u00e4sst Kodex gegen Desinformation, um sich von Pflicht zur Desinformation zu befreien\" \/>\n<meta property=\"og:description\" content=\"Der Kurznachrichtendienst Twitter tritt aus einem EU-Abkommen gegen die Verbreitung von Desinformation aus. W\u00e4hrend sich Offizielle dar\u00fcber emp\u00f6ren, begr\u00fcndet Twitter-Chef Elon Musk den Schritt mit dem Grundsatz der Meinungsfreiheit, die durch die Regelung zu sehr eingeschr\u00e4nkt worden sei. Ab August will die EU eine neue Verpflichtung gesetzlich verankern. Der Kurznachrichtendienst Twitter tritt aus einem EU-Abkommen [&hellip;]\" \/>\n<meta property=\"og:url\" content=\"https:\/\/now-news.de\/de\/deutschland\/twitter-verlaesst-kodex-gegen-desinformation-um-sich-von-pflicht-zur-desinformation-zu-befreien\/\" \/>\n<meta property=\"og:site_name\" content=\"just-now.NEWS Deutschland\" \/>\n<meta property=\"article:publisher\" content=\"https:\/\/www.facebook.com\/wirmachenauf\" \/>\n<meta property=\"article:published_time\" content=\"2023-05-27T18:45:36+00:00\" \/>\n<meta property=\"og:image\" content=\"https:\/\/now-news.de\/de\/wp-content\/uploads\/sites\/3\/2023\/05\/Twitter-verlaesst-Kodex-gegen-Desinformation-um-sich-von-Pflicht-zur.jpg\" \/>\n\t<meta property=\"og:image:width\" content=\"460\" \/>\n\t<meta property=\"og:image:height\" content=\"259\" \/>\n\t<meta property=\"og:image:type\" content=\"image\/jpeg\" \/>\n<meta name=\"author\" content=\"rtnews\" \/>\n<meta name=\"twitter:card\" content=\"summary_large_image\" \/>\n<meta name=\"twitter:creator\" content=\"@WirMachenAuf_de\" \/>\n<meta name=\"twitter:site\" content=\"@WirMachenAuf_de\" \/>\n<meta name=\"twitter:label1\" content=\"Verfasst von\" \/>\n\t<meta name=\"twitter:data1\" content=\"rtnews\" \/>\n\t<meta name=\"twitter:label2\" content=\"Gesch\u00e4tzte Lesezeit\" \/>\n\t<meta name=\"twitter:data2\" content=\"3\u00a0Minuten\" \/>\n<script type=\"application\/ld+json\" class=\"yoast-schema-graph\">{\"@context\":\"https:\/\/schema.org\",\"@graph\":[{\"@type\":\"Article\",\"@id\":\"https:\/\/now-news.de\/de\/deutschland\/twitter-verlaesst-kodex-gegen-desinformation-um-sich-von-pflicht-zur-desinformation-zu-befreien\/#article\",\"isPartOf\":{\"@id\":\"https:\/\/now-news.de\/de\/deutschland\/twitter-verlaesst-kodex-gegen-desinformation-um-sich-von-pflicht-zur-desinformation-zu-befreien\/\"},\"author\":{\"name\":\"rtnews\",\"@id\":\"https:\/\/now-news.de\/de\/#\/schema\/person\/fb534a4e865501d8b3285208df34a9b5\"},\"headline\":\"Twitter verl\u00e4sst Kodex gegen Desinformation, um sich von Pflicht zur Desinformation zu befreien\",\"datePublished\":\"2023-05-27T18:45:36+00:00\",\"dateModified\":\"2023-05-27T18:45:36+00:00\",\"mainEntityOfPage\":{\"@id\":\"https:\/\/now-news.de\/de\/deutschland\/twitter-verlaesst-kodex-gegen-desinformation-um-sich-von-pflicht-zur-desinformation-zu-befreien\/\"},\"wordCount\":621,\"commentCount\":0,\"publisher\":{\"@id\":\"https:\/\/now-news.de\/de\/#organization\"},\"image\":{\"@id\":\"https:\/\/now-news.de\/de\/deutschland\/twitter-verlaesst-kodex-gegen-desinformation-um-sich-von-pflicht-zur-desinformation-zu-befreien\/#primaryimage\"},\"thumbnailUrl\":\"https:\/\/now-news.de\/de\/wp-content\/uploads\/sites\/3\/2023\/05\/Twitter-verlaesst-Kodex-gegen-Desinformation-um-sich-von-Pflicht-zur.jpg\",\"keywords\":[\"befreien\",\"Desinformation\",\"gegen\",\"Kodex\",\"Pflicht\",\"sich\",\"Twitter\",\"verl\u00e4sst\",\"von\",\"zur\"],\"articleSection\":[\"Deutschland\",\"Russland\"],\"inLanguage\":\"de\",\"potentialAction\":[{\"@type\":\"CommentAction\",\"name\":\"Comment\",\"target\":[\"https:\/\/now-news.de\/de\/deutschland\/twitter-verlaesst-kodex-gegen-desinformation-um-sich-von-pflicht-zur-desinformation-zu-befreien\/#respond\"]}]},{\"@type\":\"WebPage\",\"@id\":\"https:\/\/now-news.de\/de\/deutschland\/twitter-verlaesst-kodex-gegen-desinformation-um-sich-von-pflicht-zur-desinformation-zu-befreien\/\",\"url\":\"https:\/\/now-news.de\/de\/deutschland\/twitter-verlaesst-kodex-gegen-desinformation-um-sich-von-pflicht-zur-desinformation-zu-befreien\/\",\"name\":\"Twitter verl\u00e4sst Kodex gegen Desinformation, um sich von Pflicht zur Desinformation zu befreien - just-now.NEWS Deutschland\",\"isPartOf\":{\"@id\":\"https:\/\/now-news.de\/de\/#website\"},\"primaryImageOfPage\":{\"@id\":\"https:\/\/now-news.de\/de\/deutschland\/twitter-verlaesst-kodex-gegen-desinformation-um-sich-von-pflicht-zur-desinformation-zu-befreien\/#primaryimage\"},\"image\":{\"@id\":\"https:\/\/now-news.de\/de\/deutschland\/twitter-verlaesst-kodex-gegen-desinformation-um-sich-von-pflicht-zur-desinformation-zu-befreien\/#primaryimage\"},\"thumbnailUrl\":\"https:\/\/now-news.de\/de\/wp-content\/uploads\/sites\/3\/2023\/05\/Twitter-verlaesst-Kodex-gegen-Desinformation-um-sich-von-Pflicht-zur.jpg\",\"datePublished\":\"2023-05-27T18:45:36+00:00\",\"dateModified\":\"2023-05-27T18:45:36+00:00\",\"breadcrumb\":{\"@id\":\"https:\/\/now-news.de\/de\/deutschland\/twitter-verlaesst-kodex-gegen-desinformation-um-sich-von-pflicht-zur-desinformation-zu-befreien\/#breadcrumb\"},\"inLanguage\":\"de\",\"potentialAction\":[{\"@type\":\"ReadAction\",\"target\":[\"https:\/\/now-news.de\/de\/deutschland\/twitter-verlaesst-kodex-gegen-desinformation-um-sich-von-pflicht-zur-desinformation-zu-befreien\/\"]}]},{\"@type\":\"ImageObject\",\"inLanguage\":\"de\",\"@id\":\"https:\/\/now-news.de\/de\/deutschland\/twitter-verlaesst-kodex-gegen-desinformation-um-sich-von-pflicht-zur-desinformation-zu-befreien\/#primaryimage\",\"url\":\"https:\/\/now-news.de\/de\/wp-content\/uploads\/sites\/3\/2023\/05\/Twitter-verlaesst-Kodex-gegen-Desinformation-um-sich-von-Pflicht-zur.jpg\",\"contentUrl\":\"https:\/\/now-news.de\/de\/wp-content\/uploads\/sites\/3\/2023\/05\/Twitter-verlaesst-Kodex-gegen-Desinformation-um-sich-von-Pflicht-zur.jpg\",\"width\":460,\"height\":259,\"caption\":\"Twitter verl\u00e4sst Kodex gegen Desinformation, um sich von Pflicht zur Desinformation zu befreien\"},{\"@type\":\"BreadcrumbList\",\"@id\":\"https:\/\/now-news.de\/de\/deutschland\/twitter-verlaesst-kodex-gegen-desinformation-um-sich-von-pflicht-zur-desinformation-zu-befreien\/#breadcrumb\",\"itemListElement\":[{\"@type\":\"ListItem\",\"position\":1,\"name\":\"Home\",\"item\":\"https:\/\/now-news.de\/de\/\"},{\"@type\":\"ListItem\",\"position\":2,\"name\":\"Twitter verl\u00e4sst Kodex gegen Desinformation, um sich von Pflicht zur Desinformation zu befreien\"}]},{\"@type\":\"WebSite\",\"@id\":\"https:\/\/now-news.de\/de\/#website\",\"url\":\"https:\/\/now-news.de\/de\/\",\"name\":\"just-now.NEWS Deutschland\",\"description\":\"Das Portal f\u00fcr unzensierte Nachrichten aus der Welt\",\"publisher\":{\"@id\":\"https:\/\/now-news.de\/de\/#organization\"},\"potentialAction\":[{\"@type\":\"SearchAction\",\"target\":{\"@type\":\"EntryPoint\",\"urlTemplate\":\"https:\/\/now-news.de\/de\/?s={search_term_string}\"},\"query-input\":\"required name=search_term_string\"}],\"inLanguage\":\"de\"},{\"@type\":\"Organization\",\"@id\":\"https:\/\/now-news.de\/de\/#organization\",\"name\":\"Just Now News\",\"url\":\"https:\/\/now-news.de\/de\/\",\"logo\":{\"@type\":\"ImageObject\",\"inLanguage\":\"de\",\"@id\":\"https:\/\/now-news.de\/de\/#\/schema\/logo\/image\/\",\"url\":\"http:\/\/just-now.news\/de\/wp-content\/uploads\/sites\/3\/2022\/04\/logo500x500.jpg\",\"contentUrl\":\"http:\/\/just-now.news\/de\/wp-content\/uploads\/sites\/3\/2022\/04\/logo500x500.jpg\",\"width\":500,\"height\":500,\"caption\":\"Just Now News\"},\"image\":{\"@id\":\"https:\/\/now-news.de\/de\/#\/schema\/logo\/image\/\"},\"sameAs\":[\"https:\/\/www.facebook.com\/wirmachenauf\",\"https:\/\/x.com\/WirMachenAuf_de\"]},{\"@type\":\"Person\",\"@id\":\"https:\/\/now-news.de\/de\/#\/schema\/person\/fb534a4e865501d8b3285208df34a9b5\",\"name\":\"rtnews\",\"image\":{\"@type\":\"ImageObject\",\"inLanguage\":\"de\",\"@id\":\"https:\/\/now-news.de\/de\/#\/schema\/person\/image\/\",\"url\":\"https:\/\/secure.gravatar.com\/avatar\/82aafea7d8127119dd649515f56e2117?s=96&d=mm&r=g\",\"contentUrl\":\"https:\/\/secure.gravatar.com\/avatar\/82aafea7d8127119dd649515f56e2117?s=96&d=mm&r=g\",\"caption\":\"rtnews\"},\"url\":\"https:\/\/now-news.de\/de\/author\/rnews\/\"}]}<\/script>\n<!-- \/ Yoast SEO Premium plugin. -->","yoast_head_json":{"title":"Twitter verl\u00e4sst Kodex gegen Desinformation, um sich von Pflicht zur Desinformation zu befreien - just-now.NEWS Deutschland","robots":{"index":"index","follow":"follow","max-snippet":"max-snippet:-1","max-image-preview":"max-image-preview:large","max-video-preview":"max-video-preview:-1"},"canonical":"https:\/\/now-news.de\/de\/deutschland\/twitter-verlaesst-kodex-gegen-desinformation-um-sich-von-pflicht-zur-desinformation-zu-befreien\/","og_locale":"de_DE","og_type":"article","og_title":"Twitter verl\u00e4sst Kodex gegen Desinformation, um sich von Pflicht zur Desinformation zu befreien","og_description":"Der Kurznachrichtendienst Twitter tritt aus einem EU-Abkommen gegen die Verbreitung von Desinformation aus. W\u00e4hrend sich Offizielle dar\u00fcber emp\u00f6ren, begr\u00fcndet Twitter-Chef Elon Musk den Schritt mit dem Grundsatz der Meinungsfreiheit, die durch die Regelung zu sehr eingeschr\u00e4nkt worden sei. Ab August will die EU eine neue Verpflichtung gesetzlich verankern. Der Kurznachrichtendienst Twitter tritt aus einem EU-Abkommen [&hellip;]","og_url":"https:\/\/now-news.de\/de\/deutschland\/twitter-verlaesst-kodex-gegen-desinformation-um-sich-von-pflicht-zur-desinformation-zu-befreien\/","og_site_name":"just-now.NEWS Deutschland","article_publisher":"https:\/\/www.facebook.com\/wirmachenauf","article_published_time":"2023-05-27T18:45:36+00:00","og_image":[{"width":460,"height":259,"url":"https:\/\/now-news.de\/de\/wp-content\/uploads\/sites\/3\/2023\/05\/Twitter-verlaesst-Kodex-gegen-Desinformation-um-sich-von-Pflicht-zur.jpg","type":"image\/jpeg"}],"author":"rtnews","twitter_card":"summary_large_image","twitter_creator":"@WirMachenAuf_de","twitter_site":"@WirMachenAuf_de","twitter_misc":{"Verfasst von":"rtnews","Gesch\u00e4tzte Lesezeit":"3\u00a0Minuten"},"schema":{"@context":"https:\/\/schema.org","@graph":[{"@type":"Article","@id":"https:\/\/now-news.de\/de\/deutschland\/twitter-verlaesst-kodex-gegen-desinformation-um-sich-von-pflicht-zur-desinformation-zu-befreien\/#article","isPartOf":{"@id":"https:\/\/now-news.de\/de\/deutschland\/twitter-verlaesst-kodex-gegen-desinformation-um-sich-von-pflicht-zur-desinformation-zu-befreien\/"},"author":{"name":"rtnews","@id":"https:\/\/now-news.de\/de\/#\/schema\/person\/fb534a4e865501d8b3285208df34a9b5"},"headline":"Twitter verl\u00e4sst Kodex gegen Desinformation, um sich von Pflicht zur Desinformation zu befreien","datePublished":"2023-05-27T18:45:36+00:00","dateModified":"2023-05-27T18:45:36+00:00","mainEntityOfPage":{"@id":"https:\/\/now-news.de\/de\/deutschland\/twitter-verlaesst-kodex-gegen-desinformation-um-sich-von-pflicht-zur-desinformation-zu-befreien\/"},"wordCount":621,"commentCount":0,"publisher":{"@id":"https:\/\/now-news.de\/de\/#organization"},"image":{"@id":"https:\/\/now-news.de\/de\/deutschland\/twitter-verlaesst-kodex-gegen-desinformation-um-sich-von-pflicht-zur-desinformation-zu-befreien\/#primaryimage"},"thumbnailUrl":"https:\/\/now-news.de\/de\/wp-content\/uploads\/sites\/3\/2023\/05\/Twitter-verlaesst-Kodex-gegen-Desinformation-um-sich-von-Pflicht-zur.jpg","keywords":["befreien","Desinformation","gegen","Kodex","Pflicht","sich","Twitter","verl\u00e4sst","von","zur"],"articleSection":["Deutschland","Russland"],"inLanguage":"de","potentialAction":[{"@type":"CommentAction","name":"Comment","target":["https:\/\/now-news.de\/de\/deutschland\/twitter-verlaesst-kodex-gegen-desinformation-um-sich-von-pflicht-zur-desinformation-zu-befreien\/#respond"]}]},{"@type":"WebPage","@id":"https:\/\/now-news.de\/de\/deutschland\/twitter-verlaesst-kodex-gegen-desinformation-um-sich-von-pflicht-zur-desinformation-zu-befreien\/","url":"https:\/\/now-news.de\/de\/deutschland\/twitter-verlaesst-kodex-gegen-desinformation-um-sich-von-pflicht-zur-desinformation-zu-befreien\/","name":"Twitter verl\u00e4sst Kodex gegen Desinformation, um sich von Pflicht zur Desinformation zu befreien - just-now.NEWS Deutschland","isPartOf":{"@id":"https:\/\/now-news.de\/de\/#website"},"primaryImageOfPage":{"@id":"https:\/\/now-news.de\/de\/deutschland\/twitter-verlaesst-kodex-gegen-desinformation-um-sich-von-pflicht-zur-desinformation-zu-befreien\/#primaryimage"},"image":{"@id":"https:\/\/now-news.de\/de\/deutschland\/twitter-verlaesst-kodex-gegen-desinformation-um-sich-von-pflicht-zur-desinformation-zu-befreien\/#primaryimage"},"thumbnailUrl":"https:\/\/now-news.de\/de\/wp-content\/uploads\/sites\/3\/2023\/05\/Twitter-verlaesst-Kodex-gegen-Desinformation-um-sich-von-Pflicht-zur.jpg","datePublished":"2023-05-27T18:45:36+00:00","dateModified":"2023-05-27T18:45:36+00:00","breadcrumb":{"@id":"https:\/\/now-news.de\/de\/deutschland\/twitter-verlaesst-kodex-gegen-desinformation-um-sich-von-pflicht-zur-desinformation-zu-befreien\/#breadcrumb"},"inLanguage":"de","potentialAction":[{"@type":"ReadAction","target":["https:\/\/now-news.de\/de\/deutschland\/twitter-verlaesst-kodex-gegen-desinformation-um-sich-von-pflicht-zur-desinformation-zu-befreien\/"]}]},{"@type":"ImageObject","inLanguage":"de","@id":"https:\/\/now-news.de\/de\/deutschland\/twitter-verlaesst-kodex-gegen-desinformation-um-sich-von-pflicht-zur-desinformation-zu-befreien\/#primaryimage","url":"https:\/\/now-news.de\/de\/wp-content\/uploads\/sites\/3\/2023\/05\/Twitter-verlaesst-Kodex-gegen-Desinformation-um-sich-von-Pflicht-zur.jpg","contentUrl":"https:\/\/now-news.de\/de\/wp-content\/uploads\/sites\/3\/2023\/05\/Twitter-verlaesst-Kodex-gegen-Desinformation-um-sich-von-Pflicht-zur.jpg","width":460,"height":259,"caption":"Twitter verl\u00e4sst Kodex gegen Desinformation, um sich von Pflicht zur Desinformation zu befreien"},{"@type":"BreadcrumbList","@id":"https:\/\/now-news.de\/de\/deutschland\/twitter-verlaesst-kodex-gegen-desinformation-um-sich-von-pflicht-zur-desinformation-zu-befreien\/#breadcrumb","itemListElement":[{"@type":"ListItem","position":1,"name":"Home","item":"https:\/\/now-news.de\/de\/"},{"@type":"ListItem","position":2,"name":"Twitter verl\u00e4sst Kodex gegen Desinformation, um sich von Pflicht zur Desinformation zu befreien"}]},{"@type":"WebSite","@id":"https:\/\/now-news.de\/de\/#website","url":"https:\/\/now-news.de\/de\/","name":"just-now.NEWS Deutschland","description":"Das Portal f\u00fcr unzensierte Nachrichten aus der Welt","publisher":{"@id":"https:\/\/now-news.de\/de\/#organization"},"potentialAction":[{"@type":"SearchAction","target":{"@type":"EntryPoint","urlTemplate":"https:\/\/now-news.de\/de\/?s={search_term_string}"},"query-input":"required name=search_term_string"}],"inLanguage":"de"},{"@type":"Organization","@id":"https:\/\/now-news.de\/de\/#organization","name":"Just Now News","url":"https:\/\/now-news.de\/de\/","logo":{"@type":"ImageObject","inLanguage":"de","@id":"https:\/\/now-news.de\/de\/#\/schema\/logo\/image\/","url":"http:\/\/just-now.news\/de\/wp-content\/uploads\/sites\/3\/2022\/04\/logo500x500.jpg","contentUrl":"http:\/\/just-now.news\/de\/wp-content\/uploads\/sites\/3\/2022\/04\/logo500x500.jpg","width":500,"height":500,"caption":"Just Now News"},"image":{"@id":"https:\/\/now-news.de\/de\/#\/schema\/logo\/image\/"},"sameAs":["https:\/\/www.facebook.com\/wirmachenauf","https:\/\/x.com\/WirMachenAuf_de"]},{"@type":"Person","@id":"https:\/\/now-news.de\/de\/#\/schema\/person\/fb534a4e865501d8b3285208df34a9b5","name":"rtnews","image":{"@type":"ImageObject","inLanguage":"de","@id":"https:\/\/now-news.de\/de\/#\/schema\/person\/image\/","url":"https:\/\/secure.gravatar.com\/avatar\/82aafea7d8127119dd649515f56e2117?s=96&d=mm&r=g","contentUrl":"https:\/\/secure.gravatar.com\/avatar\/82aafea7d8127119dd649515f56e2117?s=96&d=mm&r=g","caption":"rtnews"},"url":"https:\/\/now-news.de\/de\/author\/rnews\/"}]}},"_links":{"self":[{"href":"https:\/\/now-news.de\/de\/wp-json\/wp\/v2\/posts\/36896"}],"collection":[{"href":"https:\/\/now-news.de\/de\/wp-json\/wp\/v2\/posts"}],"about":[{"href":"https:\/\/now-news.de\/de\/wp-json\/wp\/v2\/types\/post"}],"author":[{"embeddable":true,"href":"https:\/\/now-news.de\/de\/wp-json\/wp\/v2\/users\/3"}],"replies":[{"embeddable":true,"href":"https:\/\/now-news.de\/de\/wp-json\/wp\/v2\/comments?post=36896"}],"version-history":[{"count":0,"href":"https:\/\/now-news.de\/de\/wp-json\/wp\/v2\/posts\/36896\/revisions"}],"wp:featuredmedia":[{"embeddable":true,"href":"https:\/\/now-news.de\/de\/wp-json\/wp\/v2\/media\/36897"}],"wp:attachment":[{"href":"https:\/\/now-news.de\/de\/wp-json\/wp\/v2\/media?parent=36896"}],"wp:term":[{"taxonomy":"category","embeddable":true,"href":"https:\/\/now-news.de\/de\/wp-json\/wp\/v2\/categories?post=36896"},{"taxonomy":"post_tag","embeddable":true,"href":"https:\/\/now-news.de\/de\/wp-json\/wp\/v2\/tags?post=36896"}],"curies":[{"name":"wp","href":"https:\/\/api.w.org\/{rel}","templated":true}]}}