{"id":36842,"date":"2023-05-26T20:43:44","date_gmt":"2023-05-26T18:43:44","guid":{"rendered":"https:\/\/just-now.news\/de\/deutschland\/kiew-entzieht-ukrainisch-staemmigem-sowjetfuehrer-ehrenbuergerschaft\/"},"modified":"2023-05-26T20:43:44","modified_gmt":"2023-05-26T18:43:44","slug":"kiew-entzieht-ukrainisch-staemmigem-sowjetfuehrer-ehrenbuergerschaft","status":"publish","type":"post","link":"https:\/\/now-news.de\/de\/deutschland\/kiew-entzieht-ukrainisch-staemmigem-sowjetfuehrer-ehrenbuergerschaft\/","title":{"rendered":"Kiew entzieht ukrainisch-st\u00e4mmigem Sowjetf\u00fchrer Ehrenb\u00fcrgerschaft"},"content":{"rendered":"<p><img decoding=\"async\" src=\"http:\/\/just-now.news\/de\/wp-content\/uploads\/sites\/3\/2023\/05\/6470cca5b480cc71d2576e21.jpg\" \/><\/p>\n<div class=\"Text-root Text-type_1 \">\n                Die Abgeordneten des Kiewer Stadtrats haben dem Generalsekret\u00e4r des Zentralkomitees der KPdSU, Leonid Breschnew, und mehreren hochrangigen sowjetischen Parteifunktion\u00e4ren und Milit\u00e4rs den Titel eines Ehrenb\u00fcrgers von Kiew aberkannt.\n            <\/div>\n<p><\/p>\n<div class=\"Text-root Text-type_5 ArticleView-text ViewText-root \">\n<p>Der Stadtrat von Kiew hat beschlossen, dem verstorbenen Sowjetf\u00fchrer Leonid Breschnew, der geb\u00fcrtiger Ukrainer war, den Titel eines Ehrenb\u00fcrgers der ukrainischen Hauptstadt abzuerkennen. Bei der Abstimmung wurde dieser Schritt von 82 der 120 Abgeordneten unterst\u00fctzt, es gab keine Gegenstimmen und neun Personen nahmen nicht an der Stimmabgabe teil. Der Stadtrat erkl\u00e4rte feierlich:<\/p>\n<blockquote>\n<p><em>&#8220;Diese Entscheidung ist ein weiterer Schritt zur Beseitigung des Erbes des ehemaligen kommunistischen Regimes.&#8221;<\/em><\/p>\n<\/blockquote>\n<p>Mit dem Beschluss wurde nicht nur Breschnew, sondern auch allen Pers\u00f6nlichkeiten der Kommunistischen Partei der Ukraine und der Kommunistischen Partei der ehemaligen Sowjetrepubliken ab dem Posten eines Sekret\u00e4rs des Bezirksparteikomitees und h\u00f6her der Titel eines Ehrenb\u00fcrgers von Kiew aberkannt. Entzogen wurde der Titel ferner allen Komsomol-F\u00fchrern der Ukraine ab dem Posten eines Sekret\u00e4rs der Bezirksorganisation, Mitarbeitern und Agenten des KGB aller ehemaligen Sowjetrepubliken sowie Absolventen von KGB-Hochschulen, mit Ausnahme technischer Berufe.<\/p>\n<p>Unter dem Strich stellte sich heraus, dass neben Breschnew die pers\u00f6nliche Liste derjenigen, denen der Titel eines Ehrenb\u00fcrgers von Kiew aberkannt wurde, f\u00fcnf weitere Personen umfasste,\u00a0unter anderem den\u00a0vietnamesischen Revolution\u00e4r Truong Chinh (Dang Xuan Khu). Der Sekret\u00e4r des Kiewer Stadtrats Wladimir Bondarenko \u00e4u\u00dferte sich diesbez\u00fcglich wie folgt:\u00a0<\/p>\n<blockquote>\n<p><em>&#8220;Ich bringe f\u00fcr alle nahe: Er war F\u00fchrer der Kommunistischen Partei der Republik Vietnam. War Ehrenb\u00fcrger der Stadt Kiew. Nun, das kommt vor.&#8221;<\/em><\/p>\n<\/blockquote>\n<p>Dieser Schritt der Kiewer Beh\u00f6rden steht v\u00f6llig im Einklang mit dem umstrittenen Gesetz zur &#8220;Entkommunisierung&#8221; aus dem Jahr 2015. Der Titel &#8220;Ehrenb\u00fcrger von Kiew&#8221; wurde 1982 eingef\u00fchrt\u00a0\u2012 Breschnew war der Erste, der ihn verliehen bekam.<\/p>\n<p>Im Jahr 1964 l\u00f6ste Leonid Breschnew Nikita Chruschtschow als Generalsekret\u00e4r der Kommunistischen Partei der Sowjetunion ab und wurde 1977 auch Vorsitzender des Pr\u00e4sidiums des Obersten Sowjets. Bis zu seinem Tod im Alter von 75 Jahren im Jahr 1982 bekleidete er diese beiden h\u00f6chsten \u00c4mter im Land.<\/p>\n<p>Der sowjetische Staatschef wurde einige Monate vor seinem Tod mit der Ehrenb\u00fcrgerschaft Kiews ausgezeichnet, nachdem er die 62 Meter hohe Mutter-Heimat-Statue, die dem Sieg der UdSSR \u00fcber Nazi-Deutschland im Zweiten Weltkrieg gewidmet ist, in der Hauptstadt der damaligen Ukrainischen Sozialistischen Sowjetrepublik er\u00f6ffnet\u00a0hatte.<\/p>\n<p>Breschnew wurde 1907 im Russischen Reich auf dem Gebiet der heutigen Ukraine geboren. Sein Heimatort war Kamenskoje in der N\u00e4he der Stadt Jekaterinoslaw, des heutigen Dnjepropetrowsk.<\/p>\n<p><strong>Mehr zum Thema<\/strong> &#8211; <a rel=\"nofollow noopener\" target=\"_blank\" href=\"https:\/\/kurz.rt.com\/3f6q\">Abriss scheitert an Geldmangel: Breschnew-Denkmal in seiner Geburtsstadt hat Schonfrist<\/a><\/p>\n<\/div>\n<p><br \/>\n<br \/><a href=\"https:\/\/de.rt.com\/international\/171090-kiew-entzieht-ukrainisch-staemmigem-sowjetfuehrer\/\">Source link <\/a><\/p>\n","protected":false},"excerpt":{"rendered":"<p>Die Abgeordneten des Kiewer Stadtrats haben dem Generalsekret\u00e4r des Zentralkomitees der KPdSU, Leonid Breschnew, und mehreren hochrangigen sowjetischen Parteifunktion\u00e4ren und Milit\u00e4rs den Titel eines Ehrenb\u00fcrgers von Kiew aberkannt. Der Stadtrat von Kiew hat beschlossen, dem verstorbenen Sowjetf\u00fchrer Leonid Breschnew, der geb\u00fcrtiger Ukrainer war, den Titel eines Ehrenb\u00fcrgers der ukrainischen Hauptstadt abzuerkennen. Bei der Abstimmung wurde [&hellip;]<\/p>\n","protected":false},"author":3,"featured_media":36843,"comment_status":"open","ping_status":"open","sticky":false,"template":"","format":"standard","meta":{"_yoast_indexnow_last_ping":["1685126758"],"wp_automatic_camp":["217"],"ef79c98f993b83317f008566d47e6020":["Kiew entzieht ukrainisch-st\u00e4mmigem Sowjetf\u00fchrer Ehrenb\u00fcrgerschaft"],"original_link":["https:\/\/de.rt.com\/international\/171090-kiew-entzieht-ukrainisch-staemmigem-sowjetfuehrer\/"],"_thumbnail_id":["36843"],"jnews_social_counter_last_update":["1777422345"],"_wptgpro_p2tg_sent2tg":["a:1:{i:23737;s:19:\"2023-05-26 20:47:04\";}"]},"categories":[19,23],"tags":[19698,10599,1025,44801,44800],"yoast_head":"<!-- This site is optimized with the Yoast SEO Premium plugin v22.7 (Yoast SEO v22.7) - https:\/\/yoast.com\/wordpress\/plugins\/seo\/ -->\n<title>Kiew entzieht ukrainisch-st\u00e4mmigem Sowjetf\u00fchrer Ehrenb\u00fcrgerschaft - just-now.NEWS Deutschland<\/title>\n<meta name=\"robots\" content=\"index, follow, max-snippet:-1, max-image-preview:large, max-video-preview:-1\" \/>\n<link rel=\"canonical\" href=\"https:\/\/now-news.de\/de\/deutschland\/kiew-entzieht-ukrainisch-staemmigem-sowjetfuehrer-ehrenbuergerschaft\/\" \/>\n<meta property=\"og:locale\" content=\"de_DE\" \/>\n<meta property=\"og:type\" content=\"article\" \/>\n<meta property=\"og:title\" content=\"Kiew entzieht ukrainisch-st\u00e4mmigem Sowjetf\u00fchrer Ehrenb\u00fcrgerschaft\" \/>\n<meta property=\"og:description\" content=\"Die Abgeordneten des Kiewer Stadtrats haben dem Generalsekret\u00e4r des Zentralkomitees der KPdSU, Leonid Breschnew, und mehreren hochrangigen sowjetischen Parteifunktion\u00e4ren und Milit\u00e4rs den Titel eines Ehrenb\u00fcrgers von Kiew aberkannt. Der Stadtrat von Kiew hat beschlossen, dem verstorbenen Sowjetf\u00fchrer Leonid Breschnew, der geb\u00fcrtiger Ukrainer war, den Titel eines Ehrenb\u00fcrgers der ukrainischen Hauptstadt abzuerkennen. Bei der Abstimmung wurde [&hellip;]\" \/>\n<meta property=\"og:url\" content=\"https:\/\/now-news.de\/de\/deutschland\/kiew-entzieht-ukrainisch-staemmigem-sowjetfuehrer-ehrenbuergerschaft\/\" \/>\n<meta property=\"og:site_name\" content=\"just-now.NEWS Deutschland\" \/>\n<meta property=\"article:publisher\" content=\"https:\/\/www.facebook.com\/wirmachenauf\" \/>\n<meta property=\"article:published_time\" content=\"2023-05-26T18:43:44+00:00\" \/>\n<meta property=\"og:image\" content=\"https:\/\/now-news.de\/de\/wp-content\/uploads\/sites\/3\/2023\/05\/Kiew-entzieht-ukrainisch-staemmigem-Sowjetfuehrer-Ehrenbuergerschaft.jpg\" \/>\n\t<meta property=\"og:image:width\" content=\"460\" \/>\n\t<meta property=\"og:image:height\" content=\"259\" \/>\n\t<meta property=\"og:image:type\" content=\"image\/jpeg\" \/>\n<meta name=\"author\" content=\"rtnews\" \/>\n<meta name=\"twitter:card\" content=\"summary_large_image\" \/>\n<meta name=\"twitter:creator\" content=\"@WirMachenAuf_de\" \/>\n<meta name=\"twitter:site\" content=\"@WirMachenAuf_de\" \/>\n<meta name=\"twitter:label1\" content=\"Verfasst von\" \/>\n\t<meta name=\"twitter:data1\" content=\"rtnews\" \/>\n\t<meta name=\"twitter:label2\" content=\"Gesch\u00e4tzte Lesezeit\" \/>\n\t<meta name=\"twitter:data2\" content=\"2\u00a0Minuten\" \/>\n<script type=\"application\/ld+json\" class=\"yoast-schema-graph\">{\"@context\":\"https:\/\/schema.org\",\"@graph\":[{\"@type\":\"Article\",\"@id\":\"https:\/\/now-news.de\/de\/deutschland\/kiew-entzieht-ukrainisch-staemmigem-sowjetfuehrer-ehrenbuergerschaft\/#article\",\"isPartOf\":{\"@id\":\"https:\/\/now-news.de\/de\/deutschland\/kiew-entzieht-ukrainisch-staemmigem-sowjetfuehrer-ehrenbuergerschaft\/\"},\"author\":{\"name\":\"rtnews\",\"@id\":\"https:\/\/now-news.de\/de\/#\/schema\/person\/fb534a4e865501d8b3285208df34a9b5\"},\"headline\":\"Kiew entzieht ukrainisch-st\u00e4mmigem Sowjetf\u00fchrer Ehrenb\u00fcrgerschaft\",\"datePublished\":\"2023-05-26T18:43:44+00:00\",\"dateModified\":\"2023-05-26T18:43:44+00:00\",\"mainEntityOfPage\":{\"@id\":\"https:\/\/now-news.de\/de\/deutschland\/kiew-entzieht-ukrainisch-staemmigem-sowjetfuehrer-ehrenbuergerschaft\/\"},\"wordCount\":437,\"commentCount\":0,\"publisher\":{\"@id\":\"https:\/\/now-news.de\/de\/#organization\"},\"image\":{\"@id\":\"https:\/\/now-news.de\/de\/deutschland\/kiew-entzieht-ukrainisch-staemmigem-sowjetfuehrer-ehrenbuergerschaft\/#primaryimage\"},\"thumbnailUrl\":\"https:\/\/now-news.de\/de\/wp-content\/uploads\/sites\/3\/2023\/05\/Kiew-entzieht-ukrainisch-staemmigem-Sowjetfuehrer-Ehrenbuergerschaft.jpg\",\"keywords\":[\"Ehrenb\u00fcrgerschaft\",\"entzieht\",\"Kiew\",\"Sowjetf\u00fchrer\",\"ukrainischst\u00e4mmigem\"],\"articleSection\":[\"Deutschland\",\"Russland\"],\"inLanguage\":\"de\",\"potentialAction\":[{\"@type\":\"CommentAction\",\"name\":\"Comment\",\"target\":[\"https:\/\/now-news.de\/de\/deutschland\/kiew-entzieht-ukrainisch-staemmigem-sowjetfuehrer-ehrenbuergerschaft\/#respond\"]}]},{\"@type\":\"WebPage\",\"@id\":\"https:\/\/now-news.de\/de\/deutschland\/kiew-entzieht-ukrainisch-staemmigem-sowjetfuehrer-ehrenbuergerschaft\/\",\"url\":\"https:\/\/now-news.de\/de\/deutschland\/kiew-entzieht-ukrainisch-staemmigem-sowjetfuehrer-ehrenbuergerschaft\/\",\"name\":\"Kiew entzieht ukrainisch-st\u00e4mmigem Sowjetf\u00fchrer Ehrenb\u00fcrgerschaft - just-now.NEWS Deutschland\",\"isPartOf\":{\"@id\":\"https:\/\/now-news.de\/de\/#website\"},\"primaryImageOfPage\":{\"@id\":\"https:\/\/now-news.de\/de\/deutschland\/kiew-entzieht-ukrainisch-staemmigem-sowjetfuehrer-ehrenbuergerschaft\/#primaryimage\"},\"image\":{\"@id\":\"https:\/\/now-news.de\/de\/deutschland\/kiew-entzieht-ukrainisch-staemmigem-sowjetfuehrer-ehrenbuergerschaft\/#primaryimage\"},\"thumbnailUrl\":\"https:\/\/now-news.de\/de\/wp-content\/uploads\/sites\/3\/2023\/05\/Kiew-entzieht-ukrainisch-staemmigem-Sowjetfuehrer-Ehrenbuergerschaft.jpg\",\"datePublished\":\"2023-05-26T18:43:44+00:00\",\"dateModified\":\"2023-05-26T18:43:44+00:00\",\"breadcrumb\":{\"@id\":\"https:\/\/now-news.de\/de\/deutschland\/kiew-entzieht-ukrainisch-staemmigem-sowjetfuehrer-ehrenbuergerschaft\/#breadcrumb\"},\"inLanguage\":\"de\",\"potentialAction\":[{\"@type\":\"ReadAction\",\"target\":[\"https:\/\/now-news.de\/de\/deutschland\/kiew-entzieht-ukrainisch-staemmigem-sowjetfuehrer-ehrenbuergerschaft\/\"]}]},{\"@type\":\"ImageObject\",\"inLanguage\":\"de\",\"@id\":\"https:\/\/now-news.de\/de\/deutschland\/kiew-entzieht-ukrainisch-staemmigem-sowjetfuehrer-ehrenbuergerschaft\/#primaryimage\",\"url\":\"https:\/\/now-news.de\/de\/wp-content\/uploads\/sites\/3\/2023\/05\/Kiew-entzieht-ukrainisch-staemmigem-Sowjetfuehrer-Ehrenbuergerschaft.jpg\",\"contentUrl\":\"https:\/\/now-news.de\/de\/wp-content\/uploads\/sites\/3\/2023\/05\/Kiew-entzieht-ukrainisch-staemmigem-Sowjetfuehrer-Ehrenbuergerschaft.jpg\",\"width\":460,\"height\":259,\"caption\":\"Kiew entzieht ukrainisch-st\u00e4mmigem Sowjetf\u00fchrer Ehrenb\u00fcrgerschaft\"},{\"@type\":\"BreadcrumbList\",\"@id\":\"https:\/\/now-news.de\/de\/deutschland\/kiew-entzieht-ukrainisch-staemmigem-sowjetfuehrer-ehrenbuergerschaft\/#breadcrumb\",\"itemListElement\":[{\"@type\":\"ListItem\",\"position\":1,\"name\":\"Home\",\"item\":\"https:\/\/now-news.de\/de\/\"},{\"@type\":\"ListItem\",\"position\":2,\"name\":\"Kiew entzieht ukrainisch-st\u00e4mmigem Sowjetf\u00fchrer Ehrenb\u00fcrgerschaft\"}]},{\"@type\":\"WebSite\",\"@id\":\"https:\/\/now-news.de\/de\/#website\",\"url\":\"https:\/\/now-news.de\/de\/\",\"name\":\"just-now.NEWS Deutschland\",\"description\":\"Das Portal f\u00fcr unzensierte Nachrichten aus der Welt\",\"publisher\":{\"@id\":\"https:\/\/now-news.de\/de\/#organization\"},\"potentialAction\":[{\"@type\":\"SearchAction\",\"target\":{\"@type\":\"EntryPoint\",\"urlTemplate\":\"https:\/\/now-news.de\/de\/?s={search_term_string}\"},\"query-input\":\"required name=search_term_string\"}],\"inLanguage\":\"de\"},{\"@type\":\"Organization\",\"@id\":\"https:\/\/now-news.de\/de\/#organization\",\"name\":\"Just Now News\",\"url\":\"https:\/\/now-news.de\/de\/\",\"logo\":{\"@type\":\"ImageObject\",\"inLanguage\":\"de\",\"@id\":\"https:\/\/now-news.de\/de\/#\/schema\/logo\/image\/\",\"url\":\"http:\/\/just-now.news\/de\/wp-content\/uploads\/sites\/3\/2022\/04\/logo500x500.jpg\",\"contentUrl\":\"http:\/\/just-now.news\/de\/wp-content\/uploads\/sites\/3\/2022\/04\/logo500x500.jpg\",\"width\":500,\"height\":500,\"caption\":\"Just Now News\"},\"image\":{\"@id\":\"https:\/\/now-news.de\/de\/#\/schema\/logo\/image\/\"},\"sameAs\":[\"https:\/\/www.facebook.com\/wirmachenauf\",\"https:\/\/x.com\/WirMachenAuf_de\"]},{\"@type\":\"Person\",\"@id\":\"https:\/\/now-news.de\/de\/#\/schema\/person\/fb534a4e865501d8b3285208df34a9b5\",\"name\":\"rtnews\",\"image\":{\"@type\":\"ImageObject\",\"inLanguage\":\"de\",\"@id\":\"https:\/\/now-news.de\/de\/#\/schema\/person\/image\/\",\"url\":\"https:\/\/secure.gravatar.com\/avatar\/82aafea7d8127119dd649515f56e2117?s=96&d=mm&r=g\",\"contentUrl\":\"https:\/\/secure.gravatar.com\/avatar\/82aafea7d8127119dd649515f56e2117?s=96&d=mm&r=g\",\"caption\":\"rtnews\"},\"url\":\"https:\/\/now-news.de\/de\/author\/rnews\/\"}]}<\/script>\n<!-- \/ Yoast SEO Premium plugin. -->","yoast_head_json":{"title":"Kiew entzieht ukrainisch-st\u00e4mmigem Sowjetf\u00fchrer Ehrenb\u00fcrgerschaft - just-now.NEWS Deutschland","robots":{"index":"index","follow":"follow","max-snippet":"max-snippet:-1","max-image-preview":"max-image-preview:large","max-video-preview":"max-video-preview:-1"},"canonical":"https:\/\/now-news.de\/de\/deutschland\/kiew-entzieht-ukrainisch-staemmigem-sowjetfuehrer-ehrenbuergerschaft\/","og_locale":"de_DE","og_type":"article","og_title":"Kiew entzieht ukrainisch-st\u00e4mmigem Sowjetf\u00fchrer Ehrenb\u00fcrgerschaft","og_description":"Die Abgeordneten des Kiewer Stadtrats haben dem Generalsekret\u00e4r des Zentralkomitees der KPdSU, Leonid Breschnew, und mehreren hochrangigen sowjetischen Parteifunktion\u00e4ren und Milit\u00e4rs den Titel eines Ehrenb\u00fcrgers von Kiew aberkannt. Der Stadtrat von Kiew hat beschlossen, dem verstorbenen Sowjetf\u00fchrer Leonid Breschnew, der geb\u00fcrtiger Ukrainer war, den Titel eines Ehrenb\u00fcrgers der ukrainischen Hauptstadt abzuerkennen. Bei der Abstimmung wurde [&hellip;]","og_url":"https:\/\/now-news.de\/de\/deutschland\/kiew-entzieht-ukrainisch-staemmigem-sowjetfuehrer-ehrenbuergerschaft\/","og_site_name":"just-now.NEWS Deutschland","article_publisher":"https:\/\/www.facebook.com\/wirmachenauf","article_published_time":"2023-05-26T18:43:44+00:00","og_image":[{"width":460,"height":259,"url":"https:\/\/now-news.de\/de\/wp-content\/uploads\/sites\/3\/2023\/05\/Kiew-entzieht-ukrainisch-staemmigem-Sowjetfuehrer-Ehrenbuergerschaft.jpg","type":"image\/jpeg"}],"author":"rtnews","twitter_card":"summary_large_image","twitter_creator":"@WirMachenAuf_de","twitter_site":"@WirMachenAuf_de","twitter_misc":{"Verfasst von":"rtnews","Gesch\u00e4tzte Lesezeit":"2\u00a0Minuten"},"schema":{"@context":"https:\/\/schema.org","@graph":[{"@type":"Article","@id":"https:\/\/now-news.de\/de\/deutschland\/kiew-entzieht-ukrainisch-staemmigem-sowjetfuehrer-ehrenbuergerschaft\/#article","isPartOf":{"@id":"https:\/\/now-news.de\/de\/deutschland\/kiew-entzieht-ukrainisch-staemmigem-sowjetfuehrer-ehrenbuergerschaft\/"},"author":{"name":"rtnews","@id":"https:\/\/now-news.de\/de\/#\/schema\/person\/fb534a4e865501d8b3285208df34a9b5"},"headline":"Kiew entzieht ukrainisch-st\u00e4mmigem Sowjetf\u00fchrer Ehrenb\u00fcrgerschaft","datePublished":"2023-05-26T18:43:44+00:00","dateModified":"2023-05-26T18:43:44+00:00","mainEntityOfPage":{"@id":"https:\/\/now-news.de\/de\/deutschland\/kiew-entzieht-ukrainisch-staemmigem-sowjetfuehrer-ehrenbuergerschaft\/"},"wordCount":437,"commentCount":0,"publisher":{"@id":"https:\/\/now-news.de\/de\/#organization"},"image":{"@id":"https:\/\/now-news.de\/de\/deutschland\/kiew-entzieht-ukrainisch-staemmigem-sowjetfuehrer-ehrenbuergerschaft\/#primaryimage"},"thumbnailUrl":"https:\/\/now-news.de\/de\/wp-content\/uploads\/sites\/3\/2023\/05\/Kiew-entzieht-ukrainisch-staemmigem-Sowjetfuehrer-Ehrenbuergerschaft.jpg","keywords":["Ehrenb\u00fcrgerschaft","entzieht","Kiew","Sowjetf\u00fchrer","ukrainischst\u00e4mmigem"],"articleSection":["Deutschland","Russland"],"inLanguage":"de","potentialAction":[{"@type":"CommentAction","name":"Comment","target":["https:\/\/now-news.de\/de\/deutschland\/kiew-entzieht-ukrainisch-staemmigem-sowjetfuehrer-ehrenbuergerschaft\/#respond"]}]},{"@type":"WebPage","@id":"https:\/\/now-news.de\/de\/deutschland\/kiew-entzieht-ukrainisch-staemmigem-sowjetfuehrer-ehrenbuergerschaft\/","url":"https:\/\/now-news.de\/de\/deutschland\/kiew-entzieht-ukrainisch-staemmigem-sowjetfuehrer-ehrenbuergerschaft\/","name":"Kiew entzieht ukrainisch-st\u00e4mmigem Sowjetf\u00fchrer Ehrenb\u00fcrgerschaft - just-now.NEWS Deutschland","isPartOf":{"@id":"https:\/\/now-news.de\/de\/#website"},"primaryImageOfPage":{"@id":"https:\/\/now-news.de\/de\/deutschland\/kiew-entzieht-ukrainisch-staemmigem-sowjetfuehrer-ehrenbuergerschaft\/#primaryimage"},"image":{"@id":"https:\/\/now-news.de\/de\/deutschland\/kiew-entzieht-ukrainisch-staemmigem-sowjetfuehrer-ehrenbuergerschaft\/#primaryimage"},"thumbnailUrl":"https:\/\/now-news.de\/de\/wp-content\/uploads\/sites\/3\/2023\/05\/Kiew-entzieht-ukrainisch-staemmigem-Sowjetfuehrer-Ehrenbuergerschaft.jpg","datePublished":"2023-05-26T18:43:44+00:00","dateModified":"2023-05-26T18:43:44+00:00","breadcrumb":{"@id":"https:\/\/now-news.de\/de\/deutschland\/kiew-entzieht-ukrainisch-staemmigem-sowjetfuehrer-ehrenbuergerschaft\/#breadcrumb"},"inLanguage":"de","potentialAction":[{"@type":"ReadAction","target":["https:\/\/now-news.de\/de\/deutschland\/kiew-entzieht-ukrainisch-staemmigem-sowjetfuehrer-ehrenbuergerschaft\/"]}]},{"@type":"ImageObject","inLanguage":"de","@id":"https:\/\/now-news.de\/de\/deutschland\/kiew-entzieht-ukrainisch-staemmigem-sowjetfuehrer-ehrenbuergerschaft\/#primaryimage","url":"https:\/\/now-news.de\/de\/wp-content\/uploads\/sites\/3\/2023\/05\/Kiew-entzieht-ukrainisch-staemmigem-Sowjetfuehrer-Ehrenbuergerschaft.jpg","contentUrl":"https:\/\/now-news.de\/de\/wp-content\/uploads\/sites\/3\/2023\/05\/Kiew-entzieht-ukrainisch-staemmigem-Sowjetfuehrer-Ehrenbuergerschaft.jpg","width":460,"height":259,"caption":"Kiew entzieht ukrainisch-st\u00e4mmigem Sowjetf\u00fchrer Ehrenb\u00fcrgerschaft"},{"@type":"BreadcrumbList","@id":"https:\/\/now-news.de\/de\/deutschland\/kiew-entzieht-ukrainisch-staemmigem-sowjetfuehrer-ehrenbuergerschaft\/#breadcrumb","itemListElement":[{"@type":"ListItem","position":1,"name":"Home","item":"https:\/\/now-news.de\/de\/"},{"@type":"ListItem","position":2,"name":"Kiew entzieht ukrainisch-st\u00e4mmigem Sowjetf\u00fchrer Ehrenb\u00fcrgerschaft"}]},{"@type":"WebSite","@id":"https:\/\/now-news.de\/de\/#website","url":"https:\/\/now-news.de\/de\/","name":"just-now.NEWS Deutschland","description":"Das Portal f\u00fcr unzensierte Nachrichten aus der Welt","publisher":{"@id":"https:\/\/now-news.de\/de\/#organization"},"potentialAction":[{"@type":"SearchAction","target":{"@type":"EntryPoint","urlTemplate":"https:\/\/now-news.de\/de\/?s={search_term_string}"},"query-input":"required name=search_term_string"}],"inLanguage":"de"},{"@type":"Organization","@id":"https:\/\/now-news.de\/de\/#organization","name":"Just Now News","url":"https:\/\/now-news.de\/de\/","logo":{"@type":"ImageObject","inLanguage":"de","@id":"https:\/\/now-news.de\/de\/#\/schema\/logo\/image\/","url":"http:\/\/just-now.news\/de\/wp-content\/uploads\/sites\/3\/2022\/04\/logo500x500.jpg","contentUrl":"http:\/\/just-now.news\/de\/wp-content\/uploads\/sites\/3\/2022\/04\/logo500x500.jpg","width":500,"height":500,"caption":"Just Now News"},"image":{"@id":"https:\/\/now-news.de\/de\/#\/schema\/logo\/image\/"},"sameAs":["https:\/\/www.facebook.com\/wirmachenauf","https:\/\/x.com\/WirMachenAuf_de"]},{"@type":"Person","@id":"https:\/\/now-news.de\/de\/#\/schema\/person\/fb534a4e865501d8b3285208df34a9b5","name":"rtnews","image":{"@type":"ImageObject","inLanguage":"de","@id":"https:\/\/now-news.de\/de\/#\/schema\/person\/image\/","url":"https:\/\/secure.gravatar.com\/avatar\/82aafea7d8127119dd649515f56e2117?s=96&d=mm&r=g","contentUrl":"https:\/\/secure.gravatar.com\/avatar\/82aafea7d8127119dd649515f56e2117?s=96&d=mm&r=g","caption":"rtnews"},"url":"https:\/\/now-news.de\/de\/author\/rnews\/"}]}},"_links":{"self":[{"href":"https:\/\/now-news.de\/de\/wp-json\/wp\/v2\/posts\/36842"}],"collection":[{"href":"https:\/\/now-news.de\/de\/wp-json\/wp\/v2\/posts"}],"about":[{"href":"https:\/\/now-news.de\/de\/wp-json\/wp\/v2\/types\/post"}],"author":[{"embeddable":true,"href":"https:\/\/now-news.de\/de\/wp-json\/wp\/v2\/users\/3"}],"replies":[{"embeddable":true,"href":"https:\/\/now-news.de\/de\/wp-json\/wp\/v2\/comments?post=36842"}],"version-history":[{"count":0,"href":"https:\/\/now-news.de\/de\/wp-json\/wp\/v2\/posts\/36842\/revisions"}],"wp:featuredmedia":[{"embeddable":true,"href":"https:\/\/now-news.de\/de\/wp-json\/wp\/v2\/media\/36843"}],"wp:attachment":[{"href":"https:\/\/now-news.de\/de\/wp-json\/wp\/v2\/media?parent=36842"}],"wp:term":[{"taxonomy":"category","embeddable":true,"href":"https:\/\/now-news.de\/de\/wp-json\/wp\/v2\/categories?post=36842"},{"taxonomy":"post_tag","embeddable":true,"href":"https:\/\/now-news.de\/de\/wp-json\/wp\/v2\/tags?post=36842"}],"curies":[{"name":"wp","href":"https:\/\/api.w.org\/{rel}","templated":true}]}}