{"id":36764,"date":"2023-05-25T19:34:23","date_gmt":"2023-05-25T17:34:23","guid":{"rendered":"http:\/\/just-now.news\/de\/deutschland\/uruguays-hauptstadt-hat-nur-noch-fuer-10-tage-wasser\/"},"modified":"2023-05-25T19:34:23","modified_gmt":"2023-05-25T17:34:23","slug":"uruguays-hauptstadt-hat-nur-noch-fuer-10-tage-wasser","status":"publish","type":"post","link":"https:\/\/now-news.de\/de\/deutschland\/uruguays-hauptstadt-hat-nur-noch-fuer-10-tage-wasser\/","title":{"rendered":"Uruguays Hauptstadt hat nur noch f\u00fcr 10 Tage Wasser"},"content":{"rendered":"<p><img decoding=\"async\" src=\"http:\/\/just-now.news\/de\/wp-content\/uploads\/sites\/3\/2023\/05\/646f5e34b480cc59a52e4dff.jpg\" \/><\/p>\n<div class=\"Text-root Text-type_1 \">\n                Die Menschen in der uruguayischen Hauptstadt Montevideo beten um Regen angesichts einer historischen D\u00fcrre, die dazu gef\u00fchrt hat, dass das nationale Wasserreservoir der Hauptstadt nur noch f\u00fcr zehn Tage Wasser \u00fcbrig hat.\n            <\/div>\n<p><\/p>\n<div class=\"Text-root Text-type_5 ArticleView-text ViewText-root \">\n<p>Uruguays Hauptstadt geht das Wasser aus. Das nationale Wasserreservoir in Montevideo hat nur noch f\u00fcr 10 Tage Wasser \u00fcbrig. Geringe Niederschl\u00e4ge und hohe Temperaturen in der s\u00fcdlichen Region S\u00fcdamerikas haben im vergangenen Jahr eine schwere D\u00fcrre ausgel\u00f6st, die die Ernten im benachbarten Getreideland Argentinien beeintr\u00e4chtigte und zu hohen Verlusten in der Landwirtschaft f\u00fchrte.<\/p>\n<p>In Uruguay ist das Wasserdefizit nach Angaben der Beh\u00f6rden das schlimmste seit 74 Jahren. Es beeintr\u00e4chtige die Versorgung von tausenden Haushalten und f\u00fchre zu einer schlechten Wasserqualit\u00e4t.<\/p>\n<p>Der Wasserstand im Stausee Paso Severino, der mehr als die H\u00e4lfte der 3,5 Millionen Einwohner Uruguays versorgt, ist nach Angaben der staatlichen Wassergesellschaft Obras Sanitarias del Estado (OSE) auf einem &#8220;historischen Tiefstand&#8221; und liegt bei etwa 10 Prozent der Kapazit\u00e4t.<\/p>\n<p>Nach den neuesten Daten verf\u00fcgt\u00a0die OSE noch \u00fcber etwa 6,2 Millionen Kubikmeter Wasser, was weit von den durchschnittlichen 60 Millionen pro Monat entfernt ist. F\u00fcr die Versorgung der Hauptstadt werden t\u00e4glich etwa 650.000 Kubikmeter ben\u00f6tigt.<\/p>\n<p>Leichte Regenf\u00e4lle in den letzten Tagen &#8220;haben die Aussichten nicht ver\u00e4ndert&#8221;, so die OSE, wenngleich f\u00fcr Ende dieser Woche einige Schauer vorhergesagt w\u00fcrden. Meteorologen sagen, dass bis Juni t\u00e4glich 50 Millimeter Regen pro Quadratmeter ben\u00f6tigt werden, damit sich der Wasserstand in den Reservoirs erholt.<\/p>\n<p>Die schwindenden Frischwasserreserven im Hauptreservoir des Landes zwangen das \u00f6ffentliche Wasserversorgungsunternehmen Ende April dazu, die Vorr\u00e4te mit Wasser aus der M\u00fcndung des R\u00edo de la Plata zu mischen, was zu ungew\u00f6hnlich hohen Natrium- und Chloridwerten gef\u00fchrt hat.<\/p>\n<p>Die \u00f6ffentliche Wut \u00fcber die Wasserknappheit w\u00e4chst, und am Mittwoch gab es in der Hauptstadt erste Demonstrationen.<br \/>Federico Kreimerman, Vorsitzender der Gewerkschaft bei der OSE, sagte, dass einerseits die geringen Niederschl\u00e4ge, aber auch die schlechte Verwaltung der Vorr\u00e4te und fehlende staatliche Investitionen daf\u00fcr verantwortlich seien.<\/p>\n<p>Wasser f\u00fcr den menschlichen Konsum konkurriere auch\u00a0mit dem Sojaanbau, der Viehzucht und der Forstwirtschaft, f\u00fcgte er hinzu.<\/p>\n<p><strong>Mehr zum Thema<\/strong> \u2013 <a rel=\"nofollow noopener\" target=\"_blank\" href=\"https:\/\/freeassange.rtde.life\/europa\/170435-norditalien-schwere-regenfaelle-und-ueberschwemmungen\/\">Norditalien: Schwere Regenf\u00e4lle und \u00dcberschwemmungen fordern 13 Menschenleben<\/a><\/p>\n<div class=\"EmbedBlock-root EmbedBlock-externalVideo EmbedBlock-odysee\">\n<div class=\"VkEmbed\"><iframe class=\"lazyload\" data-src=\"https:\/\/odysee.com\/%24\/embed\/%40RTDE%3Ae%2Fafghanistan-gefahr-einer-hungersnot%3Ad\" frameborder=\"0\" width=\"853\" height=\"480\" allowfullscreen><\/iframe><\/div>\n<\/div>\n<\/div>\n<p><br \/>\n<br \/><a href=\"https:\/\/de.rt.com\/amerika\/170994-uruguays-hauptstadt-hat-nur-noch\/\">Source link <\/a><\/p>\n","protected":false},"excerpt":{"rendered":"<p>Die Menschen in der uruguayischen Hauptstadt Montevideo beten um Regen angesichts einer historischen D\u00fcrre, die dazu gef\u00fchrt hat, dass das nationale Wasserreservoir der Hauptstadt nur noch f\u00fcr zehn Tage Wasser \u00fcbrig hat. Uruguays Hauptstadt geht das Wasser aus. Das nationale Wasserreservoir in Montevideo hat nur noch f\u00fcr 10 Tage Wasser \u00fcbrig. Geringe Niederschl\u00e4ge und hohe [&hellip;]<\/p>\n","protected":false},"author":3,"featured_media":36765,"comment_status":"open","ping_status":"open","sticky":false,"template":"","format":"standard","meta":{"_yoast_indexnow_last_ping":["1685036095"],"wp_automatic_camp":["217"],"4bf6eec56d8d853ed0c65fbd62614d9d":["Uruguays Hauptstadt hat nur noch f\u00fcr 10 Tage Wasser"],"original_link":["https:\/\/de.rt.com\/amerika\/170994-uruguays-hauptstadt-hat-nur-noch\/"],"_thumbnail_id":["36765"],"_wptgpro_p2tg_sent2tg":["a:1:{i:23737;s:19:\"2023-05-25 19:35:57\";}"],"jnews_social_counter_last_update":["1777763629"]},"categories":[19,23],"tags":[221,423,19693,1674,4230,3654,28802,23228],"yoast_head":"<!-- This site is optimized with the Yoast SEO Premium plugin v22.7 (Yoast SEO v22.7) - https:\/\/yoast.com\/wordpress\/plugins\/seo\/ -->\n<title>Uruguays Hauptstadt hat nur noch f\u00fcr 10 Tage Wasser - just-now.NEWS Deutschland<\/title>\n<meta name=\"robots\" content=\"index, follow, max-snippet:-1, max-image-preview:large, max-video-preview:-1\" \/>\n<link rel=\"canonical\" href=\"https:\/\/now-news.de\/de\/deutschland\/uruguays-hauptstadt-hat-nur-noch-fuer-10-tage-wasser\/\" \/>\n<meta property=\"og:locale\" content=\"de_DE\" \/>\n<meta property=\"og:type\" content=\"article\" \/>\n<meta property=\"og:title\" content=\"Uruguays Hauptstadt hat nur noch f\u00fcr 10 Tage Wasser\" \/>\n<meta property=\"og:description\" content=\"Die Menschen in der uruguayischen Hauptstadt Montevideo beten um Regen angesichts einer historischen D\u00fcrre, die dazu gef\u00fchrt hat, dass das nationale Wasserreservoir der Hauptstadt nur noch f\u00fcr zehn Tage Wasser \u00fcbrig hat. Uruguays Hauptstadt geht das Wasser aus. Das nationale Wasserreservoir in Montevideo hat nur noch f\u00fcr 10 Tage Wasser \u00fcbrig. Geringe Niederschl\u00e4ge und hohe [&hellip;]\" \/>\n<meta property=\"og:url\" content=\"https:\/\/now-news.de\/de\/deutschland\/uruguays-hauptstadt-hat-nur-noch-fuer-10-tage-wasser\/\" \/>\n<meta property=\"og:site_name\" content=\"just-now.NEWS Deutschland\" \/>\n<meta property=\"article:publisher\" content=\"https:\/\/www.facebook.com\/wirmachenauf\" \/>\n<meta property=\"article:published_time\" content=\"2023-05-25T17:34:23+00:00\" \/>\n<meta property=\"og:image\" content=\"https:\/\/now-news.de\/de\/wp-content\/uploads\/sites\/3\/2023\/05\/Uruguays-Hauptstadt-hat-nur-noch-fuer-10-Tage-Wasser.jpg\" \/>\n\t<meta property=\"og:image:width\" content=\"460\" \/>\n\t<meta property=\"og:image:height\" content=\"259\" \/>\n\t<meta property=\"og:image:type\" content=\"image\/jpeg\" \/>\n<meta name=\"author\" content=\"rtnews\" \/>\n<meta name=\"twitter:card\" content=\"summary_large_image\" \/>\n<meta name=\"twitter:creator\" content=\"@WirMachenAuf_de\" \/>\n<meta name=\"twitter:site\" content=\"@WirMachenAuf_de\" \/>\n<meta name=\"twitter:label1\" content=\"Verfasst von\" \/>\n\t<meta name=\"twitter:data1\" content=\"rtnews\" \/>\n\t<meta name=\"twitter:label2\" content=\"Gesch\u00e4tzte Lesezeit\" \/>\n\t<meta name=\"twitter:data2\" content=\"2\u00a0Minuten\" \/>\n<script type=\"application\/ld+json\" class=\"yoast-schema-graph\">{\"@context\":\"https:\/\/schema.org\",\"@graph\":[{\"@type\":\"Article\",\"@id\":\"https:\/\/now-news.de\/de\/deutschland\/uruguays-hauptstadt-hat-nur-noch-fuer-10-tage-wasser\/#article\",\"isPartOf\":{\"@id\":\"https:\/\/now-news.de\/de\/deutschland\/uruguays-hauptstadt-hat-nur-noch-fuer-10-tage-wasser\/\"},\"author\":{\"name\":\"rtnews\",\"@id\":\"https:\/\/now-news.de\/de\/#\/schema\/person\/fb534a4e865501d8b3285208df34a9b5\"},\"headline\":\"Uruguays Hauptstadt hat nur noch f\u00fcr 10 Tage Wasser\",\"datePublished\":\"2023-05-25T17:34:23+00:00\",\"dateModified\":\"2023-05-25T17:34:23+00:00\",\"mainEntityOfPage\":{\"@id\":\"https:\/\/now-news.de\/de\/deutschland\/uruguays-hauptstadt-hat-nur-noch-fuer-10-tage-wasser\/\"},\"wordCount\":385,\"commentCount\":0,\"publisher\":{\"@id\":\"https:\/\/now-news.de\/de\/#organization\"},\"image\":{\"@id\":\"https:\/\/now-news.de\/de\/deutschland\/uruguays-hauptstadt-hat-nur-noch-fuer-10-tage-wasser\/#primaryimage\"},\"thumbnailUrl\":\"https:\/\/now-news.de\/de\/wp-content\/uploads\/sites\/3\/2023\/05\/Uruguays-Hauptstadt-hat-nur-noch-fuer-10-Tage-Wasser.jpg\",\"keywords\":[\"f\u00fcr\",\"hat\",\"Hauptstadt\",\"noch\",\"NUR\",\"Tage\",\"Uruguays\",\"Wasser\"],\"articleSection\":[\"Deutschland\",\"Russland\"],\"inLanguage\":\"de\",\"potentialAction\":[{\"@type\":\"CommentAction\",\"name\":\"Comment\",\"target\":[\"https:\/\/now-news.de\/de\/deutschland\/uruguays-hauptstadt-hat-nur-noch-fuer-10-tage-wasser\/#respond\"]}]},{\"@type\":\"WebPage\",\"@id\":\"https:\/\/now-news.de\/de\/deutschland\/uruguays-hauptstadt-hat-nur-noch-fuer-10-tage-wasser\/\",\"url\":\"https:\/\/now-news.de\/de\/deutschland\/uruguays-hauptstadt-hat-nur-noch-fuer-10-tage-wasser\/\",\"name\":\"Uruguays Hauptstadt hat nur noch f\u00fcr 10 Tage Wasser - just-now.NEWS Deutschland\",\"isPartOf\":{\"@id\":\"https:\/\/now-news.de\/de\/#website\"},\"primaryImageOfPage\":{\"@id\":\"https:\/\/now-news.de\/de\/deutschland\/uruguays-hauptstadt-hat-nur-noch-fuer-10-tage-wasser\/#primaryimage\"},\"image\":{\"@id\":\"https:\/\/now-news.de\/de\/deutschland\/uruguays-hauptstadt-hat-nur-noch-fuer-10-tage-wasser\/#primaryimage\"},\"thumbnailUrl\":\"https:\/\/now-news.de\/de\/wp-content\/uploads\/sites\/3\/2023\/05\/Uruguays-Hauptstadt-hat-nur-noch-fuer-10-Tage-Wasser.jpg\",\"datePublished\":\"2023-05-25T17:34:23+00:00\",\"dateModified\":\"2023-05-25T17:34:23+00:00\",\"breadcrumb\":{\"@id\":\"https:\/\/now-news.de\/de\/deutschland\/uruguays-hauptstadt-hat-nur-noch-fuer-10-tage-wasser\/#breadcrumb\"},\"inLanguage\":\"de\",\"potentialAction\":[{\"@type\":\"ReadAction\",\"target\":[\"https:\/\/now-news.de\/de\/deutschland\/uruguays-hauptstadt-hat-nur-noch-fuer-10-tage-wasser\/\"]}]},{\"@type\":\"ImageObject\",\"inLanguage\":\"de\",\"@id\":\"https:\/\/now-news.de\/de\/deutschland\/uruguays-hauptstadt-hat-nur-noch-fuer-10-tage-wasser\/#primaryimage\",\"url\":\"https:\/\/now-news.de\/de\/wp-content\/uploads\/sites\/3\/2023\/05\/Uruguays-Hauptstadt-hat-nur-noch-fuer-10-Tage-Wasser.jpg\",\"contentUrl\":\"https:\/\/now-news.de\/de\/wp-content\/uploads\/sites\/3\/2023\/05\/Uruguays-Hauptstadt-hat-nur-noch-fuer-10-Tage-Wasser.jpg\",\"width\":460,\"height\":259,\"caption\":\"Uruguays Hauptstadt hat nur noch f\u00fcr 10 Tage Wasser\"},{\"@type\":\"BreadcrumbList\",\"@id\":\"https:\/\/now-news.de\/de\/deutschland\/uruguays-hauptstadt-hat-nur-noch-fuer-10-tage-wasser\/#breadcrumb\",\"itemListElement\":[{\"@type\":\"ListItem\",\"position\":1,\"name\":\"Home\",\"item\":\"https:\/\/now-news.de\/de\/\"},{\"@type\":\"ListItem\",\"position\":2,\"name\":\"Uruguays Hauptstadt hat nur noch f\u00fcr 10 Tage Wasser\"}]},{\"@type\":\"WebSite\",\"@id\":\"https:\/\/now-news.de\/de\/#website\",\"url\":\"https:\/\/now-news.de\/de\/\",\"name\":\"just-now.NEWS Deutschland\",\"description\":\"Das Portal f\u00fcr unzensierte Nachrichten aus der Welt\",\"publisher\":{\"@id\":\"https:\/\/now-news.de\/de\/#organization\"},\"potentialAction\":[{\"@type\":\"SearchAction\",\"target\":{\"@type\":\"EntryPoint\",\"urlTemplate\":\"https:\/\/now-news.de\/de\/?s={search_term_string}\"},\"query-input\":\"required name=search_term_string\"}],\"inLanguage\":\"de\"},{\"@type\":\"Organization\",\"@id\":\"https:\/\/now-news.de\/de\/#organization\",\"name\":\"Just Now News\",\"url\":\"https:\/\/now-news.de\/de\/\",\"logo\":{\"@type\":\"ImageObject\",\"inLanguage\":\"de\",\"@id\":\"https:\/\/now-news.de\/de\/#\/schema\/logo\/image\/\",\"url\":\"http:\/\/just-now.news\/de\/wp-content\/uploads\/sites\/3\/2022\/04\/logo500x500.jpg\",\"contentUrl\":\"http:\/\/just-now.news\/de\/wp-content\/uploads\/sites\/3\/2022\/04\/logo500x500.jpg\",\"width\":500,\"height\":500,\"caption\":\"Just Now News\"},\"image\":{\"@id\":\"https:\/\/now-news.de\/de\/#\/schema\/logo\/image\/\"},\"sameAs\":[\"https:\/\/www.facebook.com\/wirmachenauf\",\"https:\/\/x.com\/WirMachenAuf_de\"]},{\"@type\":\"Person\",\"@id\":\"https:\/\/now-news.de\/de\/#\/schema\/person\/fb534a4e865501d8b3285208df34a9b5\",\"name\":\"rtnews\",\"image\":{\"@type\":\"ImageObject\",\"inLanguage\":\"de\",\"@id\":\"https:\/\/now-news.de\/de\/#\/schema\/person\/image\/\",\"url\":\"https:\/\/secure.gravatar.com\/avatar\/82aafea7d8127119dd649515f56e2117?s=96&d=mm&r=g\",\"contentUrl\":\"https:\/\/secure.gravatar.com\/avatar\/82aafea7d8127119dd649515f56e2117?s=96&d=mm&r=g\",\"caption\":\"rtnews\"},\"url\":\"https:\/\/now-news.de\/de\/author\/rnews\/\"}]}<\/script>\n<!-- \/ Yoast SEO Premium plugin. -->","yoast_head_json":{"title":"Uruguays Hauptstadt hat nur noch f\u00fcr 10 Tage Wasser - just-now.NEWS Deutschland","robots":{"index":"index","follow":"follow","max-snippet":"max-snippet:-1","max-image-preview":"max-image-preview:large","max-video-preview":"max-video-preview:-1"},"canonical":"https:\/\/now-news.de\/de\/deutschland\/uruguays-hauptstadt-hat-nur-noch-fuer-10-tage-wasser\/","og_locale":"de_DE","og_type":"article","og_title":"Uruguays Hauptstadt hat nur noch f\u00fcr 10 Tage Wasser","og_description":"Die Menschen in der uruguayischen Hauptstadt Montevideo beten um Regen angesichts einer historischen D\u00fcrre, die dazu gef\u00fchrt hat, dass das nationale Wasserreservoir der Hauptstadt nur noch f\u00fcr zehn Tage Wasser \u00fcbrig hat. Uruguays Hauptstadt geht das Wasser aus. Das nationale Wasserreservoir in Montevideo hat nur noch f\u00fcr 10 Tage Wasser \u00fcbrig. Geringe Niederschl\u00e4ge und hohe [&hellip;]","og_url":"https:\/\/now-news.de\/de\/deutschland\/uruguays-hauptstadt-hat-nur-noch-fuer-10-tage-wasser\/","og_site_name":"just-now.NEWS Deutschland","article_publisher":"https:\/\/www.facebook.com\/wirmachenauf","article_published_time":"2023-05-25T17:34:23+00:00","og_image":[{"width":460,"height":259,"url":"https:\/\/now-news.de\/de\/wp-content\/uploads\/sites\/3\/2023\/05\/Uruguays-Hauptstadt-hat-nur-noch-fuer-10-Tage-Wasser.jpg","type":"image\/jpeg"}],"author":"rtnews","twitter_card":"summary_large_image","twitter_creator":"@WirMachenAuf_de","twitter_site":"@WirMachenAuf_de","twitter_misc":{"Verfasst von":"rtnews","Gesch\u00e4tzte Lesezeit":"2\u00a0Minuten"},"schema":{"@context":"https:\/\/schema.org","@graph":[{"@type":"Article","@id":"https:\/\/now-news.de\/de\/deutschland\/uruguays-hauptstadt-hat-nur-noch-fuer-10-tage-wasser\/#article","isPartOf":{"@id":"https:\/\/now-news.de\/de\/deutschland\/uruguays-hauptstadt-hat-nur-noch-fuer-10-tage-wasser\/"},"author":{"name":"rtnews","@id":"https:\/\/now-news.de\/de\/#\/schema\/person\/fb534a4e865501d8b3285208df34a9b5"},"headline":"Uruguays Hauptstadt hat nur noch f\u00fcr 10 Tage Wasser","datePublished":"2023-05-25T17:34:23+00:00","dateModified":"2023-05-25T17:34:23+00:00","mainEntityOfPage":{"@id":"https:\/\/now-news.de\/de\/deutschland\/uruguays-hauptstadt-hat-nur-noch-fuer-10-tage-wasser\/"},"wordCount":385,"commentCount":0,"publisher":{"@id":"https:\/\/now-news.de\/de\/#organization"},"image":{"@id":"https:\/\/now-news.de\/de\/deutschland\/uruguays-hauptstadt-hat-nur-noch-fuer-10-tage-wasser\/#primaryimage"},"thumbnailUrl":"https:\/\/now-news.de\/de\/wp-content\/uploads\/sites\/3\/2023\/05\/Uruguays-Hauptstadt-hat-nur-noch-fuer-10-Tage-Wasser.jpg","keywords":["f\u00fcr","hat","Hauptstadt","noch","NUR","Tage","Uruguays","Wasser"],"articleSection":["Deutschland","Russland"],"inLanguage":"de","potentialAction":[{"@type":"CommentAction","name":"Comment","target":["https:\/\/now-news.de\/de\/deutschland\/uruguays-hauptstadt-hat-nur-noch-fuer-10-tage-wasser\/#respond"]}]},{"@type":"WebPage","@id":"https:\/\/now-news.de\/de\/deutschland\/uruguays-hauptstadt-hat-nur-noch-fuer-10-tage-wasser\/","url":"https:\/\/now-news.de\/de\/deutschland\/uruguays-hauptstadt-hat-nur-noch-fuer-10-tage-wasser\/","name":"Uruguays Hauptstadt hat nur noch f\u00fcr 10 Tage Wasser - just-now.NEWS Deutschland","isPartOf":{"@id":"https:\/\/now-news.de\/de\/#website"},"primaryImageOfPage":{"@id":"https:\/\/now-news.de\/de\/deutschland\/uruguays-hauptstadt-hat-nur-noch-fuer-10-tage-wasser\/#primaryimage"},"image":{"@id":"https:\/\/now-news.de\/de\/deutschland\/uruguays-hauptstadt-hat-nur-noch-fuer-10-tage-wasser\/#primaryimage"},"thumbnailUrl":"https:\/\/now-news.de\/de\/wp-content\/uploads\/sites\/3\/2023\/05\/Uruguays-Hauptstadt-hat-nur-noch-fuer-10-Tage-Wasser.jpg","datePublished":"2023-05-25T17:34:23+00:00","dateModified":"2023-05-25T17:34:23+00:00","breadcrumb":{"@id":"https:\/\/now-news.de\/de\/deutschland\/uruguays-hauptstadt-hat-nur-noch-fuer-10-tage-wasser\/#breadcrumb"},"inLanguage":"de","potentialAction":[{"@type":"ReadAction","target":["https:\/\/now-news.de\/de\/deutschland\/uruguays-hauptstadt-hat-nur-noch-fuer-10-tage-wasser\/"]}]},{"@type":"ImageObject","inLanguage":"de","@id":"https:\/\/now-news.de\/de\/deutschland\/uruguays-hauptstadt-hat-nur-noch-fuer-10-tage-wasser\/#primaryimage","url":"https:\/\/now-news.de\/de\/wp-content\/uploads\/sites\/3\/2023\/05\/Uruguays-Hauptstadt-hat-nur-noch-fuer-10-Tage-Wasser.jpg","contentUrl":"https:\/\/now-news.de\/de\/wp-content\/uploads\/sites\/3\/2023\/05\/Uruguays-Hauptstadt-hat-nur-noch-fuer-10-Tage-Wasser.jpg","width":460,"height":259,"caption":"Uruguays Hauptstadt hat nur noch f\u00fcr 10 Tage Wasser"},{"@type":"BreadcrumbList","@id":"https:\/\/now-news.de\/de\/deutschland\/uruguays-hauptstadt-hat-nur-noch-fuer-10-tage-wasser\/#breadcrumb","itemListElement":[{"@type":"ListItem","position":1,"name":"Home","item":"https:\/\/now-news.de\/de\/"},{"@type":"ListItem","position":2,"name":"Uruguays Hauptstadt hat nur noch f\u00fcr 10 Tage Wasser"}]},{"@type":"WebSite","@id":"https:\/\/now-news.de\/de\/#website","url":"https:\/\/now-news.de\/de\/","name":"just-now.NEWS Deutschland","description":"Das Portal f\u00fcr unzensierte Nachrichten aus der Welt","publisher":{"@id":"https:\/\/now-news.de\/de\/#organization"},"potentialAction":[{"@type":"SearchAction","target":{"@type":"EntryPoint","urlTemplate":"https:\/\/now-news.de\/de\/?s={search_term_string}"},"query-input":"required name=search_term_string"}],"inLanguage":"de"},{"@type":"Organization","@id":"https:\/\/now-news.de\/de\/#organization","name":"Just Now News","url":"https:\/\/now-news.de\/de\/","logo":{"@type":"ImageObject","inLanguage":"de","@id":"https:\/\/now-news.de\/de\/#\/schema\/logo\/image\/","url":"http:\/\/just-now.news\/de\/wp-content\/uploads\/sites\/3\/2022\/04\/logo500x500.jpg","contentUrl":"http:\/\/just-now.news\/de\/wp-content\/uploads\/sites\/3\/2022\/04\/logo500x500.jpg","width":500,"height":500,"caption":"Just Now News"},"image":{"@id":"https:\/\/now-news.de\/de\/#\/schema\/logo\/image\/"},"sameAs":["https:\/\/www.facebook.com\/wirmachenauf","https:\/\/x.com\/WirMachenAuf_de"]},{"@type":"Person","@id":"https:\/\/now-news.de\/de\/#\/schema\/person\/fb534a4e865501d8b3285208df34a9b5","name":"rtnews","image":{"@type":"ImageObject","inLanguage":"de","@id":"https:\/\/now-news.de\/de\/#\/schema\/person\/image\/","url":"https:\/\/secure.gravatar.com\/avatar\/82aafea7d8127119dd649515f56e2117?s=96&d=mm&r=g","contentUrl":"https:\/\/secure.gravatar.com\/avatar\/82aafea7d8127119dd649515f56e2117?s=96&d=mm&r=g","caption":"rtnews"},"url":"https:\/\/now-news.de\/de\/author\/rnews\/"}]}},"_links":{"self":[{"href":"https:\/\/now-news.de\/de\/wp-json\/wp\/v2\/posts\/36764"}],"collection":[{"href":"https:\/\/now-news.de\/de\/wp-json\/wp\/v2\/posts"}],"about":[{"href":"https:\/\/now-news.de\/de\/wp-json\/wp\/v2\/types\/post"}],"author":[{"embeddable":true,"href":"https:\/\/now-news.de\/de\/wp-json\/wp\/v2\/users\/3"}],"replies":[{"embeddable":true,"href":"https:\/\/now-news.de\/de\/wp-json\/wp\/v2\/comments?post=36764"}],"version-history":[{"count":0,"href":"https:\/\/now-news.de\/de\/wp-json\/wp\/v2\/posts\/36764\/revisions"}],"wp:featuredmedia":[{"embeddable":true,"href":"https:\/\/now-news.de\/de\/wp-json\/wp\/v2\/media\/36765"}],"wp:attachment":[{"href":"https:\/\/now-news.de\/de\/wp-json\/wp\/v2\/media?parent=36764"}],"wp:term":[{"taxonomy":"category","embeddable":true,"href":"https:\/\/now-news.de\/de\/wp-json\/wp\/v2\/categories?post=36764"},{"taxonomy":"post_tag","embeddable":true,"href":"https:\/\/now-news.de\/de\/wp-json\/wp\/v2\/tags?post=36764"}],"curies":[{"name":"wp","href":"https:\/\/api.w.org\/{rel}","templated":true}]}}