{"id":36747,"date":"2023-05-25T16:15:54","date_gmt":"2023-05-25T14:15:54","guid":{"rendered":"https:\/\/just-now.news\/de\/deutschland\/digitales-buergerkonto-innenministerin-faeser-kuendigt-an-jeder-buerger-bekommt-eine-bund-id\/"},"modified":"2023-05-25T16:15:54","modified_gmt":"2023-05-25T14:15:54","slug":"digitales-buergerkonto-innenministerin-faeser-kuendigt-an-jeder-buerger-bekommt-eine-bund-id","status":"publish","type":"post","link":"https:\/\/now-news.de\/de\/deutschland\/digitales-buergerkonto-innenministerin-faeser-kuendigt-an-jeder-buerger-bekommt-eine-bund-id\/","title":{"rendered":"Digitales B\u00fcrgerkonto: Innenministerin Faeser k\u00fcndigt an, jeder B\u00fcrger bekommt eine &quot;Bund-ID&quot;"},"content":{"rendered":"<p><img decoding=\"async\" src=\"http:\/\/just-now.news\/de\/wp-content\/uploads\/sites\/3\/2023\/05\/646f59f4b480cc2ec87dc680.jpg\" \/><\/p>\n<div class=\"Text-root Text-type_1 \">\n                Die Bundesregierung will den B\u00fcrgern vermeintlich Beh\u00f6rdeng\u00e4nge ersparen und hat diesbez\u00fcglich ein neues Gesetz zur Digitalisierung der Verwaltung initiiert. Das Gesetz diene einer faktischen Abschaffung der Schriftform und stelle einen &#8220;Meilenstein auf dem Weg zum digitalen Staat&#8221; dar.\n            <\/div>\n<p><\/p>\n<div class=\"Text-root Text-type_5 ArticleView-text ViewText-root \">\n<p>Auf der Webseite des Bundesministeriums des Innern und Heimat (BMI) lautet es im Rahmen einer\u00a0<a rel=\"nofollow noopener\" target=\"_blank\" href=\"https:\/\/www.bmi.bund.de\/SharedDocs\/pressemitteilungen\/DE\/2023\/05\/ozg-kabinett.html\">Pressemitteilung<\/a>, dass am 24. Mai die Bundesregierung im Kabinett &#8220;ein von Bundesinnenministerin Nancy Faeser (SPD) vorgelegtes Paket f\u00fcr die digitale Verwaltung beschlossen hat&#8221;. Der 77-seitige sogenannte &#8220;<a rel=\"nofollow noopener\" target=\"_blank\" href=\"https:\/\/www.bmi.bund.de\/SharedDocs\/gesetzgebungsverfahren\/DE\/Downloads\/kabinettsfassung\/entwurf-gesetz-aenderung-ozg-digitalisierung-verwaltung.html\">Gesetzentwurf\u00a0<\/a>zur \u00c4nderung des Onlinezugangsgesetzes (OZG 2.0)&#8221; schaffe damit den beabsichtigten Rahmen &#8220;f\u00fcr die weitere Digitalisierung der Verwaltung sowie zentrale Voraussetzungen f\u00fcr nutzerfreundliche und vollst\u00e4ndig digitale Verfahren&#8221;.<\/p>\n<p>Gro\u00dfprojekte des neuen Gesetzes lauten &#8220;Registermodernisierung und digitale Identit\u00e4ten&#8221;. Erst j\u00fcngst wurde bekannt, dass der Bund bereits im letzten Jahr Steuergelder in H\u00f6he von\u00a0insgesamt 771,4 Millionen Euro f\u00fcr Software und IT-Dienstleistungen ausgegeben hat, davon allein 209 Millionen Euro f\u00fcr Produkte des Unternehmens Microsoft. Laut der Mitteilung erkl\u00e4rt Innenministerin Faeser zur Begr\u00fcndung einer Notwendigkeit:<\/p>\n<blockquote>\n<p><em>&#8220;Wir wollen das Leben der Menschen leichter machen, wertvolle Zeit sparen, der Zettelwirtschaft ein Ende bereiten und Beh\u00f6rdeng\u00e4nge vermeiden.<\/em><\/p>\n<p><em>Zuk\u00fcnftig k\u00f6nnen digitale Antr\u00e4ge deutschlandweit \u00fcber die Bund-ID als zentrales B\u00fcrgerkonto gestellt werden. F\u00fcr Unternehmen wird es in Zukunft nur noch digitale Antr\u00e4ge geben.&#8221;<\/em><\/p>\n<\/blockquote>\n<div class=\"EmbedBlock-root EmbedBlock-twitter\">\n<div class=\"TwitterEmbed\">\n<blockquote class=\"twitter-tweet lazyload\" data-twitter=\"twitter-tweet\">\n<p lang=\"de\" dir=\"ltr\">Die Bundesregierung will ein digitales Beh\u00f6rden-Postfach f\u00fcr alle B\u00fcrger:innen schaffen. <a rel=\"nofollow noopener\" target=\"_blank\" href=\"https:\/\/t.co\/HwJJvvN54E\">pic.twitter.com\/HwJJvvN54E<\/a><\/p>\n<p>\u2014 Bericht aus Berlin (@ARD_BaB) <a rel=\"nofollow noopener\" target=\"_blank\" href=\"https:\/\/twitter.com\/ARD_BaB\/status\/1661346109464117248?ref_src=twsrc%5Etfw\">May 24, 2023<\/a><\/p><\/blockquote>\n<\/div>\n<\/div>\n<p>Der Bund will sich zusammen mit den verantwortlichen L\u00e4ndern und Kommunen dabei auf &#8220;15 besonders wichtige Leistungen&#8221; fokussieren, die bis sp\u00e4testens 2024 digital umgesetzt werden sollen. Darunter fallen unter anderem laut dem BMI:<\/p>\n<ul>\n<li>die wohnliche Ummeldung<\/li>\n<li>das Elterngeld<\/li>\n<li>die Eheschlie\u00dfung<\/li>\n<li>die Kfz-An- und Ummeldung<\/li>\n<li>die Baugenehmigung<\/li>\n<li>der F\u00fchrerschein<\/li>\n<li>das Wohngeld<\/li>\n<\/ul>\n<p>Die Innenministerin betont explizit in der Pressemitteilung des BMI:<\/p>\n<blockquote>\n<p><em>&#8220;Das ist ein gro\u00dfer Gewinn f\u00fcr die B\u00fcrgerinnen und B\u00fcrger \u2013 und ein Meilenstein auf dem Weg zum digitalen Staat.&#8221;<\/em><\/p>\n<\/blockquote>\n<p>Damit die digitalen Antr\u00e4ge nicht mehr auf Papier eingereicht und unterschrieben werden m\u00fcssen, wird bei der digitalen Abwicklung auf die bislang notwendige Schriftform zuk\u00fcnftig verzichtet. Durch die Gesetzes\u00e4nderung k\u00f6nnten zuk\u00fcnftig alle Leistungen rechtssicher, einfach und einheitlich mit der Onlineausweisfunktion des Personalausweises digital beantragt werden. &#8220;Es ist keine h\u00e4ndische Unterschrift mehr notwendig&#8221;, so Ministerin Faeser.<\/p>\n<p><strong>Mehr zum Thema &#8211;<\/strong>\u00a0<a rel=\"nofollow noopener\" target=\"_blank\" href=\"https:\/\/pressefreiheit.rtde.live\/inland\/170607-digitalisierung-bund-zahlte-2022-fuer\/\">Digitalisierung: Bund zahlte 2022 f\u00fcr Produkte von Microsoft 209 Millionen Euro<\/a><\/p>\n<\/p>\n<\/div>\n<p><script async src=\"https:\/\/platform.twitter.com\/widgets.js\" charset=\"utf-8\"><\/script><br \/>\n<br \/><br \/>\n<br \/><a href=\"https:\/\/de.rt.com\/inland\/170991-digitales-buergerkonto-innenministerin-faeser-kuendigt\/\">Source link <\/a><\/p>\n","protected":false},"excerpt":{"rendered":"<p>Die Bundesregierung will den B\u00fcrgern vermeintlich Beh\u00f6rdeng\u00e4nge ersparen und hat diesbez\u00fcglich ein neues Gesetz zur Digitalisierung der Verwaltung initiiert. Das Gesetz diene einer faktischen Abschaffung der Schriftform und stelle einen &#8220;Meilenstein auf dem Weg zum digitalen Staat&#8221; dar. Auf der Webseite des Bundesministeriums des Innern und Heimat (BMI) lautet es im Rahmen einer\u00a0Pressemitteilung, dass am [&hellip;]<\/p>\n","protected":false},"author":3,"featured_media":36748,"comment_status":"open","ping_status":"open","sticky":false,"template":"","format":"standard","meta":{"_yoast_indexnow_last_ping":["1685024457"],"wp_automatic_camp":["217"],"665e0a75ba5a2fafdca6a48172cc8569":["Digitales B\u00fcrgerkonto: Innenministerin Faeser k\u00fcndigt an, jeder B\u00fcrger bekommt eine &quot;Bund-ID&quot;"],"original_link":["https:\/\/de.rt.com\/inland\/170991-digitales-buergerkonto-innenministerin-faeser-kuendigt\/"],"_thumbnail_id":["36748"],"_wptgpro_p2tg_sent2tg":["a:1:{i:23737;s:19:\"2023-05-25 16:22:06\";}"],"jnews_social_counter_last_update":["1777399367"]},"categories":[19,23],"tags":[13666,8956,44739,21843,275,16802,4732,12049,4224,44740],"yoast_head":"<!-- This site is optimized with the Yoast SEO Premium plugin v22.7 (Yoast SEO v22.7) - https:\/\/yoast.com\/wordpress\/plugins\/seo\/ -->\n<title>Digitales B\u00fcrgerkonto: Innenministerin Faeser k\u00fcndigt an, jeder B\u00fcrger bekommt eine &quot;Bund-ID&quot; - just-now.NEWS Deutschland<\/title>\n<meta name=\"robots\" content=\"index, follow, max-snippet:-1, max-image-preview:large, max-video-preview:-1\" \/>\n<link rel=\"canonical\" href=\"https:\/\/now-news.de\/de\/deutschland\/digitales-buergerkonto-innenministerin-faeser-kuendigt-an-jeder-buerger-bekommt-eine-bund-id\/\" \/>\n<meta property=\"og:locale\" content=\"de_DE\" \/>\n<meta property=\"og:type\" content=\"article\" \/>\n<meta property=\"og:title\" content=\"Digitales B\u00fcrgerkonto: Innenministerin Faeser k\u00fcndigt an, jeder B\u00fcrger bekommt eine &quot;Bund-ID&quot;\" \/>\n<meta property=\"og:description\" content=\"Die Bundesregierung will den B\u00fcrgern vermeintlich Beh\u00f6rdeng\u00e4nge ersparen und hat diesbez\u00fcglich ein neues Gesetz zur Digitalisierung der Verwaltung initiiert. Das Gesetz diene einer faktischen Abschaffung der Schriftform und stelle einen &#8220;Meilenstein auf dem Weg zum digitalen Staat&#8221; dar. Auf der Webseite des Bundesministeriums des Innern und Heimat (BMI) lautet es im Rahmen einer\u00a0Pressemitteilung, dass am [&hellip;]\" \/>\n<meta property=\"og:url\" content=\"https:\/\/now-news.de\/de\/deutschland\/digitales-buergerkonto-innenministerin-faeser-kuendigt-an-jeder-buerger-bekommt-eine-bund-id\/\" \/>\n<meta property=\"og:site_name\" content=\"just-now.NEWS Deutschland\" \/>\n<meta property=\"article:publisher\" content=\"https:\/\/www.facebook.com\/wirmachenauf\" \/>\n<meta property=\"article:published_time\" content=\"2023-05-25T14:15:54+00:00\" \/>\n<meta property=\"og:image\" content=\"https:\/\/now-news.de\/de\/wp-content\/uploads\/sites\/3\/2023\/05\/Digitales-Buergerkonto-Innenministerin-Faeser-kuendigt-an-jeder-Buerger-bekommt-eine.jpg\" \/>\n\t<meta property=\"og:image:width\" content=\"460\" \/>\n\t<meta property=\"og:image:height\" content=\"259\" \/>\n\t<meta property=\"og:image:type\" content=\"image\/jpeg\" \/>\n<meta name=\"author\" content=\"rtnews\" \/>\n<meta name=\"twitter:card\" content=\"summary_large_image\" \/>\n<meta name=\"twitter:creator\" content=\"@WirMachenAuf_de\" \/>\n<meta name=\"twitter:site\" content=\"@WirMachenAuf_de\" \/>\n<meta name=\"twitter:label1\" content=\"Verfasst von\" \/>\n\t<meta name=\"twitter:data1\" content=\"rtnews\" \/>\n\t<meta name=\"twitter:label2\" content=\"Gesch\u00e4tzte Lesezeit\" \/>\n\t<meta name=\"twitter:data2\" content=\"2\u00a0Minuten\" \/>\n<script type=\"application\/ld+json\" class=\"yoast-schema-graph\">{\"@context\":\"https:\/\/schema.org\",\"@graph\":[{\"@type\":\"Article\",\"@id\":\"https:\/\/now-news.de\/de\/deutschland\/digitales-buergerkonto-innenministerin-faeser-kuendigt-an-jeder-buerger-bekommt-eine-bund-id\/#article\",\"isPartOf\":{\"@id\":\"https:\/\/now-news.de\/de\/deutschland\/digitales-buergerkonto-innenministerin-faeser-kuendigt-an-jeder-buerger-bekommt-eine-bund-id\/\"},\"author\":{\"name\":\"rtnews\",\"@id\":\"https:\/\/now-news.de\/de\/#\/schema\/person\/fb534a4e865501d8b3285208df34a9b5\"},\"headline\":\"Digitales B\u00fcrgerkonto: Innenministerin Faeser k\u00fcndigt an, jeder B\u00fcrger bekommt eine &quot;Bund-ID&quot;\",\"datePublished\":\"2023-05-25T14:15:54+00:00\",\"dateModified\":\"2023-05-25T14:15:54+00:00\",\"mainEntityOfPage\":{\"@id\":\"https:\/\/now-news.de\/de\/deutschland\/digitales-buergerkonto-innenministerin-faeser-kuendigt-an-jeder-buerger-bekommt-eine-bund-id\/\"},\"wordCount\":426,\"commentCount\":0,\"publisher\":{\"@id\":\"https:\/\/now-news.de\/de\/#organization\"},\"image\":{\"@id\":\"https:\/\/now-news.de\/de\/deutschland\/digitales-buergerkonto-innenministerin-faeser-kuendigt-an-jeder-buerger-bekommt-eine-bund-id\/#primaryimage\"},\"thumbnailUrl\":\"https:\/\/now-news.de\/de\/wp-content\/uploads\/sites\/3\/2023\/05\/Digitales-Buergerkonto-Innenministerin-Faeser-kuendigt-an-jeder-Buerger-bekommt-eine.jpg\",\"keywords\":[\"bekommt\",\"b\u00fcrger\",\"B\u00fcrgerkonto\",\"digitales\",\"eine\",\"Faeser\",\"Innenministerin\",\"jeder\",\"k\u00fcndigt\",\"quotBundIDquot\"],\"articleSection\":[\"Deutschland\",\"Russland\"],\"inLanguage\":\"de\",\"potentialAction\":[{\"@type\":\"CommentAction\",\"name\":\"Comment\",\"target\":[\"https:\/\/now-news.de\/de\/deutschland\/digitales-buergerkonto-innenministerin-faeser-kuendigt-an-jeder-buerger-bekommt-eine-bund-id\/#respond\"]}]},{\"@type\":\"WebPage\",\"@id\":\"https:\/\/now-news.de\/de\/deutschland\/digitales-buergerkonto-innenministerin-faeser-kuendigt-an-jeder-buerger-bekommt-eine-bund-id\/\",\"url\":\"https:\/\/now-news.de\/de\/deutschland\/digitales-buergerkonto-innenministerin-faeser-kuendigt-an-jeder-buerger-bekommt-eine-bund-id\/\",\"name\":\"Digitales B\u00fcrgerkonto: Innenministerin Faeser k\u00fcndigt an, jeder B\u00fcrger bekommt eine &quot;Bund-ID&quot; - just-now.NEWS Deutschland\",\"isPartOf\":{\"@id\":\"https:\/\/now-news.de\/de\/#website\"},\"primaryImageOfPage\":{\"@id\":\"https:\/\/now-news.de\/de\/deutschland\/digitales-buergerkonto-innenministerin-faeser-kuendigt-an-jeder-buerger-bekommt-eine-bund-id\/#primaryimage\"},\"image\":{\"@id\":\"https:\/\/now-news.de\/de\/deutschland\/digitales-buergerkonto-innenministerin-faeser-kuendigt-an-jeder-buerger-bekommt-eine-bund-id\/#primaryimage\"},\"thumbnailUrl\":\"https:\/\/now-news.de\/de\/wp-content\/uploads\/sites\/3\/2023\/05\/Digitales-Buergerkonto-Innenministerin-Faeser-kuendigt-an-jeder-Buerger-bekommt-eine.jpg\",\"datePublished\":\"2023-05-25T14:15:54+00:00\",\"dateModified\":\"2023-05-25T14:15:54+00:00\",\"breadcrumb\":{\"@id\":\"https:\/\/now-news.de\/de\/deutschland\/digitales-buergerkonto-innenministerin-faeser-kuendigt-an-jeder-buerger-bekommt-eine-bund-id\/#breadcrumb\"},\"inLanguage\":\"de\",\"potentialAction\":[{\"@type\":\"ReadAction\",\"target\":[\"https:\/\/now-news.de\/de\/deutschland\/digitales-buergerkonto-innenministerin-faeser-kuendigt-an-jeder-buerger-bekommt-eine-bund-id\/\"]}]},{\"@type\":\"ImageObject\",\"inLanguage\":\"de\",\"@id\":\"https:\/\/now-news.de\/de\/deutschland\/digitales-buergerkonto-innenministerin-faeser-kuendigt-an-jeder-buerger-bekommt-eine-bund-id\/#primaryimage\",\"url\":\"https:\/\/now-news.de\/de\/wp-content\/uploads\/sites\/3\/2023\/05\/Digitales-Buergerkonto-Innenministerin-Faeser-kuendigt-an-jeder-Buerger-bekommt-eine.jpg\",\"contentUrl\":\"https:\/\/now-news.de\/de\/wp-content\/uploads\/sites\/3\/2023\/05\/Digitales-Buergerkonto-Innenministerin-Faeser-kuendigt-an-jeder-Buerger-bekommt-eine.jpg\",\"width\":460,\"height\":259,\"caption\":\"Digitales B\u00fcrgerkonto: Innenministerin Faeser k\u00fcndigt an, jeder B\u00fcrger bekommt eine &quot;Bund-ID&quot;\"},{\"@type\":\"BreadcrumbList\",\"@id\":\"https:\/\/now-news.de\/de\/deutschland\/digitales-buergerkonto-innenministerin-faeser-kuendigt-an-jeder-buerger-bekommt-eine-bund-id\/#breadcrumb\",\"itemListElement\":[{\"@type\":\"ListItem\",\"position\":1,\"name\":\"Home\",\"item\":\"https:\/\/now-news.de\/de\/\"},{\"@type\":\"ListItem\",\"position\":2,\"name\":\"Digitales B\u00fcrgerkonto: Innenministerin Faeser k\u00fcndigt an, jeder B\u00fcrger bekommt eine &quot;Bund-ID&quot;\"}]},{\"@type\":\"WebSite\",\"@id\":\"https:\/\/now-news.de\/de\/#website\",\"url\":\"https:\/\/now-news.de\/de\/\",\"name\":\"just-now.NEWS Deutschland\",\"description\":\"Das Portal f\u00fcr unzensierte Nachrichten aus der Welt\",\"publisher\":{\"@id\":\"https:\/\/now-news.de\/de\/#organization\"},\"potentialAction\":[{\"@type\":\"SearchAction\",\"target\":{\"@type\":\"EntryPoint\",\"urlTemplate\":\"https:\/\/now-news.de\/de\/?s={search_term_string}\"},\"query-input\":\"required name=search_term_string\"}],\"inLanguage\":\"de\"},{\"@type\":\"Organization\",\"@id\":\"https:\/\/now-news.de\/de\/#organization\",\"name\":\"Just Now News\",\"url\":\"https:\/\/now-news.de\/de\/\",\"logo\":{\"@type\":\"ImageObject\",\"inLanguage\":\"de\",\"@id\":\"https:\/\/now-news.de\/de\/#\/schema\/logo\/image\/\",\"url\":\"http:\/\/just-now.news\/de\/wp-content\/uploads\/sites\/3\/2022\/04\/logo500x500.jpg\",\"contentUrl\":\"http:\/\/just-now.news\/de\/wp-content\/uploads\/sites\/3\/2022\/04\/logo500x500.jpg\",\"width\":500,\"height\":500,\"caption\":\"Just Now News\"},\"image\":{\"@id\":\"https:\/\/now-news.de\/de\/#\/schema\/logo\/image\/\"},\"sameAs\":[\"https:\/\/www.facebook.com\/wirmachenauf\",\"https:\/\/x.com\/WirMachenAuf_de\"]},{\"@type\":\"Person\",\"@id\":\"https:\/\/now-news.de\/de\/#\/schema\/person\/fb534a4e865501d8b3285208df34a9b5\",\"name\":\"rtnews\",\"image\":{\"@type\":\"ImageObject\",\"inLanguage\":\"de\",\"@id\":\"https:\/\/now-news.de\/de\/#\/schema\/person\/image\/\",\"url\":\"https:\/\/secure.gravatar.com\/avatar\/82aafea7d8127119dd649515f56e2117?s=96&d=mm&r=g\",\"contentUrl\":\"https:\/\/secure.gravatar.com\/avatar\/82aafea7d8127119dd649515f56e2117?s=96&d=mm&r=g\",\"caption\":\"rtnews\"},\"url\":\"https:\/\/now-news.de\/de\/author\/rnews\/\"}]}<\/script>\n<!-- \/ Yoast SEO Premium plugin. -->","yoast_head_json":{"title":"Digitales B\u00fcrgerkonto: Innenministerin Faeser k\u00fcndigt an, jeder B\u00fcrger bekommt eine &quot;Bund-ID&quot; - just-now.NEWS Deutschland","robots":{"index":"index","follow":"follow","max-snippet":"max-snippet:-1","max-image-preview":"max-image-preview:large","max-video-preview":"max-video-preview:-1"},"canonical":"https:\/\/now-news.de\/de\/deutschland\/digitales-buergerkonto-innenministerin-faeser-kuendigt-an-jeder-buerger-bekommt-eine-bund-id\/","og_locale":"de_DE","og_type":"article","og_title":"Digitales B\u00fcrgerkonto: Innenministerin Faeser k\u00fcndigt an, jeder B\u00fcrger bekommt eine &quot;Bund-ID&quot;","og_description":"Die Bundesregierung will den B\u00fcrgern vermeintlich Beh\u00f6rdeng\u00e4nge ersparen und hat diesbez\u00fcglich ein neues Gesetz zur Digitalisierung der Verwaltung initiiert. Das Gesetz diene einer faktischen Abschaffung der Schriftform und stelle einen &#8220;Meilenstein auf dem Weg zum digitalen Staat&#8221; dar. Auf der Webseite des Bundesministeriums des Innern und Heimat (BMI) lautet es im Rahmen einer\u00a0Pressemitteilung, dass am [&hellip;]","og_url":"https:\/\/now-news.de\/de\/deutschland\/digitales-buergerkonto-innenministerin-faeser-kuendigt-an-jeder-buerger-bekommt-eine-bund-id\/","og_site_name":"just-now.NEWS Deutschland","article_publisher":"https:\/\/www.facebook.com\/wirmachenauf","article_published_time":"2023-05-25T14:15:54+00:00","og_image":[{"width":460,"height":259,"url":"https:\/\/now-news.de\/de\/wp-content\/uploads\/sites\/3\/2023\/05\/Digitales-Buergerkonto-Innenministerin-Faeser-kuendigt-an-jeder-Buerger-bekommt-eine.jpg","type":"image\/jpeg"}],"author":"rtnews","twitter_card":"summary_large_image","twitter_creator":"@WirMachenAuf_de","twitter_site":"@WirMachenAuf_de","twitter_misc":{"Verfasst von":"rtnews","Gesch\u00e4tzte Lesezeit":"2\u00a0Minuten"},"schema":{"@context":"https:\/\/schema.org","@graph":[{"@type":"Article","@id":"https:\/\/now-news.de\/de\/deutschland\/digitales-buergerkonto-innenministerin-faeser-kuendigt-an-jeder-buerger-bekommt-eine-bund-id\/#article","isPartOf":{"@id":"https:\/\/now-news.de\/de\/deutschland\/digitales-buergerkonto-innenministerin-faeser-kuendigt-an-jeder-buerger-bekommt-eine-bund-id\/"},"author":{"name":"rtnews","@id":"https:\/\/now-news.de\/de\/#\/schema\/person\/fb534a4e865501d8b3285208df34a9b5"},"headline":"Digitales B\u00fcrgerkonto: Innenministerin Faeser k\u00fcndigt an, jeder B\u00fcrger bekommt eine &quot;Bund-ID&quot;","datePublished":"2023-05-25T14:15:54+00:00","dateModified":"2023-05-25T14:15:54+00:00","mainEntityOfPage":{"@id":"https:\/\/now-news.de\/de\/deutschland\/digitales-buergerkonto-innenministerin-faeser-kuendigt-an-jeder-buerger-bekommt-eine-bund-id\/"},"wordCount":426,"commentCount":0,"publisher":{"@id":"https:\/\/now-news.de\/de\/#organization"},"image":{"@id":"https:\/\/now-news.de\/de\/deutschland\/digitales-buergerkonto-innenministerin-faeser-kuendigt-an-jeder-buerger-bekommt-eine-bund-id\/#primaryimage"},"thumbnailUrl":"https:\/\/now-news.de\/de\/wp-content\/uploads\/sites\/3\/2023\/05\/Digitales-Buergerkonto-Innenministerin-Faeser-kuendigt-an-jeder-Buerger-bekommt-eine.jpg","keywords":["bekommt","b\u00fcrger","B\u00fcrgerkonto","digitales","eine","Faeser","Innenministerin","jeder","k\u00fcndigt","quotBundIDquot"],"articleSection":["Deutschland","Russland"],"inLanguage":"de","potentialAction":[{"@type":"CommentAction","name":"Comment","target":["https:\/\/now-news.de\/de\/deutschland\/digitales-buergerkonto-innenministerin-faeser-kuendigt-an-jeder-buerger-bekommt-eine-bund-id\/#respond"]}]},{"@type":"WebPage","@id":"https:\/\/now-news.de\/de\/deutschland\/digitales-buergerkonto-innenministerin-faeser-kuendigt-an-jeder-buerger-bekommt-eine-bund-id\/","url":"https:\/\/now-news.de\/de\/deutschland\/digitales-buergerkonto-innenministerin-faeser-kuendigt-an-jeder-buerger-bekommt-eine-bund-id\/","name":"Digitales B\u00fcrgerkonto: Innenministerin Faeser k\u00fcndigt an, jeder B\u00fcrger bekommt eine &quot;Bund-ID&quot; - just-now.NEWS Deutschland","isPartOf":{"@id":"https:\/\/now-news.de\/de\/#website"},"primaryImageOfPage":{"@id":"https:\/\/now-news.de\/de\/deutschland\/digitales-buergerkonto-innenministerin-faeser-kuendigt-an-jeder-buerger-bekommt-eine-bund-id\/#primaryimage"},"image":{"@id":"https:\/\/now-news.de\/de\/deutschland\/digitales-buergerkonto-innenministerin-faeser-kuendigt-an-jeder-buerger-bekommt-eine-bund-id\/#primaryimage"},"thumbnailUrl":"https:\/\/now-news.de\/de\/wp-content\/uploads\/sites\/3\/2023\/05\/Digitales-Buergerkonto-Innenministerin-Faeser-kuendigt-an-jeder-Buerger-bekommt-eine.jpg","datePublished":"2023-05-25T14:15:54+00:00","dateModified":"2023-05-25T14:15:54+00:00","breadcrumb":{"@id":"https:\/\/now-news.de\/de\/deutschland\/digitales-buergerkonto-innenministerin-faeser-kuendigt-an-jeder-buerger-bekommt-eine-bund-id\/#breadcrumb"},"inLanguage":"de","potentialAction":[{"@type":"ReadAction","target":["https:\/\/now-news.de\/de\/deutschland\/digitales-buergerkonto-innenministerin-faeser-kuendigt-an-jeder-buerger-bekommt-eine-bund-id\/"]}]},{"@type":"ImageObject","inLanguage":"de","@id":"https:\/\/now-news.de\/de\/deutschland\/digitales-buergerkonto-innenministerin-faeser-kuendigt-an-jeder-buerger-bekommt-eine-bund-id\/#primaryimage","url":"https:\/\/now-news.de\/de\/wp-content\/uploads\/sites\/3\/2023\/05\/Digitales-Buergerkonto-Innenministerin-Faeser-kuendigt-an-jeder-Buerger-bekommt-eine.jpg","contentUrl":"https:\/\/now-news.de\/de\/wp-content\/uploads\/sites\/3\/2023\/05\/Digitales-Buergerkonto-Innenministerin-Faeser-kuendigt-an-jeder-Buerger-bekommt-eine.jpg","width":460,"height":259,"caption":"Digitales B\u00fcrgerkonto: Innenministerin Faeser k\u00fcndigt an, jeder B\u00fcrger bekommt eine &quot;Bund-ID&quot;"},{"@type":"BreadcrumbList","@id":"https:\/\/now-news.de\/de\/deutschland\/digitales-buergerkonto-innenministerin-faeser-kuendigt-an-jeder-buerger-bekommt-eine-bund-id\/#breadcrumb","itemListElement":[{"@type":"ListItem","position":1,"name":"Home","item":"https:\/\/now-news.de\/de\/"},{"@type":"ListItem","position":2,"name":"Digitales B\u00fcrgerkonto: Innenministerin Faeser k\u00fcndigt an, jeder B\u00fcrger bekommt eine &quot;Bund-ID&quot;"}]},{"@type":"WebSite","@id":"https:\/\/now-news.de\/de\/#website","url":"https:\/\/now-news.de\/de\/","name":"just-now.NEWS Deutschland","description":"Das Portal f\u00fcr unzensierte Nachrichten aus der Welt","publisher":{"@id":"https:\/\/now-news.de\/de\/#organization"},"potentialAction":[{"@type":"SearchAction","target":{"@type":"EntryPoint","urlTemplate":"https:\/\/now-news.de\/de\/?s={search_term_string}"},"query-input":"required name=search_term_string"}],"inLanguage":"de"},{"@type":"Organization","@id":"https:\/\/now-news.de\/de\/#organization","name":"Just Now News","url":"https:\/\/now-news.de\/de\/","logo":{"@type":"ImageObject","inLanguage":"de","@id":"https:\/\/now-news.de\/de\/#\/schema\/logo\/image\/","url":"http:\/\/just-now.news\/de\/wp-content\/uploads\/sites\/3\/2022\/04\/logo500x500.jpg","contentUrl":"http:\/\/just-now.news\/de\/wp-content\/uploads\/sites\/3\/2022\/04\/logo500x500.jpg","width":500,"height":500,"caption":"Just Now News"},"image":{"@id":"https:\/\/now-news.de\/de\/#\/schema\/logo\/image\/"},"sameAs":["https:\/\/www.facebook.com\/wirmachenauf","https:\/\/x.com\/WirMachenAuf_de"]},{"@type":"Person","@id":"https:\/\/now-news.de\/de\/#\/schema\/person\/fb534a4e865501d8b3285208df34a9b5","name":"rtnews","image":{"@type":"ImageObject","inLanguage":"de","@id":"https:\/\/now-news.de\/de\/#\/schema\/person\/image\/","url":"https:\/\/secure.gravatar.com\/avatar\/82aafea7d8127119dd649515f56e2117?s=96&d=mm&r=g","contentUrl":"https:\/\/secure.gravatar.com\/avatar\/82aafea7d8127119dd649515f56e2117?s=96&d=mm&r=g","caption":"rtnews"},"url":"https:\/\/now-news.de\/de\/author\/rnews\/"}]}},"_links":{"self":[{"href":"https:\/\/now-news.de\/de\/wp-json\/wp\/v2\/posts\/36747"}],"collection":[{"href":"https:\/\/now-news.de\/de\/wp-json\/wp\/v2\/posts"}],"about":[{"href":"https:\/\/now-news.de\/de\/wp-json\/wp\/v2\/types\/post"}],"author":[{"embeddable":true,"href":"https:\/\/now-news.de\/de\/wp-json\/wp\/v2\/users\/3"}],"replies":[{"embeddable":true,"href":"https:\/\/now-news.de\/de\/wp-json\/wp\/v2\/comments?post=36747"}],"version-history":[{"count":0,"href":"https:\/\/now-news.de\/de\/wp-json\/wp\/v2\/posts\/36747\/revisions"}],"wp:featuredmedia":[{"embeddable":true,"href":"https:\/\/now-news.de\/de\/wp-json\/wp\/v2\/media\/36748"}],"wp:attachment":[{"href":"https:\/\/now-news.de\/de\/wp-json\/wp\/v2\/media?parent=36747"}],"wp:term":[{"taxonomy":"category","embeddable":true,"href":"https:\/\/now-news.de\/de\/wp-json\/wp\/v2\/categories?post=36747"},{"taxonomy":"post_tag","embeddable":true,"href":"https:\/\/now-news.de\/de\/wp-json\/wp\/v2\/tags?post=36747"}],"curies":[{"name":"wp","href":"https:\/\/api.w.org\/{rel}","templated":true}]}}