{"id":36689,"date":"2023-05-24T19:31:04","date_gmt":"2023-05-24T17:31:04","guid":{"rendered":"https:\/\/just-now.news\/de\/deutschland\/60-000-euro-fuer-schaeden-an-kulturdenkmaelern-%e2%80%92-italien-geht-hart-gegen-klimaaktivisten-vor\/"},"modified":"2023-05-24T19:31:04","modified_gmt":"2023-05-24T17:31:04","slug":"60-000-euro-fuer-schaeden-an-kulturdenkmaelern-%e2%80%92-italien-geht-hart-gegen-klimaaktivisten-vor","status":"publish","type":"post","link":"https:\/\/now-news.de\/de\/deutschland\/60-000-euro-fuer-schaeden-an-kulturdenkmaelern-%e2%80%92-italien-geht-hart-gegen-klimaaktivisten-vor\/","title":{"rendered":"60.000 Euro f\u00fcr Sch\u00e4den an Kulturdenkm\u00e4lern \u2012 Italien geht hart gegen &quot;Klimaaktivisten&quot; vor"},"content":{"rendered":"<div class=\"Text-root Text-type_1 \">\n                Ein Gesetzentwurf zur Einf\u00fchrung hoher Geldstrafen f\u00fcr die Besch\u00e4digung kultureller Denkm\u00e4ler steht in Italien zur Debatte. Diese Ma\u00dfnahme soll dabei helfen, das wilde Verhalten von &#8220;Klimaaktivisten&#8221; in den Griff zu bekommen.\n            <\/div>\n<p><\/p>\n<div class=\"Text-root Text-type_5 ArticleView-text ViewText-root \">\n<p>Pl\u00e4ne zur Einf\u00fchrung von Geldstrafen in f\u00fcnfstelliger H\u00f6he \u2013 von 10.000 bis 60.000 Euro\u00a0\u2012 f\u00fcr die Besch\u00e4digung von Denkm\u00e4lern und Kulturobjekten wurden bei einer Kabinettssitzung in Italien angek\u00fcndigt, berichtet die Fachzeitung <em>The Art Newspaper<\/em>.<\/p>\n<p>Es wird erwartet, dass die Ma\u00dfnahme von der Regierung Giorgia Melonis problemlos angenommen und umgesetzt werden k\u00f6nne. Die Zeitung erkl\u00e4rt:<\/p>\n<blockquote>\n<p><em>&#8220;Im Wesentlichen richtet sich das Gesetz gegen Klimaaktivisten und achtlose Touristen, deren Aktionen das Ausma\u00df und die Form einer wahren Katastrophe angenommen haben, die Italien \u00fcberrollt. Ende letzten Jahres bespr\u00fchten Umweltsch\u00fctzer die Fassade der Mail\u00e4nder Scala mit rosa, blauer und t\u00fcrkiser Farbe, unmittelbar vor der Er\u00f6ffnungsauff\u00fchrung von &#8216;Boris Godunow&#8217;. Ziel war es, &#8216;die Politiker, die an diesem Abend der Auff\u00fchrung beiwohnten, dazu zu bringen, den Kopf aus dem Sand zu ziehen und einzugreifen, um die Bev\u00f6lkerung vor einer \u00f6kologischen Katastrophe zu bewahren&#8217;.&#8221;<\/em><\/p>\n<\/blockquote>\n<p>Dies ist nicht der einzige Fall von Angriffen auf italienische Kultur- und Baudenkm\u00e4ler durch Aktivisten der &#8220;Letzten Generation&#8221;. In den vergangenen Monaten haben sie sich an Botticellis &#8220;Primavera&#8221; in den Uffizien geklebt, die historische Fassade des Palazzo Vecchio\u00a0\u2012 ebenfalls in Florenz \u2012 mit Farbe bespr\u00fcht, den Trevi-Brunnen in Rom schwarz gef\u00e4rbt, ein Gem\u00e4lde von Van Gogh in einem Museum in Rom mit Erbsensuppe \u00fcbergossen und in Mailand acht Kilo Mehl auf ein Werk von Andy Warhol geworfen. Und auch die p\u00e4pstliche Residenz wurde nicht ausgelassen: Sie klebten sich an die Statue von Laokoon in den ber\u00fchmten Vatikanischen Museen.<\/p>\n<figure class=\"RTImage-root\">\n<div class=\"RTImage-image RTImage-original\"><picture class=\"Picture-root Picture-original\"><!--[if IE 9]><video style=\"display: none;\"><![endif]--><source media=\"(-webkit-min-device-pixel-ratio: 2) and (min-resolution: 120dpi)\" data-srcset=\" \nhttp:\/\/just-now.news\/de\/wp-content\/uploads\/sites\/3\/2023\/05\/646e120a48fbef0f592d5d70.jpg 850w,\n                http:\/\/just-now.news\/de\/wp-content\/uploads\/sites\/3\/2023\/05\/646e120a48fbef0f592d5d70.jpg 1960w,\n            \" ><source data-srcset=\" \nhttp:\/\/just-now.news\/de\/wp-content\/uploads\/sites\/3\/2023\/05\/646e120a48fbef0f592d5d70.jpg 460w,\n              http:\/\/just-now.news\/de\/wp-content\/uploads\/sites\/3\/2023\/05\/646e120a48fbef0f592d5d70.jpg 980w,\n            \" ><!--[if IE 9]><\/video><![endif]--><img decoding=\"async\" data- src=\"data:image\/png;base64,iVBORw0KGgoAAAANSUhEUgAAABAAAAAJCAQAAACRI2S5AAAAEElEQVR42mNkIAAYRxWAAQAG9gAKqv6+AwAAAABJRU5ErkJggg==\" class=\"Picture-root Picture-original lazyload\" data-src=\"http:\/\/just-now.news\/de\/wp-content\/uploads\/sites\/3\/2023\/05\/646e120a48fbef0f592d5d70.jpg\" alt=\"\"><\/source><\/source><\/picture><!-- noscript pattern --><noscript><img decoding=\"async\" src=\"http:\/\/just-now.news\/de\/wp-content\/uploads\/sites\/3\/2023\/05\/646e120a48fbef0f592d5d70.jpg\" alt=\"\"><\/noscript><\/div><figcaption class=\"RTImage-footer\"><span class=\"RTImage-caption\"><span class=\"RTImage-captionItem\">Im Bild: Aktivisten der &#8220;Letzten Generation&#8221; am 21.05.2023 bei einer Aktion am Trevi-Brunnen in Rom, Italien.<\/span><\/span><span class=\"RTImage-source\"><span class=\"RTImage-captionItem\">LaPresse\/Sipa USA<\/span><span class=\"RTImage-captionItem\"> \/ Legion-media.ru<\/span><\/span><\/figcaption><\/figure>\n<p>Laut eigener Aussage achten die sogenannten Aktivisten stets auf den Erhalt von Kulturdenkm\u00e4lern\u00a0\u2012 sie w\u00e4hlen abwaschbare und sichere Farben und Klebstoffe, die das Kunstobjekt nicht besch\u00e4digen.<\/p>\n<p>Wie <em>The Art Newspaper<\/em> feststellt, l\u00e4sst sich eine solche &#8220;sichere&#8221; Farbe aber auch nur sehr schwer entfernen\u00a0\u2012 sie erfordert &#8220;den Einsatz von Fachleuten und gro\u00dfe Geldsummen, bis zu Zehntausende von Euro&#8221;. Im Fall des Viktor-Emanuel-Denkmals in Mailand wurde die ganze Sache zu einer Katastrophe. Die Zeitung beschreibt:<\/p>\n<p><em>&#8220;Am 9. M\u00e4rz \u00fcbergossen zwei Mitglieder der Ultima Generazione das Denkmal mit leuchtend gelber Farbe\u00a0\u2012 mit denselben Eigenschaften, wie sie es immer getan hatten, wie sie behaupteten. Nachdem sie festgenommen worden waren, trafen Reinigungskr\u00e4fte der von der Stadt Mailand finanzierten Abfallentsorgungsagentur Amsa am Tatort ein. Sie versuchten, das Denkmal mit einem Hochdruckwasserstrahl zu reinigen\u00a0\u2012 und fixierten offenbar nur das verspr\u00fchte Pigment. Nun beschuldigt der Mail\u00e4nder B\u00fcrgermeister Giuseppe Sala die Klimaaktivisten, die Statue mit hartn\u00e4ckiger Farbe beschmiert zu haben, w\u00e4hrend Experten ihrerseits der Stadtverwaltung vorwerfen, dass sich die Farbe beim Versuch, sie zu entfernen, noch st\u00e4rker in das Denkmal eingebettet hat.&#8221;<\/em><\/p>\n<p>Unabh\u00e4ngig von der Schuldfrage muss\u00a0das Mail\u00e4nder Denkmal nun aufw\u00e4ndig und kostspielig restauriert werden. Die geplanten hohen Geldstrafen f\u00fcr &#8220;Klimaaktivisten&#8221; sind daher ein logischer Versuch, eine nationale Kulturkatastrophe zu verhindern.<\/p>\n<p><strong>Mehr zum Thema &#8211;<\/strong>\u00a0<a rel=\"nofollow noopener\" target=\"_blank\" href=\"https:\/\/fromrussiawithlove.rtde.life\/meinung\/146106-gruner-terrorismus-umweltschutzer-auf-kreuzzug\/\">Gr\u00fcner Terrorismus: &#8220;Umweltsch\u00fctzer&#8221; auf dem Kreuzzug gegen die europ\u00e4ische Kunst<\/a><\/p>\n<\/p>\n<\/div>\n<p><br \/>\n<br \/><a href=\"https:\/\/de.rt.com\/europa\/170877-60000-euro-fuer-schaeden-an\/\">Source link <\/a><\/p>\n","protected":false},"excerpt":{"rendered":"<p>Ein Gesetzentwurf zur Einf\u00fchrung hoher Geldstrafen f\u00fcr die Besch\u00e4digung kultureller Denkm\u00e4ler steht in Italien zur Debatte. Diese Ma\u00dfnahme soll dabei helfen, das wilde Verhalten von &#8220;Klimaaktivisten&#8221; in den Griff zu bekommen. Pl\u00e4ne zur Einf\u00fchrung von Geldstrafen in f\u00fcnfstelliger H\u00f6he \u2013 von 10.000 bis 60.000 Euro\u00a0\u2012 f\u00fcr die Besch\u00e4digung von Denkm\u00e4lern und Kulturobjekten wurden bei einer [&hellip;]<\/p>\n","protected":false},"author":3,"featured_media":36690,"comment_status":"open","ping_status":"open","sticky":false,"template":"","format":"standard","meta":{"_yoast_indexnow_last_ping":["1684950181"],"wp_automatic_camp":["217"],"17ef13c187e58e256d14e7e1b7343090":["60.000 Euro f\u00fcr Sch\u00e4den an Kulturdenkm\u00e4lern \u2012 Italien geht hart gegen &quot;Klimaaktivisten&quot; vor"],"original_link":["https:\/\/de.rt.com\/europa\/170877-60000-euro-fuer-schaeden-an\/"],"_thumbnail_id":["36690"],"jnews_social_counter_last_update":["1777492095"],"_wptgpro_p2tg_sent2tg":["a:1:{i:23737;s:19:\"2023-05-24 19:44:04\";}"]},"categories":[19,23],"tags":[1005,221,278,1673,20336,43,44711,36417,971,320],"yoast_head":"<!-- This site is optimized with the Yoast SEO Premium plugin v22.7 (Yoast SEO v22.7) - https:\/\/yoast.com\/wordpress\/plugins\/seo\/ -->\n<title>60.000 Euro f\u00fcr Sch\u00e4den an Kulturdenkm\u00e4lern \u2012 Italien geht hart gegen &quot;Klimaaktivisten&quot; vor - just-now.NEWS Deutschland<\/title>\n<meta name=\"robots\" content=\"index, follow, max-snippet:-1, max-image-preview:large, max-video-preview:-1\" \/>\n<link rel=\"canonical\" href=\"https:\/\/now-news.de\/de\/deutschland\/60-000-euro-fuer-schaeden-an-kulturdenkmaelern-\u2012-italien-geht-hart-gegen-klimaaktivisten-vor\/\" \/>\n<meta property=\"og:locale\" content=\"de_DE\" \/>\n<meta property=\"og:type\" content=\"article\" \/>\n<meta property=\"og:title\" content=\"60.000 Euro f\u00fcr Sch\u00e4den an Kulturdenkm\u00e4lern \u2012 Italien geht hart gegen &quot;Klimaaktivisten&quot; vor\" \/>\n<meta property=\"og:description\" content=\"Ein Gesetzentwurf zur Einf\u00fchrung hoher Geldstrafen f\u00fcr die Besch\u00e4digung kultureller Denkm\u00e4ler steht in Italien zur Debatte. Diese Ma\u00dfnahme soll dabei helfen, das wilde Verhalten von &#8220;Klimaaktivisten&#8221; in den Griff zu bekommen. Pl\u00e4ne zur Einf\u00fchrung von Geldstrafen in f\u00fcnfstelliger H\u00f6he \u2013 von 10.000 bis 60.000 Euro\u00a0\u2012 f\u00fcr die Besch\u00e4digung von Denkm\u00e4lern und Kulturobjekten wurden bei einer [&hellip;]\" \/>\n<meta property=\"og:url\" content=\"https:\/\/now-news.de\/de\/deutschland\/60-000-euro-fuer-schaeden-an-kulturdenkmaelern-\u2012-italien-geht-hart-gegen-klimaaktivisten-vor\/\" \/>\n<meta property=\"og:site_name\" content=\"just-now.NEWS Deutschland\" \/>\n<meta property=\"article:publisher\" content=\"https:\/\/www.facebook.com\/wirmachenauf\" \/>\n<meta property=\"article:published_time\" content=\"2023-05-24T17:31:04+00:00\" \/>\n<meta property=\"og:image\" content=\"https:\/\/now-news.de\/de\/wp-content\/uploads\/sites\/3\/2023\/05\/60000-Euro-fuer-Schaeden-an-Kulturdenkmaelern-\u2012-Italien-geht-hart.jpg\" \/>\n\t<meta property=\"og:image:width\" content=\"1620\" \/>\n\t<meta property=\"og:image:height\" content=\"1080\" \/>\n\t<meta property=\"og:image:type\" content=\"image\/jpeg\" \/>\n<meta name=\"author\" content=\"rtnews\" \/>\n<meta name=\"twitter:card\" content=\"summary_large_image\" \/>\n<meta name=\"twitter:creator\" content=\"@WirMachenAuf_de\" \/>\n<meta name=\"twitter:site\" content=\"@WirMachenAuf_de\" \/>\n<meta name=\"twitter:label1\" content=\"Verfasst von\" \/>\n\t<meta name=\"twitter:data1\" content=\"rtnews\" \/>\n\t<meta name=\"twitter:label2\" content=\"Gesch\u00e4tzte Lesezeit\" \/>\n\t<meta name=\"twitter:data2\" content=\"3\u00a0Minuten\" \/>\n<script type=\"application\/ld+json\" class=\"yoast-schema-graph\">{\"@context\":\"https:\/\/schema.org\",\"@graph\":[{\"@type\":\"Article\",\"@id\":\"https:\/\/now-news.de\/de\/deutschland\/60-000-euro-fuer-schaeden-an-kulturdenkmaelern-%e2%80%92-italien-geht-hart-gegen-klimaaktivisten-vor\/#article\",\"isPartOf\":{\"@id\":\"https:\/\/now-news.de\/de\/deutschland\/60-000-euro-fuer-schaeden-an-kulturdenkmaelern-%e2%80%92-italien-geht-hart-gegen-klimaaktivisten-vor\/\"},\"author\":{\"name\":\"rtnews\",\"@id\":\"https:\/\/now-news.de\/de\/#\/schema\/person\/fb534a4e865501d8b3285208df34a9b5\"},\"headline\":\"60.000 Euro f\u00fcr Sch\u00e4den an Kulturdenkm\u00e4lern \u2012 Italien geht hart gegen &quot;Klimaaktivisten&quot; vor\",\"datePublished\":\"2023-05-24T17:31:04+00:00\",\"dateModified\":\"2023-05-24T17:31:04+00:00\",\"mainEntityOfPage\":{\"@id\":\"https:\/\/now-news.de\/de\/deutschland\/60-000-euro-fuer-schaeden-an-kulturdenkmaelern-%e2%80%92-italien-geht-hart-gegen-klimaaktivisten-vor\/\"},\"wordCount\":566,\"commentCount\":0,\"publisher\":{\"@id\":\"https:\/\/now-news.de\/de\/#organization\"},\"image\":{\"@id\":\"https:\/\/now-news.de\/de\/deutschland\/60-000-euro-fuer-schaeden-an-kulturdenkmaelern-%e2%80%92-italien-geht-hart-gegen-klimaaktivisten-vor\/#primaryimage\"},\"thumbnailUrl\":\"https:\/\/now-news.de\/de\/wp-content\/uploads\/sites\/3\/2023\/05\/60000-Euro-fuer-Schaeden-an-Kulturdenkmaelern-\u2012-Italien-geht-hart.jpg\",\"keywords\":[\"Euro\",\"f\u00fcr\",\"gegen\",\"Geht\",\"hart\",\"Italien\",\"Kulturdenkm\u00e4lern\",\"quotKlimaaktivistenquot\",\"schaden\",\"vor\"],\"articleSection\":[\"Deutschland\",\"Russland\"],\"inLanguage\":\"de\",\"potentialAction\":[{\"@type\":\"CommentAction\",\"name\":\"Comment\",\"target\":[\"https:\/\/now-news.de\/de\/deutschland\/60-000-euro-fuer-schaeden-an-kulturdenkmaelern-%e2%80%92-italien-geht-hart-gegen-klimaaktivisten-vor\/#respond\"]}]},{\"@type\":\"WebPage\",\"@id\":\"https:\/\/now-news.de\/de\/deutschland\/60-000-euro-fuer-schaeden-an-kulturdenkmaelern-%e2%80%92-italien-geht-hart-gegen-klimaaktivisten-vor\/\",\"url\":\"https:\/\/now-news.de\/de\/deutschland\/60-000-euro-fuer-schaeden-an-kulturdenkmaelern-%e2%80%92-italien-geht-hart-gegen-klimaaktivisten-vor\/\",\"name\":\"60.000 Euro f\u00fcr Sch\u00e4den an Kulturdenkm\u00e4lern \u2012 Italien geht hart gegen &quot;Klimaaktivisten&quot; vor - just-now.NEWS Deutschland\",\"isPartOf\":{\"@id\":\"https:\/\/now-news.de\/de\/#website\"},\"primaryImageOfPage\":{\"@id\":\"https:\/\/now-news.de\/de\/deutschland\/60-000-euro-fuer-schaeden-an-kulturdenkmaelern-%e2%80%92-italien-geht-hart-gegen-klimaaktivisten-vor\/#primaryimage\"},\"image\":{\"@id\":\"https:\/\/now-news.de\/de\/deutschland\/60-000-euro-fuer-schaeden-an-kulturdenkmaelern-%e2%80%92-italien-geht-hart-gegen-klimaaktivisten-vor\/#primaryimage\"},\"thumbnailUrl\":\"https:\/\/now-news.de\/de\/wp-content\/uploads\/sites\/3\/2023\/05\/60000-Euro-fuer-Schaeden-an-Kulturdenkmaelern-\u2012-Italien-geht-hart.jpg\",\"datePublished\":\"2023-05-24T17:31:04+00:00\",\"dateModified\":\"2023-05-24T17:31:04+00:00\",\"breadcrumb\":{\"@id\":\"https:\/\/now-news.de\/de\/deutschland\/60-000-euro-fuer-schaeden-an-kulturdenkmaelern-%e2%80%92-italien-geht-hart-gegen-klimaaktivisten-vor\/#breadcrumb\"},\"inLanguage\":\"de\",\"potentialAction\":[{\"@type\":\"ReadAction\",\"target\":[\"https:\/\/now-news.de\/de\/deutschland\/60-000-euro-fuer-schaeden-an-kulturdenkmaelern-%e2%80%92-italien-geht-hart-gegen-klimaaktivisten-vor\/\"]}]},{\"@type\":\"ImageObject\",\"inLanguage\":\"de\",\"@id\":\"https:\/\/now-news.de\/de\/deutschland\/60-000-euro-fuer-schaeden-an-kulturdenkmaelern-%e2%80%92-italien-geht-hart-gegen-klimaaktivisten-vor\/#primaryimage\",\"url\":\"https:\/\/now-news.de\/de\/wp-content\/uploads\/sites\/3\/2023\/05\/60000-Euro-fuer-Schaeden-an-Kulturdenkmaelern-\u2012-Italien-geht-hart.jpg\",\"contentUrl\":\"https:\/\/now-news.de\/de\/wp-content\/uploads\/sites\/3\/2023\/05\/60000-Euro-fuer-Schaeden-an-Kulturdenkmaelern-\u2012-Italien-geht-hart.jpg\",\"width\":1620,\"height\":1080,\"caption\":\"60.000 Euro f\u00fcr Sch\u00e4den an Kulturdenkm\u00e4lern \u2012 Italien geht hart gegen &quot;Klimaaktivisten&quot; vor\"},{\"@type\":\"BreadcrumbList\",\"@id\":\"https:\/\/now-news.de\/de\/deutschland\/60-000-euro-fuer-schaeden-an-kulturdenkmaelern-%e2%80%92-italien-geht-hart-gegen-klimaaktivisten-vor\/#breadcrumb\",\"itemListElement\":[{\"@type\":\"ListItem\",\"position\":1,\"name\":\"Home\",\"item\":\"https:\/\/now-news.de\/de\/\"},{\"@type\":\"ListItem\",\"position\":2,\"name\":\"60.000 Euro f\u00fcr Sch\u00e4den an Kulturdenkm\u00e4lern \u2012 Italien geht hart gegen &quot;Klimaaktivisten&quot; vor\"}]},{\"@type\":\"WebSite\",\"@id\":\"https:\/\/now-news.de\/de\/#website\",\"url\":\"https:\/\/now-news.de\/de\/\",\"name\":\"just-now.NEWS Deutschland\",\"description\":\"Das Portal f\u00fcr unzensierte Nachrichten aus der Welt\",\"publisher\":{\"@id\":\"https:\/\/now-news.de\/de\/#organization\"},\"potentialAction\":[{\"@type\":\"SearchAction\",\"target\":{\"@type\":\"EntryPoint\",\"urlTemplate\":\"https:\/\/now-news.de\/de\/?s={search_term_string}\"},\"query-input\":\"required name=search_term_string\"}],\"inLanguage\":\"de\"},{\"@type\":\"Organization\",\"@id\":\"https:\/\/now-news.de\/de\/#organization\",\"name\":\"Just Now News\",\"url\":\"https:\/\/now-news.de\/de\/\",\"logo\":{\"@type\":\"ImageObject\",\"inLanguage\":\"de\",\"@id\":\"https:\/\/now-news.de\/de\/#\/schema\/logo\/image\/\",\"url\":\"http:\/\/just-now.news\/de\/wp-content\/uploads\/sites\/3\/2022\/04\/logo500x500.jpg\",\"contentUrl\":\"http:\/\/just-now.news\/de\/wp-content\/uploads\/sites\/3\/2022\/04\/logo500x500.jpg\",\"width\":500,\"height\":500,\"caption\":\"Just Now News\"},\"image\":{\"@id\":\"https:\/\/now-news.de\/de\/#\/schema\/logo\/image\/\"},\"sameAs\":[\"https:\/\/www.facebook.com\/wirmachenauf\",\"https:\/\/x.com\/WirMachenAuf_de\"]},{\"@type\":\"Person\",\"@id\":\"https:\/\/now-news.de\/de\/#\/schema\/person\/fb534a4e865501d8b3285208df34a9b5\",\"name\":\"rtnews\",\"image\":{\"@type\":\"ImageObject\",\"inLanguage\":\"de\",\"@id\":\"https:\/\/now-news.de\/de\/#\/schema\/person\/image\/\",\"url\":\"https:\/\/secure.gravatar.com\/avatar\/82aafea7d8127119dd649515f56e2117?s=96&d=mm&r=g\",\"contentUrl\":\"https:\/\/secure.gravatar.com\/avatar\/82aafea7d8127119dd649515f56e2117?s=96&d=mm&r=g\",\"caption\":\"rtnews\"},\"url\":\"https:\/\/now-news.de\/de\/author\/rnews\/\"}]}<\/script>\n<!-- \/ Yoast SEO Premium plugin. -->","yoast_head_json":{"title":"60.000 Euro f\u00fcr Sch\u00e4den an Kulturdenkm\u00e4lern \u2012 Italien geht hart gegen &quot;Klimaaktivisten&quot; vor - just-now.NEWS Deutschland","robots":{"index":"index","follow":"follow","max-snippet":"max-snippet:-1","max-image-preview":"max-image-preview:large","max-video-preview":"max-video-preview:-1"},"canonical":"https:\/\/now-news.de\/de\/deutschland\/60-000-euro-fuer-schaeden-an-kulturdenkmaelern-\u2012-italien-geht-hart-gegen-klimaaktivisten-vor\/","og_locale":"de_DE","og_type":"article","og_title":"60.000 Euro f\u00fcr Sch\u00e4den an Kulturdenkm\u00e4lern \u2012 Italien geht hart gegen &quot;Klimaaktivisten&quot; vor","og_description":"Ein Gesetzentwurf zur Einf\u00fchrung hoher Geldstrafen f\u00fcr die Besch\u00e4digung kultureller Denkm\u00e4ler steht in Italien zur Debatte. Diese Ma\u00dfnahme soll dabei helfen, das wilde Verhalten von &#8220;Klimaaktivisten&#8221; in den Griff zu bekommen. Pl\u00e4ne zur Einf\u00fchrung von Geldstrafen in f\u00fcnfstelliger H\u00f6he \u2013 von 10.000 bis 60.000 Euro\u00a0\u2012 f\u00fcr die Besch\u00e4digung von Denkm\u00e4lern und Kulturobjekten wurden bei einer [&hellip;]","og_url":"https:\/\/now-news.de\/de\/deutschland\/60-000-euro-fuer-schaeden-an-kulturdenkmaelern-\u2012-italien-geht-hart-gegen-klimaaktivisten-vor\/","og_site_name":"just-now.NEWS Deutschland","article_publisher":"https:\/\/www.facebook.com\/wirmachenauf","article_published_time":"2023-05-24T17:31:04+00:00","og_image":[{"width":1620,"height":1080,"url":"https:\/\/now-news.de\/de\/wp-content\/uploads\/sites\/3\/2023\/05\/60000-Euro-fuer-Schaeden-an-Kulturdenkmaelern-\u2012-Italien-geht-hart.jpg","type":"image\/jpeg"}],"author":"rtnews","twitter_card":"summary_large_image","twitter_creator":"@WirMachenAuf_de","twitter_site":"@WirMachenAuf_de","twitter_misc":{"Verfasst von":"rtnews","Gesch\u00e4tzte Lesezeit":"3\u00a0Minuten"},"schema":{"@context":"https:\/\/schema.org","@graph":[{"@type":"Article","@id":"https:\/\/now-news.de\/de\/deutschland\/60-000-euro-fuer-schaeden-an-kulturdenkmaelern-%e2%80%92-italien-geht-hart-gegen-klimaaktivisten-vor\/#article","isPartOf":{"@id":"https:\/\/now-news.de\/de\/deutschland\/60-000-euro-fuer-schaeden-an-kulturdenkmaelern-%e2%80%92-italien-geht-hart-gegen-klimaaktivisten-vor\/"},"author":{"name":"rtnews","@id":"https:\/\/now-news.de\/de\/#\/schema\/person\/fb534a4e865501d8b3285208df34a9b5"},"headline":"60.000 Euro f\u00fcr Sch\u00e4den an Kulturdenkm\u00e4lern \u2012 Italien geht hart gegen &quot;Klimaaktivisten&quot; vor","datePublished":"2023-05-24T17:31:04+00:00","dateModified":"2023-05-24T17:31:04+00:00","mainEntityOfPage":{"@id":"https:\/\/now-news.de\/de\/deutschland\/60-000-euro-fuer-schaeden-an-kulturdenkmaelern-%e2%80%92-italien-geht-hart-gegen-klimaaktivisten-vor\/"},"wordCount":566,"commentCount":0,"publisher":{"@id":"https:\/\/now-news.de\/de\/#organization"},"image":{"@id":"https:\/\/now-news.de\/de\/deutschland\/60-000-euro-fuer-schaeden-an-kulturdenkmaelern-%e2%80%92-italien-geht-hart-gegen-klimaaktivisten-vor\/#primaryimage"},"thumbnailUrl":"https:\/\/now-news.de\/de\/wp-content\/uploads\/sites\/3\/2023\/05\/60000-Euro-fuer-Schaeden-an-Kulturdenkmaelern-\u2012-Italien-geht-hart.jpg","keywords":["Euro","f\u00fcr","gegen","Geht","hart","Italien","Kulturdenkm\u00e4lern","quotKlimaaktivistenquot","schaden","vor"],"articleSection":["Deutschland","Russland"],"inLanguage":"de","potentialAction":[{"@type":"CommentAction","name":"Comment","target":["https:\/\/now-news.de\/de\/deutschland\/60-000-euro-fuer-schaeden-an-kulturdenkmaelern-%e2%80%92-italien-geht-hart-gegen-klimaaktivisten-vor\/#respond"]}]},{"@type":"WebPage","@id":"https:\/\/now-news.de\/de\/deutschland\/60-000-euro-fuer-schaeden-an-kulturdenkmaelern-%e2%80%92-italien-geht-hart-gegen-klimaaktivisten-vor\/","url":"https:\/\/now-news.de\/de\/deutschland\/60-000-euro-fuer-schaeden-an-kulturdenkmaelern-%e2%80%92-italien-geht-hart-gegen-klimaaktivisten-vor\/","name":"60.000 Euro f\u00fcr Sch\u00e4den an Kulturdenkm\u00e4lern \u2012 Italien geht hart gegen &quot;Klimaaktivisten&quot; vor - just-now.NEWS Deutschland","isPartOf":{"@id":"https:\/\/now-news.de\/de\/#website"},"primaryImageOfPage":{"@id":"https:\/\/now-news.de\/de\/deutschland\/60-000-euro-fuer-schaeden-an-kulturdenkmaelern-%e2%80%92-italien-geht-hart-gegen-klimaaktivisten-vor\/#primaryimage"},"image":{"@id":"https:\/\/now-news.de\/de\/deutschland\/60-000-euro-fuer-schaeden-an-kulturdenkmaelern-%e2%80%92-italien-geht-hart-gegen-klimaaktivisten-vor\/#primaryimage"},"thumbnailUrl":"https:\/\/now-news.de\/de\/wp-content\/uploads\/sites\/3\/2023\/05\/60000-Euro-fuer-Schaeden-an-Kulturdenkmaelern-\u2012-Italien-geht-hart.jpg","datePublished":"2023-05-24T17:31:04+00:00","dateModified":"2023-05-24T17:31:04+00:00","breadcrumb":{"@id":"https:\/\/now-news.de\/de\/deutschland\/60-000-euro-fuer-schaeden-an-kulturdenkmaelern-%e2%80%92-italien-geht-hart-gegen-klimaaktivisten-vor\/#breadcrumb"},"inLanguage":"de","potentialAction":[{"@type":"ReadAction","target":["https:\/\/now-news.de\/de\/deutschland\/60-000-euro-fuer-schaeden-an-kulturdenkmaelern-%e2%80%92-italien-geht-hart-gegen-klimaaktivisten-vor\/"]}]},{"@type":"ImageObject","inLanguage":"de","@id":"https:\/\/now-news.de\/de\/deutschland\/60-000-euro-fuer-schaeden-an-kulturdenkmaelern-%e2%80%92-italien-geht-hart-gegen-klimaaktivisten-vor\/#primaryimage","url":"https:\/\/now-news.de\/de\/wp-content\/uploads\/sites\/3\/2023\/05\/60000-Euro-fuer-Schaeden-an-Kulturdenkmaelern-\u2012-Italien-geht-hart.jpg","contentUrl":"https:\/\/now-news.de\/de\/wp-content\/uploads\/sites\/3\/2023\/05\/60000-Euro-fuer-Schaeden-an-Kulturdenkmaelern-\u2012-Italien-geht-hart.jpg","width":1620,"height":1080,"caption":"60.000 Euro f\u00fcr Sch\u00e4den an Kulturdenkm\u00e4lern \u2012 Italien geht hart gegen &quot;Klimaaktivisten&quot; vor"},{"@type":"BreadcrumbList","@id":"https:\/\/now-news.de\/de\/deutschland\/60-000-euro-fuer-schaeden-an-kulturdenkmaelern-%e2%80%92-italien-geht-hart-gegen-klimaaktivisten-vor\/#breadcrumb","itemListElement":[{"@type":"ListItem","position":1,"name":"Home","item":"https:\/\/now-news.de\/de\/"},{"@type":"ListItem","position":2,"name":"60.000 Euro f\u00fcr Sch\u00e4den an Kulturdenkm\u00e4lern \u2012 Italien geht hart gegen &quot;Klimaaktivisten&quot; vor"}]},{"@type":"WebSite","@id":"https:\/\/now-news.de\/de\/#website","url":"https:\/\/now-news.de\/de\/","name":"just-now.NEWS Deutschland","description":"Das Portal f\u00fcr unzensierte Nachrichten aus der Welt","publisher":{"@id":"https:\/\/now-news.de\/de\/#organization"},"potentialAction":[{"@type":"SearchAction","target":{"@type":"EntryPoint","urlTemplate":"https:\/\/now-news.de\/de\/?s={search_term_string}"},"query-input":"required name=search_term_string"}],"inLanguage":"de"},{"@type":"Organization","@id":"https:\/\/now-news.de\/de\/#organization","name":"Just Now News","url":"https:\/\/now-news.de\/de\/","logo":{"@type":"ImageObject","inLanguage":"de","@id":"https:\/\/now-news.de\/de\/#\/schema\/logo\/image\/","url":"http:\/\/just-now.news\/de\/wp-content\/uploads\/sites\/3\/2022\/04\/logo500x500.jpg","contentUrl":"http:\/\/just-now.news\/de\/wp-content\/uploads\/sites\/3\/2022\/04\/logo500x500.jpg","width":500,"height":500,"caption":"Just Now News"},"image":{"@id":"https:\/\/now-news.de\/de\/#\/schema\/logo\/image\/"},"sameAs":["https:\/\/www.facebook.com\/wirmachenauf","https:\/\/x.com\/WirMachenAuf_de"]},{"@type":"Person","@id":"https:\/\/now-news.de\/de\/#\/schema\/person\/fb534a4e865501d8b3285208df34a9b5","name":"rtnews","image":{"@type":"ImageObject","inLanguage":"de","@id":"https:\/\/now-news.de\/de\/#\/schema\/person\/image\/","url":"https:\/\/secure.gravatar.com\/avatar\/82aafea7d8127119dd649515f56e2117?s=96&d=mm&r=g","contentUrl":"https:\/\/secure.gravatar.com\/avatar\/82aafea7d8127119dd649515f56e2117?s=96&d=mm&r=g","caption":"rtnews"},"url":"https:\/\/now-news.de\/de\/author\/rnews\/"}]}},"_links":{"self":[{"href":"https:\/\/now-news.de\/de\/wp-json\/wp\/v2\/posts\/36689"}],"collection":[{"href":"https:\/\/now-news.de\/de\/wp-json\/wp\/v2\/posts"}],"about":[{"href":"https:\/\/now-news.de\/de\/wp-json\/wp\/v2\/types\/post"}],"author":[{"embeddable":true,"href":"https:\/\/now-news.de\/de\/wp-json\/wp\/v2\/users\/3"}],"replies":[{"embeddable":true,"href":"https:\/\/now-news.de\/de\/wp-json\/wp\/v2\/comments?post=36689"}],"version-history":[{"count":0,"href":"https:\/\/now-news.de\/de\/wp-json\/wp\/v2\/posts\/36689\/revisions"}],"wp:featuredmedia":[{"embeddable":true,"href":"https:\/\/now-news.de\/de\/wp-json\/wp\/v2\/media\/36690"}],"wp:attachment":[{"href":"https:\/\/now-news.de\/de\/wp-json\/wp\/v2\/media?parent=36689"}],"wp:term":[{"taxonomy":"category","embeddable":true,"href":"https:\/\/now-news.de\/de\/wp-json\/wp\/v2\/categories?post=36689"},{"taxonomy":"post_tag","embeddable":true,"href":"https:\/\/now-news.de\/de\/wp-json\/wp\/v2\/tags?post=36689"}],"curies":[{"name":"wp","href":"https:\/\/api.w.org\/{rel}","templated":true}]}}