{"id":36685,"date":"2023-05-24T19:00:44","date_gmt":"2023-05-24T17:00:44","guid":{"rendered":"https:\/\/just-now.news\/de\/deutschland\/kirgisisches-gericht-verurteilt-smo-veteranen-zu-zehn-jahren-haft\/"},"modified":"2023-05-24T19:00:44","modified_gmt":"2023-05-24T17:00:44","slug":"kirgisisches-gericht-verurteilt-smo-veteranen-zu-zehn-jahren-haft","status":"publish","type":"post","link":"https:\/\/now-news.de\/de\/deutschland\/kirgisisches-gericht-verurteilt-smo-veteranen-zu-zehn-jahren-haft\/","title":{"rendered":"Kirgisisches Gericht verurteilt SMO-Veteranen zu zehn Jahren Haft"},"content":{"rendered":"<p><img decoding=\"async\" src=\"http:\/\/just-now.news\/de\/wp-content\/uploads\/sites\/3\/2023\/05\/646e2748b480cc0343150f9a.jpg\" \/><\/p>\n<div class=\"Text-root Text-type_1 \">\n                Am 16. Mai hat ein Gericht in der kirgisischen Hauptstadt Bischkek einen kirgisischen Staatsangeh\u00f6rigen, der an der russischen milit\u00e4rischen Sonderoperation in der Ukraine teilgenommen hatte, zu einer zehnj\u00e4hrigen Haftstrafe wegen des Straftatbestands des &#8220;S\u00f6ldnertums&#8221; verurteilt.\n            <\/div>\n<p><\/p>\n<div class=\"Text-root Text-type_5 ArticleView-text ViewText-root \">\n<p><em>Von Pjotr Swetow<\/em><\/p>\n<p>Der 31-j\u00e4hrige Askar Kubanytschbek Uulu trat im Juli 2022 den in der Ukraine eingesetzten russischen Truppen bei, verlie\u00df den Dienst aber einige Monate sp\u00e4ter, weil er von der schweren Erkrankung seines Vaters in Bischkek erfuhr und nach Hause zur\u00fcckkehrte. Im Januar 2023 wurde der Mann festgenommen und inhaftiert. Im Mai entschied ein Gericht, dass Kubanytschbek an einem bewaffneten Konflikt in einem fremden Land &#8220;aus s\u00f6ldnerischen Motiven&#8221; teilgenommen habe und verurteilte ihn zu einer zehnj\u00e4hrigen Freiheitsstrafe.\u00a0Er selbst hat sich f\u00fcr &#8220;nicht schuldig&#8221; bekannt.<\/p>\n<p><strong>Eine migrantische Erfolgsgeschichte<\/strong><\/p>\n<p>Askar Kubanytschbek zog 2010 von Bischkek nach Russland. Vor Beginn der milit\u00e4rischen Sonderoperation lebte und arbeitete der Mann in Moskau: zun\u00e4chst in der Unterhaltungsbranche, w\u00e4hrend der Pandemie in einem beliebten Online-Shop, dann versuchte er sich als Gesch\u00e4ftsmann. Kubanytschbeks Verwandte leben nicht in Russland \u2013 sein Vater wohnt in Bischkek, und seine Mutter ist vor mehr als zehn Jahren mit seinem j\u00fcngeren Bruder und seiner Schwester nach Italien gezogen.<\/p>\n<blockquote>\n<p><em>&#8220;In Moskau hat mein Sohn viele Jahre lang in einem Filmstudio gearbeitet; er hat dort viele Bekannte in der Branche. Vor zwei Jahren erz\u00e4hlte mir mein Sohn, dass er mit seinem russischen Freund ein Gesch\u00e4ft f\u00fcr Flugtickets er\u00f6ffnet hat. Die Arbeit lief gut \u2013 mein Sohn verdiente Geld und schickte mir und seinem Vater Geld f\u00fcr medizinische Behandlungen. Er hat uns geholfen&#8221;<\/em>, sagte Askars Mutter.<\/p>\n<\/blockquote>\n<p>Als die Sonderoperation im Februar 2022 begann, zwangen Sanktionen und die Streichung vieler internationaler Fl\u00fcge das Unternehmen zur Schlie\u00dfung. Laut Kubanytschbeks Verwandten begann er zur gleichen Zeit, im Sommer 2022, davon zu sprechen, dass er der Armee beitreten wolle. Diese Entscheidung war teilweise auf seinen Wunsch zur\u00fcckzuf\u00fchren, einen russischen Pass zu erhalten und anschlie\u00dfend ein eigenes Unternehmen in Russland zu er\u00f6ffnen.<\/p>\n<p>Hierbei\u00a0sei daran erinnert, dass der russische Pr\u00e4sident Wladimir Putin am 15. Mai 2023 einen Erlass unterzeichnet hat, der vorsieht, dass ausl\u00e4ndische Staatsangeh\u00f6rige, die einen Vertrag \u00fcber den Dienst in den russischen Streitkr\u00e4ften f\u00fcr einen Zeitraum von mindestens einem Jahr unterzeichnen, die russische Staatsb\u00fcrgerschaft in einem vereinfachten Verfahren beantragen k\u00f6nnen.<\/p>\n<p>Die Mutter von Askar Kubanytschbek erkl\u00e4rte gegen\u00fcber <em>RT<\/em>, dass die russische Staatsb\u00fcrgerschaft nicht die einzige Motivation ihres Sohnes war. Ihr zufolge haben auch Askars pers\u00f6nliche \u00dcberzeugungen ihn dazu veranlasst, in die Armee einzutreten \u2013 er hatte mehr als zehn Jahre in Russland gelebt und betrachtete das Land bereits als seine Heimat:<\/p>\n<blockquote>\n<p><em>&#8220;Er sagte mir, er wolle in die Armee und erkl\u00e4rte, dass er seit vielen Jahren in Russland lebe, dass es seine Heimat sei und dass er gehen m\u00fcsse, um an der Sonderoperation teilzunehmen. Er sagte, er habe alle seine Freunde in Moskau. Ich weinte und bat ihn, nach Kirgisistan zur\u00fcckzukehren. Er beruhigte mich, versprach mir, dass er seine Zeit ableisten und zur\u00fcckkommen werde, dass alles gut werden w\u00fcrde.&#8221;<\/em><\/p>\n<\/blockquote>\n<p>Apsamat, der Bruder von\u00a0Kubanytschbek, merkte in einem Gespr\u00e4ch mit <em>RT<\/em> an, dass sein Bruder vor seiner Abreise in das Kampfgebiet \u00fcber seinen Kameraden sprach, der sich ebenfalls der russischen Armee angeschlossen hatte. Apsamat zufolge ging Askar auch wegen seines Freundes zur Armee:<\/p>\n<blockquote>\n<p><em>&#8220;Sein enger Freund ist dorthin gegangen. Mein Bruder hat mir gegen\u00fcber ein paar Mal erw\u00e4hnt, dass sein Freund ihn angerufen hat, dass er dorthin gehen wollte. Sein Anwalt riet meinem Bruder, vor Gericht seinen russischen Pass zu erw\u00e4hnen \u2013 und offenbar war das ein schlechter Rat, denn die Erlangung der Staatsb\u00fcrgerschaft wurde schlie\u00dflich als eigenn\u00fctziges Motiv meines Bruders angesehen. Aber in Wirklichkeit ist er wegen des Freundes dorthin gefahren.&#8221;<\/em><\/p>\n<\/blockquote>\n<p><strong>R\u00fcckkehr in die Heimat und Verhaftung<\/strong><\/p>\n<p>Kubanytschbek hatte keine Zeit, die f\u00fcr die Erlangung der russischen Staatsb\u00fcrgerschaft erforderliche Zeit abzuleisten: Als es ihm im Oktober 2022 gelang, Kontakt zu seiner Familie aufzunehmen, wurde ihm mitgeteilt, dass sein Vater in Bischkek schwer erkrankt war. Er quittierte den Milit\u00e4rdienst, um ihn in Kirgisistan zu besuchen.<\/p>\n<p>Im November kam die gesamte Familie in Bischkek zusammen: Auch der j\u00fcngere Bruder und die Schwester reisten mit ihrer Mutter aus Italien nach Kirgisistan, um ihren kranken Vater zu besuchen. Die Familie feierte gemeinsam das Neujahrsfest, und gleich nach den Neujahrsfeiertagen kamen Polizeibeamte zu ihrem Haus, um Askar abzuholen.<\/p>\n<blockquote>\n<p><em>&#8220;Am 11. Januar nahmen sie uns direkt in der Wohnung fest. Es gab eine &#8216;Maskenshow&#8217; \u2013 sie hielten uns fest wie eine Art Terroristen. Sie legten uns alle auf den Boden, begannen alles zu filmen und nahmen unsere Telefone mit. Ich geriet in Panik, versuchte herauszufinden, was passiert war, und mir wurde gesagt, dass sie mich festhielten, weil mein Bruder an Kampfhandlungen in der Ukraine teilgenommen hatte. Zu Hause hatte mein Bruder eine Milit\u00e4runiform, einen Mantel und eine Tasche \u2013 eine kleine Tasche mit dem Buchstaben Z darauf. All das wurde als Beweismittel mitgenommen&#8221;<\/em>, <em>erinnerte sich\u00a0Askars Bruder.<\/em><\/p>\n<\/blockquote>\n<p>Zun\u00e4chst nahm die Polizei auch Apsamat mit, da er ebenfalls verd\u00e4chtigt wurde, an der milit\u00e4rischen Sonderoperation teilgenommen zu haben. Nach einem Tag des Verh\u00f6rs wurde er allerdings wieder freigelassen. Am 16. Januar wurde Kubanytschbek angeklagt und gegen ihn wurde ein Haftbefehl erlassen. Laut seinem Bruder Apsamat wurde die Familie weiterhin unter Druck gesetzt, sie bef\u00fcrchtete, wegen der &#8220;Verschleierung des Verbrechens ihres Bruders&#8221; strafrechtlich verfolgt zu werden. Apsamat erkl\u00e4rte:\u00a0<\/p>\n<blockquote>\n<p><em>&#8220;Ich wurde mehrmals verh\u00f6rt und unter Druck gesetzt, dass ich alles \u00fcber meinen Bruder w\u00fcsste und es angeblich vor den Beh\u00f6rden verheimlicht h\u00e4tte \u2013 damals war mir nicht bewusst, dass dieser Straftatbestand nicht f\u00fcr Verwandte gilt.&#8221;<\/em><\/p>\n<\/blockquote>\n<p><strong>Ermittlungsverfahren und Gerichtsverhandlung<\/strong><\/p>\n<p>Das kirgisische Strafgesetzbuch definiert S\u00f6ldner als &#8220;kirgisischen Staatsb\u00fcrger, der sich an einem bewaffneten Konflikt in einem anderen Staat beteiligt, um eine materielle Belohnung zu erhalten oder andere Interessen zu verfolgen&#8221;. Das Perwomaiski-Gericht in Bischkek kam zu dem Schluss, dass das Motiv f\u00fcr die Teilnahme von Askar Kubanytschbek am Milit\u00e4reinsatz darin bestand, einen russischen Pass zu erhalten.<\/p>\n<blockquote>\n<p><em>&#8220;Im Juni 2022 beschloss K. u. A. [Askar Kubanytschbek Uulu], der sich in der Stadt Moskau aufhielt, aus eigenn\u00fctzigen Motiven, sich in die Reihen der bewaffneten Gruppen der selbsternannten Lugansker Volksrepublik (LVR) einzureihen, um am bewaffneten Konflikt zwischen der Russischen F\u00f6deration und der Ukraine teilzunehmen, und zwar aus einem anderen Interesse heraus, n\u00e4mlich um die Staatsb\u00fcrgerschaft und den Pass der Russischen F\u00f6deration zu erhalten&#8221;<\/em>, hei\u00dft es im Urteil.<\/p>\n<\/blockquote>\n<p>Weiter hei\u00dft es, dass Kubanytschbek als stellvertretender Kommandant eines Kampffahrzeugs und als Sch\u00fctze eingesetzt worden sei. Den Ermittlungen zufolge wurde er bis September 2022 ausgebildet, und\u00a0als er sich auf dem Gebiet der LVR befand, habe\u00a0Kubanytschbek &#8220;an Aufkl\u00e4rungsoperationen der besagten milit\u00e4rischen Gruppe unter Verwendung unbemannter Luftfahrzeuge&#8221; teilgenommen und\u00a0sei an der &#8220;Bereitstellung von M\u00f6rserwerfern und Munition f\u00fcr diese an der Frontlinie&#8221; beteiligt gewesen.<\/p>\n<p>Kubanytschbek selbst pl\u00e4dierte auf &#8220;nicht schuldig&#8221; \u2013 er erkl\u00e4rte dem Gericht, dass er w\u00e4hrend seines Dienstes nie einen Schuss abgefeuert habe und nur an der Versorgung mit Lebensmitteln beteiligt gewesen sei, au\u00dferdem habe er mehrmals Drohnen bedient, &#8220;um die Einheimischen im Auge zu behalten&#8221;.<\/p>\n<p>Vor Gericht beantragte Kubanytschbek eine Umstufung seiner Handlungen in den weniger schwerwiegenden Artikel 256 des Kirgisischen Strafgesetzbuches \u2013 &#8220;Teilnahme eines B\u00fcrgers der Kirgisischen Republik an bewaffneten Konflikten oder milit\u00e4rischen Aktionen im Ausland&#8221; \u2013, doch sein Antrag wurde abgelehnt, und er wurde des S\u00f6ldnerwesens f\u00fcr schuldig befunden.<\/p>\n<p><strong>Vorbeugende Ma\u00dfnahmen<\/strong><\/p>\n<p>In einem Gespr\u00e4ch mit <em>RT<\/em> betonte der Milit\u00e4rjurist Roman Pronin, dass Ausl\u00e4nder, die sich entscheiden, der russischen Armee beizutreten, rechtliche Unterst\u00fctzung und Garantien ben\u00f6tigen. Der Experte ist der Ansicht, dass in F\u00e4llen, in denen eine Person noch nicht die russische Staatsb\u00fcrgerschaft besitzt, aber an Kampfeins\u00e4tzen aufseiten der Russischen F\u00f6deration teilnehmen soll, die &#8220;Rechtsunsicherheit&#8221; vom Staat gekl\u00e4rt werden sollte.<\/p>\n<blockquote>\n<p><em>&#8220;Ich pers\u00f6nlich bin der Meinung, dass in diesem Fall der Staat die Verantwortung f\u00fcr Personen \u00fcbernehmen sollte, die auf der Seite dieses Staates an Kampfhandlungen teilnehmen. Den Soldaten selbst als Subjekt des Rechtsverkehrs trifft hier keine Schuld und der Staat ist verpflichtet, diese Ungewissheit zu beseitigen. Und das ist meine Meinung, die juristisch begr\u00fcndet ist&#8221;<\/em>, schloss Pronin.<\/p>\n<\/blockquote>\n<p>Iwan Melnikow, Vizepr\u00e4sident des russischen Zweigs des Internationalen Komitees zum Schutz der Menschenrechte, stellt fest, dass im Fall von Askar Kubanytschbek die Verhaftung h\u00e4tte vermieden werden k\u00f6nnen, wenn der Mann im Voraus \u00fcber die m\u00f6glichen Folgen einer Ausreise informiert worden w\u00e4re:<\/p>\n<blockquote>\n<p><em>&#8220;Dieser Mann kann als ein Mann verstanden werden, der seine Familie und Freunde besuchen wollte. Aber aus der Sicht eines Anwalts h\u00e4tte er nicht in sein Heimatland reisen d\u00fcrfen. H\u00e4tte er die M\u00f6glichkeit gehabt, einen Anwalt zu konsultieren, w\u00e4re es vielleicht nicht zu dieser ganzen Situation gekommen.&#8221;<\/em><\/p>\n<\/blockquote>\n<p><em>\u00dcbersetzung aus dem <a rel=\"nofollow noopener\" target=\"_blank\" href=\"https:\/\/russian.rt.com\/russia\/article\/1152090-kirgiziya-grazhdanin-uchastie-svo\">Russischen<\/a><\/em>.<\/p>\n<p><strong>Mehr zum Thema<\/strong> &#8211; <a rel=\"nofollow noopener\" target=\"_blank\" href=\"https:\/\/test.rtde.life\/europa\/169225-menschlich-ist-es-dreckig-deutscher\/\">&#8220;Menschlich ist es dreckig&#8221; \u2013 Deutscher Ex-S\u00f6ldner spricht \u00fcber Ermordung russischer Gefangener<\/a><\/p>\n<\/p>\n<\/div>\n<p><br \/>\n<br \/><a href=\"https:\/\/de.rt.com\/international\/170909-kirgisisches-gericht-verurteilt-smo-veteranen\/\">Source link <\/a><\/p>\n","protected":false},"excerpt":{"rendered":"<p>Am 16. Mai hat ein Gericht in der kirgisischen Hauptstadt Bischkek einen kirgisischen Staatsangeh\u00f6rigen, der an der russischen milit\u00e4rischen Sonderoperation in der Ukraine teilgenommen hatte, zu einer zehnj\u00e4hrigen Haftstrafe wegen des Straftatbestands des &#8220;S\u00f6ldnertums&#8221; verurteilt. Von Pjotr Swetow Der 31-j\u00e4hrige Askar Kubanytschbek Uulu trat im Juli 2022 den in der Ukraine eingesetzten russischen Truppen bei, [&hellip;]<\/p>\n","protected":false},"author":3,"featured_media":36686,"comment_status":"open","ping_status":"open","sticky":false,"template":"","format":"standard","meta":{"_yoast_indexnow_last_ping":["1684948257"],"wp_automatic_camp":["217"],"93f79ae477fa7d0cc8746df135029550":["Kirgisisches Gericht verurteilt SMO-Veteranen zu zehn Jahren Haft"],"original_link":["https:\/\/de.rt.com\/international\/170909-kirgisisches-gericht-verurteilt-smo-veteranen\/"],"_thumbnail_id":["36686"],"_wptgpro_p2tg_sent2tg":["a:1:{i:23737;s:19:\"2023-05-24 19:12:02\";}"],"jnews_social_counter_last_update":["1777345758"]},"categories":[19,23],"tags":[3348,19011,1728,44708,44709,2006,7076],"yoast_head":"<!-- This site is optimized with the Yoast SEO Premium plugin v22.7 (Yoast SEO v22.7) - https:\/\/yoast.com\/wordpress\/plugins\/seo\/ -->\n<title>Kirgisisches Gericht verurteilt SMO-Veteranen zu zehn Jahren Haft - just-now.NEWS Deutschland<\/title>\n<meta name=\"robots\" content=\"index, follow, max-snippet:-1, max-image-preview:large, max-video-preview:-1\" \/>\n<link rel=\"canonical\" href=\"https:\/\/now-news.de\/de\/deutschland\/kirgisisches-gericht-verurteilt-smo-veteranen-zu-zehn-jahren-haft\/\" \/>\n<meta property=\"og:locale\" content=\"de_DE\" \/>\n<meta property=\"og:type\" content=\"article\" \/>\n<meta property=\"og:title\" content=\"Kirgisisches Gericht verurteilt SMO-Veteranen zu zehn Jahren Haft\" \/>\n<meta property=\"og:description\" content=\"Am 16. Mai hat ein Gericht in der kirgisischen Hauptstadt Bischkek einen kirgisischen Staatsangeh\u00f6rigen, der an der russischen milit\u00e4rischen Sonderoperation in der Ukraine teilgenommen hatte, zu einer zehnj\u00e4hrigen Haftstrafe wegen des Straftatbestands des &#8220;S\u00f6ldnertums&#8221; verurteilt. Von Pjotr Swetow Der 31-j\u00e4hrige Askar Kubanytschbek Uulu trat im Juli 2022 den in der Ukraine eingesetzten russischen Truppen bei, [&hellip;]\" \/>\n<meta property=\"og:url\" content=\"https:\/\/now-news.de\/de\/deutschland\/kirgisisches-gericht-verurteilt-smo-veteranen-zu-zehn-jahren-haft\/\" \/>\n<meta property=\"og:site_name\" content=\"just-now.NEWS Deutschland\" \/>\n<meta property=\"article:publisher\" content=\"https:\/\/www.facebook.com\/wirmachenauf\" \/>\n<meta property=\"article:published_time\" content=\"2023-05-24T17:00:44+00:00\" \/>\n<meta property=\"og:image\" content=\"https:\/\/now-news.de\/de\/wp-content\/uploads\/sites\/3\/2023\/05\/Kirgisisches-Gericht-verurteilt-SMO-Veteranen-zu-zehn-Jahren-Haft.jpg\" \/>\n\t<meta property=\"og:image:width\" content=\"460\" \/>\n\t<meta property=\"og:image:height\" content=\"259\" \/>\n\t<meta property=\"og:image:type\" content=\"image\/jpeg\" \/>\n<meta name=\"author\" content=\"rtnews\" \/>\n<meta name=\"twitter:card\" content=\"summary_large_image\" \/>\n<meta name=\"twitter:creator\" content=\"@WirMachenAuf_de\" \/>\n<meta name=\"twitter:site\" content=\"@WirMachenAuf_de\" \/>\n<meta name=\"twitter:label1\" content=\"Verfasst von\" \/>\n\t<meta name=\"twitter:data1\" content=\"rtnews\" \/>\n\t<meta name=\"twitter:label2\" content=\"Gesch\u00e4tzte Lesezeit\" \/>\n\t<meta name=\"twitter:data2\" content=\"7\u00a0Minuten\" \/>\n<script type=\"application\/ld+json\" class=\"yoast-schema-graph\">{\"@context\":\"https:\/\/schema.org\",\"@graph\":[{\"@type\":\"Article\",\"@id\":\"https:\/\/now-news.de\/de\/deutschland\/kirgisisches-gericht-verurteilt-smo-veteranen-zu-zehn-jahren-haft\/#article\",\"isPartOf\":{\"@id\":\"https:\/\/now-news.de\/de\/deutschland\/kirgisisches-gericht-verurteilt-smo-veteranen-zu-zehn-jahren-haft\/\"},\"author\":{\"name\":\"rtnews\",\"@id\":\"https:\/\/now-news.de\/de\/#\/schema\/person\/fb534a4e865501d8b3285208df34a9b5\"},\"headline\":\"Kirgisisches Gericht verurteilt SMO-Veteranen zu zehn Jahren Haft\",\"datePublished\":\"2023-05-24T17:00:44+00:00\",\"dateModified\":\"2023-05-24T17:00:44+00:00\",\"mainEntityOfPage\":{\"@id\":\"https:\/\/now-news.de\/de\/deutschland\/kirgisisches-gericht-verurteilt-smo-veteranen-zu-zehn-jahren-haft\/\"},\"wordCount\":1510,\"commentCount\":0,\"publisher\":{\"@id\":\"https:\/\/now-news.de\/de\/#organization\"},\"image\":{\"@id\":\"https:\/\/now-news.de\/de\/deutschland\/kirgisisches-gericht-verurteilt-smo-veteranen-zu-zehn-jahren-haft\/#primaryimage\"},\"thumbnailUrl\":\"https:\/\/now-news.de\/de\/wp-content\/uploads\/sites\/3\/2023\/05\/Kirgisisches-Gericht-verurteilt-SMO-Veteranen-zu-zehn-Jahren-Haft.jpg\",\"keywords\":[\"Gericht\",\"Haft\",\"Jahren\",\"Kirgisisches\",\"SMOVeteranen\",\"verurteilt\",\"zehn\"],\"articleSection\":[\"Deutschland\",\"Russland\"],\"inLanguage\":\"de\",\"potentialAction\":[{\"@type\":\"CommentAction\",\"name\":\"Comment\",\"target\":[\"https:\/\/now-news.de\/de\/deutschland\/kirgisisches-gericht-verurteilt-smo-veteranen-zu-zehn-jahren-haft\/#respond\"]}]},{\"@type\":\"WebPage\",\"@id\":\"https:\/\/now-news.de\/de\/deutschland\/kirgisisches-gericht-verurteilt-smo-veteranen-zu-zehn-jahren-haft\/\",\"url\":\"https:\/\/now-news.de\/de\/deutschland\/kirgisisches-gericht-verurteilt-smo-veteranen-zu-zehn-jahren-haft\/\",\"name\":\"Kirgisisches Gericht verurteilt SMO-Veteranen zu zehn Jahren Haft - just-now.NEWS Deutschland\",\"isPartOf\":{\"@id\":\"https:\/\/now-news.de\/de\/#website\"},\"primaryImageOfPage\":{\"@id\":\"https:\/\/now-news.de\/de\/deutschland\/kirgisisches-gericht-verurteilt-smo-veteranen-zu-zehn-jahren-haft\/#primaryimage\"},\"image\":{\"@id\":\"https:\/\/now-news.de\/de\/deutschland\/kirgisisches-gericht-verurteilt-smo-veteranen-zu-zehn-jahren-haft\/#primaryimage\"},\"thumbnailUrl\":\"https:\/\/now-news.de\/de\/wp-content\/uploads\/sites\/3\/2023\/05\/Kirgisisches-Gericht-verurteilt-SMO-Veteranen-zu-zehn-Jahren-Haft.jpg\",\"datePublished\":\"2023-05-24T17:00:44+00:00\",\"dateModified\":\"2023-05-24T17:00:44+00:00\",\"breadcrumb\":{\"@id\":\"https:\/\/now-news.de\/de\/deutschland\/kirgisisches-gericht-verurteilt-smo-veteranen-zu-zehn-jahren-haft\/#breadcrumb\"},\"inLanguage\":\"de\",\"potentialAction\":[{\"@type\":\"ReadAction\",\"target\":[\"https:\/\/now-news.de\/de\/deutschland\/kirgisisches-gericht-verurteilt-smo-veteranen-zu-zehn-jahren-haft\/\"]}]},{\"@type\":\"ImageObject\",\"inLanguage\":\"de\",\"@id\":\"https:\/\/now-news.de\/de\/deutschland\/kirgisisches-gericht-verurteilt-smo-veteranen-zu-zehn-jahren-haft\/#primaryimage\",\"url\":\"https:\/\/now-news.de\/de\/wp-content\/uploads\/sites\/3\/2023\/05\/Kirgisisches-Gericht-verurteilt-SMO-Veteranen-zu-zehn-Jahren-Haft.jpg\",\"contentUrl\":\"https:\/\/now-news.de\/de\/wp-content\/uploads\/sites\/3\/2023\/05\/Kirgisisches-Gericht-verurteilt-SMO-Veteranen-zu-zehn-Jahren-Haft.jpg\",\"width\":460,\"height\":259,\"caption\":\"Kirgisisches Gericht verurteilt SMO-Veteranen zu zehn Jahren Haft\"},{\"@type\":\"BreadcrumbList\",\"@id\":\"https:\/\/now-news.de\/de\/deutschland\/kirgisisches-gericht-verurteilt-smo-veteranen-zu-zehn-jahren-haft\/#breadcrumb\",\"itemListElement\":[{\"@type\":\"ListItem\",\"position\":1,\"name\":\"Home\",\"item\":\"https:\/\/now-news.de\/de\/\"},{\"@type\":\"ListItem\",\"position\":2,\"name\":\"Kirgisisches Gericht verurteilt SMO-Veteranen zu zehn Jahren Haft\"}]},{\"@type\":\"WebSite\",\"@id\":\"https:\/\/now-news.de\/de\/#website\",\"url\":\"https:\/\/now-news.de\/de\/\",\"name\":\"just-now.NEWS Deutschland\",\"description\":\"Das Portal f\u00fcr unzensierte Nachrichten aus der Welt\",\"publisher\":{\"@id\":\"https:\/\/now-news.de\/de\/#organization\"},\"potentialAction\":[{\"@type\":\"SearchAction\",\"target\":{\"@type\":\"EntryPoint\",\"urlTemplate\":\"https:\/\/now-news.de\/de\/?s={search_term_string}\"},\"query-input\":\"required name=search_term_string\"}],\"inLanguage\":\"de\"},{\"@type\":\"Organization\",\"@id\":\"https:\/\/now-news.de\/de\/#organization\",\"name\":\"Just Now News\",\"url\":\"https:\/\/now-news.de\/de\/\",\"logo\":{\"@type\":\"ImageObject\",\"inLanguage\":\"de\",\"@id\":\"https:\/\/now-news.de\/de\/#\/schema\/logo\/image\/\",\"url\":\"http:\/\/just-now.news\/de\/wp-content\/uploads\/sites\/3\/2022\/04\/logo500x500.jpg\",\"contentUrl\":\"http:\/\/just-now.news\/de\/wp-content\/uploads\/sites\/3\/2022\/04\/logo500x500.jpg\",\"width\":500,\"height\":500,\"caption\":\"Just Now News\"},\"image\":{\"@id\":\"https:\/\/now-news.de\/de\/#\/schema\/logo\/image\/\"},\"sameAs\":[\"https:\/\/www.facebook.com\/wirmachenauf\",\"https:\/\/x.com\/WirMachenAuf_de\"]},{\"@type\":\"Person\",\"@id\":\"https:\/\/now-news.de\/de\/#\/schema\/person\/fb534a4e865501d8b3285208df34a9b5\",\"name\":\"rtnews\",\"image\":{\"@type\":\"ImageObject\",\"inLanguage\":\"de\",\"@id\":\"https:\/\/now-news.de\/de\/#\/schema\/person\/image\/\",\"url\":\"https:\/\/secure.gravatar.com\/avatar\/82aafea7d8127119dd649515f56e2117?s=96&d=mm&r=g\",\"contentUrl\":\"https:\/\/secure.gravatar.com\/avatar\/82aafea7d8127119dd649515f56e2117?s=96&d=mm&r=g\",\"caption\":\"rtnews\"},\"url\":\"https:\/\/now-news.de\/de\/author\/rnews\/\"}]}<\/script>\n<!-- \/ Yoast SEO Premium plugin. -->","yoast_head_json":{"title":"Kirgisisches Gericht verurteilt SMO-Veteranen zu zehn Jahren Haft - just-now.NEWS Deutschland","robots":{"index":"index","follow":"follow","max-snippet":"max-snippet:-1","max-image-preview":"max-image-preview:large","max-video-preview":"max-video-preview:-1"},"canonical":"https:\/\/now-news.de\/de\/deutschland\/kirgisisches-gericht-verurteilt-smo-veteranen-zu-zehn-jahren-haft\/","og_locale":"de_DE","og_type":"article","og_title":"Kirgisisches Gericht verurteilt SMO-Veteranen zu zehn Jahren Haft","og_description":"Am 16. Mai hat ein Gericht in der kirgisischen Hauptstadt Bischkek einen kirgisischen Staatsangeh\u00f6rigen, der an der russischen milit\u00e4rischen Sonderoperation in der Ukraine teilgenommen hatte, zu einer zehnj\u00e4hrigen Haftstrafe wegen des Straftatbestands des &#8220;S\u00f6ldnertums&#8221; verurteilt. Von Pjotr Swetow Der 31-j\u00e4hrige Askar Kubanytschbek Uulu trat im Juli 2022 den in der Ukraine eingesetzten russischen Truppen bei, [&hellip;]","og_url":"https:\/\/now-news.de\/de\/deutschland\/kirgisisches-gericht-verurteilt-smo-veteranen-zu-zehn-jahren-haft\/","og_site_name":"just-now.NEWS Deutschland","article_publisher":"https:\/\/www.facebook.com\/wirmachenauf","article_published_time":"2023-05-24T17:00:44+00:00","og_image":[{"width":460,"height":259,"url":"https:\/\/now-news.de\/de\/wp-content\/uploads\/sites\/3\/2023\/05\/Kirgisisches-Gericht-verurteilt-SMO-Veteranen-zu-zehn-Jahren-Haft.jpg","type":"image\/jpeg"}],"author":"rtnews","twitter_card":"summary_large_image","twitter_creator":"@WirMachenAuf_de","twitter_site":"@WirMachenAuf_de","twitter_misc":{"Verfasst von":"rtnews","Gesch\u00e4tzte Lesezeit":"7\u00a0Minuten"},"schema":{"@context":"https:\/\/schema.org","@graph":[{"@type":"Article","@id":"https:\/\/now-news.de\/de\/deutschland\/kirgisisches-gericht-verurteilt-smo-veteranen-zu-zehn-jahren-haft\/#article","isPartOf":{"@id":"https:\/\/now-news.de\/de\/deutschland\/kirgisisches-gericht-verurteilt-smo-veteranen-zu-zehn-jahren-haft\/"},"author":{"name":"rtnews","@id":"https:\/\/now-news.de\/de\/#\/schema\/person\/fb534a4e865501d8b3285208df34a9b5"},"headline":"Kirgisisches Gericht verurteilt SMO-Veteranen zu zehn Jahren Haft","datePublished":"2023-05-24T17:00:44+00:00","dateModified":"2023-05-24T17:00:44+00:00","mainEntityOfPage":{"@id":"https:\/\/now-news.de\/de\/deutschland\/kirgisisches-gericht-verurteilt-smo-veteranen-zu-zehn-jahren-haft\/"},"wordCount":1510,"commentCount":0,"publisher":{"@id":"https:\/\/now-news.de\/de\/#organization"},"image":{"@id":"https:\/\/now-news.de\/de\/deutschland\/kirgisisches-gericht-verurteilt-smo-veteranen-zu-zehn-jahren-haft\/#primaryimage"},"thumbnailUrl":"https:\/\/now-news.de\/de\/wp-content\/uploads\/sites\/3\/2023\/05\/Kirgisisches-Gericht-verurteilt-SMO-Veteranen-zu-zehn-Jahren-Haft.jpg","keywords":["Gericht","Haft","Jahren","Kirgisisches","SMOVeteranen","verurteilt","zehn"],"articleSection":["Deutschland","Russland"],"inLanguage":"de","potentialAction":[{"@type":"CommentAction","name":"Comment","target":["https:\/\/now-news.de\/de\/deutschland\/kirgisisches-gericht-verurteilt-smo-veteranen-zu-zehn-jahren-haft\/#respond"]}]},{"@type":"WebPage","@id":"https:\/\/now-news.de\/de\/deutschland\/kirgisisches-gericht-verurteilt-smo-veteranen-zu-zehn-jahren-haft\/","url":"https:\/\/now-news.de\/de\/deutschland\/kirgisisches-gericht-verurteilt-smo-veteranen-zu-zehn-jahren-haft\/","name":"Kirgisisches Gericht verurteilt SMO-Veteranen zu zehn Jahren Haft - just-now.NEWS Deutschland","isPartOf":{"@id":"https:\/\/now-news.de\/de\/#website"},"primaryImageOfPage":{"@id":"https:\/\/now-news.de\/de\/deutschland\/kirgisisches-gericht-verurteilt-smo-veteranen-zu-zehn-jahren-haft\/#primaryimage"},"image":{"@id":"https:\/\/now-news.de\/de\/deutschland\/kirgisisches-gericht-verurteilt-smo-veteranen-zu-zehn-jahren-haft\/#primaryimage"},"thumbnailUrl":"https:\/\/now-news.de\/de\/wp-content\/uploads\/sites\/3\/2023\/05\/Kirgisisches-Gericht-verurteilt-SMO-Veteranen-zu-zehn-Jahren-Haft.jpg","datePublished":"2023-05-24T17:00:44+00:00","dateModified":"2023-05-24T17:00:44+00:00","breadcrumb":{"@id":"https:\/\/now-news.de\/de\/deutschland\/kirgisisches-gericht-verurteilt-smo-veteranen-zu-zehn-jahren-haft\/#breadcrumb"},"inLanguage":"de","potentialAction":[{"@type":"ReadAction","target":["https:\/\/now-news.de\/de\/deutschland\/kirgisisches-gericht-verurteilt-smo-veteranen-zu-zehn-jahren-haft\/"]}]},{"@type":"ImageObject","inLanguage":"de","@id":"https:\/\/now-news.de\/de\/deutschland\/kirgisisches-gericht-verurteilt-smo-veteranen-zu-zehn-jahren-haft\/#primaryimage","url":"https:\/\/now-news.de\/de\/wp-content\/uploads\/sites\/3\/2023\/05\/Kirgisisches-Gericht-verurteilt-SMO-Veteranen-zu-zehn-Jahren-Haft.jpg","contentUrl":"https:\/\/now-news.de\/de\/wp-content\/uploads\/sites\/3\/2023\/05\/Kirgisisches-Gericht-verurteilt-SMO-Veteranen-zu-zehn-Jahren-Haft.jpg","width":460,"height":259,"caption":"Kirgisisches Gericht verurteilt SMO-Veteranen zu zehn Jahren Haft"},{"@type":"BreadcrumbList","@id":"https:\/\/now-news.de\/de\/deutschland\/kirgisisches-gericht-verurteilt-smo-veteranen-zu-zehn-jahren-haft\/#breadcrumb","itemListElement":[{"@type":"ListItem","position":1,"name":"Home","item":"https:\/\/now-news.de\/de\/"},{"@type":"ListItem","position":2,"name":"Kirgisisches Gericht verurteilt SMO-Veteranen zu zehn Jahren Haft"}]},{"@type":"WebSite","@id":"https:\/\/now-news.de\/de\/#website","url":"https:\/\/now-news.de\/de\/","name":"just-now.NEWS Deutschland","description":"Das Portal f\u00fcr unzensierte Nachrichten aus der Welt","publisher":{"@id":"https:\/\/now-news.de\/de\/#organization"},"potentialAction":[{"@type":"SearchAction","target":{"@type":"EntryPoint","urlTemplate":"https:\/\/now-news.de\/de\/?s={search_term_string}"},"query-input":"required name=search_term_string"}],"inLanguage":"de"},{"@type":"Organization","@id":"https:\/\/now-news.de\/de\/#organization","name":"Just Now News","url":"https:\/\/now-news.de\/de\/","logo":{"@type":"ImageObject","inLanguage":"de","@id":"https:\/\/now-news.de\/de\/#\/schema\/logo\/image\/","url":"http:\/\/just-now.news\/de\/wp-content\/uploads\/sites\/3\/2022\/04\/logo500x500.jpg","contentUrl":"http:\/\/just-now.news\/de\/wp-content\/uploads\/sites\/3\/2022\/04\/logo500x500.jpg","width":500,"height":500,"caption":"Just Now News"},"image":{"@id":"https:\/\/now-news.de\/de\/#\/schema\/logo\/image\/"},"sameAs":["https:\/\/www.facebook.com\/wirmachenauf","https:\/\/x.com\/WirMachenAuf_de"]},{"@type":"Person","@id":"https:\/\/now-news.de\/de\/#\/schema\/person\/fb534a4e865501d8b3285208df34a9b5","name":"rtnews","image":{"@type":"ImageObject","inLanguage":"de","@id":"https:\/\/now-news.de\/de\/#\/schema\/person\/image\/","url":"https:\/\/secure.gravatar.com\/avatar\/82aafea7d8127119dd649515f56e2117?s=96&d=mm&r=g","contentUrl":"https:\/\/secure.gravatar.com\/avatar\/82aafea7d8127119dd649515f56e2117?s=96&d=mm&r=g","caption":"rtnews"},"url":"https:\/\/now-news.de\/de\/author\/rnews\/"}]}},"_links":{"self":[{"href":"https:\/\/now-news.de\/de\/wp-json\/wp\/v2\/posts\/36685"}],"collection":[{"href":"https:\/\/now-news.de\/de\/wp-json\/wp\/v2\/posts"}],"about":[{"href":"https:\/\/now-news.de\/de\/wp-json\/wp\/v2\/types\/post"}],"author":[{"embeddable":true,"href":"https:\/\/now-news.de\/de\/wp-json\/wp\/v2\/users\/3"}],"replies":[{"embeddable":true,"href":"https:\/\/now-news.de\/de\/wp-json\/wp\/v2\/comments?post=36685"}],"version-history":[{"count":0,"href":"https:\/\/now-news.de\/de\/wp-json\/wp\/v2\/posts\/36685\/revisions"}],"wp:featuredmedia":[{"embeddable":true,"href":"https:\/\/now-news.de\/de\/wp-json\/wp\/v2\/media\/36686"}],"wp:attachment":[{"href":"https:\/\/now-news.de\/de\/wp-json\/wp\/v2\/media?parent=36685"}],"wp:term":[{"taxonomy":"category","embeddable":true,"href":"https:\/\/now-news.de\/de\/wp-json\/wp\/v2\/categories?post=36685"},{"taxonomy":"post_tag","embeddable":true,"href":"https:\/\/now-news.de\/de\/wp-json\/wp\/v2\/tags?post=36685"}],"curies":[{"name":"wp","href":"https:\/\/api.w.org\/{rel}","templated":true}]}}