{"id":3666,"date":"2022-04-26T13:43:29","date_gmt":"2022-04-26T14:43:29","guid":{"rendered":"http:\/\/just-now.news\/de\/deutschland\/umfrage-deutsche-unternehmen-spueren-auswirkungen-der-steigenden-energiepreise\/"},"modified":"2022-04-26T13:43:29","modified_gmt":"2022-04-26T14:43:29","slug":"umfrage-deutsche-unternehmen-spueren-auswirkungen-der-steigenden-energiepreise","status":"publish","type":"post","link":"https:\/\/now-news.de\/de\/deutschland\/umfrage-deutsche-unternehmen-spueren-auswirkungen-der-steigenden-energiepreise\/","title":{"rendered":"Umfrage: Deutsche Unternehmen sp\u00fcren Auswirkungen der steigenden Energiepreise"},"content":{"rendered":"<div class=\"Text-root Text-type_5 ArticleView-text ViewText-root \">\n<p>F\u00fcr rund 40 Prozent der deutschen Unternehmen sollen die Folgen des rasanten Anstiegs der Energiepreise in den vergangenen Wochen sp\u00fcrbar sein. Das <a target=\"_blank\" href=\"https:\/\/www.ifo.de\/node\/69219\" rel=\"noopener\">ergab<\/a>\u00a0eine am Montag ver\u00f6ffentlichte Umfrage des ifo Instituts f\u00fcr Wirtschaftsforschung in M\u00fcnchen. Befragt wurden 1.100 deutsche Unternehmen, davon 950 in Familienbesitz.<\/p>\n<div class=\"ReadMore-root Section-root Section-is1to3-xs_is1to1\" data-widgets=\"ReadMore\" data-has-alias>\n<div class=\"Section-container Section-isRow-isTop-isWrap\">\n<article class=\"Card-root Card-is1to1 \">\n<div class=\"Card-imageWrap\">\n<div class=\"Card-picture\">\n<picture class=\"Picture-root Picture-default\"><!--[if IE 9]><video style=\"display: none;\"><![endif]--><source media=\"(-webkit-min-device-pixel-ratio: 2) and (min-resolution: 120dpi)\" data-srcset=\" \nhttps:\/\/cdni.russiatoday.com\/deutsch\/images\/2022.04\/thumbnail\/6262bc53b480cc5455618e21.jpg 850w,\n                https:\/\/cdni.russiatoday.com\/deutsch\/images\/2022.04\/article\/6262bc52b480cc5455618e20.jpg 1960w,\n            \" srcset=\"data:image\/png;base64,iVBORw0KGgoAAAANSUhEUgAAABAAAAAJCAQAAACRI2S5AAAAEElEQVR42mNkIAAYRxWAAQAG9gAKqv6+AwAAAABJRU5ErkJggg==\"><source data-srcset=\" \nhttps:\/\/cdni.russiatoday.com\/deutsch\/images\/2022.04\/thumbnail\/6262bc53b480cc5455618e21.jpg 460w,\n              https:\/\/cdni.russiatoday.com\/deutsch\/images\/2022.04\/article\/6262bc52b480cc5455618e20.jpg 980w,\n            \" srcset=\"data:image\/png;base64,iVBORw0KGgoAAAANSUhEUgAAABAAAAAJCAQAAACRI2S5AAAAEElEQVR42mNkIAAYRxWAAQAG9gAKqv6+AwAAAABJRU5ErkJggg==\"><!--[if IE 9]><\/video><![endif]--><\/source><\/source><\/picture><!-- noscript pattern --><noscript><img decoding=\"async\" src=\"https:\/\/cdni.russiatoday.com\/deutsch\/images\/2022.04\/article\/6262bc52b480cc5455618e20.jpg\" alt='Wollen die Europ\u00e4er wirklich kalt duschen, nur um \"Putin eins auszuwischen\"?'><\/noscript>    <\/div><\/div>\n<div class=\"Card-contentWrap\">\n<div class=\"Card-label\">\n            <span class=\"Label-root\"><br \/>\n                Meinung<br \/>\n            <\/span>\n        <\/div>\n<div class=\"Card-content\">\n<div class=\"Card-title\">\n<div class=\"HeaderNews-root HeaderNews-type_6 \">\n<p>            <a target=\"_blank\" href=\"https:\/\/de.rt.com\/meinung\/136778-wollen-europaer-wirklich-kalt-duschen\/\" class=\"Link-root Link-isFullCard \" rel=\"noopener\"><br \/>\n                Wollen die Europ\u00e4er wirklich kalt duschen, nur um &#8220;Putin eins auszuwischen&#8221;?<br \/>\n            <\/a><\/p><\/div><\/div><\/div><\/div>\n<\/article>\n<\/div><\/div>\n<p>Da viele der befragten Unternehmen langfristige Liefervertr\u00e4ge haben, sp\u00fcren bisher nicht alle starke Preissteigerungen. Ein Viertel der befragten Unternehmen gab jedoch an, dass sie einen Anstieg ihrer Energiekosten in der zweiten H\u00e4lfte dieses Jahres erwarten, w\u00e4hrend ein weiteres Viertel davon ausgeht, dass dies im Jahr 2023 der Fall sein wird.<\/p>\n<p>Zudem ergab die Umfrage, dass fast 90 Prozent der Unternehmen wahrscheinlich die Preise f\u00fcr ihre Produkte erh\u00f6hen werden, um den Energiekosten entgegenzuwirken. Drei Viertel der Unternehmen beabsichtigen, mehr in Energieeffizienz zu investieren.<\/p>\n<p>Rund elf Prozent der Unternehmen erw\u00e4gen die M\u00f6glichkeit, energieintensive Gesch\u00e4ftsfelder ganz aufzugeben, und 14 Prozent pr\u00fcfen die M\u00f6glichkeit eines Personalabbaus. Dennoch will nur ein kleiner Prozentsatz der befragten Unternehmen seine B\u00fcros ins Ausland verlegen. Professor Rainer Kirchd\u00f6rfer, einer der Experten der Umfrage, verwies darauf, dass Deutschland schon vor der aktuellen Energiekrise, die durch den Krieg in der Ukraine ausgel\u00f6st wurde, seine energiepolitische Wettbewerbsf\u00e4higkeit deutlich verloren habe. Weiter hie\u00df es:<\/p>\n<blockquote>\n<p><em>&#8220;Wir brauchen eine Politik, die diese Wettbewerbsverzerrung korrigiert und den H\u00f6henflug der Energiepreise stoppt.&#8221;<\/em><\/p>\n<\/blockquote>\n<p>Die Stromversorger des Landes, die f\u00fcr rund 13 Millionen Haushalte zust\u00e4ndig sind, k\u00fcndigten bereits f\u00fcr April, Mai und Juni eine Erh\u00f6hung der Tarife um durchschnittlich 19,5 Prozent an. Bei den Gaspreisen wird ein noch st\u00e4rkerer Anstieg von etwa 42,3 Prozent erwartet.<\/p>\n<div class=\"ReadMore-root Section-root Section-is1to3-xs_is1to1\" data-widgets=\"ReadMore\" data-has-alias>\n<div class=\"Section-container Section-isRow-isTop-isWrap\">\n<article class=\"Card-root Card-is1to1 \">\n<div class=\"Card-imageWrap\">\n<div class=\"Card-picture\">\n<picture class=\"Picture-root Picture-default\"><!--[if IE 9]><video style=\"display: none;\"><![endif]--><source media=\"(-webkit-min-device-pixel-ratio: 2) and (min-resolution: 120dpi)\" data-srcset=\" \nhttps:\/\/cdni.russiatoday.com\/deutsch\/images\/2022.04\/thumbnail\/625718ea48fbef661c422d23.jpg 850w,\n                https:\/\/cdni.russiatoday.com\/deutsch\/images\/2022.04\/article\/625718ea48fbef661c422d22.jpg 1960w,\n            \" srcset=\"data:image\/png;base64,iVBORw0KGgoAAAANSUhEUgAAABAAAAAJCAQAAACRI2S5AAAAEElEQVR42mNkIAAYRxWAAQAG9gAKqv6+AwAAAABJRU5ErkJggg==\"><source data-srcset=\" \nhttps:\/\/cdni.russiatoday.com\/deutsch\/images\/2022.04\/thumbnail\/625718ea48fbef661c422d23.jpg 460w,\n              https:\/\/cdni.russiatoday.com\/deutsch\/images\/2022.04\/article\/625718ea48fbef661c422d22.jpg 980w,\n            \" srcset=\"data:image\/png;base64,iVBORw0KGgoAAAANSUhEUgAAABAAAAAJCAQAAACRI2S5AAAAEElEQVR42mNkIAAYRxWAAQAG9gAKqv6+AwAAAABJRU5ErkJggg==\"><!--[if IE 9]><\/video><![endif]--><img decoding=\"async\" data-sizes=\"auto\" src=\"data:image\/png;base64,iVBORw0KGgoAAAANSUhEUgAAABAAAAAJCAQAAACRI2S5AAAAEElEQVR42mNkIAAYRxWAAQAG9gAKqv6+AwAAAABJRU5ErkJggg==\" class=\"Picture-root Picture-default lazyload\" data-src=\"https:\/\/cdni.russiatoday.com\/deutsch\/images\/2022.04\/thumbnail\/625718ea48fbef661c422d23.jpg\" alt='Wachstumsprognosen in Deutschland deutlich geringer als erwartet, dennoch \"Augenma\u00df\" bei Hilfen'><\/source><\/source><\/picture><!-- noscript pattern --><noscript><img decoding=\"async\" src=\"https:\/\/cdni.russiatoday.com\/deutsch\/images\/2022.04\/article\/625718ea48fbef661c422d22.jpg\" alt='Wachstumsprognosen in Deutschland deutlich geringer als erwartet, dennoch \"Augenma\u00df\" bei Hilfen'><\/noscript>    <\/div><\/div>\n<div class=\"Card-contentWrap\">\n<div class=\"Card-content\">\n<div class=\"Card-title\">\n<div class=\"HeaderNews-root HeaderNews-type_6 \">\n<p>            <a target=\"_blank\" href=\"https:\/\/de.rt.com\/inland\/136171-wachstumsprognosen-in-deutschland-deutlich-geringer\/\" class=\"Link-root Link-isFullCard \" rel=\"noopener\"><br \/>\n                Wachstumsprognosen in Deutschland deutlich geringer als erwartet, dennoch &#8220;Augenma\u00df&#8221; bei Hilfen<br \/>\n            <\/a><\/p><\/div><\/div><\/div><\/div>\n<\/article>\n<\/div><\/div>\n<p>Nach Angaben des Vergleichsportals Verivox m\u00fcsste ein Haushalt, der vor der Ukraine-Krise durchschnittlich 1.171 Euro<a><\/a>pro Jahr f\u00fcr Strom zahlte, bei den derzeitigen Kosten rund 1.737 Euro aufwenden. Bei Erdgas ist die Lage noch schlimmer: Ein Haushalt, der im April letzten Jahres j\u00e4hrlich 1.184 Euro f\u00fcr Gas zahlte, m\u00fcsste bei den derzeitigen Preisen 2.787 Euro ausgeben, was einer Steigerung von 135 Prozent entspricht.<\/p>\n<p>Die EU hat vor, ihre Abh\u00e4ngigkeit von russischer Energie zu beenden, obwohl sie rund 40 Prozent ihres Gases und 30 Prozent ihres \u00d6ls aus Russland importiert. Experten und Politiker innerhalb der Union warnten jedoch, dass ein Verbot russischer Energieimporte nur zu weiteren Preissteigerungen f\u00fchren k\u00f6nnte, da es unm\u00f6glich w\u00e4re, schnell genug eine Alternative zu finden.\u00a0<\/p>\n<p><strong>Mehr zum Thema<\/strong> &#8211; <a target=\"_blank\" href=\"https:\/\/de.rt.com\/inland\/136378-deutschland-als-innovationsstandort-fur-wasserstoff\/\" rel=\"noopener\">Deutschland als Innovationsstandort f\u00fcr Wasserstoff: Wird Fahren bald g\u00fcnstiger und emissionsfrei?<\/a><\/p>\n<\/p>\n<\/div>\n<p><br \/>\n<br \/><a href=\"https:\/\/de.rt.com\/inland\/137003-umfrage-deutsche-unternehmen-spueren-auswirkungen-steigender-energiepreise\/\">Source link <\/a><\/p>\n","protected":false},"excerpt":{"rendered":"<p>F\u00fcr rund 40 Prozent der deutschen Unternehmen sollen die Folgen des rasanten Anstiegs der Energiepreise in den vergangenen Wochen sp\u00fcrbar sein. Das ergab\u00a0eine am Montag ver\u00f6ffentlichte Umfrage des ifo Instituts f\u00fcr Wirtschaftsforschung in M\u00fcnchen. Befragt wurden 1.100 deutsche Unternehmen, davon 950 in Familienbesitz. Meinung Wollen die Europ\u00e4er wirklich kalt duschen, nur um &#8220;Putin eins auszuwischen&#8221;? [&hellip;]<\/p>\n","protected":false},"author":3,"featured_media":3667,"comment_status":"open","ping_status":"open","sticky":false,"template":"","format":"standard","meta":{"wp_automatic_camp":["217"],"dd80d8b9a63dae93f3769846bc73af98":["Umfrage: Deutsche Unternehmen sp\u00fcren Auswirkungen der steigenden Energiepreise"],"original_link":["https:\/\/de.rt.com\/inland\/137003-umfrage-deutsche-unternehmen-spueren-auswirkungen-steigender-energiepreise\/"],"_thumbnail_id":["3667"],"wp_automatic_remove_first_image":["yes"],"jnews_social_counter_last_update":["1777642516"]},"categories":[19,23],"tags":[597,82,2374,10585,10583,10584,1428,1525],"yoast_head":"<!-- This site is optimized with the Yoast SEO Premium plugin v22.7 (Yoast SEO v22.7) - https:\/\/yoast.com\/wordpress\/plugins\/seo\/ -->\n<title>Umfrage: Deutsche Unternehmen sp\u00fcren Auswirkungen der steigenden Energiepreise - just-now.NEWS Deutschland<\/title>\n<meta name=\"robots\" content=\"index, follow, max-snippet:-1, max-image-preview:large, max-video-preview:-1\" \/>\n<link rel=\"canonical\" href=\"https:\/\/now-news.de\/de\/deutschland\/umfrage-deutsche-unternehmen-spueren-auswirkungen-der-steigenden-energiepreise\/\" \/>\n<meta property=\"og:locale\" content=\"de_DE\" \/>\n<meta property=\"og:type\" content=\"article\" \/>\n<meta property=\"og:title\" content=\"Umfrage: Deutsche Unternehmen sp\u00fcren Auswirkungen der steigenden Energiepreise\" \/>\n<meta property=\"og:description\" content=\"F\u00fcr rund 40 Prozent der deutschen Unternehmen sollen die Folgen des rasanten Anstiegs der Energiepreise in den vergangenen Wochen sp\u00fcrbar sein. Das ergab\u00a0eine am Montag ver\u00f6ffentlichte Umfrage des ifo Instituts f\u00fcr Wirtschaftsforschung in M\u00fcnchen. Befragt wurden 1.100 deutsche Unternehmen, davon 950 in Familienbesitz. Meinung Wollen die Europ\u00e4er wirklich kalt duschen, nur um &#8220;Putin eins auszuwischen&#8221;? [&hellip;]\" \/>\n<meta property=\"og:url\" content=\"https:\/\/now-news.de\/de\/deutschland\/umfrage-deutsche-unternehmen-spueren-auswirkungen-der-steigenden-energiepreise\/\" \/>\n<meta property=\"og:site_name\" content=\"just-now.NEWS Deutschland\" \/>\n<meta property=\"article:publisher\" content=\"https:\/\/www.facebook.com\/wirmachenauf\" \/>\n<meta property=\"article:published_time\" content=\"2022-04-26T14:43:29+00:00\" \/>\n<meta property=\"og:image\" content=\"https:\/\/now-news.de\/de\/wp-content\/uploads\/sites\/3\/2022\/04\/Umfrage-Deutsche-Unternehmen-spueren-Auswirkungen-der-steigenden-Energiepreise.jpg\" \/>\n\t<meta property=\"og:image:width\" content=\"1104\" \/>\n\t<meta property=\"og:image:height\" content=\"622\" \/>\n\t<meta property=\"og:image:type\" content=\"image\/jpeg\" \/>\n<meta name=\"author\" content=\"rtnews\" \/>\n<meta name=\"twitter:card\" content=\"summary_large_image\" \/>\n<meta name=\"twitter:creator\" content=\"@WirMachenAuf_de\" \/>\n<meta name=\"twitter:site\" content=\"@WirMachenAuf_de\" \/>\n<meta name=\"twitter:label1\" content=\"Verfasst von\" \/>\n\t<meta name=\"twitter:data1\" content=\"rtnews\" \/>\n\t<meta name=\"twitter:label2\" content=\"Gesch\u00e4tzte Lesezeit\" \/>\n\t<meta name=\"twitter:data2\" content=\"2\u00a0Minuten\" \/>\n<script type=\"application\/ld+json\" class=\"yoast-schema-graph\">{\"@context\":\"https:\/\/schema.org\",\"@graph\":[{\"@type\":\"Article\",\"@id\":\"https:\/\/now-news.de\/de\/deutschland\/umfrage-deutsche-unternehmen-spueren-auswirkungen-der-steigenden-energiepreise\/#article\",\"isPartOf\":{\"@id\":\"https:\/\/now-news.de\/de\/deutschland\/umfrage-deutsche-unternehmen-spueren-auswirkungen-der-steigenden-energiepreise\/\"},\"author\":{\"name\":\"rtnews\",\"@id\":\"https:\/\/now-news.de\/de\/#\/schema\/person\/fb534a4e865501d8b3285208df34a9b5\"},\"headline\":\"Umfrage: Deutsche Unternehmen sp\u00fcren Auswirkungen der steigenden Energiepreise\",\"datePublished\":\"2022-04-26T14:43:29+00:00\",\"dateModified\":\"2022-04-26T14:43:29+00:00\",\"mainEntityOfPage\":{\"@id\":\"https:\/\/now-news.de\/de\/deutschland\/umfrage-deutsche-unternehmen-spueren-auswirkungen-der-steigenden-energiepreise\/\"},\"wordCount\":442,\"commentCount\":0,\"publisher\":{\"@id\":\"https:\/\/now-news.de\/de\/#organization\"},\"image\":{\"@id\":\"https:\/\/now-news.de\/de\/deutschland\/umfrage-deutsche-unternehmen-spueren-auswirkungen-der-steigenden-energiepreise\/#primaryimage\"},\"thumbnailUrl\":\"https:\/\/now-news.de\/de\/wp-content\/uploads\/sites\/3\/2022\/04\/Umfrage-Deutsche-Unternehmen-spueren-Auswirkungen-der-steigenden-Energiepreise.jpg\",\"keywords\":[\"Auswirkungen\",\"der\",\"Deutsche\",\"Energiepreise\",\"sp\u00fcren\",\"steigenden\",\"Umfrage\",\"Unternehmen\"],\"articleSection\":[\"Deutschland\",\"Russland\"],\"inLanguage\":\"de\",\"potentialAction\":[{\"@type\":\"CommentAction\",\"name\":\"Comment\",\"target\":[\"https:\/\/now-news.de\/de\/deutschland\/umfrage-deutsche-unternehmen-spueren-auswirkungen-der-steigenden-energiepreise\/#respond\"]}]},{\"@type\":\"WebPage\",\"@id\":\"https:\/\/now-news.de\/de\/deutschland\/umfrage-deutsche-unternehmen-spueren-auswirkungen-der-steigenden-energiepreise\/\",\"url\":\"https:\/\/now-news.de\/de\/deutschland\/umfrage-deutsche-unternehmen-spueren-auswirkungen-der-steigenden-energiepreise\/\",\"name\":\"Umfrage: Deutsche Unternehmen sp\u00fcren Auswirkungen der steigenden Energiepreise - just-now.NEWS Deutschland\",\"isPartOf\":{\"@id\":\"https:\/\/now-news.de\/de\/#website\"},\"primaryImageOfPage\":{\"@id\":\"https:\/\/now-news.de\/de\/deutschland\/umfrage-deutsche-unternehmen-spueren-auswirkungen-der-steigenden-energiepreise\/#primaryimage\"},\"image\":{\"@id\":\"https:\/\/now-news.de\/de\/deutschland\/umfrage-deutsche-unternehmen-spueren-auswirkungen-der-steigenden-energiepreise\/#primaryimage\"},\"thumbnailUrl\":\"https:\/\/now-news.de\/de\/wp-content\/uploads\/sites\/3\/2022\/04\/Umfrage-Deutsche-Unternehmen-spueren-Auswirkungen-der-steigenden-Energiepreise.jpg\",\"datePublished\":\"2022-04-26T14:43:29+00:00\",\"dateModified\":\"2022-04-26T14:43:29+00:00\",\"breadcrumb\":{\"@id\":\"https:\/\/now-news.de\/de\/deutschland\/umfrage-deutsche-unternehmen-spueren-auswirkungen-der-steigenden-energiepreise\/#breadcrumb\"},\"inLanguage\":\"de\",\"potentialAction\":[{\"@type\":\"ReadAction\",\"target\":[\"https:\/\/now-news.de\/de\/deutschland\/umfrage-deutsche-unternehmen-spueren-auswirkungen-der-steigenden-energiepreise\/\"]}]},{\"@type\":\"ImageObject\",\"inLanguage\":\"de\",\"@id\":\"https:\/\/now-news.de\/de\/deutschland\/umfrage-deutsche-unternehmen-spueren-auswirkungen-der-steigenden-energiepreise\/#primaryimage\",\"url\":\"https:\/\/now-news.de\/de\/wp-content\/uploads\/sites\/3\/2022\/04\/Umfrage-Deutsche-Unternehmen-spueren-Auswirkungen-der-steigenden-Energiepreise.jpg\",\"contentUrl\":\"https:\/\/now-news.de\/de\/wp-content\/uploads\/sites\/3\/2022\/04\/Umfrage-Deutsche-Unternehmen-spueren-Auswirkungen-der-steigenden-Energiepreise.jpg\",\"width\":1104,\"height\":622,\"caption\":\"Umfrage: Deutsche Unternehmen sp\u00fcren Auswirkungen der steigenden Energiepreise\"},{\"@type\":\"BreadcrumbList\",\"@id\":\"https:\/\/now-news.de\/de\/deutschland\/umfrage-deutsche-unternehmen-spueren-auswirkungen-der-steigenden-energiepreise\/#breadcrumb\",\"itemListElement\":[{\"@type\":\"ListItem\",\"position\":1,\"name\":\"Home\",\"item\":\"https:\/\/now-news.de\/de\/\"},{\"@type\":\"ListItem\",\"position\":2,\"name\":\"Umfrage: Deutsche Unternehmen sp\u00fcren Auswirkungen der steigenden Energiepreise\"}]},{\"@type\":\"WebSite\",\"@id\":\"https:\/\/now-news.de\/de\/#website\",\"url\":\"https:\/\/now-news.de\/de\/\",\"name\":\"just-now.NEWS Deutschland\",\"description\":\"Das Portal f\u00fcr unzensierte Nachrichten aus der Welt\",\"publisher\":{\"@id\":\"https:\/\/now-news.de\/de\/#organization\"},\"potentialAction\":[{\"@type\":\"SearchAction\",\"target\":{\"@type\":\"EntryPoint\",\"urlTemplate\":\"https:\/\/now-news.de\/de\/?s={search_term_string}\"},\"query-input\":\"required name=search_term_string\"}],\"inLanguage\":\"de\"},{\"@type\":\"Organization\",\"@id\":\"https:\/\/now-news.de\/de\/#organization\",\"name\":\"Just Now News\",\"url\":\"https:\/\/now-news.de\/de\/\",\"logo\":{\"@type\":\"ImageObject\",\"inLanguage\":\"de\",\"@id\":\"https:\/\/now-news.de\/de\/#\/schema\/logo\/image\/\",\"url\":\"http:\/\/just-now.news\/de\/wp-content\/uploads\/sites\/3\/2022\/04\/logo500x500.jpg\",\"contentUrl\":\"http:\/\/just-now.news\/de\/wp-content\/uploads\/sites\/3\/2022\/04\/logo500x500.jpg\",\"width\":500,\"height\":500,\"caption\":\"Just Now News\"},\"image\":{\"@id\":\"https:\/\/now-news.de\/de\/#\/schema\/logo\/image\/\"},\"sameAs\":[\"https:\/\/www.facebook.com\/wirmachenauf\",\"https:\/\/x.com\/WirMachenAuf_de\"]},{\"@type\":\"Person\",\"@id\":\"https:\/\/now-news.de\/de\/#\/schema\/person\/fb534a4e865501d8b3285208df34a9b5\",\"name\":\"rtnews\",\"image\":{\"@type\":\"ImageObject\",\"inLanguage\":\"de\",\"@id\":\"https:\/\/now-news.de\/de\/#\/schema\/person\/image\/\",\"url\":\"https:\/\/secure.gravatar.com\/avatar\/82aafea7d8127119dd649515f56e2117?s=96&d=mm&r=g\",\"contentUrl\":\"https:\/\/secure.gravatar.com\/avatar\/82aafea7d8127119dd649515f56e2117?s=96&d=mm&r=g\",\"caption\":\"rtnews\"},\"url\":\"https:\/\/now-news.de\/de\/author\/rnews\/\"}]}<\/script>\n<!-- \/ Yoast SEO Premium plugin. -->","yoast_head_json":{"title":"Umfrage: Deutsche Unternehmen sp\u00fcren Auswirkungen der steigenden Energiepreise - just-now.NEWS Deutschland","robots":{"index":"index","follow":"follow","max-snippet":"max-snippet:-1","max-image-preview":"max-image-preview:large","max-video-preview":"max-video-preview:-1"},"canonical":"https:\/\/now-news.de\/de\/deutschland\/umfrage-deutsche-unternehmen-spueren-auswirkungen-der-steigenden-energiepreise\/","og_locale":"de_DE","og_type":"article","og_title":"Umfrage: Deutsche Unternehmen sp\u00fcren Auswirkungen der steigenden Energiepreise","og_description":"F\u00fcr rund 40 Prozent der deutschen Unternehmen sollen die Folgen des rasanten Anstiegs der Energiepreise in den vergangenen Wochen sp\u00fcrbar sein. Das ergab\u00a0eine am Montag ver\u00f6ffentlichte Umfrage des ifo Instituts f\u00fcr Wirtschaftsforschung in M\u00fcnchen. Befragt wurden 1.100 deutsche Unternehmen, davon 950 in Familienbesitz. Meinung Wollen die Europ\u00e4er wirklich kalt duschen, nur um &#8220;Putin eins auszuwischen&#8221;? [&hellip;]","og_url":"https:\/\/now-news.de\/de\/deutschland\/umfrage-deutsche-unternehmen-spueren-auswirkungen-der-steigenden-energiepreise\/","og_site_name":"just-now.NEWS Deutschland","article_publisher":"https:\/\/www.facebook.com\/wirmachenauf","article_published_time":"2022-04-26T14:43:29+00:00","og_image":[{"width":1104,"height":622,"url":"https:\/\/now-news.de\/de\/wp-content\/uploads\/sites\/3\/2022\/04\/Umfrage-Deutsche-Unternehmen-spueren-Auswirkungen-der-steigenden-Energiepreise.jpg","type":"image\/jpeg"}],"author":"rtnews","twitter_card":"summary_large_image","twitter_creator":"@WirMachenAuf_de","twitter_site":"@WirMachenAuf_de","twitter_misc":{"Verfasst von":"rtnews","Gesch\u00e4tzte Lesezeit":"2\u00a0Minuten"},"schema":{"@context":"https:\/\/schema.org","@graph":[{"@type":"Article","@id":"https:\/\/now-news.de\/de\/deutschland\/umfrage-deutsche-unternehmen-spueren-auswirkungen-der-steigenden-energiepreise\/#article","isPartOf":{"@id":"https:\/\/now-news.de\/de\/deutschland\/umfrage-deutsche-unternehmen-spueren-auswirkungen-der-steigenden-energiepreise\/"},"author":{"name":"rtnews","@id":"https:\/\/now-news.de\/de\/#\/schema\/person\/fb534a4e865501d8b3285208df34a9b5"},"headline":"Umfrage: Deutsche Unternehmen sp\u00fcren Auswirkungen der steigenden Energiepreise","datePublished":"2022-04-26T14:43:29+00:00","dateModified":"2022-04-26T14:43:29+00:00","mainEntityOfPage":{"@id":"https:\/\/now-news.de\/de\/deutschland\/umfrage-deutsche-unternehmen-spueren-auswirkungen-der-steigenden-energiepreise\/"},"wordCount":442,"commentCount":0,"publisher":{"@id":"https:\/\/now-news.de\/de\/#organization"},"image":{"@id":"https:\/\/now-news.de\/de\/deutschland\/umfrage-deutsche-unternehmen-spueren-auswirkungen-der-steigenden-energiepreise\/#primaryimage"},"thumbnailUrl":"https:\/\/now-news.de\/de\/wp-content\/uploads\/sites\/3\/2022\/04\/Umfrage-Deutsche-Unternehmen-spueren-Auswirkungen-der-steigenden-Energiepreise.jpg","keywords":["Auswirkungen","der","Deutsche","Energiepreise","sp\u00fcren","steigenden","Umfrage","Unternehmen"],"articleSection":["Deutschland","Russland"],"inLanguage":"de","potentialAction":[{"@type":"CommentAction","name":"Comment","target":["https:\/\/now-news.de\/de\/deutschland\/umfrage-deutsche-unternehmen-spueren-auswirkungen-der-steigenden-energiepreise\/#respond"]}]},{"@type":"WebPage","@id":"https:\/\/now-news.de\/de\/deutschland\/umfrage-deutsche-unternehmen-spueren-auswirkungen-der-steigenden-energiepreise\/","url":"https:\/\/now-news.de\/de\/deutschland\/umfrage-deutsche-unternehmen-spueren-auswirkungen-der-steigenden-energiepreise\/","name":"Umfrage: Deutsche Unternehmen sp\u00fcren Auswirkungen der steigenden Energiepreise - just-now.NEWS Deutschland","isPartOf":{"@id":"https:\/\/now-news.de\/de\/#website"},"primaryImageOfPage":{"@id":"https:\/\/now-news.de\/de\/deutschland\/umfrage-deutsche-unternehmen-spueren-auswirkungen-der-steigenden-energiepreise\/#primaryimage"},"image":{"@id":"https:\/\/now-news.de\/de\/deutschland\/umfrage-deutsche-unternehmen-spueren-auswirkungen-der-steigenden-energiepreise\/#primaryimage"},"thumbnailUrl":"https:\/\/now-news.de\/de\/wp-content\/uploads\/sites\/3\/2022\/04\/Umfrage-Deutsche-Unternehmen-spueren-Auswirkungen-der-steigenden-Energiepreise.jpg","datePublished":"2022-04-26T14:43:29+00:00","dateModified":"2022-04-26T14:43:29+00:00","breadcrumb":{"@id":"https:\/\/now-news.de\/de\/deutschland\/umfrage-deutsche-unternehmen-spueren-auswirkungen-der-steigenden-energiepreise\/#breadcrumb"},"inLanguage":"de","potentialAction":[{"@type":"ReadAction","target":["https:\/\/now-news.de\/de\/deutschland\/umfrage-deutsche-unternehmen-spueren-auswirkungen-der-steigenden-energiepreise\/"]}]},{"@type":"ImageObject","inLanguage":"de","@id":"https:\/\/now-news.de\/de\/deutschland\/umfrage-deutsche-unternehmen-spueren-auswirkungen-der-steigenden-energiepreise\/#primaryimage","url":"https:\/\/now-news.de\/de\/wp-content\/uploads\/sites\/3\/2022\/04\/Umfrage-Deutsche-Unternehmen-spueren-Auswirkungen-der-steigenden-Energiepreise.jpg","contentUrl":"https:\/\/now-news.de\/de\/wp-content\/uploads\/sites\/3\/2022\/04\/Umfrage-Deutsche-Unternehmen-spueren-Auswirkungen-der-steigenden-Energiepreise.jpg","width":1104,"height":622,"caption":"Umfrage: Deutsche Unternehmen sp\u00fcren Auswirkungen der steigenden Energiepreise"},{"@type":"BreadcrumbList","@id":"https:\/\/now-news.de\/de\/deutschland\/umfrage-deutsche-unternehmen-spueren-auswirkungen-der-steigenden-energiepreise\/#breadcrumb","itemListElement":[{"@type":"ListItem","position":1,"name":"Home","item":"https:\/\/now-news.de\/de\/"},{"@type":"ListItem","position":2,"name":"Umfrage: Deutsche Unternehmen sp\u00fcren Auswirkungen der steigenden Energiepreise"}]},{"@type":"WebSite","@id":"https:\/\/now-news.de\/de\/#website","url":"https:\/\/now-news.de\/de\/","name":"just-now.NEWS Deutschland","description":"Das Portal f\u00fcr unzensierte Nachrichten aus der Welt","publisher":{"@id":"https:\/\/now-news.de\/de\/#organization"},"potentialAction":[{"@type":"SearchAction","target":{"@type":"EntryPoint","urlTemplate":"https:\/\/now-news.de\/de\/?s={search_term_string}"},"query-input":"required name=search_term_string"}],"inLanguage":"de"},{"@type":"Organization","@id":"https:\/\/now-news.de\/de\/#organization","name":"Just Now News","url":"https:\/\/now-news.de\/de\/","logo":{"@type":"ImageObject","inLanguage":"de","@id":"https:\/\/now-news.de\/de\/#\/schema\/logo\/image\/","url":"http:\/\/just-now.news\/de\/wp-content\/uploads\/sites\/3\/2022\/04\/logo500x500.jpg","contentUrl":"http:\/\/just-now.news\/de\/wp-content\/uploads\/sites\/3\/2022\/04\/logo500x500.jpg","width":500,"height":500,"caption":"Just Now News"},"image":{"@id":"https:\/\/now-news.de\/de\/#\/schema\/logo\/image\/"},"sameAs":["https:\/\/www.facebook.com\/wirmachenauf","https:\/\/x.com\/WirMachenAuf_de"]},{"@type":"Person","@id":"https:\/\/now-news.de\/de\/#\/schema\/person\/fb534a4e865501d8b3285208df34a9b5","name":"rtnews","image":{"@type":"ImageObject","inLanguage":"de","@id":"https:\/\/now-news.de\/de\/#\/schema\/person\/image\/","url":"https:\/\/secure.gravatar.com\/avatar\/82aafea7d8127119dd649515f56e2117?s=96&d=mm&r=g","contentUrl":"https:\/\/secure.gravatar.com\/avatar\/82aafea7d8127119dd649515f56e2117?s=96&d=mm&r=g","caption":"rtnews"},"url":"https:\/\/now-news.de\/de\/author\/rnews\/"}]}},"_links":{"self":[{"href":"https:\/\/now-news.de\/de\/wp-json\/wp\/v2\/posts\/3666"}],"collection":[{"href":"https:\/\/now-news.de\/de\/wp-json\/wp\/v2\/posts"}],"about":[{"href":"https:\/\/now-news.de\/de\/wp-json\/wp\/v2\/types\/post"}],"author":[{"embeddable":true,"href":"https:\/\/now-news.de\/de\/wp-json\/wp\/v2\/users\/3"}],"replies":[{"embeddable":true,"href":"https:\/\/now-news.de\/de\/wp-json\/wp\/v2\/comments?post=3666"}],"version-history":[{"count":0,"href":"https:\/\/now-news.de\/de\/wp-json\/wp\/v2\/posts\/3666\/revisions"}],"wp:featuredmedia":[{"embeddable":true,"href":"https:\/\/now-news.de\/de\/wp-json\/wp\/v2\/media\/3667"}],"wp:attachment":[{"href":"https:\/\/now-news.de\/de\/wp-json\/wp\/v2\/media?parent=3666"}],"wp:term":[{"taxonomy":"category","embeddable":true,"href":"https:\/\/now-news.de\/de\/wp-json\/wp\/v2\/categories?post=3666"},{"taxonomy":"post_tag","embeddable":true,"href":"https:\/\/now-news.de\/de\/wp-json\/wp\/v2\/tags?post=3666"}],"curies":[{"name":"wp","href":"https:\/\/api.w.org\/{rel}","templated":true}]}}