{"id":3660,"date":"2020-01-21T10:33:37","date_gmt":"2020-01-21T11:33:37","guid":{"rendered":"http:\/\/just-now.news\/de\/great-reset\/greatvideos\/davos-donald-trump-haelt-auftaktrede-beim-weltwirtschaftsforum\/"},"modified":"2020-01-21T10:33:37","modified_gmt":"2020-01-21T11:33:37","slug":"davos-donald-trump-haelt-auftaktrede-beim-weltwirtschaftsforum","status":"publish","type":"post","link":"https:\/\/now-news.de\/de\/great-reset\/greatvideos\/davos-donald-trump-haelt-auftaktrede-beim-weltwirtschaftsforum\/","title":{"rendered":"DAVOS: Donald Trump h\u00e4lt Auftaktrede beim Weltwirtschaftsforum"},"content":{"rendered":"<p><iframe loading=\"lazy\"  width=\"580\" height=\"385\" src=\"https:\/\/www.youtube.com\/embed\/_-St4I9D6EQ?modestbranding=1\" frameborder=\"0\" allowfullscreen><\/iframe><br \/>\n<br \/>Mit einer Rede von US-Pr\u00e4sident Donald Trump beginnt am Dienstag offiziell die 50. Jahrestagung des Weltwirtschaftsforums (WEF) in Davos. Im Mittelpunkt des viert\u00e4gigen Treffens in den Schweizer Alpen stehen der Kampf gegen den Klimawandel sowie geopolitische Krisen etwa im Nahen Osten und in Libyen. Trump steht wegen des Amtsenthebungsverfahrens, das in Washington gegen ihn l\u00e4uft, innenpolitisch unter gro\u00dfem Druck. Doch anstatt sich im Wei\u00dfen Haus zu verstecken, sucht er knapp zehn Monate vor der US-Pr\u00e4sidentenwahl wohl lieber das globale Rampenlicht.<\/p>\n<p>Der WELT Nachrichten-Livestream http:\/\/bit.ly\/2fwuMPg<br \/>\nAbonniere den WELT YouTube Channel http:\/\/bit.ly\/WeltVideoTVabo<br \/>\nDie Top-Nachrichten auf WELT.de http:\/\/bit.ly\/2rQQD9Q<br \/>\nUnsere Reportagen &#038; Dokumentationen http:\/\/bit.ly\/WELTdokus<br \/>\nDie Mediathek auf WELT.de http:\/\/bit.ly\/2Iydxv8<br \/>\nBesuche uns auf Instagram http:\/\/bit.ly\/2X1M7Hk<\/p>\n<p>In eigener Sache: Wegen des hohen Aufkommens unsachlicher und beleidigender Beitr\u00e4ge k\u00f6nnen wir zurzeit keine Kommentare mehr zulassen. <\/p>\n<p>Danke f\u00fcr Eurer Verst\u00e4ndnis &#8211; das WELT-Team<\/p>\n<p>Video 2020 erstellt<br \/>\n<br \/><a href=\"https:\/\/www.youtube.com\/watch?v=_-St4I9D6EQ\">source<\/a><\/p>\n","protected":false},"excerpt":{"rendered":"<p>Mit einer Rede von US-Pr\u00e4sident Donald Trump beginnt am Dienstag offiziell die 50. Jahrestagung des Weltwirtschaftsforums (WEF) in Davos. Im Mittelpunkt des viert\u00e4gigen Treffens in den Schweizer Alpen stehen der Kampf gegen den Klimawandel sowie geopolitische Krisen etwa im Nahen Osten und in Libyen. Trump steht wegen des Amtsenthebungsverfahrens, das in Washington gegen ihn l\u00e4uft, [&hellip;]<\/p>\n","protected":false},"author":5,"featured_media":3661,"comment_status":"open","ping_status":"open","sticky":false,"template":"","format":"standard","meta":{"wp_automatic_camp":["168"],"d278b6c589f420b8006bb35ae51d901e":["DAVOS: Donald Trump h\u00e4lt Auftaktrede beim Weltwirtschaftsforum"],"original_link":["https:\/\/www.youtube.com\/watch?v=_-St4I9D6EQ"],"_thumbnail_id":["3661"],"wp_automatic_remove_first_image":["yes"],"jnews_social_counter_last_update":["1777325378"]},"categories":[53],"tags":[2648,185,10569,10562,10573,1814,92,10571,3129,31,10570,1034,5152,10567,2768,2191,10568,2642,3798,10564,10572,10421,10566,8975,96,592,3824,2106,4207,10565,1639,5864,10561,173,206,778,61,291,10563],"yoast_head":"<!-- This site is optimized with the Yoast SEO Premium plugin v22.7 (Yoast SEO v22.7) - https:\/\/yoast.com\/wordpress\/plugins\/seo\/ -->\n<title>DAVOS: Donald Trump h\u00e4lt Auftaktrede beim Weltwirtschaftsforum - just-now.NEWS Deutschland<\/title>\n<meta name=\"robots\" content=\"index, follow, max-snippet:-1, max-image-preview:large, max-video-preview:-1\" \/>\n<link rel=\"canonical\" href=\"https:\/\/now-news.de\/de\/great-reset\/greatvideos\/davos-donald-trump-haelt-auftaktrede-beim-weltwirtschaftsforum\/\" \/>\n<meta property=\"og:locale\" content=\"de_DE\" \/>\n<meta property=\"og:type\" content=\"article\" \/>\n<meta property=\"og:title\" content=\"DAVOS: Donald Trump h\u00e4lt Auftaktrede beim Weltwirtschaftsforum\" \/>\n<meta property=\"og:description\" content=\"Mit einer Rede von US-Pr\u00e4sident Donald Trump beginnt am Dienstag offiziell die 50. Jahrestagung des Weltwirtschaftsforums (WEF) in Davos. Im Mittelpunkt des viert\u00e4gigen Treffens in den Schweizer Alpen stehen der Kampf gegen den Klimawandel sowie geopolitische Krisen etwa im Nahen Osten und in Libyen. Trump steht wegen des Amtsenthebungsverfahrens, das in Washington gegen ihn l\u00e4uft, [&hellip;]\" \/>\n<meta property=\"og:url\" content=\"https:\/\/now-news.de\/de\/great-reset\/greatvideos\/davos-donald-trump-haelt-auftaktrede-beim-weltwirtschaftsforum\/\" \/>\n<meta property=\"og:site_name\" content=\"just-now.NEWS Deutschland\" \/>\n<meta property=\"article:publisher\" content=\"https:\/\/www.facebook.com\/wirmachenauf\" \/>\n<meta property=\"article:published_time\" content=\"2020-01-21T11:33:37+00:00\" \/>\n<meta property=\"og:image\" content=\"https:\/\/now-news.de\/de\/wp-content\/uploads\/sites\/3\/2022\/04\/DAVOS-Donald-Trump-haelt-Auftaktrede-beim-Weltwirtschaftsforum.jpg\" \/>\n\t<meta property=\"og:image:width\" content=\"480\" \/>\n\t<meta property=\"og:image:height\" content=\"360\" \/>\n\t<meta property=\"og:image:type\" content=\"image\/jpeg\" \/>\n<meta name=\"author\" content=\"greatreset\" \/>\n<meta name=\"twitter:card\" content=\"summary_large_image\" \/>\n<meta name=\"twitter:creator\" content=\"@WirMachenAuf_de\" \/>\n<meta name=\"twitter:site\" content=\"@WirMachenAuf_de\" \/>\n<meta name=\"twitter:label1\" content=\"Verfasst von\" \/>\n\t<meta name=\"twitter:data1\" content=\"greatreset\" \/>\n\t<meta name=\"twitter:label2\" content=\"Gesch\u00e4tzte Lesezeit\" \/>\n\t<meta name=\"twitter:data2\" content=\"1\u00a0Minute\" \/>\n<script type=\"application\/ld+json\" class=\"yoast-schema-graph\">{\"@context\":\"https:\/\/schema.org\",\"@graph\":[{\"@type\":\"Article\",\"@id\":\"https:\/\/now-news.de\/de\/great-reset\/greatvideos\/davos-donald-trump-haelt-auftaktrede-beim-weltwirtschaftsforum\/#article\",\"isPartOf\":{\"@id\":\"https:\/\/now-news.de\/de\/great-reset\/greatvideos\/davos-donald-trump-haelt-auftaktrede-beim-weltwirtschaftsforum\/\"},\"author\":{\"name\":\"greatreset\",\"@id\":\"https:\/\/now-news.de\/de\/#\/schema\/person\/8afb4cd92b68572db7902c13a349ffcb\"},\"headline\":\"DAVOS: Donald Trump h\u00e4lt Auftaktrede beim Weltwirtschaftsforum\",\"datePublished\":\"2020-01-21T11:33:37+00:00\",\"dateModified\":\"2020-01-21T11:33:37+00:00\",\"mainEntityOfPage\":{\"@id\":\"https:\/\/now-news.de\/de\/great-reset\/greatvideos\/davos-donald-trump-haelt-auftaktrede-beim-weltwirtschaftsforum\/\"},\"wordCount\":177,\"commentCount\":0,\"publisher\":{\"@id\":\"https:\/\/now-news.de\/de\/#organization\"},\"image\":{\"@id\":\"https:\/\/now-news.de\/de\/great-reset\/greatvideos\/davos-donald-trump-haelt-auftaktrede-beim-weltwirtschaftsforum\/#primaryimage\"},\"thumbnailUrl\":\"https:\/\/now-news.de\/de\/wp-content\/uploads\/sites\/3\/2022\/04\/DAVOS-Donald-Trump-haelt-Auftaktrede-beim-Weltwirtschaftsforum.jpg\",\"keywords\":[\"2020\",\"Aktuell\",\"amtsenthebungsverfahren\",\"auftakt\",\"Auftaktrede\",\"beim\",\"Davos\",\"demonstrationen\",\"Donald\",\"Donald Trump\",\"erderw\u00e4rmung\",\"Fernsehen\",\"Fridays for Future\",\"fridaysforfuture\",\"greta thunberg\",\"h\u00e4lt\",\"impeachment\",\"klima\",\"Klimawandel\",\"konzernchefs\",\"luisa neubauer\",\"n24\",\"nachhaltigkeit\",\"Nachrichten\",\"news\",\"Politik\",\"Proteste\",\"Rede\",\"schweiz\",\"spitzenpolitiker\",\"trump\",\"tv\",\"us pr\u00e4sident\",\"Video\",\"WEF\",\"Welt\",\"Weltwirtschaftsforum\",\"wirtschaft\",\"wirtschaftsf\u00fchrer\"],\"articleSection\":[\"GreatVideos\"],\"inLanguage\":\"de\",\"potentialAction\":[{\"@type\":\"CommentAction\",\"name\":\"Comment\",\"target\":[\"https:\/\/now-news.de\/de\/great-reset\/greatvideos\/davos-donald-trump-haelt-auftaktrede-beim-weltwirtschaftsforum\/#respond\"]}]},{\"@type\":\"WebPage\",\"@id\":\"https:\/\/now-news.de\/de\/great-reset\/greatvideos\/davos-donald-trump-haelt-auftaktrede-beim-weltwirtschaftsforum\/\",\"url\":\"https:\/\/now-news.de\/de\/great-reset\/greatvideos\/davos-donald-trump-haelt-auftaktrede-beim-weltwirtschaftsforum\/\",\"name\":\"DAVOS: Donald Trump h\u00e4lt Auftaktrede beim Weltwirtschaftsforum - just-now.NEWS Deutschland\",\"isPartOf\":{\"@id\":\"https:\/\/now-news.de\/de\/#website\"},\"primaryImageOfPage\":{\"@id\":\"https:\/\/now-news.de\/de\/great-reset\/greatvideos\/davos-donald-trump-haelt-auftaktrede-beim-weltwirtschaftsforum\/#primaryimage\"},\"image\":{\"@id\":\"https:\/\/now-news.de\/de\/great-reset\/greatvideos\/davos-donald-trump-haelt-auftaktrede-beim-weltwirtschaftsforum\/#primaryimage\"},\"thumbnailUrl\":\"https:\/\/now-news.de\/de\/wp-content\/uploads\/sites\/3\/2022\/04\/DAVOS-Donald-Trump-haelt-Auftaktrede-beim-Weltwirtschaftsforum.jpg\",\"datePublished\":\"2020-01-21T11:33:37+00:00\",\"dateModified\":\"2020-01-21T11:33:37+00:00\",\"breadcrumb\":{\"@id\":\"https:\/\/now-news.de\/de\/great-reset\/greatvideos\/davos-donald-trump-haelt-auftaktrede-beim-weltwirtschaftsforum\/#breadcrumb\"},\"inLanguage\":\"de\",\"potentialAction\":[{\"@type\":\"ReadAction\",\"target\":[\"https:\/\/now-news.de\/de\/great-reset\/greatvideos\/davos-donald-trump-haelt-auftaktrede-beim-weltwirtschaftsforum\/\"]}]},{\"@type\":\"ImageObject\",\"inLanguage\":\"de\",\"@id\":\"https:\/\/now-news.de\/de\/great-reset\/greatvideos\/davos-donald-trump-haelt-auftaktrede-beim-weltwirtschaftsforum\/#primaryimage\",\"url\":\"https:\/\/now-news.de\/de\/wp-content\/uploads\/sites\/3\/2022\/04\/DAVOS-Donald-Trump-haelt-Auftaktrede-beim-Weltwirtschaftsforum.jpg\",\"contentUrl\":\"https:\/\/now-news.de\/de\/wp-content\/uploads\/sites\/3\/2022\/04\/DAVOS-Donald-Trump-haelt-Auftaktrede-beim-Weltwirtschaftsforum.jpg\",\"width\":480,\"height\":360},{\"@type\":\"BreadcrumbList\",\"@id\":\"https:\/\/now-news.de\/de\/great-reset\/greatvideos\/davos-donald-trump-haelt-auftaktrede-beim-weltwirtschaftsforum\/#breadcrumb\",\"itemListElement\":[{\"@type\":\"ListItem\",\"position\":1,\"name\":\"Home\",\"item\":\"https:\/\/now-news.de\/de\/\"},{\"@type\":\"ListItem\",\"position\":2,\"name\":\"DAVOS: Donald Trump h\u00e4lt Auftaktrede beim Weltwirtschaftsforum\"}]},{\"@type\":\"WebSite\",\"@id\":\"https:\/\/now-news.de\/de\/#website\",\"url\":\"https:\/\/now-news.de\/de\/\",\"name\":\"just-now.NEWS Deutschland\",\"description\":\"Das Portal f\u00fcr unzensierte Nachrichten aus der Welt\",\"publisher\":{\"@id\":\"https:\/\/now-news.de\/de\/#organization\"},\"potentialAction\":[{\"@type\":\"SearchAction\",\"target\":{\"@type\":\"EntryPoint\",\"urlTemplate\":\"https:\/\/now-news.de\/de\/?s={search_term_string}\"},\"query-input\":\"required name=search_term_string\"}],\"inLanguage\":\"de\"},{\"@type\":\"Organization\",\"@id\":\"https:\/\/now-news.de\/de\/#organization\",\"name\":\"Just Now News\",\"url\":\"https:\/\/now-news.de\/de\/\",\"logo\":{\"@type\":\"ImageObject\",\"inLanguage\":\"de\",\"@id\":\"https:\/\/now-news.de\/de\/#\/schema\/logo\/image\/\",\"url\":\"http:\/\/just-now.news\/de\/wp-content\/uploads\/sites\/3\/2022\/04\/logo500x500.jpg\",\"contentUrl\":\"http:\/\/just-now.news\/de\/wp-content\/uploads\/sites\/3\/2022\/04\/logo500x500.jpg\",\"width\":500,\"height\":500,\"caption\":\"Just Now News\"},\"image\":{\"@id\":\"https:\/\/now-news.de\/de\/#\/schema\/logo\/image\/\"},\"sameAs\":[\"https:\/\/www.facebook.com\/wirmachenauf\",\"https:\/\/x.com\/WirMachenAuf_de\"]},{\"@type\":\"Person\",\"@id\":\"https:\/\/now-news.de\/de\/#\/schema\/person\/8afb4cd92b68572db7902c13a349ffcb\",\"name\":\"greatreset\",\"image\":{\"@type\":\"ImageObject\",\"inLanguage\":\"de\",\"@id\":\"https:\/\/now-news.de\/de\/#\/schema\/person\/image\/\",\"url\":\"https:\/\/secure.gravatar.com\/avatar\/a088df625d49991c090e78c8b9542592?s=96&d=mm&r=g\",\"contentUrl\":\"https:\/\/secure.gravatar.com\/avatar\/a088df625d49991c090e78c8b9542592?s=96&d=mm&r=g\",\"caption\":\"greatreset\"},\"url\":\"https:\/\/now-news.de\/de\/author\/greatreset\/\"}]}<\/script>\n<!-- \/ Yoast SEO Premium plugin. -->","yoast_head_json":{"title":"DAVOS: Donald Trump h\u00e4lt Auftaktrede beim Weltwirtschaftsforum - just-now.NEWS Deutschland","robots":{"index":"index","follow":"follow","max-snippet":"max-snippet:-1","max-image-preview":"max-image-preview:large","max-video-preview":"max-video-preview:-1"},"canonical":"https:\/\/now-news.de\/de\/great-reset\/greatvideos\/davos-donald-trump-haelt-auftaktrede-beim-weltwirtschaftsforum\/","og_locale":"de_DE","og_type":"article","og_title":"DAVOS: Donald Trump h\u00e4lt Auftaktrede beim Weltwirtschaftsforum","og_description":"Mit einer Rede von US-Pr\u00e4sident Donald Trump beginnt am Dienstag offiziell die 50. Jahrestagung des Weltwirtschaftsforums (WEF) in Davos. Im Mittelpunkt des viert\u00e4gigen Treffens in den Schweizer Alpen stehen der Kampf gegen den Klimawandel sowie geopolitische Krisen etwa im Nahen Osten und in Libyen. Trump steht wegen des Amtsenthebungsverfahrens, das in Washington gegen ihn l\u00e4uft, [&hellip;]","og_url":"https:\/\/now-news.de\/de\/great-reset\/greatvideos\/davos-donald-trump-haelt-auftaktrede-beim-weltwirtschaftsforum\/","og_site_name":"just-now.NEWS Deutschland","article_publisher":"https:\/\/www.facebook.com\/wirmachenauf","article_published_time":"2020-01-21T11:33:37+00:00","og_image":[{"width":480,"height":360,"url":"https:\/\/now-news.de\/de\/wp-content\/uploads\/sites\/3\/2022\/04\/DAVOS-Donald-Trump-haelt-Auftaktrede-beim-Weltwirtschaftsforum.jpg","type":"image\/jpeg"}],"author":"greatreset","twitter_card":"summary_large_image","twitter_creator":"@WirMachenAuf_de","twitter_site":"@WirMachenAuf_de","twitter_misc":{"Verfasst von":"greatreset","Gesch\u00e4tzte Lesezeit":"1\u00a0Minute"},"schema":{"@context":"https:\/\/schema.org","@graph":[{"@type":"Article","@id":"https:\/\/now-news.de\/de\/great-reset\/greatvideos\/davos-donald-trump-haelt-auftaktrede-beim-weltwirtschaftsforum\/#article","isPartOf":{"@id":"https:\/\/now-news.de\/de\/great-reset\/greatvideos\/davos-donald-trump-haelt-auftaktrede-beim-weltwirtschaftsforum\/"},"author":{"name":"greatreset","@id":"https:\/\/now-news.de\/de\/#\/schema\/person\/8afb4cd92b68572db7902c13a349ffcb"},"headline":"DAVOS: Donald Trump h\u00e4lt Auftaktrede beim Weltwirtschaftsforum","datePublished":"2020-01-21T11:33:37+00:00","dateModified":"2020-01-21T11:33:37+00:00","mainEntityOfPage":{"@id":"https:\/\/now-news.de\/de\/great-reset\/greatvideos\/davos-donald-trump-haelt-auftaktrede-beim-weltwirtschaftsforum\/"},"wordCount":177,"commentCount":0,"publisher":{"@id":"https:\/\/now-news.de\/de\/#organization"},"image":{"@id":"https:\/\/now-news.de\/de\/great-reset\/greatvideos\/davos-donald-trump-haelt-auftaktrede-beim-weltwirtschaftsforum\/#primaryimage"},"thumbnailUrl":"https:\/\/now-news.de\/de\/wp-content\/uploads\/sites\/3\/2022\/04\/DAVOS-Donald-Trump-haelt-Auftaktrede-beim-Weltwirtschaftsforum.jpg","keywords":["2020","Aktuell","amtsenthebungsverfahren","auftakt","Auftaktrede","beim","Davos","demonstrationen","Donald","Donald Trump","erderw\u00e4rmung","Fernsehen","Fridays for Future","fridaysforfuture","greta thunberg","h\u00e4lt","impeachment","klima","Klimawandel","konzernchefs","luisa neubauer","n24","nachhaltigkeit","Nachrichten","news","Politik","Proteste","Rede","schweiz","spitzenpolitiker","trump","tv","us pr\u00e4sident","Video","WEF","Welt","Weltwirtschaftsforum","wirtschaft","wirtschaftsf\u00fchrer"],"articleSection":["GreatVideos"],"inLanguage":"de","potentialAction":[{"@type":"CommentAction","name":"Comment","target":["https:\/\/now-news.de\/de\/great-reset\/greatvideos\/davos-donald-trump-haelt-auftaktrede-beim-weltwirtschaftsforum\/#respond"]}]},{"@type":"WebPage","@id":"https:\/\/now-news.de\/de\/great-reset\/greatvideos\/davos-donald-trump-haelt-auftaktrede-beim-weltwirtschaftsforum\/","url":"https:\/\/now-news.de\/de\/great-reset\/greatvideos\/davos-donald-trump-haelt-auftaktrede-beim-weltwirtschaftsforum\/","name":"DAVOS: Donald Trump h\u00e4lt Auftaktrede beim Weltwirtschaftsforum - just-now.NEWS Deutschland","isPartOf":{"@id":"https:\/\/now-news.de\/de\/#website"},"primaryImageOfPage":{"@id":"https:\/\/now-news.de\/de\/great-reset\/greatvideos\/davos-donald-trump-haelt-auftaktrede-beim-weltwirtschaftsforum\/#primaryimage"},"image":{"@id":"https:\/\/now-news.de\/de\/great-reset\/greatvideos\/davos-donald-trump-haelt-auftaktrede-beim-weltwirtschaftsforum\/#primaryimage"},"thumbnailUrl":"https:\/\/now-news.de\/de\/wp-content\/uploads\/sites\/3\/2022\/04\/DAVOS-Donald-Trump-haelt-Auftaktrede-beim-Weltwirtschaftsforum.jpg","datePublished":"2020-01-21T11:33:37+00:00","dateModified":"2020-01-21T11:33:37+00:00","breadcrumb":{"@id":"https:\/\/now-news.de\/de\/great-reset\/greatvideos\/davos-donald-trump-haelt-auftaktrede-beim-weltwirtschaftsforum\/#breadcrumb"},"inLanguage":"de","potentialAction":[{"@type":"ReadAction","target":["https:\/\/now-news.de\/de\/great-reset\/greatvideos\/davos-donald-trump-haelt-auftaktrede-beim-weltwirtschaftsforum\/"]}]},{"@type":"ImageObject","inLanguage":"de","@id":"https:\/\/now-news.de\/de\/great-reset\/greatvideos\/davos-donald-trump-haelt-auftaktrede-beim-weltwirtschaftsforum\/#primaryimage","url":"https:\/\/now-news.de\/de\/wp-content\/uploads\/sites\/3\/2022\/04\/DAVOS-Donald-Trump-haelt-Auftaktrede-beim-Weltwirtschaftsforum.jpg","contentUrl":"https:\/\/now-news.de\/de\/wp-content\/uploads\/sites\/3\/2022\/04\/DAVOS-Donald-Trump-haelt-Auftaktrede-beim-Weltwirtschaftsforum.jpg","width":480,"height":360},{"@type":"BreadcrumbList","@id":"https:\/\/now-news.de\/de\/great-reset\/greatvideos\/davos-donald-trump-haelt-auftaktrede-beim-weltwirtschaftsforum\/#breadcrumb","itemListElement":[{"@type":"ListItem","position":1,"name":"Home","item":"https:\/\/now-news.de\/de\/"},{"@type":"ListItem","position":2,"name":"DAVOS: Donald Trump h\u00e4lt Auftaktrede beim Weltwirtschaftsforum"}]},{"@type":"WebSite","@id":"https:\/\/now-news.de\/de\/#website","url":"https:\/\/now-news.de\/de\/","name":"just-now.NEWS Deutschland","description":"Das Portal f\u00fcr unzensierte Nachrichten aus der Welt","publisher":{"@id":"https:\/\/now-news.de\/de\/#organization"},"potentialAction":[{"@type":"SearchAction","target":{"@type":"EntryPoint","urlTemplate":"https:\/\/now-news.de\/de\/?s={search_term_string}"},"query-input":"required name=search_term_string"}],"inLanguage":"de"},{"@type":"Organization","@id":"https:\/\/now-news.de\/de\/#organization","name":"Just Now News","url":"https:\/\/now-news.de\/de\/","logo":{"@type":"ImageObject","inLanguage":"de","@id":"https:\/\/now-news.de\/de\/#\/schema\/logo\/image\/","url":"http:\/\/just-now.news\/de\/wp-content\/uploads\/sites\/3\/2022\/04\/logo500x500.jpg","contentUrl":"http:\/\/just-now.news\/de\/wp-content\/uploads\/sites\/3\/2022\/04\/logo500x500.jpg","width":500,"height":500,"caption":"Just Now News"},"image":{"@id":"https:\/\/now-news.de\/de\/#\/schema\/logo\/image\/"},"sameAs":["https:\/\/www.facebook.com\/wirmachenauf","https:\/\/x.com\/WirMachenAuf_de"]},{"@type":"Person","@id":"https:\/\/now-news.de\/de\/#\/schema\/person\/8afb4cd92b68572db7902c13a349ffcb","name":"greatreset","image":{"@type":"ImageObject","inLanguage":"de","@id":"https:\/\/now-news.de\/de\/#\/schema\/person\/image\/","url":"https:\/\/secure.gravatar.com\/avatar\/a088df625d49991c090e78c8b9542592?s=96&d=mm&r=g","contentUrl":"https:\/\/secure.gravatar.com\/avatar\/a088df625d49991c090e78c8b9542592?s=96&d=mm&r=g","caption":"greatreset"},"url":"https:\/\/now-news.de\/de\/author\/greatreset\/"}]}},"_links":{"self":[{"href":"https:\/\/now-news.de\/de\/wp-json\/wp\/v2\/posts\/3660"}],"collection":[{"href":"https:\/\/now-news.de\/de\/wp-json\/wp\/v2\/posts"}],"about":[{"href":"https:\/\/now-news.de\/de\/wp-json\/wp\/v2\/types\/post"}],"author":[{"embeddable":true,"href":"https:\/\/now-news.de\/de\/wp-json\/wp\/v2\/users\/5"}],"replies":[{"embeddable":true,"href":"https:\/\/now-news.de\/de\/wp-json\/wp\/v2\/comments?post=3660"}],"version-history":[{"count":0,"href":"https:\/\/now-news.de\/de\/wp-json\/wp\/v2\/posts\/3660\/revisions"}],"wp:featuredmedia":[{"embeddable":true,"href":"https:\/\/now-news.de\/de\/wp-json\/wp\/v2\/media\/3661"}],"wp:attachment":[{"href":"https:\/\/now-news.de\/de\/wp-json\/wp\/v2\/media?parent=3660"}],"wp:term":[{"taxonomy":"category","embeddable":true,"href":"https:\/\/now-news.de\/de\/wp-json\/wp\/v2\/categories?post=3660"},{"taxonomy":"post_tag","embeddable":true,"href":"https:\/\/now-news.de\/de\/wp-json\/wp\/v2\/tags?post=3660"}],"curies":[{"name":"wp","href":"https:\/\/api.w.org\/{rel}","templated":true}]}}