{"id":36566,"date":"2023-05-23T06:15:01","date_gmt":"2023-05-23T04:15:01","guid":{"rendered":"http:\/\/just-now.news\/de\/deutschland\/mehr-geld-mehr-krieg-protokoll-der-68-parlamentarischen-versammlung-der-nato\/"},"modified":"2023-05-23T06:15:01","modified_gmt":"2023-05-23T04:15:01","slug":"mehr-geld-mehr-krieg-protokoll-der-68-parlamentarischen-versammlung-der-nato","status":"publish","type":"post","link":"https:\/\/now-news.de\/de\/deutschland\/mehr-geld-mehr-krieg-protokoll-der-68-parlamentarischen-versammlung-der-nato\/","title":{"rendered":"Mehr Geld, mehr Krieg: Protokoll der 68. Parlamentarischen Versammlung der NATO"},"content":{"rendered":"<p><img decoding=\"async\" src=\"http:\/\/just-now.news\/de\/wp-content\/uploads\/sites\/3\/2023\/05\/646a299a48fbef722b73d1e8.jpg\" \/><\/p>\n<div class=\"Text-root Text-type_1 \">\n                Der Deutsche Bundestag hat das Protokoll der 68. Jahrestagung der Parlamentarischen Versammlung der NATO ver\u00f6ffentlicht, die im November 2022 in Madrid stattfand. Obwohl sich die Veranstaltung um Sicherheitsfragen drehte, waren die Anschl\u00e4ge auf die Energieinfrastruktur Deutschlands offenbar kein Thema.\n            <\/div>\n<p><\/p>\n<div class=\"Text-root Text-type_5 ArticleView-text ViewText-root \">\n<p>Der Deutsche Bundestag hat das Protokoll der 68. Jahrestagung der Parlamentarischen Versammlung der NATO ver\u00f6ffentlicht, die vom 18. bis zum 21. November 2022 in Madrid stattfand. Bei dem Format, das 1955 ins Leben gerufen worden war, handelt es sich um eine Informations- und Diskussionsveranstaltung mit dem Fokus auf die Sicherheit der NATO-Mitgliedsstaaten und ihrer Anw\u00e4rter und Partner. Auch eine deutsche Delegation, bestehend aus zehn Mitgliedern des Bundestags und f\u00fcnf Mitgliedern des Bundesrats, nahm an der Veranstaltung teil.<\/p>\n<p>Das nun ver\u00f6ffentlichte Protokoll beinhaltet die Schwerpunkte der Jahrestagung, eine Zusammenfassung der Vortr\u00e4ge und Diskussionsbeitr\u00e4ge der Aussch\u00fcsse f\u00fcr Politik, Verteidigung, Demokratie, Wirtschaft und Wissenschaft, eine Zusammenfassung der Plenarsitzung sowie die verabschiedeten Entschlie\u00dfungen.<\/p>\n<p>Schwerpunkt der Versammlung war die Frage der k\u00fcnftigen Ausrichtung der NATO gegen\u00fcber Russland und China. Mehrere Beitr\u00e4ge diskutierten zudem die n\u00f6tigen Ma\u00dfnahmen in Bezug auf die Ukraine nach dem Krieg im Falle eines Sieges.<\/p>\n<p>Obwohl die Sicherheit bei Fragen der Energieversorgung wiederholt Thema der Versammlung war,\u00a0schien es dem Protokoll nach kein Interesse am damals frisch ver\u00fcbten Anschlag auf die deutsche Energieinfrastruktur durch die Explosionen an den Nord-Stream-Pipelines gegeben zu haben; weder fanden sie Erw\u00e4hnung in den Vortr\u00e4gen noch in den Diskussionsbeitr\u00e4gen der teilnehmenden Parlamentarier.<\/p>\n<p><strong>Versto\u00df gegen die UN-Charta<\/strong><strong> muss Folgen haben<\/strong><\/p>\n<p>Im Ausschuss f\u00fcr Politik warnte der spanische Au\u00dfenminister Jos\u00e9 Manuel Albares vor der Gefahr einer Kriegsm\u00fcdigkeit, die sich in Europa einstellen k\u00f6nnte, und der man durch soziale Ma\u00dfnahmen entgegenwirken m\u00fcsse.\u00a0Den Weg zur EU-Mitgliedschaft der Ukraine hielt Albares f\u00fcr sicher, \u00fcber den NATO-Beitritt des Landes werde erst nach Kriegsende entschieden.<\/p>\n<p>Den Staaten des Globalen S\u00fcdens, die den Ukraine-Krieg f\u00fcr eine europ\u00e4ische Angelegenheit halten, m\u00fcsse man deutlich machen, dass ein Angriffskrieg als Versto\u00df gegen die UN-Charta einen weltweiten Pr\u00e4zedenzfall schaffe, der k\u00fcnftig auch\u00a0die\u00a0Staaten des Globalen S\u00fcdens selbst treffen k\u00f6nnte,\u00a0wenn er ohne Folgen bliebe.<\/p>\n<p>Der Generalberichterstatter der Slowakei, Tom\u00e1\u0161 Val\u00e1\u0161ek, stellte in seinem Vortrag klar, dass das strategische Konzept der NATO von 2022 zur Grundlage habe, dass der euro-atlantische Raum nicht mehr in Frieden lebe. Es bed\u00fcrfe einer neuen Aufteilung der NATO-Truppen zwischen der Ostflanke (Balkan, Polen, Ungarn, Rum\u00e4nien und Bulgarien) und der Reserve. Daneben m\u00fcsse sich die NATO k\u00fcnftig st\u00e4rker auf die Schwarzmeerregion und die Arktis konzentrieren.<\/p>\n<p><strong>Kampf um die Arktis<\/strong><\/p>\n<p>Da Russland in der Arktis seine Milit\u00e4rpr\u00e4senz ausbaue, sieht Val\u00e1\u0161ek hier einen m\u00f6glichen Ort f\u00fcr k\u00fcnftige milit\u00e4rische Konfrontationen. Javier Colomina, der Sonderbeauftragte des NATO-Generalsekret\u00e4rs f\u00fcr den Kaukasus und Zentralasien, forderte die NATO-Mitglieder, die dem Arktischen Rat angeh\u00f6ren, auf, bei Sicherheitsfragen in der Region die Initiative zu ergreifen.<\/p>\n<p>Gleichzeitig, so Val\u00e1\u0161ek, verliere der klassische Beistand nach Artikel 5 des Nordatlantikvertrags angesichts unkonventioneller Bedrohungen, etwa in Form von Terror- und Cyberangriffen, an Bedeutung.<\/p>\n<p>Die zahlreichen Herausforderungen br\u00e4chten zudem die Notwendigkeit mit sich, dass die NATO-Mitgliedsstaaten ihre Beitragszahlungen an das Zwei-Prozent-Ziel anpassen (zwei Prozent des Bruttosozialprodukts der Mitgliedsstaaten f\u00fcr die NATO). Eine R\u00fcckkehr zur Politik der Friedensdividende, also der Senkung der R\u00fcstungs- und Verteidigungsausgaben, d\u00fcrfe es hingegen nicht mehr geben.<\/p>\n<p>Im Ausschuss f\u00fcr Verteidigung pl\u00e4dierte auch der Generalberichterstatter Frankreichs, C\u00e9dric Perrin, f\u00fcr die Aufwendung von mindestens zwei Prozent des Bruttosozialprodukts f\u00fcr Milit\u00e4rausgaben. Die Parlamente der Mitgliedsstaaten spielten f\u00fcr die entsprechende Umsetzung der NATO-Beschl\u00fcsse eine tragende Rolle.<\/p>\n<p><strong>Vorw\u00e4rtsverteidigung und Aufstockung<\/strong><\/p>\n<p>In der entsprechenden Beschlussvorlage des Generalbericht\u00aderstatters der Slowakei hie\u00df es, dass eine verst\u00e4rkte Vorw\u00e4rtsverteidigung und eine erhebliche Aufstockung der NATO-Streitkr\u00e4fte unerl\u00e4sslich sei. Die spanische Verteidigungsministerin Margarita Robles warnte im Verteidigungsausschuss vor dem zunehmenden Einfluss Russlands in vielen Staaten Afrikas durch die S\u00f6ldnergruppe &#8220;Wagner&#8221;.<\/p>\n<p>Der spanische Generalstabschef Teodoro Esteban L\u00f3pez Calder\u00f3n betonte, dass es sich beim Konflikt in der Ukraine um den ersten Cyberkrieg handele. Er pl\u00e4dierte f\u00fcr eine Intensivierung des nachrichtendienstlichen Austauschs der Mitgliedsstaaten, um Desinformation entgegenzuwirken.<\/p>\n<p>Die Berichterstatterin Italiens, Roberta Pinotti, sagte hierzu, dass Russland und China bem\u00fcht seien, die eigenen Cyberf\u00e4higkeiten zu erh\u00f6hen und die der NATO-Staaten zu verringern. Die NATO m\u00fcsse ihre eigenen Cyberf\u00e4higkeiten optimieren.<\/p>\n<p>Im Ausschuss f\u00fcr Wirtschaft\u00a0gab der Pr\u00e4sidenten des <em>Institute Prospective et S\u00e9curit\u00e9 en Europe<\/em> (IPSE), Emmanuel Dupuy, zu bedenken, dass der Krieg in der Ukraine noch lange nicht entschieden sei. Aufgrund der Gefahr der intensiven und umfassenden Kriegsf\u00fchrung (High Intensity Warfare) in der Ukraine m\u00fcsse die NATO ihre Verteidigungsf\u00e4higkeiten st\u00e4rken. Die R\u00fcstungsindustrie m\u00fcsse angekurbelt werden, insbesondere f\u00fcr die Produktion von Munition.<\/p>\n<p>Ebenso\u00a0m\u00fcsse der Entstehung weiterer privater Milizen wie der Gruppe &#8220;Wagner&#8221; sowie der Propaganda entgegengewirkt werden. Dupuy r\u00e4umte ein, dass die Unterst\u00fctzung f\u00fcr den Krieg in den NATO-Mitgliedsstaaten mit der zunehmenden Dauer des Konflikts nachlasse. Daher sei es wichtig, die Bev\u00f6lkerung von der Fortf\u00fchrung des Kriegs zu \u00fcberzeugen.<\/p>\n<p><strong>Zwei Prozent\u00a0k\u00fcnftig nur Untergrenze<\/strong><\/p>\n<p>Jacob Kirkegaard vom <em>German Marshall Fund of the United States<\/em> pl\u00e4dierte daf\u00fcr, den Prozess des Wiederaufbaus der Ukraine m\u00f6glichst schnell durch die G7-Staaten einzuleiten. Als Koordinator f\u00fcr die \u00dcberwachung der Finanzierung seien die USA am besten geeignet.<\/p>\n<p>Die internationale Unterst\u00fctzung der Ukraine sei jedoch nicht als Akt der Wohlt\u00e4tigkeit zu verstehen, sondern sei vielmehr eine Chance f\u00fcr die EU zu wirtschaftlichem Aufschwung. Die Sch\u00e4tzungen der Kosten f\u00fcr den Wiederaufbau reichen von 350 Milliarden Euro (Weltbank) bis 700 Milliarden Euro (Ukraine).<\/p>\n<p>In seiner Ansprache auf der Plenarsitzung betonte NATO-Generalsekret\u00e4r Jens Stoltenberg, dass die NATO im Ukraine-Krieg keine Konfliktpartei sei. Dennoch stelle Russland f\u00fcr das B\u00fcndnis die gr\u00f6\u00dfte Bedrohung dar. Ein konstruktiver Dialog sei nicht mehr m\u00f6glich. Stoltenberg r\u00e4umte ein, dass eine Lehre des Ukraine-Kriegs sei, dass man k\u00fcnftig die Partner des B\u00fcndnisses, zum Beispiel Georgien, fr\u00fcher und mehr unterst\u00fctzen m\u00fcsse.<\/p>\n<p>Den Schwerpunkt des NATO-Gipfels in Vilnius im Juli 2023 w\u00fcrden laut Stoltenberg die Milit\u00e4rausgaben der Mitgliedsstaaten darstellen. Das bisherige Zwei-Prozent-Ziel solle auf dem Gipfel als Untergrenze festgelegt werden.<\/p>\n<p><strong>Mehr zum Thema\u00a0<\/strong>\u2013\u00a0<a rel=\"nofollow noopener\" target=\"_blank\" href=\"https:\/\/freeassange.rtde.me\/meinung\/170214-nato-und-wiederholung-geschichte\/\">Die NATO und die Wiederholung der Geschichte<\/a><\/p>\n<div class=\"EmbedBlock-root EmbedBlock-externalVideo EmbedBlock-odysee\">\n<div class=\"VkEmbed\"><iframe class=\"lazyload\" data-src=\"https:\/\/odysee.com\/%24\/embed\/%40RTDE%3Ae%2Fwiener-fordern-militaerische-neutralitaet-keine-soldaten-fuer-ukraine%3A9\" frameborder=\"0\" width=\"853\" height=\"480\" allowfullscreen><\/iframe><\/div>\n<\/div>\n<\/div>\n<p><br \/>\n<br \/><a href=\"https:\/\/de.rt.com\/europa\/170640-mehr-geld-mehr-krieg-protokoll\/\">Source link <\/a><\/p>\n","protected":false},"excerpt":{"rendered":"<p>Der Deutsche Bundestag hat das Protokoll der 68. Jahrestagung der Parlamentarischen Versammlung der NATO ver\u00f6ffentlicht, die im November 2022 in Madrid stattfand. Obwohl sich die Veranstaltung um Sicherheitsfragen drehte, waren die Anschl\u00e4ge auf die Energieinfrastruktur Deutschlands offenbar kein Thema. Der Deutsche Bundestag hat das Protokoll der 68. Jahrestagung der Parlamentarischen Versammlung der NATO ver\u00f6ffentlicht, die [&hellip;]<\/p>\n","protected":false},"author":3,"featured_media":36567,"comment_status":"open","ping_status":"open","sticky":false,"template":"","format":"standard","meta":{"_yoast_indexnow_last_ping":["1684816088"],"wp_automatic_camp":["217"],"059b58851d252653646ecf1e8ded66b5":["Mehr Geld, mehr Krieg: Protokoll der 68. Parlamentarischen Versammlung der NATO"],"original_link":["https:\/\/de.rt.com\/europa\/170640-mehr-geld-mehr-krieg-protokoll\/"],"_thumbnail_id":["36567"],"jnews_social_counter_last_update":["1777261818"],"_wptgpro_p2tg_sent2tg":["a:1:{i:23737;s:19:\"2023-05-23 06:29:14\";}"]},"categories":[19,23],"tags":[82,499,130,2063,2697,44622,29861,44623],"yoast_head":"<!-- This site is optimized with the Yoast SEO Premium plugin v22.7 (Yoast SEO v22.7) - https:\/\/yoast.com\/wordpress\/plugins\/seo\/ -->\n<title>Mehr Geld, mehr Krieg: Protokoll der 68. Parlamentarischen Versammlung der NATO - just-now.NEWS Deutschland<\/title>\n<meta name=\"robots\" content=\"index, follow, max-snippet:-1, max-image-preview:large, max-video-preview:-1\" \/>\n<link rel=\"canonical\" href=\"https:\/\/now-news.de\/de\/deutschland\/mehr-geld-mehr-krieg-protokoll-der-68-parlamentarischen-versammlung-der-nato\/\" \/>\n<meta property=\"og:locale\" content=\"de_DE\" \/>\n<meta property=\"og:type\" content=\"article\" \/>\n<meta property=\"og:title\" content=\"Mehr Geld, mehr Krieg: Protokoll der 68. Parlamentarischen Versammlung der NATO\" \/>\n<meta property=\"og:description\" content=\"Der Deutsche Bundestag hat das Protokoll der 68. Jahrestagung der Parlamentarischen Versammlung der NATO ver\u00f6ffentlicht, die im November 2022 in Madrid stattfand. Obwohl sich die Veranstaltung um Sicherheitsfragen drehte, waren die Anschl\u00e4ge auf die Energieinfrastruktur Deutschlands offenbar kein Thema. Der Deutsche Bundestag hat das Protokoll der 68. Jahrestagung der Parlamentarischen Versammlung der NATO ver\u00f6ffentlicht, die [&hellip;]\" \/>\n<meta property=\"og:url\" content=\"https:\/\/now-news.de\/de\/deutschland\/mehr-geld-mehr-krieg-protokoll-der-68-parlamentarischen-versammlung-der-nato\/\" \/>\n<meta property=\"og:site_name\" content=\"just-now.NEWS Deutschland\" \/>\n<meta property=\"article:publisher\" content=\"https:\/\/www.facebook.com\/wirmachenauf\" \/>\n<meta property=\"article:published_time\" content=\"2023-05-23T04:15:01+00:00\" \/>\n<meta property=\"og:image\" content=\"https:\/\/now-news.de\/de\/wp-content\/uploads\/sites\/3\/2023\/05\/Mehr-Geld-mehr-Krieg-Protokoll-der-68-Parlamentarischen-Versammlung-der.jpg\" \/>\n\t<meta property=\"og:image:width\" content=\"460\" \/>\n\t<meta property=\"og:image:height\" content=\"259\" \/>\n\t<meta property=\"og:image:type\" content=\"image\/jpeg\" \/>\n<meta name=\"author\" content=\"rtnews\" \/>\n<meta name=\"twitter:card\" content=\"summary_large_image\" \/>\n<meta name=\"twitter:creator\" content=\"@WirMachenAuf_de\" \/>\n<meta name=\"twitter:site\" content=\"@WirMachenAuf_de\" \/>\n<meta name=\"twitter:label1\" content=\"Verfasst von\" \/>\n\t<meta name=\"twitter:data1\" content=\"rtnews\" \/>\n\t<meta name=\"twitter:label2\" content=\"Gesch\u00e4tzte Lesezeit\" \/>\n\t<meta name=\"twitter:data2\" content=\"5\u00a0Minuten\" \/>\n<script type=\"application\/ld+json\" class=\"yoast-schema-graph\">{\"@context\":\"https:\/\/schema.org\",\"@graph\":[{\"@type\":\"Article\",\"@id\":\"https:\/\/now-news.de\/de\/deutschland\/mehr-geld-mehr-krieg-protokoll-der-68-parlamentarischen-versammlung-der-nato\/#article\",\"isPartOf\":{\"@id\":\"https:\/\/now-news.de\/de\/deutschland\/mehr-geld-mehr-krieg-protokoll-der-68-parlamentarischen-versammlung-der-nato\/\"},\"author\":{\"name\":\"rtnews\",\"@id\":\"https:\/\/now-news.de\/de\/#\/schema\/person\/fb534a4e865501d8b3285208df34a9b5\"},\"headline\":\"Mehr Geld, mehr Krieg: Protokoll der 68. Parlamentarischen Versammlung der NATO\",\"datePublished\":\"2023-05-23T04:15:01+00:00\",\"dateModified\":\"2023-05-23T04:15:01+00:00\",\"mainEntityOfPage\":{\"@id\":\"https:\/\/now-news.de\/de\/deutschland\/mehr-geld-mehr-krieg-protokoll-der-68-parlamentarischen-versammlung-der-nato\/\"},\"wordCount\":1080,\"commentCount\":0,\"publisher\":{\"@id\":\"https:\/\/now-news.de\/de\/#organization\"},\"image\":{\"@id\":\"https:\/\/now-news.de\/de\/deutschland\/mehr-geld-mehr-krieg-protokoll-der-68-parlamentarischen-versammlung-der-nato\/#primaryimage\"},\"thumbnailUrl\":\"https:\/\/now-news.de\/de\/wp-content\/uploads\/sites\/3\/2023\/05\/Mehr-Geld-mehr-Krieg-Protokoll-der-68-Parlamentarischen-Versammlung-der.jpg\",\"keywords\":[\"der\",\"Geld\",\"krieg\",\"mehr\",\"nato\",\"Parlamentarischen\",\"Protokoll\",\"Versammlung\"],\"articleSection\":[\"Deutschland\",\"Russland\"],\"inLanguage\":\"de\",\"potentialAction\":[{\"@type\":\"CommentAction\",\"name\":\"Comment\",\"target\":[\"https:\/\/now-news.de\/de\/deutschland\/mehr-geld-mehr-krieg-protokoll-der-68-parlamentarischen-versammlung-der-nato\/#respond\"]}]},{\"@type\":\"WebPage\",\"@id\":\"https:\/\/now-news.de\/de\/deutschland\/mehr-geld-mehr-krieg-protokoll-der-68-parlamentarischen-versammlung-der-nato\/\",\"url\":\"https:\/\/now-news.de\/de\/deutschland\/mehr-geld-mehr-krieg-protokoll-der-68-parlamentarischen-versammlung-der-nato\/\",\"name\":\"Mehr Geld, mehr Krieg: Protokoll der 68. Parlamentarischen Versammlung der NATO - just-now.NEWS Deutschland\",\"isPartOf\":{\"@id\":\"https:\/\/now-news.de\/de\/#website\"},\"primaryImageOfPage\":{\"@id\":\"https:\/\/now-news.de\/de\/deutschland\/mehr-geld-mehr-krieg-protokoll-der-68-parlamentarischen-versammlung-der-nato\/#primaryimage\"},\"image\":{\"@id\":\"https:\/\/now-news.de\/de\/deutschland\/mehr-geld-mehr-krieg-protokoll-der-68-parlamentarischen-versammlung-der-nato\/#primaryimage\"},\"thumbnailUrl\":\"https:\/\/now-news.de\/de\/wp-content\/uploads\/sites\/3\/2023\/05\/Mehr-Geld-mehr-Krieg-Protokoll-der-68-Parlamentarischen-Versammlung-der.jpg\",\"datePublished\":\"2023-05-23T04:15:01+00:00\",\"dateModified\":\"2023-05-23T04:15:01+00:00\",\"breadcrumb\":{\"@id\":\"https:\/\/now-news.de\/de\/deutschland\/mehr-geld-mehr-krieg-protokoll-der-68-parlamentarischen-versammlung-der-nato\/#breadcrumb\"},\"inLanguage\":\"de\",\"potentialAction\":[{\"@type\":\"ReadAction\",\"target\":[\"https:\/\/now-news.de\/de\/deutschland\/mehr-geld-mehr-krieg-protokoll-der-68-parlamentarischen-versammlung-der-nato\/\"]}]},{\"@type\":\"ImageObject\",\"inLanguage\":\"de\",\"@id\":\"https:\/\/now-news.de\/de\/deutschland\/mehr-geld-mehr-krieg-protokoll-der-68-parlamentarischen-versammlung-der-nato\/#primaryimage\",\"url\":\"https:\/\/now-news.de\/de\/wp-content\/uploads\/sites\/3\/2023\/05\/Mehr-Geld-mehr-Krieg-Protokoll-der-68-Parlamentarischen-Versammlung-der.jpg\",\"contentUrl\":\"https:\/\/now-news.de\/de\/wp-content\/uploads\/sites\/3\/2023\/05\/Mehr-Geld-mehr-Krieg-Protokoll-der-68-Parlamentarischen-Versammlung-der.jpg\",\"width\":460,\"height\":259,\"caption\":\"Mehr Geld, mehr Krieg: Protokoll der 68. Parlamentarischen Versammlung der NATO\"},{\"@type\":\"BreadcrumbList\",\"@id\":\"https:\/\/now-news.de\/de\/deutschland\/mehr-geld-mehr-krieg-protokoll-der-68-parlamentarischen-versammlung-der-nato\/#breadcrumb\",\"itemListElement\":[{\"@type\":\"ListItem\",\"position\":1,\"name\":\"Home\",\"item\":\"https:\/\/now-news.de\/de\/\"},{\"@type\":\"ListItem\",\"position\":2,\"name\":\"Mehr Geld, mehr Krieg: Protokoll der 68. Parlamentarischen Versammlung der NATO\"}]},{\"@type\":\"WebSite\",\"@id\":\"https:\/\/now-news.de\/de\/#website\",\"url\":\"https:\/\/now-news.de\/de\/\",\"name\":\"just-now.NEWS Deutschland\",\"description\":\"Das Portal f\u00fcr unzensierte Nachrichten aus der Welt\",\"publisher\":{\"@id\":\"https:\/\/now-news.de\/de\/#organization\"},\"potentialAction\":[{\"@type\":\"SearchAction\",\"target\":{\"@type\":\"EntryPoint\",\"urlTemplate\":\"https:\/\/now-news.de\/de\/?s={search_term_string}\"},\"query-input\":\"required name=search_term_string\"}],\"inLanguage\":\"de\"},{\"@type\":\"Organization\",\"@id\":\"https:\/\/now-news.de\/de\/#organization\",\"name\":\"Just Now News\",\"url\":\"https:\/\/now-news.de\/de\/\",\"logo\":{\"@type\":\"ImageObject\",\"inLanguage\":\"de\",\"@id\":\"https:\/\/now-news.de\/de\/#\/schema\/logo\/image\/\",\"url\":\"http:\/\/just-now.news\/de\/wp-content\/uploads\/sites\/3\/2022\/04\/logo500x500.jpg\",\"contentUrl\":\"http:\/\/just-now.news\/de\/wp-content\/uploads\/sites\/3\/2022\/04\/logo500x500.jpg\",\"width\":500,\"height\":500,\"caption\":\"Just Now News\"},\"image\":{\"@id\":\"https:\/\/now-news.de\/de\/#\/schema\/logo\/image\/\"},\"sameAs\":[\"https:\/\/www.facebook.com\/wirmachenauf\",\"https:\/\/x.com\/WirMachenAuf_de\"]},{\"@type\":\"Person\",\"@id\":\"https:\/\/now-news.de\/de\/#\/schema\/person\/fb534a4e865501d8b3285208df34a9b5\",\"name\":\"rtnews\",\"image\":{\"@type\":\"ImageObject\",\"inLanguage\":\"de\",\"@id\":\"https:\/\/now-news.de\/de\/#\/schema\/person\/image\/\",\"url\":\"https:\/\/secure.gravatar.com\/avatar\/82aafea7d8127119dd649515f56e2117?s=96&d=mm&r=g\",\"contentUrl\":\"https:\/\/secure.gravatar.com\/avatar\/82aafea7d8127119dd649515f56e2117?s=96&d=mm&r=g\",\"caption\":\"rtnews\"},\"url\":\"https:\/\/now-news.de\/de\/author\/rnews\/\"}]}<\/script>\n<!-- \/ Yoast SEO Premium plugin. -->","yoast_head_json":{"title":"Mehr Geld, mehr Krieg: Protokoll der 68. Parlamentarischen Versammlung der NATO - just-now.NEWS Deutschland","robots":{"index":"index","follow":"follow","max-snippet":"max-snippet:-1","max-image-preview":"max-image-preview:large","max-video-preview":"max-video-preview:-1"},"canonical":"https:\/\/now-news.de\/de\/deutschland\/mehr-geld-mehr-krieg-protokoll-der-68-parlamentarischen-versammlung-der-nato\/","og_locale":"de_DE","og_type":"article","og_title":"Mehr Geld, mehr Krieg: Protokoll der 68. Parlamentarischen Versammlung der NATO","og_description":"Der Deutsche Bundestag hat das Protokoll der 68. Jahrestagung der Parlamentarischen Versammlung der NATO ver\u00f6ffentlicht, die im November 2022 in Madrid stattfand. Obwohl sich die Veranstaltung um Sicherheitsfragen drehte, waren die Anschl\u00e4ge auf die Energieinfrastruktur Deutschlands offenbar kein Thema. Der Deutsche Bundestag hat das Protokoll der 68. Jahrestagung der Parlamentarischen Versammlung der NATO ver\u00f6ffentlicht, die [&hellip;]","og_url":"https:\/\/now-news.de\/de\/deutschland\/mehr-geld-mehr-krieg-protokoll-der-68-parlamentarischen-versammlung-der-nato\/","og_site_name":"just-now.NEWS Deutschland","article_publisher":"https:\/\/www.facebook.com\/wirmachenauf","article_published_time":"2023-05-23T04:15:01+00:00","og_image":[{"width":460,"height":259,"url":"https:\/\/now-news.de\/de\/wp-content\/uploads\/sites\/3\/2023\/05\/Mehr-Geld-mehr-Krieg-Protokoll-der-68-Parlamentarischen-Versammlung-der.jpg","type":"image\/jpeg"}],"author":"rtnews","twitter_card":"summary_large_image","twitter_creator":"@WirMachenAuf_de","twitter_site":"@WirMachenAuf_de","twitter_misc":{"Verfasst von":"rtnews","Gesch\u00e4tzte Lesezeit":"5\u00a0Minuten"},"schema":{"@context":"https:\/\/schema.org","@graph":[{"@type":"Article","@id":"https:\/\/now-news.de\/de\/deutschland\/mehr-geld-mehr-krieg-protokoll-der-68-parlamentarischen-versammlung-der-nato\/#article","isPartOf":{"@id":"https:\/\/now-news.de\/de\/deutschland\/mehr-geld-mehr-krieg-protokoll-der-68-parlamentarischen-versammlung-der-nato\/"},"author":{"name":"rtnews","@id":"https:\/\/now-news.de\/de\/#\/schema\/person\/fb534a4e865501d8b3285208df34a9b5"},"headline":"Mehr Geld, mehr Krieg: Protokoll der 68. Parlamentarischen Versammlung der NATO","datePublished":"2023-05-23T04:15:01+00:00","dateModified":"2023-05-23T04:15:01+00:00","mainEntityOfPage":{"@id":"https:\/\/now-news.de\/de\/deutschland\/mehr-geld-mehr-krieg-protokoll-der-68-parlamentarischen-versammlung-der-nato\/"},"wordCount":1080,"commentCount":0,"publisher":{"@id":"https:\/\/now-news.de\/de\/#organization"},"image":{"@id":"https:\/\/now-news.de\/de\/deutschland\/mehr-geld-mehr-krieg-protokoll-der-68-parlamentarischen-versammlung-der-nato\/#primaryimage"},"thumbnailUrl":"https:\/\/now-news.de\/de\/wp-content\/uploads\/sites\/3\/2023\/05\/Mehr-Geld-mehr-Krieg-Protokoll-der-68-Parlamentarischen-Versammlung-der.jpg","keywords":["der","Geld","krieg","mehr","nato","Parlamentarischen","Protokoll","Versammlung"],"articleSection":["Deutschland","Russland"],"inLanguage":"de","potentialAction":[{"@type":"CommentAction","name":"Comment","target":["https:\/\/now-news.de\/de\/deutschland\/mehr-geld-mehr-krieg-protokoll-der-68-parlamentarischen-versammlung-der-nato\/#respond"]}]},{"@type":"WebPage","@id":"https:\/\/now-news.de\/de\/deutschland\/mehr-geld-mehr-krieg-protokoll-der-68-parlamentarischen-versammlung-der-nato\/","url":"https:\/\/now-news.de\/de\/deutschland\/mehr-geld-mehr-krieg-protokoll-der-68-parlamentarischen-versammlung-der-nato\/","name":"Mehr Geld, mehr Krieg: Protokoll der 68. Parlamentarischen Versammlung der NATO - just-now.NEWS Deutschland","isPartOf":{"@id":"https:\/\/now-news.de\/de\/#website"},"primaryImageOfPage":{"@id":"https:\/\/now-news.de\/de\/deutschland\/mehr-geld-mehr-krieg-protokoll-der-68-parlamentarischen-versammlung-der-nato\/#primaryimage"},"image":{"@id":"https:\/\/now-news.de\/de\/deutschland\/mehr-geld-mehr-krieg-protokoll-der-68-parlamentarischen-versammlung-der-nato\/#primaryimage"},"thumbnailUrl":"https:\/\/now-news.de\/de\/wp-content\/uploads\/sites\/3\/2023\/05\/Mehr-Geld-mehr-Krieg-Protokoll-der-68-Parlamentarischen-Versammlung-der.jpg","datePublished":"2023-05-23T04:15:01+00:00","dateModified":"2023-05-23T04:15:01+00:00","breadcrumb":{"@id":"https:\/\/now-news.de\/de\/deutschland\/mehr-geld-mehr-krieg-protokoll-der-68-parlamentarischen-versammlung-der-nato\/#breadcrumb"},"inLanguage":"de","potentialAction":[{"@type":"ReadAction","target":["https:\/\/now-news.de\/de\/deutschland\/mehr-geld-mehr-krieg-protokoll-der-68-parlamentarischen-versammlung-der-nato\/"]}]},{"@type":"ImageObject","inLanguage":"de","@id":"https:\/\/now-news.de\/de\/deutschland\/mehr-geld-mehr-krieg-protokoll-der-68-parlamentarischen-versammlung-der-nato\/#primaryimage","url":"https:\/\/now-news.de\/de\/wp-content\/uploads\/sites\/3\/2023\/05\/Mehr-Geld-mehr-Krieg-Protokoll-der-68-Parlamentarischen-Versammlung-der.jpg","contentUrl":"https:\/\/now-news.de\/de\/wp-content\/uploads\/sites\/3\/2023\/05\/Mehr-Geld-mehr-Krieg-Protokoll-der-68-Parlamentarischen-Versammlung-der.jpg","width":460,"height":259,"caption":"Mehr Geld, mehr Krieg: Protokoll der 68. Parlamentarischen Versammlung der NATO"},{"@type":"BreadcrumbList","@id":"https:\/\/now-news.de\/de\/deutschland\/mehr-geld-mehr-krieg-protokoll-der-68-parlamentarischen-versammlung-der-nato\/#breadcrumb","itemListElement":[{"@type":"ListItem","position":1,"name":"Home","item":"https:\/\/now-news.de\/de\/"},{"@type":"ListItem","position":2,"name":"Mehr Geld, mehr Krieg: Protokoll der 68. Parlamentarischen Versammlung der NATO"}]},{"@type":"WebSite","@id":"https:\/\/now-news.de\/de\/#website","url":"https:\/\/now-news.de\/de\/","name":"just-now.NEWS Deutschland","description":"Das Portal f\u00fcr unzensierte Nachrichten aus der Welt","publisher":{"@id":"https:\/\/now-news.de\/de\/#organization"},"potentialAction":[{"@type":"SearchAction","target":{"@type":"EntryPoint","urlTemplate":"https:\/\/now-news.de\/de\/?s={search_term_string}"},"query-input":"required name=search_term_string"}],"inLanguage":"de"},{"@type":"Organization","@id":"https:\/\/now-news.de\/de\/#organization","name":"Just Now News","url":"https:\/\/now-news.de\/de\/","logo":{"@type":"ImageObject","inLanguage":"de","@id":"https:\/\/now-news.de\/de\/#\/schema\/logo\/image\/","url":"http:\/\/just-now.news\/de\/wp-content\/uploads\/sites\/3\/2022\/04\/logo500x500.jpg","contentUrl":"http:\/\/just-now.news\/de\/wp-content\/uploads\/sites\/3\/2022\/04\/logo500x500.jpg","width":500,"height":500,"caption":"Just Now News"},"image":{"@id":"https:\/\/now-news.de\/de\/#\/schema\/logo\/image\/"},"sameAs":["https:\/\/www.facebook.com\/wirmachenauf","https:\/\/x.com\/WirMachenAuf_de"]},{"@type":"Person","@id":"https:\/\/now-news.de\/de\/#\/schema\/person\/fb534a4e865501d8b3285208df34a9b5","name":"rtnews","image":{"@type":"ImageObject","inLanguage":"de","@id":"https:\/\/now-news.de\/de\/#\/schema\/person\/image\/","url":"https:\/\/secure.gravatar.com\/avatar\/82aafea7d8127119dd649515f56e2117?s=96&d=mm&r=g","contentUrl":"https:\/\/secure.gravatar.com\/avatar\/82aafea7d8127119dd649515f56e2117?s=96&d=mm&r=g","caption":"rtnews"},"url":"https:\/\/now-news.de\/de\/author\/rnews\/"}]}},"_links":{"self":[{"href":"https:\/\/now-news.de\/de\/wp-json\/wp\/v2\/posts\/36566"}],"collection":[{"href":"https:\/\/now-news.de\/de\/wp-json\/wp\/v2\/posts"}],"about":[{"href":"https:\/\/now-news.de\/de\/wp-json\/wp\/v2\/types\/post"}],"author":[{"embeddable":true,"href":"https:\/\/now-news.de\/de\/wp-json\/wp\/v2\/users\/3"}],"replies":[{"embeddable":true,"href":"https:\/\/now-news.de\/de\/wp-json\/wp\/v2\/comments?post=36566"}],"version-history":[{"count":0,"href":"https:\/\/now-news.de\/de\/wp-json\/wp\/v2\/posts\/36566\/revisions"}],"wp:featuredmedia":[{"embeddable":true,"href":"https:\/\/now-news.de\/de\/wp-json\/wp\/v2\/media\/36567"}],"wp:attachment":[{"href":"https:\/\/now-news.de\/de\/wp-json\/wp\/v2\/media?parent=36566"}],"wp:term":[{"taxonomy":"category","embeddable":true,"href":"https:\/\/now-news.de\/de\/wp-json\/wp\/v2\/categories?post=36566"},{"taxonomy":"post_tag","embeddable":true,"href":"https:\/\/now-news.de\/de\/wp-json\/wp\/v2\/tags?post=36566"}],"curies":[{"name":"wp","href":"https:\/\/api.w.org\/{rel}","templated":true}]}}