{"id":36556,"date":"2023-05-22T20:39:34","date_gmt":"2023-05-22T18:39:34","guid":{"rendered":"https:\/\/just-now.news\/de\/deutschland\/geplante-schliessung-der-druschba-pipeline-ungarn-fordert-erklaerung-von-der-eu-kommission\/"},"modified":"2023-05-22T20:39:34","modified_gmt":"2023-05-22T18:39:34","slug":"geplante-schliessung-der-druschba-pipeline-ungarn-fordert-erklaerung-von-der-eu-kommission","status":"publish","type":"post","link":"https:\/\/now-news.de\/de\/deutschland\/geplante-schliessung-der-druschba-pipeline-ungarn-fordert-erklaerung-von-der-eu-kommission\/","title":{"rendered":"Geplante Schlie\u00dfung der Druschba-Pipeline: Ungarn fordert Erkl\u00e4rung von der EU-Kommission"},"content":{"rendered":"<div class=\"Text-root Text-type_1 \">\n                Mehrere internationale Medien hatten vergangene Woche \u00fcber den Vorschlag von EU-Kommissionspr\u00e4sidentin Ursula von der Leyen berichtet, die f\u00fcr Ungarn und Deutschland wichtige Druschba-\u00d6lpipeline im Rahmen antirussischer Sanktionen stillzulegen. Ungarn sieht seine Souver\u00e4nit\u00e4t verletzt und fordert Br\u00fcssel nun offiziell zu einer Erkl\u00e4rung auf.\n            <\/div>\n<p><\/p>\n<div class=\"Text-root Text-type_5 ArticleView-text ViewText-root \">\n<p>Der Au\u00dfenminister Ungarns P\u00e9ter Szijj\u00e1rt\u00f3 hat die EU-Kommission am Montag aufgefordert, sich angesichts medialer Berichte \u00fcber angebliche \u00c4u\u00dferungen von Kommissionspr\u00e4sidentin Ursula von der Leyen zu erkl\u00e4ren. Medienberichten zufolge hatte von der Leyen dem ukrainischen Pr\u00e4sidenten Wladimir Selenskij vorgeschlagen, die Druschba-Pipeline als Teil des erwarteten elften Pakets antirussischer Sanktionen stillzulegen. Dar\u00fcber hatten der indische <em>Eastern Herald<\/em> und die <em>Financial Times<\/em> berichtet.<\/p>\n<p>Szijj\u00e1rt\u00f3 teilte dem ungarischen Radiosender <em>Kossuth<\/em> mit:<\/p>\n<blockquote>\n<p><em>&#8220;Wir haben von Kiew keine Erkl\u00e4rungen dazu erhalten. Ich denke, dieses Thema ist so wichtig, dass die Pr\u00e4sidentin der Europ\u00e4ischen Kommission pers\u00f6nlich Erkl\u00e4rungen abgeben sollte, da die Energiesicherheit eine Frage der Souver\u00e4nit\u00e4t ist.&#8221;<\/em><\/p>\n<\/blockquote>\n<figure class=\"RTImage-root\">\n<div class=\"RTImage-image RTImage-original\"><picture class=\"Picture-root Picture-original\"><!--[if IE 9]><video style=\"display: none;\"><![endif]--><source media=\"(-webkit-min-device-pixel-ratio: 2) and (min-resolution: 120dpi)\" data-srcset=\" \nhttp:\/\/just-now.news\/de\/wp-content\/uploads\/sites\/3\/2023\/05\/646b8b8848fbef716d3240ce.jpg 850w,\n                http:\/\/just-now.news\/de\/wp-content\/uploads\/sites\/3\/2023\/05\/646b8b8848fbef716d3240ce.jpg 1960w,\n            \" ><source data-srcset=\" \nhttp:\/\/just-now.news\/de\/wp-content\/uploads\/sites\/3\/2023\/05\/646b8b8848fbef716d3240ce.jpg 460w,\n              http:\/\/just-now.news\/de\/wp-content\/uploads\/sites\/3\/2023\/05\/646b8b8848fbef716d3240ce.jpg 980w,\n            \" ><!--[if IE 9]><\/video><![endif]--><img decoding=\"async\" data- src=\"data:image\/png;base64,iVBORw0KGgoAAAANSUhEUgAAABAAAAAJCAQAAACRI2S5AAAAEElEQVR42mNkIAAYRxWAAQAG9gAKqv6+AwAAAABJRU5ErkJggg==\" class=\"Picture-root Picture-original lazyload\" data-src=\"http:\/\/just-now.news\/de\/wp-content\/uploads\/sites\/3\/2023\/05\/646b8b8848fbef716d3240ce.jpg\" alt=\"\"><\/source><\/source><\/picture><!-- noscript pattern --><noscript><img decoding=\"async\" src=\"http:\/\/just-now.news\/de\/wp-content\/uploads\/sites\/3\/2023\/05\/646b8b8848fbef716d3240ce.jpg\" alt=\"\"><\/noscript><\/div><figcaption class=\"RTImage-footer\"><span class=\"RTImage-caption\"><span class=\"RTImage-captionItem\">L\u00e4ngst Geschichte: 2010 flossen noch 87 Prozent des russischen \u00d6ls nach Europa.<\/span><\/span><span class=\"RTImage-source\"><span class=\"RTImage-captionItem\">RIA Nowosti<\/span><span class=\"RTImage-captionItem\"> \/ Sputnik<\/span><\/span><\/figcaption><\/figure>\n<p>Die Souver\u00e4nit\u00e4t eines Landes k\u00f6nne als verletzt angesehen werden, wenn eine Organisation versuche, diesem Land den Zugang zu einer zuverl\u00e4ssigen Energiequelle zu erschweren, so der ungarische Au\u00dfenminister. Dar\u00fcber hinaus erkl\u00e4rte Szijj\u00e1rt\u00f3, dass die Transit\u00f6lversorgung aus der Ukraine durch internationale Vertr\u00e4ge garantiert sei. Er beschuldigte Kroatien und die Ukraine, den Krieg als Vorwand zu nutzen, um die Transitgeb\u00fchren um das F\u00fcnf- bis Sechsfache zu erh\u00f6hen.<\/p>\n<p>Die in den 1960er-Jahren gebaute Pipeline versorgt unter anderem Ungarn mit russischem \u00d6l und verl\u00e4uft auf einem Teil der Strecke durch die Ukraine. Mit \u00fcber 4.000 Kilometern ist sie die l\u00e4ngste \u00d6lpipeline der Welt, das an sie anschlie\u00dfende Versorgungsnetz gilt als eines der gr\u00f6\u00dften \u00d6lpipelinenetze weltweit.\u00a0Sie transportiert \u00d6l aus dem \u00f6stlichen Teil des europ\u00e4ischen Russlands zu Punkten in der Ukraine, Wei\u00dfrussland, Polen, Ungarn, der Slowakei, der Tschechischen Republik, \u00d6sterreich und Deutschland. In Deutschland versorgt sie haupts\u00e4chlich die Raffinerien Schwedt und Leuna, die durch die Sanktionspolitik der EU und der Bundesregierung unter erheblichem Druck stehen.<\/p>\n<p><strong>Mehr zum Thema<\/strong> &#8211; <a rel=\"nofollow noopener\" target=\"_blank\" href=\"https:\/\/test.rtde.tech\/international\/169943-eu-schlaegt-stopp-russischer-oellieferungen\/\">EU schl\u00e4gt Stopp russischer \u00d6llieferungen durch Druschba-Pipeline nach Deutschland und Polen vor<\/a><\/p>\n<\/div>\n<p><br \/>\n<br \/><a href=\"https:\/\/de.rt.com\/europa\/170722-schliessung-der-druschba-pipeline-ungarn-fordert-erklaerung-von-der-eu-kommission\/\">Source link <\/a><\/p>\n","protected":false},"excerpt":{"rendered":"<p>Mehrere internationale Medien hatten vergangene Woche \u00fcber den Vorschlag von EU-Kommissionspr\u00e4sidentin Ursula von der Leyen berichtet, die f\u00fcr Ungarn und Deutschland wichtige Druschba-\u00d6lpipeline im Rahmen antirussischer Sanktionen stillzulegen. Ungarn sieht seine Souver\u00e4nit\u00e4t verletzt und fordert Br\u00fcssel nun offiziell zu einer Erkl\u00e4rung auf. Der Au\u00dfenminister Ungarns P\u00e9ter Szijj\u00e1rt\u00f3 hat die EU-Kommission am Montag aufgefordert, sich angesichts [&hellip;]<\/p>\n","protected":false},"author":3,"featured_media":36557,"comment_status":"open","ping_status":"open","sticky":false,"template":"","format":"standard","meta":{"_yoast_indexnow_last_ping":["1684781121"],"wp_automatic_camp":["217"],"27dfee951e1892877e23baebc592db46":["Geplante Schlie\u00dfung der Druschba-Pipeline: Ungarn fordert Erkl\u00e4rung von der EU-Kommission"],"original_link":["https:\/\/de.rt.com\/europa\/170722-schliessung-der-druschba-pipeline-ungarn-fordert-erklaerung-von-der-eu-kommission\/"],"_thumbnail_id":["36557"],"_wptgpro_p2tg_sent2tg":["a:1:{i:23737;s:19:\"2023-05-22 20:46:33\";}"],"jnews_social_counter_last_update":["1777203467"]},"categories":[19,23],"tags":[82,35972,14140,1500,355,10358,10395,11664,50],"yoast_head":"<!-- This site is optimized with the Yoast SEO Premium plugin v22.7 (Yoast SEO v22.7) - https:\/\/yoast.com\/wordpress\/plugins\/seo\/ -->\n<title>Geplante Schlie\u00dfung der Druschba-Pipeline: Ungarn fordert Erkl\u00e4rung von der EU-Kommission - just-now.NEWS Deutschland<\/title>\n<meta name=\"robots\" content=\"index, follow, max-snippet:-1, max-image-preview:large, max-video-preview:-1\" \/>\n<link rel=\"canonical\" href=\"https:\/\/now-news.de\/de\/deutschland\/geplante-schliessung-der-druschba-pipeline-ungarn-fordert-erklaerung-von-der-eu-kommission\/\" \/>\n<meta property=\"og:locale\" content=\"de_DE\" \/>\n<meta property=\"og:type\" content=\"article\" \/>\n<meta property=\"og:title\" content=\"Geplante Schlie\u00dfung der Druschba-Pipeline: Ungarn fordert Erkl\u00e4rung von der EU-Kommission\" \/>\n<meta property=\"og:description\" content=\"Mehrere internationale Medien hatten vergangene Woche \u00fcber den Vorschlag von EU-Kommissionspr\u00e4sidentin Ursula von der Leyen berichtet, die f\u00fcr Ungarn und Deutschland wichtige Druschba-\u00d6lpipeline im Rahmen antirussischer Sanktionen stillzulegen. Ungarn sieht seine Souver\u00e4nit\u00e4t verletzt und fordert Br\u00fcssel nun offiziell zu einer Erkl\u00e4rung auf. Der Au\u00dfenminister Ungarns P\u00e9ter Szijj\u00e1rt\u00f3 hat die EU-Kommission am Montag aufgefordert, sich angesichts [&hellip;]\" \/>\n<meta property=\"og:url\" content=\"https:\/\/now-news.de\/de\/deutschland\/geplante-schliessung-der-druschba-pipeline-ungarn-fordert-erklaerung-von-der-eu-kommission\/\" \/>\n<meta property=\"og:site_name\" content=\"just-now.NEWS Deutschland\" \/>\n<meta property=\"article:publisher\" content=\"https:\/\/www.facebook.com\/wirmachenauf\" \/>\n<meta property=\"article:published_time\" content=\"2023-05-22T18:39:34+00:00\" \/>\n<meta property=\"og:image\" content=\"https:\/\/now-news.de\/de\/wp-content\/uploads\/sites\/3\/2023\/05\/Geplante-Schliessung-der-Druschba-Pipeline-Ungarn-fordert-Erklaerung-von-der-EU-Kommission.jpg\" \/>\n\t<meta property=\"og:image:width\" content=\"600\" \/>\n\t<meta property=\"og:image:height\" content=\"418\" \/>\n\t<meta property=\"og:image:type\" content=\"image\/jpeg\" \/>\n<meta name=\"author\" content=\"rtnews\" \/>\n<meta name=\"twitter:card\" content=\"summary_large_image\" \/>\n<meta name=\"twitter:creator\" content=\"@WirMachenAuf_de\" \/>\n<meta name=\"twitter:site\" content=\"@WirMachenAuf_de\" \/>\n<meta name=\"twitter:label1\" content=\"Verfasst von\" \/>\n\t<meta name=\"twitter:data1\" content=\"rtnews\" \/>\n\t<meta name=\"twitter:label2\" content=\"Gesch\u00e4tzte Lesezeit\" \/>\n\t<meta name=\"twitter:data2\" content=\"2\u00a0Minuten\" \/>\n<script type=\"application\/ld+json\" class=\"yoast-schema-graph\">{\"@context\":\"https:\/\/schema.org\",\"@graph\":[{\"@type\":\"Article\",\"@id\":\"https:\/\/now-news.de\/de\/deutschland\/geplante-schliessung-der-druschba-pipeline-ungarn-fordert-erklaerung-von-der-eu-kommission\/#article\",\"isPartOf\":{\"@id\":\"https:\/\/now-news.de\/de\/deutschland\/geplante-schliessung-der-druschba-pipeline-ungarn-fordert-erklaerung-von-der-eu-kommission\/\"},\"author\":{\"name\":\"rtnews\",\"@id\":\"https:\/\/now-news.de\/de\/#\/schema\/person\/fb534a4e865501d8b3285208df34a9b5\"},\"headline\":\"Geplante Schlie\u00dfung der Druschba-Pipeline: Ungarn fordert Erkl\u00e4rung von der EU-Kommission\",\"datePublished\":\"2023-05-22T18:39:34+00:00\",\"dateModified\":\"2023-05-22T18:39:34+00:00\",\"mainEntityOfPage\":{\"@id\":\"https:\/\/now-news.de\/de\/deutschland\/geplante-schliessung-der-druschba-pipeline-ungarn-fordert-erklaerung-von-der-eu-kommission\/\"},\"wordCount\":389,\"commentCount\":0,\"publisher\":{\"@id\":\"https:\/\/now-news.de\/de\/#organization\"},\"image\":{\"@id\":\"https:\/\/now-news.de\/de\/deutschland\/geplante-schliessung-der-druschba-pipeline-ungarn-fordert-erklaerung-von-der-eu-kommission\/#primaryimage\"},\"thumbnailUrl\":\"https:\/\/now-news.de\/de\/wp-content\/uploads\/sites\/3\/2023\/05\/Geplante-Schliessung-der-Druschba-Pipeline-Ungarn-fordert-Erklaerung-von-der-EU-Kommission.jpg\",\"keywords\":[\"der\",\"DruschbaPipeline\",\"Erkl\u00e4rung\",\"EUKommission\",\"fordert\",\"geplante\",\"Schlie\u00dfung\",\"Ungarn\",\"von\"],\"articleSection\":[\"Deutschland\",\"Russland\"],\"inLanguage\":\"de\",\"potentialAction\":[{\"@type\":\"CommentAction\",\"name\":\"Comment\",\"target\":[\"https:\/\/now-news.de\/de\/deutschland\/geplante-schliessung-der-druschba-pipeline-ungarn-fordert-erklaerung-von-der-eu-kommission\/#respond\"]}]},{\"@type\":\"WebPage\",\"@id\":\"https:\/\/now-news.de\/de\/deutschland\/geplante-schliessung-der-druschba-pipeline-ungarn-fordert-erklaerung-von-der-eu-kommission\/\",\"url\":\"https:\/\/now-news.de\/de\/deutschland\/geplante-schliessung-der-druschba-pipeline-ungarn-fordert-erklaerung-von-der-eu-kommission\/\",\"name\":\"Geplante Schlie\u00dfung der Druschba-Pipeline: Ungarn fordert Erkl\u00e4rung von der EU-Kommission - just-now.NEWS Deutschland\",\"isPartOf\":{\"@id\":\"https:\/\/now-news.de\/de\/#website\"},\"primaryImageOfPage\":{\"@id\":\"https:\/\/now-news.de\/de\/deutschland\/geplante-schliessung-der-druschba-pipeline-ungarn-fordert-erklaerung-von-der-eu-kommission\/#primaryimage\"},\"image\":{\"@id\":\"https:\/\/now-news.de\/de\/deutschland\/geplante-schliessung-der-druschba-pipeline-ungarn-fordert-erklaerung-von-der-eu-kommission\/#primaryimage\"},\"thumbnailUrl\":\"https:\/\/now-news.de\/de\/wp-content\/uploads\/sites\/3\/2023\/05\/Geplante-Schliessung-der-Druschba-Pipeline-Ungarn-fordert-Erklaerung-von-der-EU-Kommission.jpg\",\"datePublished\":\"2023-05-22T18:39:34+00:00\",\"dateModified\":\"2023-05-22T18:39:34+00:00\",\"breadcrumb\":{\"@id\":\"https:\/\/now-news.de\/de\/deutschland\/geplante-schliessung-der-druschba-pipeline-ungarn-fordert-erklaerung-von-der-eu-kommission\/#breadcrumb\"},\"inLanguage\":\"de\",\"potentialAction\":[{\"@type\":\"ReadAction\",\"target\":[\"https:\/\/now-news.de\/de\/deutschland\/geplante-schliessung-der-druschba-pipeline-ungarn-fordert-erklaerung-von-der-eu-kommission\/\"]}]},{\"@type\":\"ImageObject\",\"inLanguage\":\"de\",\"@id\":\"https:\/\/now-news.de\/de\/deutschland\/geplante-schliessung-der-druschba-pipeline-ungarn-fordert-erklaerung-von-der-eu-kommission\/#primaryimage\",\"url\":\"https:\/\/now-news.de\/de\/wp-content\/uploads\/sites\/3\/2023\/05\/Geplante-Schliessung-der-Druschba-Pipeline-Ungarn-fordert-Erklaerung-von-der-EU-Kommission.jpg\",\"contentUrl\":\"https:\/\/now-news.de\/de\/wp-content\/uploads\/sites\/3\/2023\/05\/Geplante-Schliessung-der-Druschba-Pipeline-Ungarn-fordert-Erklaerung-von-der-EU-Kommission.jpg\",\"width\":600,\"height\":418,\"caption\":\"Geplante Schlie\u00dfung der Druschba-Pipeline: Ungarn fordert Erkl\u00e4rung von der EU-Kommission\"},{\"@type\":\"BreadcrumbList\",\"@id\":\"https:\/\/now-news.de\/de\/deutschland\/geplante-schliessung-der-druschba-pipeline-ungarn-fordert-erklaerung-von-der-eu-kommission\/#breadcrumb\",\"itemListElement\":[{\"@type\":\"ListItem\",\"position\":1,\"name\":\"Home\",\"item\":\"https:\/\/now-news.de\/de\/\"},{\"@type\":\"ListItem\",\"position\":2,\"name\":\"Geplante Schlie\u00dfung der Druschba-Pipeline: Ungarn fordert Erkl\u00e4rung von der EU-Kommission\"}]},{\"@type\":\"WebSite\",\"@id\":\"https:\/\/now-news.de\/de\/#website\",\"url\":\"https:\/\/now-news.de\/de\/\",\"name\":\"just-now.NEWS Deutschland\",\"description\":\"Das Portal f\u00fcr unzensierte Nachrichten aus der Welt\",\"publisher\":{\"@id\":\"https:\/\/now-news.de\/de\/#organization\"},\"potentialAction\":[{\"@type\":\"SearchAction\",\"target\":{\"@type\":\"EntryPoint\",\"urlTemplate\":\"https:\/\/now-news.de\/de\/?s={search_term_string}\"},\"query-input\":\"required name=search_term_string\"}],\"inLanguage\":\"de\"},{\"@type\":\"Organization\",\"@id\":\"https:\/\/now-news.de\/de\/#organization\",\"name\":\"Just Now News\",\"url\":\"https:\/\/now-news.de\/de\/\",\"logo\":{\"@type\":\"ImageObject\",\"inLanguage\":\"de\",\"@id\":\"https:\/\/now-news.de\/de\/#\/schema\/logo\/image\/\",\"url\":\"http:\/\/just-now.news\/de\/wp-content\/uploads\/sites\/3\/2022\/04\/logo500x500.jpg\",\"contentUrl\":\"http:\/\/just-now.news\/de\/wp-content\/uploads\/sites\/3\/2022\/04\/logo500x500.jpg\",\"width\":500,\"height\":500,\"caption\":\"Just Now News\"},\"image\":{\"@id\":\"https:\/\/now-news.de\/de\/#\/schema\/logo\/image\/\"},\"sameAs\":[\"https:\/\/www.facebook.com\/wirmachenauf\",\"https:\/\/x.com\/WirMachenAuf_de\"]},{\"@type\":\"Person\",\"@id\":\"https:\/\/now-news.de\/de\/#\/schema\/person\/fb534a4e865501d8b3285208df34a9b5\",\"name\":\"rtnews\",\"image\":{\"@type\":\"ImageObject\",\"inLanguage\":\"de\",\"@id\":\"https:\/\/now-news.de\/de\/#\/schema\/person\/image\/\",\"url\":\"https:\/\/secure.gravatar.com\/avatar\/82aafea7d8127119dd649515f56e2117?s=96&d=mm&r=g\",\"contentUrl\":\"https:\/\/secure.gravatar.com\/avatar\/82aafea7d8127119dd649515f56e2117?s=96&d=mm&r=g\",\"caption\":\"rtnews\"},\"url\":\"https:\/\/now-news.de\/de\/author\/rnews\/\"}]}<\/script>\n<!-- \/ Yoast SEO Premium plugin. -->","yoast_head_json":{"title":"Geplante Schlie\u00dfung der Druschba-Pipeline: Ungarn fordert Erkl\u00e4rung von der EU-Kommission - just-now.NEWS Deutschland","robots":{"index":"index","follow":"follow","max-snippet":"max-snippet:-1","max-image-preview":"max-image-preview:large","max-video-preview":"max-video-preview:-1"},"canonical":"https:\/\/now-news.de\/de\/deutschland\/geplante-schliessung-der-druschba-pipeline-ungarn-fordert-erklaerung-von-der-eu-kommission\/","og_locale":"de_DE","og_type":"article","og_title":"Geplante Schlie\u00dfung der Druschba-Pipeline: Ungarn fordert Erkl\u00e4rung von der EU-Kommission","og_description":"Mehrere internationale Medien hatten vergangene Woche \u00fcber den Vorschlag von EU-Kommissionspr\u00e4sidentin Ursula von der Leyen berichtet, die f\u00fcr Ungarn und Deutschland wichtige Druschba-\u00d6lpipeline im Rahmen antirussischer Sanktionen stillzulegen. Ungarn sieht seine Souver\u00e4nit\u00e4t verletzt und fordert Br\u00fcssel nun offiziell zu einer Erkl\u00e4rung auf. Der Au\u00dfenminister Ungarns P\u00e9ter Szijj\u00e1rt\u00f3 hat die EU-Kommission am Montag aufgefordert, sich angesichts [&hellip;]","og_url":"https:\/\/now-news.de\/de\/deutschland\/geplante-schliessung-der-druschba-pipeline-ungarn-fordert-erklaerung-von-der-eu-kommission\/","og_site_name":"just-now.NEWS Deutschland","article_publisher":"https:\/\/www.facebook.com\/wirmachenauf","article_published_time":"2023-05-22T18:39:34+00:00","og_image":[{"width":600,"height":418,"url":"https:\/\/now-news.de\/de\/wp-content\/uploads\/sites\/3\/2023\/05\/Geplante-Schliessung-der-Druschba-Pipeline-Ungarn-fordert-Erklaerung-von-der-EU-Kommission.jpg","type":"image\/jpeg"}],"author":"rtnews","twitter_card":"summary_large_image","twitter_creator":"@WirMachenAuf_de","twitter_site":"@WirMachenAuf_de","twitter_misc":{"Verfasst von":"rtnews","Gesch\u00e4tzte Lesezeit":"2\u00a0Minuten"},"schema":{"@context":"https:\/\/schema.org","@graph":[{"@type":"Article","@id":"https:\/\/now-news.de\/de\/deutschland\/geplante-schliessung-der-druschba-pipeline-ungarn-fordert-erklaerung-von-der-eu-kommission\/#article","isPartOf":{"@id":"https:\/\/now-news.de\/de\/deutschland\/geplante-schliessung-der-druschba-pipeline-ungarn-fordert-erklaerung-von-der-eu-kommission\/"},"author":{"name":"rtnews","@id":"https:\/\/now-news.de\/de\/#\/schema\/person\/fb534a4e865501d8b3285208df34a9b5"},"headline":"Geplante Schlie\u00dfung der Druschba-Pipeline: Ungarn fordert Erkl\u00e4rung von der EU-Kommission","datePublished":"2023-05-22T18:39:34+00:00","dateModified":"2023-05-22T18:39:34+00:00","mainEntityOfPage":{"@id":"https:\/\/now-news.de\/de\/deutschland\/geplante-schliessung-der-druschba-pipeline-ungarn-fordert-erklaerung-von-der-eu-kommission\/"},"wordCount":389,"commentCount":0,"publisher":{"@id":"https:\/\/now-news.de\/de\/#organization"},"image":{"@id":"https:\/\/now-news.de\/de\/deutschland\/geplante-schliessung-der-druschba-pipeline-ungarn-fordert-erklaerung-von-der-eu-kommission\/#primaryimage"},"thumbnailUrl":"https:\/\/now-news.de\/de\/wp-content\/uploads\/sites\/3\/2023\/05\/Geplante-Schliessung-der-Druschba-Pipeline-Ungarn-fordert-Erklaerung-von-der-EU-Kommission.jpg","keywords":["der","DruschbaPipeline","Erkl\u00e4rung","EUKommission","fordert","geplante","Schlie\u00dfung","Ungarn","von"],"articleSection":["Deutschland","Russland"],"inLanguage":"de","potentialAction":[{"@type":"CommentAction","name":"Comment","target":["https:\/\/now-news.de\/de\/deutschland\/geplante-schliessung-der-druschba-pipeline-ungarn-fordert-erklaerung-von-der-eu-kommission\/#respond"]}]},{"@type":"WebPage","@id":"https:\/\/now-news.de\/de\/deutschland\/geplante-schliessung-der-druschba-pipeline-ungarn-fordert-erklaerung-von-der-eu-kommission\/","url":"https:\/\/now-news.de\/de\/deutschland\/geplante-schliessung-der-druschba-pipeline-ungarn-fordert-erklaerung-von-der-eu-kommission\/","name":"Geplante Schlie\u00dfung der Druschba-Pipeline: Ungarn fordert Erkl\u00e4rung von der EU-Kommission - just-now.NEWS Deutschland","isPartOf":{"@id":"https:\/\/now-news.de\/de\/#website"},"primaryImageOfPage":{"@id":"https:\/\/now-news.de\/de\/deutschland\/geplante-schliessung-der-druschba-pipeline-ungarn-fordert-erklaerung-von-der-eu-kommission\/#primaryimage"},"image":{"@id":"https:\/\/now-news.de\/de\/deutschland\/geplante-schliessung-der-druschba-pipeline-ungarn-fordert-erklaerung-von-der-eu-kommission\/#primaryimage"},"thumbnailUrl":"https:\/\/now-news.de\/de\/wp-content\/uploads\/sites\/3\/2023\/05\/Geplante-Schliessung-der-Druschba-Pipeline-Ungarn-fordert-Erklaerung-von-der-EU-Kommission.jpg","datePublished":"2023-05-22T18:39:34+00:00","dateModified":"2023-05-22T18:39:34+00:00","breadcrumb":{"@id":"https:\/\/now-news.de\/de\/deutschland\/geplante-schliessung-der-druschba-pipeline-ungarn-fordert-erklaerung-von-der-eu-kommission\/#breadcrumb"},"inLanguage":"de","potentialAction":[{"@type":"ReadAction","target":["https:\/\/now-news.de\/de\/deutschland\/geplante-schliessung-der-druschba-pipeline-ungarn-fordert-erklaerung-von-der-eu-kommission\/"]}]},{"@type":"ImageObject","inLanguage":"de","@id":"https:\/\/now-news.de\/de\/deutschland\/geplante-schliessung-der-druschba-pipeline-ungarn-fordert-erklaerung-von-der-eu-kommission\/#primaryimage","url":"https:\/\/now-news.de\/de\/wp-content\/uploads\/sites\/3\/2023\/05\/Geplante-Schliessung-der-Druschba-Pipeline-Ungarn-fordert-Erklaerung-von-der-EU-Kommission.jpg","contentUrl":"https:\/\/now-news.de\/de\/wp-content\/uploads\/sites\/3\/2023\/05\/Geplante-Schliessung-der-Druschba-Pipeline-Ungarn-fordert-Erklaerung-von-der-EU-Kommission.jpg","width":600,"height":418,"caption":"Geplante Schlie\u00dfung der Druschba-Pipeline: Ungarn fordert Erkl\u00e4rung von der EU-Kommission"},{"@type":"BreadcrumbList","@id":"https:\/\/now-news.de\/de\/deutschland\/geplante-schliessung-der-druschba-pipeline-ungarn-fordert-erklaerung-von-der-eu-kommission\/#breadcrumb","itemListElement":[{"@type":"ListItem","position":1,"name":"Home","item":"https:\/\/now-news.de\/de\/"},{"@type":"ListItem","position":2,"name":"Geplante Schlie\u00dfung der Druschba-Pipeline: Ungarn fordert Erkl\u00e4rung von der EU-Kommission"}]},{"@type":"WebSite","@id":"https:\/\/now-news.de\/de\/#website","url":"https:\/\/now-news.de\/de\/","name":"just-now.NEWS Deutschland","description":"Das Portal f\u00fcr unzensierte Nachrichten aus der Welt","publisher":{"@id":"https:\/\/now-news.de\/de\/#organization"},"potentialAction":[{"@type":"SearchAction","target":{"@type":"EntryPoint","urlTemplate":"https:\/\/now-news.de\/de\/?s={search_term_string}"},"query-input":"required name=search_term_string"}],"inLanguage":"de"},{"@type":"Organization","@id":"https:\/\/now-news.de\/de\/#organization","name":"Just Now News","url":"https:\/\/now-news.de\/de\/","logo":{"@type":"ImageObject","inLanguage":"de","@id":"https:\/\/now-news.de\/de\/#\/schema\/logo\/image\/","url":"http:\/\/just-now.news\/de\/wp-content\/uploads\/sites\/3\/2022\/04\/logo500x500.jpg","contentUrl":"http:\/\/just-now.news\/de\/wp-content\/uploads\/sites\/3\/2022\/04\/logo500x500.jpg","width":500,"height":500,"caption":"Just Now News"},"image":{"@id":"https:\/\/now-news.de\/de\/#\/schema\/logo\/image\/"},"sameAs":["https:\/\/www.facebook.com\/wirmachenauf","https:\/\/x.com\/WirMachenAuf_de"]},{"@type":"Person","@id":"https:\/\/now-news.de\/de\/#\/schema\/person\/fb534a4e865501d8b3285208df34a9b5","name":"rtnews","image":{"@type":"ImageObject","inLanguage":"de","@id":"https:\/\/now-news.de\/de\/#\/schema\/person\/image\/","url":"https:\/\/secure.gravatar.com\/avatar\/82aafea7d8127119dd649515f56e2117?s=96&d=mm&r=g","contentUrl":"https:\/\/secure.gravatar.com\/avatar\/82aafea7d8127119dd649515f56e2117?s=96&d=mm&r=g","caption":"rtnews"},"url":"https:\/\/now-news.de\/de\/author\/rnews\/"}]}},"_links":{"self":[{"href":"https:\/\/now-news.de\/de\/wp-json\/wp\/v2\/posts\/36556"}],"collection":[{"href":"https:\/\/now-news.de\/de\/wp-json\/wp\/v2\/posts"}],"about":[{"href":"https:\/\/now-news.de\/de\/wp-json\/wp\/v2\/types\/post"}],"author":[{"embeddable":true,"href":"https:\/\/now-news.de\/de\/wp-json\/wp\/v2\/users\/3"}],"replies":[{"embeddable":true,"href":"https:\/\/now-news.de\/de\/wp-json\/wp\/v2\/comments?post=36556"}],"version-history":[{"count":0,"href":"https:\/\/now-news.de\/de\/wp-json\/wp\/v2\/posts\/36556\/revisions"}],"wp:featuredmedia":[{"embeddable":true,"href":"https:\/\/now-news.de\/de\/wp-json\/wp\/v2\/media\/36557"}],"wp:attachment":[{"href":"https:\/\/now-news.de\/de\/wp-json\/wp\/v2\/media?parent=36556"}],"wp:term":[{"taxonomy":"category","embeddable":true,"href":"https:\/\/now-news.de\/de\/wp-json\/wp\/v2\/categories?post=36556"},{"taxonomy":"post_tag","embeddable":true,"href":"https:\/\/now-news.de\/de\/wp-json\/wp\/v2\/tags?post=36556"}],"curies":[{"name":"wp","href":"https:\/\/api.w.org\/{rel}","templated":true}]}}