{"id":36524,"date":"2023-05-22T14:36:41","date_gmt":"2023-05-22T12:36:41","guid":{"rendered":"https:\/\/just-now.news\/de\/deutschland\/paschinjan-armenien-zur-anerkennung-bergkarabachs-als-teil-aserbaidschans-bereit\/"},"modified":"2023-05-22T14:36:41","modified_gmt":"2023-05-22T12:36:41","slug":"paschinjan-armenien-zur-anerkennung-bergkarabachs-als-teil-aserbaidschans-bereit","status":"publish","type":"post","link":"https:\/\/now-news.de\/de\/deutschland\/paschinjan-armenien-zur-anerkennung-bergkarabachs-als-teil-aserbaidschans-bereit\/","title":{"rendered":"Paschinjan: Armenien zur Anerkennung Bergkarabachs als Teil Aserbaidschans bereit"},"content":{"rendered":"<p><img decoding=\"async\" src=\"http:\/\/just-now.news\/de\/wp-content\/uploads\/sites\/3\/2023\/05\/646b5dd448fbef721c56f118.jpg\" \/><\/p>\n<div class=\"Text-root Text-type_1 \">\n                W\u00e4hrend einer Pressekonferenz am Montag hat Armeniens Premierminister Nikol Paschinjan erkl\u00e4rt, er w\u00fcrde Bergkarabach als Teil Aserbaidschans anerkennen. Seitens Baku fordert Paschinjan Sicherheitsgarantien f\u00fcr die armenische Bev\u00f6lkerung der Region.\n            <\/div>\n<p><\/p>\n<div class=\"Text-root Text-type_5 ArticleView-text ViewText-root \">\n<p>Armeniens Premierminister Nikol Paschinjan ist bereit, die territoriale Integrit\u00e4t Aserbaidschans samt Bergkarabach anzuerkennen. Dies hat der Regierungschef w\u00e4hrend einer Pressekonferenz am Montag erkl\u00e4rt. Baku m\u00fcsse jedoch seinerseits die Sicherheit von Armeniern in seinem Hoheitsgebiet gew\u00e4hrleisten. Die Verabschiedung eines entsprechenden Dokuments bis Ende Mai halte Paschinjan jedoch f\u00fcr wenig wahrscheinlich.<\/p>\n<blockquote>\n<p><em>&#8220;Armenien erkennt 86.600 Quadratkilometer Aserbaidschans an, unter dem Vorbehalt, dass Aserbaidschan bereit ist, 29.800 Quadratkilometer Armeniens anzuerkennen.&#8221;<\/em><\/p>\n<\/blockquote>\n<p>Paschinjan betonte, Jerewan habe Verst\u00e4ndnis, dass die Beh\u00f6rden in Baku ihrerseits bereit sind, die territoriale Integrit\u00e4t Armeniens anzuerkennen. Die von Armenien akzeptierten Grenzen Aserbaidschans w\u00fcrden auch das umstrittene Bergkarabach einschlie\u00dfen. Ferner m\u00fcssen Sicherheit und Rechte der armenischen Bev\u00f6lkerung der Region durch internationale Garantien respektiert werden. Sonst k\u00f6nnte Aserbaidschan ethnische S\u00e4uberungen in Bergkarabach ver\u00fcben, \u00e4u\u00dferte Paschinjan seine Besorgnis. Jeden Dialog \u00fcber Rechte und Sicherheit der Bev\u00f6lkerung von Bergkarabach m\u00fcsse zwischen Beh\u00f6rden in Baku und Stepanakert erfolgen.<\/p>\n<p>Der Konflikt um Bergkarabach dauert seit Ende der 80er-Jahre an. Im September 2020 nahmen die Konfliktparteien aktive Kampfhandlungen wieder auf. Anfang November unterzeichneten Paschinjan und Aserbaidschans Pr\u00e4sident Ilham Alijew eine gemeinsame Erkl\u00e4rung \u00fcber die vollst\u00e4ndige Einstellung der Feindseligkeiten. Seitdem sind in der Region auch die russischen Friedenstruppen stationiert. Im vergangenen Jahr begannen Armenien und Aserbaidschan mit den Verhandlungen \u00fcber einen Friedensvertrag.<\/p>\n<p><strong>Mehr zum Thema\u00a0\u2013<\/strong>\u00a0<a rel=\"nofollow noopener\" target=\"_blank\" href=\"https:\/\/gegenzensur.rtde.live\/international\/169784-schusswechsel-zwischen-armenien-und-aserbaidschan\/\">Schusswechsel zwischen Armenien und Aserbaidschan: Beide Seiten melden Verletzte<\/a><\/p>\n<\/div>\n<p><br \/>\n<br \/><a href=\"https:\/\/de.rt.com\/international\/170698-armeniens-premierminister-jerewan-bereit-bergkarabach\/\">Source link <\/a><\/p>\n","protected":false},"excerpt":{"rendered":"<p>W\u00e4hrend einer Pressekonferenz am Montag hat Armeniens Premierminister Nikol Paschinjan erkl\u00e4rt, er w\u00fcrde Bergkarabach als Teil Aserbaidschans anerkennen. Seitens Baku fordert Paschinjan Sicherheitsgarantien f\u00fcr die armenische Bev\u00f6lkerung der Region. Armeniens Premierminister Nikol Paschinjan ist bereit, die territoriale Integrit\u00e4t Aserbaidschans samt Bergkarabach anzuerkennen. Dies hat der Regierungschef w\u00e4hrend einer Pressekonferenz am Montag erkl\u00e4rt. Baku m\u00fcsse jedoch [&hellip;]<\/p>\n","protected":false},"author":3,"featured_media":36525,"comment_status":"open","ping_status":"open","sticky":false,"template":"","format":"standard","meta":{"_yoast_indexnow_last_ping":["1684760695"],"wp_automatic_camp":["217"],"45bf8544ec7e58d72b3db55e074b4310":["Paschinjan: Armenien zur Anerkennung Bergkarabachs als Teil Aserbaidschans bereit"],"original_link":["https:\/\/de.rt.com\/international\/170698-armeniens-premierminister-jerewan-bereit-bergkarabach\/"],"_thumbnail_id":["36525"],"_wptgpro_p2tg_sent2tg":["a:1:{i:23737;s:19:\"2023-05-22 15:05:55\";}"],"jnews_social_counter_last_update":["1776921937"]},"categories":[19,23],"tags":[273,24778,10002,32898,964,44593,37744,3240,581],"yoast_head":"<!-- This site is optimized with the Yoast SEO Premium plugin v22.7 (Yoast SEO v22.7) - https:\/\/yoast.com\/wordpress\/plugins\/seo\/ -->\n<title>Paschinjan: Armenien zur Anerkennung Bergkarabachs als Teil Aserbaidschans bereit - just-now.NEWS Deutschland<\/title>\n<meta name=\"robots\" content=\"index, follow, max-snippet:-1, max-image-preview:large, max-video-preview:-1\" \/>\n<link rel=\"canonical\" href=\"https:\/\/now-news.de\/de\/deutschland\/paschinjan-armenien-zur-anerkennung-bergkarabachs-als-teil-aserbaidschans-bereit\/\" \/>\n<meta property=\"og:locale\" content=\"de_DE\" \/>\n<meta property=\"og:type\" content=\"article\" \/>\n<meta property=\"og:title\" content=\"Paschinjan: Armenien zur Anerkennung Bergkarabachs als Teil Aserbaidschans bereit\" \/>\n<meta property=\"og:description\" content=\"W\u00e4hrend einer Pressekonferenz am Montag hat Armeniens Premierminister Nikol Paschinjan erkl\u00e4rt, er w\u00fcrde Bergkarabach als Teil Aserbaidschans anerkennen. Seitens Baku fordert Paschinjan Sicherheitsgarantien f\u00fcr die armenische Bev\u00f6lkerung der Region. Armeniens Premierminister Nikol Paschinjan ist bereit, die territoriale Integrit\u00e4t Aserbaidschans samt Bergkarabach anzuerkennen. Dies hat der Regierungschef w\u00e4hrend einer Pressekonferenz am Montag erkl\u00e4rt. Baku m\u00fcsse jedoch [&hellip;]\" \/>\n<meta property=\"og:url\" content=\"https:\/\/now-news.de\/de\/deutschland\/paschinjan-armenien-zur-anerkennung-bergkarabachs-als-teil-aserbaidschans-bereit\/\" \/>\n<meta property=\"og:site_name\" content=\"just-now.NEWS Deutschland\" \/>\n<meta property=\"article:publisher\" content=\"https:\/\/www.facebook.com\/wirmachenauf\" \/>\n<meta property=\"article:published_time\" content=\"2023-05-22T12:36:41+00:00\" \/>\n<meta property=\"og:image\" content=\"https:\/\/now-news.de\/de\/wp-content\/uploads\/sites\/3\/2023\/05\/Paschinjan-Armenien-zur-Anerkennung-Bergkarabachs-als-Teil-Aserbaidschans-bereit.jpg\" \/>\n\t<meta property=\"og:image:width\" content=\"460\" \/>\n\t<meta property=\"og:image:height\" content=\"259\" \/>\n\t<meta property=\"og:image:type\" content=\"image\/jpeg\" \/>\n<meta name=\"author\" content=\"rtnews\" \/>\n<meta name=\"twitter:card\" content=\"summary_large_image\" \/>\n<meta name=\"twitter:creator\" content=\"@WirMachenAuf_de\" \/>\n<meta name=\"twitter:site\" content=\"@WirMachenAuf_de\" \/>\n<meta name=\"twitter:label1\" content=\"Verfasst von\" \/>\n\t<meta name=\"twitter:data1\" content=\"rtnews\" \/>\n\t<meta name=\"twitter:label2\" content=\"Gesch\u00e4tzte Lesezeit\" \/>\n\t<meta name=\"twitter:data2\" content=\"1\u00a0Minute\" \/>\n<script type=\"application\/ld+json\" class=\"yoast-schema-graph\">{\"@context\":\"https:\/\/schema.org\",\"@graph\":[{\"@type\":\"Article\",\"@id\":\"https:\/\/now-news.de\/de\/deutschland\/paschinjan-armenien-zur-anerkennung-bergkarabachs-als-teil-aserbaidschans-bereit\/#article\",\"isPartOf\":{\"@id\":\"https:\/\/now-news.de\/de\/deutschland\/paschinjan-armenien-zur-anerkennung-bergkarabachs-als-teil-aserbaidschans-bereit\/\"},\"author\":{\"name\":\"rtnews\",\"@id\":\"https:\/\/now-news.de\/de\/#\/schema\/person\/fb534a4e865501d8b3285208df34a9b5\"},\"headline\":\"Paschinjan: Armenien zur Anerkennung Bergkarabachs als Teil Aserbaidschans bereit\",\"datePublished\":\"2023-05-22T12:36:41+00:00\",\"dateModified\":\"2023-05-22T12:36:41+00:00\",\"mainEntityOfPage\":{\"@id\":\"https:\/\/now-news.de\/de\/deutschland\/paschinjan-armenien-zur-anerkennung-bergkarabachs-als-teil-aserbaidschans-bereit\/\"},\"wordCount\":280,\"commentCount\":0,\"publisher\":{\"@id\":\"https:\/\/now-news.de\/de\/#organization\"},\"image\":{\"@id\":\"https:\/\/now-news.de\/de\/deutschland\/paschinjan-armenien-zur-anerkennung-bergkarabachs-als-teil-aserbaidschans-bereit\/#primaryimage\"},\"thumbnailUrl\":\"https:\/\/now-news.de\/de\/wp-content\/uploads\/sites\/3\/2023\/05\/Paschinjan-Armenien-zur-Anerkennung-Bergkarabachs-als-Teil-Aserbaidschans-bereit.jpg\",\"keywords\":[\"als\",\"Anerkennung\",\"Armenien\",\"Aserbaidschans\",\"bereit\",\"Bergkarabachs\",\"Paschinjan\",\"Teil\",\"zur\"],\"articleSection\":[\"Deutschland\",\"Russland\"],\"inLanguage\":\"de\",\"potentialAction\":[{\"@type\":\"CommentAction\",\"name\":\"Comment\",\"target\":[\"https:\/\/now-news.de\/de\/deutschland\/paschinjan-armenien-zur-anerkennung-bergkarabachs-als-teil-aserbaidschans-bereit\/#respond\"]}]},{\"@type\":\"WebPage\",\"@id\":\"https:\/\/now-news.de\/de\/deutschland\/paschinjan-armenien-zur-anerkennung-bergkarabachs-als-teil-aserbaidschans-bereit\/\",\"url\":\"https:\/\/now-news.de\/de\/deutschland\/paschinjan-armenien-zur-anerkennung-bergkarabachs-als-teil-aserbaidschans-bereit\/\",\"name\":\"Paschinjan: Armenien zur Anerkennung Bergkarabachs als Teil Aserbaidschans bereit - just-now.NEWS Deutschland\",\"isPartOf\":{\"@id\":\"https:\/\/now-news.de\/de\/#website\"},\"primaryImageOfPage\":{\"@id\":\"https:\/\/now-news.de\/de\/deutschland\/paschinjan-armenien-zur-anerkennung-bergkarabachs-als-teil-aserbaidschans-bereit\/#primaryimage\"},\"image\":{\"@id\":\"https:\/\/now-news.de\/de\/deutschland\/paschinjan-armenien-zur-anerkennung-bergkarabachs-als-teil-aserbaidschans-bereit\/#primaryimage\"},\"thumbnailUrl\":\"https:\/\/now-news.de\/de\/wp-content\/uploads\/sites\/3\/2023\/05\/Paschinjan-Armenien-zur-Anerkennung-Bergkarabachs-als-Teil-Aserbaidschans-bereit.jpg\",\"datePublished\":\"2023-05-22T12:36:41+00:00\",\"dateModified\":\"2023-05-22T12:36:41+00:00\",\"breadcrumb\":{\"@id\":\"https:\/\/now-news.de\/de\/deutschland\/paschinjan-armenien-zur-anerkennung-bergkarabachs-als-teil-aserbaidschans-bereit\/#breadcrumb\"},\"inLanguage\":\"de\",\"potentialAction\":[{\"@type\":\"ReadAction\",\"target\":[\"https:\/\/now-news.de\/de\/deutschland\/paschinjan-armenien-zur-anerkennung-bergkarabachs-als-teil-aserbaidschans-bereit\/\"]}]},{\"@type\":\"ImageObject\",\"inLanguage\":\"de\",\"@id\":\"https:\/\/now-news.de\/de\/deutschland\/paschinjan-armenien-zur-anerkennung-bergkarabachs-als-teil-aserbaidschans-bereit\/#primaryimage\",\"url\":\"https:\/\/now-news.de\/de\/wp-content\/uploads\/sites\/3\/2023\/05\/Paschinjan-Armenien-zur-Anerkennung-Bergkarabachs-als-Teil-Aserbaidschans-bereit.jpg\",\"contentUrl\":\"https:\/\/now-news.de\/de\/wp-content\/uploads\/sites\/3\/2023\/05\/Paschinjan-Armenien-zur-Anerkennung-Bergkarabachs-als-Teil-Aserbaidschans-bereit.jpg\",\"width\":460,\"height\":259,\"caption\":\"Paschinjan: Armenien zur Anerkennung Bergkarabachs als Teil Aserbaidschans bereit\"},{\"@type\":\"BreadcrumbList\",\"@id\":\"https:\/\/now-news.de\/de\/deutschland\/paschinjan-armenien-zur-anerkennung-bergkarabachs-als-teil-aserbaidschans-bereit\/#breadcrumb\",\"itemListElement\":[{\"@type\":\"ListItem\",\"position\":1,\"name\":\"Home\",\"item\":\"https:\/\/now-news.de\/de\/\"},{\"@type\":\"ListItem\",\"position\":2,\"name\":\"Paschinjan: Armenien zur Anerkennung Bergkarabachs als Teil Aserbaidschans bereit\"}]},{\"@type\":\"WebSite\",\"@id\":\"https:\/\/now-news.de\/de\/#website\",\"url\":\"https:\/\/now-news.de\/de\/\",\"name\":\"just-now.NEWS Deutschland\",\"description\":\"Das Portal f\u00fcr unzensierte Nachrichten aus der Welt\",\"publisher\":{\"@id\":\"https:\/\/now-news.de\/de\/#organization\"},\"potentialAction\":[{\"@type\":\"SearchAction\",\"target\":{\"@type\":\"EntryPoint\",\"urlTemplate\":\"https:\/\/now-news.de\/de\/?s={search_term_string}\"},\"query-input\":\"required name=search_term_string\"}],\"inLanguage\":\"de\"},{\"@type\":\"Organization\",\"@id\":\"https:\/\/now-news.de\/de\/#organization\",\"name\":\"Just Now News\",\"url\":\"https:\/\/now-news.de\/de\/\",\"logo\":{\"@type\":\"ImageObject\",\"inLanguage\":\"de\",\"@id\":\"https:\/\/now-news.de\/de\/#\/schema\/logo\/image\/\",\"url\":\"http:\/\/just-now.news\/de\/wp-content\/uploads\/sites\/3\/2022\/04\/logo500x500.jpg\",\"contentUrl\":\"http:\/\/just-now.news\/de\/wp-content\/uploads\/sites\/3\/2022\/04\/logo500x500.jpg\",\"width\":500,\"height\":500,\"caption\":\"Just Now News\"},\"image\":{\"@id\":\"https:\/\/now-news.de\/de\/#\/schema\/logo\/image\/\"},\"sameAs\":[\"https:\/\/www.facebook.com\/wirmachenauf\",\"https:\/\/x.com\/WirMachenAuf_de\"]},{\"@type\":\"Person\",\"@id\":\"https:\/\/now-news.de\/de\/#\/schema\/person\/fb534a4e865501d8b3285208df34a9b5\",\"name\":\"rtnews\",\"image\":{\"@type\":\"ImageObject\",\"inLanguage\":\"de\",\"@id\":\"https:\/\/now-news.de\/de\/#\/schema\/person\/image\/\",\"url\":\"https:\/\/secure.gravatar.com\/avatar\/82aafea7d8127119dd649515f56e2117?s=96&d=mm&r=g\",\"contentUrl\":\"https:\/\/secure.gravatar.com\/avatar\/82aafea7d8127119dd649515f56e2117?s=96&d=mm&r=g\",\"caption\":\"rtnews\"},\"url\":\"https:\/\/now-news.de\/de\/author\/rnews\/\"}]}<\/script>\n<!-- \/ Yoast SEO Premium plugin. -->","yoast_head_json":{"title":"Paschinjan: Armenien zur Anerkennung Bergkarabachs als Teil Aserbaidschans bereit - just-now.NEWS Deutschland","robots":{"index":"index","follow":"follow","max-snippet":"max-snippet:-1","max-image-preview":"max-image-preview:large","max-video-preview":"max-video-preview:-1"},"canonical":"https:\/\/now-news.de\/de\/deutschland\/paschinjan-armenien-zur-anerkennung-bergkarabachs-als-teil-aserbaidschans-bereit\/","og_locale":"de_DE","og_type":"article","og_title":"Paschinjan: Armenien zur Anerkennung Bergkarabachs als Teil Aserbaidschans bereit","og_description":"W\u00e4hrend einer Pressekonferenz am Montag hat Armeniens Premierminister Nikol Paschinjan erkl\u00e4rt, er w\u00fcrde Bergkarabach als Teil Aserbaidschans anerkennen. Seitens Baku fordert Paschinjan Sicherheitsgarantien f\u00fcr die armenische Bev\u00f6lkerung der Region. Armeniens Premierminister Nikol Paschinjan ist bereit, die territoriale Integrit\u00e4t Aserbaidschans samt Bergkarabach anzuerkennen. Dies hat der Regierungschef w\u00e4hrend einer Pressekonferenz am Montag erkl\u00e4rt. Baku m\u00fcsse jedoch [&hellip;]","og_url":"https:\/\/now-news.de\/de\/deutschland\/paschinjan-armenien-zur-anerkennung-bergkarabachs-als-teil-aserbaidschans-bereit\/","og_site_name":"just-now.NEWS Deutschland","article_publisher":"https:\/\/www.facebook.com\/wirmachenauf","article_published_time":"2023-05-22T12:36:41+00:00","og_image":[{"width":460,"height":259,"url":"https:\/\/now-news.de\/de\/wp-content\/uploads\/sites\/3\/2023\/05\/Paschinjan-Armenien-zur-Anerkennung-Bergkarabachs-als-Teil-Aserbaidschans-bereit.jpg","type":"image\/jpeg"}],"author":"rtnews","twitter_card":"summary_large_image","twitter_creator":"@WirMachenAuf_de","twitter_site":"@WirMachenAuf_de","twitter_misc":{"Verfasst von":"rtnews","Gesch\u00e4tzte Lesezeit":"1\u00a0Minute"},"schema":{"@context":"https:\/\/schema.org","@graph":[{"@type":"Article","@id":"https:\/\/now-news.de\/de\/deutschland\/paschinjan-armenien-zur-anerkennung-bergkarabachs-als-teil-aserbaidschans-bereit\/#article","isPartOf":{"@id":"https:\/\/now-news.de\/de\/deutschland\/paschinjan-armenien-zur-anerkennung-bergkarabachs-als-teil-aserbaidschans-bereit\/"},"author":{"name":"rtnews","@id":"https:\/\/now-news.de\/de\/#\/schema\/person\/fb534a4e865501d8b3285208df34a9b5"},"headline":"Paschinjan: Armenien zur Anerkennung Bergkarabachs als Teil Aserbaidschans bereit","datePublished":"2023-05-22T12:36:41+00:00","dateModified":"2023-05-22T12:36:41+00:00","mainEntityOfPage":{"@id":"https:\/\/now-news.de\/de\/deutschland\/paschinjan-armenien-zur-anerkennung-bergkarabachs-als-teil-aserbaidschans-bereit\/"},"wordCount":280,"commentCount":0,"publisher":{"@id":"https:\/\/now-news.de\/de\/#organization"},"image":{"@id":"https:\/\/now-news.de\/de\/deutschland\/paschinjan-armenien-zur-anerkennung-bergkarabachs-als-teil-aserbaidschans-bereit\/#primaryimage"},"thumbnailUrl":"https:\/\/now-news.de\/de\/wp-content\/uploads\/sites\/3\/2023\/05\/Paschinjan-Armenien-zur-Anerkennung-Bergkarabachs-als-Teil-Aserbaidschans-bereit.jpg","keywords":["als","Anerkennung","Armenien","Aserbaidschans","bereit","Bergkarabachs","Paschinjan","Teil","zur"],"articleSection":["Deutschland","Russland"],"inLanguage":"de","potentialAction":[{"@type":"CommentAction","name":"Comment","target":["https:\/\/now-news.de\/de\/deutschland\/paschinjan-armenien-zur-anerkennung-bergkarabachs-als-teil-aserbaidschans-bereit\/#respond"]}]},{"@type":"WebPage","@id":"https:\/\/now-news.de\/de\/deutschland\/paschinjan-armenien-zur-anerkennung-bergkarabachs-als-teil-aserbaidschans-bereit\/","url":"https:\/\/now-news.de\/de\/deutschland\/paschinjan-armenien-zur-anerkennung-bergkarabachs-als-teil-aserbaidschans-bereit\/","name":"Paschinjan: Armenien zur Anerkennung Bergkarabachs als Teil Aserbaidschans bereit - just-now.NEWS Deutschland","isPartOf":{"@id":"https:\/\/now-news.de\/de\/#website"},"primaryImageOfPage":{"@id":"https:\/\/now-news.de\/de\/deutschland\/paschinjan-armenien-zur-anerkennung-bergkarabachs-als-teil-aserbaidschans-bereit\/#primaryimage"},"image":{"@id":"https:\/\/now-news.de\/de\/deutschland\/paschinjan-armenien-zur-anerkennung-bergkarabachs-als-teil-aserbaidschans-bereit\/#primaryimage"},"thumbnailUrl":"https:\/\/now-news.de\/de\/wp-content\/uploads\/sites\/3\/2023\/05\/Paschinjan-Armenien-zur-Anerkennung-Bergkarabachs-als-Teil-Aserbaidschans-bereit.jpg","datePublished":"2023-05-22T12:36:41+00:00","dateModified":"2023-05-22T12:36:41+00:00","breadcrumb":{"@id":"https:\/\/now-news.de\/de\/deutschland\/paschinjan-armenien-zur-anerkennung-bergkarabachs-als-teil-aserbaidschans-bereit\/#breadcrumb"},"inLanguage":"de","potentialAction":[{"@type":"ReadAction","target":["https:\/\/now-news.de\/de\/deutschland\/paschinjan-armenien-zur-anerkennung-bergkarabachs-als-teil-aserbaidschans-bereit\/"]}]},{"@type":"ImageObject","inLanguage":"de","@id":"https:\/\/now-news.de\/de\/deutschland\/paschinjan-armenien-zur-anerkennung-bergkarabachs-als-teil-aserbaidschans-bereit\/#primaryimage","url":"https:\/\/now-news.de\/de\/wp-content\/uploads\/sites\/3\/2023\/05\/Paschinjan-Armenien-zur-Anerkennung-Bergkarabachs-als-Teil-Aserbaidschans-bereit.jpg","contentUrl":"https:\/\/now-news.de\/de\/wp-content\/uploads\/sites\/3\/2023\/05\/Paschinjan-Armenien-zur-Anerkennung-Bergkarabachs-als-Teil-Aserbaidschans-bereit.jpg","width":460,"height":259,"caption":"Paschinjan: Armenien zur Anerkennung Bergkarabachs als Teil Aserbaidschans bereit"},{"@type":"BreadcrumbList","@id":"https:\/\/now-news.de\/de\/deutschland\/paschinjan-armenien-zur-anerkennung-bergkarabachs-als-teil-aserbaidschans-bereit\/#breadcrumb","itemListElement":[{"@type":"ListItem","position":1,"name":"Home","item":"https:\/\/now-news.de\/de\/"},{"@type":"ListItem","position":2,"name":"Paschinjan: Armenien zur Anerkennung Bergkarabachs als Teil Aserbaidschans bereit"}]},{"@type":"WebSite","@id":"https:\/\/now-news.de\/de\/#website","url":"https:\/\/now-news.de\/de\/","name":"just-now.NEWS Deutschland","description":"Das Portal f\u00fcr unzensierte Nachrichten aus der Welt","publisher":{"@id":"https:\/\/now-news.de\/de\/#organization"},"potentialAction":[{"@type":"SearchAction","target":{"@type":"EntryPoint","urlTemplate":"https:\/\/now-news.de\/de\/?s={search_term_string}"},"query-input":"required name=search_term_string"}],"inLanguage":"de"},{"@type":"Organization","@id":"https:\/\/now-news.de\/de\/#organization","name":"Just Now News","url":"https:\/\/now-news.de\/de\/","logo":{"@type":"ImageObject","inLanguage":"de","@id":"https:\/\/now-news.de\/de\/#\/schema\/logo\/image\/","url":"http:\/\/just-now.news\/de\/wp-content\/uploads\/sites\/3\/2022\/04\/logo500x500.jpg","contentUrl":"http:\/\/just-now.news\/de\/wp-content\/uploads\/sites\/3\/2022\/04\/logo500x500.jpg","width":500,"height":500,"caption":"Just Now News"},"image":{"@id":"https:\/\/now-news.de\/de\/#\/schema\/logo\/image\/"},"sameAs":["https:\/\/www.facebook.com\/wirmachenauf","https:\/\/x.com\/WirMachenAuf_de"]},{"@type":"Person","@id":"https:\/\/now-news.de\/de\/#\/schema\/person\/fb534a4e865501d8b3285208df34a9b5","name":"rtnews","image":{"@type":"ImageObject","inLanguage":"de","@id":"https:\/\/now-news.de\/de\/#\/schema\/person\/image\/","url":"https:\/\/secure.gravatar.com\/avatar\/82aafea7d8127119dd649515f56e2117?s=96&d=mm&r=g","contentUrl":"https:\/\/secure.gravatar.com\/avatar\/82aafea7d8127119dd649515f56e2117?s=96&d=mm&r=g","caption":"rtnews"},"url":"https:\/\/now-news.de\/de\/author\/rnews\/"}]}},"_links":{"self":[{"href":"https:\/\/now-news.de\/de\/wp-json\/wp\/v2\/posts\/36524"}],"collection":[{"href":"https:\/\/now-news.de\/de\/wp-json\/wp\/v2\/posts"}],"about":[{"href":"https:\/\/now-news.de\/de\/wp-json\/wp\/v2\/types\/post"}],"author":[{"embeddable":true,"href":"https:\/\/now-news.de\/de\/wp-json\/wp\/v2\/users\/3"}],"replies":[{"embeddable":true,"href":"https:\/\/now-news.de\/de\/wp-json\/wp\/v2\/comments?post=36524"}],"version-history":[{"count":0,"href":"https:\/\/now-news.de\/de\/wp-json\/wp\/v2\/posts\/36524\/revisions"}],"wp:featuredmedia":[{"embeddable":true,"href":"https:\/\/now-news.de\/de\/wp-json\/wp\/v2\/media\/36525"}],"wp:attachment":[{"href":"https:\/\/now-news.de\/de\/wp-json\/wp\/v2\/media?parent=36524"}],"wp:term":[{"taxonomy":"category","embeddable":true,"href":"https:\/\/now-news.de\/de\/wp-json\/wp\/v2\/categories?post=36524"},{"taxonomy":"post_tag","embeddable":true,"href":"https:\/\/now-news.de\/de\/wp-json\/wp\/v2\/tags?post=36524"}],"curies":[{"name":"wp","href":"https:\/\/api.w.org\/{rel}","templated":true}]}}