{"id":36518,"date":"2023-05-22T13:01:05","date_gmt":"2023-05-22T11:01:05","guid":{"rendered":"https:\/\/just-now.news\/de\/deutschland\/empfehlung-fuer-volksverpetzer-clearingstelle-medienkompetenz-der-deutschen-bischofskonferenz\/"},"modified":"2023-05-22T13:01:05","modified_gmt":"2023-05-22T11:01:05","slug":"empfehlung-fuer-volksverpetzer-clearingstelle-medienkompetenz-der-deutschen-bischofskonferenz","status":"publish","type":"post","link":"https:\/\/now-news.de\/de\/deutschland\/empfehlung-fuer-volksverpetzer-clearingstelle-medienkompetenz-der-deutschen-bischofskonferenz\/","title":{"rendered":"Empfehlung f\u00fcr &quot;Volksverpetzer&quot;: Clearingstelle Medienkompetenz der Deutschen Bischofskonferenz"},"content":{"rendered":"<p><img decoding=\"async\" src=\"http:\/\/just-now.news\/de\/wp-content\/uploads\/sites\/3\/2023\/05\/646b2b1bb480cc18d70f2d88.jpg\" \/><\/p>\n<div class=\"Text-root Text-type_1 \">\n                Die Clearingstelle Medienkompetenz der Deutschen Bischofskonferenz empfiehlt den Weblog &#8220;Der Volksverpetzer&#8221; als Faktenchecker. Der Journalist Norbert H\u00e4ring m\u00f6chte daher gerne wissen, wie die Empfehlung eines solchen Hetzportals mit christlicher N\u00e4chstenliebe vereinbar ist.\n            <\/div>\n<p><\/p>\n<div class=\"Text-root Text-type_5 ArticleView-text ViewText-root \">\n<p>Die Clearingstelle Medienkompetenz der Deutschen Bischofskonferenz (DBK) empfiehlt den Weblog\u00a0<em>Der Volksverpetzer<\/em>. Darauf machte der Journalist Norbert H\u00e4ring in einem j\u00fcngsten Artikel aufmerksam.<\/p>\n<p>Die Clearingstelle Medienkompetenz der DBK ist eine Beratungsstelle, die 2012 an der Katholischen Hochschule Mainz angesiedelt wurde. Sie versteht sich als Angebot der katholischen Kirche f\u00fcr die Vermittlung eines kompetenten Umgangs mit Internet-Medien.<\/p>\n<p>Unter dem &#8220;Titel Tools spezial: Fake News enttarnen&#8221;\u00a0wurden Anfang Mai in der Rubrik &#8220;Recherchenetzwerke\/Faktenchecks&#8221; mehrere\u00a0Webseiten aufgelistet, die sich nach eigenen Angaben mit Falschmeldungen im Internet besch\u00e4ftigen.\u00a0An oberster Stelle standen die\u00a0einschl\u00e4gigen Portale Correctiv und Mimikama. An letzter Stelle wurde auch der Weblog\u00a0<em>Der Volksverpetzer\u00a0<\/em>vorgestellt.<\/p>\n<p>Wie Norbert H\u00e4ring es ausdr\u00fcckte, schienen die Autoren\u00a0Clearingstelle Medienkompetenz selbst nicht mit dem Volksverpetzer\u00a0gefremdelt\u00a0zu haben.\u00a0Statt einer Beschreibung der Arbeit der Autoren von Volksverpetzer findet sich nur der Hinweis, dass es sich beim Volksverpetzer um &#8220;keinen klassischen Faktenchecker&#8221; handle. Es folgt die distanzierend wirkende Selbstdarstellung des Volksverpetzers in Anf\u00fchrungszeichen.<\/p>\n<p><strong>Diffamierung von Andersdenkenden<\/strong><\/p>\n<p>Bereits am Wert der Arbeit der sogenannten &#8220;klassischen Faktenchecker&#8221; wie Correctiv kann man\u00a0zweifeln. Die Beitr\u00e4ge von Volksverpetzer erreichen mit ihrer politisch motivierten Hetze jedoch ein Niveau, das sich, wie H\u00e4ring zu Bedenken gibt, regelm\u00e4\u00dfig an der Grenze zur justiziablen \u00fcblen Nachrede befindet.<\/p>\n<p>So geh\u00f6rt es zur\u00a0Routine von Volksverpetzer, Personen mit der falschen Meinung bevorzugt als Nazis zu beschimpfen oder sie anderweitig in ein m\u00f6glichst schlechtes Licht zu r\u00fccken.\u00a0Die grunds\u00e4tzliche Darstellung von Personen mit der falschen Meinung bei umstrittenen Themen als Extremisten\u00a0ist eher die Regel als die Ausnahme auf diesem Portal,\u00a0wie H\u00e4ring anhand mehrerer Beispiele belegt.<\/p>\n<div class=\"EmbedBlock-root EmbedBlock-twitter\">\n<div class=\"TwitterEmbed\">\n<blockquote class=\"twitter-tweet lazyload\" data-twitter=\"twitter-tweet\">\n<p lang=\"de\" dir=\"ltr\">Clearingstelle Medienkompetenz der Deutschen Bischofskonferenz empfiehlt das Hetz- und L\u00fcgenportal &#8220;Volksverpetzer&#8221; <a rel=\"nofollow noopener\" target=\"_blank\" href=\"https:\/\/t.co\/c8G3N86Ira\">https:\/\/t.co\/c8G3N86Ira<\/a><\/p>\n<p>\u2014 Norbert H\u00e4ring (@norberthaering) <a rel=\"nofollow noopener\" target=\"_blank\" href=\"https:\/\/twitter.com\/norberthaering\/status\/1660535554973356045?ref_src=twsrc%5Etfw\">May 22, 2023<\/a><\/p><\/blockquote>\n<\/div>\n<\/div>\n<p>Als j\u00fcngeres Beispiel f\u00fchrt H\u00e4ring einen\u00a0Artikel \u00fcber Elon Musk als neuen Eigent\u00fcmer von Twitter an. Eine von Musks Neuerungen f\u00fcr Twitter war es, die blauen Haken f\u00fcr verifizierte Accounts gegen einen monatlichen Beitrag zu vergeben statt wie bisher f\u00fcr den Bekanntheitsgrad eines\u00a0Nutzers. Da nun Personen, die laut dem Volksverpetzer die falsche Meinung haben, durch den blauen Haken eine h\u00f6here Reichweite erzielen k\u00f6nnen, wurde Musk gleich zum &#8220;Faschistenf\u00f6rderer&#8221;.<\/p>\n<p><strong>Hetze gegen &#8220;Ungeimpfte&#8221;<\/strong><\/p>\n<p>Als weiteres Beispiel f\u00fchrt H\u00e4ring die wiederholte aggressive Hetze durch die Volkverpetzer-Autoren gegen Personen an, die den im Eilverfahren zugelassenen Coronaimpfungen skeptisch gegen\u00fcberstanden. So forderten die Autoren w\u00e4hrend\u00a0der Pandemie etwa den &#8220;Lockdown&#8221; f\u00fcr &#8220;Ungeimpfte&#8221; und legten nahe, dass &#8220;Ungeimpfte&#8221; nicht mehr medizinische behandelt werden sollten.<\/p>\n<p>Wie\u00a0kam die\u00a0Clearingstelle Medienkompetenz der Deutschen Bischofskonferenz dazu, Volksverpetzer\u00a0als Recherchenetzwerk\/Faktenchecker zu empfehlen, will H\u00e4ring wissen.<\/p>\n<blockquote>\n<p><em>&#8220;Passt das zur N\u00e4chstenliebe, die mir dereinst als ein Wesenselement des Christentums nahegebracht wurde?&#8221;<\/em><\/p>\n<\/blockquote>\n<p>Norbert H\u00e4ring findet: eindeutig nein.<\/p>\n<p>Doch hieran anschlie\u00dfen m\u00fcsste man fragen: Passt die N\u00e4chstenliebe noch zur katholischen Kirche, die w\u00e4hrend der Pandemie ihre staatstragende Rolle \u00fcber ihren christlichen Auftrag stellte? Vermutlich ebenfalls nein.<\/p>\n<p><strong>Mehr zum Thema\u00a0<\/strong>\u2013 <a rel=\"nofollow noopener\" target=\"_blank\" href=\"https:\/\/freeassange.rtde.live\/international\/167942-elon-musk-twitter-wurde-ueber\/\">Elon Musk: Twitter wurde \u00fcber US-Nachrichtendienste kontrolliert, inklusive der Privatnachrichten<\/a><\/p>\n<\/p>\n<\/div>\n<p><script async src=\"https:\/\/platform.twitter.com\/widgets.js\" charset=\"utf-8\"><\/script><br \/>\n<br \/><br \/>\n<br \/><a href=\"https:\/\/de.rt.com\/inland\/170666-empfehlung-fuer-volksverpetzer-clearingstelle-medienkompetenz\/\">Source link <\/a><\/p>\n","protected":false},"excerpt":{"rendered":"<p>Die Clearingstelle Medienkompetenz der Deutschen Bischofskonferenz empfiehlt den Weblog &#8220;Der Volksverpetzer&#8221; als Faktenchecker. Der Journalist Norbert H\u00e4ring m\u00f6chte daher gerne wissen, wie die Empfehlung eines solchen Hetzportals mit christlicher N\u00e4chstenliebe vereinbar ist. Die Clearingstelle Medienkompetenz der Deutschen Bischofskonferenz (DBK) empfiehlt den Weblog\u00a0Der Volksverpetzer. Darauf machte der Journalist Norbert H\u00e4ring in einem j\u00fcngsten Artikel aufmerksam. Die [&hellip;]<\/p>\n","protected":false},"author":3,"featured_media":36519,"comment_status":"open","ping_status":"open","sticky":false,"template":"","format":"standard","meta":{"_yoast_indexnow_last_ping":["1684753917"],"wp_automatic_camp":["217"],"a44c3d630e0b0f0baa8907063a3b7891":["Empfehlung f\u00fcr &quot;Volksverpetzer&quot;: Clearingstelle Medienkompetenz der Deutschen Bischofskonferenz"],"original_link":["https:\/\/de.rt.com\/inland\/170666-empfehlung-fuer-volksverpetzer-clearingstelle-medienkompetenz\/"],"_thumbnail_id":["36519"],"_wptgpro_p2tg_sent2tg":["a:1:{i:23737;s:19:\"2023-05-22 13:13:01\";}"],"jnews_social_counter_last_update":["1777111849"]},"categories":[19,23],"tags":[44587,44585,82,577,30285,221,44586,44584],"yoast_head":"<!-- This site is optimized with the Yoast SEO Premium plugin v22.7 (Yoast SEO v22.7) - https:\/\/yoast.com\/wordpress\/plugins\/seo\/ -->\n<title>Empfehlung f\u00fcr &quot;Volksverpetzer&quot;: Clearingstelle Medienkompetenz der Deutschen Bischofskonferenz - just-now.NEWS Deutschland<\/title>\n<meta name=\"robots\" content=\"index, follow, max-snippet:-1, max-image-preview:large, max-video-preview:-1\" \/>\n<link rel=\"canonical\" href=\"https:\/\/now-news.de\/de\/deutschland\/empfehlung-fuer-volksverpetzer-clearingstelle-medienkompetenz-der-deutschen-bischofskonferenz\/\" \/>\n<meta property=\"og:locale\" content=\"de_DE\" \/>\n<meta property=\"og:type\" content=\"article\" \/>\n<meta property=\"og:title\" content=\"Empfehlung f\u00fcr &quot;Volksverpetzer&quot;: Clearingstelle Medienkompetenz der Deutschen Bischofskonferenz\" \/>\n<meta property=\"og:description\" content=\"Die Clearingstelle Medienkompetenz der Deutschen Bischofskonferenz empfiehlt den Weblog &#8220;Der Volksverpetzer&#8221; als Faktenchecker. Der Journalist Norbert H\u00e4ring m\u00f6chte daher gerne wissen, wie die Empfehlung eines solchen Hetzportals mit christlicher N\u00e4chstenliebe vereinbar ist. Die Clearingstelle Medienkompetenz der Deutschen Bischofskonferenz (DBK) empfiehlt den Weblog\u00a0Der Volksverpetzer. Darauf machte der Journalist Norbert H\u00e4ring in einem j\u00fcngsten Artikel aufmerksam. Die [&hellip;]\" \/>\n<meta property=\"og:url\" content=\"https:\/\/now-news.de\/de\/deutschland\/empfehlung-fuer-volksverpetzer-clearingstelle-medienkompetenz-der-deutschen-bischofskonferenz\/\" \/>\n<meta property=\"og:site_name\" content=\"just-now.NEWS Deutschland\" \/>\n<meta property=\"article:publisher\" content=\"https:\/\/www.facebook.com\/wirmachenauf\" \/>\n<meta property=\"article:published_time\" content=\"2023-05-22T11:01:05+00:00\" \/>\n<meta property=\"og:image\" content=\"https:\/\/now-news.de\/de\/wp-content\/uploads\/sites\/3\/2023\/05\/Empfehlung-fuer-quotVolksverpetzerquot-Clearingstelle-Medienkompetenz-der-Deutschen-Bischofskonferenz.jpg\" \/>\n\t<meta property=\"og:image:width\" content=\"460\" \/>\n\t<meta property=\"og:image:height\" content=\"259\" \/>\n\t<meta property=\"og:image:type\" content=\"image\/jpeg\" \/>\n<meta name=\"author\" content=\"rtnews\" \/>\n<meta name=\"twitter:card\" content=\"summary_large_image\" \/>\n<meta name=\"twitter:creator\" content=\"@WirMachenAuf_de\" \/>\n<meta name=\"twitter:site\" content=\"@WirMachenAuf_de\" \/>\n<meta name=\"twitter:label1\" content=\"Verfasst von\" \/>\n\t<meta name=\"twitter:data1\" content=\"rtnews\" \/>\n\t<meta name=\"twitter:label2\" content=\"Gesch\u00e4tzte Lesezeit\" \/>\n\t<meta name=\"twitter:data2\" content=\"3\u00a0Minuten\" \/>\n<script type=\"application\/ld+json\" class=\"yoast-schema-graph\">{\"@context\":\"https:\/\/schema.org\",\"@graph\":[{\"@type\":\"Article\",\"@id\":\"https:\/\/now-news.de\/de\/deutschland\/empfehlung-fuer-volksverpetzer-clearingstelle-medienkompetenz-der-deutschen-bischofskonferenz\/#article\",\"isPartOf\":{\"@id\":\"https:\/\/now-news.de\/de\/deutschland\/empfehlung-fuer-volksverpetzer-clearingstelle-medienkompetenz-der-deutschen-bischofskonferenz\/\"},\"author\":{\"name\":\"rtnews\",\"@id\":\"https:\/\/now-news.de\/de\/#\/schema\/person\/fb534a4e865501d8b3285208df34a9b5\"},\"headline\":\"Empfehlung f\u00fcr &quot;Volksverpetzer&quot;: Clearingstelle Medienkompetenz der Deutschen Bischofskonferenz\",\"datePublished\":\"2023-05-22T11:01:05+00:00\",\"dateModified\":\"2023-05-22T11:01:05+00:00\",\"mainEntityOfPage\":{\"@id\":\"https:\/\/now-news.de\/de\/deutschland\/empfehlung-fuer-volksverpetzer-clearingstelle-medienkompetenz-der-deutschen-bischofskonferenz\/\"},\"wordCount\":566,\"commentCount\":0,\"publisher\":{\"@id\":\"https:\/\/now-news.de\/de\/#organization\"},\"image\":{\"@id\":\"https:\/\/now-news.de\/de\/deutschland\/empfehlung-fuer-volksverpetzer-clearingstelle-medienkompetenz-der-deutschen-bischofskonferenz\/#primaryimage\"},\"thumbnailUrl\":\"https:\/\/now-news.de\/de\/wp-content\/uploads\/sites\/3\/2023\/05\/Empfehlung-fuer-quotVolksverpetzerquot-Clearingstelle-Medienkompetenz-der-Deutschen-Bischofskonferenz.jpg\",\"keywords\":[\"Bischofskonferenz\",\"Clearingstelle\",\"der\",\"Deutschen\",\"Empfehlung\",\"f\u00fcr\",\"Medienkompetenz\",\"quotVolksverpetzerquot\"],\"articleSection\":[\"Deutschland\",\"Russland\"],\"inLanguage\":\"de\",\"potentialAction\":[{\"@type\":\"CommentAction\",\"name\":\"Comment\",\"target\":[\"https:\/\/now-news.de\/de\/deutschland\/empfehlung-fuer-volksverpetzer-clearingstelle-medienkompetenz-der-deutschen-bischofskonferenz\/#respond\"]}]},{\"@type\":\"WebPage\",\"@id\":\"https:\/\/now-news.de\/de\/deutschland\/empfehlung-fuer-volksverpetzer-clearingstelle-medienkompetenz-der-deutschen-bischofskonferenz\/\",\"url\":\"https:\/\/now-news.de\/de\/deutschland\/empfehlung-fuer-volksverpetzer-clearingstelle-medienkompetenz-der-deutschen-bischofskonferenz\/\",\"name\":\"Empfehlung f\u00fcr &quot;Volksverpetzer&quot;: Clearingstelle Medienkompetenz der Deutschen Bischofskonferenz - just-now.NEWS Deutschland\",\"isPartOf\":{\"@id\":\"https:\/\/now-news.de\/de\/#website\"},\"primaryImageOfPage\":{\"@id\":\"https:\/\/now-news.de\/de\/deutschland\/empfehlung-fuer-volksverpetzer-clearingstelle-medienkompetenz-der-deutschen-bischofskonferenz\/#primaryimage\"},\"image\":{\"@id\":\"https:\/\/now-news.de\/de\/deutschland\/empfehlung-fuer-volksverpetzer-clearingstelle-medienkompetenz-der-deutschen-bischofskonferenz\/#primaryimage\"},\"thumbnailUrl\":\"https:\/\/now-news.de\/de\/wp-content\/uploads\/sites\/3\/2023\/05\/Empfehlung-fuer-quotVolksverpetzerquot-Clearingstelle-Medienkompetenz-der-Deutschen-Bischofskonferenz.jpg\",\"datePublished\":\"2023-05-22T11:01:05+00:00\",\"dateModified\":\"2023-05-22T11:01:05+00:00\",\"breadcrumb\":{\"@id\":\"https:\/\/now-news.de\/de\/deutschland\/empfehlung-fuer-volksverpetzer-clearingstelle-medienkompetenz-der-deutschen-bischofskonferenz\/#breadcrumb\"},\"inLanguage\":\"de\",\"potentialAction\":[{\"@type\":\"ReadAction\",\"target\":[\"https:\/\/now-news.de\/de\/deutschland\/empfehlung-fuer-volksverpetzer-clearingstelle-medienkompetenz-der-deutschen-bischofskonferenz\/\"]}]},{\"@type\":\"ImageObject\",\"inLanguage\":\"de\",\"@id\":\"https:\/\/now-news.de\/de\/deutschland\/empfehlung-fuer-volksverpetzer-clearingstelle-medienkompetenz-der-deutschen-bischofskonferenz\/#primaryimage\",\"url\":\"https:\/\/now-news.de\/de\/wp-content\/uploads\/sites\/3\/2023\/05\/Empfehlung-fuer-quotVolksverpetzerquot-Clearingstelle-Medienkompetenz-der-Deutschen-Bischofskonferenz.jpg\",\"contentUrl\":\"https:\/\/now-news.de\/de\/wp-content\/uploads\/sites\/3\/2023\/05\/Empfehlung-fuer-quotVolksverpetzerquot-Clearingstelle-Medienkompetenz-der-Deutschen-Bischofskonferenz.jpg\",\"width\":460,\"height\":259,\"caption\":\"Empfehlung f\u00fcr &quot;Volksverpetzer&quot;: Clearingstelle Medienkompetenz der Deutschen Bischofskonferenz\"},{\"@type\":\"BreadcrumbList\",\"@id\":\"https:\/\/now-news.de\/de\/deutschland\/empfehlung-fuer-volksverpetzer-clearingstelle-medienkompetenz-der-deutschen-bischofskonferenz\/#breadcrumb\",\"itemListElement\":[{\"@type\":\"ListItem\",\"position\":1,\"name\":\"Home\",\"item\":\"https:\/\/now-news.de\/de\/\"},{\"@type\":\"ListItem\",\"position\":2,\"name\":\"Empfehlung f\u00fcr &quot;Volksverpetzer&quot;: Clearingstelle Medienkompetenz der Deutschen Bischofskonferenz\"}]},{\"@type\":\"WebSite\",\"@id\":\"https:\/\/now-news.de\/de\/#website\",\"url\":\"https:\/\/now-news.de\/de\/\",\"name\":\"just-now.NEWS Deutschland\",\"description\":\"Das Portal f\u00fcr unzensierte Nachrichten aus der Welt\",\"publisher\":{\"@id\":\"https:\/\/now-news.de\/de\/#organization\"},\"potentialAction\":[{\"@type\":\"SearchAction\",\"target\":{\"@type\":\"EntryPoint\",\"urlTemplate\":\"https:\/\/now-news.de\/de\/?s={search_term_string}\"},\"query-input\":\"required name=search_term_string\"}],\"inLanguage\":\"de\"},{\"@type\":\"Organization\",\"@id\":\"https:\/\/now-news.de\/de\/#organization\",\"name\":\"Just Now News\",\"url\":\"https:\/\/now-news.de\/de\/\",\"logo\":{\"@type\":\"ImageObject\",\"inLanguage\":\"de\",\"@id\":\"https:\/\/now-news.de\/de\/#\/schema\/logo\/image\/\",\"url\":\"http:\/\/just-now.news\/de\/wp-content\/uploads\/sites\/3\/2022\/04\/logo500x500.jpg\",\"contentUrl\":\"http:\/\/just-now.news\/de\/wp-content\/uploads\/sites\/3\/2022\/04\/logo500x500.jpg\",\"width\":500,\"height\":500,\"caption\":\"Just Now News\"},\"image\":{\"@id\":\"https:\/\/now-news.de\/de\/#\/schema\/logo\/image\/\"},\"sameAs\":[\"https:\/\/www.facebook.com\/wirmachenauf\",\"https:\/\/x.com\/WirMachenAuf_de\"]},{\"@type\":\"Person\",\"@id\":\"https:\/\/now-news.de\/de\/#\/schema\/person\/fb534a4e865501d8b3285208df34a9b5\",\"name\":\"rtnews\",\"image\":{\"@type\":\"ImageObject\",\"inLanguage\":\"de\",\"@id\":\"https:\/\/now-news.de\/de\/#\/schema\/person\/image\/\",\"url\":\"https:\/\/secure.gravatar.com\/avatar\/82aafea7d8127119dd649515f56e2117?s=96&d=mm&r=g\",\"contentUrl\":\"https:\/\/secure.gravatar.com\/avatar\/82aafea7d8127119dd649515f56e2117?s=96&d=mm&r=g\",\"caption\":\"rtnews\"},\"url\":\"https:\/\/now-news.de\/de\/author\/rnews\/\"}]}<\/script>\n<!-- \/ Yoast SEO Premium plugin. -->","yoast_head_json":{"title":"Empfehlung f\u00fcr &quot;Volksverpetzer&quot;: Clearingstelle Medienkompetenz der Deutschen Bischofskonferenz - just-now.NEWS Deutschland","robots":{"index":"index","follow":"follow","max-snippet":"max-snippet:-1","max-image-preview":"max-image-preview:large","max-video-preview":"max-video-preview:-1"},"canonical":"https:\/\/now-news.de\/de\/deutschland\/empfehlung-fuer-volksverpetzer-clearingstelle-medienkompetenz-der-deutschen-bischofskonferenz\/","og_locale":"de_DE","og_type":"article","og_title":"Empfehlung f\u00fcr &quot;Volksverpetzer&quot;: Clearingstelle Medienkompetenz der Deutschen Bischofskonferenz","og_description":"Die Clearingstelle Medienkompetenz der Deutschen Bischofskonferenz empfiehlt den Weblog &#8220;Der Volksverpetzer&#8221; als Faktenchecker. Der Journalist Norbert H\u00e4ring m\u00f6chte daher gerne wissen, wie die Empfehlung eines solchen Hetzportals mit christlicher N\u00e4chstenliebe vereinbar ist. Die Clearingstelle Medienkompetenz der Deutschen Bischofskonferenz (DBK) empfiehlt den Weblog\u00a0Der Volksverpetzer. Darauf machte der Journalist Norbert H\u00e4ring in einem j\u00fcngsten Artikel aufmerksam. Die [&hellip;]","og_url":"https:\/\/now-news.de\/de\/deutschland\/empfehlung-fuer-volksverpetzer-clearingstelle-medienkompetenz-der-deutschen-bischofskonferenz\/","og_site_name":"just-now.NEWS Deutschland","article_publisher":"https:\/\/www.facebook.com\/wirmachenauf","article_published_time":"2023-05-22T11:01:05+00:00","og_image":[{"width":460,"height":259,"url":"https:\/\/now-news.de\/de\/wp-content\/uploads\/sites\/3\/2023\/05\/Empfehlung-fuer-quotVolksverpetzerquot-Clearingstelle-Medienkompetenz-der-Deutschen-Bischofskonferenz.jpg","type":"image\/jpeg"}],"author":"rtnews","twitter_card":"summary_large_image","twitter_creator":"@WirMachenAuf_de","twitter_site":"@WirMachenAuf_de","twitter_misc":{"Verfasst von":"rtnews","Gesch\u00e4tzte Lesezeit":"3\u00a0Minuten"},"schema":{"@context":"https:\/\/schema.org","@graph":[{"@type":"Article","@id":"https:\/\/now-news.de\/de\/deutschland\/empfehlung-fuer-volksverpetzer-clearingstelle-medienkompetenz-der-deutschen-bischofskonferenz\/#article","isPartOf":{"@id":"https:\/\/now-news.de\/de\/deutschland\/empfehlung-fuer-volksverpetzer-clearingstelle-medienkompetenz-der-deutschen-bischofskonferenz\/"},"author":{"name":"rtnews","@id":"https:\/\/now-news.de\/de\/#\/schema\/person\/fb534a4e865501d8b3285208df34a9b5"},"headline":"Empfehlung f\u00fcr &quot;Volksverpetzer&quot;: Clearingstelle Medienkompetenz der Deutschen Bischofskonferenz","datePublished":"2023-05-22T11:01:05+00:00","dateModified":"2023-05-22T11:01:05+00:00","mainEntityOfPage":{"@id":"https:\/\/now-news.de\/de\/deutschland\/empfehlung-fuer-volksverpetzer-clearingstelle-medienkompetenz-der-deutschen-bischofskonferenz\/"},"wordCount":566,"commentCount":0,"publisher":{"@id":"https:\/\/now-news.de\/de\/#organization"},"image":{"@id":"https:\/\/now-news.de\/de\/deutschland\/empfehlung-fuer-volksverpetzer-clearingstelle-medienkompetenz-der-deutschen-bischofskonferenz\/#primaryimage"},"thumbnailUrl":"https:\/\/now-news.de\/de\/wp-content\/uploads\/sites\/3\/2023\/05\/Empfehlung-fuer-quotVolksverpetzerquot-Clearingstelle-Medienkompetenz-der-Deutschen-Bischofskonferenz.jpg","keywords":["Bischofskonferenz","Clearingstelle","der","Deutschen","Empfehlung","f\u00fcr","Medienkompetenz","quotVolksverpetzerquot"],"articleSection":["Deutschland","Russland"],"inLanguage":"de","potentialAction":[{"@type":"CommentAction","name":"Comment","target":["https:\/\/now-news.de\/de\/deutschland\/empfehlung-fuer-volksverpetzer-clearingstelle-medienkompetenz-der-deutschen-bischofskonferenz\/#respond"]}]},{"@type":"WebPage","@id":"https:\/\/now-news.de\/de\/deutschland\/empfehlung-fuer-volksverpetzer-clearingstelle-medienkompetenz-der-deutschen-bischofskonferenz\/","url":"https:\/\/now-news.de\/de\/deutschland\/empfehlung-fuer-volksverpetzer-clearingstelle-medienkompetenz-der-deutschen-bischofskonferenz\/","name":"Empfehlung f\u00fcr &quot;Volksverpetzer&quot;: Clearingstelle Medienkompetenz der Deutschen Bischofskonferenz - just-now.NEWS Deutschland","isPartOf":{"@id":"https:\/\/now-news.de\/de\/#website"},"primaryImageOfPage":{"@id":"https:\/\/now-news.de\/de\/deutschland\/empfehlung-fuer-volksverpetzer-clearingstelle-medienkompetenz-der-deutschen-bischofskonferenz\/#primaryimage"},"image":{"@id":"https:\/\/now-news.de\/de\/deutschland\/empfehlung-fuer-volksverpetzer-clearingstelle-medienkompetenz-der-deutschen-bischofskonferenz\/#primaryimage"},"thumbnailUrl":"https:\/\/now-news.de\/de\/wp-content\/uploads\/sites\/3\/2023\/05\/Empfehlung-fuer-quotVolksverpetzerquot-Clearingstelle-Medienkompetenz-der-Deutschen-Bischofskonferenz.jpg","datePublished":"2023-05-22T11:01:05+00:00","dateModified":"2023-05-22T11:01:05+00:00","breadcrumb":{"@id":"https:\/\/now-news.de\/de\/deutschland\/empfehlung-fuer-volksverpetzer-clearingstelle-medienkompetenz-der-deutschen-bischofskonferenz\/#breadcrumb"},"inLanguage":"de","potentialAction":[{"@type":"ReadAction","target":["https:\/\/now-news.de\/de\/deutschland\/empfehlung-fuer-volksverpetzer-clearingstelle-medienkompetenz-der-deutschen-bischofskonferenz\/"]}]},{"@type":"ImageObject","inLanguage":"de","@id":"https:\/\/now-news.de\/de\/deutschland\/empfehlung-fuer-volksverpetzer-clearingstelle-medienkompetenz-der-deutschen-bischofskonferenz\/#primaryimage","url":"https:\/\/now-news.de\/de\/wp-content\/uploads\/sites\/3\/2023\/05\/Empfehlung-fuer-quotVolksverpetzerquot-Clearingstelle-Medienkompetenz-der-Deutschen-Bischofskonferenz.jpg","contentUrl":"https:\/\/now-news.de\/de\/wp-content\/uploads\/sites\/3\/2023\/05\/Empfehlung-fuer-quotVolksverpetzerquot-Clearingstelle-Medienkompetenz-der-Deutschen-Bischofskonferenz.jpg","width":460,"height":259,"caption":"Empfehlung f\u00fcr &quot;Volksverpetzer&quot;: Clearingstelle Medienkompetenz der Deutschen Bischofskonferenz"},{"@type":"BreadcrumbList","@id":"https:\/\/now-news.de\/de\/deutschland\/empfehlung-fuer-volksverpetzer-clearingstelle-medienkompetenz-der-deutschen-bischofskonferenz\/#breadcrumb","itemListElement":[{"@type":"ListItem","position":1,"name":"Home","item":"https:\/\/now-news.de\/de\/"},{"@type":"ListItem","position":2,"name":"Empfehlung f\u00fcr &quot;Volksverpetzer&quot;: Clearingstelle Medienkompetenz der Deutschen Bischofskonferenz"}]},{"@type":"WebSite","@id":"https:\/\/now-news.de\/de\/#website","url":"https:\/\/now-news.de\/de\/","name":"just-now.NEWS Deutschland","description":"Das Portal f\u00fcr unzensierte Nachrichten aus der Welt","publisher":{"@id":"https:\/\/now-news.de\/de\/#organization"},"potentialAction":[{"@type":"SearchAction","target":{"@type":"EntryPoint","urlTemplate":"https:\/\/now-news.de\/de\/?s={search_term_string}"},"query-input":"required name=search_term_string"}],"inLanguage":"de"},{"@type":"Organization","@id":"https:\/\/now-news.de\/de\/#organization","name":"Just Now News","url":"https:\/\/now-news.de\/de\/","logo":{"@type":"ImageObject","inLanguage":"de","@id":"https:\/\/now-news.de\/de\/#\/schema\/logo\/image\/","url":"http:\/\/just-now.news\/de\/wp-content\/uploads\/sites\/3\/2022\/04\/logo500x500.jpg","contentUrl":"http:\/\/just-now.news\/de\/wp-content\/uploads\/sites\/3\/2022\/04\/logo500x500.jpg","width":500,"height":500,"caption":"Just Now News"},"image":{"@id":"https:\/\/now-news.de\/de\/#\/schema\/logo\/image\/"},"sameAs":["https:\/\/www.facebook.com\/wirmachenauf","https:\/\/x.com\/WirMachenAuf_de"]},{"@type":"Person","@id":"https:\/\/now-news.de\/de\/#\/schema\/person\/fb534a4e865501d8b3285208df34a9b5","name":"rtnews","image":{"@type":"ImageObject","inLanguage":"de","@id":"https:\/\/now-news.de\/de\/#\/schema\/person\/image\/","url":"https:\/\/secure.gravatar.com\/avatar\/82aafea7d8127119dd649515f56e2117?s=96&d=mm&r=g","contentUrl":"https:\/\/secure.gravatar.com\/avatar\/82aafea7d8127119dd649515f56e2117?s=96&d=mm&r=g","caption":"rtnews"},"url":"https:\/\/now-news.de\/de\/author\/rnews\/"}]}},"_links":{"self":[{"href":"https:\/\/now-news.de\/de\/wp-json\/wp\/v2\/posts\/36518"}],"collection":[{"href":"https:\/\/now-news.de\/de\/wp-json\/wp\/v2\/posts"}],"about":[{"href":"https:\/\/now-news.de\/de\/wp-json\/wp\/v2\/types\/post"}],"author":[{"embeddable":true,"href":"https:\/\/now-news.de\/de\/wp-json\/wp\/v2\/users\/3"}],"replies":[{"embeddable":true,"href":"https:\/\/now-news.de\/de\/wp-json\/wp\/v2\/comments?post=36518"}],"version-history":[{"count":0,"href":"https:\/\/now-news.de\/de\/wp-json\/wp\/v2\/posts\/36518\/revisions"}],"wp:featuredmedia":[{"embeddable":true,"href":"https:\/\/now-news.de\/de\/wp-json\/wp\/v2\/media\/36519"}],"wp:attachment":[{"href":"https:\/\/now-news.de\/de\/wp-json\/wp\/v2\/media?parent=36518"}],"wp:term":[{"taxonomy":"category","embeddable":true,"href":"https:\/\/now-news.de\/de\/wp-json\/wp\/v2\/categories?post=36518"},{"taxonomy":"post_tag","embeddable":true,"href":"https:\/\/now-news.de\/de\/wp-json\/wp\/v2\/tags?post=36518"}],"curies":[{"name":"wp","href":"https:\/\/api.w.org\/{rel}","templated":true}]}}