{"id":36516,"date":"2023-05-22T11:54:12","date_gmt":"2023-05-22T09:54:12","guid":{"rendered":"http:\/\/just-now.news\/de\/deutschland\/nach-freilassung-von-schleppern-oesterreich-verstaerkt-grenzkontrollen-zu-ungarn\/"},"modified":"2023-05-22T11:54:12","modified_gmt":"2023-05-22T09:54:12","slug":"nach-freilassung-von-schleppern-oesterreich-verstaerkt-grenzkontrollen-zu-ungarn","status":"publish","type":"post","link":"https:\/\/now-news.de\/de\/deutschland\/nach-freilassung-von-schleppern-oesterreich-verstaerkt-grenzkontrollen-zu-ungarn\/","title":{"rendered":"Nach Freilassung von Schleppern \u2013 \u00d6sterreich verst\u00e4rkt Grenzkontrollen zu Ungarn"},"content":{"rendered":"<p><img decoding=\"async\" src=\"http:\/\/just-now.news\/de\/wp-content\/uploads\/sites\/3\/2023\/05\/646b333fb480cc083131acf4.jpg\" \/><\/p>\n<div class=\"Text-root Text-type_1 \">\n                Nach einer Verordnung der ungarischen Regierung von Ende April sollen inhaftierte Schlepper freigelassen werden, wenn sie das Land binnen 72 Stunden verlassen. Als Reaktion auf die Ma\u00dfnahme verst\u00e4rkte das Nachbarland \u00d6sterreich nun seine Grenzkontrollen.\n            <\/div>\n<p><\/p>\n<div class=\"Text-root Text-type_5 ArticleView-text ViewText-root \">\n<p>Nachdem Ungarns Regierung ausl\u00e4ndische Strafgefangene freil\u00e4sst, die in Ungarn wegen Menschenschmuggels verurteilt wurden, hat \u00d6sterreich die Grenzkontrollen zum Nachbarland verst\u00e4rkt. Das Innenministerium best\u00e4tigte auf Anfrage der \u00f6sterreichischen Nachrichtenagentur <em>APA<\/em> vom Sonntag, dass die Grenzkontrollen intensiviert wurden.<\/p>\n<p>Der Schwerpunkt der Kontrollen liege bei Fahrzeugen aus Ungarn, Rum\u00e4nien und Serbien. Au\u00dferdem solle gepr\u00fcft werden, ob eine Fortf\u00fchrung der polizeilichen Kooperation mit Ungarn m\u00f6glich sei.<\/p>\n<p>Gem\u00e4\u00df einer Verordnung, welche die ungarische Regierung von Viktor Orb\u00e1n Ende des Vormonats erlassen hat, werden inhaftierte Schlepper freigelassen, wenn sie anschlie\u00dfend Ungarn innerhalb von 72 Stunden verlassen.<\/p>\n<p>Das ungarische Strafrecht sieht an sich f\u00fcr Menschenschmuggel langj\u00e4hrige Haftstrafen von 2 bis zu 20 Jahren vor. Der ungarische Kanzleramtsminister Gergely Guly\u00e1s begr\u00fcndete den Schritt damit, dass die Inhaftierung ausl\u00e4ndischer Straft\u00e4ter Ungarn zu teuer k\u00e4me.<\/p>\n<p>Offiziellen Angaben zufolge sitzen derzeit 2.600 Ausl\u00e4nder aus 73 L\u00e4ndern in Ungarn in Haft, beim \u00fcberwiegenden Teil von ihnen handelt es sich um Straft\u00e4ter, die wegen Schlepperei verurteilt worden sind. In ungarischen Medien war von einer Freilassung f\u00fcr 700 Personen die Rede, vorwiegend aus Serbien, Rum\u00e4nien und der Ukraine.<\/p>\n<p>In Ungarn regt sich bereits Widerstand gegen diese Ma\u00dfnahme. Andere H\u00e4ftlinge protestieren gegen diese bevorzugte Freilassung von rechtskr\u00e4ftig verurteilten Straft\u00e4tern. Rund 13 Prozent aller Strafgefangenen sind wegen Schlepperei verurteilt. Auch von Menschenrechtsaktivisten gab es Bedenken.<\/p>\n<p>\u00d6sterreich hatte am Freitag nach Bekanntwerden der Ma\u00dfnahme irritiert reagiert. Das Innenministerium sucht nun den Kontakt zur ungarischen Seite. Neben verst\u00e4rkten Grenzkontrollen w\u00fcrden weitere Ma\u00dfnahmen gepr\u00fcft, hie\u00df es.<\/p>\n<p><strong>Mehr zum Thema<\/strong> \u2013 <a rel=\"nofollow noopener\" target=\"_blank\" href=\"https:\/\/freeassange.rtde.life\/inland\/170556-cdu-fordert-staerkere-grenzkontrollen-afd-auch-mehr-abschiebungen\/\">CDU fordert st\u00e4rkere Grenzkontrollen \u2013 AfD auch &#8220;mehr Abschiebungen&#8221;<\/a><\/p>\n<div class=\"EmbedBlock-root EmbedBlock-externalVideo EmbedBlock-odysee\">\n<div class=\"VkEmbed\"><iframe class=\"lazyload\" data-src=\"https:\/\/odysee.com\/%24\/embed\/%40RTDE%3Ae%2FUngarn_legt_Veto_f%C3%BCr_Ukraine-Hilfen_ein%3Ad\" frameborder=\"0\" width=\"853\" height=\"480\" allowfullscreen><\/iframe><\/div>\n<\/div>\n<\/div>\n<p><br \/>\n<br \/><a href=\"https:\/\/de.rt.com\/europa\/170674-nach-freilassung-von-schleppern-oesterreich-verstaerkt-grenzkontrollen-zu-ungarn\/\">Source link <\/a><\/p>\n","protected":false},"excerpt":{"rendered":"<p>Nach einer Verordnung der ungarischen Regierung von Ende April sollen inhaftierte Schlepper freigelassen werden, wenn sie das Land binnen 72 Stunden verlassen. Als Reaktion auf die Ma\u00dfnahme verst\u00e4rkte das Nachbarland \u00d6sterreich nun seine Grenzkontrollen. Nachdem Ungarns Regierung ausl\u00e4ndische Strafgefangene freil\u00e4sst, die in Ungarn wegen Menschenschmuggels verurteilt wurden, hat \u00d6sterreich die Grenzkontrollen zum Nachbarland verst\u00e4rkt. Das [&hellip;]<\/p>\n","protected":false},"author":3,"featured_media":36517,"comment_status":"open","ping_status":"open","sticky":false,"template":"","format":"standard","meta":{"_yoast_indexnow_last_ping":["1684751037"],"wp_automatic_camp":["217"],"91117daa8881233d94bddef55eec9e59":["Nach Freilassung von Schleppern \u2013 \u00d6sterreich verst\u00e4rkt Grenzkontrollen zu Ungarn"],"original_link":["https:\/\/de.rt.com\/europa\/170674-nach-freilassung-von-schleppern-oesterreich-verstaerkt-grenzkontrollen-zu-ungarn\/"],"_thumbnail_id":["36517"],"_wptgpro_p2tg_sent2tg":["a:1:{i:23737;s:19:\"2023-05-22 12:25:02\";}"],"jnews_social_counter_last_update":["1777020341"]},"categories":[19,23],"tags":[18050,33596,979,7290,44583,11664,10898,50],"yoast_head":"<!-- This site is optimized with the Yoast SEO Premium plugin v22.7 (Yoast SEO v22.7) - https:\/\/yoast.com\/wordpress\/plugins\/seo\/ -->\n<title>Nach Freilassung von Schleppern \u2013 \u00d6sterreich verst\u00e4rkt Grenzkontrollen zu Ungarn - just-now.NEWS Deutschland<\/title>\n<meta name=\"robots\" content=\"index, follow, max-snippet:-1, max-image-preview:large, max-video-preview:-1\" \/>\n<link rel=\"canonical\" href=\"https:\/\/now-news.de\/de\/deutschland\/nach-freilassung-von-schleppern-oesterreich-verstaerkt-grenzkontrollen-zu-ungarn\/\" \/>\n<meta property=\"og:locale\" content=\"de_DE\" \/>\n<meta property=\"og:type\" content=\"article\" \/>\n<meta property=\"og:title\" content=\"Nach Freilassung von Schleppern \u2013 \u00d6sterreich verst\u00e4rkt Grenzkontrollen zu Ungarn\" \/>\n<meta property=\"og:description\" content=\"Nach einer Verordnung der ungarischen Regierung von Ende April sollen inhaftierte Schlepper freigelassen werden, wenn sie das Land binnen 72 Stunden verlassen. Als Reaktion auf die Ma\u00dfnahme verst\u00e4rkte das Nachbarland \u00d6sterreich nun seine Grenzkontrollen. Nachdem Ungarns Regierung ausl\u00e4ndische Strafgefangene freil\u00e4sst, die in Ungarn wegen Menschenschmuggels verurteilt wurden, hat \u00d6sterreich die Grenzkontrollen zum Nachbarland verst\u00e4rkt. Das [&hellip;]\" \/>\n<meta property=\"og:url\" content=\"https:\/\/now-news.de\/de\/deutschland\/nach-freilassung-von-schleppern-oesterreich-verstaerkt-grenzkontrollen-zu-ungarn\/\" \/>\n<meta property=\"og:site_name\" content=\"just-now.NEWS Deutschland\" \/>\n<meta property=\"article:publisher\" content=\"https:\/\/www.facebook.com\/wirmachenauf\" \/>\n<meta property=\"article:published_time\" content=\"2023-05-22T09:54:12+00:00\" \/>\n<meta property=\"og:image\" content=\"https:\/\/now-news.de\/de\/wp-content\/uploads\/sites\/3\/2023\/05\/Nach-Freilassung-von-Schleppern-\u2013-Oesterreich-verstaerkt-Grenzkontrollen-zu-Ungarn.jpg\" \/>\n\t<meta property=\"og:image:width\" content=\"460\" \/>\n\t<meta property=\"og:image:height\" content=\"259\" \/>\n\t<meta property=\"og:image:type\" content=\"image\/jpeg\" \/>\n<meta name=\"author\" content=\"rtnews\" \/>\n<meta name=\"twitter:card\" content=\"summary_large_image\" \/>\n<meta name=\"twitter:creator\" content=\"@WirMachenAuf_de\" \/>\n<meta name=\"twitter:site\" content=\"@WirMachenAuf_de\" \/>\n<meta name=\"twitter:label1\" content=\"Verfasst von\" \/>\n\t<meta name=\"twitter:data1\" content=\"rtnews\" \/>\n\t<meta name=\"twitter:label2\" content=\"Gesch\u00e4tzte Lesezeit\" \/>\n\t<meta name=\"twitter:data2\" content=\"2\u00a0Minuten\" \/>\n<script type=\"application\/ld+json\" class=\"yoast-schema-graph\">{\"@context\":\"https:\/\/schema.org\",\"@graph\":[{\"@type\":\"Article\",\"@id\":\"https:\/\/now-news.de\/de\/deutschland\/nach-freilassung-von-schleppern-oesterreich-verstaerkt-grenzkontrollen-zu-ungarn\/#article\",\"isPartOf\":{\"@id\":\"https:\/\/now-news.de\/de\/deutschland\/nach-freilassung-von-schleppern-oesterreich-verstaerkt-grenzkontrollen-zu-ungarn\/\"},\"author\":{\"name\":\"rtnews\",\"@id\":\"https:\/\/now-news.de\/de\/#\/schema\/person\/fb534a4e865501d8b3285208df34a9b5\"},\"headline\":\"Nach Freilassung von Schleppern \u2013 \u00d6sterreich verst\u00e4rkt Grenzkontrollen zu Ungarn\",\"datePublished\":\"2023-05-22T09:54:12+00:00\",\"dateModified\":\"2023-05-22T09:54:12+00:00\",\"mainEntityOfPage\":{\"@id\":\"https:\/\/now-news.de\/de\/deutschland\/nach-freilassung-von-schleppern-oesterreich-verstaerkt-grenzkontrollen-zu-ungarn\/\"},\"wordCount\":322,\"commentCount\":0,\"publisher\":{\"@id\":\"https:\/\/now-news.de\/de\/#organization\"},\"image\":{\"@id\":\"https:\/\/now-news.de\/de\/deutschland\/nach-freilassung-von-schleppern-oesterreich-verstaerkt-grenzkontrollen-zu-ungarn\/#primaryimage\"},\"thumbnailUrl\":\"https:\/\/now-news.de\/de\/wp-content\/uploads\/sites\/3\/2023\/05\/Nach-Freilassung-von-Schleppern-\u2013-Oesterreich-verstaerkt-Grenzkontrollen-zu-Ungarn.jpg\",\"keywords\":[\"Freilassung\",\"Grenzkontrollen\",\"nach\",\"\u00d6sterreich\",\"Schleppern\",\"Ungarn\",\"verst\u00e4rkt\",\"von\"],\"articleSection\":[\"Deutschland\",\"Russland\"],\"inLanguage\":\"de\",\"potentialAction\":[{\"@type\":\"CommentAction\",\"name\":\"Comment\",\"target\":[\"https:\/\/now-news.de\/de\/deutschland\/nach-freilassung-von-schleppern-oesterreich-verstaerkt-grenzkontrollen-zu-ungarn\/#respond\"]}]},{\"@type\":\"WebPage\",\"@id\":\"https:\/\/now-news.de\/de\/deutschland\/nach-freilassung-von-schleppern-oesterreich-verstaerkt-grenzkontrollen-zu-ungarn\/\",\"url\":\"https:\/\/now-news.de\/de\/deutschland\/nach-freilassung-von-schleppern-oesterreich-verstaerkt-grenzkontrollen-zu-ungarn\/\",\"name\":\"Nach Freilassung von Schleppern \u2013 \u00d6sterreich verst\u00e4rkt Grenzkontrollen zu Ungarn - just-now.NEWS Deutschland\",\"isPartOf\":{\"@id\":\"https:\/\/now-news.de\/de\/#website\"},\"primaryImageOfPage\":{\"@id\":\"https:\/\/now-news.de\/de\/deutschland\/nach-freilassung-von-schleppern-oesterreich-verstaerkt-grenzkontrollen-zu-ungarn\/#primaryimage\"},\"image\":{\"@id\":\"https:\/\/now-news.de\/de\/deutschland\/nach-freilassung-von-schleppern-oesterreich-verstaerkt-grenzkontrollen-zu-ungarn\/#primaryimage\"},\"thumbnailUrl\":\"https:\/\/now-news.de\/de\/wp-content\/uploads\/sites\/3\/2023\/05\/Nach-Freilassung-von-Schleppern-\u2013-Oesterreich-verstaerkt-Grenzkontrollen-zu-Ungarn.jpg\",\"datePublished\":\"2023-05-22T09:54:12+00:00\",\"dateModified\":\"2023-05-22T09:54:12+00:00\",\"breadcrumb\":{\"@id\":\"https:\/\/now-news.de\/de\/deutschland\/nach-freilassung-von-schleppern-oesterreich-verstaerkt-grenzkontrollen-zu-ungarn\/#breadcrumb\"},\"inLanguage\":\"de\",\"potentialAction\":[{\"@type\":\"ReadAction\",\"target\":[\"https:\/\/now-news.de\/de\/deutschland\/nach-freilassung-von-schleppern-oesterreich-verstaerkt-grenzkontrollen-zu-ungarn\/\"]}]},{\"@type\":\"ImageObject\",\"inLanguage\":\"de\",\"@id\":\"https:\/\/now-news.de\/de\/deutschland\/nach-freilassung-von-schleppern-oesterreich-verstaerkt-grenzkontrollen-zu-ungarn\/#primaryimage\",\"url\":\"https:\/\/now-news.de\/de\/wp-content\/uploads\/sites\/3\/2023\/05\/Nach-Freilassung-von-Schleppern-\u2013-Oesterreich-verstaerkt-Grenzkontrollen-zu-Ungarn.jpg\",\"contentUrl\":\"https:\/\/now-news.de\/de\/wp-content\/uploads\/sites\/3\/2023\/05\/Nach-Freilassung-von-Schleppern-\u2013-Oesterreich-verstaerkt-Grenzkontrollen-zu-Ungarn.jpg\",\"width\":460,\"height\":259,\"caption\":\"Nach Freilassung von Schleppern \u2013 \u00d6sterreich verst\u00e4rkt Grenzkontrollen zu Ungarn\"},{\"@type\":\"BreadcrumbList\",\"@id\":\"https:\/\/now-news.de\/de\/deutschland\/nach-freilassung-von-schleppern-oesterreich-verstaerkt-grenzkontrollen-zu-ungarn\/#breadcrumb\",\"itemListElement\":[{\"@type\":\"ListItem\",\"position\":1,\"name\":\"Home\",\"item\":\"https:\/\/now-news.de\/de\/\"},{\"@type\":\"ListItem\",\"position\":2,\"name\":\"Nach Freilassung von Schleppern \u2013 \u00d6sterreich verst\u00e4rkt Grenzkontrollen zu Ungarn\"}]},{\"@type\":\"WebSite\",\"@id\":\"https:\/\/now-news.de\/de\/#website\",\"url\":\"https:\/\/now-news.de\/de\/\",\"name\":\"just-now.NEWS Deutschland\",\"description\":\"Das Portal f\u00fcr unzensierte Nachrichten aus der Welt\",\"publisher\":{\"@id\":\"https:\/\/now-news.de\/de\/#organization\"},\"potentialAction\":[{\"@type\":\"SearchAction\",\"target\":{\"@type\":\"EntryPoint\",\"urlTemplate\":\"https:\/\/now-news.de\/de\/?s={search_term_string}\"},\"query-input\":\"required name=search_term_string\"}],\"inLanguage\":\"de\"},{\"@type\":\"Organization\",\"@id\":\"https:\/\/now-news.de\/de\/#organization\",\"name\":\"Just Now News\",\"url\":\"https:\/\/now-news.de\/de\/\",\"logo\":{\"@type\":\"ImageObject\",\"inLanguage\":\"de\",\"@id\":\"https:\/\/now-news.de\/de\/#\/schema\/logo\/image\/\",\"url\":\"http:\/\/just-now.news\/de\/wp-content\/uploads\/sites\/3\/2022\/04\/logo500x500.jpg\",\"contentUrl\":\"http:\/\/just-now.news\/de\/wp-content\/uploads\/sites\/3\/2022\/04\/logo500x500.jpg\",\"width\":500,\"height\":500,\"caption\":\"Just Now News\"},\"image\":{\"@id\":\"https:\/\/now-news.de\/de\/#\/schema\/logo\/image\/\"},\"sameAs\":[\"https:\/\/www.facebook.com\/wirmachenauf\",\"https:\/\/x.com\/WirMachenAuf_de\"]},{\"@type\":\"Person\",\"@id\":\"https:\/\/now-news.de\/de\/#\/schema\/person\/fb534a4e865501d8b3285208df34a9b5\",\"name\":\"rtnews\",\"image\":{\"@type\":\"ImageObject\",\"inLanguage\":\"de\",\"@id\":\"https:\/\/now-news.de\/de\/#\/schema\/person\/image\/\",\"url\":\"https:\/\/secure.gravatar.com\/avatar\/82aafea7d8127119dd649515f56e2117?s=96&d=mm&r=g\",\"contentUrl\":\"https:\/\/secure.gravatar.com\/avatar\/82aafea7d8127119dd649515f56e2117?s=96&d=mm&r=g\",\"caption\":\"rtnews\"},\"url\":\"https:\/\/now-news.de\/de\/author\/rnews\/\"}]}<\/script>\n<!-- \/ Yoast SEO Premium plugin. -->","yoast_head_json":{"title":"Nach Freilassung von Schleppern \u2013 \u00d6sterreich verst\u00e4rkt Grenzkontrollen zu Ungarn - just-now.NEWS Deutschland","robots":{"index":"index","follow":"follow","max-snippet":"max-snippet:-1","max-image-preview":"max-image-preview:large","max-video-preview":"max-video-preview:-1"},"canonical":"https:\/\/now-news.de\/de\/deutschland\/nach-freilassung-von-schleppern-oesterreich-verstaerkt-grenzkontrollen-zu-ungarn\/","og_locale":"de_DE","og_type":"article","og_title":"Nach Freilassung von Schleppern \u2013 \u00d6sterreich verst\u00e4rkt Grenzkontrollen zu Ungarn","og_description":"Nach einer Verordnung der ungarischen Regierung von Ende April sollen inhaftierte Schlepper freigelassen werden, wenn sie das Land binnen 72 Stunden verlassen. Als Reaktion auf die Ma\u00dfnahme verst\u00e4rkte das Nachbarland \u00d6sterreich nun seine Grenzkontrollen. Nachdem Ungarns Regierung ausl\u00e4ndische Strafgefangene freil\u00e4sst, die in Ungarn wegen Menschenschmuggels verurteilt wurden, hat \u00d6sterreich die Grenzkontrollen zum Nachbarland verst\u00e4rkt. Das [&hellip;]","og_url":"https:\/\/now-news.de\/de\/deutschland\/nach-freilassung-von-schleppern-oesterreich-verstaerkt-grenzkontrollen-zu-ungarn\/","og_site_name":"just-now.NEWS Deutschland","article_publisher":"https:\/\/www.facebook.com\/wirmachenauf","article_published_time":"2023-05-22T09:54:12+00:00","og_image":[{"width":460,"height":259,"url":"https:\/\/now-news.de\/de\/wp-content\/uploads\/sites\/3\/2023\/05\/Nach-Freilassung-von-Schleppern-\u2013-Oesterreich-verstaerkt-Grenzkontrollen-zu-Ungarn.jpg","type":"image\/jpeg"}],"author":"rtnews","twitter_card":"summary_large_image","twitter_creator":"@WirMachenAuf_de","twitter_site":"@WirMachenAuf_de","twitter_misc":{"Verfasst von":"rtnews","Gesch\u00e4tzte Lesezeit":"2\u00a0Minuten"},"schema":{"@context":"https:\/\/schema.org","@graph":[{"@type":"Article","@id":"https:\/\/now-news.de\/de\/deutschland\/nach-freilassung-von-schleppern-oesterreich-verstaerkt-grenzkontrollen-zu-ungarn\/#article","isPartOf":{"@id":"https:\/\/now-news.de\/de\/deutschland\/nach-freilassung-von-schleppern-oesterreich-verstaerkt-grenzkontrollen-zu-ungarn\/"},"author":{"name":"rtnews","@id":"https:\/\/now-news.de\/de\/#\/schema\/person\/fb534a4e865501d8b3285208df34a9b5"},"headline":"Nach Freilassung von Schleppern \u2013 \u00d6sterreich verst\u00e4rkt Grenzkontrollen zu Ungarn","datePublished":"2023-05-22T09:54:12+00:00","dateModified":"2023-05-22T09:54:12+00:00","mainEntityOfPage":{"@id":"https:\/\/now-news.de\/de\/deutschland\/nach-freilassung-von-schleppern-oesterreich-verstaerkt-grenzkontrollen-zu-ungarn\/"},"wordCount":322,"commentCount":0,"publisher":{"@id":"https:\/\/now-news.de\/de\/#organization"},"image":{"@id":"https:\/\/now-news.de\/de\/deutschland\/nach-freilassung-von-schleppern-oesterreich-verstaerkt-grenzkontrollen-zu-ungarn\/#primaryimage"},"thumbnailUrl":"https:\/\/now-news.de\/de\/wp-content\/uploads\/sites\/3\/2023\/05\/Nach-Freilassung-von-Schleppern-\u2013-Oesterreich-verstaerkt-Grenzkontrollen-zu-Ungarn.jpg","keywords":["Freilassung","Grenzkontrollen","nach","\u00d6sterreich","Schleppern","Ungarn","verst\u00e4rkt","von"],"articleSection":["Deutschland","Russland"],"inLanguage":"de","potentialAction":[{"@type":"CommentAction","name":"Comment","target":["https:\/\/now-news.de\/de\/deutschland\/nach-freilassung-von-schleppern-oesterreich-verstaerkt-grenzkontrollen-zu-ungarn\/#respond"]}]},{"@type":"WebPage","@id":"https:\/\/now-news.de\/de\/deutschland\/nach-freilassung-von-schleppern-oesterreich-verstaerkt-grenzkontrollen-zu-ungarn\/","url":"https:\/\/now-news.de\/de\/deutschland\/nach-freilassung-von-schleppern-oesterreich-verstaerkt-grenzkontrollen-zu-ungarn\/","name":"Nach Freilassung von Schleppern \u2013 \u00d6sterreich verst\u00e4rkt Grenzkontrollen zu Ungarn - just-now.NEWS Deutschland","isPartOf":{"@id":"https:\/\/now-news.de\/de\/#website"},"primaryImageOfPage":{"@id":"https:\/\/now-news.de\/de\/deutschland\/nach-freilassung-von-schleppern-oesterreich-verstaerkt-grenzkontrollen-zu-ungarn\/#primaryimage"},"image":{"@id":"https:\/\/now-news.de\/de\/deutschland\/nach-freilassung-von-schleppern-oesterreich-verstaerkt-grenzkontrollen-zu-ungarn\/#primaryimage"},"thumbnailUrl":"https:\/\/now-news.de\/de\/wp-content\/uploads\/sites\/3\/2023\/05\/Nach-Freilassung-von-Schleppern-\u2013-Oesterreich-verstaerkt-Grenzkontrollen-zu-Ungarn.jpg","datePublished":"2023-05-22T09:54:12+00:00","dateModified":"2023-05-22T09:54:12+00:00","breadcrumb":{"@id":"https:\/\/now-news.de\/de\/deutschland\/nach-freilassung-von-schleppern-oesterreich-verstaerkt-grenzkontrollen-zu-ungarn\/#breadcrumb"},"inLanguage":"de","potentialAction":[{"@type":"ReadAction","target":["https:\/\/now-news.de\/de\/deutschland\/nach-freilassung-von-schleppern-oesterreich-verstaerkt-grenzkontrollen-zu-ungarn\/"]}]},{"@type":"ImageObject","inLanguage":"de","@id":"https:\/\/now-news.de\/de\/deutschland\/nach-freilassung-von-schleppern-oesterreich-verstaerkt-grenzkontrollen-zu-ungarn\/#primaryimage","url":"https:\/\/now-news.de\/de\/wp-content\/uploads\/sites\/3\/2023\/05\/Nach-Freilassung-von-Schleppern-\u2013-Oesterreich-verstaerkt-Grenzkontrollen-zu-Ungarn.jpg","contentUrl":"https:\/\/now-news.de\/de\/wp-content\/uploads\/sites\/3\/2023\/05\/Nach-Freilassung-von-Schleppern-\u2013-Oesterreich-verstaerkt-Grenzkontrollen-zu-Ungarn.jpg","width":460,"height":259,"caption":"Nach Freilassung von Schleppern \u2013 \u00d6sterreich verst\u00e4rkt Grenzkontrollen zu Ungarn"},{"@type":"BreadcrumbList","@id":"https:\/\/now-news.de\/de\/deutschland\/nach-freilassung-von-schleppern-oesterreich-verstaerkt-grenzkontrollen-zu-ungarn\/#breadcrumb","itemListElement":[{"@type":"ListItem","position":1,"name":"Home","item":"https:\/\/now-news.de\/de\/"},{"@type":"ListItem","position":2,"name":"Nach Freilassung von Schleppern \u2013 \u00d6sterreich verst\u00e4rkt Grenzkontrollen zu Ungarn"}]},{"@type":"WebSite","@id":"https:\/\/now-news.de\/de\/#website","url":"https:\/\/now-news.de\/de\/","name":"just-now.NEWS Deutschland","description":"Das Portal f\u00fcr unzensierte Nachrichten aus der Welt","publisher":{"@id":"https:\/\/now-news.de\/de\/#organization"},"potentialAction":[{"@type":"SearchAction","target":{"@type":"EntryPoint","urlTemplate":"https:\/\/now-news.de\/de\/?s={search_term_string}"},"query-input":"required name=search_term_string"}],"inLanguage":"de"},{"@type":"Organization","@id":"https:\/\/now-news.de\/de\/#organization","name":"Just Now News","url":"https:\/\/now-news.de\/de\/","logo":{"@type":"ImageObject","inLanguage":"de","@id":"https:\/\/now-news.de\/de\/#\/schema\/logo\/image\/","url":"http:\/\/just-now.news\/de\/wp-content\/uploads\/sites\/3\/2022\/04\/logo500x500.jpg","contentUrl":"http:\/\/just-now.news\/de\/wp-content\/uploads\/sites\/3\/2022\/04\/logo500x500.jpg","width":500,"height":500,"caption":"Just Now News"},"image":{"@id":"https:\/\/now-news.de\/de\/#\/schema\/logo\/image\/"},"sameAs":["https:\/\/www.facebook.com\/wirmachenauf","https:\/\/x.com\/WirMachenAuf_de"]},{"@type":"Person","@id":"https:\/\/now-news.de\/de\/#\/schema\/person\/fb534a4e865501d8b3285208df34a9b5","name":"rtnews","image":{"@type":"ImageObject","inLanguage":"de","@id":"https:\/\/now-news.de\/de\/#\/schema\/person\/image\/","url":"https:\/\/secure.gravatar.com\/avatar\/82aafea7d8127119dd649515f56e2117?s=96&d=mm&r=g","contentUrl":"https:\/\/secure.gravatar.com\/avatar\/82aafea7d8127119dd649515f56e2117?s=96&d=mm&r=g","caption":"rtnews"},"url":"https:\/\/now-news.de\/de\/author\/rnews\/"}]}},"_links":{"self":[{"href":"https:\/\/now-news.de\/de\/wp-json\/wp\/v2\/posts\/36516"}],"collection":[{"href":"https:\/\/now-news.de\/de\/wp-json\/wp\/v2\/posts"}],"about":[{"href":"https:\/\/now-news.de\/de\/wp-json\/wp\/v2\/types\/post"}],"author":[{"embeddable":true,"href":"https:\/\/now-news.de\/de\/wp-json\/wp\/v2\/users\/3"}],"replies":[{"embeddable":true,"href":"https:\/\/now-news.de\/de\/wp-json\/wp\/v2\/comments?post=36516"}],"version-history":[{"count":0,"href":"https:\/\/now-news.de\/de\/wp-json\/wp\/v2\/posts\/36516\/revisions"}],"wp:featuredmedia":[{"embeddable":true,"href":"https:\/\/now-news.de\/de\/wp-json\/wp\/v2\/media\/36517"}],"wp:attachment":[{"href":"https:\/\/now-news.de\/de\/wp-json\/wp\/v2\/media?parent=36516"}],"wp:term":[{"taxonomy":"category","embeddable":true,"href":"https:\/\/now-news.de\/de\/wp-json\/wp\/v2\/categories?post=36516"},{"taxonomy":"post_tag","embeddable":true,"href":"https:\/\/now-news.de\/de\/wp-json\/wp\/v2\/tags?post=36516"}],"curies":[{"name":"wp","href":"https:\/\/api.w.org\/{rel}","templated":true}]}}