{"id":3650,"date":"2022-04-26T12:40:19","date_gmt":"2022-04-26T13:40:19","guid":{"rendered":"http:\/\/just-now.news\/de\/deutschland\/analyse-zur-frankreich-wahl-ein-votum-fuer-macron-aber-nur-ein-spaerliches-ja-zu-europa\/"},"modified":"2022-04-26T12:40:19","modified_gmt":"2022-04-26T13:40:19","slug":"analyse-zur-frankreich-wahl-ein-votum-fuer-macron-aber-nur-ein-spaerliches-ja-zu-europa","status":"publish","type":"post","link":"https:\/\/now-news.de\/de\/deutschland\/analyse-zur-frankreich-wahl-ein-votum-fuer-macron-aber-nur-ein-spaerliches-ja-zu-europa\/","title":{"rendered":"Analyse zur Frankreich-Wahl: Ein Votum f\u00fcr Macron \u2013 aber nur ein sp\u00e4rliches Ja zu Europa"},"content":{"rendered":"<div class=\"Text-root Text-type_5 ArticleView-text ViewText-root \">\n<p><em>von Pierre L\u00e9vy<\/em><\/p>\n<p>Leichtsinn? Am 12. April meinte Emmanuel Macron in seiner Rede in Stra\u00dfburg, dass der zweite Wahlgang &#8220;ein Referendum \u00fcber Europa&#8221; sein w\u00fcrde. Und zum Abschluss der Fernsehdebatte pr\u00e4zisierte er sogar, dass es ein Referendum &#8220;f\u00fcr oder gegen die Europ\u00e4ische Union&#8221; sein werde. Zwar darf er nun schlie\u00dflich seinen Aufenthalt im \u00c9lys\u00e9e-Palast fortsetzen. Folgt man der Logik Macrons jedoch w\u00f6rtlich, so haben mit der Stichwahl bereits 41,5 Prozent der Franzosen dieser Europ\u00e4ischen Union (EU) die kalte Schulter gezeigt.<\/p>\n<div class=\"ReadMore-root Section-root Section-is1to3-xs_is1to1\" data-widgets=\"ReadMore\" data-has-alias>\n<div class=\"Section-container Section-isRow-isTop-isWrap\">\n<article class=\"Card-root Card-is1to1 \">\n<div class=\"Card-imageWrap\">\n<div class=\"Card-picture\">\n<picture class=\"Picture-root Picture-default\"><!--[if IE 9]><video style=\"display: none;\"><![endif]--><source media=\"(-webkit-min-device-pixel-ratio: 2) and (min-resolution: 120dpi)\" data-srcset=\" \nhttps:\/\/cdni.russiatoday.com\/deutsch\/images\/2022.04\/thumbnail\/62664fde48fbef33ff32435e.jpg 850w,\n                https:\/\/cdni.russiatoday.com\/deutsch\/images\/2022.04\/article\/62664fde48fbef33ff32435e.jpg 1960w,\n            \" srcset=\"data:image\/png;base64,iVBORw0KGgoAAAANSUhEUgAAABAAAAAJCAQAAACRI2S5AAAAEElEQVR42mNkIAAYRxWAAQAG9gAKqv6+AwAAAABJRU5ErkJggg==\"><source data-srcset=\" \nhttps:\/\/cdni.russiatoday.com\/deutsch\/images\/2022.04\/thumbnail\/62664fde48fbef33ff32435e.jpg 460w,\n              https:\/\/cdni.russiatoday.com\/deutsch\/images\/2022.04\/article\/62664fde48fbef33ff32435e.jpg 980w,\n            \" srcset=\"data:image\/png;base64,iVBORw0KGgoAAAANSUhEUgAAABAAAAAJCAQAAACRI2S5AAAAEElEQVR42mNkIAAYRxWAAQAG9gAKqv6+AwAAAABJRU5ErkJggg==\"><!--[if IE 9]><\/video><![endif]--><\/source><\/source><\/picture><!-- noscript pattern --><noscript><img decoding=\"async\" src=\"https:\/\/cdni.russiatoday.com\/deutsch\/images\/2022.04\/article\/62664fde48fbef33ff32435e.jpg\" alt=\"Frankreich nach Pr\u00e4sidentschaftswahl: Polizei in Paris schie\u00dft auf Fahrzeug \u2013 zwei Tote\"><\/noscript>    <\/div><\/div>\n<div class=\"Card-contentWrap\">\n<div class=\"Card-content\">\n<div class=\"Card-title\">\n<div class=\"HeaderNews-root HeaderNews-type_6 \">\n<p>            <a target=\"_blank\" href=\"https:\/\/de.rt.com\/international\/136940-frankreich-nach-prasidentschaftswahl-polizei-in\/\" class=\"Link-root Link-isFullCard \" rel=\"noopener\"><br \/>\n                Frankreich nach Pr\u00e4sidentschaftswahl: Polizei in Paris schie\u00dft auf Fahrzeug \u2013 zwei Tote<br \/>\n            <\/a><\/p><\/div><\/div><\/div><\/div>\n<\/article>\n<\/div><\/div>\n<p>Man wird einwenden, dass nicht alle W\u00e4hler von Marine Le Pen erkl\u00e4rte Bef\u00fcrworter eines &#8220;Frexits&#8221; seien. Die Kandidatin selbst hatte viel Energie darauf verwendet zu versichern, dass dies auch keineswegs ihr Ziel sei. Wenn man jedoch einen Moment dar\u00fcber nachdenkt, gibt es einen Punkt, in dem der Pr\u00e4sident vor dieser Wahl wahrscheinlich nicht ganz falsch lag: W\u00e4re die Chefin von Rassemblement National gew\u00e4hlt worden und h\u00e4tte sie dann noch den Mut gehabt, ihr Programm umzusetzen, w\u00e4re die Mitgliedschaft Frankreichs in der EU sehr schnell auf den Pr\u00fcfstand gekommen. Beispielsweise ist die Einf\u00fchrung der Dominanz des nationalen Rechts gegen\u00fcber dem EU-Recht an sich schon brisant. Denn die EU hat f\u00fcr ihre Sch\u00f6pfer und Paten nur dann einen Sinn, wenn sie auch in der Lage ist, diesem oder jenem Land die Beibehaltung einer Ausrichtung aufzuzwingen, die ein &#8220;Kreis der Vernunft&#8221; vorgeschrieben hat.<\/p>\n<p>Dass dieser Konflikt, der das Ende jeder Integration eingel\u00e4utet h\u00e4tte, nicht in der Absicht der Kandidatin lag, ist letztlich unwichtig. Entscheidend ist, dass ihre W\u00e4hler \u2013 egal wie &#8220;gem\u00e4\u00dfigt&#8221; sie selbst sich zu geben versuchte \u2013 ihre Stimmzettel genau dann in die Urnen warfen, als Emmanuel Macron (und alle politischen Kr\u00e4fte und Medien, die sich geschlossen f\u00fcr ihn aussprachen) f\u00fcr sie alle immer wiederholte: Wenn ihr Le Pen w\u00e4hlt, ist es aus mit der EU.<\/p>\n<p>In diesem Zusammenhang ist anzumerken, dass die Wahl eine Spaltung deutlich gemacht hat, die bereits beim Referendum \u00fcber den EU-Verfassungsvertrag 2005 deutlich wurde (und sich sogar seit 1992 mit Maastricht angedeutet hatte), und zwar eine Spaltung, die sich seither immer weiter verfestigt hat \u2013 n\u00e4mlich zwischen denjenigen, die sich ideologisch hinter die &#8220;globalisierten Eliten&#8221; stellen, also um die besitzenden Klassen herum, und den am meisten ausgebeuteten Klassen. Die Karten von der Wahl veranschaulichen diese &#8220;Klassen-Abstimmung&#8221; wieder einmal auf spektakul\u00e4re Weise.<\/p>\n<p>Bezeichnend war auch die Besorgnis der wichtigsten Politiker dieser EU im Vorfeld des 24. April. Wie eine neue Heilige Allianz brachten viele ihre Angst zum Ausdruck, dass sich die &#8220;Zukunft Europas&#8221; gar dort entscheiden w\u00fcrde. Der Vorsitzende des Ausw\u00e4rtigen Ausschusses des Bundestages rief aus:<\/p>\n<blockquote>\n<p><em>&#8220;Jetzt alle hinter Macron versammeln! Er oder der Untergang des vereinten Europas.&#8221;<\/em><\/p>\n<\/blockquote>\n<div class=\"ReadMore-root Section-root Section-is1to3-xs_is1to1\" data-widgets=\"ReadMore\" data-has-alias>\n<div class=\"Section-container Section-isRow-isTop-isWrap\">\n<article class=\"Card-root Card-is1to1 \">\n<div class=\"Card-imageWrap\">\n<div class=\"Card-picture\">\n<picture class=\"Picture-root Picture-default\"><!--[if IE 9]><video style=\"display: none;\"><![endif]--><source media=\"(-webkit-min-device-pixel-ratio: 2) and (min-resolution: 120dpi)\" data-srcset=\" \nhttps:\/\/cdni.russiatoday.com\/deutsch\/images\/2022.04\/thumbnail\/6262bc53b480cc5455618e21.jpg 850w,\n                https:\/\/cdni.russiatoday.com\/deutsch\/images\/2022.04\/article\/6262bc52b480cc5455618e20.jpg 1960w,\n            \" srcset=\"data:image\/png;base64,iVBORw0KGgoAAAANSUhEUgAAABAAAAAJCAQAAACRI2S5AAAAEElEQVR42mNkIAAYRxWAAQAG9gAKqv6+AwAAAABJRU5ErkJggg==\"><source data-srcset=\" \nhttps:\/\/cdni.russiatoday.com\/deutsch\/images\/2022.04\/thumbnail\/6262bc53b480cc5455618e21.jpg 460w,\n              https:\/\/cdni.russiatoday.com\/deutsch\/images\/2022.04\/article\/6262bc52b480cc5455618e20.jpg 980w,\n            \" srcset=\"data:image\/png;base64,iVBORw0KGgoAAAANSUhEUgAAABAAAAAJCAQAAACRI2S5AAAAEElEQVR42mNkIAAYRxWAAQAG9gAKqv6+AwAAAABJRU5ErkJggg==\"><!--[if IE 9]><\/video><![endif]--><img decoding=\"async\" data-sizes=\"auto\" src=\"data:image\/png;base64,iVBORw0KGgoAAAANSUhEUgAAABAAAAAJCAQAAACRI2S5AAAAEElEQVR42mNkIAAYRxWAAQAG9gAKqv6+AwAAAABJRU5ErkJggg==\" class=\"Picture-root Picture-default lazyload\" data-src=\"https:\/\/cdni.russiatoday.com\/deutsch\/images\/2022.04\/thumbnail\/6262bc53b480cc5455618e21.jpg\" alt='Wollen die Europ\u00e4er wirklich kalt duschen, nur um \"Putin eins auszuwischen\"?'><\/source><\/source><\/picture><!-- noscript pattern --><noscript><img decoding=\"async\" src=\"https:\/\/cdni.russiatoday.com\/deutsch\/images\/2022.04\/article\/6262bc52b480cc5455618e20.jpg\" alt='Wollen die Europ\u00e4er wirklich kalt duschen, nur um \"Putin eins auszuwischen\"?'><\/noscript>    <\/div><\/div>\n<div class=\"Card-contentWrap\">\n<div class=\"Card-label\">\n            <span class=\"Label-root\"><br \/>\n                Meinung<br \/>\n            <\/span>\n        <\/div>\n<div class=\"Card-content\">\n<div class=\"Card-title\">\n<div class=\"HeaderNews-root HeaderNews-type_6 \">\n<p>            <a target=\"_blank\" href=\"https:\/\/de.rt.com\/meinung\/136778-wollen-europaer-wirklich-kalt-duschen\/\" class=\"Link-root Link-isFullCard \" rel=\"noopener\"><br \/>\n                Wollen die Europ\u00e4er wirklich kalt duschen, nur um &#8220;Putin eins auszuwischen&#8221;?<br \/>\n            <\/a><\/p><\/div><\/div><\/div><\/div>\n<\/article>\n<\/div><\/div>\n<p>Der spanische Ministerpr\u00e4sident erkl\u00e4rte am 9. April, dass &#8220;die Feinde der EU nicht nur in Moskau, sondern auch in Paris sitzen&#8221;. Pedro S\u00e1nchez hat \u00fcbrigens gemeinsam mit dem deutschen Bundeskanzler und dem portugiesischen Premierminister einen Meinungstext unterzeichnet, der auch von <em>Le Monde<\/em> noch am 22. April bereitwillig ver\u00f6ffentlicht wurde und in dem offen dazu aufgerufen wurde, f\u00fcr ihren amtierenden franz\u00f6sischen Kollegen zu stimmen. Eine Initiative, die \u2013 Ironie der Geschichte \u2013 zu einem Zeitpunkt stattfindet, an dem man in Br\u00fcssel nicht aufh\u00f6rt, Moskau zu beschuldigen, sich angeblich stets in die Wahlen auch der EU-Mitgliedsstaaten einmischen zu wollen. Man kann sich die apoplektischen Reaktionen kaum vorstellen, wenn Wladimir Putin am Vorabend des zweiten Wahlgangs einen Aufruf etwa in dem Sinne ver\u00f6ffentlicht h\u00e4tte, er w\u00fcrde hoffen, dass die B\u00fcrger der Franz\u00f6sischen Republik Marine Le Pen w\u00e4hlen werden.<\/p>\n<p>In Rom sagte Enrico Letta:<\/p>\n<blockquote>\n<p><em>&#8220;Der Erfolg von Marine Le Pen w\u00e4re ein gr\u00f6\u00dferer Sieg f\u00fcr Putin als der in der Ukraine&#8221;.<\/em><\/p>\n<\/blockquote>\n<p>Der Vorsitzende dieser &#8220;Partito Democratico&#8221; (einer &#8220;Mitte-Links&#8221;-Partei, die die Regierung unterst\u00fctzt) und ehemalige Premierminister ging sogar noch weiter und meinte, dass der aktuelle Krieg &#8220;<em>ein sehr starkes europ\u00e4isches Momentum, eine Gelegenheit, die man nicht verpassen darf<\/em>&#8221; darstelle, um die Integration zu beschleunigen und neue Formen der Erweiterung, insbesondere in Richtung der Ukraine, zu erfinden. Eine These, die sowohl von der EU-Kommission in Br\u00fcssel als auch in einigen EU-Hauptst\u00e4dten weitgehend geteilt wird.<\/p>\n<div class=\"ReadMore-root Section-root Section-is1to3-xs_is1to1\" data-widgets=\"ReadMore\" data-has-alias>\n<div class=\"Section-container Section-isRow-isTop-isWrap\">\n<article class=\"Card-root Card-is1to1 \">\n<div class=\"Card-imageWrap\">\n<div class=\"Card-picture\">\n<picture class=\"Picture-root Picture-default\"><!--[if IE 9]><video style=\"display: none;\"><![endif]--><source media=\"(-webkit-min-device-pixel-ratio: 2) and (min-resolution: 120dpi)\" data-srcset=\" \nhttps:\/\/cdni.russiatoday.com\/deutsch\/images\/2022.04\/thumbnail\/62666da5b480cc5157226efa.jpg 850w,\n                https:\/\/cdni.russiatoday.com\/deutsch\/images\/2022.04\/article\/62666da5b480cc5157226ef9.jpg 1960w,\n            \" srcset=\"data:image\/png;base64,iVBORw0KGgoAAAANSUhEUgAAABAAAAAJCAQAAACRI2S5AAAAEElEQVR42mNkIAAYRxWAAQAG9gAKqv6+AwAAAABJRU5ErkJggg==\"><source data-srcset=\" \nhttps:\/\/cdni.russiatoday.com\/deutsch\/images\/2022.04\/thumbnail\/62666da5b480cc5157226efa.jpg 460w,\n              https:\/\/cdni.russiatoday.com\/deutsch\/images\/2022.04\/article\/62666da5b480cc5157226ef9.jpg 980w,\n            \" srcset=\"data:image\/png;base64,iVBORw0KGgoAAAANSUhEUgAAABAAAAAJCAQAAACRI2S5AAAAEElEQVR42mNkIAAYRxWAAQAG9gAKqv6+AwAAAABJRU5ErkJggg==\"><!--[if IE 9]><\/video><![endif]--><img decoding=\"async\" data-sizes=\"auto\" src=\"data:image\/png;base64,iVBORw0KGgoAAAANSUhEUgAAABAAAAAJCAQAAACRI2S5AAAAEElEQVR42mNkIAAYRxWAAQAG9gAKqv6+AwAAAABJRU5ErkJggg==\" class=\"Picture-root Picture-default lazyload\" data-src=\"https:\/\/cdni.russiatoday.com\/deutsch\/images\/2022.04\/thumbnail\/62666da5b480cc5157226efa.jpg\" alt='Putin w\u00fcnscht Macron \"Erfolg bei der Staatsf\u00fchrung\"'><\/source><\/source><\/picture><!-- noscript pattern --><noscript><img decoding=\"async\" src=\"https:\/\/cdni.russiatoday.com\/deutsch\/images\/2022.04\/article\/62666da5b480cc5157226ef9.jpg\" alt='Putin w\u00fcnscht Macron \"Erfolg bei der Staatsf\u00fchrung\"'><\/noscript>    <\/div><\/div>\n<div class=\"Card-contentWrap\">\n<div class=\"Card-content\">\n<div class=\"Card-title\">\n<div class=\"HeaderNews-root HeaderNews-type_6 \">\n<p>            <a target=\"_blank\" href=\"https:\/\/de.rt.com\/international\/136954-putin-scholz-und-co-gratulieren\/\" class=\"Link-root Link-isFullCard \" rel=\"noopener\"><br \/>\n                Putin w\u00fcnscht Macron &#8220;Erfolg bei der Staatsf\u00fchrung&#8221;<br \/>\n            <\/a><\/p><\/div><\/div><\/div><\/div>\n<\/article>\n<\/div><\/div>\n<p>Genau diejenigen, die \u00fcber das Schicksal des ukrainischen Volkes entsetzte Krokodilstr\u00e4nen vergie\u00dfen, halten diesen Krieg alles in allem f\u00fcr <em>eine Gelegenheit, die man nicht verpassen sollte<\/em>. Es ist wahrscheinlich, dass der Herr des \u00c9lys\u00e9e-Palastes diesen Zynismus teilt. Und wird wahrscheinlich schnell vergessen, dass seiner eigenen Analyse zufolge fast jeder zweite W\u00e4hler es gewagt hat, die Europ\u00e4ische Union und ihre &#8220;Retter&#8221; herauszufordern.<\/p>\n<p>Angesichts dieser Umst\u00e4nde haben die kalten Schwei\u00dfausbr\u00fcche der Bef\u00fcrworter dieser &#8220;Europ\u00e4ischen Union&#8221; wahrscheinlich gerade erst begonnen.<\/p>\n<p><strong>Mehr zum Thema<\/strong> &#8211; <a target=\"_blank\" href=\"https:\/\/test.rtde.live\/europa\/136938-geschwaechter-macron-geht-in-zweite-amtszeit\/\" rel=\"noopener noreferrer\">Geschw\u00e4chter Macron geht in zweite Amtszeit <\/a><\/p>\n<\/div>\n<p><br \/>\n<br \/><a href=\"https:\/\/de.rt.com\/europa\/137032-wahlsieger-im-gegenwind\/\">Source link <\/a><\/p>\n","protected":false},"excerpt":{"rendered":"<p>von Pierre L\u00e9vy Leichtsinn? Am 12. April meinte Emmanuel Macron in seiner Rede in Stra\u00dfburg, dass der zweite Wahlgang &#8220;ein Referendum \u00fcber Europa&#8221; sein w\u00fcrde. Und zum Abschluss der Fernsehdebatte pr\u00e4zisierte er sogar, dass es ein Referendum &#8220;f\u00fcr oder gegen die Europ\u00e4ische Union&#8221; sein werde. Zwar darf er nun schlie\u00dflich seinen Aufenthalt im \u00c9lys\u00e9e-Palast fortsetzen. [&hellip;]<\/p>\n","protected":false},"author":3,"featured_media":3651,"comment_status":"open","ping_status":"open","sticky":false,"template":"","format":"standard","meta":{"wp_automatic_camp":["217"],"e90484934363916c410b5996f1c6a20c":["Analyse zur Frankreich-Wahl: Ein Votum f\u00fcr Macron \u2013 aber nur ein sp\u00e4rliches Ja zu Europa"],"original_link":["https:\/\/de.rt.com\/europa\/137032-wahlsieger-im-gegenwind\/"],"_thumbnail_id":["3651"],"wp_automatic_remove_first_image":["yes"],"jnews_social_counter_last_update":["1777629264"]},"categories":[19,23],"tags":[2205,595,357,1370,10552,221,1711,4230,10554,10553,581],"yoast_head":"<!-- This site is optimized with the Yoast SEO Premium plugin v22.7 (Yoast SEO v22.7) - https:\/\/yoast.com\/wordpress\/plugins\/seo\/ -->\n<title>Analyse zur Frankreich-Wahl: Ein Votum f\u00fcr Macron \u2013 aber nur ein sp\u00e4rliches Ja zu Europa - just-now.NEWS Deutschland<\/title>\n<meta name=\"robots\" content=\"index, follow, max-snippet:-1, max-image-preview:large, max-video-preview:-1\" \/>\n<link rel=\"canonical\" href=\"https:\/\/now-news.de\/de\/deutschland\/analyse-zur-frankreich-wahl-ein-votum-fuer-macron-aber-nur-ein-spaerliches-ja-zu-europa\/\" \/>\n<meta property=\"og:locale\" content=\"de_DE\" \/>\n<meta property=\"og:type\" content=\"article\" \/>\n<meta property=\"og:title\" content=\"Analyse zur Frankreich-Wahl: Ein Votum f\u00fcr Macron \u2013 aber nur ein sp\u00e4rliches Ja zu Europa\" \/>\n<meta property=\"og:description\" content=\"von Pierre L\u00e9vy Leichtsinn? Am 12. April meinte Emmanuel Macron in seiner Rede in Stra\u00dfburg, dass der zweite Wahlgang &#8220;ein Referendum \u00fcber Europa&#8221; sein w\u00fcrde. Und zum Abschluss der Fernsehdebatte pr\u00e4zisierte er sogar, dass es ein Referendum &#8220;f\u00fcr oder gegen die Europ\u00e4ische Union&#8221; sein werde. Zwar darf er nun schlie\u00dflich seinen Aufenthalt im \u00c9lys\u00e9e-Palast fortsetzen. [&hellip;]\" \/>\n<meta property=\"og:url\" content=\"https:\/\/now-news.de\/de\/deutschland\/analyse-zur-frankreich-wahl-ein-votum-fuer-macron-aber-nur-ein-spaerliches-ja-zu-europa\/\" \/>\n<meta property=\"og:site_name\" content=\"just-now.NEWS Deutschland\" \/>\n<meta property=\"article:publisher\" content=\"https:\/\/www.facebook.com\/wirmachenauf\" \/>\n<meta property=\"article:published_time\" content=\"2022-04-26T13:40:19+00:00\" \/>\n<meta property=\"og:image\" content=\"https:\/\/now-news.de\/de\/wp-content\/uploads\/sites\/3\/2022\/04\/Analyse-zur-Frankreich-Wahl-Ein-Votum-fuer-Macron-\u2013-aber-nur.jpg\" \/>\n\t<meta property=\"og:image:width\" content=\"1104\" \/>\n\t<meta property=\"og:image:height\" content=\"622\" \/>\n\t<meta property=\"og:image:type\" content=\"image\/jpeg\" \/>\n<meta name=\"author\" content=\"rtnews\" \/>\n<meta name=\"twitter:card\" content=\"summary_large_image\" \/>\n<meta name=\"twitter:creator\" content=\"@WirMachenAuf_de\" \/>\n<meta name=\"twitter:site\" content=\"@WirMachenAuf_de\" \/>\n<meta name=\"twitter:label1\" content=\"Verfasst von\" \/>\n\t<meta name=\"twitter:data1\" content=\"rtnews\" \/>\n\t<meta name=\"twitter:label2\" content=\"Gesch\u00e4tzte Lesezeit\" \/>\n\t<meta name=\"twitter:data2\" content=\"4\u00a0Minuten\" \/>\n<script type=\"application\/ld+json\" class=\"yoast-schema-graph\">{\"@context\":\"https:\/\/schema.org\",\"@graph\":[{\"@type\":\"Article\",\"@id\":\"https:\/\/now-news.de\/de\/deutschland\/analyse-zur-frankreich-wahl-ein-votum-fuer-macron-aber-nur-ein-spaerliches-ja-zu-europa\/#article\",\"isPartOf\":{\"@id\":\"https:\/\/now-news.de\/de\/deutschland\/analyse-zur-frankreich-wahl-ein-votum-fuer-macron-aber-nur-ein-spaerliches-ja-zu-europa\/\"},\"author\":{\"name\":\"rtnews\",\"@id\":\"https:\/\/now-news.de\/de\/#\/schema\/person\/fb534a4e865501d8b3285208df34a9b5\"},\"headline\":\"Analyse zur Frankreich-Wahl: Ein Votum f\u00fcr Macron \u2013 aber nur ein sp\u00e4rliches Ja zu Europa\",\"datePublished\":\"2022-04-26T13:40:19+00:00\",\"dateModified\":\"2022-04-26T13:40:19+00:00\",\"mainEntityOfPage\":{\"@id\":\"https:\/\/now-news.de\/de\/deutschland\/analyse-zur-frankreich-wahl-ein-votum-fuer-macron-aber-nur-ein-spaerliches-ja-zu-europa\/\"},\"wordCount\":858,\"commentCount\":0,\"publisher\":{\"@id\":\"https:\/\/now-news.de\/de\/#organization\"},\"image\":{\"@id\":\"https:\/\/now-news.de\/de\/deutschland\/analyse-zur-frankreich-wahl-ein-votum-fuer-macron-aber-nur-ein-spaerliches-ja-zu-europa\/#primaryimage\"},\"thumbnailUrl\":\"https:\/\/now-news.de\/de\/wp-content\/uploads\/sites\/3\/2022\/04\/Analyse-zur-Frankreich-Wahl-Ein-Votum-fuer-Macron-\u2013-aber-nur.jpg\",\"keywords\":[\"aber\",\"Analyse\",\"ein\",\"Europa\",\"FrankreichWahl\",\"f\u00fcr\",\"macron\",\"NUR\",\"sp\u00e4rliches\",\"Votum\",\"zur\"],\"articleSection\":[\"Deutschland\",\"Russland\"],\"inLanguage\":\"de\",\"potentialAction\":[{\"@type\":\"CommentAction\",\"name\":\"Comment\",\"target\":[\"https:\/\/now-news.de\/de\/deutschland\/analyse-zur-frankreich-wahl-ein-votum-fuer-macron-aber-nur-ein-spaerliches-ja-zu-europa\/#respond\"]}]},{\"@type\":\"WebPage\",\"@id\":\"https:\/\/now-news.de\/de\/deutschland\/analyse-zur-frankreich-wahl-ein-votum-fuer-macron-aber-nur-ein-spaerliches-ja-zu-europa\/\",\"url\":\"https:\/\/now-news.de\/de\/deutschland\/analyse-zur-frankreich-wahl-ein-votum-fuer-macron-aber-nur-ein-spaerliches-ja-zu-europa\/\",\"name\":\"Analyse zur Frankreich-Wahl: Ein Votum f\u00fcr Macron \u2013 aber nur ein sp\u00e4rliches Ja zu Europa - just-now.NEWS Deutschland\",\"isPartOf\":{\"@id\":\"https:\/\/now-news.de\/de\/#website\"},\"primaryImageOfPage\":{\"@id\":\"https:\/\/now-news.de\/de\/deutschland\/analyse-zur-frankreich-wahl-ein-votum-fuer-macron-aber-nur-ein-spaerliches-ja-zu-europa\/#primaryimage\"},\"image\":{\"@id\":\"https:\/\/now-news.de\/de\/deutschland\/analyse-zur-frankreich-wahl-ein-votum-fuer-macron-aber-nur-ein-spaerliches-ja-zu-europa\/#primaryimage\"},\"thumbnailUrl\":\"https:\/\/now-news.de\/de\/wp-content\/uploads\/sites\/3\/2022\/04\/Analyse-zur-Frankreich-Wahl-Ein-Votum-fuer-Macron-\u2013-aber-nur.jpg\",\"datePublished\":\"2022-04-26T13:40:19+00:00\",\"dateModified\":\"2022-04-26T13:40:19+00:00\",\"breadcrumb\":{\"@id\":\"https:\/\/now-news.de\/de\/deutschland\/analyse-zur-frankreich-wahl-ein-votum-fuer-macron-aber-nur-ein-spaerliches-ja-zu-europa\/#breadcrumb\"},\"inLanguage\":\"de\",\"potentialAction\":[{\"@type\":\"ReadAction\",\"target\":[\"https:\/\/now-news.de\/de\/deutschland\/analyse-zur-frankreich-wahl-ein-votum-fuer-macron-aber-nur-ein-spaerliches-ja-zu-europa\/\"]}]},{\"@type\":\"ImageObject\",\"inLanguage\":\"de\",\"@id\":\"https:\/\/now-news.de\/de\/deutschland\/analyse-zur-frankreich-wahl-ein-votum-fuer-macron-aber-nur-ein-spaerliches-ja-zu-europa\/#primaryimage\",\"url\":\"https:\/\/now-news.de\/de\/wp-content\/uploads\/sites\/3\/2022\/04\/Analyse-zur-Frankreich-Wahl-Ein-Votum-fuer-Macron-\u2013-aber-nur.jpg\",\"contentUrl\":\"https:\/\/now-news.de\/de\/wp-content\/uploads\/sites\/3\/2022\/04\/Analyse-zur-Frankreich-Wahl-Ein-Votum-fuer-Macron-\u2013-aber-nur.jpg\",\"width\":1104,\"height\":622,\"caption\":\"Analyse zur Frankreich-Wahl: Ein Votum f\u00fcr Macron \u2013 aber nur ein sp\u00e4rliches Ja zu Europa\"},{\"@type\":\"BreadcrumbList\",\"@id\":\"https:\/\/now-news.de\/de\/deutschland\/analyse-zur-frankreich-wahl-ein-votum-fuer-macron-aber-nur-ein-spaerliches-ja-zu-europa\/#breadcrumb\",\"itemListElement\":[{\"@type\":\"ListItem\",\"position\":1,\"name\":\"Home\",\"item\":\"https:\/\/now-news.de\/de\/\"},{\"@type\":\"ListItem\",\"position\":2,\"name\":\"Analyse zur Frankreich-Wahl: Ein Votum f\u00fcr Macron \u2013 aber nur ein sp\u00e4rliches Ja zu Europa\"}]},{\"@type\":\"WebSite\",\"@id\":\"https:\/\/now-news.de\/de\/#website\",\"url\":\"https:\/\/now-news.de\/de\/\",\"name\":\"just-now.NEWS Deutschland\",\"description\":\"Das Portal f\u00fcr unzensierte Nachrichten aus der Welt\",\"publisher\":{\"@id\":\"https:\/\/now-news.de\/de\/#organization\"},\"potentialAction\":[{\"@type\":\"SearchAction\",\"target\":{\"@type\":\"EntryPoint\",\"urlTemplate\":\"https:\/\/now-news.de\/de\/?s={search_term_string}\"},\"query-input\":\"required name=search_term_string\"}],\"inLanguage\":\"de\"},{\"@type\":\"Organization\",\"@id\":\"https:\/\/now-news.de\/de\/#organization\",\"name\":\"Just Now News\",\"url\":\"https:\/\/now-news.de\/de\/\",\"logo\":{\"@type\":\"ImageObject\",\"inLanguage\":\"de\",\"@id\":\"https:\/\/now-news.de\/de\/#\/schema\/logo\/image\/\",\"url\":\"http:\/\/just-now.news\/de\/wp-content\/uploads\/sites\/3\/2022\/04\/logo500x500.jpg\",\"contentUrl\":\"http:\/\/just-now.news\/de\/wp-content\/uploads\/sites\/3\/2022\/04\/logo500x500.jpg\",\"width\":500,\"height\":500,\"caption\":\"Just Now News\"},\"image\":{\"@id\":\"https:\/\/now-news.de\/de\/#\/schema\/logo\/image\/\"},\"sameAs\":[\"https:\/\/www.facebook.com\/wirmachenauf\",\"https:\/\/x.com\/WirMachenAuf_de\"]},{\"@type\":\"Person\",\"@id\":\"https:\/\/now-news.de\/de\/#\/schema\/person\/fb534a4e865501d8b3285208df34a9b5\",\"name\":\"rtnews\",\"image\":{\"@type\":\"ImageObject\",\"inLanguage\":\"de\",\"@id\":\"https:\/\/now-news.de\/de\/#\/schema\/person\/image\/\",\"url\":\"https:\/\/secure.gravatar.com\/avatar\/82aafea7d8127119dd649515f56e2117?s=96&d=mm&r=g\",\"contentUrl\":\"https:\/\/secure.gravatar.com\/avatar\/82aafea7d8127119dd649515f56e2117?s=96&d=mm&r=g\",\"caption\":\"rtnews\"},\"url\":\"https:\/\/now-news.de\/de\/author\/rnews\/\"}]}<\/script>\n<!-- \/ Yoast SEO Premium plugin. -->","yoast_head_json":{"title":"Analyse zur Frankreich-Wahl: Ein Votum f\u00fcr Macron \u2013 aber nur ein sp\u00e4rliches Ja zu Europa - just-now.NEWS Deutschland","robots":{"index":"index","follow":"follow","max-snippet":"max-snippet:-1","max-image-preview":"max-image-preview:large","max-video-preview":"max-video-preview:-1"},"canonical":"https:\/\/now-news.de\/de\/deutschland\/analyse-zur-frankreich-wahl-ein-votum-fuer-macron-aber-nur-ein-spaerliches-ja-zu-europa\/","og_locale":"de_DE","og_type":"article","og_title":"Analyse zur Frankreich-Wahl: Ein Votum f\u00fcr Macron \u2013 aber nur ein sp\u00e4rliches Ja zu Europa","og_description":"von Pierre L\u00e9vy Leichtsinn? Am 12. April meinte Emmanuel Macron in seiner Rede in Stra\u00dfburg, dass der zweite Wahlgang &#8220;ein Referendum \u00fcber Europa&#8221; sein w\u00fcrde. Und zum Abschluss der Fernsehdebatte pr\u00e4zisierte er sogar, dass es ein Referendum &#8220;f\u00fcr oder gegen die Europ\u00e4ische Union&#8221; sein werde. Zwar darf er nun schlie\u00dflich seinen Aufenthalt im \u00c9lys\u00e9e-Palast fortsetzen. [&hellip;]","og_url":"https:\/\/now-news.de\/de\/deutschland\/analyse-zur-frankreich-wahl-ein-votum-fuer-macron-aber-nur-ein-spaerliches-ja-zu-europa\/","og_site_name":"just-now.NEWS Deutschland","article_publisher":"https:\/\/www.facebook.com\/wirmachenauf","article_published_time":"2022-04-26T13:40:19+00:00","og_image":[{"width":1104,"height":622,"url":"https:\/\/now-news.de\/de\/wp-content\/uploads\/sites\/3\/2022\/04\/Analyse-zur-Frankreich-Wahl-Ein-Votum-fuer-Macron-\u2013-aber-nur.jpg","type":"image\/jpeg"}],"author":"rtnews","twitter_card":"summary_large_image","twitter_creator":"@WirMachenAuf_de","twitter_site":"@WirMachenAuf_de","twitter_misc":{"Verfasst von":"rtnews","Gesch\u00e4tzte Lesezeit":"4\u00a0Minuten"},"schema":{"@context":"https:\/\/schema.org","@graph":[{"@type":"Article","@id":"https:\/\/now-news.de\/de\/deutschland\/analyse-zur-frankreich-wahl-ein-votum-fuer-macron-aber-nur-ein-spaerliches-ja-zu-europa\/#article","isPartOf":{"@id":"https:\/\/now-news.de\/de\/deutschland\/analyse-zur-frankreich-wahl-ein-votum-fuer-macron-aber-nur-ein-spaerliches-ja-zu-europa\/"},"author":{"name":"rtnews","@id":"https:\/\/now-news.de\/de\/#\/schema\/person\/fb534a4e865501d8b3285208df34a9b5"},"headline":"Analyse zur Frankreich-Wahl: Ein Votum f\u00fcr Macron \u2013 aber nur ein sp\u00e4rliches Ja zu Europa","datePublished":"2022-04-26T13:40:19+00:00","dateModified":"2022-04-26T13:40:19+00:00","mainEntityOfPage":{"@id":"https:\/\/now-news.de\/de\/deutschland\/analyse-zur-frankreich-wahl-ein-votum-fuer-macron-aber-nur-ein-spaerliches-ja-zu-europa\/"},"wordCount":858,"commentCount":0,"publisher":{"@id":"https:\/\/now-news.de\/de\/#organization"},"image":{"@id":"https:\/\/now-news.de\/de\/deutschland\/analyse-zur-frankreich-wahl-ein-votum-fuer-macron-aber-nur-ein-spaerliches-ja-zu-europa\/#primaryimage"},"thumbnailUrl":"https:\/\/now-news.de\/de\/wp-content\/uploads\/sites\/3\/2022\/04\/Analyse-zur-Frankreich-Wahl-Ein-Votum-fuer-Macron-\u2013-aber-nur.jpg","keywords":["aber","Analyse","ein","Europa","FrankreichWahl","f\u00fcr","macron","NUR","sp\u00e4rliches","Votum","zur"],"articleSection":["Deutschland","Russland"],"inLanguage":"de","potentialAction":[{"@type":"CommentAction","name":"Comment","target":["https:\/\/now-news.de\/de\/deutschland\/analyse-zur-frankreich-wahl-ein-votum-fuer-macron-aber-nur-ein-spaerliches-ja-zu-europa\/#respond"]}]},{"@type":"WebPage","@id":"https:\/\/now-news.de\/de\/deutschland\/analyse-zur-frankreich-wahl-ein-votum-fuer-macron-aber-nur-ein-spaerliches-ja-zu-europa\/","url":"https:\/\/now-news.de\/de\/deutschland\/analyse-zur-frankreich-wahl-ein-votum-fuer-macron-aber-nur-ein-spaerliches-ja-zu-europa\/","name":"Analyse zur Frankreich-Wahl: Ein Votum f\u00fcr Macron \u2013 aber nur ein sp\u00e4rliches Ja zu Europa - just-now.NEWS Deutschland","isPartOf":{"@id":"https:\/\/now-news.de\/de\/#website"},"primaryImageOfPage":{"@id":"https:\/\/now-news.de\/de\/deutschland\/analyse-zur-frankreich-wahl-ein-votum-fuer-macron-aber-nur-ein-spaerliches-ja-zu-europa\/#primaryimage"},"image":{"@id":"https:\/\/now-news.de\/de\/deutschland\/analyse-zur-frankreich-wahl-ein-votum-fuer-macron-aber-nur-ein-spaerliches-ja-zu-europa\/#primaryimage"},"thumbnailUrl":"https:\/\/now-news.de\/de\/wp-content\/uploads\/sites\/3\/2022\/04\/Analyse-zur-Frankreich-Wahl-Ein-Votum-fuer-Macron-\u2013-aber-nur.jpg","datePublished":"2022-04-26T13:40:19+00:00","dateModified":"2022-04-26T13:40:19+00:00","breadcrumb":{"@id":"https:\/\/now-news.de\/de\/deutschland\/analyse-zur-frankreich-wahl-ein-votum-fuer-macron-aber-nur-ein-spaerliches-ja-zu-europa\/#breadcrumb"},"inLanguage":"de","potentialAction":[{"@type":"ReadAction","target":["https:\/\/now-news.de\/de\/deutschland\/analyse-zur-frankreich-wahl-ein-votum-fuer-macron-aber-nur-ein-spaerliches-ja-zu-europa\/"]}]},{"@type":"ImageObject","inLanguage":"de","@id":"https:\/\/now-news.de\/de\/deutschland\/analyse-zur-frankreich-wahl-ein-votum-fuer-macron-aber-nur-ein-spaerliches-ja-zu-europa\/#primaryimage","url":"https:\/\/now-news.de\/de\/wp-content\/uploads\/sites\/3\/2022\/04\/Analyse-zur-Frankreich-Wahl-Ein-Votum-fuer-Macron-\u2013-aber-nur.jpg","contentUrl":"https:\/\/now-news.de\/de\/wp-content\/uploads\/sites\/3\/2022\/04\/Analyse-zur-Frankreich-Wahl-Ein-Votum-fuer-Macron-\u2013-aber-nur.jpg","width":1104,"height":622,"caption":"Analyse zur Frankreich-Wahl: Ein Votum f\u00fcr Macron \u2013 aber nur ein sp\u00e4rliches Ja zu Europa"},{"@type":"BreadcrumbList","@id":"https:\/\/now-news.de\/de\/deutschland\/analyse-zur-frankreich-wahl-ein-votum-fuer-macron-aber-nur-ein-spaerliches-ja-zu-europa\/#breadcrumb","itemListElement":[{"@type":"ListItem","position":1,"name":"Home","item":"https:\/\/now-news.de\/de\/"},{"@type":"ListItem","position":2,"name":"Analyse zur Frankreich-Wahl: Ein Votum f\u00fcr Macron \u2013 aber nur ein sp\u00e4rliches Ja zu Europa"}]},{"@type":"WebSite","@id":"https:\/\/now-news.de\/de\/#website","url":"https:\/\/now-news.de\/de\/","name":"just-now.NEWS Deutschland","description":"Das Portal f\u00fcr unzensierte Nachrichten aus der Welt","publisher":{"@id":"https:\/\/now-news.de\/de\/#organization"},"potentialAction":[{"@type":"SearchAction","target":{"@type":"EntryPoint","urlTemplate":"https:\/\/now-news.de\/de\/?s={search_term_string}"},"query-input":"required name=search_term_string"}],"inLanguage":"de"},{"@type":"Organization","@id":"https:\/\/now-news.de\/de\/#organization","name":"Just Now News","url":"https:\/\/now-news.de\/de\/","logo":{"@type":"ImageObject","inLanguage":"de","@id":"https:\/\/now-news.de\/de\/#\/schema\/logo\/image\/","url":"http:\/\/just-now.news\/de\/wp-content\/uploads\/sites\/3\/2022\/04\/logo500x500.jpg","contentUrl":"http:\/\/just-now.news\/de\/wp-content\/uploads\/sites\/3\/2022\/04\/logo500x500.jpg","width":500,"height":500,"caption":"Just Now News"},"image":{"@id":"https:\/\/now-news.de\/de\/#\/schema\/logo\/image\/"},"sameAs":["https:\/\/www.facebook.com\/wirmachenauf","https:\/\/x.com\/WirMachenAuf_de"]},{"@type":"Person","@id":"https:\/\/now-news.de\/de\/#\/schema\/person\/fb534a4e865501d8b3285208df34a9b5","name":"rtnews","image":{"@type":"ImageObject","inLanguage":"de","@id":"https:\/\/now-news.de\/de\/#\/schema\/person\/image\/","url":"https:\/\/secure.gravatar.com\/avatar\/82aafea7d8127119dd649515f56e2117?s=96&d=mm&r=g","contentUrl":"https:\/\/secure.gravatar.com\/avatar\/82aafea7d8127119dd649515f56e2117?s=96&d=mm&r=g","caption":"rtnews"},"url":"https:\/\/now-news.de\/de\/author\/rnews\/"}]}},"_links":{"self":[{"href":"https:\/\/now-news.de\/de\/wp-json\/wp\/v2\/posts\/3650"}],"collection":[{"href":"https:\/\/now-news.de\/de\/wp-json\/wp\/v2\/posts"}],"about":[{"href":"https:\/\/now-news.de\/de\/wp-json\/wp\/v2\/types\/post"}],"author":[{"embeddable":true,"href":"https:\/\/now-news.de\/de\/wp-json\/wp\/v2\/users\/3"}],"replies":[{"embeddable":true,"href":"https:\/\/now-news.de\/de\/wp-json\/wp\/v2\/comments?post=3650"}],"version-history":[{"count":0,"href":"https:\/\/now-news.de\/de\/wp-json\/wp\/v2\/posts\/3650\/revisions"}],"wp:featuredmedia":[{"embeddable":true,"href":"https:\/\/now-news.de\/de\/wp-json\/wp\/v2\/media\/3651"}],"wp:attachment":[{"href":"https:\/\/now-news.de\/de\/wp-json\/wp\/v2\/media?parent=3650"}],"wp:term":[{"taxonomy":"category","embeddable":true,"href":"https:\/\/now-news.de\/de\/wp-json\/wp\/v2\/categories?post=3650"},{"taxonomy":"post_tag","embeddable":true,"href":"https:\/\/now-news.de\/de\/wp-json\/wp\/v2\/tags?post=3650"}],"curies":[{"name":"wp","href":"https:\/\/api.w.org\/{rel}","templated":true}]}}