{"id":36483,"date":"2023-05-21T21:30:41","date_gmt":"2023-05-21T19:30:41","guid":{"rendered":"http:\/\/just-now.news\/de\/deutschland\/russland-und-kuba-ruecken-naeher-zusammen\/"},"modified":"2023-05-21T21:30:41","modified_gmt":"2023-05-21T19:30:41","slug":"russland-und-kuba-ruecken-naeher-zusammen","status":"publish","type":"post","link":"https:\/\/now-news.de\/de\/deutschland\/russland-und-kuba-ruecken-naeher-zusammen\/","title":{"rendered":"Russland und Kuba r\u00fccken n\u00e4her zusammen"},"content":{"rendered":"<div class=\"Text-root Text-type_1 \">\n                Die russisch-kubanischen Beziehungen werden deutlich intensiviert. Das ist das Ergebnis einer dreit\u00e4gigen Visite einer russischen Regierungsdelegation auf der &#8220;Freiheitsinsel&#8221; vergangene Woche. Der Erfolg des Arbeitsbesuches wird durch den Tod des stellvertretenden Bildungsministers Russlands auf dem R\u00fcckflug \u00fcberschattet.\n            <\/div>\n<p><\/p>\n<div class=\"Text-root Text-type_5 ArticleView-text ViewText-root \">\n<p>Die vergangene Woche brachte einen Durchbruch in den russisch-kubanischen Beziehungen, was durch andere aktuelle Ereignisse etwas aus dem Blickfeld geraten ist. Dabei haben die Vereinbarungen, die im Zuge der Visite des russischen Vizepremiers, Dmitri Tschernyschenko in dem karibischen Inselstaat vom 18. Mai bis 20. Mai abgeschlossen wurden, das Potenzial, die Beziehungen beider L\u00e4nder deutlich zu intensivieren.\u00a0<\/p>\n<p>Tschernyschenko besuchte Kuba unter anderem, um an der Er\u00f6ffnung der mit russischer Hilfe und russischen Technologien modernisierten und erweiterten Stahlh\u00fctte in der Hauptstadt Havanna teilzunehmen. Die Investitionen dort beliefen sich auf 90 Millionen Dollar, ein neu errichtetes\u00a0Lichtbogenschmelzwerk mit einer Kapazit\u00e4t von 220.000 bis 230.000 Tonnen Fl\u00fcssigstahl pro Jahr schafft 500 neue Arbeitspl\u00e4tze f\u00fcr die Kubaner.\u00a0<\/p>\n<p>Doch auf der Tagesordnung des dreit\u00e4gigen Besuches stand weit mehr als das.\u00a0Tschernyschenko traf sich mit dem Pr\u00e4sidenten der Republik, Miguel D\u00edaz-Canel, nahm zusammen mit dem stellvertretenden kubanischen Ministerpr\u00e4sidenten Ricardo Cabrisas an einer Sitzung der russisch-kubanischen Regierungskommission f\u00fcr Handel, wirtschaftliche, wissenschaftliche und technische Zusammenarbeit teil und besuchte ein russisch-kubanisches Wirtschaftsforum. Zahlreiche bilaterale Abkommen in den Bereichen Handel, Industrie, Energie, Landwirtschaft, Bauwesen und Bildung wurden unterzeichnet.<\/p>\n<p>Unter den getroffenen Vereinbarungen\u00a0stechen die Verbesserungen f\u00fcr den Tourismus aus Russland auf der &#8220;Insel der Freiheit&#8221; hervor. So wurde die Wiederaufnahme direkter Flugverbindungen zwischen beiden L\u00e4ndern beschlossen. Die Fluggesellschaft &#8220;Rossija&#8221; (zur Aeroflot-Gruppe geh\u00f6rend) hat umgehend verk\u00fcndet, dass sie ab dem 1. Juli zwei w\u00f6chentliche Fl\u00fcge in den Kurort Varadero anbieten wird. Sp\u00e4ter sind auch Direktfl\u00fcge von Moskau nach Havanna geplant.\u00a0<\/p>\n<p>In der Pressemitteilung dazu erinnerte Aeroflot an die Geschichte der Fluglinie von Moskau nach Havanna:\u00a0<\/p>\n<blockquote>\n<p><em>&#8220;Die Fluglinie zwischen Russland und Kuba ist eines der \u00e4ltesten internationalen Ziele in der Geschichte der Aeroflot. Der erste Linienflug zur Freiheitsinsel wurde am 10. Juli 1962 mit einer Tu-114 durchgef\u00fchrt. Seitdem wurden die Fl\u00fcge zwischen den beiden L\u00e4ndern nur zweimal unterbrochen: w\u00e4hrend der COVID-19-Pandemie und nach der Verh\u00e4ngung von Beschr\u00e4nkungen durch unfreundliche L\u00e4nder.&#8221;<\/em><\/p>\n<\/blockquote>\n<p>Vereinfacht werden touristische Aufenthalte f\u00fcr Russen auf der gr\u00f6\u00dften Insel der Karibik auch dadurch, dass die russische Geldkarte &#8220;Mir&#8221;\u00a0dort seit M\u00e4rz dieses Jahres als Zahlungsmittel anerkannt wird. Tschernyschenko unterschrieb eine Vereinbarung, wonach innerhalb eines Monats alle bisher vorhandenen L\u00fccken in der Annahme von Zahlungen mit der Karte &#8220;Mir&#8221; in der Gastronomie, dem Handel und dem kubanischen Bankwesen beseitigt werden. Au\u00dferdem wurde w\u00e4hrend des Arbeitsbesuches bekannt, dass die russische Gesch\u00e4ftswelt Investitionen in die touristische Infrastruktur auf Kuba plant.\u00a0<\/p>\n<p>Am Freitag\u00a0traf sich Tschernyschenko mit Studenten des Staatlichen Puschkin-Instituts f\u00fcr Russische Sprache an der Fakult\u00e4t f\u00fcr Fremdsprachen der Universit\u00e4t Havanna. Noch vor Ort erteilte er die Weisung, einen Studentenaustausch zwischen Kuba und Russland zu organisieren. Russland wird j\u00e4hrlich 100 Stipendien f\u00fcr kubanische Studenten zur Verf\u00fcgung stellen, die in Russland studieren m\u00f6chten.\u00a0<\/p>\n<p>Eine am 18. Mai unterzeichnete Vereinbarung sieht zudem gemeinsame Veranstaltungen in 19 Sportarten vor.\u00a0<\/p>\n<p>Anl\u00e4sslich der Reise der Regierungsdelegation wurde bekannt, dass sich das Handelsvolumen zwischen Russland und Kuba 2022 gegen\u00fcber dem Vorjahr verdreifacht hat \u2013 auf nunmehr 452 Millionen US-Dollar.\u00a0<\/p>\n<p>Die Gegenvisite einer kubanischen Delegation unter der Leitung von Premierminister Manuel Marrero Cruz wird Anfang Juni in Russland erwartet. Der kubanische Regierungschef wird vom 7. bis 9. Juni am Rat der Regierungschefs der Euroasiatischen Wirtschaftsunion in Sotschi teilnehmen. Anschlie\u00dfend wird er auch Moskau einen offiziellen Besuch abstatten und am Internationalen Wirtschaftsforum in St. Petersburg teilnehmen.<\/p>\n<p>Den kubanischen Pr\u00e4sidenten Miguel Diaz-Canel lud Tschernyschenko ein, Russland aus Anlass des diesj\u00e4hrigen \u00d6stlichen Wirtschaftsforums zu besuchen. Das achte \u00d6stliche Wirtschaftsforum wird vom 10. bis 13. September in Wladiwostok stattfinden. An der Veranstaltung nehmen f\u00fchrende Politiker, Unternehmer und Vertreter \u00f6ffentlicher Organisationen aus dem Fernen Osten und Russland sowie aus den asiatisch-pazifischen L\u00e4ndern teil.<\/p>\n<figure class=\"RTImage-root\">\n<div class=\"RTImage-image RTImage-original\"><picture class=\"Picture-root Picture-original\"><!--[if IE 9]><video style=\"display: none;\"><![endif]--><source media=\"(-webkit-min-device-pixel-ratio: 2) and (min-resolution: 120dpi)\" data-srcset=\" \nhttp:\/\/just-now.news\/de\/wp-content\/uploads\/sites\/3\/2023\/05\/646a1981b480cc6838053bdb.jpg 850w,\n                http:\/\/just-now.news\/de\/wp-content\/uploads\/sites\/3\/2023\/05\/646a1981b480cc6838053bdb.jpg 1960w,\n            \" ><source data-srcset=\" \nhttp:\/\/just-now.news\/de\/wp-content\/uploads\/sites\/3\/2023\/05\/646a1981b480cc6838053bdb.jpg 460w,\n              http:\/\/just-now.news\/de\/wp-content\/uploads\/sites\/3\/2023\/05\/646a1981b480cc6838053bdb.jpg 980w,\n            \" ><!--[if IE 9]><\/video><![endif]--><img decoding=\"async\" data- src=\"data:image\/png;base64,iVBORw0KGgoAAAANSUhEUgAAABAAAAAJCAQAAACRI2S5AAAAEElEQVR42mNkIAAYRxWAAQAG9gAKqv6+AwAAAABJRU5ErkJggg==\" class=\"Picture-root Picture-original lazyload\" data-src=\"http:\/\/just-now.news\/de\/wp-content\/uploads\/sites\/3\/2023\/05\/646a1981b480cc6838053bdb.jpg\" alt=\"\"><\/source><\/source><\/picture><!-- noscript pattern --><noscript><img decoding=\"async\" src=\"http:\/\/just-now.news\/de\/wp-content\/uploads\/sites\/3\/2023\/05\/646a1981b480cc6838053bdb.jpg\" alt=\"\"><\/noscript><\/div><figcaption class=\"RTImage-footer\"><span class=\"RTImage-caption\"><span class=\"RTImage-captionItem\">Pjotr Kutscherenko (03.05.1977 \u2013 20.05.2023)<\/span><\/span><span class=\"RTImage-source\"><span class=\"RTImage-captionItem\">Nina Sotina \/ RIA Nowosti<\/span><span class=\"RTImage-captionItem\"> \/ Sputnik<\/span><\/span><\/figcaption><\/figure>\n<p>Der insgesamt erfolgreiche Arbeitsbesuch der russischen Regierungsdelegation auf Kuba wurde durch den Tod eines ihrer Mitglieder, des stellvertretenden Bildungsministers Russlands, Pjotr Kutscherenko, auf dem R\u00fcckflug \u00fcberschattet. Dem 46-J\u00e4hrigen wurde w\u00e4hrend des Fluges schlecht. Trotz Notlandung im russischen Mineralnye Wody kam die medizinische Hilfe leider zu sp\u00e4t.\u00a0<\/p>\n<p><strong>Mehr zum Thema<\/strong> &#8211; <a rel=\"nofollow noopener\" target=\"_blank\" href=\"https:\/\/test.rtde.tech\/international\/168910-russland-und-kuba-bestaetigen-ausgezeichneten-zustand-ihrer-beziehungen\/\">Russland und Kuba best\u00e4tigen &#8220;ausgezeichneten Zustand&#8221; ihrer Beziehungen<\/a><\/p>\n<\/p>\n<\/div>\n<p><br \/>\n<br \/><a href=\"https:\/\/de.rt.com\/international\/170625-russland-und-kuba-ruecken-naeher\/\">Source link <\/a><\/p>\n","protected":false},"excerpt":{"rendered":"<p>Die russisch-kubanischen Beziehungen werden deutlich intensiviert. Das ist das Ergebnis einer dreit\u00e4gigen Visite einer russischen Regierungsdelegation auf der &#8220;Freiheitsinsel&#8221; vergangene Woche. Der Erfolg des Arbeitsbesuches wird durch den Tod des stellvertretenden Bildungsministers Russlands auf dem R\u00fcckflug \u00fcberschattet. Die vergangene Woche brachte einen Durchbruch in den russisch-kubanischen Beziehungen, was durch andere aktuelle Ereignisse etwas aus dem [&hellip;]<\/p>\n","protected":false},"author":3,"featured_media":36484,"comment_status":"open","ping_status":"open","sticky":false,"template":"","format":"standard","meta":{"_yoast_indexnow_last_ping":["1684697634"],"wp_automatic_camp":["217"],"c362db70c07ae0ee18c1b065c2cc3df2":["Russland und Kuba r\u00fccken n\u00e4her zusammen"],"original_link":["https:\/\/de.rt.com\/international\/170625-russland-und-kuba-ruecken-naeher\/"],"_thumbnail_id":["36484"],"jnews_social_counter_last_update":["1777344746"],"_wptgpro_p2tg_sent2tg":["a:1:{i:23737;s:19:\"2023-05-21 21:34:56\";}"]},"categories":[19,23],"tags":[6958,7296,26073,126,140,6580],"yoast_head":"<!-- This site is optimized with the Yoast SEO Premium plugin v22.7 (Yoast SEO v22.7) - https:\/\/yoast.com\/wordpress\/plugins\/seo\/ -->\n<title>Russland und Kuba r\u00fccken n\u00e4her zusammen - just-now.NEWS Deutschland<\/title>\n<meta name=\"robots\" content=\"index, follow, max-snippet:-1, max-image-preview:large, max-video-preview:-1\" \/>\n<link rel=\"canonical\" href=\"https:\/\/now-news.de\/de\/deutschland\/russland-und-kuba-ruecken-naeher-zusammen\/\" \/>\n<meta property=\"og:locale\" content=\"de_DE\" \/>\n<meta property=\"og:type\" content=\"article\" \/>\n<meta property=\"og:title\" content=\"Russland und Kuba r\u00fccken n\u00e4her zusammen\" \/>\n<meta property=\"og:description\" content=\"Die russisch-kubanischen Beziehungen werden deutlich intensiviert. Das ist das Ergebnis einer dreit\u00e4gigen Visite einer russischen Regierungsdelegation auf der &#8220;Freiheitsinsel&#8221; vergangene Woche. Der Erfolg des Arbeitsbesuches wird durch den Tod des stellvertretenden Bildungsministers Russlands auf dem R\u00fcckflug \u00fcberschattet. Die vergangene Woche brachte einen Durchbruch in den russisch-kubanischen Beziehungen, was durch andere aktuelle Ereignisse etwas aus dem [&hellip;]\" \/>\n<meta property=\"og:url\" content=\"https:\/\/now-news.de\/de\/deutschland\/russland-und-kuba-ruecken-naeher-zusammen\/\" \/>\n<meta property=\"og:site_name\" content=\"just-now.NEWS Deutschland\" \/>\n<meta property=\"article:publisher\" content=\"https:\/\/www.facebook.com\/wirmachenauf\" \/>\n<meta property=\"article:published_time\" content=\"2023-05-21T19:30:41+00:00\" \/>\n<meta property=\"og:image\" content=\"https:\/\/now-news.de\/de\/wp-content\/uploads\/sites\/3\/2023\/05\/Russland-und-Kuba-ruecken-naeher-zusammen.jpg\" \/>\n\t<meta property=\"og:image:width\" content=\"1624\" \/>\n\t<meta property=\"og:image:height\" content=\"1080\" \/>\n\t<meta property=\"og:image:type\" content=\"image\/jpeg\" \/>\n<meta name=\"author\" content=\"rtnews\" \/>\n<meta name=\"twitter:card\" content=\"summary_large_image\" \/>\n<meta name=\"twitter:creator\" content=\"@WirMachenAuf_de\" \/>\n<meta name=\"twitter:site\" content=\"@WirMachenAuf_de\" \/>\n<meta name=\"twitter:label1\" content=\"Verfasst von\" \/>\n\t<meta name=\"twitter:data1\" content=\"rtnews\" \/>\n\t<meta name=\"twitter:label2\" content=\"Gesch\u00e4tzte Lesezeit\" \/>\n\t<meta name=\"twitter:data2\" content=\"4\u00a0Minuten\" \/>\n<script type=\"application\/ld+json\" class=\"yoast-schema-graph\">{\"@context\":\"https:\/\/schema.org\",\"@graph\":[{\"@type\":\"Article\",\"@id\":\"https:\/\/now-news.de\/de\/deutschland\/russland-und-kuba-ruecken-naeher-zusammen\/#article\",\"isPartOf\":{\"@id\":\"https:\/\/now-news.de\/de\/deutschland\/russland-und-kuba-ruecken-naeher-zusammen\/\"},\"author\":{\"name\":\"rtnews\",\"@id\":\"https:\/\/now-news.de\/de\/#\/schema\/person\/fb534a4e865501d8b3285208df34a9b5\"},\"headline\":\"Russland und Kuba r\u00fccken n\u00e4her zusammen\",\"datePublished\":\"2023-05-21T19:30:41+00:00\",\"dateModified\":\"2023-05-21T19:30:41+00:00\",\"mainEntityOfPage\":{\"@id\":\"https:\/\/now-news.de\/de\/deutschland\/russland-und-kuba-ruecken-naeher-zusammen\/\"},\"wordCount\":737,\"commentCount\":2,\"publisher\":{\"@id\":\"https:\/\/now-news.de\/de\/#organization\"},\"image\":{\"@id\":\"https:\/\/now-news.de\/de\/deutschland\/russland-und-kuba-ruecken-naeher-zusammen\/#primaryimage\"},\"thumbnailUrl\":\"https:\/\/now-news.de\/de\/wp-content\/uploads\/sites\/3\/2023\/05\/Russland-und-Kuba-ruecken-naeher-zusammen.jpg\",\"keywords\":[\"Kuba\",\"n\u00e4her\",\"r\u00fccken\",\"russland\",\"und\",\"zusammen\"],\"articleSection\":[\"Deutschland\",\"Russland\"],\"inLanguage\":\"de\",\"potentialAction\":[{\"@type\":\"CommentAction\",\"name\":\"Comment\",\"target\":[\"https:\/\/now-news.de\/de\/deutschland\/russland-und-kuba-ruecken-naeher-zusammen\/#respond\"]}]},{\"@type\":\"WebPage\",\"@id\":\"https:\/\/now-news.de\/de\/deutschland\/russland-und-kuba-ruecken-naeher-zusammen\/\",\"url\":\"https:\/\/now-news.de\/de\/deutschland\/russland-und-kuba-ruecken-naeher-zusammen\/\",\"name\":\"Russland und Kuba r\u00fccken n\u00e4her zusammen - just-now.NEWS Deutschland\",\"isPartOf\":{\"@id\":\"https:\/\/now-news.de\/de\/#website\"},\"primaryImageOfPage\":{\"@id\":\"https:\/\/now-news.de\/de\/deutschland\/russland-und-kuba-ruecken-naeher-zusammen\/#primaryimage\"},\"image\":{\"@id\":\"https:\/\/now-news.de\/de\/deutschland\/russland-und-kuba-ruecken-naeher-zusammen\/#primaryimage\"},\"thumbnailUrl\":\"https:\/\/now-news.de\/de\/wp-content\/uploads\/sites\/3\/2023\/05\/Russland-und-Kuba-ruecken-naeher-zusammen.jpg\",\"datePublished\":\"2023-05-21T19:30:41+00:00\",\"dateModified\":\"2023-05-21T19:30:41+00:00\",\"breadcrumb\":{\"@id\":\"https:\/\/now-news.de\/de\/deutschland\/russland-und-kuba-ruecken-naeher-zusammen\/#breadcrumb\"},\"inLanguage\":\"de\",\"potentialAction\":[{\"@type\":\"ReadAction\",\"target\":[\"https:\/\/now-news.de\/de\/deutschland\/russland-und-kuba-ruecken-naeher-zusammen\/\"]}]},{\"@type\":\"ImageObject\",\"inLanguage\":\"de\",\"@id\":\"https:\/\/now-news.de\/de\/deutschland\/russland-und-kuba-ruecken-naeher-zusammen\/#primaryimage\",\"url\":\"https:\/\/now-news.de\/de\/wp-content\/uploads\/sites\/3\/2023\/05\/Russland-und-Kuba-ruecken-naeher-zusammen.jpg\",\"contentUrl\":\"https:\/\/now-news.de\/de\/wp-content\/uploads\/sites\/3\/2023\/05\/Russland-und-Kuba-ruecken-naeher-zusammen.jpg\",\"width\":1624,\"height\":1080,\"caption\":\"Russland und Kuba r\u00fccken n\u00e4her zusammen\"},{\"@type\":\"BreadcrumbList\",\"@id\":\"https:\/\/now-news.de\/de\/deutschland\/russland-und-kuba-ruecken-naeher-zusammen\/#breadcrumb\",\"itemListElement\":[{\"@type\":\"ListItem\",\"position\":1,\"name\":\"Home\",\"item\":\"https:\/\/now-news.de\/de\/\"},{\"@type\":\"ListItem\",\"position\":2,\"name\":\"Russland und Kuba r\u00fccken n\u00e4her zusammen\"}]},{\"@type\":\"WebSite\",\"@id\":\"https:\/\/now-news.de\/de\/#website\",\"url\":\"https:\/\/now-news.de\/de\/\",\"name\":\"just-now.NEWS Deutschland\",\"description\":\"Das Portal f\u00fcr unzensierte Nachrichten aus der Welt\",\"publisher\":{\"@id\":\"https:\/\/now-news.de\/de\/#organization\"},\"potentialAction\":[{\"@type\":\"SearchAction\",\"target\":{\"@type\":\"EntryPoint\",\"urlTemplate\":\"https:\/\/now-news.de\/de\/?s={search_term_string}\"},\"query-input\":\"required name=search_term_string\"}],\"inLanguage\":\"de\"},{\"@type\":\"Organization\",\"@id\":\"https:\/\/now-news.de\/de\/#organization\",\"name\":\"Just Now News\",\"url\":\"https:\/\/now-news.de\/de\/\",\"logo\":{\"@type\":\"ImageObject\",\"inLanguage\":\"de\",\"@id\":\"https:\/\/now-news.de\/de\/#\/schema\/logo\/image\/\",\"url\":\"http:\/\/just-now.news\/de\/wp-content\/uploads\/sites\/3\/2022\/04\/logo500x500.jpg\",\"contentUrl\":\"http:\/\/just-now.news\/de\/wp-content\/uploads\/sites\/3\/2022\/04\/logo500x500.jpg\",\"width\":500,\"height\":500,\"caption\":\"Just Now News\"},\"image\":{\"@id\":\"https:\/\/now-news.de\/de\/#\/schema\/logo\/image\/\"},\"sameAs\":[\"https:\/\/www.facebook.com\/wirmachenauf\",\"https:\/\/x.com\/WirMachenAuf_de\"]},{\"@type\":\"Person\",\"@id\":\"https:\/\/now-news.de\/de\/#\/schema\/person\/fb534a4e865501d8b3285208df34a9b5\",\"name\":\"rtnews\",\"image\":{\"@type\":\"ImageObject\",\"inLanguage\":\"de\",\"@id\":\"https:\/\/now-news.de\/de\/#\/schema\/person\/image\/\",\"url\":\"https:\/\/secure.gravatar.com\/avatar\/82aafea7d8127119dd649515f56e2117?s=96&d=mm&r=g\",\"contentUrl\":\"https:\/\/secure.gravatar.com\/avatar\/82aafea7d8127119dd649515f56e2117?s=96&d=mm&r=g\",\"caption\":\"rtnews\"},\"url\":\"https:\/\/now-news.de\/de\/author\/rnews\/\"}]}<\/script>\n<!-- \/ Yoast SEO Premium plugin. -->","yoast_head_json":{"title":"Russland und Kuba r\u00fccken n\u00e4her zusammen - just-now.NEWS Deutschland","robots":{"index":"index","follow":"follow","max-snippet":"max-snippet:-1","max-image-preview":"max-image-preview:large","max-video-preview":"max-video-preview:-1"},"canonical":"https:\/\/now-news.de\/de\/deutschland\/russland-und-kuba-ruecken-naeher-zusammen\/","og_locale":"de_DE","og_type":"article","og_title":"Russland und Kuba r\u00fccken n\u00e4her zusammen","og_description":"Die russisch-kubanischen Beziehungen werden deutlich intensiviert. Das ist das Ergebnis einer dreit\u00e4gigen Visite einer russischen Regierungsdelegation auf der &#8220;Freiheitsinsel&#8221; vergangene Woche. Der Erfolg des Arbeitsbesuches wird durch den Tod des stellvertretenden Bildungsministers Russlands auf dem R\u00fcckflug \u00fcberschattet. Die vergangene Woche brachte einen Durchbruch in den russisch-kubanischen Beziehungen, was durch andere aktuelle Ereignisse etwas aus dem [&hellip;]","og_url":"https:\/\/now-news.de\/de\/deutschland\/russland-und-kuba-ruecken-naeher-zusammen\/","og_site_name":"just-now.NEWS Deutschland","article_publisher":"https:\/\/www.facebook.com\/wirmachenauf","article_published_time":"2023-05-21T19:30:41+00:00","og_image":[{"width":1624,"height":1080,"url":"https:\/\/now-news.de\/de\/wp-content\/uploads\/sites\/3\/2023\/05\/Russland-und-Kuba-ruecken-naeher-zusammen.jpg","type":"image\/jpeg"}],"author":"rtnews","twitter_card":"summary_large_image","twitter_creator":"@WirMachenAuf_de","twitter_site":"@WirMachenAuf_de","twitter_misc":{"Verfasst von":"rtnews","Gesch\u00e4tzte Lesezeit":"4\u00a0Minuten"},"schema":{"@context":"https:\/\/schema.org","@graph":[{"@type":"Article","@id":"https:\/\/now-news.de\/de\/deutschland\/russland-und-kuba-ruecken-naeher-zusammen\/#article","isPartOf":{"@id":"https:\/\/now-news.de\/de\/deutschland\/russland-und-kuba-ruecken-naeher-zusammen\/"},"author":{"name":"rtnews","@id":"https:\/\/now-news.de\/de\/#\/schema\/person\/fb534a4e865501d8b3285208df34a9b5"},"headline":"Russland und Kuba r\u00fccken n\u00e4her zusammen","datePublished":"2023-05-21T19:30:41+00:00","dateModified":"2023-05-21T19:30:41+00:00","mainEntityOfPage":{"@id":"https:\/\/now-news.de\/de\/deutschland\/russland-und-kuba-ruecken-naeher-zusammen\/"},"wordCount":737,"commentCount":2,"publisher":{"@id":"https:\/\/now-news.de\/de\/#organization"},"image":{"@id":"https:\/\/now-news.de\/de\/deutschland\/russland-und-kuba-ruecken-naeher-zusammen\/#primaryimage"},"thumbnailUrl":"https:\/\/now-news.de\/de\/wp-content\/uploads\/sites\/3\/2023\/05\/Russland-und-Kuba-ruecken-naeher-zusammen.jpg","keywords":["Kuba","n\u00e4her","r\u00fccken","russland","und","zusammen"],"articleSection":["Deutschland","Russland"],"inLanguage":"de","potentialAction":[{"@type":"CommentAction","name":"Comment","target":["https:\/\/now-news.de\/de\/deutschland\/russland-und-kuba-ruecken-naeher-zusammen\/#respond"]}]},{"@type":"WebPage","@id":"https:\/\/now-news.de\/de\/deutschland\/russland-und-kuba-ruecken-naeher-zusammen\/","url":"https:\/\/now-news.de\/de\/deutschland\/russland-und-kuba-ruecken-naeher-zusammen\/","name":"Russland und Kuba r\u00fccken n\u00e4her zusammen - just-now.NEWS Deutschland","isPartOf":{"@id":"https:\/\/now-news.de\/de\/#website"},"primaryImageOfPage":{"@id":"https:\/\/now-news.de\/de\/deutschland\/russland-und-kuba-ruecken-naeher-zusammen\/#primaryimage"},"image":{"@id":"https:\/\/now-news.de\/de\/deutschland\/russland-und-kuba-ruecken-naeher-zusammen\/#primaryimage"},"thumbnailUrl":"https:\/\/now-news.de\/de\/wp-content\/uploads\/sites\/3\/2023\/05\/Russland-und-Kuba-ruecken-naeher-zusammen.jpg","datePublished":"2023-05-21T19:30:41+00:00","dateModified":"2023-05-21T19:30:41+00:00","breadcrumb":{"@id":"https:\/\/now-news.de\/de\/deutschland\/russland-und-kuba-ruecken-naeher-zusammen\/#breadcrumb"},"inLanguage":"de","potentialAction":[{"@type":"ReadAction","target":["https:\/\/now-news.de\/de\/deutschland\/russland-und-kuba-ruecken-naeher-zusammen\/"]}]},{"@type":"ImageObject","inLanguage":"de","@id":"https:\/\/now-news.de\/de\/deutschland\/russland-und-kuba-ruecken-naeher-zusammen\/#primaryimage","url":"https:\/\/now-news.de\/de\/wp-content\/uploads\/sites\/3\/2023\/05\/Russland-und-Kuba-ruecken-naeher-zusammen.jpg","contentUrl":"https:\/\/now-news.de\/de\/wp-content\/uploads\/sites\/3\/2023\/05\/Russland-und-Kuba-ruecken-naeher-zusammen.jpg","width":1624,"height":1080,"caption":"Russland und Kuba r\u00fccken n\u00e4her zusammen"},{"@type":"BreadcrumbList","@id":"https:\/\/now-news.de\/de\/deutschland\/russland-und-kuba-ruecken-naeher-zusammen\/#breadcrumb","itemListElement":[{"@type":"ListItem","position":1,"name":"Home","item":"https:\/\/now-news.de\/de\/"},{"@type":"ListItem","position":2,"name":"Russland und Kuba r\u00fccken n\u00e4her zusammen"}]},{"@type":"WebSite","@id":"https:\/\/now-news.de\/de\/#website","url":"https:\/\/now-news.de\/de\/","name":"just-now.NEWS Deutschland","description":"Das Portal f\u00fcr unzensierte Nachrichten aus der Welt","publisher":{"@id":"https:\/\/now-news.de\/de\/#organization"},"potentialAction":[{"@type":"SearchAction","target":{"@type":"EntryPoint","urlTemplate":"https:\/\/now-news.de\/de\/?s={search_term_string}"},"query-input":"required name=search_term_string"}],"inLanguage":"de"},{"@type":"Organization","@id":"https:\/\/now-news.de\/de\/#organization","name":"Just Now News","url":"https:\/\/now-news.de\/de\/","logo":{"@type":"ImageObject","inLanguage":"de","@id":"https:\/\/now-news.de\/de\/#\/schema\/logo\/image\/","url":"http:\/\/just-now.news\/de\/wp-content\/uploads\/sites\/3\/2022\/04\/logo500x500.jpg","contentUrl":"http:\/\/just-now.news\/de\/wp-content\/uploads\/sites\/3\/2022\/04\/logo500x500.jpg","width":500,"height":500,"caption":"Just Now News"},"image":{"@id":"https:\/\/now-news.de\/de\/#\/schema\/logo\/image\/"},"sameAs":["https:\/\/www.facebook.com\/wirmachenauf","https:\/\/x.com\/WirMachenAuf_de"]},{"@type":"Person","@id":"https:\/\/now-news.de\/de\/#\/schema\/person\/fb534a4e865501d8b3285208df34a9b5","name":"rtnews","image":{"@type":"ImageObject","inLanguage":"de","@id":"https:\/\/now-news.de\/de\/#\/schema\/person\/image\/","url":"https:\/\/secure.gravatar.com\/avatar\/82aafea7d8127119dd649515f56e2117?s=96&d=mm&r=g","contentUrl":"https:\/\/secure.gravatar.com\/avatar\/82aafea7d8127119dd649515f56e2117?s=96&d=mm&r=g","caption":"rtnews"},"url":"https:\/\/now-news.de\/de\/author\/rnews\/"}]}},"_links":{"self":[{"href":"https:\/\/now-news.de\/de\/wp-json\/wp\/v2\/posts\/36483"}],"collection":[{"href":"https:\/\/now-news.de\/de\/wp-json\/wp\/v2\/posts"}],"about":[{"href":"https:\/\/now-news.de\/de\/wp-json\/wp\/v2\/types\/post"}],"author":[{"embeddable":true,"href":"https:\/\/now-news.de\/de\/wp-json\/wp\/v2\/users\/3"}],"replies":[{"embeddable":true,"href":"https:\/\/now-news.de\/de\/wp-json\/wp\/v2\/comments?post=36483"}],"version-history":[{"count":0,"href":"https:\/\/now-news.de\/de\/wp-json\/wp\/v2\/posts\/36483\/revisions"}],"wp:featuredmedia":[{"embeddable":true,"href":"https:\/\/now-news.de\/de\/wp-json\/wp\/v2\/media\/36484"}],"wp:attachment":[{"href":"https:\/\/now-news.de\/de\/wp-json\/wp\/v2\/media?parent=36483"}],"wp:term":[{"taxonomy":"category","embeddable":true,"href":"https:\/\/now-news.de\/de\/wp-json\/wp\/v2\/categories?post=36483"},{"taxonomy":"post_tag","embeddable":true,"href":"https:\/\/now-news.de\/de\/wp-json\/wp\/v2\/tags?post=36483"}],"curies":[{"name":"wp","href":"https:\/\/api.w.org\/{rel}","templated":true}]}}