{"id":36469,"date":"2023-05-21T18:10:45","date_gmt":"2023-05-21T16:10:45","guid":{"rendered":"https:\/\/just-now.news\/de\/deutschland\/kuss-und-gruss-an-biden-von-mir-wagner-chef-an-selenskij-nach-einnahme-von-bachmut\/"},"modified":"2023-05-21T18:10:45","modified_gmt":"2023-05-21T16:10:45","slug":"kuss-und-gruss-an-biden-von-mir-wagner-chef-an-selenskij-nach-einnahme-von-bachmut","status":"publish","type":"post","link":"https:\/\/now-news.de\/de\/deutschland\/kuss-und-gruss-an-biden-von-mir-wagner-chef-an-selenskij-nach-einnahme-von-bachmut\/","title":{"rendered":"&quot;Kuss und Gru\u00df an Biden von mir&quot; \u2013 Wagner-Chef an Selenskij nach Einnahme von Bachmut"},"content":{"rendered":"<p><img decoding=\"async\" src=\"http:\/\/just-now.news\/de\/wp-content\/uploads\/sites\/3\/2023\/05\/646a1c4148fbef71f9301402.jpg\" \/><\/p>\n<div class=\"Text-root Text-type_1 \">\n                Russland hat am Samstag Bachmut (Artjomowsk) f\u00fcr eingenommen erkl\u00e4rt. Der Wagner-Chef, Jewgeni Prigoschin, sandte dem ukrainischen Pr\u00e4sidenten ein Gru\u00dfwort und bat ihn, Biden auf die Stirn zu k\u00fcssen und von ihm zu gr\u00fc\u00dfen.\n            <\/div>\n<p><\/p>\n<div class=\"Text-root Text-type_5 ArticleView-text ViewText-root \">\n<p>Jetzt sorgt der ukrainische Pr\u00e4sident, Wladimir Selenskij, mit seiner Erkl\u00e4rung \u00fcber die Situation in Artjomowsk jedoch f\u00fcr Kontroversen. Aus den \u00c4u\u00dferungen wird nicht ganz klar, ob er den Verlust der Stadt anerkennt oder verneint.<\/p>\n<\/p>\n<\/div>\n<p><br \/>\n<br \/><a href=\"https:\/\/de.rt.com\/europa\/170629-kuss-und-gruss-an-biden-von-mir-wagner-chef-selenskij-nach-einnahme-bachmut\/\">Source link <\/a><\/p>\n","protected":false},"excerpt":{"rendered":"<p>Russland hat am Samstag Bachmut (Artjomowsk) f\u00fcr eingenommen erkl\u00e4rt. Der Wagner-Chef, Jewgeni Prigoschin, sandte dem ukrainischen Pr\u00e4sidenten ein Gru\u00dfwort und bat ihn, Biden auf die Stirn zu k\u00fcssen und von ihm zu gr\u00fc\u00dfen. Jetzt sorgt der ukrainische Pr\u00e4sident, Wladimir Selenskij, mit seiner Erkl\u00e4rung \u00fcber die Situation in Artjomowsk jedoch f\u00fcr Kontroversen. Aus den \u00c4u\u00dferungen wird [&hellip;]<\/p>\n","protected":false},"author":3,"featured_media":36470,"comment_status":"open","ping_status":"open","sticky":false,"template":"","format":"standard","meta":{"_yoast_indexnow_last_ping":["1684686148"],"wp_automatic_camp":["217"],"8f793a336cbcbed756b59c0ed763fc3b":["&quot;Kuss und Gru\u00df an Biden von mir&quot; \u2013 Wagner-Chef an Selenskij nach Einnahme von Bachmut"],"original_link":["https:\/\/de.rt.com\/europa\/170629-kuss-und-gruss-an-biden-von-mir-wagner-chef-selenskij-nach-einnahme-bachmut\/"],"_thumbnail_id":["36470"],"_wptgpro_p2tg_sent2tg":["a:1:{i:23737;s:19:\"2023-05-21 18:24:41\";}"],"jnews_social_counter_last_update":["1777678632"]},"categories":[19,23],"tags":[38209,1348,18464,30537,39646,979,44559,6158,140,50,38066],"yoast_head":"<!-- This site is optimized with the Yoast SEO Premium plugin v22.7 (Yoast SEO v22.7) - https:\/\/yoast.com\/wordpress\/plugins\/seo\/ -->\n<title>&quot;Kuss und Gru\u00df an Biden von mir&quot; \u2013 Wagner-Chef an Selenskij nach Einnahme von Bachmut - just-now.NEWS Deutschland<\/title>\n<meta name=\"robots\" content=\"index, follow, max-snippet:-1, max-image-preview:large, max-video-preview:-1\" \/>\n<link rel=\"canonical\" href=\"https:\/\/now-news.de\/de\/deutschland\/kuss-und-gruss-an-biden-von-mir-wagner-chef-an-selenskij-nach-einnahme-von-bachmut\/\" \/>\n<meta property=\"og:locale\" content=\"de_DE\" \/>\n<meta property=\"og:type\" content=\"article\" \/>\n<meta property=\"og:title\" content=\"&quot;Kuss und Gru\u00df an Biden von mir&quot; \u2013 Wagner-Chef an Selenskij nach Einnahme von Bachmut\" \/>\n<meta property=\"og:description\" content=\"Russland hat am Samstag Bachmut (Artjomowsk) f\u00fcr eingenommen erkl\u00e4rt. Der Wagner-Chef, Jewgeni Prigoschin, sandte dem ukrainischen Pr\u00e4sidenten ein Gru\u00dfwort und bat ihn, Biden auf die Stirn zu k\u00fcssen und von ihm zu gr\u00fc\u00dfen. Jetzt sorgt der ukrainische Pr\u00e4sident, Wladimir Selenskij, mit seiner Erkl\u00e4rung \u00fcber die Situation in Artjomowsk jedoch f\u00fcr Kontroversen. Aus den \u00c4u\u00dferungen wird [&hellip;]\" \/>\n<meta property=\"og:url\" content=\"https:\/\/now-news.de\/de\/deutschland\/kuss-und-gruss-an-biden-von-mir-wagner-chef-an-selenskij-nach-einnahme-von-bachmut\/\" \/>\n<meta property=\"og:site_name\" content=\"just-now.NEWS Deutschland\" \/>\n<meta property=\"article:publisher\" content=\"https:\/\/www.facebook.com\/wirmachenauf\" \/>\n<meta property=\"article:published_time\" content=\"2023-05-21T16:10:45+00:00\" \/>\n<meta property=\"og:image\" content=\"https:\/\/now-news.de\/de\/wp-content\/uploads\/sites\/3\/2023\/05\/quotKuss-und-Gruss-an-Biden-von-mirquot-\u2013-Wagner-Chef-an.jpg\" \/>\n\t<meta property=\"og:image:width\" content=\"460\" \/>\n\t<meta property=\"og:image:height\" content=\"259\" \/>\n\t<meta property=\"og:image:type\" content=\"image\/jpeg\" \/>\n<meta name=\"author\" content=\"rtnews\" \/>\n<meta name=\"twitter:card\" content=\"summary_large_image\" \/>\n<meta name=\"twitter:creator\" content=\"@WirMachenAuf_de\" \/>\n<meta name=\"twitter:site\" content=\"@WirMachenAuf_de\" \/>\n<meta name=\"twitter:label1\" content=\"Verfasst von\" \/>\n\t<meta name=\"twitter:data1\" content=\"rtnews\" \/>\n<script type=\"application\/ld+json\" class=\"yoast-schema-graph\">{\"@context\":\"https:\/\/schema.org\",\"@graph\":[{\"@type\":\"Article\",\"@id\":\"https:\/\/now-news.de\/de\/deutschland\/kuss-und-gruss-an-biden-von-mir-wagner-chef-an-selenskij-nach-einnahme-von-bachmut\/#article\",\"isPartOf\":{\"@id\":\"https:\/\/now-news.de\/de\/deutschland\/kuss-und-gruss-an-biden-von-mir-wagner-chef-an-selenskij-nach-einnahme-von-bachmut\/\"},\"author\":{\"name\":\"rtnews\",\"@id\":\"https:\/\/now-news.de\/de\/#\/schema\/person\/fb534a4e865501d8b3285208df34a9b5\"},\"headline\":\"&quot;Kuss und Gru\u00df an Biden von mir&quot; \u2013 Wagner-Chef an Selenskij nach Einnahme von Bachmut\",\"datePublished\":\"2023-05-21T16:10:45+00:00\",\"dateModified\":\"2023-05-21T16:10:45+00:00\",\"mainEntityOfPage\":{\"@id\":\"https:\/\/now-news.de\/de\/deutschland\/kuss-und-gruss-an-biden-von-mir-wagner-chef-an-selenskij-nach-einnahme-von-bachmut\/\"},\"wordCount\":96,\"commentCount\":0,\"publisher\":{\"@id\":\"https:\/\/now-news.de\/de\/#organization\"},\"image\":{\"@id\":\"https:\/\/now-news.de\/de\/deutschland\/kuss-und-gruss-an-biden-von-mir-wagner-chef-an-selenskij-nach-einnahme-von-bachmut\/#primaryimage\"},\"thumbnailUrl\":\"https:\/\/now-news.de\/de\/wp-content\/uploads\/sites\/3\/2023\/05\/quotKuss-und-Gruss-an-Biden-von-mirquot-\u2013-Wagner-Chef-an.jpg\",\"keywords\":[\"Bachmut\",\"Biden\",\"Einnahme\",\"Gru\u00df\",\"mirquot\",\"nach\",\"quotKuss\",\"Selenskij\",\"und\",\"von\",\"WagnerChef\"],\"articleSection\":[\"Deutschland\",\"Russland\"],\"inLanguage\":\"de\",\"potentialAction\":[{\"@type\":\"CommentAction\",\"name\":\"Comment\",\"target\":[\"https:\/\/now-news.de\/de\/deutschland\/kuss-und-gruss-an-biden-von-mir-wagner-chef-an-selenskij-nach-einnahme-von-bachmut\/#respond\"]}]},{\"@type\":\"WebPage\",\"@id\":\"https:\/\/now-news.de\/de\/deutschland\/kuss-und-gruss-an-biden-von-mir-wagner-chef-an-selenskij-nach-einnahme-von-bachmut\/\",\"url\":\"https:\/\/now-news.de\/de\/deutschland\/kuss-und-gruss-an-biden-von-mir-wagner-chef-an-selenskij-nach-einnahme-von-bachmut\/\",\"name\":\"&quot;Kuss und Gru\u00df an Biden von mir&quot; \u2013 Wagner-Chef an Selenskij nach Einnahme von Bachmut - just-now.NEWS Deutschland\",\"isPartOf\":{\"@id\":\"https:\/\/now-news.de\/de\/#website\"},\"primaryImageOfPage\":{\"@id\":\"https:\/\/now-news.de\/de\/deutschland\/kuss-und-gruss-an-biden-von-mir-wagner-chef-an-selenskij-nach-einnahme-von-bachmut\/#primaryimage\"},\"image\":{\"@id\":\"https:\/\/now-news.de\/de\/deutschland\/kuss-und-gruss-an-biden-von-mir-wagner-chef-an-selenskij-nach-einnahme-von-bachmut\/#primaryimage\"},\"thumbnailUrl\":\"https:\/\/now-news.de\/de\/wp-content\/uploads\/sites\/3\/2023\/05\/quotKuss-und-Gruss-an-Biden-von-mirquot-\u2013-Wagner-Chef-an.jpg\",\"datePublished\":\"2023-05-21T16:10:45+00:00\",\"dateModified\":\"2023-05-21T16:10:45+00:00\",\"breadcrumb\":{\"@id\":\"https:\/\/now-news.de\/de\/deutschland\/kuss-und-gruss-an-biden-von-mir-wagner-chef-an-selenskij-nach-einnahme-von-bachmut\/#breadcrumb\"},\"inLanguage\":\"de\",\"potentialAction\":[{\"@type\":\"ReadAction\",\"target\":[\"https:\/\/now-news.de\/de\/deutschland\/kuss-und-gruss-an-biden-von-mir-wagner-chef-an-selenskij-nach-einnahme-von-bachmut\/\"]}]},{\"@type\":\"ImageObject\",\"inLanguage\":\"de\",\"@id\":\"https:\/\/now-news.de\/de\/deutschland\/kuss-und-gruss-an-biden-von-mir-wagner-chef-an-selenskij-nach-einnahme-von-bachmut\/#primaryimage\",\"url\":\"https:\/\/now-news.de\/de\/wp-content\/uploads\/sites\/3\/2023\/05\/quotKuss-und-Gruss-an-Biden-von-mirquot-\u2013-Wagner-Chef-an.jpg\",\"contentUrl\":\"https:\/\/now-news.de\/de\/wp-content\/uploads\/sites\/3\/2023\/05\/quotKuss-und-Gruss-an-Biden-von-mirquot-\u2013-Wagner-Chef-an.jpg\",\"width\":460,\"height\":259,\"caption\":\"&quot;Kuss und Gru\u00df an Biden von mir&quot; \u2013 Wagner-Chef an Selenskij nach Einnahme von Bachmut\"},{\"@type\":\"BreadcrumbList\",\"@id\":\"https:\/\/now-news.de\/de\/deutschland\/kuss-und-gruss-an-biden-von-mir-wagner-chef-an-selenskij-nach-einnahme-von-bachmut\/#breadcrumb\",\"itemListElement\":[{\"@type\":\"ListItem\",\"position\":1,\"name\":\"Home\",\"item\":\"https:\/\/now-news.de\/de\/\"},{\"@type\":\"ListItem\",\"position\":2,\"name\":\"&quot;Kuss und Gru\u00df an Biden von mir&quot; \u2013 Wagner-Chef an Selenskij nach Einnahme von Bachmut\"}]},{\"@type\":\"WebSite\",\"@id\":\"https:\/\/now-news.de\/de\/#website\",\"url\":\"https:\/\/now-news.de\/de\/\",\"name\":\"just-now.NEWS Deutschland\",\"description\":\"Das Portal f\u00fcr unzensierte Nachrichten aus der Welt\",\"publisher\":{\"@id\":\"https:\/\/now-news.de\/de\/#organization\"},\"potentialAction\":[{\"@type\":\"SearchAction\",\"target\":{\"@type\":\"EntryPoint\",\"urlTemplate\":\"https:\/\/now-news.de\/de\/?s={search_term_string}\"},\"query-input\":\"required name=search_term_string\"}],\"inLanguage\":\"de\"},{\"@type\":\"Organization\",\"@id\":\"https:\/\/now-news.de\/de\/#organization\",\"name\":\"Just Now News\",\"url\":\"https:\/\/now-news.de\/de\/\",\"logo\":{\"@type\":\"ImageObject\",\"inLanguage\":\"de\",\"@id\":\"https:\/\/now-news.de\/de\/#\/schema\/logo\/image\/\",\"url\":\"http:\/\/just-now.news\/de\/wp-content\/uploads\/sites\/3\/2022\/04\/logo500x500.jpg\",\"contentUrl\":\"http:\/\/just-now.news\/de\/wp-content\/uploads\/sites\/3\/2022\/04\/logo500x500.jpg\",\"width\":500,\"height\":500,\"caption\":\"Just Now News\"},\"image\":{\"@id\":\"https:\/\/now-news.de\/de\/#\/schema\/logo\/image\/\"},\"sameAs\":[\"https:\/\/www.facebook.com\/wirmachenauf\",\"https:\/\/x.com\/WirMachenAuf_de\"]},{\"@type\":\"Person\",\"@id\":\"https:\/\/now-news.de\/de\/#\/schema\/person\/fb534a4e865501d8b3285208df34a9b5\",\"name\":\"rtnews\",\"image\":{\"@type\":\"ImageObject\",\"inLanguage\":\"de\",\"@id\":\"https:\/\/now-news.de\/de\/#\/schema\/person\/image\/\",\"url\":\"https:\/\/secure.gravatar.com\/avatar\/82aafea7d8127119dd649515f56e2117?s=96&d=mm&r=g\",\"contentUrl\":\"https:\/\/secure.gravatar.com\/avatar\/82aafea7d8127119dd649515f56e2117?s=96&d=mm&r=g\",\"caption\":\"rtnews\"},\"url\":\"https:\/\/now-news.de\/de\/author\/rnews\/\"}]}<\/script>\n<!-- \/ Yoast SEO Premium plugin. -->","yoast_head_json":{"title":"&quot;Kuss und Gru\u00df an Biden von mir&quot; \u2013 Wagner-Chef an Selenskij nach Einnahme von Bachmut - just-now.NEWS Deutschland","robots":{"index":"index","follow":"follow","max-snippet":"max-snippet:-1","max-image-preview":"max-image-preview:large","max-video-preview":"max-video-preview:-1"},"canonical":"https:\/\/now-news.de\/de\/deutschland\/kuss-und-gruss-an-biden-von-mir-wagner-chef-an-selenskij-nach-einnahme-von-bachmut\/","og_locale":"de_DE","og_type":"article","og_title":"&quot;Kuss und Gru\u00df an Biden von mir&quot; \u2013 Wagner-Chef an Selenskij nach Einnahme von Bachmut","og_description":"Russland hat am Samstag Bachmut (Artjomowsk) f\u00fcr eingenommen erkl\u00e4rt. Der Wagner-Chef, Jewgeni Prigoschin, sandte dem ukrainischen Pr\u00e4sidenten ein Gru\u00dfwort und bat ihn, Biden auf die Stirn zu k\u00fcssen und von ihm zu gr\u00fc\u00dfen. Jetzt sorgt der ukrainische Pr\u00e4sident, Wladimir Selenskij, mit seiner Erkl\u00e4rung \u00fcber die Situation in Artjomowsk jedoch f\u00fcr Kontroversen. Aus den \u00c4u\u00dferungen wird [&hellip;]","og_url":"https:\/\/now-news.de\/de\/deutschland\/kuss-und-gruss-an-biden-von-mir-wagner-chef-an-selenskij-nach-einnahme-von-bachmut\/","og_site_name":"just-now.NEWS Deutschland","article_publisher":"https:\/\/www.facebook.com\/wirmachenauf","article_published_time":"2023-05-21T16:10:45+00:00","og_image":[{"width":460,"height":259,"url":"https:\/\/now-news.de\/de\/wp-content\/uploads\/sites\/3\/2023\/05\/quotKuss-und-Gruss-an-Biden-von-mirquot-\u2013-Wagner-Chef-an.jpg","type":"image\/jpeg"}],"author":"rtnews","twitter_card":"summary_large_image","twitter_creator":"@WirMachenAuf_de","twitter_site":"@WirMachenAuf_de","twitter_misc":{"Verfasst von":"rtnews"},"schema":{"@context":"https:\/\/schema.org","@graph":[{"@type":"Article","@id":"https:\/\/now-news.de\/de\/deutschland\/kuss-und-gruss-an-biden-von-mir-wagner-chef-an-selenskij-nach-einnahme-von-bachmut\/#article","isPartOf":{"@id":"https:\/\/now-news.de\/de\/deutschland\/kuss-und-gruss-an-biden-von-mir-wagner-chef-an-selenskij-nach-einnahme-von-bachmut\/"},"author":{"name":"rtnews","@id":"https:\/\/now-news.de\/de\/#\/schema\/person\/fb534a4e865501d8b3285208df34a9b5"},"headline":"&quot;Kuss und Gru\u00df an Biden von mir&quot; \u2013 Wagner-Chef an Selenskij nach Einnahme von Bachmut","datePublished":"2023-05-21T16:10:45+00:00","dateModified":"2023-05-21T16:10:45+00:00","mainEntityOfPage":{"@id":"https:\/\/now-news.de\/de\/deutschland\/kuss-und-gruss-an-biden-von-mir-wagner-chef-an-selenskij-nach-einnahme-von-bachmut\/"},"wordCount":96,"commentCount":0,"publisher":{"@id":"https:\/\/now-news.de\/de\/#organization"},"image":{"@id":"https:\/\/now-news.de\/de\/deutschland\/kuss-und-gruss-an-biden-von-mir-wagner-chef-an-selenskij-nach-einnahme-von-bachmut\/#primaryimage"},"thumbnailUrl":"https:\/\/now-news.de\/de\/wp-content\/uploads\/sites\/3\/2023\/05\/quotKuss-und-Gruss-an-Biden-von-mirquot-\u2013-Wagner-Chef-an.jpg","keywords":["Bachmut","Biden","Einnahme","Gru\u00df","mirquot","nach","quotKuss","Selenskij","und","von","WagnerChef"],"articleSection":["Deutschland","Russland"],"inLanguage":"de","potentialAction":[{"@type":"CommentAction","name":"Comment","target":["https:\/\/now-news.de\/de\/deutschland\/kuss-und-gruss-an-biden-von-mir-wagner-chef-an-selenskij-nach-einnahme-von-bachmut\/#respond"]}]},{"@type":"WebPage","@id":"https:\/\/now-news.de\/de\/deutschland\/kuss-und-gruss-an-biden-von-mir-wagner-chef-an-selenskij-nach-einnahme-von-bachmut\/","url":"https:\/\/now-news.de\/de\/deutschland\/kuss-und-gruss-an-biden-von-mir-wagner-chef-an-selenskij-nach-einnahme-von-bachmut\/","name":"&quot;Kuss und Gru\u00df an Biden von mir&quot; \u2013 Wagner-Chef an Selenskij nach Einnahme von Bachmut - just-now.NEWS Deutschland","isPartOf":{"@id":"https:\/\/now-news.de\/de\/#website"},"primaryImageOfPage":{"@id":"https:\/\/now-news.de\/de\/deutschland\/kuss-und-gruss-an-biden-von-mir-wagner-chef-an-selenskij-nach-einnahme-von-bachmut\/#primaryimage"},"image":{"@id":"https:\/\/now-news.de\/de\/deutschland\/kuss-und-gruss-an-biden-von-mir-wagner-chef-an-selenskij-nach-einnahme-von-bachmut\/#primaryimage"},"thumbnailUrl":"https:\/\/now-news.de\/de\/wp-content\/uploads\/sites\/3\/2023\/05\/quotKuss-und-Gruss-an-Biden-von-mirquot-\u2013-Wagner-Chef-an.jpg","datePublished":"2023-05-21T16:10:45+00:00","dateModified":"2023-05-21T16:10:45+00:00","breadcrumb":{"@id":"https:\/\/now-news.de\/de\/deutschland\/kuss-und-gruss-an-biden-von-mir-wagner-chef-an-selenskij-nach-einnahme-von-bachmut\/#breadcrumb"},"inLanguage":"de","potentialAction":[{"@type":"ReadAction","target":["https:\/\/now-news.de\/de\/deutschland\/kuss-und-gruss-an-biden-von-mir-wagner-chef-an-selenskij-nach-einnahme-von-bachmut\/"]}]},{"@type":"ImageObject","inLanguage":"de","@id":"https:\/\/now-news.de\/de\/deutschland\/kuss-und-gruss-an-biden-von-mir-wagner-chef-an-selenskij-nach-einnahme-von-bachmut\/#primaryimage","url":"https:\/\/now-news.de\/de\/wp-content\/uploads\/sites\/3\/2023\/05\/quotKuss-und-Gruss-an-Biden-von-mirquot-\u2013-Wagner-Chef-an.jpg","contentUrl":"https:\/\/now-news.de\/de\/wp-content\/uploads\/sites\/3\/2023\/05\/quotKuss-und-Gruss-an-Biden-von-mirquot-\u2013-Wagner-Chef-an.jpg","width":460,"height":259,"caption":"&quot;Kuss und Gru\u00df an Biden von mir&quot; \u2013 Wagner-Chef an Selenskij nach Einnahme von Bachmut"},{"@type":"BreadcrumbList","@id":"https:\/\/now-news.de\/de\/deutschland\/kuss-und-gruss-an-biden-von-mir-wagner-chef-an-selenskij-nach-einnahme-von-bachmut\/#breadcrumb","itemListElement":[{"@type":"ListItem","position":1,"name":"Home","item":"https:\/\/now-news.de\/de\/"},{"@type":"ListItem","position":2,"name":"&quot;Kuss und Gru\u00df an Biden von mir&quot; \u2013 Wagner-Chef an Selenskij nach Einnahme von Bachmut"}]},{"@type":"WebSite","@id":"https:\/\/now-news.de\/de\/#website","url":"https:\/\/now-news.de\/de\/","name":"just-now.NEWS Deutschland","description":"Das Portal f\u00fcr unzensierte Nachrichten aus der Welt","publisher":{"@id":"https:\/\/now-news.de\/de\/#organization"},"potentialAction":[{"@type":"SearchAction","target":{"@type":"EntryPoint","urlTemplate":"https:\/\/now-news.de\/de\/?s={search_term_string}"},"query-input":"required name=search_term_string"}],"inLanguage":"de"},{"@type":"Organization","@id":"https:\/\/now-news.de\/de\/#organization","name":"Just Now News","url":"https:\/\/now-news.de\/de\/","logo":{"@type":"ImageObject","inLanguage":"de","@id":"https:\/\/now-news.de\/de\/#\/schema\/logo\/image\/","url":"http:\/\/just-now.news\/de\/wp-content\/uploads\/sites\/3\/2022\/04\/logo500x500.jpg","contentUrl":"http:\/\/just-now.news\/de\/wp-content\/uploads\/sites\/3\/2022\/04\/logo500x500.jpg","width":500,"height":500,"caption":"Just Now News"},"image":{"@id":"https:\/\/now-news.de\/de\/#\/schema\/logo\/image\/"},"sameAs":["https:\/\/www.facebook.com\/wirmachenauf","https:\/\/x.com\/WirMachenAuf_de"]},{"@type":"Person","@id":"https:\/\/now-news.de\/de\/#\/schema\/person\/fb534a4e865501d8b3285208df34a9b5","name":"rtnews","image":{"@type":"ImageObject","inLanguage":"de","@id":"https:\/\/now-news.de\/de\/#\/schema\/person\/image\/","url":"https:\/\/secure.gravatar.com\/avatar\/82aafea7d8127119dd649515f56e2117?s=96&d=mm&r=g","contentUrl":"https:\/\/secure.gravatar.com\/avatar\/82aafea7d8127119dd649515f56e2117?s=96&d=mm&r=g","caption":"rtnews"},"url":"https:\/\/now-news.de\/de\/author\/rnews\/"}]}},"_links":{"self":[{"href":"https:\/\/now-news.de\/de\/wp-json\/wp\/v2\/posts\/36469"}],"collection":[{"href":"https:\/\/now-news.de\/de\/wp-json\/wp\/v2\/posts"}],"about":[{"href":"https:\/\/now-news.de\/de\/wp-json\/wp\/v2\/types\/post"}],"author":[{"embeddable":true,"href":"https:\/\/now-news.de\/de\/wp-json\/wp\/v2\/users\/3"}],"replies":[{"embeddable":true,"href":"https:\/\/now-news.de\/de\/wp-json\/wp\/v2\/comments?post=36469"}],"version-history":[{"count":0,"href":"https:\/\/now-news.de\/de\/wp-json\/wp\/v2\/posts\/36469\/revisions"}],"wp:featuredmedia":[{"embeddable":true,"href":"https:\/\/now-news.de\/de\/wp-json\/wp\/v2\/media\/36470"}],"wp:attachment":[{"href":"https:\/\/now-news.de\/de\/wp-json\/wp\/v2\/media?parent=36469"}],"wp:term":[{"taxonomy":"category","embeddable":true,"href":"https:\/\/now-news.de\/de\/wp-json\/wp\/v2\/categories?post=36469"},{"taxonomy":"post_tag","embeddable":true,"href":"https:\/\/now-news.de\/de\/wp-json\/wp\/v2\/tags?post=36469"}],"curies":[{"name":"wp","href":"https:\/\/api.w.org\/{rel}","templated":true}]}}