{"id":36445,"date":"2023-05-21T09:10:54","date_gmt":"2023-05-21T07:10:54","guid":{"rendered":"https:\/\/just-now.news\/de\/deutschland\/tokio-und-seoul-gedenken-zum-ersten-mal-gemeinsam-koreanischer-atombombenopfer\/"},"modified":"2023-05-21T09:10:54","modified_gmt":"2023-05-21T07:10:54","slug":"tokio-und-seoul-gedenken-zum-ersten-mal-gemeinsam-koreanischer-atombombenopfer","status":"publish","type":"post","link":"https:\/\/now-news.de\/de\/deutschland\/tokio-und-seoul-gedenken-zum-ersten-mal-gemeinsam-koreanischer-atombombenopfer\/","title":{"rendered":"Tokio und Seoul gedenken zum ersten Mal gemeinsam koreanischer Atombombenopfer"},"content":{"rendered":"<p><img decoding=\"async\" src=\"http:\/\/just-now.news\/de\/wp-content\/uploads\/sites\/3\/2023\/05\/6469bde948fbef351734f019.jpg\" \/><\/p>\n<div class=\"Text-root Text-type_1 \">\n                Am Rande des G7-Gipfels in Hiroshima ist es zu einer historischen Geste der Vers\u00f6hnung gekommen. Zum ersten Mal gedachten die Regierungschefs S\u00fcdkoreas und Japans gemeinsam der Opfer des US-amerikanischen Atombombenabwurfs auf Hiroshima und Nagasaki.\n            <\/div>\n<p><\/p>\n<div class=\"Text-root Text-type_5 ArticleView-text ViewText-root \">\n<p>Zum ersten Mal hat ein japanischer Regierungschef gemeinsam mit dem Pr\u00e4sidenten S\u00fcdkoreas in Hiroshima der koreanischen Opfer des US-Atombombenabwurfs von 1945 gedacht. Japans Ministerpr\u00e4sident Fumio Kishida und der s\u00fcdkoreanische Pr\u00e4sident Yoon Suk-yeol besuchten heute am Rande des G7-Gipfels im Friedenspark Hiroshimas zusammen ein Mahnmal f\u00fcr die Zehntausenden koreanischen Opfer.<\/p>\n<p>Von 1910 bis 1945 war Korea unter japanischer Kolonialherrschaft gestanden. Viele Koreanerinnen und Koreaner wurden w\u00e4hrend des Krieges zur Zwangsarbeit nach Japan gebracht. Sch\u00e4tzungen zufolge starben in Hiroshima und Nagasaki durch die US-Atombomben 20.000 bis 30.000 Koreanerinnen und Koreaner.<\/p>\n<p>Jahrzehntelang waren die koreanischen Opfer in Hiroshima bei den allj\u00e4hrlichen Gedenkfeiern nicht eigens erw\u00e4hnt worden. Lange Zeit hatte es kein eigenes Denkmal f\u00fcr sie gegeben. F\u00fcr die koreanische Community war dieser Ausschluss schmerzlicher Ausdruck ihrer Diskriminierung und marginalisierten Stellung in Japans Gesellschaft.<\/p>\n<p>Dass Kishida mit ihm das Mahnmal besuchte, werde als &#8220;mutige Aktion&#8221; in Erinnerung bleiben, &#8220;um eine gemeinsame friedliche Zukunft vorzubereiten&#8221;, wurde Yoon zitiert.<\/p>\n<p>Auch Kishida nannte den gemeinsamen Besuch am Mahnmal in Begleitung ihrer Ehefrauen &#8220;bedeutsam f\u00fcr die bilateralen Beziehungen&#8221;, wie die japanische Nachrichtenagentur <em>Kyodo<\/em> berichtete. Beide hatten sich im M\u00e4rz bei einem Besuch Yoons in Tokio auf einen Neubeginn in den schwierigen Beziehungen geeinigt. K\u00fcrzlich war Kishida zum Gegenbesuch nach Seoul gereist.<\/p>\n<p><strong>Mehr zum Thema<\/strong> \u2013 <a rel=\"nofollow noopener\" target=\"_blank\" href=\"https:\/\/freeassange.rtde.life\/asien\/170542-gegengipfel-zu-g7-china-schart-regierungschefs-zentralasiatischer-staaten-um-sich\/\">Gegengipfel zu G7: China schart Regierungschefs der zentralasiatischen Staaten um sich<\/a><\/p>\n<div class=\"EmbedBlock-root EmbedBlock-externalVideo EmbedBlock-odysee\">\n<div class=\"VkEmbed\"><iframe class=\"lazyload\" data-src=\"https:\/\/odysee.com\/%24\/embed\/%40RTDE%3Ae%2Fg7-gipfel-in-japan-weitere-sanktionen-gegen-russland-und-umgang-mit-china%3A0\" frameborder=\"0\" width=\"853\" height=\"480\" allowfullscreen><\/iframe><\/div>\n<\/div>\n<\/div>\n<p><br \/>\n<br \/><a href=\"https:\/\/de.rt.com\/asien\/170598-tokio-und-seoul-gedenken-zum-ersten-mal-gemeinsam-koreanischer-atombombenopfer\/\">Source link <\/a><\/p>\n","protected":false},"excerpt":{"rendered":"<p>Am Rande des G7-Gipfels in Hiroshima ist es zu einer historischen Geste der Vers\u00f6hnung gekommen. Zum ersten Mal gedachten die Regierungschefs S\u00fcdkoreas und Japans gemeinsam der Opfer des US-amerikanischen Atombombenabwurfs auf Hiroshima und Nagasaki. Zum ersten Mal hat ein japanischer Regierungschef gemeinsam mit dem Pr\u00e4sidenten S\u00fcdkoreas in Hiroshima der koreanischen Opfer des US-Atombombenabwurfs von 1945 [&hellip;]<\/p>\n","protected":false},"author":3,"featured_media":36446,"comment_status":"open","ping_status":"open","sticky":false,"template":"","format":"standard","meta":{"_yoast_indexnow_last_ping":["1684653938"],"wp_automatic_camp":["217"],"7f5599c19dc830e37e838e0593f9912d":["Tokio und Seoul gedenken zum ersten Mal gemeinsam koreanischer Atombombenopfer"],"original_link":["https:\/\/de.rt.com\/asien\/170598-tokio-und-seoul-gedenken-zum-ersten-mal-gemeinsam-koreanischer-atombombenopfer\/"],"_thumbnail_id":["36446"],"_wptgpro_p2tg_sent2tg":["a:1:{i:23737;s:19:\"2023-05-21 09:26:53\";}"],"jnews_social_counter_last_update":["1777264883"]},"categories":[19,23],"tags":[44546,4899,19371,20264,23840,1727,17272,32051,140,565],"yoast_head":"<!-- This site is optimized with the Yoast SEO Premium plugin v22.7 (Yoast SEO v22.7) - https:\/\/yoast.com\/wordpress\/plugins\/seo\/ -->\n<title>Tokio und Seoul gedenken zum ersten Mal gemeinsam koreanischer Atombombenopfer - just-now.NEWS Deutschland<\/title>\n<meta name=\"robots\" content=\"index, follow, max-snippet:-1, max-image-preview:large, max-video-preview:-1\" \/>\n<link rel=\"canonical\" href=\"https:\/\/now-news.de\/de\/deutschland\/tokio-und-seoul-gedenken-zum-ersten-mal-gemeinsam-koreanischer-atombombenopfer\/\" \/>\n<meta property=\"og:locale\" content=\"de_DE\" \/>\n<meta property=\"og:type\" content=\"article\" \/>\n<meta property=\"og:title\" content=\"Tokio und Seoul gedenken zum ersten Mal gemeinsam koreanischer Atombombenopfer\" \/>\n<meta property=\"og:description\" content=\"Am Rande des G7-Gipfels in Hiroshima ist es zu einer historischen Geste der Vers\u00f6hnung gekommen. Zum ersten Mal gedachten die Regierungschefs S\u00fcdkoreas und Japans gemeinsam der Opfer des US-amerikanischen Atombombenabwurfs auf Hiroshima und Nagasaki. Zum ersten Mal hat ein japanischer Regierungschef gemeinsam mit dem Pr\u00e4sidenten S\u00fcdkoreas in Hiroshima der koreanischen Opfer des US-Atombombenabwurfs von 1945 [&hellip;]\" \/>\n<meta property=\"og:url\" content=\"https:\/\/now-news.de\/de\/deutschland\/tokio-und-seoul-gedenken-zum-ersten-mal-gemeinsam-koreanischer-atombombenopfer\/\" \/>\n<meta property=\"og:site_name\" content=\"just-now.NEWS Deutschland\" \/>\n<meta property=\"article:publisher\" content=\"https:\/\/www.facebook.com\/wirmachenauf\" \/>\n<meta property=\"article:published_time\" content=\"2023-05-21T07:10:54+00:00\" \/>\n<meta property=\"og:image\" content=\"https:\/\/now-news.de\/de\/wp-content\/uploads\/sites\/3\/2023\/05\/Tokio-und-Seoul-gedenken-zum-ersten-Mal-gemeinsam-koreanischer-Atombombenopfer.jpg\" \/>\n\t<meta property=\"og:image:width\" content=\"460\" \/>\n\t<meta property=\"og:image:height\" content=\"259\" \/>\n\t<meta property=\"og:image:type\" content=\"image\/jpeg\" \/>\n<meta name=\"author\" content=\"rtnews\" \/>\n<meta name=\"twitter:card\" content=\"summary_large_image\" \/>\n<meta name=\"twitter:creator\" content=\"@WirMachenAuf_de\" \/>\n<meta name=\"twitter:site\" content=\"@WirMachenAuf_de\" \/>\n<meta name=\"twitter:label1\" content=\"Verfasst von\" \/>\n\t<meta name=\"twitter:data1\" content=\"rtnews\" \/>\n\t<meta name=\"twitter:label2\" content=\"Gesch\u00e4tzte Lesezeit\" \/>\n\t<meta name=\"twitter:data2\" content=\"1\u00a0Minute\" \/>\n<script type=\"application\/ld+json\" class=\"yoast-schema-graph\">{\"@context\":\"https:\/\/schema.org\",\"@graph\":[{\"@type\":\"Article\",\"@id\":\"https:\/\/now-news.de\/de\/deutschland\/tokio-und-seoul-gedenken-zum-ersten-mal-gemeinsam-koreanischer-atombombenopfer\/#article\",\"isPartOf\":{\"@id\":\"https:\/\/now-news.de\/de\/deutschland\/tokio-und-seoul-gedenken-zum-ersten-mal-gemeinsam-koreanischer-atombombenopfer\/\"},\"author\":{\"name\":\"rtnews\",\"@id\":\"https:\/\/now-news.de\/de\/#\/schema\/person\/fb534a4e865501d8b3285208df34a9b5\"},\"headline\":\"Tokio und Seoul gedenken zum ersten Mal gemeinsam koreanischer Atombombenopfer\",\"datePublished\":\"2023-05-21T07:10:54+00:00\",\"dateModified\":\"2023-05-21T07:10:54+00:00\",\"mainEntityOfPage\":{\"@id\":\"https:\/\/now-news.de\/de\/deutschland\/tokio-und-seoul-gedenken-zum-ersten-mal-gemeinsam-koreanischer-atombombenopfer\/\"},\"wordCount\":278,\"commentCount\":0,\"publisher\":{\"@id\":\"https:\/\/now-news.de\/de\/#organization\"},\"image\":{\"@id\":\"https:\/\/now-news.de\/de\/deutschland\/tokio-und-seoul-gedenken-zum-ersten-mal-gemeinsam-koreanischer-atombombenopfer\/#primaryimage\"},\"thumbnailUrl\":\"https:\/\/now-news.de\/de\/wp-content\/uploads\/sites\/3\/2023\/05\/Tokio-und-Seoul-gedenken-zum-ersten-Mal-gemeinsam-koreanischer-Atombombenopfer.jpg\",\"keywords\":[\"Atombombenopfer\",\"ersten\",\"Gedenken\",\"gemeinsam\",\"koreanischer\",\"Mal\",\"Seoul\",\"Tokio\",\"und\",\"zum\"],\"articleSection\":[\"Deutschland\",\"Russland\"],\"inLanguage\":\"de\",\"potentialAction\":[{\"@type\":\"CommentAction\",\"name\":\"Comment\",\"target\":[\"https:\/\/now-news.de\/de\/deutschland\/tokio-und-seoul-gedenken-zum-ersten-mal-gemeinsam-koreanischer-atombombenopfer\/#respond\"]}]},{\"@type\":\"WebPage\",\"@id\":\"https:\/\/now-news.de\/de\/deutschland\/tokio-und-seoul-gedenken-zum-ersten-mal-gemeinsam-koreanischer-atombombenopfer\/\",\"url\":\"https:\/\/now-news.de\/de\/deutschland\/tokio-und-seoul-gedenken-zum-ersten-mal-gemeinsam-koreanischer-atombombenopfer\/\",\"name\":\"Tokio und Seoul gedenken zum ersten Mal gemeinsam koreanischer Atombombenopfer - just-now.NEWS Deutschland\",\"isPartOf\":{\"@id\":\"https:\/\/now-news.de\/de\/#website\"},\"primaryImageOfPage\":{\"@id\":\"https:\/\/now-news.de\/de\/deutschland\/tokio-und-seoul-gedenken-zum-ersten-mal-gemeinsam-koreanischer-atombombenopfer\/#primaryimage\"},\"image\":{\"@id\":\"https:\/\/now-news.de\/de\/deutschland\/tokio-und-seoul-gedenken-zum-ersten-mal-gemeinsam-koreanischer-atombombenopfer\/#primaryimage\"},\"thumbnailUrl\":\"https:\/\/now-news.de\/de\/wp-content\/uploads\/sites\/3\/2023\/05\/Tokio-und-Seoul-gedenken-zum-ersten-Mal-gemeinsam-koreanischer-Atombombenopfer.jpg\",\"datePublished\":\"2023-05-21T07:10:54+00:00\",\"dateModified\":\"2023-05-21T07:10:54+00:00\",\"breadcrumb\":{\"@id\":\"https:\/\/now-news.de\/de\/deutschland\/tokio-und-seoul-gedenken-zum-ersten-mal-gemeinsam-koreanischer-atombombenopfer\/#breadcrumb\"},\"inLanguage\":\"de\",\"potentialAction\":[{\"@type\":\"ReadAction\",\"target\":[\"https:\/\/now-news.de\/de\/deutschland\/tokio-und-seoul-gedenken-zum-ersten-mal-gemeinsam-koreanischer-atombombenopfer\/\"]}]},{\"@type\":\"ImageObject\",\"inLanguage\":\"de\",\"@id\":\"https:\/\/now-news.de\/de\/deutschland\/tokio-und-seoul-gedenken-zum-ersten-mal-gemeinsam-koreanischer-atombombenopfer\/#primaryimage\",\"url\":\"https:\/\/now-news.de\/de\/wp-content\/uploads\/sites\/3\/2023\/05\/Tokio-und-Seoul-gedenken-zum-ersten-Mal-gemeinsam-koreanischer-Atombombenopfer.jpg\",\"contentUrl\":\"https:\/\/now-news.de\/de\/wp-content\/uploads\/sites\/3\/2023\/05\/Tokio-und-Seoul-gedenken-zum-ersten-Mal-gemeinsam-koreanischer-Atombombenopfer.jpg\",\"width\":460,\"height\":259,\"caption\":\"Tokio und Seoul gedenken zum ersten Mal gemeinsam koreanischer Atombombenopfer\"},{\"@type\":\"BreadcrumbList\",\"@id\":\"https:\/\/now-news.de\/de\/deutschland\/tokio-und-seoul-gedenken-zum-ersten-mal-gemeinsam-koreanischer-atombombenopfer\/#breadcrumb\",\"itemListElement\":[{\"@type\":\"ListItem\",\"position\":1,\"name\":\"Home\",\"item\":\"https:\/\/now-news.de\/de\/\"},{\"@type\":\"ListItem\",\"position\":2,\"name\":\"Tokio und Seoul gedenken zum ersten Mal gemeinsam koreanischer Atombombenopfer\"}]},{\"@type\":\"WebSite\",\"@id\":\"https:\/\/now-news.de\/de\/#website\",\"url\":\"https:\/\/now-news.de\/de\/\",\"name\":\"just-now.NEWS Deutschland\",\"description\":\"Das Portal f\u00fcr unzensierte Nachrichten aus der Welt\",\"publisher\":{\"@id\":\"https:\/\/now-news.de\/de\/#organization\"},\"potentialAction\":[{\"@type\":\"SearchAction\",\"target\":{\"@type\":\"EntryPoint\",\"urlTemplate\":\"https:\/\/now-news.de\/de\/?s={search_term_string}\"},\"query-input\":\"required name=search_term_string\"}],\"inLanguage\":\"de\"},{\"@type\":\"Organization\",\"@id\":\"https:\/\/now-news.de\/de\/#organization\",\"name\":\"Just Now News\",\"url\":\"https:\/\/now-news.de\/de\/\",\"logo\":{\"@type\":\"ImageObject\",\"inLanguage\":\"de\",\"@id\":\"https:\/\/now-news.de\/de\/#\/schema\/logo\/image\/\",\"url\":\"http:\/\/just-now.news\/de\/wp-content\/uploads\/sites\/3\/2022\/04\/logo500x500.jpg\",\"contentUrl\":\"http:\/\/just-now.news\/de\/wp-content\/uploads\/sites\/3\/2022\/04\/logo500x500.jpg\",\"width\":500,\"height\":500,\"caption\":\"Just Now News\"},\"image\":{\"@id\":\"https:\/\/now-news.de\/de\/#\/schema\/logo\/image\/\"},\"sameAs\":[\"https:\/\/www.facebook.com\/wirmachenauf\",\"https:\/\/x.com\/WirMachenAuf_de\"]},{\"@type\":\"Person\",\"@id\":\"https:\/\/now-news.de\/de\/#\/schema\/person\/fb534a4e865501d8b3285208df34a9b5\",\"name\":\"rtnews\",\"image\":{\"@type\":\"ImageObject\",\"inLanguage\":\"de\",\"@id\":\"https:\/\/now-news.de\/de\/#\/schema\/person\/image\/\",\"url\":\"https:\/\/secure.gravatar.com\/avatar\/82aafea7d8127119dd649515f56e2117?s=96&d=mm&r=g\",\"contentUrl\":\"https:\/\/secure.gravatar.com\/avatar\/82aafea7d8127119dd649515f56e2117?s=96&d=mm&r=g\",\"caption\":\"rtnews\"},\"url\":\"https:\/\/now-news.de\/de\/author\/rnews\/\"}]}<\/script>\n<!-- \/ Yoast SEO Premium plugin. -->","yoast_head_json":{"title":"Tokio und Seoul gedenken zum ersten Mal gemeinsam koreanischer Atombombenopfer - just-now.NEWS Deutschland","robots":{"index":"index","follow":"follow","max-snippet":"max-snippet:-1","max-image-preview":"max-image-preview:large","max-video-preview":"max-video-preview:-1"},"canonical":"https:\/\/now-news.de\/de\/deutschland\/tokio-und-seoul-gedenken-zum-ersten-mal-gemeinsam-koreanischer-atombombenopfer\/","og_locale":"de_DE","og_type":"article","og_title":"Tokio und Seoul gedenken zum ersten Mal gemeinsam koreanischer Atombombenopfer","og_description":"Am Rande des G7-Gipfels in Hiroshima ist es zu einer historischen Geste der Vers\u00f6hnung gekommen. Zum ersten Mal gedachten die Regierungschefs S\u00fcdkoreas und Japans gemeinsam der Opfer des US-amerikanischen Atombombenabwurfs auf Hiroshima und Nagasaki. Zum ersten Mal hat ein japanischer Regierungschef gemeinsam mit dem Pr\u00e4sidenten S\u00fcdkoreas in Hiroshima der koreanischen Opfer des US-Atombombenabwurfs von 1945 [&hellip;]","og_url":"https:\/\/now-news.de\/de\/deutschland\/tokio-und-seoul-gedenken-zum-ersten-mal-gemeinsam-koreanischer-atombombenopfer\/","og_site_name":"just-now.NEWS Deutschland","article_publisher":"https:\/\/www.facebook.com\/wirmachenauf","article_published_time":"2023-05-21T07:10:54+00:00","og_image":[{"width":460,"height":259,"url":"https:\/\/now-news.de\/de\/wp-content\/uploads\/sites\/3\/2023\/05\/Tokio-und-Seoul-gedenken-zum-ersten-Mal-gemeinsam-koreanischer-Atombombenopfer.jpg","type":"image\/jpeg"}],"author":"rtnews","twitter_card":"summary_large_image","twitter_creator":"@WirMachenAuf_de","twitter_site":"@WirMachenAuf_de","twitter_misc":{"Verfasst von":"rtnews","Gesch\u00e4tzte Lesezeit":"1\u00a0Minute"},"schema":{"@context":"https:\/\/schema.org","@graph":[{"@type":"Article","@id":"https:\/\/now-news.de\/de\/deutschland\/tokio-und-seoul-gedenken-zum-ersten-mal-gemeinsam-koreanischer-atombombenopfer\/#article","isPartOf":{"@id":"https:\/\/now-news.de\/de\/deutschland\/tokio-und-seoul-gedenken-zum-ersten-mal-gemeinsam-koreanischer-atombombenopfer\/"},"author":{"name":"rtnews","@id":"https:\/\/now-news.de\/de\/#\/schema\/person\/fb534a4e865501d8b3285208df34a9b5"},"headline":"Tokio und Seoul gedenken zum ersten Mal gemeinsam koreanischer Atombombenopfer","datePublished":"2023-05-21T07:10:54+00:00","dateModified":"2023-05-21T07:10:54+00:00","mainEntityOfPage":{"@id":"https:\/\/now-news.de\/de\/deutschland\/tokio-und-seoul-gedenken-zum-ersten-mal-gemeinsam-koreanischer-atombombenopfer\/"},"wordCount":278,"commentCount":0,"publisher":{"@id":"https:\/\/now-news.de\/de\/#organization"},"image":{"@id":"https:\/\/now-news.de\/de\/deutschland\/tokio-und-seoul-gedenken-zum-ersten-mal-gemeinsam-koreanischer-atombombenopfer\/#primaryimage"},"thumbnailUrl":"https:\/\/now-news.de\/de\/wp-content\/uploads\/sites\/3\/2023\/05\/Tokio-und-Seoul-gedenken-zum-ersten-Mal-gemeinsam-koreanischer-Atombombenopfer.jpg","keywords":["Atombombenopfer","ersten","Gedenken","gemeinsam","koreanischer","Mal","Seoul","Tokio","und","zum"],"articleSection":["Deutschland","Russland"],"inLanguage":"de","potentialAction":[{"@type":"CommentAction","name":"Comment","target":["https:\/\/now-news.de\/de\/deutschland\/tokio-und-seoul-gedenken-zum-ersten-mal-gemeinsam-koreanischer-atombombenopfer\/#respond"]}]},{"@type":"WebPage","@id":"https:\/\/now-news.de\/de\/deutschland\/tokio-und-seoul-gedenken-zum-ersten-mal-gemeinsam-koreanischer-atombombenopfer\/","url":"https:\/\/now-news.de\/de\/deutschland\/tokio-und-seoul-gedenken-zum-ersten-mal-gemeinsam-koreanischer-atombombenopfer\/","name":"Tokio und Seoul gedenken zum ersten Mal gemeinsam koreanischer Atombombenopfer - just-now.NEWS Deutschland","isPartOf":{"@id":"https:\/\/now-news.de\/de\/#website"},"primaryImageOfPage":{"@id":"https:\/\/now-news.de\/de\/deutschland\/tokio-und-seoul-gedenken-zum-ersten-mal-gemeinsam-koreanischer-atombombenopfer\/#primaryimage"},"image":{"@id":"https:\/\/now-news.de\/de\/deutschland\/tokio-und-seoul-gedenken-zum-ersten-mal-gemeinsam-koreanischer-atombombenopfer\/#primaryimage"},"thumbnailUrl":"https:\/\/now-news.de\/de\/wp-content\/uploads\/sites\/3\/2023\/05\/Tokio-und-Seoul-gedenken-zum-ersten-Mal-gemeinsam-koreanischer-Atombombenopfer.jpg","datePublished":"2023-05-21T07:10:54+00:00","dateModified":"2023-05-21T07:10:54+00:00","breadcrumb":{"@id":"https:\/\/now-news.de\/de\/deutschland\/tokio-und-seoul-gedenken-zum-ersten-mal-gemeinsam-koreanischer-atombombenopfer\/#breadcrumb"},"inLanguage":"de","potentialAction":[{"@type":"ReadAction","target":["https:\/\/now-news.de\/de\/deutschland\/tokio-und-seoul-gedenken-zum-ersten-mal-gemeinsam-koreanischer-atombombenopfer\/"]}]},{"@type":"ImageObject","inLanguage":"de","@id":"https:\/\/now-news.de\/de\/deutschland\/tokio-und-seoul-gedenken-zum-ersten-mal-gemeinsam-koreanischer-atombombenopfer\/#primaryimage","url":"https:\/\/now-news.de\/de\/wp-content\/uploads\/sites\/3\/2023\/05\/Tokio-und-Seoul-gedenken-zum-ersten-Mal-gemeinsam-koreanischer-Atombombenopfer.jpg","contentUrl":"https:\/\/now-news.de\/de\/wp-content\/uploads\/sites\/3\/2023\/05\/Tokio-und-Seoul-gedenken-zum-ersten-Mal-gemeinsam-koreanischer-Atombombenopfer.jpg","width":460,"height":259,"caption":"Tokio und Seoul gedenken zum ersten Mal gemeinsam koreanischer Atombombenopfer"},{"@type":"BreadcrumbList","@id":"https:\/\/now-news.de\/de\/deutschland\/tokio-und-seoul-gedenken-zum-ersten-mal-gemeinsam-koreanischer-atombombenopfer\/#breadcrumb","itemListElement":[{"@type":"ListItem","position":1,"name":"Home","item":"https:\/\/now-news.de\/de\/"},{"@type":"ListItem","position":2,"name":"Tokio und Seoul gedenken zum ersten Mal gemeinsam koreanischer Atombombenopfer"}]},{"@type":"WebSite","@id":"https:\/\/now-news.de\/de\/#website","url":"https:\/\/now-news.de\/de\/","name":"just-now.NEWS Deutschland","description":"Das Portal f\u00fcr unzensierte Nachrichten aus der Welt","publisher":{"@id":"https:\/\/now-news.de\/de\/#organization"},"potentialAction":[{"@type":"SearchAction","target":{"@type":"EntryPoint","urlTemplate":"https:\/\/now-news.de\/de\/?s={search_term_string}"},"query-input":"required name=search_term_string"}],"inLanguage":"de"},{"@type":"Organization","@id":"https:\/\/now-news.de\/de\/#organization","name":"Just Now News","url":"https:\/\/now-news.de\/de\/","logo":{"@type":"ImageObject","inLanguage":"de","@id":"https:\/\/now-news.de\/de\/#\/schema\/logo\/image\/","url":"http:\/\/just-now.news\/de\/wp-content\/uploads\/sites\/3\/2022\/04\/logo500x500.jpg","contentUrl":"http:\/\/just-now.news\/de\/wp-content\/uploads\/sites\/3\/2022\/04\/logo500x500.jpg","width":500,"height":500,"caption":"Just Now News"},"image":{"@id":"https:\/\/now-news.de\/de\/#\/schema\/logo\/image\/"},"sameAs":["https:\/\/www.facebook.com\/wirmachenauf","https:\/\/x.com\/WirMachenAuf_de"]},{"@type":"Person","@id":"https:\/\/now-news.de\/de\/#\/schema\/person\/fb534a4e865501d8b3285208df34a9b5","name":"rtnews","image":{"@type":"ImageObject","inLanguage":"de","@id":"https:\/\/now-news.de\/de\/#\/schema\/person\/image\/","url":"https:\/\/secure.gravatar.com\/avatar\/82aafea7d8127119dd649515f56e2117?s=96&d=mm&r=g","contentUrl":"https:\/\/secure.gravatar.com\/avatar\/82aafea7d8127119dd649515f56e2117?s=96&d=mm&r=g","caption":"rtnews"},"url":"https:\/\/now-news.de\/de\/author\/rnews\/"}]}},"_links":{"self":[{"href":"https:\/\/now-news.de\/de\/wp-json\/wp\/v2\/posts\/36445"}],"collection":[{"href":"https:\/\/now-news.de\/de\/wp-json\/wp\/v2\/posts"}],"about":[{"href":"https:\/\/now-news.de\/de\/wp-json\/wp\/v2\/types\/post"}],"author":[{"embeddable":true,"href":"https:\/\/now-news.de\/de\/wp-json\/wp\/v2\/users\/3"}],"replies":[{"embeddable":true,"href":"https:\/\/now-news.de\/de\/wp-json\/wp\/v2\/comments?post=36445"}],"version-history":[{"count":0,"href":"https:\/\/now-news.de\/de\/wp-json\/wp\/v2\/posts\/36445\/revisions"}],"wp:featuredmedia":[{"embeddable":true,"href":"https:\/\/now-news.de\/de\/wp-json\/wp\/v2\/media\/36446"}],"wp:attachment":[{"href":"https:\/\/now-news.de\/de\/wp-json\/wp\/v2\/media?parent=36445"}],"wp:term":[{"taxonomy":"category","embeddable":true,"href":"https:\/\/now-news.de\/de\/wp-json\/wp\/v2\/categories?post=36445"},{"taxonomy":"post_tag","embeddable":true,"href":"https:\/\/now-news.de\/de\/wp-json\/wp\/v2\/tags?post=36445"}],"curies":[{"name":"wp","href":"https:\/\/api.w.org\/{rel}","templated":true}]}}