{"id":36434,"date":"2023-05-20T21:19:41","date_gmt":"2023-05-20T19:19:41","guid":{"rendered":"https:\/\/just-now.news\/de\/deutschland\/krim-parlament-uebergabe-der-halbinsel-an-ukrainische-ssr-rechtlich-nicht-formalisiert\/"},"modified":"2023-05-20T21:19:41","modified_gmt":"2023-05-20T19:19:41","slug":"krim-parlament-uebergabe-der-halbinsel-an-ukrainische-ssr-rechtlich-nicht-formalisiert","status":"publish","type":"post","link":"https:\/\/now-news.de\/de\/deutschland\/krim-parlament-uebergabe-der-halbinsel-an-ukrainische-ssr-rechtlich-nicht-formalisiert\/","title":{"rendered":"Krim-Parlament: \u00dcbergabe der Halbinsel an ukrainische SSR rechtlich nicht formalisiert"},"content":{"rendered":"<p><img decoding=\"async\" src=\"http:\/\/just-now.news\/de\/wp-content\/uploads\/sites\/3\/2023\/05\/6468af98b480cc73d64675e1.jpg\" \/><\/p>\n<div class=\"Text-root Text-type_1 \">\n                Laut dem Krim-Parlament war der Prozess der \u00dcbergabe der Halbinsel an die Ukrainische SSR im Jahr 1954 nicht rechtlich formalisiert und wies eine Reihe von schwerwiegenden Verst\u00f6\u00dfen auf. Die \u00dcbertragung war daher illegal.\n            <\/div>\n<p><\/p>\n<div class=\"Text-root Text-type_5 ArticleView-text ViewText-root \">\n<p>Der Chef des Krim-Parlaments, Wladimir Konstantinow, hat die Abtretung der Halbinsel an die Ukrainische SSR im Jahr 1954 als illegal bezeichnet. Der Beamte wies darauf hin, dass das Verfahren der \u00dcbertragung der Krim an die Ukrainische SSR im Jahr 1954 nicht rechtlich formalisiert worden sei. Bei dem Prozess seien grobe Verst\u00f6\u00dfe begangen worden. Konstantinow f\u00fchrt weiter aus:<\/p>\n<blockquote>\n<p><em>&#8220;Ein genauerer Blick auf diese Frage zeigt, dass wir die Russische F\u00f6deration nie verlassen haben, deren Grenzen sich 1954 und damit auch 2014 nicht ge\u00e4ndert haben. Das hei\u00dft, der Prozess unserer Aufnahme und \u00dcbergabe war nicht nur eine eklatante Missachtung des politischen Willens der Krim-Bev\u00f6lkerung, er war auch rechtlich nicht formalisiert.&#8221;<\/em><\/p>\n<\/blockquote>\n<p>Nach Ansicht von Konstantinow werde es nicht so viel Zeit in Anspruch nehmen, wie es auf den ersten Blick scheinen m\u00f6ge, um eine Begr\u00fcndung f\u00fcr die Aufhebung des Beschlusses \u00fcber die \u00dcberf\u00fchrung der Krim in die Ukrainische SSR vorzubereiten. Weiter hie\u00df es:<\/p>\n<blockquote>\n<p><em>&#8220;Die begangenen Verst\u00f6\u00dfe sind so grob und eklatant, dass wir uns immer noch fragen, wie das geschehen konnte. Aber es war der Fall.&#8221;<\/em><\/p>\n<\/blockquote>\n<p>Ferner wies der Krim-Beamte darauf hin, dass die Gremien, die die \u00dcbergabe der Krim von einer Republik in eine andere beschlossen haben, nicht \u00fcber die Befugnis dazu verf\u00fcgt h\u00e4tten. Erstens sei dies damit vergleichbar, als ob der Staatsrat der Krim beschlie\u00dfen w\u00fcrde, Texas Mexiko zu \u00fcbergeben. Zweitens h\u00e4tten die Obersten R\u00e4te der Republiken \u00fcberhaupt nicht dar\u00fcber entschieden, hie\u00df es. Der Parlamentschef pr\u00e4zisierte:<\/p>\n<blockquote>\n<p><em>&#8220;Und drittens wurden die Grenzen der Unionsrepubliken nach der \u00c4nderung der &#8216;Zugeh\u00f6rigkeit&#8217; der Krim nicht diskutiert und markiert, und das ist der entscheidende Punkt beim Treffen einer solchen Entscheidung. Ganz zu schweigen von der Tatsache, dass die in der Verfassung der UdSSR vorgesehenen Volksabstimmungen nicht durchgef\u00fchrt wurden.&#8221;<\/em><\/p>\n<\/blockquote>\n<p>\u00dcberdies erinnerte Wladimir Konstantinow daran, dass es bei der \u00dcberf\u00fchrung der Krim in die Ukrainische SSR kein Dokument gab, das Garantien f\u00fcr den Schutz der kulturellen, sprachlichen und regionalen Traditionen enthielt. Er schlussfolgerte:<\/p>\n<blockquote>\n<p><em>&#8220;All dies ist nur ein kleiner Teil der Verst\u00f6\u00dfe, die begangen worden sind. Und auf dieser Grundlage ist die Krim nach der vor 1954 geltenden Gesetzgebung Teil Russlands, aus dem es nie ausgetreten ist.&#8221;<\/em><\/p>\n<\/blockquote>\n<p>In dieser Woche ordnete Konstantinow an, eine Anfrage beim russischen Verfassungsgericht einzureichen, um das Dekret von 1954 \u00fcber die Angliederung der Halbinsel an die Ukraine zu kippen.<\/p>\n<p>Die Krim geh\u00f6rte bis zum 19. Februar 1954 zur RSFSR (Russische Sozialistische F\u00f6derative Sowjetrepublik), als das Pr\u00e4sidium des Obersten Sowjets der UdSSR einen Erlass zur \u00dcberf\u00fchrung der Halbinsel in die Ukrainische SSR verabschiedete. Der Erlass wurde vom sowjetischen Ersten Sekret\u00e4r Nikita Chruschtschow initiiert, der lange Zeit in der Ukraine t\u00e4tig war. Nach dem Zusammenbruch der UdSSR blieb die Halbinsel de facto Teil der Nachbarrepublik.<\/p>\n<p><strong>Mehr zum Thema<\/strong> &#8211; <a rel=\"nofollow noopener\" target=\"_blank\" href=\"https:\/\/kurz.rt.com\/3neq\">Unwissenheit oder Propaganda? Selenskij: &#8220;Die Krim war ein Schatz, von dem nichts mehr \u00fcbrig ist&#8221;<\/a><\/p>\n<\/p>\n<\/div>\n<p><br \/>\n<br \/><a href=\"https:\/\/de.rt.com\/international\/170549-krim-parlament-uebergabe-halbinsel-an\/\">Source link <\/a><\/p>\n","protected":false},"excerpt":{"rendered":"<p>Laut dem Krim-Parlament war der Prozess der \u00dcbergabe der Halbinsel an die Ukrainische SSR im Jahr 1954 nicht rechtlich formalisiert und wies eine Reihe von schwerwiegenden Verst\u00f6\u00dfen auf. Die \u00dcbertragung war daher illegal. Der Chef des Krim-Parlaments, Wladimir Konstantinow, hat die Abtretung der Halbinsel an die Ukrainische SSR im Jahr 1954 als illegal bezeichnet. Der [&hellip;]<\/p>\n","protected":false},"author":3,"featured_media":36435,"comment_status":"open","ping_status":"open","sticky":false,"template":"","format":"standard","meta":{"_yoast_indexnow_last_ping":["1684611239"],"wp_automatic_camp":["217"],"bb8afa594df4a4b50e4d901193330d4e":["Krim-Parlament: \u00dcbergabe der Halbinsel an ukrainische SSR rechtlich nicht formalisiert"],"original_link":["https:\/\/de.rt.com\/international\/170549-krim-parlament-uebergabe-halbinsel-an\/"],"_thumbnail_id":["36435"],"_wptgpro_p2tg_sent2tg":["a:1:{i:23737;s:19:\"2023-05-20 21:34:59\";}"],"jnews_social_counter_last_update":["1777220068"]},"categories":[19,23],"tags":[82,35932,23841,44539,800,29835,44540,20754,905],"yoast_head":"<!-- This site is optimized with the Yoast SEO Premium plugin v22.7 (Yoast SEO v22.7) - https:\/\/yoast.com\/wordpress\/plugins\/seo\/ -->\n<title>Krim-Parlament: \u00dcbergabe der Halbinsel an ukrainische SSR rechtlich nicht formalisiert - just-now.NEWS Deutschland<\/title>\n<meta name=\"robots\" content=\"index, follow, max-snippet:-1, max-image-preview:large, max-video-preview:-1\" \/>\n<link rel=\"canonical\" href=\"https:\/\/now-news.de\/de\/deutschland\/krim-parlament-uebergabe-der-halbinsel-an-ukrainische-ssr-rechtlich-nicht-formalisiert\/\" \/>\n<meta property=\"og:locale\" content=\"de_DE\" \/>\n<meta property=\"og:type\" content=\"article\" \/>\n<meta property=\"og:title\" content=\"Krim-Parlament: \u00dcbergabe der Halbinsel an ukrainische SSR rechtlich nicht formalisiert\" \/>\n<meta property=\"og:description\" content=\"Laut dem Krim-Parlament war der Prozess der \u00dcbergabe der Halbinsel an die Ukrainische SSR im Jahr 1954 nicht rechtlich formalisiert und wies eine Reihe von schwerwiegenden Verst\u00f6\u00dfen auf. Die \u00dcbertragung war daher illegal. Der Chef des Krim-Parlaments, Wladimir Konstantinow, hat die Abtretung der Halbinsel an die Ukrainische SSR im Jahr 1954 als illegal bezeichnet. Der [&hellip;]\" \/>\n<meta property=\"og:url\" content=\"https:\/\/now-news.de\/de\/deutschland\/krim-parlament-uebergabe-der-halbinsel-an-ukrainische-ssr-rechtlich-nicht-formalisiert\/\" \/>\n<meta property=\"og:site_name\" content=\"just-now.NEWS Deutschland\" \/>\n<meta property=\"article:publisher\" content=\"https:\/\/www.facebook.com\/wirmachenauf\" \/>\n<meta property=\"article:published_time\" content=\"2023-05-20T19:19:41+00:00\" \/>\n<meta property=\"og:image\" content=\"https:\/\/now-news.de\/de\/wp-content\/uploads\/sites\/3\/2023\/05\/Krim-Parlament-Uebergabe-der-Halbinsel-an-ukrainische-SSR-rechtlich-nicht-formalisiert.jpg\" \/>\n\t<meta property=\"og:image:width\" content=\"460\" \/>\n\t<meta property=\"og:image:height\" content=\"259\" \/>\n\t<meta property=\"og:image:type\" content=\"image\/jpeg\" \/>\n<meta name=\"author\" content=\"rtnews\" \/>\n<meta name=\"twitter:card\" content=\"summary_large_image\" \/>\n<meta name=\"twitter:creator\" content=\"@WirMachenAuf_de\" \/>\n<meta name=\"twitter:site\" content=\"@WirMachenAuf_de\" \/>\n<meta name=\"twitter:label1\" content=\"Verfasst von\" \/>\n\t<meta name=\"twitter:data1\" content=\"rtnews\" \/>\n\t<meta name=\"twitter:label2\" content=\"Gesch\u00e4tzte Lesezeit\" \/>\n\t<meta name=\"twitter:data2\" content=\"3\u00a0Minuten\" \/>\n<script type=\"application\/ld+json\" class=\"yoast-schema-graph\">{\"@context\":\"https:\/\/schema.org\",\"@graph\":[{\"@type\":\"Article\",\"@id\":\"https:\/\/now-news.de\/de\/deutschland\/krim-parlament-uebergabe-der-halbinsel-an-ukrainische-ssr-rechtlich-nicht-formalisiert\/#article\",\"isPartOf\":{\"@id\":\"https:\/\/now-news.de\/de\/deutschland\/krim-parlament-uebergabe-der-halbinsel-an-ukrainische-ssr-rechtlich-nicht-formalisiert\/\"},\"author\":{\"name\":\"rtnews\",\"@id\":\"https:\/\/now-news.de\/de\/#\/schema\/person\/fb534a4e865501d8b3285208df34a9b5\"},\"headline\":\"Krim-Parlament: \u00dcbergabe der Halbinsel an ukrainische SSR rechtlich nicht formalisiert\",\"datePublished\":\"2023-05-20T19:19:41+00:00\",\"dateModified\":\"2023-05-20T19:19:41+00:00\",\"mainEntityOfPage\":{\"@id\":\"https:\/\/now-news.de\/de\/deutschland\/krim-parlament-uebergabe-der-halbinsel-an-ukrainische-ssr-rechtlich-nicht-formalisiert\/\"},\"wordCount\":527,\"commentCount\":0,\"publisher\":{\"@id\":\"https:\/\/now-news.de\/de\/#organization\"},\"image\":{\"@id\":\"https:\/\/now-news.de\/de\/deutschland\/krim-parlament-uebergabe-der-halbinsel-an-ukrainische-ssr-rechtlich-nicht-formalisiert\/#primaryimage\"},\"thumbnailUrl\":\"https:\/\/now-news.de\/de\/wp-content\/uploads\/sites\/3\/2023\/05\/Krim-Parlament-Uebergabe-der-Halbinsel-an-ukrainische-SSR-rechtlich-nicht-formalisiert.jpg\",\"keywords\":[\"der\",\"formalisiert\",\"Halbinsel\",\"KrimParlament\",\"nicht\",\"rechtlich\",\"SSR\",\"\u00dcbergabe\",\"Ukrainische\"],\"articleSection\":[\"Deutschland\",\"Russland\"],\"inLanguage\":\"de\",\"potentialAction\":[{\"@type\":\"CommentAction\",\"name\":\"Comment\",\"target\":[\"https:\/\/now-news.de\/de\/deutschland\/krim-parlament-uebergabe-der-halbinsel-an-ukrainische-ssr-rechtlich-nicht-formalisiert\/#respond\"]}]},{\"@type\":\"WebPage\",\"@id\":\"https:\/\/now-news.de\/de\/deutschland\/krim-parlament-uebergabe-der-halbinsel-an-ukrainische-ssr-rechtlich-nicht-formalisiert\/\",\"url\":\"https:\/\/now-news.de\/de\/deutschland\/krim-parlament-uebergabe-der-halbinsel-an-ukrainische-ssr-rechtlich-nicht-formalisiert\/\",\"name\":\"Krim-Parlament: \u00dcbergabe der Halbinsel an ukrainische SSR rechtlich nicht formalisiert - just-now.NEWS Deutschland\",\"isPartOf\":{\"@id\":\"https:\/\/now-news.de\/de\/#website\"},\"primaryImageOfPage\":{\"@id\":\"https:\/\/now-news.de\/de\/deutschland\/krim-parlament-uebergabe-der-halbinsel-an-ukrainische-ssr-rechtlich-nicht-formalisiert\/#primaryimage\"},\"image\":{\"@id\":\"https:\/\/now-news.de\/de\/deutschland\/krim-parlament-uebergabe-der-halbinsel-an-ukrainische-ssr-rechtlich-nicht-formalisiert\/#primaryimage\"},\"thumbnailUrl\":\"https:\/\/now-news.de\/de\/wp-content\/uploads\/sites\/3\/2023\/05\/Krim-Parlament-Uebergabe-der-Halbinsel-an-ukrainische-SSR-rechtlich-nicht-formalisiert.jpg\",\"datePublished\":\"2023-05-20T19:19:41+00:00\",\"dateModified\":\"2023-05-20T19:19:41+00:00\",\"breadcrumb\":{\"@id\":\"https:\/\/now-news.de\/de\/deutschland\/krim-parlament-uebergabe-der-halbinsel-an-ukrainische-ssr-rechtlich-nicht-formalisiert\/#breadcrumb\"},\"inLanguage\":\"de\",\"potentialAction\":[{\"@type\":\"ReadAction\",\"target\":[\"https:\/\/now-news.de\/de\/deutschland\/krim-parlament-uebergabe-der-halbinsel-an-ukrainische-ssr-rechtlich-nicht-formalisiert\/\"]}]},{\"@type\":\"ImageObject\",\"inLanguage\":\"de\",\"@id\":\"https:\/\/now-news.de\/de\/deutschland\/krim-parlament-uebergabe-der-halbinsel-an-ukrainische-ssr-rechtlich-nicht-formalisiert\/#primaryimage\",\"url\":\"https:\/\/now-news.de\/de\/wp-content\/uploads\/sites\/3\/2023\/05\/Krim-Parlament-Uebergabe-der-Halbinsel-an-ukrainische-SSR-rechtlich-nicht-formalisiert.jpg\",\"contentUrl\":\"https:\/\/now-news.de\/de\/wp-content\/uploads\/sites\/3\/2023\/05\/Krim-Parlament-Uebergabe-der-Halbinsel-an-ukrainische-SSR-rechtlich-nicht-formalisiert.jpg\",\"width\":460,\"height\":259,\"caption\":\"Krim-Parlament: \u00dcbergabe der Halbinsel an ukrainische SSR rechtlich nicht formalisiert\"},{\"@type\":\"BreadcrumbList\",\"@id\":\"https:\/\/now-news.de\/de\/deutschland\/krim-parlament-uebergabe-der-halbinsel-an-ukrainische-ssr-rechtlich-nicht-formalisiert\/#breadcrumb\",\"itemListElement\":[{\"@type\":\"ListItem\",\"position\":1,\"name\":\"Home\",\"item\":\"https:\/\/now-news.de\/de\/\"},{\"@type\":\"ListItem\",\"position\":2,\"name\":\"Krim-Parlament: \u00dcbergabe der Halbinsel an ukrainische SSR rechtlich nicht formalisiert\"}]},{\"@type\":\"WebSite\",\"@id\":\"https:\/\/now-news.de\/de\/#website\",\"url\":\"https:\/\/now-news.de\/de\/\",\"name\":\"just-now.NEWS Deutschland\",\"description\":\"Das Portal f\u00fcr unzensierte Nachrichten aus der Welt\",\"publisher\":{\"@id\":\"https:\/\/now-news.de\/de\/#organization\"},\"potentialAction\":[{\"@type\":\"SearchAction\",\"target\":{\"@type\":\"EntryPoint\",\"urlTemplate\":\"https:\/\/now-news.de\/de\/?s={search_term_string}\"},\"query-input\":\"required name=search_term_string\"}],\"inLanguage\":\"de\"},{\"@type\":\"Organization\",\"@id\":\"https:\/\/now-news.de\/de\/#organization\",\"name\":\"Just Now News\",\"url\":\"https:\/\/now-news.de\/de\/\",\"logo\":{\"@type\":\"ImageObject\",\"inLanguage\":\"de\",\"@id\":\"https:\/\/now-news.de\/de\/#\/schema\/logo\/image\/\",\"url\":\"http:\/\/just-now.news\/de\/wp-content\/uploads\/sites\/3\/2022\/04\/logo500x500.jpg\",\"contentUrl\":\"http:\/\/just-now.news\/de\/wp-content\/uploads\/sites\/3\/2022\/04\/logo500x500.jpg\",\"width\":500,\"height\":500,\"caption\":\"Just Now News\"},\"image\":{\"@id\":\"https:\/\/now-news.de\/de\/#\/schema\/logo\/image\/\"},\"sameAs\":[\"https:\/\/www.facebook.com\/wirmachenauf\",\"https:\/\/x.com\/WirMachenAuf_de\"]},{\"@type\":\"Person\",\"@id\":\"https:\/\/now-news.de\/de\/#\/schema\/person\/fb534a4e865501d8b3285208df34a9b5\",\"name\":\"rtnews\",\"image\":{\"@type\":\"ImageObject\",\"inLanguage\":\"de\",\"@id\":\"https:\/\/now-news.de\/de\/#\/schema\/person\/image\/\",\"url\":\"https:\/\/secure.gravatar.com\/avatar\/82aafea7d8127119dd649515f56e2117?s=96&d=mm&r=g\",\"contentUrl\":\"https:\/\/secure.gravatar.com\/avatar\/82aafea7d8127119dd649515f56e2117?s=96&d=mm&r=g\",\"caption\":\"rtnews\"},\"url\":\"https:\/\/now-news.de\/de\/author\/rnews\/\"}]}<\/script>\n<!-- \/ Yoast SEO Premium plugin. -->","yoast_head_json":{"title":"Krim-Parlament: \u00dcbergabe der Halbinsel an ukrainische SSR rechtlich nicht formalisiert - just-now.NEWS Deutschland","robots":{"index":"index","follow":"follow","max-snippet":"max-snippet:-1","max-image-preview":"max-image-preview:large","max-video-preview":"max-video-preview:-1"},"canonical":"https:\/\/now-news.de\/de\/deutschland\/krim-parlament-uebergabe-der-halbinsel-an-ukrainische-ssr-rechtlich-nicht-formalisiert\/","og_locale":"de_DE","og_type":"article","og_title":"Krim-Parlament: \u00dcbergabe der Halbinsel an ukrainische SSR rechtlich nicht formalisiert","og_description":"Laut dem Krim-Parlament war der Prozess der \u00dcbergabe der Halbinsel an die Ukrainische SSR im Jahr 1954 nicht rechtlich formalisiert und wies eine Reihe von schwerwiegenden Verst\u00f6\u00dfen auf. Die \u00dcbertragung war daher illegal. Der Chef des Krim-Parlaments, Wladimir Konstantinow, hat die Abtretung der Halbinsel an die Ukrainische SSR im Jahr 1954 als illegal bezeichnet. Der [&hellip;]","og_url":"https:\/\/now-news.de\/de\/deutschland\/krim-parlament-uebergabe-der-halbinsel-an-ukrainische-ssr-rechtlich-nicht-formalisiert\/","og_site_name":"just-now.NEWS Deutschland","article_publisher":"https:\/\/www.facebook.com\/wirmachenauf","article_published_time":"2023-05-20T19:19:41+00:00","og_image":[{"width":460,"height":259,"url":"https:\/\/now-news.de\/de\/wp-content\/uploads\/sites\/3\/2023\/05\/Krim-Parlament-Uebergabe-der-Halbinsel-an-ukrainische-SSR-rechtlich-nicht-formalisiert.jpg","type":"image\/jpeg"}],"author":"rtnews","twitter_card":"summary_large_image","twitter_creator":"@WirMachenAuf_de","twitter_site":"@WirMachenAuf_de","twitter_misc":{"Verfasst von":"rtnews","Gesch\u00e4tzte Lesezeit":"3\u00a0Minuten"},"schema":{"@context":"https:\/\/schema.org","@graph":[{"@type":"Article","@id":"https:\/\/now-news.de\/de\/deutschland\/krim-parlament-uebergabe-der-halbinsel-an-ukrainische-ssr-rechtlich-nicht-formalisiert\/#article","isPartOf":{"@id":"https:\/\/now-news.de\/de\/deutschland\/krim-parlament-uebergabe-der-halbinsel-an-ukrainische-ssr-rechtlich-nicht-formalisiert\/"},"author":{"name":"rtnews","@id":"https:\/\/now-news.de\/de\/#\/schema\/person\/fb534a4e865501d8b3285208df34a9b5"},"headline":"Krim-Parlament: \u00dcbergabe der Halbinsel an ukrainische SSR rechtlich nicht formalisiert","datePublished":"2023-05-20T19:19:41+00:00","dateModified":"2023-05-20T19:19:41+00:00","mainEntityOfPage":{"@id":"https:\/\/now-news.de\/de\/deutschland\/krim-parlament-uebergabe-der-halbinsel-an-ukrainische-ssr-rechtlich-nicht-formalisiert\/"},"wordCount":527,"commentCount":0,"publisher":{"@id":"https:\/\/now-news.de\/de\/#organization"},"image":{"@id":"https:\/\/now-news.de\/de\/deutschland\/krim-parlament-uebergabe-der-halbinsel-an-ukrainische-ssr-rechtlich-nicht-formalisiert\/#primaryimage"},"thumbnailUrl":"https:\/\/now-news.de\/de\/wp-content\/uploads\/sites\/3\/2023\/05\/Krim-Parlament-Uebergabe-der-Halbinsel-an-ukrainische-SSR-rechtlich-nicht-formalisiert.jpg","keywords":["der","formalisiert","Halbinsel","KrimParlament","nicht","rechtlich","SSR","\u00dcbergabe","Ukrainische"],"articleSection":["Deutschland","Russland"],"inLanguage":"de","potentialAction":[{"@type":"CommentAction","name":"Comment","target":["https:\/\/now-news.de\/de\/deutschland\/krim-parlament-uebergabe-der-halbinsel-an-ukrainische-ssr-rechtlich-nicht-formalisiert\/#respond"]}]},{"@type":"WebPage","@id":"https:\/\/now-news.de\/de\/deutschland\/krim-parlament-uebergabe-der-halbinsel-an-ukrainische-ssr-rechtlich-nicht-formalisiert\/","url":"https:\/\/now-news.de\/de\/deutschland\/krim-parlament-uebergabe-der-halbinsel-an-ukrainische-ssr-rechtlich-nicht-formalisiert\/","name":"Krim-Parlament: \u00dcbergabe der Halbinsel an ukrainische SSR rechtlich nicht formalisiert - just-now.NEWS Deutschland","isPartOf":{"@id":"https:\/\/now-news.de\/de\/#website"},"primaryImageOfPage":{"@id":"https:\/\/now-news.de\/de\/deutschland\/krim-parlament-uebergabe-der-halbinsel-an-ukrainische-ssr-rechtlich-nicht-formalisiert\/#primaryimage"},"image":{"@id":"https:\/\/now-news.de\/de\/deutschland\/krim-parlament-uebergabe-der-halbinsel-an-ukrainische-ssr-rechtlich-nicht-formalisiert\/#primaryimage"},"thumbnailUrl":"https:\/\/now-news.de\/de\/wp-content\/uploads\/sites\/3\/2023\/05\/Krim-Parlament-Uebergabe-der-Halbinsel-an-ukrainische-SSR-rechtlich-nicht-formalisiert.jpg","datePublished":"2023-05-20T19:19:41+00:00","dateModified":"2023-05-20T19:19:41+00:00","breadcrumb":{"@id":"https:\/\/now-news.de\/de\/deutschland\/krim-parlament-uebergabe-der-halbinsel-an-ukrainische-ssr-rechtlich-nicht-formalisiert\/#breadcrumb"},"inLanguage":"de","potentialAction":[{"@type":"ReadAction","target":["https:\/\/now-news.de\/de\/deutschland\/krim-parlament-uebergabe-der-halbinsel-an-ukrainische-ssr-rechtlich-nicht-formalisiert\/"]}]},{"@type":"ImageObject","inLanguage":"de","@id":"https:\/\/now-news.de\/de\/deutschland\/krim-parlament-uebergabe-der-halbinsel-an-ukrainische-ssr-rechtlich-nicht-formalisiert\/#primaryimage","url":"https:\/\/now-news.de\/de\/wp-content\/uploads\/sites\/3\/2023\/05\/Krim-Parlament-Uebergabe-der-Halbinsel-an-ukrainische-SSR-rechtlich-nicht-formalisiert.jpg","contentUrl":"https:\/\/now-news.de\/de\/wp-content\/uploads\/sites\/3\/2023\/05\/Krim-Parlament-Uebergabe-der-Halbinsel-an-ukrainische-SSR-rechtlich-nicht-formalisiert.jpg","width":460,"height":259,"caption":"Krim-Parlament: \u00dcbergabe der Halbinsel an ukrainische SSR rechtlich nicht formalisiert"},{"@type":"BreadcrumbList","@id":"https:\/\/now-news.de\/de\/deutschland\/krim-parlament-uebergabe-der-halbinsel-an-ukrainische-ssr-rechtlich-nicht-formalisiert\/#breadcrumb","itemListElement":[{"@type":"ListItem","position":1,"name":"Home","item":"https:\/\/now-news.de\/de\/"},{"@type":"ListItem","position":2,"name":"Krim-Parlament: \u00dcbergabe der Halbinsel an ukrainische SSR rechtlich nicht formalisiert"}]},{"@type":"WebSite","@id":"https:\/\/now-news.de\/de\/#website","url":"https:\/\/now-news.de\/de\/","name":"just-now.NEWS Deutschland","description":"Das Portal f\u00fcr unzensierte Nachrichten aus der Welt","publisher":{"@id":"https:\/\/now-news.de\/de\/#organization"},"potentialAction":[{"@type":"SearchAction","target":{"@type":"EntryPoint","urlTemplate":"https:\/\/now-news.de\/de\/?s={search_term_string}"},"query-input":"required name=search_term_string"}],"inLanguage":"de"},{"@type":"Organization","@id":"https:\/\/now-news.de\/de\/#organization","name":"Just Now News","url":"https:\/\/now-news.de\/de\/","logo":{"@type":"ImageObject","inLanguage":"de","@id":"https:\/\/now-news.de\/de\/#\/schema\/logo\/image\/","url":"http:\/\/just-now.news\/de\/wp-content\/uploads\/sites\/3\/2022\/04\/logo500x500.jpg","contentUrl":"http:\/\/just-now.news\/de\/wp-content\/uploads\/sites\/3\/2022\/04\/logo500x500.jpg","width":500,"height":500,"caption":"Just Now News"},"image":{"@id":"https:\/\/now-news.de\/de\/#\/schema\/logo\/image\/"},"sameAs":["https:\/\/www.facebook.com\/wirmachenauf","https:\/\/x.com\/WirMachenAuf_de"]},{"@type":"Person","@id":"https:\/\/now-news.de\/de\/#\/schema\/person\/fb534a4e865501d8b3285208df34a9b5","name":"rtnews","image":{"@type":"ImageObject","inLanguage":"de","@id":"https:\/\/now-news.de\/de\/#\/schema\/person\/image\/","url":"https:\/\/secure.gravatar.com\/avatar\/82aafea7d8127119dd649515f56e2117?s=96&d=mm&r=g","contentUrl":"https:\/\/secure.gravatar.com\/avatar\/82aafea7d8127119dd649515f56e2117?s=96&d=mm&r=g","caption":"rtnews"},"url":"https:\/\/now-news.de\/de\/author\/rnews\/"}]}},"_links":{"self":[{"href":"https:\/\/now-news.de\/de\/wp-json\/wp\/v2\/posts\/36434"}],"collection":[{"href":"https:\/\/now-news.de\/de\/wp-json\/wp\/v2\/posts"}],"about":[{"href":"https:\/\/now-news.de\/de\/wp-json\/wp\/v2\/types\/post"}],"author":[{"embeddable":true,"href":"https:\/\/now-news.de\/de\/wp-json\/wp\/v2\/users\/3"}],"replies":[{"embeddable":true,"href":"https:\/\/now-news.de\/de\/wp-json\/wp\/v2\/comments?post=36434"}],"version-history":[{"count":0,"href":"https:\/\/now-news.de\/de\/wp-json\/wp\/v2\/posts\/36434\/revisions"}],"wp:featuredmedia":[{"embeddable":true,"href":"https:\/\/now-news.de\/de\/wp-json\/wp\/v2\/media\/36435"}],"wp:attachment":[{"href":"https:\/\/now-news.de\/de\/wp-json\/wp\/v2\/media?parent=36434"}],"wp:term":[{"taxonomy":"category","embeddable":true,"href":"https:\/\/now-news.de\/de\/wp-json\/wp\/v2\/categories?post=36434"},{"taxonomy":"post_tag","embeddable":true,"href":"https:\/\/now-news.de\/de\/wp-json\/wp\/v2\/tags?post=36434"}],"curies":[{"name":"wp","href":"https:\/\/api.w.org\/{rel}","templated":true}]}}