{"id":36422,"date":"2023-05-20T17:03:25","date_gmt":"2023-05-20T15:03:25","guid":{"rendered":"http:\/\/just-now.news\/de\/deutschland\/cdu-fordert-staerkere-grenzkontrollen-afd-auch-mehr-abschiebungen\/"},"modified":"2023-05-20T17:03:25","modified_gmt":"2023-05-20T15:03:25","slug":"cdu-fordert-staerkere-grenzkontrollen-afd-auch-mehr-abschiebungen","status":"publish","type":"post","link":"https:\/\/now-news.de\/de\/deutschland\/cdu-fordert-staerkere-grenzkontrollen-afd-auch-mehr-abschiebungen\/","title":{"rendered":"CDU fordert st\u00e4rkere Grenzkontrollen \u2013 AfD auch &quot;mehr Abschiebungen&quot;"},"content":{"rendered":"<p><img decoding=\"async\" src=\"http:\/\/just-now.news\/de\/wp-content\/uploads\/sites\/3\/2023\/05\/6468d85748fbef157a301538.jpg\" \/><\/p>\n<div class=\"Text-root Text-type_1 \">\n                Die Bundesrepublik erlebt zurzeit eine noch zahlreichere Einwanderung als auf dem H\u00f6hepunkt der Fl\u00fcchtlingskrise 2015\/2016. Die Opposition im Bundestag fordert daher ein h\u00e4rteres Durchgreifen von der Bundesregierung, vor allem CDU und AfD preschen vor.\n            <\/div>\n<p><\/p>\n<div class=\"Text-root Text-type_5 ArticleView-text ViewText-root \">\n<p>Bereits auf dem sogenannten\u00a0Fl\u00fcchtlingsgipfel am 10. Mai hatte CDU-Innenpolitiker Josef Oster\u00a0festgestellt, dass die Zahl der illegalen Grenz\u00fcbertritte &#8220;seit Monaten au\u00dfergew\u00f6hnlich hoch&#8221; sei. Laut einem <a rel=\"nofollow noopener\" target=\"_blank\" href=\"https:\/\/www.tagesspiegel.de\/politik\/nach-fluchtlingsgipfel-cdu-will-grenzkontrollen-zu-polen-tschechien-und-der-schweiz-9849518.html\">Bericht<\/a> des <em>Tagesspiegel<\/em> vom Samstag sind allein an den Grenzen zu Polen, \u00d6sterreich, Tschechien und der Schweiz im ersten Quartal 2023 von der Bundespolizei \u00fcber 12.000 Personen aufgegriffen worden. Oster betonte:<\/p>\n<blockquote>\n<p><em>&#8220;Solange die Zahlen so hoch sind, halte ich an den Grenzen zu diesen L\u00e4ndern Grenzkontrollen f\u00fcr notwendig und angebracht.&#8221;<\/em><\/p>\n<\/blockquote>\n<p>Dar\u00fcber hinaus forderte er\u00a0die Bundesregierung auf, &#8220;die vielfach angek\u00fcndigte R\u00fcckf\u00fchrungsoffensive mit konkreten Ma\u00dfnahmen in die Tat umsetzen und eine Ausweitung der Einstufung sicherer Herkunftsl\u00e4nder entschlossen vorantreiben&#8221;.\u00a0<\/p>\n<p>Noch entschlosseneres Durchgreifen verlangte der AfD-Politiker Gottfried Curio, der Kontrollen an s\u00e4mtlichen Grenzen ins Spiel brachte.<\/p>\n<p>Ebenso sollten &#8220;nicht wie bei der Schleierfahndung zahllose Schlupfl\u00f6cher gelassen werden, auch die gr\u00fcne Grenze muss \u00fcberwacht werden&#8221;, erg\u00e4nzte der Innenpolitiker. Zudem m\u00fcsse es &#8220;mehr Abschiebungen&#8221; geben.\u00a0<\/p>\n<div class=\"EmbedBlock-root EmbedBlock-twitter\">\n<div class=\"TwitterEmbed\">\n<blockquote class=\"twitter-tweet lazyload\" data-twitter=\"twitter-tweet\">\n<p lang=\"de\" dir=\"ltr\">Die Mehrheit der Deutschen sieht in Einwanderung einen Nachteil f\u00fcr Deutschland und bef\u00fcrwortet weniger Immigration. Die Union will nun versuchen, auf der Welle des Populismus zu reiten, und kopiert daher alte AfD-Forderungen zur Migrationspolitik: <a rel=\"nofollow noopener\" target=\"_blank\" href=\"https:\/\/t.co\/d4YMAZKLPN\">https:\/\/t.co\/d4YMAZKLPN<\/a><\/p>\n<p>\u2014 Dr. Gottfried Curio (@GottfriedCurio) <a rel=\"nofollow noopener\" target=\"_blank\" href=\"https:\/\/twitter.com\/GottfriedCurio\/status\/1656639489287106562?ref_src=twsrc%5Etfw\">May 11, 2023<\/a><\/p><\/blockquote>\n<\/div>\n<\/div>\n<p><strong>Mehr zum Thema<\/strong> &#8211; <a rel=\"nofollow noopener\" target=\"_blank\" href=\"https:\/\/freeassange.rtde.live\/inland\/170547-messerstecherei-in-koeln-15-jaehriger-verletzt-zwei-jugendliche\/\">Messerstecherei in K\u00f6ln: 15-J\u00e4hriger verletzt zwei Jugendliche \u2013 einen davon schwer<\/a><\/p>\n<\/div>\n<p><script async src=\"https:\/\/platform.twitter.com\/widgets.js\" charset=\"utf-8\"><\/script><br \/>\n<br \/><br \/>\n<br \/><a href=\"https:\/\/de.rt.com\/inland\/170556-cdu-fordert-staerkere-grenzkontrollen-afd-auch-mehr-abschiebungen\/\">Source link <\/a><\/p>\n","protected":false},"excerpt":{"rendered":"<p>Die Bundesrepublik erlebt zurzeit eine noch zahlreichere Einwanderung als auf dem H\u00f6hepunkt der Fl\u00fcchtlingskrise 2015\/2016. Die Opposition im Bundestag fordert daher ein h\u00e4rteres Durchgreifen von der Bundesregierung, vor allem CDU und AfD preschen vor. Bereits auf dem sogenannten\u00a0Fl\u00fcchtlingsgipfel am 10. Mai hatte CDU-Innenpolitiker Josef Oster\u00a0festgestellt, dass die Zahl der illegalen Grenz\u00fcbertritte &#8220;seit Monaten au\u00dfergew\u00f6hnlich hoch&#8221; [&hellip;]<\/p>\n","protected":false},"author":3,"featured_media":36423,"comment_status":"open","ping_status":"open","sticky":false,"template":"","format":"standard","meta":{"_yoast_indexnow_last_ping":["1684595838"],"wp_automatic_camp":["217"],"1c85d687fc5bd1fbea38a52a62867811":["CDU fordert st\u00e4rkere Grenzkontrollen \u2013 AfD auch &quot;mehr Abschiebungen&quot;"],"original_link":["https:\/\/de.rt.com\/inland\/170556-cdu-fordert-staerkere-grenzkontrollen-afd-auch-mehr-abschiebungen\/"],"_thumbnail_id":["36423"],"_wptgpro_p2tg_sent2tg":["a:1:{i:23737;s:19:\"2023-05-20 17:18:19\";}"],"jnews_social_counter_last_update":["1777355518"]},"categories":[19,23],"tags":[44530,3815,1475,3795,355,33596,33859,35357],"yoast_head":"<!-- This site is optimized with the Yoast SEO Premium plugin v22.7 (Yoast SEO v22.7) - https:\/\/yoast.com\/wordpress\/plugins\/seo\/ -->\n<title>CDU fordert st\u00e4rkere Grenzkontrollen \u2013 AfD auch &quot;mehr Abschiebungen&quot; - just-now.NEWS Deutschland<\/title>\n<meta name=\"robots\" content=\"index, follow, max-snippet:-1, max-image-preview:large, max-video-preview:-1\" \/>\n<link rel=\"canonical\" href=\"https:\/\/now-news.de\/de\/deutschland\/cdu-fordert-staerkere-grenzkontrollen-afd-auch-mehr-abschiebungen\/\" \/>\n<meta property=\"og:locale\" content=\"de_DE\" \/>\n<meta property=\"og:type\" content=\"article\" \/>\n<meta property=\"og:title\" content=\"CDU fordert st\u00e4rkere Grenzkontrollen \u2013 AfD auch &quot;mehr Abschiebungen&quot;\" \/>\n<meta property=\"og:description\" content=\"Die Bundesrepublik erlebt zurzeit eine noch zahlreichere Einwanderung als auf dem H\u00f6hepunkt der Fl\u00fcchtlingskrise 2015\/2016. Die Opposition im Bundestag fordert daher ein h\u00e4rteres Durchgreifen von der Bundesregierung, vor allem CDU und AfD preschen vor. Bereits auf dem sogenannten\u00a0Fl\u00fcchtlingsgipfel am 10. Mai hatte CDU-Innenpolitiker Josef Oster\u00a0festgestellt, dass die Zahl der illegalen Grenz\u00fcbertritte &#8220;seit Monaten au\u00dfergew\u00f6hnlich hoch&#8221; [&hellip;]\" \/>\n<meta property=\"og:url\" content=\"https:\/\/now-news.de\/de\/deutschland\/cdu-fordert-staerkere-grenzkontrollen-afd-auch-mehr-abschiebungen\/\" \/>\n<meta property=\"og:site_name\" content=\"just-now.NEWS Deutschland\" \/>\n<meta property=\"article:publisher\" content=\"https:\/\/www.facebook.com\/wirmachenauf\" \/>\n<meta property=\"article:published_time\" content=\"2023-05-20T15:03:25+00:00\" \/>\n<meta property=\"og:image\" content=\"https:\/\/now-news.de\/de\/wp-content\/uploads\/sites\/3\/2023\/05\/CDU-fordert-staerkere-Grenzkontrollen-\u2013-AfD-auch-quotmehr-Abschiebungenquot.jpg\" \/>\n\t<meta property=\"og:image:width\" content=\"460\" \/>\n\t<meta property=\"og:image:height\" content=\"259\" \/>\n\t<meta property=\"og:image:type\" content=\"image\/jpeg\" \/>\n<meta name=\"author\" content=\"rtnews\" \/>\n<meta name=\"twitter:card\" content=\"summary_large_image\" \/>\n<meta name=\"twitter:creator\" content=\"@WirMachenAuf_de\" \/>\n<meta name=\"twitter:site\" content=\"@WirMachenAuf_de\" \/>\n<meta name=\"twitter:label1\" content=\"Verfasst von\" \/>\n\t<meta name=\"twitter:data1\" content=\"rtnews\" \/>\n\t<meta name=\"twitter:label2\" content=\"Gesch\u00e4tzte Lesezeit\" \/>\n\t<meta name=\"twitter:data2\" content=\"1\u00a0Minute\" \/>\n<script type=\"application\/ld+json\" class=\"yoast-schema-graph\">{\"@context\":\"https:\/\/schema.org\",\"@graph\":[{\"@type\":\"Article\",\"@id\":\"https:\/\/now-news.de\/de\/deutschland\/cdu-fordert-staerkere-grenzkontrollen-afd-auch-mehr-abschiebungen\/#article\",\"isPartOf\":{\"@id\":\"https:\/\/now-news.de\/de\/deutschland\/cdu-fordert-staerkere-grenzkontrollen-afd-auch-mehr-abschiebungen\/\"},\"author\":{\"name\":\"rtnews\",\"@id\":\"https:\/\/now-news.de\/de\/#\/schema\/person\/fb534a4e865501d8b3285208df34a9b5\"},\"headline\":\"CDU fordert st\u00e4rkere Grenzkontrollen \u2013 AfD auch &quot;mehr Abschiebungen&quot;\",\"datePublished\":\"2023-05-20T15:03:25+00:00\",\"dateModified\":\"2023-05-20T15:03:25+00:00\",\"mainEntityOfPage\":{\"@id\":\"https:\/\/now-news.de\/de\/deutschland\/cdu-fordert-staerkere-grenzkontrollen-afd-auch-mehr-abschiebungen\/\"},\"wordCount\":272,\"commentCount\":0,\"publisher\":{\"@id\":\"https:\/\/now-news.de\/de\/#organization\"},\"image\":{\"@id\":\"https:\/\/now-news.de\/de\/deutschland\/cdu-fordert-staerkere-grenzkontrollen-afd-auch-mehr-abschiebungen\/#primaryimage\"},\"thumbnailUrl\":\"https:\/\/now-news.de\/de\/wp-content\/uploads\/sites\/3\/2023\/05\/CDU-fordert-staerkere-Grenzkontrollen-\u2013-AfD-auch-quotmehr-Abschiebungenquot.jpg\",\"keywords\":[\"Abschiebungenquot\",\"AfD\",\"auch\",\"CDU\",\"fordert\",\"Grenzkontrollen\",\"quotMehr\",\"st\u00e4rkere\"],\"articleSection\":[\"Deutschland\",\"Russland\"],\"inLanguage\":\"de\",\"potentialAction\":[{\"@type\":\"CommentAction\",\"name\":\"Comment\",\"target\":[\"https:\/\/now-news.de\/de\/deutschland\/cdu-fordert-staerkere-grenzkontrollen-afd-auch-mehr-abschiebungen\/#respond\"]}]},{\"@type\":\"WebPage\",\"@id\":\"https:\/\/now-news.de\/de\/deutschland\/cdu-fordert-staerkere-grenzkontrollen-afd-auch-mehr-abschiebungen\/\",\"url\":\"https:\/\/now-news.de\/de\/deutschland\/cdu-fordert-staerkere-grenzkontrollen-afd-auch-mehr-abschiebungen\/\",\"name\":\"CDU fordert st\u00e4rkere Grenzkontrollen \u2013 AfD auch &quot;mehr Abschiebungen&quot; - just-now.NEWS Deutschland\",\"isPartOf\":{\"@id\":\"https:\/\/now-news.de\/de\/#website\"},\"primaryImageOfPage\":{\"@id\":\"https:\/\/now-news.de\/de\/deutschland\/cdu-fordert-staerkere-grenzkontrollen-afd-auch-mehr-abschiebungen\/#primaryimage\"},\"image\":{\"@id\":\"https:\/\/now-news.de\/de\/deutschland\/cdu-fordert-staerkere-grenzkontrollen-afd-auch-mehr-abschiebungen\/#primaryimage\"},\"thumbnailUrl\":\"https:\/\/now-news.de\/de\/wp-content\/uploads\/sites\/3\/2023\/05\/CDU-fordert-staerkere-Grenzkontrollen-\u2013-AfD-auch-quotmehr-Abschiebungenquot.jpg\",\"datePublished\":\"2023-05-20T15:03:25+00:00\",\"dateModified\":\"2023-05-20T15:03:25+00:00\",\"breadcrumb\":{\"@id\":\"https:\/\/now-news.de\/de\/deutschland\/cdu-fordert-staerkere-grenzkontrollen-afd-auch-mehr-abschiebungen\/#breadcrumb\"},\"inLanguage\":\"de\",\"potentialAction\":[{\"@type\":\"ReadAction\",\"target\":[\"https:\/\/now-news.de\/de\/deutschland\/cdu-fordert-staerkere-grenzkontrollen-afd-auch-mehr-abschiebungen\/\"]}]},{\"@type\":\"ImageObject\",\"inLanguage\":\"de\",\"@id\":\"https:\/\/now-news.de\/de\/deutschland\/cdu-fordert-staerkere-grenzkontrollen-afd-auch-mehr-abschiebungen\/#primaryimage\",\"url\":\"https:\/\/now-news.de\/de\/wp-content\/uploads\/sites\/3\/2023\/05\/CDU-fordert-staerkere-Grenzkontrollen-\u2013-AfD-auch-quotmehr-Abschiebungenquot.jpg\",\"contentUrl\":\"https:\/\/now-news.de\/de\/wp-content\/uploads\/sites\/3\/2023\/05\/CDU-fordert-staerkere-Grenzkontrollen-\u2013-AfD-auch-quotmehr-Abschiebungenquot.jpg\",\"width\":460,\"height\":259,\"caption\":\"CDU fordert st\u00e4rkere Grenzkontrollen \u2013 AfD auch &quot;mehr Abschiebungen&quot;\"},{\"@type\":\"BreadcrumbList\",\"@id\":\"https:\/\/now-news.de\/de\/deutschland\/cdu-fordert-staerkere-grenzkontrollen-afd-auch-mehr-abschiebungen\/#breadcrumb\",\"itemListElement\":[{\"@type\":\"ListItem\",\"position\":1,\"name\":\"Home\",\"item\":\"https:\/\/now-news.de\/de\/\"},{\"@type\":\"ListItem\",\"position\":2,\"name\":\"CDU fordert st\u00e4rkere Grenzkontrollen \u2013 AfD auch &quot;mehr Abschiebungen&quot;\"}]},{\"@type\":\"WebSite\",\"@id\":\"https:\/\/now-news.de\/de\/#website\",\"url\":\"https:\/\/now-news.de\/de\/\",\"name\":\"just-now.NEWS Deutschland\",\"description\":\"Das Portal f\u00fcr unzensierte Nachrichten aus der Welt\",\"publisher\":{\"@id\":\"https:\/\/now-news.de\/de\/#organization\"},\"potentialAction\":[{\"@type\":\"SearchAction\",\"target\":{\"@type\":\"EntryPoint\",\"urlTemplate\":\"https:\/\/now-news.de\/de\/?s={search_term_string}\"},\"query-input\":\"required name=search_term_string\"}],\"inLanguage\":\"de\"},{\"@type\":\"Organization\",\"@id\":\"https:\/\/now-news.de\/de\/#organization\",\"name\":\"Just Now News\",\"url\":\"https:\/\/now-news.de\/de\/\",\"logo\":{\"@type\":\"ImageObject\",\"inLanguage\":\"de\",\"@id\":\"https:\/\/now-news.de\/de\/#\/schema\/logo\/image\/\",\"url\":\"http:\/\/just-now.news\/de\/wp-content\/uploads\/sites\/3\/2022\/04\/logo500x500.jpg\",\"contentUrl\":\"http:\/\/just-now.news\/de\/wp-content\/uploads\/sites\/3\/2022\/04\/logo500x500.jpg\",\"width\":500,\"height\":500,\"caption\":\"Just Now News\"},\"image\":{\"@id\":\"https:\/\/now-news.de\/de\/#\/schema\/logo\/image\/\"},\"sameAs\":[\"https:\/\/www.facebook.com\/wirmachenauf\",\"https:\/\/x.com\/WirMachenAuf_de\"]},{\"@type\":\"Person\",\"@id\":\"https:\/\/now-news.de\/de\/#\/schema\/person\/fb534a4e865501d8b3285208df34a9b5\",\"name\":\"rtnews\",\"image\":{\"@type\":\"ImageObject\",\"inLanguage\":\"de\",\"@id\":\"https:\/\/now-news.de\/de\/#\/schema\/person\/image\/\",\"url\":\"https:\/\/secure.gravatar.com\/avatar\/82aafea7d8127119dd649515f56e2117?s=96&d=mm&r=g\",\"contentUrl\":\"https:\/\/secure.gravatar.com\/avatar\/82aafea7d8127119dd649515f56e2117?s=96&d=mm&r=g\",\"caption\":\"rtnews\"},\"url\":\"https:\/\/now-news.de\/de\/author\/rnews\/\"}]}<\/script>\n<!-- \/ Yoast SEO Premium plugin. -->","yoast_head_json":{"title":"CDU fordert st\u00e4rkere Grenzkontrollen \u2013 AfD auch &quot;mehr Abschiebungen&quot; - just-now.NEWS Deutschland","robots":{"index":"index","follow":"follow","max-snippet":"max-snippet:-1","max-image-preview":"max-image-preview:large","max-video-preview":"max-video-preview:-1"},"canonical":"https:\/\/now-news.de\/de\/deutschland\/cdu-fordert-staerkere-grenzkontrollen-afd-auch-mehr-abschiebungen\/","og_locale":"de_DE","og_type":"article","og_title":"CDU fordert st\u00e4rkere Grenzkontrollen \u2013 AfD auch &quot;mehr Abschiebungen&quot;","og_description":"Die Bundesrepublik erlebt zurzeit eine noch zahlreichere Einwanderung als auf dem H\u00f6hepunkt der Fl\u00fcchtlingskrise 2015\/2016. Die Opposition im Bundestag fordert daher ein h\u00e4rteres Durchgreifen von der Bundesregierung, vor allem CDU und AfD preschen vor. Bereits auf dem sogenannten\u00a0Fl\u00fcchtlingsgipfel am 10. Mai hatte CDU-Innenpolitiker Josef Oster\u00a0festgestellt, dass die Zahl der illegalen Grenz\u00fcbertritte &#8220;seit Monaten au\u00dfergew\u00f6hnlich hoch&#8221; [&hellip;]","og_url":"https:\/\/now-news.de\/de\/deutschland\/cdu-fordert-staerkere-grenzkontrollen-afd-auch-mehr-abschiebungen\/","og_site_name":"just-now.NEWS Deutschland","article_publisher":"https:\/\/www.facebook.com\/wirmachenauf","article_published_time":"2023-05-20T15:03:25+00:00","og_image":[{"width":460,"height":259,"url":"https:\/\/now-news.de\/de\/wp-content\/uploads\/sites\/3\/2023\/05\/CDU-fordert-staerkere-Grenzkontrollen-\u2013-AfD-auch-quotmehr-Abschiebungenquot.jpg","type":"image\/jpeg"}],"author":"rtnews","twitter_card":"summary_large_image","twitter_creator":"@WirMachenAuf_de","twitter_site":"@WirMachenAuf_de","twitter_misc":{"Verfasst von":"rtnews","Gesch\u00e4tzte Lesezeit":"1\u00a0Minute"},"schema":{"@context":"https:\/\/schema.org","@graph":[{"@type":"Article","@id":"https:\/\/now-news.de\/de\/deutschland\/cdu-fordert-staerkere-grenzkontrollen-afd-auch-mehr-abschiebungen\/#article","isPartOf":{"@id":"https:\/\/now-news.de\/de\/deutschland\/cdu-fordert-staerkere-grenzkontrollen-afd-auch-mehr-abschiebungen\/"},"author":{"name":"rtnews","@id":"https:\/\/now-news.de\/de\/#\/schema\/person\/fb534a4e865501d8b3285208df34a9b5"},"headline":"CDU fordert st\u00e4rkere Grenzkontrollen \u2013 AfD auch &quot;mehr Abschiebungen&quot;","datePublished":"2023-05-20T15:03:25+00:00","dateModified":"2023-05-20T15:03:25+00:00","mainEntityOfPage":{"@id":"https:\/\/now-news.de\/de\/deutschland\/cdu-fordert-staerkere-grenzkontrollen-afd-auch-mehr-abschiebungen\/"},"wordCount":272,"commentCount":0,"publisher":{"@id":"https:\/\/now-news.de\/de\/#organization"},"image":{"@id":"https:\/\/now-news.de\/de\/deutschland\/cdu-fordert-staerkere-grenzkontrollen-afd-auch-mehr-abschiebungen\/#primaryimage"},"thumbnailUrl":"https:\/\/now-news.de\/de\/wp-content\/uploads\/sites\/3\/2023\/05\/CDU-fordert-staerkere-Grenzkontrollen-\u2013-AfD-auch-quotmehr-Abschiebungenquot.jpg","keywords":["Abschiebungenquot","AfD","auch","CDU","fordert","Grenzkontrollen","quotMehr","st\u00e4rkere"],"articleSection":["Deutschland","Russland"],"inLanguage":"de","potentialAction":[{"@type":"CommentAction","name":"Comment","target":["https:\/\/now-news.de\/de\/deutschland\/cdu-fordert-staerkere-grenzkontrollen-afd-auch-mehr-abschiebungen\/#respond"]}]},{"@type":"WebPage","@id":"https:\/\/now-news.de\/de\/deutschland\/cdu-fordert-staerkere-grenzkontrollen-afd-auch-mehr-abschiebungen\/","url":"https:\/\/now-news.de\/de\/deutschland\/cdu-fordert-staerkere-grenzkontrollen-afd-auch-mehr-abschiebungen\/","name":"CDU fordert st\u00e4rkere Grenzkontrollen \u2013 AfD auch &quot;mehr Abschiebungen&quot; - just-now.NEWS Deutschland","isPartOf":{"@id":"https:\/\/now-news.de\/de\/#website"},"primaryImageOfPage":{"@id":"https:\/\/now-news.de\/de\/deutschland\/cdu-fordert-staerkere-grenzkontrollen-afd-auch-mehr-abschiebungen\/#primaryimage"},"image":{"@id":"https:\/\/now-news.de\/de\/deutschland\/cdu-fordert-staerkere-grenzkontrollen-afd-auch-mehr-abschiebungen\/#primaryimage"},"thumbnailUrl":"https:\/\/now-news.de\/de\/wp-content\/uploads\/sites\/3\/2023\/05\/CDU-fordert-staerkere-Grenzkontrollen-\u2013-AfD-auch-quotmehr-Abschiebungenquot.jpg","datePublished":"2023-05-20T15:03:25+00:00","dateModified":"2023-05-20T15:03:25+00:00","breadcrumb":{"@id":"https:\/\/now-news.de\/de\/deutschland\/cdu-fordert-staerkere-grenzkontrollen-afd-auch-mehr-abschiebungen\/#breadcrumb"},"inLanguage":"de","potentialAction":[{"@type":"ReadAction","target":["https:\/\/now-news.de\/de\/deutschland\/cdu-fordert-staerkere-grenzkontrollen-afd-auch-mehr-abschiebungen\/"]}]},{"@type":"ImageObject","inLanguage":"de","@id":"https:\/\/now-news.de\/de\/deutschland\/cdu-fordert-staerkere-grenzkontrollen-afd-auch-mehr-abschiebungen\/#primaryimage","url":"https:\/\/now-news.de\/de\/wp-content\/uploads\/sites\/3\/2023\/05\/CDU-fordert-staerkere-Grenzkontrollen-\u2013-AfD-auch-quotmehr-Abschiebungenquot.jpg","contentUrl":"https:\/\/now-news.de\/de\/wp-content\/uploads\/sites\/3\/2023\/05\/CDU-fordert-staerkere-Grenzkontrollen-\u2013-AfD-auch-quotmehr-Abschiebungenquot.jpg","width":460,"height":259,"caption":"CDU fordert st\u00e4rkere Grenzkontrollen \u2013 AfD auch &quot;mehr Abschiebungen&quot;"},{"@type":"BreadcrumbList","@id":"https:\/\/now-news.de\/de\/deutschland\/cdu-fordert-staerkere-grenzkontrollen-afd-auch-mehr-abschiebungen\/#breadcrumb","itemListElement":[{"@type":"ListItem","position":1,"name":"Home","item":"https:\/\/now-news.de\/de\/"},{"@type":"ListItem","position":2,"name":"CDU fordert st\u00e4rkere Grenzkontrollen \u2013 AfD auch &quot;mehr Abschiebungen&quot;"}]},{"@type":"WebSite","@id":"https:\/\/now-news.de\/de\/#website","url":"https:\/\/now-news.de\/de\/","name":"just-now.NEWS Deutschland","description":"Das Portal f\u00fcr unzensierte Nachrichten aus der Welt","publisher":{"@id":"https:\/\/now-news.de\/de\/#organization"},"potentialAction":[{"@type":"SearchAction","target":{"@type":"EntryPoint","urlTemplate":"https:\/\/now-news.de\/de\/?s={search_term_string}"},"query-input":"required name=search_term_string"}],"inLanguage":"de"},{"@type":"Organization","@id":"https:\/\/now-news.de\/de\/#organization","name":"Just Now News","url":"https:\/\/now-news.de\/de\/","logo":{"@type":"ImageObject","inLanguage":"de","@id":"https:\/\/now-news.de\/de\/#\/schema\/logo\/image\/","url":"http:\/\/just-now.news\/de\/wp-content\/uploads\/sites\/3\/2022\/04\/logo500x500.jpg","contentUrl":"http:\/\/just-now.news\/de\/wp-content\/uploads\/sites\/3\/2022\/04\/logo500x500.jpg","width":500,"height":500,"caption":"Just Now News"},"image":{"@id":"https:\/\/now-news.de\/de\/#\/schema\/logo\/image\/"},"sameAs":["https:\/\/www.facebook.com\/wirmachenauf","https:\/\/x.com\/WirMachenAuf_de"]},{"@type":"Person","@id":"https:\/\/now-news.de\/de\/#\/schema\/person\/fb534a4e865501d8b3285208df34a9b5","name":"rtnews","image":{"@type":"ImageObject","inLanguage":"de","@id":"https:\/\/now-news.de\/de\/#\/schema\/person\/image\/","url":"https:\/\/secure.gravatar.com\/avatar\/82aafea7d8127119dd649515f56e2117?s=96&d=mm&r=g","contentUrl":"https:\/\/secure.gravatar.com\/avatar\/82aafea7d8127119dd649515f56e2117?s=96&d=mm&r=g","caption":"rtnews"},"url":"https:\/\/now-news.de\/de\/author\/rnews\/"}]}},"_links":{"self":[{"href":"https:\/\/now-news.de\/de\/wp-json\/wp\/v2\/posts\/36422"}],"collection":[{"href":"https:\/\/now-news.de\/de\/wp-json\/wp\/v2\/posts"}],"about":[{"href":"https:\/\/now-news.de\/de\/wp-json\/wp\/v2\/types\/post"}],"author":[{"embeddable":true,"href":"https:\/\/now-news.de\/de\/wp-json\/wp\/v2\/users\/3"}],"replies":[{"embeddable":true,"href":"https:\/\/now-news.de\/de\/wp-json\/wp\/v2\/comments?post=36422"}],"version-history":[{"count":0,"href":"https:\/\/now-news.de\/de\/wp-json\/wp\/v2\/posts\/36422\/revisions"}],"wp:featuredmedia":[{"embeddable":true,"href":"https:\/\/now-news.de\/de\/wp-json\/wp\/v2\/media\/36423"}],"wp:attachment":[{"href":"https:\/\/now-news.de\/de\/wp-json\/wp\/v2\/media?parent=36422"}],"wp:term":[{"taxonomy":"category","embeddable":true,"href":"https:\/\/now-news.de\/de\/wp-json\/wp\/v2\/categories?post=36422"},{"taxonomy":"post_tag","embeddable":true,"href":"https:\/\/now-news.de\/de\/wp-json\/wp\/v2\/tags?post=36422"}],"curies":[{"name":"wp","href":"https:\/\/api.w.org\/{rel}","templated":true}]}}