{"id":36410,"date":"2023-05-20T11:24:41","date_gmt":"2023-05-20T09:24:41","guid":{"rendered":"http:\/\/just-now.news\/de\/deutschland\/bilderberg-konferenz-anton-hofreiter-reist-als-verbale-dampframme-nach-lissabon\/"},"modified":"2023-05-20T11:24:41","modified_gmt":"2023-05-20T09:24:41","slug":"bilderberg-konferenz-anton-hofreiter-reist-als-verbale-dampframme-nach-lissabon","status":"publish","type":"post","link":"https:\/\/now-news.de\/de\/deutschland\/bilderberg-konferenz-anton-hofreiter-reist-als-verbale-dampframme-nach-lissabon\/","title":{"rendered":"Bilderberg-Konferenz: Anton Hofreiter reist als &quot;verbale Dampframme&quot; nach Lissabon"},"content":{"rendered":"<p><img decoding=\"async\" src=\"http:\/\/just-now.news\/de\/wp-content\/uploads\/sites\/3\/2023\/05\/646746db48fbef154a2d8c58.jpg\" \/><\/p>\n<div class=\"Text-root Text-type_1 \">\n                Das 69. Bilderberg-Treffen wird vom 18. bis 21. Mai 2023 in Lissabon stattfinden. Etwa 130 Teilnehmer aus 23 L\u00e4ndern haben ihre Teilnahme best\u00e4tigt. Warum ist jedoch Anton Hofreiter dabei? Es besteht Grund zur Sorge, da er kurz zuvor forderte: &#8220;F-16 f\u00fcr die Ukraine&#8221;.\n            <\/div>\n<p><\/p>\n<div class=\"Text-root Text-type_5 ArticleView-text ViewText-root \">\n<p><em>Von Bernhard Loyen<\/em><\/p>\n<p>Wer Anton Hofreiter in Natura erleben muss, also darf, denkt unmittelbar, der Mann hat definitiv zu hohen Blutdruck. Kr\u00e4ftig in der Statur, gut gen\u00e4hrt, ann\u00e4hernd provokative K\u00f6rperhaltung &#8211; breitbeinig und laut dazu &#8211; so erlebt man in Berlin wohnend die Auftritte Hofreiters im Regierungsbezirk Mitte, ob auf der Stra\u00dfe, auf dem Fahrrad oder vor dem Supermarkt laut gestikulierend im Gespr\u00e4ch.<\/p>\n<p>Nun findet sich Hofreiter also auf der <a rel=\"nofollow noopener\" target=\"_blank\" href=\"https:\/\/www.bilderbergmeetings.org\/press\/press-release\/participants\">offiziellen &#8220;Liste<\/a> der Teilnehmer 2023&#8243; der diesj\u00e4hrigen Bilderberg-Konferenz in Lissabon. Deutschland wird mit insgesamt sieben Teilnehmern entsprechende Interessen vertreten. &#8220;Was macht aber Anton Hofreiter da?&#8221;, werden sich wom\u00f6glich Leser fragen. Hofreiter ist studierter Biologe mit Abschlusstitel, war dann verkehrspolitischer Sprecher der Fraktion B\u00fcndnis 90\/Die Gr\u00fcnen. Im Jahr 2013 teilte er sich zusammen mit Katrin G\u00f6ring-Eckardt den Vorsitz der Bundestagsfraktion seiner Partei. Im Zuge der Koalitionsverhandlungen 2021 war Hofreiter dann im Gespr\u00e4ch f\u00fcr das Amt des Bundeslandwirtschaftsministers. Das hemds\u00e4rmelige Klischee reichte jedoch nicht gegen das aalige und schmierige Dasein des Cem \u00d6zdemir.<\/p>\n<p>Auch der gut dotierte\u00a0Aufsichtsratsposten bei der Deutschen Bahn wurde ihm <a rel=\"nofollow noopener\" target=\"_blank\" href=\"https:\/\/www.rnd.de\/politik\/deutsche-bahn-anton-hofreiter-geht-bei-aufsichtsrat-posten-leer-aus-XU5UJ5EE2BCZPM42LRJZKBHHJQ.html\">nicht geg\u00f6nnt<\/a>. Bevor der Puls mal wieder 200 erreichte, wurde Hofreiter zuvor noch im Dezember 2021 schnell zum &#8220;<a rel=\"nofollow noopener\" target=\"_blank\" href=\"https:\/\/www.bundestag.de\/europa\">Vorsitzenden<\/a> des Ausschusses f\u00fcr die Angelegenheiten der Europ\u00e4ischen Union&#8221; ernannt. Irgendwelche Qualifikationen f\u00fcr diesen sensiblen Posten, wie immer in der aktuellen Politwelt, nicht vorhanden, wozu auch? In dieser Funktion reiste er dann am 12. April 2022 mit den sehr guten Lehrmeistern Michael Roth (SPD), dem Vorsitzenden des Ausw\u00e4rtigen Ausschusses, und Marie-Agnes Strack-Zimmermann (FDP), der Vorsitzenden des deutschen Verteidigungsausschusses, zusammen nach Kiew. Die \u00dcbung lautete: (gemeinsames) verbales Poltern gegen Russland.<\/p>\n<p>Es erkl\u00e4rt sich damit, warum nach Tagen belehrenden Dauerbeschusses einer Strack-Zimmermann im Zugabteil Hofreiter am 20. April, vorbildlich verinnerlicht und wenig geschichtsbewusst, im <em>Morgenmagazin <\/em>(<em>moma<\/em>) laut <em>ZDF<\/em> inhaltlich <a rel=\"nofollow noopener\" target=\"_blank\" href=\"https:\/\/www.youtube.com\/watch?v=YEePTd3yGJM\">dampframmte<\/a>: &#8220;Lasst uns das einfach tun&#8221;. Ja, aber was?<\/p>\n<blockquote>\n<p><em>&#8220;So schnell wie m\u00f6glich schwere Waffen liefern. Der Zeitpunkt f\u00fcr eine Lieferung schwerer Waffen sei gekommen, weil die Ukrainer jetzt noch &#8216;die Zeit h\u00e4tten, ihre Soldaten an diesem Material zu trainieren'&#8221;, so Anton Hofreiter, B\u00fcndnis 90\/Die Gr\u00fcnen, Vorsitzender Europaausschuss Bundestag. Deutschland bremse bei Sanktionen wie bei Waffen.&#8221;<\/em><\/p>\n<\/blockquote>\n<p>Brav auswendig <a rel=\"nofollow noopener\" target=\"_blank\" href=\"https:\/\/www.swr.de\/swr2\/leben-und-gesellschaft\/hofreiter-besondere-moralische-verpflichtung-europas-gegenueber-der-ukraine-100.html\">gelernt<\/a> sprach der Quereinsteiger der deutschen Au\u00dfenpolitik zuvor im Februar davon, dass Europa eine &#8220;besondere moralische Verpflichtung gegen\u00fcber der Ukraine&#8221; bes\u00e4\u00dfe, die darin bestehe, dass &#8220;die Ukraine gerade Demokratie und Freiheit f\u00fcr alle europ\u00e4ischen Staaten verteidigt&#8221;. Zum Thema Waffenlieferungen an die Ukraine lautete die Einsch\u00e4tzung des &#8220;Toni&#8221; Hofreiter im Jahre 2015 noch: &#8220;Das lehnen wir &#8211;\u00a0 B\u00fcndnis90\/Die Gr\u00fcnen &#8211; ab, es erschwert die politische L\u00f6sung und es hilft auch nicht&#8221;. Ein Standpunkt, den er r\u00fcckblickend in einer <em>Maischberger-Sendung<\/em> im Juni als &#8220;wahrscheinlich naiv&#8221; und &#8220;vermutlich falsch&#8221; <a rel=\"nofollow noopener\" target=\"_blank\" href=\"https:\/\/www.waz.de\/kultur\/fernsehen\/maischberger-hofreiter-ukraine-krieg-kritik-waffen-id235509397.html\">bezeichnete<\/a>. Seinem aktuellen Posten verpflichtet und inhaltlich mittlerweile erfolgreich konditioniert, pl\u00e4dierte Hofreiter im Folgesatz dann auch gleich f\u00fcr die Lieferung schwerer Waffen in ein Kriegsgebiet, um dadurch den so &#8220;wichtigen Frieden&#8221; zu erlangen. Ein irritierendes und vor allem fatales Logikverst\u00e4ndnis der gesamten amtierenden Ampelkoalition.<\/p>\n<p>Nun darf Herr Hofreiter auf Steuerzahlerkosten nach Lissabon fliegen. &#8220;Hier besprechen die Bilderberger die Lage der Welt&#8221;, wusste die dem <em>Springer<\/em>-Verlag zugeh\u00f6rige <em>Welt<\/em> bereits im Jahr 2016 zu <a rel=\"nofollow noopener\" target=\"_blank\" href=\"https:\/\/www.welt.de\/politik\/ausland\/article142308913\/Hier-besprechen-die-Bilderberger-die-Lage-der-Welt.html\">berichten<\/a>. Diesj\u00e4hriger deutscher Delegationsteilnehmer daher wenig \u00fcberraschend erneut Mathias D\u00f6pfner, Vorstandsvorsitzender der Axel Springer SE.<\/p>\n<p>Die Menschheit erlebt eine beschwerliche Zeit k\u00fcnstlicher Ausnahmeszenarien. Sollte es deshalb einem zu denken geben, dass in Lissabon auch Albert Bourla, Chef des Pharmagiganten Pfizer und Bussi-Bussi-Freund von EU-Kommissionspr\u00e4sidentin Ursula von der Leyen erwartet wird? Die deutsche Pharmaszene wird in der deutschen Delegation abgedeckt durch die Spanierin Bel\u00e9n Garijo, als Vorsitzende des deutschen Pharmaunternehmens Merck. Ein weiterer deutscher Vertreter ist Martin Bruderm\u00fcller, Vorstandsvorsitzender der BASF. Des weiteren Paul Achleitner, Mandatsbeisitzender bei der Deutschen Bank und zudem Aufsichtsratsmitglied bei der Bayer AG. Einzige Beruhigung: Karl Lauterbach ist nicht dabei.<\/p>\n<p>Politisch flankiert wird Hofreiter von dem zur Not m\u00f6glichen Spickzettellieferanten Norbert R\u00f6ttgen (CDU), bekannt als treuer und zuverl\u00e4ssiger US-Vasall und stellvertretender <a rel=\"nofollow noopener\" target=\"_blank\" href=\"https:\/\/www.atlantik-bruecke.org\/die-atlantik-bruecke\/gremien\/\">Vorsitzender<\/a> der Atlantik-Br\u00fccke. R\u00f6ttgen teilte dem f\u00fcr internationale Politik anerkannten Fachblatt<em> Super Illu<\/em> j\u00fcngst mit:<\/p>\n<blockquote>\n<p><em>&#8220;Als Schw\u00e4chlinge werden wir keinen Beitrag zum Frieden leisten k\u00f6nnen.&#8221;<\/em><\/p>\n<\/blockquote>\n<div class=\"EmbedBlock-root EmbedBlock-twitter\">\n<div class=\"TwitterEmbed\">\n<blockquote class=\"twitter-tweet lazyload\" data-twitter=\"twitter-tweet\">\n<p lang=\"de\" dir=\"ltr\"><a rel=\"nofollow noopener\" target=\"_blank\" href=\"https:\/\/twitter.com\/hashtag\/Putin?src=hash&amp;ref_src=twsrc%5Etfw\">#Putin<\/a> will diesen Krieg f\u00fchren. Wenn er morgen fr\u00fch aufwachen und seine Truppen zur\u00fcckziehen w\u00fcrde, w\u00e4re der Krieg vorbei. Aber das tut Putin nicht, weshalb er zun\u00e4chst erkennen muss, dass er milit\u00e4risch nicht gewinnen kann. Erst dann sind Verhandlungen \u00fcberhaupt realistisch. <a rel=\"nofollow noopener\" target=\"_blank\" href=\"https:\/\/t.co\/JUoZah3R4S\">pic.twitter.com\/JUoZah3R4S<\/a><\/p>\n<p>\u2014 Norbert R\u00f6ttgen (@n_roettgen) <a rel=\"nofollow noopener\" target=\"_blank\" href=\"https:\/\/twitter.com\/n_roettgen\/status\/1659447740458319872?ref_src=twsrc%5Etfw\">May 19, 2023<\/a><\/p><\/blockquote>\n<\/div>\n<\/div>\n<p>Hofreiter wird das Interview in der Vorbereitung gelesen haben und f\u00fcr sich gedacht haben: &#8220;Ja mei, super, so muass ma des formulieren&#8221;. Die Gesamtleitung der Atlantik-Br\u00fccke organisiert im Moment SPD-Urgestein Sigmar Gabriel. Daraus ergibt sich der Sinn f\u00fcr Delegationsteilnehmer Nummer 6, Wolfgang Schmidt (SPD), Bundesminister f\u00fcr besondere Aufgaben, Chef des Bundeskanzleramtes und Beauftragter f\u00fcr die Nachrichtendienste des Bundes seit 2021.<\/p>\n<p>13 Themen umfasst das offizielle <a rel=\"nofollow noopener\" target=\"_blank\" href=\"https:\/\/www.bilderbergmeetings.org\/press\/press-release\/press-release\">Programm<\/a> des Bilderberg-Treffens 2023:<\/p>\n<ul>\n<li>K\u00fcnstliche Intelligenz, Bankensystem, China, Energiewende, Europa, Finanzielle Herausforderungen, Indien, Industriepolitik und Handel, NATO, Russland,\u00a0Transnationale Bedrohungen, Ukraine.<\/li>\n<\/ul>\n<p>Der dreizehnte Programmpunkt lautet ann\u00e4hernd realsatirisch &#8220;US-F\u00fchrung&#8221;, daher auch nicht verwunderlich, dass erneut Henry Kissinger geladen wurde, der am 23. Mai 100 Jahre alt wird. Ger\u00fcchten zufolge fragt ein US-Pr\u00e4sident Joe Biden an schlechten Tagen auch mal &#8220;wtf is Henry?&#8221;. Anton Hofreiter geh\u00f6rte kurz vor der Abreise zu den <a rel=\"nofollow noopener\" target=\"_blank\" href=\"https:\/\/herzinger.org\/f-16-fuer-die-ukraine-offener-brief-an-joe-biden\">Unterzeichnern<\/a> eines offenen Briefes mit dem Titel:<\/p>\n<blockquote>\n<p><em>&#8220;F-16 f\u00fcr die Ukraine: Offener Brief an Joe Biden&#8221;<\/em><\/p>\n<\/blockquote>\n<p>Die Webseite der Ver\u00f6ffentlichung nennt sich &#8220;<a rel=\"nofollow noopener\" target=\"_blank\" href=\"https:\/\/herzinger.org\/ueber-diese-seite\">hold these truths<\/a>&#8221; eines Richard Herzinger. Herzinger betreibt die Seite seit 2020, ist Publizist und schreibt f\u00fcr zahlreiche deutsche und internationale Zeitungen, unter anderem eine zweiw\u00f6chentliche Kolumne f\u00fcr das ukrainische Magazin <em>\u0423\u043a\u0440\u0430\u0457\u043d\u0441\u044c\u043a\u0438\u0439 \u0422\u0438\u0436\u0434\u0435\u043d\u044c<\/em> (Ukrainische Woche). Hofreiter unterst\u00fctzt mit seiner Unterschrift folgende Wahrnehmung:<\/p>\n<blockquote>\n<p><em>&#8220;Nur der vollst\u00e4ndige Sieg\u00a0der ukrainischen Armee kann den v\u00f6lkerm\u00f6rderischen russischen Aggressor davon abhalten, Tod und Vernichtung nach der Ukraine auch \u00fcber weitere Nationen und V\u00f6lker in Europa und der ganzen Welt zu bringen.&#8221;<\/em><\/p>\n<\/blockquote>\n<p>Die Unterschrift belegt, wozu ein Anton Hofreiter bereit ist, welche Gedanken sich in seinem politischen Dasein j\u00fcngst eingefr\u00e4st haben. Bewusst sehr provokativ decodiert: &#8220;Wollen wir den totalen Krieg? An mir soll es nicht scheitern&#8221;. Unangenehm devot, m\u00f6glicherweise als Bewerbungstext zur Realisierung Hofreiters Karrierepl\u00e4ne, hei\u00dft es weiter in der Ver\u00f6ffentlichung:<\/p>\n<blockquote>\n<p><em>&#8220;Sehr geehrter Herr Pr\u00e4sident, zun\u00e4chst m\u00f6chten wir Ihnen, Verteidigungsminister Lloyd Austin, Au\u00dfenminister Antony Blinken und der sehr breiten \u00fcberparteilichen Koalition im Kongress f\u00fcr Ihre unersch\u00fctterliche Unterst\u00fctzung der Ukraine und f\u00fcr die F\u00fchrungsrolle danken&#8230;Wir teilen Ihre Auffassung, die General Christopher Cavoli so treffend zusammengefasst hat: &#8216;Russland kann aus diesem Krieg nicht als Sieger hervorgehen, das w\u00fcrde unsere Zukunft nicht verkraften&#8217;.&#8221;<\/em><\/p>\n<\/blockquote>\n<p>Cavoli ist seit Juli 2022 leitender NATO- und EUCOM-Kommandeur. Demgegen\u00fcber verkraften und aktuell ertragen muss die deutsche Bev\u00f6lkerung die verantwortlichen Politiker rund um das Kanzleramt. Nach einem besch\u00e4menden Bundeskanzler Olaf &#8220;Slawa Ukrajini&#8221; Scholz, einem auf Zerst\u00f6rungsmodus geeichten Robert Habeck, einer geschichtlich\u00a0mindergebildeten Annalena Baerbock, der dauerkriegsl\u00fcsternden Agnes Strack-Zimmermann nun also noch der &#8220;Dampframmen&#8221;-Verbalakrobat Anton Hofreiter, als neuer Panzerbrecher einer v\u00f6llig aus dem Ruder laufenden Amok-Au\u00dfenpolitik in den Weiten der internationalen Polit-Schlachtfelder.<\/p>\n<p>Diesem Land bleibt gerade aber auch gar nichts erspart. Man muss wirklich noch mit den bizarrsten und absurdesten Entscheidungen aus dem politischen Berlin auf der internationalen B\u00fchne von Politdarstellern rechnen. Im Jahr 2015 <a rel=\"nofollow noopener\" target=\"_blank\" href=\"https:\/\/www.deutschlandfunkkultur.de\/verschwoerungstheorien-ueber-das-bilderberg-treffen-wer-100.html\">titelte<\/a> der <em>Deutschlandfunk<\/em>: &#8220;Auf der j\u00e4hrlichen Bilderberg-Konferenz wird \u00fcber unser aller Schicksal entschieden, meinen Verschw\u00f6rungstheoretiker&#8221;. Wie viele &#8220;Verschw\u00f6rungsmythen&#8221; sich allein in den letzten drei Jahren als reine Wahrheit herauskristallisiert haben, sollte daher mehr als nachdenklich stimmen.<\/p>\n<p>Wir leben in sehr bedenklichen und beunruhigenden Zeiten.<\/p>\n<p><strong>Mehr zum Thema &#8211;<\/strong>\u00a0<a rel=\"nofollow noopener\" target=\"_blank\" href=\"https:\/\/pressefreiheit.rtde.live\/kurzclips\/video\/170355-scholz-ist-sicher-ukraine-krieg\/\">Scholz: &#8220;Eines ist sicher&#8221; \u2013 Der Ukraine-Krieg wird nicht mit einem Sieg Russlands enden<\/a><\/p>\n<\/div>\n<p><script async src=\"https:\/\/platform.twitter.com\/widgets.js\" charset=\"utf-8\"><\/script><br \/>\n<br \/><br \/>\n<br \/><a href=\"https:\/\/de.rt.com\/meinung\/170462-anton-hofreiter-reist-als-deutsche\/\">Source link <\/a><\/p>\n","protected":false},"excerpt":{"rendered":"<p>Das 69. Bilderberg-Treffen wird vom 18. bis 21. Mai 2023 in Lissabon stattfinden. Etwa 130 Teilnehmer aus 23 L\u00e4ndern haben ihre Teilnahme best\u00e4tigt. Warum ist jedoch Anton Hofreiter dabei? Es besteht Grund zur Sorge, da er kurz zuvor forderte: &#8220;F-16 f\u00fcr die Ukraine&#8221;. Von Bernhard Loyen Wer Anton Hofreiter in Natura erleben muss, also darf, [&hellip;]<\/p>\n","protected":false},"author":3,"featured_media":36411,"comment_status":"open","ping_status":"open","sticky":false,"template":"","format":"standard","meta":{"_yoast_indexnow_last_ping":["1684575488"],"wp_automatic_camp":["217"],"7e35b8cf0ec6d66ed7d7047a0a9a35b7":["Bilderberg-Konferenz: Anton Hofreiter reist als &quot;verbale Dampframme&quot; nach Lissabon"],"original_link":["https:\/\/de.rt.com\/meinung\/170462-anton-hofreiter-reist-als-deutsche\/"],"_thumbnail_id":["36411"],"jnews_social_counter_last_update":["1777278433"],"_wptgpro_p2tg_sent2tg":["a:1:{i:23737;s:19:\"2023-05-20 11:39:25\";}"]},"categories":[19,23],"tags":[273,38771,44521,44523,16587,44524,979,44522,29854],"yoast_head":"<!-- This site is optimized with the Yoast SEO Premium plugin v22.7 (Yoast SEO v22.7) - https:\/\/yoast.com\/wordpress\/plugins\/seo\/ -->\n<title>Bilderberg-Konferenz: Anton Hofreiter reist als &quot;verbale Dampframme&quot; nach Lissabon - just-now.NEWS Deutschland<\/title>\n<meta name=\"robots\" content=\"index, follow, max-snippet:-1, max-image-preview:large, max-video-preview:-1\" \/>\n<link rel=\"canonical\" href=\"https:\/\/now-news.de\/de\/deutschland\/bilderberg-konferenz-anton-hofreiter-reist-als-verbale-dampframme-nach-lissabon\/\" \/>\n<meta property=\"og:locale\" content=\"de_DE\" \/>\n<meta property=\"og:type\" content=\"article\" \/>\n<meta property=\"og:title\" content=\"Bilderberg-Konferenz: Anton Hofreiter reist als &quot;verbale Dampframme&quot; nach Lissabon\" \/>\n<meta property=\"og:description\" content=\"Das 69. Bilderberg-Treffen wird vom 18. bis 21. Mai 2023 in Lissabon stattfinden. Etwa 130 Teilnehmer aus 23 L\u00e4ndern haben ihre Teilnahme best\u00e4tigt. Warum ist jedoch Anton Hofreiter dabei? Es besteht Grund zur Sorge, da er kurz zuvor forderte: &#8220;F-16 f\u00fcr die Ukraine&#8221;. Von Bernhard Loyen Wer Anton Hofreiter in Natura erleben muss, also darf, [&hellip;]\" \/>\n<meta property=\"og:url\" content=\"https:\/\/now-news.de\/de\/deutschland\/bilderberg-konferenz-anton-hofreiter-reist-als-verbale-dampframme-nach-lissabon\/\" \/>\n<meta property=\"og:site_name\" content=\"just-now.NEWS Deutschland\" \/>\n<meta property=\"article:publisher\" content=\"https:\/\/www.facebook.com\/wirmachenauf\" \/>\n<meta property=\"article:published_time\" content=\"2023-05-20T09:24:41+00:00\" \/>\n<meta property=\"og:image\" content=\"https:\/\/now-news.de\/de\/wp-content\/uploads\/sites\/3\/2023\/05\/Bilderberg-Konferenz-Anton-Hofreiter-reist-als-quotverbale-Dampframmequot-nach-Lissabon.jpg\" \/>\n\t<meta property=\"og:image:width\" content=\"460\" \/>\n\t<meta property=\"og:image:height\" content=\"259\" \/>\n\t<meta property=\"og:image:type\" content=\"image\/jpeg\" \/>\n<meta name=\"author\" content=\"rtnews\" \/>\n<meta name=\"twitter:card\" content=\"summary_large_image\" \/>\n<meta name=\"twitter:creator\" content=\"@WirMachenAuf_de\" \/>\n<meta name=\"twitter:site\" content=\"@WirMachenAuf_de\" \/>\n<meta name=\"twitter:label1\" content=\"Verfasst von\" \/>\n\t<meta name=\"twitter:data1\" content=\"rtnews\" \/>\n\t<meta name=\"twitter:label2\" content=\"Gesch\u00e4tzte Lesezeit\" \/>\n\t<meta name=\"twitter:data2\" content=\"7\u00a0Minuten\" \/>\n<script type=\"application\/ld+json\" class=\"yoast-schema-graph\">{\"@context\":\"https:\/\/schema.org\",\"@graph\":[{\"@type\":\"Article\",\"@id\":\"https:\/\/now-news.de\/de\/deutschland\/bilderberg-konferenz-anton-hofreiter-reist-als-verbale-dampframme-nach-lissabon\/#article\",\"isPartOf\":{\"@id\":\"https:\/\/now-news.de\/de\/deutschland\/bilderberg-konferenz-anton-hofreiter-reist-als-verbale-dampframme-nach-lissabon\/\"},\"author\":{\"name\":\"rtnews\",\"@id\":\"https:\/\/now-news.de\/de\/#\/schema\/person\/fb534a4e865501d8b3285208df34a9b5\"},\"headline\":\"Bilderberg-Konferenz: Anton Hofreiter reist als &quot;verbale Dampframme&quot; nach Lissabon\",\"datePublished\":\"2023-05-20T09:24:41+00:00\",\"dateModified\":\"2023-05-20T09:24:41+00:00\",\"mainEntityOfPage\":{\"@id\":\"https:\/\/now-news.de\/de\/deutschland\/bilderberg-konferenz-anton-hofreiter-reist-als-verbale-dampframme-nach-lissabon\/\"},\"wordCount\":1358,\"commentCount\":0,\"publisher\":{\"@id\":\"https:\/\/now-news.de\/de\/#organization\"},\"image\":{\"@id\":\"https:\/\/now-news.de\/de\/deutschland\/bilderberg-konferenz-anton-hofreiter-reist-als-verbale-dampframme-nach-lissabon\/#primaryimage\"},\"thumbnailUrl\":\"https:\/\/now-news.de\/de\/wp-content\/uploads\/sites\/3\/2023\/05\/Bilderberg-Konferenz-Anton-Hofreiter-reist-als-quotverbale-Dampframmequot-nach-Lissabon.jpg\",\"keywords\":[\"als\",\"Anton\",\"BilderbergKonferenz\",\"Dampframmequot\",\"Hofreiter\",\"Lissabon\",\"nach\",\"quotverbale\",\"reist\"],\"articleSection\":[\"Deutschland\",\"Russland\"],\"inLanguage\":\"de\",\"potentialAction\":[{\"@type\":\"CommentAction\",\"name\":\"Comment\",\"target\":[\"https:\/\/now-news.de\/de\/deutschland\/bilderberg-konferenz-anton-hofreiter-reist-als-verbale-dampframme-nach-lissabon\/#respond\"]}]},{\"@type\":\"WebPage\",\"@id\":\"https:\/\/now-news.de\/de\/deutschland\/bilderberg-konferenz-anton-hofreiter-reist-als-verbale-dampframme-nach-lissabon\/\",\"url\":\"https:\/\/now-news.de\/de\/deutschland\/bilderberg-konferenz-anton-hofreiter-reist-als-verbale-dampframme-nach-lissabon\/\",\"name\":\"Bilderberg-Konferenz: Anton Hofreiter reist als &quot;verbale Dampframme&quot; nach Lissabon - just-now.NEWS Deutschland\",\"isPartOf\":{\"@id\":\"https:\/\/now-news.de\/de\/#website\"},\"primaryImageOfPage\":{\"@id\":\"https:\/\/now-news.de\/de\/deutschland\/bilderberg-konferenz-anton-hofreiter-reist-als-verbale-dampframme-nach-lissabon\/#primaryimage\"},\"image\":{\"@id\":\"https:\/\/now-news.de\/de\/deutschland\/bilderberg-konferenz-anton-hofreiter-reist-als-verbale-dampframme-nach-lissabon\/#primaryimage\"},\"thumbnailUrl\":\"https:\/\/now-news.de\/de\/wp-content\/uploads\/sites\/3\/2023\/05\/Bilderberg-Konferenz-Anton-Hofreiter-reist-als-quotverbale-Dampframmequot-nach-Lissabon.jpg\",\"datePublished\":\"2023-05-20T09:24:41+00:00\",\"dateModified\":\"2023-05-20T09:24:41+00:00\",\"breadcrumb\":{\"@id\":\"https:\/\/now-news.de\/de\/deutschland\/bilderberg-konferenz-anton-hofreiter-reist-als-verbale-dampframme-nach-lissabon\/#breadcrumb\"},\"inLanguage\":\"de\",\"potentialAction\":[{\"@type\":\"ReadAction\",\"target\":[\"https:\/\/now-news.de\/de\/deutschland\/bilderberg-konferenz-anton-hofreiter-reist-als-verbale-dampframme-nach-lissabon\/\"]}]},{\"@type\":\"ImageObject\",\"inLanguage\":\"de\",\"@id\":\"https:\/\/now-news.de\/de\/deutschland\/bilderberg-konferenz-anton-hofreiter-reist-als-verbale-dampframme-nach-lissabon\/#primaryimage\",\"url\":\"https:\/\/now-news.de\/de\/wp-content\/uploads\/sites\/3\/2023\/05\/Bilderberg-Konferenz-Anton-Hofreiter-reist-als-quotverbale-Dampframmequot-nach-Lissabon.jpg\",\"contentUrl\":\"https:\/\/now-news.de\/de\/wp-content\/uploads\/sites\/3\/2023\/05\/Bilderberg-Konferenz-Anton-Hofreiter-reist-als-quotverbale-Dampframmequot-nach-Lissabon.jpg\",\"width\":460,\"height\":259,\"caption\":\"Bilderberg-Konferenz: Anton Hofreiter reist als &quot;verbale Dampframme&quot; nach Lissabon\"},{\"@type\":\"BreadcrumbList\",\"@id\":\"https:\/\/now-news.de\/de\/deutschland\/bilderberg-konferenz-anton-hofreiter-reist-als-verbale-dampframme-nach-lissabon\/#breadcrumb\",\"itemListElement\":[{\"@type\":\"ListItem\",\"position\":1,\"name\":\"Home\",\"item\":\"https:\/\/now-news.de\/de\/\"},{\"@type\":\"ListItem\",\"position\":2,\"name\":\"Bilderberg-Konferenz: Anton Hofreiter reist als &quot;verbale Dampframme&quot; nach Lissabon\"}]},{\"@type\":\"WebSite\",\"@id\":\"https:\/\/now-news.de\/de\/#website\",\"url\":\"https:\/\/now-news.de\/de\/\",\"name\":\"just-now.NEWS Deutschland\",\"description\":\"Das Portal f\u00fcr unzensierte Nachrichten aus der Welt\",\"publisher\":{\"@id\":\"https:\/\/now-news.de\/de\/#organization\"},\"potentialAction\":[{\"@type\":\"SearchAction\",\"target\":{\"@type\":\"EntryPoint\",\"urlTemplate\":\"https:\/\/now-news.de\/de\/?s={search_term_string}\"},\"query-input\":\"required name=search_term_string\"}],\"inLanguage\":\"de\"},{\"@type\":\"Organization\",\"@id\":\"https:\/\/now-news.de\/de\/#organization\",\"name\":\"Just Now News\",\"url\":\"https:\/\/now-news.de\/de\/\",\"logo\":{\"@type\":\"ImageObject\",\"inLanguage\":\"de\",\"@id\":\"https:\/\/now-news.de\/de\/#\/schema\/logo\/image\/\",\"url\":\"http:\/\/just-now.news\/de\/wp-content\/uploads\/sites\/3\/2022\/04\/logo500x500.jpg\",\"contentUrl\":\"http:\/\/just-now.news\/de\/wp-content\/uploads\/sites\/3\/2022\/04\/logo500x500.jpg\",\"width\":500,\"height\":500,\"caption\":\"Just Now News\"},\"image\":{\"@id\":\"https:\/\/now-news.de\/de\/#\/schema\/logo\/image\/\"},\"sameAs\":[\"https:\/\/www.facebook.com\/wirmachenauf\",\"https:\/\/x.com\/WirMachenAuf_de\"]},{\"@type\":\"Person\",\"@id\":\"https:\/\/now-news.de\/de\/#\/schema\/person\/fb534a4e865501d8b3285208df34a9b5\",\"name\":\"rtnews\",\"image\":{\"@type\":\"ImageObject\",\"inLanguage\":\"de\",\"@id\":\"https:\/\/now-news.de\/de\/#\/schema\/person\/image\/\",\"url\":\"https:\/\/secure.gravatar.com\/avatar\/82aafea7d8127119dd649515f56e2117?s=96&d=mm&r=g\",\"contentUrl\":\"https:\/\/secure.gravatar.com\/avatar\/82aafea7d8127119dd649515f56e2117?s=96&d=mm&r=g\",\"caption\":\"rtnews\"},\"url\":\"https:\/\/now-news.de\/de\/author\/rnews\/\"}]}<\/script>\n<!-- \/ Yoast SEO Premium plugin. -->","yoast_head_json":{"title":"Bilderberg-Konferenz: Anton Hofreiter reist als &quot;verbale Dampframme&quot; nach Lissabon - just-now.NEWS Deutschland","robots":{"index":"index","follow":"follow","max-snippet":"max-snippet:-1","max-image-preview":"max-image-preview:large","max-video-preview":"max-video-preview:-1"},"canonical":"https:\/\/now-news.de\/de\/deutschland\/bilderberg-konferenz-anton-hofreiter-reist-als-verbale-dampframme-nach-lissabon\/","og_locale":"de_DE","og_type":"article","og_title":"Bilderberg-Konferenz: Anton Hofreiter reist als &quot;verbale Dampframme&quot; nach Lissabon","og_description":"Das 69. Bilderberg-Treffen wird vom 18. bis 21. Mai 2023 in Lissabon stattfinden. Etwa 130 Teilnehmer aus 23 L\u00e4ndern haben ihre Teilnahme best\u00e4tigt. Warum ist jedoch Anton Hofreiter dabei? Es besteht Grund zur Sorge, da er kurz zuvor forderte: &#8220;F-16 f\u00fcr die Ukraine&#8221;. Von Bernhard Loyen Wer Anton Hofreiter in Natura erleben muss, also darf, [&hellip;]","og_url":"https:\/\/now-news.de\/de\/deutschland\/bilderberg-konferenz-anton-hofreiter-reist-als-verbale-dampframme-nach-lissabon\/","og_site_name":"just-now.NEWS Deutschland","article_publisher":"https:\/\/www.facebook.com\/wirmachenauf","article_published_time":"2023-05-20T09:24:41+00:00","og_image":[{"width":460,"height":259,"url":"https:\/\/now-news.de\/de\/wp-content\/uploads\/sites\/3\/2023\/05\/Bilderberg-Konferenz-Anton-Hofreiter-reist-als-quotverbale-Dampframmequot-nach-Lissabon.jpg","type":"image\/jpeg"}],"author":"rtnews","twitter_card":"summary_large_image","twitter_creator":"@WirMachenAuf_de","twitter_site":"@WirMachenAuf_de","twitter_misc":{"Verfasst von":"rtnews","Gesch\u00e4tzte Lesezeit":"7\u00a0Minuten"},"schema":{"@context":"https:\/\/schema.org","@graph":[{"@type":"Article","@id":"https:\/\/now-news.de\/de\/deutschland\/bilderberg-konferenz-anton-hofreiter-reist-als-verbale-dampframme-nach-lissabon\/#article","isPartOf":{"@id":"https:\/\/now-news.de\/de\/deutschland\/bilderberg-konferenz-anton-hofreiter-reist-als-verbale-dampframme-nach-lissabon\/"},"author":{"name":"rtnews","@id":"https:\/\/now-news.de\/de\/#\/schema\/person\/fb534a4e865501d8b3285208df34a9b5"},"headline":"Bilderberg-Konferenz: Anton Hofreiter reist als &quot;verbale Dampframme&quot; nach Lissabon","datePublished":"2023-05-20T09:24:41+00:00","dateModified":"2023-05-20T09:24:41+00:00","mainEntityOfPage":{"@id":"https:\/\/now-news.de\/de\/deutschland\/bilderberg-konferenz-anton-hofreiter-reist-als-verbale-dampframme-nach-lissabon\/"},"wordCount":1358,"commentCount":0,"publisher":{"@id":"https:\/\/now-news.de\/de\/#organization"},"image":{"@id":"https:\/\/now-news.de\/de\/deutschland\/bilderberg-konferenz-anton-hofreiter-reist-als-verbale-dampframme-nach-lissabon\/#primaryimage"},"thumbnailUrl":"https:\/\/now-news.de\/de\/wp-content\/uploads\/sites\/3\/2023\/05\/Bilderberg-Konferenz-Anton-Hofreiter-reist-als-quotverbale-Dampframmequot-nach-Lissabon.jpg","keywords":["als","Anton","BilderbergKonferenz","Dampframmequot","Hofreiter","Lissabon","nach","quotverbale","reist"],"articleSection":["Deutschland","Russland"],"inLanguage":"de","potentialAction":[{"@type":"CommentAction","name":"Comment","target":["https:\/\/now-news.de\/de\/deutschland\/bilderberg-konferenz-anton-hofreiter-reist-als-verbale-dampframme-nach-lissabon\/#respond"]}]},{"@type":"WebPage","@id":"https:\/\/now-news.de\/de\/deutschland\/bilderberg-konferenz-anton-hofreiter-reist-als-verbale-dampframme-nach-lissabon\/","url":"https:\/\/now-news.de\/de\/deutschland\/bilderberg-konferenz-anton-hofreiter-reist-als-verbale-dampframme-nach-lissabon\/","name":"Bilderberg-Konferenz: Anton Hofreiter reist als &quot;verbale Dampframme&quot; nach Lissabon - just-now.NEWS Deutschland","isPartOf":{"@id":"https:\/\/now-news.de\/de\/#website"},"primaryImageOfPage":{"@id":"https:\/\/now-news.de\/de\/deutschland\/bilderberg-konferenz-anton-hofreiter-reist-als-verbale-dampframme-nach-lissabon\/#primaryimage"},"image":{"@id":"https:\/\/now-news.de\/de\/deutschland\/bilderberg-konferenz-anton-hofreiter-reist-als-verbale-dampframme-nach-lissabon\/#primaryimage"},"thumbnailUrl":"https:\/\/now-news.de\/de\/wp-content\/uploads\/sites\/3\/2023\/05\/Bilderberg-Konferenz-Anton-Hofreiter-reist-als-quotverbale-Dampframmequot-nach-Lissabon.jpg","datePublished":"2023-05-20T09:24:41+00:00","dateModified":"2023-05-20T09:24:41+00:00","breadcrumb":{"@id":"https:\/\/now-news.de\/de\/deutschland\/bilderberg-konferenz-anton-hofreiter-reist-als-verbale-dampframme-nach-lissabon\/#breadcrumb"},"inLanguage":"de","potentialAction":[{"@type":"ReadAction","target":["https:\/\/now-news.de\/de\/deutschland\/bilderberg-konferenz-anton-hofreiter-reist-als-verbale-dampframme-nach-lissabon\/"]}]},{"@type":"ImageObject","inLanguage":"de","@id":"https:\/\/now-news.de\/de\/deutschland\/bilderberg-konferenz-anton-hofreiter-reist-als-verbale-dampframme-nach-lissabon\/#primaryimage","url":"https:\/\/now-news.de\/de\/wp-content\/uploads\/sites\/3\/2023\/05\/Bilderberg-Konferenz-Anton-Hofreiter-reist-als-quotverbale-Dampframmequot-nach-Lissabon.jpg","contentUrl":"https:\/\/now-news.de\/de\/wp-content\/uploads\/sites\/3\/2023\/05\/Bilderberg-Konferenz-Anton-Hofreiter-reist-als-quotverbale-Dampframmequot-nach-Lissabon.jpg","width":460,"height":259,"caption":"Bilderberg-Konferenz: Anton Hofreiter reist als &quot;verbale Dampframme&quot; nach Lissabon"},{"@type":"BreadcrumbList","@id":"https:\/\/now-news.de\/de\/deutschland\/bilderberg-konferenz-anton-hofreiter-reist-als-verbale-dampframme-nach-lissabon\/#breadcrumb","itemListElement":[{"@type":"ListItem","position":1,"name":"Home","item":"https:\/\/now-news.de\/de\/"},{"@type":"ListItem","position":2,"name":"Bilderberg-Konferenz: Anton Hofreiter reist als &quot;verbale Dampframme&quot; nach Lissabon"}]},{"@type":"WebSite","@id":"https:\/\/now-news.de\/de\/#website","url":"https:\/\/now-news.de\/de\/","name":"just-now.NEWS Deutschland","description":"Das Portal f\u00fcr unzensierte Nachrichten aus der Welt","publisher":{"@id":"https:\/\/now-news.de\/de\/#organization"},"potentialAction":[{"@type":"SearchAction","target":{"@type":"EntryPoint","urlTemplate":"https:\/\/now-news.de\/de\/?s={search_term_string}"},"query-input":"required name=search_term_string"}],"inLanguage":"de"},{"@type":"Organization","@id":"https:\/\/now-news.de\/de\/#organization","name":"Just Now News","url":"https:\/\/now-news.de\/de\/","logo":{"@type":"ImageObject","inLanguage":"de","@id":"https:\/\/now-news.de\/de\/#\/schema\/logo\/image\/","url":"http:\/\/just-now.news\/de\/wp-content\/uploads\/sites\/3\/2022\/04\/logo500x500.jpg","contentUrl":"http:\/\/just-now.news\/de\/wp-content\/uploads\/sites\/3\/2022\/04\/logo500x500.jpg","width":500,"height":500,"caption":"Just Now News"},"image":{"@id":"https:\/\/now-news.de\/de\/#\/schema\/logo\/image\/"},"sameAs":["https:\/\/www.facebook.com\/wirmachenauf","https:\/\/x.com\/WirMachenAuf_de"]},{"@type":"Person","@id":"https:\/\/now-news.de\/de\/#\/schema\/person\/fb534a4e865501d8b3285208df34a9b5","name":"rtnews","image":{"@type":"ImageObject","inLanguage":"de","@id":"https:\/\/now-news.de\/de\/#\/schema\/person\/image\/","url":"https:\/\/secure.gravatar.com\/avatar\/82aafea7d8127119dd649515f56e2117?s=96&d=mm&r=g","contentUrl":"https:\/\/secure.gravatar.com\/avatar\/82aafea7d8127119dd649515f56e2117?s=96&d=mm&r=g","caption":"rtnews"},"url":"https:\/\/now-news.de\/de\/author\/rnews\/"}]}},"_links":{"self":[{"href":"https:\/\/now-news.de\/de\/wp-json\/wp\/v2\/posts\/36410"}],"collection":[{"href":"https:\/\/now-news.de\/de\/wp-json\/wp\/v2\/posts"}],"about":[{"href":"https:\/\/now-news.de\/de\/wp-json\/wp\/v2\/types\/post"}],"author":[{"embeddable":true,"href":"https:\/\/now-news.de\/de\/wp-json\/wp\/v2\/users\/3"}],"replies":[{"embeddable":true,"href":"https:\/\/now-news.de\/de\/wp-json\/wp\/v2\/comments?post=36410"}],"version-history":[{"count":0,"href":"https:\/\/now-news.de\/de\/wp-json\/wp\/v2\/posts\/36410\/revisions"}],"wp:featuredmedia":[{"embeddable":true,"href":"https:\/\/now-news.de\/de\/wp-json\/wp\/v2\/media\/36411"}],"wp:attachment":[{"href":"https:\/\/now-news.de\/de\/wp-json\/wp\/v2\/media?parent=36410"}],"wp:term":[{"taxonomy":"category","embeddable":true,"href":"https:\/\/now-news.de\/de\/wp-json\/wp\/v2\/categories?post=36410"},{"taxonomy":"post_tag","embeddable":true,"href":"https:\/\/now-news.de\/de\/wp-json\/wp\/v2\/tags?post=36410"}],"curies":[{"name":"wp","href":"https:\/\/api.w.org\/{rel}","templated":true}]}}