{"id":36399,"date":"2023-05-19T21:40:17","date_gmt":"2023-05-19T19:40:17","guid":{"rendered":"https:\/\/just-now.news\/de\/deutschland\/erdogan-in-cnn-interview-wir-haben-ein-positives-verhaeltnis-zu-russland\/"},"modified":"2023-05-19T21:40:17","modified_gmt":"2023-05-19T19:40:17","slug":"erdogan-in-cnn-interview-wir-haben-ein-positives-verhaeltnis-zu-russland","status":"publish","type":"post","link":"https:\/\/now-news.de\/de\/deutschland\/erdogan-in-cnn-interview-wir-haben-ein-positives-verhaeltnis-zu-russland\/","title":{"rendered":"Erdo\u011fan in CNN-Interview: &quot;Wir haben ein positives Verh\u00e4ltnis zu Russland&quot;"},"content":{"rendered":"<p><img decoding=\"async\" src=\"http:\/\/just-now.news\/de\/wp-content\/uploads\/sites\/3\/2023\/05\/6467635e48fbef15883e0685.jpg\" \/><\/p>\n<div class=\"Text-root Text-type_1 \">\n                Vor der Stichwahl in der T\u00fcrkei am 28. Mai sprach der t\u00fcrkische Pr\u00e4sident Recep Tayyip Erdo\u011fan gegen\u00fcber CNN \u00fcber seine wichtigsten innen- und au\u00dfenpolitischen Positionen. Dabei verteidigte er das t\u00fcrkische Sonderverh\u00e4ltnis zu Russland und die Blockade des NATO-Beitritts von Schweden.\n            <\/div>\n<p><\/p>\n<div class=\"Text-root Text-type_5 ArticleView-text ViewText-root \">\n<p>Der t\u00fcrkische Pr\u00e4sident Recep Tayyip Erdo\u011fan hat in einem Interview mit dem amerikanischen Sender <em>CNN<\/em> \u00fcber die Beziehung Ankaras zu Moskau, den NATO-Beitritt Schwedens und seine Syrien-Politik gesprochen.<\/p>\n<p>Am 14. Mai hatten in der T\u00fcrkei die Pr\u00e4sidentschafts- und Parlamentswahlen stattgefunden, bei denen Erdo\u011fan einen Vorsprung von f\u00fcnf Punkten vor seinem Herausforderer Kemal K\u0131l\u0131\u00e7daro\u011flu erzielen konnte.<\/p>\n<p>Erdo\u011fans regierende Partei f\u00fcr Gerechtigkeit und Entwicklung (AKP) erhielt die Mehrheit der Sitze im t\u00fcrkischen Parlament.\u00a0Meinungsumfragen hatten vor der Wahl einen leichten Vorsprung f\u00fcr K\u0131l\u0131\u00e7daro\u011flu vorausgesagt. Am 28. Mai soll es zur Stichwahl zwischen dem Pr\u00e4sidenten und seinem Herausforderer kommen.<\/p>\n<p><strong>Erdo\u011fan: Russland und T\u00fcrkei brauchen einander<\/strong><\/p>\n<p>Offenbar best\u00e4rkt durch das erzielte Ergebnis verteidigte Erdo\u011fan seine bisherige Politik, vor allem seinen Kurs in Bezug auf Russland. Zwar wachse der Druck auf Ankara, die westlichen Sanktionen gegen Moskau aufgrund des Ukraine-Krieges zu unterst\u00fctzen. Die T\u00fcrkei habe aber dennoch eine &#8220;besondere&#8221; und sich verfestigende Beziehung zum russischen Pr\u00e4sidenten Wladimir Putin. Sanktionen gegen Russland k\u00e4men nicht infrage, an die Sanktionen des Westens sei man nicht gebunden.<\/p>\n<blockquote>\n<p><em>&#8220;Wir sind ein starker Staat und wir eine positive Beziehung zu Russland.&#8221;<\/em><\/p>\n<\/blockquote>\n<p>Vielmehr br\u00e4uchten Russland und die T\u00fcrkei einander &#8220;in allen m\u00f6glichen Bereichen&#8221;, so Erdo\u011fan. Der Westen solle dem Beispiel der T\u00fcrkei folgen und einen ausgewogenen Ansatz gegen\u00fcber Russland verfolgen.<\/p>\n<p>Erdo\u011fan verwies dabei auf den Erfolg der Schwarzmeer-Getreidekorridor-Initiative, die die Verschiffung von Millionen Tonnen ukrainischem Weizen m\u00f6glich machte und am Mittwoch um weitere zwei Monate verl\u00e4ngert wurde.<\/p>\n<p>Die T\u00fcrkei spielte bei der Aushandlung eine entscheidende Rolle, die laut Erdo\u011fan aufgrund der besonderen Beziehungen zu Pr\u00e4sident Putin m\u00f6glich war.\u00a0Seinem Herausforderer K\u0131l\u0131\u00e7daro\u011flu warf Erdo\u011fan vor, die T\u00fcrkei von Russland abspalten zu wollen.<\/p>\n<p>K\u0131l\u0131\u00e7daro\u011flu hatte sich vor der ersten Runde der Pr\u00e4sidentschaftswahl mit zunehmender Sch\u00e4rfe gegen\u00fcber Russland ge\u00e4u\u00dfert und Moskau vorgeworfen, sich in die t\u00fcrkischen Wahlen einzumischen.<\/p>\n<p><strong>Keine NATO-Mitgliedschaft f\u00fcr Schweden<\/strong><\/p>\n<p>Doch nicht nur die t\u00fcrkisch-russischen Beziehungen sorgen im Westen derzeit f\u00fcr Verstimmungen, sondern auch die Weigerung Ankaras, dem NATO-Beitritt Schwedens zuzustimmen. Im Interview mit <em>CNN<\/em> wiederholte Erdo\u011fan die Vorw\u00fcrfe an Stockholm, Mitglieder der in mehreren L\u00e4ndern verbotenen Kurdischen Arbeiterpartei (PKK) aufgenommen zu haben.<\/p>\n<blockquote>\n<p><em>&#8220;Ein NATO-Land sollte eine starke Haltung einnehmen, wenn es um die Bek\u00e4mpfung des Terrorismus geht.&#8221;<\/em><\/p>\n<\/blockquote>\n<p>Solange Mitglieder von Terrorgruppen in Schweden frei herumlaufen k\u00f6nnen, werde die T\u00fcrkei einer NATO-Mitgliedschaft des Landes nicht zustimmen, so Erdo\u011fan. Schweden hat die wiederholten Antr\u00e4ge der T\u00fcrkei auf Auslieferung von Personen, die Ankara als Terroristen ansieht, abgelehnt.<\/p>\n<p><strong>Weiterhin t\u00fcrkische Pr\u00e4senz in Nordsyrien<\/strong><\/p>\n<p>Ein weiteres au\u00dfen- und innenpolitisches Thema f\u00fcr die T\u00fcrkei sind die fast vier Millionen syrischen Fl\u00fcchtlinge und die Beziehungen zu Syrien. Die Forderung seines Herausforderers K\u0131l\u0131\u00e7daro\u011flu, die syrischen Fl\u00fcchtlinge abzuschieben, lehnt Erdo\u011fan laut eigenen Angaben ab.<\/p>\n<p>Er wolle die Fl\u00fcchtlinge jedoch zu einer freiwilligen R\u00fcckkehr nach Syrien &#8220;ermutigen&#8221; und verwies hierbei auf den Wohnungsbau in den von der T\u00fcrkei kontrollierten Teilen Syriens.<\/p>\n<blockquote>\n<p><em>&#8220;T\u00fcrkische Nichtregierungsorganisationen bauen in Nordsyrien Wohneinheiten, damit die Fl\u00fcchtlinge in ihr Heimatland zur\u00fcckkehren k\u00f6nnen.&#8221;<\/em><\/p>\n<\/blockquote>\n<p>Laut Erdo\u011fan ist diese Initiative ein Beitrag zur Stabilisierung der Region und zu den Beziehungen zur syrischen Regierung. Die t\u00fcrkische Pr\u00e4senz werde man aber aufrechterhalten, sagte Erdo\u011fan mit Verweis auf die instabile Lage in der Grenzregion. Der syrische Pr\u00e4sident Baschar al-Assad hingegen macht gemeinsame Gespr\u00e4che von einem R\u00fcckzug Ankaras aus dem syrischen Gebiet abh\u00e4ngig.<\/p>\n<p><strong>Mehr zum Thema\u00a0<\/strong>\u2013\u00a0<a rel=\"nofollow noopener\" target=\"_blank\" href=\"https:\/\/freeassange.rtde.life\/der-nahe-osten\/170458-vor-der-stichwahl-in-der-tuerkei-kilicdaroglu-hetzt-gegen-fluechtlinge\/\">Vor der Stichwahl in der T\u00fcrkei: K\u0131l\u0131\u00e7daro\u011flu hetzt gegen Fl\u00fcchtlinge<\/a><\/p>\n<div class=\"EmbedBlock-root EmbedBlock-externalVideo EmbedBlock-odysee\">\n<div class=\"VkEmbed\"><iframe class=\"lazyload\" data-src=\"https:\/\/odysee.com\/%24\/embed\/%40RTDE%3Ae%2FR%C3%BCckkehr_Syriens_in_die_Arabische_Liga_Assad_reist_nach_Saudi_Arabien%3Ac\" frameborder=\"0\" width=\"853\" height=\"480\" allowfullscreen><\/iframe><\/div>\n<\/div>\n<\/div>\n<p><br \/>\n<br \/><a href=\"https:\/\/de.rt.com\/der-nahe-osten\/170474-erdogan-in-cnn-interview-wir\/\">Source link <\/a><\/p>\n","protected":false},"excerpt":{"rendered":"<p>Vor der Stichwahl in der T\u00fcrkei am 28. Mai sprach der t\u00fcrkische Pr\u00e4sident Recep Tayyip Erdo\u011fan gegen\u00fcber CNN \u00fcber seine wichtigsten innen- und au\u00dfenpolitischen Positionen. Dabei verteidigte er das t\u00fcrkische Sonderverh\u00e4ltnis zu Russland und die Blockade des NATO-Beitritts von Schweden. Der t\u00fcrkische Pr\u00e4sident Recep Tayyip Erdo\u011fan hat in einem Interview mit dem amerikanischen Sender CNN [&hellip;]<\/p>\n","protected":false},"author":3,"featured_media":36400,"comment_status":"open","ping_status":"open","sticky":false,"template":"","format":"standard","meta":{"_yoast_indexnow_last_ping":["1684526343"],"wp_automatic_camp":["217"],"252e3242fec01be63e7c04bd4fa0b620":["Erdo\u011fan in CNN-Interview: &quot;Wir haben ein positives Verh\u00e4ltnis zu Russland&quot;"],"original_link":["https:\/\/de.rt.com\/der-nahe-osten\/170474-erdogan-in-cnn-interview-wir\/"],"_thumbnail_id":["36400"],"jnews_social_counter_last_update":["1777302571"],"_wptgpro_p2tg_sent2tg":["a:1:{i:23737;s:19:\"2023-05-19 22:00:06\";}"]},"categories":[19,23],"tags":[41676,357,13697,771,44516,5451,24672,26034],"yoast_head":"<!-- This site is optimized with the Yoast SEO Premium plugin v22.7 (Yoast SEO v22.7) - https:\/\/yoast.com\/wordpress\/plugins\/seo\/ -->\n<title>Erdo\u011fan in CNN-Interview: &quot;Wir haben ein positives Verh\u00e4ltnis zu Russland&quot; - just-now.NEWS Deutschland<\/title>\n<meta name=\"robots\" content=\"index, follow, max-snippet:-1, max-image-preview:large, max-video-preview:-1\" \/>\n<link rel=\"canonical\" href=\"https:\/\/now-news.de\/de\/deutschland\/erdogan-in-cnn-interview-wir-haben-ein-positives-verhaeltnis-zu-russland\/\" \/>\n<meta property=\"og:locale\" content=\"de_DE\" \/>\n<meta property=\"og:type\" content=\"article\" \/>\n<meta property=\"og:title\" content=\"Erdo\u011fan in CNN-Interview: &quot;Wir haben ein positives Verh\u00e4ltnis zu Russland&quot;\" \/>\n<meta property=\"og:description\" content=\"Vor der Stichwahl in der T\u00fcrkei am 28. Mai sprach der t\u00fcrkische Pr\u00e4sident Recep Tayyip Erdo\u011fan gegen\u00fcber CNN \u00fcber seine wichtigsten innen- und au\u00dfenpolitischen Positionen. Dabei verteidigte er das t\u00fcrkische Sonderverh\u00e4ltnis zu Russland und die Blockade des NATO-Beitritts von Schweden. Der t\u00fcrkische Pr\u00e4sident Recep Tayyip Erdo\u011fan hat in einem Interview mit dem amerikanischen Sender CNN [&hellip;]\" \/>\n<meta property=\"og:url\" content=\"https:\/\/now-news.de\/de\/deutschland\/erdogan-in-cnn-interview-wir-haben-ein-positives-verhaeltnis-zu-russland\/\" \/>\n<meta property=\"og:site_name\" content=\"just-now.NEWS Deutschland\" \/>\n<meta property=\"article:publisher\" content=\"https:\/\/www.facebook.com\/wirmachenauf\" \/>\n<meta property=\"article:published_time\" content=\"2023-05-19T19:40:17+00:00\" \/>\n<meta property=\"og:image\" content=\"https:\/\/now-news.de\/de\/wp-content\/uploads\/sites\/3\/2023\/05\/Erdogan-in-CNN-Interview-quotWir-haben-ein-positives-Verhaeltnis-zu-Russlandquot.jpg\" \/>\n\t<meta property=\"og:image:width\" content=\"460\" \/>\n\t<meta property=\"og:image:height\" content=\"259\" \/>\n\t<meta property=\"og:image:type\" content=\"image\/jpeg\" \/>\n<meta name=\"author\" content=\"rtnews\" \/>\n<meta name=\"twitter:card\" content=\"summary_large_image\" \/>\n<meta name=\"twitter:creator\" content=\"@WirMachenAuf_de\" \/>\n<meta name=\"twitter:site\" content=\"@WirMachenAuf_de\" \/>\n<meta name=\"twitter:label1\" content=\"Verfasst von\" \/>\n\t<meta name=\"twitter:data1\" content=\"rtnews\" \/>\n\t<meta name=\"twitter:label2\" content=\"Gesch\u00e4tzte Lesezeit\" \/>\n\t<meta name=\"twitter:data2\" content=\"3\u00a0Minuten\" \/>\n<script type=\"application\/ld+json\" class=\"yoast-schema-graph\">{\"@context\":\"https:\/\/schema.org\",\"@graph\":[{\"@type\":\"Article\",\"@id\":\"https:\/\/now-news.de\/de\/deutschland\/erdogan-in-cnn-interview-wir-haben-ein-positives-verhaeltnis-zu-russland\/#article\",\"isPartOf\":{\"@id\":\"https:\/\/now-news.de\/de\/deutschland\/erdogan-in-cnn-interview-wir-haben-ein-positives-verhaeltnis-zu-russland\/\"},\"author\":{\"name\":\"rtnews\",\"@id\":\"https:\/\/now-news.de\/de\/#\/schema\/person\/fb534a4e865501d8b3285208df34a9b5\"},\"headline\":\"Erdo\u011fan in CNN-Interview: &quot;Wir haben ein positives Verh\u00e4ltnis zu Russland&quot;\",\"datePublished\":\"2023-05-19T19:40:17+00:00\",\"dateModified\":\"2023-05-19T19:40:17+00:00\",\"mainEntityOfPage\":{\"@id\":\"https:\/\/now-news.de\/de\/deutschland\/erdogan-in-cnn-interview-wir-haben-ein-positives-verhaeltnis-zu-russland\/\"},\"wordCount\":698,\"commentCount\":0,\"publisher\":{\"@id\":\"https:\/\/now-news.de\/de\/#organization\"},\"image\":{\"@id\":\"https:\/\/now-news.de\/de\/deutschland\/erdogan-in-cnn-interview-wir-haben-ein-positives-verhaeltnis-zu-russland\/#primaryimage\"},\"thumbnailUrl\":\"https:\/\/now-news.de\/de\/wp-content\/uploads\/sites\/3\/2023\/05\/Erdogan-in-CNN-Interview-quotWir-haben-ein-positives-Verhaeltnis-zu-Russlandquot.jpg\",\"keywords\":[\"CNNInterview\",\"ein\",\"Erdo\u011fan\",\"haben\",\"positives\",\"quotWir\",\"Russlandquot\",\"Verh\u00e4ltnis\"],\"articleSection\":[\"Deutschland\",\"Russland\"],\"inLanguage\":\"de\",\"potentialAction\":[{\"@type\":\"CommentAction\",\"name\":\"Comment\",\"target\":[\"https:\/\/now-news.de\/de\/deutschland\/erdogan-in-cnn-interview-wir-haben-ein-positives-verhaeltnis-zu-russland\/#respond\"]}]},{\"@type\":\"WebPage\",\"@id\":\"https:\/\/now-news.de\/de\/deutschland\/erdogan-in-cnn-interview-wir-haben-ein-positives-verhaeltnis-zu-russland\/\",\"url\":\"https:\/\/now-news.de\/de\/deutschland\/erdogan-in-cnn-interview-wir-haben-ein-positives-verhaeltnis-zu-russland\/\",\"name\":\"Erdo\u011fan in CNN-Interview: &quot;Wir haben ein positives Verh\u00e4ltnis zu Russland&quot; - just-now.NEWS Deutschland\",\"isPartOf\":{\"@id\":\"https:\/\/now-news.de\/de\/#website\"},\"primaryImageOfPage\":{\"@id\":\"https:\/\/now-news.de\/de\/deutschland\/erdogan-in-cnn-interview-wir-haben-ein-positives-verhaeltnis-zu-russland\/#primaryimage\"},\"image\":{\"@id\":\"https:\/\/now-news.de\/de\/deutschland\/erdogan-in-cnn-interview-wir-haben-ein-positives-verhaeltnis-zu-russland\/#primaryimage\"},\"thumbnailUrl\":\"https:\/\/now-news.de\/de\/wp-content\/uploads\/sites\/3\/2023\/05\/Erdogan-in-CNN-Interview-quotWir-haben-ein-positives-Verhaeltnis-zu-Russlandquot.jpg\",\"datePublished\":\"2023-05-19T19:40:17+00:00\",\"dateModified\":\"2023-05-19T19:40:17+00:00\",\"breadcrumb\":{\"@id\":\"https:\/\/now-news.de\/de\/deutschland\/erdogan-in-cnn-interview-wir-haben-ein-positives-verhaeltnis-zu-russland\/#breadcrumb\"},\"inLanguage\":\"de\",\"potentialAction\":[{\"@type\":\"ReadAction\",\"target\":[\"https:\/\/now-news.de\/de\/deutschland\/erdogan-in-cnn-interview-wir-haben-ein-positives-verhaeltnis-zu-russland\/\"]}]},{\"@type\":\"ImageObject\",\"inLanguage\":\"de\",\"@id\":\"https:\/\/now-news.de\/de\/deutschland\/erdogan-in-cnn-interview-wir-haben-ein-positives-verhaeltnis-zu-russland\/#primaryimage\",\"url\":\"https:\/\/now-news.de\/de\/wp-content\/uploads\/sites\/3\/2023\/05\/Erdogan-in-CNN-Interview-quotWir-haben-ein-positives-Verhaeltnis-zu-Russlandquot.jpg\",\"contentUrl\":\"https:\/\/now-news.de\/de\/wp-content\/uploads\/sites\/3\/2023\/05\/Erdogan-in-CNN-Interview-quotWir-haben-ein-positives-Verhaeltnis-zu-Russlandquot.jpg\",\"width\":460,\"height\":259,\"caption\":\"Erdo\u011fan in CNN-Interview: &quot;Wir haben ein positives Verh\u00e4ltnis zu Russland&quot;\"},{\"@type\":\"BreadcrumbList\",\"@id\":\"https:\/\/now-news.de\/de\/deutschland\/erdogan-in-cnn-interview-wir-haben-ein-positives-verhaeltnis-zu-russland\/#breadcrumb\",\"itemListElement\":[{\"@type\":\"ListItem\",\"position\":1,\"name\":\"Home\",\"item\":\"https:\/\/now-news.de\/de\/\"},{\"@type\":\"ListItem\",\"position\":2,\"name\":\"Erdo\u011fan in CNN-Interview: &quot;Wir haben ein positives Verh\u00e4ltnis zu Russland&quot;\"}]},{\"@type\":\"WebSite\",\"@id\":\"https:\/\/now-news.de\/de\/#website\",\"url\":\"https:\/\/now-news.de\/de\/\",\"name\":\"just-now.NEWS Deutschland\",\"description\":\"Das Portal f\u00fcr unzensierte Nachrichten aus der Welt\",\"publisher\":{\"@id\":\"https:\/\/now-news.de\/de\/#organization\"},\"potentialAction\":[{\"@type\":\"SearchAction\",\"target\":{\"@type\":\"EntryPoint\",\"urlTemplate\":\"https:\/\/now-news.de\/de\/?s={search_term_string}\"},\"query-input\":\"required name=search_term_string\"}],\"inLanguage\":\"de\"},{\"@type\":\"Organization\",\"@id\":\"https:\/\/now-news.de\/de\/#organization\",\"name\":\"Just Now News\",\"url\":\"https:\/\/now-news.de\/de\/\",\"logo\":{\"@type\":\"ImageObject\",\"inLanguage\":\"de\",\"@id\":\"https:\/\/now-news.de\/de\/#\/schema\/logo\/image\/\",\"url\":\"http:\/\/just-now.news\/de\/wp-content\/uploads\/sites\/3\/2022\/04\/logo500x500.jpg\",\"contentUrl\":\"http:\/\/just-now.news\/de\/wp-content\/uploads\/sites\/3\/2022\/04\/logo500x500.jpg\",\"width\":500,\"height\":500,\"caption\":\"Just Now News\"},\"image\":{\"@id\":\"https:\/\/now-news.de\/de\/#\/schema\/logo\/image\/\"},\"sameAs\":[\"https:\/\/www.facebook.com\/wirmachenauf\",\"https:\/\/x.com\/WirMachenAuf_de\"]},{\"@type\":\"Person\",\"@id\":\"https:\/\/now-news.de\/de\/#\/schema\/person\/fb534a4e865501d8b3285208df34a9b5\",\"name\":\"rtnews\",\"image\":{\"@type\":\"ImageObject\",\"inLanguage\":\"de\",\"@id\":\"https:\/\/now-news.de\/de\/#\/schema\/person\/image\/\",\"url\":\"https:\/\/secure.gravatar.com\/avatar\/82aafea7d8127119dd649515f56e2117?s=96&d=mm&r=g\",\"contentUrl\":\"https:\/\/secure.gravatar.com\/avatar\/82aafea7d8127119dd649515f56e2117?s=96&d=mm&r=g\",\"caption\":\"rtnews\"},\"url\":\"https:\/\/now-news.de\/de\/author\/rnews\/\"}]}<\/script>\n<!-- \/ Yoast SEO Premium plugin. -->","yoast_head_json":{"title":"Erdo\u011fan in CNN-Interview: &quot;Wir haben ein positives Verh\u00e4ltnis zu Russland&quot; - just-now.NEWS Deutschland","robots":{"index":"index","follow":"follow","max-snippet":"max-snippet:-1","max-image-preview":"max-image-preview:large","max-video-preview":"max-video-preview:-1"},"canonical":"https:\/\/now-news.de\/de\/deutschland\/erdogan-in-cnn-interview-wir-haben-ein-positives-verhaeltnis-zu-russland\/","og_locale":"de_DE","og_type":"article","og_title":"Erdo\u011fan in CNN-Interview: &quot;Wir haben ein positives Verh\u00e4ltnis zu Russland&quot;","og_description":"Vor der Stichwahl in der T\u00fcrkei am 28. Mai sprach der t\u00fcrkische Pr\u00e4sident Recep Tayyip Erdo\u011fan gegen\u00fcber CNN \u00fcber seine wichtigsten innen- und au\u00dfenpolitischen Positionen. Dabei verteidigte er das t\u00fcrkische Sonderverh\u00e4ltnis zu Russland und die Blockade des NATO-Beitritts von Schweden. Der t\u00fcrkische Pr\u00e4sident Recep Tayyip Erdo\u011fan hat in einem Interview mit dem amerikanischen Sender CNN [&hellip;]","og_url":"https:\/\/now-news.de\/de\/deutschland\/erdogan-in-cnn-interview-wir-haben-ein-positives-verhaeltnis-zu-russland\/","og_site_name":"just-now.NEWS Deutschland","article_publisher":"https:\/\/www.facebook.com\/wirmachenauf","article_published_time":"2023-05-19T19:40:17+00:00","og_image":[{"width":460,"height":259,"url":"https:\/\/now-news.de\/de\/wp-content\/uploads\/sites\/3\/2023\/05\/Erdogan-in-CNN-Interview-quotWir-haben-ein-positives-Verhaeltnis-zu-Russlandquot.jpg","type":"image\/jpeg"}],"author":"rtnews","twitter_card":"summary_large_image","twitter_creator":"@WirMachenAuf_de","twitter_site":"@WirMachenAuf_de","twitter_misc":{"Verfasst von":"rtnews","Gesch\u00e4tzte Lesezeit":"3\u00a0Minuten"},"schema":{"@context":"https:\/\/schema.org","@graph":[{"@type":"Article","@id":"https:\/\/now-news.de\/de\/deutschland\/erdogan-in-cnn-interview-wir-haben-ein-positives-verhaeltnis-zu-russland\/#article","isPartOf":{"@id":"https:\/\/now-news.de\/de\/deutschland\/erdogan-in-cnn-interview-wir-haben-ein-positives-verhaeltnis-zu-russland\/"},"author":{"name":"rtnews","@id":"https:\/\/now-news.de\/de\/#\/schema\/person\/fb534a4e865501d8b3285208df34a9b5"},"headline":"Erdo\u011fan in CNN-Interview: &quot;Wir haben ein positives Verh\u00e4ltnis zu Russland&quot;","datePublished":"2023-05-19T19:40:17+00:00","dateModified":"2023-05-19T19:40:17+00:00","mainEntityOfPage":{"@id":"https:\/\/now-news.de\/de\/deutschland\/erdogan-in-cnn-interview-wir-haben-ein-positives-verhaeltnis-zu-russland\/"},"wordCount":698,"commentCount":0,"publisher":{"@id":"https:\/\/now-news.de\/de\/#organization"},"image":{"@id":"https:\/\/now-news.de\/de\/deutschland\/erdogan-in-cnn-interview-wir-haben-ein-positives-verhaeltnis-zu-russland\/#primaryimage"},"thumbnailUrl":"https:\/\/now-news.de\/de\/wp-content\/uploads\/sites\/3\/2023\/05\/Erdogan-in-CNN-Interview-quotWir-haben-ein-positives-Verhaeltnis-zu-Russlandquot.jpg","keywords":["CNNInterview","ein","Erdo\u011fan","haben","positives","quotWir","Russlandquot","Verh\u00e4ltnis"],"articleSection":["Deutschland","Russland"],"inLanguage":"de","potentialAction":[{"@type":"CommentAction","name":"Comment","target":["https:\/\/now-news.de\/de\/deutschland\/erdogan-in-cnn-interview-wir-haben-ein-positives-verhaeltnis-zu-russland\/#respond"]}]},{"@type":"WebPage","@id":"https:\/\/now-news.de\/de\/deutschland\/erdogan-in-cnn-interview-wir-haben-ein-positives-verhaeltnis-zu-russland\/","url":"https:\/\/now-news.de\/de\/deutschland\/erdogan-in-cnn-interview-wir-haben-ein-positives-verhaeltnis-zu-russland\/","name":"Erdo\u011fan in CNN-Interview: &quot;Wir haben ein positives Verh\u00e4ltnis zu Russland&quot; - just-now.NEWS Deutschland","isPartOf":{"@id":"https:\/\/now-news.de\/de\/#website"},"primaryImageOfPage":{"@id":"https:\/\/now-news.de\/de\/deutschland\/erdogan-in-cnn-interview-wir-haben-ein-positives-verhaeltnis-zu-russland\/#primaryimage"},"image":{"@id":"https:\/\/now-news.de\/de\/deutschland\/erdogan-in-cnn-interview-wir-haben-ein-positives-verhaeltnis-zu-russland\/#primaryimage"},"thumbnailUrl":"https:\/\/now-news.de\/de\/wp-content\/uploads\/sites\/3\/2023\/05\/Erdogan-in-CNN-Interview-quotWir-haben-ein-positives-Verhaeltnis-zu-Russlandquot.jpg","datePublished":"2023-05-19T19:40:17+00:00","dateModified":"2023-05-19T19:40:17+00:00","breadcrumb":{"@id":"https:\/\/now-news.de\/de\/deutschland\/erdogan-in-cnn-interview-wir-haben-ein-positives-verhaeltnis-zu-russland\/#breadcrumb"},"inLanguage":"de","potentialAction":[{"@type":"ReadAction","target":["https:\/\/now-news.de\/de\/deutschland\/erdogan-in-cnn-interview-wir-haben-ein-positives-verhaeltnis-zu-russland\/"]}]},{"@type":"ImageObject","inLanguage":"de","@id":"https:\/\/now-news.de\/de\/deutschland\/erdogan-in-cnn-interview-wir-haben-ein-positives-verhaeltnis-zu-russland\/#primaryimage","url":"https:\/\/now-news.de\/de\/wp-content\/uploads\/sites\/3\/2023\/05\/Erdogan-in-CNN-Interview-quotWir-haben-ein-positives-Verhaeltnis-zu-Russlandquot.jpg","contentUrl":"https:\/\/now-news.de\/de\/wp-content\/uploads\/sites\/3\/2023\/05\/Erdogan-in-CNN-Interview-quotWir-haben-ein-positives-Verhaeltnis-zu-Russlandquot.jpg","width":460,"height":259,"caption":"Erdo\u011fan in CNN-Interview: &quot;Wir haben ein positives Verh\u00e4ltnis zu Russland&quot;"},{"@type":"BreadcrumbList","@id":"https:\/\/now-news.de\/de\/deutschland\/erdogan-in-cnn-interview-wir-haben-ein-positives-verhaeltnis-zu-russland\/#breadcrumb","itemListElement":[{"@type":"ListItem","position":1,"name":"Home","item":"https:\/\/now-news.de\/de\/"},{"@type":"ListItem","position":2,"name":"Erdo\u011fan in CNN-Interview: &quot;Wir haben ein positives Verh\u00e4ltnis zu Russland&quot;"}]},{"@type":"WebSite","@id":"https:\/\/now-news.de\/de\/#website","url":"https:\/\/now-news.de\/de\/","name":"just-now.NEWS Deutschland","description":"Das Portal f\u00fcr unzensierte Nachrichten aus der Welt","publisher":{"@id":"https:\/\/now-news.de\/de\/#organization"},"potentialAction":[{"@type":"SearchAction","target":{"@type":"EntryPoint","urlTemplate":"https:\/\/now-news.de\/de\/?s={search_term_string}"},"query-input":"required name=search_term_string"}],"inLanguage":"de"},{"@type":"Organization","@id":"https:\/\/now-news.de\/de\/#organization","name":"Just Now News","url":"https:\/\/now-news.de\/de\/","logo":{"@type":"ImageObject","inLanguage":"de","@id":"https:\/\/now-news.de\/de\/#\/schema\/logo\/image\/","url":"http:\/\/just-now.news\/de\/wp-content\/uploads\/sites\/3\/2022\/04\/logo500x500.jpg","contentUrl":"http:\/\/just-now.news\/de\/wp-content\/uploads\/sites\/3\/2022\/04\/logo500x500.jpg","width":500,"height":500,"caption":"Just Now News"},"image":{"@id":"https:\/\/now-news.de\/de\/#\/schema\/logo\/image\/"},"sameAs":["https:\/\/www.facebook.com\/wirmachenauf","https:\/\/x.com\/WirMachenAuf_de"]},{"@type":"Person","@id":"https:\/\/now-news.de\/de\/#\/schema\/person\/fb534a4e865501d8b3285208df34a9b5","name":"rtnews","image":{"@type":"ImageObject","inLanguage":"de","@id":"https:\/\/now-news.de\/de\/#\/schema\/person\/image\/","url":"https:\/\/secure.gravatar.com\/avatar\/82aafea7d8127119dd649515f56e2117?s=96&d=mm&r=g","contentUrl":"https:\/\/secure.gravatar.com\/avatar\/82aafea7d8127119dd649515f56e2117?s=96&d=mm&r=g","caption":"rtnews"},"url":"https:\/\/now-news.de\/de\/author\/rnews\/"}]}},"_links":{"self":[{"href":"https:\/\/now-news.de\/de\/wp-json\/wp\/v2\/posts\/36399"}],"collection":[{"href":"https:\/\/now-news.de\/de\/wp-json\/wp\/v2\/posts"}],"about":[{"href":"https:\/\/now-news.de\/de\/wp-json\/wp\/v2\/types\/post"}],"author":[{"embeddable":true,"href":"https:\/\/now-news.de\/de\/wp-json\/wp\/v2\/users\/3"}],"replies":[{"embeddable":true,"href":"https:\/\/now-news.de\/de\/wp-json\/wp\/v2\/comments?post=36399"}],"version-history":[{"count":0,"href":"https:\/\/now-news.de\/de\/wp-json\/wp\/v2\/posts\/36399\/revisions"}],"wp:featuredmedia":[{"embeddable":true,"href":"https:\/\/now-news.de\/de\/wp-json\/wp\/v2\/media\/36400"}],"wp:attachment":[{"href":"https:\/\/now-news.de\/de\/wp-json\/wp\/v2\/media?parent=36399"}],"wp:term":[{"taxonomy":"category","embeddable":true,"href":"https:\/\/now-news.de\/de\/wp-json\/wp\/v2\/categories?post=36399"},{"taxonomy":"post_tag","embeddable":true,"href":"https:\/\/now-news.de\/de\/wp-json\/wp\/v2\/tags?post=36399"}],"curies":[{"name":"wp","href":"https:\/\/api.w.org\/{rel}","templated":true}]}}