{"id":36385,"date":"2023-05-19T19:59:13","date_gmt":"2023-05-19T17:59:13","guid":{"rendered":"http:\/\/just-now.news\/de\/deutschland\/beim-gipfel-der-arabischen-liga-selenskij-ueberraschend-in-saudi-arabien-eingetroffen\/"},"modified":"2023-05-19T19:59:13","modified_gmt":"2023-05-19T17:59:13","slug":"beim-gipfel-der-arabischen-liga-selenskij-ueberraschend-in-saudi-arabien-eingetroffen","status":"publish","type":"post","link":"https:\/\/now-news.de\/de\/deutschland\/beim-gipfel-der-arabischen-liga-selenskij-ueberraschend-in-saudi-arabien-eingetroffen\/","title":{"rendered":"Beim Gipfel der Arabischen Liga: Selenskij \u00fcberraschend in Saudi-Arabien eingetroffen"},"content":{"rendered":"<p><img decoding=\"async\" src=\"http:\/\/just-now.news\/de\/wp-content\/uploads\/sites\/3\/2023\/05\/64676512b480cc625940e102.jpg\" \/><\/p>\n<div class=\"Text-root Text-type_1 \">\n                Der ukrainische Pr\u00e4sident Wladimir Selenskij ist \u00fcberraschend zum Gipfel der Arabischen Liga in Saudi-Arabien eingetroffen. Das K\u00f6nigreich versucht schon l\u00e4nger, sich als Vermittler im Ukraine-Krieg zu profilieren.\n            <\/div>\n<p><\/p>\n<div class=\"Text-root Text-type_5 ArticleView-text ViewText-root \">\n<p data-speakable=\"\">Der ukrainische\u00a0Pr\u00e4sident Wladimir Selenskij\u00a0ist \u00fcberraschend zum Gipfel der Arabischen Liga\u00a0in Saudi-Arabien\u00a0eingetroffen. Selenskij\u00a0 landete am Freitag aus Polen kommend in der K\u00fcstenstadt Dschidda. Der Pr\u00e4sident der Ukraine selbst best\u00e4tigte seine Ankunft in dem K\u00f6nigreich zugleich bei Twitter und erkl\u00e4rte, es sei seine erste Reise dorthin. Saudi-Arabien spiele eine &#8220;bedeutende&#8221; Rolle, schrieb Selenskij. &#8220;Wir sind bereit, unsere Zusammenarbeit auf eine neue Stufe zu heben.&#8221;<\/p>\n<p>In\u00a0seinem Tweet erkl\u00e4rte Selenskij, sein Ziel sei es, &#8220;die bilateralen Beziehungen und die Beziehungen der Ukraine zur arabischen Welt zu verbessern&#8221;. Er k\u00fcndigte an, er werde den saudischen Kronprinzen Mohammed bin Salman treffen und weitere bilaterale Gespr\u00e4che f\u00fchren.<\/p>\n<p data-speakable=\"\">Der saudische K\u00f6nig Salman hatte Selenskij\u00a0als Ehrengast zum j\u00e4hrlichen Gipfeltreffen der arabischen Liga eingeladen. Die Golfstaaten pflegen meist gute Beziehungen zu Russland\u00a0und bem\u00fchen sich im Ukraine-Krieg um Neutralit\u00e4t.<\/p>\n<div class=\"EmbedBlock-root EmbedBlock-twitter\">\n<div class=\"TwitterEmbed\">\n<blockquote class=\"twitter-tweet lazyload\" data-twitter=\"twitter-tweet\">\n<p lang=\"en\" dir=\"ltr\">Zelensky is everywhere. Here he is arriving in Saudi Arabia for the Arab League meeting. Next is Japan for G7 <a rel=\"nofollow noopener\" target=\"_blank\" href=\"https:\/\/t.co\/FPsQYlsYp8\">pic.twitter.com\/FPsQYlsYp8<\/a><\/p>\n<p>\u2014 Frida Ghitis (@FridaGhitis) <a rel=\"nofollow noopener\" target=\"_blank\" href=\"https:\/\/twitter.com\/FridaGhitis\/status\/1659526209955348480?ref_src=twsrc%5Etfw\">May 19, 2023<\/a><\/p><\/blockquote>\n<\/div>\n<\/div>\n<p data-speakable=\"\">Der Gastgeber des\u00a0Gipfels versucht schon l\u00e4nger, sich als Vermittler im Ukraine-Krieg zu profilieren. Der saudische Au\u00dfenminister Prinz Faisal bin Farhan war im Fr\u00fchjahr sowohl in Kiew als auch in Moskau. Im vergangenen September war die saudische F\u00fchrung daran beteiligt gewesen, einen Gefangenenaustausch zwischen Kiew und Moskau auszuhandeln.<\/p>\n<p data-speakable=\"\"><strong>Mehr zum Thema<\/strong> &#8211; <a rel=\"nofollow noopener\" target=\"_blank\" href=\"https:\/\/test.rtde.me\/meinung\/170359-syrien-ist-zurueck-in-arabischen\/\">Syrien ist zur\u00fcck in der Arabischen Liga \u2013 das ist mehr als eine wichtige Schlagzeile<\/a><\/p>\n<div class=\"EmbedBlock-root EmbedBlock-externalVideo EmbedBlock-odysee\">\n<div class=\"VkEmbed\"><iframe class=\"lazyload\" data-src=\"https:\/\/odysee.com\/%24\/embed\/%40RTDE%3Ae%2FR%C3%BCckkehr_Syriens_in_die_Arabische_Liga_Assad_reist_nach_Saudi_Arabien%3Ac\" frameborder=\"0\" width=\"853\" height=\"480\" allowfullscreen><\/iframe><\/div>\n<\/div>\n<\/div>\n<p><script async src=\"https:\/\/platform.twitter.com\/widgets.js\" charset=\"utf-8\"><\/script><br \/>\n<br \/><br \/>\n<br \/><a href=\"https:\/\/de.rt.com\/der-nahe-osten\/170479-beim-gipfel-arabischen-liga-selenskyj\/\">Source link <\/a><\/p>\n","protected":false},"excerpt":{"rendered":"<p>Der ukrainische Pr\u00e4sident Wladimir Selenskij ist \u00fcberraschend zum Gipfel der Arabischen Liga in Saudi-Arabien eingetroffen. Das K\u00f6nigreich versucht schon l\u00e4nger, sich als Vermittler im Ukraine-Krieg zu profilieren. Der ukrainische\u00a0Pr\u00e4sident Wladimir Selenskij\u00a0ist \u00fcberraschend zum Gipfel der Arabischen Liga\u00a0in Saudi-Arabien\u00a0eingetroffen. Selenskij\u00a0 landete am Freitag aus Polen kommend in der K\u00fcstenstadt Dschidda. Der Pr\u00e4sident der Ukraine selbst best\u00e4tigte [&hellip;]<\/p>\n","protected":false},"author":3,"featured_media":36386,"comment_status":"open","ping_status":"open","sticky":false,"template":"","format":"standard","meta":{"_yoast_indexnow_last_ping":["1684519497"],"wp_automatic_camp":["217"],"356220b01315d21b1e4e6aec62d52cb7":["Beim Gipfel der Arabischen Liga: Selenskij \u00fcberraschend in Saudi-Arabien eingetroffen"],"original_link":["https:\/\/de.rt.com\/der-nahe-osten\/170479-beim-gipfel-arabischen-liga-selenskyj\/"],"_thumbnail_id":["36386"],"_wptgpro_p2tg_sent2tg":["a:1:{i:23737;s:19:\"2023-05-19 20:06:04\";}"],"jnews_social_counter_last_update":["1776670306"]},"categories":[19,23],"tags":[19580,1814,82,20807,23970,25311,437,6158,31660],"yoast_head":"<!-- This site is optimized with the Yoast SEO Premium plugin v22.7 (Yoast SEO v22.7) - https:\/\/yoast.com\/wordpress\/plugins\/seo\/ -->\n<title>Beim Gipfel der Arabischen Liga: Selenskij \u00fcberraschend in Saudi-Arabien eingetroffen - just-now.NEWS Deutschland<\/title>\n<meta name=\"robots\" content=\"index, follow, max-snippet:-1, max-image-preview:large, max-video-preview:-1\" \/>\n<link rel=\"canonical\" href=\"https:\/\/now-news.de\/de\/deutschland\/beim-gipfel-der-arabischen-liga-selenskij-ueberraschend-in-saudi-arabien-eingetroffen\/\" \/>\n<meta property=\"og:locale\" content=\"de_DE\" \/>\n<meta property=\"og:type\" content=\"article\" \/>\n<meta property=\"og:title\" content=\"Beim Gipfel der Arabischen Liga: Selenskij \u00fcberraschend in Saudi-Arabien eingetroffen\" \/>\n<meta property=\"og:description\" content=\"Der ukrainische Pr\u00e4sident Wladimir Selenskij ist \u00fcberraschend zum Gipfel der Arabischen Liga in Saudi-Arabien eingetroffen. Das K\u00f6nigreich versucht schon l\u00e4nger, sich als Vermittler im Ukraine-Krieg zu profilieren. Der ukrainische\u00a0Pr\u00e4sident Wladimir Selenskij\u00a0ist \u00fcberraschend zum Gipfel der Arabischen Liga\u00a0in Saudi-Arabien\u00a0eingetroffen. Selenskij\u00a0 landete am Freitag aus Polen kommend in der K\u00fcstenstadt Dschidda. Der Pr\u00e4sident der Ukraine selbst best\u00e4tigte [&hellip;]\" \/>\n<meta property=\"og:url\" content=\"https:\/\/now-news.de\/de\/deutschland\/beim-gipfel-der-arabischen-liga-selenskij-ueberraschend-in-saudi-arabien-eingetroffen\/\" \/>\n<meta property=\"og:site_name\" content=\"just-now.NEWS Deutschland\" \/>\n<meta property=\"article:publisher\" content=\"https:\/\/www.facebook.com\/wirmachenauf\" \/>\n<meta property=\"article:published_time\" content=\"2023-05-19T17:59:13+00:00\" \/>\n<meta property=\"og:image\" content=\"https:\/\/now-news.de\/de\/wp-content\/uploads\/sites\/3\/2023\/05\/Beim-Gipfel-der-Arabischen-Liga-Selenskij-ueberraschend-in-Saudi-Arabien-eingetroffen.jpg\" \/>\n\t<meta property=\"og:image:width\" content=\"460\" \/>\n\t<meta property=\"og:image:height\" content=\"259\" \/>\n\t<meta property=\"og:image:type\" content=\"image\/jpeg\" \/>\n<meta name=\"author\" content=\"rtnews\" \/>\n<meta name=\"twitter:card\" content=\"summary_large_image\" \/>\n<meta name=\"twitter:creator\" content=\"@WirMachenAuf_de\" \/>\n<meta name=\"twitter:site\" content=\"@WirMachenAuf_de\" \/>\n<meta name=\"twitter:label1\" content=\"Verfasst von\" \/>\n\t<meta name=\"twitter:data1\" content=\"rtnews\" \/>\n\t<meta name=\"twitter:label2\" content=\"Gesch\u00e4tzte Lesezeit\" \/>\n\t<meta name=\"twitter:data2\" content=\"1\u00a0Minute\" \/>\n<script type=\"application\/ld+json\" class=\"yoast-schema-graph\">{\"@context\":\"https:\/\/schema.org\",\"@graph\":[{\"@type\":\"Article\",\"@id\":\"https:\/\/now-news.de\/de\/deutschland\/beim-gipfel-der-arabischen-liga-selenskij-ueberraschend-in-saudi-arabien-eingetroffen\/#article\",\"isPartOf\":{\"@id\":\"https:\/\/now-news.de\/de\/deutschland\/beim-gipfel-der-arabischen-liga-selenskij-ueberraschend-in-saudi-arabien-eingetroffen\/\"},\"author\":{\"name\":\"rtnews\",\"@id\":\"https:\/\/now-news.de\/de\/#\/schema\/person\/fb534a4e865501d8b3285208df34a9b5\"},\"headline\":\"Beim Gipfel der Arabischen Liga: Selenskij \u00fcberraschend in Saudi-Arabien eingetroffen\",\"datePublished\":\"2023-05-19T17:59:13+00:00\",\"dateModified\":\"2023-05-19T17:59:13+00:00\",\"mainEntityOfPage\":{\"@id\":\"https:\/\/now-news.de\/de\/deutschland\/beim-gipfel-der-arabischen-liga-selenskij-ueberraschend-in-saudi-arabien-eingetroffen\/\"},\"wordCount\":291,\"commentCount\":0,\"publisher\":{\"@id\":\"https:\/\/now-news.de\/de\/#organization\"},\"image\":{\"@id\":\"https:\/\/now-news.de\/de\/deutschland\/beim-gipfel-der-arabischen-liga-selenskij-ueberraschend-in-saudi-arabien-eingetroffen\/#primaryimage\"},\"thumbnailUrl\":\"https:\/\/now-news.de\/de\/wp-content\/uploads\/sites\/3\/2023\/05\/Beim-Gipfel-der-Arabischen-Liga-Selenskij-ueberraschend-in-Saudi-Arabien-eingetroffen.jpg\",\"keywords\":[\"Arabischen\",\"beim\",\"der\",\"eingetroffen\",\"Gipfel\",\"Liga\",\"SaudiArabien\",\"Selenskij\",\"\u00fcberraschend\"],\"articleSection\":[\"Deutschland\",\"Russland\"],\"inLanguage\":\"de\",\"potentialAction\":[{\"@type\":\"CommentAction\",\"name\":\"Comment\",\"target\":[\"https:\/\/now-news.de\/de\/deutschland\/beim-gipfel-der-arabischen-liga-selenskij-ueberraschend-in-saudi-arabien-eingetroffen\/#respond\"]}]},{\"@type\":\"WebPage\",\"@id\":\"https:\/\/now-news.de\/de\/deutschland\/beim-gipfel-der-arabischen-liga-selenskij-ueberraschend-in-saudi-arabien-eingetroffen\/\",\"url\":\"https:\/\/now-news.de\/de\/deutschland\/beim-gipfel-der-arabischen-liga-selenskij-ueberraschend-in-saudi-arabien-eingetroffen\/\",\"name\":\"Beim Gipfel der Arabischen Liga: Selenskij \u00fcberraschend in Saudi-Arabien eingetroffen - just-now.NEWS Deutschland\",\"isPartOf\":{\"@id\":\"https:\/\/now-news.de\/de\/#website\"},\"primaryImageOfPage\":{\"@id\":\"https:\/\/now-news.de\/de\/deutschland\/beim-gipfel-der-arabischen-liga-selenskij-ueberraschend-in-saudi-arabien-eingetroffen\/#primaryimage\"},\"image\":{\"@id\":\"https:\/\/now-news.de\/de\/deutschland\/beim-gipfel-der-arabischen-liga-selenskij-ueberraschend-in-saudi-arabien-eingetroffen\/#primaryimage\"},\"thumbnailUrl\":\"https:\/\/now-news.de\/de\/wp-content\/uploads\/sites\/3\/2023\/05\/Beim-Gipfel-der-Arabischen-Liga-Selenskij-ueberraschend-in-Saudi-Arabien-eingetroffen.jpg\",\"datePublished\":\"2023-05-19T17:59:13+00:00\",\"dateModified\":\"2023-05-19T17:59:13+00:00\",\"breadcrumb\":{\"@id\":\"https:\/\/now-news.de\/de\/deutschland\/beim-gipfel-der-arabischen-liga-selenskij-ueberraschend-in-saudi-arabien-eingetroffen\/#breadcrumb\"},\"inLanguage\":\"de\",\"potentialAction\":[{\"@type\":\"ReadAction\",\"target\":[\"https:\/\/now-news.de\/de\/deutschland\/beim-gipfel-der-arabischen-liga-selenskij-ueberraschend-in-saudi-arabien-eingetroffen\/\"]}]},{\"@type\":\"ImageObject\",\"inLanguage\":\"de\",\"@id\":\"https:\/\/now-news.de\/de\/deutschland\/beim-gipfel-der-arabischen-liga-selenskij-ueberraschend-in-saudi-arabien-eingetroffen\/#primaryimage\",\"url\":\"https:\/\/now-news.de\/de\/wp-content\/uploads\/sites\/3\/2023\/05\/Beim-Gipfel-der-Arabischen-Liga-Selenskij-ueberraschend-in-Saudi-Arabien-eingetroffen.jpg\",\"contentUrl\":\"https:\/\/now-news.de\/de\/wp-content\/uploads\/sites\/3\/2023\/05\/Beim-Gipfel-der-Arabischen-Liga-Selenskij-ueberraschend-in-Saudi-Arabien-eingetroffen.jpg\",\"width\":460,\"height\":259,\"caption\":\"Beim Gipfel der Arabischen Liga: Selenskij \u00fcberraschend in Saudi-Arabien eingetroffen\"},{\"@type\":\"BreadcrumbList\",\"@id\":\"https:\/\/now-news.de\/de\/deutschland\/beim-gipfel-der-arabischen-liga-selenskij-ueberraschend-in-saudi-arabien-eingetroffen\/#breadcrumb\",\"itemListElement\":[{\"@type\":\"ListItem\",\"position\":1,\"name\":\"Home\",\"item\":\"https:\/\/now-news.de\/de\/\"},{\"@type\":\"ListItem\",\"position\":2,\"name\":\"Beim Gipfel der Arabischen Liga: Selenskij \u00fcberraschend in Saudi-Arabien eingetroffen\"}]},{\"@type\":\"WebSite\",\"@id\":\"https:\/\/now-news.de\/de\/#website\",\"url\":\"https:\/\/now-news.de\/de\/\",\"name\":\"just-now.NEWS Deutschland\",\"description\":\"Das Portal f\u00fcr unzensierte Nachrichten aus der Welt\",\"publisher\":{\"@id\":\"https:\/\/now-news.de\/de\/#organization\"},\"potentialAction\":[{\"@type\":\"SearchAction\",\"target\":{\"@type\":\"EntryPoint\",\"urlTemplate\":\"https:\/\/now-news.de\/de\/?s={search_term_string}\"},\"query-input\":\"required name=search_term_string\"}],\"inLanguage\":\"de\"},{\"@type\":\"Organization\",\"@id\":\"https:\/\/now-news.de\/de\/#organization\",\"name\":\"Just Now News\",\"url\":\"https:\/\/now-news.de\/de\/\",\"logo\":{\"@type\":\"ImageObject\",\"inLanguage\":\"de\",\"@id\":\"https:\/\/now-news.de\/de\/#\/schema\/logo\/image\/\",\"url\":\"http:\/\/just-now.news\/de\/wp-content\/uploads\/sites\/3\/2022\/04\/logo500x500.jpg\",\"contentUrl\":\"http:\/\/just-now.news\/de\/wp-content\/uploads\/sites\/3\/2022\/04\/logo500x500.jpg\",\"width\":500,\"height\":500,\"caption\":\"Just Now News\"},\"image\":{\"@id\":\"https:\/\/now-news.de\/de\/#\/schema\/logo\/image\/\"},\"sameAs\":[\"https:\/\/www.facebook.com\/wirmachenauf\",\"https:\/\/x.com\/WirMachenAuf_de\"]},{\"@type\":\"Person\",\"@id\":\"https:\/\/now-news.de\/de\/#\/schema\/person\/fb534a4e865501d8b3285208df34a9b5\",\"name\":\"rtnews\",\"image\":{\"@type\":\"ImageObject\",\"inLanguage\":\"de\",\"@id\":\"https:\/\/now-news.de\/de\/#\/schema\/person\/image\/\",\"url\":\"https:\/\/secure.gravatar.com\/avatar\/82aafea7d8127119dd649515f56e2117?s=96&d=mm&r=g\",\"contentUrl\":\"https:\/\/secure.gravatar.com\/avatar\/82aafea7d8127119dd649515f56e2117?s=96&d=mm&r=g\",\"caption\":\"rtnews\"},\"url\":\"https:\/\/now-news.de\/de\/author\/rnews\/\"}]}<\/script>\n<!-- \/ Yoast SEO Premium plugin. -->","yoast_head_json":{"title":"Beim Gipfel der Arabischen Liga: Selenskij \u00fcberraschend in Saudi-Arabien eingetroffen - just-now.NEWS Deutschland","robots":{"index":"index","follow":"follow","max-snippet":"max-snippet:-1","max-image-preview":"max-image-preview:large","max-video-preview":"max-video-preview:-1"},"canonical":"https:\/\/now-news.de\/de\/deutschland\/beim-gipfel-der-arabischen-liga-selenskij-ueberraschend-in-saudi-arabien-eingetroffen\/","og_locale":"de_DE","og_type":"article","og_title":"Beim Gipfel der Arabischen Liga: Selenskij \u00fcberraschend in Saudi-Arabien eingetroffen","og_description":"Der ukrainische Pr\u00e4sident Wladimir Selenskij ist \u00fcberraschend zum Gipfel der Arabischen Liga in Saudi-Arabien eingetroffen. Das K\u00f6nigreich versucht schon l\u00e4nger, sich als Vermittler im Ukraine-Krieg zu profilieren. Der ukrainische\u00a0Pr\u00e4sident Wladimir Selenskij\u00a0ist \u00fcberraschend zum Gipfel der Arabischen Liga\u00a0in Saudi-Arabien\u00a0eingetroffen. Selenskij\u00a0 landete am Freitag aus Polen kommend in der K\u00fcstenstadt Dschidda. Der Pr\u00e4sident der Ukraine selbst best\u00e4tigte [&hellip;]","og_url":"https:\/\/now-news.de\/de\/deutschland\/beim-gipfel-der-arabischen-liga-selenskij-ueberraschend-in-saudi-arabien-eingetroffen\/","og_site_name":"just-now.NEWS Deutschland","article_publisher":"https:\/\/www.facebook.com\/wirmachenauf","article_published_time":"2023-05-19T17:59:13+00:00","og_image":[{"width":460,"height":259,"url":"https:\/\/now-news.de\/de\/wp-content\/uploads\/sites\/3\/2023\/05\/Beim-Gipfel-der-Arabischen-Liga-Selenskij-ueberraschend-in-Saudi-Arabien-eingetroffen.jpg","type":"image\/jpeg"}],"author":"rtnews","twitter_card":"summary_large_image","twitter_creator":"@WirMachenAuf_de","twitter_site":"@WirMachenAuf_de","twitter_misc":{"Verfasst von":"rtnews","Gesch\u00e4tzte Lesezeit":"1\u00a0Minute"},"schema":{"@context":"https:\/\/schema.org","@graph":[{"@type":"Article","@id":"https:\/\/now-news.de\/de\/deutschland\/beim-gipfel-der-arabischen-liga-selenskij-ueberraschend-in-saudi-arabien-eingetroffen\/#article","isPartOf":{"@id":"https:\/\/now-news.de\/de\/deutschland\/beim-gipfel-der-arabischen-liga-selenskij-ueberraschend-in-saudi-arabien-eingetroffen\/"},"author":{"name":"rtnews","@id":"https:\/\/now-news.de\/de\/#\/schema\/person\/fb534a4e865501d8b3285208df34a9b5"},"headline":"Beim Gipfel der Arabischen Liga: Selenskij \u00fcberraschend in Saudi-Arabien eingetroffen","datePublished":"2023-05-19T17:59:13+00:00","dateModified":"2023-05-19T17:59:13+00:00","mainEntityOfPage":{"@id":"https:\/\/now-news.de\/de\/deutschland\/beim-gipfel-der-arabischen-liga-selenskij-ueberraschend-in-saudi-arabien-eingetroffen\/"},"wordCount":291,"commentCount":0,"publisher":{"@id":"https:\/\/now-news.de\/de\/#organization"},"image":{"@id":"https:\/\/now-news.de\/de\/deutschland\/beim-gipfel-der-arabischen-liga-selenskij-ueberraschend-in-saudi-arabien-eingetroffen\/#primaryimage"},"thumbnailUrl":"https:\/\/now-news.de\/de\/wp-content\/uploads\/sites\/3\/2023\/05\/Beim-Gipfel-der-Arabischen-Liga-Selenskij-ueberraschend-in-Saudi-Arabien-eingetroffen.jpg","keywords":["Arabischen","beim","der","eingetroffen","Gipfel","Liga","SaudiArabien","Selenskij","\u00fcberraschend"],"articleSection":["Deutschland","Russland"],"inLanguage":"de","potentialAction":[{"@type":"CommentAction","name":"Comment","target":["https:\/\/now-news.de\/de\/deutschland\/beim-gipfel-der-arabischen-liga-selenskij-ueberraschend-in-saudi-arabien-eingetroffen\/#respond"]}]},{"@type":"WebPage","@id":"https:\/\/now-news.de\/de\/deutschland\/beim-gipfel-der-arabischen-liga-selenskij-ueberraschend-in-saudi-arabien-eingetroffen\/","url":"https:\/\/now-news.de\/de\/deutschland\/beim-gipfel-der-arabischen-liga-selenskij-ueberraschend-in-saudi-arabien-eingetroffen\/","name":"Beim Gipfel der Arabischen Liga: Selenskij \u00fcberraschend in Saudi-Arabien eingetroffen - just-now.NEWS Deutschland","isPartOf":{"@id":"https:\/\/now-news.de\/de\/#website"},"primaryImageOfPage":{"@id":"https:\/\/now-news.de\/de\/deutschland\/beim-gipfel-der-arabischen-liga-selenskij-ueberraschend-in-saudi-arabien-eingetroffen\/#primaryimage"},"image":{"@id":"https:\/\/now-news.de\/de\/deutschland\/beim-gipfel-der-arabischen-liga-selenskij-ueberraschend-in-saudi-arabien-eingetroffen\/#primaryimage"},"thumbnailUrl":"https:\/\/now-news.de\/de\/wp-content\/uploads\/sites\/3\/2023\/05\/Beim-Gipfel-der-Arabischen-Liga-Selenskij-ueberraschend-in-Saudi-Arabien-eingetroffen.jpg","datePublished":"2023-05-19T17:59:13+00:00","dateModified":"2023-05-19T17:59:13+00:00","breadcrumb":{"@id":"https:\/\/now-news.de\/de\/deutschland\/beim-gipfel-der-arabischen-liga-selenskij-ueberraschend-in-saudi-arabien-eingetroffen\/#breadcrumb"},"inLanguage":"de","potentialAction":[{"@type":"ReadAction","target":["https:\/\/now-news.de\/de\/deutschland\/beim-gipfel-der-arabischen-liga-selenskij-ueberraschend-in-saudi-arabien-eingetroffen\/"]}]},{"@type":"ImageObject","inLanguage":"de","@id":"https:\/\/now-news.de\/de\/deutschland\/beim-gipfel-der-arabischen-liga-selenskij-ueberraschend-in-saudi-arabien-eingetroffen\/#primaryimage","url":"https:\/\/now-news.de\/de\/wp-content\/uploads\/sites\/3\/2023\/05\/Beim-Gipfel-der-Arabischen-Liga-Selenskij-ueberraschend-in-Saudi-Arabien-eingetroffen.jpg","contentUrl":"https:\/\/now-news.de\/de\/wp-content\/uploads\/sites\/3\/2023\/05\/Beim-Gipfel-der-Arabischen-Liga-Selenskij-ueberraschend-in-Saudi-Arabien-eingetroffen.jpg","width":460,"height":259,"caption":"Beim Gipfel der Arabischen Liga: Selenskij \u00fcberraschend in Saudi-Arabien eingetroffen"},{"@type":"BreadcrumbList","@id":"https:\/\/now-news.de\/de\/deutschland\/beim-gipfel-der-arabischen-liga-selenskij-ueberraschend-in-saudi-arabien-eingetroffen\/#breadcrumb","itemListElement":[{"@type":"ListItem","position":1,"name":"Home","item":"https:\/\/now-news.de\/de\/"},{"@type":"ListItem","position":2,"name":"Beim Gipfel der Arabischen Liga: Selenskij \u00fcberraschend in Saudi-Arabien eingetroffen"}]},{"@type":"WebSite","@id":"https:\/\/now-news.de\/de\/#website","url":"https:\/\/now-news.de\/de\/","name":"just-now.NEWS Deutschland","description":"Das Portal f\u00fcr unzensierte Nachrichten aus der Welt","publisher":{"@id":"https:\/\/now-news.de\/de\/#organization"},"potentialAction":[{"@type":"SearchAction","target":{"@type":"EntryPoint","urlTemplate":"https:\/\/now-news.de\/de\/?s={search_term_string}"},"query-input":"required name=search_term_string"}],"inLanguage":"de"},{"@type":"Organization","@id":"https:\/\/now-news.de\/de\/#organization","name":"Just Now News","url":"https:\/\/now-news.de\/de\/","logo":{"@type":"ImageObject","inLanguage":"de","@id":"https:\/\/now-news.de\/de\/#\/schema\/logo\/image\/","url":"http:\/\/just-now.news\/de\/wp-content\/uploads\/sites\/3\/2022\/04\/logo500x500.jpg","contentUrl":"http:\/\/just-now.news\/de\/wp-content\/uploads\/sites\/3\/2022\/04\/logo500x500.jpg","width":500,"height":500,"caption":"Just Now News"},"image":{"@id":"https:\/\/now-news.de\/de\/#\/schema\/logo\/image\/"},"sameAs":["https:\/\/www.facebook.com\/wirmachenauf","https:\/\/x.com\/WirMachenAuf_de"]},{"@type":"Person","@id":"https:\/\/now-news.de\/de\/#\/schema\/person\/fb534a4e865501d8b3285208df34a9b5","name":"rtnews","image":{"@type":"ImageObject","inLanguage":"de","@id":"https:\/\/now-news.de\/de\/#\/schema\/person\/image\/","url":"https:\/\/secure.gravatar.com\/avatar\/82aafea7d8127119dd649515f56e2117?s=96&d=mm&r=g","contentUrl":"https:\/\/secure.gravatar.com\/avatar\/82aafea7d8127119dd649515f56e2117?s=96&d=mm&r=g","caption":"rtnews"},"url":"https:\/\/now-news.de\/de\/author\/rnews\/"}]}},"_links":{"self":[{"href":"https:\/\/now-news.de\/de\/wp-json\/wp\/v2\/posts\/36385"}],"collection":[{"href":"https:\/\/now-news.de\/de\/wp-json\/wp\/v2\/posts"}],"about":[{"href":"https:\/\/now-news.de\/de\/wp-json\/wp\/v2\/types\/post"}],"author":[{"embeddable":true,"href":"https:\/\/now-news.de\/de\/wp-json\/wp\/v2\/users\/3"}],"replies":[{"embeddable":true,"href":"https:\/\/now-news.de\/de\/wp-json\/wp\/v2\/comments?post=36385"}],"version-history":[{"count":0,"href":"https:\/\/now-news.de\/de\/wp-json\/wp\/v2\/posts\/36385\/revisions"}],"wp:featuredmedia":[{"embeddable":true,"href":"https:\/\/now-news.de\/de\/wp-json\/wp\/v2\/media\/36386"}],"wp:attachment":[{"href":"https:\/\/now-news.de\/de\/wp-json\/wp\/v2\/media?parent=36385"}],"wp:term":[{"taxonomy":"category","embeddable":true,"href":"https:\/\/now-news.de\/de\/wp-json\/wp\/v2\/categories?post=36385"},{"taxonomy":"post_tag","embeddable":true,"href":"https:\/\/now-news.de\/de\/wp-json\/wp\/v2\/tags?post=36385"}],"curies":[{"name":"wp","href":"https:\/\/api.w.org\/{rel}","templated":true}]}}