{"id":36363,"date":"2023-05-19T15:04:15","date_gmt":"2023-05-19T13:04:15","guid":{"rendered":"http:\/\/just-now.news\/de\/deutschland\/medienbericht-verbuendete-der-ukraine-befuerchten-dass-militaerhilfe-fuer-kiew-nachlassen-wird\/"},"modified":"2023-05-19T15:04:15","modified_gmt":"2023-05-19T13:04:15","slug":"medienbericht-verbuendete-der-ukraine-befuerchten-dass-militaerhilfe-fuer-kiew-nachlassen-wird","status":"publish","type":"post","link":"https:\/\/now-news.de\/de\/deutschland\/medienbericht-verbuendete-der-ukraine-befuerchten-dass-militaerhilfe-fuer-kiew-nachlassen-wird\/","title":{"rendered":"Medienbericht: Verb\u00fcndete der Ukraine bef\u00fcrchten, dass Milit\u00e4rhilfe f\u00fcr Kiew nachlassen wird"},"content":{"rendered":"<p><img decoding=\"async\" src=\"http:\/\/just-now.news\/de\/wp-content\/uploads\/sites\/3\/2023\/05\/646620abb480cc7c914cd266.jpg\" \/><\/p>\n<div class=\"Text-root Text-type_1 \">\n                Westliche L\u00e4nder, die die Ukraine derzeit unterst\u00fctzen, sind laut einem Medienbericht besorgt dar\u00fcber, dass die Milit\u00e4rhilfe f\u00fcr Kiew bald ihre Grenzen erreichen wird, vor allem im Hinblick auf die US-Pr\u00e4sidentschaftswahlen 2024.\n            <\/div>\n<p><\/p>\n<div class=\"Text-root Text-type_5 ArticleView-text ViewText-root \">\n<p>Die Verb\u00fcndeten der Ukraine haben Besorgnis, dass die milit\u00e4rische Unterst\u00fctzung f\u00fcr Kiew bald ihren H\u00f6hepunkt erreichen k\u00f6nnte, <a rel=\"nofollow noopener\" target=\"_blank\" href=\"https:\/\/12ft.io\/proxy?q=https%3A%2F%2Fwww.ft.com%2Fcontent%2Fbf182b8d-8f0b-4f73-b49a-ab79fa59bdb6\">schreibt<\/a>\u00a0die\u00a0<em>Financial Times<\/em>. Da Washington der wichtigste Waffenlieferant f\u00fcr das Land sei, machten sich hochrangige europ\u00e4ische Beamte zunehmend Sorgen dar\u00fcber, wie es 2024 damit stehen werde,\u00a0wenn in den USA der Wahlkampf f\u00fcr die Pr\u00e4sidentschaftswahl startet. Derzeit w\u00fcrden US-Beamte angeben, dass noch gen\u00fcgend vorab genehmigte Mittel vorhanden seien, um Kiew etwa f\u00fcnf weitere Monate mit Waffen zu versorgen und damit dem ukrainischen Milit\u00e4r eine M\u00f6glichkeit f\u00fcr eine Gegenoffensive zu geben. Aber die europ\u00e4ischen Verb\u00fcndeten h\u00e4tten immer mehr Bedenken,\u00a0ob die USA im n\u00e4chsten Jahr ein ebenso gro\u00dfes Waffenpaket f\u00fcr Kiew bereitstellen werden, wie sie es 2022 mit einem 48-Milliarden-Dollar-Paket gemacht h\u00e4tten, hie\u00df es. Hierzu w\u00fcrden im Herbst hitzige Debatten im US-Kongress erwartet. Die Zeitung zitiert einen hochrangigen europ\u00e4ischen Beamten mit den Worten:\u00a0\u00a0<\/p>\n<blockquote>\n<p><em>&#8220;Niemand wei\u00df es. Wir k\u00f6nnen nicht ewig das gleiche Ma\u00df an Unterst\u00fctzung aufrechterhalten.&#8221;<\/em><\/p>\n<\/blockquote>\n<p>Das derzeitige Unterst\u00fctzungsniveau k\u00f6nne ein oder m\u00f6glicherweise zwei Jahre lang aufrechterhalten werden, aber nicht l\u00e4nger, f\u00fcgte der Beamte hinzu.<\/p>\n<p>Nach Sch\u00e4tzungen des US-Milit\u00e4rs sei es unwahrscheinlich, dass die Ukraine in diesem Jahr alle ihre politischen Ziele auf dem Schlachtfeld erreichen k\u00f6nnen werde, selbst bei einer erfolgreichen Gegenoffensive nicht, hie\u00df es bei der\u00a0<em>Financial Times<\/em>. Auch ukrainische und europ\u00e4ische Beamte w\u00fcrden diese Ansicht privat teilen. Wie <em>Politico<\/em> neulich berichtete, sind von dem 48 Milliarden schweren Hilfspaket f\u00fcr die Ukraine noch etwa sechs Milliarden Dollar \u00fcbrig. Dies bedeute, dass die Mittel bis zur Mitte des Sommers aufgebraucht\u00a0sein k\u00f6nnten. Bei einem Briefing am Mittwoch sagte die Sprecherin des Wei\u00dfen Hauses, Karine Jean-Pierre, die US-Regierung habe nichts zu m\u00f6glichen Konsultationen mit dem Kongress mitzuteilen im Hinblick auf sich ersch\u00f6pfende Kapazit\u00e4ten der USA f\u00fcr weitere Ukraine-Hilfe.<\/p>\n<p><strong>Mehr zum Thema<\/strong> &#8211; <a rel=\"nofollow noopener\" target=\"_blank\" href=\"https:\/\/freeassange.rtde.life\/meinung\/170364-ausland-baerbocks-wahn-und-ihr\/\">Baerbocks Wahn und ihr Kampf gegen die &#8220;bedingungslose Normalisierung&#8221;<\/a><\/p>\n<\/div>\n<p><br \/>\n<br \/><a href=\"https:\/\/de.rt.com\/europa\/170405-medienbericht-verbuendete-ukraine-befuerchten-dass\/\">Source link <\/a><\/p>\n","protected":false},"excerpt":{"rendered":"<p>Westliche L\u00e4nder, die die Ukraine derzeit unterst\u00fctzen, sind laut einem Medienbericht besorgt dar\u00fcber, dass die Milit\u00e4rhilfe f\u00fcr Kiew bald ihre Grenzen erreichen wird, vor allem im Hinblick auf die US-Pr\u00e4sidentschaftswahlen 2024. Die Verb\u00fcndeten der Ukraine haben Besorgnis, dass die milit\u00e4rische Unterst\u00fctzung f\u00fcr Kiew bald ihren H\u00f6hepunkt erreichen k\u00f6nnte, schreibt\u00a0die\u00a0Financial Times. Da Washington der wichtigste Waffenlieferant [&hellip;]<\/p>\n","protected":false},"author":3,"featured_media":36364,"comment_status":"open","ping_status":"open","sticky":false,"template":"","format":"standard","meta":{"_yoast_indexnow_last_ping":["1684506895"],"wp_automatic_camp":["217"],"67288884549d0193e34db30ebdb01e7a":["Medienbericht: Verb\u00fcndete der Ukraine bef\u00fcrchten, dass Milit\u00e4rhilfe f\u00fcr Kiew nachlassen wird"],"original_link":["https:\/\/de.rt.com\/europa\/170405-medienbericht-verbuendete-ukraine-befuerchten-dass\/"],"_thumbnail_id":["36364"],"jnews_social_counter_last_update":["1777193841"],"_wptgpro_p2tg_sent2tg":["a:1:{i:23737;s:19:\"2023-05-19 16:35:58\";}"]},"categories":[19,23],"tags":[19509,42,82,221,1025,869,33620,44501,127,20545,374],"yoast_head":"<!-- This site is optimized with the Yoast SEO Premium plugin v22.7 (Yoast SEO v22.7) - https:\/\/yoast.com\/wordpress\/plugins\/seo\/ -->\n<title>Medienbericht: Verb\u00fcndete der Ukraine bef\u00fcrchten, dass Milit\u00e4rhilfe f\u00fcr Kiew nachlassen wird - just-now.NEWS Deutschland<\/title>\n<meta name=\"robots\" content=\"index, follow, max-snippet:-1, max-image-preview:large, max-video-preview:-1\" \/>\n<link rel=\"canonical\" href=\"https:\/\/now-news.de\/de\/deutschland\/medienbericht-verbuendete-der-ukraine-befuerchten-dass-militaerhilfe-fuer-kiew-nachlassen-wird\/\" \/>\n<meta property=\"og:locale\" content=\"de_DE\" \/>\n<meta property=\"og:type\" content=\"article\" \/>\n<meta property=\"og:title\" content=\"Medienbericht: Verb\u00fcndete der Ukraine bef\u00fcrchten, dass Milit\u00e4rhilfe f\u00fcr Kiew nachlassen wird\" \/>\n<meta property=\"og:description\" content=\"Westliche L\u00e4nder, die die Ukraine derzeit unterst\u00fctzen, sind laut einem Medienbericht besorgt dar\u00fcber, dass die Milit\u00e4rhilfe f\u00fcr Kiew bald ihre Grenzen erreichen wird, vor allem im Hinblick auf die US-Pr\u00e4sidentschaftswahlen 2024. Die Verb\u00fcndeten der Ukraine haben Besorgnis, dass die milit\u00e4rische Unterst\u00fctzung f\u00fcr Kiew bald ihren H\u00f6hepunkt erreichen k\u00f6nnte, schreibt\u00a0die\u00a0Financial Times. Da Washington der wichtigste Waffenlieferant [&hellip;]\" \/>\n<meta property=\"og:url\" content=\"https:\/\/now-news.de\/de\/deutschland\/medienbericht-verbuendete-der-ukraine-befuerchten-dass-militaerhilfe-fuer-kiew-nachlassen-wird\/\" \/>\n<meta property=\"og:site_name\" content=\"just-now.NEWS Deutschland\" \/>\n<meta property=\"article:publisher\" content=\"https:\/\/www.facebook.com\/wirmachenauf\" \/>\n<meta property=\"article:published_time\" content=\"2023-05-19T13:04:15+00:00\" \/>\n<meta property=\"og:image\" content=\"https:\/\/now-news.de\/de\/wp-content\/uploads\/sites\/3\/2023\/05\/Medienbericht-Verbuendete-der-Ukraine-befuerchten-dass-Militaerhilfe-fuer-Kiew-nachlassen.jpg\" \/>\n\t<meta property=\"og:image:width\" content=\"460\" \/>\n\t<meta property=\"og:image:height\" content=\"259\" \/>\n\t<meta property=\"og:image:type\" content=\"image\/jpeg\" \/>\n<meta name=\"author\" content=\"rtnews\" \/>\n<meta name=\"twitter:card\" content=\"summary_large_image\" \/>\n<meta name=\"twitter:creator\" content=\"@WirMachenAuf_de\" \/>\n<meta name=\"twitter:site\" content=\"@WirMachenAuf_de\" \/>\n<meta name=\"twitter:label1\" content=\"Verfasst von\" \/>\n\t<meta name=\"twitter:data1\" content=\"rtnews\" \/>\n\t<meta name=\"twitter:label2\" content=\"Gesch\u00e4tzte Lesezeit\" \/>\n\t<meta name=\"twitter:data2\" content=\"2\u00a0Minuten\" \/>\n<script type=\"application\/ld+json\" class=\"yoast-schema-graph\">{\"@context\":\"https:\/\/schema.org\",\"@graph\":[{\"@type\":\"Article\",\"@id\":\"https:\/\/now-news.de\/de\/deutschland\/medienbericht-verbuendete-der-ukraine-befuerchten-dass-militaerhilfe-fuer-kiew-nachlassen-wird\/#article\",\"isPartOf\":{\"@id\":\"https:\/\/now-news.de\/de\/deutschland\/medienbericht-verbuendete-der-ukraine-befuerchten-dass-militaerhilfe-fuer-kiew-nachlassen-wird\/\"},\"author\":{\"name\":\"rtnews\",\"@id\":\"https:\/\/now-news.de\/de\/#\/schema\/person\/fb534a4e865501d8b3285208df34a9b5\"},\"headline\":\"Medienbericht: Verb\u00fcndete der Ukraine bef\u00fcrchten, dass Milit\u00e4rhilfe f\u00fcr Kiew nachlassen wird\",\"datePublished\":\"2023-05-19T13:04:15+00:00\",\"dateModified\":\"2023-05-19T13:04:15+00:00\",\"mainEntityOfPage\":{\"@id\":\"https:\/\/now-news.de\/de\/deutschland\/medienbericht-verbuendete-der-ukraine-befuerchten-dass-militaerhilfe-fuer-kiew-nachlassen-wird\/\"},\"wordCount\":394,\"commentCount\":0,\"publisher\":{\"@id\":\"https:\/\/now-news.de\/de\/#organization\"},\"image\":{\"@id\":\"https:\/\/now-news.de\/de\/deutschland\/medienbericht-verbuendete-der-ukraine-befuerchten-dass-militaerhilfe-fuer-kiew-nachlassen-wird\/#primaryimage\"},\"thumbnailUrl\":\"https:\/\/now-news.de\/de\/wp-content\/uploads\/sites\/3\/2023\/05\/Medienbericht-Verbuendete-der-Ukraine-befuerchten-dass-Militaerhilfe-fuer-Kiew-nachlassen.jpg\",\"keywords\":[\"bef\u00fcrchten\",\"dass\",\"der\",\"f\u00fcr\",\"Kiew\",\"Medienbericht\",\"Milit\u00e4rhilfe\",\"nachlassen\",\"ukraine\",\"Verb\u00fcndete\",\"wird\"],\"articleSection\":[\"Deutschland\",\"Russland\"],\"inLanguage\":\"de\",\"potentialAction\":[{\"@type\":\"CommentAction\",\"name\":\"Comment\",\"target\":[\"https:\/\/now-news.de\/de\/deutschland\/medienbericht-verbuendete-der-ukraine-befuerchten-dass-militaerhilfe-fuer-kiew-nachlassen-wird\/#respond\"]}]},{\"@type\":\"WebPage\",\"@id\":\"https:\/\/now-news.de\/de\/deutschland\/medienbericht-verbuendete-der-ukraine-befuerchten-dass-militaerhilfe-fuer-kiew-nachlassen-wird\/\",\"url\":\"https:\/\/now-news.de\/de\/deutschland\/medienbericht-verbuendete-der-ukraine-befuerchten-dass-militaerhilfe-fuer-kiew-nachlassen-wird\/\",\"name\":\"Medienbericht: Verb\u00fcndete der Ukraine bef\u00fcrchten, dass Milit\u00e4rhilfe f\u00fcr Kiew nachlassen wird - just-now.NEWS Deutschland\",\"isPartOf\":{\"@id\":\"https:\/\/now-news.de\/de\/#website\"},\"primaryImageOfPage\":{\"@id\":\"https:\/\/now-news.de\/de\/deutschland\/medienbericht-verbuendete-der-ukraine-befuerchten-dass-militaerhilfe-fuer-kiew-nachlassen-wird\/#primaryimage\"},\"image\":{\"@id\":\"https:\/\/now-news.de\/de\/deutschland\/medienbericht-verbuendete-der-ukraine-befuerchten-dass-militaerhilfe-fuer-kiew-nachlassen-wird\/#primaryimage\"},\"thumbnailUrl\":\"https:\/\/now-news.de\/de\/wp-content\/uploads\/sites\/3\/2023\/05\/Medienbericht-Verbuendete-der-Ukraine-befuerchten-dass-Militaerhilfe-fuer-Kiew-nachlassen.jpg\",\"datePublished\":\"2023-05-19T13:04:15+00:00\",\"dateModified\":\"2023-05-19T13:04:15+00:00\",\"breadcrumb\":{\"@id\":\"https:\/\/now-news.de\/de\/deutschland\/medienbericht-verbuendete-der-ukraine-befuerchten-dass-militaerhilfe-fuer-kiew-nachlassen-wird\/#breadcrumb\"},\"inLanguage\":\"de\",\"potentialAction\":[{\"@type\":\"ReadAction\",\"target\":[\"https:\/\/now-news.de\/de\/deutschland\/medienbericht-verbuendete-der-ukraine-befuerchten-dass-militaerhilfe-fuer-kiew-nachlassen-wird\/\"]}]},{\"@type\":\"ImageObject\",\"inLanguage\":\"de\",\"@id\":\"https:\/\/now-news.de\/de\/deutschland\/medienbericht-verbuendete-der-ukraine-befuerchten-dass-militaerhilfe-fuer-kiew-nachlassen-wird\/#primaryimage\",\"url\":\"https:\/\/now-news.de\/de\/wp-content\/uploads\/sites\/3\/2023\/05\/Medienbericht-Verbuendete-der-Ukraine-befuerchten-dass-Militaerhilfe-fuer-Kiew-nachlassen.jpg\",\"contentUrl\":\"https:\/\/now-news.de\/de\/wp-content\/uploads\/sites\/3\/2023\/05\/Medienbericht-Verbuendete-der-Ukraine-befuerchten-dass-Militaerhilfe-fuer-Kiew-nachlassen.jpg\",\"width\":460,\"height\":259,\"caption\":\"Medienbericht: Verb\u00fcndete der Ukraine bef\u00fcrchten, dass Milit\u00e4rhilfe f\u00fcr Kiew nachlassen wird\"},{\"@type\":\"BreadcrumbList\",\"@id\":\"https:\/\/now-news.de\/de\/deutschland\/medienbericht-verbuendete-der-ukraine-befuerchten-dass-militaerhilfe-fuer-kiew-nachlassen-wird\/#breadcrumb\",\"itemListElement\":[{\"@type\":\"ListItem\",\"position\":1,\"name\":\"Home\",\"item\":\"https:\/\/now-news.de\/de\/\"},{\"@type\":\"ListItem\",\"position\":2,\"name\":\"Medienbericht: Verb\u00fcndete der Ukraine bef\u00fcrchten, dass Milit\u00e4rhilfe f\u00fcr Kiew nachlassen wird\"}]},{\"@type\":\"WebSite\",\"@id\":\"https:\/\/now-news.de\/de\/#website\",\"url\":\"https:\/\/now-news.de\/de\/\",\"name\":\"just-now.NEWS Deutschland\",\"description\":\"Das Portal f\u00fcr unzensierte Nachrichten aus der Welt\",\"publisher\":{\"@id\":\"https:\/\/now-news.de\/de\/#organization\"},\"potentialAction\":[{\"@type\":\"SearchAction\",\"target\":{\"@type\":\"EntryPoint\",\"urlTemplate\":\"https:\/\/now-news.de\/de\/?s={search_term_string}\"},\"query-input\":\"required name=search_term_string\"}],\"inLanguage\":\"de\"},{\"@type\":\"Organization\",\"@id\":\"https:\/\/now-news.de\/de\/#organization\",\"name\":\"Just Now News\",\"url\":\"https:\/\/now-news.de\/de\/\",\"logo\":{\"@type\":\"ImageObject\",\"inLanguage\":\"de\",\"@id\":\"https:\/\/now-news.de\/de\/#\/schema\/logo\/image\/\",\"url\":\"http:\/\/just-now.news\/de\/wp-content\/uploads\/sites\/3\/2022\/04\/logo500x500.jpg\",\"contentUrl\":\"http:\/\/just-now.news\/de\/wp-content\/uploads\/sites\/3\/2022\/04\/logo500x500.jpg\",\"width\":500,\"height\":500,\"caption\":\"Just Now News\"},\"image\":{\"@id\":\"https:\/\/now-news.de\/de\/#\/schema\/logo\/image\/\"},\"sameAs\":[\"https:\/\/www.facebook.com\/wirmachenauf\",\"https:\/\/x.com\/WirMachenAuf_de\"]},{\"@type\":\"Person\",\"@id\":\"https:\/\/now-news.de\/de\/#\/schema\/person\/fb534a4e865501d8b3285208df34a9b5\",\"name\":\"rtnews\",\"image\":{\"@type\":\"ImageObject\",\"inLanguage\":\"de\",\"@id\":\"https:\/\/now-news.de\/de\/#\/schema\/person\/image\/\",\"url\":\"https:\/\/secure.gravatar.com\/avatar\/82aafea7d8127119dd649515f56e2117?s=96&d=mm&r=g\",\"contentUrl\":\"https:\/\/secure.gravatar.com\/avatar\/82aafea7d8127119dd649515f56e2117?s=96&d=mm&r=g\",\"caption\":\"rtnews\"},\"url\":\"https:\/\/now-news.de\/de\/author\/rnews\/\"}]}<\/script>\n<!-- \/ Yoast SEO Premium plugin. -->","yoast_head_json":{"title":"Medienbericht: Verb\u00fcndete der Ukraine bef\u00fcrchten, dass Milit\u00e4rhilfe f\u00fcr Kiew nachlassen wird - just-now.NEWS Deutschland","robots":{"index":"index","follow":"follow","max-snippet":"max-snippet:-1","max-image-preview":"max-image-preview:large","max-video-preview":"max-video-preview:-1"},"canonical":"https:\/\/now-news.de\/de\/deutschland\/medienbericht-verbuendete-der-ukraine-befuerchten-dass-militaerhilfe-fuer-kiew-nachlassen-wird\/","og_locale":"de_DE","og_type":"article","og_title":"Medienbericht: Verb\u00fcndete der Ukraine bef\u00fcrchten, dass Milit\u00e4rhilfe f\u00fcr Kiew nachlassen wird","og_description":"Westliche L\u00e4nder, die die Ukraine derzeit unterst\u00fctzen, sind laut einem Medienbericht besorgt dar\u00fcber, dass die Milit\u00e4rhilfe f\u00fcr Kiew bald ihre Grenzen erreichen wird, vor allem im Hinblick auf die US-Pr\u00e4sidentschaftswahlen 2024. Die Verb\u00fcndeten der Ukraine haben Besorgnis, dass die milit\u00e4rische Unterst\u00fctzung f\u00fcr Kiew bald ihren H\u00f6hepunkt erreichen k\u00f6nnte, schreibt\u00a0die\u00a0Financial Times. Da Washington der wichtigste Waffenlieferant [&hellip;]","og_url":"https:\/\/now-news.de\/de\/deutschland\/medienbericht-verbuendete-der-ukraine-befuerchten-dass-militaerhilfe-fuer-kiew-nachlassen-wird\/","og_site_name":"just-now.NEWS Deutschland","article_publisher":"https:\/\/www.facebook.com\/wirmachenauf","article_published_time":"2023-05-19T13:04:15+00:00","og_image":[{"width":460,"height":259,"url":"https:\/\/now-news.de\/de\/wp-content\/uploads\/sites\/3\/2023\/05\/Medienbericht-Verbuendete-der-Ukraine-befuerchten-dass-Militaerhilfe-fuer-Kiew-nachlassen.jpg","type":"image\/jpeg"}],"author":"rtnews","twitter_card":"summary_large_image","twitter_creator":"@WirMachenAuf_de","twitter_site":"@WirMachenAuf_de","twitter_misc":{"Verfasst von":"rtnews","Gesch\u00e4tzte Lesezeit":"2\u00a0Minuten"},"schema":{"@context":"https:\/\/schema.org","@graph":[{"@type":"Article","@id":"https:\/\/now-news.de\/de\/deutschland\/medienbericht-verbuendete-der-ukraine-befuerchten-dass-militaerhilfe-fuer-kiew-nachlassen-wird\/#article","isPartOf":{"@id":"https:\/\/now-news.de\/de\/deutschland\/medienbericht-verbuendete-der-ukraine-befuerchten-dass-militaerhilfe-fuer-kiew-nachlassen-wird\/"},"author":{"name":"rtnews","@id":"https:\/\/now-news.de\/de\/#\/schema\/person\/fb534a4e865501d8b3285208df34a9b5"},"headline":"Medienbericht: Verb\u00fcndete der Ukraine bef\u00fcrchten, dass Milit\u00e4rhilfe f\u00fcr Kiew nachlassen wird","datePublished":"2023-05-19T13:04:15+00:00","dateModified":"2023-05-19T13:04:15+00:00","mainEntityOfPage":{"@id":"https:\/\/now-news.de\/de\/deutschland\/medienbericht-verbuendete-der-ukraine-befuerchten-dass-militaerhilfe-fuer-kiew-nachlassen-wird\/"},"wordCount":394,"commentCount":0,"publisher":{"@id":"https:\/\/now-news.de\/de\/#organization"},"image":{"@id":"https:\/\/now-news.de\/de\/deutschland\/medienbericht-verbuendete-der-ukraine-befuerchten-dass-militaerhilfe-fuer-kiew-nachlassen-wird\/#primaryimage"},"thumbnailUrl":"https:\/\/now-news.de\/de\/wp-content\/uploads\/sites\/3\/2023\/05\/Medienbericht-Verbuendete-der-Ukraine-befuerchten-dass-Militaerhilfe-fuer-Kiew-nachlassen.jpg","keywords":["bef\u00fcrchten","dass","der","f\u00fcr","Kiew","Medienbericht","Milit\u00e4rhilfe","nachlassen","ukraine","Verb\u00fcndete","wird"],"articleSection":["Deutschland","Russland"],"inLanguage":"de","potentialAction":[{"@type":"CommentAction","name":"Comment","target":["https:\/\/now-news.de\/de\/deutschland\/medienbericht-verbuendete-der-ukraine-befuerchten-dass-militaerhilfe-fuer-kiew-nachlassen-wird\/#respond"]}]},{"@type":"WebPage","@id":"https:\/\/now-news.de\/de\/deutschland\/medienbericht-verbuendete-der-ukraine-befuerchten-dass-militaerhilfe-fuer-kiew-nachlassen-wird\/","url":"https:\/\/now-news.de\/de\/deutschland\/medienbericht-verbuendete-der-ukraine-befuerchten-dass-militaerhilfe-fuer-kiew-nachlassen-wird\/","name":"Medienbericht: Verb\u00fcndete der Ukraine bef\u00fcrchten, dass Milit\u00e4rhilfe f\u00fcr Kiew nachlassen wird - just-now.NEWS Deutschland","isPartOf":{"@id":"https:\/\/now-news.de\/de\/#website"},"primaryImageOfPage":{"@id":"https:\/\/now-news.de\/de\/deutschland\/medienbericht-verbuendete-der-ukraine-befuerchten-dass-militaerhilfe-fuer-kiew-nachlassen-wird\/#primaryimage"},"image":{"@id":"https:\/\/now-news.de\/de\/deutschland\/medienbericht-verbuendete-der-ukraine-befuerchten-dass-militaerhilfe-fuer-kiew-nachlassen-wird\/#primaryimage"},"thumbnailUrl":"https:\/\/now-news.de\/de\/wp-content\/uploads\/sites\/3\/2023\/05\/Medienbericht-Verbuendete-der-Ukraine-befuerchten-dass-Militaerhilfe-fuer-Kiew-nachlassen.jpg","datePublished":"2023-05-19T13:04:15+00:00","dateModified":"2023-05-19T13:04:15+00:00","breadcrumb":{"@id":"https:\/\/now-news.de\/de\/deutschland\/medienbericht-verbuendete-der-ukraine-befuerchten-dass-militaerhilfe-fuer-kiew-nachlassen-wird\/#breadcrumb"},"inLanguage":"de","potentialAction":[{"@type":"ReadAction","target":["https:\/\/now-news.de\/de\/deutschland\/medienbericht-verbuendete-der-ukraine-befuerchten-dass-militaerhilfe-fuer-kiew-nachlassen-wird\/"]}]},{"@type":"ImageObject","inLanguage":"de","@id":"https:\/\/now-news.de\/de\/deutschland\/medienbericht-verbuendete-der-ukraine-befuerchten-dass-militaerhilfe-fuer-kiew-nachlassen-wird\/#primaryimage","url":"https:\/\/now-news.de\/de\/wp-content\/uploads\/sites\/3\/2023\/05\/Medienbericht-Verbuendete-der-Ukraine-befuerchten-dass-Militaerhilfe-fuer-Kiew-nachlassen.jpg","contentUrl":"https:\/\/now-news.de\/de\/wp-content\/uploads\/sites\/3\/2023\/05\/Medienbericht-Verbuendete-der-Ukraine-befuerchten-dass-Militaerhilfe-fuer-Kiew-nachlassen.jpg","width":460,"height":259,"caption":"Medienbericht: Verb\u00fcndete der Ukraine bef\u00fcrchten, dass Milit\u00e4rhilfe f\u00fcr Kiew nachlassen wird"},{"@type":"BreadcrumbList","@id":"https:\/\/now-news.de\/de\/deutschland\/medienbericht-verbuendete-der-ukraine-befuerchten-dass-militaerhilfe-fuer-kiew-nachlassen-wird\/#breadcrumb","itemListElement":[{"@type":"ListItem","position":1,"name":"Home","item":"https:\/\/now-news.de\/de\/"},{"@type":"ListItem","position":2,"name":"Medienbericht: Verb\u00fcndete der Ukraine bef\u00fcrchten, dass Milit\u00e4rhilfe f\u00fcr Kiew nachlassen wird"}]},{"@type":"WebSite","@id":"https:\/\/now-news.de\/de\/#website","url":"https:\/\/now-news.de\/de\/","name":"just-now.NEWS Deutschland","description":"Das Portal f\u00fcr unzensierte Nachrichten aus der Welt","publisher":{"@id":"https:\/\/now-news.de\/de\/#organization"},"potentialAction":[{"@type":"SearchAction","target":{"@type":"EntryPoint","urlTemplate":"https:\/\/now-news.de\/de\/?s={search_term_string}"},"query-input":"required name=search_term_string"}],"inLanguage":"de"},{"@type":"Organization","@id":"https:\/\/now-news.de\/de\/#organization","name":"Just Now News","url":"https:\/\/now-news.de\/de\/","logo":{"@type":"ImageObject","inLanguage":"de","@id":"https:\/\/now-news.de\/de\/#\/schema\/logo\/image\/","url":"http:\/\/just-now.news\/de\/wp-content\/uploads\/sites\/3\/2022\/04\/logo500x500.jpg","contentUrl":"http:\/\/just-now.news\/de\/wp-content\/uploads\/sites\/3\/2022\/04\/logo500x500.jpg","width":500,"height":500,"caption":"Just Now News"},"image":{"@id":"https:\/\/now-news.de\/de\/#\/schema\/logo\/image\/"},"sameAs":["https:\/\/www.facebook.com\/wirmachenauf","https:\/\/x.com\/WirMachenAuf_de"]},{"@type":"Person","@id":"https:\/\/now-news.de\/de\/#\/schema\/person\/fb534a4e865501d8b3285208df34a9b5","name":"rtnews","image":{"@type":"ImageObject","inLanguage":"de","@id":"https:\/\/now-news.de\/de\/#\/schema\/person\/image\/","url":"https:\/\/secure.gravatar.com\/avatar\/82aafea7d8127119dd649515f56e2117?s=96&d=mm&r=g","contentUrl":"https:\/\/secure.gravatar.com\/avatar\/82aafea7d8127119dd649515f56e2117?s=96&d=mm&r=g","caption":"rtnews"},"url":"https:\/\/now-news.de\/de\/author\/rnews\/"}]}},"_links":{"self":[{"href":"https:\/\/now-news.de\/de\/wp-json\/wp\/v2\/posts\/36363"}],"collection":[{"href":"https:\/\/now-news.de\/de\/wp-json\/wp\/v2\/posts"}],"about":[{"href":"https:\/\/now-news.de\/de\/wp-json\/wp\/v2\/types\/post"}],"author":[{"embeddable":true,"href":"https:\/\/now-news.de\/de\/wp-json\/wp\/v2\/users\/3"}],"replies":[{"embeddable":true,"href":"https:\/\/now-news.de\/de\/wp-json\/wp\/v2\/comments?post=36363"}],"version-history":[{"count":0,"href":"https:\/\/now-news.de\/de\/wp-json\/wp\/v2\/posts\/36363\/revisions"}],"wp:featuredmedia":[{"embeddable":true,"href":"https:\/\/now-news.de\/de\/wp-json\/wp\/v2\/media\/36364"}],"wp:attachment":[{"href":"https:\/\/now-news.de\/de\/wp-json\/wp\/v2\/media?parent=36363"}],"wp:term":[{"taxonomy":"category","embeddable":true,"href":"https:\/\/now-news.de\/de\/wp-json\/wp\/v2\/categories?post=36363"},{"taxonomy":"post_tag","embeddable":true,"href":"https:\/\/now-news.de\/de\/wp-json\/wp\/v2\/tags?post=36363"}],"curies":[{"name":"wp","href":"https:\/\/api.w.org\/{rel}","templated":true}]}}