{"id":36289,"date":"2023-05-18T13:32:12","date_gmt":"2023-05-18T11:32:12","guid":{"rendered":"https:\/\/just-now.news\/de\/deutschland\/beiderseitiger-tod-in-ecuador-praesident-lasso-loest-parlament-auf-neuwahlen-auch-fuer-staatschef\/"},"modified":"2023-05-18T13:32:12","modified_gmt":"2023-05-18T11:32:12","slug":"beiderseitiger-tod-in-ecuador-praesident-lasso-loest-parlament-auf-neuwahlen-auch-fuer-staatschef","status":"publish","type":"post","link":"https:\/\/now-news.de\/de\/deutschland\/beiderseitiger-tod-in-ecuador-praesident-lasso-loest-parlament-auf-neuwahlen-auch-fuer-staatschef\/","title":{"rendered":"&quot;Beiderseitiger Tod&quot; in Ecuador: Pr\u00e4sident Lasso l\u00f6st Parlament auf \u2013 Neuwahlen auch f\u00fcr Staatschef"},"content":{"rendered":"<p><img decoding=\"async\" src=\"http:\/\/just-now.news\/de\/wp-content\/uploads\/sites\/3\/2023\/05\/6466026b48fbef158f075e48.jpg\" \/><\/p>\n<div class=\"Text-root Text-type_1 \">\n                In Ecuador ist eine politische Krise ausgebrochen. Pr\u00e4sident Guillermo Lasso l\u00f6ste wegen einer drohenden Amtsenthebung das Parlament auf und rief Neuwahlen aus. Er wurde zum ersten Staatschef des Landes, der von der Verfassungsklausel &#8220;Beiderseitiger Tod&#8221; Gebrauch machte.\n            <\/div>\n<p><\/p>\n<div class=\"Text-root Text-type_5 ArticleView-text ViewText-root \">\n<p>Der ecuadorianische Staats- und Regierungschef Guillermo Lasso hat am 17. Mai auf eine drastische Ma\u00dfnahme zur\u00fcckgegriffen, um einer drohenden Absetzung durch das oppositionelle Parlament zu entgehen. Der Politiker l\u00f6ste per Dekret die Nationalversammlung in Quito auf. Seine Entscheidung <a rel=\"nofollow noopener\" target=\"_blank\" href=\"https:\/\/twitter.com\/LassoGuillermo\/status\/1658805860410245120\">begr\u00fcndete<\/a> er mit einer schweren politischen Krise und inneren Unruhen.<\/p>\n<p>Somit ist Lasso der erste Pr\u00e4sident des s\u00fcdamerikanischen Landes, der auf einen in der ecuadorianischen Verfassung verankerten Mechanismus zur\u00fcckgreift, der als &#8220;muerte cruzada&#8221; oder &#8220;beiderseitiger Tod&#8221; bezeichnet wird. Dieser erm\u00f6glicht dem Staatschef einmalig und lediglich binnen der ersten drei Jahre im Amt, das Parlament aufzul\u00f6sen, wenn dieses seine Regierungsf\u00e4higkeit beeintr\u00e4chtigt. Danach sollen aber innerhalb von sechs Monaten das Parlament und das Staatsoberhaupt neu gew\u00e4hlt werden.<\/p>\n<p>F\u00fcr viele Ecuadorianer war die Aufl\u00f6sung des Parlaments eine \u00dcberraschung, obwohl nicht ganz unerwartet. Lasso war im Jahr 2021 zum Staatschef gew\u00e4hlt worden. Der Ex-Banker k\u00e4mpfte von Anfang an mit einem erbitterten Widerstand seitens der Opposition. Es kam zu Massenprotesten und einem Generalstreik, den m\u00e4chtige Indigenen-Verb\u00e4nde ausgerufen hatten. Der Politiker musste deswegen im Jahr 2022 den Ausnahmezustand verh\u00e4ngen. Anfang dieses Jahres wurde Lasso beschuldigt, im Zusammenhang mit \u00d6ltransportvertr\u00e4gen Geld veruntreut zu haben. Er wies zwar alle Anschuldigungen zur\u00fcck, in der vergangenen Woche stimmte aber das Parlament f\u00fcr den Beginn eines Amtsenthebungsverfahrens gegen den Staatschef.<\/p>\n<p>Bis zu den Neuwahlen bleibt Lasso im Amt und regiert per Dekret. Damit zeigt sich neben der Opposition auch der gr\u00f6\u00dfte Indigenen-Verband CONAIE unzufrieden, der von einer Diktatur spricht und die Situation analysieren will. Das Milit\u00e4r sieht keine Verst\u00f6\u00dfe gegen die Landesverfassung und unterst\u00fctzt den Pr\u00e4sidenten.<\/p>\n<p><strong>Mehr zum Thema<\/strong> &#8211; <a rel=\"nofollow noopener\" target=\"_blank\" href=\"https:\/\/freeassange.rtde.life\/amerika\/153217-gewaltwelle-in-ecuador-plunderungen-bombenexplosionen\/\">Gewaltwelle in Ecuador: Pl\u00fcnderungen, Bombenexplosionen und Morde an Polizisten<\/a><\/p>\n<\/div>\n<p><script async src=\"https:\/\/platform.twitter.com\/widgets.js\" charset=\"utf-8\"><\/script><br \/>\n<br \/><br \/>\n<br \/><a href=\"https:\/\/de.rt.com\/amerika\/170382-beiderseitiger-tod-in-ecuador-praesident\/\">Source link <\/a><\/p>\n","protected":false},"excerpt":{"rendered":"<p>In Ecuador ist eine politische Krise ausgebrochen. Pr\u00e4sident Guillermo Lasso l\u00f6ste wegen einer drohenden Amtsenthebung das Parlament auf und rief Neuwahlen aus. Er wurde zum ersten Staatschef des Landes, der von der Verfassungsklausel &#8220;Beiderseitiger Tod&#8221; Gebrauch machte. Der ecuadorianische Staats- und Regierungschef Guillermo Lasso hat am 17. Mai auf eine drastische Ma\u00dfnahme zur\u00fcckgegriffen, um einer [&hellip;]<\/p>\n","protected":false},"author":3,"featured_media":36290,"comment_status":"open","ping_status":"open","sticky":false,"template":"","format":"standard","meta":{"_yoast_indexnow_last_ping":["1684410281"],"wp_automatic_camp":["217"],"ad2cb64e21a95349963c297345d9da9d":["&quot;Beiderseitiger Tod&quot; in Ecuador: Pr\u00e4sident Lasso l\u00f6st Parlament auf \u2013 Neuwahlen auch f\u00fcr Staatschef"],"original_link":["https:\/\/de.rt.com\/amerika\/170382-beiderseitiger-tod-in-ecuador-praesident\/"],"_thumbnail_id":["36290"],"_wptgpro_p2tg_sent2tg":["a:1:{i:23737;s:19:\"2023-05-18 13:46:01\";}"],"jnews_social_counter_last_update":["1777459439"]},"categories":[19,23],"tags":[1475,133,24476,221,26174,9443,966,3832,3464,44455,7782,44456],"yoast_head":"<!-- This site is optimized with the Yoast SEO Premium plugin v22.7 (Yoast SEO v22.7) - https:\/\/yoast.com\/wordpress\/plugins\/seo\/ -->\n<title>&quot;Beiderseitiger Tod&quot; in Ecuador: Pr\u00e4sident Lasso l\u00f6st Parlament auf \u2013 Neuwahlen auch f\u00fcr Staatschef - just-now.NEWS Deutschland<\/title>\n<meta name=\"robots\" content=\"index, follow, max-snippet:-1, max-image-preview:large, max-video-preview:-1\" \/>\n<link rel=\"canonical\" href=\"https:\/\/now-news.de\/de\/deutschland\/beiderseitiger-tod-in-ecuador-praesident-lasso-loest-parlament-auf-neuwahlen-auch-fuer-staatschef\/\" \/>\n<meta property=\"og:locale\" content=\"de_DE\" \/>\n<meta property=\"og:type\" content=\"article\" \/>\n<meta property=\"og:title\" content=\"&quot;Beiderseitiger Tod&quot; in Ecuador: Pr\u00e4sident Lasso l\u00f6st Parlament auf \u2013 Neuwahlen auch f\u00fcr Staatschef\" \/>\n<meta property=\"og:description\" content=\"In Ecuador ist eine politische Krise ausgebrochen. Pr\u00e4sident Guillermo Lasso l\u00f6ste wegen einer drohenden Amtsenthebung das Parlament auf und rief Neuwahlen aus. Er wurde zum ersten Staatschef des Landes, der von der Verfassungsklausel &#8220;Beiderseitiger Tod&#8221; Gebrauch machte. Der ecuadorianische Staats- und Regierungschef Guillermo Lasso hat am 17. Mai auf eine drastische Ma\u00dfnahme zur\u00fcckgegriffen, um einer [&hellip;]\" \/>\n<meta property=\"og:url\" content=\"https:\/\/now-news.de\/de\/deutschland\/beiderseitiger-tod-in-ecuador-praesident-lasso-loest-parlament-auf-neuwahlen-auch-fuer-staatschef\/\" \/>\n<meta property=\"og:site_name\" content=\"just-now.NEWS Deutschland\" \/>\n<meta property=\"article:publisher\" content=\"https:\/\/www.facebook.com\/wirmachenauf\" \/>\n<meta property=\"article:published_time\" content=\"2023-05-18T11:32:12+00:00\" \/>\n<meta property=\"og:image\" content=\"https:\/\/now-news.de\/de\/wp-content\/uploads\/sites\/3\/2023\/05\/quotBeiderseitiger-Todquot-in-Ecuador-Praesident-Lasso-loest-Parlament-auf-\u2013.jpg\" \/>\n\t<meta property=\"og:image:width\" content=\"460\" \/>\n\t<meta property=\"og:image:height\" content=\"259\" \/>\n\t<meta property=\"og:image:type\" content=\"image\/jpeg\" \/>\n<meta name=\"author\" content=\"rtnews\" \/>\n<meta name=\"twitter:card\" content=\"summary_large_image\" \/>\n<meta name=\"twitter:creator\" content=\"@WirMachenAuf_de\" \/>\n<meta name=\"twitter:site\" content=\"@WirMachenAuf_de\" \/>\n<meta name=\"twitter:label1\" content=\"Verfasst von\" \/>\n\t<meta name=\"twitter:data1\" content=\"rtnews\" \/>\n\t<meta name=\"twitter:label2\" content=\"Gesch\u00e4tzte Lesezeit\" \/>\n\t<meta name=\"twitter:data2\" content=\"2\u00a0Minuten\" \/>\n<script type=\"application\/ld+json\" class=\"yoast-schema-graph\">{\"@context\":\"https:\/\/schema.org\",\"@graph\":[{\"@type\":\"Article\",\"@id\":\"https:\/\/now-news.de\/de\/deutschland\/beiderseitiger-tod-in-ecuador-praesident-lasso-loest-parlament-auf-neuwahlen-auch-fuer-staatschef\/#article\",\"isPartOf\":{\"@id\":\"https:\/\/now-news.de\/de\/deutschland\/beiderseitiger-tod-in-ecuador-praesident-lasso-loest-parlament-auf-neuwahlen-auch-fuer-staatschef\/\"},\"author\":{\"name\":\"rtnews\",\"@id\":\"https:\/\/now-news.de\/de\/#\/schema\/person\/fb534a4e865501d8b3285208df34a9b5\"},\"headline\":\"&quot;Beiderseitiger Tod&quot; in Ecuador: Pr\u00e4sident Lasso l\u00f6st Parlament auf \u2013 Neuwahlen auch f\u00fcr Staatschef\",\"datePublished\":\"2023-05-18T11:32:12+00:00\",\"dateModified\":\"2023-05-18T11:32:12+00:00\",\"mainEntityOfPage\":{\"@id\":\"https:\/\/now-news.de\/de\/deutschland\/beiderseitiger-tod-in-ecuador-praesident-lasso-loest-parlament-auf-neuwahlen-auch-fuer-staatschef\/\"},\"wordCount\":351,\"commentCount\":0,\"publisher\":{\"@id\":\"https:\/\/now-news.de\/de\/#organization\"},\"image\":{\"@id\":\"https:\/\/now-news.de\/de\/deutschland\/beiderseitiger-tod-in-ecuador-praesident-lasso-loest-parlament-auf-neuwahlen-auch-fuer-staatschef\/#primaryimage\"},\"thumbnailUrl\":\"https:\/\/now-news.de\/de\/wp-content\/uploads\/sites\/3\/2023\/05\/quotBeiderseitiger-Todquot-in-Ecuador-Praesident-Lasso-loest-Parlament-auf-\u2013.jpg\",\"keywords\":[\"auch\",\"AUF\",\"Ecuador\",\"f\u00fcr\",\"Lasso\",\"Lost\",\"Neuwahlen\",\"Parlament\",\"Pr\u00e4sident\",\"quotBeiderseitiger\",\"Staatschef\",\"Todquot\"],\"articleSection\":[\"Deutschland\",\"Russland\"],\"inLanguage\":\"de\",\"potentialAction\":[{\"@type\":\"CommentAction\",\"name\":\"Comment\",\"target\":[\"https:\/\/now-news.de\/de\/deutschland\/beiderseitiger-tod-in-ecuador-praesident-lasso-loest-parlament-auf-neuwahlen-auch-fuer-staatschef\/#respond\"]}]},{\"@type\":\"WebPage\",\"@id\":\"https:\/\/now-news.de\/de\/deutschland\/beiderseitiger-tod-in-ecuador-praesident-lasso-loest-parlament-auf-neuwahlen-auch-fuer-staatschef\/\",\"url\":\"https:\/\/now-news.de\/de\/deutschland\/beiderseitiger-tod-in-ecuador-praesident-lasso-loest-parlament-auf-neuwahlen-auch-fuer-staatschef\/\",\"name\":\"&quot;Beiderseitiger Tod&quot; in Ecuador: Pr\u00e4sident Lasso l\u00f6st Parlament auf \u2013 Neuwahlen auch f\u00fcr Staatschef - just-now.NEWS Deutschland\",\"isPartOf\":{\"@id\":\"https:\/\/now-news.de\/de\/#website\"},\"primaryImageOfPage\":{\"@id\":\"https:\/\/now-news.de\/de\/deutschland\/beiderseitiger-tod-in-ecuador-praesident-lasso-loest-parlament-auf-neuwahlen-auch-fuer-staatschef\/#primaryimage\"},\"image\":{\"@id\":\"https:\/\/now-news.de\/de\/deutschland\/beiderseitiger-tod-in-ecuador-praesident-lasso-loest-parlament-auf-neuwahlen-auch-fuer-staatschef\/#primaryimage\"},\"thumbnailUrl\":\"https:\/\/now-news.de\/de\/wp-content\/uploads\/sites\/3\/2023\/05\/quotBeiderseitiger-Todquot-in-Ecuador-Praesident-Lasso-loest-Parlament-auf-\u2013.jpg\",\"datePublished\":\"2023-05-18T11:32:12+00:00\",\"dateModified\":\"2023-05-18T11:32:12+00:00\",\"breadcrumb\":{\"@id\":\"https:\/\/now-news.de\/de\/deutschland\/beiderseitiger-tod-in-ecuador-praesident-lasso-loest-parlament-auf-neuwahlen-auch-fuer-staatschef\/#breadcrumb\"},\"inLanguage\":\"de\",\"potentialAction\":[{\"@type\":\"ReadAction\",\"target\":[\"https:\/\/now-news.de\/de\/deutschland\/beiderseitiger-tod-in-ecuador-praesident-lasso-loest-parlament-auf-neuwahlen-auch-fuer-staatschef\/\"]}]},{\"@type\":\"ImageObject\",\"inLanguage\":\"de\",\"@id\":\"https:\/\/now-news.de\/de\/deutschland\/beiderseitiger-tod-in-ecuador-praesident-lasso-loest-parlament-auf-neuwahlen-auch-fuer-staatschef\/#primaryimage\",\"url\":\"https:\/\/now-news.de\/de\/wp-content\/uploads\/sites\/3\/2023\/05\/quotBeiderseitiger-Todquot-in-Ecuador-Praesident-Lasso-loest-Parlament-auf-\u2013.jpg\",\"contentUrl\":\"https:\/\/now-news.de\/de\/wp-content\/uploads\/sites\/3\/2023\/05\/quotBeiderseitiger-Todquot-in-Ecuador-Praesident-Lasso-loest-Parlament-auf-\u2013.jpg\",\"width\":460,\"height\":259,\"caption\":\"&quot;Beiderseitiger Tod&quot; in Ecuador: Pr\u00e4sident Lasso l\u00f6st Parlament auf \u2013 Neuwahlen auch f\u00fcr Staatschef\"},{\"@type\":\"BreadcrumbList\",\"@id\":\"https:\/\/now-news.de\/de\/deutschland\/beiderseitiger-tod-in-ecuador-praesident-lasso-loest-parlament-auf-neuwahlen-auch-fuer-staatschef\/#breadcrumb\",\"itemListElement\":[{\"@type\":\"ListItem\",\"position\":1,\"name\":\"Home\",\"item\":\"https:\/\/now-news.de\/de\/\"},{\"@type\":\"ListItem\",\"position\":2,\"name\":\"&quot;Beiderseitiger Tod&quot; in Ecuador: Pr\u00e4sident Lasso l\u00f6st Parlament auf \u2013 Neuwahlen auch f\u00fcr Staatschef\"}]},{\"@type\":\"WebSite\",\"@id\":\"https:\/\/now-news.de\/de\/#website\",\"url\":\"https:\/\/now-news.de\/de\/\",\"name\":\"just-now.NEWS Deutschland\",\"description\":\"Das Portal f\u00fcr unzensierte Nachrichten aus der Welt\",\"publisher\":{\"@id\":\"https:\/\/now-news.de\/de\/#organization\"},\"potentialAction\":[{\"@type\":\"SearchAction\",\"target\":{\"@type\":\"EntryPoint\",\"urlTemplate\":\"https:\/\/now-news.de\/de\/?s={search_term_string}\"},\"query-input\":\"required name=search_term_string\"}],\"inLanguage\":\"de\"},{\"@type\":\"Organization\",\"@id\":\"https:\/\/now-news.de\/de\/#organization\",\"name\":\"Just Now News\",\"url\":\"https:\/\/now-news.de\/de\/\",\"logo\":{\"@type\":\"ImageObject\",\"inLanguage\":\"de\",\"@id\":\"https:\/\/now-news.de\/de\/#\/schema\/logo\/image\/\",\"url\":\"http:\/\/just-now.news\/de\/wp-content\/uploads\/sites\/3\/2022\/04\/logo500x500.jpg\",\"contentUrl\":\"http:\/\/just-now.news\/de\/wp-content\/uploads\/sites\/3\/2022\/04\/logo500x500.jpg\",\"width\":500,\"height\":500,\"caption\":\"Just Now News\"},\"image\":{\"@id\":\"https:\/\/now-news.de\/de\/#\/schema\/logo\/image\/\"},\"sameAs\":[\"https:\/\/www.facebook.com\/wirmachenauf\",\"https:\/\/x.com\/WirMachenAuf_de\"]},{\"@type\":\"Person\",\"@id\":\"https:\/\/now-news.de\/de\/#\/schema\/person\/fb534a4e865501d8b3285208df34a9b5\",\"name\":\"rtnews\",\"image\":{\"@type\":\"ImageObject\",\"inLanguage\":\"de\",\"@id\":\"https:\/\/now-news.de\/de\/#\/schema\/person\/image\/\",\"url\":\"https:\/\/secure.gravatar.com\/avatar\/82aafea7d8127119dd649515f56e2117?s=96&d=mm&r=g\",\"contentUrl\":\"https:\/\/secure.gravatar.com\/avatar\/82aafea7d8127119dd649515f56e2117?s=96&d=mm&r=g\",\"caption\":\"rtnews\"},\"url\":\"https:\/\/now-news.de\/de\/author\/rnews\/\"}]}<\/script>\n<!-- \/ Yoast SEO Premium plugin. -->","yoast_head_json":{"title":"&quot;Beiderseitiger Tod&quot; in Ecuador: Pr\u00e4sident Lasso l\u00f6st Parlament auf \u2013 Neuwahlen auch f\u00fcr Staatschef - just-now.NEWS Deutschland","robots":{"index":"index","follow":"follow","max-snippet":"max-snippet:-1","max-image-preview":"max-image-preview:large","max-video-preview":"max-video-preview:-1"},"canonical":"https:\/\/now-news.de\/de\/deutschland\/beiderseitiger-tod-in-ecuador-praesident-lasso-loest-parlament-auf-neuwahlen-auch-fuer-staatschef\/","og_locale":"de_DE","og_type":"article","og_title":"&quot;Beiderseitiger Tod&quot; in Ecuador: Pr\u00e4sident Lasso l\u00f6st Parlament auf \u2013 Neuwahlen auch f\u00fcr Staatschef","og_description":"In Ecuador ist eine politische Krise ausgebrochen. Pr\u00e4sident Guillermo Lasso l\u00f6ste wegen einer drohenden Amtsenthebung das Parlament auf und rief Neuwahlen aus. Er wurde zum ersten Staatschef des Landes, der von der Verfassungsklausel &#8220;Beiderseitiger Tod&#8221; Gebrauch machte. Der ecuadorianische Staats- und Regierungschef Guillermo Lasso hat am 17. Mai auf eine drastische Ma\u00dfnahme zur\u00fcckgegriffen, um einer [&hellip;]","og_url":"https:\/\/now-news.de\/de\/deutschland\/beiderseitiger-tod-in-ecuador-praesident-lasso-loest-parlament-auf-neuwahlen-auch-fuer-staatschef\/","og_site_name":"just-now.NEWS Deutschland","article_publisher":"https:\/\/www.facebook.com\/wirmachenauf","article_published_time":"2023-05-18T11:32:12+00:00","og_image":[{"width":460,"height":259,"url":"https:\/\/now-news.de\/de\/wp-content\/uploads\/sites\/3\/2023\/05\/quotBeiderseitiger-Todquot-in-Ecuador-Praesident-Lasso-loest-Parlament-auf-\u2013.jpg","type":"image\/jpeg"}],"author":"rtnews","twitter_card":"summary_large_image","twitter_creator":"@WirMachenAuf_de","twitter_site":"@WirMachenAuf_de","twitter_misc":{"Verfasst von":"rtnews","Gesch\u00e4tzte Lesezeit":"2\u00a0Minuten"},"schema":{"@context":"https:\/\/schema.org","@graph":[{"@type":"Article","@id":"https:\/\/now-news.de\/de\/deutschland\/beiderseitiger-tod-in-ecuador-praesident-lasso-loest-parlament-auf-neuwahlen-auch-fuer-staatschef\/#article","isPartOf":{"@id":"https:\/\/now-news.de\/de\/deutschland\/beiderseitiger-tod-in-ecuador-praesident-lasso-loest-parlament-auf-neuwahlen-auch-fuer-staatschef\/"},"author":{"name":"rtnews","@id":"https:\/\/now-news.de\/de\/#\/schema\/person\/fb534a4e865501d8b3285208df34a9b5"},"headline":"&quot;Beiderseitiger Tod&quot; in Ecuador: Pr\u00e4sident Lasso l\u00f6st Parlament auf \u2013 Neuwahlen auch f\u00fcr Staatschef","datePublished":"2023-05-18T11:32:12+00:00","dateModified":"2023-05-18T11:32:12+00:00","mainEntityOfPage":{"@id":"https:\/\/now-news.de\/de\/deutschland\/beiderseitiger-tod-in-ecuador-praesident-lasso-loest-parlament-auf-neuwahlen-auch-fuer-staatschef\/"},"wordCount":351,"commentCount":0,"publisher":{"@id":"https:\/\/now-news.de\/de\/#organization"},"image":{"@id":"https:\/\/now-news.de\/de\/deutschland\/beiderseitiger-tod-in-ecuador-praesident-lasso-loest-parlament-auf-neuwahlen-auch-fuer-staatschef\/#primaryimage"},"thumbnailUrl":"https:\/\/now-news.de\/de\/wp-content\/uploads\/sites\/3\/2023\/05\/quotBeiderseitiger-Todquot-in-Ecuador-Praesident-Lasso-loest-Parlament-auf-\u2013.jpg","keywords":["auch","AUF","Ecuador","f\u00fcr","Lasso","Lost","Neuwahlen","Parlament","Pr\u00e4sident","quotBeiderseitiger","Staatschef","Todquot"],"articleSection":["Deutschland","Russland"],"inLanguage":"de","potentialAction":[{"@type":"CommentAction","name":"Comment","target":["https:\/\/now-news.de\/de\/deutschland\/beiderseitiger-tod-in-ecuador-praesident-lasso-loest-parlament-auf-neuwahlen-auch-fuer-staatschef\/#respond"]}]},{"@type":"WebPage","@id":"https:\/\/now-news.de\/de\/deutschland\/beiderseitiger-tod-in-ecuador-praesident-lasso-loest-parlament-auf-neuwahlen-auch-fuer-staatschef\/","url":"https:\/\/now-news.de\/de\/deutschland\/beiderseitiger-tod-in-ecuador-praesident-lasso-loest-parlament-auf-neuwahlen-auch-fuer-staatschef\/","name":"&quot;Beiderseitiger Tod&quot; in Ecuador: Pr\u00e4sident Lasso l\u00f6st Parlament auf \u2013 Neuwahlen auch f\u00fcr Staatschef - just-now.NEWS Deutschland","isPartOf":{"@id":"https:\/\/now-news.de\/de\/#website"},"primaryImageOfPage":{"@id":"https:\/\/now-news.de\/de\/deutschland\/beiderseitiger-tod-in-ecuador-praesident-lasso-loest-parlament-auf-neuwahlen-auch-fuer-staatschef\/#primaryimage"},"image":{"@id":"https:\/\/now-news.de\/de\/deutschland\/beiderseitiger-tod-in-ecuador-praesident-lasso-loest-parlament-auf-neuwahlen-auch-fuer-staatschef\/#primaryimage"},"thumbnailUrl":"https:\/\/now-news.de\/de\/wp-content\/uploads\/sites\/3\/2023\/05\/quotBeiderseitiger-Todquot-in-Ecuador-Praesident-Lasso-loest-Parlament-auf-\u2013.jpg","datePublished":"2023-05-18T11:32:12+00:00","dateModified":"2023-05-18T11:32:12+00:00","breadcrumb":{"@id":"https:\/\/now-news.de\/de\/deutschland\/beiderseitiger-tod-in-ecuador-praesident-lasso-loest-parlament-auf-neuwahlen-auch-fuer-staatschef\/#breadcrumb"},"inLanguage":"de","potentialAction":[{"@type":"ReadAction","target":["https:\/\/now-news.de\/de\/deutschland\/beiderseitiger-tod-in-ecuador-praesident-lasso-loest-parlament-auf-neuwahlen-auch-fuer-staatschef\/"]}]},{"@type":"ImageObject","inLanguage":"de","@id":"https:\/\/now-news.de\/de\/deutschland\/beiderseitiger-tod-in-ecuador-praesident-lasso-loest-parlament-auf-neuwahlen-auch-fuer-staatschef\/#primaryimage","url":"https:\/\/now-news.de\/de\/wp-content\/uploads\/sites\/3\/2023\/05\/quotBeiderseitiger-Todquot-in-Ecuador-Praesident-Lasso-loest-Parlament-auf-\u2013.jpg","contentUrl":"https:\/\/now-news.de\/de\/wp-content\/uploads\/sites\/3\/2023\/05\/quotBeiderseitiger-Todquot-in-Ecuador-Praesident-Lasso-loest-Parlament-auf-\u2013.jpg","width":460,"height":259,"caption":"&quot;Beiderseitiger Tod&quot; in Ecuador: Pr\u00e4sident Lasso l\u00f6st Parlament auf \u2013 Neuwahlen auch f\u00fcr Staatschef"},{"@type":"BreadcrumbList","@id":"https:\/\/now-news.de\/de\/deutschland\/beiderseitiger-tod-in-ecuador-praesident-lasso-loest-parlament-auf-neuwahlen-auch-fuer-staatschef\/#breadcrumb","itemListElement":[{"@type":"ListItem","position":1,"name":"Home","item":"https:\/\/now-news.de\/de\/"},{"@type":"ListItem","position":2,"name":"&quot;Beiderseitiger Tod&quot; in Ecuador: Pr\u00e4sident Lasso l\u00f6st Parlament auf \u2013 Neuwahlen auch f\u00fcr Staatschef"}]},{"@type":"WebSite","@id":"https:\/\/now-news.de\/de\/#website","url":"https:\/\/now-news.de\/de\/","name":"just-now.NEWS Deutschland","description":"Das Portal f\u00fcr unzensierte Nachrichten aus der Welt","publisher":{"@id":"https:\/\/now-news.de\/de\/#organization"},"potentialAction":[{"@type":"SearchAction","target":{"@type":"EntryPoint","urlTemplate":"https:\/\/now-news.de\/de\/?s={search_term_string}"},"query-input":"required name=search_term_string"}],"inLanguage":"de"},{"@type":"Organization","@id":"https:\/\/now-news.de\/de\/#organization","name":"Just Now News","url":"https:\/\/now-news.de\/de\/","logo":{"@type":"ImageObject","inLanguage":"de","@id":"https:\/\/now-news.de\/de\/#\/schema\/logo\/image\/","url":"http:\/\/just-now.news\/de\/wp-content\/uploads\/sites\/3\/2022\/04\/logo500x500.jpg","contentUrl":"http:\/\/just-now.news\/de\/wp-content\/uploads\/sites\/3\/2022\/04\/logo500x500.jpg","width":500,"height":500,"caption":"Just Now News"},"image":{"@id":"https:\/\/now-news.de\/de\/#\/schema\/logo\/image\/"},"sameAs":["https:\/\/www.facebook.com\/wirmachenauf","https:\/\/x.com\/WirMachenAuf_de"]},{"@type":"Person","@id":"https:\/\/now-news.de\/de\/#\/schema\/person\/fb534a4e865501d8b3285208df34a9b5","name":"rtnews","image":{"@type":"ImageObject","inLanguage":"de","@id":"https:\/\/now-news.de\/de\/#\/schema\/person\/image\/","url":"https:\/\/secure.gravatar.com\/avatar\/82aafea7d8127119dd649515f56e2117?s=96&d=mm&r=g","contentUrl":"https:\/\/secure.gravatar.com\/avatar\/82aafea7d8127119dd649515f56e2117?s=96&d=mm&r=g","caption":"rtnews"},"url":"https:\/\/now-news.de\/de\/author\/rnews\/"}]}},"_links":{"self":[{"href":"https:\/\/now-news.de\/de\/wp-json\/wp\/v2\/posts\/36289"}],"collection":[{"href":"https:\/\/now-news.de\/de\/wp-json\/wp\/v2\/posts"}],"about":[{"href":"https:\/\/now-news.de\/de\/wp-json\/wp\/v2\/types\/post"}],"author":[{"embeddable":true,"href":"https:\/\/now-news.de\/de\/wp-json\/wp\/v2\/users\/3"}],"replies":[{"embeddable":true,"href":"https:\/\/now-news.de\/de\/wp-json\/wp\/v2\/comments?post=36289"}],"version-history":[{"count":0,"href":"https:\/\/now-news.de\/de\/wp-json\/wp\/v2\/posts\/36289\/revisions"}],"wp:featuredmedia":[{"embeddable":true,"href":"https:\/\/now-news.de\/de\/wp-json\/wp\/v2\/media\/36290"}],"wp:attachment":[{"href":"https:\/\/now-news.de\/de\/wp-json\/wp\/v2\/media?parent=36289"}],"wp:term":[{"taxonomy":"category","embeddable":true,"href":"https:\/\/now-news.de\/de\/wp-json\/wp\/v2\/categories?post=36289"},{"taxonomy":"post_tag","embeddable":true,"href":"https:\/\/now-news.de\/de\/wp-json\/wp\/v2\/tags?post=36289"}],"curies":[{"name":"wp","href":"https:\/\/api.w.org\/{rel}","templated":true}]}}