{"id":36263,"date":"2023-05-17T21:17:21","date_gmt":"2023-05-17T19:17:21","guid":{"rendered":"http:\/\/just-now.news\/de\/deutschland\/wer-nicht-passt-wird-rausgedraengt-ueber-den-umgang-mit-missliebigen-meinungen-in-deutschland\/"},"modified":"2023-05-17T21:17:21","modified_gmt":"2023-05-17T19:17:21","slug":"wer-nicht-passt-wird-rausgedraengt-ueber-den-umgang-mit-missliebigen-meinungen-in-deutschland","status":"publish","type":"post","link":"https:\/\/now-news.de\/de\/deutschland\/wer-nicht-passt-wird-rausgedraengt-ueber-den-umgang-mit-missliebigen-meinungen-in-deutschland\/","title":{"rendered":"Wer nicht passt, wird rausgedr\u00e4ngt: \u00dcber den Umgang mit &quot;missliebigen&quot; Meinungen in Deutschland"},"content":{"rendered":"<p><img decoding=\"async\" src=\"http:\/\/just-now.news\/de\/wp-content\/uploads\/sites\/3\/2023\/05\/6464ec61b480cc66dc0a2a6f.jpg\" \/><\/p>\n<div class=\"Text-root Text-type_1 \">\n                Man kann es nicht mehr leugnen: Es gibt in Deutschland politische S\u00e4uberungen. Menschen mit kontr\u00e4ren Meinungen und einer auch nur angeblich zu gro\u00dfen N\u00e4he zu Russland sollen aus dem \u00f6ffentlichen Raum verbannt werden. Der Diffamierung ist T\u00fcr und Tor ge\u00f6ffnet.\n            <\/div>\n<p><\/p>\n<div class=\"Text-root Text-type_5 ArticleView-text ViewText-root \">\n<p><em>Von Gert Ewen Ungar<\/em><\/p>\n<p>Kann sich noch jemand an Rommy Arndt erinnern? Rommy Arndt hat im Januar f\u00fcr den \u00f6ffentlich-rechtlichen Sender <em>MDR<\/em> einen H\u00f6rfunk-Kommentar zum Thema Panzerlieferungen an die Ukraine gesprochen. Sie war gegen Panzerlieferungen und es war ihr erster Kommentar f\u00fcr den <em>MDR<\/em>. Offenbar war es auch ihr Letzter. Sie erntete f\u00fcr ihre Meinung einen Shitstorm, der sich gewaschen hat.<\/p>\n<p>Die Forderungen reichten bis hin zu Berufsverbot, die bundesrepublikanische Waffenlobby drosch auf Arndt ein, was das Zeug hielt. Der <em>MDR<\/em> sah sich zu einer Klarstellung gen\u00f6tigt. Rommy Arndt bekam auch sehr viel Zuspruch, wurde f\u00fcr ihren Mut gelobt, eine Meinung \u00f6ffentlich zu \u00e4u\u00dfern, die kontr\u00e4r zur ver\u00f6ffentlichten Meinung steht.<\/p>\n<p>Allerdings sa\u00dfen diejenigen, die sich f\u00fcr Arndt einsetzten, nicht in den entsprechenden politischen Gremien und nicht in den Redaktionen deutscher Medien. Rommy Arndt ist inzwischen wie von der Bildfl\u00e4che verschwunden. \u00dcber ihre Website habe ich zweimal versucht, Kontakt aufzunehmen\u00a0\u2012 sie antwortet nicht. Zumindest mir nicht\u00a0\u2012 ich bin bei <em>RT DE<\/em>, da kommen die Antworten aus Deutschland ohnehin nur sp\u00e4rlich. Mit dem Sender der Russen spricht man nicht.\u00a0<\/p>\n<p>Man kann nur mutma\u00dfen, was konkret passiert ist, aber Rommy Arndt w\u00e4re nicht die Erste und nicht die Einzige, die\u00a0aufgrund einer falschen Meinung, einer falschen Haltung die Karriere\u00a0eingeb\u00fc\u00dft\u00a0h\u00e4tte.\u00a0Man sollte das, worum es hier geht, laut und br\u00fcsk aussprechen, denn es ist ein Skandal: Deutschland betreibt S\u00e4uberungen.\u00a0<\/p>\n<p>Das j\u00fcngste prominente Opfer ist So-yeon Schr\u00f6der-Kim, die Frau des ehemaligen Bundeskanzlers Gerhard Schr\u00f6der (immer noch SPD). Ihr wurde ein Besuch in der russischen Botschaft anl\u00e4sslich eines Empfangs zur Feier des Kriegsendes zum Verh\u00e4ngnis. Schr\u00f6der-Kim arbeitete f\u00fcr die NRW.Global Business, die dem Wirtschaftsministerium Nordrhein-Westfalens untersteht. Das Wirtschaftsministerium entlie\u00df Schr\u00f6der-Kim fristlos unter Hinweis auf die Teilnahme am Botschaftsempfang. Mit dem Russen feiert man nicht. Schon gar nicht das Kriegsende 1945.<\/p>\n<p>Zuvor wurde dem <em>NDR<\/em>-Journalisten Patrick Baab der Lehrauftrag an der Hochschule f\u00fcr Medien, Kommunikation und Wirtschaft gek\u00fcndigt. Sein Vergehen: Er war w\u00e4hrend der Zeit der Unabh\u00e4ngigkeitsreferenden im Donbass und hat sich vor Ort einen Eindruck verschafft. Das geht nicht. Zumindest nicht in Deutschland in seinem aktuellen geistigen Zustand.\u00a0<\/p>\n<p>Baab konnte sich inzwischen vor Gericht durchsetzen. Die Uni musste seine Absetzung widerrufen. Aber der Vorgang zieht nat\u00fcrlich Kreise und wirft ein absolut schlechtes Licht auf Deutschland.<\/p>\n<p>Auch die Publizistin und Professorin f\u00fcr Europapolitik an der Universit\u00e4t Bonn, Ulrike Gu\u00e9rot, musste ihre Weiterbesch\u00e4ftigung vor Gericht erstreiten. K\u00fcndigungsgrund auch hier: falsche Meinung.\u00a0<\/p>\n<p>Dem Journalisten Ulrich Heyden hat die Wochenzeitung <em>Der Freitag<\/em> die weitere Besch\u00e4ftigung verweigert. Zu ukrainekritisch.\u00a0<\/p>\n<p>Dem wenig witzigen Satiriker Jan B\u00f6hmermann war es mit falschen Anschuldigungen gelungen, die Entlassung des Chefs des Bundesamtes f\u00fcr Sicherheit in der Informationstechnik, Arne Sch\u00f6nbohm, zu bewirken. Zu gro\u00dfe N\u00e4he zu Russland, war der Vorwurf.<\/p>\n<p>Innenministerin Nancy Faeser wartete irgendwelche Ermittlungen gar nicht erst ab, sondern entlie\u00df Sch\u00f6nbohm umgehend. Die Anschuldigungen erwiesen sich als falsch. B\u00f6hmermann muss dennoch nicht mit Entlassung rechnen. Er schwimmt mit dem Strom und wettert gegen Russland. Da kann nichts passieren. Das liegt im Trend.<\/p>\n<p>B\u00f6hmermann ist ein Mitl\u00e4ufer, wie man ihn in Deutschland schon aus Gr\u00fcnden der Tradition gern hofiert. Diffamieren ist in Deutschland okay, Verleumden auch, N\u00e4he zu Russland dagegen nicht. Schon der Verdacht ist f\u00fcr das Karriereende ausreichend. Deutschland l\u00e4uft wieder mal geh\u00f6rig aus der Spur und wieder mal auf die schon bekannte Weise.\u00a0\u00a0<\/p>\n<p>Auch im Wirtschaftsministerium grassiert die Angst vorm Iwan, und Staatssekret\u00e4re, die zu Sachthemen eine andere Meinung \u00e4u\u00dfern als Wirtschaftsminister Robert Habeck (B\u00fcndnis 90\/Die Gr\u00fcnen), l\u00e4sst dieser vom Verfassungsschutz \u00fcberpr\u00fcfen. Dabei ist jedem in Russland klar, dass von der deutschen Wirtschaft in den n\u00e4chsten Dekaden keine gro\u00dfen Impulse ausgehen werden. F\u00fcr diese Erkenntnis muss man das Wirtschaftsministerium nicht unterwandern.\u00a0<\/p>\n<p>Dagegen wittert Habeck im Zusammenhang mit dem R\u00fccktritt des Staatssekret\u00e4rs Graichen eine russische Verschw\u00f6rung. Anfeindungen von rechts und die L\u00fcgen von prorussischen Accounts gegen Graichen seien unertr\u00e4glich, meint dieser in einer Pressekonferenz.<\/p>\n<div class=\"EmbedBlock-root EmbedBlock-twitter\">\n<div class=\"TwitterEmbed\">\n<blockquote class=\"twitter-tweet lazyload\" data-twitter=\"twitter-tweet\">\n<p lang=\"de\" dir=\"ltr\"><a rel=\"nofollow noopener\" target=\"_blank\" href=\"https:\/\/twitter.com\/hashtag\/Hetze?src=hash&amp;ref_src=twsrc%5Etfw\">#Hetze<\/a> | &#8220;So k\u00f6nnen und d\u00fcrfen politischen Debatten nicht ausarten,&#8221; warnt Bundeswirtschaftsminister Robert <a rel=\"nofollow noopener\" target=\"_blank\" href=\"https:\/\/twitter.com\/hashtag\/Habeck?src=hash&amp;ref_src=twsrc%5Etfw\">#Habeck<\/a>. Die Anfeindungen und L\u00fcgen rechtsextremer und prorussischer Accounts gegen <a rel=\"nofollow noopener\" target=\"_blank\" href=\"https:\/\/twitter.com\/hashtag\/PatrickGraichen?src=hash&amp;ref_src=twsrc%5Etfw\">#PatrickGraichen<\/a> seien unertr\u00e4glich. <a rel=\"nofollow noopener\" target=\"_blank\" href=\"https:\/\/twitter.com\/hashtag\/Graichen?src=hash&amp;ref_src=twsrc%5Etfw\">#Graichen<\/a> habe gro\u00dfes geleistet. <a rel=\"nofollow noopener\" target=\"_blank\" href=\"https:\/\/twitter.com\/BMWK?ref_src=twsrc%5Etfw\">@bmwk<\/a><a rel=\"nofollow noopener\" target=\"_blank\" href=\"https:\/\/t.co\/9oPlxU70LK\">pic.twitter.com\/9oPlxU70LK<\/a><\/p>\n<p>\u2014 phoenix (@phoenix_de) <a rel=\"nofollow noopener\" target=\"_blank\" href=\"https:\/\/twitter.com\/phoenix_de\/status\/1658772074888822784?ref_src=twsrc%5Etfw\">May 17, 2023<\/a><\/p><\/blockquote>\n<\/div>\n<\/div>\n<p>Er macht prorussische, rechte Kr\u00e4fte f\u00fcr den Zwang zum R\u00fccktritt verantwortlich. Dabei ging es eigentlich um den Vorwurf von Einstellungen bei zu gro\u00dfer famili\u00e4rer N\u00e4he unter Missachtung der Ausschreibungsregeln. Was Russland damit zu tun haben soll, bleibt unklar. Aber es sagt nat\u00fcrlich viel \u00fcber den geistigen Zustand des Wirtschaftsministers, wenn dieser in der Graichen-Aff\u00e4re Russland am Werk sieht. Es deutet auf eine Mischung aus Gr\u00f6\u00dfenwahn und Paranoia.\u00a0<\/p>\n<p>Man k\u00f6nnte es noch fortsetzen. Klar ist: In Deutschland, dort vor allem in Medien und Politik, werden S\u00e4uberungen betrieben. Es wird ausgemerzt. Man ruft zur Hatz auf, diesmal zur Hatz auf Russen und jene, die Russen nahestehen. Man lenkt so ab von inneren Differenzen, von eigenen Defiziten, vermeidet notwendige, inhaltliche Diskussionen. Man hat einen S\u00fcndenbock. Deutschland entfernt sich in seinem Russenhass von den Grunds\u00e4tzen eines demokratischen, dem Pluralismus verpflichteten Staates immer weiter.<\/p>\n<p>Man glaubt in Deutschland wieder ganz offiziell an die gro\u00dfe Verschw\u00f6rung. Nicht die j\u00fcdisch-bolschewistische, dieses Mal ist es die russische Verschw\u00f6rung, die sich aber wie ein Krebsgeschw\u00fcr in die deutsche Gesellschaft hinein ausbreitet und ausgemerzt werden muss. Es braucht diese S\u00e4uberungen, denn der Iwan ist dabei, Deutschland zu unterwandern.\u00a0<\/p>\n<p>\u00dcberall\u00a0sieht man in Deutschland\u00a0prorussische Accounts am Werk, Trollfabriken arbeiten Tag und Nacht, um die Meinung der Deutschen zu beeinflussen, Putin sichert sich Einfluss im Verborgenen, russische Seilschaften sind \u00fcberall und verbinden die politischen Extreme in Deutschland.<\/p>\n<p>Man ist selbst bei der Rhetorik wieder da angekommen, wo man 1945 aufh\u00f6ren musste. Es ist alter deutscher Wahn in neuem Gewand. Krank ist es dennoch, und es ist eine Krankheit, f\u00fcr die Deutschland besonders anf\u00e4llig ist. Und was am meisten Besorgnis erregt: Deutschland verf\u00fcgt \u00fcber keine Selbstheilungskr\u00e4fte.\u00a0<\/p>\n<p><strong>Mehr zum Thema<\/strong>\u00a0\u2013 <a rel=\"nofollow noopener\" target=\"_blank\" href=\"https:\/\/fromrussiawithlove.rtde.live\/meinung\/154107-desinformation-mainstream-blaest-zur-naechsten-runde\/\">&#8220;Warum stoppt niemand RT DE?&#8221; \u2013 Mainstream bl\u00e4st zur n\u00e4chsten Runde im Propagandakampf<\/a><\/p>\n<\/div>\n<p><script async src=\"https:\/\/platform.twitter.com\/widgets.js\" charset=\"utf-8\"><\/script><br \/>\n<br \/><br \/>\n<br \/><a href=\"https:\/\/de.rt.com\/meinung\/170335-wer-nicht-passt-wird-rausgedraengt\/\">Source link <\/a><\/p>\n","protected":false},"excerpt":{"rendered":"<p>Man kann es nicht mehr leugnen: Es gibt in Deutschland politische S\u00e4uberungen. Menschen mit kontr\u00e4ren Meinungen und einer auch nur angeblich zu gro\u00dfen N\u00e4he zu Russland sollen aus dem \u00f6ffentlichen Raum verbannt werden. Der Diffamierung ist T\u00fcr und Tor ge\u00f6ffnet. Von Gert Ewen Ungar Kann sich noch jemand an Rommy Arndt erinnern? Rommy Arndt hat [&hellip;]<\/p>\n","protected":false},"author":3,"featured_media":36264,"comment_status":"open","ping_status":"open","sticky":false,"template":"","format":"standard","meta":{"_yoast_indexnow_last_ping":["1684351433"],"wp_automatic_camp":["217"],"6ece047d5e25987e403c5f39419db8f7":["Wer nicht passt, wird rausgedr\u00e4ngt: \u00dcber den Umgang mit &quot;missliebigen&quot; Meinungen in Deutschland"],"original_link":["https:\/\/de.rt.com\/meinung\/170335-wer-nicht-passt-wird-rausgedraengt\/"],"_thumbnail_id":["36264"],"jnews_social_counter_last_update":["1788222627"],"_wptgpro_p2tg_sent2tg":["a:1:{i:23737;s:19:\"2023-05-17 21:25:07\";}"]},"categories":[19,23],"tags":[48,179,20635,419,800,40355,44432,44431,139,6306,8965,374],"class_list":["post-36263","post","type-post","status-publish","format-standard","has-post-thumbnail","hentry","category-deutschland","category-russland","tag-den","tag-deutschland","tag-meinungen","tag-mit","tag-nicht","tag-passt","tag-quotmissliebigenquot","tag-rausgedraengt","tag-ueber","tag-umgang","tag-wer","tag-wird"],"yoast_head":"<!-- This site is optimized with the Yoast SEO Premium plugin v22.7 (Yoast SEO v28.2) - https:\/\/yoast.com\/product\/yoast-seo-premium-wordpress\/ -->\n<title>Wer nicht passt, wird rausgedr\u00e4ngt: \u00dcber den Umgang mit &quot;missliebigen&quot; Meinungen in Deutschland - just-now.NEWS Deutschland<\/title>\n<meta name=\"robots\" content=\"index, follow, max-snippet:-1, max-image-preview:large, max-video-preview:-1\" \/>\n<link rel=\"canonical\" href=\"https:\/\/now-news.de\/de\/deutschland\/wer-nicht-passt-wird-rausgedraengt-ueber-den-umgang-mit-missliebigen-meinungen-in-deutschland\/\" \/>\n<meta property=\"og:locale\" content=\"de_DE\" \/>\n<meta property=\"og:type\" content=\"article\" \/>\n<meta property=\"og:title\" content=\"Wer nicht passt, wird rausgedr\u00e4ngt: \u00dcber den Umgang mit &quot;missliebigen&quot; Meinungen in Deutschland\" \/>\n<meta property=\"og:description\" content=\"Man kann es nicht mehr leugnen: Es gibt in Deutschland politische S\u00e4uberungen. Menschen mit kontr\u00e4ren Meinungen und einer auch nur angeblich zu gro\u00dfen N\u00e4he zu Russland sollen aus dem \u00f6ffentlichen Raum verbannt werden. Der Diffamierung ist T\u00fcr und Tor ge\u00f6ffnet. Von Gert Ewen Ungar Kann sich noch jemand an Rommy Arndt erinnern? Rommy Arndt hat [&hellip;]\" \/>\n<meta property=\"og:url\" content=\"https:\/\/now-news.de\/de\/deutschland\/wer-nicht-passt-wird-rausgedraengt-ueber-den-umgang-mit-missliebigen-meinungen-in-deutschland\/\" \/>\n<meta property=\"og:site_name\" content=\"just-now.NEWS Deutschland\" \/>\n<meta property=\"article:publisher\" content=\"https:\/\/www.facebook.com\/wirmachenauf\" \/>\n<meta property=\"article:published_time\" content=\"2023-05-17T19:17:21+00:00\" \/>\n<meta property=\"og:image\" content=\"https:\/\/now-news.de\/de\/wp-content\/uploads\/sites\/3\/2023\/05\/Wer-nicht-passt-wird-rausgedraengt-Ueber-den-Umgang-mit-quotmissliebigenquot.jpg\" \/>\n\t<meta property=\"og:image:width\" content=\"460\" \/>\n\t<meta property=\"og:image:height\" content=\"259\" \/>\n\t<meta property=\"og:image:type\" content=\"image\/jpeg\" \/>\n<meta name=\"author\" content=\"rtnews\" \/>\n<meta name=\"twitter:card\" content=\"summary_large_image\" \/>\n<meta name=\"twitter:creator\" content=\"@WirMachenAuf_de\" \/>\n<meta name=\"twitter:site\" content=\"@WirMachenAuf_de\" \/>\n<meta name=\"twitter:label1\" content=\"Verfasst von\" \/>\n\t<meta name=\"twitter:data1\" content=\"rtnews\" \/>\n\t<meta name=\"twitter:label2\" content=\"Gesch\u00e4tzte Lesezeit\" \/>\n\t<meta name=\"twitter:data2\" content=\"6\u00a0Minuten\" \/>\n<script type=\"application\/ld+json\" class=\"yoast-schema-graph\">{\"@context\":\"https:\\\/\\\/schema.org\",\"@graph\":[{\"@type\":\"Article\",\"@id\":\"https:\\\/\\\/now-news.de\\\/de\\\/deutschland\\\/wer-nicht-passt-wird-rausgedraengt-ueber-den-umgang-mit-missliebigen-meinungen-in-deutschland\\\/#article\",\"isPartOf\":{\"@id\":\"https:\\\/\\\/now-news.de\\\/de\\\/deutschland\\\/wer-nicht-passt-wird-rausgedraengt-ueber-den-umgang-mit-missliebigen-meinungen-in-deutschland\\\/\"},\"author\":{\"name\":\"rtnews\",\"@id\":\"https:\\\/\\\/now-news.de\\\/de\\\/#\\\/schema\\\/person\\\/fb534a4e865501d8b3285208df34a9b5\"},\"headline\":\"Wer nicht passt, wird rausgedr\u00e4ngt: \u00dcber den Umgang mit &quot;missliebigen&quot; Meinungen in Deutschland\",\"datePublished\":\"2023-05-17T19:17:21+00:00\",\"mainEntityOfPage\":{\"@id\":\"https:\\\/\\\/now-news.de\\\/de\\\/deutschland\\\/wer-nicht-passt-wird-rausgedraengt-ueber-den-umgang-mit-missliebigen-meinungen-in-deutschland\\\/\"},\"wordCount\":1120,\"commentCount\":1,\"publisher\":{\"@id\":\"https:\\\/\\\/now-news.de\\\/de\\\/#organization\"},\"image\":{\"@id\":\"https:\\\/\\\/now-news.de\\\/de\\\/deutschland\\\/wer-nicht-passt-wird-rausgedraengt-ueber-den-umgang-mit-missliebigen-meinungen-in-deutschland\\\/#primaryimage\"},\"thumbnailUrl\":\"https:\\\/\\\/now-news.de\\\/de\\\/wp-content\\\/uploads\\\/sites\\\/3\\\/2023\\\/05\\\/Wer-nicht-passt-wird-rausgedraengt-Ueber-den-Umgang-mit-quotmissliebigenquot.jpg\",\"keywords\":[\"den\",\"Deutschland\",\"Meinungen\",\"mit\",\"nicht\",\"passt\",\"quotmissliebigenquot\",\"rausgedr\u00e4ngt\",\"\u00fcber\",\"Umgang\",\"Wer\",\"wird\"],\"articleSection\":[\"Deutschland\",\"Russland\"],\"inLanguage\":\"de\",\"potentialAction\":[{\"@type\":\"CommentAction\",\"name\":\"Comment\",\"target\":[\"https:\\\/\\\/now-news.de\\\/de\\\/deutschland\\\/wer-nicht-passt-wird-rausgedraengt-ueber-den-umgang-mit-missliebigen-meinungen-in-deutschland\\\/#respond\"]}]},{\"@type\":\"WebPage\",\"@id\":\"https:\\\/\\\/now-news.de\\\/de\\\/deutschland\\\/wer-nicht-passt-wird-rausgedraengt-ueber-den-umgang-mit-missliebigen-meinungen-in-deutschland\\\/\",\"url\":\"https:\\\/\\\/now-news.de\\\/de\\\/deutschland\\\/wer-nicht-passt-wird-rausgedraengt-ueber-den-umgang-mit-missliebigen-meinungen-in-deutschland\\\/\",\"name\":\"Wer nicht passt, wird rausgedr\u00e4ngt: \u00dcber den Umgang mit &quot;missliebigen&quot; Meinungen in Deutschland - just-now.NEWS Deutschland\",\"isPartOf\":{\"@id\":\"https:\\\/\\\/now-news.de\\\/de\\\/#website\"},\"primaryImageOfPage\":{\"@id\":\"https:\\\/\\\/now-news.de\\\/de\\\/deutschland\\\/wer-nicht-passt-wird-rausgedraengt-ueber-den-umgang-mit-missliebigen-meinungen-in-deutschland\\\/#primaryimage\"},\"image\":{\"@id\":\"https:\\\/\\\/now-news.de\\\/de\\\/deutschland\\\/wer-nicht-passt-wird-rausgedraengt-ueber-den-umgang-mit-missliebigen-meinungen-in-deutschland\\\/#primaryimage\"},\"thumbnailUrl\":\"https:\\\/\\\/now-news.de\\\/de\\\/wp-content\\\/uploads\\\/sites\\\/3\\\/2023\\\/05\\\/Wer-nicht-passt-wird-rausgedraengt-Ueber-den-Umgang-mit-quotmissliebigenquot.jpg\",\"datePublished\":\"2023-05-17T19:17:21+00:00\",\"breadcrumb\":{\"@id\":\"https:\\\/\\\/now-news.de\\\/de\\\/deutschland\\\/wer-nicht-passt-wird-rausgedraengt-ueber-den-umgang-mit-missliebigen-meinungen-in-deutschland\\\/#breadcrumb\"},\"inLanguage\":\"de\",\"potentialAction\":[{\"@type\":\"ReadAction\",\"target\":[\"https:\\\/\\\/now-news.de\\\/de\\\/deutschland\\\/wer-nicht-passt-wird-rausgedraengt-ueber-den-umgang-mit-missliebigen-meinungen-in-deutschland\\\/\"]}]},{\"@type\":\"ImageObject\",\"inLanguage\":\"de\",\"@id\":\"https:\\\/\\\/now-news.de\\\/de\\\/deutschland\\\/wer-nicht-passt-wird-rausgedraengt-ueber-den-umgang-mit-missliebigen-meinungen-in-deutschland\\\/#primaryimage\",\"url\":\"https:\\\/\\\/now-news.de\\\/de\\\/wp-content\\\/uploads\\\/sites\\\/3\\\/2023\\\/05\\\/Wer-nicht-passt-wird-rausgedraengt-Ueber-den-Umgang-mit-quotmissliebigenquot.jpg\",\"contentUrl\":\"https:\\\/\\\/now-news.de\\\/de\\\/wp-content\\\/uploads\\\/sites\\\/3\\\/2023\\\/05\\\/Wer-nicht-passt-wird-rausgedraengt-Ueber-den-Umgang-mit-quotmissliebigenquot.jpg\",\"width\":460,\"height\":259,\"caption\":\"Wer nicht passt, wird rausgedr\u00e4ngt: \u00dcber den Umgang mit &quot;missliebigen&quot; Meinungen in Deutschland\"},{\"@type\":\"BreadcrumbList\",\"@id\":\"https:\\\/\\\/now-news.de\\\/de\\\/deutschland\\\/wer-nicht-passt-wird-rausgedraengt-ueber-den-umgang-mit-missliebigen-meinungen-in-deutschland\\\/#breadcrumb\",\"itemListElement\":[{\"@type\":\"ListItem\",\"position\":1,\"name\":\"Home\",\"item\":\"https:\\\/\\\/now-news.de\\\/de\\\/\"},{\"@type\":\"ListItem\",\"position\":2,\"name\":\"Wer nicht passt, wird rausgedr\u00e4ngt: \u00dcber den Umgang mit &quot;missliebigen&quot; Meinungen in Deutschland\"}]},{\"@type\":\"WebSite\",\"@id\":\"https:\\\/\\\/now-news.de\\\/de\\\/#website\",\"url\":\"https:\\\/\\\/now-news.de\\\/de\\\/\",\"name\":\"just-now.NEWS Deutschland\",\"description\":\"Das Portal f\u00fcr unzensierte Nachrichten aus der Welt\",\"publisher\":{\"@id\":\"https:\\\/\\\/now-news.de\\\/de\\\/#organization\"},\"potentialAction\":[{\"@type\":\"SearchAction\",\"target\":{\"@type\":\"EntryPoint\",\"urlTemplate\":\"https:\\\/\\\/now-news.de\\\/de\\\/?s={search_term_string}\"},\"query-input\":{\"@type\":\"PropertyValueSpecification\",\"valueRequired\":true,\"valueName\":\"search_term_string\"}}],\"inLanguage\":\"de\"},{\"@type\":\"Organization\",\"@id\":\"https:\\\/\\\/now-news.de\\\/de\\\/#organization\",\"name\":\"Just Now News\",\"url\":\"https:\\\/\\\/now-news.de\\\/de\\\/\",\"logo\":{\"@type\":\"ImageObject\",\"inLanguage\":\"de\",\"@id\":\"https:\\\/\\\/now-news.de\\\/de\\\/#\\\/schema\\\/logo\\\/image\\\/\",\"url\":\"http:\\\/\\\/just-now.news\\\/de\\\/wp-content\\\/uploads\\\/sites\\\/3\\\/2022\\\/04\\\/logo500x500.jpg\",\"contentUrl\":\"http:\\\/\\\/just-now.news\\\/de\\\/wp-content\\\/uploads\\\/sites\\\/3\\\/2022\\\/04\\\/logo500x500.jpg\",\"width\":500,\"height\":500,\"caption\":\"Just Now News\"},\"image\":{\"@id\":\"https:\\\/\\\/now-news.de\\\/de\\\/#\\\/schema\\\/logo\\\/image\\\/\"},\"sameAs\":[\"https:\\\/\\\/www.facebook.com\\\/wirmachenauf\",\"https:\\\/\\\/x.com\\\/WirMachenAuf_de\"]},{\"@type\":\"Person\",\"@id\":\"https:\\\/\\\/now-news.de\\\/de\\\/#\\\/schema\\\/person\\\/fb534a4e865501d8b3285208df34a9b5\",\"name\":\"rtnews\",\"image\":{\"@type\":\"ImageObject\",\"inLanguage\":\"de\",\"@id\":\"https:\\\/\\\/secure.gravatar.com\\\/avatar\\\/358fe31b3ab5769fea05376e1953329834cd9912cf9daf607e2af3076a1b982b?s=96&d=mm&r=g\",\"url\":\"https:\\\/\\\/secure.gravatar.com\\\/avatar\\\/358fe31b3ab5769fea05376e1953329834cd9912cf9daf607e2af3076a1b982b?s=96&d=mm&r=g\",\"contentUrl\":\"https:\\\/\\\/secure.gravatar.com\\\/avatar\\\/358fe31b3ab5769fea05376e1953329834cd9912cf9daf607e2af3076a1b982b?s=96&d=mm&r=g\",\"caption\":\"rtnews\"},\"url\":\"https:\\\/\\\/now-news.de\\\/de\\\/author\\\/rnews\\\/\"}]}<\/script>\n<!-- \/ Yoast SEO Premium plugin. -->","yoast_head_json":{"title":"Wer nicht passt, wird rausgedr\u00e4ngt: \u00dcber den Umgang mit &quot;missliebigen&quot; Meinungen in Deutschland - just-now.NEWS Deutschland","robots":{"index":"index","follow":"follow","max-snippet":"max-snippet:-1","max-image-preview":"max-image-preview:large","max-video-preview":"max-video-preview:-1"},"canonical":"https:\/\/now-news.de\/de\/deutschland\/wer-nicht-passt-wird-rausgedraengt-ueber-den-umgang-mit-missliebigen-meinungen-in-deutschland\/","og_locale":"de_DE","og_type":"article","og_title":"Wer nicht passt, wird rausgedr\u00e4ngt: \u00dcber den Umgang mit &quot;missliebigen&quot; Meinungen in Deutschland","og_description":"Man kann es nicht mehr leugnen: Es gibt in Deutschland politische S\u00e4uberungen. Menschen mit kontr\u00e4ren Meinungen und einer auch nur angeblich zu gro\u00dfen N\u00e4he zu Russland sollen aus dem \u00f6ffentlichen Raum verbannt werden. Der Diffamierung ist T\u00fcr und Tor ge\u00f6ffnet. Von Gert Ewen Ungar Kann sich noch jemand an Rommy Arndt erinnern? Rommy Arndt hat [&hellip;]","og_url":"https:\/\/now-news.de\/de\/deutschland\/wer-nicht-passt-wird-rausgedraengt-ueber-den-umgang-mit-missliebigen-meinungen-in-deutschland\/","og_site_name":"just-now.NEWS Deutschland","article_publisher":"https:\/\/www.facebook.com\/wirmachenauf","article_published_time":"2023-05-17T19:17:21+00:00","og_image":[{"width":460,"height":259,"url":"https:\/\/now-news.de\/de\/wp-content\/uploads\/sites\/3\/2023\/05\/Wer-nicht-passt-wird-rausgedraengt-Ueber-den-Umgang-mit-quotmissliebigenquot.jpg","type":"image\/jpeg"}],"author":"rtnews","twitter_card":"summary_large_image","twitter_creator":"@WirMachenAuf_de","twitter_site":"@WirMachenAuf_de","twitter_misc":{"Verfasst von":"rtnews","Gesch\u00e4tzte Lesezeit":"6\u00a0Minuten"},"schema":{"@context":"https:\/\/schema.org","@graph":[{"@type":"Article","@id":"https:\/\/now-news.de\/de\/deutschland\/wer-nicht-passt-wird-rausgedraengt-ueber-den-umgang-mit-missliebigen-meinungen-in-deutschland\/#article","isPartOf":{"@id":"https:\/\/now-news.de\/de\/deutschland\/wer-nicht-passt-wird-rausgedraengt-ueber-den-umgang-mit-missliebigen-meinungen-in-deutschland\/"},"author":{"name":"rtnews","@id":"https:\/\/now-news.de\/de\/#\/schema\/person\/fb534a4e865501d8b3285208df34a9b5"},"headline":"Wer nicht passt, wird rausgedr\u00e4ngt: \u00dcber den Umgang mit &quot;missliebigen&quot; Meinungen in Deutschland","datePublished":"2023-05-17T19:17:21+00:00","mainEntityOfPage":{"@id":"https:\/\/now-news.de\/de\/deutschland\/wer-nicht-passt-wird-rausgedraengt-ueber-den-umgang-mit-missliebigen-meinungen-in-deutschland\/"},"wordCount":1120,"commentCount":1,"publisher":{"@id":"https:\/\/now-news.de\/de\/#organization"},"image":{"@id":"https:\/\/now-news.de\/de\/deutschland\/wer-nicht-passt-wird-rausgedraengt-ueber-den-umgang-mit-missliebigen-meinungen-in-deutschland\/#primaryimage"},"thumbnailUrl":"https:\/\/now-news.de\/de\/wp-content\/uploads\/sites\/3\/2023\/05\/Wer-nicht-passt-wird-rausgedraengt-Ueber-den-Umgang-mit-quotmissliebigenquot.jpg","keywords":["den","Deutschland","Meinungen","mit","nicht","passt","quotmissliebigenquot","rausgedr\u00e4ngt","\u00fcber","Umgang","Wer","wird"],"articleSection":["Deutschland","Russland"],"inLanguage":"de","potentialAction":[{"@type":"CommentAction","name":"Comment","target":["https:\/\/now-news.de\/de\/deutschland\/wer-nicht-passt-wird-rausgedraengt-ueber-den-umgang-mit-missliebigen-meinungen-in-deutschland\/#respond"]}]},{"@type":"WebPage","@id":"https:\/\/now-news.de\/de\/deutschland\/wer-nicht-passt-wird-rausgedraengt-ueber-den-umgang-mit-missliebigen-meinungen-in-deutschland\/","url":"https:\/\/now-news.de\/de\/deutschland\/wer-nicht-passt-wird-rausgedraengt-ueber-den-umgang-mit-missliebigen-meinungen-in-deutschland\/","name":"Wer nicht passt, wird rausgedr\u00e4ngt: \u00dcber den Umgang mit &quot;missliebigen&quot; Meinungen in Deutschland - just-now.NEWS Deutschland","isPartOf":{"@id":"https:\/\/now-news.de\/de\/#website"},"primaryImageOfPage":{"@id":"https:\/\/now-news.de\/de\/deutschland\/wer-nicht-passt-wird-rausgedraengt-ueber-den-umgang-mit-missliebigen-meinungen-in-deutschland\/#primaryimage"},"image":{"@id":"https:\/\/now-news.de\/de\/deutschland\/wer-nicht-passt-wird-rausgedraengt-ueber-den-umgang-mit-missliebigen-meinungen-in-deutschland\/#primaryimage"},"thumbnailUrl":"https:\/\/now-news.de\/de\/wp-content\/uploads\/sites\/3\/2023\/05\/Wer-nicht-passt-wird-rausgedraengt-Ueber-den-Umgang-mit-quotmissliebigenquot.jpg","datePublished":"2023-05-17T19:17:21+00:00","breadcrumb":{"@id":"https:\/\/now-news.de\/de\/deutschland\/wer-nicht-passt-wird-rausgedraengt-ueber-den-umgang-mit-missliebigen-meinungen-in-deutschland\/#breadcrumb"},"inLanguage":"de","potentialAction":[{"@type":"ReadAction","target":["https:\/\/now-news.de\/de\/deutschland\/wer-nicht-passt-wird-rausgedraengt-ueber-den-umgang-mit-missliebigen-meinungen-in-deutschland\/"]}]},{"@type":"ImageObject","inLanguage":"de","@id":"https:\/\/now-news.de\/de\/deutschland\/wer-nicht-passt-wird-rausgedraengt-ueber-den-umgang-mit-missliebigen-meinungen-in-deutschland\/#primaryimage","url":"https:\/\/now-news.de\/de\/wp-content\/uploads\/sites\/3\/2023\/05\/Wer-nicht-passt-wird-rausgedraengt-Ueber-den-Umgang-mit-quotmissliebigenquot.jpg","contentUrl":"https:\/\/now-news.de\/de\/wp-content\/uploads\/sites\/3\/2023\/05\/Wer-nicht-passt-wird-rausgedraengt-Ueber-den-Umgang-mit-quotmissliebigenquot.jpg","width":460,"height":259,"caption":"Wer nicht passt, wird rausgedr\u00e4ngt: \u00dcber den Umgang mit &quot;missliebigen&quot; Meinungen in Deutschland"},{"@type":"BreadcrumbList","@id":"https:\/\/now-news.de\/de\/deutschland\/wer-nicht-passt-wird-rausgedraengt-ueber-den-umgang-mit-missliebigen-meinungen-in-deutschland\/#breadcrumb","itemListElement":[{"@type":"ListItem","position":1,"name":"Home","item":"https:\/\/now-news.de\/de\/"},{"@type":"ListItem","position":2,"name":"Wer nicht passt, wird rausgedr\u00e4ngt: \u00dcber den Umgang mit &quot;missliebigen&quot; Meinungen in Deutschland"}]},{"@type":"WebSite","@id":"https:\/\/now-news.de\/de\/#website","url":"https:\/\/now-news.de\/de\/","name":"just-now.NEWS Deutschland","description":"Das Portal f\u00fcr unzensierte Nachrichten aus der Welt","publisher":{"@id":"https:\/\/now-news.de\/de\/#organization"},"potentialAction":[{"@type":"SearchAction","target":{"@type":"EntryPoint","urlTemplate":"https:\/\/now-news.de\/de\/?s={search_term_string}"},"query-input":{"@type":"PropertyValueSpecification","valueRequired":true,"valueName":"search_term_string"}}],"inLanguage":"de"},{"@type":"Organization","@id":"https:\/\/now-news.de\/de\/#organization","name":"Just Now News","url":"https:\/\/now-news.de\/de\/","logo":{"@type":"ImageObject","inLanguage":"de","@id":"https:\/\/now-news.de\/de\/#\/schema\/logo\/image\/","url":"http:\/\/just-now.news\/de\/wp-content\/uploads\/sites\/3\/2022\/04\/logo500x500.jpg","contentUrl":"http:\/\/just-now.news\/de\/wp-content\/uploads\/sites\/3\/2022\/04\/logo500x500.jpg","width":500,"height":500,"caption":"Just Now News"},"image":{"@id":"https:\/\/now-news.de\/de\/#\/schema\/logo\/image\/"},"sameAs":["https:\/\/www.facebook.com\/wirmachenauf","https:\/\/x.com\/WirMachenAuf_de"]},{"@type":"Person","@id":"https:\/\/now-news.de\/de\/#\/schema\/person\/fb534a4e865501d8b3285208df34a9b5","name":"rtnews","image":{"@type":"ImageObject","inLanguage":"de","@id":"https:\/\/secure.gravatar.com\/avatar\/358fe31b3ab5769fea05376e1953329834cd9912cf9daf607e2af3076a1b982b?s=96&d=mm&r=g","url":"https:\/\/secure.gravatar.com\/avatar\/358fe31b3ab5769fea05376e1953329834cd9912cf9daf607e2af3076a1b982b?s=96&d=mm&r=g","contentUrl":"https:\/\/secure.gravatar.com\/avatar\/358fe31b3ab5769fea05376e1953329834cd9912cf9daf607e2af3076a1b982b?s=96&d=mm&r=g","caption":"rtnews"},"url":"https:\/\/now-news.de\/de\/author\/rnews\/"}]}},"_links":{"self":[{"href":"https:\/\/now-news.de\/de\/wp-json\/wp\/v2\/posts\/36263","targetHints":{"allow":["GET"]}}],"collection":[{"href":"https:\/\/now-news.de\/de\/wp-json\/wp\/v2\/posts"}],"about":[{"href":"https:\/\/now-news.de\/de\/wp-json\/wp\/v2\/types\/post"}],"author":[{"embeddable":true,"href":"https:\/\/now-news.de\/de\/wp-json\/wp\/v2\/users\/3"}],"replies":[{"embeddable":true,"href":"https:\/\/now-news.de\/de\/wp-json\/wp\/v2\/comments?post=36263"}],"version-history":[{"count":0,"href":"https:\/\/now-news.de\/de\/wp-json\/wp\/v2\/posts\/36263\/revisions"}],"wp:featuredmedia":[{"embeddable":true,"href":"https:\/\/now-news.de\/de\/wp-json\/wp\/v2\/media\/36264"}],"wp:attachment":[{"href":"https:\/\/now-news.de\/de\/wp-json\/wp\/v2\/media?parent=36263"}],"wp:term":[{"taxonomy":"category","embeddable":true,"href":"https:\/\/now-news.de\/de\/wp-json\/wp\/v2\/categories?post=36263"},{"taxonomy":"post_tag","embeddable":true,"href":"https:\/\/now-news.de\/de\/wp-json\/wp\/v2\/tags?post=36263"}],"curies":[{"name":"wp","href":"https:\/\/api.w.org\/{rel}","templated":true}]}}