{"id":36247,"date":"2023-05-17T17:09:02","date_gmt":"2023-05-17T15:09:02","guid":{"rendered":"https:\/\/just-now.news\/de\/deutschland\/verdi-landesbezirkschefin-berlin-brandenburg-blockiert-interne-recherchen-zu-vetternwirtschaft\/"},"modified":"2023-05-17T17:09:02","modified_gmt":"2023-05-17T15:09:02","slug":"verdi-landesbezirkschefin-berlin-brandenburg-blockiert-interne-recherchen-zu-vetternwirtschaft","status":"publish","type":"post","link":"https:\/\/now-news.de\/de\/deutschland\/verdi-landesbezirkschefin-berlin-brandenburg-blockiert-interne-recherchen-zu-vetternwirtschaft\/","title":{"rendered":"Verdi-Landesbezirkschefin Berlin-Brandenburg blockiert interne Recherchen zu &quot;Vetternwirtschaft&quot;"},"content":{"rendered":"<p><img decoding=\"async\" src=\"http:\/\/just-now.news\/de\/wp-content\/uploads\/sites\/3\/2023\/05\/6464a6d5b480cc35ff380fdc.jpg\" \/><\/p>\n<div class=\"Text-root Text-type_1 \">\n                Andrea K\u00fchnemann, die auch RBB-Rundfunkratbeisitzende ist, forderte laut Medienrecherchen bei einer Delegiertenversammlung von Verdi die unmissverst\u00e4ndliche Einstellung von Antr\u00e4gen zur Untersuchung von interner &#8220;Vetternwirtschaft&#8221;. Zudem soll sie ein Mitglied unter Druck gesetzt haben. Dabei steht K\u00fchnemann selbst unter dem Verdacht der Vorteilsnahme.\n            <\/div>\n<p><\/p>\n<div class=\"Text-root Text-type_5 ArticleView-text ViewText-root \">\n<p>Andrea K\u00fchnemann (SPD-<a rel=\"nofollow noopener\" target=\"_blank\" href=\"http:\/\/www.andrea-kuehnemann.de\/zu_meiner_person\/index.html\">Mitglied<\/a> seit 1981) trat erst Anfang des Jahres den Posten als Verdi-Landesbezirksleiterin der Regionalverb\u00e4nde Berlin-Brandenburg\u00a0in der Nachfolge von Frank Wolf an. Die Gewerkschaft\u00a0hat rund 105.000 Mitglieder in Berlin und knapp 60.000 in Brandenburg.<\/p>\n<p>Am 24. und 25. Februar wurde K\u00fchnemann auf\u00a0einer daf\u00fcr einberufenen Delegiertenkonferenz mit entsprechendem Zuspruch der Anwesenden gew\u00e4hlt. <a rel=\"nofollow noopener\" target=\"_blank\" href=\"https:\/\/www.businessinsider.de\/wirtschaft\/verdi-wie-berlin-chefin-regeln-gegen-vetternwirtschaft-verhindert\/\">Recherchen<\/a> der Webseite<em> Business Insider (BI)<\/em>\u00a0werfen nun jedoch ein recht spezielles Licht auf die amtierende Vorsitzende (Bezahlschranke). In dem Artikel hei\u00dft es darlegend:<\/p>\n<blockquote>\n<p><em>&#8220;So harmonisch die Wahl stattfand, so hart sind nun die Vorw\u00fcrfe, was am Rande der Konferenz geschehen sein soll: So \u00fcbte K\u00fchnemann nach Recherchen von Business Insider Druck auf ein Verdi-Mitglied aus, um die Einf\u00fchrung von Regeln gegen Vetternwirtschaft zu verhindern, \u00fcber die auf der Konferenz ebenfalls abgestimmt werden sollte.&#8221;<\/em><\/p>\n<\/blockquote>\n<p>Mitte Februar hatte die <em>Business Insider<\/em>-Redaktion bereits <a rel=\"nofollow noopener\" target=\"_blank\" href=\"https:\/\/www.businessinsider.de\/wirtschaft\/filz-angehoerige-von-verdi-funktionaeren-bekommen-posten-b\/\">recherchiert<\/a>, dass in Berlin &#8220;Ehepartner und Familienangeh\u00f6rige von Verdi-Funktion\u00e4ren in dem Gewerkschaftslandesbezirk begehrte Posten erhalten&#8221; hatten (Bezahlschranke). Diese Vorw\u00fcrfe betrafen auch den Schwager K\u00fchnemanns, der ihr &#8220;mittlerweile als Gewerkschaftssekret\u00e4r unmittelbar zuarbeitet&#8221;, so der <em>BI<\/em>-Artikel. Entsprechende Postenvergaben wurden &#8220;weder ausgeschrieben, noch wurden daf\u00fcr Vergleichsangebote eingeholt.&#8221; Der Artikel fasst zusammen:<\/p>\n<blockquote>\n<p><em>&#8220;Bek\u00e4me die Gewerkschaft derartige Postenvergaben bei \u00f6ffentlichen Arbeitgebern oder gro\u00dfen Dax-Konzernen mit, w\u00fcrden die Verdi-Funktion\u00e4re dies \u00f6ffentlichkeitswirksam als Filz anprangern.&#8221;<\/em><\/p>\n<\/blockquote>\n<p>W\u00e4hrend der Delegiertenversammlung Ende Februar habe K\u00fchnemann indes eine Frau, die selbst Gewerkschaftsmitglied ist, aufgefordert, einen von ihr\u00a0gestellten\u00a0Antrag\u00a0auf Einf\u00fchrung von Regeln gegen Vetternwirtschaft zur\u00fcckzunehmen. Das Verdi-Mitglied &#8220;f\u00fchlte sich eigenen Angaben nach von der Landesvorsitzenden emotional erpresst&#8221;, da K\u00fchnemann der Frau dabei unterstellte, &#8220;sie r\u00fccke die Gewerkschaft mit ihrem Antrag in ein schlechtes Licht.&#8221; W\u00f6rtlich hei\u00dft es in dem Artikel:<\/p>\n<blockquote>\n<p><em>&#8220;Die Landeschefin redete dem Vernehmen nach nicht lange um den hei\u00dfen Brei. Sie forderte Schmidt auf, den Antrag zur\u00fcckzuziehen. Schmidts Antrag sei Stimmungsmache und tue der Organisation nicht gut, sagte K\u00fchnemann. Die Delegierten seien in heller Aufregung gewesen wegen des Antrags, behauptete die Verdi-Chefin schroff.&#8221;<\/em><\/p>\n<\/blockquote>\n<p>Der <em>BI<\/em>-Artikel informiert in diesem Zusammenhang, dass &#8220;der Name des Verdi-Mitglieds aus Gr\u00fcnden des Quellenschutzes ge\u00e4ndert&#8221; wurde. Auf die Frage, was sie f\u00fcr den Job an der Spitze von Verdi Berlin-Brandenburg qualifiziere, <a rel=\"nofollow noopener\" target=\"_blank\" href=\"https:\/\/www.tagesspiegel.de\/berlin\/berliner-wirtschaft\/unsichtbarer-verdi-chef-fur-berlin-und-brandenburg-neue-fuhrung-fur-die-grosste-gewerkschaft-9137424.html\">antwortete<\/a> Andrea K\u00fchnemann dem Berliner <em>Tagesspiegel<\/em> im Januar 2023:<\/p>\n<blockquote>\n<p><em>&#8220;Ich kann gut mit Menschen und ihnen zuh\u00f6ren.&#8221;<\/em><\/p>\n<\/blockquote>\n<p>Am Ende wurde der Antrag der &#8220;Stimmungsmacherin&#8221; auf der Konferenz tats\u00e4chlich nicht mehr behandelt. Laut <em>Business-Insider<\/em> w\u00fcrden aktuell durchaus viele Verdi-Funktion\u00e4re und Mitglieder den Bedarf eines internen <a rel=\"nofollow noopener\" target=\"_blank\" href=\"https:\/\/compleet.com\/wissen\/compliance\">Compliance<\/a>-Katalogs sehen. Derartige Kataloge regeln die Einhaltung von regulatorischen, gesetzlichen, ethischen und moralischen Verpflichtungen eines Unternehmens oder einer Organisation.<\/p>\n<p>K\u00fchnmann hat neben ihrer Verdi-Position auch die Funktion einer Rundfunkratsbeisitzerin des lokalen Senders <em>RBB <\/em>inne. Der Sender steht seit Monaten wegen der Causa Schlesinger medial unter Beobachtung. In Bezug auf den Finanzskandal rund um die Ex-<em>RBB<\/em>-Intendantin Patricia Schlesinger <a rel=\"nofollow noopener\" target=\"_blank\" href=\"https:\/\/mmm.verdi.de\/rundfunk\/ein-sender-in-aufruhr-83413\">kommentierte<\/a> K\u00fchnmann laut einem Artikel auf der Verdi-Webseite:<\/p>\n<blockquote>\n<p><em>&#8220;Zu gro\u00df ist der politische Schaden, den die ehemalige Intendantin angerichtet hat&#8230; Wir erwarten, dass das offensichtliche Fehlverhalten der Intendantin auch entsprechende Konsequenzen hat.&#8221;<\/em><\/p>\n<\/blockquote>\n<p>Es sei laut K\u00fchnemann daher &#8220;an der Zeit, dass sich die politisch Verantwortlichen in Berlin und Brandenburg mit der schwierigen Situation im <em>RBB<\/em> auseinandersetzen und die richtigen Schritte einleiten, etwa um die Arbeitsm\u00f6glichkeiten der Kontrollgremien zu verbessern.&#8221;<\/p>\n<p>Diese Empfehlung scheint sie im Rahmen ihre pers\u00f6nlichen Verantwortlichkeiten als Verdi-Vorsitzende des Landesbezirks Berlin-Brandenburg etwas differenzierter wahrzunehmen.<\/p>\n<p><strong>Mehr zum Thema &#8211;<\/strong>\u00a0<a rel=\"nofollow noopener\" target=\"_blank\" href=\"https:\/\/pressefreiheit.rtde.live\/kurzclips\/video\/169808-alter-nerv-nicht-mit-deinem\/\">&#8220;Alter, nerv nicht mit deinem Gelaber! Geh nach Hause!&#8221; \u2013 SPD-Politiker kassiert Ordnungsruf<\/a><\/p>\n<\/p>\n<\/div>\n<p><br \/>\n<br \/><a href=\"https:\/\/de.rt.com\/inland\/170301-verdi-landesbezirkschefin-berlin-brandenburg-behindert\/\">Source link <\/a><\/p>\n","protected":false},"excerpt":{"rendered":"<p>Andrea K\u00fchnemann, die auch RBB-Rundfunkratbeisitzende ist, forderte laut Medienrecherchen bei einer Delegiertenversammlung von Verdi die unmissverst\u00e4ndliche Einstellung von Antr\u00e4gen zur Untersuchung von interner &#8220;Vetternwirtschaft&#8221;. Zudem soll sie ein Mitglied unter Druck gesetzt haben. Dabei steht K\u00fchnemann selbst unter dem Verdacht der Vorteilsnahme. Andrea K\u00fchnemann (SPD-Mitglied seit 1981) trat erst Anfang des Jahres den Posten als [&hellip;]<\/p>\n","protected":false},"author":3,"featured_media":36248,"comment_status":"open","ping_status":"open","sticky":false,"template":"","format":"standard","meta":{"_yoast_indexnow_last_ping":["1684337045"],"wp_automatic_camp":["217"],"0909904757d15c8ba2f19147c9a942da":["Verdi-Landesbezirkschefin Berlin-Brandenburg blockiert interne Recherchen zu &quot;Vetternwirtschaft&quot;"],"original_link":["https:\/\/de.rt.com\/inland\/170301-verdi-landesbezirkschefin-berlin-brandenburg-behindert\/"],"_thumbnail_id":["36248"],"jnews_social_counter_last_update":["1777258325"],"_wptgpro_p2tg_sent2tg":["a:1:{i:23737;s:19:\"2023-05-17 17:25:18\";}"]},"categories":[19,23],"tags":[44423,9740,44424,36046,44425,44422],"yoast_head":"<!-- This site is optimized with the Yoast SEO Premium plugin v22.7 (Yoast SEO v22.7) - https:\/\/yoast.com\/wordpress\/plugins\/seo\/ -->\n<title>Verdi-Landesbezirkschefin Berlin-Brandenburg blockiert interne Recherchen zu &quot;Vetternwirtschaft&quot; - just-now.NEWS Deutschland<\/title>\n<meta name=\"robots\" content=\"index, follow, max-snippet:-1, max-image-preview:large, max-video-preview:-1\" \/>\n<link rel=\"canonical\" href=\"https:\/\/now-news.de\/de\/deutschland\/verdi-landesbezirkschefin-berlin-brandenburg-blockiert-interne-recherchen-zu-vetternwirtschaft\/\" \/>\n<meta property=\"og:locale\" content=\"de_DE\" \/>\n<meta property=\"og:type\" content=\"article\" \/>\n<meta property=\"og:title\" content=\"Verdi-Landesbezirkschefin Berlin-Brandenburg blockiert interne Recherchen zu &quot;Vetternwirtschaft&quot;\" \/>\n<meta property=\"og:description\" content=\"Andrea K\u00fchnemann, die auch RBB-Rundfunkratbeisitzende ist, forderte laut Medienrecherchen bei einer Delegiertenversammlung von Verdi die unmissverst\u00e4ndliche Einstellung von Antr\u00e4gen zur Untersuchung von interner &#8220;Vetternwirtschaft&#8221;. Zudem soll sie ein Mitglied unter Druck gesetzt haben. Dabei steht K\u00fchnemann selbst unter dem Verdacht der Vorteilsnahme. Andrea K\u00fchnemann (SPD-Mitglied seit 1981) trat erst Anfang des Jahres den Posten als [&hellip;]\" \/>\n<meta property=\"og:url\" content=\"https:\/\/now-news.de\/de\/deutschland\/verdi-landesbezirkschefin-berlin-brandenburg-blockiert-interne-recherchen-zu-vetternwirtschaft\/\" \/>\n<meta property=\"og:site_name\" content=\"just-now.NEWS Deutschland\" \/>\n<meta property=\"article:publisher\" content=\"https:\/\/www.facebook.com\/wirmachenauf\" \/>\n<meta property=\"article:published_time\" content=\"2023-05-17T15:09:02+00:00\" \/>\n<meta property=\"og:image\" content=\"https:\/\/now-news.de\/de\/wp-content\/uploads\/sites\/3\/2023\/05\/Verdi-Landesbezirkschefin-Berlin-Brandenburg-blockiert-interne-Recherchen-zu-quotVetternwirtschaftquot.jpg\" \/>\n\t<meta property=\"og:image:width\" content=\"460\" \/>\n\t<meta property=\"og:image:height\" content=\"259\" \/>\n\t<meta property=\"og:image:type\" content=\"image\/jpeg\" \/>\n<meta name=\"author\" content=\"rtnews\" \/>\n<meta name=\"twitter:card\" content=\"summary_large_image\" \/>\n<meta name=\"twitter:creator\" content=\"@WirMachenAuf_de\" \/>\n<meta name=\"twitter:site\" content=\"@WirMachenAuf_de\" \/>\n<meta name=\"twitter:label1\" content=\"Verfasst von\" \/>\n\t<meta name=\"twitter:data1\" content=\"rtnews\" \/>\n\t<meta name=\"twitter:label2\" content=\"Gesch\u00e4tzte Lesezeit\" \/>\n\t<meta name=\"twitter:data2\" content=\"3\u00a0Minuten\" \/>\n<script type=\"application\/ld+json\" class=\"yoast-schema-graph\">{\"@context\":\"https:\/\/schema.org\",\"@graph\":[{\"@type\":\"Article\",\"@id\":\"https:\/\/now-news.de\/de\/deutschland\/verdi-landesbezirkschefin-berlin-brandenburg-blockiert-interne-recherchen-zu-vetternwirtschaft\/#article\",\"isPartOf\":{\"@id\":\"https:\/\/now-news.de\/de\/deutschland\/verdi-landesbezirkschefin-berlin-brandenburg-blockiert-interne-recherchen-zu-vetternwirtschaft\/\"},\"author\":{\"name\":\"rtnews\",\"@id\":\"https:\/\/now-news.de\/de\/#\/schema\/person\/fb534a4e865501d8b3285208df34a9b5\"},\"headline\":\"Verdi-Landesbezirkschefin Berlin-Brandenburg blockiert interne Recherchen zu &quot;Vetternwirtschaft&quot;\",\"datePublished\":\"2023-05-17T15:09:02+00:00\",\"dateModified\":\"2023-05-17T15:09:02+00:00\",\"mainEntityOfPage\":{\"@id\":\"https:\/\/now-news.de\/de\/deutschland\/verdi-landesbezirkschefin-berlin-brandenburg-blockiert-interne-recherchen-zu-vetternwirtschaft\/\"},\"wordCount\":642,\"commentCount\":0,\"publisher\":{\"@id\":\"https:\/\/now-news.de\/de\/#organization\"},\"image\":{\"@id\":\"https:\/\/now-news.de\/de\/deutschland\/verdi-landesbezirkschefin-berlin-brandenburg-blockiert-interne-recherchen-zu-vetternwirtschaft\/#primaryimage\"},\"thumbnailUrl\":\"https:\/\/now-news.de\/de\/wp-content\/uploads\/sites\/3\/2023\/05\/Verdi-Landesbezirkschefin-Berlin-Brandenburg-blockiert-interne-Recherchen-zu-quotVetternwirtschaftquot.jpg\",\"keywords\":[\"BerlinBrandenburg\",\"blockiert\",\"interne\",\"quotVetternwirtschaftquot\",\"Recherchen\",\"VerdiLandesbezirkschefin\"],\"articleSection\":[\"Deutschland\",\"Russland\"],\"inLanguage\":\"de\",\"potentialAction\":[{\"@type\":\"CommentAction\",\"name\":\"Comment\",\"target\":[\"https:\/\/now-news.de\/de\/deutschland\/verdi-landesbezirkschefin-berlin-brandenburg-blockiert-interne-recherchen-zu-vetternwirtschaft\/#respond\"]}]},{\"@type\":\"WebPage\",\"@id\":\"https:\/\/now-news.de\/de\/deutschland\/verdi-landesbezirkschefin-berlin-brandenburg-blockiert-interne-recherchen-zu-vetternwirtschaft\/\",\"url\":\"https:\/\/now-news.de\/de\/deutschland\/verdi-landesbezirkschefin-berlin-brandenburg-blockiert-interne-recherchen-zu-vetternwirtschaft\/\",\"name\":\"Verdi-Landesbezirkschefin Berlin-Brandenburg blockiert interne Recherchen zu &quot;Vetternwirtschaft&quot; - just-now.NEWS Deutschland\",\"isPartOf\":{\"@id\":\"https:\/\/now-news.de\/de\/#website\"},\"primaryImageOfPage\":{\"@id\":\"https:\/\/now-news.de\/de\/deutschland\/verdi-landesbezirkschefin-berlin-brandenburg-blockiert-interne-recherchen-zu-vetternwirtschaft\/#primaryimage\"},\"image\":{\"@id\":\"https:\/\/now-news.de\/de\/deutschland\/verdi-landesbezirkschefin-berlin-brandenburg-blockiert-interne-recherchen-zu-vetternwirtschaft\/#primaryimage\"},\"thumbnailUrl\":\"https:\/\/now-news.de\/de\/wp-content\/uploads\/sites\/3\/2023\/05\/Verdi-Landesbezirkschefin-Berlin-Brandenburg-blockiert-interne-Recherchen-zu-quotVetternwirtschaftquot.jpg\",\"datePublished\":\"2023-05-17T15:09:02+00:00\",\"dateModified\":\"2023-05-17T15:09:02+00:00\",\"breadcrumb\":{\"@id\":\"https:\/\/now-news.de\/de\/deutschland\/verdi-landesbezirkschefin-berlin-brandenburg-blockiert-interne-recherchen-zu-vetternwirtschaft\/#breadcrumb\"},\"inLanguage\":\"de\",\"potentialAction\":[{\"@type\":\"ReadAction\",\"target\":[\"https:\/\/now-news.de\/de\/deutschland\/verdi-landesbezirkschefin-berlin-brandenburg-blockiert-interne-recherchen-zu-vetternwirtschaft\/\"]}]},{\"@type\":\"ImageObject\",\"inLanguage\":\"de\",\"@id\":\"https:\/\/now-news.de\/de\/deutschland\/verdi-landesbezirkschefin-berlin-brandenburg-blockiert-interne-recherchen-zu-vetternwirtschaft\/#primaryimage\",\"url\":\"https:\/\/now-news.de\/de\/wp-content\/uploads\/sites\/3\/2023\/05\/Verdi-Landesbezirkschefin-Berlin-Brandenburg-blockiert-interne-Recherchen-zu-quotVetternwirtschaftquot.jpg\",\"contentUrl\":\"https:\/\/now-news.de\/de\/wp-content\/uploads\/sites\/3\/2023\/05\/Verdi-Landesbezirkschefin-Berlin-Brandenburg-blockiert-interne-Recherchen-zu-quotVetternwirtschaftquot.jpg\",\"width\":460,\"height\":259,\"caption\":\"Verdi-Landesbezirkschefin Berlin-Brandenburg blockiert interne Recherchen zu &quot;Vetternwirtschaft&quot;\"},{\"@type\":\"BreadcrumbList\",\"@id\":\"https:\/\/now-news.de\/de\/deutschland\/verdi-landesbezirkschefin-berlin-brandenburg-blockiert-interne-recherchen-zu-vetternwirtschaft\/#breadcrumb\",\"itemListElement\":[{\"@type\":\"ListItem\",\"position\":1,\"name\":\"Home\",\"item\":\"https:\/\/now-news.de\/de\/\"},{\"@type\":\"ListItem\",\"position\":2,\"name\":\"Verdi-Landesbezirkschefin Berlin-Brandenburg blockiert interne Recherchen zu &quot;Vetternwirtschaft&quot;\"}]},{\"@type\":\"WebSite\",\"@id\":\"https:\/\/now-news.de\/de\/#website\",\"url\":\"https:\/\/now-news.de\/de\/\",\"name\":\"just-now.NEWS Deutschland\",\"description\":\"Das Portal f\u00fcr unzensierte Nachrichten aus der Welt\",\"publisher\":{\"@id\":\"https:\/\/now-news.de\/de\/#organization\"},\"potentialAction\":[{\"@type\":\"SearchAction\",\"target\":{\"@type\":\"EntryPoint\",\"urlTemplate\":\"https:\/\/now-news.de\/de\/?s={search_term_string}\"},\"query-input\":\"required name=search_term_string\"}],\"inLanguage\":\"de\"},{\"@type\":\"Organization\",\"@id\":\"https:\/\/now-news.de\/de\/#organization\",\"name\":\"Just Now News\",\"url\":\"https:\/\/now-news.de\/de\/\",\"logo\":{\"@type\":\"ImageObject\",\"inLanguage\":\"de\",\"@id\":\"https:\/\/now-news.de\/de\/#\/schema\/logo\/image\/\",\"url\":\"http:\/\/just-now.news\/de\/wp-content\/uploads\/sites\/3\/2022\/04\/logo500x500.jpg\",\"contentUrl\":\"http:\/\/just-now.news\/de\/wp-content\/uploads\/sites\/3\/2022\/04\/logo500x500.jpg\",\"width\":500,\"height\":500,\"caption\":\"Just Now News\"},\"image\":{\"@id\":\"https:\/\/now-news.de\/de\/#\/schema\/logo\/image\/\"},\"sameAs\":[\"https:\/\/www.facebook.com\/wirmachenauf\",\"https:\/\/x.com\/WirMachenAuf_de\"]},{\"@type\":\"Person\",\"@id\":\"https:\/\/now-news.de\/de\/#\/schema\/person\/fb534a4e865501d8b3285208df34a9b5\",\"name\":\"rtnews\",\"image\":{\"@type\":\"ImageObject\",\"inLanguage\":\"de\",\"@id\":\"https:\/\/now-news.de\/de\/#\/schema\/person\/image\/\",\"url\":\"https:\/\/secure.gravatar.com\/avatar\/82aafea7d8127119dd649515f56e2117?s=96&d=mm&r=g\",\"contentUrl\":\"https:\/\/secure.gravatar.com\/avatar\/82aafea7d8127119dd649515f56e2117?s=96&d=mm&r=g\",\"caption\":\"rtnews\"},\"url\":\"https:\/\/now-news.de\/de\/author\/rnews\/\"}]}<\/script>\n<!-- \/ Yoast SEO Premium plugin. -->","yoast_head_json":{"title":"Verdi-Landesbezirkschefin Berlin-Brandenburg blockiert interne Recherchen zu &quot;Vetternwirtschaft&quot; - just-now.NEWS Deutschland","robots":{"index":"index","follow":"follow","max-snippet":"max-snippet:-1","max-image-preview":"max-image-preview:large","max-video-preview":"max-video-preview:-1"},"canonical":"https:\/\/now-news.de\/de\/deutschland\/verdi-landesbezirkschefin-berlin-brandenburg-blockiert-interne-recherchen-zu-vetternwirtschaft\/","og_locale":"de_DE","og_type":"article","og_title":"Verdi-Landesbezirkschefin Berlin-Brandenburg blockiert interne Recherchen zu &quot;Vetternwirtschaft&quot;","og_description":"Andrea K\u00fchnemann, die auch RBB-Rundfunkratbeisitzende ist, forderte laut Medienrecherchen bei einer Delegiertenversammlung von Verdi die unmissverst\u00e4ndliche Einstellung von Antr\u00e4gen zur Untersuchung von interner &#8220;Vetternwirtschaft&#8221;. Zudem soll sie ein Mitglied unter Druck gesetzt haben. Dabei steht K\u00fchnemann selbst unter dem Verdacht der Vorteilsnahme. Andrea K\u00fchnemann (SPD-Mitglied seit 1981) trat erst Anfang des Jahres den Posten als [&hellip;]","og_url":"https:\/\/now-news.de\/de\/deutschland\/verdi-landesbezirkschefin-berlin-brandenburg-blockiert-interne-recherchen-zu-vetternwirtschaft\/","og_site_name":"just-now.NEWS Deutschland","article_publisher":"https:\/\/www.facebook.com\/wirmachenauf","article_published_time":"2023-05-17T15:09:02+00:00","og_image":[{"width":460,"height":259,"url":"https:\/\/now-news.de\/de\/wp-content\/uploads\/sites\/3\/2023\/05\/Verdi-Landesbezirkschefin-Berlin-Brandenburg-blockiert-interne-Recherchen-zu-quotVetternwirtschaftquot.jpg","type":"image\/jpeg"}],"author":"rtnews","twitter_card":"summary_large_image","twitter_creator":"@WirMachenAuf_de","twitter_site":"@WirMachenAuf_de","twitter_misc":{"Verfasst von":"rtnews","Gesch\u00e4tzte Lesezeit":"3\u00a0Minuten"},"schema":{"@context":"https:\/\/schema.org","@graph":[{"@type":"Article","@id":"https:\/\/now-news.de\/de\/deutschland\/verdi-landesbezirkschefin-berlin-brandenburg-blockiert-interne-recherchen-zu-vetternwirtschaft\/#article","isPartOf":{"@id":"https:\/\/now-news.de\/de\/deutschland\/verdi-landesbezirkschefin-berlin-brandenburg-blockiert-interne-recherchen-zu-vetternwirtschaft\/"},"author":{"name":"rtnews","@id":"https:\/\/now-news.de\/de\/#\/schema\/person\/fb534a4e865501d8b3285208df34a9b5"},"headline":"Verdi-Landesbezirkschefin Berlin-Brandenburg blockiert interne Recherchen zu &quot;Vetternwirtschaft&quot;","datePublished":"2023-05-17T15:09:02+00:00","dateModified":"2023-05-17T15:09:02+00:00","mainEntityOfPage":{"@id":"https:\/\/now-news.de\/de\/deutschland\/verdi-landesbezirkschefin-berlin-brandenburg-blockiert-interne-recherchen-zu-vetternwirtschaft\/"},"wordCount":642,"commentCount":0,"publisher":{"@id":"https:\/\/now-news.de\/de\/#organization"},"image":{"@id":"https:\/\/now-news.de\/de\/deutschland\/verdi-landesbezirkschefin-berlin-brandenburg-blockiert-interne-recherchen-zu-vetternwirtschaft\/#primaryimage"},"thumbnailUrl":"https:\/\/now-news.de\/de\/wp-content\/uploads\/sites\/3\/2023\/05\/Verdi-Landesbezirkschefin-Berlin-Brandenburg-blockiert-interne-Recherchen-zu-quotVetternwirtschaftquot.jpg","keywords":["BerlinBrandenburg","blockiert","interne","quotVetternwirtschaftquot","Recherchen","VerdiLandesbezirkschefin"],"articleSection":["Deutschland","Russland"],"inLanguage":"de","potentialAction":[{"@type":"CommentAction","name":"Comment","target":["https:\/\/now-news.de\/de\/deutschland\/verdi-landesbezirkschefin-berlin-brandenburg-blockiert-interne-recherchen-zu-vetternwirtschaft\/#respond"]}]},{"@type":"WebPage","@id":"https:\/\/now-news.de\/de\/deutschland\/verdi-landesbezirkschefin-berlin-brandenburg-blockiert-interne-recherchen-zu-vetternwirtschaft\/","url":"https:\/\/now-news.de\/de\/deutschland\/verdi-landesbezirkschefin-berlin-brandenburg-blockiert-interne-recherchen-zu-vetternwirtschaft\/","name":"Verdi-Landesbezirkschefin Berlin-Brandenburg blockiert interne Recherchen zu &quot;Vetternwirtschaft&quot; - just-now.NEWS Deutschland","isPartOf":{"@id":"https:\/\/now-news.de\/de\/#website"},"primaryImageOfPage":{"@id":"https:\/\/now-news.de\/de\/deutschland\/verdi-landesbezirkschefin-berlin-brandenburg-blockiert-interne-recherchen-zu-vetternwirtschaft\/#primaryimage"},"image":{"@id":"https:\/\/now-news.de\/de\/deutschland\/verdi-landesbezirkschefin-berlin-brandenburg-blockiert-interne-recherchen-zu-vetternwirtschaft\/#primaryimage"},"thumbnailUrl":"https:\/\/now-news.de\/de\/wp-content\/uploads\/sites\/3\/2023\/05\/Verdi-Landesbezirkschefin-Berlin-Brandenburg-blockiert-interne-Recherchen-zu-quotVetternwirtschaftquot.jpg","datePublished":"2023-05-17T15:09:02+00:00","dateModified":"2023-05-17T15:09:02+00:00","breadcrumb":{"@id":"https:\/\/now-news.de\/de\/deutschland\/verdi-landesbezirkschefin-berlin-brandenburg-blockiert-interne-recherchen-zu-vetternwirtschaft\/#breadcrumb"},"inLanguage":"de","potentialAction":[{"@type":"ReadAction","target":["https:\/\/now-news.de\/de\/deutschland\/verdi-landesbezirkschefin-berlin-brandenburg-blockiert-interne-recherchen-zu-vetternwirtschaft\/"]}]},{"@type":"ImageObject","inLanguage":"de","@id":"https:\/\/now-news.de\/de\/deutschland\/verdi-landesbezirkschefin-berlin-brandenburg-blockiert-interne-recherchen-zu-vetternwirtschaft\/#primaryimage","url":"https:\/\/now-news.de\/de\/wp-content\/uploads\/sites\/3\/2023\/05\/Verdi-Landesbezirkschefin-Berlin-Brandenburg-blockiert-interne-Recherchen-zu-quotVetternwirtschaftquot.jpg","contentUrl":"https:\/\/now-news.de\/de\/wp-content\/uploads\/sites\/3\/2023\/05\/Verdi-Landesbezirkschefin-Berlin-Brandenburg-blockiert-interne-Recherchen-zu-quotVetternwirtschaftquot.jpg","width":460,"height":259,"caption":"Verdi-Landesbezirkschefin Berlin-Brandenburg blockiert interne Recherchen zu &quot;Vetternwirtschaft&quot;"},{"@type":"BreadcrumbList","@id":"https:\/\/now-news.de\/de\/deutschland\/verdi-landesbezirkschefin-berlin-brandenburg-blockiert-interne-recherchen-zu-vetternwirtschaft\/#breadcrumb","itemListElement":[{"@type":"ListItem","position":1,"name":"Home","item":"https:\/\/now-news.de\/de\/"},{"@type":"ListItem","position":2,"name":"Verdi-Landesbezirkschefin Berlin-Brandenburg blockiert interne Recherchen zu &quot;Vetternwirtschaft&quot;"}]},{"@type":"WebSite","@id":"https:\/\/now-news.de\/de\/#website","url":"https:\/\/now-news.de\/de\/","name":"just-now.NEWS Deutschland","description":"Das Portal f\u00fcr unzensierte Nachrichten aus der Welt","publisher":{"@id":"https:\/\/now-news.de\/de\/#organization"},"potentialAction":[{"@type":"SearchAction","target":{"@type":"EntryPoint","urlTemplate":"https:\/\/now-news.de\/de\/?s={search_term_string}"},"query-input":"required name=search_term_string"}],"inLanguage":"de"},{"@type":"Organization","@id":"https:\/\/now-news.de\/de\/#organization","name":"Just Now News","url":"https:\/\/now-news.de\/de\/","logo":{"@type":"ImageObject","inLanguage":"de","@id":"https:\/\/now-news.de\/de\/#\/schema\/logo\/image\/","url":"http:\/\/just-now.news\/de\/wp-content\/uploads\/sites\/3\/2022\/04\/logo500x500.jpg","contentUrl":"http:\/\/just-now.news\/de\/wp-content\/uploads\/sites\/3\/2022\/04\/logo500x500.jpg","width":500,"height":500,"caption":"Just Now News"},"image":{"@id":"https:\/\/now-news.de\/de\/#\/schema\/logo\/image\/"},"sameAs":["https:\/\/www.facebook.com\/wirmachenauf","https:\/\/x.com\/WirMachenAuf_de"]},{"@type":"Person","@id":"https:\/\/now-news.de\/de\/#\/schema\/person\/fb534a4e865501d8b3285208df34a9b5","name":"rtnews","image":{"@type":"ImageObject","inLanguage":"de","@id":"https:\/\/now-news.de\/de\/#\/schema\/person\/image\/","url":"https:\/\/secure.gravatar.com\/avatar\/82aafea7d8127119dd649515f56e2117?s=96&d=mm&r=g","contentUrl":"https:\/\/secure.gravatar.com\/avatar\/82aafea7d8127119dd649515f56e2117?s=96&d=mm&r=g","caption":"rtnews"},"url":"https:\/\/now-news.de\/de\/author\/rnews\/"}]}},"_links":{"self":[{"href":"https:\/\/now-news.de\/de\/wp-json\/wp\/v2\/posts\/36247"}],"collection":[{"href":"https:\/\/now-news.de\/de\/wp-json\/wp\/v2\/posts"}],"about":[{"href":"https:\/\/now-news.de\/de\/wp-json\/wp\/v2\/types\/post"}],"author":[{"embeddable":true,"href":"https:\/\/now-news.de\/de\/wp-json\/wp\/v2\/users\/3"}],"replies":[{"embeddable":true,"href":"https:\/\/now-news.de\/de\/wp-json\/wp\/v2\/comments?post=36247"}],"version-history":[{"count":0,"href":"https:\/\/now-news.de\/de\/wp-json\/wp\/v2\/posts\/36247\/revisions"}],"wp:featuredmedia":[{"embeddable":true,"href":"https:\/\/now-news.de\/de\/wp-json\/wp\/v2\/media\/36248"}],"wp:attachment":[{"href":"https:\/\/now-news.de\/de\/wp-json\/wp\/v2\/media?parent=36247"}],"wp:term":[{"taxonomy":"category","embeddable":true,"href":"https:\/\/now-news.de\/de\/wp-json\/wp\/v2\/categories?post=36247"},{"taxonomy":"post_tag","embeddable":true,"href":"https:\/\/now-news.de\/de\/wp-json\/wp\/v2\/tags?post=36247"}],"curies":[{"name":"wp","href":"https:\/\/api.w.org\/{rel}","templated":true}]}}