{"id":36144,"date":"2023-05-16T11:18:10","date_gmt":"2023-05-16T09:18:10","guid":{"rendered":"https:\/\/just-now.news\/de\/deutschland\/feiern-und-gedenken-mit-russen-geht-gar-nicht-nrw-handelsagentur-entlaesst-so-yeon-schroeder-kim\/"},"modified":"2023-05-16T11:18:10","modified_gmt":"2023-05-16T09:18:10","slug":"feiern-und-gedenken-mit-russen-geht-gar-nicht-nrw-handelsagentur-entlaesst-so-yeon-schroeder-kim","status":"publish","type":"post","link":"https:\/\/now-news.de\/de\/deutschland\/feiern-und-gedenken-mit-russen-geht-gar-nicht-nrw-handelsagentur-entlaesst-so-yeon-schroeder-kim\/","title":{"rendered":"Feiern und gedenken mit Russen \u2013 geht gar nicht: NRW-Handelsagentur entl\u00e4sst So-yeon Schr\u00f6der-Kim"},"content":{"rendered":"<p><img decoding=\"async\" src=\"http:\/\/just-now.news\/de\/wp-content\/uploads\/sites\/3\/2023\/05\/64632c0b48fbef2e970aa1ec.jpg\" \/><\/p>\n<div class=\"Text-root Text-type_1 \">\n                Die landeseigene NRW.Global Business-Gesellschaft trennt sich von der Ehefrau des Alt-Bundeskanzlers Schr\u00f6der. Trotz vorheriger &#8220;Warnungen&#8221; begleitete  Schr\u00f6der-Kim ihren Mann zu einer Feier in der russischen Botschaft in Berlin. Die Kampagne gegen Gerhard Schr\u00f6der erf\u00e4hrt damit das n\u00e4chste traurige Kapitel.\n            <\/div>\n<p><\/p>\n<div class=\"Text-root Text-type_5 ArticleView-text ViewText-root \">\n<p>&#8220;Wenn schon, den schon&#8221;, muss die aktuelle mehrheitliche Diskreditierungsstrategie gegen\u00fcber dem deutschen Kanzler der Jahre 1998\u20132005, Gerhard Schr\u00f6der, lauten. Nachdem erneut mehrere Parteiausschlussantr\u00e4ge seitens SPD-Ortsvorst\u00e4nden endg\u00fcltig gescheitert waren, muss nun zumindest die Ehefrau, So-yeon Schr\u00f6der-Kim, medienwirksam symbolisch rausgeschmissen werden.<\/p>\n<p>Schr\u00f6der-Kim war bis zu ihrer j\u00fcngsten Teilnahme bei einem Empfang in der russischen Botschaft in Berlin bez\u00fcglich des 78. Jahrestages des Sieges \u00fcber Nazi-Deutschland als Repr\u00e4sentantin f\u00fcr das Unternehmen NRW.Global Business in S\u00fcdkorea t\u00e4tig. Das Unternehmen ist eine landeseigene Handelsagentur des Bundeslandes Nordrhein-Westfalen (NRW).<\/p>\n<p>Eine Sprecherin des Wirtschaftsministeriums NRW\u00a0<a rel=\"nofollow noopener\" target=\"_blank\" href=\"https:\/\/www.ksta.de\/politik\/nrw-politik\/land-nrw-feuert-schroeder-kim-als-repraesentantin-571727\">best\u00e4tigte<\/a>\u00a0nun gegen\u00fcber dem\u00a0<em>K\u00f6lner Stadt-Anzeiger<\/em>, dass Schr\u00f6der-Kim rein aufgrund ihrer Gedenkteilnahme in Berlin fristlos entlassen wurde. Die \u00dcberschrift des Artikels im Stadt-Anzeiger lautet (Bezahlschranke):<\/p>\n<blockquote>\n<p><em>&#8220;Mit ihrer Teilnahme an einer Party in der russischen Botschaft hat So-yeon Schr\u00f6der-Kim das Fass zum \u00dcberlaufen gebracht.&#8221;<\/em><\/p>\n<\/blockquote>\n<p>Die Sprecherin des NRW-Wirtschaftsministeriums wird mit den Worten zitiert:<\/p>\n<blockquote>\n<p><em>&#8220;Frau Schr\u00f6der-Kim ist mit sofortiger Wirkung freigestellt, und das Dienstverh\u00e4ltnis wird nun durch NRW.Global Business fristlos beendet.&#8221;<\/em><\/p>\n<\/blockquote>\n<p>Des Weiteren verweist die ungenannte Sprecherin in dem Artikel auf die Tatsache, dass Schr\u00f6der-Kim demnach zuvor mehrmals von der Landesregierung angewiesen worden war &#8220;sich politisch bedeckt zu halten&#8221;. So best\u00e4tigt die NRW-Landesmitarbeiterin:<\/p>\n<blockquote>\n<p><em>&#8220;Es gab mehrere Hinweise durch die NRW.Global Business gegen\u00fcber Frau Schr\u00f6der-Kim, dass Repr\u00e4sentantinnen und Repr\u00e4sentanten sich in der \u00d6ffentlichkeit bei politisch sensiblen Themen, insbesondere bez\u00fcglich des russischen Angriffskriegs auf die Ukraine, nicht \u00e4u\u00dfern sollten.&#8221;<\/em><\/p>\n<\/blockquote>\n<p>Bez\u00fcglich solcher Vorgaben lassen sich so weit keinerlei inhaltliche \u00c4u\u00dferungen hinsichtlich Schr\u00f6der-Kims prorussischer Einstellung finden. Das Hamburger Magazin\u00a0<em>Spiegel<\/em>\u00a0zitierte in einem\u00a0<a rel=\"nofollow noopener\" target=\"_blank\" href=\"https:\/\/www.spiegel.de\/politik\/deutschland\/russland-ukraine-krieg-soyeon-schroeder-kim-beharrt-auf-russland-verbindungen-a-d4b4b518-68aa-43aa-8765-0b84b1d7b881\">Artikel<\/a>\u00a0im M\u00e4rz des Vorjahres einen Instagram-Post von ihr, der demnach kurz danach gel\u00f6scht wurde. Dieser soll lauten:<\/p>\n<blockquote>\n<p><em>&#8220;Der Krieg und das damit verbundene Leid f\u00fcr die Menschen in der Ukraine muss schnellstm\u00f6glich beendet werden.&#8221;<\/em><\/p>\n<\/blockquote>\n<p>Zu diesen Zeitpunkt hatte Gerhard Schr\u00f6der langj\u00e4hrige Mitarbeiter verloren, die &#8220;wegen Putins Ukrainefeldzug nicht mehr f\u00fcr ihn arbeiten wollen, so der\u00a0<em>Spiegel<\/em>\u00a0darstellend.\u00a0Schr\u00f6der-Kim h\u00e4tte daraufhin via Instagram kommentiert, dass &#8220;nicht alle Verbindungen zu Russland gekappt werden d\u00fcrfen&#8221;. Der Beitrag soll weiter lauten:<\/p>\n<blockquote>\n<p><em>&#8220;Denn diese sind \u2013 trotz der gegenw\u00e4rtig dramatischen Lage \u2013 die Basis f\u00fcr eine Hoffnung, die wir alle haben: dass ein Dialog \u00fcber Frieden und Sicherheit auf unserem Kontinent wieder m\u00f6glich wird.&#8221;<\/em><\/p>\n<\/blockquote>\n<p>Schlagzeilen der deutschen Medienlandschaft lauten zum Ereignis:<\/p>\n<ul>\n<li><a rel=\"nofollow noopener\" target=\"_blank\" href=\"https:\/\/www.bild.de\/politik\/inland\/politik-inland\/wegen-auftritt-mit-gas-gerd-bei-russen-party-schroeder-kim-gefeuert-83943468.bild.html\"><em>Bild<\/em><\/a>: &#8220;WEGEN AUFTRITT MIT GAS-GERD BEI RUSSEN-PARTY \u2013 So-yeon Schr\u00f6der-Kim gefeuert!&#8221;<\/li>\n<li><a rel=\"nofollow noopener\" target=\"_blank\" href=\"https:\/\/www.rnd.de\/politik\/soyeon-schroeder-kim-nach-teilnahme-an-feier-in-russischer-botschaft-fristlos-gefeuert-SGANHAK3SZNZXBEMJURX73Z5JA.html\"><em>RND<\/em><\/a>: &#8220;Land NRW feuert So-yeon Schr\u00f6der-Kim nach Teilnahme an Feier in russischer Botschaft.&#8221;<\/li>\n<li><a rel=\"nofollow noopener\" target=\"_blank\" href=\"https:\/\/www.faz.net\/aktuell\/politik\/inland\/nrw-gesellschaft-trennt-sich-von-gerhard-schroeders-ehefrau-18897400.html\"><em>FAZ<\/em><\/a>: &#8220;Feier in russischer Botschaft: NRW-Gesellschaft trennt sich von Gerhard Schr\u00f6ders Ehefrau<\/li>\n<li><a rel=\"nofollow noopener\" target=\"_blank\" href=\"https:\/\/www.waz.de\/politik\/so-yeon-gefeuert-nrw-putins-freunde-id238414411.html?utm_term=Autofeed&amp;utm_campaign=WAZ&amp;utm_medium=Social&amp;utm_source=Twitter#Echobox=1684210501\">WAZ<\/a>: Gefeuert \u2013 So-yeon Schr\u00f6der-Kim als NRW-Lobbyistin untragbar<\/li>\n<\/ul>\n<p>Laut dem Artikel des\u00a0<em>K\u00f6lner-Stadtanzeigers<\/em>\u00a0h\u00e4tte die Unternehmensf\u00fchrung von NRW.Global Business &#8220;dem Land NRW bereits 2022 vorgeschlagen, die Zusammenarbeit zu beenden&#8221;. Der NRW-Landeschef der Jungen Liberalen, Alexander Steffen, wird mit der Wahrnehmung zitiert:<\/p>\n<blockquote>\n<p><em>&#8220;Wenn aber seine Ehefrau So-yeon Schr\u00f6der-Kim, die als Repr\u00e4sentantin von NRW.Global Business und somit mittelbar Angestellte des Landes NRW, an einer Propaganda-Veranstaltung zum Tag der Befreiung in der russischen Botschaft auftaucht, untergr\u00e4bt dies die wichtige Solidarit\u00e4t mit der Ukraine. Dieses Verhalten ist nicht hinzunehmen.&#8221;<\/em><\/p>\n<\/blockquote>\n<p>Auf der\u00a0<a rel=\"nofollow noopener\" target=\"_blank\" href=\"https:\/\/www.nrwglobalbusiness.com\/de\/aktuelles\/pressemitteilungen\">Webseite<\/a>\u00a0von NRW.Global Business findet sich keinerlei aktueller Presseverweis auf die Personalentscheidung. Eine m\u00f6gliche Entlassung sei jedoch &#8220;zun\u00e4chst juristisch gepr\u00fcft worden. Diese Pr\u00fcfung ist jetzt abgeschlossen&#8221;, so NRW.Global Business gegen\u00fcber der K\u00f6lner Zeitung.<\/p>\n<p>Am 5. M\u00e4rz 2022\u00a0<a rel=\"nofollow noopener\" target=\"_blank\" href=\"https:\/\/www.instagram.com\/p\/CauEfO3J6tA\/?utm_source=ig_web_copy_link\">ver\u00f6ffentlichte<\/a>\u00a0Schr\u00f6der-Kim einen offenen Brief an die SPD-Parteileitung. In dem hei\u00dft es unter anderem:<\/p>\n<blockquote>\n<p><em>&#8220;Mich entsetzt, mit welcher Eilfertigkeit die SPD in der F\u00fchrung, aber auch in vielen Grundorganisationen eine Kampagne vor allem des Springer-Verlages gegen meinen Mann meint, unterst\u00fctzen zu sollen\u00a0\u2026<\/em><\/p>\n<p><em>Ihr k\u00f6nnt sicher sein, was auch immer mein Mann tun kann, um zur Beendigung des Krieges beizutragen, wird er tun, und zwar unabh\u00e4ngig von Ultimaten der SPD oder anderen Organisationen\u00a0\u2026&#8221;<\/em><\/p>\n<\/blockquote>\n<p><strong>Mehr zum Thema <\/strong>&#8211;\u00a0<a rel=\"nofollow noopener\" target=\"_blank\" href=\"https:\/\/pressefreiheit.rtde.live\/international\/169900-medienbericht-polnische-staatsanwaltschaft-ermittelt-gegen-gerhard-schroeder\/\">Medienbericht: Polnische Staatsanwaltschaft ermittelt gegen Gerhard Schr\u00f6der<\/a><\/p>\n<\/div>\n<p><script async defer src=\"https:\/\/platform.instagram.com\/en_US\/embeds.js\"><\/script><br \/>\n<br \/><br \/>\n<br \/><a href=\"https:\/\/de.rt.com\/inland\/170181-feiern-und-gedenken-mit-russen\/\">Source link <\/a><\/p>\n","protected":false},"excerpt":{"rendered":"<p>Die landeseigene NRW.Global Business-Gesellschaft trennt sich von der Ehefrau des Alt-Bundeskanzlers Schr\u00f6der. Trotz vorheriger &#8220;Warnungen&#8221; begleitete Schr\u00f6der-Kim ihren Mann zu einer Feier in der russischen Botschaft in Berlin. Die Kampagne gegen Gerhard Schr\u00f6der erf\u00e4hrt damit das n\u00e4chste traurige Kapitel. &#8220;Wenn schon, den schon&#8221;, muss die aktuelle mehrheitliche Diskreditierungsstrategie gegen\u00fcber dem deutschen Kanzler der Jahre 1998\u20132005, [&hellip;]<\/p>\n","protected":false},"author":3,"featured_media":36145,"comment_status":"open","ping_status":"open","sticky":false,"template":"","format":"standard","meta":{"_yoast_indexnow_last_ping":["1684228975"],"wp_automatic_camp":["217"],"1fac2958eb2cfa43ecc9894984bd91d2":["Feiern und gedenken mit Russen \u2013 geht gar nicht: NRW-Handelsagentur entl\u00e4sst So-yeon Schr\u00f6der-Kim"],"original_link":["https:\/\/de.rt.com\/inland\/170181-feiern-und-gedenken-mit-russen\/"],"_thumbnail_id":["36145"],"_wptgpro_p2tg_sent2tg":["a:1:{i:23737;s:19:\"2023-05-16 11:24:05\";}"],"jnews_social_counter_last_update":["1777556565"]},"categories":[19,23],"tags":[22666,6363,22404,19371,1673,419,800,44359,4405,44361,44360,140],"yoast_head":"<!-- This site is optimized with the Yoast SEO Premium plugin v22.7 (Yoast SEO v22.7) - https:\/\/yoast.com\/wordpress\/plugins\/seo\/ -->\n<title>Feiern und gedenken mit Russen \u2013 geht gar nicht: NRW-Handelsagentur entl\u00e4sst So-yeon Schr\u00f6der-Kim - just-now.NEWS Deutschland<\/title>\n<meta name=\"robots\" content=\"index, follow, max-snippet:-1, max-image-preview:large, max-video-preview:-1\" \/>\n<link rel=\"canonical\" href=\"https:\/\/now-news.de\/de\/deutschland\/feiern-und-gedenken-mit-russen-geht-gar-nicht-nrw-handelsagentur-entlaesst-so-yeon-schroeder-kim\/\" \/>\n<meta property=\"og:locale\" content=\"de_DE\" \/>\n<meta property=\"og:type\" content=\"article\" \/>\n<meta property=\"og:title\" content=\"Feiern und gedenken mit Russen \u2013 geht gar nicht: NRW-Handelsagentur entl\u00e4sst So-yeon Schr\u00f6der-Kim\" \/>\n<meta property=\"og:description\" content=\"Die landeseigene NRW.Global Business-Gesellschaft trennt sich von der Ehefrau des Alt-Bundeskanzlers Schr\u00f6der. Trotz vorheriger &#8220;Warnungen&#8221; begleitete Schr\u00f6der-Kim ihren Mann zu einer Feier in der russischen Botschaft in Berlin. Die Kampagne gegen Gerhard Schr\u00f6der erf\u00e4hrt damit das n\u00e4chste traurige Kapitel. &#8220;Wenn schon, den schon&#8221;, muss die aktuelle mehrheitliche Diskreditierungsstrategie gegen\u00fcber dem deutschen Kanzler der Jahre 1998\u20132005, [&hellip;]\" \/>\n<meta property=\"og:url\" content=\"https:\/\/now-news.de\/de\/deutschland\/feiern-und-gedenken-mit-russen-geht-gar-nicht-nrw-handelsagentur-entlaesst-so-yeon-schroeder-kim\/\" \/>\n<meta property=\"og:site_name\" content=\"just-now.NEWS Deutschland\" \/>\n<meta property=\"article:publisher\" content=\"https:\/\/www.facebook.com\/wirmachenauf\" \/>\n<meta property=\"article:published_time\" content=\"2023-05-16T09:18:10+00:00\" \/>\n<meta property=\"og:image\" content=\"https:\/\/now-news.de\/de\/wp-content\/uploads\/sites\/3\/2023\/05\/Feiern-und-gedenken-mit-Russen-\u2013-geht-gar-nicht-NRW-Handelsagentur.jpg\" \/>\n\t<meta property=\"og:image:width\" content=\"460\" \/>\n\t<meta property=\"og:image:height\" content=\"259\" \/>\n\t<meta property=\"og:image:type\" content=\"image\/jpeg\" \/>\n<meta name=\"author\" content=\"rtnews\" \/>\n<meta name=\"twitter:card\" content=\"summary_large_image\" \/>\n<meta name=\"twitter:creator\" content=\"@WirMachenAuf_de\" \/>\n<meta name=\"twitter:site\" content=\"@WirMachenAuf_de\" \/>\n<meta name=\"twitter:label1\" content=\"Verfasst von\" \/>\n\t<meta name=\"twitter:data1\" content=\"rtnews\" \/>\n\t<meta name=\"twitter:label2\" content=\"Gesch\u00e4tzte Lesezeit\" \/>\n\t<meta name=\"twitter:data2\" content=\"4\u00a0Minuten\" \/>\n<script type=\"application\/ld+json\" class=\"yoast-schema-graph\">{\"@context\":\"https:\/\/schema.org\",\"@graph\":[{\"@type\":\"Article\",\"@id\":\"https:\/\/now-news.de\/de\/deutschland\/feiern-und-gedenken-mit-russen-geht-gar-nicht-nrw-handelsagentur-entlaesst-so-yeon-schroeder-kim\/#article\",\"isPartOf\":{\"@id\":\"https:\/\/now-news.de\/de\/deutschland\/feiern-und-gedenken-mit-russen-geht-gar-nicht-nrw-handelsagentur-entlaesst-so-yeon-schroeder-kim\/\"},\"author\":{\"name\":\"rtnews\",\"@id\":\"https:\/\/now-news.de\/de\/#\/schema\/person\/fb534a4e865501d8b3285208df34a9b5\"},\"headline\":\"Feiern und gedenken mit Russen \u2013 geht gar nicht: NRW-Handelsagentur entl\u00e4sst So-yeon Schr\u00f6der-Kim\",\"datePublished\":\"2023-05-16T09:18:10+00:00\",\"dateModified\":\"2023-05-16T09:18:10+00:00\",\"mainEntityOfPage\":{\"@id\":\"https:\/\/now-news.de\/de\/deutschland\/feiern-und-gedenken-mit-russen-geht-gar-nicht-nrw-handelsagentur-entlaesst-so-yeon-schroeder-kim\/\"},\"wordCount\":735,\"commentCount\":0,\"publisher\":{\"@id\":\"https:\/\/now-news.de\/de\/#organization\"},\"image\":{\"@id\":\"https:\/\/now-news.de\/de\/deutschland\/feiern-und-gedenken-mit-russen-geht-gar-nicht-nrw-handelsagentur-entlaesst-so-yeon-schroeder-kim\/#primaryimage\"},\"thumbnailUrl\":\"https:\/\/now-news.de\/de\/wp-content\/uploads\/sites\/3\/2023\/05\/Feiern-und-gedenken-mit-Russen-\u2013-geht-gar-nicht-NRW-Handelsagentur.jpg\",\"keywords\":[\"entl\u00e4sst\",\"Feiern\",\"gar\",\"Gedenken\",\"Geht\",\"mit\",\"nicht\",\"NRWHandelsagentur\",\"Russen\",\"Schr\u00f6derKim\",\"Soyeon\",\"und\"],\"articleSection\":[\"Deutschland\",\"Russland\"],\"inLanguage\":\"de\",\"potentialAction\":[{\"@type\":\"CommentAction\",\"name\":\"Comment\",\"target\":[\"https:\/\/now-news.de\/de\/deutschland\/feiern-und-gedenken-mit-russen-geht-gar-nicht-nrw-handelsagentur-entlaesst-so-yeon-schroeder-kim\/#respond\"]}]},{\"@type\":\"WebPage\",\"@id\":\"https:\/\/now-news.de\/de\/deutschland\/feiern-und-gedenken-mit-russen-geht-gar-nicht-nrw-handelsagentur-entlaesst-so-yeon-schroeder-kim\/\",\"url\":\"https:\/\/now-news.de\/de\/deutschland\/feiern-und-gedenken-mit-russen-geht-gar-nicht-nrw-handelsagentur-entlaesst-so-yeon-schroeder-kim\/\",\"name\":\"Feiern und gedenken mit Russen \u2013 geht gar nicht: NRW-Handelsagentur entl\u00e4sst So-yeon Schr\u00f6der-Kim - just-now.NEWS Deutschland\",\"isPartOf\":{\"@id\":\"https:\/\/now-news.de\/de\/#website\"},\"primaryImageOfPage\":{\"@id\":\"https:\/\/now-news.de\/de\/deutschland\/feiern-und-gedenken-mit-russen-geht-gar-nicht-nrw-handelsagentur-entlaesst-so-yeon-schroeder-kim\/#primaryimage\"},\"image\":{\"@id\":\"https:\/\/now-news.de\/de\/deutschland\/feiern-und-gedenken-mit-russen-geht-gar-nicht-nrw-handelsagentur-entlaesst-so-yeon-schroeder-kim\/#primaryimage\"},\"thumbnailUrl\":\"https:\/\/now-news.de\/de\/wp-content\/uploads\/sites\/3\/2023\/05\/Feiern-und-gedenken-mit-Russen-\u2013-geht-gar-nicht-NRW-Handelsagentur.jpg\",\"datePublished\":\"2023-05-16T09:18:10+00:00\",\"dateModified\":\"2023-05-16T09:18:10+00:00\",\"breadcrumb\":{\"@id\":\"https:\/\/now-news.de\/de\/deutschland\/feiern-und-gedenken-mit-russen-geht-gar-nicht-nrw-handelsagentur-entlaesst-so-yeon-schroeder-kim\/#breadcrumb\"},\"inLanguage\":\"de\",\"potentialAction\":[{\"@type\":\"ReadAction\",\"target\":[\"https:\/\/now-news.de\/de\/deutschland\/feiern-und-gedenken-mit-russen-geht-gar-nicht-nrw-handelsagentur-entlaesst-so-yeon-schroeder-kim\/\"]}]},{\"@type\":\"ImageObject\",\"inLanguage\":\"de\",\"@id\":\"https:\/\/now-news.de\/de\/deutschland\/feiern-und-gedenken-mit-russen-geht-gar-nicht-nrw-handelsagentur-entlaesst-so-yeon-schroeder-kim\/#primaryimage\",\"url\":\"https:\/\/now-news.de\/de\/wp-content\/uploads\/sites\/3\/2023\/05\/Feiern-und-gedenken-mit-Russen-\u2013-geht-gar-nicht-NRW-Handelsagentur.jpg\",\"contentUrl\":\"https:\/\/now-news.de\/de\/wp-content\/uploads\/sites\/3\/2023\/05\/Feiern-und-gedenken-mit-Russen-\u2013-geht-gar-nicht-NRW-Handelsagentur.jpg\",\"width\":460,\"height\":259,\"caption\":\"Feiern und gedenken mit Russen \u2013 geht gar nicht: NRW-Handelsagentur entl\u00e4sst So-yeon Schr\u00f6der-Kim\"},{\"@type\":\"BreadcrumbList\",\"@id\":\"https:\/\/now-news.de\/de\/deutschland\/feiern-und-gedenken-mit-russen-geht-gar-nicht-nrw-handelsagentur-entlaesst-so-yeon-schroeder-kim\/#breadcrumb\",\"itemListElement\":[{\"@type\":\"ListItem\",\"position\":1,\"name\":\"Home\",\"item\":\"https:\/\/now-news.de\/de\/\"},{\"@type\":\"ListItem\",\"position\":2,\"name\":\"Feiern und gedenken mit Russen \u2013 geht gar nicht: NRW-Handelsagentur entl\u00e4sst So-yeon Schr\u00f6der-Kim\"}]},{\"@type\":\"WebSite\",\"@id\":\"https:\/\/now-news.de\/de\/#website\",\"url\":\"https:\/\/now-news.de\/de\/\",\"name\":\"just-now.NEWS Deutschland\",\"description\":\"Das Portal f\u00fcr unzensierte Nachrichten aus der Welt\",\"publisher\":{\"@id\":\"https:\/\/now-news.de\/de\/#organization\"},\"potentialAction\":[{\"@type\":\"SearchAction\",\"target\":{\"@type\":\"EntryPoint\",\"urlTemplate\":\"https:\/\/now-news.de\/de\/?s={search_term_string}\"},\"query-input\":\"required name=search_term_string\"}],\"inLanguage\":\"de\"},{\"@type\":\"Organization\",\"@id\":\"https:\/\/now-news.de\/de\/#organization\",\"name\":\"Just Now News\",\"url\":\"https:\/\/now-news.de\/de\/\",\"logo\":{\"@type\":\"ImageObject\",\"inLanguage\":\"de\",\"@id\":\"https:\/\/now-news.de\/de\/#\/schema\/logo\/image\/\",\"url\":\"http:\/\/just-now.news\/de\/wp-content\/uploads\/sites\/3\/2022\/04\/logo500x500.jpg\",\"contentUrl\":\"http:\/\/just-now.news\/de\/wp-content\/uploads\/sites\/3\/2022\/04\/logo500x500.jpg\",\"width\":500,\"height\":500,\"caption\":\"Just Now News\"},\"image\":{\"@id\":\"https:\/\/now-news.de\/de\/#\/schema\/logo\/image\/\"},\"sameAs\":[\"https:\/\/www.facebook.com\/wirmachenauf\",\"https:\/\/x.com\/WirMachenAuf_de\"]},{\"@type\":\"Person\",\"@id\":\"https:\/\/now-news.de\/de\/#\/schema\/person\/fb534a4e865501d8b3285208df34a9b5\",\"name\":\"rtnews\",\"image\":{\"@type\":\"ImageObject\",\"inLanguage\":\"de\",\"@id\":\"https:\/\/now-news.de\/de\/#\/schema\/person\/image\/\",\"url\":\"https:\/\/secure.gravatar.com\/avatar\/82aafea7d8127119dd649515f56e2117?s=96&d=mm&r=g\",\"contentUrl\":\"https:\/\/secure.gravatar.com\/avatar\/82aafea7d8127119dd649515f56e2117?s=96&d=mm&r=g\",\"caption\":\"rtnews\"},\"url\":\"https:\/\/now-news.de\/de\/author\/rnews\/\"}]}<\/script>\n<!-- \/ Yoast SEO Premium plugin. -->","yoast_head_json":{"title":"Feiern und gedenken mit Russen \u2013 geht gar nicht: NRW-Handelsagentur entl\u00e4sst So-yeon Schr\u00f6der-Kim - just-now.NEWS Deutschland","robots":{"index":"index","follow":"follow","max-snippet":"max-snippet:-1","max-image-preview":"max-image-preview:large","max-video-preview":"max-video-preview:-1"},"canonical":"https:\/\/now-news.de\/de\/deutschland\/feiern-und-gedenken-mit-russen-geht-gar-nicht-nrw-handelsagentur-entlaesst-so-yeon-schroeder-kim\/","og_locale":"de_DE","og_type":"article","og_title":"Feiern und gedenken mit Russen \u2013 geht gar nicht: NRW-Handelsagentur entl\u00e4sst So-yeon Schr\u00f6der-Kim","og_description":"Die landeseigene NRW.Global Business-Gesellschaft trennt sich von der Ehefrau des Alt-Bundeskanzlers Schr\u00f6der. Trotz vorheriger &#8220;Warnungen&#8221; begleitete Schr\u00f6der-Kim ihren Mann zu einer Feier in der russischen Botschaft in Berlin. Die Kampagne gegen Gerhard Schr\u00f6der erf\u00e4hrt damit das n\u00e4chste traurige Kapitel. &#8220;Wenn schon, den schon&#8221;, muss die aktuelle mehrheitliche Diskreditierungsstrategie gegen\u00fcber dem deutschen Kanzler der Jahre 1998\u20132005, [&hellip;]","og_url":"https:\/\/now-news.de\/de\/deutschland\/feiern-und-gedenken-mit-russen-geht-gar-nicht-nrw-handelsagentur-entlaesst-so-yeon-schroeder-kim\/","og_site_name":"just-now.NEWS Deutschland","article_publisher":"https:\/\/www.facebook.com\/wirmachenauf","article_published_time":"2023-05-16T09:18:10+00:00","og_image":[{"width":460,"height":259,"url":"https:\/\/now-news.de\/de\/wp-content\/uploads\/sites\/3\/2023\/05\/Feiern-und-gedenken-mit-Russen-\u2013-geht-gar-nicht-NRW-Handelsagentur.jpg","type":"image\/jpeg"}],"author":"rtnews","twitter_card":"summary_large_image","twitter_creator":"@WirMachenAuf_de","twitter_site":"@WirMachenAuf_de","twitter_misc":{"Verfasst von":"rtnews","Gesch\u00e4tzte Lesezeit":"4\u00a0Minuten"},"schema":{"@context":"https:\/\/schema.org","@graph":[{"@type":"Article","@id":"https:\/\/now-news.de\/de\/deutschland\/feiern-und-gedenken-mit-russen-geht-gar-nicht-nrw-handelsagentur-entlaesst-so-yeon-schroeder-kim\/#article","isPartOf":{"@id":"https:\/\/now-news.de\/de\/deutschland\/feiern-und-gedenken-mit-russen-geht-gar-nicht-nrw-handelsagentur-entlaesst-so-yeon-schroeder-kim\/"},"author":{"name":"rtnews","@id":"https:\/\/now-news.de\/de\/#\/schema\/person\/fb534a4e865501d8b3285208df34a9b5"},"headline":"Feiern und gedenken mit Russen \u2013 geht gar nicht: NRW-Handelsagentur entl\u00e4sst So-yeon Schr\u00f6der-Kim","datePublished":"2023-05-16T09:18:10+00:00","dateModified":"2023-05-16T09:18:10+00:00","mainEntityOfPage":{"@id":"https:\/\/now-news.de\/de\/deutschland\/feiern-und-gedenken-mit-russen-geht-gar-nicht-nrw-handelsagentur-entlaesst-so-yeon-schroeder-kim\/"},"wordCount":735,"commentCount":0,"publisher":{"@id":"https:\/\/now-news.de\/de\/#organization"},"image":{"@id":"https:\/\/now-news.de\/de\/deutschland\/feiern-und-gedenken-mit-russen-geht-gar-nicht-nrw-handelsagentur-entlaesst-so-yeon-schroeder-kim\/#primaryimage"},"thumbnailUrl":"https:\/\/now-news.de\/de\/wp-content\/uploads\/sites\/3\/2023\/05\/Feiern-und-gedenken-mit-Russen-\u2013-geht-gar-nicht-NRW-Handelsagentur.jpg","keywords":["entl\u00e4sst","Feiern","gar","Gedenken","Geht","mit","nicht","NRWHandelsagentur","Russen","Schr\u00f6derKim","Soyeon","und"],"articleSection":["Deutschland","Russland"],"inLanguage":"de","potentialAction":[{"@type":"CommentAction","name":"Comment","target":["https:\/\/now-news.de\/de\/deutschland\/feiern-und-gedenken-mit-russen-geht-gar-nicht-nrw-handelsagentur-entlaesst-so-yeon-schroeder-kim\/#respond"]}]},{"@type":"WebPage","@id":"https:\/\/now-news.de\/de\/deutschland\/feiern-und-gedenken-mit-russen-geht-gar-nicht-nrw-handelsagentur-entlaesst-so-yeon-schroeder-kim\/","url":"https:\/\/now-news.de\/de\/deutschland\/feiern-und-gedenken-mit-russen-geht-gar-nicht-nrw-handelsagentur-entlaesst-so-yeon-schroeder-kim\/","name":"Feiern und gedenken mit Russen \u2013 geht gar nicht: NRW-Handelsagentur entl\u00e4sst So-yeon Schr\u00f6der-Kim - just-now.NEWS Deutschland","isPartOf":{"@id":"https:\/\/now-news.de\/de\/#website"},"primaryImageOfPage":{"@id":"https:\/\/now-news.de\/de\/deutschland\/feiern-und-gedenken-mit-russen-geht-gar-nicht-nrw-handelsagentur-entlaesst-so-yeon-schroeder-kim\/#primaryimage"},"image":{"@id":"https:\/\/now-news.de\/de\/deutschland\/feiern-und-gedenken-mit-russen-geht-gar-nicht-nrw-handelsagentur-entlaesst-so-yeon-schroeder-kim\/#primaryimage"},"thumbnailUrl":"https:\/\/now-news.de\/de\/wp-content\/uploads\/sites\/3\/2023\/05\/Feiern-und-gedenken-mit-Russen-\u2013-geht-gar-nicht-NRW-Handelsagentur.jpg","datePublished":"2023-05-16T09:18:10+00:00","dateModified":"2023-05-16T09:18:10+00:00","breadcrumb":{"@id":"https:\/\/now-news.de\/de\/deutschland\/feiern-und-gedenken-mit-russen-geht-gar-nicht-nrw-handelsagentur-entlaesst-so-yeon-schroeder-kim\/#breadcrumb"},"inLanguage":"de","potentialAction":[{"@type":"ReadAction","target":["https:\/\/now-news.de\/de\/deutschland\/feiern-und-gedenken-mit-russen-geht-gar-nicht-nrw-handelsagentur-entlaesst-so-yeon-schroeder-kim\/"]}]},{"@type":"ImageObject","inLanguage":"de","@id":"https:\/\/now-news.de\/de\/deutschland\/feiern-und-gedenken-mit-russen-geht-gar-nicht-nrw-handelsagentur-entlaesst-so-yeon-schroeder-kim\/#primaryimage","url":"https:\/\/now-news.de\/de\/wp-content\/uploads\/sites\/3\/2023\/05\/Feiern-und-gedenken-mit-Russen-\u2013-geht-gar-nicht-NRW-Handelsagentur.jpg","contentUrl":"https:\/\/now-news.de\/de\/wp-content\/uploads\/sites\/3\/2023\/05\/Feiern-und-gedenken-mit-Russen-\u2013-geht-gar-nicht-NRW-Handelsagentur.jpg","width":460,"height":259,"caption":"Feiern und gedenken mit Russen \u2013 geht gar nicht: NRW-Handelsagentur entl\u00e4sst So-yeon Schr\u00f6der-Kim"},{"@type":"BreadcrumbList","@id":"https:\/\/now-news.de\/de\/deutschland\/feiern-und-gedenken-mit-russen-geht-gar-nicht-nrw-handelsagentur-entlaesst-so-yeon-schroeder-kim\/#breadcrumb","itemListElement":[{"@type":"ListItem","position":1,"name":"Home","item":"https:\/\/now-news.de\/de\/"},{"@type":"ListItem","position":2,"name":"Feiern und gedenken mit Russen \u2013 geht gar nicht: NRW-Handelsagentur entl\u00e4sst So-yeon Schr\u00f6der-Kim"}]},{"@type":"WebSite","@id":"https:\/\/now-news.de\/de\/#website","url":"https:\/\/now-news.de\/de\/","name":"just-now.NEWS Deutschland","description":"Das Portal f\u00fcr unzensierte Nachrichten aus der Welt","publisher":{"@id":"https:\/\/now-news.de\/de\/#organization"},"potentialAction":[{"@type":"SearchAction","target":{"@type":"EntryPoint","urlTemplate":"https:\/\/now-news.de\/de\/?s={search_term_string}"},"query-input":"required name=search_term_string"}],"inLanguage":"de"},{"@type":"Organization","@id":"https:\/\/now-news.de\/de\/#organization","name":"Just Now News","url":"https:\/\/now-news.de\/de\/","logo":{"@type":"ImageObject","inLanguage":"de","@id":"https:\/\/now-news.de\/de\/#\/schema\/logo\/image\/","url":"http:\/\/just-now.news\/de\/wp-content\/uploads\/sites\/3\/2022\/04\/logo500x500.jpg","contentUrl":"http:\/\/just-now.news\/de\/wp-content\/uploads\/sites\/3\/2022\/04\/logo500x500.jpg","width":500,"height":500,"caption":"Just Now News"},"image":{"@id":"https:\/\/now-news.de\/de\/#\/schema\/logo\/image\/"},"sameAs":["https:\/\/www.facebook.com\/wirmachenauf","https:\/\/x.com\/WirMachenAuf_de"]},{"@type":"Person","@id":"https:\/\/now-news.de\/de\/#\/schema\/person\/fb534a4e865501d8b3285208df34a9b5","name":"rtnews","image":{"@type":"ImageObject","inLanguage":"de","@id":"https:\/\/now-news.de\/de\/#\/schema\/person\/image\/","url":"https:\/\/secure.gravatar.com\/avatar\/82aafea7d8127119dd649515f56e2117?s=96&d=mm&r=g","contentUrl":"https:\/\/secure.gravatar.com\/avatar\/82aafea7d8127119dd649515f56e2117?s=96&d=mm&r=g","caption":"rtnews"},"url":"https:\/\/now-news.de\/de\/author\/rnews\/"}]}},"_links":{"self":[{"href":"https:\/\/now-news.de\/de\/wp-json\/wp\/v2\/posts\/36144"}],"collection":[{"href":"https:\/\/now-news.de\/de\/wp-json\/wp\/v2\/posts"}],"about":[{"href":"https:\/\/now-news.de\/de\/wp-json\/wp\/v2\/types\/post"}],"author":[{"embeddable":true,"href":"https:\/\/now-news.de\/de\/wp-json\/wp\/v2\/users\/3"}],"replies":[{"embeddable":true,"href":"https:\/\/now-news.de\/de\/wp-json\/wp\/v2\/comments?post=36144"}],"version-history":[{"count":0,"href":"https:\/\/now-news.de\/de\/wp-json\/wp\/v2\/posts\/36144\/revisions"}],"wp:featuredmedia":[{"embeddable":true,"href":"https:\/\/now-news.de\/de\/wp-json\/wp\/v2\/media\/36145"}],"wp:attachment":[{"href":"https:\/\/now-news.de\/de\/wp-json\/wp\/v2\/media?parent=36144"}],"wp:term":[{"taxonomy":"category","embeddable":true,"href":"https:\/\/now-news.de\/de\/wp-json\/wp\/v2\/categories?post=36144"},{"taxonomy":"post_tag","embeddable":true,"href":"https:\/\/now-news.de\/de\/wp-json\/wp\/v2\/tags?post=36144"}],"curies":[{"name":"wp","href":"https:\/\/api.w.org\/{rel}","templated":true}]}}