{"id":36116,"date":"2023-05-15T19:48:07","date_gmt":"2023-05-15T17:48:07","guid":{"rendered":"https:\/\/just-now.news\/de\/deutschland\/causa-doepfner-presserat-leitet-verfahren-gegen-die-zeit-ein\/"},"modified":"2023-05-15T19:48:07","modified_gmt":"2023-05-15T17:48:07","slug":"causa-doepfner-presserat-leitet-verfahren-gegen-die-zeit-ein","status":"publish","type":"post","link":"https:\/\/now-news.de\/de\/deutschland\/causa-doepfner-presserat-leitet-verfahren-gegen-die-zeit-ein\/","title":{"rendered":"Causa D\u00f6pfner: Presserat leitet Verfahren gegen Die Zeit ein"},"content":{"rendered":"<p><img decoding=\"async\" src=\"http:\/\/just-now.news\/de\/wp-content\/uploads\/sites\/3\/2023\/05\/64624fdb48fbef0c205b8ec5.jpg\" \/><\/p>\n<div class=\"Text-root Text-type_1 \">\n                Der Deutsche Presserat soll dar\u00fcber urteilen, ob die Zeit mit der Ver\u00f6ffentlichung geleakter Chats von Springer-Chef Mathias D\u00f6pfner gegen dessen Pers\u00f6nlichkeitsrechte versto\u00dfen hat. Die Zeitung hatte Mitte April Inhalte aus geleakten internen Chats D\u00f6pfners ver\u00f6ffentlicht.\n            <\/div>\n<p><\/p>\n<div class=\"Text-root Text-type_5 ArticleView-text ViewText-root \">\n<p>Der Deutsche Presserat hat in der Causa D\u00f6pfner ein Beschwerdeverfahren gegen die Wochenzeitung <em>Die Zeit<\/em> eingeleitet. Dies teilte das Selbstkontrollorgan der deutschen Presse am Montag in Berlin mit. Die Zeitung hatte Mitte April in einem Artikel Inhalte aus internen Chats und E-Mails des Vorstandsvorsitzenden der Axel Springer SE, Mathias D\u00f6pfner, ver\u00f6ffentlicht.<\/p>\n<p>In den ausschnittweise ver\u00f6ffentlichten Nachrichten soll sich D\u00f6pfner unter anderem extrem abwertend gegen\u00fcber Ostdeutschen ge\u00e4u\u00dfert haben. Diese seien nach Auffassung D\u00f6pfners entweder &#8220;Kommunisten oder Faschisten. Dazwischen tun sie es nicht. Eklig.&#8221;. Dies soll der Springer-Chef dem Bericht der <em>Zeit<\/em> zufolge geschrieben haben. Der Bericht hatte bundesweit f\u00fcr Aufsehen gesorgt.<\/p>\n<p>Der Presserat will auf seiner n\u00e4chsten Sitzung am 15. Juni \u00fcber die Angelegenheit entscheiden. Demnach war Ende vergangener Woche eine Beschwerde beim Presserat eingegangen. Hintergrund des Verfahrens ist, dass in der Bundesrepublik selbst bei Personen wie D\u00f6pfner das Recht auf Pers\u00f6nlichkeitsschutz gilt.<\/p>\n<p>Konkret erkl\u00e4rte die Sprecherin des Presserats, Kirsten von Hutten:<\/p>\n<blockquote>\n<p><em>&#8220;Im Mittelpunkt unseres Verfahrens steht die Frage, ob die internen Nachrichten D\u00f6pfners von \u00fcberwiegend \u00f6ffentlichem Interesse sind oder ob die Ver\u00f6ffentlichung dessen Pers\u00f6nlichkeitsschutz nach Ziffer 8 des Pressekodex verletzt.&#8221;<\/em><\/p>\n<\/blockquote>\n<p>Der Deutsche Presserat ist die freiwillige Selbstkontrolle der Printmedien und deren Online-Auftritten in Deutschland. Anhand von Beschwerden \u00fcberpr\u00fcft er die Einhaltung ethischer Regeln im Journalismus.<\/p>\n<p><strong>Mehr zum Thema <\/strong>&#8211;\u00a0<a rel=\"nofollow noopener\" target=\"_blank\" href=\"https:\/\/test.rtde.life\/kurzclips\/video\/167803-zeitungsskandal-ruecktritt-wegen-kommentaren-zu-ostdeutschland\/\">Zeitungsskandal: R\u00fccktritt wegen Kommentaren zu Ostdeutschland? <\/a><\/p>\n<div class=\"EmbedBlock-root EmbedBlock-externalVideo EmbedBlock-odysee\">\n<div class=\"VkEmbed\"><iframe class=\"lazyload\" data-src=\"https:\/\/odysee.com\/%24\/embed\/%40RTDE%3Ae%2Fzeitungsskandal-r%C3%BCcktritt-wegen-kommentaren-zu-ostdeutschland%3A0\" frameborder=\"0\" width=\"853\" height=\"480\" allowfullscreen><\/iframe><\/div>\n<\/div>\n<\/div>\n<p><br \/>\n<br \/><a href=\"https:\/\/de.rt.com\/inland\/170159-causa-doepfner-presserat-leitet-verfahren\/\">Source link <\/a><\/p>\n","protected":false},"excerpt":{"rendered":"<p>Der Deutsche Presserat soll dar\u00fcber urteilen, ob die Zeit mit der Ver\u00f6ffentlichung geleakter Chats von Springer-Chef Mathias D\u00f6pfner gegen dessen Pers\u00f6nlichkeitsrechte versto\u00dfen hat. Die Zeitung hatte Mitte April Inhalte aus geleakten internen Chats D\u00f6pfners ver\u00f6ffentlicht. Der Deutsche Presserat hat in der Causa D\u00f6pfner ein Beschwerdeverfahren gegen die Wochenzeitung Die Zeit eingeleitet. Dies teilte das Selbstkontrollorgan [&hellip;]<\/p>\n","protected":false},"author":3,"featured_media":36117,"comment_status":"open","ping_status":"open","sticky":false,"template":"","format":"standard","meta":{"_yoast_indexnow_last_ping":["1684172957"],"wp_automatic_camp":["217"],"09d96aae1a462c0d29a796f555977703":["Causa D\u00f6pfner: Presserat leitet Verfahren gegen Die Zeit ein"],"original_link":["https:\/\/de.rt.com\/inland\/170159-causa-doepfner-presserat-leitet-verfahren\/"],"_thumbnail_id":["36117"],"_wptgpro_p2tg_sent2tg":["a:1:{i:23737;s:19:\"2023-05-15 19:50:20\";}"],"jnews_social_counter_last_update":["1777147655"]},"categories":[19,23],"tags":[30383,45,19026,357,278,17849,44344,24663,2732],"yoast_head":"<!-- This site is optimized with the Yoast SEO Premium plugin v22.7 (Yoast SEO v22.7) - https:\/\/yoast.com\/wordpress\/plugins\/seo\/ -->\n<title>Causa D\u00f6pfner: Presserat leitet Verfahren gegen Die Zeit ein - just-now.NEWS Deutschland<\/title>\n<meta name=\"robots\" content=\"index, follow, max-snippet:-1, max-image-preview:large, max-video-preview:-1\" \/>\n<link rel=\"canonical\" href=\"https:\/\/now-news.de\/de\/deutschland\/causa-doepfner-presserat-leitet-verfahren-gegen-die-zeit-ein\/\" \/>\n<meta property=\"og:locale\" content=\"de_DE\" \/>\n<meta property=\"og:type\" content=\"article\" \/>\n<meta property=\"og:title\" content=\"Causa D\u00f6pfner: Presserat leitet Verfahren gegen Die Zeit ein\" \/>\n<meta property=\"og:description\" content=\"Der Deutsche Presserat soll dar\u00fcber urteilen, ob die Zeit mit der Ver\u00f6ffentlichung geleakter Chats von Springer-Chef Mathias D\u00f6pfner gegen dessen Pers\u00f6nlichkeitsrechte versto\u00dfen hat. Die Zeitung hatte Mitte April Inhalte aus geleakten internen Chats D\u00f6pfners ver\u00f6ffentlicht. Der Deutsche Presserat hat in der Causa D\u00f6pfner ein Beschwerdeverfahren gegen die Wochenzeitung Die Zeit eingeleitet. Dies teilte das Selbstkontrollorgan [&hellip;]\" \/>\n<meta property=\"og:url\" content=\"https:\/\/now-news.de\/de\/deutschland\/causa-doepfner-presserat-leitet-verfahren-gegen-die-zeit-ein\/\" \/>\n<meta property=\"og:site_name\" content=\"just-now.NEWS Deutschland\" \/>\n<meta property=\"article:publisher\" content=\"https:\/\/www.facebook.com\/wirmachenauf\" \/>\n<meta property=\"article:published_time\" content=\"2023-05-15T17:48:07+00:00\" \/>\n<meta property=\"og:image\" content=\"https:\/\/now-news.de\/de\/wp-content\/uploads\/sites\/3\/2023\/05\/Causa-Doepfner-Presserat-leitet-Verfahren-gegen-Die-Zeit-ein.jpg\" \/>\n\t<meta property=\"og:image:width\" content=\"460\" \/>\n\t<meta property=\"og:image:height\" content=\"259\" \/>\n\t<meta property=\"og:image:type\" content=\"image\/jpeg\" \/>\n<meta name=\"author\" content=\"rtnews\" \/>\n<meta name=\"twitter:card\" content=\"summary_large_image\" \/>\n<meta name=\"twitter:creator\" content=\"@WirMachenAuf_de\" \/>\n<meta name=\"twitter:site\" content=\"@WirMachenAuf_de\" \/>\n<meta name=\"twitter:label1\" content=\"Verfasst von\" \/>\n\t<meta name=\"twitter:data1\" content=\"rtnews\" \/>\n\t<meta name=\"twitter:label2\" content=\"Gesch\u00e4tzte Lesezeit\" \/>\n\t<meta name=\"twitter:data2\" content=\"1\u00a0Minute\" \/>\n<script type=\"application\/ld+json\" class=\"yoast-schema-graph\">{\"@context\":\"https:\/\/schema.org\",\"@graph\":[{\"@type\":\"Article\",\"@id\":\"https:\/\/now-news.de\/de\/deutschland\/causa-doepfner-presserat-leitet-verfahren-gegen-die-zeit-ein\/#article\",\"isPartOf\":{\"@id\":\"https:\/\/now-news.de\/de\/deutschland\/causa-doepfner-presserat-leitet-verfahren-gegen-die-zeit-ein\/\"},\"author\":{\"name\":\"rtnews\",\"@id\":\"https:\/\/now-news.de\/de\/#\/schema\/person\/fb534a4e865501d8b3285208df34a9b5\"},\"headline\":\"Causa D\u00f6pfner: Presserat leitet Verfahren gegen Die Zeit ein\",\"datePublished\":\"2023-05-15T17:48:07+00:00\",\"dateModified\":\"2023-05-15T17:48:07+00:00\",\"mainEntityOfPage\":{\"@id\":\"https:\/\/now-news.de\/de\/deutschland\/causa-doepfner-presserat-leitet-verfahren-gegen-die-zeit-ein\/\"},\"wordCount\":287,\"commentCount\":0,\"publisher\":{\"@id\":\"https:\/\/now-news.de\/de\/#organization\"},\"image\":{\"@id\":\"https:\/\/now-news.de\/de\/deutschland\/causa-doepfner-presserat-leitet-verfahren-gegen-die-zeit-ein\/#primaryimage\"},\"thumbnailUrl\":\"https:\/\/now-news.de\/de\/wp-content\/uploads\/sites\/3\/2023\/05\/Causa-Doepfner-Presserat-leitet-Verfahren-gegen-Die-Zeit-ein.jpg\",\"keywords\":[\"Causa\",\"die\",\"D\u00f6pfner\",\"ein\",\"gegen\",\"leitet\",\"Presserat\",\"Verfahren\",\"Zeit\"],\"articleSection\":[\"Deutschland\",\"Russland\"],\"inLanguage\":\"de\",\"potentialAction\":[{\"@type\":\"CommentAction\",\"name\":\"Comment\",\"target\":[\"https:\/\/now-news.de\/de\/deutschland\/causa-doepfner-presserat-leitet-verfahren-gegen-die-zeit-ein\/#respond\"]}]},{\"@type\":\"WebPage\",\"@id\":\"https:\/\/now-news.de\/de\/deutschland\/causa-doepfner-presserat-leitet-verfahren-gegen-die-zeit-ein\/\",\"url\":\"https:\/\/now-news.de\/de\/deutschland\/causa-doepfner-presserat-leitet-verfahren-gegen-die-zeit-ein\/\",\"name\":\"Causa D\u00f6pfner: Presserat leitet Verfahren gegen Die Zeit ein - just-now.NEWS Deutschland\",\"isPartOf\":{\"@id\":\"https:\/\/now-news.de\/de\/#website\"},\"primaryImageOfPage\":{\"@id\":\"https:\/\/now-news.de\/de\/deutschland\/causa-doepfner-presserat-leitet-verfahren-gegen-die-zeit-ein\/#primaryimage\"},\"image\":{\"@id\":\"https:\/\/now-news.de\/de\/deutschland\/causa-doepfner-presserat-leitet-verfahren-gegen-die-zeit-ein\/#primaryimage\"},\"thumbnailUrl\":\"https:\/\/now-news.de\/de\/wp-content\/uploads\/sites\/3\/2023\/05\/Causa-Doepfner-Presserat-leitet-Verfahren-gegen-Die-Zeit-ein.jpg\",\"datePublished\":\"2023-05-15T17:48:07+00:00\",\"dateModified\":\"2023-05-15T17:48:07+00:00\",\"breadcrumb\":{\"@id\":\"https:\/\/now-news.de\/de\/deutschland\/causa-doepfner-presserat-leitet-verfahren-gegen-die-zeit-ein\/#breadcrumb\"},\"inLanguage\":\"de\",\"potentialAction\":[{\"@type\":\"ReadAction\",\"target\":[\"https:\/\/now-news.de\/de\/deutschland\/causa-doepfner-presserat-leitet-verfahren-gegen-die-zeit-ein\/\"]}]},{\"@type\":\"ImageObject\",\"inLanguage\":\"de\",\"@id\":\"https:\/\/now-news.de\/de\/deutschland\/causa-doepfner-presserat-leitet-verfahren-gegen-die-zeit-ein\/#primaryimage\",\"url\":\"https:\/\/now-news.de\/de\/wp-content\/uploads\/sites\/3\/2023\/05\/Causa-Doepfner-Presserat-leitet-Verfahren-gegen-Die-Zeit-ein.jpg\",\"contentUrl\":\"https:\/\/now-news.de\/de\/wp-content\/uploads\/sites\/3\/2023\/05\/Causa-Doepfner-Presserat-leitet-Verfahren-gegen-Die-Zeit-ein.jpg\",\"width\":460,\"height\":259,\"caption\":\"Causa D\u00f6pfner: Presserat leitet Verfahren gegen Die Zeit ein\"},{\"@type\":\"BreadcrumbList\",\"@id\":\"https:\/\/now-news.de\/de\/deutschland\/causa-doepfner-presserat-leitet-verfahren-gegen-die-zeit-ein\/#breadcrumb\",\"itemListElement\":[{\"@type\":\"ListItem\",\"position\":1,\"name\":\"Home\",\"item\":\"https:\/\/now-news.de\/de\/\"},{\"@type\":\"ListItem\",\"position\":2,\"name\":\"Causa D\u00f6pfner: Presserat leitet Verfahren gegen Die Zeit ein\"}]},{\"@type\":\"WebSite\",\"@id\":\"https:\/\/now-news.de\/de\/#website\",\"url\":\"https:\/\/now-news.de\/de\/\",\"name\":\"just-now.NEWS Deutschland\",\"description\":\"Das Portal f\u00fcr unzensierte Nachrichten aus der Welt\",\"publisher\":{\"@id\":\"https:\/\/now-news.de\/de\/#organization\"},\"potentialAction\":[{\"@type\":\"SearchAction\",\"target\":{\"@type\":\"EntryPoint\",\"urlTemplate\":\"https:\/\/now-news.de\/de\/?s={search_term_string}\"},\"query-input\":\"required name=search_term_string\"}],\"inLanguage\":\"de\"},{\"@type\":\"Organization\",\"@id\":\"https:\/\/now-news.de\/de\/#organization\",\"name\":\"Just Now News\",\"url\":\"https:\/\/now-news.de\/de\/\",\"logo\":{\"@type\":\"ImageObject\",\"inLanguage\":\"de\",\"@id\":\"https:\/\/now-news.de\/de\/#\/schema\/logo\/image\/\",\"url\":\"http:\/\/just-now.news\/de\/wp-content\/uploads\/sites\/3\/2022\/04\/logo500x500.jpg\",\"contentUrl\":\"http:\/\/just-now.news\/de\/wp-content\/uploads\/sites\/3\/2022\/04\/logo500x500.jpg\",\"width\":500,\"height\":500,\"caption\":\"Just Now News\"},\"image\":{\"@id\":\"https:\/\/now-news.de\/de\/#\/schema\/logo\/image\/\"},\"sameAs\":[\"https:\/\/www.facebook.com\/wirmachenauf\",\"https:\/\/x.com\/WirMachenAuf_de\"]},{\"@type\":\"Person\",\"@id\":\"https:\/\/now-news.de\/de\/#\/schema\/person\/fb534a4e865501d8b3285208df34a9b5\",\"name\":\"rtnews\",\"image\":{\"@type\":\"ImageObject\",\"inLanguage\":\"de\",\"@id\":\"https:\/\/now-news.de\/de\/#\/schema\/person\/image\/\",\"url\":\"https:\/\/secure.gravatar.com\/avatar\/82aafea7d8127119dd649515f56e2117?s=96&d=mm&r=g\",\"contentUrl\":\"https:\/\/secure.gravatar.com\/avatar\/82aafea7d8127119dd649515f56e2117?s=96&d=mm&r=g\",\"caption\":\"rtnews\"},\"url\":\"https:\/\/now-news.de\/de\/author\/rnews\/\"}]}<\/script>\n<!-- \/ Yoast SEO Premium plugin. -->","yoast_head_json":{"title":"Causa D\u00f6pfner: Presserat leitet Verfahren gegen Die Zeit ein - just-now.NEWS Deutschland","robots":{"index":"index","follow":"follow","max-snippet":"max-snippet:-1","max-image-preview":"max-image-preview:large","max-video-preview":"max-video-preview:-1"},"canonical":"https:\/\/now-news.de\/de\/deutschland\/causa-doepfner-presserat-leitet-verfahren-gegen-die-zeit-ein\/","og_locale":"de_DE","og_type":"article","og_title":"Causa D\u00f6pfner: Presserat leitet Verfahren gegen Die Zeit ein","og_description":"Der Deutsche Presserat soll dar\u00fcber urteilen, ob die Zeit mit der Ver\u00f6ffentlichung geleakter Chats von Springer-Chef Mathias D\u00f6pfner gegen dessen Pers\u00f6nlichkeitsrechte versto\u00dfen hat. Die Zeitung hatte Mitte April Inhalte aus geleakten internen Chats D\u00f6pfners ver\u00f6ffentlicht. Der Deutsche Presserat hat in der Causa D\u00f6pfner ein Beschwerdeverfahren gegen die Wochenzeitung Die Zeit eingeleitet. Dies teilte das Selbstkontrollorgan [&hellip;]","og_url":"https:\/\/now-news.de\/de\/deutschland\/causa-doepfner-presserat-leitet-verfahren-gegen-die-zeit-ein\/","og_site_name":"just-now.NEWS Deutschland","article_publisher":"https:\/\/www.facebook.com\/wirmachenauf","article_published_time":"2023-05-15T17:48:07+00:00","og_image":[{"width":460,"height":259,"url":"https:\/\/now-news.de\/de\/wp-content\/uploads\/sites\/3\/2023\/05\/Causa-Doepfner-Presserat-leitet-Verfahren-gegen-Die-Zeit-ein.jpg","type":"image\/jpeg"}],"author":"rtnews","twitter_card":"summary_large_image","twitter_creator":"@WirMachenAuf_de","twitter_site":"@WirMachenAuf_de","twitter_misc":{"Verfasst von":"rtnews","Gesch\u00e4tzte Lesezeit":"1\u00a0Minute"},"schema":{"@context":"https:\/\/schema.org","@graph":[{"@type":"Article","@id":"https:\/\/now-news.de\/de\/deutschland\/causa-doepfner-presserat-leitet-verfahren-gegen-die-zeit-ein\/#article","isPartOf":{"@id":"https:\/\/now-news.de\/de\/deutschland\/causa-doepfner-presserat-leitet-verfahren-gegen-die-zeit-ein\/"},"author":{"name":"rtnews","@id":"https:\/\/now-news.de\/de\/#\/schema\/person\/fb534a4e865501d8b3285208df34a9b5"},"headline":"Causa D\u00f6pfner: Presserat leitet Verfahren gegen Die Zeit ein","datePublished":"2023-05-15T17:48:07+00:00","dateModified":"2023-05-15T17:48:07+00:00","mainEntityOfPage":{"@id":"https:\/\/now-news.de\/de\/deutschland\/causa-doepfner-presserat-leitet-verfahren-gegen-die-zeit-ein\/"},"wordCount":287,"commentCount":0,"publisher":{"@id":"https:\/\/now-news.de\/de\/#organization"},"image":{"@id":"https:\/\/now-news.de\/de\/deutschland\/causa-doepfner-presserat-leitet-verfahren-gegen-die-zeit-ein\/#primaryimage"},"thumbnailUrl":"https:\/\/now-news.de\/de\/wp-content\/uploads\/sites\/3\/2023\/05\/Causa-Doepfner-Presserat-leitet-Verfahren-gegen-Die-Zeit-ein.jpg","keywords":["Causa","die","D\u00f6pfner","ein","gegen","leitet","Presserat","Verfahren","Zeit"],"articleSection":["Deutschland","Russland"],"inLanguage":"de","potentialAction":[{"@type":"CommentAction","name":"Comment","target":["https:\/\/now-news.de\/de\/deutschland\/causa-doepfner-presserat-leitet-verfahren-gegen-die-zeit-ein\/#respond"]}]},{"@type":"WebPage","@id":"https:\/\/now-news.de\/de\/deutschland\/causa-doepfner-presserat-leitet-verfahren-gegen-die-zeit-ein\/","url":"https:\/\/now-news.de\/de\/deutschland\/causa-doepfner-presserat-leitet-verfahren-gegen-die-zeit-ein\/","name":"Causa D\u00f6pfner: Presserat leitet Verfahren gegen Die Zeit ein - just-now.NEWS Deutschland","isPartOf":{"@id":"https:\/\/now-news.de\/de\/#website"},"primaryImageOfPage":{"@id":"https:\/\/now-news.de\/de\/deutschland\/causa-doepfner-presserat-leitet-verfahren-gegen-die-zeit-ein\/#primaryimage"},"image":{"@id":"https:\/\/now-news.de\/de\/deutschland\/causa-doepfner-presserat-leitet-verfahren-gegen-die-zeit-ein\/#primaryimage"},"thumbnailUrl":"https:\/\/now-news.de\/de\/wp-content\/uploads\/sites\/3\/2023\/05\/Causa-Doepfner-Presserat-leitet-Verfahren-gegen-Die-Zeit-ein.jpg","datePublished":"2023-05-15T17:48:07+00:00","dateModified":"2023-05-15T17:48:07+00:00","breadcrumb":{"@id":"https:\/\/now-news.de\/de\/deutschland\/causa-doepfner-presserat-leitet-verfahren-gegen-die-zeit-ein\/#breadcrumb"},"inLanguage":"de","potentialAction":[{"@type":"ReadAction","target":["https:\/\/now-news.de\/de\/deutschland\/causa-doepfner-presserat-leitet-verfahren-gegen-die-zeit-ein\/"]}]},{"@type":"ImageObject","inLanguage":"de","@id":"https:\/\/now-news.de\/de\/deutschland\/causa-doepfner-presserat-leitet-verfahren-gegen-die-zeit-ein\/#primaryimage","url":"https:\/\/now-news.de\/de\/wp-content\/uploads\/sites\/3\/2023\/05\/Causa-Doepfner-Presserat-leitet-Verfahren-gegen-Die-Zeit-ein.jpg","contentUrl":"https:\/\/now-news.de\/de\/wp-content\/uploads\/sites\/3\/2023\/05\/Causa-Doepfner-Presserat-leitet-Verfahren-gegen-Die-Zeit-ein.jpg","width":460,"height":259,"caption":"Causa D\u00f6pfner: Presserat leitet Verfahren gegen Die Zeit ein"},{"@type":"BreadcrumbList","@id":"https:\/\/now-news.de\/de\/deutschland\/causa-doepfner-presserat-leitet-verfahren-gegen-die-zeit-ein\/#breadcrumb","itemListElement":[{"@type":"ListItem","position":1,"name":"Home","item":"https:\/\/now-news.de\/de\/"},{"@type":"ListItem","position":2,"name":"Causa D\u00f6pfner: Presserat leitet Verfahren gegen Die Zeit ein"}]},{"@type":"WebSite","@id":"https:\/\/now-news.de\/de\/#website","url":"https:\/\/now-news.de\/de\/","name":"just-now.NEWS Deutschland","description":"Das Portal f\u00fcr unzensierte Nachrichten aus der Welt","publisher":{"@id":"https:\/\/now-news.de\/de\/#organization"},"potentialAction":[{"@type":"SearchAction","target":{"@type":"EntryPoint","urlTemplate":"https:\/\/now-news.de\/de\/?s={search_term_string}"},"query-input":"required name=search_term_string"}],"inLanguage":"de"},{"@type":"Organization","@id":"https:\/\/now-news.de\/de\/#organization","name":"Just Now News","url":"https:\/\/now-news.de\/de\/","logo":{"@type":"ImageObject","inLanguage":"de","@id":"https:\/\/now-news.de\/de\/#\/schema\/logo\/image\/","url":"http:\/\/just-now.news\/de\/wp-content\/uploads\/sites\/3\/2022\/04\/logo500x500.jpg","contentUrl":"http:\/\/just-now.news\/de\/wp-content\/uploads\/sites\/3\/2022\/04\/logo500x500.jpg","width":500,"height":500,"caption":"Just Now News"},"image":{"@id":"https:\/\/now-news.de\/de\/#\/schema\/logo\/image\/"},"sameAs":["https:\/\/www.facebook.com\/wirmachenauf","https:\/\/x.com\/WirMachenAuf_de"]},{"@type":"Person","@id":"https:\/\/now-news.de\/de\/#\/schema\/person\/fb534a4e865501d8b3285208df34a9b5","name":"rtnews","image":{"@type":"ImageObject","inLanguage":"de","@id":"https:\/\/now-news.de\/de\/#\/schema\/person\/image\/","url":"https:\/\/secure.gravatar.com\/avatar\/82aafea7d8127119dd649515f56e2117?s=96&d=mm&r=g","contentUrl":"https:\/\/secure.gravatar.com\/avatar\/82aafea7d8127119dd649515f56e2117?s=96&d=mm&r=g","caption":"rtnews"},"url":"https:\/\/now-news.de\/de\/author\/rnews\/"}]}},"_links":{"self":[{"href":"https:\/\/now-news.de\/de\/wp-json\/wp\/v2\/posts\/36116"}],"collection":[{"href":"https:\/\/now-news.de\/de\/wp-json\/wp\/v2\/posts"}],"about":[{"href":"https:\/\/now-news.de\/de\/wp-json\/wp\/v2\/types\/post"}],"author":[{"embeddable":true,"href":"https:\/\/now-news.de\/de\/wp-json\/wp\/v2\/users\/3"}],"replies":[{"embeddable":true,"href":"https:\/\/now-news.de\/de\/wp-json\/wp\/v2\/comments?post=36116"}],"version-history":[{"count":0,"href":"https:\/\/now-news.de\/de\/wp-json\/wp\/v2\/posts\/36116\/revisions"}],"wp:featuredmedia":[{"embeddable":true,"href":"https:\/\/now-news.de\/de\/wp-json\/wp\/v2\/media\/36117"}],"wp:attachment":[{"href":"https:\/\/now-news.de\/de\/wp-json\/wp\/v2\/media?parent=36116"}],"wp:term":[{"taxonomy":"category","embeddable":true,"href":"https:\/\/now-news.de\/de\/wp-json\/wp\/v2\/categories?post=36116"},{"taxonomy":"post_tag","embeddable":true,"href":"https:\/\/now-news.de\/de\/wp-json\/wp\/v2\/tags?post=36116"}],"curies":[{"name":"wp","href":"https:\/\/api.w.org\/{rel}","templated":true}]}}