{"id":36084,"date":"2023-05-15T12:23:47","date_gmt":"2023-05-15T10:23:47","guid":{"rendered":"http:\/\/just-now.news\/de\/deutschland\/das-volk-der-ukraine-und-praesident-selenskij-mit-karlspreis-ausgezeichnet\/"},"modified":"2023-05-15T12:23:47","modified_gmt":"2023-05-15T10:23:47","slug":"das-volk-der-ukraine-und-praesident-selenskij-mit-karlspreis-ausgezeichnet","status":"publish","type":"post","link":"https:\/\/now-news.de\/de\/deutschland\/das-volk-der-ukraine-und-praesident-selenskij-mit-karlspreis-ausgezeichnet\/","title":{"rendered":"Das Volk der Ukraine und Pr\u00e4sident Selenskij mit Karlspreis ausgezeichnet"},"content":{"rendered":"<p><img decoding=\"async\" src=\"http:\/\/just-now.news\/de\/wp-content\/uploads\/sites\/3\/2023\/05\/6461f8bdb480cc52a402446d.jpg\" \/><\/p>\n<div class=\"Text-root Text-type_1 \">\n                Am Sonntag wurde der ukrainische Pr\u00e4sident in Aachen mit dem Karlspreis ausgezeichnet. Selenskij nahm den Preis auch im Namen der Ukrainer entgegen. Der Karlspreis wird j\u00e4hrlich f\u00fcr besondere Verdienste um die Einheit Europas vergeben.\n            <\/div>\n<p><\/p>\n<div class=\"Text-root Text-type_5 ArticleView-text ViewText-root \">\n<p>Am Sonntag nahm der ukrainische Pr\u00e4sident Wladimir Selenskij in Aachen den Karlspreis entgegen. Ausgezeichnet wurden sowohl er als auch das ukrainische Volk f\u00fcr die Verteidigung der europ\u00e4ischen Werte. In der Begr\u00fcndung hei\u00dft es,\u00a0<\/p>\n<blockquote>\n<p><em>&#8220;Das ukrainische Volk verteidigt unter der F\u00fchrung seines Pr\u00e4sidenten Wolodymyr Selenskyj nicht nur die Souver\u00e4nit\u00e4t seines Landes und das Leben seiner B\u00fcrger, sondern auch Europa und die europ\u00e4ischen Werte. <\/em><em>Der Krieg richtet sich gegen Freiheit und Demokratie, Menschenrechte und Multilateralismus&#8221;<\/em><\/p>\n<\/blockquote>\n<p>Selenskij wird als herausragender Politiker dargestellt, der die Geschicke seines Landes einf\u00fchlsam und mutig lenkt.\u00a0<\/p>\n<blockquote>\n<p><em>&#8220;Er ist Halt und auch Vorbild f\u00fcr sein Volk; er steht gegen Hoffnungslosigkeit und Verzweiflung, f\u00fcr die Sicherstellung des allt\u00e4glich Notwendigen, f\u00fcr die existenziell notwendige Verteidigungsausr\u00fcstung und f\u00fcr die Zuversicht, das Ziel einer freien, unabh\u00e4ngigen und souver\u00e4nen Ukraine, die Teil der europ\u00e4ischen V\u00f6lkerfamilie ist. <\/em><\/p>\n<p><em>Selenskyj gibt der Ukraine, er gibt aber auch der Europ\u00e4ischen Union Kraft, an dieses Ideal zu glauben. Er ist insoweit auch Vorbild f\u00fcr alle Europ\u00e4erinnen und Europ\u00e4er, sich auf die europ\u00e4ischen Ideale und Werte zu besinnen.&#8221;<\/em><\/p>\n<\/blockquote>\n<p>Wie in Deutschland \u00fcblich wurde auf die Entwicklung des Ukraine-Konflikts und den Beitrag Deutschlands zu seiner Eskalation nicht eingegangen. Erw\u00e4hnt wurde auch nicht, dass Selenskij im Jahr 2019 f\u00fcr sein Versprechen gew\u00e4hlt wurde, den B\u00fcrgerkrieg im Land zu beenden und die Ukraine zu einen. An diesen Zielen ist er bisher gescheitert und hat im Gegenteil die konfrontative Politik seines Vorg\u00e4ngers im Amt, Petro Poroschenko, noch einmal deutlich intensiviert.\u00a0<\/p>\n<p>Ebenfalls nicht angesprochen wurde, dass das ukrainische Volk keineswegs geschlossen hinter Selenskij steht und als geeinte Nation in die EU strebt, sondern dass ein relevanter Teil der Bev\u00f6lkerung sich bereits seit dem Jahr 2014 von der Ukraine l\u00f6sen will. Gr\u00fcnde daf\u00fcr sind unter anderem die diskriminierende Gesetzgebung und die Unterdr\u00fcckung der russischen Kultur, der sich die Menschen im Osten des Landes zugeh\u00f6rig f\u00fchlen. Die Ukraine antwortete auf die Separationsbestrebungen milit\u00e4risch.\u00a0<\/p>\n<p>Zu der Umsetzung der v\u00f6lkerrechtlich bindenden Minsker Vereinbarung, mit der die territoriale Integrit\u00e4t der Ukraine erhalten bleiben und der B\u00fcrgerkrieg beendet werden sollte, indem die Donbasser Republiken im Rahmen einer F\u00f6deralisierung der Ukraine mehr Autonomie bekommen, f\u00fchlte sich Selenskij ausdr\u00fccklich nicht verpflichtet.<\/p>\n<p>Die innenpolitische Entwicklung, das Verbot von Oppositionsparteien, das Abschalten von Fernsehsendern sowie die strenge Zensur wurden ebenfalls nicht zum Thema gemacht. Stattdessen hob EU-Kommissionspr\u00e4sidentin Ursula von der Leyen in ihrer Laudatio hervor, dass sowohl Selenskij als auch die B\u00fcrger der Ukraine f\u00fcr europ\u00e4ische Werte, f\u00fcr Demokratie, das Recht auf freie Meinungs\u00e4u\u00dferung und das Rechtsstaatsprinzip k\u00e4mpfen w\u00fcrden.\u00a0<\/p>\n<p>Auch von der Leyen stellte die Pers\u00f6nlichkeit Selenskijs in den Mittelpunkt ihrer Rede.\u00a0<\/p>\n<blockquote>\n<p><em>&#8220;Als ich mit Pr\u00e4sident Selenskij sprach, wusste ich bereits durch die vielen Anrufe und Gespr\u00e4che, die wir in diesen d\u00fcsteren ersten Tagen und Wochen gef\u00fchrt hatten, von seinem Mut und seinem Willen. Aber als ich ihm in die Augen sah, war ich beeindruckt von der unersch\u00fctterlichen Entschlossenheit, die er ausstrahlte. Pr\u00e4sident Selenskij ist fest davon \u00fcberzeugt, dass diejenigen, die f\u00fcr etwas k\u00e4mpfen, immer st\u00e4rker sein werden als diejenigen, die f\u00fcr die Durchsetzung ihrer Herrschaft k\u00e4mpfen.&#8221;<\/em><\/p>\n<\/blockquote>\n<p>Eine bekannte Kritikerin der Verleihung des Karlspreises an den ukrainischen Pr\u00e4sidenten ist die Politikerin Sahra Wagenknecht. Sie h\u00e4lt ihn f\u00fcr &#8220;ungeeignet&#8221; und fordert seit Langem Verhandlungen zur Beendigung des Krieges in der Ukraine.\u00a0<\/p>\n<p>Mit dem Karlspreis werden Pers\u00f6nlichkeiten ausgezeichnet, die sich in besonderer Weise um Europa und seine Einheit verdient gemacht haben. Im vergangenen Jahr wurden Swetlana Tichanowskaja und weitere wei\u00dfrussische, von der EU finanzierte und unterst\u00fctzte politische Aktivisten ausgezeichnet, die einen Regime-Change in Wei\u00dfrussland nach\u00a0ukrainischem Vorbild anstreben.<\/p>\n<p>Zu den bisherigen Preistr\u00e4gern z\u00e4hlen auch der CDU-Politiker Wolfgang Sch\u00e4uble, die ehemalige deutsche Bundeskanzlerin Angela Merkel und Frankreichs Pr\u00e4sident Emmanuel Macron.\u00a0<\/p>\n<p><strong>Mehr zum Thema<\/strong>\u00a0\u2013 <a rel=\"nofollow noopener\" target=\"_blank\" href=\"https:\/\/fromrussiawithlove.rtde.live\/inland\/169303-sahra-wagenknecht-karlspreis-ehrung-an\/\">Sahra Wagenknecht: Karlspreis-Ehrung an Wladimir Selenskij als Zeichen f\u00fcr Frieden ungeeignet<\/a><\/p>\n<\/div>\n<p><br \/>\n<br \/><a href=\"https:\/\/de.rt.com\/international\/170111-volk-ukraine-und-praesident-selenskij\/\">Source link <\/a><\/p>\n","protected":false},"excerpt":{"rendered":"<p>Am Sonntag wurde der ukrainische Pr\u00e4sident in Aachen mit dem Karlspreis ausgezeichnet. Selenskij nahm den Preis auch im Namen der Ukrainer entgegen. Der Karlspreis wird j\u00e4hrlich f\u00fcr besondere Verdienste um die Einheit Europas vergeben. Am Sonntag nahm der ukrainische Pr\u00e4sident Wladimir Selenskij in Aachen den Karlspreis entgegen. Ausgezeichnet wurden sowohl er als auch das ukrainische [&hellip;]<\/p>\n","protected":false},"author":3,"featured_media":36085,"comment_status":"open","ping_status":"open","sticky":false,"template":"","format":"standard","meta":{"_yoast_indexnow_last_ping":["1684146964"],"wp_automatic_camp":["217"],"b665ba4e9b84add9b340bc9ef9dcc8a6":["Das Volk der Ukraine und Pr\u00e4sident Selenskij mit Karlspreis ausgezeichnet"],"original_link":["https:\/\/de.rt.com\/international\/170111-volk-ukraine-und-praesident-selenskij\/"],"_thumbnail_id":["36085"],"_wptgpro_p2tg_sent2tg":["a:1:{i:23737;s:19:\"2023-05-15 12:37:05\";}"],"jnews_social_counter_last_update":["1777462873"]},"categories":[19,23],"tags":[44322,427,82,44321,419,3464,6158,127,140,8952],"yoast_head":"<!-- This site is optimized with the Yoast SEO Premium plugin v22.7 (Yoast SEO v22.7) - https:\/\/yoast.com\/wordpress\/plugins\/seo\/ -->\n<title>Das Volk der Ukraine und Pr\u00e4sident Selenskij mit Karlspreis ausgezeichnet - just-now.NEWS Deutschland<\/title>\n<meta name=\"robots\" content=\"index, follow, max-snippet:-1, max-image-preview:large, max-video-preview:-1\" \/>\n<link rel=\"canonical\" href=\"https:\/\/now-news.de\/de\/deutschland\/das-volk-der-ukraine-und-praesident-selenskij-mit-karlspreis-ausgezeichnet\/\" \/>\n<meta property=\"og:locale\" content=\"de_DE\" \/>\n<meta property=\"og:type\" content=\"article\" \/>\n<meta property=\"og:title\" content=\"Das Volk der Ukraine und Pr\u00e4sident Selenskij mit Karlspreis ausgezeichnet\" \/>\n<meta property=\"og:description\" content=\"Am Sonntag wurde der ukrainische Pr\u00e4sident in Aachen mit dem Karlspreis ausgezeichnet. Selenskij nahm den Preis auch im Namen der Ukrainer entgegen. Der Karlspreis wird j\u00e4hrlich f\u00fcr besondere Verdienste um die Einheit Europas vergeben. Am Sonntag nahm der ukrainische Pr\u00e4sident Wladimir Selenskij in Aachen den Karlspreis entgegen. Ausgezeichnet wurden sowohl er als auch das ukrainische [&hellip;]\" \/>\n<meta property=\"og:url\" content=\"https:\/\/now-news.de\/de\/deutschland\/das-volk-der-ukraine-und-praesident-selenskij-mit-karlspreis-ausgezeichnet\/\" \/>\n<meta property=\"og:site_name\" content=\"just-now.NEWS Deutschland\" \/>\n<meta property=\"article:publisher\" content=\"https:\/\/www.facebook.com\/wirmachenauf\" \/>\n<meta property=\"article:published_time\" content=\"2023-05-15T10:23:47+00:00\" \/>\n<meta property=\"og:image\" content=\"https:\/\/now-news.de\/de\/wp-content\/uploads\/sites\/3\/2023\/05\/Das-Volk-der-Ukraine-und-Praesident-Selenskij-mit-Karlspreis-ausgezeichnet.jpg\" \/>\n\t<meta property=\"og:image:width\" content=\"460\" \/>\n\t<meta property=\"og:image:height\" content=\"259\" \/>\n\t<meta property=\"og:image:type\" content=\"image\/jpeg\" \/>\n<meta name=\"author\" content=\"rtnews\" \/>\n<meta name=\"twitter:card\" content=\"summary_large_image\" \/>\n<meta name=\"twitter:creator\" content=\"@WirMachenAuf_de\" \/>\n<meta name=\"twitter:site\" content=\"@WirMachenAuf_de\" \/>\n<meta name=\"twitter:label1\" content=\"Verfasst von\" \/>\n\t<meta name=\"twitter:data1\" content=\"rtnews\" \/>\n\t<meta name=\"twitter:label2\" content=\"Gesch\u00e4tzte Lesezeit\" \/>\n\t<meta name=\"twitter:data2\" content=\"4\u00a0Minuten\" \/>\n<script type=\"application\/ld+json\" class=\"yoast-schema-graph\">{\"@context\":\"https:\/\/schema.org\",\"@graph\":[{\"@type\":\"Article\",\"@id\":\"https:\/\/now-news.de\/de\/deutschland\/das-volk-der-ukraine-und-praesident-selenskij-mit-karlspreis-ausgezeichnet\/#article\",\"isPartOf\":{\"@id\":\"https:\/\/now-news.de\/de\/deutschland\/das-volk-der-ukraine-und-praesident-selenskij-mit-karlspreis-ausgezeichnet\/\"},\"author\":{\"name\":\"rtnews\",\"@id\":\"https:\/\/now-news.de\/de\/#\/schema\/person\/fb534a4e865501d8b3285208df34a9b5\"},\"headline\":\"Das Volk der Ukraine und Pr\u00e4sident Selenskij mit Karlspreis ausgezeichnet\",\"datePublished\":\"2023-05-15T10:23:47+00:00\",\"dateModified\":\"2023-05-15T10:23:47+00:00\",\"mainEntityOfPage\":{\"@id\":\"https:\/\/now-news.de\/de\/deutschland\/das-volk-der-ukraine-und-praesident-selenskij-mit-karlspreis-ausgezeichnet\/\"},\"wordCount\":734,\"commentCount\":0,\"publisher\":{\"@id\":\"https:\/\/now-news.de\/de\/#organization\"},\"image\":{\"@id\":\"https:\/\/now-news.de\/de\/deutschland\/das-volk-der-ukraine-und-praesident-selenskij-mit-karlspreis-ausgezeichnet\/#primaryimage\"},\"thumbnailUrl\":\"https:\/\/now-news.de\/de\/wp-content\/uploads\/sites\/3\/2023\/05\/Das-Volk-der-Ukraine-und-Praesident-Selenskij-mit-Karlspreis-ausgezeichnet.jpg\",\"keywords\":[\"ausgezeichnet\",\"das\",\"der\",\"Karlspreis\",\"mit\",\"Pr\u00e4sident\",\"Selenskij\",\"ukraine\",\"und\",\"volk\"],\"articleSection\":[\"Deutschland\",\"Russland\"],\"inLanguage\":\"de\",\"potentialAction\":[{\"@type\":\"CommentAction\",\"name\":\"Comment\",\"target\":[\"https:\/\/now-news.de\/de\/deutschland\/das-volk-der-ukraine-und-praesident-selenskij-mit-karlspreis-ausgezeichnet\/#respond\"]}]},{\"@type\":\"WebPage\",\"@id\":\"https:\/\/now-news.de\/de\/deutschland\/das-volk-der-ukraine-und-praesident-selenskij-mit-karlspreis-ausgezeichnet\/\",\"url\":\"https:\/\/now-news.de\/de\/deutschland\/das-volk-der-ukraine-und-praesident-selenskij-mit-karlspreis-ausgezeichnet\/\",\"name\":\"Das Volk der Ukraine und Pr\u00e4sident Selenskij mit Karlspreis ausgezeichnet - just-now.NEWS Deutschland\",\"isPartOf\":{\"@id\":\"https:\/\/now-news.de\/de\/#website\"},\"primaryImageOfPage\":{\"@id\":\"https:\/\/now-news.de\/de\/deutschland\/das-volk-der-ukraine-und-praesident-selenskij-mit-karlspreis-ausgezeichnet\/#primaryimage\"},\"image\":{\"@id\":\"https:\/\/now-news.de\/de\/deutschland\/das-volk-der-ukraine-und-praesident-selenskij-mit-karlspreis-ausgezeichnet\/#primaryimage\"},\"thumbnailUrl\":\"https:\/\/now-news.de\/de\/wp-content\/uploads\/sites\/3\/2023\/05\/Das-Volk-der-Ukraine-und-Praesident-Selenskij-mit-Karlspreis-ausgezeichnet.jpg\",\"datePublished\":\"2023-05-15T10:23:47+00:00\",\"dateModified\":\"2023-05-15T10:23:47+00:00\",\"breadcrumb\":{\"@id\":\"https:\/\/now-news.de\/de\/deutschland\/das-volk-der-ukraine-und-praesident-selenskij-mit-karlspreis-ausgezeichnet\/#breadcrumb\"},\"inLanguage\":\"de\",\"potentialAction\":[{\"@type\":\"ReadAction\",\"target\":[\"https:\/\/now-news.de\/de\/deutschland\/das-volk-der-ukraine-und-praesident-selenskij-mit-karlspreis-ausgezeichnet\/\"]}]},{\"@type\":\"ImageObject\",\"inLanguage\":\"de\",\"@id\":\"https:\/\/now-news.de\/de\/deutschland\/das-volk-der-ukraine-und-praesident-selenskij-mit-karlspreis-ausgezeichnet\/#primaryimage\",\"url\":\"https:\/\/now-news.de\/de\/wp-content\/uploads\/sites\/3\/2023\/05\/Das-Volk-der-Ukraine-und-Praesident-Selenskij-mit-Karlspreis-ausgezeichnet.jpg\",\"contentUrl\":\"https:\/\/now-news.de\/de\/wp-content\/uploads\/sites\/3\/2023\/05\/Das-Volk-der-Ukraine-und-Praesident-Selenskij-mit-Karlspreis-ausgezeichnet.jpg\",\"width\":460,\"height\":259,\"caption\":\"Das Volk der Ukraine und Pr\u00e4sident Selenskij mit Karlspreis ausgezeichnet\"},{\"@type\":\"BreadcrumbList\",\"@id\":\"https:\/\/now-news.de\/de\/deutschland\/das-volk-der-ukraine-und-praesident-selenskij-mit-karlspreis-ausgezeichnet\/#breadcrumb\",\"itemListElement\":[{\"@type\":\"ListItem\",\"position\":1,\"name\":\"Home\",\"item\":\"https:\/\/now-news.de\/de\/\"},{\"@type\":\"ListItem\",\"position\":2,\"name\":\"Das Volk der Ukraine und Pr\u00e4sident Selenskij mit Karlspreis ausgezeichnet\"}]},{\"@type\":\"WebSite\",\"@id\":\"https:\/\/now-news.de\/de\/#website\",\"url\":\"https:\/\/now-news.de\/de\/\",\"name\":\"just-now.NEWS Deutschland\",\"description\":\"Das Portal f\u00fcr unzensierte Nachrichten aus der Welt\",\"publisher\":{\"@id\":\"https:\/\/now-news.de\/de\/#organization\"},\"potentialAction\":[{\"@type\":\"SearchAction\",\"target\":{\"@type\":\"EntryPoint\",\"urlTemplate\":\"https:\/\/now-news.de\/de\/?s={search_term_string}\"},\"query-input\":\"required name=search_term_string\"}],\"inLanguage\":\"de\"},{\"@type\":\"Organization\",\"@id\":\"https:\/\/now-news.de\/de\/#organization\",\"name\":\"Just Now News\",\"url\":\"https:\/\/now-news.de\/de\/\",\"logo\":{\"@type\":\"ImageObject\",\"inLanguage\":\"de\",\"@id\":\"https:\/\/now-news.de\/de\/#\/schema\/logo\/image\/\",\"url\":\"http:\/\/just-now.news\/de\/wp-content\/uploads\/sites\/3\/2022\/04\/logo500x500.jpg\",\"contentUrl\":\"http:\/\/just-now.news\/de\/wp-content\/uploads\/sites\/3\/2022\/04\/logo500x500.jpg\",\"width\":500,\"height\":500,\"caption\":\"Just Now News\"},\"image\":{\"@id\":\"https:\/\/now-news.de\/de\/#\/schema\/logo\/image\/\"},\"sameAs\":[\"https:\/\/www.facebook.com\/wirmachenauf\",\"https:\/\/x.com\/WirMachenAuf_de\"]},{\"@type\":\"Person\",\"@id\":\"https:\/\/now-news.de\/de\/#\/schema\/person\/fb534a4e865501d8b3285208df34a9b5\",\"name\":\"rtnews\",\"image\":{\"@type\":\"ImageObject\",\"inLanguage\":\"de\",\"@id\":\"https:\/\/now-news.de\/de\/#\/schema\/person\/image\/\",\"url\":\"https:\/\/secure.gravatar.com\/avatar\/82aafea7d8127119dd649515f56e2117?s=96&d=mm&r=g\",\"contentUrl\":\"https:\/\/secure.gravatar.com\/avatar\/82aafea7d8127119dd649515f56e2117?s=96&d=mm&r=g\",\"caption\":\"rtnews\"},\"url\":\"https:\/\/now-news.de\/de\/author\/rnews\/\"}]}<\/script>\n<!-- \/ Yoast SEO Premium plugin. -->","yoast_head_json":{"title":"Das Volk der Ukraine und Pr\u00e4sident Selenskij mit Karlspreis ausgezeichnet - just-now.NEWS Deutschland","robots":{"index":"index","follow":"follow","max-snippet":"max-snippet:-1","max-image-preview":"max-image-preview:large","max-video-preview":"max-video-preview:-1"},"canonical":"https:\/\/now-news.de\/de\/deutschland\/das-volk-der-ukraine-und-praesident-selenskij-mit-karlspreis-ausgezeichnet\/","og_locale":"de_DE","og_type":"article","og_title":"Das Volk der Ukraine und Pr\u00e4sident Selenskij mit Karlspreis ausgezeichnet","og_description":"Am Sonntag wurde der ukrainische Pr\u00e4sident in Aachen mit dem Karlspreis ausgezeichnet. Selenskij nahm den Preis auch im Namen der Ukrainer entgegen. Der Karlspreis wird j\u00e4hrlich f\u00fcr besondere Verdienste um die Einheit Europas vergeben. Am Sonntag nahm der ukrainische Pr\u00e4sident Wladimir Selenskij in Aachen den Karlspreis entgegen. Ausgezeichnet wurden sowohl er als auch das ukrainische [&hellip;]","og_url":"https:\/\/now-news.de\/de\/deutschland\/das-volk-der-ukraine-und-praesident-selenskij-mit-karlspreis-ausgezeichnet\/","og_site_name":"just-now.NEWS Deutschland","article_publisher":"https:\/\/www.facebook.com\/wirmachenauf","article_published_time":"2023-05-15T10:23:47+00:00","og_image":[{"width":460,"height":259,"url":"https:\/\/now-news.de\/de\/wp-content\/uploads\/sites\/3\/2023\/05\/Das-Volk-der-Ukraine-und-Praesident-Selenskij-mit-Karlspreis-ausgezeichnet.jpg","type":"image\/jpeg"}],"author":"rtnews","twitter_card":"summary_large_image","twitter_creator":"@WirMachenAuf_de","twitter_site":"@WirMachenAuf_de","twitter_misc":{"Verfasst von":"rtnews","Gesch\u00e4tzte Lesezeit":"4\u00a0Minuten"},"schema":{"@context":"https:\/\/schema.org","@graph":[{"@type":"Article","@id":"https:\/\/now-news.de\/de\/deutschland\/das-volk-der-ukraine-und-praesident-selenskij-mit-karlspreis-ausgezeichnet\/#article","isPartOf":{"@id":"https:\/\/now-news.de\/de\/deutschland\/das-volk-der-ukraine-und-praesident-selenskij-mit-karlspreis-ausgezeichnet\/"},"author":{"name":"rtnews","@id":"https:\/\/now-news.de\/de\/#\/schema\/person\/fb534a4e865501d8b3285208df34a9b5"},"headline":"Das Volk der Ukraine und Pr\u00e4sident Selenskij mit Karlspreis ausgezeichnet","datePublished":"2023-05-15T10:23:47+00:00","dateModified":"2023-05-15T10:23:47+00:00","mainEntityOfPage":{"@id":"https:\/\/now-news.de\/de\/deutschland\/das-volk-der-ukraine-und-praesident-selenskij-mit-karlspreis-ausgezeichnet\/"},"wordCount":734,"commentCount":0,"publisher":{"@id":"https:\/\/now-news.de\/de\/#organization"},"image":{"@id":"https:\/\/now-news.de\/de\/deutschland\/das-volk-der-ukraine-und-praesident-selenskij-mit-karlspreis-ausgezeichnet\/#primaryimage"},"thumbnailUrl":"https:\/\/now-news.de\/de\/wp-content\/uploads\/sites\/3\/2023\/05\/Das-Volk-der-Ukraine-und-Praesident-Selenskij-mit-Karlspreis-ausgezeichnet.jpg","keywords":["ausgezeichnet","das","der","Karlspreis","mit","Pr\u00e4sident","Selenskij","ukraine","und","volk"],"articleSection":["Deutschland","Russland"],"inLanguage":"de","potentialAction":[{"@type":"CommentAction","name":"Comment","target":["https:\/\/now-news.de\/de\/deutschland\/das-volk-der-ukraine-und-praesident-selenskij-mit-karlspreis-ausgezeichnet\/#respond"]}]},{"@type":"WebPage","@id":"https:\/\/now-news.de\/de\/deutschland\/das-volk-der-ukraine-und-praesident-selenskij-mit-karlspreis-ausgezeichnet\/","url":"https:\/\/now-news.de\/de\/deutschland\/das-volk-der-ukraine-und-praesident-selenskij-mit-karlspreis-ausgezeichnet\/","name":"Das Volk der Ukraine und Pr\u00e4sident Selenskij mit Karlspreis ausgezeichnet - just-now.NEWS Deutschland","isPartOf":{"@id":"https:\/\/now-news.de\/de\/#website"},"primaryImageOfPage":{"@id":"https:\/\/now-news.de\/de\/deutschland\/das-volk-der-ukraine-und-praesident-selenskij-mit-karlspreis-ausgezeichnet\/#primaryimage"},"image":{"@id":"https:\/\/now-news.de\/de\/deutschland\/das-volk-der-ukraine-und-praesident-selenskij-mit-karlspreis-ausgezeichnet\/#primaryimage"},"thumbnailUrl":"https:\/\/now-news.de\/de\/wp-content\/uploads\/sites\/3\/2023\/05\/Das-Volk-der-Ukraine-und-Praesident-Selenskij-mit-Karlspreis-ausgezeichnet.jpg","datePublished":"2023-05-15T10:23:47+00:00","dateModified":"2023-05-15T10:23:47+00:00","breadcrumb":{"@id":"https:\/\/now-news.de\/de\/deutschland\/das-volk-der-ukraine-und-praesident-selenskij-mit-karlspreis-ausgezeichnet\/#breadcrumb"},"inLanguage":"de","potentialAction":[{"@type":"ReadAction","target":["https:\/\/now-news.de\/de\/deutschland\/das-volk-der-ukraine-und-praesident-selenskij-mit-karlspreis-ausgezeichnet\/"]}]},{"@type":"ImageObject","inLanguage":"de","@id":"https:\/\/now-news.de\/de\/deutschland\/das-volk-der-ukraine-und-praesident-selenskij-mit-karlspreis-ausgezeichnet\/#primaryimage","url":"https:\/\/now-news.de\/de\/wp-content\/uploads\/sites\/3\/2023\/05\/Das-Volk-der-Ukraine-und-Praesident-Selenskij-mit-Karlspreis-ausgezeichnet.jpg","contentUrl":"https:\/\/now-news.de\/de\/wp-content\/uploads\/sites\/3\/2023\/05\/Das-Volk-der-Ukraine-und-Praesident-Selenskij-mit-Karlspreis-ausgezeichnet.jpg","width":460,"height":259,"caption":"Das Volk der Ukraine und Pr\u00e4sident Selenskij mit Karlspreis ausgezeichnet"},{"@type":"BreadcrumbList","@id":"https:\/\/now-news.de\/de\/deutschland\/das-volk-der-ukraine-und-praesident-selenskij-mit-karlspreis-ausgezeichnet\/#breadcrumb","itemListElement":[{"@type":"ListItem","position":1,"name":"Home","item":"https:\/\/now-news.de\/de\/"},{"@type":"ListItem","position":2,"name":"Das Volk der Ukraine und Pr\u00e4sident Selenskij mit Karlspreis ausgezeichnet"}]},{"@type":"WebSite","@id":"https:\/\/now-news.de\/de\/#website","url":"https:\/\/now-news.de\/de\/","name":"just-now.NEWS Deutschland","description":"Das Portal f\u00fcr unzensierte Nachrichten aus der Welt","publisher":{"@id":"https:\/\/now-news.de\/de\/#organization"},"potentialAction":[{"@type":"SearchAction","target":{"@type":"EntryPoint","urlTemplate":"https:\/\/now-news.de\/de\/?s={search_term_string}"},"query-input":"required name=search_term_string"}],"inLanguage":"de"},{"@type":"Organization","@id":"https:\/\/now-news.de\/de\/#organization","name":"Just Now News","url":"https:\/\/now-news.de\/de\/","logo":{"@type":"ImageObject","inLanguage":"de","@id":"https:\/\/now-news.de\/de\/#\/schema\/logo\/image\/","url":"http:\/\/just-now.news\/de\/wp-content\/uploads\/sites\/3\/2022\/04\/logo500x500.jpg","contentUrl":"http:\/\/just-now.news\/de\/wp-content\/uploads\/sites\/3\/2022\/04\/logo500x500.jpg","width":500,"height":500,"caption":"Just Now News"},"image":{"@id":"https:\/\/now-news.de\/de\/#\/schema\/logo\/image\/"},"sameAs":["https:\/\/www.facebook.com\/wirmachenauf","https:\/\/x.com\/WirMachenAuf_de"]},{"@type":"Person","@id":"https:\/\/now-news.de\/de\/#\/schema\/person\/fb534a4e865501d8b3285208df34a9b5","name":"rtnews","image":{"@type":"ImageObject","inLanguage":"de","@id":"https:\/\/now-news.de\/de\/#\/schema\/person\/image\/","url":"https:\/\/secure.gravatar.com\/avatar\/82aafea7d8127119dd649515f56e2117?s=96&d=mm&r=g","contentUrl":"https:\/\/secure.gravatar.com\/avatar\/82aafea7d8127119dd649515f56e2117?s=96&d=mm&r=g","caption":"rtnews"},"url":"https:\/\/now-news.de\/de\/author\/rnews\/"}]}},"_links":{"self":[{"href":"https:\/\/now-news.de\/de\/wp-json\/wp\/v2\/posts\/36084"}],"collection":[{"href":"https:\/\/now-news.de\/de\/wp-json\/wp\/v2\/posts"}],"about":[{"href":"https:\/\/now-news.de\/de\/wp-json\/wp\/v2\/types\/post"}],"author":[{"embeddable":true,"href":"https:\/\/now-news.de\/de\/wp-json\/wp\/v2\/users\/3"}],"replies":[{"embeddable":true,"href":"https:\/\/now-news.de\/de\/wp-json\/wp\/v2\/comments?post=36084"}],"version-history":[{"count":0,"href":"https:\/\/now-news.de\/de\/wp-json\/wp\/v2\/posts\/36084\/revisions"}],"wp:featuredmedia":[{"embeddable":true,"href":"https:\/\/now-news.de\/de\/wp-json\/wp\/v2\/media\/36085"}],"wp:attachment":[{"href":"https:\/\/now-news.de\/de\/wp-json\/wp\/v2\/media?parent=36084"}],"wp:term":[{"taxonomy":"category","embeddable":true,"href":"https:\/\/now-news.de\/de\/wp-json\/wp\/v2\/categories?post=36084"},{"taxonomy":"post_tag","embeddable":true,"href":"https:\/\/now-news.de\/de\/wp-json\/wp\/v2\/tags?post=36084"}],"curies":[{"name":"wp","href":"https:\/\/api.w.org\/{rel}","templated":true}]}}