{"id":36077,"date":"2023-05-15T10:51:15","date_gmt":"2023-05-15T08:51:15","guid":{"rendered":"https:\/\/just-now.news\/de\/deutschland\/bremen-wahl-schmerzliche-verluste-fuer-die-gruenen-spd-erzielt-deutlichen-wahlsieg\/"},"modified":"2023-05-15T10:51:15","modified_gmt":"2023-05-15T08:51:15","slug":"bremen-wahl-schmerzliche-verluste-fuer-die-gruenen-spd-erzielt-deutlichen-wahlsieg","status":"publish","type":"post","link":"https:\/\/now-news.de\/de\/deutschland\/bremen-wahl-schmerzliche-verluste-fuer-die-gruenen-spd-erzielt-deutlichen-wahlsieg\/","title":{"rendered":"Bremen-Wahl: Schmerzliche Verluste f\u00fcr die Gr\u00fcnen \u2013 SPD erzielt deutlichen Wahlsieg"},"content":{"rendered":"<p><img decoding=\"async\" src=\"http:\/\/just-now.news\/de\/wp-content\/uploads\/sites\/3\/2023\/05\/6461cb8048fbef21457390ce.jpg\" \/><\/p>\n<div class=\"Text-root Text-type_1 \">\n                Bei der B\u00fcrgerschaftswahl in Bremen ist die SPD als klarer Sieger hervorgegangen. Die W\u00e4hlervereinigung &#8220;B\u00fcrger in Wut&#8221; erreichte 9,6 Prozent. Bitter traf es hingegen die Gr\u00fcnen: Inmitten der &#8220;Causa Graichen&#8221; musste die Partei herbe Verluste einstecken. Der Co-Vorsitzende der Gr\u00fcnen Omid Nouripour sprach von einem &#8220;Tag der Demut&#8221;.\n            <\/div>\n<p><\/p>\n<div class=\"Text-root Text-type_5 ArticleView-text ViewText-root \">\n<p>Lange Gesichter auf der Wahlparty von B\u00fcndnis 90\/Die Gr\u00fcnen in Bremen, Sorgenfalten in der Parteizentrale in Berlin. Die B\u00fcrger wollen die Politik des schw\u00e4chelnden Polit-Darlings der Jahre 2021 und 2022 einfach nicht verstehen. Laut bisheriger Ausz\u00e4hlung der Wahlstimmen in der <a rel=\"nofollow noopener\" target=\"_blank\" href=\"https:\/\/www.wahlen.bremen.de\/startseite-1459\">7. Hochrechnung<\/a>\u00a0nach der 21. Wahl zur Bremischen B\u00fcrgerschaft lautet das bisherige Ergebnis f\u00fcr die Hansestadt\u00a0unter Ber\u00fccksichtigung der Gewinne und Verluste zum Ergebnis\u00a0von 2019 wie folgt:<\/p>\n<ul>\n<li>Wahlsieger: SPD 29,9 Prozent (plus 4,9 Prozent)<\/li>\n<li>2. Platz: CDU 25,7 Prozent (plus 1,0 Prozent)<\/li>\n<li>3. Platz: B\u00fcndnis 90\/Die Gr\u00fcnen 11,7 Prozent (minus 5,7 Prozent)<\/li>\n<li>Es folgen Die Linke (11,2 Prozent), B\u00fcrger in Wut (9,6 Prozent) und die FDP (5,2 Prozent)<\/li>\n<\/ul>\n<p>Die AfD durfte aufgrund interner Querelen und formaler Fehler zweier zerstrittener Parteilisten <a rel=\"nofollow noopener\" target=\"_blank\" href=\"https:\/\/www.zdf.de\/nachrichten\/politik\/afd-bremen-buergerschaftswahl-kandidaten-liste-ablehnung-100.html\">nicht antreten<\/a>. Die Abstimmung im Zwei-St\u00e4dte-Staat Bremen und Bremerhaven war die erste regul\u00e4re Landtagswahl im Jahr 2023. Wahlberechtigt waren dabei rund 460.000 B\u00fcrger. Insgesamt standen 16 Parteien und W\u00e4hlergruppen auf den Wahlzetteln zur Auswahl. Neben den Ereignissen auf Bundesebene war f\u00fcr das schlechte Abschneiden der Gr\u00fcnen wohl auch die &#8220;unbeliebte Spitzenkandidatin&#8221; in Bremen Maike Schaefer mitverantwortlich. Diesbez\u00fcglich <a rel=\"nofollow noopener\" target=\"_blank\" href=\"https:\/\/archive.ph\/ExhXu#selection-5931.303-5931.454\">informiert<\/a> das Magazin <em>Spiegel<\/em> (Bezahlschranke)<em>:<\/em><\/p>\n<blockquote>\n<p><em>&#8220;Maike Schaefer handelte so, als h\u00e4tte es Bettina Jaraschs (gr\u00fcne) Wahlniederlage in Berlin nicht gegeben. Auch Jarasch hatte sich kurz vor der Wahl in Berlin ins gr\u00fcne Milieu zur\u00fcckgezogen.&#8221;<\/em><\/p>\n<\/blockquote>\n<p>So hatte Schaefer kurz vor der Wahl &#8220;Stra\u00dfen f\u00fcr Autos sperren lassen und das kostenlose Kurzzeitparken, die sogenannte &#8216;Br\u00f6tchentaste&#8217;, in der Innenstadt abschaffen wollen&#8221;, so der <em>Spiegel<\/em>. Die dem <em>Springer<\/em>-Verlag zugeh\u00f6rige <em>Welt<\/em>\u00a0<a rel=\"nofollow noopener\" target=\"_blank\" href=\"https:\/\/www.welt.de\/politik\/deutschland\/plus245346082\/Schlappe-bei-der-Bremen-Wahl-Die-Quittung-fuer-die-gruene-Hybris.html\">titelte<\/a> (Bezahlschranke): &#8220;Die Quittung f\u00fcr die gr\u00fcne Hybris&#8221; und fasst das gr\u00fcne Wahldebakel mit der Erkl\u00e4rung zusammen:<\/p>\n<blockquote>\n<p><em>&#8220;Bei den Gr\u00fcnen grassierte zuletzt Rechthaberei, unterlegt von einem beleidigten Grundton, der der Partei in Krisenzeiten noch nie geholfen hat. Auch Wirtschaftsminister Habeck lieferte Steilvorlagen f\u00fcr die Konkurrenz. Bei der Bremer B\u00fcrgerschaftswahl wird die \u00d6ko-Partei daf\u00fcr abgestraft.&#8221;<\/em><\/p>\n<\/blockquote>\n<p>Co-Parteichef Omid Nouripour sprach von einem &#8220;entt\u00e4uschenden Ergebnis&#8221; und einem &#8220;Tag der Demut&#8221;. Seine Kollegin Ricarda Lang stellte in der Talksendung &#8220;Anne Will&#8221; fest:<\/p>\n<blockquote>\n<p><em>&#8220;Wenn am Ende eines der gro\u00dfen Themen im Wahlkampf die Br\u00f6tchentaste ist, dann haben wir ein Problem.&#8221;<\/em><\/p>\n<\/blockquote>\n<div class=\"EmbedBlock-root EmbedBlock-twitter\">\n<div class=\"TwitterEmbed\">\n<blockquote class=\"twitter-tweet lazyload\" data-twitter=\"twitter-tweet\">\n<p lang=\"de\" dir=\"ltr\">&#8220;Wenn am Ende eines der gro\u00dfen Themen im Wahlkampf die Br\u00f6tchentaste ist, dann haben wir ein Problem&#8221;, <a rel=\"nofollow noopener\" target=\"_blank\" href=\"https:\/\/twitter.com\/Ricarda_Lang?ref_src=twsrc%5Etfw\">@Ricarda_Lang<\/a><a rel=\"nofollow noopener\" target=\"_blank\" href=\"https:\/\/twitter.com\/AnneWillTalk?ref_src=twsrc%5Etfw\">@AnneWillTalk<\/a><a rel=\"nofollow noopener\" target=\"_blank\" href=\"https:\/\/twitter.com\/annewill?ref_src=twsrc%5Etfw\">@annewill<\/a><a rel=\"nofollow noopener\" target=\"_blank\" href=\"https:\/\/t.co\/UlABPybfwg\">pic.twitter.com\/UlABPybfwg<\/a><\/p>\n<p>\u2014 ANNE WILL Talkshow (@AnneWillTalk) <a rel=\"nofollow noopener\" target=\"_blank\" href=\"https:\/\/twitter.com\/AnneWillTalk\/status\/1657867946553688064?ref_src=twsrc%5Etfw\">May 14, 2023<\/a><\/p><\/blockquote>\n<\/div>\n<\/div>\n<p>Die lokale W\u00e4hlervereinigung &#8220;B\u00fcrger in Wut&#8221; existiert seit dem Jahr 2004 und verortet sich inhaltlich nach Eigenauskunft zwischen der CDU\u00a0und der AfD. Nach Einsch\u00e4tzung der Bundeszentrale f\u00fcr politische Bildung vertrete sie &#8220;rechtspopulistische und wirtschaftsliberale Positionen&#8221;, so die<em> Tagesschau<\/em>\u00a0<a rel=\"nofollow noopener\" target=\"_blank\" href=\"https:\/\/www.tagesschau.de\/inland\/innenpolitik\/bremen-biw-100.html\">erl\u00e4uternd<\/a>. Die Website der Stadt informiert, dass die finale Ausz\u00e4hlung der Stimmen &#8220;am Montag, 15.05.2023, ab 10:30 Uhr fortgesetzt wird&#8221;.<\/p>\n<p>&#8220;Seit 77 Jahren regiert die SPD in Bremen \u2013 und damit l\u00e4nger als die CSU in Bayern&#8221;, <a rel=\"nofollow noopener\" target=\"_blank\" href=\"https:\/\/www.tagesschau.de\/inland\/innenpolitik\/bremen-wahl-138.html\">schrieb<\/a>\u00a0die\u00a0<em>Tagesschau <\/em>in einem Vorabbericht.<\/p>\n<p><strong>Mehr zum Thema <\/strong>\u2013\u00a0<a rel=\"nofollow noopener\" target=\"_blank\" href=\"https:\/\/freeassange.rtde.life\/meinung\/170003-baugenehmigungen-laermschutz-diebstahl-spass-mit-der-habeck-heizung\/\">Baugenehmigungen, L\u00e4rmschutz, Diebstahl: Spa\u00df mit der Habeck-Heizung<\/a><\/p>\n<\/div>\n<p><script async src=\"https:\/\/platform.twitter.com\/widgets.js\" charset=\"utf-8\"><\/script><br \/>\n<br \/><br \/>\n<br \/><a href=\"https:\/\/de.rt.com\/inland\/170093-bremen-wahl-schmerzliche-verluste-fuer\/\">Source link <\/a><\/p>\n","protected":false},"excerpt":{"rendered":"<p>Bei der B\u00fcrgerschaftswahl in Bremen ist die SPD als klarer Sieger hervorgegangen. Die W\u00e4hlervereinigung &#8220;B\u00fcrger in Wut&#8221; erreichte 9,6 Prozent. Bitter traf es hingegen die Gr\u00fcnen: Inmitten der &#8220;Causa Graichen&#8221; musste die Partei herbe Verluste einstecken. Der Co-Vorsitzende der Gr\u00fcnen Omid Nouripour sprach von einem &#8220;Tag der Demut&#8221;. Lange Gesichter auf der Wahlparty von B\u00fcndnis [&hellip;]<\/p>\n","protected":false},"author":3,"featured_media":36078,"comment_status":"open","ping_status":"open","sticky":false,"template":"","format":"standard","meta":{"_yoast_indexnow_last_ping":["1684141194"],"wp_automatic_camp":["217"],"cc9223a9a6b59ab2dce2acd62b7de673":["Bremen-Wahl: Schmerzliche Verluste f\u00fcr die Gr\u00fcnen \u2013 SPD erzielt deutlichen Wahlsieg"],"original_link":["https:\/\/de.rt.com\/inland\/170093-bremen-wahl-schmerzliche-verluste-fuer\/"],"_thumbnail_id":["36078"],"_wptgpro_p2tg_sent2tg":["a:1:{i:23737;s:19:\"2023-05-15 11:01:14\";}"],"jnews_social_counter_last_update":["1777569746"]},"categories":[19,23],"tags":[44316,34096,45,19393,221,594,32926,3814,3385,9971],"yoast_head":"<!-- This site is optimized with the Yoast SEO Premium plugin v22.7 (Yoast SEO v22.7) - https:\/\/yoast.com\/wordpress\/plugins\/seo\/ -->\n<title>Bremen-Wahl: Schmerzliche Verluste f\u00fcr die Gr\u00fcnen \u2013 SPD erzielt deutlichen Wahlsieg - just-now.NEWS Deutschland<\/title>\n<meta name=\"robots\" content=\"index, follow, max-snippet:-1, max-image-preview:large, max-video-preview:-1\" \/>\n<link rel=\"canonical\" href=\"https:\/\/now-news.de\/de\/deutschland\/bremen-wahl-schmerzliche-verluste-fuer-die-gruenen-spd-erzielt-deutlichen-wahlsieg\/\" \/>\n<meta property=\"og:locale\" content=\"de_DE\" \/>\n<meta property=\"og:type\" content=\"article\" \/>\n<meta property=\"og:title\" content=\"Bremen-Wahl: Schmerzliche Verluste f\u00fcr die Gr\u00fcnen \u2013 SPD erzielt deutlichen Wahlsieg\" \/>\n<meta property=\"og:description\" content=\"Bei der B\u00fcrgerschaftswahl in Bremen ist die SPD als klarer Sieger hervorgegangen. Die W\u00e4hlervereinigung &#8220;B\u00fcrger in Wut&#8221; erreichte 9,6 Prozent. Bitter traf es hingegen die Gr\u00fcnen: Inmitten der &#8220;Causa Graichen&#8221; musste die Partei herbe Verluste einstecken. Der Co-Vorsitzende der Gr\u00fcnen Omid Nouripour sprach von einem &#8220;Tag der Demut&#8221;. Lange Gesichter auf der Wahlparty von B\u00fcndnis [&hellip;]\" \/>\n<meta property=\"og:url\" content=\"https:\/\/now-news.de\/de\/deutschland\/bremen-wahl-schmerzliche-verluste-fuer-die-gruenen-spd-erzielt-deutlichen-wahlsieg\/\" \/>\n<meta property=\"og:site_name\" content=\"just-now.NEWS Deutschland\" \/>\n<meta property=\"article:publisher\" content=\"https:\/\/www.facebook.com\/wirmachenauf\" \/>\n<meta property=\"article:published_time\" content=\"2023-05-15T08:51:15+00:00\" \/>\n<meta property=\"og:image\" content=\"https:\/\/now-news.de\/de\/wp-content\/uploads\/sites\/3\/2023\/05\/Bremen-Wahl-Schmerzliche-Verluste-fuer-die-Gruenen-\u2013-SPD-erzielt-deutlichen.jpg\" \/>\n\t<meta property=\"og:image:width\" content=\"460\" \/>\n\t<meta property=\"og:image:height\" content=\"259\" \/>\n\t<meta property=\"og:image:type\" content=\"image\/jpeg\" \/>\n<meta name=\"author\" content=\"rtnews\" \/>\n<meta name=\"twitter:card\" content=\"summary_large_image\" \/>\n<meta name=\"twitter:creator\" content=\"@WirMachenAuf_de\" \/>\n<meta name=\"twitter:site\" content=\"@WirMachenAuf_de\" \/>\n<meta name=\"twitter:label1\" content=\"Verfasst von\" \/>\n\t<meta name=\"twitter:data1\" content=\"rtnews\" \/>\n\t<meta name=\"twitter:label2\" content=\"Gesch\u00e4tzte Lesezeit\" \/>\n\t<meta name=\"twitter:data2\" content=\"3\u00a0Minuten\" \/>\n<script type=\"application\/ld+json\" class=\"yoast-schema-graph\">{\"@context\":\"https:\/\/schema.org\",\"@graph\":[{\"@type\":\"Article\",\"@id\":\"https:\/\/now-news.de\/de\/deutschland\/bremen-wahl-schmerzliche-verluste-fuer-die-gruenen-spd-erzielt-deutlichen-wahlsieg\/#article\",\"isPartOf\":{\"@id\":\"https:\/\/now-news.de\/de\/deutschland\/bremen-wahl-schmerzliche-verluste-fuer-die-gruenen-spd-erzielt-deutlichen-wahlsieg\/\"},\"author\":{\"name\":\"rtnews\",\"@id\":\"https:\/\/now-news.de\/de\/#\/schema\/person\/fb534a4e865501d8b3285208df34a9b5\"},\"headline\":\"Bremen-Wahl: Schmerzliche Verluste f\u00fcr die Gr\u00fcnen \u2013 SPD erzielt deutlichen Wahlsieg\",\"datePublished\":\"2023-05-15T08:51:15+00:00\",\"dateModified\":\"2023-05-15T08:51:15+00:00\",\"mainEntityOfPage\":{\"@id\":\"https:\/\/now-news.de\/de\/deutschland\/bremen-wahl-schmerzliche-verluste-fuer-die-gruenen-spd-erzielt-deutlichen-wahlsieg\/\"},\"wordCount\":551,\"commentCount\":0,\"publisher\":{\"@id\":\"https:\/\/now-news.de\/de\/#organization\"},\"image\":{\"@id\":\"https:\/\/now-news.de\/de\/deutschland\/bremen-wahl-schmerzliche-verluste-fuer-die-gruenen-spd-erzielt-deutlichen-wahlsieg\/#primaryimage\"},\"thumbnailUrl\":\"https:\/\/now-news.de\/de\/wp-content\/uploads\/sites\/3\/2023\/05\/Bremen-Wahl-Schmerzliche-Verluste-fuer-die-Gruenen-\u2013-SPD-erzielt-deutlichen.jpg\",\"keywords\":[\"BremenWahl\",\"deutlichen\",\"die\",\"erzielt\",\"f\u00fcr\",\"GR\u00dcNEN\",\"Schmerzliche\",\"SPD\",\"Verluste\",\"Wahlsieg\"],\"articleSection\":[\"Deutschland\",\"Russland\"],\"inLanguage\":\"de\",\"potentialAction\":[{\"@type\":\"CommentAction\",\"name\":\"Comment\",\"target\":[\"https:\/\/now-news.de\/de\/deutschland\/bremen-wahl-schmerzliche-verluste-fuer-die-gruenen-spd-erzielt-deutlichen-wahlsieg\/#respond\"]}]},{\"@type\":\"WebPage\",\"@id\":\"https:\/\/now-news.de\/de\/deutschland\/bremen-wahl-schmerzliche-verluste-fuer-die-gruenen-spd-erzielt-deutlichen-wahlsieg\/\",\"url\":\"https:\/\/now-news.de\/de\/deutschland\/bremen-wahl-schmerzliche-verluste-fuer-die-gruenen-spd-erzielt-deutlichen-wahlsieg\/\",\"name\":\"Bremen-Wahl: Schmerzliche Verluste f\u00fcr die Gr\u00fcnen \u2013 SPD erzielt deutlichen Wahlsieg - just-now.NEWS Deutschland\",\"isPartOf\":{\"@id\":\"https:\/\/now-news.de\/de\/#website\"},\"primaryImageOfPage\":{\"@id\":\"https:\/\/now-news.de\/de\/deutschland\/bremen-wahl-schmerzliche-verluste-fuer-die-gruenen-spd-erzielt-deutlichen-wahlsieg\/#primaryimage\"},\"image\":{\"@id\":\"https:\/\/now-news.de\/de\/deutschland\/bremen-wahl-schmerzliche-verluste-fuer-die-gruenen-spd-erzielt-deutlichen-wahlsieg\/#primaryimage\"},\"thumbnailUrl\":\"https:\/\/now-news.de\/de\/wp-content\/uploads\/sites\/3\/2023\/05\/Bremen-Wahl-Schmerzliche-Verluste-fuer-die-Gruenen-\u2013-SPD-erzielt-deutlichen.jpg\",\"datePublished\":\"2023-05-15T08:51:15+00:00\",\"dateModified\":\"2023-05-15T08:51:15+00:00\",\"breadcrumb\":{\"@id\":\"https:\/\/now-news.de\/de\/deutschland\/bremen-wahl-schmerzliche-verluste-fuer-die-gruenen-spd-erzielt-deutlichen-wahlsieg\/#breadcrumb\"},\"inLanguage\":\"de\",\"potentialAction\":[{\"@type\":\"ReadAction\",\"target\":[\"https:\/\/now-news.de\/de\/deutschland\/bremen-wahl-schmerzliche-verluste-fuer-die-gruenen-spd-erzielt-deutlichen-wahlsieg\/\"]}]},{\"@type\":\"ImageObject\",\"inLanguage\":\"de\",\"@id\":\"https:\/\/now-news.de\/de\/deutschland\/bremen-wahl-schmerzliche-verluste-fuer-die-gruenen-spd-erzielt-deutlichen-wahlsieg\/#primaryimage\",\"url\":\"https:\/\/now-news.de\/de\/wp-content\/uploads\/sites\/3\/2023\/05\/Bremen-Wahl-Schmerzliche-Verluste-fuer-die-Gruenen-\u2013-SPD-erzielt-deutlichen.jpg\",\"contentUrl\":\"https:\/\/now-news.de\/de\/wp-content\/uploads\/sites\/3\/2023\/05\/Bremen-Wahl-Schmerzliche-Verluste-fuer-die-Gruenen-\u2013-SPD-erzielt-deutlichen.jpg\",\"width\":460,\"height\":259,\"caption\":\"Bremen-Wahl: Schmerzliche Verluste f\u00fcr die Gr\u00fcnen \u2013 SPD erzielt deutlichen Wahlsieg\"},{\"@type\":\"BreadcrumbList\",\"@id\":\"https:\/\/now-news.de\/de\/deutschland\/bremen-wahl-schmerzliche-verluste-fuer-die-gruenen-spd-erzielt-deutlichen-wahlsieg\/#breadcrumb\",\"itemListElement\":[{\"@type\":\"ListItem\",\"position\":1,\"name\":\"Home\",\"item\":\"https:\/\/now-news.de\/de\/\"},{\"@type\":\"ListItem\",\"position\":2,\"name\":\"Bremen-Wahl: Schmerzliche Verluste f\u00fcr die Gr\u00fcnen \u2013 SPD erzielt deutlichen Wahlsieg\"}]},{\"@type\":\"WebSite\",\"@id\":\"https:\/\/now-news.de\/de\/#website\",\"url\":\"https:\/\/now-news.de\/de\/\",\"name\":\"just-now.NEWS Deutschland\",\"description\":\"Das Portal f\u00fcr unzensierte Nachrichten aus der Welt\",\"publisher\":{\"@id\":\"https:\/\/now-news.de\/de\/#organization\"},\"potentialAction\":[{\"@type\":\"SearchAction\",\"target\":{\"@type\":\"EntryPoint\",\"urlTemplate\":\"https:\/\/now-news.de\/de\/?s={search_term_string}\"},\"query-input\":\"required name=search_term_string\"}],\"inLanguage\":\"de\"},{\"@type\":\"Organization\",\"@id\":\"https:\/\/now-news.de\/de\/#organization\",\"name\":\"Just Now News\",\"url\":\"https:\/\/now-news.de\/de\/\",\"logo\":{\"@type\":\"ImageObject\",\"inLanguage\":\"de\",\"@id\":\"https:\/\/now-news.de\/de\/#\/schema\/logo\/image\/\",\"url\":\"http:\/\/just-now.news\/de\/wp-content\/uploads\/sites\/3\/2022\/04\/logo500x500.jpg\",\"contentUrl\":\"http:\/\/just-now.news\/de\/wp-content\/uploads\/sites\/3\/2022\/04\/logo500x500.jpg\",\"width\":500,\"height\":500,\"caption\":\"Just Now News\"},\"image\":{\"@id\":\"https:\/\/now-news.de\/de\/#\/schema\/logo\/image\/\"},\"sameAs\":[\"https:\/\/www.facebook.com\/wirmachenauf\",\"https:\/\/x.com\/WirMachenAuf_de\"]},{\"@type\":\"Person\",\"@id\":\"https:\/\/now-news.de\/de\/#\/schema\/person\/fb534a4e865501d8b3285208df34a9b5\",\"name\":\"rtnews\",\"image\":{\"@type\":\"ImageObject\",\"inLanguage\":\"de\",\"@id\":\"https:\/\/now-news.de\/de\/#\/schema\/person\/image\/\",\"url\":\"https:\/\/secure.gravatar.com\/avatar\/82aafea7d8127119dd649515f56e2117?s=96&d=mm&r=g\",\"contentUrl\":\"https:\/\/secure.gravatar.com\/avatar\/82aafea7d8127119dd649515f56e2117?s=96&d=mm&r=g\",\"caption\":\"rtnews\"},\"url\":\"https:\/\/now-news.de\/de\/author\/rnews\/\"}]}<\/script>\n<!-- \/ Yoast SEO Premium plugin. -->","yoast_head_json":{"title":"Bremen-Wahl: Schmerzliche Verluste f\u00fcr die Gr\u00fcnen \u2013 SPD erzielt deutlichen Wahlsieg - just-now.NEWS Deutschland","robots":{"index":"index","follow":"follow","max-snippet":"max-snippet:-1","max-image-preview":"max-image-preview:large","max-video-preview":"max-video-preview:-1"},"canonical":"https:\/\/now-news.de\/de\/deutschland\/bremen-wahl-schmerzliche-verluste-fuer-die-gruenen-spd-erzielt-deutlichen-wahlsieg\/","og_locale":"de_DE","og_type":"article","og_title":"Bremen-Wahl: Schmerzliche Verluste f\u00fcr die Gr\u00fcnen \u2013 SPD erzielt deutlichen Wahlsieg","og_description":"Bei der B\u00fcrgerschaftswahl in Bremen ist die SPD als klarer Sieger hervorgegangen. Die W\u00e4hlervereinigung &#8220;B\u00fcrger in Wut&#8221; erreichte 9,6 Prozent. Bitter traf es hingegen die Gr\u00fcnen: Inmitten der &#8220;Causa Graichen&#8221; musste die Partei herbe Verluste einstecken. Der Co-Vorsitzende der Gr\u00fcnen Omid Nouripour sprach von einem &#8220;Tag der Demut&#8221;. Lange Gesichter auf der Wahlparty von B\u00fcndnis [&hellip;]","og_url":"https:\/\/now-news.de\/de\/deutschland\/bremen-wahl-schmerzliche-verluste-fuer-die-gruenen-spd-erzielt-deutlichen-wahlsieg\/","og_site_name":"just-now.NEWS Deutschland","article_publisher":"https:\/\/www.facebook.com\/wirmachenauf","article_published_time":"2023-05-15T08:51:15+00:00","og_image":[{"width":460,"height":259,"url":"https:\/\/now-news.de\/de\/wp-content\/uploads\/sites\/3\/2023\/05\/Bremen-Wahl-Schmerzliche-Verluste-fuer-die-Gruenen-\u2013-SPD-erzielt-deutlichen.jpg","type":"image\/jpeg"}],"author":"rtnews","twitter_card":"summary_large_image","twitter_creator":"@WirMachenAuf_de","twitter_site":"@WirMachenAuf_de","twitter_misc":{"Verfasst von":"rtnews","Gesch\u00e4tzte Lesezeit":"3\u00a0Minuten"},"schema":{"@context":"https:\/\/schema.org","@graph":[{"@type":"Article","@id":"https:\/\/now-news.de\/de\/deutschland\/bremen-wahl-schmerzliche-verluste-fuer-die-gruenen-spd-erzielt-deutlichen-wahlsieg\/#article","isPartOf":{"@id":"https:\/\/now-news.de\/de\/deutschland\/bremen-wahl-schmerzliche-verluste-fuer-die-gruenen-spd-erzielt-deutlichen-wahlsieg\/"},"author":{"name":"rtnews","@id":"https:\/\/now-news.de\/de\/#\/schema\/person\/fb534a4e865501d8b3285208df34a9b5"},"headline":"Bremen-Wahl: Schmerzliche Verluste f\u00fcr die Gr\u00fcnen \u2013 SPD erzielt deutlichen Wahlsieg","datePublished":"2023-05-15T08:51:15+00:00","dateModified":"2023-05-15T08:51:15+00:00","mainEntityOfPage":{"@id":"https:\/\/now-news.de\/de\/deutschland\/bremen-wahl-schmerzliche-verluste-fuer-die-gruenen-spd-erzielt-deutlichen-wahlsieg\/"},"wordCount":551,"commentCount":0,"publisher":{"@id":"https:\/\/now-news.de\/de\/#organization"},"image":{"@id":"https:\/\/now-news.de\/de\/deutschland\/bremen-wahl-schmerzliche-verluste-fuer-die-gruenen-spd-erzielt-deutlichen-wahlsieg\/#primaryimage"},"thumbnailUrl":"https:\/\/now-news.de\/de\/wp-content\/uploads\/sites\/3\/2023\/05\/Bremen-Wahl-Schmerzliche-Verluste-fuer-die-Gruenen-\u2013-SPD-erzielt-deutlichen.jpg","keywords":["BremenWahl","deutlichen","die","erzielt","f\u00fcr","GR\u00dcNEN","Schmerzliche","SPD","Verluste","Wahlsieg"],"articleSection":["Deutschland","Russland"],"inLanguage":"de","potentialAction":[{"@type":"CommentAction","name":"Comment","target":["https:\/\/now-news.de\/de\/deutschland\/bremen-wahl-schmerzliche-verluste-fuer-die-gruenen-spd-erzielt-deutlichen-wahlsieg\/#respond"]}]},{"@type":"WebPage","@id":"https:\/\/now-news.de\/de\/deutschland\/bremen-wahl-schmerzliche-verluste-fuer-die-gruenen-spd-erzielt-deutlichen-wahlsieg\/","url":"https:\/\/now-news.de\/de\/deutschland\/bremen-wahl-schmerzliche-verluste-fuer-die-gruenen-spd-erzielt-deutlichen-wahlsieg\/","name":"Bremen-Wahl: Schmerzliche Verluste f\u00fcr die Gr\u00fcnen \u2013 SPD erzielt deutlichen Wahlsieg - just-now.NEWS Deutschland","isPartOf":{"@id":"https:\/\/now-news.de\/de\/#website"},"primaryImageOfPage":{"@id":"https:\/\/now-news.de\/de\/deutschland\/bremen-wahl-schmerzliche-verluste-fuer-die-gruenen-spd-erzielt-deutlichen-wahlsieg\/#primaryimage"},"image":{"@id":"https:\/\/now-news.de\/de\/deutschland\/bremen-wahl-schmerzliche-verluste-fuer-die-gruenen-spd-erzielt-deutlichen-wahlsieg\/#primaryimage"},"thumbnailUrl":"https:\/\/now-news.de\/de\/wp-content\/uploads\/sites\/3\/2023\/05\/Bremen-Wahl-Schmerzliche-Verluste-fuer-die-Gruenen-\u2013-SPD-erzielt-deutlichen.jpg","datePublished":"2023-05-15T08:51:15+00:00","dateModified":"2023-05-15T08:51:15+00:00","breadcrumb":{"@id":"https:\/\/now-news.de\/de\/deutschland\/bremen-wahl-schmerzliche-verluste-fuer-die-gruenen-spd-erzielt-deutlichen-wahlsieg\/#breadcrumb"},"inLanguage":"de","potentialAction":[{"@type":"ReadAction","target":["https:\/\/now-news.de\/de\/deutschland\/bremen-wahl-schmerzliche-verluste-fuer-die-gruenen-spd-erzielt-deutlichen-wahlsieg\/"]}]},{"@type":"ImageObject","inLanguage":"de","@id":"https:\/\/now-news.de\/de\/deutschland\/bremen-wahl-schmerzliche-verluste-fuer-die-gruenen-spd-erzielt-deutlichen-wahlsieg\/#primaryimage","url":"https:\/\/now-news.de\/de\/wp-content\/uploads\/sites\/3\/2023\/05\/Bremen-Wahl-Schmerzliche-Verluste-fuer-die-Gruenen-\u2013-SPD-erzielt-deutlichen.jpg","contentUrl":"https:\/\/now-news.de\/de\/wp-content\/uploads\/sites\/3\/2023\/05\/Bremen-Wahl-Schmerzliche-Verluste-fuer-die-Gruenen-\u2013-SPD-erzielt-deutlichen.jpg","width":460,"height":259,"caption":"Bremen-Wahl: Schmerzliche Verluste f\u00fcr die Gr\u00fcnen \u2013 SPD erzielt deutlichen Wahlsieg"},{"@type":"BreadcrumbList","@id":"https:\/\/now-news.de\/de\/deutschland\/bremen-wahl-schmerzliche-verluste-fuer-die-gruenen-spd-erzielt-deutlichen-wahlsieg\/#breadcrumb","itemListElement":[{"@type":"ListItem","position":1,"name":"Home","item":"https:\/\/now-news.de\/de\/"},{"@type":"ListItem","position":2,"name":"Bremen-Wahl: Schmerzliche Verluste f\u00fcr die Gr\u00fcnen \u2013 SPD erzielt deutlichen Wahlsieg"}]},{"@type":"WebSite","@id":"https:\/\/now-news.de\/de\/#website","url":"https:\/\/now-news.de\/de\/","name":"just-now.NEWS Deutschland","description":"Das Portal f\u00fcr unzensierte Nachrichten aus der Welt","publisher":{"@id":"https:\/\/now-news.de\/de\/#organization"},"potentialAction":[{"@type":"SearchAction","target":{"@type":"EntryPoint","urlTemplate":"https:\/\/now-news.de\/de\/?s={search_term_string}"},"query-input":"required name=search_term_string"}],"inLanguage":"de"},{"@type":"Organization","@id":"https:\/\/now-news.de\/de\/#organization","name":"Just Now News","url":"https:\/\/now-news.de\/de\/","logo":{"@type":"ImageObject","inLanguage":"de","@id":"https:\/\/now-news.de\/de\/#\/schema\/logo\/image\/","url":"http:\/\/just-now.news\/de\/wp-content\/uploads\/sites\/3\/2022\/04\/logo500x500.jpg","contentUrl":"http:\/\/just-now.news\/de\/wp-content\/uploads\/sites\/3\/2022\/04\/logo500x500.jpg","width":500,"height":500,"caption":"Just Now News"},"image":{"@id":"https:\/\/now-news.de\/de\/#\/schema\/logo\/image\/"},"sameAs":["https:\/\/www.facebook.com\/wirmachenauf","https:\/\/x.com\/WirMachenAuf_de"]},{"@type":"Person","@id":"https:\/\/now-news.de\/de\/#\/schema\/person\/fb534a4e865501d8b3285208df34a9b5","name":"rtnews","image":{"@type":"ImageObject","inLanguage":"de","@id":"https:\/\/now-news.de\/de\/#\/schema\/person\/image\/","url":"https:\/\/secure.gravatar.com\/avatar\/82aafea7d8127119dd649515f56e2117?s=96&d=mm&r=g","contentUrl":"https:\/\/secure.gravatar.com\/avatar\/82aafea7d8127119dd649515f56e2117?s=96&d=mm&r=g","caption":"rtnews"},"url":"https:\/\/now-news.de\/de\/author\/rnews\/"}]}},"_links":{"self":[{"href":"https:\/\/now-news.de\/de\/wp-json\/wp\/v2\/posts\/36077"}],"collection":[{"href":"https:\/\/now-news.de\/de\/wp-json\/wp\/v2\/posts"}],"about":[{"href":"https:\/\/now-news.de\/de\/wp-json\/wp\/v2\/types\/post"}],"author":[{"embeddable":true,"href":"https:\/\/now-news.de\/de\/wp-json\/wp\/v2\/users\/3"}],"replies":[{"embeddable":true,"href":"https:\/\/now-news.de\/de\/wp-json\/wp\/v2\/comments?post=36077"}],"version-history":[{"count":0,"href":"https:\/\/now-news.de\/de\/wp-json\/wp\/v2\/posts\/36077\/revisions"}],"wp:featuredmedia":[{"embeddable":true,"href":"https:\/\/now-news.de\/de\/wp-json\/wp\/v2\/media\/36078"}],"wp:attachment":[{"href":"https:\/\/now-news.de\/de\/wp-json\/wp\/v2\/media?parent=36077"}],"wp:term":[{"taxonomy":"category","embeddable":true,"href":"https:\/\/now-news.de\/de\/wp-json\/wp\/v2\/categories?post=36077"},{"taxonomy":"post_tag","embeddable":true,"href":"https:\/\/now-news.de\/de\/wp-json\/wp\/v2\/tags?post=36077"}],"curies":[{"name":"wp","href":"https:\/\/api.w.org\/{rel}","templated":true}]}}