{"id":36059,"date":"2023-05-14T20:53:27","date_gmt":"2023-05-14T18:53:27","guid":{"rendered":"http:\/\/just-now.news\/de\/deutschland\/absperrungen-festnahmen-schikanen-wie-deutschland-das-gedenken-an-sieg-ueber-nazis-kriminalisiert\/"},"modified":"2023-05-14T20:53:27","modified_gmt":"2023-05-14T18:53:27","slug":"absperrungen-festnahmen-schikanen-wie-deutschland-das-gedenken-an-sieg-ueber-nazis-kriminalisiert","status":"publish","type":"post","link":"https:\/\/now-news.de\/de\/deutschland\/absperrungen-festnahmen-schikanen-wie-deutschland-das-gedenken-an-sieg-ueber-nazis-kriminalisiert\/","title":{"rendered":"Absperrungen, Festnahmen, Schikanen: Wie Deutschland das Gedenken an Sieg \u00fcber Nazis kriminalisiert"},"content":{"rendered":"<div class=\"Text-root Text-type_1 \">\n                Jedes Jahr wird die Luft f\u00fcr die Menschen, welche die Heldentaten der Befreier vom Hitler-Nazismus geb\u00fchrend w\u00fcrdigen wollen, in Europa d\u00fcnner. Auch in Deutschland, das immer mehr der Ukraine und dem Baltikum \u00e4hnelt. In diesen Staaten gilt das Feiern des Sieges als Verbrechen.\n            <\/div>\n<p><\/p>\n<div class=\"Text-root Text-type_5 ArticleView-text ViewText-root \">\n<p><em>Von Wladislaw Sankin<\/em><\/p>\n<p>Ich muss ehrlich gestehen, dass ich lange um den richtigen Titel f\u00fcr meinen <a rel=\"nofollow noopener\" target=\"_blank\" href=\"https:\/\/meinungsfreiheit.rtde.life\/meinung\/169424-ukraine-und-tag-sieges-berlin-will-gedenken-wahren-befreier-nazismus-ausloeschen\/\">Artikel<\/a>\u00a0<em>&#8220;Ukraine und Tag des Sieges: Berlin will das Gedenken an die wahren Befreier vom Nazismus canceln&#8221;<\/em> gerungen habe. Urspr\u00fcnglich hie\u00df es &#8220;vernichten&#8221; statt &#8220;canceln&#8221;. Am Ende wollte ich mich doch nicht so kategorisch festlegen, denn das Berliner Gericht hat das Verbot russischer Symbole am Tag der Befreiung teilweise aufgehoben.<\/p>\n<p>Dann setzte die Berliner Polizei doch das strikte Verbot russischer und sowjetischer Symbole an Feiertagen durch und setzte es konsequent um. Da ich am 9. Mai selbst mehrere Stunden im Treptower Park verbracht und mit vielen Besuchern und Aktivisten dort gesprochen habe, komme ich nun zu dem Schluss, dass die erste Variante der Schlagzeile doch die richtige war. Die Berliner Beh\u00f6rden zielen auf die komplette Abschaffung der \u00f6ffentlichen Ehrung der Sieger ab.<\/p>\n<p>Das geht nat\u00fcrlich nicht von heute auf morgen. Die Strategie ist langfristig angelegt und orientiert sich vor allem an den Erfahrungen Lettlands und der Ukraine\u00a0\u2012 von L\u00e4ndern, die es innerhalb eines knappen Jahrzehnts geschafft haben, alle Anzeichen des Stolzes auf die Sieger im Krieg gegen den Nazismus aus dem \u00f6ffentlichen Raum zu verbannen. Daf\u00fcr setzten sie auf Staatsgewalt und deren handzahme Justiz, Verleumdungskampagnen und Stra\u00dfenhetze.<\/p>\n<p>Hunderte Denkm\u00e4ler wurden <a rel=\"nofollow noopener\" target=\"_blank\" href=\"https:\/\/test.rtde.life\/europa\/166994-ausloeschung-geschichte-wie-russische-gedenkstaetten\/\">bereits abgerissen<\/a>, tausende Stra\u00dfen- und Ortsnamen umbenannt. Zwar ist das Niederrei\u00dfen der sowjetischen Denkm\u00e4ler in Deutschland (noch) schwer denkbar. Aber dass Deutschland auf gutem Weg ist, ein mit Russophobie infiziertes mittelosteurop\u00e4isches Grenzland zu werden\u00a0\u2012 wie unser Autor Rainer Rupp in einer Analyse trefflich <a rel=\"nofollow noopener\" target=\"_blank\" href=\"https:\/\/meinungsfreiheit.rtde.life\/meinung\/169501-wenn-anti-faschismus-zum-faschismus\/\">feststellte<\/a> \u2013, daran gibt es nun keine Zweifel.<\/p>\n<p>Die\u00a0Russophobie\u00a0stammt von den Eliten, muss an dieser Stelle angemerkt werden. Denn jeder, der das Ehrenmal-Ensemble im Treptower Park am 9. Mai aufsucht, wei\u00df, wie intensiv dort die deutsch-russische Freundschaft gelebt wird. Nicht nur Russen, Ukrainer, Wei\u00dfrussen, Kasachen, Moldawier und Vertreter anderer Republiken der ehemaligen Siegermacht UdSSR zieht es hierher. Tausende Deutsche aus Berlin und Umland sowie G\u00e4ste der Stadt besuchen traditionell diesen Ort, um den gefallenen Soldaten die Ehre zu erweisen und russisch-sowjetischen Liedern zu <a rel=\"nofollow noopener\" target=\"_blank\" href=\"https:\/\/www.facebook.com\/wlad.sankin\/posts\/pfbid0MBt9WRWkBVAxmGnUMhGjCCRudwDrHKDoEyKZqoxH5FkkiqM6pg5LcyJ7kq7YAUuSl\">lauschen<\/a>. Oder mit ihrem Besuch auch ein politisches Statement gegen die Wiedergeburt des Faschismus, Militarismus und NATO-Expansionismus zu setzen.<\/p>\n<p>Dabei z\u00e4hlen der Treptower Park und das Sowjetische Ehrenmal im Berliner Tiergarten zweifellos zu den wichtigsten Gedenkorten weltweit, die an den Sieg \u00fcber den Nazismus erinnern. Die ganze Gedenkanlage im Treptower Park ist ein architektonisches Meisterwerk, das Ehrfurcht einfl\u00f6\u00dft\u00a0und zum Verweilen einl\u00e4dt. Beim Ehrenmal im Tiergarten, das in unmittelbarer Sichtweite der Reichskanzlei des Hitler-Regimes gebaut wurde, z\u00e4hlt vor allem dessen Lage. Stolz auf die Sieger, Trauer um deren Opfer und Dankbarkeit f\u00fcr ihre Leistung f\u00fcr die Nachwelt \u2013 das sind die Gef\u00fchle, die hier bei jedem gutwilligen Besucher erzeugt werden.<\/p>\n<p>Diese Gef\u00fchle werden gest\u00f6rt, wenn dazugeh\u00f6rige Symbolik nicht gezeigt werden darf. Was macht ein Fest zu einem Fest? Dessen Symbole. Zu Weihnachten geh\u00f6ren die Stra\u00dfenausschm\u00fcckung, der Tannenbaum und die Weihnachtsmusik. Zum Valentinstag geh\u00f6rt ein Herzchen. Zu den Feiertagen mit einem historischen, milit\u00e4rischen oder politischen Hintergrund geh\u00f6ren vor allem Fahnen und Lieder. Auch historische Uniformen, ganz klar. Das sind Zeichen, ohne sie funktioniert das Feiern auf semantischer Ebene nicht. Es findet auch keine festliche Kommunikation zwischen den Feiernden statt, wenn Festsymbolik bei einem Fest nicht gezeigt werden darf.<\/p>\n<figure class=\"RTImage-root\">\n<div class=\"RTImage-image RTImage-original\"><picture class=\"Picture-root Picture-original\"><!--[if IE 9]><video style=\"display: none;\"><![endif]--><source media=\"(-webkit-min-device-pixel-ratio: 2) and (min-resolution: 120dpi)\" data-srcset=\" \nhttp:\/\/just-now.news\/de\/wp-content\/uploads\/sites\/3\/2023\/05\/645f581648fbef2229330d1b.PNG 850w,\n                http:\/\/just-now.news\/de\/wp-content\/uploads\/sites\/3\/2023\/05\/645f581648fbef2229330d1b.PNG 1960w,\n            \" ><source data-srcset=\" \nhttp:\/\/just-now.news\/de\/wp-content\/uploads\/sites\/3\/2023\/05\/645f581648fbef2229330d1b.PNG 460w,\n              http:\/\/just-now.news\/de\/wp-content\/uploads\/sites\/3\/2023\/05\/645f581648fbef2229330d1b.PNG 980w,\n            \" ><!--[if IE 9]><\/video><![endif]--><img decoding=\"async\" data- src=\"data:image\/png;base64,iVBORw0KGgoAAAANSUhEUgAAABAAAAAJCAQAAACRI2S5AAAAEElEQVR42mNkIAAYRxWAAQAG9gAKqv6+AwAAAABJRU5ErkJggg==\" class=\"Picture-root Picture-original lazyload\" data-src=\"http:\/\/just-now.news\/de\/wp-content\/uploads\/sites\/3\/2023\/05\/645f581648fbef2229330d1b.PNG\" alt=\"\"><\/source><\/source><\/picture><!-- noscript pattern --><noscript><img decoding=\"async\" src=\"http:\/\/just-now.news\/de\/wp-content\/uploads\/sites\/3\/2023\/05\/645f581648fbef2229330d1b.PNG\" alt=\"\"><\/noscript><\/div><figcaption class=\"RTImage-footer\"><span class=\"RTImage-caption\"><span class=\"RTImage-captionItem\">Auszug aus der Allgemeinen Verf\u00fcgung vom 5. Mai 2023.<\/span><\/span><span class=\"RTImage-source\"><span class=\"RTImage-captionItem\">RT<\/span><\/span><\/figcaption><\/figure>\n<figure class=\"RTImage-root\">\n<div class=\"RTImage-image RTImage-original\"><picture class=\"Picture-root Picture-original\"><!--[if IE 9]><video style=\"display: none;\"><![endif]--><source media=\"(-webkit-min-device-pixel-ratio: 2) and (min-resolution: 120dpi)\" data-srcset=\" \nhttp:\/\/just-now.news\/de\/wp-content\/uploads\/sites\/3\/2023\/05\/645f583548fbef222a21b2a3.PNG 850w,\n                http:\/\/just-now.news\/de\/wp-content\/uploads\/sites\/3\/2023\/05\/645f583548fbef222a21b2a3.PNG 1960w,\n            \" ><source data-srcset=\" \nhttp:\/\/just-now.news\/de\/wp-content\/uploads\/sites\/3\/2023\/05\/645f583548fbef222a21b2a3.PNG 460w,\n              http:\/\/just-now.news\/de\/wp-content\/uploads\/sites\/3\/2023\/05\/645f583548fbef222a21b2a3.PNG 980w,\n            \" ><!--[if IE 9]><\/video><![endif]--><img decoding=\"async\" data- src=\"data:image\/png;base64,iVBORw0KGgoAAAANSUhEUgAAABAAAAAJCAQAAACRI2S5AAAAEElEQVR42mNkIAAYRxWAAQAG9gAKqv6+AwAAAABJRU5ErkJggg==\" class=\"Picture-root Picture-original lazyload\" data-src=\"http:\/\/just-now.news\/de\/wp-content\/uploads\/sites\/3\/2023\/05\/645f583548fbef222a21b2a3.PNG\" alt=\"\"><\/source><\/source><\/picture><!-- noscript pattern --><noscript><img decoding=\"async\" src=\"http:\/\/just-now.news\/de\/wp-content\/uploads\/sites\/3\/2023\/05\/645f583548fbef222a21b2a3.PNG\" alt=\"\"><\/noscript><\/div><figcaption class=\"RTImage-footer\"><span class=\"RTImage-caption\"><\/span><span class=\"RTImage-source\"><span class=\"RTImage-captionItem\">RT<\/span><\/span><\/figcaption><\/figure>\n<figure class=\"RTImage-root\">\n<div class=\"RTImage-image RTImage-original\"><picture class=\"Picture-root Picture-original\"><!--[if IE 9]><video style=\"display: none;\"><![endif]--><source media=\"(-webkit-min-device-pixel-ratio: 2) and (min-resolution: 120dpi)\" data-srcset=\" \nhttp:\/\/just-now.news\/de\/wp-content\/uploads\/sites\/3\/2023\/05\/645f584cb480cc374d4dae9f.PNG 850w,\n                http:\/\/just-now.news\/de\/wp-content\/uploads\/sites\/3\/2023\/05\/645f584cb480cc374d4dae9f.PNG 1960w,\n            \" ><source data-srcset=\" \nhttp:\/\/just-now.news\/de\/wp-content\/uploads\/sites\/3\/2023\/05\/645f584cb480cc374d4dae9f.PNG 460w,\n              http:\/\/just-now.news\/de\/wp-content\/uploads\/sites\/3\/2023\/05\/645f584cb480cc374d4dae9f.PNG 980w,\n            \" ><!--[if IE 9]><\/video><![endif]--><img decoding=\"async\" data- src=\"data:image\/png;base64,iVBORw0KGgoAAAANSUhEUgAAABAAAAAJCAQAAACRI2S5AAAAEElEQVR42mNkIAAYRxWAAQAG9gAKqv6+AwAAAABJRU5ErkJggg==\" class=\"Picture-root Picture-original lazyload\" data-src=\"http:\/\/just-now.news\/de\/wp-content\/uploads\/sites\/3\/2023\/05\/645f584cb480cc374d4dae9f.PNG\" alt=\"\"><\/source><\/source><\/picture><!-- noscript pattern --><noscript><img decoding=\"async\" src=\"http:\/\/just-now.news\/de\/wp-content\/uploads\/sites\/3\/2023\/05\/645f584cb480cc374d4dae9f.PNG\" alt=\"\"><\/noscript><\/div><figcaption class=\"RTImage-footer\"><span class=\"RTImage-caption\"><\/span><span class=\"RTImage-source\"><span class=\"RTImage-captionItem\">RT<\/span><\/span><\/figcaption><\/figure>\n<figure class=\"RTImage-root\">\n<div class=\"RTImage-image RTImage-original\"><picture class=\"Picture-root Picture-original\"><!--[if IE 9]><video style=\"display: none;\"><![endif]--><source media=\"(-webkit-min-device-pixel-ratio: 2) and (min-resolution: 120dpi)\" data-srcset=\" \nhttp:\/\/just-now.news\/de\/wp-content\/uploads\/sites\/3\/2023\/05\/645f585fb480cc3d0f6d8dac.PNG 850w,\n                http:\/\/just-now.news\/de\/wp-content\/uploads\/sites\/3\/2023\/05\/645f585fb480cc3d0f6d8dac.PNG 1960w,\n            \" ><source data-srcset=\" \nhttp:\/\/just-now.news\/de\/wp-content\/uploads\/sites\/3\/2023\/05\/645f585fb480cc3d0f6d8dac.PNG 460w,\n              http:\/\/just-now.news\/de\/wp-content\/uploads\/sites\/3\/2023\/05\/645f585fb480cc3d0f6d8dac.PNG 980w,\n            \" ><!--[if IE 9]><\/video><![endif]--><img decoding=\"async\" data- src=\"data:image\/png;base64,iVBORw0KGgoAAAANSUhEUgAAABAAAAAJCAQAAACRI2S5AAAAEElEQVR42mNkIAAYRxWAAQAG9gAKqv6+AwAAAABJRU5ErkJggg==\" class=\"Picture-root Picture-original lazyload\" data-src=\"http:\/\/just-now.news\/de\/wp-content\/uploads\/sites\/3\/2023\/05\/645f585fb480cc3d0f6d8dac.PNG\" alt=\"\"><\/source><\/source><\/picture><!-- noscript pattern --><noscript><img decoding=\"async\" src=\"http:\/\/just-now.news\/de\/wp-content\/uploads\/sites\/3\/2023\/05\/645f585fb480cc3d0f6d8dac.PNG\" alt=\"\"><\/noscript><\/div><figcaption class=\"RTImage-footer\"><span class=\"RTImage-caption\"><\/span><span class=\"RTImage-source\"><span class=\"RTImage-captionItem\">RT<\/span><\/span><\/figcaption><\/figure>\n<p>Erst recht gilt das f\u00fcr das Feiern des Siegestages. Das Verbot aller Symbole der Siegermacht UdSSR und Russlands als deren rechtlicher Nachfolger, darunter die ber\u00fchmte\u00a0<a rel=\"nofollow noopener\" target=\"_blank\" href=\"https:\/\/de.wikipedia.org\/wiki\/Truppenfahne\">Truppenfahne<\/a> der 150. Sch\u00fctzen\u00addivision, das Sankt-Georgs-Band sowie das Abspielen und Singen des unverzichtbaren G\u00e4nsehaut-Liedes <a rel=\"nofollow noopener\" target=\"_blank\" href=\"https:\/\/www.youtube.com\/watch?v=CRSFMqLxAv0\">&#8220;Heiliger Krieg&#8221;<\/a>, beraubt die Feierlichkeit komplett ihres Sinnes.<\/p>\n<p>Au\u00dferdem r\u00fcckt diese Restriktion das traditionelle Feiern in die N\u00e4he eines Kriminaldeliktes und schreckt von vornherein sehr viele potentielle Feiernde von der Teilnahme ab. Vor allem zahlreiche \u00e4ltere DDR-B\u00fcrger, denen der Besuch dieser Gedenkst\u00e4tte am Herzen liegt, sind davon betroffen. Hinzu kommt auch das De-facto-Einreiseverbot f\u00fcr Besucher aus Russland und Wei\u00dfrussland. Das schm\u00e4lert jetzt schon den Besucherstrom im Treptower Park ganz deutlich.<\/p>\n<p>Das rechtfertigende Argument, man d\u00fcrfe doch die Blumen an die Denkm\u00e4ler niederlegen, ist fadenscheinig. Nach dem sogenannten\u00a0<a rel=\"nofollow noopener\" target=\"_blank\" href=\"https:\/\/test.rtde.life\/kurzclips\/video\/138183-lettische-behorden-entfernen-blumenmeer-am-ehrenmal\/\">Blumenkrieg<\/a> in Riga, der Hauptstadt Lettlands, wird dort nun auch das Niederlegen der Blumen an den Orten der abgerissenen Denkm\u00e4ler mit Polizeigewalt verhindert. Dass sich Deutschland beim Verhindern des Siegertages an den Erfahrungen des Baltikums orientiert, zeigt das Vorgehen der Berliner Polizei an den beiden Mahnmalen im Treptower Park und im Tiergarten.<\/p>\n<p>Jeder Besucher musste sich beim Betreten des Gel\u00e4ndes des Treptower Ensembles einer erniedrigenden Polizeikontrolle unterziehen. Unerlaubte Symbole \u2013 vor allem Flaggen und Georgsb\u00e4nder\u00a0\u2012 wurden Menschen abgenommen, zu Protokoll gegeben und aufbewahrt. Frauen mussten sich ausziehen, wenn ihre Kleidung etwa die Farben der russischen Flagge aufwies. Das Gleiche galt f\u00fcr T-Shirts mit Symbolen der Friedensbewegung und Zeichen deutsch-russischer Freundschaft. Es kam zu verbalen Auseinandersetzungen und Streit. Dennoch gelang einigen Besuchern das Hereinschmuggeln und sie lie\u00dfen sich damit im Park vergn\u00fcgt fotografieren, solange die Polizei nicht in der N\u00e4he war.<\/p>\n<figure class=\"RTImage-root\">\n<div class=\"RTImage-image RTImage-original\"><picture class=\"Picture-root Picture-original\"><!--[if IE 9]><video style=\"display: none;\"><![endif]--><source media=\"(-webkit-min-device-pixel-ratio: 2) and (min-resolution: 120dpi)\" data-srcset=\" \nhttp:\/\/just-now.news\/de\/wp-content\/uploads\/sites\/3\/2023\/05\/645f557348fbef222a21b2a0.jpg 850w,\n                http:\/\/just-now.news\/de\/wp-content\/uploads\/sites\/3\/2023\/05\/645f557348fbef222a21b2a0.jpg 1960w,\n            \" ><source data-srcset=\" \nhttp:\/\/just-now.news\/de\/wp-content\/uploads\/sites\/3\/2023\/05\/645f557348fbef222a21b2a0.jpg 460w,\n              http:\/\/just-now.news\/de\/wp-content\/uploads\/sites\/3\/2023\/05\/645f557348fbef222a21b2a0.jpg 980w,\n            \" ><!--[if IE 9]><\/video><![endif]--><img decoding=\"async\" data- src=\"data:image\/png;base64,iVBORw0KGgoAAAANSUhEUgAAABAAAAAJCAQAAACRI2S5AAAAEElEQVR42mNkIAAYRxWAAQAG9gAKqv6+AwAAAABJRU5ErkJggg==\" class=\"Picture-root Picture-original lazyload\" data-src=\"http:\/\/just-now.news\/de\/wp-content\/uploads\/sites\/3\/2023\/05\/645f557348fbef222a21b2a0.jpg\" alt=\"\"><\/source><\/source><\/picture><!-- noscript pattern --><noscript><img decoding=\"async\" src=\"http:\/\/just-now.news\/de\/wp-content\/uploads\/sites\/3\/2023\/05\/645f557348fbef222a21b2a0.jpg\" alt=\"\"><\/noscript><\/div><figcaption class=\"RTImage-footer\"><span class=\"RTImage-caption\"><\/span><span class=\"RTImage-source\"><span class=\"RTImage-captionItem\">RT<\/span><\/span><\/figcaption><\/figure>\n<p>Und die Polizei lauerte. Die Ordnungsh\u00fcter schritten sofort ein, wenn sie solche &#8220;Zuwiderhandlungen&#8221; sahen. Ich bin in den Besitz mehrerer Videos gelangt, die das Einschreiten der Polizei dokumentieren, darunter das\u00a0Aufreihen mehrerer &#8220;T\u00e4ter&#8221; mit Gesicht zur Wand und Verfolgungsjagd mit anschlie\u00dfender Festnahme. Auch das Abspielen des ber\u00fchmten Liedes &#8220;Katjuscha&#8221; wurde einem Besucher mit dem Verweis auf dessen milit\u00e4rischen Hintergrund untersagt. Die Menschen sangen trotzdem. Es wurde schlie\u00dflich der Polizei \u00fcberlassen, inwieweit dieses Singen Aggression beinhaltete und eine Gefahr darstellte.<\/p>\n<p>Ein besonders drastischer Fall wurde mir von einer Augenzeugin geschildert. Ein junger Mann breitete die russische Flagge\u00a0an der Treppe zum Hauptdenkmal des Parks aus. Nach polizeilicher Verwarnung ergriff er die Flucht und wurde erst in einer Seitenallee im vorderen Teil des Parks eingeholt und zu Boden gedr\u00fcckt. Mehr als ein Dutzend Polizisten umzingelten ihn, legten Handschellen an und brachten ihn weg. Andere Besucher protestierten und lobten den &#8220;T\u00e4ter&#8221; f\u00fcr seinen Mut. Anschlie\u00dfend begl\u00fcckw\u00fcnschten sie ihn zum Tag des Sieges.<\/p>\n<p>Schikanen gab es auch am Sowjetischen Ehrenmal in Berlin-Tiergarten. An der kurzen Strecke zwischen Brandenburger Tor und dem Denkmal fand der traditionelle Marsch &#8220;Unsterbliches Regiment&#8221; statt (<em>RT<\/em>-Live-\u00dcbertragung <a rel=\"nofollow noopener\" target=\"_blank\" href=\"https:\/\/vk.com\/video-210908012_456240651?t=2h11m26s\">hier<\/a>).<\/p>\n<p>Der Bereich vor dem Denkmal wurde jedoch mit Polizeibarrieren abgeriegelt. Zun\u00e4chst hinderten Polizisten die Feiernden am Zugang zum Denkmal. Circa eine halbe Stunde lang mussten sie ausharren, bevor die Ersten hineingelassen wurden, um die mitgebrachten Blumen f\u00fcr die Gefallenen niederzulegen und Erinnerungsfotos zu machen.<\/p>\n<figure class=\"RTImage-root\">\n<div class=\"RTImage-image RTImage-original\"><picture class=\"Picture-root Picture-original\"><!--[if IE 9]><video style=\"display: none;\"><![endif]--><source media=\"(-webkit-min-device-pixel-ratio: 2) and (min-resolution: 120dpi)\" data-srcset=\" \nhttp:\/\/just-now.news\/de\/wp-content\/uploads\/sites\/3\/2023\/05\/645f5b7db480cc374d4daea5.PNG 850w,\n                http:\/\/just-now.news\/de\/wp-content\/uploads\/sites\/3\/2023\/05\/645f5b7db480cc374d4daea5.PNG 1960w,\n            \" ><source data-srcset=\" \nhttp:\/\/just-now.news\/de\/wp-content\/uploads\/sites\/3\/2023\/05\/645f5b7db480cc374d4daea5.PNG 460w,\n              http:\/\/just-now.news\/de\/wp-content\/uploads\/sites\/3\/2023\/05\/645f5b7db480cc374d4daea5.PNG 980w,\n            \" ><!--[if IE 9]><\/video><![endif]--><img decoding=\"async\" data- src=\"data:image\/png;base64,iVBORw0KGgoAAAANSUhEUgAAABAAAAAJCAQAAACRI2S5AAAAEElEQVR42mNkIAAYRxWAAQAG9gAKqv6+AwAAAABJRU5ErkJggg==\" class=\"Picture-root Picture-original lazyload\" data-src=\"http:\/\/just-now.news\/de\/wp-content\/uploads\/sites\/3\/2023\/05\/645f5b7db480cc374d4daea5.PNG\" alt=\"\"><\/source><\/source><\/picture><!-- noscript pattern --><noscript><img decoding=\"async\" src=\"http:\/\/just-now.news\/de\/wp-content\/uploads\/sites\/3\/2023\/05\/645f5b7db480cc374d4daea5.PNG\" alt=\"\"><\/noscript><\/div><figcaption class=\"RTImage-footer\"><span class=\"RTImage-caption\"><span class=\"RTImage-captionItem\">Polizeisperre vor dem Zugang zum Sowjetischen Ehrenmal in Berlin-Tiergarten am 9. Mai 2023.<\/span><\/span><span class=\"RTImage-source\"><span class=\"RTImage-captionItem\">Video-Screenhot<\/span><span class=\"RTImage-captionItem\"> \/ RT<\/span><\/span><\/figcaption><\/figure>\n<p>Die Menge wurde unruhig, sie war zwischen Polizisten und Barrieren eingeengt. Dann wurden alle f\u00fcnf Minuten je\u00a030 bis 40\u00a0Personen einzeln hineingelassen, sodass es vor dem Denkmal recht leer und im Unterschied zum Vorjahr &#8220;nicht festlich&#8221; aussah. Das Prozedere dauerte noch fast eine Stunde \u2013 kein Wunder, dass die anf\u00e4ngliche feierliche Stimmung bei vielen Besuchern am Ende verflogen war. Die Menschen fragten, warum sie schikaniert w\u00fcrden.<\/p>\n<p>Streng geregelt war auch der Besuch der Motorradfahrer der internationalen Biker-Gruppe &#8220;Nachtw\u00f6lfe&#8221; an den beiden Ehrenmalen. Es kamen insgesamt bis zu 140 Biker in die Hauptstadt: aus ganz Deutschland und anderen EU-L\u00e4ndern, wie Polen, Tschechien oder Montenegro. Die Biker wurden schon bei der Einfahrt nach Berlin in Gruppen \u00e0 zehn Personen aufgeteilt und bei der Blumenniederlegung von einem\u00a0<a rel=\"nofollow noopener\" target=\"_blank\" href=\"https:\/\/vk.com\/video-134310637_456266733\">umfangreichen Polizeikonvoi<\/a> begleitet. Aber auch dieser Besuch stand auf der Kippe: Vor dem Eingang zum Treptower Park wurde von den Bikern verlangt, ihre Lederwesten \u2013 ihre &#8220;zweite Haut&#8221;\u00a0\u2013 auszuziehen. Nach langen Verhandlungen durften sie aber doch hinein.<\/p>\n<p>Welchen Sinn verfolgen Beh\u00f6rden mit solchen Ma\u00dfnahmen? Die Erfahrung aus der Ukraine und dem Baltikum zeigt: Solange es auf gesetzlicher Ebene keine M\u00f6glichkeit gibt, den Menschen das Feiern des Siegestages zu verbieten, wird mit derart eindringlicher Polizei\u00fcberwachung versucht, ihnen zumindest die Lust an der aktiven Teilnahme am Fest und am Besuch der Gedenkst\u00e4tten zu vertreiben.<\/p>\n<p>So war es am Tag des Sieges in der Ukraine\u00a0in allen\u00a0Folgejahren des Maidans. Bezeichnend sind auch die \u00e4u\u00dferst strengen polizeilichen Durchlasskontrollen und die Abriegelung beim Gedenken an die Opfer des Massakers im und um das Gewerkschaftshaus in Odessa \u2013 jenem Ort, wo am 2. Mai 2014 mindestens 42 Menschen infolge einer <a rel=\"nofollow noopener\" target=\"_blank\" href=\"https:\/\/odysee.com\/@RTDE:e\/Wie_der_Faschismus_nach_Odessa_kam:4\">nazistischen Menschenjagd<\/a>\u00a0den Tod fanden. Der Fall ist bis heute nicht aufgekl\u00e4rt.<\/p>\n<p>Am Ende aller Schikanen stand die komplette Abschaffung des Tages des Sieges. Nun ist der 9. Mai &#8220;Tag Europas&#8221;. Es <a rel=\"nofollow noopener\" target=\"_blank\" href=\"https:\/\/vk.com\/video\/@rt_de?q=kiew&amp;z=video-134310637_456266745%2Fclub134310637%2Fpl_-134310637_-2\">trauen sich<\/a> in der Ukraine nur wenige Menschen, an den Erinnerungsorten einfach mit Blumen zu erscheinen. Da sowieso schon viele Denkm\u00e4ler abgerissen sind, herrscht an diesem Tag in Kiew und anderen St\u00e4dten eine bedr\u00fcckende Atmosph\u00e4re.<\/p>\n<p>Ein \u00e4hnlicher &#8220;St\u00e4dte-Dialog&#8221; findet auch zwischen Berlin und Riga statt. Das langsame Durchlassen\u00a0einzelner Menschen\u00a0zur Blumenniederlegung in Riga am Tag des Sieges im letzten Jahr war auch eine &#8220;Erfindung&#8221; der Rigaer Polizei. Schlie\u00dflich legten Besucher ein <a rel=\"nofollow noopener\" target=\"_blank\" href=\"https:\/\/meinungsfreiheit.rtde.life\/kurzclips\/video\/138183-lettische-behorden-entfernen-blumenmeer-am-ehrenmal\/\">regelrechtes Blumenmeer <\/a>vor dem Denkmal aus. Nach der n\u00e4chtlichen R\u00e4umung der Blumen mit Baggern brachten die Rigaer noch mehr Blumen zum Denkmal. Und wieder wurden sie durch die st\u00e4dtische M\u00fcllabfuhr entfernt.\u00a0Mittlerweile wurde\u00a0auch das Denkmal an die Befreier als Zeichen angeblicher sowjetischer Okkupation abgerissen. Spektakul\u00e4re Bilder der Denkmal-Zerst\u00f6rung gingen um die Welt.<\/p>\n<div class=\"EmbedBlock-root EmbedBlock-externalVideo EmbedBlock-vk\">\n<div class=\"VkEmbed\"><iframe class=\"lazyload\" data-src=\"https:\/\/vk.com\/video_ext.php?oid=-134310637&amp;id=456256968&amp;hash=ffcdb9aff3b1522c\" frameborder=\"0\" width=\"853\" height=\"480\" allowfullscreen><\/iframe><\/div>\n<\/div>\n<p>In diesem Jahr waren jegliche Massenversammlungen in Lettland g\u00e4nzlich verboten. Auch das Niederlegen der Blumen an den Orten abgerissener Denkm\u00e4ler wertete die Polizei als Angriff auf &#8220;Lettlands demokratische Werte und falsche Interpretation historischer Ereignisse&#8221; und <a rel=\"nofollow noopener\" target=\"_blank\" href=\"https:\/\/rus.delfi.lv\/news\/daily\/criminal\/9-maya-zaderzhany-30-chelovek-nachaty-97-administrativnyh-i-4-ugolovnyh-processa.d?id=55505984\">wurde untersagt<\/a>. Diese Formulierung meint es todernst: Falsche Gedanken sind strafbar! Insgesamt nahm die Polizei 30 Personen fest und er\u00f6ffnete 97 administrative und vier Strafverfahren.<\/p>\n<p>Deutschland kann nat\u00fcrlich nicht alles vom baltischen Apartheid-Regime, wo eine gro\u00dfe russische Minderheit unterdr\u00fcckt wird, und vom diktatorischen neofaschistischen Selenskij-Regime kopieren. Im Vergleich\u00a0zu ihnen ist Deutschland noch eine Oase der Freiheit. Aber wenn man die heutigen Einschr\u00e4nkungen rund um die Feierlichkeiten mit denen der Vorjahre vergleicht, ist die Marschrichtung von Freiheit hin zu einem polizeilichen Sonderregime nicht zu verkennen. Die Kriminalisierung des Gedenkens an den Sieg \u00fcber den Nazismus hat in dessen ehemaliger Hauptstadt bereits begonnen.<\/p>\n<p><strong>Mehr zum Thema<\/strong> &#8211; <a rel=\"nofollow noopener\" target=\"_blank\" href=\"https:\/\/meinungsfreiheit.rtde.life\/meinung\/169679-nachtrag-zum-9-mai-besiegte-verfluchen-die-sieger\/\">Nachtrag zum 9. Mai: Die Besiegten verfluchen die Sieger<\/a><\/p>\n<\/div>\n<p><br \/>\n<br \/><a href=\"https:\/\/de.rt.com\/meinung\/169761-polizeiperren-festnahmen-schikanen-wie-deutschland-deutschland-gedenken-sieg-nazis-krimi\/\">Source link <\/a><\/p>\n","protected":false},"excerpt":{"rendered":"<p>Jedes Jahr wird die Luft f\u00fcr die Menschen, welche die Heldentaten der Befreier vom Hitler-Nazismus geb\u00fchrend w\u00fcrdigen wollen, in Europa d\u00fcnner. Auch in Deutschland, das immer mehr der Ukraine und dem Baltikum \u00e4hnelt. In diesen Staaten gilt das Feiern des Sieges als Verbrechen. Von Wladislaw Sankin Ich muss ehrlich gestehen, dass ich lange um den [&hellip;]<\/p>\n","protected":false},"author":3,"featured_media":36060,"comment_status":"open","ping_status":"open","sticky":false,"template":"","format":"standard","meta":{"_yoast_indexnow_last_ping":["1684091065"],"wp_automatic_camp":["217"],"16820eda27a48f59371680f8f56dcd32":["Absperrungen, Festnahmen, Schikanen: Wie Deutschland das Gedenken an Sieg \u00fcber Nazis kriminalisiert"],"original_link":["https:\/\/de.rt.com\/meinung\/169761-polizeiperren-festnahmen-schikanen-wie-deutschland-deutschland-gedenken-sieg-nazis-krimi\/"],"_thumbnail_id":["36060"],"_wptgpro_p2tg_sent2tg":["a:1:{i:23737;s:19:\"2023-05-14 21:05:49\";}"],"jnews_social_counter_last_update":["1777608874"]},"categories":[19,23],"tags":[44304,427,179,16580,19371,44305,13411,42164,9001,139,579],"yoast_head":"<!-- This site is optimized with the Yoast SEO Premium plugin v22.7 (Yoast SEO v22.7) - https:\/\/yoast.com\/wordpress\/plugins\/seo\/ -->\n<title>Absperrungen, Festnahmen, Schikanen: Wie Deutschland das Gedenken an Sieg \u00fcber Nazis kriminalisiert - just-now.NEWS Deutschland<\/title>\n<meta name=\"robots\" content=\"index, follow, max-snippet:-1, max-image-preview:large, max-video-preview:-1\" \/>\n<link rel=\"canonical\" href=\"https:\/\/now-news.de\/de\/deutschland\/absperrungen-festnahmen-schikanen-wie-deutschland-das-gedenken-an-sieg-ueber-nazis-kriminalisiert\/\" \/>\n<meta property=\"og:locale\" content=\"de_DE\" \/>\n<meta property=\"og:type\" content=\"article\" \/>\n<meta property=\"og:title\" content=\"Absperrungen, Festnahmen, Schikanen: Wie Deutschland das Gedenken an Sieg \u00fcber Nazis kriminalisiert\" \/>\n<meta property=\"og:description\" content=\"Jedes Jahr wird die Luft f\u00fcr die Menschen, welche die Heldentaten der Befreier vom Hitler-Nazismus geb\u00fchrend w\u00fcrdigen wollen, in Europa d\u00fcnner. Auch in Deutschland, das immer mehr der Ukraine und dem Baltikum \u00e4hnelt. In diesen Staaten gilt das Feiern des Sieges als Verbrechen. Von Wladislaw Sankin Ich muss ehrlich gestehen, dass ich lange um den [&hellip;]\" \/>\n<meta property=\"og:url\" content=\"https:\/\/now-news.de\/de\/deutschland\/absperrungen-festnahmen-schikanen-wie-deutschland-das-gedenken-an-sieg-ueber-nazis-kriminalisiert\/\" \/>\n<meta property=\"og:site_name\" content=\"just-now.NEWS Deutschland\" \/>\n<meta property=\"article:publisher\" content=\"https:\/\/www.facebook.com\/wirmachenauf\" \/>\n<meta property=\"article:published_time\" content=\"2023-05-14T18:53:27+00:00\" \/>\n<meta property=\"og:image\" content=\"https:\/\/now-news.de\/de\/wp-content\/uploads\/sites\/3\/2023\/05\/Absperrungen-Festnahmen-Schikanen-Wie-Deutschland-das-Gedenken-an-Sieg-ueber.PNG\" \/>\n\t<meta property=\"og:image:width\" content=\"928\" \/>\n\t<meta property=\"og:image:height\" content=\"77\" \/>\n\t<meta property=\"og:image:type\" content=\"image\/png\" \/>\n<meta name=\"author\" content=\"rtnews\" \/>\n<meta name=\"twitter:card\" content=\"summary_large_image\" \/>\n<meta name=\"twitter:creator\" content=\"@WirMachenAuf_de\" \/>\n<meta name=\"twitter:site\" content=\"@WirMachenAuf_de\" \/>\n<meta name=\"twitter:label1\" content=\"Verfasst von\" \/>\n\t<meta name=\"twitter:data1\" content=\"rtnews\" \/>\n\t<meta name=\"twitter:label2\" content=\"Gesch\u00e4tzte Lesezeit\" \/>\n\t<meta name=\"twitter:data2\" content=\"9\u00a0Minuten\" \/>\n<script type=\"application\/ld+json\" class=\"yoast-schema-graph\">{\"@context\":\"https:\/\/schema.org\",\"@graph\":[{\"@type\":\"Article\",\"@id\":\"https:\/\/now-news.de\/de\/deutschland\/absperrungen-festnahmen-schikanen-wie-deutschland-das-gedenken-an-sieg-ueber-nazis-kriminalisiert\/#article\",\"isPartOf\":{\"@id\":\"https:\/\/now-news.de\/de\/deutschland\/absperrungen-festnahmen-schikanen-wie-deutschland-das-gedenken-an-sieg-ueber-nazis-kriminalisiert\/\"},\"author\":{\"name\":\"rtnews\",\"@id\":\"https:\/\/now-news.de\/de\/#\/schema\/person\/fb534a4e865501d8b3285208df34a9b5\"},\"headline\":\"Absperrungen, Festnahmen, Schikanen: Wie Deutschland das Gedenken an Sieg \u00fcber Nazis kriminalisiert\",\"datePublished\":\"2023-05-14T18:53:27+00:00\",\"dateModified\":\"2023-05-14T18:53:27+00:00\",\"mainEntityOfPage\":{\"@id\":\"https:\/\/now-news.de\/de\/deutschland\/absperrungen-festnahmen-schikanen-wie-deutschland-das-gedenken-an-sieg-ueber-nazis-kriminalisiert\/\"},\"wordCount\":1771,\"commentCount\":0,\"publisher\":{\"@id\":\"https:\/\/now-news.de\/de\/#organization\"},\"image\":{\"@id\":\"https:\/\/now-news.de\/de\/deutschland\/absperrungen-festnahmen-schikanen-wie-deutschland-das-gedenken-an-sieg-ueber-nazis-kriminalisiert\/#primaryimage\"},\"thumbnailUrl\":\"https:\/\/now-news.de\/de\/wp-content\/uploads\/sites\/3\/2023\/05\/Absperrungen-Festnahmen-Schikanen-Wie-Deutschland-das-Gedenken-an-Sieg-ueber.PNG\",\"keywords\":[\"Absperrungen\",\"das\",\"Deutschland\",\"Festnahmen\",\"Gedenken\",\"kriminalisiert\",\"Nazis\",\"Schikanen\",\"Sieg\",\"\u00fcber\",\"Wie\"],\"articleSection\":[\"Deutschland\",\"Russland\"],\"inLanguage\":\"de\",\"potentialAction\":[{\"@type\":\"CommentAction\",\"name\":\"Comment\",\"target\":[\"https:\/\/now-news.de\/de\/deutschland\/absperrungen-festnahmen-schikanen-wie-deutschland-das-gedenken-an-sieg-ueber-nazis-kriminalisiert\/#respond\"]}]},{\"@type\":\"WebPage\",\"@id\":\"https:\/\/now-news.de\/de\/deutschland\/absperrungen-festnahmen-schikanen-wie-deutschland-das-gedenken-an-sieg-ueber-nazis-kriminalisiert\/\",\"url\":\"https:\/\/now-news.de\/de\/deutschland\/absperrungen-festnahmen-schikanen-wie-deutschland-das-gedenken-an-sieg-ueber-nazis-kriminalisiert\/\",\"name\":\"Absperrungen, Festnahmen, Schikanen: Wie Deutschland das Gedenken an Sieg \u00fcber Nazis kriminalisiert - just-now.NEWS Deutschland\",\"isPartOf\":{\"@id\":\"https:\/\/now-news.de\/de\/#website\"},\"primaryImageOfPage\":{\"@id\":\"https:\/\/now-news.de\/de\/deutschland\/absperrungen-festnahmen-schikanen-wie-deutschland-das-gedenken-an-sieg-ueber-nazis-kriminalisiert\/#primaryimage\"},\"image\":{\"@id\":\"https:\/\/now-news.de\/de\/deutschland\/absperrungen-festnahmen-schikanen-wie-deutschland-das-gedenken-an-sieg-ueber-nazis-kriminalisiert\/#primaryimage\"},\"thumbnailUrl\":\"https:\/\/now-news.de\/de\/wp-content\/uploads\/sites\/3\/2023\/05\/Absperrungen-Festnahmen-Schikanen-Wie-Deutschland-das-Gedenken-an-Sieg-ueber.PNG\",\"datePublished\":\"2023-05-14T18:53:27+00:00\",\"dateModified\":\"2023-05-14T18:53:27+00:00\",\"breadcrumb\":{\"@id\":\"https:\/\/now-news.de\/de\/deutschland\/absperrungen-festnahmen-schikanen-wie-deutschland-das-gedenken-an-sieg-ueber-nazis-kriminalisiert\/#breadcrumb\"},\"inLanguage\":\"de\",\"potentialAction\":[{\"@type\":\"ReadAction\",\"target\":[\"https:\/\/now-news.de\/de\/deutschland\/absperrungen-festnahmen-schikanen-wie-deutschland-das-gedenken-an-sieg-ueber-nazis-kriminalisiert\/\"]}]},{\"@type\":\"ImageObject\",\"inLanguage\":\"de\",\"@id\":\"https:\/\/now-news.de\/de\/deutschland\/absperrungen-festnahmen-schikanen-wie-deutschland-das-gedenken-an-sieg-ueber-nazis-kriminalisiert\/#primaryimage\",\"url\":\"https:\/\/now-news.de\/de\/wp-content\/uploads\/sites\/3\/2023\/05\/Absperrungen-Festnahmen-Schikanen-Wie-Deutschland-das-Gedenken-an-Sieg-ueber.PNG\",\"contentUrl\":\"https:\/\/now-news.de\/de\/wp-content\/uploads\/sites\/3\/2023\/05\/Absperrungen-Festnahmen-Schikanen-Wie-Deutschland-das-Gedenken-an-Sieg-ueber.PNG\",\"width\":928,\"height\":77,\"caption\":\"Absperrungen, Festnahmen, Schikanen: Wie Deutschland das Gedenken an Sieg \u00fcber Nazis kriminalisiert\"},{\"@type\":\"BreadcrumbList\",\"@id\":\"https:\/\/now-news.de\/de\/deutschland\/absperrungen-festnahmen-schikanen-wie-deutschland-das-gedenken-an-sieg-ueber-nazis-kriminalisiert\/#breadcrumb\",\"itemListElement\":[{\"@type\":\"ListItem\",\"position\":1,\"name\":\"Home\",\"item\":\"https:\/\/now-news.de\/de\/\"},{\"@type\":\"ListItem\",\"position\":2,\"name\":\"Absperrungen, Festnahmen, Schikanen: Wie Deutschland das Gedenken an Sieg \u00fcber Nazis kriminalisiert\"}]},{\"@type\":\"WebSite\",\"@id\":\"https:\/\/now-news.de\/de\/#website\",\"url\":\"https:\/\/now-news.de\/de\/\",\"name\":\"just-now.NEWS Deutschland\",\"description\":\"Das Portal f\u00fcr unzensierte Nachrichten aus der Welt\",\"publisher\":{\"@id\":\"https:\/\/now-news.de\/de\/#organization\"},\"potentialAction\":[{\"@type\":\"SearchAction\",\"target\":{\"@type\":\"EntryPoint\",\"urlTemplate\":\"https:\/\/now-news.de\/de\/?s={search_term_string}\"},\"query-input\":\"required name=search_term_string\"}],\"inLanguage\":\"de\"},{\"@type\":\"Organization\",\"@id\":\"https:\/\/now-news.de\/de\/#organization\",\"name\":\"Just Now News\",\"url\":\"https:\/\/now-news.de\/de\/\",\"logo\":{\"@type\":\"ImageObject\",\"inLanguage\":\"de\",\"@id\":\"https:\/\/now-news.de\/de\/#\/schema\/logo\/image\/\",\"url\":\"http:\/\/just-now.news\/de\/wp-content\/uploads\/sites\/3\/2022\/04\/logo500x500.jpg\",\"contentUrl\":\"http:\/\/just-now.news\/de\/wp-content\/uploads\/sites\/3\/2022\/04\/logo500x500.jpg\",\"width\":500,\"height\":500,\"caption\":\"Just Now News\"},\"image\":{\"@id\":\"https:\/\/now-news.de\/de\/#\/schema\/logo\/image\/\"},\"sameAs\":[\"https:\/\/www.facebook.com\/wirmachenauf\",\"https:\/\/x.com\/WirMachenAuf_de\"]},{\"@type\":\"Person\",\"@id\":\"https:\/\/now-news.de\/de\/#\/schema\/person\/fb534a4e865501d8b3285208df34a9b5\",\"name\":\"rtnews\",\"image\":{\"@type\":\"ImageObject\",\"inLanguage\":\"de\",\"@id\":\"https:\/\/now-news.de\/de\/#\/schema\/person\/image\/\",\"url\":\"https:\/\/secure.gravatar.com\/avatar\/82aafea7d8127119dd649515f56e2117?s=96&d=mm&r=g\",\"contentUrl\":\"https:\/\/secure.gravatar.com\/avatar\/82aafea7d8127119dd649515f56e2117?s=96&d=mm&r=g\",\"caption\":\"rtnews\"},\"url\":\"https:\/\/now-news.de\/de\/author\/rnews\/\"}]}<\/script>\n<!-- \/ Yoast SEO Premium plugin. -->","yoast_head_json":{"title":"Absperrungen, Festnahmen, Schikanen: Wie Deutschland das Gedenken an Sieg \u00fcber Nazis kriminalisiert - just-now.NEWS Deutschland","robots":{"index":"index","follow":"follow","max-snippet":"max-snippet:-1","max-image-preview":"max-image-preview:large","max-video-preview":"max-video-preview:-1"},"canonical":"https:\/\/now-news.de\/de\/deutschland\/absperrungen-festnahmen-schikanen-wie-deutschland-das-gedenken-an-sieg-ueber-nazis-kriminalisiert\/","og_locale":"de_DE","og_type":"article","og_title":"Absperrungen, Festnahmen, Schikanen: Wie Deutschland das Gedenken an Sieg \u00fcber Nazis kriminalisiert","og_description":"Jedes Jahr wird die Luft f\u00fcr die Menschen, welche die Heldentaten der Befreier vom Hitler-Nazismus geb\u00fchrend w\u00fcrdigen wollen, in Europa d\u00fcnner. Auch in Deutschland, das immer mehr der Ukraine und dem Baltikum \u00e4hnelt. In diesen Staaten gilt das Feiern des Sieges als Verbrechen. Von Wladislaw Sankin Ich muss ehrlich gestehen, dass ich lange um den [&hellip;]","og_url":"https:\/\/now-news.de\/de\/deutschland\/absperrungen-festnahmen-schikanen-wie-deutschland-das-gedenken-an-sieg-ueber-nazis-kriminalisiert\/","og_site_name":"just-now.NEWS Deutschland","article_publisher":"https:\/\/www.facebook.com\/wirmachenauf","article_published_time":"2023-05-14T18:53:27+00:00","og_image":[{"width":928,"height":77,"url":"https:\/\/now-news.de\/de\/wp-content\/uploads\/sites\/3\/2023\/05\/Absperrungen-Festnahmen-Schikanen-Wie-Deutschland-das-Gedenken-an-Sieg-ueber.PNG","type":"image\/png"}],"author":"rtnews","twitter_card":"summary_large_image","twitter_creator":"@WirMachenAuf_de","twitter_site":"@WirMachenAuf_de","twitter_misc":{"Verfasst von":"rtnews","Gesch\u00e4tzte Lesezeit":"9\u00a0Minuten"},"schema":{"@context":"https:\/\/schema.org","@graph":[{"@type":"Article","@id":"https:\/\/now-news.de\/de\/deutschland\/absperrungen-festnahmen-schikanen-wie-deutschland-das-gedenken-an-sieg-ueber-nazis-kriminalisiert\/#article","isPartOf":{"@id":"https:\/\/now-news.de\/de\/deutschland\/absperrungen-festnahmen-schikanen-wie-deutschland-das-gedenken-an-sieg-ueber-nazis-kriminalisiert\/"},"author":{"name":"rtnews","@id":"https:\/\/now-news.de\/de\/#\/schema\/person\/fb534a4e865501d8b3285208df34a9b5"},"headline":"Absperrungen, Festnahmen, Schikanen: Wie Deutschland das Gedenken an Sieg \u00fcber Nazis kriminalisiert","datePublished":"2023-05-14T18:53:27+00:00","dateModified":"2023-05-14T18:53:27+00:00","mainEntityOfPage":{"@id":"https:\/\/now-news.de\/de\/deutschland\/absperrungen-festnahmen-schikanen-wie-deutschland-das-gedenken-an-sieg-ueber-nazis-kriminalisiert\/"},"wordCount":1771,"commentCount":0,"publisher":{"@id":"https:\/\/now-news.de\/de\/#organization"},"image":{"@id":"https:\/\/now-news.de\/de\/deutschland\/absperrungen-festnahmen-schikanen-wie-deutschland-das-gedenken-an-sieg-ueber-nazis-kriminalisiert\/#primaryimage"},"thumbnailUrl":"https:\/\/now-news.de\/de\/wp-content\/uploads\/sites\/3\/2023\/05\/Absperrungen-Festnahmen-Schikanen-Wie-Deutschland-das-Gedenken-an-Sieg-ueber.PNG","keywords":["Absperrungen","das","Deutschland","Festnahmen","Gedenken","kriminalisiert","Nazis","Schikanen","Sieg","\u00fcber","Wie"],"articleSection":["Deutschland","Russland"],"inLanguage":"de","potentialAction":[{"@type":"CommentAction","name":"Comment","target":["https:\/\/now-news.de\/de\/deutschland\/absperrungen-festnahmen-schikanen-wie-deutschland-das-gedenken-an-sieg-ueber-nazis-kriminalisiert\/#respond"]}]},{"@type":"WebPage","@id":"https:\/\/now-news.de\/de\/deutschland\/absperrungen-festnahmen-schikanen-wie-deutschland-das-gedenken-an-sieg-ueber-nazis-kriminalisiert\/","url":"https:\/\/now-news.de\/de\/deutschland\/absperrungen-festnahmen-schikanen-wie-deutschland-das-gedenken-an-sieg-ueber-nazis-kriminalisiert\/","name":"Absperrungen, Festnahmen, Schikanen: Wie Deutschland das Gedenken an Sieg \u00fcber Nazis kriminalisiert - just-now.NEWS Deutschland","isPartOf":{"@id":"https:\/\/now-news.de\/de\/#website"},"primaryImageOfPage":{"@id":"https:\/\/now-news.de\/de\/deutschland\/absperrungen-festnahmen-schikanen-wie-deutschland-das-gedenken-an-sieg-ueber-nazis-kriminalisiert\/#primaryimage"},"image":{"@id":"https:\/\/now-news.de\/de\/deutschland\/absperrungen-festnahmen-schikanen-wie-deutschland-das-gedenken-an-sieg-ueber-nazis-kriminalisiert\/#primaryimage"},"thumbnailUrl":"https:\/\/now-news.de\/de\/wp-content\/uploads\/sites\/3\/2023\/05\/Absperrungen-Festnahmen-Schikanen-Wie-Deutschland-das-Gedenken-an-Sieg-ueber.PNG","datePublished":"2023-05-14T18:53:27+00:00","dateModified":"2023-05-14T18:53:27+00:00","breadcrumb":{"@id":"https:\/\/now-news.de\/de\/deutschland\/absperrungen-festnahmen-schikanen-wie-deutschland-das-gedenken-an-sieg-ueber-nazis-kriminalisiert\/#breadcrumb"},"inLanguage":"de","potentialAction":[{"@type":"ReadAction","target":["https:\/\/now-news.de\/de\/deutschland\/absperrungen-festnahmen-schikanen-wie-deutschland-das-gedenken-an-sieg-ueber-nazis-kriminalisiert\/"]}]},{"@type":"ImageObject","inLanguage":"de","@id":"https:\/\/now-news.de\/de\/deutschland\/absperrungen-festnahmen-schikanen-wie-deutschland-das-gedenken-an-sieg-ueber-nazis-kriminalisiert\/#primaryimage","url":"https:\/\/now-news.de\/de\/wp-content\/uploads\/sites\/3\/2023\/05\/Absperrungen-Festnahmen-Schikanen-Wie-Deutschland-das-Gedenken-an-Sieg-ueber.PNG","contentUrl":"https:\/\/now-news.de\/de\/wp-content\/uploads\/sites\/3\/2023\/05\/Absperrungen-Festnahmen-Schikanen-Wie-Deutschland-das-Gedenken-an-Sieg-ueber.PNG","width":928,"height":77,"caption":"Absperrungen, Festnahmen, Schikanen: Wie Deutschland das Gedenken an Sieg \u00fcber Nazis kriminalisiert"},{"@type":"BreadcrumbList","@id":"https:\/\/now-news.de\/de\/deutschland\/absperrungen-festnahmen-schikanen-wie-deutschland-das-gedenken-an-sieg-ueber-nazis-kriminalisiert\/#breadcrumb","itemListElement":[{"@type":"ListItem","position":1,"name":"Home","item":"https:\/\/now-news.de\/de\/"},{"@type":"ListItem","position":2,"name":"Absperrungen, Festnahmen, Schikanen: Wie Deutschland das Gedenken an Sieg \u00fcber Nazis kriminalisiert"}]},{"@type":"WebSite","@id":"https:\/\/now-news.de\/de\/#website","url":"https:\/\/now-news.de\/de\/","name":"just-now.NEWS Deutschland","description":"Das Portal f\u00fcr unzensierte Nachrichten aus der Welt","publisher":{"@id":"https:\/\/now-news.de\/de\/#organization"},"potentialAction":[{"@type":"SearchAction","target":{"@type":"EntryPoint","urlTemplate":"https:\/\/now-news.de\/de\/?s={search_term_string}"},"query-input":"required name=search_term_string"}],"inLanguage":"de"},{"@type":"Organization","@id":"https:\/\/now-news.de\/de\/#organization","name":"Just Now News","url":"https:\/\/now-news.de\/de\/","logo":{"@type":"ImageObject","inLanguage":"de","@id":"https:\/\/now-news.de\/de\/#\/schema\/logo\/image\/","url":"http:\/\/just-now.news\/de\/wp-content\/uploads\/sites\/3\/2022\/04\/logo500x500.jpg","contentUrl":"http:\/\/just-now.news\/de\/wp-content\/uploads\/sites\/3\/2022\/04\/logo500x500.jpg","width":500,"height":500,"caption":"Just Now News"},"image":{"@id":"https:\/\/now-news.de\/de\/#\/schema\/logo\/image\/"},"sameAs":["https:\/\/www.facebook.com\/wirmachenauf","https:\/\/x.com\/WirMachenAuf_de"]},{"@type":"Person","@id":"https:\/\/now-news.de\/de\/#\/schema\/person\/fb534a4e865501d8b3285208df34a9b5","name":"rtnews","image":{"@type":"ImageObject","inLanguage":"de","@id":"https:\/\/now-news.de\/de\/#\/schema\/person\/image\/","url":"https:\/\/secure.gravatar.com\/avatar\/82aafea7d8127119dd649515f56e2117?s=96&d=mm&r=g","contentUrl":"https:\/\/secure.gravatar.com\/avatar\/82aafea7d8127119dd649515f56e2117?s=96&d=mm&r=g","caption":"rtnews"},"url":"https:\/\/now-news.de\/de\/author\/rnews\/"}]}},"_links":{"self":[{"href":"https:\/\/now-news.de\/de\/wp-json\/wp\/v2\/posts\/36059"}],"collection":[{"href":"https:\/\/now-news.de\/de\/wp-json\/wp\/v2\/posts"}],"about":[{"href":"https:\/\/now-news.de\/de\/wp-json\/wp\/v2\/types\/post"}],"author":[{"embeddable":true,"href":"https:\/\/now-news.de\/de\/wp-json\/wp\/v2\/users\/3"}],"replies":[{"embeddable":true,"href":"https:\/\/now-news.de\/de\/wp-json\/wp\/v2\/comments?post=36059"}],"version-history":[{"count":0,"href":"https:\/\/now-news.de\/de\/wp-json\/wp\/v2\/posts\/36059\/revisions"}],"wp:featuredmedia":[{"embeddable":true,"href":"https:\/\/now-news.de\/de\/wp-json\/wp\/v2\/media\/36060"}],"wp:attachment":[{"href":"https:\/\/now-news.de\/de\/wp-json\/wp\/v2\/media?parent=36059"}],"wp:term":[{"taxonomy":"category","embeddable":true,"href":"https:\/\/now-news.de\/de\/wp-json\/wp\/v2\/categories?post=36059"},{"taxonomy":"post_tag","embeddable":true,"href":"https:\/\/now-news.de\/de\/wp-json\/wp\/v2\/tags?post=36059"}],"curies":[{"name":"wp","href":"https:\/\/api.w.org\/{rel}","templated":true}]}}