{"id":36045,"date":"2023-05-14T16:01:47","date_gmt":"2023-05-14T14:01:47","guid":{"rendered":"http:\/\/just-now.news\/de\/deutschland\/missliebige-erinnerungskultur-der-kampf-gegen-sowjetische-mahnmale-in-der-europaeischen-union\/"},"modified":"2023-05-14T16:01:47","modified_gmt":"2023-05-14T14:01:47","slug":"missliebige-erinnerungskultur-der-kampf-gegen-sowjetische-mahnmale-in-der-europaeischen-union","status":"publish","type":"post","link":"https:\/\/now-news.de\/de\/deutschland\/missliebige-erinnerungskultur-der-kampf-gegen-sowjetische-mahnmale-in-der-europaeischen-union\/","title":{"rendered":"Missliebige Erinnerungskultur: Der Kampf gegen sowjetische Mahnmale in der Europ\u00e4ischen Union"},"content":{"rendered":"<p><img decoding=\"async\" src=\"http:\/\/just-now.news\/de\/wp-content\/uploads\/sites\/3\/2023\/05\/645e15f048fbef4e9e6149c0.jpg\" \/><\/p>\n<div class=\"Text-root Text-type_1 \">\n                Der am vergangenen Dienstag in Russland begangene &#8220;Tag des Sieges&#8221; im sogenannten Gro\u00dfen Vaterl\u00e4ndischen Krieg gilt sowohl f\u00fcr die Russen als auch f\u00fcr Millionen anderer ehemaliger Sowjetb\u00fcrger und deren Nachkommen zweifelsohne als einer der heute wichtigsten Feiertage.\n            <\/div>\n<p><\/p>\n<div class=\"Text-root Text-type_5 ArticleView-text ViewText-root \">\n<p><em>Von Alexander M\u00e4nner<\/em><\/p>\n<p>In der Nacht vom 8. auf den 9. Mai 1945 wurde die Urkunde der bedingungslosen Kapitulation der deutschen Wehrmacht vor der Roten Armee unterzeichnet. Damit wurde dem von Hitlerdeutschland ausgegangenen &#8220;Weltanschauungs- und Vernichtungskrieg&#8221; gegen die UdSSR \u2013 und dem Zweiten Weltkrieg zumindest in Europa \u2013 ein Ende gesetzt. Diesem Krieg waren am Ende 27 Millionen sowjetische Staatsb\u00fcrger unterschiedlicher Nationalit\u00e4ten zum Opfer gefallen.<\/p>\n<p>Heute symbolisiert dieses Datum nicht nur den Sieg \u00fcber den deutschen &#8220;Nationalsozialismus&#8221;, sondern auch den Freiheitskampf der V\u00f6lker der Welt gegen eine menschenverachtende Tyrannei. In diesem Sinne finden in Russland und auch in anderen L\u00e4ndern jedes Jahr am 9. Mai Feierlichkeiten statt, um die Erinnerung und das Andenken an Millionen Rotarmisten und Partisanen sowie deren Verb\u00fcndete zu bewahren.<\/p>\n<p><strong>Demontage von sowjetischen Denkm\u00e4lern <\/strong><\/p>\n<p>Dies war zu Zeiten des vom Westen sogenannten Ostblocks auch in den meisten osteurop\u00e4ischen L\u00e4ndern selbstverst\u00e4ndlich. Inzwischen aber haben einige von ihnen und diverse ehemalige Sowjetrepubliken ihre vom erduldeten Leid gepr\u00e4gte Haltung zum &#8220;Gro\u00dfen Vaterl\u00e4ndischen Krieg&#8221; und so auch die damit verbundene Gedenk- und Erinnerungskultur von Grund auf gewendet. In einigen dieser Staaten, die mittlerweile auch Mitglieder der Europ\u00e4ischen Union (EU) sind, wird regelm\u00e4\u00dfig vonseiten zahlreicher an die Macht gelangter Politiker und Aktivisten versucht, die Geschichte des Zweiten Weltkrieges zu relativieren, umzudeuten oder gar umzuschreiben. Dar\u00fcber hinaus halten sie sich nicht damit zur\u00fcck, den heroischen Kampf der Sowjetv\u00f6lker zu verleumden und zu verunglimpfen.<\/p>\n<p>Gro\u00dfe Abhilfe gegen das ehrende Gedenken an die Opfer schafft dabei die 2019 durch das Europ\u00e4ische Parlament verabschiedete\u00a0<a rel=\"nofollow noopener\" target=\"_blank\" href=\"https:\/\/www.europarl.europa.eu\/doceo\/document\/TA-9-2019-0021_DE.html\">Resolution<\/a>\u00a0zur &#8220;Bedeutung des europ\u00e4ischen Geschichtsbewusstseins f\u00fcr die Zukunft Europas&#8221;, die insbesondere von Abgeordneten osteurop\u00e4ischer EU-Mitglieder forciert wurde und im Grunde von der Gleichsetzung der faschistischen Ideologie mit dem sogenannten &#8220;kommunistischen Totalitarismus&#8221; durchtr\u00e4nkt ist. Darin wird etwa der deutsch-sowjetische Nichtangriffspakt von 1939 zum Ausl\u00f6ser des Krieges umgedeutet und damit der Sowjetunion und Hitlers &#8220;Drittem Reich&#8221; gleicherma\u00dfen Schuld am Zweiten Weltkrieg zugeschoben.<\/p>\n<p>Indem sich also die Politiker daran machten, historische Geschehnisse neu zu interpretieren und einzuordnen, um angeblich eine gemeinsame Gedenkkultur in der EU zu etablieren, \u00f6ffneten sie diversen EU-L\u00e4ndern T\u00fcr und Tor, um gegen die lange Zeit f\u00fcr unwiderruflich gehaltene Erinnerungskultur des Zweiten Weltkriegs legal und mit einer Art &#8220;moralischer Lizenzierung&#8221; vorzugehen. Daraus ergaben sich vor allem vielf\u00e4ltige M\u00f6glichkeiten f\u00fcr den &#8220;Kampf&#8221; gegen die unz\u00e4hligen sowjetischen Kriegsdenkm\u00e4ler, die es in vielen L\u00e4ndern Europas gibt.<\/p>\n<p>So wurden zum Beispiel in den heutigen EU-L\u00e4ndern Litauen, Lettland und Estland im Baltikum bereits hunderte Ehrenmale aus der Sowjetzeit demontiert oder g\u00e4nzlich zerst\u00f6rt. Hunderte weitere sollen noch folgen.\u00a0<a rel=\"nofollow noopener\" target=\"_blank\" href=\"https:\/\/www.dw.com\/ru\/v-estonii-demontiruut-bolee-300-sovetskih-pamatnikov\/a-63867970\">Laut<\/a>\u00a0der\u00a0<em>Deutschen Welle<\/em>\u00a0sind allein in Estland mehr als 300 solcher Monumente f\u00fcr die Demontage vorgesehen.<\/p>\n<p>Auch in Polen l\u00e4uft der Kampf auf Hochtouren \u2013 gegen die Erinnerung an die Soldaten der Roten Armee, von denen allein 600.000 ihr Leben nur f\u00fcr die Befreiung der Polen gaben. W\u00e4hrend in diesem Land um die Jahrtausendwende noch etwa 500 Kriegsdenkm\u00e4ler gez\u00e4hlt wurden, soll es dort\u00a0<a rel=\"nofollow noopener\" target=\"_blank\" href=\"https:\/\/ipn.gov.pl\/pl\/dla-mediow\/komunikaty\/174016,Komunikat-prasowy-IPN-badanie-opinii-publicznej-na-temat-demontazu-komunistyczny.html?search=5523673\">nach Angaben<\/a>\u00a0des polnischen &#8220;Instituts f\u00fcr Nationales Gedenken&#8221; derzeit nur noch etwa 35 solcher Denkm\u00e4ler geben. Die Demontagen werden in Polen heute damit begr\u00fcndet, dass diese Monumente den Kommunismus verherrlicht h\u00e4tten, und das sei nach heutigem polnischem Recht gesetzeswidrig.<\/p>\n<p>Eine \u00e4hnliche Entwicklung gibt es in Tschechien, wo ebenfalls schon zahlreiche Denkm\u00e4ler mit Bezug auf die sowjetischen Befreier entfernt wurden. Bei der vor drei Jahren in Prag stattgefundenen Demontage des Ehrenmals f\u00fcr den sowjetischen Marschall Iwan Konew, dessen Truppen 1945 unter anderem das Konzentrationslager Auschwitz und die gesamte Tschechoslowakei befreiten, kam es sogar zu einem innenpolitischen Skandal. Neben den Kritikern in Russland hatte selbst der damalige tschechische Pr\u00e4sident Milo\u0161 Zeman den Abriss der Konew-Statue scharf verurteilt. Er hatte erkl\u00e4rt: &#8220;Das ist unsere Schande, weil ungeachtet dessen, was f\u00fcr ein Mensch Konew gewesen sein mag, das Denkmal ein Symbol f\u00fcr diejenigen sowjetischen Soldaten war, die bei der Befreiung Prags starben &#8230;&#8221;<\/p>\n<p>Das Vorgehen der tschechischen Beh\u00f6rden sowie auch das in anderen bereits genannten EU-Staaten verdeutlicht, dass die internationalen Verpflichtungen in Bezug auf Denkmalschutz vor allem in den osteurop\u00e4ischen L\u00e4ndern seit Jahren offen missachtet werden.<\/p>\n<p><strong>Umgang mit Mahnmalen und Kriegsgr\u00e4bern in Deutschland<\/strong><\/p>\n<p>Wie steht es aber um Deutschland, wenn es um diese Gedenk- und Erinnerungskultur und \u00a0den Umgang mit sowjetischen Ehrenmalen geht?<\/p>\n<p>Grunds\u00e4tzlich ist zu betonen, dass in Deutschland am 8. Mai vielerorts an die &#8220;Befreiung von dem Hitler-Regime&#8221; erinnert wird und dass wohl eine gro\u00dfe Mehrheit der Bundesb\u00fcrger diesem Thema mit Respekt begegnet, wenn auch regional sehr unterschiedlich. W\u00e4hrend diese Deutung des Tages in den sogenannten alten Bundesl\u00e4ndern der BRD weniger Anklang findet, gibt es in der ehemaligen DDR noch sp\u00fcrbar mehr neue Bundesb\u00fcrger, die diese Sicht auf das Datum in einer besonderen Weise w\u00fcrdigen. Insbesondere die Vertreter der \u00e4lteren Generationen und jene B\u00fcrger, die mit Russland sympathisieren, nehmen an Kranz- und Blumenniederlegungen oder an Demonstrationen teil, die meist von linksgerichteten Parteien und Organisationen veranstaltet werden.<\/p>\n<p>Nach dem russischen Einmarsch in der Ukraine 2022 ist der Umgang mit dieser Erinnerung in Deutschland jedoch komplizierter geworden. So ist mittlerweile auch eine Debatte um sowjetische Ehrenmale und Kriegsgr\u00e4ber entbrannt, bei denen wiederholt sogar Abrissforderungen erhoben wurden. Zum Beispiel hatte die CDU-Fraktion im Berliner Abgeordnetenhaus im vergangenen Jahr\u00a0<a rel=\"nofollow noopener\" target=\"_blank\" href=\"https:\/\/www.rbb24.de\/politik\/thema\/Ukraine\/beitraege\/krieg-ukraine-russland-ehrenmal-tiergarten-jarasch-berlin.html\">gefordert<\/a>, als Reaktion auf die russischen Milit\u00e4rintervention zwei Panzer abzubauen, die das sowjetische Ehrenmal flankieren, das westlich des Brandenburger Tors und unweit des legend\u00e4ren Reichstagsgeb\u00e4udes gelegen ist. Noch blieb dieser Vorsto\u00df ohne Erfolg, denn der Berliner Senat lehnte das im vergangenen Jahr korrekterweise ab.<\/p>\n<p>Denn auch Deutschland ist gem\u00e4\u00df internationalen Vereinbarungen dazu verpflichtet, sowjetische Gedenkst\u00e4tten und Kriegsgr\u00e4ber zu ehren und zu pflegen. Zudem fallen etwa die Ehrenm\u00e4ler in den Berliner Stadtteilen Treptow, Tiergarten und Pankow, die gleichzeitig auch Grabst\u00e4tten sind, unter das Gr\u00e4bergesetz der Bundesrepublik, das die Pflege und Instandhaltung regelt.<\/p>\n<p>Ungeachtet dessen wollen manche B\u00fcrger \u2013 angeblich wegen des eskalierten Krieges in der Ukraine \u2013 die &#8220;Russen-Denkm\u00e4ler&#8221; weghaben, wie sie oft abf\u00e4llig genannt werden. Es kam zudem bereits mehrfach zu Farbschmierereien an solchen Monumenten und auch zu anderen Akten von Vandalismus. Zum Beispiel wurden die S\u00e4ulen des Eingangstores zum besonders bekannten Sowjetischen Ehrenmal in Berlin-Treptow mit Beleidigungen und antirussischen Parolen\u00a0<a rel=\"nofollow noopener\" target=\"_blank\" href=\"https:\/\/www.rbb24.de\/panorama\/beitrag\/2022\/04\/sowjetisches-ehrenmal-erneut-beschmiert-berlin-treptow.html\">beschmiert<\/a>. Auch wenn Zust\u00e4nde wie in Polen oder Tschechien in Deutschland wohl eher nicht zu bef\u00fcrchten sind, k\u00f6nnten die Kriegsdenkm\u00e4ler sowie andere sowjetische Gedenkst\u00e4tten auch in Zukunft noch h\u00e4ufiger zu Angriffszielen werden.<\/p>\n<p>Hingegen ist der Abriss, wie von diversen politischen Kr\u00e4ften in Deutschland gefordert, zumindest in der heutigen Situation noch eher unwahrscheinlich, und zwar auch deshalb, weil dies in gro\u00dfen Teilen der deutschen Gesellschaft klar auf Ablehnung und Unverst\u00e4ndnis sto\u00dfen w\u00fcrde. Es bleibt zu hoffen, dass sich eine Mehrzahl der Bundesb\u00fcrger der Tatsache bewusst bleibt, dass ein Abriss von sowjetischen Mahnmalen nicht nur als widerw\u00e4rtig abzulehnen ist, sondern auch nicht mit den moralischen Verpflichtungen vereinbar w\u00e4re, die Deutschland zuerst bei der Vers\u00f6hnung mit der Sowjetunion und sp\u00e4ter bei der Wiedervereinigung auf sich genommen hatte. <strong><br \/><\/strong><\/p>\n<p><em> RT DE bem\u00fcht sich um ein breites Meinungsspektrum. Gastbeitr\u00e4ge und Meinungsartikel m\u00fcssen nicht die Sichtweise der Redaktion widerspiegeln. <\/em><\/p>\n<p><strong>Mehr zum Thema<\/strong> &#8211; <a rel=\"nofollow noopener\" target=\"_blank\" href=\"https:\/\/pressefreiheit.rtde.tech\/meinung\/169706-geschichtsrevisionismus-made-in-germany\/\">Geschichtsrevisionismus made in Germany <\/a><\/p>\n<div class=\"EmbedBlock-root EmbedBlock-externalVideo EmbedBlock-vk\">\n<div class=\"VkEmbed\"><iframe class=\"lazyload\" data-src=\"https:\/\/vk.com\/video_ext.php?oid=-134310637&amp;id=456266735&amp;hash=c222181bd9fd6d74\" frameborder=\"0\" width=\"853\" height=\"480\" allowfullscreen><\/iframe><\/div>\n<\/div>\n<\/div>\n<p><br \/>\n<br \/><a href=\"https:\/\/de.rt.com\/meinung\/169903-missliebige-erinnerungskultur-kampf-gegen-sowjetische-mahnmale-eu\/\">Source link <\/a><\/p>\n","protected":false},"excerpt":{"rendered":"<p>Der am vergangenen Dienstag in Russland begangene &#8220;Tag des Sieges&#8221; im sogenannten Gro\u00dfen Vaterl\u00e4ndischen Krieg gilt sowohl f\u00fcr die Russen als auch f\u00fcr Millionen anderer ehemaliger Sowjetb\u00fcrger und deren Nachkommen zweifelsohne als einer der heute wichtigsten Feiertage. Von Alexander M\u00e4nner In der Nacht vom 8. auf den 9. Mai 1945 wurde die Urkunde der bedingungslosen [&hellip;]<\/p>\n","protected":false},"author":3,"featured_media":36046,"comment_status":"open","ping_status":"open","sticky":false,"template":"","format":"standard","meta":{"_yoast_indexnow_last_ping":["1684073821"],"wp_automatic_camp":["217"],"48b73a348f617552a5784cf73d26951e":["Missliebige Erinnerungskultur: Der Kampf gegen sowjetische Mahnmale in der Europ\u00e4ischen Union"],"original_link":["https:\/\/de.rt.com\/meinung\/169903-missliebige-erinnerungskultur-kampf-gegen-sowjetische-mahnmale-eu\/"],"_thumbnail_id":["36046"],"_wptgpro_p2tg_sent2tg":["a:1:{i:23737;s:19:\"2023-05-14 16:18:11\";}"],"jnews_social_counter_last_update":["1777593151"]},"categories":[19,23],"tags":[82,44290,20513,278,5522,44291,20537,21284,6716],"yoast_head":"<!-- This site is optimized with the Yoast SEO Premium plugin v22.7 (Yoast SEO v22.7) - https:\/\/yoast.com\/wordpress\/plugins\/seo\/ -->\n<title>Missliebige Erinnerungskultur: Der Kampf gegen sowjetische Mahnmale in der Europ\u00e4ischen Union - just-now.NEWS Deutschland<\/title>\n<meta name=\"robots\" content=\"index, follow, max-snippet:-1, max-image-preview:large, max-video-preview:-1\" \/>\n<link rel=\"canonical\" href=\"https:\/\/now-news.de\/de\/deutschland\/missliebige-erinnerungskultur-der-kampf-gegen-sowjetische-mahnmale-in-der-europaeischen-union\/\" \/>\n<meta property=\"og:locale\" content=\"de_DE\" \/>\n<meta property=\"og:type\" content=\"article\" \/>\n<meta property=\"og:title\" content=\"Missliebige Erinnerungskultur: Der Kampf gegen sowjetische Mahnmale in der Europ\u00e4ischen Union\" \/>\n<meta property=\"og:description\" content=\"Der am vergangenen Dienstag in Russland begangene &#8220;Tag des Sieges&#8221; im sogenannten Gro\u00dfen Vaterl\u00e4ndischen Krieg gilt sowohl f\u00fcr die Russen als auch f\u00fcr Millionen anderer ehemaliger Sowjetb\u00fcrger und deren Nachkommen zweifelsohne als einer der heute wichtigsten Feiertage. Von Alexander M\u00e4nner In der Nacht vom 8. auf den 9. Mai 1945 wurde die Urkunde der bedingungslosen [&hellip;]\" \/>\n<meta property=\"og:url\" content=\"https:\/\/now-news.de\/de\/deutschland\/missliebige-erinnerungskultur-der-kampf-gegen-sowjetische-mahnmale-in-der-europaeischen-union\/\" \/>\n<meta property=\"og:site_name\" content=\"just-now.NEWS Deutschland\" \/>\n<meta property=\"article:publisher\" content=\"https:\/\/www.facebook.com\/wirmachenauf\" \/>\n<meta property=\"article:published_time\" content=\"2023-05-14T14:01:47+00:00\" \/>\n<meta property=\"og:image\" content=\"https:\/\/now-news.de\/de\/wp-content\/uploads\/sites\/3\/2023\/05\/Missliebige-Erinnerungskultur-Der-Kampf-gegen-sowjetische-Mahnmale-in-der-Europaeischen.jpg\" \/>\n\t<meta property=\"og:image:width\" content=\"460\" \/>\n\t<meta property=\"og:image:height\" content=\"259\" \/>\n\t<meta property=\"og:image:type\" content=\"image\/jpeg\" \/>\n<meta name=\"author\" content=\"rtnews\" \/>\n<meta name=\"twitter:card\" content=\"summary_large_image\" \/>\n<meta name=\"twitter:creator\" content=\"@WirMachenAuf_de\" \/>\n<meta name=\"twitter:site\" content=\"@WirMachenAuf_de\" \/>\n<meta name=\"twitter:label1\" content=\"Verfasst von\" \/>\n\t<meta name=\"twitter:data1\" content=\"rtnews\" \/>\n\t<meta name=\"twitter:label2\" content=\"Gesch\u00e4tzte Lesezeit\" \/>\n\t<meta name=\"twitter:data2\" content=\"6\u00a0Minuten\" \/>\n<script type=\"application\/ld+json\" class=\"yoast-schema-graph\">{\"@context\":\"https:\/\/schema.org\",\"@graph\":[{\"@type\":\"Article\",\"@id\":\"https:\/\/now-news.de\/de\/deutschland\/missliebige-erinnerungskultur-der-kampf-gegen-sowjetische-mahnmale-in-der-europaeischen-union\/#article\",\"isPartOf\":{\"@id\":\"https:\/\/now-news.de\/de\/deutschland\/missliebige-erinnerungskultur-der-kampf-gegen-sowjetische-mahnmale-in-der-europaeischen-union\/\"},\"author\":{\"name\":\"rtnews\",\"@id\":\"https:\/\/now-news.de\/de\/#\/schema\/person\/fb534a4e865501d8b3285208df34a9b5\"},\"headline\":\"Missliebige Erinnerungskultur: Der Kampf gegen sowjetische Mahnmale in der Europ\u00e4ischen Union\",\"datePublished\":\"2023-05-14T14:01:47+00:00\",\"dateModified\":\"2023-05-14T14:01:47+00:00\",\"mainEntityOfPage\":{\"@id\":\"https:\/\/now-news.de\/de\/deutschland\/missliebige-erinnerungskultur-der-kampf-gegen-sowjetische-mahnmale-in-der-europaeischen-union\/\"},\"wordCount\":1275,\"commentCount\":0,\"publisher\":{\"@id\":\"https:\/\/now-news.de\/de\/#organization\"},\"image\":{\"@id\":\"https:\/\/now-news.de\/de\/deutschland\/missliebige-erinnerungskultur-der-kampf-gegen-sowjetische-mahnmale-in-der-europaeischen-union\/#primaryimage\"},\"thumbnailUrl\":\"https:\/\/now-news.de\/de\/wp-content\/uploads\/sites\/3\/2023\/05\/Missliebige-Erinnerungskultur-Der-Kampf-gegen-sowjetische-Mahnmale-in-der-Europaeischen.jpg\",\"keywords\":[\"der\",\"Erinnerungskultur\",\"Europ\u00e4ischen\",\"gegen\",\"Kampf\",\"Mahnmale\",\"Missliebige\",\"sowjetische\",\"Union\"],\"articleSection\":[\"Deutschland\",\"Russland\"],\"inLanguage\":\"de\",\"potentialAction\":[{\"@type\":\"CommentAction\",\"name\":\"Comment\",\"target\":[\"https:\/\/now-news.de\/de\/deutschland\/missliebige-erinnerungskultur-der-kampf-gegen-sowjetische-mahnmale-in-der-europaeischen-union\/#respond\"]}]},{\"@type\":\"WebPage\",\"@id\":\"https:\/\/now-news.de\/de\/deutschland\/missliebige-erinnerungskultur-der-kampf-gegen-sowjetische-mahnmale-in-der-europaeischen-union\/\",\"url\":\"https:\/\/now-news.de\/de\/deutschland\/missliebige-erinnerungskultur-der-kampf-gegen-sowjetische-mahnmale-in-der-europaeischen-union\/\",\"name\":\"Missliebige Erinnerungskultur: Der Kampf gegen sowjetische Mahnmale in der Europ\u00e4ischen Union - just-now.NEWS Deutschland\",\"isPartOf\":{\"@id\":\"https:\/\/now-news.de\/de\/#website\"},\"primaryImageOfPage\":{\"@id\":\"https:\/\/now-news.de\/de\/deutschland\/missliebige-erinnerungskultur-der-kampf-gegen-sowjetische-mahnmale-in-der-europaeischen-union\/#primaryimage\"},\"image\":{\"@id\":\"https:\/\/now-news.de\/de\/deutschland\/missliebige-erinnerungskultur-der-kampf-gegen-sowjetische-mahnmale-in-der-europaeischen-union\/#primaryimage\"},\"thumbnailUrl\":\"https:\/\/now-news.de\/de\/wp-content\/uploads\/sites\/3\/2023\/05\/Missliebige-Erinnerungskultur-Der-Kampf-gegen-sowjetische-Mahnmale-in-der-Europaeischen.jpg\",\"datePublished\":\"2023-05-14T14:01:47+00:00\",\"dateModified\":\"2023-05-14T14:01:47+00:00\",\"breadcrumb\":{\"@id\":\"https:\/\/now-news.de\/de\/deutschland\/missliebige-erinnerungskultur-der-kampf-gegen-sowjetische-mahnmale-in-der-europaeischen-union\/#breadcrumb\"},\"inLanguage\":\"de\",\"potentialAction\":[{\"@type\":\"ReadAction\",\"target\":[\"https:\/\/now-news.de\/de\/deutschland\/missliebige-erinnerungskultur-der-kampf-gegen-sowjetische-mahnmale-in-der-europaeischen-union\/\"]}]},{\"@type\":\"ImageObject\",\"inLanguage\":\"de\",\"@id\":\"https:\/\/now-news.de\/de\/deutschland\/missliebige-erinnerungskultur-der-kampf-gegen-sowjetische-mahnmale-in-der-europaeischen-union\/#primaryimage\",\"url\":\"https:\/\/now-news.de\/de\/wp-content\/uploads\/sites\/3\/2023\/05\/Missliebige-Erinnerungskultur-Der-Kampf-gegen-sowjetische-Mahnmale-in-der-Europaeischen.jpg\",\"contentUrl\":\"https:\/\/now-news.de\/de\/wp-content\/uploads\/sites\/3\/2023\/05\/Missliebige-Erinnerungskultur-Der-Kampf-gegen-sowjetische-Mahnmale-in-der-Europaeischen.jpg\",\"width\":460,\"height\":259,\"caption\":\"Missliebige Erinnerungskultur: Der Kampf gegen sowjetische Mahnmale in der Europ\u00e4ischen Union\"},{\"@type\":\"BreadcrumbList\",\"@id\":\"https:\/\/now-news.de\/de\/deutschland\/missliebige-erinnerungskultur-der-kampf-gegen-sowjetische-mahnmale-in-der-europaeischen-union\/#breadcrumb\",\"itemListElement\":[{\"@type\":\"ListItem\",\"position\":1,\"name\":\"Home\",\"item\":\"https:\/\/now-news.de\/de\/\"},{\"@type\":\"ListItem\",\"position\":2,\"name\":\"Missliebige Erinnerungskultur: Der Kampf gegen sowjetische Mahnmale in der Europ\u00e4ischen Union\"}]},{\"@type\":\"WebSite\",\"@id\":\"https:\/\/now-news.de\/de\/#website\",\"url\":\"https:\/\/now-news.de\/de\/\",\"name\":\"just-now.NEWS Deutschland\",\"description\":\"Das Portal f\u00fcr unzensierte Nachrichten aus der Welt\",\"publisher\":{\"@id\":\"https:\/\/now-news.de\/de\/#organization\"},\"potentialAction\":[{\"@type\":\"SearchAction\",\"target\":{\"@type\":\"EntryPoint\",\"urlTemplate\":\"https:\/\/now-news.de\/de\/?s={search_term_string}\"},\"query-input\":\"required name=search_term_string\"}],\"inLanguage\":\"de\"},{\"@type\":\"Organization\",\"@id\":\"https:\/\/now-news.de\/de\/#organization\",\"name\":\"Just Now News\",\"url\":\"https:\/\/now-news.de\/de\/\",\"logo\":{\"@type\":\"ImageObject\",\"inLanguage\":\"de\",\"@id\":\"https:\/\/now-news.de\/de\/#\/schema\/logo\/image\/\",\"url\":\"http:\/\/just-now.news\/de\/wp-content\/uploads\/sites\/3\/2022\/04\/logo500x500.jpg\",\"contentUrl\":\"http:\/\/just-now.news\/de\/wp-content\/uploads\/sites\/3\/2022\/04\/logo500x500.jpg\",\"width\":500,\"height\":500,\"caption\":\"Just Now News\"},\"image\":{\"@id\":\"https:\/\/now-news.de\/de\/#\/schema\/logo\/image\/\"},\"sameAs\":[\"https:\/\/www.facebook.com\/wirmachenauf\",\"https:\/\/x.com\/WirMachenAuf_de\"]},{\"@type\":\"Person\",\"@id\":\"https:\/\/now-news.de\/de\/#\/schema\/person\/fb534a4e865501d8b3285208df34a9b5\",\"name\":\"rtnews\",\"image\":{\"@type\":\"ImageObject\",\"inLanguage\":\"de\",\"@id\":\"https:\/\/now-news.de\/de\/#\/schema\/person\/image\/\",\"url\":\"https:\/\/secure.gravatar.com\/avatar\/82aafea7d8127119dd649515f56e2117?s=96&d=mm&r=g\",\"contentUrl\":\"https:\/\/secure.gravatar.com\/avatar\/82aafea7d8127119dd649515f56e2117?s=96&d=mm&r=g\",\"caption\":\"rtnews\"},\"url\":\"https:\/\/now-news.de\/de\/author\/rnews\/\"}]}<\/script>\n<!-- \/ Yoast SEO Premium plugin. -->","yoast_head_json":{"title":"Missliebige Erinnerungskultur: Der Kampf gegen sowjetische Mahnmale in der Europ\u00e4ischen Union - just-now.NEWS Deutschland","robots":{"index":"index","follow":"follow","max-snippet":"max-snippet:-1","max-image-preview":"max-image-preview:large","max-video-preview":"max-video-preview:-1"},"canonical":"https:\/\/now-news.de\/de\/deutschland\/missliebige-erinnerungskultur-der-kampf-gegen-sowjetische-mahnmale-in-der-europaeischen-union\/","og_locale":"de_DE","og_type":"article","og_title":"Missliebige Erinnerungskultur: Der Kampf gegen sowjetische Mahnmale in der Europ\u00e4ischen Union","og_description":"Der am vergangenen Dienstag in Russland begangene &#8220;Tag des Sieges&#8221; im sogenannten Gro\u00dfen Vaterl\u00e4ndischen Krieg gilt sowohl f\u00fcr die Russen als auch f\u00fcr Millionen anderer ehemaliger Sowjetb\u00fcrger und deren Nachkommen zweifelsohne als einer der heute wichtigsten Feiertage. Von Alexander M\u00e4nner In der Nacht vom 8. auf den 9. Mai 1945 wurde die Urkunde der bedingungslosen [&hellip;]","og_url":"https:\/\/now-news.de\/de\/deutschland\/missliebige-erinnerungskultur-der-kampf-gegen-sowjetische-mahnmale-in-der-europaeischen-union\/","og_site_name":"just-now.NEWS Deutschland","article_publisher":"https:\/\/www.facebook.com\/wirmachenauf","article_published_time":"2023-05-14T14:01:47+00:00","og_image":[{"width":460,"height":259,"url":"https:\/\/now-news.de\/de\/wp-content\/uploads\/sites\/3\/2023\/05\/Missliebige-Erinnerungskultur-Der-Kampf-gegen-sowjetische-Mahnmale-in-der-Europaeischen.jpg","type":"image\/jpeg"}],"author":"rtnews","twitter_card":"summary_large_image","twitter_creator":"@WirMachenAuf_de","twitter_site":"@WirMachenAuf_de","twitter_misc":{"Verfasst von":"rtnews","Gesch\u00e4tzte Lesezeit":"6\u00a0Minuten"},"schema":{"@context":"https:\/\/schema.org","@graph":[{"@type":"Article","@id":"https:\/\/now-news.de\/de\/deutschland\/missliebige-erinnerungskultur-der-kampf-gegen-sowjetische-mahnmale-in-der-europaeischen-union\/#article","isPartOf":{"@id":"https:\/\/now-news.de\/de\/deutschland\/missliebige-erinnerungskultur-der-kampf-gegen-sowjetische-mahnmale-in-der-europaeischen-union\/"},"author":{"name":"rtnews","@id":"https:\/\/now-news.de\/de\/#\/schema\/person\/fb534a4e865501d8b3285208df34a9b5"},"headline":"Missliebige Erinnerungskultur: Der Kampf gegen sowjetische Mahnmale in der Europ\u00e4ischen Union","datePublished":"2023-05-14T14:01:47+00:00","dateModified":"2023-05-14T14:01:47+00:00","mainEntityOfPage":{"@id":"https:\/\/now-news.de\/de\/deutschland\/missliebige-erinnerungskultur-der-kampf-gegen-sowjetische-mahnmale-in-der-europaeischen-union\/"},"wordCount":1275,"commentCount":0,"publisher":{"@id":"https:\/\/now-news.de\/de\/#organization"},"image":{"@id":"https:\/\/now-news.de\/de\/deutschland\/missliebige-erinnerungskultur-der-kampf-gegen-sowjetische-mahnmale-in-der-europaeischen-union\/#primaryimage"},"thumbnailUrl":"https:\/\/now-news.de\/de\/wp-content\/uploads\/sites\/3\/2023\/05\/Missliebige-Erinnerungskultur-Der-Kampf-gegen-sowjetische-Mahnmale-in-der-Europaeischen.jpg","keywords":["der","Erinnerungskultur","Europ\u00e4ischen","gegen","Kampf","Mahnmale","Missliebige","sowjetische","Union"],"articleSection":["Deutschland","Russland"],"inLanguage":"de","potentialAction":[{"@type":"CommentAction","name":"Comment","target":["https:\/\/now-news.de\/de\/deutschland\/missliebige-erinnerungskultur-der-kampf-gegen-sowjetische-mahnmale-in-der-europaeischen-union\/#respond"]}]},{"@type":"WebPage","@id":"https:\/\/now-news.de\/de\/deutschland\/missliebige-erinnerungskultur-der-kampf-gegen-sowjetische-mahnmale-in-der-europaeischen-union\/","url":"https:\/\/now-news.de\/de\/deutschland\/missliebige-erinnerungskultur-der-kampf-gegen-sowjetische-mahnmale-in-der-europaeischen-union\/","name":"Missliebige Erinnerungskultur: Der Kampf gegen sowjetische Mahnmale in der Europ\u00e4ischen Union - just-now.NEWS Deutschland","isPartOf":{"@id":"https:\/\/now-news.de\/de\/#website"},"primaryImageOfPage":{"@id":"https:\/\/now-news.de\/de\/deutschland\/missliebige-erinnerungskultur-der-kampf-gegen-sowjetische-mahnmale-in-der-europaeischen-union\/#primaryimage"},"image":{"@id":"https:\/\/now-news.de\/de\/deutschland\/missliebige-erinnerungskultur-der-kampf-gegen-sowjetische-mahnmale-in-der-europaeischen-union\/#primaryimage"},"thumbnailUrl":"https:\/\/now-news.de\/de\/wp-content\/uploads\/sites\/3\/2023\/05\/Missliebige-Erinnerungskultur-Der-Kampf-gegen-sowjetische-Mahnmale-in-der-Europaeischen.jpg","datePublished":"2023-05-14T14:01:47+00:00","dateModified":"2023-05-14T14:01:47+00:00","breadcrumb":{"@id":"https:\/\/now-news.de\/de\/deutschland\/missliebige-erinnerungskultur-der-kampf-gegen-sowjetische-mahnmale-in-der-europaeischen-union\/#breadcrumb"},"inLanguage":"de","potentialAction":[{"@type":"ReadAction","target":["https:\/\/now-news.de\/de\/deutschland\/missliebige-erinnerungskultur-der-kampf-gegen-sowjetische-mahnmale-in-der-europaeischen-union\/"]}]},{"@type":"ImageObject","inLanguage":"de","@id":"https:\/\/now-news.de\/de\/deutschland\/missliebige-erinnerungskultur-der-kampf-gegen-sowjetische-mahnmale-in-der-europaeischen-union\/#primaryimage","url":"https:\/\/now-news.de\/de\/wp-content\/uploads\/sites\/3\/2023\/05\/Missliebige-Erinnerungskultur-Der-Kampf-gegen-sowjetische-Mahnmale-in-der-Europaeischen.jpg","contentUrl":"https:\/\/now-news.de\/de\/wp-content\/uploads\/sites\/3\/2023\/05\/Missliebige-Erinnerungskultur-Der-Kampf-gegen-sowjetische-Mahnmale-in-der-Europaeischen.jpg","width":460,"height":259,"caption":"Missliebige Erinnerungskultur: Der Kampf gegen sowjetische Mahnmale in der Europ\u00e4ischen Union"},{"@type":"BreadcrumbList","@id":"https:\/\/now-news.de\/de\/deutschland\/missliebige-erinnerungskultur-der-kampf-gegen-sowjetische-mahnmale-in-der-europaeischen-union\/#breadcrumb","itemListElement":[{"@type":"ListItem","position":1,"name":"Home","item":"https:\/\/now-news.de\/de\/"},{"@type":"ListItem","position":2,"name":"Missliebige Erinnerungskultur: Der Kampf gegen sowjetische Mahnmale in der Europ\u00e4ischen Union"}]},{"@type":"WebSite","@id":"https:\/\/now-news.de\/de\/#website","url":"https:\/\/now-news.de\/de\/","name":"just-now.NEWS Deutschland","description":"Das Portal f\u00fcr unzensierte Nachrichten aus der Welt","publisher":{"@id":"https:\/\/now-news.de\/de\/#organization"},"potentialAction":[{"@type":"SearchAction","target":{"@type":"EntryPoint","urlTemplate":"https:\/\/now-news.de\/de\/?s={search_term_string}"},"query-input":"required name=search_term_string"}],"inLanguage":"de"},{"@type":"Organization","@id":"https:\/\/now-news.de\/de\/#organization","name":"Just Now News","url":"https:\/\/now-news.de\/de\/","logo":{"@type":"ImageObject","inLanguage":"de","@id":"https:\/\/now-news.de\/de\/#\/schema\/logo\/image\/","url":"http:\/\/just-now.news\/de\/wp-content\/uploads\/sites\/3\/2022\/04\/logo500x500.jpg","contentUrl":"http:\/\/just-now.news\/de\/wp-content\/uploads\/sites\/3\/2022\/04\/logo500x500.jpg","width":500,"height":500,"caption":"Just Now News"},"image":{"@id":"https:\/\/now-news.de\/de\/#\/schema\/logo\/image\/"},"sameAs":["https:\/\/www.facebook.com\/wirmachenauf","https:\/\/x.com\/WirMachenAuf_de"]},{"@type":"Person","@id":"https:\/\/now-news.de\/de\/#\/schema\/person\/fb534a4e865501d8b3285208df34a9b5","name":"rtnews","image":{"@type":"ImageObject","inLanguage":"de","@id":"https:\/\/now-news.de\/de\/#\/schema\/person\/image\/","url":"https:\/\/secure.gravatar.com\/avatar\/82aafea7d8127119dd649515f56e2117?s=96&d=mm&r=g","contentUrl":"https:\/\/secure.gravatar.com\/avatar\/82aafea7d8127119dd649515f56e2117?s=96&d=mm&r=g","caption":"rtnews"},"url":"https:\/\/now-news.de\/de\/author\/rnews\/"}]}},"_links":{"self":[{"href":"https:\/\/now-news.de\/de\/wp-json\/wp\/v2\/posts\/36045"}],"collection":[{"href":"https:\/\/now-news.de\/de\/wp-json\/wp\/v2\/posts"}],"about":[{"href":"https:\/\/now-news.de\/de\/wp-json\/wp\/v2\/types\/post"}],"author":[{"embeddable":true,"href":"https:\/\/now-news.de\/de\/wp-json\/wp\/v2\/users\/3"}],"replies":[{"embeddable":true,"href":"https:\/\/now-news.de\/de\/wp-json\/wp\/v2\/comments?post=36045"}],"version-history":[{"count":0,"href":"https:\/\/now-news.de\/de\/wp-json\/wp\/v2\/posts\/36045\/revisions"}],"wp:featuredmedia":[{"embeddable":true,"href":"https:\/\/now-news.de\/de\/wp-json\/wp\/v2\/media\/36046"}],"wp:attachment":[{"href":"https:\/\/now-news.de\/de\/wp-json\/wp\/v2\/media?parent=36045"}],"wp:term":[{"taxonomy":"category","embeddable":true,"href":"https:\/\/now-news.de\/de\/wp-json\/wp\/v2\/categories?post=36045"},{"taxonomy":"post_tag","embeddable":true,"href":"https:\/\/now-news.de\/de\/wp-json\/wp\/v2\/tags?post=36045"}],"curies":[{"name":"wp","href":"https:\/\/api.w.org\/{rel}","templated":true}]}}