{"id":36033,"date":"2023-05-14T11:47:00","date_gmt":"2023-05-14T09:47:00","guid":{"rendered":"http:\/\/just-now.news\/de\/deutschland\/wahlen-in-tuerkei-rund-64-millionen-buerger-waehlen-parlament-und-staatschef\/"},"modified":"2023-05-14T11:47:00","modified_gmt":"2023-05-14T09:47:00","slug":"wahlen-in-tuerkei-rund-64-millionen-buerger-waehlen-parlament-und-staatschef","status":"publish","type":"post","link":"https:\/\/now-news.de\/de\/deutschland\/wahlen-in-tuerkei-rund-64-millionen-buerger-waehlen-parlament-und-staatschef\/","title":{"rendered":"Wahlen in T\u00fcrkei: Rund 64 Millionen B\u00fcrger w\u00e4hlen Parlament und Staatschef"},"content":{"rendered":"<p><img decoding=\"async\" src=\"http:\/\/just-now.news\/de\/wp-content\/uploads\/sites\/3\/2023\/05\/6460a864b480cc70c14b5f94.jpg\" \/><\/p>\n<div class=\"Text-root Text-type_1 \">\n                Am Sonntag bestimmt die T\u00fcrkei, wer das Land in den kommenden f\u00fcnf Jahren regieren wird. Au\u00dferdem sind etwa 64 Millionen B\u00fcrger aufgerufen, 600 Parlamentarier zu w\u00e4hlen. Die Wahllokale sind bis 17 Uhr Ortszeit ge\u00f6ffnet. Mit ersten Ergebnissen wird am sp\u00e4ten Abend gerechnet.\n            <\/div>\n<p><\/p>\n<div class=\"Text-root Text-type_5 ArticleView-text ViewText-root \">\n<p>Am Sonntag finden in der T\u00fcrkei Parlaments- und Pr\u00e4sidentschaftswahlen statt. Die Wahllokale haben um 8 Uhr Ortszeit ge\u00f6ffnet (Zeitverschiebung zu Deutschland: + 1\u00a0Stunde). Mehr als 64 Millionen Wahlberechtigte k\u00f6nnen ihre Stimme bis 17 Uhr Ortszeit abgeben. Nach Angaben der Obersten Wahlkommission (YSK) gibt es bei diesem Urnengang mehr als 4,9 Millionen Erstw\u00e4hler. Die Abstimmung im Ausland ist einige Tage fr\u00fcher angelaufen.\u00a0<\/p>\n<p>Dieses Jahr haben die Wahlen eine besondere historische Bedeutung, da die Republik im Oktober ihren 100. Gr\u00fcndungstag begeht. In den gr\u00f6\u00dften St\u00e4dten des Landes gelten versch\u00e4rfte Sicherheitsvorkehrungen. F\u00fcr Ordnung und Sicherheit sorgen landesweit mehr als 601.000 Polizeikr\u00e4fte.<\/p>\n<p>Drei Politiker kandidieren f\u00fcr das Pr\u00e4sidentenamt: der amtierende Staatschef Recep Tayyip Erdo\u011fan, sein wichtigster Rivale Kemal K\u0131l\u0131\u00e7daro\u011flu und Sinan O\u011fan, der aserbaidschanische Wurzeln hat. Der\u00a0vorrangige\u00a0Kampf um die Stimmen entfaltet sich zwischen Erdo\u011fan und K\u0131l\u0131\u00e7daro\u011flu. Meinungsumfragen\u00a0deuten auf\u00a0ein Kopf-an-Kopf-Rennen hin oder sagen dem\u00a0amtierenden Pr\u00e4sidenten sogar eine Niederlage nach 20 Jahren an der Macht voraus. Um in der ersten Wahlrunde zu gewinnen, muss ein Kandidat mehr als 50 Prozent der Stimmen auf sich vereinen. Bekommt keiner in der ersten Runde die absolute Mehrheit, kommt es am 28. Mai zu einer Stichwahl.<\/p>\n<p>Um die 600 Parlamentssitze wetteifern 24 politische Parteien und 151 unabh\u00e4ngige Kandidaten. Da in der T\u00fcrkei nach dem Verh\u00e4ltniswahlrecht gew\u00e4hlt wird, haben sich Parteien zu B\u00fcndnissen zusammengeschlossen, damit auch kleinere Parteien \u00fcber die Sieben-Prozent-H\u00fcrde kommen. Der sch\u00e4rfste Wettbewerb entfaltet sich auch hier zwischen den B\u00fcndnissen von Erdo\u011fan und K\u0131l\u0131\u00e7daro\u011flu.<\/p>\n<p>Anders als in Deutschland werden erste Hochrechnungen erst eine Stunde nach der Schlie\u00dfung der Wahllokale ver\u00f6ffentlicht. Bis dahin d\u00fcrfen in den Medien keine vor\u00fcbergehenden Ergebnisse bekannt gegeben werden. Mit ersten Ergebnissen wird deswegen am sp\u00e4ten Abend gerechnet.<\/p>\n<p><strong>Mehr zum Thema<\/strong> &#8211;\u00a0<a rel=\"nofollow noopener\" target=\"_blank\" href=\"https:\/\/freeassange.rtde.life\/kurzclips\/video\/170029-vor-historischen-wahlen-in-tuerkei\/\">Vor historischen Wahlen in der T\u00fcrkei: Vorw\u00fcrfe der Einmischung gegen USA und Russland<\/a><\/p>\n<\/div>\n<p><br \/>\n<br \/><a href=\"https:\/\/de.rt.com\/europa\/170041-wahlen-in-tuerkei\/\">Source link <\/a><\/p>\n","protected":false},"excerpt":{"rendered":"<p>Am Sonntag bestimmt die T\u00fcrkei, wer das Land in den kommenden f\u00fcnf Jahren regieren wird. Au\u00dferdem sind etwa 64 Millionen B\u00fcrger aufgerufen, 600 Parlamentarier zu w\u00e4hlen. Die Wahllokale sind bis 17 Uhr Ortszeit ge\u00f6ffnet. Mit ersten Ergebnissen wird am sp\u00e4ten Abend gerechnet. Am Sonntag finden in der T\u00fcrkei Parlaments- und Pr\u00e4sidentschaftswahlen statt. Die Wahllokale haben [&hellip;]<\/p>\n","protected":false},"author":3,"featured_media":36034,"comment_status":"open","ping_status":"open","sticky":false,"template":"","format":"standard","meta":{"_yoast_indexnow_last_ping":["1684058347"],"wp_automatic_camp":["217"],"166922695066642754165a720f8ab65f":["Wahlen in T\u00fcrkei: Rund 64 Millionen B\u00fcrger w\u00e4hlen Parlament und Staatschef"],"original_link":["https:\/\/de.rt.com\/europa\/170041-wahlen-in-tuerkei\/"],"_thumbnail_id":["36034"],"_wptgpro_p2tg_sent2tg":["a:1:{i:23737;s:19:\"2023-05-14 12:00:10\";}"],"jnews_social_counter_last_update":["1777246869"]},"categories":[19,23],"tags":[8956,4294,3832,18961,7782,1897,140,2576],"yoast_head":"<!-- This site is optimized with the Yoast SEO Premium plugin v22.7 (Yoast SEO v22.7) - https:\/\/yoast.com\/wordpress\/plugins\/seo\/ -->\n<title>Wahlen in T\u00fcrkei: Rund 64 Millionen B\u00fcrger w\u00e4hlen Parlament und Staatschef - just-now.NEWS Deutschland<\/title>\n<meta name=\"robots\" content=\"index, follow, max-snippet:-1, max-image-preview:large, max-video-preview:-1\" \/>\n<link rel=\"canonical\" href=\"https:\/\/now-news.de\/de\/deutschland\/wahlen-in-tuerkei-rund-64-millionen-buerger-waehlen-parlament-und-staatschef\/\" \/>\n<meta property=\"og:locale\" content=\"de_DE\" \/>\n<meta property=\"og:type\" content=\"article\" \/>\n<meta property=\"og:title\" content=\"Wahlen in T\u00fcrkei: Rund 64 Millionen B\u00fcrger w\u00e4hlen Parlament und Staatschef\" \/>\n<meta property=\"og:description\" content=\"Am Sonntag bestimmt die T\u00fcrkei, wer das Land in den kommenden f\u00fcnf Jahren regieren wird. Au\u00dferdem sind etwa 64 Millionen B\u00fcrger aufgerufen, 600 Parlamentarier zu w\u00e4hlen. Die Wahllokale sind bis 17 Uhr Ortszeit ge\u00f6ffnet. Mit ersten Ergebnissen wird am sp\u00e4ten Abend gerechnet. Am Sonntag finden in der T\u00fcrkei Parlaments- und Pr\u00e4sidentschaftswahlen statt. Die Wahllokale haben [&hellip;]\" \/>\n<meta property=\"og:url\" content=\"https:\/\/now-news.de\/de\/deutschland\/wahlen-in-tuerkei-rund-64-millionen-buerger-waehlen-parlament-und-staatschef\/\" \/>\n<meta property=\"og:site_name\" content=\"just-now.NEWS Deutschland\" \/>\n<meta property=\"article:publisher\" content=\"https:\/\/www.facebook.com\/wirmachenauf\" \/>\n<meta property=\"article:published_time\" content=\"2023-05-14T09:47:00+00:00\" \/>\n<meta property=\"og:image\" content=\"https:\/\/now-news.de\/de\/wp-content\/uploads\/sites\/3\/2023\/05\/Wahlen-in-Tuerkei-Rund-64-Millionen-Buerger-waehlen-Parlament-und.jpg\" \/>\n\t<meta property=\"og:image:width\" content=\"460\" \/>\n\t<meta property=\"og:image:height\" content=\"259\" \/>\n\t<meta property=\"og:image:type\" content=\"image\/jpeg\" \/>\n<meta name=\"author\" content=\"rtnews\" \/>\n<meta name=\"twitter:card\" content=\"summary_large_image\" \/>\n<meta name=\"twitter:creator\" content=\"@WirMachenAuf_de\" \/>\n<meta name=\"twitter:site\" content=\"@WirMachenAuf_de\" \/>\n<meta name=\"twitter:label1\" content=\"Verfasst von\" \/>\n\t<meta name=\"twitter:data1\" content=\"rtnews\" \/>\n\t<meta name=\"twitter:label2\" content=\"Gesch\u00e4tzte Lesezeit\" \/>\n\t<meta name=\"twitter:data2\" content=\"2\u00a0Minuten\" \/>\n<script type=\"application\/ld+json\" class=\"yoast-schema-graph\">{\"@context\":\"https:\/\/schema.org\",\"@graph\":[{\"@type\":\"Article\",\"@id\":\"https:\/\/now-news.de\/de\/deutschland\/wahlen-in-tuerkei-rund-64-millionen-buerger-waehlen-parlament-und-staatschef\/#article\",\"isPartOf\":{\"@id\":\"https:\/\/now-news.de\/de\/deutschland\/wahlen-in-tuerkei-rund-64-millionen-buerger-waehlen-parlament-und-staatschef\/\"},\"author\":{\"name\":\"rtnews\",\"@id\":\"https:\/\/now-news.de\/de\/#\/schema\/person\/fb534a4e865501d8b3285208df34a9b5\"},\"headline\":\"Wahlen in T\u00fcrkei: Rund 64 Millionen B\u00fcrger w\u00e4hlen Parlament und Staatschef\",\"datePublished\":\"2023-05-14T09:47:00+00:00\",\"dateModified\":\"2023-05-14T09:47:00+00:00\",\"mainEntityOfPage\":{\"@id\":\"https:\/\/now-news.de\/de\/deutschland\/wahlen-in-tuerkei-rund-64-millionen-buerger-waehlen-parlament-und-staatschef\/\"},\"wordCount\":386,\"commentCount\":0,\"publisher\":{\"@id\":\"https:\/\/now-news.de\/de\/#organization\"},\"image\":{\"@id\":\"https:\/\/now-news.de\/de\/deutschland\/wahlen-in-tuerkei-rund-64-millionen-buerger-waehlen-parlament-und-staatschef\/#primaryimage\"},\"thumbnailUrl\":\"https:\/\/now-news.de\/de\/wp-content\/uploads\/sites\/3\/2023\/05\/Wahlen-in-Tuerkei-Rund-64-Millionen-Buerger-waehlen-Parlament-und.jpg\",\"keywords\":[\"b\u00fcrger\",\"Millionen\",\"Parlament\",\"rund\",\"Staatschef\",\"T\u00fcrkei\",\"und\",\"Wahlen\"],\"articleSection\":[\"Deutschland\",\"Russland\"],\"inLanguage\":\"de\",\"potentialAction\":[{\"@type\":\"CommentAction\",\"name\":\"Comment\",\"target\":[\"https:\/\/now-news.de\/de\/deutschland\/wahlen-in-tuerkei-rund-64-millionen-buerger-waehlen-parlament-und-staatschef\/#respond\"]}]},{\"@type\":\"WebPage\",\"@id\":\"https:\/\/now-news.de\/de\/deutschland\/wahlen-in-tuerkei-rund-64-millionen-buerger-waehlen-parlament-und-staatschef\/\",\"url\":\"https:\/\/now-news.de\/de\/deutschland\/wahlen-in-tuerkei-rund-64-millionen-buerger-waehlen-parlament-und-staatschef\/\",\"name\":\"Wahlen in T\u00fcrkei: Rund 64 Millionen B\u00fcrger w\u00e4hlen Parlament und Staatschef - just-now.NEWS Deutschland\",\"isPartOf\":{\"@id\":\"https:\/\/now-news.de\/de\/#website\"},\"primaryImageOfPage\":{\"@id\":\"https:\/\/now-news.de\/de\/deutschland\/wahlen-in-tuerkei-rund-64-millionen-buerger-waehlen-parlament-und-staatschef\/#primaryimage\"},\"image\":{\"@id\":\"https:\/\/now-news.de\/de\/deutschland\/wahlen-in-tuerkei-rund-64-millionen-buerger-waehlen-parlament-und-staatschef\/#primaryimage\"},\"thumbnailUrl\":\"https:\/\/now-news.de\/de\/wp-content\/uploads\/sites\/3\/2023\/05\/Wahlen-in-Tuerkei-Rund-64-Millionen-Buerger-waehlen-Parlament-und.jpg\",\"datePublished\":\"2023-05-14T09:47:00+00:00\",\"dateModified\":\"2023-05-14T09:47:00+00:00\",\"breadcrumb\":{\"@id\":\"https:\/\/now-news.de\/de\/deutschland\/wahlen-in-tuerkei-rund-64-millionen-buerger-waehlen-parlament-und-staatschef\/#breadcrumb\"},\"inLanguage\":\"de\",\"potentialAction\":[{\"@type\":\"ReadAction\",\"target\":[\"https:\/\/now-news.de\/de\/deutschland\/wahlen-in-tuerkei-rund-64-millionen-buerger-waehlen-parlament-und-staatschef\/\"]}]},{\"@type\":\"ImageObject\",\"inLanguage\":\"de\",\"@id\":\"https:\/\/now-news.de\/de\/deutschland\/wahlen-in-tuerkei-rund-64-millionen-buerger-waehlen-parlament-und-staatschef\/#primaryimage\",\"url\":\"https:\/\/now-news.de\/de\/wp-content\/uploads\/sites\/3\/2023\/05\/Wahlen-in-Tuerkei-Rund-64-Millionen-Buerger-waehlen-Parlament-und.jpg\",\"contentUrl\":\"https:\/\/now-news.de\/de\/wp-content\/uploads\/sites\/3\/2023\/05\/Wahlen-in-Tuerkei-Rund-64-Millionen-Buerger-waehlen-Parlament-und.jpg\",\"width\":460,\"height\":259,\"caption\":\"Wahlen in T\u00fcrkei: Rund 64 Millionen B\u00fcrger w\u00e4hlen Parlament und Staatschef\"},{\"@type\":\"BreadcrumbList\",\"@id\":\"https:\/\/now-news.de\/de\/deutschland\/wahlen-in-tuerkei-rund-64-millionen-buerger-waehlen-parlament-und-staatschef\/#breadcrumb\",\"itemListElement\":[{\"@type\":\"ListItem\",\"position\":1,\"name\":\"Home\",\"item\":\"https:\/\/now-news.de\/de\/\"},{\"@type\":\"ListItem\",\"position\":2,\"name\":\"Wahlen in T\u00fcrkei: Rund 64 Millionen B\u00fcrger w\u00e4hlen Parlament und Staatschef\"}]},{\"@type\":\"WebSite\",\"@id\":\"https:\/\/now-news.de\/de\/#website\",\"url\":\"https:\/\/now-news.de\/de\/\",\"name\":\"just-now.NEWS Deutschland\",\"description\":\"Das Portal f\u00fcr unzensierte Nachrichten aus der Welt\",\"publisher\":{\"@id\":\"https:\/\/now-news.de\/de\/#organization\"},\"potentialAction\":[{\"@type\":\"SearchAction\",\"target\":{\"@type\":\"EntryPoint\",\"urlTemplate\":\"https:\/\/now-news.de\/de\/?s={search_term_string}\"},\"query-input\":\"required name=search_term_string\"}],\"inLanguage\":\"de\"},{\"@type\":\"Organization\",\"@id\":\"https:\/\/now-news.de\/de\/#organization\",\"name\":\"Just Now News\",\"url\":\"https:\/\/now-news.de\/de\/\",\"logo\":{\"@type\":\"ImageObject\",\"inLanguage\":\"de\",\"@id\":\"https:\/\/now-news.de\/de\/#\/schema\/logo\/image\/\",\"url\":\"http:\/\/just-now.news\/de\/wp-content\/uploads\/sites\/3\/2022\/04\/logo500x500.jpg\",\"contentUrl\":\"http:\/\/just-now.news\/de\/wp-content\/uploads\/sites\/3\/2022\/04\/logo500x500.jpg\",\"width\":500,\"height\":500,\"caption\":\"Just Now News\"},\"image\":{\"@id\":\"https:\/\/now-news.de\/de\/#\/schema\/logo\/image\/\"},\"sameAs\":[\"https:\/\/www.facebook.com\/wirmachenauf\",\"https:\/\/x.com\/WirMachenAuf_de\"]},{\"@type\":\"Person\",\"@id\":\"https:\/\/now-news.de\/de\/#\/schema\/person\/fb534a4e865501d8b3285208df34a9b5\",\"name\":\"rtnews\",\"image\":{\"@type\":\"ImageObject\",\"inLanguage\":\"de\",\"@id\":\"https:\/\/now-news.de\/de\/#\/schema\/person\/image\/\",\"url\":\"https:\/\/secure.gravatar.com\/avatar\/82aafea7d8127119dd649515f56e2117?s=96&d=mm&r=g\",\"contentUrl\":\"https:\/\/secure.gravatar.com\/avatar\/82aafea7d8127119dd649515f56e2117?s=96&d=mm&r=g\",\"caption\":\"rtnews\"},\"url\":\"https:\/\/now-news.de\/de\/author\/rnews\/\"}]}<\/script>\n<!-- \/ Yoast SEO Premium plugin. -->","yoast_head_json":{"title":"Wahlen in T\u00fcrkei: Rund 64 Millionen B\u00fcrger w\u00e4hlen Parlament und Staatschef - just-now.NEWS Deutschland","robots":{"index":"index","follow":"follow","max-snippet":"max-snippet:-1","max-image-preview":"max-image-preview:large","max-video-preview":"max-video-preview:-1"},"canonical":"https:\/\/now-news.de\/de\/deutschland\/wahlen-in-tuerkei-rund-64-millionen-buerger-waehlen-parlament-und-staatschef\/","og_locale":"de_DE","og_type":"article","og_title":"Wahlen in T\u00fcrkei: Rund 64 Millionen B\u00fcrger w\u00e4hlen Parlament und Staatschef","og_description":"Am Sonntag bestimmt die T\u00fcrkei, wer das Land in den kommenden f\u00fcnf Jahren regieren wird. Au\u00dferdem sind etwa 64 Millionen B\u00fcrger aufgerufen, 600 Parlamentarier zu w\u00e4hlen. Die Wahllokale sind bis 17 Uhr Ortszeit ge\u00f6ffnet. Mit ersten Ergebnissen wird am sp\u00e4ten Abend gerechnet. Am Sonntag finden in der T\u00fcrkei Parlaments- und Pr\u00e4sidentschaftswahlen statt. Die Wahllokale haben [&hellip;]","og_url":"https:\/\/now-news.de\/de\/deutschland\/wahlen-in-tuerkei-rund-64-millionen-buerger-waehlen-parlament-und-staatschef\/","og_site_name":"just-now.NEWS Deutschland","article_publisher":"https:\/\/www.facebook.com\/wirmachenauf","article_published_time":"2023-05-14T09:47:00+00:00","og_image":[{"width":460,"height":259,"url":"https:\/\/now-news.de\/de\/wp-content\/uploads\/sites\/3\/2023\/05\/Wahlen-in-Tuerkei-Rund-64-Millionen-Buerger-waehlen-Parlament-und.jpg","type":"image\/jpeg"}],"author":"rtnews","twitter_card":"summary_large_image","twitter_creator":"@WirMachenAuf_de","twitter_site":"@WirMachenAuf_de","twitter_misc":{"Verfasst von":"rtnews","Gesch\u00e4tzte Lesezeit":"2\u00a0Minuten"},"schema":{"@context":"https:\/\/schema.org","@graph":[{"@type":"Article","@id":"https:\/\/now-news.de\/de\/deutschland\/wahlen-in-tuerkei-rund-64-millionen-buerger-waehlen-parlament-und-staatschef\/#article","isPartOf":{"@id":"https:\/\/now-news.de\/de\/deutschland\/wahlen-in-tuerkei-rund-64-millionen-buerger-waehlen-parlament-und-staatschef\/"},"author":{"name":"rtnews","@id":"https:\/\/now-news.de\/de\/#\/schema\/person\/fb534a4e865501d8b3285208df34a9b5"},"headline":"Wahlen in T\u00fcrkei: Rund 64 Millionen B\u00fcrger w\u00e4hlen Parlament und Staatschef","datePublished":"2023-05-14T09:47:00+00:00","dateModified":"2023-05-14T09:47:00+00:00","mainEntityOfPage":{"@id":"https:\/\/now-news.de\/de\/deutschland\/wahlen-in-tuerkei-rund-64-millionen-buerger-waehlen-parlament-und-staatschef\/"},"wordCount":386,"commentCount":0,"publisher":{"@id":"https:\/\/now-news.de\/de\/#organization"},"image":{"@id":"https:\/\/now-news.de\/de\/deutschland\/wahlen-in-tuerkei-rund-64-millionen-buerger-waehlen-parlament-und-staatschef\/#primaryimage"},"thumbnailUrl":"https:\/\/now-news.de\/de\/wp-content\/uploads\/sites\/3\/2023\/05\/Wahlen-in-Tuerkei-Rund-64-Millionen-Buerger-waehlen-Parlament-und.jpg","keywords":["b\u00fcrger","Millionen","Parlament","rund","Staatschef","T\u00fcrkei","und","Wahlen"],"articleSection":["Deutschland","Russland"],"inLanguage":"de","potentialAction":[{"@type":"CommentAction","name":"Comment","target":["https:\/\/now-news.de\/de\/deutschland\/wahlen-in-tuerkei-rund-64-millionen-buerger-waehlen-parlament-und-staatschef\/#respond"]}]},{"@type":"WebPage","@id":"https:\/\/now-news.de\/de\/deutschland\/wahlen-in-tuerkei-rund-64-millionen-buerger-waehlen-parlament-und-staatschef\/","url":"https:\/\/now-news.de\/de\/deutschland\/wahlen-in-tuerkei-rund-64-millionen-buerger-waehlen-parlament-und-staatschef\/","name":"Wahlen in T\u00fcrkei: Rund 64 Millionen B\u00fcrger w\u00e4hlen Parlament und Staatschef - just-now.NEWS Deutschland","isPartOf":{"@id":"https:\/\/now-news.de\/de\/#website"},"primaryImageOfPage":{"@id":"https:\/\/now-news.de\/de\/deutschland\/wahlen-in-tuerkei-rund-64-millionen-buerger-waehlen-parlament-und-staatschef\/#primaryimage"},"image":{"@id":"https:\/\/now-news.de\/de\/deutschland\/wahlen-in-tuerkei-rund-64-millionen-buerger-waehlen-parlament-und-staatschef\/#primaryimage"},"thumbnailUrl":"https:\/\/now-news.de\/de\/wp-content\/uploads\/sites\/3\/2023\/05\/Wahlen-in-Tuerkei-Rund-64-Millionen-Buerger-waehlen-Parlament-und.jpg","datePublished":"2023-05-14T09:47:00+00:00","dateModified":"2023-05-14T09:47:00+00:00","breadcrumb":{"@id":"https:\/\/now-news.de\/de\/deutschland\/wahlen-in-tuerkei-rund-64-millionen-buerger-waehlen-parlament-und-staatschef\/#breadcrumb"},"inLanguage":"de","potentialAction":[{"@type":"ReadAction","target":["https:\/\/now-news.de\/de\/deutschland\/wahlen-in-tuerkei-rund-64-millionen-buerger-waehlen-parlament-und-staatschef\/"]}]},{"@type":"ImageObject","inLanguage":"de","@id":"https:\/\/now-news.de\/de\/deutschland\/wahlen-in-tuerkei-rund-64-millionen-buerger-waehlen-parlament-und-staatschef\/#primaryimage","url":"https:\/\/now-news.de\/de\/wp-content\/uploads\/sites\/3\/2023\/05\/Wahlen-in-Tuerkei-Rund-64-Millionen-Buerger-waehlen-Parlament-und.jpg","contentUrl":"https:\/\/now-news.de\/de\/wp-content\/uploads\/sites\/3\/2023\/05\/Wahlen-in-Tuerkei-Rund-64-Millionen-Buerger-waehlen-Parlament-und.jpg","width":460,"height":259,"caption":"Wahlen in T\u00fcrkei: Rund 64 Millionen B\u00fcrger w\u00e4hlen Parlament und Staatschef"},{"@type":"BreadcrumbList","@id":"https:\/\/now-news.de\/de\/deutschland\/wahlen-in-tuerkei-rund-64-millionen-buerger-waehlen-parlament-und-staatschef\/#breadcrumb","itemListElement":[{"@type":"ListItem","position":1,"name":"Home","item":"https:\/\/now-news.de\/de\/"},{"@type":"ListItem","position":2,"name":"Wahlen in T\u00fcrkei: Rund 64 Millionen B\u00fcrger w\u00e4hlen Parlament und Staatschef"}]},{"@type":"WebSite","@id":"https:\/\/now-news.de\/de\/#website","url":"https:\/\/now-news.de\/de\/","name":"just-now.NEWS Deutschland","description":"Das Portal f\u00fcr unzensierte Nachrichten aus der Welt","publisher":{"@id":"https:\/\/now-news.de\/de\/#organization"},"potentialAction":[{"@type":"SearchAction","target":{"@type":"EntryPoint","urlTemplate":"https:\/\/now-news.de\/de\/?s={search_term_string}"},"query-input":"required name=search_term_string"}],"inLanguage":"de"},{"@type":"Organization","@id":"https:\/\/now-news.de\/de\/#organization","name":"Just Now News","url":"https:\/\/now-news.de\/de\/","logo":{"@type":"ImageObject","inLanguage":"de","@id":"https:\/\/now-news.de\/de\/#\/schema\/logo\/image\/","url":"http:\/\/just-now.news\/de\/wp-content\/uploads\/sites\/3\/2022\/04\/logo500x500.jpg","contentUrl":"http:\/\/just-now.news\/de\/wp-content\/uploads\/sites\/3\/2022\/04\/logo500x500.jpg","width":500,"height":500,"caption":"Just Now News"},"image":{"@id":"https:\/\/now-news.de\/de\/#\/schema\/logo\/image\/"},"sameAs":["https:\/\/www.facebook.com\/wirmachenauf","https:\/\/x.com\/WirMachenAuf_de"]},{"@type":"Person","@id":"https:\/\/now-news.de\/de\/#\/schema\/person\/fb534a4e865501d8b3285208df34a9b5","name":"rtnews","image":{"@type":"ImageObject","inLanguage":"de","@id":"https:\/\/now-news.de\/de\/#\/schema\/person\/image\/","url":"https:\/\/secure.gravatar.com\/avatar\/82aafea7d8127119dd649515f56e2117?s=96&d=mm&r=g","contentUrl":"https:\/\/secure.gravatar.com\/avatar\/82aafea7d8127119dd649515f56e2117?s=96&d=mm&r=g","caption":"rtnews"},"url":"https:\/\/now-news.de\/de\/author\/rnews\/"}]}},"_links":{"self":[{"href":"https:\/\/now-news.de\/de\/wp-json\/wp\/v2\/posts\/36033"}],"collection":[{"href":"https:\/\/now-news.de\/de\/wp-json\/wp\/v2\/posts"}],"about":[{"href":"https:\/\/now-news.de\/de\/wp-json\/wp\/v2\/types\/post"}],"author":[{"embeddable":true,"href":"https:\/\/now-news.de\/de\/wp-json\/wp\/v2\/users\/3"}],"replies":[{"embeddable":true,"href":"https:\/\/now-news.de\/de\/wp-json\/wp\/v2\/comments?post=36033"}],"version-history":[{"count":0,"href":"https:\/\/now-news.de\/de\/wp-json\/wp\/v2\/posts\/36033\/revisions"}],"wp:featuredmedia":[{"embeddable":true,"href":"https:\/\/now-news.de\/de\/wp-json\/wp\/v2\/media\/36034"}],"wp:attachment":[{"href":"https:\/\/now-news.de\/de\/wp-json\/wp\/v2\/media?parent=36033"}],"wp:term":[{"taxonomy":"category","embeddable":true,"href":"https:\/\/now-news.de\/de\/wp-json\/wp\/v2\/categories?post=36033"},{"taxonomy":"post_tag","embeddable":true,"href":"https:\/\/now-news.de\/de\/wp-json\/wp\/v2\/tags?post=36033"}],"curies":[{"name":"wp","href":"https:\/\/api.w.org\/{rel}","templated":true}]}}