{"id":36031,"date":"2023-05-14T11:33:07","date_gmt":"2023-05-14T09:33:07","guid":{"rendered":"http:\/\/just-now.news\/de\/deutschland\/noch-mehr-filz-im-habeck-ministerium\/"},"modified":"2023-05-14T11:33:07","modified_gmt":"2023-05-14T09:33:07","slug":"noch-mehr-filz-im-habeck-ministerium","status":"publish","type":"post","link":"https:\/\/now-news.de\/de\/deutschland\/noch-mehr-filz-im-habeck-ministerium\/","title":{"rendered":"Noch mehr Filz im Habeck-Ministerium?"},"content":{"rendered":"<p><img decoding=\"async\" src=\"http:\/\/just-now.news\/de\/wp-content\/uploads\/sites\/3\/2023\/05\/64609f3c48fbef222a21b2ec.jpg\" \/><\/p>\n<div class=\"Text-root Text-type_1 \">\n                Mit einer weiteren Personalie ger\u00e4t Wirtschaftsminister Robert Habeck zunehmend unter Druck. Dem Staatssekret\u00e4r Udo Philipp wird vorgeworfen, in Bereichen zu entscheiden, von denen er als privater Investor finanziell profitiert. Der Filz im Wirtschaftsministerium scheint systemisch.\n            <\/div>\n<p><\/p>\n<div class=\"Text-root Text-type_5 ArticleView-text ViewText-root \">\n<p>Wirtschaftsminister Robert Habeck (B\u00fcndnis 90\/Die Gr\u00fcnen) steht bereits wegen der Personalie Patrick Graichen unter Druck. Graichen hatte seinen Trauzeugen Michael Sch\u00e4fer zum Chef der Deutschen Energieagentur gemacht. Das Ministerium spricht inzwischen von einem Fehler, h\u00e4lt aber an Graichen fest.<\/p>\n<p>Nun bringt eine weitere Personalie Habeck in Bedr\u00e4ngnis. Die Vorg\u00e4nge deuten darauf hin, dass es sich nicht um einen Einzelfall, sondern um systemischen Filz handelt.\u00a0<\/p>\n<p>Es geht um den Staatssekret\u00e4r f\u00fcr Startups und Digitalpolitik, Udo Philipp. Philipp verantwortet unter anderem die Startup-Strategie der Bundesregierung. Gleichzeitig unterst\u00fctzt er Startups \u00fcber stille Einlagen, Kredite und offene Beteiligungen. Zudem\u00a0hat Philipp Einlagen in Fonds, die in Bereiche investieren, die sich mit seinen Zust\u00e4ndigkeiten als Staatssekret\u00e4r \u00fcberschneiden. Damit steht er im Verdacht, durch von ihm in seiner Eigenschaft als Staatssekret\u00e4r getroffene Entscheidungen als Privatmann finanziell zu profitieren.\u00a0<\/p>\n<p>Julia Kl\u00f6ckner, wirtschaftspolitische Sprecherin der CDU\/CSU, stellt fest:<\/p>\n<blockquote>\n<p><em>&#8220;Wenn jemand Entscheidungen im Ministerium vorbereitet, bei deren Umsetzung er selbst finanziell mittelbar oder unmittelbar profitiert, dann geht das nicht.&#8221;<\/em><\/p>\n<\/blockquote>\n<p>Das Ministerium verweist auf die Compliance-Regeln. Philipp nehme demnach keinen direkten Einfluss auf unternehmerische Entscheidungen. Unabh\u00e4ngig \u00fcberpr\u00fcfen l\u00e4sst sich diese Aussage jedoch nicht.\u00a0<\/p>\n<p><strong>Mehr zum Thema<\/strong>\u00a0\u2013 <a rel=\"nofollow noopener\" target=\"_blank\" href=\"https:\/\/fromrussiawithlove.rtde.live\/kurzclips\/video\/169821-gruener-filz-im-habeck-ministerium\/\">&#8220;Gr\u00fcner Filz&#8221; im Habeck-Ministerium: Graichen beh\u00e4lt seinen Posten<\/a><\/p>\n<\/div>\n<p><br \/>\n<br \/><a href=\"https:\/\/de.rt.com\/inland\/170044-noch-mehr-filz-im-habeck\/\">Source link <\/a><\/p>\n","protected":false},"excerpt":{"rendered":"<p>Mit einer weiteren Personalie ger\u00e4t Wirtschaftsminister Robert Habeck zunehmend unter Druck. Dem Staatssekret\u00e4r Udo Philipp wird vorgeworfen, in Bereichen zu entscheiden, von denen er als privater Investor finanziell profitiert. Der Filz im Wirtschaftsministerium scheint systemisch. Wirtschaftsminister Robert Habeck (B\u00fcndnis 90\/Die Gr\u00fcnen) steht bereits wegen der Personalie Patrick Graichen unter Druck. Graichen hatte seinen Trauzeugen Michael [&hellip;]<\/p>\n","protected":false},"author":3,"featured_media":36032,"comment_status":"open","ping_status":"open","sticky":false,"template":"","format":"standard","meta":{"_yoast_indexnow_last_ping":["1684057373"],"wp_automatic_camp":["217"],"683f87d8aebaa489afdce5351eab4fac":["Noch mehr Filz im Habeck-Ministerium?"],"original_link":["https:\/\/de.rt.com\/inland\/170044-noch-mehr-filz-im-habeck\/"],"_thumbnail_id":["36032"],"jnews_social_counter_last_update":["1777154390"],"_wptgpro_p2tg_sent2tg":["a:1:{i:23737;s:19:\"2023-05-14 11:44:03\";}"]},"categories":[19,23],"tags":[40167,32111,2063,1674],"yoast_head":"<!-- This site is optimized with the Yoast SEO Premium plugin v22.7 (Yoast SEO v22.7) - https:\/\/yoast.com\/wordpress\/plugins\/seo\/ -->\n<title>Noch mehr Filz im Habeck-Ministerium? - just-now.NEWS Deutschland<\/title>\n<meta name=\"robots\" content=\"index, follow, max-snippet:-1, max-image-preview:large, max-video-preview:-1\" \/>\n<link rel=\"canonical\" href=\"https:\/\/now-news.de\/de\/deutschland\/noch-mehr-filz-im-habeck-ministerium\/\" \/>\n<meta property=\"og:locale\" content=\"de_DE\" \/>\n<meta property=\"og:type\" content=\"article\" \/>\n<meta property=\"og:title\" content=\"Noch mehr Filz im Habeck-Ministerium?\" \/>\n<meta property=\"og:description\" content=\"Mit einer weiteren Personalie ger\u00e4t Wirtschaftsminister Robert Habeck zunehmend unter Druck. Dem Staatssekret\u00e4r Udo Philipp wird vorgeworfen, in Bereichen zu entscheiden, von denen er als privater Investor finanziell profitiert. Der Filz im Wirtschaftsministerium scheint systemisch. Wirtschaftsminister Robert Habeck (B\u00fcndnis 90\/Die Gr\u00fcnen) steht bereits wegen der Personalie Patrick Graichen unter Druck. Graichen hatte seinen Trauzeugen Michael [&hellip;]\" \/>\n<meta property=\"og:url\" content=\"https:\/\/now-news.de\/de\/deutschland\/noch-mehr-filz-im-habeck-ministerium\/\" \/>\n<meta property=\"og:site_name\" content=\"just-now.NEWS Deutschland\" \/>\n<meta property=\"article:publisher\" content=\"https:\/\/www.facebook.com\/wirmachenauf\" \/>\n<meta property=\"article:published_time\" content=\"2023-05-14T09:33:07+00:00\" \/>\n<meta property=\"og:image\" content=\"https:\/\/now-news.de\/de\/wp-content\/uploads\/sites\/3\/2023\/05\/Noch-mehr-Filz-im-Habeck-Ministerium.jpg\" \/>\n\t<meta property=\"og:image:width\" content=\"460\" \/>\n\t<meta property=\"og:image:height\" content=\"259\" \/>\n\t<meta property=\"og:image:type\" content=\"image\/jpeg\" \/>\n<meta name=\"author\" content=\"rtnews\" \/>\n<meta name=\"twitter:card\" content=\"summary_large_image\" \/>\n<meta name=\"twitter:creator\" content=\"@WirMachenAuf_de\" \/>\n<meta name=\"twitter:site\" content=\"@WirMachenAuf_de\" \/>\n<meta name=\"twitter:label1\" content=\"Verfasst von\" \/>\n\t<meta name=\"twitter:data1\" content=\"rtnews\" \/>\n\t<meta name=\"twitter:label2\" content=\"Gesch\u00e4tzte Lesezeit\" \/>\n\t<meta name=\"twitter:data2\" content=\"1\u00a0Minute\" \/>\n<script type=\"application\/ld+json\" class=\"yoast-schema-graph\">{\"@context\":\"https:\/\/schema.org\",\"@graph\":[{\"@type\":\"Article\",\"@id\":\"https:\/\/now-news.de\/de\/deutschland\/noch-mehr-filz-im-habeck-ministerium\/#article\",\"isPartOf\":{\"@id\":\"https:\/\/now-news.de\/de\/deutschland\/noch-mehr-filz-im-habeck-ministerium\/\"},\"author\":{\"name\":\"rtnews\",\"@id\":\"https:\/\/now-news.de\/de\/#\/schema\/person\/fb534a4e865501d8b3285208df34a9b5\"},\"headline\":\"Noch mehr Filz im Habeck-Ministerium?\",\"datePublished\":\"2023-05-14T09:33:07+00:00\",\"dateModified\":\"2023-05-14T09:33:07+00:00\",\"mainEntityOfPage\":{\"@id\":\"https:\/\/now-news.de\/de\/deutschland\/noch-mehr-filz-im-habeck-ministerium\/\"},\"wordCount\":258,\"commentCount\":0,\"publisher\":{\"@id\":\"https:\/\/now-news.de\/de\/#organization\"},\"image\":{\"@id\":\"https:\/\/now-news.de\/de\/deutschland\/noch-mehr-filz-im-habeck-ministerium\/#primaryimage\"},\"thumbnailUrl\":\"https:\/\/now-news.de\/de\/wp-content\/uploads\/sites\/3\/2023\/05\/Noch-mehr-Filz-im-Habeck-Ministerium.jpg\",\"keywords\":[\"Filz\",\"HabeckMinisterium\",\"mehr\",\"noch\"],\"articleSection\":[\"Deutschland\",\"Russland\"],\"inLanguage\":\"de\",\"potentialAction\":[{\"@type\":\"CommentAction\",\"name\":\"Comment\",\"target\":[\"https:\/\/now-news.de\/de\/deutschland\/noch-mehr-filz-im-habeck-ministerium\/#respond\"]}]},{\"@type\":\"WebPage\",\"@id\":\"https:\/\/now-news.de\/de\/deutschland\/noch-mehr-filz-im-habeck-ministerium\/\",\"url\":\"https:\/\/now-news.de\/de\/deutschland\/noch-mehr-filz-im-habeck-ministerium\/\",\"name\":\"Noch mehr Filz im Habeck-Ministerium? - just-now.NEWS Deutschland\",\"isPartOf\":{\"@id\":\"https:\/\/now-news.de\/de\/#website\"},\"primaryImageOfPage\":{\"@id\":\"https:\/\/now-news.de\/de\/deutschland\/noch-mehr-filz-im-habeck-ministerium\/#primaryimage\"},\"image\":{\"@id\":\"https:\/\/now-news.de\/de\/deutschland\/noch-mehr-filz-im-habeck-ministerium\/#primaryimage\"},\"thumbnailUrl\":\"https:\/\/now-news.de\/de\/wp-content\/uploads\/sites\/3\/2023\/05\/Noch-mehr-Filz-im-Habeck-Ministerium.jpg\",\"datePublished\":\"2023-05-14T09:33:07+00:00\",\"dateModified\":\"2023-05-14T09:33:07+00:00\",\"breadcrumb\":{\"@id\":\"https:\/\/now-news.de\/de\/deutschland\/noch-mehr-filz-im-habeck-ministerium\/#breadcrumb\"},\"inLanguage\":\"de\",\"potentialAction\":[{\"@type\":\"ReadAction\",\"target\":[\"https:\/\/now-news.de\/de\/deutschland\/noch-mehr-filz-im-habeck-ministerium\/\"]}]},{\"@type\":\"ImageObject\",\"inLanguage\":\"de\",\"@id\":\"https:\/\/now-news.de\/de\/deutschland\/noch-mehr-filz-im-habeck-ministerium\/#primaryimage\",\"url\":\"https:\/\/now-news.de\/de\/wp-content\/uploads\/sites\/3\/2023\/05\/Noch-mehr-Filz-im-Habeck-Ministerium.jpg\",\"contentUrl\":\"https:\/\/now-news.de\/de\/wp-content\/uploads\/sites\/3\/2023\/05\/Noch-mehr-Filz-im-Habeck-Ministerium.jpg\",\"width\":460,\"height\":259,\"caption\":\"Noch mehr Filz im Habeck-Ministerium?\"},{\"@type\":\"BreadcrumbList\",\"@id\":\"https:\/\/now-news.de\/de\/deutschland\/noch-mehr-filz-im-habeck-ministerium\/#breadcrumb\",\"itemListElement\":[{\"@type\":\"ListItem\",\"position\":1,\"name\":\"Home\",\"item\":\"https:\/\/now-news.de\/de\/\"},{\"@type\":\"ListItem\",\"position\":2,\"name\":\"Noch mehr Filz im Habeck-Ministerium?\"}]},{\"@type\":\"WebSite\",\"@id\":\"https:\/\/now-news.de\/de\/#website\",\"url\":\"https:\/\/now-news.de\/de\/\",\"name\":\"just-now.NEWS Deutschland\",\"description\":\"Das Portal f\u00fcr unzensierte Nachrichten aus der Welt\",\"publisher\":{\"@id\":\"https:\/\/now-news.de\/de\/#organization\"},\"potentialAction\":[{\"@type\":\"SearchAction\",\"target\":{\"@type\":\"EntryPoint\",\"urlTemplate\":\"https:\/\/now-news.de\/de\/?s={search_term_string}\"},\"query-input\":\"required name=search_term_string\"}],\"inLanguage\":\"de\"},{\"@type\":\"Organization\",\"@id\":\"https:\/\/now-news.de\/de\/#organization\",\"name\":\"Just Now News\",\"url\":\"https:\/\/now-news.de\/de\/\",\"logo\":{\"@type\":\"ImageObject\",\"inLanguage\":\"de\",\"@id\":\"https:\/\/now-news.de\/de\/#\/schema\/logo\/image\/\",\"url\":\"http:\/\/just-now.news\/de\/wp-content\/uploads\/sites\/3\/2022\/04\/logo500x500.jpg\",\"contentUrl\":\"http:\/\/just-now.news\/de\/wp-content\/uploads\/sites\/3\/2022\/04\/logo500x500.jpg\",\"width\":500,\"height\":500,\"caption\":\"Just Now News\"},\"image\":{\"@id\":\"https:\/\/now-news.de\/de\/#\/schema\/logo\/image\/\"},\"sameAs\":[\"https:\/\/www.facebook.com\/wirmachenauf\",\"https:\/\/x.com\/WirMachenAuf_de\"]},{\"@type\":\"Person\",\"@id\":\"https:\/\/now-news.de\/de\/#\/schema\/person\/fb534a4e865501d8b3285208df34a9b5\",\"name\":\"rtnews\",\"image\":{\"@type\":\"ImageObject\",\"inLanguage\":\"de\",\"@id\":\"https:\/\/now-news.de\/de\/#\/schema\/person\/image\/\",\"url\":\"https:\/\/secure.gravatar.com\/avatar\/82aafea7d8127119dd649515f56e2117?s=96&d=mm&r=g\",\"contentUrl\":\"https:\/\/secure.gravatar.com\/avatar\/82aafea7d8127119dd649515f56e2117?s=96&d=mm&r=g\",\"caption\":\"rtnews\"},\"url\":\"https:\/\/now-news.de\/de\/author\/rnews\/\"}]}<\/script>\n<!-- \/ Yoast SEO Premium plugin. -->","yoast_head_json":{"title":"Noch mehr Filz im Habeck-Ministerium? - just-now.NEWS Deutschland","robots":{"index":"index","follow":"follow","max-snippet":"max-snippet:-1","max-image-preview":"max-image-preview:large","max-video-preview":"max-video-preview:-1"},"canonical":"https:\/\/now-news.de\/de\/deutschland\/noch-mehr-filz-im-habeck-ministerium\/","og_locale":"de_DE","og_type":"article","og_title":"Noch mehr Filz im Habeck-Ministerium?","og_description":"Mit einer weiteren Personalie ger\u00e4t Wirtschaftsminister Robert Habeck zunehmend unter Druck. Dem Staatssekret\u00e4r Udo Philipp wird vorgeworfen, in Bereichen zu entscheiden, von denen er als privater Investor finanziell profitiert. Der Filz im Wirtschaftsministerium scheint systemisch. Wirtschaftsminister Robert Habeck (B\u00fcndnis 90\/Die Gr\u00fcnen) steht bereits wegen der Personalie Patrick Graichen unter Druck. Graichen hatte seinen Trauzeugen Michael [&hellip;]","og_url":"https:\/\/now-news.de\/de\/deutschland\/noch-mehr-filz-im-habeck-ministerium\/","og_site_name":"just-now.NEWS Deutschland","article_publisher":"https:\/\/www.facebook.com\/wirmachenauf","article_published_time":"2023-05-14T09:33:07+00:00","og_image":[{"width":460,"height":259,"url":"https:\/\/now-news.de\/de\/wp-content\/uploads\/sites\/3\/2023\/05\/Noch-mehr-Filz-im-Habeck-Ministerium.jpg","type":"image\/jpeg"}],"author":"rtnews","twitter_card":"summary_large_image","twitter_creator":"@WirMachenAuf_de","twitter_site":"@WirMachenAuf_de","twitter_misc":{"Verfasst von":"rtnews","Gesch\u00e4tzte Lesezeit":"1\u00a0Minute"},"schema":{"@context":"https:\/\/schema.org","@graph":[{"@type":"Article","@id":"https:\/\/now-news.de\/de\/deutschland\/noch-mehr-filz-im-habeck-ministerium\/#article","isPartOf":{"@id":"https:\/\/now-news.de\/de\/deutschland\/noch-mehr-filz-im-habeck-ministerium\/"},"author":{"name":"rtnews","@id":"https:\/\/now-news.de\/de\/#\/schema\/person\/fb534a4e865501d8b3285208df34a9b5"},"headline":"Noch mehr Filz im Habeck-Ministerium?","datePublished":"2023-05-14T09:33:07+00:00","dateModified":"2023-05-14T09:33:07+00:00","mainEntityOfPage":{"@id":"https:\/\/now-news.de\/de\/deutschland\/noch-mehr-filz-im-habeck-ministerium\/"},"wordCount":258,"commentCount":0,"publisher":{"@id":"https:\/\/now-news.de\/de\/#organization"},"image":{"@id":"https:\/\/now-news.de\/de\/deutschland\/noch-mehr-filz-im-habeck-ministerium\/#primaryimage"},"thumbnailUrl":"https:\/\/now-news.de\/de\/wp-content\/uploads\/sites\/3\/2023\/05\/Noch-mehr-Filz-im-Habeck-Ministerium.jpg","keywords":["Filz","HabeckMinisterium","mehr","noch"],"articleSection":["Deutschland","Russland"],"inLanguage":"de","potentialAction":[{"@type":"CommentAction","name":"Comment","target":["https:\/\/now-news.de\/de\/deutschland\/noch-mehr-filz-im-habeck-ministerium\/#respond"]}]},{"@type":"WebPage","@id":"https:\/\/now-news.de\/de\/deutschland\/noch-mehr-filz-im-habeck-ministerium\/","url":"https:\/\/now-news.de\/de\/deutschland\/noch-mehr-filz-im-habeck-ministerium\/","name":"Noch mehr Filz im Habeck-Ministerium? - just-now.NEWS Deutschland","isPartOf":{"@id":"https:\/\/now-news.de\/de\/#website"},"primaryImageOfPage":{"@id":"https:\/\/now-news.de\/de\/deutschland\/noch-mehr-filz-im-habeck-ministerium\/#primaryimage"},"image":{"@id":"https:\/\/now-news.de\/de\/deutschland\/noch-mehr-filz-im-habeck-ministerium\/#primaryimage"},"thumbnailUrl":"https:\/\/now-news.de\/de\/wp-content\/uploads\/sites\/3\/2023\/05\/Noch-mehr-Filz-im-Habeck-Ministerium.jpg","datePublished":"2023-05-14T09:33:07+00:00","dateModified":"2023-05-14T09:33:07+00:00","breadcrumb":{"@id":"https:\/\/now-news.de\/de\/deutschland\/noch-mehr-filz-im-habeck-ministerium\/#breadcrumb"},"inLanguage":"de","potentialAction":[{"@type":"ReadAction","target":["https:\/\/now-news.de\/de\/deutschland\/noch-mehr-filz-im-habeck-ministerium\/"]}]},{"@type":"ImageObject","inLanguage":"de","@id":"https:\/\/now-news.de\/de\/deutschland\/noch-mehr-filz-im-habeck-ministerium\/#primaryimage","url":"https:\/\/now-news.de\/de\/wp-content\/uploads\/sites\/3\/2023\/05\/Noch-mehr-Filz-im-Habeck-Ministerium.jpg","contentUrl":"https:\/\/now-news.de\/de\/wp-content\/uploads\/sites\/3\/2023\/05\/Noch-mehr-Filz-im-Habeck-Ministerium.jpg","width":460,"height":259,"caption":"Noch mehr Filz im Habeck-Ministerium?"},{"@type":"BreadcrumbList","@id":"https:\/\/now-news.de\/de\/deutschland\/noch-mehr-filz-im-habeck-ministerium\/#breadcrumb","itemListElement":[{"@type":"ListItem","position":1,"name":"Home","item":"https:\/\/now-news.de\/de\/"},{"@type":"ListItem","position":2,"name":"Noch mehr Filz im Habeck-Ministerium?"}]},{"@type":"WebSite","@id":"https:\/\/now-news.de\/de\/#website","url":"https:\/\/now-news.de\/de\/","name":"just-now.NEWS Deutschland","description":"Das Portal f\u00fcr unzensierte Nachrichten aus der Welt","publisher":{"@id":"https:\/\/now-news.de\/de\/#organization"},"potentialAction":[{"@type":"SearchAction","target":{"@type":"EntryPoint","urlTemplate":"https:\/\/now-news.de\/de\/?s={search_term_string}"},"query-input":"required name=search_term_string"}],"inLanguage":"de"},{"@type":"Organization","@id":"https:\/\/now-news.de\/de\/#organization","name":"Just Now News","url":"https:\/\/now-news.de\/de\/","logo":{"@type":"ImageObject","inLanguage":"de","@id":"https:\/\/now-news.de\/de\/#\/schema\/logo\/image\/","url":"http:\/\/just-now.news\/de\/wp-content\/uploads\/sites\/3\/2022\/04\/logo500x500.jpg","contentUrl":"http:\/\/just-now.news\/de\/wp-content\/uploads\/sites\/3\/2022\/04\/logo500x500.jpg","width":500,"height":500,"caption":"Just Now News"},"image":{"@id":"https:\/\/now-news.de\/de\/#\/schema\/logo\/image\/"},"sameAs":["https:\/\/www.facebook.com\/wirmachenauf","https:\/\/x.com\/WirMachenAuf_de"]},{"@type":"Person","@id":"https:\/\/now-news.de\/de\/#\/schema\/person\/fb534a4e865501d8b3285208df34a9b5","name":"rtnews","image":{"@type":"ImageObject","inLanguage":"de","@id":"https:\/\/now-news.de\/de\/#\/schema\/person\/image\/","url":"https:\/\/secure.gravatar.com\/avatar\/82aafea7d8127119dd649515f56e2117?s=96&d=mm&r=g","contentUrl":"https:\/\/secure.gravatar.com\/avatar\/82aafea7d8127119dd649515f56e2117?s=96&d=mm&r=g","caption":"rtnews"},"url":"https:\/\/now-news.de\/de\/author\/rnews\/"}]}},"_links":{"self":[{"href":"https:\/\/now-news.de\/de\/wp-json\/wp\/v2\/posts\/36031"}],"collection":[{"href":"https:\/\/now-news.de\/de\/wp-json\/wp\/v2\/posts"}],"about":[{"href":"https:\/\/now-news.de\/de\/wp-json\/wp\/v2\/types\/post"}],"author":[{"embeddable":true,"href":"https:\/\/now-news.de\/de\/wp-json\/wp\/v2\/users\/3"}],"replies":[{"embeddable":true,"href":"https:\/\/now-news.de\/de\/wp-json\/wp\/v2\/comments?post=36031"}],"version-history":[{"count":0,"href":"https:\/\/now-news.de\/de\/wp-json\/wp\/v2\/posts\/36031\/revisions"}],"wp:featuredmedia":[{"embeddable":true,"href":"https:\/\/now-news.de\/de\/wp-json\/wp\/v2\/media\/36032"}],"wp:attachment":[{"href":"https:\/\/now-news.de\/de\/wp-json\/wp\/v2\/media?parent=36031"}],"wp:term":[{"taxonomy":"category","embeddable":true,"href":"https:\/\/now-news.de\/de\/wp-json\/wp\/v2\/categories?post=36031"},{"taxonomy":"post_tag","embeddable":true,"href":"https:\/\/now-news.de\/de\/wp-json\/wp\/v2\/tags?post=36031"}],"curies":[{"name":"wp","href":"https:\/\/api.w.org\/{rel}","templated":true}]}}