{"id":36001,"date":"2023-05-13T18:36:48","date_gmt":"2023-05-13T16:36:48","guid":{"rendered":"http:\/\/just-now.news\/de\/deutschland\/nun-also-doch-selenskij-wird-berlin-besuchen\/"},"modified":"2023-05-13T18:36:48","modified_gmt":"2023-05-13T16:36:48","slug":"nun-also-doch-selenskij-wird-berlin-besuchen","status":"publish","type":"post","link":"https:\/\/now-news.de\/de\/deutschland\/nun-also-doch-selenskij-wird-berlin-besuchen\/","title":{"rendered":"Nun also doch: Selenskij wird  Berlin besuchen"},"content":{"rendered":"<p><img decoding=\"async\" src=\"http:\/\/just-now.news\/de\/wp-content\/uploads\/sites\/3\/2023\/05\/645fafc4b480cc4583165f98.jpg\" \/><\/p>\n<div class=\"Text-root Text-type_1 \">\n                Nachdem der Besuch wegen &#8220;Geheimnisverrats&#8221; erst auf der Kippe gestanden hatte, wird der ukrainische Pr\u00e4sident Wladimir Selenskij am Sonntag nun doch Berlin besuchen. Dies best\u00e4tigten Regierungskreise gegen\u00fcber der Nachrichtenagentur dpa.\n            <\/div>\n<p><\/p>\n<div class=\"Text-root Text-type_5 ArticleView-text ViewText-root \">\n<p>Der ukrainische Pr\u00e4sident Wladimir Selenskij wird am Sonntag die Bundesrepublik besuchen. Regierungskreise best\u00e4tigten der Nachrichtenagentur <em>dpa<\/em> am Samstag, dass der Besuch am Sonntag stattfinden wird. Selenskij befindet sich derzeit auf einem Staatsbesuch in Italien. Zuvor war offen geblieben, ob der ukrainische Pr\u00e4sident nach seinem Termin in Rom in die Bundesrepublik weiterreist, da die Details der Reise geheim gehalten worden waren.<\/p>\n<p>Die Berliner Polizei bereitete sich schon seit mehreren Tagen auf die Ankunft des Gastes aus Kiew vor. Da die Planungen vor Kurzem \u00f6ffentlich wurden, stand der Besuch zwischenzeitlich auf der Kippe, die Polizei ermittelt wegen &#8220;Geheimnisverrats&#8221;. Nun soll Selenskij doch von Bundeskanzler Olaf Scholz (SPD) und Bundespr\u00e4sident Frank-Walter Steinmeier (SPD) empfangen werden. Am Sonntagabend soll ihm zudem in Aachen stellvertretend f\u00fcr das ukrainische Volk der <a rel=\"nofollow noopener\" target=\"_blank\" href=\"https:\/\/www.nachdenkseiten.de\/?p=97458\">Karlspreis<\/a> verliehen werden.<\/p>\n<p>Im Rom traf sich Selenskij mit Staatspr\u00e4sident Sergio Mattarella und Ministerpr\u00e4sidentin Georgia Meloni. Meloni gilt als Bef\u00fcrworterin von Waffenlieferung an die Ukraine. Au\u00dferdem steht ein Treffen mit dem Papst an, best\u00e4tigte der Vatikan.<\/p>\n<p>Am Morgen hatte die Bundesregierung der Ukraine weitere Waffenlieferungen im Wert von 2,7 Milliarden Euro zugesagt. Unter anderem sollen 20 weitere Marder-Sch\u00fctzenpanzer, 30 Leopard-1-Panzer und 4 Flugabwehrsysteme IRIS-T SLM bereitgestellt werden, wie das Verteidigungsministerium am Samstag in Berlin mitteilte. Damit hat sich das Ausma\u00df der deutschen Waffenlieferungen seit Februar 2022 nahezu verdoppelt. Seit Kriegsbeginn genehmigte die Bundesregierung Waffenlieferungen im Umfang von 2,75 Milliarden Euro.<\/p>\n<p>Dennoch monierte der ehemalige Botschafter der Ukraine in Deutschland Andrei Melnyk, der nach einem kurzen Intermezzo als Vizeau\u00dfenminister zum Botschafter in Brasilien degradiert wurde, dass die Waffenlieferungen nicht ausreichen. Melnyk behauptete im <a rel=\"nofollow noopener\" target=\"_blank\" href=\"https:\/\/www.rnd.de\/politik\/ukraine-und-deutschland-melnyk-ueber-das-schwierige-verhaeltnis-im-interview-QETTATPX2RCODOQRY342PPM45E.html\">Interview<\/a> mit dem <em>RedaktionsNetzwerk Deutschland<\/em> ebenfalls, dass die Forderungen in der Ukraine bewusst totgeschwiegen werden und die Bundesregierung der Diskussion aus dem Weg gehe. In diesem Kontext kritisierte er auch, dass die FDP-Politikerin und R\u00fcstungslobbyistin Marie-Agnes Strack-Zimmermann erkl\u00e4rt habe, dass die Ukraine keine deutschen Eurofighter oder Tornados bekommen soll.<\/p>\n<blockquote>\n<p><em>&#8220;Gerade f\u00fcr die jetzt geplante Offensive br\u00e4uchten wir noch gestern doppelt oder besser f\u00fcnfmal so viele Leopard\u00a02-Panzer anstatt nur die 18 gelieferten. Wir brauchen auch modernste deutsche Waffen, Kriegsschiffe und U-Boote f\u00fcr die Zeit nach dem Krieg&#8221;, foderte Melnyk.<br \/><\/em><\/p>\n<\/blockquote>\n<p>In Bezug auf das Informationsleck, das zum Bekanntwerden von Selenskijs Besuch f\u00fchrte, betonte Melnyk, er hoffe, dass dies nur ein Fehler in der Verwaltung war. Er glaube aber nicht, dass die Bundesregierung wollte, dass der Besuch nicht stattfindet. Ein Szenario, in dem die Information bewusst gestreut wurde, um den Besuch zu torpedieren, w\u00e4re zudem reine Spekulation. Man solle die Ermittlungsergebnisse abwarten.<\/p>\n<blockquote>\n<p><em>&#8220;Es ist nicht unm\u00f6glich, aber ich hoffe wie gesagt, dass es eben nur ein peinlicher Versto\u00df gegen die Geheimhaltung war.&#8221;<\/em><\/p>\n<\/blockquote>\n<p><strong>Mehr zum Thema &#8211;<\/strong>\u00a0<a rel=\"nofollow noopener\" target=\"_blank\" href=\"https:\/\/test.rtde.life\/gesellschaft\/169906-keine-videoansprache-esc-laesst-selenskij\/\">Keine Videoansprache: ESC l\u00e4sst Selenskij abblitzen <\/a><\/p>\n<\/div>\n<p><br \/>\n<br \/><a href=\"https:\/\/de.rt.com\/international\/170015-nun-also-doch-selenskij-wird-berlin-besuchen\/\">Source link <\/a><\/p>\n","protected":false},"excerpt":{"rendered":"<p>Nachdem der Besuch wegen &#8220;Geheimnisverrats&#8221; erst auf der Kippe gestanden hatte, wird der ukrainische Pr\u00e4sident Wladimir Selenskij am Sonntag nun doch Berlin besuchen. Dies best\u00e4tigten Regierungskreise gegen\u00fcber der Nachrichtenagentur dpa. Der ukrainische Pr\u00e4sident Wladimir Selenskij wird am Sonntag die Bundesrepublik besuchen. Regierungskreise best\u00e4tigten der Nachrichtenagentur dpa am Samstag, dass der Besuch am Sonntag stattfinden wird. [&hellip;]<\/p>\n","protected":false},"author":3,"featured_media":36002,"comment_status":"open","ping_status":"open","sticky":false,"template":"","format":"standard","meta":{"_yoast_indexnow_last_ping":["1683996538"],"wp_automatic_camp":["217"],"fd3e983e4f8b43fca8ece5b28c7a337a":["Nun also doch: Selenskij wird  Berlin besuchen"],"original_link":["https:\/\/de.rt.com\/international\/170015-nun-also-doch-selenskij-wird-berlin-besuchen\/"],"_thumbnail_id":["36002"],"_wptgpro_p2tg_sent2tg":["a:1:{i:23737;s:19:\"2023-05-13 18:50:02\";}"],"jnews_social_counter_last_update":["1777388159"]},"categories":[19,23],"tags":[943,3527,9898,2121,6158,374],"yoast_head":"<!-- This site is optimized with the Yoast SEO Premium plugin v22.7 (Yoast SEO v22.7) - https:\/\/yoast.com\/wordpress\/plugins\/seo\/ -->\n<title>Nun also doch: Selenskij wird Berlin besuchen - just-now.NEWS Deutschland<\/title>\n<meta name=\"robots\" content=\"index, follow, max-snippet:-1, max-image-preview:large, max-video-preview:-1\" \/>\n<link rel=\"canonical\" href=\"https:\/\/now-news.de\/de\/deutschland\/nun-also-doch-selenskij-wird-berlin-besuchen\/\" \/>\n<meta property=\"og:locale\" content=\"de_DE\" \/>\n<meta property=\"og:type\" content=\"article\" \/>\n<meta property=\"og:title\" content=\"Nun also doch: Selenskij wird Berlin besuchen\" \/>\n<meta property=\"og:description\" content=\"Nachdem der Besuch wegen &#8220;Geheimnisverrats&#8221; erst auf der Kippe gestanden hatte, wird der ukrainische Pr\u00e4sident Wladimir Selenskij am Sonntag nun doch Berlin besuchen. Dies best\u00e4tigten Regierungskreise gegen\u00fcber der Nachrichtenagentur dpa. Der ukrainische Pr\u00e4sident Wladimir Selenskij wird am Sonntag die Bundesrepublik besuchen. Regierungskreise best\u00e4tigten der Nachrichtenagentur dpa am Samstag, dass der Besuch am Sonntag stattfinden wird. [&hellip;]\" \/>\n<meta property=\"og:url\" content=\"https:\/\/now-news.de\/de\/deutschland\/nun-also-doch-selenskij-wird-berlin-besuchen\/\" \/>\n<meta property=\"og:site_name\" content=\"just-now.NEWS Deutschland\" \/>\n<meta property=\"article:publisher\" content=\"https:\/\/www.facebook.com\/wirmachenauf\" \/>\n<meta property=\"article:published_time\" content=\"2023-05-13T16:36:48+00:00\" \/>\n<meta property=\"og:image\" content=\"https:\/\/now-news.de\/de\/wp-content\/uploads\/sites\/3\/2023\/05\/Nun-also-doch-Selenskij-wird-Berlin-besuchen.jpg\" \/>\n\t<meta property=\"og:image:width\" content=\"460\" \/>\n\t<meta property=\"og:image:height\" content=\"259\" \/>\n\t<meta property=\"og:image:type\" content=\"image\/jpeg\" \/>\n<meta name=\"author\" content=\"rtnews\" \/>\n<meta name=\"twitter:card\" content=\"summary_large_image\" \/>\n<meta name=\"twitter:creator\" content=\"@WirMachenAuf_de\" \/>\n<meta name=\"twitter:site\" content=\"@WirMachenAuf_de\" \/>\n<meta name=\"twitter:label1\" content=\"Verfasst von\" \/>\n\t<meta name=\"twitter:data1\" content=\"rtnews\" \/>\n\t<meta name=\"twitter:label2\" content=\"Gesch\u00e4tzte Lesezeit\" \/>\n\t<meta name=\"twitter:data2\" content=\"2\u00a0Minuten\" \/>\n<script type=\"application\/ld+json\" class=\"yoast-schema-graph\">{\"@context\":\"https:\/\/schema.org\",\"@graph\":[{\"@type\":\"Article\",\"@id\":\"https:\/\/now-news.de\/de\/deutschland\/nun-also-doch-selenskij-wird-berlin-besuchen\/#article\",\"isPartOf\":{\"@id\":\"https:\/\/now-news.de\/de\/deutschland\/nun-also-doch-selenskij-wird-berlin-besuchen\/\"},\"author\":{\"name\":\"rtnews\",\"@id\":\"https:\/\/now-news.de\/de\/#\/schema\/person\/fb534a4e865501d8b3285208df34a9b5\"},\"headline\":\"Nun also doch: Selenskij wird Berlin besuchen\",\"datePublished\":\"2023-05-13T16:36:48+00:00\",\"dateModified\":\"2023-05-13T16:36:48+00:00\",\"mainEntityOfPage\":{\"@id\":\"https:\/\/now-news.de\/de\/deutschland\/nun-also-doch-selenskij-wird-berlin-besuchen\/\"},\"wordCount\":496,\"commentCount\":0,\"publisher\":{\"@id\":\"https:\/\/now-news.de\/de\/#organization\"},\"image\":{\"@id\":\"https:\/\/now-news.de\/de\/deutschland\/nun-also-doch-selenskij-wird-berlin-besuchen\/#primaryimage\"},\"thumbnailUrl\":\"https:\/\/now-news.de\/de\/wp-content\/uploads\/sites\/3\/2023\/05\/Nun-also-doch-Selenskij-wird-Berlin-besuchen.jpg\",\"keywords\":[\"Berlin\",\"Besuchen\",\"doch\",\"nun\",\"Selenskij\",\"wird\"],\"articleSection\":[\"Deutschland\",\"Russland\"],\"inLanguage\":\"de\",\"potentialAction\":[{\"@type\":\"CommentAction\",\"name\":\"Comment\",\"target\":[\"https:\/\/now-news.de\/de\/deutschland\/nun-also-doch-selenskij-wird-berlin-besuchen\/#respond\"]}]},{\"@type\":\"WebPage\",\"@id\":\"https:\/\/now-news.de\/de\/deutschland\/nun-also-doch-selenskij-wird-berlin-besuchen\/\",\"url\":\"https:\/\/now-news.de\/de\/deutschland\/nun-also-doch-selenskij-wird-berlin-besuchen\/\",\"name\":\"Nun also doch: Selenskij wird Berlin besuchen - just-now.NEWS Deutschland\",\"isPartOf\":{\"@id\":\"https:\/\/now-news.de\/de\/#website\"},\"primaryImageOfPage\":{\"@id\":\"https:\/\/now-news.de\/de\/deutschland\/nun-also-doch-selenskij-wird-berlin-besuchen\/#primaryimage\"},\"image\":{\"@id\":\"https:\/\/now-news.de\/de\/deutschland\/nun-also-doch-selenskij-wird-berlin-besuchen\/#primaryimage\"},\"thumbnailUrl\":\"https:\/\/now-news.de\/de\/wp-content\/uploads\/sites\/3\/2023\/05\/Nun-also-doch-Selenskij-wird-Berlin-besuchen.jpg\",\"datePublished\":\"2023-05-13T16:36:48+00:00\",\"dateModified\":\"2023-05-13T16:36:48+00:00\",\"breadcrumb\":{\"@id\":\"https:\/\/now-news.de\/de\/deutschland\/nun-also-doch-selenskij-wird-berlin-besuchen\/#breadcrumb\"},\"inLanguage\":\"de\",\"potentialAction\":[{\"@type\":\"ReadAction\",\"target\":[\"https:\/\/now-news.de\/de\/deutschland\/nun-also-doch-selenskij-wird-berlin-besuchen\/\"]}]},{\"@type\":\"ImageObject\",\"inLanguage\":\"de\",\"@id\":\"https:\/\/now-news.de\/de\/deutschland\/nun-also-doch-selenskij-wird-berlin-besuchen\/#primaryimage\",\"url\":\"https:\/\/now-news.de\/de\/wp-content\/uploads\/sites\/3\/2023\/05\/Nun-also-doch-Selenskij-wird-Berlin-besuchen.jpg\",\"contentUrl\":\"https:\/\/now-news.de\/de\/wp-content\/uploads\/sites\/3\/2023\/05\/Nun-also-doch-Selenskij-wird-Berlin-besuchen.jpg\",\"width\":460,\"height\":259,\"caption\":\"Nun also doch: Selenskij wird Berlin besuchen\"},{\"@type\":\"BreadcrumbList\",\"@id\":\"https:\/\/now-news.de\/de\/deutschland\/nun-also-doch-selenskij-wird-berlin-besuchen\/#breadcrumb\",\"itemListElement\":[{\"@type\":\"ListItem\",\"position\":1,\"name\":\"Home\",\"item\":\"https:\/\/now-news.de\/de\/\"},{\"@type\":\"ListItem\",\"position\":2,\"name\":\"Nun also doch: Selenskij wird Berlin besuchen\"}]},{\"@type\":\"WebSite\",\"@id\":\"https:\/\/now-news.de\/de\/#website\",\"url\":\"https:\/\/now-news.de\/de\/\",\"name\":\"just-now.NEWS Deutschland\",\"description\":\"Das Portal f\u00fcr unzensierte Nachrichten aus der Welt\",\"publisher\":{\"@id\":\"https:\/\/now-news.de\/de\/#organization\"},\"potentialAction\":[{\"@type\":\"SearchAction\",\"target\":{\"@type\":\"EntryPoint\",\"urlTemplate\":\"https:\/\/now-news.de\/de\/?s={search_term_string}\"},\"query-input\":\"required name=search_term_string\"}],\"inLanguage\":\"de\"},{\"@type\":\"Organization\",\"@id\":\"https:\/\/now-news.de\/de\/#organization\",\"name\":\"Just Now News\",\"url\":\"https:\/\/now-news.de\/de\/\",\"logo\":{\"@type\":\"ImageObject\",\"inLanguage\":\"de\",\"@id\":\"https:\/\/now-news.de\/de\/#\/schema\/logo\/image\/\",\"url\":\"http:\/\/just-now.news\/de\/wp-content\/uploads\/sites\/3\/2022\/04\/logo500x500.jpg\",\"contentUrl\":\"http:\/\/just-now.news\/de\/wp-content\/uploads\/sites\/3\/2022\/04\/logo500x500.jpg\",\"width\":500,\"height\":500,\"caption\":\"Just Now News\"},\"image\":{\"@id\":\"https:\/\/now-news.de\/de\/#\/schema\/logo\/image\/\"},\"sameAs\":[\"https:\/\/www.facebook.com\/wirmachenauf\",\"https:\/\/x.com\/WirMachenAuf_de\"]},{\"@type\":\"Person\",\"@id\":\"https:\/\/now-news.de\/de\/#\/schema\/person\/fb534a4e865501d8b3285208df34a9b5\",\"name\":\"rtnews\",\"image\":{\"@type\":\"ImageObject\",\"inLanguage\":\"de\",\"@id\":\"https:\/\/now-news.de\/de\/#\/schema\/person\/image\/\",\"url\":\"https:\/\/secure.gravatar.com\/avatar\/82aafea7d8127119dd649515f56e2117?s=96&d=mm&r=g\",\"contentUrl\":\"https:\/\/secure.gravatar.com\/avatar\/82aafea7d8127119dd649515f56e2117?s=96&d=mm&r=g\",\"caption\":\"rtnews\"},\"url\":\"https:\/\/now-news.de\/de\/author\/rnews\/\"}]}<\/script>\n<!-- \/ Yoast SEO Premium plugin. -->","yoast_head_json":{"title":"Nun also doch: Selenskij wird Berlin besuchen - just-now.NEWS Deutschland","robots":{"index":"index","follow":"follow","max-snippet":"max-snippet:-1","max-image-preview":"max-image-preview:large","max-video-preview":"max-video-preview:-1"},"canonical":"https:\/\/now-news.de\/de\/deutschland\/nun-also-doch-selenskij-wird-berlin-besuchen\/","og_locale":"de_DE","og_type":"article","og_title":"Nun also doch: Selenskij wird Berlin besuchen","og_description":"Nachdem der Besuch wegen &#8220;Geheimnisverrats&#8221; erst auf der Kippe gestanden hatte, wird der ukrainische Pr\u00e4sident Wladimir Selenskij am Sonntag nun doch Berlin besuchen. Dies best\u00e4tigten Regierungskreise gegen\u00fcber der Nachrichtenagentur dpa. Der ukrainische Pr\u00e4sident Wladimir Selenskij wird am Sonntag die Bundesrepublik besuchen. Regierungskreise best\u00e4tigten der Nachrichtenagentur dpa am Samstag, dass der Besuch am Sonntag stattfinden wird. [&hellip;]","og_url":"https:\/\/now-news.de\/de\/deutschland\/nun-also-doch-selenskij-wird-berlin-besuchen\/","og_site_name":"just-now.NEWS Deutschland","article_publisher":"https:\/\/www.facebook.com\/wirmachenauf","article_published_time":"2023-05-13T16:36:48+00:00","og_image":[{"width":460,"height":259,"url":"https:\/\/now-news.de\/de\/wp-content\/uploads\/sites\/3\/2023\/05\/Nun-also-doch-Selenskij-wird-Berlin-besuchen.jpg","type":"image\/jpeg"}],"author":"rtnews","twitter_card":"summary_large_image","twitter_creator":"@WirMachenAuf_de","twitter_site":"@WirMachenAuf_de","twitter_misc":{"Verfasst von":"rtnews","Gesch\u00e4tzte Lesezeit":"2\u00a0Minuten"},"schema":{"@context":"https:\/\/schema.org","@graph":[{"@type":"Article","@id":"https:\/\/now-news.de\/de\/deutschland\/nun-also-doch-selenskij-wird-berlin-besuchen\/#article","isPartOf":{"@id":"https:\/\/now-news.de\/de\/deutschland\/nun-also-doch-selenskij-wird-berlin-besuchen\/"},"author":{"name":"rtnews","@id":"https:\/\/now-news.de\/de\/#\/schema\/person\/fb534a4e865501d8b3285208df34a9b5"},"headline":"Nun also doch: Selenskij wird Berlin besuchen","datePublished":"2023-05-13T16:36:48+00:00","dateModified":"2023-05-13T16:36:48+00:00","mainEntityOfPage":{"@id":"https:\/\/now-news.de\/de\/deutschland\/nun-also-doch-selenskij-wird-berlin-besuchen\/"},"wordCount":496,"commentCount":0,"publisher":{"@id":"https:\/\/now-news.de\/de\/#organization"},"image":{"@id":"https:\/\/now-news.de\/de\/deutschland\/nun-also-doch-selenskij-wird-berlin-besuchen\/#primaryimage"},"thumbnailUrl":"https:\/\/now-news.de\/de\/wp-content\/uploads\/sites\/3\/2023\/05\/Nun-also-doch-Selenskij-wird-Berlin-besuchen.jpg","keywords":["Berlin","Besuchen","doch","nun","Selenskij","wird"],"articleSection":["Deutschland","Russland"],"inLanguage":"de","potentialAction":[{"@type":"CommentAction","name":"Comment","target":["https:\/\/now-news.de\/de\/deutschland\/nun-also-doch-selenskij-wird-berlin-besuchen\/#respond"]}]},{"@type":"WebPage","@id":"https:\/\/now-news.de\/de\/deutschland\/nun-also-doch-selenskij-wird-berlin-besuchen\/","url":"https:\/\/now-news.de\/de\/deutschland\/nun-also-doch-selenskij-wird-berlin-besuchen\/","name":"Nun also doch: Selenskij wird Berlin besuchen - just-now.NEWS Deutschland","isPartOf":{"@id":"https:\/\/now-news.de\/de\/#website"},"primaryImageOfPage":{"@id":"https:\/\/now-news.de\/de\/deutschland\/nun-also-doch-selenskij-wird-berlin-besuchen\/#primaryimage"},"image":{"@id":"https:\/\/now-news.de\/de\/deutschland\/nun-also-doch-selenskij-wird-berlin-besuchen\/#primaryimage"},"thumbnailUrl":"https:\/\/now-news.de\/de\/wp-content\/uploads\/sites\/3\/2023\/05\/Nun-also-doch-Selenskij-wird-Berlin-besuchen.jpg","datePublished":"2023-05-13T16:36:48+00:00","dateModified":"2023-05-13T16:36:48+00:00","breadcrumb":{"@id":"https:\/\/now-news.de\/de\/deutschland\/nun-also-doch-selenskij-wird-berlin-besuchen\/#breadcrumb"},"inLanguage":"de","potentialAction":[{"@type":"ReadAction","target":["https:\/\/now-news.de\/de\/deutschland\/nun-also-doch-selenskij-wird-berlin-besuchen\/"]}]},{"@type":"ImageObject","inLanguage":"de","@id":"https:\/\/now-news.de\/de\/deutschland\/nun-also-doch-selenskij-wird-berlin-besuchen\/#primaryimage","url":"https:\/\/now-news.de\/de\/wp-content\/uploads\/sites\/3\/2023\/05\/Nun-also-doch-Selenskij-wird-Berlin-besuchen.jpg","contentUrl":"https:\/\/now-news.de\/de\/wp-content\/uploads\/sites\/3\/2023\/05\/Nun-also-doch-Selenskij-wird-Berlin-besuchen.jpg","width":460,"height":259,"caption":"Nun also doch: Selenskij wird Berlin besuchen"},{"@type":"BreadcrumbList","@id":"https:\/\/now-news.de\/de\/deutschland\/nun-also-doch-selenskij-wird-berlin-besuchen\/#breadcrumb","itemListElement":[{"@type":"ListItem","position":1,"name":"Home","item":"https:\/\/now-news.de\/de\/"},{"@type":"ListItem","position":2,"name":"Nun also doch: Selenskij wird Berlin besuchen"}]},{"@type":"WebSite","@id":"https:\/\/now-news.de\/de\/#website","url":"https:\/\/now-news.de\/de\/","name":"just-now.NEWS Deutschland","description":"Das Portal f\u00fcr unzensierte Nachrichten aus der Welt","publisher":{"@id":"https:\/\/now-news.de\/de\/#organization"},"potentialAction":[{"@type":"SearchAction","target":{"@type":"EntryPoint","urlTemplate":"https:\/\/now-news.de\/de\/?s={search_term_string}"},"query-input":"required name=search_term_string"}],"inLanguage":"de"},{"@type":"Organization","@id":"https:\/\/now-news.de\/de\/#organization","name":"Just Now News","url":"https:\/\/now-news.de\/de\/","logo":{"@type":"ImageObject","inLanguage":"de","@id":"https:\/\/now-news.de\/de\/#\/schema\/logo\/image\/","url":"http:\/\/just-now.news\/de\/wp-content\/uploads\/sites\/3\/2022\/04\/logo500x500.jpg","contentUrl":"http:\/\/just-now.news\/de\/wp-content\/uploads\/sites\/3\/2022\/04\/logo500x500.jpg","width":500,"height":500,"caption":"Just Now News"},"image":{"@id":"https:\/\/now-news.de\/de\/#\/schema\/logo\/image\/"},"sameAs":["https:\/\/www.facebook.com\/wirmachenauf","https:\/\/x.com\/WirMachenAuf_de"]},{"@type":"Person","@id":"https:\/\/now-news.de\/de\/#\/schema\/person\/fb534a4e865501d8b3285208df34a9b5","name":"rtnews","image":{"@type":"ImageObject","inLanguage":"de","@id":"https:\/\/now-news.de\/de\/#\/schema\/person\/image\/","url":"https:\/\/secure.gravatar.com\/avatar\/82aafea7d8127119dd649515f56e2117?s=96&d=mm&r=g","contentUrl":"https:\/\/secure.gravatar.com\/avatar\/82aafea7d8127119dd649515f56e2117?s=96&d=mm&r=g","caption":"rtnews"},"url":"https:\/\/now-news.de\/de\/author\/rnews\/"}]}},"_links":{"self":[{"href":"https:\/\/now-news.de\/de\/wp-json\/wp\/v2\/posts\/36001"}],"collection":[{"href":"https:\/\/now-news.de\/de\/wp-json\/wp\/v2\/posts"}],"about":[{"href":"https:\/\/now-news.de\/de\/wp-json\/wp\/v2\/types\/post"}],"author":[{"embeddable":true,"href":"https:\/\/now-news.de\/de\/wp-json\/wp\/v2\/users\/3"}],"replies":[{"embeddable":true,"href":"https:\/\/now-news.de\/de\/wp-json\/wp\/v2\/comments?post=36001"}],"version-history":[{"count":0,"href":"https:\/\/now-news.de\/de\/wp-json\/wp\/v2\/posts\/36001\/revisions"}],"wp:featuredmedia":[{"embeddable":true,"href":"https:\/\/now-news.de\/de\/wp-json\/wp\/v2\/media\/36002"}],"wp:attachment":[{"href":"https:\/\/now-news.de\/de\/wp-json\/wp\/v2\/media?parent=36001"}],"wp:term":[{"taxonomy":"category","embeddable":true,"href":"https:\/\/now-news.de\/de\/wp-json\/wp\/v2\/categories?post=36001"},{"taxonomy":"post_tag","embeddable":true,"href":"https:\/\/now-news.de\/de\/wp-json\/wp\/v2\/tags?post=36001"}],"curies":[{"name":"wp","href":"https:\/\/api.w.org\/{rel}","templated":true}]}}