{"id":35988,"date":"2023-05-13T14:55:00","date_gmt":"2023-05-13T12:55:00","guid":{"rendered":"https:\/\/just-now.news\/de\/deutschland\/biden-legt-plan-zur-beseitigung-der-chemiewaffen-vor\/"},"modified":"2023-05-13T14:55:00","modified_gmt":"2023-05-13T12:55:00","slug":"biden-legt-plan-zur-beseitigung-der-chemiewaffen-vor","status":"publish","type":"post","link":"https:\/\/now-news.de\/de\/deutschland\/biden-legt-plan-zur-beseitigung-der-chemiewaffen-vor\/","title":{"rendered":"Biden legt Plan zur Beseitigung der Chemiewaffen vor"},"content":{"rendered":"<p><img decoding=\"async\" src=\"http:\/\/just-now.news\/de\/wp-content\/uploads\/sites\/3\/2023\/05\/645f754948fbef317f6d05f8.jpg\" \/><\/p>\n<div class=\"Text-root Text-type_1 \">\n                Washington hat zugesagt, endlich sein giftiges Arsenal aus den Zeiten des Kalten Krieges zu entsorgen. Als Mitglied der Konvention \u00fcber Chemiewaffen sind die USA verpflichtet, dies bis zum Ende dieses Jahres zu tun.\n            <\/div>\n<p><\/p>\n<div class=\"Text-root Text-type_5 ArticleView-text ViewText-root \">\n<p>Die USA werden bis Herbst 2023 ihre letzten chemischen Waffen zerst\u00f6ren, erkl\u00e4rte US-Pr\u00e4sident Joe Biden am Freitag im Vorfeld der internationalen Konferenz \u00fcber Waffenkontrolle, die n\u00e4chste Woche in Den Haag stattfindet.<\/p>\n<p>&#8220;Wir werden die Vernichtung unserer Vorr\u00e4te an chemischen Waffen bis zum kommenden Herbst planm\u00e4\u00dfig beenden \u2013 ein Meilenstein in der Abr\u00fcstung, der die h\u00f6chsten Ma\u00dfst\u00e4be von Transparenz und \u00f6ffentlicher Sicherheit einh\u00e4lt&#8221;, sagte Biden in einer Erkl\u00e4rung, die auf der Webseite des Wei\u00dfen Hauses ver\u00f6ffentlicht wurde. Die USA w\u00fcrden auch weiterhin mit der Organisation f\u00fcr das Verbot Chemischer Waffen (OPCW) zusammenarbeiten, um &#8220;die Lagerung, die Produktion und den Einsatz chemischer Waffen auf der ganzen Welt zu verhindern&#8221;, hei\u00dft es in der Erkl\u00e4rung.<\/p>\n<p>Die Unterzeichner der Konvention \u00fcber Chemiewaffen (CWC), die 1997 in Kraft trat, verpflichteten sich, ihre Vorr\u00e4te an chemischen Waffen zu vernichten. Rechtlich sind die USA verpflichtet, dies bis Ende dieses Jahres zu tun. Die USA sicherten zu, ihre letzten Vorr\u00e4te chemischer Waffen, die in Depots in Colorado und Kentucky lagern, bis zum 30. September 2023 zu vernichten.<\/p>\n<p>Moskau und Peking haben Washington wiederholt aufgefordert, diesen Prozess zu beschleunigen. Im April ver\u00f6ffentlichten Russland und China eine gemeinsame Erkl\u00e4rung, in der die L\u00e4nder &#8220;darauf bestehen, dass die USA, als das letzte Mitgliedsland (des CWC), das die Vernichtung seiner Chemiewaffen noch nicht abgeschlossen hat, die Entsorgung ihrer Vorr\u00e4te an chemischen Waffen beschleunigen&#8221;.<\/p>\n<p>Russland hat sein Arsenal chemischer Waffen bereits 2017 vernichtet. China hat erkl\u00e4rt, selbst keine chemischen Waffen zu besitzen; allerdings gebe es alte Best\u00e4nde, die von Japan w\u00e4hrend des Zweiten Weltkriegs auf chinesischem Gebiet zur\u00fcckgelassen worden waren. Diese Waffen w\u00fcrden derzeit vernichtet.<\/p>\n<p><strong>Mehr zum Thema<\/strong> &#8211; <a rel=\"nofollow noopener\" target=\"_blank\" href=\"https:\/\/freeassange.rtde.live\/international\/166844-ermittlungen-zu-amerikanischen-biolaboren-toedliche\/\">Ermittlungen zu den amerikanischen Biolaboren: &#8220;T\u00f6dliche Gefahr f\u00fcr die Menschheit&#8221; <\/a><\/p>\n<\/div>\n<p><br \/>\n<br \/><a href=\"https:\/\/de.rt.com\/international\/169996-biden-legt-plan-zur-beseitigung\/\">Source link <\/a><\/p>\n","protected":false},"excerpt":{"rendered":"<p>Washington hat zugesagt, endlich sein giftiges Arsenal aus den Zeiten des Kalten Krieges zu entsorgen. Als Mitglied der Konvention \u00fcber Chemiewaffen sind die USA verpflichtet, dies bis zum Ende dieses Jahres zu tun. Die USA werden bis Herbst 2023 ihre letzten chemischen Waffen zerst\u00f6ren, erkl\u00e4rte US-Pr\u00e4sident Joe Biden am Freitag im Vorfeld der internationalen Konferenz [&hellip;]<\/p>\n","protected":false},"author":3,"featured_media":35989,"comment_status":"open","ping_status":"open","sticky":false,"template":"","format":"standard","meta":{"_yoast_indexnow_last_ping":["1683983036"],"wp_automatic_camp":["217"],"be53c4b6d4323ea915d81995c3bca5e5":["Biden legt Plan zur Beseitigung der Chemiewaffen vor"],"original_link":["https:\/\/de.rt.com\/international\/169996-biden-legt-plan-zur-beseitigung\/"],"_thumbnail_id":["35989"],"jnews_social_counter_last_update":["1777452627"],"_wptgpro_p2tg_sent2tg":["a:1:{i:23737;s:19:\"2023-05-13 15:04:59\";}"]},"categories":[19,23],"tags":[36005,1348,42908,82,5552,2746,320,581],"yoast_head":"<!-- This site is optimized with the Yoast SEO Premium plugin v22.7 (Yoast SEO v22.7) - https:\/\/yoast.com\/wordpress\/plugins\/seo\/ -->\n<title>Biden legt Plan zur Beseitigung der Chemiewaffen vor - just-now.NEWS Deutschland<\/title>\n<meta name=\"robots\" content=\"index, follow, max-snippet:-1, max-image-preview:large, max-video-preview:-1\" \/>\n<link rel=\"canonical\" href=\"https:\/\/now-news.de\/de\/deutschland\/biden-legt-plan-zur-beseitigung-der-chemiewaffen-vor\/\" \/>\n<meta property=\"og:locale\" content=\"de_DE\" \/>\n<meta property=\"og:type\" content=\"article\" \/>\n<meta property=\"og:title\" content=\"Biden legt Plan zur Beseitigung der Chemiewaffen vor\" \/>\n<meta property=\"og:description\" content=\"Washington hat zugesagt, endlich sein giftiges Arsenal aus den Zeiten des Kalten Krieges zu entsorgen. Als Mitglied der Konvention \u00fcber Chemiewaffen sind die USA verpflichtet, dies bis zum Ende dieses Jahres zu tun. Die USA werden bis Herbst 2023 ihre letzten chemischen Waffen zerst\u00f6ren, erkl\u00e4rte US-Pr\u00e4sident Joe Biden am Freitag im Vorfeld der internationalen Konferenz [&hellip;]\" \/>\n<meta property=\"og:url\" content=\"https:\/\/now-news.de\/de\/deutschland\/biden-legt-plan-zur-beseitigung-der-chemiewaffen-vor\/\" \/>\n<meta property=\"og:site_name\" content=\"just-now.NEWS Deutschland\" \/>\n<meta property=\"article:publisher\" content=\"https:\/\/www.facebook.com\/wirmachenauf\" \/>\n<meta property=\"article:published_time\" content=\"2023-05-13T12:55:00+00:00\" \/>\n<meta property=\"og:image\" content=\"https:\/\/now-news.de\/de\/wp-content\/uploads\/sites\/3\/2023\/05\/Biden-legt-Plan-zur-Beseitigung-der-Chemiewaffen-vor.jpg\" \/>\n\t<meta property=\"og:image:width\" content=\"460\" \/>\n\t<meta property=\"og:image:height\" content=\"259\" \/>\n\t<meta property=\"og:image:type\" content=\"image\/jpeg\" \/>\n<meta name=\"author\" content=\"rtnews\" \/>\n<meta name=\"twitter:card\" content=\"summary_large_image\" \/>\n<meta name=\"twitter:creator\" content=\"@WirMachenAuf_de\" \/>\n<meta name=\"twitter:site\" content=\"@WirMachenAuf_de\" \/>\n<meta name=\"twitter:label1\" content=\"Verfasst von\" \/>\n\t<meta name=\"twitter:data1\" content=\"rtnews\" \/>\n\t<meta name=\"twitter:label2\" content=\"Gesch\u00e4tzte Lesezeit\" \/>\n\t<meta name=\"twitter:data2\" content=\"2\u00a0Minuten\" \/>\n<script type=\"application\/ld+json\" class=\"yoast-schema-graph\">{\"@context\":\"https:\/\/schema.org\",\"@graph\":[{\"@type\":\"Article\",\"@id\":\"https:\/\/now-news.de\/de\/deutschland\/biden-legt-plan-zur-beseitigung-der-chemiewaffen-vor\/#article\",\"isPartOf\":{\"@id\":\"https:\/\/now-news.de\/de\/deutschland\/biden-legt-plan-zur-beseitigung-der-chemiewaffen-vor\/\"},\"author\":{\"name\":\"rtnews\",\"@id\":\"https:\/\/now-news.de\/de\/#\/schema\/person\/fb534a4e865501d8b3285208df34a9b5\"},\"headline\":\"Biden legt Plan zur Beseitigung der Chemiewaffen vor\",\"datePublished\":\"2023-05-13T12:55:00+00:00\",\"dateModified\":\"2023-05-13T12:55:00+00:00\",\"mainEntityOfPage\":{\"@id\":\"https:\/\/now-news.de\/de\/deutschland\/biden-legt-plan-zur-beseitigung-der-chemiewaffen-vor\/\"},\"wordCount\":345,\"commentCount\":0,\"publisher\":{\"@id\":\"https:\/\/now-news.de\/de\/#organization\"},\"image\":{\"@id\":\"https:\/\/now-news.de\/de\/deutschland\/biden-legt-plan-zur-beseitigung-der-chemiewaffen-vor\/#primaryimage\"},\"thumbnailUrl\":\"https:\/\/now-news.de\/de\/wp-content\/uploads\/sites\/3\/2023\/05\/Biden-legt-Plan-zur-Beseitigung-der-Chemiewaffen-vor.jpg\",\"keywords\":[\"Beseitigung\",\"Biden\",\"Chemiewaffen\",\"der\",\"legt\",\"Plan\",\"vor\",\"zur\"],\"articleSection\":[\"Deutschland\",\"Russland\"],\"inLanguage\":\"de\",\"potentialAction\":[{\"@type\":\"CommentAction\",\"name\":\"Comment\",\"target\":[\"https:\/\/now-news.de\/de\/deutschland\/biden-legt-plan-zur-beseitigung-der-chemiewaffen-vor\/#respond\"]}]},{\"@type\":\"WebPage\",\"@id\":\"https:\/\/now-news.de\/de\/deutschland\/biden-legt-plan-zur-beseitigung-der-chemiewaffen-vor\/\",\"url\":\"https:\/\/now-news.de\/de\/deutschland\/biden-legt-plan-zur-beseitigung-der-chemiewaffen-vor\/\",\"name\":\"Biden legt Plan zur Beseitigung der Chemiewaffen vor - just-now.NEWS Deutschland\",\"isPartOf\":{\"@id\":\"https:\/\/now-news.de\/de\/#website\"},\"primaryImageOfPage\":{\"@id\":\"https:\/\/now-news.de\/de\/deutschland\/biden-legt-plan-zur-beseitigung-der-chemiewaffen-vor\/#primaryimage\"},\"image\":{\"@id\":\"https:\/\/now-news.de\/de\/deutschland\/biden-legt-plan-zur-beseitigung-der-chemiewaffen-vor\/#primaryimage\"},\"thumbnailUrl\":\"https:\/\/now-news.de\/de\/wp-content\/uploads\/sites\/3\/2023\/05\/Biden-legt-Plan-zur-Beseitigung-der-Chemiewaffen-vor.jpg\",\"datePublished\":\"2023-05-13T12:55:00+00:00\",\"dateModified\":\"2023-05-13T12:55:00+00:00\",\"breadcrumb\":{\"@id\":\"https:\/\/now-news.de\/de\/deutschland\/biden-legt-plan-zur-beseitigung-der-chemiewaffen-vor\/#breadcrumb\"},\"inLanguage\":\"de\",\"potentialAction\":[{\"@type\":\"ReadAction\",\"target\":[\"https:\/\/now-news.de\/de\/deutschland\/biden-legt-plan-zur-beseitigung-der-chemiewaffen-vor\/\"]}]},{\"@type\":\"ImageObject\",\"inLanguage\":\"de\",\"@id\":\"https:\/\/now-news.de\/de\/deutschland\/biden-legt-plan-zur-beseitigung-der-chemiewaffen-vor\/#primaryimage\",\"url\":\"https:\/\/now-news.de\/de\/wp-content\/uploads\/sites\/3\/2023\/05\/Biden-legt-Plan-zur-Beseitigung-der-Chemiewaffen-vor.jpg\",\"contentUrl\":\"https:\/\/now-news.de\/de\/wp-content\/uploads\/sites\/3\/2023\/05\/Biden-legt-Plan-zur-Beseitigung-der-Chemiewaffen-vor.jpg\",\"width\":460,\"height\":259,\"caption\":\"Biden legt Plan zur Beseitigung der Chemiewaffen vor\"},{\"@type\":\"BreadcrumbList\",\"@id\":\"https:\/\/now-news.de\/de\/deutschland\/biden-legt-plan-zur-beseitigung-der-chemiewaffen-vor\/#breadcrumb\",\"itemListElement\":[{\"@type\":\"ListItem\",\"position\":1,\"name\":\"Home\",\"item\":\"https:\/\/now-news.de\/de\/\"},{\"@type\":\"ListItem\",\"position\":2,\"name\":\"Biden legt Plan zur Beseitigung der Chemiewaffen vor\"}]},{\"@type\":\"WebSite\",\"@id\":\"https:\/\/now-news.de\/de\/#website\",\"url\":\"https:\/\/now-news.de\/de\/\",\"name\":\"just-now.NEWS Deutschland\",\"description\":\"Das Portal f\u00fcr unzensierte Nachrichten aus der Welt\",\"publisher\":{\"@id\":\"https:\/\/now-news.de\/de\/#organization\"},\"potentialAction\":[{\"@type\":\"SearchAction\",\"target\":{\"@type\":\"EntryPoint\",\"urlTemplate\":\"https:\/\/now-news.de\/de\/?s={search_term_string}\"},\"query-input\":\"required name=search_term_string\"}],\"inLanguage\":\"de\"},{\"@type\":\"Organization\",\"@id\":\"https:\/\/now-news.de\/de\/#organization\",\"name\":\"Just Now News\",\"url\":\"https:\/\/now-news.de\/de\/\",\"logo\":{\"@type\":\"ImageObject\",\"inLanguage\":\"de\",\"@id\":\"https:\/\/now-news.de\/de\/#\/schema\/logo\/image\/\",\"url\":\"http:\/\/just-now.news\/de\/wp-content\/uploads\/sites\/3\/2022\/04\/logo500x500.jpg\",\"contentUrl\":\"http:\/\/just-now.news\/de\/wp-content\/uploads\/sites\/3\/2022\/04\/logo500x500.jpg\",\"width\":500,\"height\":500,\"caption\":\"Just Now News\"},\"image\":{\"@id\":\"https:\/\/now-news.de\/de\/#\/schema\/logo\/image\/\"},\"sameAs\":[\"https:\/\/www.facebook.com\/wirmachenauf\",\"https:\/\/x.com\/WirMachenAuf_de\"]},{\"@type\":\"Person\",\"@id\":\"https:\/\/now-news.de\/de\/#\/schema\/person\/fb534a4e865501d8b3285208df34a9b5\",\"name\":\"rtnews\",\"image\":{\"@type\":\"ImageObject\",\"inLanguage\":\"de\",\"@id\":\"https:\/\/now-news.de\/de\/#\/schema\/person\/image\/\",\"url\":\"https:\/\/secure.gravatar.com\/avatar\/82aafea7d8127119dd649515f56e2117?s=96&d=mm&r=g\",\"contentUrl\":\"https:\/\/secure.gravatar.com\/avatar\/82aafea7d8127119dd649515f56e2117?s=96&d=mm&r=g\",\"caption\":\"rtnews\"},\"url\":\"https:\/\/now-news.de\/de\/author\/rnews\/\"}]}<\/script>\n<!-- \/ Yoast SEO Premium plugin. -->","yoast_head_json":{"title":"Biden legt Plan zur Beseitigung der Chemiewaffen vor - just-now.NEWS Deutschland","robots":{"index":"index","follow":"follow","max-snippet":"max-snippet:-1","max-image-preview":"max-image-preview:large","max-video-preview":"max-video-preview:-1"},"canonical":"https:\/\/now-news.de\/de\/deutschland\/biden-legt-plan-zur-beseitigung-der-chemiewaffen-vor\/","og_locale":"de_DE","og_type":"article","og_title":"Biden legt Plan zur Beseitigung der Chemiewaffen vor","og_description":"Washington hat zugesagt, endlich sein giftiges Arsenal aus den Zeiten des Kalten Krieges zu entsorgen. Als Mitglied der Konvention \u00fcber Chemiewaffen sind die USA verpflichtet, dies bis zum Ende dieses Jahres zu tun. Die USA werden bis Herbst 2023 ihre letzten chemischen Waffen zerst\u00f6ren, erkl\u00e4rte US-Pr\u00e4sident Joe Biden am Freitag im Vorfeld der internationalen Konferenz [&hellip;]","og_url":"https:\/\/now-news.de\/de\/deutschland\/biden-legt-plan-zur-beseitigung-der-chemiewaffen-vor\/","og_site_name":"just-now.NEWS Deutschland","article_publisher":"https:\/\/www.facebook.com\/wirmachenauf","article_published_time":"2023-05-13T12:55:00+00:00","og_image":[{"width":460,"height":259,"url":"https:\/\/now-news.de\/de\/wp-content\/uploads\/sites\/3\/2023\/05\/Biden-legt-Plan-zur-Beseitigung-der-Chemiewaffen-vor.jpg","type":"image\/jpeg"}],"author":"rtnews","twitter_card":"summary_large_image","twitter_creator":"@WirMachenAuf_de","twitter_site":"@WirMachenAuf_de","twitter_misc":{"Verfasst von":"rtnews","Gesch\u00e4tzte Lesezeit":"2\u00a0Minuten"},"schema":{"@context":"https:\/\/schema.org","@graph":[{"@type":"Article","@id":"https:\/\/now-news.de\/de\/deutschland\/biden-legt-plan-zur-beseitigung-der-chemiewaffen-vor\/#article","isPartOf":{"@id":"https:\/\/now-news.de\/de\/deutschland\/biden-legt-plan-zur-beseitigung-der-chemiewaffen-vor\/"},"author":{"name":"rtnews","@id":"https:\/\/now-news.de\/de\/#\/schema\/person\/fb534a4e865501d8b3285208df34a9b5"},"headline":"Biden legt Plan zur Beseitigung der Chemiewaffen vor","datePublished":"2023-05-13T12:55:00+00:00","dateModified":"2023-05-13T12:55:00+00:00","mainEntityOfPage":{"@id":"https:\/\/now-news.de\/de\/deutschland\/biden-legt-plan-zur-beseitigung-der-chemiewaffen-vor\/"},"wordCount":345,"commentCount":0,"publisher":{"@id":"https:\/\/now-news.de\/de\/#organization"},"image":{"@id":"https:\/\/now-news.de\/de\/deutschland\/biden-legt-plan-zur-beseitigung-der-chemiewaffen-vor\/#primaryimage"},"thumbnailUrl":"https:\/\/now-news.de\/de\/wp-content\/uploads\/sites\/3\/2023\/05\/Biden-legt-Plan-zur-Beseitigung-der-Chemiewaffen-vor.jpg","keywords":["Beseitigung","Biden","Chemiewaffen","der","legt","Plan","vor","zur"],"articleSection":["Deutschland","Russland"],"inLanguage":"de","potentialAction":[{"@type":"CommentAction","name":"Comment","target":["https:\/\/now-news.de\/de\/deutschland\/biden-legt-plan-zur-beseitigung-der-chemiewaffen-vor\/#respond"]}]},{"@type":"WebPage","@id":"https:\/\/now-news.de\/de\/deutschland\/biden-legt-plan-zur-beseitigung-der-chemiewaffen-vor\/","url":"https:\/\/now-news.de\/de\/deutschland\/biden-legt-plan-zur-beseitigung-der-chemiewaffen-vor\/","name":"Biden legt Plan zur Beseitigung der Chemiewaffen vor - just-now.NEWS Deutschland","isPartOf":{"@id":"https:\/\/now-news.de\/de\/#website"},"primaryImageOfPage":{"@id":"https:\/\/now-news.de\/de\/deutschland\/biden-legt-plan-zur-beseitigung-der-chemiewaffen-vor\/#primaryimage"},"image":{"@id":"https:\/\/now-news.de\/de\/deutschland\/biden-legt-plan-zur-beseitigung-der-chemiewaffen-vor\/#primaryimage"},"thumbnailUrl":"https:\/\/now-news.de\/de\/wp-content\/uploads\/sites\/3\/2023\/05\/Biden-legt-Plan-zur-Beseitigung-der-Chemiewaffen-vor.jpg","datePublished":"2023-05-13T12:55:00+00:00","dateModified":"2023-05-13T12:55:00+00:00","breadcrumb":{"@id":"https:\/\/now-news.de\/de\/deutschland\/biden-legt-plan-zur-beseitigung-der-chemiewaffen-vor\/#breadcrumb"},"inLanguage":"de","potentialAction":[{"@type":"ReadAction","target":["https:\/\/now-news.de\/de\/deutschland\/biden-legt-plan-zur-beseitigung-der-chemiewaffen-vor\/"]}]},{"@type":"ImageObject","inLanguage":"de","@id":"https:\/\/now-news.de\/de\/deutschland\/biden-legt-plan-zur-beseitigung-der-chemiewaffen-vor\/#primaryimage","url":"https:\/\/now-news.de\/de\/wp-content\/uploads\/sites\/3\/2023\/05\/Biden-legt-Plan-zur-Beseitigung-der-Chemiewaffen-vor.jpg","contentUrl":"https:\/\/now-news.de\/de\/wp-content\/uploads\/sites\/3\/2023\/05\/Biden-legt-Plan-zur-Beseitigung-der-Chemiewaffen-vor.jpg","width":460,"height":259,"caption":"Biden legt Plan zur Beseitigung der Chemiewaffen vor"},{"@type":"BreadcrumbList","@id":"https:\/\/now-news.de\/de\/deutschland\/biden-legt-plan-zur-beseitigung-der-chemiewaffen-vor\/#breadcrumb","itemListElement":[{"@type":"ListItem","position":1,"name":"Home","item":"https:\/\/now-news.de\/de\/"},{"@type":"ListItem","position":2,"name":"Biden legt Plan zur Beseitigung der Chemiewaffen vor"}]},{"@type":"WebSite","@id":"https:\/\/now-news.de\/de\/#website","url":"https:\/\/now-news.de\/de\/","name":"just-now.NEWS Deutschland","description":"Das Portal f\u00fcr unzensierte Nachrichten aus der Welt","publisher":{"@id":"https:\/\/now-news.de\/de\/#organization"},"potentialAction":[{"@type":"SearchAction","target":{"@type":"EntryPoint","urlTemplate":"https:\/\/now-news.de\/de\/?s={search_term_string}"},"query-input":"required name=search_term_string"}],"inLanguage":"de"},{"@type":"Organization","@id":"https:\/\/now-news.de\/de\/#organization","name":"Just Now News","url":"https:\/\/now-news.de\/de\/","logo":{"@type":"ImageObject","inLanguage":"de","@id":"https:\/\/now-news.de\/de\/#\/schema\/logo\/image\/","url":"http:\/\/just-now.news\/de\/wp-content\/uploads\/sites\/3\/2022\/04\/logo500x500.jpg","contentUrl":"http:\/\/just-now.news\/de\/wp-content\/uploads\/sites\/3\/2022\/04\/logo500x500.jpg","width":500,"height":500,"caption":"Just Now News"},"image":{"@id":"https:\/\/now-news.de\/de\/#\/schema\/logo\/image\/"},"sameAs":["https:\/\/www.facebook.com\/wirmachenauf","https:\/\/x.com\/WirMachenAuf_de"]},{"@type":"Person","@id":"https:\/\/now-news.de\/de\/#\/schema\/person\/fb534a4e865501d8b3285208df34a9b5","name":"rtnews","image":{"@type":"ImageObject","inLanguage":"de","@id":"https:\/\/now-news.de\/de\/#\/schema\/person\/image\/","url":"https:\/\/secure.gravatar.com\/avatar\/82aafea7d8127119dd649515f56e2117?s=96&d=mm&r=g","contentUrl":"https:\/\/secure.gravatar.com\/avatar\/82aafea7d8127119dd649515f56e2117?s=96&d=mm&r=g","caption":"rtnews"},"url":"https:\/\/now-news.de\/de\/author\/rnews\/"}]}},"_links":{"self":[{"href":"https:\/\/now-news.de\/de\/wp-json\/wp\/v2\/posts\/35988"}],"collection":[{"href":"https:\/\/now-news.de\/de\/wp-json\/wp\/v2\/posts"}],"about":[{"href":"https:\/\/now-news.de\/de\/wp-json\/wp\/v2\/types\/post"}],"author":[{"embeddable":true,"href":"https:\/\/now-news.de\/de\/wp-json\/wp\/v2\/users\/3"}],"replies":[{"embeddable":true,"href":"https:\/\/now-news.de\/de\/wp-json\/wp\/v2\/comments?post=35988"}],"version-history":[{"count":0,"href":"https:\/\/now-news.de\/de\/wp-json\/wp\/v2\/posts\/35988\/revisions"}],"wp:featuredmedia":[{"embeddable":true,"href":"https:\/\/now-news.de\/de\/wp-json\/wp\/v2\/media\/35989"}],"wp:attachment":[{"href":"https:\/\/now-news.de\/de\/wp-json\/wp\/v2\/media?parent=35988"}],"wp:term":[{"taxonomy":"category","embeddable":true,"href":"https:\/\/now-news.de\/de\/wp-json\/wp\/v2\/categories?post=35988"},{"taxonomy":"post_tag","embeddable":true,"href":"https:\/\/now-news.de\/de\/wp-json\/wp\/v2\/tags?post=35988"}],"curies":[{"name":"wp","href":"https:\/\/api.w.org\/{rel}","templated":true}]}}