{"id":3597,"date":"2022-04-26T08:45:57","date_gmt":"2022-04-26T09:45:57","guid":{"rendered":"http:\/\/just-now.news\/de\/deutschland\/nordkorea-will-atomwaffenprogramm-schneller-vorantreiben\/"},"modified":"2022-04-26T08:45:57","modified_gmt":"2022-04-26T09:45:57","slug":"nordkorea-will-atomwaffenprogramm-schneller-vorantreiben","status":"publish","type":"post","link":"https:\/\/now-news.de\/de\/deutschland\/nordkorea-will-atomwaffenprogramm-schneller-vorantreiben\/","title":{"rendered":"Nordkorea will Atomwaffenprogramm schneller vorantreiben"},"content":{"rendered":"<div class=\"Text-root Text-type_5 ArticleView-text ViewText-root \">\n<p>Der nordkoreanische Staatschef Kim Jong-un hat in seiner Rede w\u00e4hrend einer Milit\u00e4rparade am sp\u00e4ten Montagabend in Pj\u00f6ngjang einen rascheren Ausbau des Atomwaffenprogramms seines Landes angek\u00fcndigt. Die Nuklearf\u00e4higkeiten sollten mit dem schnellsten Tempo gest\u00e4rkt werden, wurde Kim am Dienstag von den einheimischen Medien zitiert. Die Regierung in Pj\u00f6ngjang werde ihr Bestes tun, um bereit zu sein, die Abschreckungskraft der Atomwaffen jederzeit einzusetzen. \u00a0\u00a0<\/p>\n<div class=\"ReadMore-root Section-root Section-is1to3-xs_is1to1\" data-widgets=\"ReadMore\" data-has-alias>\n<div class=\"Section-container Section-isRow-isTop-isWrap\">\n<article class=\"Card-root Card-is1to1 \">\n<div class=\"Card-imageWrap\">\n<div class=\"Card-picture\">\n<picture class=\"Picture-root Picture-default\"><!--[if IE 9]><video style=\"display: none;\"><![endif]--><source media=\"(-webkit-min-device-pixel-ratio: 2) and (min-resolution: 120dpi)\" data-srcset=\" \nhttps:\/\/cdni.russiatoday.com\/deutsch\/images\/2022.04\/thumbnail\/6251cdbc48fbef6d413e963d.jpg 850w,\n                https:\/\/cdni.russiatoday.com\/deutsch\/images\/2022.04\/article\/6251cdbc48fbef6d413e963c.jpg 1960w,\n            \" srcset=\"data:image\/png;base64,iVBORw0KGgoAAAANSUhEUgAAABAAAAAJCAQAAACRI2S5AAAAEElEQVR42mNkIAAYRxWAAQAG9gAKqv6+AwAAAABJRU5ErkJggg==\"><source data-srcset=\" \nhttps:\/\/cdni.russiatoday.com\/deutsch\/images\/2022.04\/thumbnail\/6251cdbc48fbef6d413e963d.jpg 460w,\n              https:\/\/cdni.russiatoday.com\/deutsch\/images\/2022.04\/article\/6251cdbc48fbef6d413e963c.jpg 980w,\n            \" srcset=\"data:image\/png;base64,iVBORw0KGgoAAAANSUhEUgAAABAAAAAJCAQAAACRI2S5AAAAEElEQVR42mNkIAAYRxWAAQAG9gAKqv6+AwAAAABJRU5ErkJggg==\"><!--[if IE 9]><\/video><![endif]--><\/source><\/source><\/picture><!-- noscript pattern --><noscript><img decoding=\"async\" src=\"https:\/\/cdni.russiatoday.com\/deutsch\/images\/2022.04\/article\/6251cdbc48fbef6d413e963c.jpg\" alt=\"Nordkorea beschuldigt USA, die Lage im Ukraine-Krieg zu versch\u00e4rfen\"><\/noscript>    <\/div><\/div>\n<div class=\"Card-contentWrap\">\n<div class=\"Card-content\">\n<div class=\"Card-title\">\n<div class=\"HeaderNews-root HeaderNews-type_6 \">\n<p>            <a target=\"_blank\" href=\"https:\/\/de.rt.com\/international\/135852-nordkorea-beschuldigt-usa-lage-im-ukraine-krieg-zu-verschaerfen\/\" class=\"Link-root Link-isFullCard \" rel=\"noopener\"><br \/>\n                Nordkorea beschuldigt USA, die Lage im Ukraine-Krieg zu versch\u00e4rfen<br \/>\n            <\/a><\/p><\/div><\/div><\/div><\/div>\n<\/article>\n<\/div><\/div>\n<p>Gleichzeitig warnte der Staatschef Nordkoreas, die Kriegsverhinderung sei zwar die wichtigste Funktion der Atomwaffen. Ihr Zweck bestehe aber nicht nur darin. Sie seien ein Instrument, das verschiedenen Zielen dienen k\u00f6nne. Kim warnte, alle feindseligen Kr\u00e4fte w\u00fcrden aufh\u00f6ren zu existieren, sobald sie die milit\u00e4rische Konfrontation mit Nordkorea suchten.<\/p>\n<p>Bei der Truppenschau im Zentrum der Hauptstadt wurden auch strategische Waffen einschlie\u00dflich der gr\u00f6\u00dften nordkoreanischen Interkontinentalrakete vom Typ Hwasongpho-17 vorgef\u00fchrt. Laut s\u00fcdkoreanischen Medienberichten waren daran ungef\u00e4hr 20.000 Soldaten beteiligt. Anlass f\u00fcr die Parade war der 90. Gr\u00fcndungstag der Koreanischen Revolution\u00e4ren Volksarmee (KPRA), die einst gegen die japanische Kolonialmacht gek\u00e4mpft hatten.<\/p>\n<p><strong>Mehr zum Thema<\/strong> &#8211; <a target=\"_blank\" href=\"https:\/\/de.rt.com\/asien\/133252-nordkorea-testet-erneut-rakete\/\" rel=\"noopener\">Nordkorea testet erneut Rakete<\/a><\/p>\n<p>(rt\/dpa)<\/p>\n<\/div>\n<p><br \/>\n<br \/><a href=\"https:\/\/de.rt.com\/asien\/137031-nordkorea-will-sein-atomwaffenprogramm-moeglichst-schnell-vorantreiben\/\">Source link <\/a><\/p>\n","protected":false},"excerpt":{"rendered":"<p>Der nordkoreanische Staatschef Kim Jong-un hat in seiner Rede w\u00e4hrend einer Milit\u00e4rparade am sp\u00e4ten Montagabend in Pj\u00f6ngjang einen rascheren Ausbau des Atomwaffenprogramms seines Landes angek\u00fcndigt. Die Nuklearf\u00e4higkeiten sollten mit dem schnellsten Tempo gest\u00e4rkt werden, wurde Kim am Dienstag von den einheimischen Medien zitiert. Die Regierung in Pj\u00f6ngjang werde ihr Bestes tun, um bereit zu sein, [&hellip;]<\/p>\n","protected":false},"author":3,"featured_media":3598,"comment_status":"open","ping_status":"open","sticky":false,"template":"","format":"standard","meta":{"wp_automatic_camp":["217"],"a3e3a60f9dec1893d48938357ab277d3":["Nordkorea will Atomwaffenprogramm schneller vorantreiben"],"original_link":["https:\/\/de.rt.com\/asien\/137031-nordkorea-will-sein-atomwaffenprogramm-moeglichst-schnell-vorantreiben\/"],"_thumbnail_id":["3598"],"wp_automatic_remove_first_image":["yes"],"jnews_social_counter_last_update":["1777196703"]},"categories":[19,23],"tags":[10408,10407,10409,10410],"yoast_head":"<!-- This site is optimized with the Yoast SEO Premium plugin v22.7 (Yoast SEO v22.7) - https:\/\/yoast.com\/wordpress\/plugins\/seo\/ -->\n<title>Nordkorea will Atomwaffenprogramm schneller vorantreiben - just-now.NEWS Deutschland<\/title>\n<meta name=\"robots\" content=\"index, follow, max-snippet:-1, max-image-preview:large, max-video-preview:-1\" \/>\n<link rel=\"canonical\" href=\"https:\/\/now-news.de\/de\/deutschland\/nordkorea-will-atomwaffenprogramm-schneller-vorantreiben\/\" \/>\n<meta property=\"og:locale\" content=\"de_DE\" \/>\n<meta property=\"og:type\" content=\"article\" \/>\n<meta property=\"og:title\" content=\"Nordkorea will Atomwaffenprogramm schneller vorantreiben\" \/>\n<meta property=\"og:description\" content=\"Der nordkoreanische Staatschef Kim Jong-un hat in seiner Rede w\u00e4hrend einer Milit\u00e4rparade am sp\u00e4ten Montagabend in Pj\u00f6ngjang einen rascheren Ausbau des Atomwaffenprogramms seines Landes angek\u00fcndigt. Die Nuklearf\u00e4higkeiten sollten mit dem schnellsten Tempo gest\u00e4rkt werden, wurde Kim am Dienstag von den einheimischen Medien zitiert. Die Regierung in Pj\u00f6ngjang werde ihr Bestes tun, um bereit zu sein, [&hellip;]\" \/>\n<meta property=\"og:url\" content=\"https:\/\/now-news.de\/de\/deutschland\/nordkorea-will-atomwaffenprogramm-schneller-vorantreiben\/\" \/>\n<meta property=\"og:site_name\" content=\"just-now.NEWS Deutschland\" \/>\n<meta property=\"article:publisher\" content=\"https:\/\/www.facebook.com\/wirmachenauf\" \/>\n<meta property=\"article:published_time\" content=\"2022-04-26T09:45:57+00:00\" \/>\n<meta property=\"og:image\" content=\"https:\/\/now-news.de\/de\/wp-content\/uploads\/sites\/3\/2022\/04\/Nordkorea-will-Atomwaffenprogramm-schneller-vorantreiben.jpg\" \/>\n\t<meta property=\"og:image:width\" content=\"1104\" \/>\n\t<meta property=\"og:image:height\" content=\"622\" \/>\n\t<meta property=\"og:image:type\" content=\"image\/jpeg\" \/>\n<meta name=\"author\" content=\"rtnews\" \/>\n<meta name=\"twitter:card\" content=\"summary_large_image\" \/>\n<meta name=\"twitter:creator\" content=\"@WirMachenAuf_de\" \/>\n<meta name=\"twitter:site\" content=\"@WirMachenAuf_de\" \/>\n<meta name=\"twitter:label1\" content=\"Verfasst von\" \/>\n\t<meta name=\"twitter:data1\" content=\"rtnews\" \/>\n\t<meta name=\"twitter:label2\" content=\"Gesch\u00e4tzte Lesezeit\" \/>\n\t<meta name=\"twitter:data2\" content=\"1\u00a0Minute\" \/>\n<script type=\"application\/ld+json\" class=\"yoast-schema-graph\">{\"@context\":\"https:\/\/schema.org\",\"@graph\":[{\"@type\":\"Article\",\"@id\":\"https:\/\/now-news.de\/de\/deutschland\/nordkorea-will-atomwaffenprogramm-schneller-vorantreiben\/#article\",\"isPartOf\":{\"@id\":\"https:\/\/now-news.de\/de\/deutschland\/nordkorea-will-atomwaffenprogramm-schneller-vorantreiben\/\"},\"author\":{\"name\":\"rtnews\",\"@id\":\"https:\/\/now-news.de\/de\/#\/schema\/person\/fb534a4e865501d8b3285208df34a9b5\"},\"headline\":\"Nordkorea will Atomwaffenprogramm schneller vorantreiben\",\"datePublished\":\"2022-04-26T09:45:57+00:00\",\"dateModified\":\"2022-04-26T09:45:57+00:00\",\"mainEntityOfPage\":{\"@id\":\"https:\/\/now-news.de\/de\/deutschland\/nordkorea-will-atomwaffenprogramm-schneller-vorantreiben\/\"},\"wordCount\":206,\"commentCount\":0,\"publisher\":{\"@id\":\"https:\/\/now-news.de\/de\/#organization\"},\"image\":{\"@id\":\"https:\/\/now-news.de\/de\/deutschland\/nordkorea-will-atomwaffenprogramm-schneller-vorantreiben\/#primaryimage\"},\"thumbnailUrl\":\"https:\/\/now-news.de\/de\/wp-content\/uploads\/sites\/3\/2022\/04\/Nordkorea-will-Atomwaffenprogramm-schneller-vorantreiben.jpg\",\"keywords\":[\"Atomwaffenprogramm\",\"Nordkorea\",\"schneller\",\"vorantreiben\"],\"articleSection\":[\"Deutschland\",\"Russland\"],\"inLanguage\":\"de\",\"potentialAction\":[{\"@type\":\"CommentAction\",\"name\":\"Comment\",\"target\":[\"https:\/\/now-news.de\/de\/deutschland\/nordkorea-will-atomwaffenprogramm-schneller-vorantreiben\/#respond\"]}]},{\"@type\":\"WebPage\",\"@id\":\"https:\/\/now-news.de\/de\/deutschland\/nordkorea-will-atomwaffenprogramm-schneller-vorantreiben\/\",\"url\":\"https:\/\/now-news.de\/de\/deutschland\/nordkorea-will-atomwaffenprogramm-schneller-vorantreiben\/\",\"name\":\"Nordkorea will Atomwaffenprogramm schneller vorantreiben - just-now.NEWS Deutschland\",\"isPartOf\":{\"@id\":\"https:\/\/now-news.de\/de\/#website\"},\"primaryImageOfPage\":{\"@id\":\"https:\/\/now-news.de\/de\/deutschland\/nordkorea-will-atomwaffenprogramm-schneller-vorantreiben\/#primaryimage\"},\"image\":{\"@id\":\"https:\/\/now-news.de\/de\/deutschland\/nordkorea-will-atomwaffenprogramm-schneller-vorantreiben\/#primaryimage\"},\"thumbnailUrl\":\"https:\/\/now-news.de\/de\/wp-content\/uploads\/sites\/3\/2022\/04\/Nordkorea-will-Atomwaffenprogramm-schneller-vorantreiben.jpg\",\"datePublished\":\"2022-04-26T09:45:57+00:00\",\"dateModified\":\"2022-04-26T09:45:57+00:00\",\"breadcrumb\":{\"@id\":\"https:\/\/now-news.de\/de\/deutschland\/nordkorea-will-atomwaffenprogramm-schneller-vorantreiben\/#breadcrumb\"},\"inLanguage\":\"de\",\"potentialAction\":[{\"@type\":\"ReadAction\",\"target\":[\"https:\/\/now-news.de\/de\/deutschland\/nordkorea-will-atomwaffenprogramm-schneller-vorantreiben\/\"]}]},{\"@type\":\"ImageObject\",\"inLanguage\":\"de\",\"@id\":\"https:\/\/now-news.de\/de\/deutschland\/nordkorea-will-atomwaffenprogramm-schneller-vorantreiben\/#primaryimage\",\"url\":\"https:\/\/now-news.de\/de\/wp-content\/uploads\/sites\/3\/2022\/04\/Nordkorea-will-Atomwaffenprogramm-schneller-vorantreiben.jpg\",\"contentUrl\":\"https:\/\/now-news.de\/de\/wp-content\/uploads\/sites\/3\/2022\/04\/Nordkorea-will-Atomwaffenprogramm-schneller-vorantreiben.jpg\",\"width\":1104,\"height\":622,\"caption\":\"Nordkorea will Atomwaffenprogramm schneller vorantreiben\"},{\"@type\":\"BreadcrumbList\",\"@id\":\"https:\/\/now-news.de\/de\/deutschland\/nordkorea-will-atomwaffenprogramm-schneller-vorantreiben\/#breadcrumb\",\"itemListElement\":[{\"@type\":\"ListItem\",\"position\":1,\"name\":\"Home\",\"item\":\"https:\/\/now-news.de\/de\/\"},{\"@type\":\"ListItem\",\"position\":2,\"name\":\"Nordkorea will Atomwaffenprogramm schneller vorantreiben\"}]},{\"@type\":\"WebSite\",\"@id\":\"https:\/\/now-news.de\/de\/#website\",\"url\":\"https:\/\/now-news.de\/de\/\",\"name\":\"just-now.NEWS Deutschland\",\"description\":\"Das Portal f\u00fcr unzensierte Nachrichten aus der Welt\",\"publisher\":{\"@id\":\"https:\/\/now-news.de\/de\/#organization\"},\"potentialAction\":[{\"@type\":\"SearchAction\",\"target\":{\"@type\":\"EntryPoint\",\"urlTemplate\":\"https:\/\/now-news.de\/de\/?s={search_term_string}\"},\"query-input\":\"required name=search_term_string\"}],\"inLanguage\":\"de\"},{\"@type\":\"Organization\",\"@id\":\"https:\/\/now-news.de\/de\/#organization\",\"name\":\"Just Now News\",\"url\":\"https:\/\/now-news.de\/de\/\",\"logo\":{\"@type\":\"ImageObject\",\"inLanguage\":\"de\",\"@id\":\"https:\/\/now-news.de\/de\/#\/schema\/logo\/image\/\",\"url\":\"http:\/\/just-now.news\/de\/wp-content\/uploads\/sites\/3\/2022\/04\/logo500x500.jpg\",\"contentUrl\":\"http:\/\/just-now.news\/de\/wp-content\/uploads\/sites\/3\/2022\/04\/logo500x500.jpg\",\"width\":500,\"height\":500,\"caption\":\"Just Now News\"},\"image\":{\"@id\":\"https:\/\/now-news.de\/de\/#\/schema\/logo\/image\/\"},\"sameAs\":[\"https:\/\/www.facebook.com\/wirmachenauf\",\"https:\/\/x.com\/WirMachenAuf_de\"]},{\"@type\":\"Person\",\"@id\":\"https:\/\/now-news.de\/de\/#\/schema\/person\/fb534a4e865501d8b3285208df34a9b5\",\"name\":\"rtnews\",\"image\":{\"@type\":\"ImageObject\",\"inLanguage\":\"de\",\"@id\":\"https:\/\/now-news.de\/de\/#\/schema\/person\/image\/\",\"url\":\"https:\/\/secure.gravatar.com\/avatar\/82aafea7d8127119dd649515f56e2117?s=96&d=mm&r=g\",\"contentUrl\":\"https:\/\/secure.gravatar.com\/avatar\/82aafea7d8127119dd649515f56e2117?s=96&d=mm&r=g\",\"caption\":\"rtnews\"},\"url\":\"https:\/\/now-news.de\/de\/author\/rnews\/\"}]}<\/script>\n<!-- \/ Yoast SEO Premium plugin. -->","yoast_head_json":{"title":"Nordkorea will Atomwaffenprogramm schneller vorantreiben - just-now.NEWS Deutschland","robots":{"index":"index","follow":"follow","max-snippet":"max-snippet:-1","max-image-preview":"max-image-preview:large","max-video-preview":"max-video-preview:-1"},"canonical":"https:\/\/now-news.de\/de\/deutschland\/nordkorea-will-atomwaffenprogramm-schneller-vorantreiben\/","og_locale":"de_DE","og_type":"article","og_title":"Nordkorea will Atomwaffenprogramm schneller vorantreiben","og_description":"Der nordkoreanische Staatschef Kim Jong-un hat in seiner Rede w\u00e4hrend einer Milit\u00e4rparade am sp\u00e4ten Montagabend in Pj\u00f6ngjang einen rascheren Ausbau des Atomwaffenprogramms seines Landes angek\u00fcndigt. Die Nuklearf\u00e4higkeiten sollten mit dem schnellsten Tempo gest\u00e4rkt werden, wurde Kim am Dienstag von den einheimischen Medien zitiert. Die Regierung in Pj\u00f6ngjang werde ihr Bestes tun, um bereit zu sein, [&hellip;]","og_url":"https:\/\/now-news.de\/de\/deutschland\/nordkorea-will-atomwaffenprogramm-schneller-vorantreiben\/","og_site_name":"just-now.NEWS Deutschland","article_publisher":"https:\/\/www.facebook.com\/wirmachenauf","article_published_time":"2022-04-26T09:45:57+00:00","og_image":[{"width":1104,"height":622,"url":"https:\/\/now-news.de\/de\/wp-content\/uploads\/sites\/3\/2022\/04\/Nordkorea-will-Atomwaffenprogramm-schneller-vorantreiben.jpg","type":"image\/jpeg"}],"author":"rtnews","twitter_card":"summary_large_image","twitter_creator":"@WirMachenAuf_de","twitter_site":"@WirMachenAuf_de","twitter_misc":{"Verfasst von":"rtnews","Gesch\u00e4tzte Lesezeit":"1\u00a0Minute"},"schema":{"@context":"https:\/\/schema.org","@graph":[{"@type":"Article","@id":"https:\/\/now-news.de\/de\/deutschland\/nordkorea-will-atomwaffenprogramm-schneller-vorantreiben\/#article","isPartOf":{"@id":"https:\/\/now-news.de\/de\/deutschland\/nordkorea-will-atomwaffenprogramm-schneller-vorantreiben\/"},"author":{"name":"rtnews","@id":"https:\/\/now-news.de\/de\/#\/schema\/person\/fb534a4e865501d8b3285208df34a9b5"},"headline":"Nordkorea will Atomwaffenprogramm schneller vorantreiben","datePublished":"2022-04-26T09:45:57+00:00","dateModified":"2022-04-26T09:45:57+00:00","mainEntityOfPage":{"@id":"https:\/\/now-news.de\/de\/deutschland\/nordkorea-will-atomwaffenprogramm-schneller-vorantreiben\/"},"wordCount":206,"commentCount":0,"publisher":{"@id":"https:\/\/now-news.de\/de\/#organization"},"image":{"@id":"https:\/\/now-news.de\/de\/deutschland\/nordkorea-will-atomwaffenprogramm-schneller-vorantreiben\/#primaryimage"},"thumbnailUrl":"https:\/\/now-news.de\/de\/wp-content\/uploads\/sites\/3\/2022\/04\/Nordkorea-will-Atomwaffenprogramm-schneller-vorantreiben.jpg","keywords":["Atomwaffenprogramm","Nordkorea","schneller","vorantreiben"],"articleSection":["Deutschland","Russland"],"inLanguage":"de","potentialAction":[{"@type":"CommentAction","name":"Comment","target":["https:\/\/now-news.de\/de\/deutschland\/nordkorea-will-atomwaffenprogramm-schneller-vorantreiben\/#respond"]}]},{"@type":"WebPage","@id":"https:\/\/now-news.de\/de\/deutschland\/nordkorea-will-atomwaffenprogramm-schneller-vorantreiben\/","url":"https:\/\/now-news.de\/de\/deutschland\/nordkorea-will-atomwaffenprogramm-schneller-vorantreiben\/","name":"Nordkorea will Atomwaffenprogramm schneller vorantreiben - just-now.NEWS Deutschland","isPartOf":{"@id":"https:\/\/now-news.de\/de\/#website"},"primaryImageOfPage":{"@id":"https:\/\/now-news.de\/de\/deutschland\/nordkorea-will-atomwaffenprogramm-schneller-vorantreiben\/#primaryimage"},"image":{"@id":"https:\/\/now-news.de\/de\/deutschland\/nordkorea-will-atomwaffenprogramm-schneller-vorantreiben\/#primaryimage"},"thumbnailUrl":"https:\/\/now-news.de\/de\/wp-content\/uploads\/sites\/3\/2022\/04\/Nordkorea-will-Atomwaffenprogramm-schneller-vorantreiben.jpg","datePublished":"2022-04-26T09:45:57+00:00","dateModified":"2022-04-26T09:45:57+00:00","breadcrumb":{"@id":"https:\/\/now-news.de\/de\/deutschland\/nordkorea-will-atomwaffenprogramm-schneller-vorantreiben\/#breadcrumb"},"inLanguage":"de","potentialAction":[{"@type":"ReadAction","target":["https:\/\/now-news.de\/de\/deutschland\/nordkorea-will-atomwaffenprogramm-schneller-vorantreiben\/"]}]},{"@type":"ImageObject","inLanguage":"de","@id":"https:\/\/now-news.de\/de\/deutschland\/nordkorea-will-atomwaffenprogramm-schneller-vorantreiben\/#primaryimage","url":"https:\/\/now-news.de\/de\/wp-content\/uploads\/sites\/3\/2022\/04\/Nordkorea-will-Atomwaffenprogramm-schneller-vorantreiben.jpg","contentUrl":"https:\/\/now-news.de\/de\/wp-content\/uploads\/sites\/3\/2022\/04\/Nordkorea-will-Atomwaffenprogramm-schneller-vorantreiben.jpg","width":1104,"height":622,"caption":"Nordkorea will Atomwaffenprogramm schneller vorantreiben"},{"@type":"BreadcrumbList","@id":"https:\/\/now-news.de\/de\/deutschland\/nordkorea-will-atomwaffenprogramm-schneller-vorantreiben\/#breadcrumb","itemListElement":[{"@type":"ListItem","position":1,"name":"Home","item":"https:\/\/now-news.de\/de\/"},{"@type":"ListItem","position":2,"name":"Nordkorea will Atomwaffenprogramm schneller vorantreiben"}]},{"@type":"WebSite","@id":"https:\/\/now-news.de\/de\/#website","url":"https:\/\/now-news.de\/de\/","name":"just-now.NEWS Deutschland","description":"Das Portal f\u00fcr unzensierte Nachrichten aus der Welt","publisher":{"@id":"https:\/\/now-news.de\/de\/#organization"},"potentialAction":[{"@type":"SearchAction","target":{"@type":"EntryPoint","urlTemplate":"https:\/\/now-news.de\/de\/?s={search_term_string}"},"query-input":"required name=search_term_string"}],"inLanguage":"de"},{"@type":"Organization","@id":"https:\/\/now-news.de\/de\/#organization","name":"Just Now News","url":"https:\/\/now-news.de\/de\/","logo":{"@type":"ImageObject","inLanguage":"de","@id":"https:\/\/now-news.de\/de\/#\/schema\/logo\/image\/","url":"http:\/\/just-now.news\/de\/wp-content\/uploads\/sites\/3\/2022\/04\/logo500x500.jpg","contentUrl":"http:\/\/just-now.news\/de\/wp-content\/uploads\/sites\/3\/2022\/04\/logo500x500.jpg","width":500,"height":500,"caption":"Just Now News"},"image":{"@id":"https:\/\/now-news.de\/de\/#\/schema\/logo\/image\/"},"sameAs":["https:\/\/www.facebook.com\/wirmachenauf","https:\/\/x.com\/WirMachenAuf_de"]},{"@type":"Person","@id":"https:\/\/now-news.de\/de\/#\/schema\/person\/fb534a4e865501d8b3285208df34a9b5","name":"rtnews","image":{"@type":"ImageObject","inLanguage":"de","@id":"https:\/\/now-news.de\/de\/#\/schema\/person\/image\/","url":"https:\/\/secure.gravatar.com\/avatar\/82aafea7d8127119dd649515f56e2117?s=96&d=mm&r=g","contentUrl":"https:\/\/secure.gravatar.com\/avatar\/82aafea7d8127119dd649515f56e2117?s=96&d=mm&r=g","caption":"rtnews"},"url":"https:\/\/now-news.de\/de\/author\/rnews\/"}]}},"_links":{"self":[{"href":"https:\/\/now-news.de\/de\/wp-json\/wp\/v2\/posts\/3597"}],"collection":[{"href":"https:\/\/now-news.de\/de\/wp-json\/wp\/v2\/posts"}],"about":[{"href":"https:\/\/now-news.de\/de\/wp-json\/wp\/v2\/types\/post"}],"author":[{"embeddable":true,"href":"https:\/\/now-news.de\/de\/wp-json\/wp\/v2\/users\/3"}],"replies":[{"embeddable":true,"href":"https:\/\/now-news.de\/de\/wp-json\/wp\/v2\/comments?post=3597"}],"version-history":[{"count":0,"href":"https:\/\/now-news.de\/de\/wp-json\/wp\/v2\/posts\/3597\/revisions"}],"wp:featuredmedia":[{"embeddable":true,"href":"https:\/\/now-news.de\/de\/wp-json\/wp\/v2\/media\/3598"}],"wp:attachment":[{"href":"https:\/\/now-news.de\/de\/wp-json\/wp\/v2\/media?parent=3597"}],"wp:term":[{"taxonomy":"category","embeddable":true,"href":"https:\/\/now-news.de\/de\/wp-json\/wp\/v2\/categories?post=3597"},{"taxonomy":"post_tag","embeddable":true,"href":"https:\/\/now-news.de\/de\/wp-json\/wp\/v2\/tags?post=3597"}],"curies":[{"name":"wp","href":"https:\/\/api.w.org\/{rel}","templated":true}]}}