{"id":35909,"date":"2023-05-12T11:24:07","date_gmt":"2023-05-12T09:24:07","guid":{"rendered":"https:\/\/just-now.news\/de\/deutschland\/medienbericht-polnische-staatsanwaltschaft-ermittelt-gegen-gerhard-schroeder\/"},"modified":"2023-05-12T11:24:07","modified_gmt":"2023-05-12T09:24:07","slug":"medienbericht-polnische-staatsanwaltschaft-ermittelt-gegen-gerhard-schroeder","status":"publish","type":"post","link":"https:\/\/now-news.de\/de\/deutschland\/medienbericht-polnische-staatsanwaltschaft-ermittelt-gegen-gerhard-schroeder\/","title":{"rendered":"Medienbericht: Polnische Staatsanwaltschaft ermittelt gegen Gerhard Schr\u00f6der"},"content":{"rendered":"<p><img decoding=\"async\" src=\"http:\/\/just-now.news\/de\/wp-content\/uploads\/sites\/3\/2023\/05\/645e0037b480cc26e7574185.jpg\" \/><\/p>\n<div class=\"Text-root Text-type_1 \">\n                Wie der polnische Radiosender &#8220;RMF&#8221; am Donnerstagabend unter Berufung auf nicht n\u00e4her genannte Quellen berichtet hat, untersucht die polnische Staatsanwaltschaft die Rolle von Ex-Kanzler Gerhard Schr\u00f6der &#8220;bei der Vorbereitung des russischen Angriffskrieges gegen die Ukraine&#8221;.\n            <\/div>\n<p><\/p>\n<div class=\"Text-root Text-type_5 ArticleView-text ViewText-root \">\n<p>Einem Bericht des polnischen Radiosenders <em>RMF<\/em> zufolge besch\u00e4ftigt sich die polnische Staatsanwaltschaft mit der &#8220;Rolle&#8221; des Ex-Bundeskanzlers Gerhard Schr\u00f6der &#8220;bei der Vorbereitung des russischen Angriffskrieges gegen die Ukraine&#8221;.<\/p>\n<p>Laut den Informationen, die auf namentlich nicht genannten Quellen beruhen, untersucht die Abteilung f\u00fcr Organisierte Kriminalit\u00e4t und Korruption auch, ob Schr\u00f6der seine T\u00e4tigkeiten in russischen Energiekonzernen genutzt habe, &#8220;um Druck auf die EU und die Ukraine auszu\u00fcben&#8221;.<\/p>\n<p>Der Sender berichtete, dass die polnische Staatsanwaltschaft einen Hinweis bekommen haben soll, dass Schr\u00f6der wom\u00f6glich eine Straftat begangen haben k\u00f6nnte. Polen f\u00fchre das Verfahren in Absprache mit der Ukraine, hie\u00df es weiter.<\/p>\n<p>Ex-Bundeskanzler Schr\u00f6der geriet diese Woche erneut in die Kritik der deutschen Mainstreammedien, nachdem er am 9. Mai der Einladung in die russische Botschaft in Berlin zum Tag des Sieges \u00fcber den Nazi-Deutschland gefolgt war.<\/p>\n<p>Schon zuvor im M\u00e4rz gab es gegen\u00fcber Schr\u00f6der harsche Worte aus Warschau. Der polnische Ministerpr\u00e4sident Mateusz Morawiecki warf dem Altkanzler bei einer Rede an der Universit\u00e4t Heidelberg vor, &#8220;er habe mit seiner russlandfreundlichen Politik ganz Europa gef\u00e4hrdet&#8221;.<\/p>\n<p>Leute wie Schr\u00f6der h\u00e4tten Europa von Russland abh\u00e4ngig gemacht und den ganzen Kontinent in existenzielle Gefahr gebracht, hatte Morawiecki in seiner Rede erkl\u00e4rt.<\/p>\n<p>Anfang\u00a0M\u00e4rz war gegen Schr\u00f6der bei der Staatsanwaltschaft Hannover eine Strafanzeige eingegangen. In der Anzeige geht es um &#8220;Verbrechen gegen die Menschlichkeit&#8221; im Zusammenhang mit dem Ukraine-Konflikt.<\/p>\n<p>Die Akten sollen laut Medienberichten an den Generalbundesanwalt beim Bundesgerichtshof in Karlsruhe weitergeleitet worden sein.<\/p>\n<p><strong>Mehr zum Thema<\/strong> \u2013 <a rel=\"nofollow noopener\" target=\"_blank\" href=\"https:\/\/freeassange.rtde.life\/meinung\/169706-geschichtsrevisionismus-made-in-germany\/\">Geschichtsrevisionismus made in Germany<\/a><\/p>\n<\/p>\n<\/div>\n<p><br \/>\n<br \/><a href=\"https:\/\/de.rt.com\/international\/169900-medienbericht-polnische-staatsanwaltschaft-ermittelt-gegen-gerhard-schroeder\/\">Source link <\/a><\/p>\n","protected":false},"excerpt":{"rendered":"<p>Wie der polnische Radiosender &#8220;RMF&#8221; am Donnerstagabend unter Berufung auf nicht n\u00e4her genannte Quellen berichtet hat, untersucht die polnische Staatsanwaltschaft die Rolle von Ex-Kanzler Gerhard Schr\u00f6der &#8220;bei der Vorbereitung des russischen Angriffskrieges gegen die Ukraine&#8221;. Einem Bericht des polnischen Radiosenders RMF zufolge besch\u00e4ftigt sich die polnische Staatsanwaltschaft mit der &#8220;Rolle&#8221; des Ex-Bundeskanzlers Gerhard Schr\u00f6der &#8220;bei [&hellip;]<\/p>\n","protected":false},"author":3,"featured_media":35910,"comment_status":"open","ping_status":"open","sticky":false,"template":"","format":"standard","meta":{"_yoast_indexnow_last_ping":["1683883679"],"wp_automatic_camp":["217"],"8692b4fd71d5514324d270e6091e4d90":["Medienbericht: Polnische Staatsanwaltschaft ermittelt gegen Gerhard Schr\u00f6der"],"original_link":["https:\/\/de.rt.com\/international\/169900-medienbericht-polnische-staatsanwaltschaft-ermittelt-gegen-gerhard-schroeder\/"],"_thumbnail_id":["35910"],"_wptgpro_p2tg_sent2tg":["a:1:{i:23737;s:19:\"2023-05-12 11:29:00\";}"],"jnews_social_counter_last_update":["1777261564"]},"categories":[19,23],"tags":[19038,278,13154,869,32076,8961,20823],"yoast_head":"<!-- This site is optimized with the Yoast SEO Premium plugin v22.7 (Yoast SEO v22.7) - https:\/\/yoast.com\/wordpress\/plugins\/seo\/ -->\n<title>Medienbericht: Polnische Staatsanwaltschaft ermittelt gegen Gerhard Schr\u00f6der - just-now.NEWS Deutschland<\/title>\n<meta name=\"robots\" content=\"index, follow, max-snippet:-1, max-image-preview:large, max-video-preview:-1\" \/>\n<link rel=\"canonical\" href=\"https:\/\/now-news.de\/de\/deutschland\/medienbericht-polnische-staatsanwaltschaft-ermittelt-gegen-gerhard-schroeder\/\" \/>\n<meta property=\"og:locale\" content=\"de_DE\" \/>\n<meta property=\"og:type\" content=\"article\" \/>\n<meta property=\"og:title\" content=\"Medienbericht: Polnische Staatsanwaltschaft ermittelt gegen Gerhard Schr\u00f6der\" \/>\n<meta property=\"og:description\" content=\"Wie der polnische Radiosender &#8220;RMF&#8221; am Donnerstagabend unter Berufung auf nicht n\u00e4her genannte Quellen berichtet hat, untersucht die polnische Staatsanwaltschaft die Rolle von Ex-Kanzler Gerhard Schr\u00f6der &#8220;bei der Vorbereitung des russischen Angriffskrieges gegen die Ukraine&#8221;. Einem Bericht des polnischen Radiosenders RMF zufolge besch\u00e4ftigt sich die polnische Staatsanwaltschaft mit der &#8220;Rolle&#8221; des Ex-Bundeskanzlers Gerhard Schr\u00f6der &#8220;bei [&hellip;]\" \/>\n<meta property=\"og:url\" content=\"https:\/\/now-news.de\/de\/deutschland\/medienbericht-polnische-staatsanwaltschaft-ermittelt-gegen-gerhard-schroeder\/\" \/>\n<meta property=\"og:site_name\" content=\"just-now.NEWS Deutschland\" \/>\n<meta property=\"article:publisher\" content=\"https:\/\/www.facebook.com\/wirmachenauf\" \/>\n<meta property=\"article:published_time\" content=\"2023-05-12T09:24:07+00:00\" \/>\n<meta property=\"og:image\" content=\"https:\/\/now-news.de\/de\/wp-content\/uploads\/sites\/3\/2023\/05\/Medienbericht-Polnische-Staatsanwaltschaft-ermittelt-gegen-Gerhard-Schroeder.jpg\" \/>\n\t<meta property=\"og:image:width\" content=\"460\" \/>\n\t<meta property=\"og:image:height\" content=\"259\" \/>\n\t<meta property=\"og:image:type\" content=\"image\/jpeg\" \/>\n<meta name=\"author\" content=\"rtnews\" \/>\n<meta name=\"twitter:card\" content=\"summary_large_image\" \/>\n<meta name=\"twitter:creator\" content=\"@WirMachenAuf_de\" \/>\n<meta name=\"twitter:site\" content=\"@WirMachenAuf_de\" \/>\n<meta name=\"twitter:label1\" content=\"Verfasst von\" \/>\n\t<meta name=\"twitter:data1\" content=\"rtnews\" \/>\n\t<meta name=\"twitter:label2\" content=\"Gesch\u00e4tzte Lesezeit\" \/>\n\t<meta name=\"twitter:data2\" content=\"2\u00a0Minuten\" \/>\n<script type=\"application\/ld+json\" class=\"yoast-schema-graph\">{\"@context\":\"https:\/\/schema.org\",\"@graph\":[{\"@type\":\"Article\",\"@id\":\"https:\/\/now-news.de\/de\/deutschland\/medienbericht-polnische-staatsanwaltschaft-ermittelt-gegen-gerhard-schroeder\/#article\",\"isPartOf\":{\"@id\":\"https:\/\/now-news.de\/de\/deutschland\/medienbericht-polnische-staatsanwaltschaft-ermittelt-gegen-gerhard-schroeder\/\"},\"author\":{\"name\":\"rtnews\",\"@id\":\"https:\/\/now-news.de\/de\/#\/schema\/person\/fb534a4e865501d8b3285208df34a9b5\"},\"headline\":\"Medienbericht: Polnische Staatsanwaltschaft ermittelt gegen Gerhard Schr\u00f6der\",\"datePublished\":\"2023-05-12T09:24:07+00:00\",\"dateModified\":\"2023-05-12T09:24:07+00:00\",\"mainEntityOfPage\":{\"@id\":\"https:\/\/now-news.de\/de\/deutschland\/medienbericht-polnische-staatsanwaltschaft-ermittelt-gegen-gerhard-schroeder\/\"},\"wordCount\":311,\"commentCount\":0,\"publisher\":{\"@id\":\"https:\/\/now-news.de\/de\/#organization\"},\"image\":{\"@id\":\"https:\/\/now-news.de\/de\/deutschland\/medienbericht-polnische-staatsanwaltschaft-ermittelt-gegen-gerhard-schroeder\/#primaryimage\"},\"thumbnailUrl\":\"https:\/\/now-news.de\/de\/wp-content\/uploads\/sites\/3\/2023\/05\/Medienbericht-Polnische-Staatsanwaltschaft-ermittelt-gegen-Gerhard-Schroeder.jpg\",\"keywords\":[\"ermittelt\",\"gegen\",\"Gerhard\",\"Medienbericht\",\"Polnische\",\"Schr\u00f6der\",\"Staatsanwaltschaft\"],\"articleSection\":[\"Deutschland\",\"Russland\"],\"inLanguage\":\"de\",\"potentialAction\":[{\"@type\":\"CommentAction\",\"name\":\"Comment\",\"target\":[\"https:\/\/now-news.de\/de\/deutschland\/medienbericht-polnische-staatsanwaltschaft-ermittelt-gegen-gerhard-schroeder\/#respond\"]}]},{\"@type\":\"WebPage\",\"@id\":\"https:\/\/now-news.de\/de\/deutschland\/medienbericht-polnische-staatsanwaltschaft-ermittelt-gegen-gerhard-schroeder\/\",\"url\":\"https:\/\/now-news.de\/de\/deutschland\/medienbericht-polnische-staatsanwaltschaft-ermittelt-gegen-gerhard-schroeder\/\",\"name\":\"Medienbericht: Polnische Staatsanwaltschaft ermittelt gegen Gerhard Schr\u00f6der - just-now.NEWS Deutschland\",\"isPartOf\":{\"@id\":\"https:\/\/now-news.de\/de\/#website\"},\"primaryImageOfPage\":{\"@id\":\"https:\/\/now-news.de\/de\/deutschland\/medienbericht-polnische-staatsanwaltschaft-ermittelt-gegen-gerhard-schroeder\/#primaryimage\"},\"image\":{\"@id\":\"https:\/\/now-news.de\/de\/deutschland\/medienbericht-polnische-staatsanwaltschaft-ermittelt-gegen-gerhard-schroeder\/#primaryimage\"},\"thumbnailUrl\":\"https:\/\/now-news.de\/de\/wp-content\/uploads\/sites\/3\/2023\/05\/Medienbericht-Polnische-Staatsanwaltschaft-ermittelt-gegen-Gerhard-Schroeder.jpg\",\"datePublished\":\"2023-05-12T09:24:07+00:00\",\"dateModified\":\"2023-05-12T09:24:07+00:00\",\"breadcrumb\":{\"@id\":\"https:\/\/now-news.de\/de\/deutschland\/medienbericht-polnische-staatsanwaltschaft-ermittelt-gegen-gerhard-schroeder\/#breadcrumb\"},\"inLanguage\":\"de\",\"potentialAction\":[{\"@type\":\"ReadAction\",\"target\":[\"https:\/\/now-news.de\/de\/deutschland\/medienbericht-polnische-staatsanwaltschaft-ermittelt-gegen-gerhard-schroeder\/\"]}]},{\"@type\":\"ImageObject\",\"inLanguage\":\"de\",\"@id\":\"https:\/\/now-news.de\/de\/deutschland\/medienbericht-polnische-staatsanwaltschaft-ermittelt-gegen-gerhard-schroeder\/#primaryimage\",\"url\":\"https:\/\/now-news.de\/de\/wp-content\/uploads\/sites\/3\/2023\/05\/Medienbericht-Polnische-Staatsanwaltschaft-ermittelt-gegen-Gerhard-Schroeder.jpg\",\"contentUrl\":\"https:\/\/now-news.de\/de\/wp-content\/uploads\/sites\/3\/2023\/05\/Medienbericht-Polnische-Staatsanwaltschaft-ermittelt-gegen-Gerhard-Schroeder.jpg\",\"width\":460,\"height\":259,\"caption\":\"Medienbericht: Polnische Staatsanwaltschaft ermittelt gegen Gerhard Schr\u00f6der\"},{\"@type\":\"BreadcrumbList\",\"@id\":\"https:\/\/now-news.de\/de\/deutschland\/medienbericht-polnische-staatsanwaltschaft-ermittelt-gegen-gerhard-schroeder\/#breadcrumb\",\"itemListElement\":[{\"@type\":\"ListItem\",\"position\":1,\"name\":\"Home\",\"item\":\"https:\/\/now-news.de\/de\/\"},{\"@type\":\"ListItem\",\"position\":2,\"name\":\"Medienbericht: Polnische Staatsanwaltschaft ermittelt gegen Gerhard Schr\u00f6der\"}]},{\"@type\":\"WebSite\",\"@id\":\"https:\/\/now-news.de\/de\/#website\",\"url\":\"https:\/\/now-news.de\/de\/\",\"name\":\"just-now.NEWS Deutschland\",\"description\":\"Das Portal f\u00fcr unzensierte Nachrichten aus der Welt\",\"publisher\":{\"@id\":\"https:\/\/now-news.de\/de\/#organization\"},\"potentialAction\":[{\"@type\":\"SearchAction\",\"target\":{\"@type\":\"EntryPoint\",\"urlTemplate\":\"https:\/\/now-news.de\/de\/?s={search_term_string}\"},\"query-input\":\"required name=search_term_string\"}],\"inLanguage\":\"de\"},{\"@type\":\"Organization\",\"@id\":\"https:\/\/now-news.de\/de\/#organization\",\"name\":\"Just Now News\",\"url\":\"https:\/\/now-news.de\/de\/\",\"logo\":{\"@type\":\"ImageObject\",\"inLanguage\":\"de\",\"@id\":\"https:\/\/now-news.de\/de\/#\/schema\/logo\/image\/\",\"url\":\"http:\/\/just-now.news\/de\/wp-content\/uploads\/sites\/3\/2022\/04\/logo500x500.jpg\",\"contentUrl\":\"http:\/\/just-now.news\/de\/wp-content\/uploads\/sites\/3\/2022\/04\/logo500x500.jpg\",\"width\":500,\"height\":500,\"caption\":\"Just Now News\"},\"image\":{\"@id\":\"https:\/\/now-news.de\/de\/#\/schema\/logo\/image\/\"},\"sameAs\":[\"https:\/\/www.facebook.com\/wirmachenauf\",\"https:\/\/x.com\/WirMachenAuf_de\"]},{\"@type\":\"Person\",\"@id\":\"https:\/\/now-news.de\/de\/#\/schema\/person\/fb534a4e865501d8b3285208df34a9b5\",\"name\":\"rtnews\",\"image\":{\"@type\":\"ImageObject\",\"inLanguage\":\"de\",\"@id\":\"https:\/\/now-news.de\/de\/#\/schema\/person\/image\/\",\"url\":\"https:\/\/secure.gravatar.com\/avatar\/82aafea7d8127119dd649515f56e2117?s=96&d=mm&r=g\",\"contentUrl\":\"https:\/\/secure.gravatar.com\/avatar\/82aafea7d8127119dd649515f56e2117?s=96&d=mm&r=g\",\"caption\":\"rtnews\"},\"url\":\"https:\/\/now-news.de\/de\/author\/rnews\/\"}]}<\/script>\n<!-- \/ Yoast SEO Premium plugin. -->","yoast_head_json":{"title":"Medienbericht: Polnische Staatsanwaltschaft ermittelt gegen Gerhard Schr\u00f6der - just-now.NEWS Deutschland","robots":{"index":"index","follow":"follow","max-snippet":"max-snippet:-1","max-image-preview":"max-image-preview:large","max-video-preview":"max-video-preview:-1"},"canonical":"https:\/\/now-news.de\/de\/deutschland\/medienbericht-polnische-staatsanwaltschaft-ermittelt-gegen-gerhard-schroeder\/","og_locale":"de_DE","og_type":"article","og_title":"Medienbericht: Polnische Staatsanwaltschaft ermittelt gegen Gerhard Schr\u00f6der","og_description":"Wie der polnische Radiosender &#8220;RMF&#8221; am Donnerstagabend unter Berufung auf nicht n\u00e4her genannte Quellen berichtet hat, untersucht die polnische Staatsanwaltschaft die Rolle von Ex-Kanzler Gerhard Schr\u00f6der &#8220;bei der Vorbereitung des russischen Angriffskrieges gegen die Ukraine&#8221;. Einem Bericht des polnischen Radiosenders RMF zufolge besch\u00e4ftigt sich die polnische Staatsanwaltschaft mit der &#8220;Rolle&#8221; des Ex-Bundeskanzlers Gerhard Schr\u00f6der &#8220;bei [&hellip;]","og_url":"https:\/\/now-news.de\/de\/deutschland\/medienbericht-polnische-staatsanwaltschaft-ermittelt-gegen-gerhard-schroeder\/","og_site_name":"just-now.NEWS Deutschland","article_publisher":"https:\/\/www.facebook.com\/wirmachenauf","article_published_time":"2023-05-12T09:24:07+00:00","og_image":[{"width":460,"height":259,"url":"https:\/\/now-news.de\/de\/wp-content\/uploads\/sites\/3\/2023\/05\/Medienbericht-Polnische-Staatsanwaltschaft-ermittelt-gegen-Gerhard-Schroeder.jpg","type":"image\/jpeg"}],"author":"rtnews","twitter_card":"summary_large_image","twitter_creator":"@WirMachenAuf_de","twitter_site":"@WirMachenAuf_de","twitter_misc":{"Verfasst von":"rtnews","Gesch\u00e4tzte Lesezeit":"2\u00a0Minuten"},"schema":{"@context":"https:\/\/schema.org","@graph":[{"@type":"Article","@id":"https:\/\/now-news.de\/de\/deutschland\/medienbericht-polnische-staatsanwaltschaft-ermittelt-gegen-gerhard-schroeder\/#article","isPartOf":{"@id":"https:\/\/now-news.de\/de\/deutschland\/medienbericht-polnische-staatsanwaltschaft-ermittelt-gegen-gerhard-schroeder\/"},"author":{"name":"rtnews","@id":"https:\/\/now-news.de\/de\/#\/schema\/person\/fb534a4e865501d8b3285208df34a9b5"},"headline":"Medienbericht: Polnische Staatsanwaltschaft ermittelt gegen Gerhard Schr\u00f6der","datePublished":"2023-05-12T09:24:07+00:00","dateModified":"2023-05-12T09:24:07+00:00","mainEntityOfPage":{"@id":"https:\/\/now-news.de\/de\/deutschland\/medienbericht-polnische-staatsanwaltschaft-ermittelt-gegen-gerhard-schroeder\/"},"wordCount":311,"commentCount":0,"publisher":{"@id":"https:\/\/now-news.de\/de\/#organization"},"image":{"@id":"https:\/\/now-news.de\/de\/deutschland\/medienbericht-polnische-staatsanwaltschaft-ermittelt-gegen-gerhard-schroeder\/#primaryimage"},"thumbnailUrl":"https:\/\/now-news.de\/de\/wp-content\/uploads\/sites\/3\/2023\/05\/Medienbericht-Polnische-Staatsanwaltschaft-ermittelt-gegen-Gerhard-Schroeder.jpg","keywords":["ermittelt","gegen","Gerhard","Medienbericht","Polnische","Schr\u00f6der","Staatsanwaltschaft"],"articleSection":["Deutschland","Russland"],"inLanguage":"de","potentialAction":[{"@type":"CommentAction","name":"Comment","target":["https:\/\/now-news.de\/de\/deutschland\/medienbericht-polnische-staatsanwaltschaft-ermittelt-gegen-gerhard-schroeder\/#respond"]}]},{"@type":"WebPage","@id":"https:\/\/now-news.de\/de\/deutschland\/medienbericht-polnische-staatsanwaltschaft-ermittelt-gegen-gerhard-schroeder\/","url":"https:\/\/now-news.de\/de\/deutschland\/medienbericht-polnische-staatsanwaltschaft-ermittelt-gegen-gerhard-schroeder\/","name":"Medienbericht: Polnische Staatsanwaltschaft ermittelt gegen Gerhard Schr\u00f6der - just-now.NEWS Deutschland","isPartOf":{"@id":"https:\/\/now-news.de\/de\/#website"},"primaryImageOfPage":{"@id":"https:\/\/now-news.de\/de\/deutschland\/medienbericht-polnische-staatsanwaltschaft-ermittelt-gegen-gerhard-schroeder\/#primaryimage"},"image":{"@id":"https:\/\/now-news.de\/de\/deutschland\/medienbericht-polnische-staatsanwaltschaft-ermittelt-gegen-gerhard-schroeder\/#primaryimage"},"thumbnailUrl":"https:\/\/now-news.de\/de\/wp-content\/uploads\/sites\/3\/2023\/05\/Medienbericht-Polnische-Staatsanwaltschaft-ermittelt-gegen-Gerhard-Schroeder.jpg","datePublished":"2023-05-12T09:24:07+00:00","dateModified":"2023-05-12T09:24:07+00:00","breadcrumb":{"@id":"https:\/\/now-news.de\/de\/deutschland\/medienbericht-polnische-staatsanwaltschaft-ermittelt-gegen-gerhard-schroeder\/#breadcrumb"},"inLanguage":"de","potentialAction":[{"@type":"ReadAction","target":["https:\/\/now-news.de\/de\/deutschland\/medienbericht-polnische-staatsanwaltschaft-ermittelt-gegen-gerhard-schroeder\/"]}]},{"@type":"ImageObject","inLanguage":"de","@id":"https:\/\/now-news.de\/de\/deutschland\/medienbericht-polnische-staatsanwaltschaft-ermittelt-gegen-gerhard-schroeder\/#primaryimage","url":"https:\/\/now-news.de\/de\/wp-content\/uploads\/sites\/3\/2023\/05\/Medienbericht-Polnische-Staatsanwaltschaft-ermittelt-gegen-Gerhard-Schroeder.jpg","contentUrl":"https:\/\/now-news.de\/de\/wp-content\/uploads\/sites\/3\/2023\/05\/Medienbericht-Polnische-Staatsanwaltschaft-ermittelt-gegen-Gerhard-Schroeder.jpg","width":460,"height":259,"caption":"Medienbericht: Polnische Staatsanwaltschaft ermittelt gegen Gerhard Schr\u00f6der"},{"@type":"BreadcrumbList","@id":"https:\/\/now-news.de\/de\/deutschland\/medienbericht-polnische-staatsanwaltschaft-ermittelt-gegen-gerhard-schroeder\/#breadcrumb","itemListElement":[{"@type":"ListItem","position":1,"name":"Home","item":"https:\/\/now-news.de\/de\/"},{"@type":"ListItem","position":2,"name":"Medienbericht: Polnische Staatsanwaltschaft ermittelt gegen Gerhard Schr\u00f6der"}]},{"@type":"WebSite","@id":"https:\/\/now-news.de\/de\/#website","url":"https:\/\/now-news.de\/de\/","name":"just-now.NEWS Deutschland","description":"Das Portal f\u00fcr unzensierte Nachrichten aus der Welt","publisher":{"@id":"https:\/\/now-news.de\/de\/#organization"},"potentialAction":[{"@type":"SearchAction","target":{"@type":"EntryPoint","urlTemplate":"https:\/\/now-news.de\/de\/?s={search_term_string}"},"query-input":"required name=search_term_string"}],"inLanguage":"de"},{"@type":"Organization","@id":"https:\/\/now-news.de\/de\/#organization","name":"Just Now News","url":"https:\/\/now-news.de\/de\/","logo":{"@type":"ImageObject","inLanguage":"de","@id":"https:\/\/now-news.de\/de\/#\/schema\/logo\/image\/","url":"http:\/\/just-now.news\/de\/wp-content\/uploads\/sites\/3\/2022\/04\/logo500x500.jpg","contentUrl":"http:\/\/just-now.news\/de\/wp-content\/uploads\/sites\/3\/2022\/04\/logo500x500.jpg","width":500,"height":500,"caption":"Just Now News"},"image":{"@id":"https:\/\/now-news.de\/de\/#\/schema\/logo\/image\/"},"sameAs":["https:\/\/www.facebook.com\/wirmachenauf","https:\/\/x.com\/WirMachenAuf_de"]},{"@type":"Person","@id":"https:\/\/now-news.de\/de\/#\/schema\/person\/fb534a4e865501d8b3285208df34a9b5","name":"rtnews","image":{"@type":"ImageObject","inLanguage":"de","@id":"https:\/\/now-news.de\/de\/#\/schema\/person\/image\/","url":"https:\/\/secure.gravatar.com\/avatar\/82aafea7d8127119dd649515f56e2117?s=96&d=mm&r=g","contentUrl":"https:\/\/secure.gravatar.com\/avatar\/82aafea7d8127119dd649515f56e2117?s=96&d=mm&r=g","caption":"rtnews"},"url":"https:\/\/now-news.de\/de\/author\/rnews\/"}]}},"_links":{"self":[{"href":"https:\/\/now-news.de\/de\/wp-json\/wp\/v2\/posts\/35909"}],"collection":[{"href":"https:\/\/now-news.de\/de\/wp-json\/wp\/v2\/posts"}],"about":[{"href":"https:\/\/now-news.de\/de\/wp-json\/wp\/v2\/types\/post"}],"author":[{"embeddable":true,"href":"https:\/\/now-news.de\/de\/wp-json\/wp\/v2\/users\/3"}],"replies":[{"embeddable":true,"href":"https:\/\/now-news.de\/de\/wp-json\/wp\/v2\/comments?post=35909"}],"version-history":[{"count":0,"href":"https:\/\/now-news.de\/de\/wp-json\/wp\/v2\/posts\/35909\/revisions"}],"wp:featuredmedia":[{"embeddable":true,"href":"https:\/\/now-news.de\/de\/wp-json\/wp\/v2\/media\/35910"}],"wp:attachment":[{"href":"https:\/\/now-news.de\/de\/wp-json\/wp\/v2\/media?parent=35909"}],"wp:term":[{"taxonomy":"category","embeddable":true,"href":"https:\/\/now-news.de\/de\/wp-json\/wp\/v2\/categories?post=35909"},{"taxonomy":"post_tag","embeddable":true,"href":"https:\/\/now-news.de\/de\/wp-json\/wp\/v2\/tags?post=35909"}],"curies":[{"name":"wp","href":"https:\/\/api.w.org\/{rel}","templated":true}]}}