{"id":35891,"date":"2023-05-11T21:50:35","date_gmt":"2023-05-11T19:50:35","guid":{"rendered":"http:\/\/just-now.news\/de\/deutschland\/pakistan-oberstes-gericht-ordnet-die-freilassung-von-ex-premier-imran-khan-an\/"},"modified":"2023-05-11T21:50:35","modified_gmt":"2023-05-11T19:50:35","slug":"pakistan-oberstes-gericht-ordnet-die-freilassung-von-ex-premier-imran-khan-an","status":"publish","type":"post","link":"https:\/\/now-news.de\/de\/deutschland\/pakistan-oberstes-gericht-ordnet-die-freilassung-von-ex-premier-imran-khan-an\/","title":{"rendered":"Pakistan: Oberstes Gericht ordnet die Freilassung von Ex-Premier Imran Khan an"},"content":{"rendered":"<p><img decoding=\"async\" src=\"http:\/\/just-now.news\/de\/wp-content\/uploads\/sites\/3\/2023\/05\/645d43abb480cc7b2e36df06.jpg\" \/><\/p>\n<div class=\"Text-root Text-type_1 \">\n                Nach Angaben der Anw\u00e4lte von Ex-Premier Imran Khan hat das Oberste Gericht in Pakistan die Freilassung des fr\u00fcheren Regierungschefs angeordnet. Der popul\u00e4re Oppositionsf\u00fchrer war am Dienstag unter gro\u00dfem Aufsehen aus einem Gericht in Islamabad abgef\u00fchrt worden.\n            <\/div>\n<p><\/p>\n<div class=\"Text-root Text-type_5 ArticleView-text ViewText-root \">\n<p>Das Oberste Gericht in Pakistan hat nach Angaben der Anw\u00e4lte von Ex-Premier Imran Khan die Freilassung des fr\u00fcheren Regierungschefs angeordnet. Das Gericht habe die Verhaftung Khans f\u00fcr illegal erkl\u00e4rt, sagte der Anwalt Babar Awan nach einer Verhandlung im Gerichtsgeb\u00e4ude zu lokalen Fernsehsendern. Eine offizielle Mitteilung des Obersten Gerichts gab es wie in solchen F\u00e4llen \u00fcblich nicht.<\/p>\n<p>Khan soll nach Angaben seiner Anw\u00e4lte am Freitag vor dem Obersten Gericht in Islamabad erscheinen und bis dahin in Polizeigewahrsam bleiben. Der popul\u00e4re Oppositionsf\u00fchrer war am Dienstag unter gro\u00dfem Aufsehen aus einem Gericht in der pakistanischen Hauptstadt abgef\u00fchrt worden. Am Mittwoch wurde er wegen des mutma\u00dflichen Diebstahls von Staatsgeschenken angeklagt.<\/p>\n<p>Wie der Sprecher von Khans Partei PTI, Ahmed Jamjua, der <em>Deutschen Presse-Agentur<\/em> mitteilte, feierten PTI-Mitglieder nach der Verk\u00fcndung des Obersten Gerichts in mehreren St\u00e4dten auf den Stra\u00dfen. &#8220;Wir haben unseren Protest in Jubel verwandelt&#8221;, sagte Jamjua. &#8220;Wir haben Gerechtigkeit f\u00fcr unseren Anf\u00fchrer erlangt.&#8221;<\/p>\n<p>Khans Verhaftung hatte zu Ausschreitungen in mehreren St\u00e4dten des Landes gef\u00fchrt. Tausende seiner Anh\u00e4nger demonstrierten f\u00fcr seine Freilassung. Infolgedessen kam es zu gewaltt\u00e4tigen Auseinandersetzungen mit den Sicherheitskr\u00e4ften. Laut Innenminister Rana Sanaullah kamen allein am Mittwoch acht Menschen ums Leben, mindestens 300 Personen wurden verletzt. Schulen und Universit\u00e4ten sind seit Mittwoch geschlossen. Gleichzeitig wurde das mobile Internet auf unbestimmte Zeit abgeschaltet sowie der Zugang zu Twitter, Facebook und YouTube blockiert.<\/p>\n<p>Menschenrechtsorganisationen sowie die UN hatten das gewaltsame Vorgehen der Sicherheitskr\u00e4fte gegen die Demonstranten kritisiert und die Protestierenden dazu aufgerufen, friedlich zu bleiben. Die Sperrung von Internetdiensten nannte Amnesty International eine &#8220;Verletzung des Rechts auf Informationsfreiheit und freie Meinungs\u00e4u\u00dferung&#8221;. Human Rights Watch sprach von einer &#8220;Verletzung von Grundrechten&#8221;.<\/p>\n<p>Im April 2022 war Khan durch ein Misstrauensvotum nach fast vier Jahren im Amt abgesetzt worden. Seitdem ging die Justiz mit immer neuen Vorw\u00fcrfe gegen ihn vor. Er muss sich in rund 100 F\u00e4llen vor Gericht verantworten. Bei den Vorw\u00fcrfen geht es um angebliche Korruption, Geldw\u00e4sche und Beleidigung einer Richterin. Khans Anh\u00e4nger sehen in den Ermittlungen den Versuch, seine R\u00fcckkehr an die\u00a0Macht bei den im Oktober anstehenden Wahlen zu verhindern, und sprechen von einem &#8220;Komplott der Armee&#8221;, die als die eigentliche Macht in Pakistan gilt.<\/p>\n<p><strong>Mehr zum Thema <\/strong>\u2013 <a rel=\"nofollow noopener\" target=\"_blank\" href=\"https:\/\/test.rtde.life\/kurzclips\/video\/169773-nach-verhaftung-pakistanischen-ex-premiers\/\">Nach Verhaftung des pakistanischen Ex-Premiers Imran Khan: Massenproteste im gesamten Land <\/a><\/p>\n<div class=\"EmbedBlock-root EmbedBlock-externalVideo EmbedBlock-vk\">\n<div class=\"VkEmbed\"><iframe class=\"lazyload\" data-src=\"https:\/\/vk.com\/video_ext.php?oid=-134310637&amp;id=456266751&amp;hash=6fcf4860dcf2bc4a\" frameborder=\"0\" width=\"853\" height=\"480\" allowfullscreen><\/iframe><\/div>\n<\/div>\n<\/div>\n<p><br \/>\n<br \/><a href=\"https:\/\/de.rt.com\/international\/169881-pakistan-oberstes-gericht-ordnet-freilassung\/\">Source link <\/a><\/p>\n","protected":false},"excerpt":{"rendered":"<p>Nach Angaben der Anw\u00e4lte von Ex-Premier Imran Khan hat das Oberste Gericht in Pakistan die Freilassung des fr\u00fcheren Regierungschefs angeordnet. Der popul\u00e4re Oppositionsf\u00fchrer war am Dienstag unter gro\u00dfem Aufsehen aus einem Gericht in Islamabad abgef\u00fchrt worden. Das Oberste Gericht in Pakistan hat nach Angaben der Anw\u00e4lte von Ex-Premier Imran Khan die Freilassung des fr\u00fcheren Regierungschefs [&hellip;]<\/p>\n","protected":false},"author":3,"featured_media":35892,"comment_status":"open","ping_status":"open","sticky":false,"template":"","format":"standard","meta":{"_yoast_indexnow_last_ping":["1683835625"],"wp_automatic_camp":["217"],"1a932d057ad0d98c2966c53c73947b8a":["Pakistan: Oberstes Gericht ordnet die Freilassung von Ex-Premier Imran Khan an"],"original_link":["https:\/\/de.rt.com\/international\/169881-pakistan-oberstes-gericht-ordnet-freilassung\/"],"_thumbnail_id":["35892"],"_wptgpro_p2tg_sent2tg":["a:1:{i:23737;s:19:\"2023-05-11 22:08:14\";}"],"jnews_social_counter_last_update":["1777258261"]},"categories":[19,23],"tags":[45,27279,18050,3348,4006,18034,25735,33121,1787,50],"yoast_head":"<!-- This site is optimized with the Yoast SEO Premium plugin v22.7 (Yoast SEO v22.7) - https:\/\/yoast.com\/wordpress\/plugins\/seo\/ -->\n<title>Pakistan: Oberstes Gericht ordnet die Freilassung von Ex-Premier Imran Khan an - just-now.NEWS Deutschland<\/title>\n<meta name=\"robots\" content=\"index, follow, max-snippet:-1, max-image-preview:large, max-video-preview:-1\" \/>\n<link rel=\"canonical\" href=\"https:\/\/now-news.de\/de\/deutschland\/pakistan-oberstes-gericht-ordnet-die-freilassung-von-ex-premier-imran-khan-an\/\" \/>\n<meta property=\"og:locale\" content=\"de_DE\" \/>\n<meta property=\"og:type\" content=\"article\" \/>\n<meta property=\"og:title\" content=\"Pakistan: Oberstes Gericht ordnet die Freilassung von Ex-Premier Imran Khan an\" \/>\n<meta property=\"og:description\" content=\"Nach Angaben der Anw\u00e4lte von Ex-Premier Imran Khan hat das Oberste Gericht in Pakistan die Freilassung des fr\u00fcheren Regierungschefs angeordnet. Der popul\u00e4re Oppositionsf\u00fchrer war am Dienstag unter gro\u00dfem Aufsehen aus einem Gericht in Islamabad abgef\u00fchrt worden. Das Oberste Gericht in Pakistan hat nach Angaben der Anw\u00e4lte von Ex-Premier Imran Khan die Freilassung des fr\u00fcheren Regierungschefs [&hellip;]\" \/>\n<meta property=\"og:url\" content=\"https:\/\/now-news.de\/de\/deutschland\/pakistan-oberstes-gericht-ordnet-die-freilassung-von-ex-premier-imran-khan-an\/\" \/>\n<meta property=\"og:site_name\" content=\"just-now.NEWS Deutschland\" \/>\n<meta property=\"article:publisher\" content=\"https:\/\/www.facebook.com\/wirmachenauf\" \/>\n<meta property=\"article:published_time\" content=\"2023-05-11T19:50:35+00:00\" \/>\n<meta property=\"og:image\" content=\"https:\/\/now-news.de\/de\/wp-content\/uploads\/sites\/3\/2023\/05\/Pakistan-Oberstes-Gericht-ordnet-die-Freilassung-von-Ex-Premier-Imran-Khan.jpg\" \/>\n\t<meta property=\"og:image:width\" content=\"460\" \/>\n\t<meta property=\"og:image:height\" content=\"259\" \/>\n\t<meta property=\"og:image:type\" content=\"image\/jpeg\" \/>\n<meta name=\"author\" content=\"rtnews\" \/>\n<meta name=\"twitter:card\" content=\"summary_large_image\" \/>\n<meta name=\"twitter:creator\" content=\"@WirMachenAuf_de\" \/>\n<meta name=\"twitter:site\" content=\"@WirMachenAuf_de\" \/>\n<meta name=\"twitter:label1\" content=\"Verfasst von\" \/>\n\t<meta name=\"twitter:data1\" content=\"rtnews\" \/>\n\t<meta name=\"twitter:label2\" content=\"Gesch\u00e4tzte Lesezeit\" \/>\n\t<meta name=\"twitter:data2\" content=\"2\u00a0Minuten\" \/>\n<script type=\"application\/ld+json\" class=\"yoast-schema-graph\">{\"@context\":\"https:\/\/schema.org\",\"@graph\":[{\"@type\":\"Article\",\"@id\":\"https:\/\/now-news.de\/de\/deutschland\/pakistan-oberstes-gericht-ordnet-die-freilassung-von-ex-premier-imran-khan-an\/#article\",\"isPartOf\":{\"@id\":\"https:\/\/now-news.de\/de\/deutschland\/pakistan-oberstes-gericht-ordnet-die-freilassung-von-ex-premier-imran-khan-an\/\"},\"author\":{\"name\":\"rtnews\",\"@id\":\"https:\/\/now-news.de\/de\/#\/schema\/person\/fb534a4e865501d8b3285208df34a9b5\"},\"headline\":\"Pakistan: Oberstes Gericht ordnet die Freilassung von Ex-Premier Imran Khan an\",\"datePublished\":\"2023-05-11T19:50:35+00:00\",\"dateModified\":\"2023-05-11T19:50:35+00:00\",\"mainEntityOfPage\":{\"@id\":\"https:\/\/now-news.de\/de\/deutschland\/pakistan-oberstes-gericht-ordnet-die-freilassung-von-ex-premier-imran-khan-an\/\"},\"wordCount\":451,\"commentCount\":0,\"publisher\":{\"@id\":\"https:\/\/now-news.de\/de\/#organization\"},\"image\":{\"@id\":\"https:\/\/now-news.de\/de\/deutschland\/pakistan-oberstes-gericht-ordnet-die-freilassung-von-ex-premier-imran-khan-an\/#primaryimage\"},\"thumbnailUrl\":\"https:\/\/now-news.de\/de\/wp-content\/uploads\/sites\/3\/2023\/05\/Pakistan-Oberstes-Gericht-ordnet-die-Freilassung-von-Ex-Premier-Imran-Khan.jpg\",\"keywords\":[\"die\",\"ExPremier\",\"Freilassung\",\"Gericht\",\"IMRAN\",\"Khan\",\"Oberstes\",\"ordnet\",\"Pakistan\",\"von\"],\"articleSection\":[\"Deutschland\",\"Russland\"],\"inLanguage\":\"de\",\"potentialAction\":[{\"@type\":\"CommentAction\",\"name\":\"Comment\",\"target\":[\"https:\/\/now-news.de\/de\/deutschland\/pakistan-oberstes-gericht-ordnet-die-freilassung-von-ex-premier-imran-khan-an\/#respond\"]}]},{\"@type\":\"WebPage\",\"@id\":\"https:\/\/now-news.de\/de\/deutschland\/pakistan-oberstes-gericht-ordnet-die-freilassung-von-ex-premier-imran-khan-an\/\",\"url\":\"https:\/\/now-news.de\/de\/deutschland\/pakistan-oberstes-gericht-ordnet-die-freilassung-von-ex-premier-imran-khan-an\/\",\"name\":\"Pakistan: Oberstes Gericht ordnet die Freilassung von Ex-Premier Imran Khan an - just-now.NEWS Deutschland\",\"isPartOf\":{\"@id\":\"https:\/\/now-news.de\/de\/#website\"},\"primaryImageOfPage\":{\"@id\":\"https:\/\/now-news.de\/de\/deutschland\/pakistan-oberstes-gericht-ordnet-die-freilassung-von-ex-premier-imran-khan-an\/#primaryimage\"},\"image\":{\"@id\":\"https:\/\/now-news.de\/de\/deutschland\/pakistan-oberstes-gericht-ordnet-die-freilassung-von-ex-premier-imran-khan-an\/#primaryimage\"},\"thumbnailUrl\":\"https:\/\/now-news.de\/de\/wp-content\/uploads\/sites\/3\/2023\/05\/Pakistan-Oberstes-Gericht-ordnet-die-Freilassung-von-Ex-Premier-Imran-Khan.jpg\",\"datePublished\":\"2023-05-11T19:50:35+00:00\",\"dateModified\":\"2023-05-11T19:50:35+00:00\",\"breadcrumb\":{\"@id\":\"https:\/\/now-news.de\/de\/deutschland\/pakistan-oberstes-gericht-ordnet-die-freilassung-von-ex-premier-imran-khan-an\/#breadcrumb\"},\"inLanguage\":\"de\",\"potentialAction\":[{\"@type\":\"ReadAction\",\"target\":[\"https:\/\/now-news.de\/de\/deutschland\/pakistan-oberstes-gericht-ordnet-die-freilassung-von-ex-premier-imran-khan-an\/\"]}]},{\"@type\":\"ImageObject\",\"inLanguage\":\"de\",\"@id\":\"https:\/\/now-news.de\/de\/deutschland\/pakistan-oberstes-gericht-ordnet-die-freilassung-von-ex-premier-imran-khan-an\/#primaryimage\",\"url\":\"https:\/\/now-news.de\/de\/wp-content\/uploads\/sites\/3\/2023\/05\/Pakistan-Oberstes-Gericht-ordnet-die-Freilassung-von-Ex-Premier-Imran-Khan.jpg\",\"contentUrl\":\"https:\/\/now-news.de\/de\/wp-content\/uploads\/sites\/3\/2023\/05\/Pakistan-Oberstes-Gericht-ordnet-die-Freilassung-von-Ex-Premier-Imran-Khan.jpg\",\"width\":460,\"height\":259,\"caption\":\"Pakistan: Oberstes Gericht ordnet die Freilassung von Ex-Premier Imran Khan an\"},{\"@type\":\"BreadcrumbList\",\"@id\":\"https:\/\/now-news.de\/de\/deutschland\/pakistan-oberstes-gericht-ordnet-die-freilassung-von-ex-premier-imran-khan-an\/#breadcrumb\",\"itemListElement\":[{\"@type\":\"ListItem\",\"position\":1,\"name\":\"Home\",\"item\":\"https:\/\/now-news.de\/de\/\"},{\"@type\":\"ListItem\",\"position\":2,\"name\":\"Pakistan: Oberstes Gericht ordnet die Freilassung von Ex-Premier Imran Khan an\"}]},{\"@type\":\"WebSite\",\"@id\":\"https:\/\/now-news.de\/de\/#website\",\"url\":\"https:\/\/now-news.de\/de\/\",\"name\":\"just-now.NEWS Deutschland\",\"description\":\"Das Portal f\u00fcr unzensierte Nachrichten aus der Welt\",\"publisher\":{\"@id\":\"https:\/\/now-news.de\/de\/#organization\"},\"potentialAction\":[{\"@type\":\"SearchAction\",\"target\":{\"@type\":\"EntryPoint\",\"urlTemplate\":\"https:\/\/now-news.de\/de\/?s={search_term_string}\"},\"query-input\":\"required name=search_term_string\"}],\"inLanguage\":\"de\"},{\"@type\":\"Organization\",\"@id\":\"https:\/\/now-news.de\/de\/#organization\",\"name\":\"Just Now News\",\"url\":\"https:\/\/now-news.de\/de\/\",\"logo\":{\"@type\":\"ImageObject\",\"inLanguage\":\"de\",\"@id\":\"https:\/\/now-news.de\/de\/#\/schema\/logo\/image\/\",\"url\":\"http:\/\/just-now.news\/de\/wp-content\/uploads\/sites\/3\/2022\/04\/logo500x500.jpg\",\"contentUrl\":\"http:\/\/just-now.news\/de\/wp-content\/uploads\/sites\/3\/2022\/04\/logo500x500.jpg\",\"width\":500,\"height\":500,\"caption\":\"Just Now News\"},\"image\":{\"@id\":\"https:\/\/now-news.de\/de\/#\/schema\/logo\/image\/\"},\"sameAs\":[\"https:\/\/www.facebook.com\/wirmachenauf\",\"https:\/\/x.com\/WirMachenAuf_de\"]},{\"@type\":\"Person\",\"@id\":\"https:\/\/now-news.de\/de\/#\/schema\/person\/fb534a4e865501d8b3285208df34a9b5\",\"name\":\"rtnews\",\"image\":{\"@type\":\"ImageObject\",\"inLanguage\":\"de\",\"@id\":\"https:\/\/now-news.de\/de\/#\/schema\/person\/image\/\",\"url\":\"https:\/\/secure.gravatar.com\/avatar\/82aafea7d8127119dd649515f56e2117?s=96&d=mm&r=g\",\"contentUrl\":\"https:\/\/secure.gravatar.com\/avatar\/82aafea7d8127119dd649515f56e2117?s=96&d=mm&r=g\",\"caption\":\"rtnews\"},\"url\":\"https:\/\/now-news.de\/de\/author\/rnews\/\"}]}<\/script>\n<!-- \/ Yoast SEO Premium plugin. -->","yoast_head_json":{"title":"Pakistan: Oberstes Gericht ordnet die Freilassung von Ex-Premier Imran Khan an - just-now.NEWS Deutschland","robots":{"index":"index","follow":"follow","max-snippet":"max-snippet:-1","max-image-preview":"max-image-preview:large","max-video-preview":"max-video-preview:-1"},"canonical":"https:\/\/now-news.de\/de\/deutschland\/pakistan-oberstes-gericht-ordnet-die-freilassung-von-ex-premier-imran-khan-an\/","og_locale":"de_DE","og_type":"article","og_title":"Pakistan: Oberstes Gericht ordnet die Freilassung von Ex-Premier Imran Khan an","og_description":"Nach Angaben der Anw\u00e4lte von Ex-Premier Imran Khan hat das Oberste Gericht in Pakistan die Freilassung des fr\u00fcheren Regierungschefs angeordnet. Der popul\u00e4re Oppositionsf\u00fchrer war am Dienstag unter gro\u00dfem Aufsehen aus einem Gericht in Islamabad abgef\u00fchrt worden. Das Oberste Gericht in Pakistan hat nach Angaben der Anw\u00e4lte von Ex-Premier Imran Khan die Freilassung des fr\u00fcheren Regierungschefs [&hellip;]","og_url":"https:\/\/now-news.de\/de\/deutschland\/pakistan-oberstes-gericht-ordnet-die-freilassung-von-ex-premier-imran-khan-an\/","og_site_name":"just-now.NEWS Deutschland","article_publisher":"https:\/\/www.facebook.com\/wirmachenauf","article_published_time":"2023-05-11T19:50:35+00:00","og_image":[{"width":460,"height":259,"url":"https:\/\/now-news.de\/de\/wp-content\/uploads\/sites\/3\/2023\/05\/Pakistan-Oberstes-Gericht-ordnet-die-Freilassung-von-Ex-Premier-Imran-Khan.jpg","type":"image\/jpeg"}],"author":"rtnews","twitter_card":"summary_large_image","twitter_creator":"@WirMachenAuf_de","twitter_site":"@WirMachenAuf_de","twitter_misc":{"Verfasst von":"rtnews","Gesch\u00e4tzte Lesezeit":"2\u00a0Minuten"},"schema":{"@context":"https:\/\/schema.org","@graph":[{"@type":"Article","@id":"https:\/\/now-news.de\/de\/deutschland\/pakistan-oberstes-gericht-ordnet-die-freilassung-von-ex-premier-imran-khan-an\/#article","isPartOf":{"@id":"https:\/\/now-news.de\/de\/deutschland\/pakistan-oberstes-gericht-ordnet-die-freilassung-von-ex-premier-imran-khan-an\/"},"author":{"name":"rtnews","@id":"https:\/\/now-news.de\/de\/#\/schema\/person\/fb534a4e865501d8b3285208df34a9b5"},"headline":"Pakistan: Oberstes Gericht ordnet die Freilassung von Ex-Premier Imran Khan an","datePublished":"2023-05-11T19:50:35+00:00","dateModified":"2023-05-11T19:50:35+00:00","mainEntityOfPage":{"@id":"https:\/\/now-news.de\/de\/deutschland\/pakistan-oberstes-gericht-ordnet-die-freilassung-von-ex-premier-imran-khan-an\/"},"wordCount":451,"commentCount":0,"publisher":{"@id":"https:\/\/now-news.de\/de\/#organization"},"image":{"@id":"https:\/\/now-news.de\/de\/deutschland\/pakistan-oberstes-gericht-ordnet-die-freilassung-von-ex-premier-imran-khan-an\/#primaryimage"},"thumbnailUrl":"https:\/\/now-news.de\/de\/wp-content\/uploads\/sites\/3\/2023\/05\/Pakistan-Oberstes-Gericht-ordnet-die-Freilassung-von-Ex-Premier-Imran-Khan.jpg","keywords":["die","ExPremier","Freilassung","Gericht","IMRAN","Khan","Oberstes","ordnet","Pakistan","von"],"articleSection":["Deutschland","Russland"],"inLanguage":"de","potentialAction":[{"@type":"CommentAction","name":"Comment","target":["https:\/\/now-news.de\/de\/deutschland\/pakistan-oberstes-gericht-ordnet-die-freilassung-von-ex-premier-imran-khan-an\/#respond"]}]},{"@type":"WebPage","@id":"https:\/\/now-news.de\/de\/deutschland\/pakistan-oberstes-gericht-ordnet-die-freilassung-von-ex-premier-imran-khan-an\/","url":"https:\/\/now-news.de\/de\/deutschland\/pakistan-oberstes-gericht-ordnet-die-freilassung-von-ex-premier-imran-khan-an\/","name":"Pakistan: Oberstes Gericht ordnet die Freilassung von Ex-Premier Imran Khan an - just-now.NEWS Deutschland","isPartOf":{"@id":"https:\/\/now-news.de\/de\/#website"},"primaryImageOfPage":{"@id":"https:\/\/now-news.de\/de\/deutschland\/pakistan-oberstes-gericht-ordnet-die-freilassung-von-ex-premier-imran-khan-an\/#primaryimage"},"image":{"@id":"https:\/\/now-news.de\/de\/deutschland\/pakistan-oberstes-gericht-ordnet-die-freilassung-von-ex-premier-imran-khan-an\/#primaryimage"},"thumbnailUrl":"https:\/\/now-news.de\/de\/wp-content\/uploads\/sites\/3\/2023\/05\/Pakistan-Oberstes-Gericht-ordnet-die-Freilassung-von-Ex-Premier-Imran-Khan.jpg","datePublished":"2023-05-11T19:50:35+00:00","dateModified":"2023-05-11T19:50:35+00:00","breadcrumb":{"@id":"https:\/\/now-news.de\/de\/deutschland\/pakistan-oberstes-gericht-ordnet-die-freilassung-von-ex-premier-imran-khan-an\/#breadcrumb"},"inLanguage":"de","potentialAction":[{"@type":"ReadAction","target":["https:\/\/now-news.de\/de\/deutschland\/pakistan-oberstes-gericht-ordnet-die-freilassung-von-ex-premier-imran-khan-an\/"]}]},{"@type":"ImageObject","inLanguage":"de","@id":"https:\/\/now-news.de\/de\/deutschland\/pakistan-oberstes-gericht-ordnet-die-freilassung-von-ex-premier-imran-khan-an\/#primaryimage","url":"https:\/\/now-news.de\/de\/wp-content\/uploads\/sites\/3\/2023\/05\/Pakistan-Oberstes-Gericht-ordnet-die-Freilassung-von-Ex-Premier-Imran-Khan.jpg","contentUrl":"https:\/\/now-news.de\/de\/wp-content\/uploads\/sites\/3\/2023\/05\/Pakistan-Oberstes-Gericht-ordnet-die-Freilassung-von-Ex-Premier-Imran-Khan.jpg","width":460,"height":259,"caption":"Pakistan: Oberstes Gericht ordnet die Freilassung von Ex-Premier Imran Khan an"},{"@type":"BreadcrumbList","@id":"https:\/\/now-news.de\/de\/deutschland\/pakistan-oberstes-gericht-ordnet-die-freilassung-von-ex-premier-imran-khan-an\/#breadcrumb","itemListElement":[{"@type":"ListItem","position":1,"name":"Home","item":"https:\/\/now-news.de\/de\/"},{"@type":"ListItem","position":2,"name":"Pakistan: Oberstes Gericht ordnet die Freilassung von Ex-Premier Imran Khan an"}]},{"@type":"WebSite","@id":"https:\/\/now-news.de\/de\/#website","url":"https:\/\/now-news.de\/de\/","name":"just-now.NEWS Deutschland","description":"Das Portal f\u00fcr unzensierte Nachrichten aus der Welt","publisher":{"@id":"https:\/\/now-news.de\/de\/#organization"},"potentialAction":[{"@type":"SearchAction","target":{"@type":"EntryPoint","urlTemplate":"https:\/\/now-news.de\/de\/?s={search_term_string}"},"query-input":"required name=search_term_string"}],"inLanguage":"de"},{"@type":"Organization","@id":"https:\/\/now-news.de\/de\/#organization","name":"Just Now News","url":"https:\/\/now-news.de\/de\/","logo":{"@type":"ImageObject","inLanguage":"de","@id":"https:\/\/now-news.de\/de\/#\/schema\/logo\/image\/","url":"http:\/\/just-now.news\/de\/wp-content\/uploads\/sites\/3\/2022\/04\/logo500x500.jpg","contentUrl":"http:\/\/just-now.news\/de\/wp-content\/uploads\/sites\/3\/2022\/04\/logo500x500.jpg","width":500,"height":500,"caption":"Just Now News"},"image":{"@id":"https:\/\/now-news.de\/de\/#\/schema\/logo\/image\/"},"sameAs":["https:\/\/www.facebook.com\/wirmachenauf","https:\/\/x.com\/WirMachenAuf_de"]},{"@type":"Person","@id":"https:\/\/now-news.de\/de\/#\/schema\/person\/fb534a4e865501d8b3285208df34a9b5","name":"rtnews","image":{"@type":"ImageObject","inLanguage":"de","@id":"https:\/\/now-news.de\/de\/#\/schema\/person\/image\/","url":"https:\/\/secure.gravatar.com\/avatar\/82aafea7d8127119dd649515f56e2117?s=96&d=mm&r=g","contentUrl":"https:\/\/secure.gravatar.com\/avatar\/82aafea7d8127119dd649515f56e2117?s=96&d=mm&r=g","caption":"rtnews"},"url":"https:\/\/now-news.de\/de\/author\/rnews\/"}]}},"_links":{"self":[{"href":"https:\/\/now-news.de\/de\/wp-json\/wp\/v2\/posts\/35891"}],"collection":[{"href":"https:\/\/now-news.de\/de\/wp-json\/wp\/v2\/posts"}],"about":[{"href":"https:\/\/now-news.de\/de\/wp-json\/wp\/v2\/types\/post"}],"author":[{"embeddable":true,"href":"https:\/\/now-news.de\/de\/wp-json\/wp\/v2\/users\/3"}],"replies":[{"embeddable":true,"href":"https:\/\/now-news.de\/de\/wp-json\/wp\/v2\/comments?post=35891"}],"version-history":[{"count":0,"href":"https:\/\/now-news.de\/de\/wp-json\/wp\/v2\/posts\/35891\/revisions"}],"wp:featuredmedia":[{"embeddable":true,"href":"https:\/\/now-news.de\/de\/wp-json\/wp\/v2\/media\/35892"}],"wp:attachment":[{"href":"https:\/\/now-news.de\/de\/wp-json\/wp\/v2\/media?parent=35891"}],"wp:term":[{"taxonomy":"category","embeddable":true,"href":"https:\/\/now-news.de\/de\/wp-json\/wp\/v2\/categories?post=35891"},{"taxonomy":"post_tag","embeddable":true,"href":"https:\/\/now-news.de\/de\/wp-json\/wp\/v2\/tags?post=35891"}],"curies":[{"name":"wp","href":"https:\/\/api.w.org\/{rel}","templated":true}]}}